{"id":114862,"date":"2024-11-10T12:34:53","date_gmt":"2024-11-10T11:34:53","guid":{"rendered":"https:\/\/www.iemj.org\/fonds-adolphe-attia\/"},"modified":"2024-11-10T17:23:01","modified_gmt":"2024-11-10T16:23:01","slug":"fonds-adolphe-attia","status":"publish","type":"post","link":"https:\/\/www.iemj.org\/de\/fonds-adolphe-attia\/","title":{"rendered":"Adolphe Attia-Fonds"},"content":{"rendered":"<p><a href=\"https:\/\/www.iemj.org\/de\/attia-adolphe-1937\/\" target=\"_blank\" rel=\"noopener\">Adolphe Attia<\/a> war 53 Jahre lang (von 1961 bis 2014) Kantor der Grande Synagogue de la Victoire und trat mehrere Jahrzehnte lang im franz\u00f6sischen Rundfunk auf &#8211; insbesondere in der Sendung <em>Kol Israel<\/em> von <a href=\"https:\/\/www.iemj.org\/de\/algazi-leon-1890-1971\/\" target=\"_blank\" rel=\"noopener\">L\u00e9on Algazi<\/a>, in der er die Nachfolge von Emile Ka\u00e7mann als Solist antrat &#8211; sowie in zahlreichen Konzerten in Frankreich und im Ausland. Er hat mehrere CDs aufgenommen, die ihn zu einer Referenz f\u00fcr aschkenasische liturgische Musik in Frankreich gemacht haben.<\/p>\n<p>Das Archiv \u00fcber Adolphe Attia umfasst mehr als 250 Dokumente aller Art, die haupts\u00e4chlich zwischen 2010 und 2023 gesammelt wurden.<\/p>\n<p>Darunter befinden sich unter anderem:<\/p>\n<p>&#8211; zahlreiche Audioaufnahmen von Konzerten, Schallplatten, aber auch Lernkassetten f\u00fcr die aschkenasische Siegesliturgie.<br \/>&#8211; Partituren<br \/>&#8211; Fotos, Poster und Konzertprogramme, die seine Karriere nachzeichnen.<\/p>\n<p>Im Juli 2023 \u00fcbergab Adolphe Attia dem IEMJ eine Reihe neuer Dokumente (u. a. Fotos, Konzertprogramme und -plakate), die Anfang 2024 digitalisiert wurden.<\/p>\n<h2>\u21d2 <a href=\"http:\/\/www.rachelnet.net\/F\/?func=find-c&amp;ccl_term=WRD+%3D+Attia&amp;local_base=iemcg\" target=\"_blank\" rel=\"noopener\"><strong>Adolphe Attia Archiv ansehen.<\/strong><\/a><\/h2>\n<ul>\n<li><a href=\"https:\/\/www.iemj.org\/de\/attia-adolphe-1937\/\" target=\"_blank\" rel=\"noopener\">Sehen Sie sich die Biografie von Adolphe Attia an.<\/a><\/li>\n<li><a href=\"https:\/\/www.iemj.org\/de\/adolphe-attia-50-ans-de-hazanout-en-france\/\" target=\"_blank\" rel=\"noopener\">Sehen Sie sich das Video <em>Adolphe Attia, 50 Jahre Hazzanout in Frankreich an.<\/em><\/a><\/li>\n<li><a href=\"https:\/\/www.iemj.org\/de\/produit\/musiques-judeo-francaises-des-xviiie-et-xixe-siecles\/\" target=\"_blank\" rel=\"noopener\">Bestellen Sie die CD Jud\u00e4o-Franz\u00f6sische Musik des 18. und 19. Jahrhunderts.<\/a><\/li>\n<li><a href=\"https:\/\/www.iemj.org\/de\/produit\/musiques-de-la-synagogue-de-bordeaux\/\" target=\"_blank\" rel=\"noopener\">Bestellen Sie die CD Musik der Synagoge von Bordeaux &#8211; portugiesischer Ritus.<\/a><\/li>\n<\/ul>\n\n\n<p><\/p>\n\n\n\n<figure class=\"wp-block-gallery has-nested-images columns-default is-cropped wp-block-gallery-1 is-layout-flex wp-block-gallery-is-layout-flex\">\n<figure class=\"wp-block-image size-large\"><img fetchpriority=\"high\" decoding=\"async\" width=\"545\" height=\"800\" data-id=\"114824\" src=\"https:\/\/www.iemj.org\/wp-content\/uploads\/2024\/11\/A_1726_VIG_Affiche-de-concert-1986-a-La-Victoire.jpg\" alt=\"\" class=\"wp-image-114824\" srcset=\"https:\/\/www.iemj.org\/wp-content\/uploads\/2024\/11\/A_1726_VIG_Affiche-de-concert-1986-a-La-Victoire.jpg 545w, https:\/\/www.iemj.org\/wp-content\/uploads\/2024\/11\/A_1726_VIG_Affiche-de-concert-1986-a-La-Victoire-204x300.jpg 204w\" sizes=\"(max-width: 545px) 100vw, 545px\" \/><\/figure>\n\n\n\n<figure class=\"wp-block-image size-full\"><img decoding=\"async\" width=\"528\" height=\"800\" data-id=\"114823\" src=\"https:\/\/www.iemj.org\/wp-content\/uploads\/2024\/11\/A_1993_VIG_Affiche-concert-synagogue-de-lyon-2006.jpg\" alt=\"\" class=\"wp-image-114823\" srcset=\"https:\/\/www.iemj.org\/wp-content\/uploads\/2024\/11\/A_1993_VIG_Affiche-concert-synagogue-de-lyon-2006.jpg 528w, https:\/\/www.iemj.org\/wp-content\/uploads\/2024\/11\/A_1993_VIG_Affiche-concert-synagogue-de-lyon-2006-198x300.jpg 198w\" sizes=\"(max-width: 528px) 100vw, 528px\" \/><\/figure>\n\n\n\n<figure class=\"wp-block-image size-large\"><img decoding=\"async\" width=\"596\" height=\"800\" data-id=\"114829\" src=\"https:\/\/www.iemj.org\/wp-content\/uploads\/2024\/11\/A_1996_VIG_Affiche-Festival-chants-traditionnels-juifs.jpg\" alt=\"\" class=\"wp-image-114829\" srcset=\"https:\/\/www.iemj.org\/wp-content\/uploads\/2024\/11\/A_1996_VIG_Affiche-Festival-chants-traditionnels-juifs.jpg 596w, https:\/\/www.iemj.org\/wp-content\/uploads\/2024\/11\/A_1996_VIG_Affiche-Festival-chants-traditionnels-juifs-224x300.jpg 224w\" sizes=\"(max-width: 596px) 100vw, 596px\" \/><\/figure>\n<\/figure>\n\n\n\n<figure class=\"wp-block-gallery has-nested-images columns-default is-cropped wp-block-gallery-2 is-layout-flex wp-block-gallery-is-layout-flex\">\n<figure class=\"wp-block-image size-large\"><img loading=\"lazy\" decoding=\"async\" width=\"800\" height=\"792\" data-id=\"114836\" src=\"https:\/\/www.iemj.org\/wp-content\/uploads\/2024\/11\/CD_127_VIG_Musique-liturgique-juive.jpg\" alt=\"\" class=\"wp-image-114836\" srcset=\"https:\/\/www.iemj.org\/wp-content\/uploads\/2024\/11\/CD_127_VIG_Musique-liturgique-juive.jpg 800w, https:\/\/www.iemj.org\/wp-content\/uploads\/2024\/11\/CD_127_VIG_Musique-liturgique-juive-300x297.jpg 300w, https:\/\/www.iemj.org\/wp-content\/uploads\/2024\/11\/CD_127_VIG_Musique-liturgique-juive-150x150.jpg 150w, https:\/\/www.iemj.org\/wp-content\/uploads\/2024\/11\/CD_127_VIG_Musique-liturgique-juive-768x760.jpg 768w, https:\/\/www.iemj.org\/wp-content\/uploads\/2024\/11\/CD_127_VIG_Musique-liturgique-juive-600x594.jpg 600w, https:\/\/www.iemj.org\/wp-content\/uploads\/2024\/11\/CD_127_VIG_Musique-liturgique-juive-100x100.jpg 100w\" sizes=\"(max-width: 800px) 100vw, 800px\" \/><\/figure>\n\n\n\n<figure class=\"wp-block-image size-full\"><img loading=\"lazy\" decoding=\"async\" width=\"800\" height=\"782\" data-id=\"114835\" src=\"https:\/\/www.iemj.org\/wp-content\/uploads\/2024\/11\/CD_129_VIG_Chants-de-la-Synagogue.jpg\" alt=\"\" class=\"wp-image-114835\" srcset=\"https:\/\/www.iemj.org\/wp-content\/uploads\/2024\/11\/CD_129_VIG_Chants-de-la-Synagogue.jpg 800w, https:\/\/www.iemj.org\/wp-content\/uploads\/2024\/11\/CD_129_VIG_Chants-de-la-Synagogue-300x293.jpg 300w, https:\/\/www.iemj.org\/wp-content\/uploads\/2024\/11\/CD_129_VIG_Chants-de-la-Synagogue-768x751.jpg 768w, https:\/\/www.iemj.org\/wp-content\/uploads\/2024\/11\/CD_129_VIG_Chants-de-la-Synagogue-600x587.jpg 600w\" sizes=\"(max-width: 800px) 100vw, 800px\" \/><\/figure>\n\n\n\n<figure class=\"wp-block-image size-full\"><img loading=\"lazy\" decoding=\"async\" width=\"794\" height=\"688\" data-id=\"114834\" src=\"https:\/\/www.iemj.org\/wp-content\/uploads\/2024\/11\/CD_1656_VIG_Concerto-pour-13-voix.jpg\" alt=\"\" class=\"wp-image-114834\" srcset=\"https:\/\/www.iemj.org\/wp-content\/uploads\/2024\/11\/CD_1656_VIG_Concerto-pour-13-voix.jpg 794w, https:\/\/www.iemj.org\/wp-content\/uploads\/2024\/11\/CD_1656_VIG_Concerto-pour-13-voix-300x260.jpg 300w, https:\/\/www.iemj.org\/wp-content\/uploads\/2024\/11\/CD_1656_VIG_Concerto-pour-13-voix-768x665.jpg 768w, https:\/\/www.iemj.org\/wp-content\/uploads\/2024\/11\/CD_1656_VIG_Concerto-pour-13-voix-600x520.jpg 600w\" sizes=\"(max-width: 794px) 100vw, 794px\" \/><\/figure>\n<\/figure>\n\n\n\n<p><\/p>\n\n\n\n<figure class=\"wp-block-gallery has-nested-images columns-default is-cropped wp-block-gallery-3 is-layout-flex wp-block-gallery-is-layout-flex\">\n<figure class=\"wp-block-image size-full\"><img loading=\"lazy\" decoding=\"async\" width=\"800\" height=\"539\" data-id=\"114842\" src=\"https:\/\/www.iemj.org\/wp-content\/uploads\/2024\/11\/I_462_VIG_Attia-avec-gd-rabbin-Sitruc.jpg\" alt=\"\" class=\"wp-image-114842\" srcset=\"https:\/\/www.iemj.org\/wp-content\/uploads\/2024\/11\/I_462_VIG_Attia-avec-gd-rabbin-Sitruc.jpg 800w, https:\/\/www.iemj.org\/wp-content\/uploads\/2024\/11\/I_462_VIG_Attia-avec-gd-rabbin-Sitruc-300x202.jpg 300w, https:\/\/www.iemj.org\/wp-content\/uploads\/2024\/11\/I_462_VIG_Attia-avec-gd-rabbin-Sitruc-768x517.jpg 768w, https:\/\/www.iemj.org\/wp-content\/uploads\/2024\/11\/I_462_VIG_Attia-avec-gd-rabbin-Sitruc-600x404.jpg 600w\" sizes=\"(max-width: 800px) 100vw, 800px\" \/><\/figure>\n\n\n\n<figure class=\"wp-block-image size-full\"><img loading=\"lazy\" decoding=\"async\" width=\"774\" height=\"600\" data-id=\"114843\" src=\"https:\/\/www.iemj.org\/wp-content\/uploads\/2024\/11\/I_463_VIG_Concert-a-la-syna-de-Versaille-avec-Attia-Benhamou-et-Jasner.jpg\" alt=\"\" class=\"wp-image-114843\" srcset=\"https:\/\/www.iemj.org\/wp-content\/uploads\/2024\/11\/I_463_VIG_Concert-a-la-syna-de-Versaille-avec-Attia-Benhamou-et-Jasner.jpg 774w, https:\/\/www.iemj.org\/wp-content\/uploads\/2024\/11\/I_463_VIG_Concert-a-la-syna-de-Versaille-avec-Attia-Benhamou-et-Jasner-300x233.jpg 300w, https:\/\/www.iemj.org\/wp-content\/uploads\/2024\/11\/I_463_VIG_Concert-a-la-syna-de-Versaille-avec-Attia-Benhamou-et-Jasner-768x595.jpg 768w, https:\/\/www.iemj.org\/wp-content\/uploads\/2024\/11\/I_463_VIG_Concert-a-la-syna-de-Versaille-avec-Attia-Benhamou-et-Jasner-600x465.jpg 600w\" sizes=\"(max-width: 774px) 100vw, 774px\" \/><\/figure>\n<\/figure>\n\n\n\n<p><\/p>\n","protected":false},"excerpt":{"rendered":"<p>Adolphe Attia war 53 Jahre lang (von 1961 bis 2014) Kantor der Grande Synagogue de la Victoire und trat mehrere Jahrzehnte lang im franz\u00f6sischen Rundfunk auf &#8211; insbesondere in der<\/p>\n","protected":false},"author":5,"featured_media":114857,"comment_status":"closed","ping_status":"closed","sticky":false,"template":"","format":"standard","meta":{"_acf_changed":false,"footnotes":""},"categories":[1585],"tags":[],"technique":[],"squelettes":[],"sujet":[2107],"formation":[],"genre":[],"fonds":[],"tradition":[],"type-de-contenu":[],"interprete-compositeur":[],"frise":[],"type-devenement":[],"tableaux-liens-externes":[],"class_list":["post-114862","post","type-post","status-publish","format-standard","has-post-thumbnail","hentry","category-fonds-de","sujet-der-sanger-hazzan-de"],"acf":[],"yoast_head":"<!-- This site is optimized with the Yoast SEO plugin v27.3 - https:\/\/yoast.com\/product\/yoast-seo-wordpress\/ -->\n<title>Adolphe Attia-Fonds - Institut Europ\u00e9en des Musiques Juives<\/title>\n<meta name=\"robots\" content=\"index, follow, max-snippet:-1, max-image-preview:large, max-video-preview:-1\" \/>\n<link rel=\"canonical\" href=\"https:\/\/www.iemj.org\/de\/fonds-adolphe-attia\/\" \/>\n<meta property=\"og:locale\" content=\"de_DE\" \/>\n<meta property=\"og:type\" content=\"article\" \/>\n<meta property=\"og:title\" content=\"Adolphe Attia-Fonds - Institut Europ\u00e9en des Musiques Juives\" \/>\n<meta property=\"og:description\" content=\"Adolphe Attia war 53 Jahre lang (von 1961 bis 2014) Kantor der Grande Synagogue de la Victoire und trat mehrere Jahrzehnte lang im franz\u00f6sischen Rundfunk auf &#8211; insbesondere in der\" \/>\n<meta property=\"og:url\" content=\"https:\/\/www.iemj.org\/de\/fonds-adolphe-attia\/\" \/>\n<meta property=\"og:site_name\" content=\"Institut Europ\u00e9en des Musiques Juives\" \/>\n<meta property=\"article:publisher\" content=\"https:\/\/www.facebook.com\/MusiquesJuives\/\" \/>\n<meta property=\"article:published_time\" content=\"2024-11-10T11:34:53+00:00\" \/>\n<meta property=\"article:modified_time\" content=\"2024-11-10T16:23:01+00:00\" \/>\n<meta property=\"og:image\" content=\"https:\/\/www.iemj.org\/wp-content\/uploads\/2024\/11\/logo-1.jpg\" \/>\n\t<meta property=\"og:image:width\" content=\"500\" \/>\n\t<meta property=\"og:image:height\" content=\"500\" \/>\n\t<meta property=\"og:image:type\" content=\"image\/jpeg\" \/>\n<meta name=\"author\" content=\"Jacqueline ROTEN\" \/>\n<meta name=\"twitter:card\" content=\"summary_large_image\" \/>\n<meta name=\"twitter:label1\" content=\"Verfasst von\" \/>\n\t<meta name=\"twitter:data1\" content=\"Jacqueline ROTEN\" \/>\n\t<meta name=\"twitter:label2\" content=\"Gesch\u00e4tzte Lesezeit\" \/>\n\t<meta name=\"twitter:data2\" content=\"3\u00a0Minuten\" \/>\n<script type=\"application\/ld+json\" class=\"yoast-schema-graph\">{\"@context\":\"https:\\\/\\\/schema.org\",\"@graph\":[{\"@type\":\"Article\",\"@id\":\"https:\\\/\\\/www.iemj.org\\\/de\\\/fonds-adolphe-attia\\\/#article\",\"isPartOf\":{\"@id\":\"https:\\\/\\\/www.iemj.org\\\/de\\\/fonds-adolphe-attia\\\/\"},\"author\":{\"name\":\"Jacqueline ROTEN\",\"@id\":\"https:\\\/\\\/www.iemj.org\\\/de\\\/#\\\/schema\\\/person\\\/358e26c18aca017fcc4cc15437f7279c\"},\"headline\":\"Adolphe Attia-Fonds\",\"datePublished\":\"2024-11-10T11:34:53+00:00\",\"dateModified\":\"2024-11-10T16:23:01+00:00\",\"mainEntityOfPage\":{\"@id\":\"https:\\\/\\\/www.iemj.org\\\/de\\\/fonds-adolphe-attia\\\/\"},\"wordCount\":194,\"publisher\":{\"@id\":\"https:\\\/\\\/www.iemj.org\\\/de\\\/#organization\"},\"image\":{\"@id\":\"https:\\\/\\\/www.iemj.org\\\/de\\\/fonds-adolphe-attia\\\/#primaryimage\"},\"thumbnailUrl\":\"https:\\\/\\\/www.iemj.org\\\/wp-content\\\/uploads\\\/2024\\\/11\\\/logo-1.jpg\",\"articleSection\":[\"Fonds\"],\"inLanguage\":\"de\"},{\"@type\":\"WebPage\",\"@id\":\"https:\\\/\\\/www.iemj.org\\\/de\\\/fonds-adolphe-attia\\\/\",\"url\":\"https:\\\/\\\/www.iemj.org\\\/de\\\/fonds-adolphe-attia\\\/\",\"name\":\"Adolphe Attia-Fonds - Institut Europ\u00e9en des Musiques Juives\",\"isPartOf\":{\"@id\":\"https:\\\/\\\/www.iemj.org\\\/de\\\/#website\"},\"primaryImageOfPage\":{\"@id\":\"https:\\\/\\\/www.iemj.org\\\/de\\\/fonds-adolphe-attia\\\/#primaryimage\"},\"image\":{\"@id\":\"https:\\\/\\\/www.iemj.org\\\/de\\\/fonds-adolphe-attia\\\/#primaryimage\"},\"thumbnailUrl\":\"https:\\\/\\\/www.iemj.org\\\/wp-content\\\/uploads\\\/2024\\\/11\\\/logo-1.jpg\",\"datePublished\":\"2024-11-10T11:34:53+00:00\",\"dateModified\":\"2024-11-10T16:23:01+00:00\",\"breadcrumb\":{\"@id\":\"https:\\\/\\\/www.iemj.org\\\/de\\\/fonds-adolphe-attia\\\/#breadcrumb\"},\"inLanguage\":\"de\",\"potentialAction\":[{\"@type\":\"ReadAction\",\"target\":[\"https:\\\/\\\/www.iemj.org\\\/de\\\/fonds-adolphe-attia\\\/\"]}]},{\"@type\":\"ImageObject\",\"inLanguage\":\"de\",\"@id\":\"https:\\\/\\\/www.iemj.org\\\/de\\\/fonds-adolphe-attia\\\/#primaryimage\",\"url\":\"https:\\\/\\\/www.iemj.org\\\/wp-content\\\/uploads\\\/2024\\\/11\\\/logo-1.jpg\",\"contentUrl\":\"https:\\\/\\\/www.iemj.org\\\/wp-content\\\/uploads\\\/2024\\\/11\\\/logo-1.jpg\",\"width\":500,\"height\":500},{\"@type\":\"BreadcrumbList\",\"@id\":\"https:\\\/\\\/www.iemj.org\\\/de\\\/fonds-adolphe-attia\\\/#breadcrumb\",\"itemListElement\":[{\"@type\":\"ListItem\",\"position\":1,\"name\":\"Accueil\",\"item\":\"https:\\\/\\\/www.iemj.org\\\/de\\\/\"},{\"@type\":\"ListItem\",\"position\":2,\"name\":\"Adolphe Attia-Fonds\"}]},{\"@type\":\"WebSite\",\"@id\":\"https:\\\/\\\/www.iemj.org\\\/de\\\/#website\",\"url\":\"https:\\\/\\\/www.iemj.org\\\/de\\\/\",\"name\":\"Institut Europ\u00e9en des Musiques Juives\",\"description\":\"Des traditions musicales \u00e0 la port\u00e9e de tous\",\"publisher\":{\"@id\":\"https:\\\/\\\/www.iemj.org\\\/de\\\/#organization\"},\"potentialAction\":[{\"@type\":\"SearchAction\",\"target\":{\"@type\":\"EntryPoint\",\"urlTemplate\":\"https:\\\/\\\/www.iemj.org\\\/de\\\/?s={search_term_string}\"},\"query-input\":{\"@type\":\"PropertyValueSpecification\",\"valueRequired\":true,\"valueName\":\"search_term_string\"}}],\"inLanguage\":\"de\"},{\"@type\":\"Organization\",\"@id\":\"https:\\\/\\\/www.iemj.org\\\/de\\\/#organization\",\"name\":\"Institut Europ\u00e9en des Musiques Juives\",\"url\":\"https:\\\/\\\/www.iemj.org\\\/de\\\/\",\"logo\":{\"@type\":\"ImageObject\",\"inLanguage\":\"de\",\"@id\":\"https:\\\/\\\/www.iemj.org\\\/de\\\/#\\\/schema\\\/logo\\\/image\\\/\",\"url\":\"https:\\\/\\\/www.iemj.org\\\/wp-content\\\/uploads\\\/2021\\\/09\\\/Logo-IEMJ-Paypal.jpg\",\"contentUrl\":\"https:\\\/\\\/www.iemj.org\\\/wp-content\\\/uploads\\\/2021\\\/09\\\/Logo-IEMJ-Paypal.jpg\",\"width\":150,\"height\":50,\"caption\":\"Institut Europ\u00e9en des Musiques Juives\"},\"image\":{\"@id\":\"https:\\\/\\\/www.iemj.org\\\/de\\\/#\\\/schema\\\/logo\\\/image\\\/\"},\"sameAs\":[\"https:\\\/\\\/www.facebook.com\\\/MusiquesJuives\\\/\",\"https:\\\/\\\/www.instagram.com\\\/musiquesjuives\\\/\",\"https:\\\/\\\/www.youtube.com\\\/user\\\/musiquesjuives\"]},{\"@type\":\"Person\",\"@id\":\"https:\\\/\\\/www.iemj.org\\\/de\\\/#\\\/schema\\\/person\\\/358e26c18aca017fcc4cc15437f7279c\",\"name\":\"Jacqueline ROTEN\",\"image\":{\"@type\":\"ImageObject\",\"inLanguage\":\"de\",\"@id\":\"https:\\\/\\\/secure.gravatar.com\\\/avatar\\\/5964256d6c6957de3a3505278957e0fb2a35119ac47ea41827a65301213c810b?s=96&d=mm&r=g\",\"url\":\"https:\\\/\\\/secure.gravatar.com\\\/avatar\\\/5964256d6c6957de3a3505278957e0fb2a35119ac47ea41827a65301213c810b?s=96&d=mm&r=g\",\"contentUrl\":\"https:\\\/\\\/secure.gravatar.com\\\/avatar\\\/5964256d6c6957de3a3505278957e0fb2a35119ac47ea41827a65301213c810b?s=96&d=mm&r=g\",\"caption\":\"Jacqueline ROTEN\"}}]}<\/script>\n<!-- \/ Yoast SEO plugin. -->","yoast_head_json":{"title":"Adolphe Attia-Fonds - Institut Europ\u00e9en des Musiques Juives","robots":{"index":"index","follow":"follow","max-snippet":"max-snippet:-1","max-image-preview":"max-image-preview:large","max-video-preview":"max-video-preview:-1"},"canonical":"https:\/\/www.iemj.org\/de\/fonds-adolphe-attia\/","og_locale":"de_DE","og_type":"article","og_title":"Adolphe Attia-Fonds - Institut Europ\u00e9en des Musiques Juives","og_description":"Adolphe Attia war 53 Jahre lang (von 1961 bis 2014) Kantor der Grande Synagogue de la Victoire und trat mehrere Jahrzehnte lang im franz\u00f6sischen Rundfunk auf &#8211; insbesondere in der","og_url":"https:\/\/www.iemj.org\/de\/fonds-adolphe-attia\/","og_site_name":"Institut Europ\u00e9en des Musiques Juives","article_publisher":"https:\/\/www.facebook.com\/MusiquesJuives\/","article_published_time":"2024-11-10T11:34:53+00:00","article_modified_time":"2024-11-10T16:23:01+00:00","og_image":[{"width":500,"height":500,"url":"https:\/\/www.iemj.org\/wp-content\/uploads\/2024\/11\/logo-1.jpg","type":"image\/jpeg"}],"author":"Jacqueline ROTEN","twitter_card":"summary_large_image","twitter_misc":{"Verfasst von":"Jacqueline ROTEN","Gesch\u00e4tzte Lesezeit":"3\u00a0Minuten"},"schema":{"@context":"https:\/\/schema.org","@graph":[{"@type":"Article","@id":"https:\/\/www.iemj.org\/de\/fonds-adolphe-attia\/#article","isPartOf":{"@id":"https:\/\/www.iemj.org\/de\/fonds-adolphe-attia\/"},"author":{"name":"Jacqueline ROTEN","@id":"https:\/\/www.iemj.org\/de\/#\/schema\/person\/358e26c18aca017fcc4cc15437f7279c"},"headline":"Adolphe Attia-Fonds","datePublished":"2024-11-10T11:34:53+00:00","dateModified":"2024-11-10T16:23:01+00:00","mainEntityOfPage":{"@id":"https:\/\/www.iemj.org\/de\/fonds-adolphe-attia\/"},"wordCount":194,"publisher":{"@id":"https:\/\/www.iemj.org\/de\/#organization"},"image":{"@id":"https:\/\/www.iemj.org\/de\/fonds-adolphe-attia\/#primaryimage"},"thumbnailUrl":"https:\/\/www.iemj.org\/wp-content\/uploads\/2024\/11\/logo-1.jpg","articleSection":["Fonds"],"inLanguage":"de"},{"@type":"WebPage","@id":"https:\/\/www.iemj.org\/de\/fonds-adolphe-attia\/","url":"https:\/\/www.iemj.org\/de\/fonds-adolphe-attia\/","name":"Adolphe Attia-Fonds - Institut Europ\u00e9en des Musiques Juives","isPartOf":{"@id":"https:\/\/www.iemj.org\/de\/#website"},"primaryImageOfPage":{"@id":"https:\/\/www.iemj.org\/de\/fonds-adolphe-attia\/#primaryimage"},"image":{"@id":"https:\/\/www.iemj.org\/de\/fonds-adolphe-attia\/#primaryimage"},"thumbnailUrl":"https:\/\/www.iemj.org\/wp-content\/uploads\/2024\/11\/logo-1.jpg","datePublished":"2024-11-10T11:34:53+00:00","dateModified":"2024-11-10T16:23:01+00:00","breadcrumb":{"@id":"https:\/\/www.iemj.org\/de\/fonds-adolphe-attia\/#breadcrumb"},"inLanguage":"de","potentialAction":[{"@type":"ReadAction","target":["https:\/\/www.iemj.org\/de\/fonds-adolphe-attia\/"]}]},{"@type":"ImageObject","inLanguage":"de","@id":"https:\/\/www.iemj.org\/de\/fonds-adolphe-attia\/#primaryimage","url":"https:\/\/www.iemj.org\/wp-content\/uploads\/2024\/11\/logo-1.jpg","contentUrl":"https:\/\/www.iemj.org\/wp-content\/uploads\/2024\/11\/logo-1.jpg","width":500,"height":500},{"@type":"BreadcrumbList","@id":"https:\/\/www.iemj.org\/de\/fonds-adolphe-attia\/#breadcrumb","itemListElement":[{"@type":"ListItem","position":1,"name":"Accueil","item":"https:\/\/www.iemj.org\/de\/"},{"@type":"ListItem","position":2,"name":"Adolphe Attia-Fonds"}]},{"@type":"WebSite","@id":"https:\/\/www.iemj.org\/de\/#website","url":"https:\/\/www.iemj.org\/de\/","name":"Institut Europ\u00e9en des Musiques Juives","description":"Des traditions musicales \u00e0 la port\u00e9e de tous","publisher":{"@id":"https:\/\/www.iemj.org\/de\/#organization"},"potentialAction":[{"@type":"SearchAction","target":{"@type":"EntryPoint","urlTemplate":"https:\/\/www.iemj.org\/de\/?s={search_term_string}"},"query-input":{"@type":"PropertyValueSpecification","valueRequired":true,"valueName":"search_term_string"}}],"inLanguage":"de"},{"@type":"Organization","@id":"https:\/\/www.iemj.org\/de\/#organization","name":"Institut Europ\u00e9en des Musiques Juives","url":"https:\/\/www.iemj.org\/de\/","logo":{"@type":"ImageObject","inLanguage":"de","@id":"https:\/\/www.iemj.org\/de\/#\/schema\/logo\/image\/","url":"https:\/\/www.iemj.org\/wp-content\/uploads\/2021\/09\/Logo-IEMJ-Paypal.jpg","contentUrl":"https:\/\/www.iemj.org\/wp-content\/uploads\/2021\/09\/Logo-IEMJ-Paypal.jpg","width":150,"height":50,"caption":"Institut Europ\u00e9en des Musiques Juives"},"image":{"@id":"https:\/\/www.iemj.org\/de\/#\/schema\/logo\/image\/"},"sameAs":["https:\/\/www.facebook.com\/MusiquesJuives\/","https:\/\/www.instagram.com\/musiquesjuives\/","https:\/\/www.youtube.com\/user\/musiquesjuives"]},{"@type":"Person","@id":"https:\/\/www.iemj.org\/de\/#\/schema\/person\/358e26c18aca017fcc4cc15437f7279c","name":"Jacqueline ROTEN","image":{"@type":"ImageObject","inLanguage":"de","@id":"https:\/\/secure.gravatar.com\/avatar\/5964256d6c6957de3a3505278957e0fb2a35119ac47ea41827a65301213c810b?s=96&d=mm&r=g","url":"https:\/\/secure.gravatar.com\/avatar\/5964256d6c6957de3a3505278957e0fb2a35119ac47ea41827a65301213c810b?s=96&d=mm&r=g","contentUrl":"https:\/\/secure.gravatar.com\/avatar\/5964256d6c6957de3a3505278957e0fb2a35119ac47ea41827a65301213c810b?s=96&d=mm&r=g","caption":"Jacqueline ROTEN"}}]}},"_links":{"self":[{"href":"https:\/\/www.iemj.org\/de\/wp-json\/wp\/v2\/posts\/114862","targetHints":{"allow":["GET"]}}],"collection":[{"href":"https:\/\/www.iemj.org\/de\/wp-json\/wp\/v2\/posts"}],"about":[{"href":"https:\/\/www.iemj.org\/de\/wp-json\/wp\/v2\/types\/post"}],"author":[{"embeddable":true,"href":"https:\/\/www.iemj.org\/de\/wp-json\/wp\/v2\/users\/5"}],"replies":[{"embeddable":true,"href":"https:\/\/www.iemj.org\/de\/wp-json\/wp\/v2\/comments?post=114862"}],"version-history":[{"count":0,"href":"https:\/\/www.iemj.org\/de\/wp-json\/wp\/v2\/posts\/114862\/revisions"}],"wp:featuredmedia":[{"embeddable":true,"href":"https:\/\/www.iemj.org\/de\/wp-json\/wp\/v2\/media\/114857"}],"wp:attachment":[{"href":"https:\/\/www.iemj.org\/de\/wp-json\/wp\/v2\/media?parent=114862"}],"wp:term":[{"taxonomy":"category","embeddable":true,"href":"https:\/\/www.iemj.org\/de\/wp-json\/wp\/v2\/categories?post=114862"},{"taxonomy":"post_tag","embeddable":true,"href":"https:\/\/www.iemj.org\/de\/wp-json\/wp\/v2\/tags?post=114862"},{"taxonomy":"technique","embeddable":true,"href":"https:\/\/www.iemj.org\/de\/wp-json\/wp\/v2\/technique?post=114862"},{"taxonomy":"squelettes","embeddable":true,"href":"https:\/\/www.iemj.org\/de\/wp-json\/wp\/v2\/squelettes?post=114862"},{"taxonomy":"sujet","embeddable":true,"href":"https:\/\/www.iemj.org\/de\/wp-json\/wp\/v2\/sujet?post=114862"},{"taxonomy":"formation","embeddable":true,"href":"https:\/\/www.iemj.org\/de\/wp-json\/wp\/v2\/formation?post=114862"},{"taxonomy":"genre","embeddable":true,"href":"https:\/\/www.iemj.org\/de\/wp-json\/wp\/v2\/genre?post=114862"},{"taxonomy":"fonds","embeddable":true,"href":"https:\/\/www.iemj.org\/de\/wp-json\/wp\/v2\/fonds?post=114862"},{"taxonomy":"tradition","embeddable":true,"href":"https:\/\/www.iemj.org\/de\/wp-json\/wp\/v2\/tradition?post=114862"},{"taxonomy":"type-de-contenu","embeddable":true,"href":"https:\/\/www.iemj.org\/de\/wp-json\/wp\/v2\/type-de-contenu?post=114862"},{"taxonomy":"interprete-compositeur","embeddable":true,"href":"https:\/\/www.iemj.org\/de\/wp-json\/wp\/v2\/interprete-compositeur?post=114862"},{"taxonomy":"frise","embeddable":true,"href":"https:\/\/www.iemj.org\/de\/wp-json\/wp\/v2\/frise?post=114862"},{"taxonomy":"type-devenement","embeddable":true,"href":"https:\/\/www.iemj.org\/de\/wp-json\/wp\/v2\/type-devenement?post=114862"},{"taxonomy":"tableaux-liens-externes","embeddable":true,"href":"https:\/\/www.iemj.org\/de\/wp-json\/wp\/v2\/tableaux-liens-externes?post=114862"}],"curies":[{"name":"wp","href":"https:\/\/api.w.org\/{rel}","templated":true}]}}