{"id":115098,"date":"2024-11-14T16:52:23","date_gmt":"2024-11-14T15:52:23","guid":{"rendered":"https:\/\/www.iemj.org\/raphael-elfassy-1939-2019\/"},"modified":"2024-11-21T16:52:09","modified_gmt":"2024-11-21T15:52:09","slug":"raphael-elfassy-1939-2019","status":"publish","type":"post","link":"https:\/\/www.iemj.org\/de\/raphael-elfassy-1939-2019\/","title":{"rendered":"Elfassy, Raphael (1939-2019)"},"content":{"rendered":"<p>Raphael Elfassy wurde am 4. November 1939 in Rabbat (Marokko) geboren. Wie viele Kinder der marokkanischen Gemeinschaft erwarb er eine genaue und akribische Kenntnis der heiligen Texte. Er war ein aktives Mitglied der j\u00fcdischen Pfadfindergruppe \u201eEclaireurs Isra\u00e9lites\u201c (E.I.).<\/p>\n<p>Als seine Familie 1956 nach Israel auswanderte, hatte er den Mut, allein und mittellos in Frankreich zu bleiben, mit dem starken Willen, weiter zu studieren. Dank der Unterst\u00fctzung und des Schutzes eines klugen und klaren Schulleiters machte er sein Abitur am Lyc\u00e9e Saint Louis in Paris. Parallel dazu nahm er am Unterricht von <a href=\"https:\/\/de.wikipedia.org\/wiki\/L%C3%A9on_Ashk%C3%A9nasi\">Manitou<\/a> in Orsay teil.<br \/>Raphael ist ein leidenschaftlicher Musiker und verf\u00fcgt \u00fcber eine sch\u00f6ne Tenorstimme, die bei Gottesdiensten auff\u00e4llt. Er studierte Musikwissenschaft und gr\u00fcndete in der Direction de l&#8217;Enfance et de la Jeunesse (DEEJ) in der Rue Poissonni\u00e8re in Paris den ersten Chor f\u00fcr j\u00fcdische Musik einer wiederauflebenden Gemeinde.<\/p>\n<p>In der Pariser Synagoge von Montevideo bei Rabbiner Schwartz gr\u00fcndete er den ersten Talmud Thora-Fernkurs und unterrichtete Hebr\u00e4isch am Lyc\u00e9e Lakanal. Als anspruchsvoller P\u00e4dagoge entwickelte er erstaunliche und wirksame Lehrmittel aus eigener Feder.<br \/>Einige Jahre lang besuchte er als Seelsorger Gef\u00e4ngnisse, was ihn menschlich sehr ber\u00fchrte.<\/p>\n<h3><img fetchpriority=\"high\" decoding=\"async\" class=\" wp-image-115065 alignright\" src=\"https:\/\/www.iemj.org\/wp-content\/uploads\/2024\/11\/I_471_02_Concert-a-loccasion-de-linstallation-de-lambassadeur-dIsrael-Meir-Rosenne-a-Paris_1979-300x206.jpg\" alt=\"\" width=\"350\" height=\"240\" srcset=\"https:\/\/www.iemj.org\/wp-content\/uploads\/2024\/11\/I_471_02_Concert-a-loccasion-de-linstallation-de-lambassadeur-dIsrael-Meir-Rosenne-a-Paris_1979-300x206.jpg 300w, https:\/\/www.iemj.org\/wp-content\/uploads\/2024\/11\/I_471_02_Concert-a-loccasion-de-linstallation-de-lambassadeur-dIsrael-Meir-Rosenne-a-Paris_1979-768x527.jpg 768w, https:\/\/www.iemj.org\/wp-content\/uploads\/2024\/11\/I_471_02_Concert-a-loccasion-de-linstallation-de-lambassadeur-dIsrael-Meir-Rosenne-a-Paris_1979-600x412.jpg 600w, https:\/\/www.iemj.org\/wp-content\/uploads\/2024\/11\/I_471_02_Concert-a-loccasion-de-linstallation-de-lambassadeur-dIsrael-Meir-Rosenne-a-Paris_1979.jpg 800w\" sizes=\"(max-width: 350px) 100vw, 350px\" \/><\/h3>\n<h3>Musik, eine Leidenschaft<\/h3>\n<p>Als jahrzehntelanger Chorleiter in zahlreichen Pariser Synagogen (Neuilly, Montevideo, Saint Lazare, Chasseloup) hat Raphael Elfassy &#8211; genannt Raphy &#8211; jede offizielle Feier und f\u00fcr jede Familie jede Hochzeit oder Bar Mitzwa zu einer unvergesslichen musikalischen und emotionalen Erinnerung gemacht.<\/p>\n<p>In dem Bestreben, die j\u00fcdische Seele und das harmonische Empfinden m\u00f6glichst vielen Menschen verst\u00e4ndlich zu machen, gr\u00fcndete er 1971 mit einem kleinen, aber \u00fcberzeugten Team <em><strong>die K\u00fcnstlervereinigung Guilgal<\/strong><\/em>, die Massen von jungen Juden &#8211; oder auch nicht &#8211; in die Tanzkurse Israels und in den Chor lockte. Parallel dazu arbeitete er in Frankreich und Israel, tatkr\u00e4ftig unterst\u00fctzt von Bernadette Leclair, geborene Weisz, in st\u00e4ndiger Zusammenarbeit mit zahlreichen Musikerpers\u00f6nlichkeiten und Choreografen.<\/p>\n<p>Zu seinen Lebzeiten begleitete ihn die gro\u00dfe Harfenistin Lili Laskine gerne bei einigen seiner Auftritte. Der Amateurchor <em><strong>Guilgal<\/strong><\/em>, vertrat Frankreich bei der Zimria<span class=\"footnote_referrer\"><a role=\"button\" tabindex=\"0\" onclick=\"footnote_moveToReference_115098_1('footnote_plugin_reference_115098_1_1');\" onkeypress=\"footnote_moveToReference_115098_1('footnote_plugin_reference_115098_1_1');\" ><sup id=\"footnote_plugin_tooltip_115098_1_1\" class=\"footnote_plugin_tooltip_text\">[1]<\/sup><\/a><span id=\"footnote_plugin_tooltip_text_115098_1_1\" class=\"footnote_tooltip\">Zusammenkunft j\u00fcdischer Ch\u00f6re und Ch\u00f6re aus aller Welt<\/span><\/span><script type=\"text\/javascript\"> jQuery('#footnote_plugin_tooltip_115098_1_1').tooltip({ tip: '#footnote_plugin_tooltip_text_115098_1_1', tipClass: 'footnote_tooltip', effect: 'fade', predelay: 0, fadeInSpeed: 200, delay: 400, fadeOutSpeed: 200, position: 'top center', relative: true, offset: [-7, 0], });<\/script> 1973 und 1976 in Israel. Darauf war er besonders stolz!<\/p>\n<p>Mit der Gr\u00fcndung <em><strong>des Ensemble de Musique H\u00e9bra\u00efque de Paris<\/strong><\/em> im Jahr 1990 ging Raphael endg\u00fcltig den Schritt zum Profi. In diesem Ensemble versammelte er S\u00e4nger und Instrumentalisten, die alle aus den gr\u00f6\u00dften nationalen Ensembles wie Radio France, der Oper, dem Philharmonischen Orchester oder dem Orchestre National de France stammten. Darunter waren auch zahlreiche nichtj\u00fcdische Solisten, die bei dieser Gelegenheit die gro\u00dfen St\u00fccke der j\u00fcdischen Musik entdeckten.<\/p>\n<p><img decoding=\"async\" class=\"wp-image-115082  alignleft\" src=\"https:\/\/www.iemj.org\/wp-content\/uploads\/2024\/11\/Disque-Poesie-musique-et-chant-dIsrael-e1731601311271.jpg\" alt=\"\" width=\"321\" height=\"318\" srcset=\"https:\/\/www.iemj.org\/wp-content\/uploads\/2024\/11\/Disque-Poesie-musique-et-chant-dIsrael-e1731601311271.jpg 560w, https:\/\/www.iemj.org\/wp-content\/uploads\/2024\/11\/Disque-Poesie-musique-et-chant-dIsrael-e1731601311271-300x297.jpg 300w, https:\/\/www.iemj.org\/wp-content\/uploads\/2024\/11\/Disque-Poesie-musique-et-chant-dIsrael-e1731601311271-150x150.jpg 150w, https:\/\/www.iemj.org\/wp-content\/uploads\/2024\/11\/Disque-Poesie-musique-et-chant-dIsrael-e1731601311271-100x100.jpg 100w\" sizes=\"(max-width: 321px) 100vw, 321px\" \/><\/p>\n<p>Mit dieser Formation gab er zahlreiche Konzerte und nahm unter anderem am Festival d&#8217;Art Sacr\u00e9 in Paris und mehrere Jahre hintereinander am Festival d&#8217;Art Sacr\u00e9 du Couserans in St Girons teil.<\/p>\n<p>Von 1976 bis 1980 nahm er eine Sammlung von vier CDs mit israelischer Folklore auf (<em>Isra\u00ebl\u00a0: Chants et danses<\/em> [<em>Lieder und T\u00e4nze] <\/em>n\u00b01, 2, 3 et 4). 1984 folgte <em>Po\u00e9sie, musique et chant d\u2019Isra\u00ebl<\/em><em>, [Musik und Gesang aus Israel]<\/em>, Gedichte, gesprochen von Giani Esposito. 1992 ver\u00f6ffentlichte er eine weitere Serie von 3 CDs (<em>Le mariage juif<\/em>, <em>Le calendrier juif<\/em> et <em>Le mariage juif (2) \u2013 Tradition S\u00e9pharade Turque<\/em> [<em>Die j\u00fcdische Hochzeit<\/em>, <em>Der j\u00fcdische Kalender<\/em> und <em>Die j\u00fcdische Hochzeit (2) &#8211; T\u00fcrkische sephardische Tradition]<\/em>, wobei die letzte CD auf Wunsch der Verantwortlichen der Gro\u00dfen Synagoge in Istanbul produziert wurde).<\/p>\n<p>Raphael Elfassy war auch ein genialer Choreograph. Mit seiner Vorstellungskraft inszenierte er erfolgreich mehrere Tanzauff\u00fchrungen, die die Geschichte des j\u00fcdischen Volkes illustrierten.<\/p>\n<p><img decoding=\"async\" class=\"wp-image-115055 alignright\" src=\"https:\/\/www.iemj.org\/wp-content\/uploads\/2024\/11\/I_477_2e-Festival-de-Chorale-Amateurs_1996-1-300x212.jpg\" alt=\"\" width=\"319\" height=\"225\" srcset=\"https:\/\/www.iemj.org\/wp-content\/uploads\/2024\/11\/I_477_2e-Festival-de-Chorale-Amateurs_1996-1-300x212.jpg 300w, https:\/\/www.iemj.org\/wp-content\/uploads\/2024\/11\/I_477_2e-Festival-de-Chorale-Amateurs_1996-1-768x542.jpg 768w, https:\/\/www.iemj.org\/wp-content\/uploads\/2024\/11\/I_477_2e-Festival-de-Chorale-Amateurs_1996-1-600x424.jpg 600w, https:\/\/www.iemj.org\/wp-content\/uploads\/2024\/11\/I_477_2e-Festival-de-Chorale-Amateurs_1996-1.jpg 800w\" sizes=\"(max-width: 319px) 100vw, 319px\" \/>Als kompromissloser P\u00e4dagoge bildete er fast drei\u00dfig Jahre lang ohne Unterbrechung einen \u201ek\u00fcnstlerischen Club\u201c innerhalb der j\u00fcdischen Gemeinde von Saint-Leu-la-For\u00eat im Val d&#8217;Oise. Er leitete dort einen Amateurchor und ein Kinderorchester, dem er den Geist der j\u00fcdischen Musikkultur einhauchte.<\/p>\n<p>Als hart arbeitender, kreativer Mensch und vollendeter K\u00fcnstler pr\u00e4gte Raphael Elfassy f\u00fcr immer all jene, ob gro\u00df oder klein, die seinen Weg kreuzten. Indem er Liturgie, Musik und Tanz zum Strahlen brachte, verfolgte er hartn\u00e4ckig ein einziges Ziel: der j\u00fcdischen Kultur ihren Platz in jedem System der Familien- oder Gemeindeerziehung zu geben.<\/p>\n<p>Mit seinem Tod am 30. September 2019 hat die j\u00fcdische Welt einen ihrer gro\u00dfen K\u00fcnstler und P\u00e4dagogen verloren.<\/p>\n<h3><a href=\"https:\/\/www.iemj.org\/de\/fonds-raphael-elfassy\/\" target=\"_blank\" rel=\"noopener\">Sehen Sie sich den Raphael Elfassy-Fonds an<\/a><\/h3>\n\n\n<div style=\"height:11px\" aria-hidden=\"true\" class=\"wp-block-spacer\"><\/div>\n\n\n\n<figure class=\"wp-block-embed is-type-video is-provider-youtube wp-block-embed-youtube wp-embed-aspect-4-3 wp-has-aspect-ratio\"><div class=\"wp-block-embed__wrapper\">\n<iframe title=\"Bivhilou\" width=\"640\" height=\"480\" src=\"https:\/\/www.youtube.com\/embed\/0M6P_GRrTeY?feature=oembed\" frameborder=\"0\" allow=\"accelerometer; autoplay; clipboard-write; encrypted-media; gyroscope; picture-in-picture; web-share\" referrerpolicy=\"strict-origin-when-cross-origin\" allowfullscreen><\/iframe>\n<\/div><figcaption class=\"wp-element-caption\"><strong>Bivhilou [Bibilou], Pessach-Lied &#8211; Auszug aus einer Aufnahme, die w\u00e4hrend des Festivals f\u00fcr sakrale Kunst in der Nazareth-Synagoge gemacht wurde &#8211; Paris, 27. M\u00e4rz 1995.<\/strong><br><strong>Dirigent: Rapha\u00ebl Elfassy<\/strong><br><strong>S\u00e4nger: Malkiel Benamara, Adolphe Attia, Benjamin Duvshani<\/strong><\/figcaption><\/figure>\n\n\n\n<p><\/p>\n<div class=\"speaker-mute footnotes_reference_container\"> <div class=\"footnote_container_prepare\"><p><span role=\"button\" tabindex=\"0\" class=\"footnote_reference_container_label pointer\" onclick=\"footnote_expand_collapse_reference_container_115098_1();\">&#x202F;<\/span><span role=\"button\" tabindex=\"0\" class=\"footnote_reference_container_collapse_button\" style=\"display: none;\" onclick=\"footnote_expand_collapse_reference_container_115098_1();\">[<a id=\"footnote_reference_container_collapse_button_115098_1\">+<\/a>]<\/span><\/p><\/div> <div id=\"footnote_references_container_115098_1\" style=\"\"><table class=\"footnotes_table footnote-reference-container\"><caption class=\"accessibility\">References<\/caption> <tbody> \r\n\r\n<tr class=\"footnotes_plugin_reference_row\"> <th scope=\"row\" class=\"footnote_plugin_index_combi pointer\"  onclick=\"footnote_moveToAnchor_115098_1('footnote_plugin_tooltip_115098_1_1');\"><a id=\"footnote_plugin_reference_115098_1_1\" class=\"footnote_backlink\">1<\/a><\/th> <td class=\"footnote_plugin_text\">Zusammenkunft j\u00fcdischer Ch\u00f6re und Ch\u00f6re aus aller Welt<\/td><\/tr>\r\n\r\n <\/tbody> <\/table> <\/div><\/div><script type=\"text\/javascript\"> function footnote_expand_reference_container_115098_1() { jQuery('#footnote_references_container_115098_1').show(); jQuery('#footnote_reference_container_collapse_button_115098_1').text('\u2212'); } function footnote_collapse_reference_container_115098_1() { jQuery('#footnote_references_container_115098_1').hide(); jQuery('#footnote_reference_container_collapse_button_115098_1').text('+'); } function footnote_expand_collapse_reference_container_115098_1() { if (jQuery('#footnote_references_container_115098_1').is(':hidden')) { footnote_expand_reference_container_115098_1(); } else { footnote_collapse_reference_container_115098_1(); } } function footnote_moveToReference_115098_1(p_str_TargetID) { footnote_expand_reference_container_115098_1(); var l_obj_Target = jQuery('#' + p_str_TargetID); if (l_obj_Target.length) { jQuery( 'html, body' ).delay( 0 ); jQuery('html, body').animate({ scrollTop: l_obj_Target.offset().top - window.innerHeight * 0.2 }, 380); } } function footnote_moveToAnchor_115098_1(p_str_TargetID) { footnote_expand_reference_container_115098_1(); var l_obj_Target = jQuery('#' + p_str_TargetID); if (l_obj_Target.length) { jQuery( 'html, body' ).delay( 0 ); jQuery('html, body').animate({ scrollTop: l_obj_Target.offset().top - window.innerHeight * 0.2 }, 380); } }<\/script>","protected":false},"excerpt":{"rendered":"<p>Raphael Elfassy wurde am 4. November 1939 in Rabbat (Marokko) geboren. Wie viele Kinder der marokkanischen Gemeinschaft erwarb er eine genaue und akribische Kenntnis der heiligen Texte. Er war ein<\/p>\n","protected":false},"author":5,"featured_media":115041,"comment_status":"closed","ping_status":"closed","sticky":false,"template":"","format":"standard","meta":{"_acf_changed":false,"footnotes":""},"categories":[1415],"tags":[],"technique":[],"squelettes":[],"sujet":[],"formation":[],"genre":[],"fonds":[],"tradition":[],"type-de-contenu":[],"interprete-compositeur":[],"frise":[],"type-devenement":[],"tableaux-liens-externes":[],"class_list":["post-115098","post","type-post","status-publish","format-standard","has-post-thumbnail","hentry","category-biografien-de"],"acf":[],"yoast_head":"<!-- This site is optimized with the Yoast SEO plugin v27.3 - https:\/\/yoast.com\/product\/yoast-seo-wordpress\/ -->\n<title>Elfassy, Raphael (1939-2019) - Institut Europ\u00e9en des Musiques Juives<\/title>\n<meta name=\"robots\" content=\"index, follow, max-snippet:-1, max-image-preview:large, max-video-preview:-1\" \/>\n<link rel=\"canonical\" href=\"https:\/\/www.iemj.org\/de\/raphael-elfassy-1939-2019\/\" \/>\n<meta property=\"og:locale\" content=\"de_DE\" \/>\n<meta property=\"og:type\" content=\"article\" \/>\n<meta property=\"og:title\" content=\"Elfassy, Raphael (1939-2019) - Institut Europ\u00e9en des Musiques Juives\" \/>\n<meta property=\"og:description\" content=\"Raphael Elfassy wurde am 4. November 1939 in Rabbat (Marokko) geboren. Wie viele Kinder der marokkanischen Gemeinschaft erwarb er eine genaue und akribische Kenntnis der heiligen Texte. Er war ein\" \/>\n<meta property=\"og:url\" content=\"https:\/\/www.iemj.org\/de\/raphael-elfassy-1939-2019\/\" \/>\n<meta property=\"og:site_name\" content=\"Institut Europ\u00e9en des Musiques Juives\" \/>\n<meta property=\"article:publisher\" content=\"https:\/\/www.facebook.com\/MusiquesJuives\/\" \/>\n<meta property=\"article:published_time\" content=\"2024-11-14T15:52:23+00:00\" \/>\n<meta property=\"article:modified_time\" content=\"2024-11-21T15:52:09+00:00\" \/>\n<meta property=\"og:image\" content=\"https:\/\/www.iemj.org\/wp-content\/uploads\/2024\/11\/Photo-LOGO-bio-Elfassy.jpg\" \/>\n\t<meta property=\"og:image:width\" content=\"172\" \/>\n\t<meta property=\"og:image:height\" content=\"218\" \/>\n\t<meta property=\"og:image:type\" content=\"image\/jpeg\" \/>\n<meta name=\"author\" content=\"Jacqueline ROTEN\" \/>\n<meta name=\"twitter:card\" content=\"summary_large_image\" \/>\n<meta name=\"twitter:label1\" content=\"Verfasst von\" \/>\n\t<meta name=\"twitter:data1\" content=\"Jacqueline ROTEN\" \/>\n\t<meta name=\"twitter:label2\" content=\"Gesch\u00e4tzte Lesezeit\" \/>\n\t<meta name=\"twitter:data2\" content=\"5\u00a0Minuten\" \/>\n<script type=\"application\/ld+json\" class=\"yoast-schema-graph\">{\"@context\":\"https:\\\/\\\/schema.org\",\"@graph\":[{\"@type\":\"Article\",\"@id\":\"https:\\\/\\\/www.iemj.org\\\/de\\\/raphael-elfassy-1939-2019\\\/#article\",\"isPartOf\":{\"@id\":\"https:\\\/\\\/www.iemj.org\\\/de\\\/raphael-elfassy-1939-2019\\\/\"},\"author\":{\"name\":\"Jacqueline ROTEN\",\"@id\":\"https:\\\/\\\/www.iemj.org\\\/de\\\/#\\\/schema\\\/person\\\/358e26c18aca017fcc4cc15437f7279c\"},\"headline\":\"Elfassy, Raphael (1939-2019)\",\"datePublished\":\"2024-11-14T15:52:23+00:00\",\"dateModified\":\"2024-11-21T15:52:09+00:00\",\"mainEntityOfPage\":{\"@id\":\"https:\\\/\\\/www.iemj.org\\\/de\\\/raphael-elfassy-1939-2019\\\/\"},\"wordCount\":775,\"publisher\":{\"@id\":\"https:\\\/\\\/www.iemj.org\\\/de\\\/#organization\"},\"image\":{\"@id\":\"https:\\\/\\\/www.iemj.org\\\/de\\\/raphael-elfassy-1939-2019\\\/#primaryimage\"},\"thumbnailUrl\":\"https:\\\/\\\/www.iemj.org\\\/wp-content\\\/uploads\\\/2024\\\/11\\\/Photo-LOGO-bio-Elfassy.jpg\",\"articleSection\":[\"Biografien\"],\"inLanguage\":\"de\"},{\"@type\":\"WebPage\",\"@id\":\"https:\\\/\\\/www.iemj.org\\\/de\\\/raphael-elfassy-1939-2019\\\/\",\"url\":\"https:\\\/\\\/www.iemj.org\\\/de\\\/raphael-elfassy-1939-2019\\\/\",\"name\":\"Elfassy, Raphael (1939-2019) - Institut Europ\u00e9en des Musiques Juives\",\"isPartOf\":{\"@id\":\"https:\\\/\\\/www.iemj.org\\\/de\\\/#website\"},\"primaryImageOfPage\":{\"@id\":\"https:\\\/\\\/www.iemj.org\\\/de\\\/raphael-elfassy-1939-2019\\\/#primaryimage\"},\"image\":{\"@id\":\"https:\\\/\\\/www.iemj.org\\\/de\\\/raphael-elfassy-1939-2019\\\/#primaryimage\"},\"thumbnailUrl\":\"https:\\\/\\\/www.iemj.org\\\/wp-content\\\/uploads\\\/2024\\\/11\\\/Photo-LOGO-bio-Elfassy.jpg\",\"datePublished\":\"2024-11-14T15:52:23+00:00\",\"dateModified\":\"2024-11-21T15:52:09+00:00\",\"breadcrumb\":{\"@id\":\"https:\\\/\\\/www.iemj.org\\\/de\\\/raphael-elfassy-1939-2019\\\/#breadcrumb\"},\"inLanguage\":\"de\",\"potentialAction\":[{\"@type\":\"ReadAction\",\"target\":[\"https:\\\/\\\/www.iemj.org\\\/de\\\/raphael-elfassy-1939-2019\\\/\"]}]},{\"@type\":\"ImageObject\",\"inLanguage\":\"de\",\"@id\":\"https:\\\/\\\/www.iemj.org\\\/de\\\/raphael-elfassy-1939-2019\\\/#primaryimage\",\"url\":\"https:\\\/\\\/www.iemj.org\\\/wp-content\\\/uploads\\\/2024\\\/11\\\/Photo-LOGO-bio-Elfassy.jpg\",\"contentUrl\":\"https:\\\/\\\/www.iemj.org\\\/wp-content\\\/uploads\\\/2024\\\/11\\\/Photo-LOGO-bio-Elfassy.jpg\",\"width\":172,\"height\":218},{\"@type\":\"BreadcrumbList\",\"@id\":\"https:\\\/\\\/www.iemj.org\\\/de\\\/raphael-elfassy-1939-2019\\\/#breadcrumb\",\"itemListElement\":[{\"@type\":\"ListItem\",\"position\":1,\"name\":\"Accueil\",\"item\":\"https:\\\/\\\/www.iemj.org\\\/de\\\/\"},{\"@type\":\"ListItem\",\"position\":2,\"name\":\"Elfassy, Raphael (1939-2019)\"}]},{\"@type\":\"WebSite\",\"@id\":\"https:\\\/\\\/www.iemj.org\\\/de\\\/#website\",\"url\":\"https:\\\/\\\/www.iemj.org\\\/de\\\/\",\"name\":\"Institut Europ\u00e9en des Musiques Juives\",\"description\":\"Des traditions musicales \u00e0 la port\u00e9e de tous\",\"publisher\":{\"@id\":\"https:\\\/\\\/www.iemj.org\\\/de\\\/#organization\"},\"potentialAction\":[{\"@type\":\"SearchAction\",\"target\":{\"@type\":\"EntryPoint\",\"urlTemplate\":\"https:\\\/\\\/www.iemj.org\\\/de\\\/?s={search_term_string}\"},\"query-input\":{\"@type\":\"PropertyValueSpecification\",\"valueRequired\":true,\"valueName\":\"search_term_string\"}}],\"inLanguage\":\"de\"},{\"@type\":\"Organization\",\"@id\":\"https:\\\/\\\/www.iemj.org\\\/de\\\/#organization\",\"name\":\"Institut Europ\u00e9en des Musiques Juives\",\"url\":\"https:\\\/\\\/www.iemj.org\\\/de\\\/\",\"logo\":{\"@type\":\"ImageObject\",\"inLanguage\":\"de\",\"@id\":\"https:\\\/\\\/www.iemj.org\\\/de\\\/#\\\/schema\\\/logo\\\/image\\\/\",\"url\":\"https:\\\/\\\/www.iemj.org\\\/wp-content\\\/uploads\\\/2021\\\/09\\\/Logo-IEMJ-Paypal.jpg\",\"contentUrl\":\"https:\\\/\\\/www.iemj.org\\\/wp-content\\\/uploads\\\/2021\\\/09\\\/Logo-IEMJ-Paypal.jpg\",\"width\":150,\"height\":50,\"caption\":\"Institut Europ\u00e9en des Musiques Juives\"},\"image\":{\"@id\":\"https:\\\/\\\/www.iemj.org\\\/de\\\/#\\\/schema\\\/logo\\\/image\\\/\"},\"sameAs\":[\"https:\\\/\\\/www.facebook.com\\\/MusiquesJuives\\\/\",\"https:\\\/\\\/www.instagram.com\\\/musiquesjuives\\\/\",\"https:\\\/\\\/www.youtube.com\\\/user\\\/musiquesjuives\"]},{\"@type\":\"Person\",\"@id\":\"https:\\\/\\\/www.iemj.org\\\/de\\\/#\\\/schema\\\/person\\\/358e26c18aca017fcc4cc15437f7279c\",\"name\":\"Jacqueline ROTEN\",\"image\":{\"@type\":\"ImageObject\",\"inLanguage\":\"de\",\"@id\":\"https:\\\/\\\/secure.gravatar.com\\\/avatar\\\/5964256d6c6957de3a3505278957e0fb2a35119ac47ea41827a65301213c810b?s=96&d=mm&r=g\",\"url\":\"https:\\\/\\\/secure.gravatar.com\\\/avatar\\\/5964256d6c6957de3a3505278957e0fb2a35119ac47ea41827a65301213c810b?s=96&d=mm&r=g\",\"contentUrl\":\"https:\\\/\\\/secure.gravatar.com\\\/avatar\\\/5964256d6c6957de3a3505278957e0fb2a35119ac47ea41827a65301213c810b?s=96&d=mm&r=g\",\"caption\":\"Jacqueline ROTEN\"}}]}<\/script>\n<!-- \/ Yoast SEO plugin. -->","yoast_head_json":{"title":"Elfassy, Raphael (1939-2019) - Institut Europ\u00e9en des Musiques Juives","robots":{"index":"index","follow":"follow","max-snippet":"max-snippet:-1","max-image-preview":"max-image-preview:large","max-video-preview":"max-video-preview:-1"},"canonical":"https:\/\/www.iemj.org\/de\/raphael-elfassy-1939-2019\/","og_locale":"de_DE","og_type":"article","og_title":"Elfassy, Raphael (1939-2019) - Institut Europ\u00e9en des Musiques Juives","og_description":"Raphael Elfassy wurde am 4. November 1939 in Rabbat (Marokko) geboren. Wie viele Kinder der marokkanischen Gemeinschaft erwarb er eine genaue und akribische Kenntnis der heiligen Texte. Er war ein","og_url":"https:\/\/www.iemj.org\/de\/raphael-elfassy-1939-2019\/","og_site_name":"Institut Europ\u00e9en des Musiques Juives","article_publisher":"https:\/\/www.facebook.com\/MusiquesJuives\/","article_published_time":"2024-11-14T15:52:23+00:00","article_modified_time":"2024-11-21T15:52:09+00:00","og_image":[{"width":172,"height":218,"url":"https:\/\/www.iemj.org\/wp-content\/uploads\/2024\/11\/Photo-LOGO-bio-Elfassy.jpg","type":"image\/jpeg"}],"author":"Jacqueline ROTEN","twitter_card":"summary_large_image","twitter_misc":{"Verfasst von":"Jacqueline ROTEN","Gesch\u00e4tzte Lesezeit":"5\u00a0Minuten"},"schema":{"@context":"https:\/\/schema.org","@graph":[{"@type":"Article","@id":"https:\/\/www.iemj.org\/de\/raphael-elfassy-1939-2019\/#article","isPartOf":{"@id":"https:\/\/www.iemj.org\/de\/raphael-elfassy-1939-2019\/"},"author":{"name":"Jacqueline ROTEN","@id":"https:\/\/www.iemj.org\/de\/#\/schema\/person\/358e26c18aca017fcc4cc15437f7279c"},"headline":"Elfassy, Raphael (1939-2019)","datePublished":"2024-11-14T15:52:23+00:00","dateModified":"2024-11-21T15:52:09+00:00","mainEntityOfPage":{"@id":"https:\/\/www.iemj.org\/de\/raphael-elfassy-1939-2019\/"},"wordCount":775,"publisher":{"@id":"https:\/\/www.iemj.org\/de\/#organization"},"image":{"@id":"https:\/\/www.iemj.org\/de\/raphael-elfassy-1939-2019\/#primaryimage"},"thumbnailUrl":"https:\/\/www.iemj.org\/wp-content\/uploads\/2024\/11\/Photo-LOGO-bio-Elfassy.jpg","articleSection":["Biografien"],"inLanguage":"de"},{"@type":"WebPage","@id":"https:\/\/www.iemj.org\/de\/raphael-elfassy-1939-2019\/","url":"https:\/\/www.iemj.org\/de\/raphael-elfassy-1939-2019\/","name":"Elfassy, Raphael (1939-2019) - Institut Europ\u00e9en des Musiques Juives","isPartOf":{"@id":"https:\/\/www.iemj.org\/de\/#website"},"primaryImageOfPage":{"@id":"https:\/\/www.iemj.org\/de\/raphael-elfassy-1939-2019\/#primaryimage"},"image":{"@id":"https:\/\/www.iemj.org\/de\/raphael-elfassy-1939-2019\/#primaryimage"},"thumbnailUrl":"https:\/\/www.iemj.org\/wp-content\/uploads\/2024\/11\/Photo-LOGO-bio-Elfassy.jpg","datePublished":"2024-11-14T15:52:23+00:00","dateModified":"2024-11-21T15:52:09+00:00","breadcrumb":{"@id":"https:\/\/www.iemj.org\/de\/raphael-elfassy-1939-2019\/#breadcrumb"},"inLanguage":"de","potentialAction":[{"@type":"ReadAction","target":["https:\/\/www.iemj.org\/de\/raphael-elfassy-1939-2019\/"]}]},{"@type":"ImageObject","inLanguage":"de","@id":"https:\/\/www.iemj.org\/de\/raphael-elfassy-1939-2019\/#primaryimage","url":"https:\/\/www.iemj.org\/wp-content\/uploads\/2024\/11\/Photo-LOGO-bio-Elfassy.jpg","contentUrl":"https:\/\/www.iemj.org\/wp-content\/uploads\/2024\/11\/Photo-LOGO-bio-Elfassy.jpg","width":172,"height":218},{"@type":"BreadcrumbList","@id":"https:\/\/www.iemj.org\/de\/raphael-elfassy-1939-2019\/#breadcrumb","itemListElement":[{"@type":"ListItem","position":1,"name":"Accueil","item":"https:\/\/www.iemj.org\/de\/"},{"@type":"ListItem","position":2,"name":"Elfassy, Raphael (1939-2019)"}]},{"@type":"WebSite","@id":"https:\/\/www.iemj.org\/de\/#website","url":"https:\/\/www.iemj.org\/de\/","name":"Institut Europ\u00e9en des Musiques Juives","description":"Des traditions musicales \u00e0 la port\u00e9e de tous","publisher":{"@id":"https:\/\/www.iemj.org\/de\/#organization"},"potentialAction":[{"@type":"SearchAction","target":{"@type":"EntryPoint","urlTemplate":"https:\/\/www.iemj.org\/de\/?s={search_term_string}"},"query-input":{"@type":"PropertyValueSpecification","valueRequired":true,"valueName":"search_term_string"}}],"inLanguage":"de"},{"@type":"Organization","@id":"https:\/\/www.iemj.org\/de\/#organization","name":"Institut Europ\u00e9en des Musiques Juives","url":"https:\/\/www.iemj.org\/de\/","logo":{"@type":"ImageObject","inLanguage":"de","@id":"https:\/\/www.iemj.org\/de\/#\/schema\/logo\/image\/","url":"https:\/\/www.iemj.org\/wp-content\/uploads\/2021\/09\/Logo-IEMJ-Paypal.jpg","contentUrl":"https:\/\/www.iemj.org\/wp-content\/uploads\/2021\/09\/Logo-IEMJ-Paypal.jpg","width":150,"height":50,"caption":"Institut Europ\u00e9en des Musiques Juives"},"image":{"@id":"https:\/\/www.iemj.org\/de\/#\/schema\/logo\/image\/"},"sameAs":["https:\/\/www.facebook.com\/MusiquesJuives\/","https:\/\/www.instagram.com\/musiquesjuives\/","https:\/\/www.youtube.com\/user\/musiquesjuives"]},{"@type":"Person","@id":"https:\/\/www.iemj.org\/de\/#\/schema\/person\/358e26c18aca017fcc4cc15437f7279c","name":"Jacqueline ROTEN","image":{"@type":"ImageObject","inLanguage":"de","@id":"https:\/\/secure.gravatar.com\/avatar\/5964256d6c6957de3a3505278957e0fb2a35119ac47ea41827a65301213c810b?s=96&d=mm&r=g","url":"https:\/\/secure.gravatar.com\/avatar\/5964256d6c6957de3a3505278957e0fb2a35119ac47ea41827a65301213c810b?s=96&d=mm&r=g","contentUrl":"https:\/\/secure.gravatar.com\/avatar\/5964256d6c6957de3a3505278957e0fb2a35119ac47ea41827a65301213c810b?s=96&d=mm&r=g","caption":"Jacqueline ROTEN"}}]}},"_links":{"self":[{"href":"https:\/\/www.iemj.org\/de\/wp-json\/wp\/v2\/posts\/115098","targetHints":{"allow":["GET"]}}],"collection":[{"href":"https:\/\/www.iemj.org\/de\/wp-json\/wp\/v2\/posts"}],"about":[{"href":"https:\/\/www.iemj.org\/de\/wp-json\/wp\/v2\/types\/post"}],"author":[{"embeddable":true,"href":"https:\/\/www.iemj.org\/de\/wp-json\/wp\/v2\/users\/5"}],"replies":[{"embeddable":true,"href":"https:\/\/www.iemj.org\/de\/wp-json\/wp\/v2\/comments?post=115098"}],"version-history":[{"count":0,"href":"https:\/\/www.iemj.org\/de\/wp-json\/wp\/v2\/posts\/115098\/revisions"}],"wp:featuredmedia":[{"embeddable":true,"href":"https:\/\/www.iemj.org\/de\/wp-json\/wp\/v2\/media\/115041"}],"wp:attachment":[{"href":"https:\/\/www.iemj.org\/de\/wp-json\/wp\/v2\/media?parent=115098"}],"wp:term":[{"taxonomy":"category","embeddable":true,"href":"https:\/\/www.iemj.org\/de\/wp-json\/wp\/v2\/categories?post=115098"},{"taxonomy":"post_tag","embeddable":true,"href":"https:\/\/www.iemj.org\/de\/wp-json\/wp\/v2\/tags?post=115098"},{"taxonomy":"technique","embeddable":true,"href":"https:\/\/www.iemj.org\/de\/wp-json\/wp\/v2\/technique?post=115098"},{"taxonomy":"squelettes","embeddable":true,"href":"https:\/\/www.iemj.org\/de\/wp-json\/wp\/v2\/squelettes?post=115098"},{"taxonomy":"sujet","embeddable":true,"href":"https:\/\/www.iemj.org\/de\/wp-json\/wp\/v2\/sujet?post=115098"},{"taxonomy":"formation","embeddable":true,"href":"https:\/\/www.iemj.org\/de\/wp-json\/wp\/v2\/formation?post=115098"},{"taxonomy":"genre","embeddable":true,"href":"https:\/\/www.iemj.org\/de\/wp-json\/wp\/v2\/genre?post=115098"},{"taxonomy":"fonds","embeddable":true,"href":"https:\/\/www.iemj.org\/de\/wp-json\/wp\/v2\/fonds?post=115098"},{"taxonomy":"tradition","embeddable":true,"href":"https:\/\/www.iemj.org\/de\/wp-json\/wp\/v2\/tradition?post=115098"},{"taxonomy":"type-de-contenu","embeddable":true,"href":"https:\/\/www.iemj.org\/de\/wp-json\/wp\/v2\/type-de-contenu?post=115098"},{"taxonomy":"interprete-compositeur","embeddable":true,"href":"https:\/\/www.iemj.org\/de\/wp-json\/wp\/v2\/interprete-compositeur?post=115098"},{"taxonomy":"frise","embeddable":true,"href":"https:\/\/www.iemj.org\/de\/wp-json\/wp\/v2\/frise?post=115098"},{"taxonomy":"type-devenement","embeddable":true,"href":"https:\/\/www.iemj.org\/de\/wp-json\/wp\/v2\/type-devenement?post=115098"},{"taxonomy":"tableaux-liens-externes","embeddable":true,"href":"https:\/\/www.iemj.org\/de\/wp-json\/wp\/v2\/tableaux-liens-externes?post=115098"}],"curies":[{"name":"wp","href":"https:\/\/api.w.org\/{rel}","templated":true}]}}