{"id":115298,"date":"2024-11-19T17:59:20","date_gmt":"2024-11-19T16:59:20","guid":{"rendered":"https:\/\/www.iemj.org\/le-mariage-juif\/"},"modified":"2025-05-08T11:10:46","modified_gmt":"2025-05-08T09:10:46","slug":"le-mariage-juif","status":"publish","type":"post","link":"https:\/\/www.iemj.org\/de\/le-mariage-juif\/","title":{"rendered":"Die Hochzeit"},"content":{"rendered":"<p>Die j\u00fcdische Hochzeit wird nach zahlreichen Br\u00e4uchen und Gesetzen gefeiert, die ihre ganze spirituelle und materielle Bedeutung zum Ausdruck bringen sollen. Alle diese Rituale dr\u00fccken mit Hilfe von Gesten, Symbolen und hebr\u00e4ischen Versen die tiefe Bedeutung der Verbindung zwischen Mann und Frau aus, einschlie\u00dflich der Festlegung einer Reihe von Verpflichtungen, die automatisch zwischen den Ehepartnern entstehen.<\/p>\n<p>In Frankreich werden f\u00fcr eine j\u00fcdische Hochzeit eine Geburtsurkunde, eine Heiratsurkunde der Eltern (<em>Ketuba<\/em>), das Familienstammbuch der Eltern und das Familienstammbuch beider Brautleute ben\u00f6tigt, um sicherzustellen, dass die Ehe legal ist.<\/p>\n<p>Bei den meisten Hochzeiten sephardischer Juden, die aus Nordafrika stammen, geht der Hochzeitszeremonie der Henna-Abend voraus.<\/p>\n<h3><strong>Die Hochzeit und ihre Br\u00e4uche<\/strong><\/h3>\n<p>Der Hochzeitstag ist ein \u00e4u\u00dferst g\u00fcnstiger Tag, um vergangene S\u00fcnden zu bereuen, so dass manche Brautpaare an ihrem Hochzeitstag fasten und anstelle des Gebets, das normalerweise an jedem Tag des Jahres am Nachmittag gesprochen wird, das Gebet lesen, das am Jom Kippur (Vers\u00f6hnungstag) gesprochen wird. Ihre S\u00fcnden werden an diesem Tag vergeben, da ein neues Leben zu zweit beginnt, und es symbolisiert die Tatsache, dass ihre Vereinigung sozusagen die Geburt einer neuen Seele durch die Verschmelzung ihrer jeweiligen Seelen ist.<\/p>\n<p>Das Brautpaar gilt ein Jahr lang als K\u00f6nig und K\u00f6nigin, besonders in den sieben Tagen nach der Hochzeit. Aus diesem Grund ist es ihnen verboten, irgendeine Arbeit zu verrichten, und so nutzen die Verwandten die Gelegenheit, eine gute Tat zu vollbringen, wie Diener, die ihrem K\u00f6nig oder ihrer K\u00f6nigin freudig dienen: Sie kleiden die Braut und den Br\u00e4utigam vor der Trauung, sie laden die Braut und den Br\u00e4utigam w\u00e4hrend der n\u00e4chsten sieben Tage zu einem Bankett ein und so weiter. Die Braut und der Br\u00e4utigam werden <em>Chatan<\/em> f\u00fcr den Mann und <em>Kala<\/em> f\u00fcr die Frau genannt.<\/p>\n<p>Die j\u00fcdische Hochzeit wird unter dem Brautbaldachin (<em>Chuppa<\/em>) gefeiert. Diese symbolisiert das neue Heim, das nach dem Propheten Maleachi \u201eHeiligtum des Herrn\u201c genannt wird.<\/p>\n<h3><strong>Das Ritual<\/strong><\/h3>\n<p>Die Zeremonie l\u00e4uft folgenderma\u00dfen ab: Der amtierende Rabbiner steht unter dem Brautbaldachin, wo der Br\u00e4utigam zu ihm gebeten wird; dieser kommt meist in Begleitung seiner Eltern. Schlie\u00dflich ist es die Braut, die eingeladen wird. Sie bleibt einige Meter vor dem Baldachin stehen und der Br\u00e4utigam geht hinunter, um ihr den Schleier \u00fcber das Gesicht zu legen. Diese Geste symbolisiert, dass der Br\u00e4utigam pr\u00fcft, ob es sich um seine Frau handelt, und er bedeckt sie selbst, nachdem er sich vergewissert hat; sie verweist auf die erste Ehe Jakobs, dem Laban durch T\u00e4uschung Lea anstelle von Rachel gab. Danach kehrt der Br\u00e4utigam unter die <em>Chuppa<\/em> zur\u00fcck, gefolgt von seiner zuk\u00fcnftigen Frau.<\/p>\n<h3>Das Singen der Segensspr\u00fcche<\/h3>\n<p>Der amtierende Rabbiner beginnt damit, ein Glas mit Wein zu f\u00fcllen und die Segensspr\u00fcche zur Verlobung vorzulesen:<\/p>\n<p style=\"text-align: right;\">. \u05d1\u05b8\u05bc\u05e8\u05d5\u05bc\u05da\u05b0 \u05d0\u05b7\u05ea\u05b8\u05bc\u05d4 \u05d9\u05b0\u05d4\u05d5\u05b8\u05d4 \u05d0\u05b1\u05dc\u05b9\u05d4\u05b5\u05d9\u05e0\u05d5\u05bc \u05de\u05b6\u05dc\u05b6\u05da\u05b0 \u05d4\u05b8\u05e2\u05d5\u05b9\u05dc\u05b8\u05dd, \u05d1\u05bc\u05d5\u05b9\u05e8\u05b5\u05d0 \u05e4\u05b0\u05bc\u05e8\u05b4\u05d9 \u05d4\u05b7\u05d2\u05b8\u05bc\u05e4\u05b6\u05df<\/p>\n<p style=\"text-align: right;\">\u05d1\u05b8\u05bc\u05e8\u05d5\u05bc\u05da\u05b0 \u05d0\u05b7\u05ea\u05b8\u05bc\u05d4 \u05d9\u05b0\u05d4\u05d5\u05b8\u05d4 \u05d0\u05b1\u05dc\u05b9\u05d4\u05b5\u05d9\u05e0\u05d5\u05bc \u05de\u05b6\u05dc\u05b6\u05da\u05b0 \u05d4\u05b8\u05e2\u05d5\u05b9\u05dc\u05b8\u05dd, \u05d0\u05b2\u05e9\u05c1\u05b6\u05e8 \u05e7\u05b4\u05d3\u05bc\u05b0\u05e9\u05c1\u05b8\u05e0\u05d5\u05bc \u05d1\u05bc\u05b0\u05de\u05b4\u05e6\u05b0\u05d5\u05b9\u05ea\u05b8\u05d9\u05d5 \u05d5\u05b0\u05e6\u05b4\u05d5\u05bc\u05b8\u05e0\u05d5\u05bc \u05e2\u05b7\u05dc \u05d4\u05b8\u05e2\u05b2\u05e8\u05b8\u05d9\u05d5\u05b9\u05ea \u05d5\u05b0\u05d0\u05b8\u05e1\u05b7\u05e8 \u05dc\u05b8\u05e0\u05d5\u05bc \u05d0\u05b6\u05ea\u05be\u05d4\u05b8\u05d0\u05b2\u05e8\u05d5\u05bc\u05e1\u05d5\u05b9\u05ea, \u05d5\u05b0\u05d4\u05b4\u05ea\u05bc\u05b4\u05d9\u05e8 \u05dc\u05b8\u05e0\u05d5\u05bc \u05d0\u05b6\u05ea\u05be\u05d4\u05b7\u05e0\u05bc\u05b0\u05e9\u05c2\u05d5\u05bc\u05d0\u05d5\u05b9\u05ea \u05dc\u05b8\u05e0\u05d5\u05bc \u05e2\u05b7\u05dc \u05d9\u05b0\u05d3\u05b5\u05d9 \u05d7\u05bb\u05e4\u05bc\u05b8\u05d4 \u05d1\u05b0\u05e7\u05b4\u05d3\u05bc\u05d5\u05bc\u05e9\u05c1\u05b4\u05d9\u05df. \u05d1\u05bc\u05b8\u05e8\u05d5\u05bc\u05da\u05b0 \u05d0\u05b7\u05ea\u05bc\u05b8\u05d4 \u05d9\u05b0\u05d4\u05b9\u05d5\u05b8\u05d4, \u05de\u05b0\u05e7\u05b7\u05d3\u05bc\u05b5\u05e9\u05c1 \u05e2\u05b7\u05de\u05bc\u05d5\u05b9 \u05d9\u05b4\u05e9\u05c2\u05b0\u05e8\u05b8\u05d0\u05b5\u05dc \u05e2\u05b7\u05dc \u05d9\u05b0\u05d3\u05b5\u05d9\u00a0 \u05d7\u05bb\u05e4\u05bc\u05b8\u05d4 \u05d1\u05b0\u05e7\u05b4\u05d3\u05bc\u05d5\u05bc\u05e9\u05c1\u05b4\u05d9\u05df<\/p>\n<p><em>Baruch ata Adonai Elohenu melech ha-olam, bore peri hagefen.<\/em><\/p>\n<p><em>Baruch ata Adonai Elohenu melech ha-olam, acher kidechanu bemitsvotav vetsivanu al ha-arayot ve-asar lanu et ha-arusot, ve-hitir lanu et ha-netuot lanu al yede chupa ve-kiduchin. Baruch ata Adonai, mekadech amo Yisrael al yede Chupa ve-kiduchin.<\/em><\/p>\n<figure id=\"attachment_115257\" aria-describedby=\"caption-attachment-115257\" style=\"width: 300px\" class=\"wp-caption alignright\"><img fetchpriority=\"high\" decoding=\"async\" class=\"wp-image-115257 size-medium\" src=\"https:\/\/www.iemj.org\/wp-content\/uploads\/2024\/11\/la_hupa-300x212.jpg\" alt=\"\" width=\"300\" height=\"212\" srcset=\"https:\/\/www.iemj.org\/wp-content\/uploads\/2024\/11\/la_hupa-300x212.jpg 300w, https:\/\/www.iemj.org\/wp-content\/uploads\/2024\/11\/la_hupa.jpg 500w\" sizes=\"(max-width: 300px) 100vw, 300px\" \/><figcaption id=\"caption-attachment-115257\" class=\"wp-caption-text\"><strong>Chuppa <\/strong><\/figcaption><\/figure>\n<p>Gelobt sei der Herr, unser Gott, K\u00f6nig des Universums, der die Frucht des Weins geschaffen hat.<\/p>\n<p>Gelobt sei der Herr, Ewiger, unser Gott, K\u00f6nig des Universums, der du uns durch deine Gebote geheiligt hast und uns Vorschriften \u00fcber die Verbindungen zwischen nahen Verwandten gegeben hast, die uns die Verlobungen anderer verbieten und die durch die kirchliche Trauung geweihten Verbindungen erlauben. Gepriesen seist du, Ewiger, der du Israel, dein Volk, heiligst durch den Brautbaldachin und die Weihe der Ehe.<\/p>\n<p><strong>Segen f\u00fcr Verlobte unter der Chuppa (aschkenasischer Ritus) &#8211; Jacques Arnold<\/strong><\/p>\n<audio class=\"wp-audio-shortcode\" id=\"audio-115298-1\" preload=\"none\" style=\"width: 100%;\" controls=\"controls\"><source type=\"audio\/mpeg\" src=\"https:\/\/www.iemj.org\/wp-content\/uploads\/2024\/11\/01_Benediction-des-fiances-sous-la-houppa-rite-ashkenaze_Jacques-Arnold-1.mp3?_=1\" \/><a href=\"https:\/\/www.iemj.org\/wp-content\/uploads\/2024\/11\/01_Benediction-des-fiances-sous-la-houppa-rite-ashkenaze_Jacques-Arnold-1.mp3\">https:\/\/www.iemj.org\/wp-content\/uploads\/2024\/11\/01_Benediction-des-fiances-sous-la-houppa-rite-ashkenaze_Jacques-Arnold-1.mp3<\/a><\/audio>\n<p>Die Braut und der Br\u00e4utigam probieren dann den Wein. Danach streift der Br\u00e4utigam einen goldenen, runden und glatten Ring \u00fcber das erste Glied des Zeigefingers der Braut, die ihren Finger gleich darauf beugt. Dann sagt er den folgenden Satz:<\/p>\n<p style=\"text-align: right;\">\u00a0 : \u05d4\u05b2\u05e8\u05b5\u05d9 \u05d0\u05b7\u05ea\u05bc\u05b0 \u05de\u05b0\u05e7\u05bb\u05d3\u05bc\u05b6\u05e9\u05c1\u05b6\u05ea \u05dc\u05b4\u05d9 \u05d1\u05bc\u05b0\u05d8\u05b7\u05d1\u05bc\u05b7\u05e2\u05b7\u05ea \u05d6\u05d5\u05b9 \u05db\u05bc\u05b0\u05d3\u05b7\u05ea \u05de\u05b9\u05e9\u05c1\u05b6\u05d4 \u05d5\u05b0\u05d9\u05b4\u05e9\u05c2\u05b0\u05e8\u05b8\u05d0\u05b5\u05dc<\/p>\n<p><em>Hare at mekudechet li betabaat zo kedat Moche ve-Yisrael.<\/em><\/p>\n<p><img decoding=\"async\" class=\"size-medium wp-image-115262 alignleft\" src=\"https:\/\/www.iemj.org\/wp-content\/uploads\/2024\/11\/Passage-de-lanneau-300x200.jpg\" alt=\"\" width=\"300\" height=\"200\" srcset=\"https:\/\/www.iemj.org\/wp-content\/uploads\/2024\/11\/Passage-de-lanneau-300x200.jpg 300w, https:\/\/www.iemj.org\/wp-content\/uploads\/2024\/11\/Passage-de-lanneau.jpg 600w\" sizes=\"(max-width: 300px) 100vw, 300px\" \/>Durch diesen Ring heilige ich dich nach dem Gesetz Moses und Israels.<\/p>\n<p>Es handelt sich um eine Transaktion: Der Mann schenkt der Frau einen wertvollen Ring, und indem sie dieses Geschenk annimmt, reserviert sie sich f\u00fcr ihren Ehemann. Daher der Begriff \u201emekudechet\u201c, der gleichzeitig vom zuk\u00fcnftigen Ehemann erkl\u00e4rt wird und im Hebr\u00e4ischen \u201egeweiht\u201c oder \u201ereserviert\u201c bedeutet.<\/p>\n<p>Da sich die Gesellschaft und der Geist weiterentwickelt haben, kann die Frau ihrem Mann heute am Ende der Zeremonie einen Ring \u00fcberreichen.<\/p>\n<figure id=\"attachment_115272\" aria-describedby=\"caption-attachment-115272\" style=\"width: 300px\" class=\"wp-caption alignright\"><img decoding=\"async\" class=\"wp-image-115272 size-medium\" src=\"https:\/\/www.iemj.org\/wp-content\/uploads\/2024\/11\/Ketouba-300x182.jpg\" alt=\"\" width=\"300\" height=\"182\" srcset=\"https:\/\/www.iemj.org\/wp-content\/uploads\/2024\/11\/Ketouba-300x182.jpg 300w, https:\/\/www.iemj.org\/wp-content\/uploads\/2024\/11\/Ketouba.jpg 579w\" sizes=\"(max-width: 300px) 100vw, 300px\" \/><figcaption id=\"caption-attachment-115272\" class=\"wp-caption-text\"><strong>Ketuba<\/strong><\/figcaption><\/figure>\n<p>Anschlie\u00dfend verliest der Rabbiner die Heiratsurkunde (die <em>Ketuba<\/em>) in aram\u00e4ischer Sprache. In diesem Dokument werden die finanziellen und materiellen Verpflichtungen des Mannes gegen\u00fcber seiner Frau festgehalten.<\/p>\n<p>Die Heiratsurkunde (<em>Ketuba<\/em>) muss nicht nur vom Rabbiner, sondern auch von zwei Zeugen, die nicht blutsverwandt mit dem Brautpaar sind, unterschrieben werden. Die Heiratsurkunde wird der Frau ausgeh\u00e4ndigt, die sie ihr Leben lang sorgf\u00e4ltig aufbewahrt.<\/p>\n<h3>Die Sieben-Segens-Zeremonie<\/h3>\n<p>Ein zweites Glas Wein wird gef\u00fcllt und dann beginnt die Sieben-Segens-Zeremonie (<em>Schewa Berachot<\/em>). Sie haben die Bedeutung der Beziehung zwischen den Eheleuten und dem Allm\u00e4chtigen und der Freude, die die Ehe begleitet.<\/p>\n<p><strong><em>1. Der Wein<\/em><\/strong><\/p>\n<p style=\"text-align: right;\">\u00a0 \u00a0.\u05d1\u05bc\u05b8\u05e8\u05d5\u05bc\u05da\u05b0 \u05d0\u05b7\u05ea\u05bc\u05b8\u05d4 \u05d9\u05b0\u05d9\u05b8 \u05d0\u05b1-\u05dc\u05b9\u05d4\u05b5\u05d9\u05e0\u05d5\u05bc \u05de\u05b6\u05dc\u05b6\u05da\u05b0 \u05d4\u05b8\u05e2\u05d5\u05b9\u05dc\u05b8\u05dd, \u05d1\u05bc\u05d5\u05b9\u05e8\u05b5\u05d0 \u05e4\u05bc\u05b0\u05e8\u05b4\u05d9 \u05d4\u05b7\u05d2\u05bc\u05b8\u05e4\u05b6\u05df<\/p>\n<p><em>Barukh ata Adonai Elohenu melekh ha-olam, bore peri hagefen.<\/em><\/p>\n<p>Gelobt sei der Herr, unser Gott, K\u00f6nig des Universums, der die Frucht des Weins geschaffen hat.<\/p>\n<p><strong>1. Segen (aschkenasischer Ritus) &#8211; Joseph Blumberg, an der Orgel begleitet von Alain Jehan, Dir: L\u00e9on Algazi (Le chant h\u00e9bra\u00efque de la synagogue fran\u00e7aise, Ed. La Voix de Son Ma\u00eetre, 1933)<\/strong><\/p>\n<audio class=\"wp-audio-shortcode\" id=\"audio-115298-2\" preload=\"none\" style=\"width: 100%;\" controls=\"controls\"><source type=\"audio\/mpeg\" src=\"https:\/\/www.iemj.org\/wp-content\/uploads\/2024\/11\/02_Sheva-bekharot_1ere-benediction-rite-ashkenaze_J-Blumberg-A-Jehan.mp3?_=2\" \/><a href=\"https:\/\/www.iemj.org\/wp-content\/uploads\/2024\/11\/02_Sheva-bekharot_1ere-benediction-rite-ashkenaze_J-Blumberg-A-Jehan.mp3\">https:\/\/www.iemj.org\/wp-content\/uploads\/2024\/11\/02_Sheva-bekharot_1ere-benediction-rite-ashkenaze_J-Blumberg-A-Jehan.mp3<\/a><\/audio>\n<p><strong><em>2. Der Zweck<\/em><\/strong><\/p>\n<p style=\"text-align: right;\">\u00a0 .\u05d1\u05bc\u05b8\u05e8\u05d5\u05bc\u05da\u05b0 \u05d0\u05b7\u05ea\u05bc\u05b8\u05d4 \u05d9\u05b0\u05d9\u05b8 \u05d0\u05b1-\u05dc\u05b9\u05d4\u05b5\u05d9\u05e0\u05d5\u05bc \u05de\u05b6\u05dc\u05b6\u05da\u05b0 \u05d4\u05b8\u05e2\u05d5\u05b9\u05dc\u05b8\u05dd, \u05e9\u05c1\u05b6\u05d4\u05b7\u05db\u05bc\u05b9\u05dc \u05d1\u05bc\u05b8\u05e8\u05b8\u05d0 \u05dc\u05b4\u05db\u05b0\u05d1\u05d5\u05b9\u05d3\u05d5\u05b9<\/p>\n<p><em>Baruch ata Adonai Elohenu melech ha-olam, chehakol bara lichvodo.<\/em><\/p>\n<p>Gelobt sei der Herr, unser Gott, K\u00f6nig des Universums, der du alles zu seiner Ehre erschaffen hast.<\/p>\n<p><strong>2. Segen (aschkenasischer Ritus) &#8211; Joseph Blumberg, an der Orgel begleitet von Alain Jehan, Dir: L\u00e9on Algazi (Le chant h\u00e9bra\u00efque de la synagogue fran\u00e7aise, Ed. La Voix de Son Ma\u00eetre, 1933)<\/strong><\/p>\n<audio class=\"wp-audio-shortcode\" id=\"audio-115298-3\" preload=\"none\" style=\"width: 100%;\" controls=\"controls\"><source type=\"audio\/mpeg\" src=\"https:\/\/www.iemj.org\/wp-content\/uploads\/2024\/11\/03_Sheva-bekharot_2e-benediction-rite-ashkenaze_J-Blumberg-A-Jehan.mp3?_=3\" \/><a href=\"https:\/\/www.iemj.org\/wp-content\/uploads\/2024\/11\/03_Sheva-bekharot_2e-benediction-rite-ashkenaze_J-Blumberg-A-Jehan.mp3\">https:\/\/www.iemj.org\/wp-content\/uploads\/2024\/11\/03_Sheva-bekharot_2e-benediction-rite-ashkenaze_J-Blumberg-A-Jehan.mp3<\/a><\/audio>\n<p><strong><em>3. Der Mensch<\/em><\/strong><\/p>\n<p style=\"text-align: right;\">\u00a0 .\u05d1\u05bc\u05b8\u05e8\u05d5\u05bc\u05da\u05b0 \u05d0\u05b7\u05ea\u05bc\u05b8\u05d4 \u05d9\u05b0\u05d9\u05b8 \u05d0\u05b1-\u05dc\u05b9\u05d4\u05b5\u05d9\u05e0\u05d5\u05bc \u05de\u05b6\u05dc\u05b6\u05da\u05b0 \u05d4\u05b8\u05e2\u05d5\u05b9\u05dc\u05b8\u05dd, \u05d9\u05d5\u05b9\u05e6\u05b5\u05e8 \u05d4\u05b8\u05d0\u05b8\u05d3\u05b8\u05dd<\/p>\n<p><em>Barukh ata Adonai Elohenu melech ha-olam, yotser ha-adam<\/em>.<\/p>\n<p>Gelobt sei der Herr, unser Gott, K\u00f6nig des Universums, der du den Menschen erschaffen hast.<\/p>\n<p><strong>3. Segen (aschkenasischer Ritus) &#8211; Joseph Blumberg, an der Orgel begleitet von Alain Jehan, Dir: L\u00e9on Algazi (Le chant h\u00e9bra\u00efque de la synagogue fran\u00e7aise, Ed. La Voix de Son Ma\u00eetre, 1933), 1933)<\/strong><\/p>\n<audio class=\"wp-audio-shortcode\" id=\"audio-115298-4\" preload=\"none\" style=\"width: 100%;\" controls=\"controls\"><source type=\"audio\/mpeg\" src=\"https:\/\/www.iemj.org\/wp-content\/uploads\/2024\/11\/04_Sheva-bekharot_3e-benediction-rite-ashkenaze_J-Blumberg-A-Jehan.mp3?_=4\" \/><a href=\"https:\/\/www.iemj.org\/wp-content\/uploads\/2024\/11\/04_Sheva-bekharot_3e-benediction-rite-ashkenaze_J-Blumberg-A-Jehan.mp3\">https:\/\/www.iemj.org\/wp-content\/uploads\/2024\/11\/04_Sheva-bekharot_3e-benediction-rite-ashkenaze_J-Blumberg-A-Jehan.mp3<\/a><\/audio>\n<p><strong><em>4. Die Frau<\/em><\/strong><\/p>\n<p style=\"text-align: right;\">\u05d1\u05bc\u05b8\u05e8\u05d5\u05bc\u05da\u05b0 \u05d0\u05b7\u05ea\u05bc\u05b8\u05d4 \u05d9\u05b0\u05d9\u05b8 \u05d0\u05b1-\u05dc\u05b9\u05d4\u05b5\u05d9\u05e0\u05d5\u05bc \u05de\u05b6\u05dc\u05b6\u05da\u05b0 \u05d4\u05b8\u05e2\u05d5\u05b9\u05dc\u05b8\u05dd, \u05d0\u05b2\u05e9\u05c1\u05b6\u05e8 \u05d9\u05b8\u05e6\u05b7\u05e8 \u05d0\u05b6\u05ea \u05d4\u05b8\u05d0\u05b8\u05d3\u05b8\u05dd \u05d1\u05bc\u05b0\u05e6\u05b7\u05dc\u05b0\u05de\u05d5\u05b9, \u05d1\u05bc\u05b0\u05e6\u05b6\u05dc\u05b6\u05dd \u05d3\u05bc\u05b0\u05de\u05d5\u05bc\u05ea \u05ea\u05bc\u05b7\u05d1\u05b0\u05e0\u05b4\u05d9\u05ea\u05d5\u05b9, \u05d5\u05b0\u05d4\u05b4\u05ea\u05b0\u05e7\u05b4\u05d9\u05df \u05dc\u05d5\u05b9 \u05de\u05b4\u05de\u05bc\u05b6\u05e0\u05bc\u05d5\u05bc \u05d1\u05bc\u05b4\u05e0\u05b0\u05d9\u05b7\u05df \u05e2\u05b2\u05d3\u05b5\u05d9 \u05e2\u05b7\u05d3: \u05d1\u05bc\u05b8\u05e8\u05d5\u05bc\u05da\u05b0 \u05d0\u05b7\u05ea\u05bc\u05b8\u05d4 \u05d9\u05b0\u05d9\u05b8, \u05d9\u05d5\u05b9\u05e6\u05b5\u05e8 \u05d4\u05b8\u05d0\u05b8\u05d3\u05b8\u05dd<\/p>\n<p><em>Baruch ata Adonai Elohenu melekh ha-olam, asher yatsar et ha-adam betsalmo, betselem demut tavnito, vehitkin lo mimenu bintyan ade ad. Baruch ata Adonai, yotser ha-adam.<\/em><\/p>\n<p>Gelobt sei der Herr, unser Gott, K\u00f6nig des Universums, der du den Menschen nach seinem Bild erschaffen und ihn zu einem Denkmal f\u00fcr die Ewigkeit gemacht hast. Sei gepriesen, Ewiger, Sch\u00f6pfer des Menschen.<\/p>\n<p><strong>4. Segen (aschkenasischer Ritus) &#8211; Joseph Blumberg, an der Orgel begleitet von Alain Jehan, Dir: L\u00e9on Algazi (Le chant h\u00e9bra\u00efque de la synagogue fran\u00e7aise, Ed. La Voix de Son Ma\u00eetre, 1933)<\/strong><\/p>\n<audio class=\"wp-audio-shortcode\" id=\"audio-115298-5\" preload=\"none\" style=\"width: 100%;\" controls=\"controls\"><source type=\"audio\/mpeg\" src=\"https:\/\/www.iemj.org\/wp-content\/uploads\/2024\/11\/05_Sheva-bekharot_4e-benediction-rite-ashkenaze_J-Blumberg-A-Jehan.mp3?_=5\" \/><a href=\"https:\/\/www.iemj.org\/wp-content\/uploads\/2024\/11\/05_Sheva-bekharot_4e-benediction-rite-ashkenaze_J-Blumberg-A-Jehan.mp3\">https:\/\/www.iemj.org\/wp-content\/uploads\/2024\/11\/05_Sheva-bekharot_4e-benediction-rite-ashkenaze_J-Blumberg-A-Jehan.mp3<\/a><\/audio>\n<p><strong><em>5. Jerusalem<\/em><\/strong><\/p>\n<p style=\"text-align: right;\">\u00a0 .\u05e9\u05c2\u05d5\u05b9\u05e9\u05c2 \u05ea\u05bc\u05b8\u05e9\u05c2\u05b4\u05d9\u05e9\u05c2 \u05d5\u05b0\u05ea\u05b8\u05d2\u05b5\u05dc \u05d4\u05b8\u05e2\u05b2\u05e7\u05b8\u05e8\u05b8\u05d4, \u05d1\u05bc\u05b0\u05e7\u05b4\u05d1\u05bc\u05d5\u05bc\u05e5 \u05d1\u05bc\u05b8\u05e0\u05b6\u05d9\u05d4\u05b8 \u05dc\u05b0\u05ea\u05d5\u05b9\u05db\u05b8\u05d4\u05bc \u05d1\u05bc\u05b0\u05e9\u05c2\u05b4\u05de\u05b0\u05d7\u05b8\u05d4: \u05d1\u05bc\u05b8\u05e8\u05d5\u05bc\u05da\u05b0 \u05d0\u05b7\u05ea\u05bc\u05b8\u05d4 \u05d9\u05b0\u05d9\u05b8, \u05de\u05b0\u05e9\u05c2\u05b7\u05de\u05bc\u05b5\u05d7\u05b7 \u05e6\u05b4\u05d9\u05bc\u05d5\u05b9\u05df \u05d1\u05bc\u05b0\u05d1\u05b8\u05e0\u05b6\u05d9\u05d4\u05b8<\/p>\n<p><em>Sos tasis ve-tagel ha-akara, bekibuts baneha letochah besimcha. Baruch ata Adonai mesameach Zion bevaneha.<\/em><\/p>\n<p>Zion wird sich freuen, wenn der Ewige seine Kinder sammelt. Gelobt seist du, Ewiger, der du Zion erfreust durch seine Kinder.<\/p>\n<p><strong>5. Segen (aschkenasischer Ritus) &#8211; Joseph Blumberg, an der Orgel begleitet von Alain Jehan, Dir: L\u00e9on Algazi (Le chant h\u00e9bra\u00efque de la synagogue fran\u00e7aise, Ed. La Voix de Son Ma\u00eetre, 1933)<\/strong><\/p>\n<audio class=\"wp-audio-shortcode\" id=\"audio-115298-6\" preload=\"none\" style=\"width: 100%;\" controls=\"controls\"><source type=\"audio\/mpeg\" src=\"https:\/\/www.iemj.org\/wp-content\/uploads\/2024\/11\/06_Sheva-bekharot_5e-benediction-rite-ashkenaze_J-Blumberg-A-Jehan.mp3?_=6\" \/><a href=\"https:\/\/www.iemj.org\/wp-content\/uploads\/2024\/11\/06_Sheva-bekharot_5e-benediction-rite-ashkenaze_J-Blumberg-A-Jehan.mp3\">https:\/\/www.iemj.org\/wp-content\/uploads\/2024\/11\/06_Sheva-bekharot_5e-benediction-rite-ashkenaze_J-Blumberg-A-Jehan.mp3<\/a><\/audio>\n<p><strong><em>6. Die Freude<\/em><\/strong><\/p>\n<p style=\"text-align: right;\">\u00a0 .\u05e9\u05c2\u05b7\u05de\u05bc\u05b7\u05d7 \u05ea\u05bc\u05b0\u05e9\u05c2\u05b7\u05de\u05bc\u05b7\u05d7 \u05e8\u05b5\u05e2\u05b4\u05d9\u05dd \u05d4\u05b8\u05d0\u05b2\u05d4\u05d5\u05bc\u05d1\u05b4\u05d9\u05dd, \u05db\u05bc\u05b0\u05e9\u05c2\u05b7\u05de\u05bc\u05b5\u05d7\u05b2\u05da\u05b8 \u05d9\u05b0\u05e6\u05b4\u05d9\u05e8\u05b0\u05da\u05b8 \u05d1\u05bc\u05b0\u05d2\u05b7\u05df \u05e2\u05b5\u05bd\u05d3\u05b6\u05df \u05de\u05b4\u05e7\u05bc\u05b6\u05bd\u05d3\u05b6\u05dd: \u05d1\u05bc\u05b8\u05e8\u05d5\u05bc\u05da\u05b0 \u05d0\u05b7\u05ea\u05bc\u05b8\u05d4 \u05d9\u05b0\u05d9\u05b8, \u05de\u05b0\u05e9\u05c2\u05b7\u05de\u05bc\u05b5\u05bd\u05d7\u05b7 \u05d7\u05b8\u05ea\u05b8\u05df \u05d5\u05b0\u05db\u05b7\u05dc\u05bc\u05b8\u05d4<\/p>\n<p><em>Samach tesamach re\u00efm ha-ahuvim, kesame\u1e25acha yetsircha began eden mikedem. Barukh ata Adonai mesameach chatan vekala.<\/em><\/p>\n<p>M\u00f6gest du dieses geliebte Paar erfreuen, wie du einst die Gesch\u00f6pfe im Garten Eden erfreut hast. Sei gepriesen, Ewiger, der du Br\u00e4utigam und Braut erfreust.<\/p>\n<p><strong>6. Segen (aschkenasischer Ritus) &#8211; Joseph Blumberg, an der Orgel begleitet von Alain Jehan, Dir: L\u00e9on Algazi (Le chant h\u00e9bra\u00efque de la synagogue fran\u00e7aise, Ed. La Voix de Son Ma\u00eetre, 1933)<\/strong><\/p>\n<audio class=\"wp-audio-shortcode\" id=\"audio-115298-7\" preload=\"none\" style=\"width: 100%;\" controls=\"controls\"><source type=\"audio\/mpeg\" src=\"https:\/\/www.iemj.org\/wp-content\/uploads\/2024\/11\/07_Sheva-bekharot_6e-benediction-rite-ashkenaze_J-Blumberg-A-Jehan.mp3?_=7\" \/><a href=\"https:\/\/www.iemj.org\/wp-content\/uploads\/2024\/11\/07_Sheva-bekharot_6e-benediction-rite-ashkenaze_J-Blumberg-A-Jehan.mp3\">https:\/\/www.iemj.org\/wp-content\/uploads\/2024\/11\/07_Sheva-bekharot_6e-benediction-rite-ashkenaze_J-Blumberg-A-Jehan.mp3<\/a><\/audio>\n<p><strong><em>7. Vollst\u00e4ndigkeit und dar\u00fcber hinaus<\/em><\/strong><\/p>\n<p style=\"text-align: right;\">\u05d1\u05bc\u05b8\u05e8\u05d5\u05bc\u05da\u05b0 \u05d0\u05b7\u05ea\u05bc\u05b8\u05d4 \u05d9\u05b0\u05d9\u05b8 \u05d0\u05b1-\u05dc\u05b9\u05d4\u05b5\u05d9\u05e0\u05d5\u05bc \u05de\u05b6\u05dc\u05b6\u05da\u05b0 \u05d4\u05b8\u05e2\u05d5\u05b9\u05dc\u05b8\u05dd, \u05d0\u05b2\u05e9\u05c1\u05b6\u05e8 \u05d1\u05bc\u05b8\u05e8\u05b8\u05d0 \u05e9\u05c2\u05b8\u05e9\u05c2\u05d5\u05b9\u05df \u05d5\u05b0\u05e9\u05c2\u05b4\u05de\u05b0\u05d7\u05b8\u05d4, \u05d7\u05b8\u05ea\u05b8\u05df \u05d5\u05b0\u05db\u05b7\u05dc\u05bc\u05b8\u05d4, \u05d2\u05bc\u05b4\u05d9\u05dc\u05b8\u05d4 \u05e8\u05b4\u05e0\u05bc\u05b8\u05d4 \u05d3\u05bc\u05b4\u05d9\u05e6\u05b8\u05d4 \u05d5\u05b0\u05d7\u05b6\u05d3\u05b0\u05d5\u05b8\u05d4, \u05d0\u05b7\u05d4\u05b2\u05d1\u05b8\u05d4 \u05d5\u05b0\u05d0\u05b7\u05d7\u05b2\u05d5\u05b8\u05d4 \u05e9\u05c1\u05b8\u05dc\u05d5\u05b9\u05dd \u05d5\u05b0\u05e8\u05b5\u05e2\u05d5\u05bc\u05ea, \u05de\u05b0\u05d4\u05b5\u05e8\u05b8\u05d4 \u05d9\u05b0\u05d9\u05b8 \u05d0\u05b1-\u05dc\u05b9\u05d4\u05b5\u05d9\u05e0\u05d5\u05bc \u05d9\u05b4\u05e9\u05bc\u05c1\u05b8\u05de\u05b7\u05e2 \u05d1\u05bc\u05b0\u05e2\u05b8\u05e8\u05b5\u05d9 \u05d9\u05b0\u05d4\u05d5\u05bc\u05d3\u05b8\u05d4 \u05d5\u05bc\u05d1\u05b0\u05d7\u05d5\u05bc\u05e6\u05d5\u05b9\u05ea \u05d9\u05b0\u05e8\u05d5\u05bc\u05e9\u05c1\u05b8\u05dc\u05b8\u05d9\u05b4\u05dd, \u05e7\u05d5\u05b9\u05dc \u05e9\u05c2\u05b8\u05e9\u05c2\u05d5\u05b9\u05df \u05d5\u05b0\u05e7\u05d5\u05b9\u05dc \u05e9\u05c2\u05b4\u05de\u05b0\u05d7\u05b8\u05d4, \u05e7\u05d5\u05b9\u05dc \u05d7\u05b8\u05ea\u05b8\u05df \u05d5\u05b0\u05e7\u05d5\u05b9\u05dc \u05db\u05bc\u05b7\u05dc\u05bc\u05b8\u05d4, \u05e7\u05d5\u05b9\u05dc \u05de\u05b4\u05e6\u05b0\u05d4\u05b2\u05dc\u05d5\u05b9\u05ea \u05d7\u05b2\u05ea\u05b8\u05e0\u05b4\u05d9\u05dd \u05de\u05b5\u05d7\u05bb\u05e4\u05bc\u05b8\u05ea\u05b8\u05dd, \u05d5\u05bc\u05e0\u05b0\u05e2\u05b8\u05e8\u05b4\u05d9\u05dd \u05de\u05b4\u05de\u05bc\u05b4\u05e9\u05c1\u05b0\u05ea\u05bc\u05b5\u05d4 \u05e0\u05b0\u05d2\u05b4\u05d9\u05e0\u05b8\u05ea\u05b8\u05dd: \u05d1\u05bc\u05b8\u05e8\u05d5\u05bc\u05da\u05b0 \u05d0\u05b7\u05ea\u05bc\u05b8\u05d4 \u05d9\u05b0\u05d9\u05b8, \u05de\u05b0\u05e9\u05c2\u05b7\u05de\u05bc\u05b5\u05d7\u05b7 \u05d7\u05b8\u05ea\u05b8\u05df \u05e2\u05b4\u05dd \u05d4\u05b7\u05db\u05bc\u05b7\u05dc\u05bc\u05b8\u05d4<\/p>\n<p><em>Barukh ata Adonai Elohenu melech ha-olam, acher bara sason vesimcha, chatan vekala, gila rina ditsa ve\u1e25edva, ahava veachva shalom vereut. Mehera Adonai Elohenu yishama beare Yehuda ouv\u1e25utsot Jeruchalayim, kol sason vekol simcha, kol chatan vekol kala, kol mizchalot chatanim mec\u1e25upatam, unarim mimishte neginatam. Barukh ata Adonai mesameac\u1e25 c\u1e25atan im ha-kala\u00a0\u00a0\u00a0 <\/em>\u00a0<\/p>\n<p>Gelobt sei der Herr, unser Gott, K\u00f6nig der Welt, der du geschaffen hast Freude, Jubel, Br\u00e4utigam, Braut, Liebe und Br\u00fcderlichkeit, Wonne und Lust, Freundschaft und Frieden. O Gott, unser Gott, lass bald in den St\u00e4dten Judas und auf den Gassen Jerusalems die Stimme der Freude erschallen, die Stimme des Jubels, die den Br\u00e4utigamen vorausgeht, wenn sie von ihrem Hochzeitsbaldachin heraustreten, und den J\u00fcnglingen, wenn sie von ihrem Festmahl voller Gesang zur\u00fcckkehren. Gelobt sei der Herr, unser Gott, K\u00f6nig der Welt, der du den Br\u00e4utigam und die Braut erfreust und sie gl\u00fccklich machst.<\/p>\n<p><strong>7. Segen (aschkenasischer Ritus) &#8211; Joseph Blumberg, an der Orgel begleitet von Alain Jehan, Dir: L\u00e9on Algazi (Le chant h\u00e9bra\u00efque de la synagogue fran\u00e7aise, Ed. La Voix de Son Ma\u00eetre, 1933)<\/strong><\/p>\n<audio class=\"wp-audio-shortcode\" id=\"audio-115298-8\" preload=\"none\" style=\"width: 100%;\" controls=\"controls\"><source type=\"audio\/mpeg\" src=\"https:\/\/www.iemj.org\/wp-content\/uploads\/2024\/11\/08_Sheva-bekharot_7e-benediction-rite-ashkenaze_J-Blumberg-A-Jehan.mp3?_=8\" \/><a href=\"https:\/\/www.iemj.org\/wp-content\/uploads\/2024\/11\/08_Sheva-bekharot_7e-benediction-rite-ashkenaze_J-Blumberg-A-Jehan.mp3\">https:\/\/www.iemj.org\/wp-content\/uploads\/2024\/11\/08_Sheva-bekharot_7e-benediction-rite-ashkenaze_J-Blumberg-A-Jehan.mp3<\/a><\/audio>\n<p>Anschlie\u00dfend trinkt das Brautpaar den Wein aus diesem zweiten Kelch.<\/p>\n<h3>Das Ende der Hochzeitszeremonie<\/h3>\n<p>Der letzte Schritt der Zeremonie ist das Zerbrechen des Glases, das an die Zerst\u00f6rung des Tempels in Jerusalem erinnern soll und damit bedeutet, dass keine Freude vollkommen sein kann, solange der Tempel in Jerusalem nicht wieder aufgebaut ist.<\/p>\n<p>Der Br\u00e4utigam rezitiert den folgenden Satz aus Psalm 137:<\/p>\n<p style=\"text-align: right;\">\u00a0 \u00a0 .\u05d0\u05b4\u05dd\u05be\u05d0\u05b6\u05e9\u05c1\u05b0\u05db\u05bc\u05b8\u05d7\u05b5\u05da\u05b0 \u05d9\u05b0\u05e8\u05d5\u05bc\u05e9\u05c1\u05b8\u05dc\u05b8\u034f\u05b4\u05dd \u05ea\u05bc\u05b4\u05e9\u05c1\u05b0\u05db\u05bc\u05b7\u05d7 \u05d9\u05b0\u05de\u05b4\u05d9\u05e0\u05b4\u05d9\u00a0.\u05ea\u05bc\u05b4\u05d3\u05b0\u05d1\u05bc\u05b7\u05e7\u05be\u05dc\u05b0\u05e9\u05c1\u05d5\u05b9\u05e0\u05b4\u05d9\u2009 \u05dc\u05b0\u05d7\u05b4\u05db\u05bc\u05b4\u05d9 \u05d0\u05b4\u05dd\u05be\u05dc\u05b9\u05d0 \u05d0\u05b6\u05d6\u05b0\u05db\u05bc\u05b0\u05e8\u05b5\u05db\u05b4\u05d9 \u05d0\u05b4\u05dd\u05be\u05dc\u05b9\u05d0 \u05d0\u05b7\u05e2\u05b2\u05dc\u05b6\u05d4 \u05d0\u05b6\u05ea\u05be\u05d9\u05b0\u05e8\u05d5\u05bc\u05e9\u05c1\u05b8\u05dc\u05b7\u034f\u05b4\u05dd \u05e2\u05b7\u05dc \u05e8\u05b9\u05d0\u05e9\u05c1 \u05e9\u05c2\u05b4\u05de\u05b0\u05d7\u05b8\u05ea\u05b4\u05d9<\/p>\n<p><em>Im eshka\u1e25ekh Yeruchalayim tichkach yemini. Tidbak lechoni lec\u1e25iki im lo ezkerechi. Im lo aale et Jeruchalayim al rosh simchati.<\/em><\/p>\n<p><img loading=\"lazy\" decoding=\"async\" class=\"size-medium wp-image-115277 alignright\" src=\"https:\/\/www.iemj.org\/wp-content\/uploads\/2024\/11\/Verre-brise-Syna-300x183.jpg\" alt=\"\" width=\"300\" height=\"183\" srcset=\"https:\/\/www.iemj.org\/wp-content\/uploads\/2024\/11\/Verre-brise-Syna-300x183.jpg 300w, https:\/\/www.iemj.org\/wp-content\/uploads\/2024\/11\/Verre-brise-Syna-600x365.jpg 600w, https:\/\/www.iemj.org\/wp-content\/uploads\/2024\/11\/Verre-brise-Syna.jpg 646w\" sizes=\"(max-width: 300px) 100vw, 300px\" \/>Wenn ich dich vergesse, Jerusalem, so soll meine Rechte mich vergessen. Meine Zunge soll an meinem Gaumen kleben, wenn ich nicht an dich denke, wenn ich Jerusalem nicht \u00fcber meine Freude erhebe.<\/p>\n<p>Der Br\u00e4utigam zerbricht dann mit seinem Fu\u00df ein Glas, das in der Regel mit einem Tuch umwickelt ist, um Splitter zu vermeiden. Die G\u00e4ste rufen dann auf Hebr\u00e4isch \u201eMazel Tov!\u201c (w\u00f6rtlich \u201eguter Stern\u201c, im Sinne von \u201ebeste W\u00fcnsche\u201c).<\/p>\n<h3>Der Hochzeitsempfang und die Feierlichkeiten nach der Hochzeit<\/h3>\n<p>Es ist eine besondere Verpflichtung, dem Brautpaar eine Freude zu bereiten. Deshalb folgt auf die Trauung ein Empfang mit einem Festmahl, bei dem Brot und Fleisch gegessen werden, begleitet von Musik und Tanz.<\/p>\n<p>Nach dem Essen versammeln sich alle G\u00e4ste, um die Danksagung (Birkat Hamazone) zu sprechen. Danach werden die Sieben Segen (Sheva Berachoth) noch einmal \u00fcber einem Glas Wein gesprochen. Ebenso wird das Brautpaar in den sieben Tagen nach der Hochzeit jeden Abend von den Verwandten zu einem Festmahl zu ihren Ehren eingeladen, nach dem wiederum die Sieben Segen gesprochen werden.<\/p>\n<p><a href=\"https:\/\/www.iemj.org\/de\/le-mariage-traditionnel-juif-1\/\" target=\"_blank\" rel=\"noopener\">H\u00f6ren Sie sich die Playlist an: Die traditionelle j\u00fcdische Hochzeit 1<\/a><\/p>\n<p><a href=\"https:\/\/www.iemj.org\/de\/le-mariage-traditionnel-juif-2\/\" target=\"_blank\" rel=\"noopener\">H\u00f6ren Sie sich die Playlist an: Die traditionelle j\u00fcdische Hochzeit 2<\/a><\/p>\n\n\n<p><\/p>\n","protected":false},"excerpt":{"rendered":"<p>Die j\u00fcdische Hochzeit wird nach zahlreichen Br\u00e4uchen und Gesetzen gefeiert, die ihre ganze spirituelle und materielle Bedeutung zum Ausdruck bringen sollen. Alle diese Rituale dr\u00fccken mit Hilfe von Gesten, Symbolen<\/p>\n","protected":false},"author":5,"featured_media":115245,"comment_status":"closed","ping_status":"closed","sticky":false,"template":"","format":"standard","meta":{"_acf_changed":false,"footnotes":""},"categories":[1406,1410],"tags":[],"technique":[],"squelettes":[],"sujet":[1768],"formation":[],"genre":[],"fonds":[],"tradition":[],"type-de-contenu":[],"interprete-compositeur":[],"frise":[],"type-devenement":[],"tableaux-liens-externes":[],"class_list":["post-115298","post","type-post","status-publish","format-standard","has-post-thumbnail","hentry","category-hintergrundartikel-de","category-liturgische-musik-de","sujet-hochzeit"],"acf":[],"yoast_head":"<!-- This site is optimized with the Yoast SEO plugin v27.3 - https:\/\/yoast.com\/product\/yoast-seo-wordpress\/ -->\n<title>Die Hochzeit - Institut Europ\u00e9en des Musiques Juives<\/title>\n<meta name=\"robots\" content=\"index, follow, max-snippet:-1, max-image-preview:large, max-video-preview:-1\" \/>\n<link rel=\"canonical\" href=\"https:\/\/www.iemj.org\/de\/le-mariage-juif\/\" \/>\n<meta property=\"og:locale\" content=\"de_DE\" \/>\n<meta property=\"og:type\" content=\"article\" \/>\n<meta property=\"og:title\" content=\"Die Hochzeit - Institut Europ\u00e9en des Musiques Juives\" \/>\n<meta property=\"og:description\" content=\"Die j\u00fcdische Hochzeit wird nach zahlreichen Br\u00e4uchen und Gesetzen gefeiert, die ihre ganze spirituelle und materielle Bedeutung zum Ausdruck bringen sollen. Alle diese Rituale dr\u00fccken mit Hilfe von Gesten, Symbolen\" \/>\n<meta property=\"og:url\" content=\"https:\/\/www.iemj.org\/de\/le-mariage-juif\/\" \/>\n<meta property=\"og:site_name\" content=\"Institut Europ\u00e9en des Musiques Juives\" \/>\n<meta property=\"article:publisher\" content=\"https:\/\/www.facebook.com\/MusiquesJuives\/\" \/>\n<meta property=\"article:published_time\" content=\"2024-11-19T16:59:20+00:00\" \/>\n<meta property=\"article:modified_time\" content=\"2025-05-08T09:10:46+00:00\" \/>\n<meta property=\"og:image\" content=\"https:\/\/www.iemj.org\/wp-content\/uploads\/2024\/11\/Logo-article-mariage-juif.jpg\" \/>\n\t<meta property=\"og:image:width\" content=\"500\" \/>\n\t<meta property=\"og:image:height\" content=\"500\" \/>\n\t<meta property=\"og:image:type\" content=\"image\/jpeg\" \/>\n<meta name=\"author\" content=\"Jacqueline ROTEN\" \/>\n<meta name=\"twitter:card\" content=\"summary_large_image\" \/>\n<meta name=\"twitter:label1\" content=\"Verfasst von\" \/>\n\t<meta name=\"twitter:data1\" content=\"Jacqueline ROTEN\" \/>\n\t<meta name=\"twitter:label2\" content=\"Gesch\u00e4tzte Lesezeit\" \/>\n\t<meta name=\"twitter:data2\" content=\"11\u00a0Minuten\" \/>\n<script type=\"application\/ld+json\" class=\"yoast-schema-graph\">{\"@context\":\"https:\\\/\\\/schema.org\",\"@graph\":[{\"@type\":\"Article\",\"@id\":\"https:\\\/\\\/www.iemj.org\\\/de\\\/le-mariage-juif\\\/#article\",\"isPartOf\":{\"@id\":\"https:\\\/\\\/www.iemj.org\\\/de\\\/le-mariage-juif\\\/\"},\"author\":{\"name\":\"Jacqueline ROTEN\",\"@id\":\"https:\\\/\\\/www.iemj.org\\\/de\\\/#\\\/schema\\\/person\\\/358e26c18aca017fcc4cc15437f7279c\"},\"headline\":\"Die Hochzeit\",\"datePublished\":\"2024-11-19T16:59:20+00:00\",\"dateModified\":\"2025-05-08T09:10:46+00:00\",\"mainEntityOfPage\":{\"@id\":\"https:\\\/\\\/www.iemj.org\\\/de\\\/le-mariage-juif\\\/\"},\"wordCount\":1890,\"publisher\":{\"@id\":\"https:\\\/\\\/www.iemj.org\\\/de\\\/#organization\"},\"image\":{\"@id\":\"https:\\\/\\\/www.iemj.org\\\/de\\\/le-mariage-juif\\\/#primaryimage\"},\"thumbnailUrl\":\"https:\\\/\\\/www.iemj.org\\\/wp-content\\\/uploads\\\/2024\\\/11\\\/Logo-article-mariage-juif.jpg\",\"articleSection\":[\"Hintergrundartikel\",\"Liturgische Musik\"],\"inLanguage\":\"de\"},{\"@type\":\"WebPage\",\"@id\":\"https:\\\/\\\/www.iemj.org\\\/de\\\/le-mariage-juif\\\/\",\"url\":\"https:\\\/\\\/www.iemj.org\\\/de\\\/le-mariage-juif\\\/\",\"name\":\"Die Hochzeit - Institut Europ\u00e9en des Musiques Juives\",\"isPartOf\":{\"@id\":\"https:\\\/\\\/www.iemj.org\\\/de\\\/#website\"},\"primaryImageOfPage\":{\"@id\":\"https:\\\/\\\/www.iemj.org\\\/de\\\/le-mariage-juif\\\/#primaryimage\"},\"image\":{\"@id\":\"https:\\\/\\\/www.iemj.org\\\/de\\\/le-mariage-juif\\\/#primaryimage\"},\"thumbnailUrl\":\"https:\\\/\\\/www.iemj.org\\\/wp-content\\\/uploads\\\/2024\\\/11\\\/Logo-article-mariage-juif.jpg\",\"datePublished\":\"2024-11-19T16:59:20+00:00\",\"dateModified\":\"2025-05-08T09:10:46+00:00\",\"breadcrumb\":{\"@id\":\"https:\\\/\\\/www.iemj.org\\\/de\\\/le-mariage-juif\\\/#breadcrumb\"},\"inLanguage\":\"de\",\"potentialAction\":[{\"@type\":\"ReadAction\",\"target\":[\"https:\\\/\\\/www.iemj.org\\\/de\\\/le-mariage-juif\\\/\"]}]},{\"@type\":\"ImageObject\",\"inLanguage\":\"de\",\"@id\":\"https:\\\/\\\/www.iemj.org\\\/de\\\/le-mariage-juif\\\/#primaryimage\",\"url\":\"https:\\\/\\\/www.iemj.org\\\/wp-content\\\/uploads\\\/2024\\\/11\\\/Logo-article-mariage-juif.jpg\",\"contentUrl\":\"https:\\\/\\\/www.iemj.org\\\/wp-content\\\/uploads\\\/2024\\\/11\\\/Logo-article-mariage-juif.jpg\",\"width\":500,\"height\":500},{\"@type\":\"BreadcrumbList\",\"@id\":\"https:\\\/\\\/www.iemj.org\\\/de\\\/le-mariage-juif\\\/#breadcrumb\",\"itemListElement\":[{\"@type\":\"ListItem\",\"position\":1,\"name\":\"Accueil\",\"item\":\"https:\\\/\\\/www.iemj.org\\\/de\\\/\"},{\"@type\":\"ListItem\",\"position\":2,\"name\":\"Die Hochzeit\"}]},{\"@type\":\"WebSite\",\"@id\":\"https:\\\/\\\/www.iemj.org\\\/de\\\/#website\",\"url\":\"https:\\\/\\\/www.iemj.org\\\/de\\\/\",\"name\":\"Institut Europ\u00e9en des Musiques Juives\",\"description\":\"Des traditions musicales \u00e0 la port\u00e9e de tous\",\"publisher\":{\"@id\":\"https:\\\/\\\/www.iemj.org\\\/de\\\/#organization\"},\"potentialAction\":[{\"@type\":\"SearchAction\",\"target\":{\"@type\":\"EntryPoint\",\"urlTemplate\":\"https:\\\/\\\/www.iemj.org\\\/de\\\/?s={search_term_string}\"},\"query-input\":{\"@type\":\"PropertyValueSpecification\",\"valueRequired\":true,\"valueName\":\"search_term_string\"}}],\"inLanguage\":\"de\"},{\"@type\":\"Organization\",\"@id\":\"https:\\\/\\\/www.iemj.org\\\/de\\\/#organization\",\"name\":\"Institut Europ\u00e9en des Musiques Juives\",\"url\":\"https:\\\/\\\/www.iemj.org\\\/de\\\/\",\"logo\":{\"@type\":\"ImageObject\",\"inLanguage\":\"de\",\"@id\":\"https:\\\/\\\/www.iemj.org\\\/de\\\/#\\\/schema\\\/logo\\\/image\\\/\",\"url\":\"https:\\\/\\\/www.iemj.org\\\/wp-content\\\/uploads\\\/2021\\\/09\\\/Logo-IEMJ-Paypal.jpg\",\"contentUrl\":\"https:\\\/\\\/www.iemj.org\\\/wp-content\\\/uploads\\\/2021\\\/09\\\/Logo-IEMJ-Paypal.jpg\",\"width\":150,\"height\":50,\"caption\":\"Institut Europ\u00e9en des Musiques Juives\"},\"image\":{\"@id\":\"https:\\\/\\\/www.iemj.org\\\/de\\\/#\\\/schema\\\/logo\\\/image\\\/\"},\"sameAs\":[\"https:\\\/\\\/www.facebook.com\\\/MusiquesJuives\\\/\",\"https:\\\/\\\/www.instagram.com\\\/musiquesjuives\\\/\",\"https:\\\/\\\/www.youtube.com\\\/user\\\/musiquesjuives\"]},{\"@type\":\"Person\",\"@id\":\"https:\\\/\\\/www.iemj.org\\\/de\\\/#\\\/schema\\\/person\\\/358e26c18aca017fcc4cc15437f7279c\",\"name\":\"Jacqueline ROTEN\",\"image\":{\"@type\":\"ImageObject\",\"inLanguage\":\"de\",\"@id\":\"https:\\\/\\\/secure.gravatar.com\\\/avatar\\\/5964256d6c6957de3a3505278957e0fb2a35119ac47ea41827a65301213c810b?s=96&d=mm&r=g\",\"url\":\"https:\\\/\\\/secure.gravatar.com\\\/avatar\\\/5964256d6c6957de3a3505278957e0fb2a35119ac47ea41827a65301213c810b?s=96&d=mm&r=g\",\"contentUrl\":\"https:\\\/\\\/secure.gravatar.com\\\/avatar\\\/5964256d6c6957de3a3505278957e0fb2a35119ac47ea41827a65301213c810b?s=96&d=mm&r=g\",\"caption\":\"Jacqueline ROTEN\"}}]}<\/script>\n<!-- \/ Yoast SEO plugin. -->","yoast_head_json":{"title":"Die Hochzeit - Institut Europ\u00e9en des Musiques Juives","robots":{"index":"index","follow":"follow","max-snippet":"max-snippet:-1","max-image-preview":"max-image-preview:large","max-video-preview":"max-video-preview:-1"},"canonical":"https:\/\/www.iemj.org\/de\/le-mariage-juif\/","og_locale":"de_DE","og_type":"article","og_title":"Die Hochzeit - Institut Europ\u00e9en des Musiques Juives","og_description":"Die j\u00fcdische Hochzeit wird nach zahlreichen Br\u00e4uchen und Gesetzen gefeiert, die ihre ganze spirituelle und materielle Bedeutung zum Ausdruck bringen sollen. Alle diese Rituale dr\u00fccken mit Hilfe von Gesten, Symbolen","og_url":"https:\/\/www.iemj.org\/de\/le-mariage-juif\/","og_site_name":"Institut Europ\u00e9en des Musiques Juives","article_publisher":"https:\/\/www.facebook.com\/MusiquesJuives\/","article_published_time":"2024-11-19T16:59:20+00:00","article_modified_time":"2025-05-08T09:10:46+00:00","og_image":[{"width":500,"height":500,"url":"https:\/\/www.iemj.org\/wp-content\/uploads\/2024\/11\/Logo-article-mariage-juif.jpg","type":"image\/jpeg"}],"author":"Jacqueline ROTEN","twitter_card":"summary_large_image","twitter_misc":{"Verfasst von":"Jacqueline ROTEN","Gesch\u00e4tzte Lesezeit":"11\u00a0Minuten"},"schema":{"@context":"https:\/\/schema.org","@graph":[{"@type":"Article","@id":"https:\/\/www.iemj.org\/de\/le-mariage-juif\/#article","isPartOf":{"@id":"https:\/\/www.iemj.org\/de\/le-mariage-juif\/"},"author":{"name":"Jacqueline ROTEN","@id":"https:\/\/www.iemj.org\/de\/#\/schema\/person\/358e26c18aca017fcc4cc15437f7279c"},"headline":"Die Hochzeit","datePublished":"2024-11-19T16:59:20+00:00","dateModified":"2025-05-08T09:10:46+00:00","mainEntityOfPage":{"@id":"https:\/\/www.iemj.org\/de\/le-mariage-juif\/"},"wordCount":1890,"publisher":{"@id":"https:\/\/www.iemj.org\/de\/#organization"},"image":{"@id":"https:\/\/www.iemj.org\/de\/le-mariage-juif\/#primaryimage"},"thumbnailUrl":"https:\/\/www.iemj.org\/wp-content\/uploads\/2024\/11\/Logo-article-mariage-juif.jpg","articleSection":["Hintergrundartikel","Liturgische Musik"],"inLanguage":"de"},{"@type":"WebPage","@id":"https:\/\/www.iemj.org\/de\/le-mariage-juif\/","url":"https:\/\/www.iemj.org\/de\/le-mariage-juif\/","name":"Die Hochzeit - Institut Europ\u00e9en des Musiques Juives","isPartOf":{"@id":"https:\/\/www.iemj.org\/de\/#website"},"primaryImageOfPage":{"@id":"https:\/\/www.iemj.org\/de\/le-mariage-juif\/#primaryimage"},"image":{"@id":"https:\/\/www.iemj.org\/de\/le-mariage-juif\/#primaryimage"},"thumbnailUrl":"https:\/\/www.iemj.org\/wp-content\/uploads\/2024\/11\/Logo-article-mariage-juif.jpg","datePublished":"2024-11-19T16:59:20+00:00","dateModified":"2025-05-08T09:10:46+00:00","breadcrumb":{"@id":"https:\/\/www.iemj.org\/de\/le-mariage-juif\/#breadcrumb"},"inLanguage":"de","potentialAction":[{"@type":"ReadAction","target":["https:\/\/www.iemj.org\/de\/le-mariage-juif\/"]}]},{"@type":"ImageObject","inLanguage":"de","@id":"https:\/\/www.iemj.org\/de\/le-mariage-juif\/#primaryimage","url":"https:\/\/www.iemj.org\/wp-content\/uploads\/2024\/11\/Logo-article-mariage-juif.jpg","contentUrl":"https:\/\/www.iemj.org\/wp-content\/uploads\/2024\/11\/Logo-article-mariage-juif.jpg","width":500,"height":500},{"@type":"BreadcrumbList","@id":"https:\/\/www.iemj.org\/de\/le-mariage-juif\/#breadcrumb","itemListElement":[{"@type":"ListItem","position":1,"name":"Accueil","item":"https:\/\/www.iemj.org\/de\/"},{"@type":"ListItem","position":2,"name":"Die Hochzeit"}]},{"@type":"WebSite","@id":"https:\/\/www.iemj.org\/de\/#website","url":"https:\/\/www.iemj.org\/de\/","name":"Institut Europ\u00e9en des Musiques Juives","description":"Des traditions musicales \u00e0 la port\u00e9e de tous","publisher":{"@id":"https:\/\/www.iemj.org\/de\/#organization"},"potentialAction":[{"@type":"SearchAction","target":{"@type":"EntryPoint","urlTemplate":"https:\/\/www.iemj.org\/de\/?s={search_term_string}"},"query-input":{"@type":"PropertyValueSpecification","valueRequired":true,"valueName":"search_term_string"}}],"inLanguage":"de"},{"@type":"Organization","@id":"https:\/\/www.iemj.org\/de\/#organization","name":"Institut Europ\u00e9en des Musiques Juives","url":"https:\/\/www.iemj.org\/de\/","logo":{"@type":"ImageObject","inLanguage":"de","@id":"https:\/\/www.iemj.org\/de\/#\/schema\/logo\/image\/","url":"https:\/\/www.iemj.org\/wp-content\/uploads\/2021\/09\/Logo-IEMJ-Paypal.jpg","contentUrl":"https:\/\/www.iemj.org\/wp-content\/uploads\/2021\/09\/Logo-IEMJ-Paypal.jpg","width":150,"height":50,"caption":"Institut Europ\u00e9en des Musiques Juives"},"image":{"@id":"https:\/\/www.iemj.org\/de\/#\/schema\/logo\/image\/"},"sameAs":["https:\/\/www.facebook.com\/MusiquesJuives\/","https:\/\/www.instagram.com\/musiquesjuives\/","https:\/\/www.youtube.com\/user\/musiquesjuives"]},{"@type":"Person","@id":"https:\/\/www.iemj.org\/de\/#\/schema\/person\/358e26c18aca017fcc4cc15437f7279c","name":"Jacqueline ROTEN","image":{"@type":"ImageObject","inLanguage":"de","@id":"https:\/\/secure.gravatar.com\/avatar\/5964256d6c6957de3a3505278957e0fb2a35119ac47ea41827a65301213c810b?s=96&d=mm&r=g","url":"https:\/\/secure.gravatar.com\/avatar\/5964256d6c6957de3a3505278957e0fb2a35119ac47ea41827a65301213c810b?s=96&d=mm&r=g","contentUrl":"https:\/\/secure.gravatar.com\/avatar\/5964256d6c6957de3a3505278957e0fb2a35119ac47ea41827a65301213c810b?s=96&d=mm&r=g","caption":"Jacqueline ROTEN"}}]}},"_links":{"self":[{"href":"https:\/\/www.iemj.org\/de\/wp-json\/wp\/v2\/posts\/115298","targetHints":{"allow":["GET"]}}],"collection":[{"href":"https:\/\/www.iemj.org\/de\/wp-json\/wp\/v2\/posts"}],"about":[{"href":"https:\/\/www.iemj.org\/de\/wp-json\/wp\/v2\/types\/post"}],"author":[{"embeddable":true,"href":"https:\/\/www.iemj.org\/de\/wp-json\/wp\/v2\/users\/5"}],"replies":[{"embeddable":true,"href":"https:\/\/www.iemj.org\/de\/wp-json\/wp\/v2\/comments?post=115298"}],"version-history":[{"count":0,"href":"https:\/\/www.iemj.org\/de\/wp-json\/wp\/v2\/posts\/115298\/revisions"}],"wp:featuredmedia":[{"embeddable":true,"href":"https:\/\/www.iemj.org\/de\/wp-json\/wp\/v2\/media\/115245"}],"wp:attachment":[{"href":"https:\/\/www.iemj.org\/de\/wp-json\/wp\/v2\/media?parent=115298"}],"wp:term":[{"taxonomy":"category","embeddable":true,"href":"https:\/\/www.iemj.org\/de\/wp-json\/wp\/v2\/categories?post=115298"},{"taxonomy":"post_tag","embeddable":true,"href":"https:\/\/www.iemj.org\/de\/wp-json\/wp\/v2\/tags?post=115298"},{"taxonomy":"technique","embeddable":true,"href":"https:\/\/www.iemj.org\/de\/wp-json\/wp\/v2\/technique?post=115298"},{"taxonomy":"squelettes","embeddable":true,"href":"https:\/\/www.iemj.org\/de\/wp-json\/wp\/v2\/squelettes?post=115298"},{"taxonomy":"sujet","embeddable":true,"href":"https:\/\/www.iemj.org\/de\/wp-json\/wp\/v2\/sujet?post=115298"},{"taxonomy":"formation","embeddable":true,"href":"https:\/\/www.iemj.org\/de\/wp-json\/wp\/v2\/formation?post=115298"},{"taxonomy":"genre","embeddable":true,"href":"https:\/\/www.iemj.org\/de\/wp-json\/wp\/v2\/genre?post=115298"},{"taxonomy":"fonds","embeddable":true,"href":"https:\/\/www.iemj.org\/de\/wp-json\/wp\/v2\/fonds?post=115298"},{"taxonomy":"tradition","embeddable":true,"href":"https:\/\/www.iemj.org\/de\/wp-json\/wp\/v2\/tradition?post=115298"},{"taxonomy":"type-de-contenu","embeddable":true,"href":"https:\/\/www.iemj.org\/de\/wp-json\/wp\/v2\/type-de-contenu?post=115298"},{"taxonomy":"interprete-compositeur","embeddable":true,"href":"https:\/\/www.iemj.org\/de\/wp-json\/wp\/v2\/interprete-compositeur?post=115298"},{"taxonomy":"frise","embeddable":true,"href":"https:\/\/www.iemj.org\/de\/wp-json\/wp\/v2\/frise?post=115298"},{"taxonomy":"type-devenement","embeddable":true,"href":"https:\/\/www.iemj.org\/de\/wp-json\/wp\/v2\/type-devenement?post=115298"},{"taxonomy":"tableaux-liens-externes","embeddable":true,"href":"https:\/\/www.iemj.org\/de\/wp-json\/wp\/v2\/tableaux-liens-externes?post=115298"}],"curies":[{"name":"wp","href":"https:\/\/api.w.org\/{rel}","templated":true}]}}