{"id":115938,"date":"2024-12-04T16:43:24","date_gmt":"2024-12-04T15:43:24","guid":{"rendered":"https:\/\/www.iemj.org\/publication-de-six-nouvelles-partitions-de-serge-kaufmann\/"},"modified":"2025-08-28T16:25:25","modified_gmt":"2025-08-28T14:25:25","slug":"publication-de-six-nouvelles-partitions-de-serge-kaufmann","status":"publish","type":"post","link":"https:\/\/www.iemj.org\/de\/publication-de-six-nouvelles-partitions-de-serge-kaufmann\/","title":{"rendered":"Ver\u00f6ffentlichung von sechs neuen Kompositionen von Serge Kaufmann"},"content":{"rendered":"<p><a href=\"https:\/\/www.iemj.org\/de\/kaufmann-serge-1930\/\" target=\"_blank\" rel=\"noopener\">Serge Kaufmann<\/a> wurde 1930 geboren, absolvierte sein Studium am Coll\u00e8ge Calvin in Genf und studierte an der Schola Cantorum in Paris, Musik, unter der Leitung von Daniel Lesur. In den Jahren der Nachkriegszeit, stellte er sich angesichts eines Fotos \u2013 der kleine Junge des Warschauer Ghettos \u2013eine Frage, welche immer dr\u00e4ngender wurde: \u201eWas w\u00e4re aus mir geworden, wenn ich, nicht in der Schweiz, sondern auf der anderen Seite der Grenze geboren worden w\u00e4re? H\u00e4tte ich dann nicht das Schicksal jener Tausenden von Kindern geteilt, die nicht die Chance bekommen hatten aufzuwachsen, nur weil sie von j\u00fcdischen Eltern oder Gro\u00dfeltern abstammen!\u201c.<\/p>\n<p>Von dieser Erkenntnis gepr\u00e4gt, bereichert Serge Kaufmann seit mehr als 25 Jahren das Feld der j\u00fcdischen Musik, durch die Komposition Werken mit vielsagenden Namen: <em>Suite Yiddish, Petite suite klezmer, Le Maharam de Rothenbourg, Neshama, Kol nidr\u00e9, Yesod<\/em>&#8230; Auch wenn seine Kompositionen nie auf rein traditionellen Melodien aufbauen, klingen sie doch unbestreitbar j\u00fcdisch!<\/p>\n<p>Serge Kaufmanns Orchester-, Vokal- und Kammermusikst\u00fccke sind bereits mehrmals aufgenommen worden. Er ist au\u00dferdem auch ein <em>Chevalier<\/em> des Ordre des Arts et des Lettres (Orden der K\u00fcnste und der Literatur).<\/p>\n<p><strong>Zum Ende des Jahres 2024 ver\u00f6ffentlicht das IEMJ sechs neue Partituren von Serge Kaufmann<\/strong> in gedruckter und digitaler Form f\u00fcr verschiedene Instrumental- und Vokalbesetzungen.<\/p>\n<p><strong>Die Partituren online bestellen:<\/strong><\/p>\n<ul>\n<li>\n<h3><a href=\"https:\/\/www.iemj.org\/de\/produit\/kaufmann-aroa-trio-pour-violon-alto-et-violoncelle\/\" target=\"_blank\" rel=\"noopener\"><em>Aroa<\/em>, Trio f\u00fcr Violine, Viola und Cello<\/a><\/h3>\n<\/li>\n<li>\n<h3><a href=\"https:\/\/www.iemj.org\/de\/produit\/kaufmann-aroa-trio-pour-violon-alto-et-violoncelle-copie\/\" target=\"_blank\" rel=\"noopener\"><em>Cantabile<\/em>, 3 Ges\u00e4nge f\u00fcr Cello, Streichquintett und Cembalo<\/a><\/h3>\n<\/li>\n<li>\n<h3><a href=\"https:\/\/www.iemj.org\/de\/produit\/kaufmann-capriccio-chant-pour-violoncelle-seul\/\" target=\"_blank\" rel=\"noopener\"><em>Capriccio<\/em>, Gesang f\u00fcr Cello solo<\/a><\/h3>\n<\/li>\n<li>\n<h3><a href=\"https:\/\/www.iemj.org\/de\/produit\/kaufmann-kaddish-pour-violoncelle-seul\/\" target=\"_blank\" rel=\"noopener\"><em>Kaddish<\/em>, f\u00fcr Cello solo<\/a><\/h3>\n<\/li>\n<li>\n<h3><a href=\"https:\/\/www.iemj.org\/de\/produit\/kaufmann-le-temps-dechire-poeme-pour-mezzo-soprano-et-orchestre-a-cordes\/\" target=\"_blank\" rel=\"noopener\"><em>Le temps d\u00e9chir\u00e9<\/em>, Po\u00e8me pour mezzo-soprano et orchestre \u00e0 cordes (Die zerrissene Zeit, Gedicht f\u00fcr Mezzosopran und Streichorchester)<\/a><\/h3>\n<\/li>\n<li>\n<h3><a href=\"https:\/\/www.iemj.org\/de\/produit\/kaufmann-parade-klezmer-pour-orchestre-a-vent-percussions-et-contrebasse\/\" target=\"_blank\" rel=\"noopener\"><em>Parade Klezmer<\/em>, f\u00fcr Blasorchester, Schlagzeug und Kontrabass<\/a><\/h3>\n<\/li>\n<\/ul>\n<hr \/>\n<h2><span style=\"color: #000000;\"><strong>Audioausz\u00fcge anh\u00f6ren von:<\/strong><\/span><\/h2>\n<p><strong>Cantabile, f\u00fcr Cello, Streichquintett und Cembalo &#8211; 1. Gesang (Auszug)<\/strong><\/p>\n<audio class=\"wp-audio-shortcode\" id=\"audio-115938-1\" preload=\"none\" style=\"width: 100%;\" controls=\"controls\"><source type=\"audio\/mpeg\" src=\"https:\/\/www.iemj.org\/wp-content\/uploads\/2024\/12\/Cantabile_S-Kaufmann_1er-chant-Extrait.mp3?_=1\" \/><a href=\"https:\/\/www.iemj.org\/wp-content\/uploads\/2024\/12\/Cantabile_S-Kaufmann_1er-chant-Extrait.mp3\">https:\/\/www.iemj.org\/wp-content\/uploads\/2024\/12\/Cantabile_S-Kaufmann_1er-chant-Extrait.mp3<\/a><\/audio>\n<p><strong>Kaddish, f\u00fcr Violoncello solo, aufgef\u00fchrt von Martine Bailly in Anwesenheit des Komponisten Serge Kaufmann, im Jahr 2022 (Auszug)<\/strong><\/p>\n<audio class=\"wp-audio-shortcode\" id=\"audio-115938-2\" preload=\"none\" style=\"width: 100%;\" controls=\"controls\"><source type=\"audio\/mpeg\" src=\"https:\/\/www.iemj.org\/wp-content\/uploads\/2024\/12\/Video-2022_S-Kaufmann-M-Bailly_Kaddish-Extrait_MP3-192kbs-pour-site-IEMJ.mp3?_=2\" \/><a href=\"https:\/\/www.iemj.org\/wp-content\/uploads\/2024\/12\/Video-2022_S-Kaufmann-M-Bailly_Kaddish-Extrait_MP3-192kbs-pour-site-IEMJ.mp3\">https:\/\/www.iemj.org\/wp-content\/uploads\/2024\/12\/Video-2022_S-Kaufmann-M-Bailly_Kaddish-Extrait_MP3-192kbs-pour-site-IEMJ.mp3<\/a><\/audio>\n<p><strong>Le temps d\u00e9chir\u00e9,\u00a0 Po\u00e8me pour mezzo-soprano et orchestre \u00e0 cordes <\/strong><strong>(Auszug)<\/strong><\/p>\n<audio class=\"wp-audio-shortcode\" id=\"audio-115938-3\" preload=\"none\" style=\"width: 100%;\" controls=\"controls\"><source type=\"audio\/mpeg\" src=\"https:\/\/www.iemj.org\/wp-content\/uploads\/2024\/12\/Le-temps-dechire_S-Kaufmann-Extrait.mp3?_=3\" \/><a href=\"https:\/\/www.iemj.org\/wp-content\/uploads\/2024\/12\/Le-temps-dechire_S-Kaufmann-Extrait.mp3\">https:\/\/www.iemj.org\/wp-content\/uploads\/2024\/12\/Le-temps-dechire_S-Kaufmann-Extrait.mp3<\/a><\/audio>\n\n\n<div style=\"height:12px\" aria-hidden=\"true\" class=\"wp-block-spacer\"><\/div>\n\n\n\n<div class=\"wp-block-buttons alignwide has-white-background-color has-background is-content-justification-center is-layout-flex wp-container-core-buttons-is-layout-5590e8cb wp-block-buttons-is-layout-flex\">\n<div class=\"wp-block-button\"><a class=\"wp-block-button__link has-white-color has-text-color has-background has-link-color wp-element-button\" href=\"https:\/\/www.iemj.org\/de\/categorie-produit\/partituren-de\/komponisten-de\/kaufmann-serge-de\/\" style=\"background-color:#3c4b98\" target=\"_blank\" rel=\"noreferrer noopener\">Sehen Sie sich die Liste der Werke von <strong> von Serge Kaufmann im Shop des IEMJ an<\/strong><\/a><\/div>\n<\/div>\n\n\n\n<div style=\"height:12px\" aria-hidden=\"true\" class=\"wp-block-spacer\"><\/div>\n\n\n\n<div class=\"wp-block-columns is-layout-flex wp-container-core-columns-is-layout-9d6595d7 wp-block-columns-is-layout-flex\">\n<div class=\"wp-block-column is-layout-flow wp-block-column-is-layout-flow\">\n<div class=\"wp-block-columns is-layout-flex wp-container-core-columns-is-layout-9d6595d7 wp-block-columns-is-layout-flex\">\n<div class=\"wp-block-column is-layout-flow wp-block-column-is-layout-flow\"><div class=\"wp-block-image\">\n<figure class=\"alignright size-large is-resized\"><a href=\"https:\/\/www.iemj.org\/de\/produit\/serge-kaufmann-ima-ou-la-mere-depossedee\/\" target=\"_blank\" rel=\" noreferrer noopener\"><img decoding=\"async\" src=\"https:\/\/www.iemj.org\/wp-content\/uploads\/2011\/04\/arton181.jpg\" alt=\"\" style=\"width:300px;height:auto\"\/><\/a><\/figure>\n<\/div><\/div>\n<\/div>\n<\/div>\n\n\n\n<div class=\"wp-block-column is-vertically-aligned-center is-layout-flow wp-block-column-is-layout-flow\">\n<div class=\"wp-block-columns is-layout-flex wp-container-core-columns-is-layout-9d6595d7 wp-block-columns-is-layout-flex\">\n<div class=\"wp-block-column is-layout-flow wp-block-column-is-layout-flow\"><\/div>\n\n\n\n<div class=\"wp-block-column is-layout-flow wp-block-column-is-layout-flow\"><\/div>\n<\/div>\n\n\n\n<div class=\"wp-block-buttons is-layout-flex wp-block-buttons-is-layout-flex\">\n<div class=\"wp-block-button\"><a class=\"wp-block-button__link has-white-color has-text-color has-background has-link-color wp-element-button\" href=\"https:\/\/www.iemj.org\/de\/produit\/serge-kaufmann-ima-ou-la-mere-depossedee\/\" style=\"background-color:#3c4b98\" target=\"_blank\" rel=\"noreferrer noopener\">Die CD (physisch oder digital) von Serge Kaufmann,&nbsp;<strong>Ima ou la m\u00e8re&nbsp;d\u00e9poss\u00e9d\u00e9e<\/strong> bestellen<\/a><\/div>\n<\/div>\n<\/div>\n<\/div>\n\n\n<div class=\"wp-block-image\">\n<figure class=\"aligncenter size-large\"><img fetchpriority=\"high\" decoding=\"async\" width=\"1024\" height=\"133\" src=\"https:\/\/www.iemj.org\/wp-content\/uploads\/2024\/03\/AUDIO-PLAYER-1024x133.png\" alt=\"\" class=\"wp-image-110606\" srcset=\"https:\/\/www.iemj.org\/wp-content\/uploads\/2024\/03\/AUDIO-PLAYER-1024x133.png 1024w, https:\/\/www.iemj.org\/wp-content\/uploads\/2024\/03\/AUDIO-PLAYER-300x39.png 300w, https:\/\/www.iemj.org\/wp-content\/uploads\/2024\/03\/AUDIO-PLAYER-768x100.png 768w, https:\/\/www.iemj.org\/wp-content\/uploads\/2024\/03\/AUDIO-PLAYER-600x78.png 600w, https:\/\/www.iemj.org\/wp-content\/uploads\/2024\/03\/AUDIO-PLAYER.png 1210w\" sizes=\"(max-width: 1024px) 100vw, 1024px\" \/><\/figure>\n<\/div>","protected":false},"excerpt":{"rendered":"<p>Serge Kaufmann wurde 1930 geboren, absolvierte sein Studium am Coll\u00e8ge Calvin in Genf und studierte an der Schola Cantorum in Paris, Musik, unter der Leitung von Daniel Lesur. In den<\/p>\n","protected":false},"author":5,"featured_media":115556,"comment_status":"closed","ping_status":"closed","sticky":false,"template":"","format":"standard","meta":{"_acf_changed":false,"footnotes":""},"categories":[1396,1390],"tags":[],"technique":[],"squelettes":[],"sujet":[],"formation":[],"genre":[1900],"fonds":[],"tradition":[],"type-de-contenu":[],"interprete-compositeur":[3291],"frise":[],"type-devenement":[],"tableaux-liens-externes":[],"class_list":["post-115938","post","type-post","status-publish","format-standard","has-post-thumbnail","hentry","category-partituren-iemj-de","category-veroffentlichungen-de","genre-klassische-musik-de","interprete-compositeur-serge-kaufmann-de"],"acf":[],"yoast_head":"<!-- This site is optimized with the Yoast SEO plugin v27.3 - https:\/\/yoast.com\/product\/yoast-seo-wordpress\/ -->\n<title>Ver\u00f6ffentlichung von sechs neuen Kompositionen von Serge Kaufmann - Institut Europ\u00e9en des Musiques Juives<\/title>\n<meta name=\"robots\" content=\"index, follow, max-snippet:-1, max-image-preview:large, max-video-preview:-1\" \/>\n<link rel=\"canonical\" href=\"https:\/\/www.iemj.org\/de\/publication-de-six-nouvelles-partitions-de-serge-kaufmann\/\" \/>\n<meta property=\"og:locale\" content=\"de_DE\" \/>\n<meta property=\"og:type\" content=\"article\" \/>\n<meta property=\"og:title\" content=\"Ver\u00f6ffentlichung von sechs neuen Kompositionen von Serge Kaufmann - Institut Europ\u00e9en des Musiques Juives\" \/>\n<meta property=\"og:description\" content=\"Serge Kaufmann wurde 1930 geboren, absolvierte sein Studium am Coll\u00e8ge Calvin in Genf und studierte an der Schola Cantorum in Paris, Musik, unter der Leitung von Daniel Lesur. In den\" \/>\n<meta property=\"og:url\" content=\"https:\/\/www.iemj.org\/de\/publication-de-six-nouvelles-partitions-de-serge-kaufmann\/\" \/>\n<meta property=\"og:site_name\" content=\"Institut Europ\u00e9en des Musiques Juives\" \/>\n<meta property=\"article:publisher\" content=\"https:\/\/www.facebook.com\/MusiquesJuives\/\" \/>\n<meta property=\"article:published_time\" content=\"2024-12-04T15:43:24+00:00\" \/>\n<meta property=\"article:modified_time\" content=\"2025-08-28T14:25:25+00:00\" \/>\n<meta property=\"og:image\" content=\"https:\/\/www.iemj.org\/wp-content\/uploads\/2024\/12\/logo.jpg\" \/>\n\t<meta property=\"og:image:width\" content=\"500\" \/>\n\t<meta property=\"og:image:height\" content=\"500\" \/>\n\t<meta property=\"og:image:type\" content=\"image\/jpeg\" \/>\n<meta name=\"author\" content=\"Jacqueline ROTEN\" \/>\n<meta name=\"twitter:card\" content=\"summary_large_image\" \/>\n<meta name=\"twitter:label1\" content=\"Verfasst von\" \/>\n\t<meta name=\"twitter:data1\" content=\"Jacqueline ROTEN\" \/>\n\t<meta name=\"twitter:label2\" content=\"Gesch\u00e4tzte Lesezeit\" \/>\n\t<meta name=\"twitter:data2\" content=\"3\u00a0Minuten\" \/>\n<script type=\"application\/ld+json\" class=\"yoast-schema-graph\">{\"@context\":\"https:\\\/\\\/schema.org\",\"@graph\":[{\"@type\":\"Article\",\"@id\":\"https:\\\/\\\/www.iemj.org\\\/de\\\/publication-de-six-nouvelles-partitions-de-serge-kaufmann\\\/#article\",\"isPartOf\":{\"@id\":\"https:\\\/\\\/www.iemj.org\\\/de\\\/publication-de-six-nouvelles-partitions-de-serge-kaufmann\\\/\"},\"author\":{\"name\":\"Jacqueline ROTEN\",\"@id\":\"https:\\\/\\\/www.iemj.org\\\/de\\\/#\\\/schema\\\/person\\\/358e26c18aca017fcc4cc15437f7279c\"},\"headline\":\"Ver\u00f6ffentlichung von sechs neuen Kompositionen von Serge Kaufmann\",\"datePublished\":\"2024-12-04T15:43:24+00:00\",\"dateModified\":\"2025-08-28T14:25:25+00:00\",\"mainEntityOfPage\":{\"@id\":\"https:\\\/\\\/www.iemj.org\\\/de\\\/publication-de-six-nouvelles-partitions-de-serge-kaufmann\\\/\"},\"wordCount\":409,\"publisher\":{\"@id\":\"https:\\\/\\\/www.iemj.org\\\/de\\\/#organization\"},\"image\":{\"@id\":\"https:\\\/\\\/www.iemj.org\\\/de\\\/publication-de-six-nouvelles-partitions-de-serge-kaufmann\\\/#primaryimage\"},\"thumbnailUrl\":\"https:\\\/\\\/www.iemj.org\\\/wp-content\\\/uploads\\\/2024\\\/12\\\/logo.jpg\",\"articleSection\":[\"Partituren IEMJ\",\"Ver\u00f6ffentlichungen\"],\"inLanguage\":\"de\"},{\"@type\":\"WebPage\",\"@id\":\"https:\\\/\\\/www.iemj.org\\\/de\\\/publication-de-six-nouvelles-partitions-de-serge-kaufmann\\\/\",\"url\":\"https:\\\/\\\/www.iemj.org\\\/de\\\/publication-de-six-nouvelles-partitions-de-serge-kaufmann\\\/\",\"name\":\"Ver\u00f6ffentlichung von sechs neuen Kompositionen von Serge Kaufmann - Institut Europ\u00e9en des Musiques Juives\",\"isPartOf\":{\"@id\":\"https:\\\/\\\/www.iemj.org\\\/de\\\/#website\"},\"primaryImageOfPage\":{\"@id\":\"https:\\\/\\\/www.iemj.org\\\/de\\\/publication-de-six-nouvelles-partitions-de-serge-kaufmann\\\/#primaryimage\"},\"image\":{\"@id\":\"https:\\\/\\\/www.iemj.org\\\/de\\\/publication-de-six-nouvelles-partitions-de-serge-kaufmann\\\/#primaryimage\"},\"thumbnailUrl\":\"https:\\\/\\\/www.iemj.org\\\/wp-content\\\/uploads\\\/2024\\\/12\\\/logo.jpg\",\"datePublished\":\"2024-12-04T15:43:24+00:00\",\"dateModified\":\"2025-08-28T14:25:25+00:00\",\"breadcrumb\":{\"@id\":\"https:\\\/\\\/www.iemj.org\\\/de\\\/publication-de-six-nouvelles-partitions-de-serge-kaufmann\\\/#breadcrumb\"},\"inLanguage\":\"de\",\"potentialAction\":[{\"@type\":\"ReadAction\",\"target\":[\"https:\\\/\\\/www.iemj.org\\\/de\\\/publication-de-six-nouvelles-partitions-de-serge-kaufmann\\\/\"]}]},{\"@type\":\"ImageObject\",\"inLanguage\":\"de\",\"@id\":\"https:\\\/\\\/www.iemj.org\\\/de\\\/publication-de-six-nouvelles-partitions-de-serge-kaufmann\\\/#primaryimage\",\"url\":\"https:\\\/\\\/www.iemj.org\\\/wp-content\\\/uploads\\\/2024\\\/12\\\/logo.jpg\",\"contentUrl\":\"https:\\\/\\\/www.iemj.org\\\/wp-content\\\/uploads\\\/2024\\\/12\\\/logo.jpg\",\"width\":500,\"height\":500},{\"@type\":\"BreadcrumbList\",\"@id\":\"https:\\\/\\\/www.iemj.org\\\/de\\\/publication-de-six-nouvelles-partitions-de-serge-kaufmann\\\/#breadcrumb\",\"itemListElement\":[{\"@type\":\"ListItem\",\"position\":1,\"name\":\"Accueil\",\"item\":\"https:\\\/\\\/www.iemj.org\\\/de\\\/\"},{\"@type\":\"ListItem\",\"position\":2,\"name\":\"Ver\u00f6ffentlichung von sechs neuen Kompositionen von Serge Kaufmann\"}]},{\"@type\":\"WebSite\",\"@id\":\"https:\\\/\\\/www.iemj.org\\\/de\\\/#website\",\"url\":\"https:\\\/\\\/www.iemj.org\\\/de\\\/\",\"name\":\"Institut Europ\u00e9en des Musiques Juives\",\"description\":\"Des traditions musicales \u00e0 la port\u00e9e de tous\",\"publisher\":{\"@id\":\"https:\\\/\\\/www.iemj.org\\\/de\\\/#organization\"},\"potentialAction\":[{\"@type\":\"SearchAction\",\"target\":{\"@type\":\"EntryPoint\",\"urlTemplate\":\"https:\\\/\\\/www.iemj.org\\\/de\\\/?s={search_term_string}\"},\"query-input\":{\"@type\":\"PropertyValueSpecification\",\"valueRequired\":true,\"valueName\":\"search_term_string\"}}],\"inLanguage\":\"de\"},{\"@type\":\"Organization\",\"@id\":\"https:\\\/\\\/www.iemj.org\\\/de\\\/#organization\",\"name\":\"Institut Europ\u00e9en des Musiques Juives\",\"url\":\"https:\\\/\\\/www.iemj.org\\\/de\\\/\",\"logo\":{\"@type\":\"ImageObject\",\"inLanguage\":\"de\",\"@id\":\"https:\\\/\\\/www.iemj.org\\\/de\\\/#\\\/schema\\\/logo\\\/image\\\/\",\"url\":\"https:\\\/\\\/www.iemj.org\\\/wp-content\\\/uploads\\\/2021\\\/09\\\/Logo-IEMJ-Paypal.jpg\",\"contentUrl\":\"https:\\\/\\\/www.iemj.org\\\/wp-content\\\/uploads\\\/2021\\\/09\\\/Logo-IEMJ-Paypal.jpg\",\"width\":150,\"height\":50,\"caption\":\"Institut Europ\u00e9en des Musiques Juives\"},\"image\":{\"@id\":\"https:\\\/\\\/www.iemj.org\\\/de\\\/#\\\/schema\\\/logo\\\/image\\\/\"},\"sameAs\":[\"https:\\\/\\\/www.facebook.com\\\/MusiquesJuives\\\/\",\"https:\\\/\\\/www.instagram.com\\\/musiquesjuives\\\/\",\"https:\\\/\\\/www.youtube.com\\\/user\\\/musiquesjuives\"]},{\"@type\":\"Person\",\"@id\":\"https:\\\/\\\/www.iemj.org\\\/de\\\/#\\\/schema\\\/person\\\/358e26c18aca017fcc4cc15437f7279c\",\"name\":\"Jacqueline ROTEN\",\"image\":{\"@type\":\"ImageObject\",\"inLanguage\":\"de\",\"@id\":\"https:\\\/\\\/secure.gravatar.com\\\/avatar\\\/5964256d6c6957de3a3505278957e0fb2a35119ac47ea41827a65301213c810b?s=96&d=mm&r=g\",\"url\":\"https:\\\/\\\/secure.gravatar.com\\\/avatar\\\/5964256d6c6957de3a3505278957e0fb2a35119ac47ea41827a65301213c810b?s=96&d=mm&r=g\",\"contentUrl\":\"https:\\\/\\\/secure.gravatar.com\\\/avatar\\\/5964256d6c6957de3a3505278957e0fb2a35119ac47ea41827a65301213c810b?s=96&d=mm&r=g\",\"caption\":\"Jacqueline ROTEN\"}}]}<\/script>\n<!-- \/ Yoast SEO plugin. -->","yoast_head_json":{"title":"Ver\u00f6ffentlichung von sechs neuen Kompositionen von Serge Kaufmann - Institut Europ\u00e9en des Musiques Juives","robots":{"index":"index","follow":"follow","max-snippet":"max-snippet:-1","max-image-preview":"max-image-preview:large","max-video-preview":"max-video-preview:-1"},"canonical":"https:\/\/www.iemj.org\/de\/publication-de-six-nouvelles-partitions-de-serge-kaufmann\/","og_locale":"de_DE","og_type":"article","og_title":"Ver\u00f6ffentlichung von sechs neuen Kompositionen von Serge Kaufmann - Institut Europ\u00e9en des Musiques Juives","og_description":"Serge Kaufmann wurde 1930 geboren, absolvierte sein Studium am Coll\u00e8ge Calvin in Genf und studierte an der Schola Cantorum in Paris, Musik, unter der Leitung von Daniel Lesur. In den","og_url":"https:\/\/www.iemj.org\/de\/publication-de-six-nouvelles-partitions-de-serge-kaufmann\/","og_site_name":"Institut Europ\u00e9en des Musiques Juives","article_publisher":"https:\/\/www.facebook.com\/MusiquesJuives\/","article_published_time":"2024-12-04T15:43:24+00:00","article_modified_time":"2025-08-28T14:25:25+00:00","og_image":[{"width":500,"height":500,"url":"https:\/\/www.iemj.org\/wp-content\/uploads\/2024\/12\/logo.jpg","type":"image\/jpeg"}],"author":"Jacqueline ROTEN","twitter_card":"summary_large_image","twitter_misc":{"Verfasst von":"Jacqueline ROTEN","Gesch\u00e4tzte Lesezeit":"3\u00a0Minuten"},"schema":{"@context":"https:\/\/schema.org","@graph":[{"@type":"Article","@id":"https:\/\/www.iemj.org\/de\/publication-de-six-nouvelles-partitions-de-serge-kaufmann\/#article","isPartOf":{"@id":"https:\/\/www.iemj.org\/de\/publication-de-six-nouvelles-partitions-de-serge-kaufmann\/"},"author":{"name":"Jacqueline ROTEN","@id":"https:\/\/www.iemj.org\/de\/#\/schema\/person\/358e26c18aca017fcc4cc15437f7279c"},"headline":"Ver\u00f6ffentlichung von sechs neuen Kompositionen von Serge Kaufmann","datePublished":"2024-12-04T15:43:24+00:00","dateModified":"2025-08-28T14:25:25+00:00","mainEntityOfPage":{"@id":"https:\/\/www.iemj.org\/de\/publication-de-six-nouvelles-partitions-de-serge-kaufmann\/"},"wordCount":409,"publisher":{"@id":"https:\/\/www.iemj.org\/de\/#organization"},"image":{"@id":"https:\/\/www.iemj.org\/de\/publication-de-six-nouvelles-partitions-de-serge-kaufmann\/#primaryimage"},"thumbnailUrl":"https:\/\/www.iemj.org\/wp-content\/uploads\/2024\/12\/logo.jpg","articleSection":["Partituren IEMJ","Ver\u00f6ffentlichungen"],"inLanguage":"de"},{"@type":"WebPage","@id":"https:\/\/www.iemj.org\/de\/publication-de-six-nouvelles-partitions-de-serge-kaufmann\/","url":"https:\/\/www.iemj.org\/de\/publication-de-six-nouvelles-partitions-de-serge-kaufmann\/","name":"Ver\u00f6ffentlichung von sechs neuen Kompositionen von Serge Kaufmann - Institut Europ\u00e9en des Musiques Juives","isPartOf":{"@id":"https:\/\/www.iemj.org\/de\/#website"},"primaryImageOfPage":{"@id":"https:\/\/www.iemj.org\/de\/publication-de-six-nouvelles-partitions-de-serge-kaufmann\/#primaryimage"},"image":{"@id":"https:\/\/www.iemj.org\/de\/publication-de-six-nouvelles-partitions-de-serge-kaufmann\/#primaryimage"},"thumbnailUrl":"https:\/\/www.iemj.org\/wp-content\/uploads\/2024\/12\/logo.jpg","datePublished":"2024-12-04T15:43:24+00:00","dateModified":"2025-08-28T14:25:25+00:00","breadcrumb":{"@id":"https:\/\/www.iemj.org\/de\/publication-de-six-nouvelles-partitions-de-serge-kaufmann\/#breadcrumb"},"inLanguage":"de","potentialAction":[{"@type":"ReadAction","target":["https:\/\/www.iemj.org\/de\/publication-de-six-nouvelles-partitions-de-serge-kaufmann\/"]}]},{"@type":"ImageObject","inLanguage":"de","@id":"https:\/\/www.iemj.org\/de\/publication-de-six-nouvelles-partitions-de-serge-kaufmann\/#primaryimage","url":"https:\/\/www.iemj.org\/wp-content\/uploads\/2024\/12\/logo.jpg","contentUrl":"https:\/\/www.iemj.org\/wp-content\/uploads\/2024\/12\/logo.jpg","width":500,"height":500},{"@type":"BreadcrumbList","@id":"https:\/\/www.iemj.org\/de\/publication-de-six-nouvelles-partitions-de-serge-kaufmann\/#breadcrumb","itemListElement":[{"@type":"ListItem","position":1,"name":"Accueil","item":"https:\/\/www.iemj.org\/de\/"},{"@type":"ListItem","position":2,"name":"Ver\u00f6ffentlichung von sechs neuen Kompositionen von Serge Kaufmann"}]},{"@type":"WebSite","@id":"https:\/\/www.iemj.org\/de\/#website","url":"https:\/\/www.iemj.org\/de\/","name":"Institut Europ\u00e9en des Musiques Juives","description":"Des traditions musicales \u00e0 la port\u00e9e de tous","publisher":{"@id":"https:\/\/www.iemj.org\/de\/#organization"},"potentialAction":[{"@type":"SearchAction","target":{"@type":"EntryPoint","urlTemplate":"https:\/\/www.iemj.org\/de\/?s={search_term_string}"},"query-input":{"@type":"PropertyValueSpecification","valueRequired":true,"valueName":"search_term_string"}}],"inLanguage":"de"},{"@type":"Organization","@id":"https:\/\/www.iemj.org\/de\/#organization","name":"Institut Europ\u00e9en des Musiques Juives","url":"https:\/\/www.iemj.org\/de\/","logo":{"@type":"ImageObject","inLanguage":"de","@id":"https:\/\/www.iemj.org\/de\/#\/schema\/logo\/image\/","url":"https:\/\/www.iemj.org\/wp-content\/uploads\/2021\/09\/Logo-IEMJ-Paypal.jpg","contentUrl":"https:\/\/www.iemj.org\/wp-content\/uploads\/2021\/09\/Logo-IEMJ-Paypal.jpg","width":150,"height":50,"caption":"Institut Europ\u00e9en des Musiques Juives"},"image":{"@id":"https:\/\/www.iemj.org\/de\/#\/schema\/logo\/image\/"},"sameAs":["https:\/\/www.facebook.com\/MusiquesJuives\/","https:\/\/www.instagram.com\/musiquesjuives\/","https:\/\/www.youtube.com\/user\/musiquesjuives"]},{"@type":"Person","@id":"https:\/\/www.iemj.org\/de\/#\/schema\/person\/358e26c18aca017fcc4cc15437f7279c","name":"Jacqueline ROTEN","image":{"@type":"ImageObject","inLanguage":"de","@id":"https:\/\/secure.gravatar.com\/avatar\/5964256d6c6957de3a3505278957e0fb2a35119ac47ea41827a65301213c810b?s=96&d=mm&r=g","url":"https:\/\/secure.gravatar.com\/avatar\/5964256d6c6957de3a3505278957e0fb2a35119ac47ea41827a65301213c810b?s=96&d=mm&r=g","contentUrl":"https:\/\/secure.gravatar.com\/avatar\/5964256d6c6957de3a3505278957e0fb2a35119ac47ea41827a65301213c810b?s=96&d=mm&r=g","caption":"Jacqueline ROTEN"}}]}},"_links":{"self":[{"href":"https:\/\/www.iemj.org\/de\/wp-json\/wp\/v2\/posts\/115938","targetHints":{"allow":["GET"]}}],"collection":[{"href":"https:\/\/www.iemj.org\/de\/wp-json\/wp\/v2\/posts"}],"about":[{"href":"https:\/\/www.iemj.org\/de\/wp-json\/wp\/v2\/types\/post"}],"author":[{"embeddable":true,"href":"https:\/\/www.iemj.org\/de\/wp-json\/wp\/v2\/users\/5"}],"replies":[{"embeddable":true,"href":"https:\/\/www.iemj.org\/de\/wp-json\/wp\/v2\/comments?post=115938"}],"version-history":[{"count":0,"href":"https:\/\/www.iemj.org\/de\/wp-json\/wp\/v2\/posts\/115938\/revisions"}],"wp:featuredmedia":[{"embeddable":true,"href":"https:\/\/www.iemj.org\/de\/wp-json\/wp\/v2\/media\/115556"}],"wp:attachment":[{"href":"https:\/\/www.iemj.org\/de\/wp-json\/wp\/v2\/media?parent=115938"}],"wp:term":[{"taxonomy":"category","embeddable":true,"href":"https:\/\/www.iemj.org\/de\/wp-json\/wp\/v2\/categories?post=115938"},{"taxonomy":"post_tag","embeddable":true,"href":"https:\/\/www.iemj.org\/de\/wp-json\/wp\/v2\/tags?post=115938"},{"taxonomy":"technique","embeddable":true,"href":"https:\/\/www.iemj.org\/de\/wp-json\/wp\/v2\/technique?post=115938"},{"taxonomy":"squelettes","embeddable":true,"href":"https:\/\/www.iemj.org\/de\/wp-json\/wp\/v2\/squelettes?post=115938"},{"taxonomy":"sujet","embeddable":true,"href":"https:\/\/www.iemj.org\/de\/wp-json\/wp\/v2\/sujet?post=115938"},{"taxonomy":"formation","embeddable":true,"href":"https:\/\/www.iemj.org\/de\/wp-json\/wp\/v2\/formation?post=115938"},{"taxonomy":"genre","embeddable":true,"href":"https:\/\/www.iemj.org\/de\/wp-json\/wp\/v2\/genre?post=115938"},{"taxonomy":"fonds","embeddable":true,"href":"https:\/\/www.iemj.org\/de\/wp-json\/wp\/v2\/fonds?post=115938"},{"taxonomy":"tradition","embeddable":true,"href":"https:\/\/www.iemj.org\/de\/wp-json\/wp\/v2\/tradition?post=115938"},{"taxonomy":"type-de-contenu","embeddable":true,"href":"https:\/\/www.iemj.org\/de\/wp-json\/wp\/v2\/type-de-contenu?post=115938"},{"taxonomy":"interprete-compositeur","embeddable":true,"href":"https:\/\/www.iemj.org\/de\/wp-json\/wp\/v2\/interprete-compositeur?post=115938"},{"taxonomy":"frise","embeddable":true,"href":"https:\/\/www.iemj.org\/de\/wp-json\/wp\/v2\/frise?post=115938"},{"taxonomy":"type-devenement","embeddable":true,"href":"https:\/\/www.iemj.org\/de\/wp-json\/wp\/v2\/type-devenement?post=115938"},{"taxonomy":"tableaux-liens-externes","embeddable":true,"href":"https:\/\/www.iemj.org\/de\/wp-json\/wp\/v2\/tableaux-liens-externes?post=115938"}],"curies":[{"name":"wp","href":"https:\/\/api.w.org\/{rel}","templated":true}]}}