{"id":115993,"date":"2024-12-05T11:41:11","date_gmt":"2024-12-05T10:41:11","guid":{"rendered":"https:\/\/www.iemj.org\/cantata-shma-kolenu-une-oeuvre-majeure-de-itai-daniel-enfin-disponible-sur-partition\/"},"modified":"2025-08-28T16:32:23","modified_gmt":"2025-08-28T14:32:23","slug":"cantata-shma-kolenu-une-oeuvre-majeure-de-itai-daniel-enfin-disponible-sur-partition","status":"publish","type":"post","link":"https:\/\/www.iemj.org\/de\/cantata-shma-kolenu-une-oeuvre-majeure-de-itai-daniel-enfin-disponible-sur-partition\/","title":{"rendered":"Cantata Shma Kolenu von Itai Daniel endlich als Partitur erh\u00e4ltlich!"},"content":{"rendered":"<p>Das Europ\u00e4ische Institut f\u00fcr J\u00fcdische Musik freut sich, die Ver\u00f6ffentlichung der <em><strong>Cantata Shma kolenu<\/strong><\/em>, einem Hauptwerk von <strong>lta\u00ef Daniel<\/strong>, f\u00fcr vierstimmigen Chor, Solobariton, Klarinette in A und Streichtrio, ank\u00fcndigen zu k\u00f6nnen.<\/p>\n<p>Der Komponist, Pianist und Dirigent <a href=\"https:\/\/www.iemj.org\/de\/daniel-itai-1967\/\" target=\"_blank\" rel=\"noopener\">Ita\u00ef Daniel<\/a> wurde 1967 in Israel geboren. Er studierte Musik an der Musikakademie der Universit\u00e4t Tel Aviv und anschlie\u00dfend am Cleveland Institute of Music in den USA. Nachdem er sich 2004 in Paris niedergelassen hatte, beschloss Ita\u00ef Daniel, sich dem Komponieren zu widmen. Seit 2009 ist er Chorleiter des <a href=\"https:\/\/www.iemj.org\/lensemble-choral-copernic-et-voci-copernic\/\" target=\"_blank\" rel=\"noopener\">Ensemble Choral Copernic<\/a> und hat f\u00fcr diese Formation zahlreiche St\u00fccke aus der liturgischen und j\u00fcdischen Volksmusik komponiert.<\/p>\n<p>Zu seinen wichtigsten Werken in der j\u00fcdischen Tradition geh\u00f6ren drei gro\u00dfe Kantaten (<em>Mahzor Hayim<\/em>, <em>Shma Kolenu<\/em> und <em>B&#8217;resh\u00eft<\/em>) und zahlreiche gro\u00dfe und kleine Kompositionen, die auf wichtigen j\u00fcdischen Gebeten und Texten basieren (<em>Kaddish<\/em>, <em>Oseh Shalom<\/em>, <em>Adon Olam, Kol Nidrei<\/em>, <em>Yotzer<\/em>, <em>Haskivenu<\/em>, <em>Shalom Rav<\/em> und viele andere).<\/p>\n<p>Nach der Ver\u00f6ffentlichung der Kantate <a href=\"https:\/\/www.iemj.org\/de\/itai-daniel-mahzor-hayim\/\" target=\"_blank\" rel=\"noopener\"><em>Mahzor Hayim<\/em><\/a> auf CD im Jahr 2018 wird das Europ\u00e4ische Institut f\u00fcr J\u00fcdische Musik Ende 2024 Shma Kolenu herausbringen, eine der eindrucksvollsten und lyrischsten Partituren von Itai Daniel.<\/p>\n<p>Seit 2018 hat das IEMJ mehr als drei\u00dfig Werke von Itai Daniel ver\u00f6ffentlicht. Die <em>Cantata Shma Kolenu<\/em> wird <strong>in gedruckter und digitaler Form herausgegeben<\/strong>:<\/p>\n<h2>Audioausz\u00fcge anh\u00f6ren von:<\/h2>\n<p><strong>Cantata Shma Kolenu &#8211; Avinu Malkenu (2. Satz) &#8211; Nur Klavierbegleitung (Auszug)<\/strong><\/p>\n<audio class=\"wp-audio-shortcode\" id=\"audio-115993-1\" preload=\"none\" style=\"width: 100%;\" controls=\"controls\"><source type=\"audio\/mpeg\" src=\"https:\/\/www.iemj.org\/wp-content\/uploads\/2024\/12\/Cantata-Shma-Kolenu_Avinu-Malkenu-extract-mvt2_Accompaniment-with-piano-only.mp3?_=1\" \/><a href=\"https:\/\/www.iemj.org\/wp-content\/uploads\/2024\/12\/Cantata-Shma-Kolenu_Avinu-Malkenu-extract-mvt2_Accompaniment-with-piano-only.mp3\">https:\/\/www.iemj.org\/wp-content\/uploads\/2024\/12\/Cantata-Shma-Kolenu_Avinu-Malkenu-extract-mvt2_Accompaniment-with-piano-only.mp3<\/a><\/audio>\n<p><strong>Cantata Shma Kolenu &#8211; Slakh (3. Satz) &#8211; Nur Klavierbegleitung (Auszug)<\/strong><\/p>\n<audio class=\"wp-audio-shortcode\" id=\"audio-115993-2\" preload=\"none\" style=\"width: 100%;\" controls=\"controls\"><source type=\"audio\/mpeg\" src=\"https:\/\/www.iemj.org\/wp-content\/uploads\/2024\/12\/Cantata-Shma-Kolenu_Slakh-extract-mvt3_Accompaniment-with-piano-only.mp3?_=2\" \/><a href=\"https:\/\/www.iemj.org\/wp-content\/uploads\/2024\/12\/Cantata-Shma-Kolenu_Slakh-extract-mvt3_Accompaniment-with-piano-only.mp3\">https:\/\/www.iemj.org\/wp-content\/uploads\/2024\/12\/Cantata-Shma-Kolenu_Slakh-extract-mvt3_Accompaniment-with-piano-only.mp3<\/a><\/audio>\n\n\n<div class=\"wp-block-buttons is-content-justification-center is-layout-flex wp-container-core-buttons-is-layout-16018d1d wp-block-buttons-is-layout-flex\">\n<div class=\"wp-block-button\"><a class=\"wp-block-button__link has-white-color has-text-color has-background has-link-color wp-element-button\" href=\"https:\/\/www.iemj.org\/de\/produit\/daniel-cantata-shma-kolenu-for-choir-baritone-solo-clarinet-in-a-and-string-trio\/\" style=\"background-color:#3c4b98\" target=\"_blank\" rel=\"noreferrer noopener\"><strong>Cantata Shma Kolenu bestellen<\/strong><\/a><\/div>\n<\/div>\n\n\n\n<div style=\"height:10px\" aria-hidden=\"true\" class=\"wp-block-spacer\"><\/div>\n\n\n\n<div class=\"wp-block-buttons alignwide has-white-background-color has-background is-content-justification-center is-layout-flex wp-container-core-buttons-is-layout-16018d1d wp-block-buttons-is-layout-flex\">\n<div class=\"wp-block-button\"><a class=\"wp-block-button__link has-white-color has-text-color has-background has-link-color wp-element-button\" href=\"https:\/\/www.iemj.org\/de\/categorie-produit\/partituren-de\/komponisten-de\/daniel-itai-de\/\" style=\"background-color:#3c4b98\" target=\"_blank\" rel=\"noreferrer noopener\">Sehen Sie sich alle Noten von Itai Daniel <strong>im IEMJ Shop<\/strong><\/a><\/div>\n<\/div>\n\n\n\n<div class=\"wp-block-columns alignwide are-vertically-aligned-center is-layout-flex wp-container-core-columns-is-layout-9d6595d7 wp-block-columns-is-layout-flex\">\n<div class=\"wp-block-column is-vertically-aligned-center is-layout-flow wp-block-column-is-layout-flow\" style=\"flex-basis:33.33%\"><div class=\"wp-block-image\">\n<figure class=\"alignright size-full is-resized\"><a href=\"https:\/\/www.iemj.org\/de\/produit\/itai-daniel-mahzor-hayim\/\" target=\"_blank\" rel=\" noreferrer noopener\"><img decoding=\"async\" width=\"223\" height=\"220\" src=\"https:\/\/www.iemj.org\/wp-content\/uploads\/2018\/11\/mahzor.jpg\" alt=\"mahzor.jpg\" class=\"wp-image-21886\" style=\"width:198px;height:auto\" srcset=\"https:\/\/www.iemj.org\/wp-content\/uploads\/2018\/11\/mahzor.jpg 223w, https:\/\/www.iemj.org\/wp-content\/uploads\/2018\/11\/mahzor-100x100.jpg 100w\" sizes=\"(max-width: 223px) 100vw, 223px\" \/><\/a><\/figure>\n<\/div><\/div>\n\n\n\n<div class=\"wp-block-column is-vertically-aligned-center is-layout-flow wp-block-column-is-layout-flow\" style=\"flex-basis:66.66%\">\n<div class=\"wp-block-buttons is-layout-flex wp-block-buttons-is-layout-flex\">\n<div class=\"wp-block-button\"><a class=\"wp-block-button__link has-white-color has-text-color has-background has-link-color wp-element-button\" href=\"https:\/\/www.iemj.org\/de\/produit\/itai-daniel-mahzor-hayim\/\" style=\"background-color:#3c4b98\" target=\"_blank\" rel=\"noreferrer noopener\">Die CD <strong>Mahzor Hayim<\/strong> bestellen<\/a><\/div>\n<\/div>\n<\/div>\n<\/div>\n\n\n\n<figure class=\"wp-block-image size-large\"><img fetchpriority=\"high\" decoding=\"async\" width=\"1024\" height=\"133\" src=\"https:\/\/www.iemj.org\/wp-content\/uploads\/2024\/03\/AUDIO-PLAYER-1024x133.png\" alt=\"\" class=\"wp-image-110606\" srcset=\"https:\/\/www.iemj.org\/wp-content\/uploads\/2024\/03\/AUDIO-PLAYER-1024x133.png 1024w, https:\/\/www.iemj.org\/wp-content\/uploads\/2024\/03\/AUDIO-PLAYER-300x39.png 300w, https:\/\/www.iemj.org\/wp-content\/uploads\/2024\/03\/AUDIO-PLAYER-768x100.png 768w, https:\/\/www.iemj.org\/wp-content\/uploads\/2024\/03\/AUDIO-PLAYER-600x78.png 600w, https:\/\/www.iemj.org\/wp-content\/uploads\/2024\/03\/AUDIO-PLAYER.png 1210w\" sizes=\"(max-width: 1024px) 100vw, 1024px\" \/><\/figure>\n","protected":false},"excerpt":{"rendered":"<p>Das Europ\u00e4ische Institut f\u00fcr J\u00fcdische Musik freut sich, die Ver\u00f6ffentlichung der Cantata Shma kolenu, einem Hauptwerk von lta\u00ef Daniel, f\u00fcr vierstimmigen Chor, Solobariton, Klarinette in A und Streichtrio, ank\u00fcndigen zu<\/p>\n","protected":false},"author":5,"featured_media":115496,"comment_status":"closed","ping_status":"closed","sticky":false,"template":"","format":"standard","meta":{"_acf_changed":false,"footnotes":""},"categories":[1396,1390],"tags":[],"technique":[],"squelettes":[],"sujet":[],"formation":[],"genre":[1900],"fonds":[],"tradition":[],"type-de-contenu":[],"interprete-compositeur":[3181],"frise":[],"type-devenement":[],"tableaux-liens-externes":[],"class_list":["post-115993","post","type-post","status-publish","format-standard","has-post-thumbnail","hentry","category-partituren-iemj-de","category-veroffentlichungen-de","genre-klassische-musik-de","interprete-compositeur-itai-daniel-de-3"],"acf":[],"yoast_head":"<!-- This site is optimized with the Yoast SEO plugin v27.3 - https:\/\/yoast.com\/product\/yoast-seo-wordpress\/ -->\n<title>Cantata Shma Kolenu von Itai Daniel endlich als Partitur erh\u00e4ltlich! - Institut Europ\u00e9en des Musiques Juives<\/title>\n<meta name=\"robots\" content=\"index, follow, max-snippet:-1, max-image-preview:large, max-video-preview:-1\" \/>\n<link rel=\"canonical\" href=\"https:\/\/www.iemj.org\/de\/cantata-shma-kolenu-une-oeuvre-majeure-de-itai-daniel-enfin-disponible-sur-partition\/\" \/>\n<meta property=\"og:locale\" content=\"de_DE\" \/>\n<meta property=\"og:type\" content=\"article\" \/>\n<meta property=\"og:title\" content=\"Cantata Shma Kolenu von Itai Daniel endlich als Partitur erh\u00e4ltlich! - Institut Europ\u00e9en des Musiques Juives\" \/>\n<meta property=\"og:description\" content=\"Das Europ\u00e4ische Institut f\u00fcr J\u00fcdische Musik freut sich, die Ver\u00f6ffentlichung der Cantata Shma kolenu, einem Hauptwerk von lta\u00ef Daniel, f\u00fcr vierstimmigen Chor, Solobariton, Klarinette in A und Streichtrio, ank\u00fcndigen zu\" \/>\n<meta property=\"og:url\" content=\"https:\/\/www.iemj.org\/de\/cantata-shma-kolenu-une-oeuvre-majeure-de-itai-daniel-enfin-disponible-sur-partition\/\" \/>\n<meta property=\"og:site_name\" content=\"Institut Europ\u00e9en des Musiques Juives\" \/>\n<meta property=\"article:publisher\" content=\"https:\/\/www.facebook.com\/MusiquesJuives\/\" \/>\n<meta property=\"article:published_time\" content=\"2024-12-05T10:41:11+00:00\" \/>\n<meta property=\"article:modified_time\" content=\"2025-08-28T14:32:23+00:00\" \/>\n<meta property=\"og:image\" content=\"https:\/\/www.iemj.org\/wp-content\/uploads\/2024\/12\/Logo-Partition-Cantata-Shma-K.jpg\" \/>\n\t<meta property=\"og:image:width\" content=\"500\" \/>\n\t<meta property=\"og:image:height\" content=\"500\" \/>\n\t<meta property=\"og:image:type\" content=\"image\/jpeg\" \/>\n<meta name=\"author\" content=\"Jacqueline ROTEN\" \/>\n<meta name=\"twitter:card\" content=\"summary_large_image\" \/>\n<meta name=\"twitter:label1\" content=\"Verfasst von\" \/>\n\t<meta name=\"twitter:data1\" content=\"Jacqueline ROTEN\" \/>\n\t<meta name=\"twitter:label2\" content=\"Gesch\u00e4tzte Lesezeit\" \/>\n\t<meta name=\"twitter:data2\" content=\"2\u00a0Minuten\" \/>\n<script type=\"application\/ld+json\" class=\"yoast-schema-graph\">{\"@context\":\"https:\\\/\\\/schema.org\",\"@graph\":[{\"@type\":\"Article\",\"@id\":\"https:\\\/\\\/www.iemj.org\\\/de\\\/cantata-shma-kolenu-une-oeuvre-majeure-de-itai-daniel-enfin-disponible-sur-partition\\\/#article\",\"isPartOf\":{\"@id\":\"https:\\\/\\\/www.iemj.org\\\/de\\\/cantata-shma-kolenu-une-oeuvre-majeure-de-itai-daniel-enfin-disponible-sur-partition\\\/\"},\"author\":{\"name\":\"Jacqueline ROTEN\",\"@id\":\"https:\\\/\\\/www.iemj.org\\\/de\\\/#\\\/schema\\\/person\\\/358e26c18aca017fcc4cc15437f7279c\"},\"headline\":\"Cantata Shma Kolenu von Itai Daniel endlich als Partitur erh\u00e4ltlich!\",\"datePublished\":\"2024-12-05T10:41:11+00:00\",\"dateModified\":\"2025-08-28T14:32:23+00:00\",\"mainEntityOfPage\":{\"@id\":\"https:\\\/\\\/www.iemj.org\\\/de\\\/cantata-shma-kolenu-une-oeuvre-majeure-de-itai-daniel-enfin-disponible-sur-partition\\\/\"},\"wordCount\":307,\"publisher\":{\"@id\":\"https:\\\/\\\/www.iemj.org\\\/de\\\/#organization\"},\"image\":{\"@id\":\"https:\\\/\\\/www.iemj.org\\\/de\\\/cantata-shma-kolenu-une-oeuvre-majeure-de-itai-daniel-enfin-disponible-sur-partition\\\/#primaryimage\"},\"thumbnailUrl\":\"https:\\\/\\\/www.iemj.org\\\/wp-content\\\/uploads\\\/2024\\\/12\\\/Logo-Partition-Cantata-Shma-K.jpg\",\"articleSection\":[\"Partituren IEMJ\",\"Ver\u00f6ffentlichungen\"],\"inLanguage\":\"de\"},{\"@type\":\"WebPage\",\"@id\":\"https:\\\/\\\/www.iemj.org\\\/de\\\/cantata-shma-kolenu-une-oeuvre-majeure-de-itai-daniel-enfin-disponible-sur-partition\\\/\",\"url\":\"https:\\\/\\\/www.iemj.org\\\/de\\\/cantata-shma-kolenu-une-oeuvre-majeure-de-itai-daniel-enfin-disponible-sur-partition\\\/\",\"name\":\"Cantata Shma Kolenu von Itai Daniel endlich als Partitur erh\u00e4ltlich! - Institut Europ\u00e9en des Musiques Juives\",\"isPartOf\":{\"@id\":\"https:\\\/\\\/www.iemj.org\\\/de\\\/#website\"},\"primaryImageOfPage\":{\"@id\":\"https:\\\/\\\/www.iemj.org\\\/de\\\/cantata-shma-kolenu-une-oeuvre-majeure-de-itai-daniel-enfin-disponible-sur-partition\\\/#primaryimage\"},\"image\":{\"@id\":\"https:\\\/\\\/www.iemj.org\\\/de\\\/cantata-shma-kolenu-une-oeuvre-majeure-de-itai-daniel-enfin-disponible-sur-partition\\\/#primaryimage\"},\"thumbnailUrl\":\"https:\\\/\\\/www.iemj.org\\\/wp-content\\\/uploads\\\/2024\\\/12\\\/Logo-Partition-Cantata-Shma-K.jpg\",\"datePublished\":\"2024-12-05T10:41:11+00:00\",\"dateModified\":\"2025-08-28T14:32:23+00:00\",\"breadcrumb\":{\"@id\":\"https:\\\/\\\/www.iemj.org\\\/de\\\/cantata-shma-kolenu-une-oeuvre-majeure-de-itai-daniel-enfin-disponible-sur-partition\\\/#breadcrumb\"},\"inLanguage\":\"de\",\"potentialAction\":[{\"@type\":\"ReadAction\",\"target\":[\"https:\\\/\\\/www.iemj.org\\\/de\\\/cantata-shma-kolenu-une-oeuvre-majeure-de-itai-daniel-enfin-disponible-sur-partition\\\/\"]}]},{\"@type\":\"ImageObject\",\"inLanguage\":\"de\",\"@id\":\"https:\\\/\\\/www.iemj.org\\\/de\\\/cantata-shma-kolenu-une-oeuvre-majeure-de-itai-daniel-enfin-disponible-sur-partition\\\/#primaryimage\",\"url\":\"https:\\\/\\\/www.iemj.org\\\/wp-content\\\/uploads\\\/2024\\\/12\\\/Logo-Partition-Cantata-Shma-K.jpg\",\"contentUrl\":\"https:\\\/\\\/www.iemj.org\\\/wp-content\\\/uploads\\\/2024\\\/12\\\/Logo-Partition-Cantata-Shma-K.jpg\",\"width\":500,\"height\":500},{\"@type\":\"BreadcrumbList\",\"@id\":\"https:\\\/\\\/www.iemj.org\\\/de\\\/cantata-shma-kolenu-une-oeuvre-majeure-de-itai-daniel-enfin-disponible-sur-partition\\\/#breadcrumb\",\"itemListElement\":[{\"@type\":\"ListItem\",\"position\":1,\"name\":\"Accueil\",\"item\":\"https:\\\/\\\/www.iemj.org\\\/de\\\/\"},{\"@type\":\"ListItem\",\"position\":2,\"name\":\"Cantata Shma Kolenu von Itai Daniel endlich als Partitur erh\u00e4ltlich!\"}]},{\"@type\":\"WebSite\",\"@id\":\"https:\\\/\\\/www.iemj.org\\\/de\\\/#website\",\"url\":\"https:\\\/\\\/www.iemj.org\\\/de\\\/\",\"name\":\"Institut Europ\u00e9en des Musiques Juives\",\"description\":\"Des traditions musicales \u00e0 la port\u00e9e de tous\",\"publisher\":{\"@id\":\"https:\\\/\\\/www.iemj.org\\\/de\\\/#organization\"},\"potentialAction\":[{\"@type\":\"SearchAction\",\"target\":{\"@type\":\"EntryPoint\",\"urlTemplate\":\"https:\\\/\\\/www.iemj.org\\\/de\\\/?s={search_term_string}\"},\"query-input\":{\"@type\":\"PropertyValueSpecification\",\"valueRequired\":true,\"valueName\":\"search_term_string\"}}],\"inLanguage\":\"de\"},{\"@type\":\"Organization\",\"@id\":\"https:\\\/\\\/www.iemj.org\\\/de\\\/#organization\",\"name\":\"Institut Europ\u00e9en des Musiques Juives\",\"url\":\"https:\\\/\\\/www.iemj.org\\\/de\\\/\",\"logo\":{\"@type\":\"ImageObject\",\"inLanguage\":\"de\",\"@id\":\"https:\\\/\\\/www.iemj.org\\\/de\\\/#\\\/schema\\\/logo\\\/image\\\/\",\"url\":\"https:\\\/\\\/www.iemj.org\\\/wp-content\\\/uploads\\\/2021\\\/09\\\/Logo-IEMJ-Paypal.jpg\",\"contentUrl\":\"https:\\\/\\\/www.iemj.org\\\/wp-content\\\/uploads\\\/2021\\\/09\\\/Logo-IEMJ-Paypal.jpg\",\"width\":150,\"height\":50,\"caption\":\"Institut Europ\u00e9en des Musiques Juives\"},\"image\":{\"@id\":\"https:\\\/\\\/www.iemj.org\\\/de\\\/#\\\/schema\\\/logo\\\/image\\\/\"},\"sameAs\":[\"https:\\\/\\\/www.facebook.com\\\/MusiquesJuives\\\/\",\"https:\\\/\\\/www.instagram.com\\\/musiquesjuives\\\/\",\"https:\\\/\\\/www.youtube.com\\\/user\\\/musiquesjuives\"]},{\"@type\":\"Person\",\"@id\":\"https:\\\/\\\/www.iemj.org\\\/de\\\/#\\\/schema\\\/person\\\/358e26c18aca017fcc4cc15437f7279c\",\"name\":\"Jacqueline ROTEN\",\"image\":{\"@type\":\"ImageObject\",\"inLanguage\":\"de\",\"@id\":\"https:\\\/\\\/secure.gravatar.com\\\/avatar\\\/5964256d6c6957de3a3505278957e0fb2a35119ac47ea41827a65301213c810b?s=96&d=mm&r=g\",\"url\":\"https:\\\/\\\/secure.gravatar.com\\\/avatar\\\/5964256d6c6957de3a3505278957e0fb2a35119ac47ea41827a65301213c810b?s=96&d=mm&r=g\",\"contentUrl\":\"https:\\\/\\\/secure.gravatar.com\\\/avatar\\\/5964256d6c6957de3a3505278957e0fb2a35119ac47ea41827a65301213c810b?s=96&d=mm&r=g\",\"caption\":\"Jacqueline ROTEN\"}}]}<\/script>\n<!-- \/ Yoast SEO plugin. -->","yoast_head_json":{"title":"Cantata Shma Kolenu von Itai Daniel endlich als Partitur erh\u00e4ltlich! - Institut Europ\u00e9en des Musiques Juives","robots":{"index":"index","follow":"follow","max-snippet":"max-snippet:-1","max-image-preview":"max-image-preview:large","max-video-preview":"max-video-preview:-1"},"canonical":"https:\/\/www.iemj.org\/de\/cantata-shma-kolenu-une-oeuvre-majeure-de-itai-daniel-enfin-disponible-sur-partition\/","og_locale":"de_DE","og_type":"article","og_title":"Cantata Shma Kolenu von Itai Daniel endlich als Partitur erh\u00e4ltlich! - Institut Europ\u00e9en des Musiques Juives","og_description":"Das Europ\u00e4ische Institut f\u00fcr J\u00fcdische Musik freut sich, die Ver\u00f6ffentlichung der Cantata Shma kolenu, einem Hauptwerk von lta\u00ef Daniel, f\u00fcr vierstimmigen Chor, Solobariton, Klarinette in A und Streichtrio, ank\u00fcndigen zu","og_url":"https:\/\/www.iemj.org\/de\/cantata-shma-kolenu-une-oeuvre-majeure-de-itai-daniel-enfin-disponible-sur-partition\/","og_site_name":"Institut Europ\u00e9en des Musiques Juives","article_publisher":"https:\/\/www.facebook.com\/MusiquesJuives\/","article_published_time":"2024-12-05T10:41:11+00:00","article_modified_time":"2025-08-28T14:32:23+00:00","og_image":[{"width":500,"height":500,"url":"https:\/\/www.iemj.org\/wp-content\/uploads\/2024\/12\/Logo-Partition-Cantata-Shma-K.jpg","type":"image\/jpeg"}],"author":"Jacqueline ROTEN","twitter_card":"summary_large_image","twitter_misc":{"Verfasst von":"Jacqueline ROTEN","Gesch\u00e4tzte Lesezeit":"2\u00a0Minuten"},"schema":{"@context":"https:\/\/schema.org","@graph":[{"@type":"Article","@id":"https:\/\/www.iemj.org\/de\/cantata-shma-kolenu-une-oeuvre-majeure-de-itai-daniel-enfin-disponible-sur-partition\/#article","isPartOf":{"@id":"https:\/\/www.iemj.org\/de\/cantata-shma-kolenu-une-oeuvre-majeure-de-itai-daniel-enfin-disponible-sur-partition\/"},"author":{"name":"Jacqueline ROTEN","@id":"https:\/\/www.iemj.org\/de\/#\/schema\/person\/358e26c18aca017fcc4cc15437f7279c"},"headline":"Cantata Shma Kolenu von Itai Daniel endlich als Partitur erh\u00e4ltlich!","datePublished":"2024-12-05T10:41:11+00:00","dateModified":"2025-08-28T14:32:23+00:00","mainEntityOfPage":{"@id":"https:\/\/www.iemj.org\/de\/cantata-shma-kolenu-une-oeuvre-majeure-de-itai-daniel-enfin-disponible-sur-partition\/"},"wordCount":307,"publisher":{"@id":"https:\/\/www.iemj.org\/de\/#organization"},"image":{"@id":"https:\/\/www.iemj.org\/de\/cantata-shma-kolenu-une-oeuvre-majeure-de-itai-daniel-enfin-disponible-sur-partition\/#primaryimage"},"thumbnailUrl":"https:\/\/www.iemj.org\/wp-content\/uploads\/2024\/12\/Logo-Partition-Cantata-Shma-K.jpg","articleSection":["Partituren IEMJ","Ver\u00f6ffentlichungen"],"inLanguage":"de"},{"@type":"WebPage","@id":"https:\/\/www.iemj.org\/de\/cantata-shma-kolenu-une-oeuvre-majeure-de-itai-daniel-enfin-disponible-sur-partition\/","url":"https:\/\/www.iemj.org\/de\/cantata-shma-kolenu-une-oeuvre-majeure-de-itai-daniel-enfin-disponible-sur-partition\/","name":"Cantata Shma Kolenu von Itai Daniel endlich als Partitur erh\u00e4ltlich! - Institut Europ\u00e9en des Musiques Juives","isPartOf":{"@id":"https:\/\/www.iemj.org\/de\/#website"},"primaryImageOfPage":{"@id":"https:\/\/www.iemj.org\/de\/cantata-shma-kolenu-une-oeuvre-majeure-de-itai-daniel-enfin-disponible-sur-partition\/#primaryimage"},"image":{"@id":"https:\/\/www.iemj.org\/de\/cantata-shma-kolenu-une-oeuvre-majeure-de-itai-daniel-enfin-disponible-sur-partition\/#primaryimage"},"thumbnailUrl":"https:\/\/www.iemj.org\/wp-content\/uploads\/2024\/12\/Logo-Partition-Cantata-Shma-K.jpg","datePublished":"2024-12-05T10:41:11+00:00","dateModified":"2025-08-28T14:32:23+00:00","breadcrumb":{"@id":"https:\/\/www.iemj.org\/de\/cantata-shma-kolenu-une-oeuvre-majeure-de-itai-daniel-enfin-disponible-sur-partition\/#breadcrumb"},"inLanguage":"de","potentialAction":[{"@type":"ReadAction","target":["https:\/\/www.iemj.org\/de\/cantata-shma-kolenu-une-oeuvre-majeure-de-itai-daniel-enfin-disponible-sur-partition\/"]}]},{"@type":"ImageObject","inLanguage":"de","@id":"https:\/\/www.iemj.org\/de\/cantata-shma-kolenu-une-oeuvre-majeure-de-itai-daniel-enfin-disponible-sur-partition\/#primaryimage","url":"https:\/\/www.iemj.org\/wp-content\/uploads\/2024\/12\/Logo-Partition-Cantata-Shma-K.jpg","contentUrl":"https:\/\/www.iemj.org\/wp-content\/uploads\/2024\/12\/Logo-Partition-Cantata-Shma-K.jpg","width":500,"height":500},{"@type":"BreadcrumbList","@id":"https:\/\/www.iemj.org\/de\/cantata-shma-kolenu-une-oeuvre-majeure-de-itai-daniel-enfin-disponible-sur-partition\/#breadcrumb","itemListElement":[{"@type":"ListItem","position":1,"name":"Accueil","item":"https:\/\/www.iemj.org\/de\/"},{"@type":"ListItem","position":2,"name":"Cantata Shma Kolenu von Itai Daniel endlich als Partitur erh\u00e4ltlich!"}]},{"@type":"WebSite","@id":"https:\/\/www.iemj.org\/de\/#website","url":"https:\/\/www.iemj.org\/de\/","name":"Institut Europ\u00e9en des Musiques Juives","description":"Des traditions musicales \u00e0 la port\u00e9e de tous","publisher":{"@id":"https:\/\/www.iemj.org\/de\/#organization"},"potentialAction":[{"@type":"SearchAction","target":{"@type":"EntryPoint","urlTemplate":"https:\/\/www.iemj.org\/de\/?s={search_term_string}"},"query-input":{"@type":"PropertyValueSpecification","valueRequired":true,"valueName":"search_term_string"}}],"inLanguage":"de"},{"@type":"Organization","@id":"https:\/\/www.iemj.org\/de\/#organization","name":"Institut Europ\u00e9en des Musiques Juives","url":"https:\/\/www.iemj.org\/de\/","logo":{"@type":"ImageObject","inLanguage":"de","@id":"https:\/\/www.iemj.org\/de\/#\/schema\/logo\/image\/","url":"https:\/\/www.iemj.org\/wp-content\/uploads\/2021\/09\/Logo-IEMJ-Paypal.jpg","contentUrl":"https:\/\/www.iemj.org\/wp-content\/uploads\/2021\/09\/Logo-IEMJ-Paypal.jpg","width":150,"height":50,"caption":"Institut Europ\u00e9en des Musiques Juives"},"image":{"@id":"https:\/\/www.iemj.org\/de\/#\/schema\/logo\/image\/"},"sameAs":["https:\/\/www.facebook.com\/MusiquesJuives\/","https:\/\/www.instagram.com\/musiquesjuives\/","https:\/\/www.youtube.com\/user\/musiquesjuives"]},{"@type":"Person","@id":"https:\/\/www.iemj.org\/de\/#\/schema\/person\/358e26c18aca017fcc4cc15437f7279c","name":"Jacqueline ROTEN","image":{"@type":"ImageObject","inLanguage":"de","@id":"https:\/\/secure.gravatar.com\/avatar\/5964256d6c6957de3a3505278957e0fb2a35119ac47ea41827a65301213c810b?s=96&d=mm&r=g","url":"https:\/\/secure.gravatar.com\/avatar\/5964256d6c6957de3a3505278957e0fb2a35119ac47ea41827a65301213c810b?s=96&d=mm&r=g","contentUrl":"https:\/\/secure.gravatar.com\/avatar\/5964256d6c6957de3a3505278957e0fb2a35119ac47ea41827a65301213c810b?s=96&d=mm&r=g","caption":"Jacqueline ROTEN"}}]}},"_links":{"self":[{"href":"https:\/\/www.iemj.org\/de\/wp-json\/wp\/v2\/posts\/115993","targetHints":{"allow":["GET"]}}],"collection":[{"href":"https:\/\/www.iemj.org\/de\/wp-json\/wp\/v2\/posts"}],"about":[{"href":"https:\/\/www.iemj.org\/de\/wp-json\/wp\/v2\/types\/post"}],"author":[{"embeddable":true,"href":"https:\/\/www.iemj.org\/de\/wp-json\/wp\/v2\/users\/5"}],"replies":[{"embeddable":true,"href":"https:\/\/www.iemj.org\/de\/wp-json\/wp\/v2\/comments?post=115993"}],"version-history":[{"count":0,"href":"https:\/\/www.iemj.org\/de\/wp-json\/wp\/v2\/posts\/115993\/revisions"}],"wp:featuredmedia":[{"embeddable":true,"href":"https:\/\/www.iemj.org\/de\/wp-json\/wp\/v2\/media\/115496"}],"wp:attachment":[{"href":"https:\/\/www.iemj.org\/de\/wp-json\/wp\/v2\/media?parent=115993"}],"wp:term":[{"taxonomy":"category","embeddable":true,"href":"https:\/\/www.iemj.org\/de\/wp-json\/wp\/v2\/categories?post=115993"},{"taxonomy":"post_tag","embeddable":true,"href":"https:\/\/www.iemj.org\/de\/wp-json\/wp\/v2\/tags?post=115993"},{"taxonomy":"technique","embeddable":true,"href":"https:\/\/www.iemj.org\/de\/wp-json\/wp\/v2\/technique?post=115993"},{"taxonomy":"squelettes","embeddable":true,"href":"https:\/\/www.iemj.org\/de\/wp-json\/wp\/v2\/squelettes?post=115993"},{"taxonomy":"sujet","embeddable":true,"href":"https:\/\/www.iemj.org\/de\/wp-json\/wp\/v2\/sujet?post=115993"},{"taxonomy":"formation","embeddable":true,"href":"https:\/\/www.iemj.org\/de\/wp-json\/wp\/v2\/formation?post=115993"},{"taxonomy":"genre","embeddable":true,"href":"https:\/\/www.iemj.org\/de\/wp-json\/wp\/v2\/genre?post=115993"},{"taxonomy":"fonds","embeddable":true,"href":"https:\/\/www.iemj.org\/de\/wp-json\/wp\/v2\/fonds?post=115993"},{"taxonomy":"tradition","embeddable":true,"href":"https:\/\/www.iemj.org\/de\/wp-json\/wp\/v2\/tradition?post=115993"},{"taxonomy":"type-de-contenu","embeddable":true,"href":"https:\/\/www.iemj.org\/de\/wp-json\/wp\/v2\/type-de-contenu?post=115993"},{"taxonomy":"interprete-compositeur","embeddable":true,"href":"https:\/\/www.iemj.org\/de\/wp-json\/wp\/v2\/interprete-compositeur?post=115993"},{"taxonomy":"frise","embeddable":true,"href":"https:\/\/www.iemj.org\/de\/wp-json\/wp\/v2\/frise?post=115993"},{"taxonomy":"type-devenement","embeddable":true,"href":"https:\/\/www.iemj.org\/de\/wp-json\/wp\/v2\/type-devenement?post=115993"},{"taxonomy":"tableaux-liens-externes","embeddable":true,"href":"https:\/\/www.iemj.org\/de\/wp-json\/wp\/v2\/tableaux-liens-externes?post=115993"}],"curies":[{"name":"wp","href":"https:\/\/api.w.org\/{rel}","templated":true}]}}