{"id":116131,"date":"2024-12-05T16:17:32","date_gmt":"2024-12-05T15:17:32","guid":{"rendered":"https:\/\/www.iemj.org\/les-enfants-de-lesperance-une-partition-de-graciane-finzi-sur-un-texte-du-rabbin-philippe-haddad\/"},"modified":"2024-12-05T17:46:43","modified_gmt":"2024-12-05T16:46:43","slug":"les-enfants-de-lesperance-une-partition-de-graciane-finzi-sur-un-texte-du-rabbin-philippe-haddad","status":"publish","type":"post","link":"https:\/\/www.iemj.org\/de\/les-enfants-de-lesperance-une-partition-de-graciane-finzi-sur-un-texte-du-rabbin-philippe-haddad\/","title":{"rendered":"Les enfants de l&#8217;esp\u00e9rance, eine Partitur von Graciane Finzi"},"content":{"rendered":"<p style=\"text-align: center;\">\u2666\u2666\u2666\u2666\u2666\u2666<\/p>\n<p><!--more--><\/p>\n<p><em>Les enfants de l&#8217;esp\u00e9rance<\/em> (<em>Die Kinder der Hoffnung)<\/em>\u00a0ist ein Vokalwerk in franz\u00f6sischer und hebr\u00e4ischer Sprache f\u00fcr Kinderchor und Klavier von <strong>Graciane Finzi<\/strong> nach einem Text von Rabbi <strong>Philippe Haddad<\/strong>. Es wurde 2024 von den Kindern der Talmud Torah von JEM-Copernic unter der Leitung der Dirigentin <a href=\"https:\/\/melanielevythiebaut.com\/\" target=\"_blank\" rel=\"noopener\"><strong>M\u00e9lanie Levy-Thi\u00e9baut<\/strong><\/a> uraufgef\u00fchrt.<\/p>\n<p><!--more--><\/p>\n<p>Nach ihrem Studium am Konservatorium ihrer Heimatstadt Casablanca trat <strong><a href=\"https:\/\/www.iemj.org\/de\/graciane-finzi-2\/\" target=\"_blank\" rel=\"noopener\">Graciane Finzi<\/a><\/strong> in das Conservatoire National Sup\u00e9rieur de Paris ein, wo sie zahlreiche Preise gewann (Harmonie, Kontrapunkt, Fuge und Komposition).<\/p>\n<p><img decoding=\"async\" class=\"alignright wp-image-116120\" src=\"https:\/\/www.iemj.org\/wp-content\/uploads\/2024\/12\/Capture-portrait-Graciane2-300x278.jpg\" alt=\"\" width=\"228\" height=\"211\" srcset=\"https:\/\/www.iemj.org\/wp-content\/uploads\/2024\/12\/Capture-portrait-Graciane2-300x278.jpg 300w, https:\/\/www.iemj.org\/wp-content\/uploads\/2024\/12\/Capture-portrait-Graciane2.jpg 313w\" sizes=\"(max-width: 228px) 100vw, 228px\" \/>Sie wurde 1979 zur Professorin am CNSM in Paris ernannt und komponierte fast 200 Werke, darunter auch einige j\u00fcdische Werke wie <a href=\"https:\/\/www.billaudot.com\/kaddish-46.html\" target=\"_blank\" rel=\"noopener\"><em>Kaddish<\/em><\/a>,\u00a0<a href=\"https:\/\/www.iemj.org\/kol-nidre-huit-visions\/\" target=\"_blank\" rel=\"noopener\"><em>Cr\u00e9puscule du Kol Nidr\u00e9 (Kol Nidre D\u00e4mmerung)<\/em><\/a> oder <em>Les enfants de l\u2019esp\u00e9rance (Die Kinder der Hoffnung)<\/em>.<\/p>\n<p>Ihr weltweit gespieltes Gesamtwerk wurde mit zahlreichen Preisen ausgezeichnet: Prix Georges Enesco, Prix Sacem, Prix SACD, Prix Florent Schmitt&#8230; 2020 wurde Graciane Finzi vom franz\u00f6sischen Kulturminister zum Chevalier des Arts et Lettres (Ritter der K\u00fcnste und Literatur) ernannt.<\/p>\n<p><a href=\"https:\/\/graciane-finzi.fr\/\" target=\"_blank\" rel=\"noopener\">Mehr \u00fcber Graciane Finzi<\/a>.<\/p>\n<p><img decoding=\"async\" class=\"wp-image-116037 alignleft\" src=\"https:\/\/www.iemj.org\/wp-content\/uploads\/2024\/12\/P.Haddad-e1733408672568.jpg\" alt=\"\" width=\"188\" height=\"196\" srcset=\"https:\/\/www.iemj.org\/wp-content\/uploads\/2024\/12\/P.Haddad-e1733408672568.jpg 301w, https:\/\/www.iemj.org\/wp-content\/uploads\/2024\/12\/P.Haddad-e1733408672568-288x300.jpg 288w\" sizes=\"(max-width: 188px) 100vw, 188px\" \/><\/p>\n<p><strong>Philippe Haddad<\/strong>, Absolvent des Seminaire Isra\u00e9lite de France, ist Rabbiner der Synagoge in der Rue Copernic der Union Lib\u00e9rale Isra\u00e9lite de France (ULIF). Er war Rabbiner in N\u00eemes, Paris (rue Fondary) und Les Ulis im Vall\u00e9e de Chevreuse sowie Jugendpfarrer des Konsistoriums von Paris. Er war auch Lehrer am Beth Halimoud des Gemeindezentrums in Paris, am MJLF und unterrichtet heute am Coll\u00e8ge des Bernardins in Paris. Er ist Autor mehrerer B\u00fccher \u00fcber das Judentum und den interreligi\u00f6sen Dialog und geh\u00f6rt der Bewegung Judaism in Movement J.E.M. an.<\/p>\n<p><a href=\"https:\/\/judaismeenmouvement.org\/les-femmes-et-hommes\/philippe-haddad\/\" target=\"_blank\" rel=\"noopener\">Mehr \u00fcber Philippe Haddad<\/a><\/p>\n\n\n<div class=\"wp-block-buttons is-layout-flex wp-block-buttons-is-layout-flex\">\n<div class=\"wp-block-button\"><a class=\"wp-block-button__link has-white-color has-text-color has-background has-link-color wp-element-button\" href=\"https:\/\/www.iemj.org\/de\/produit\/finzi-les-enfants-de-lesperance-pour-voix-et-piano\/\" style=\"background-color:#3c4b98\" target=\"_blank\" rel=\"noreferrer noopener\"><strong>Die Partitur Les enfants de l&#8217;esp\u00e9rance <\/strong>(gedruckte oder digitale Version)<strong> <strong>im Shop des IEMJ ansehen und bestellen<\/strong><\/strong><\/a><\/div>\n<\/div>\n\n\n\n<p><\/p>\n","protected":false},"excerpt":{"rendered":"<p>\u2666\u2666\u2666\u2666\u2666\u2666<\/p>\n","protected":false},"author":5,"featured_media":116018,"comment_status":"closed","ping_status":"closed","sticky":false,"template":"","format":"standard","meta":{"_acf_changed":false,"footnotes":""},"categories":[1396,1390],"tags":[],"technique":[],"squelettes":[],"sujet":[],"formation":[],"genre":[],"fonds":[],"tradition":[],"type-de-contenu":[],"interprete-compositeur":[],"frise":[],"type-devenement":[],"tableaux-liens-externes":[],"class_list":["post-116131","post","type-post","status-publish","format-standard","has-post-thumbnail","hentry","category-partituren-iemj-de","category-veroffentlichungen-de"],"acf":[],"yoast_head":"<!-- This site is optimized with the Yoast SEO plugin v27.3 - https:\/\/yoast.com\/product\/yoast-seo-wordpress\/ -->\n<title>Les enfants de l&#039;esp\u00e9rance, eine Partitur von Graciane Finzi - Institut Europ\u00e9en des Musiques Juives<\/title>\n<meta name=\"robots\" content=\"index, follow, max-snippet:-1, max-image-preview:large, max-video-preview:-1\" \/>\n<link rel=\"canonical\" href=\"https:\/\/www.iemj.org\/de\/les-enfants-de-lesperance-une-partition-de-graciane-finzi-sur-un-texte-du-rabbin-philippe-haddad\/\" \/>\n<meta property=\"og:locale\" content=\"de_DE\" \/>\n<meta property=\"og:type\" content=\"article\" \/>\n<meta property=\"og:title\" content=\"Les enfants de l&#039;esp\u00e9rance, eine Partitur von Graciane Finzi - Institut Europ\u00e9en des Musiques Juives\" \/>\n<meta property=\"og:description\" content=\"\u2666\u2666\u2666\u2666\u2666\u2666\" \/>\n<meta property=\"og:url\" content=\"https:\/\/www.iemj.org\/de\/les-enfants-de-lesperance-une-partition-de-graciane-finzi-sur-un-texte-du-rabbin-philippe-haddad\/\" \/>\n<meta property=\"og:site_name\" content=\"Institut Europ\u00e9en des Musiques Juives\" \/>\n<meta property=\"article:publisher\" content=\"https:\/\/www.facebook.com\/MusiquesJuives\/\" \/>\n<meta property=\"article:published_time\" content=\"2024-12-05T15:17:32+00:00\" \/>\n<meta property=\"article:modified_time\" content=\"2024-12-05T16:46:43+00:00\" \/>\n<meta property=\"og:image\" content=\"https:\/\/www.iemj.org\/wp-content\/uploads\/2024\/12\/Logo-Publi-part-G.-Finzi.jpg\" \/>\n\t<meta property=\"og:image:width\" content=\"500\" \/>\n\t<meta property=\"og:image:height\" content=\"500\" \/>\n\t<meta property=\"og:image:type\" content=\"image\/jpeg\" \/>\n<meta name=\"author\" content=\"Jacqueline ROTEN\" \/>\n<meta name=\"twitter:card\" content=\"summary_large_image\" \/>\n<meta name=\"twitter:label1\" content=\"Verfasst von\" \/>\n\t<meta name=\"twitter:data1\" content=\"Jacqueline ROTEN\" \/>\n\t<meta name=\"twitter:label2\" content=\"Gesch\u00e4tzte Lesezeit\" \/>\n\t<meta name=\"twitter:data2\" content=\"2\u00a0Minuten\" \/>\n<script type=\"application\/ld+json\" class=\"yoast-schema-graph\">{\"@context\":\"https:\\\/\\\/schema.org\",\"@graph\":[{\"@type\":\"Article\",\"@id\":\"https:\\\/\\\/www.iemj.org\\\/de\\\/les-enfants-de-lesperance-une-partition-de-graciane-finzi-sur-un-texte-du-rabbin-philippe-haddad\\\/#article\",\"isPartOf\":{\"@id\":\"https:\\\/\\\/www.iemj.org\\\/de\\\/les-enfants-de-lesperance-une-partition-de-graciane-finzi-sur-un-texte-du-rabbin-philippe-haddad\\\/\"},\"author\":{\"name\":\"Jacqueline ROTEN\",\"@id\":\"https:\\\/\\\/www.iemj.org\\\/de\\\/#\\\/schema\\\/person\\\/358e26c18aca017fcc4cc15437f7279c\"},\"headline\":\"Les enfants de l&#8217;esp\u00e9rance, eine Partitur von Graciane Finzi\",\"datePublished\":\"2024-12-05T15:17:32+00:00\",\"dateModified\":\"2024-12-05T16:46:43+00:00\",\"mainEntityOfPage\":{\"@id\":\"https:\\\/\\\/www.iemj.org\\\/de\\\/les-enfants-de-lesperance-une-partition-de-graciane-finzi-sur-un-texte-du-rabbin-philippe-haddad\\\/\"},\"wordCount\":302,\"publisher\":{\"@id\":\"https:\\\/\\\/www.iemj.org\\\/de\\\/#organization\"},\"image\":{\"@id\":\"https:\\\/\\\/www.iemj.org\\\/de\\\/les-enfants-de-lesperance-une-partition-de-graciane-finzi-sur-un-texte-du-rabbin-philippe-haddad\\\/#primaryimage\"},\"thumbnailUrl\":\"https:\\\/\\\/www.iemj.org\\\/wp-content\\\/uploads\\\/2024\\\/12\\\/Logo-Publi-part-G.-Finzi.jpg\",\"articleSection\":[\"Partituren IEMJ\",\"Ver\u00f6ffentlichungen\"],\"inLanguage\":\"de\"},{\"@type\":\"WebPage\",\"@id\":\"https:\\\/\\\/www.iemj.org\\\/de\\\/les-enfants-de-lesperance-une-partition-de-graciane-finzi-sur-un-texte-du-rabbin-philippe-haddad\\\/\",\"url\":\"https:\\\/\\\/www.iemj.org\\\/de\\\/les-enfants-de-lesperance-une-partition-de-graciane-finzi-sur-un-texte-du-rabbin-philippe-haddad\\\/\",\"name\":\"Les enfants de l'esp\u00e9rance, eine Partitur von Graciane Finzi - Institut Europ\u00e9en des Musiques Juives\",\"isPartOf\":{\"@id\":\"https:\\\/\\\/www.iemj.org\\\/de\\\/#website\"},\"primaryImageOfPage\":{\"@id\":\"https:\\\/\\\/www.iemj.org\\\/de\\\/les-enfants-de-lesperance-une-partition-de-graciane-finzi-sur-un-texte-du-rabbin-philippe-haddad\\\/#primaryimage\"},\"image\":{\"@id\":\"https:\\\/\\\/www.iemj.org\\\/de\\\/les-enfants-de-lesperance-une-partition-de-graciane-finzi-sur-un-texte-du-rabbin-philippe-haddad\\\/#primaryimage\"},\"thumbnailUrl\":\"https:\\\/\\\/www.iemj.org\\\/wp-content\\\/uploads\\\/2024\\\/12\\\/Logo-Publi-part-G.-Finzi.jpg\",\"datePublished\":\"2024-12-05T15:17:32+00:00\",\"dateModified\":\"2024-12-05T16:46:43+00:00\",\"breadcrumb\":{\"@id\":\"https:\\\/\\\/www.iemj.org\\\/de\\\/les-enfants-de-lesperance-une-partition-de-graciane-finzi-sur-un-texte-du-rabbin-philippe-haddad\\\/#breadcrumb\"},\"inLanguage\":\"de\",\"potentialAction\":[{\"@type\":\"ReadAction\",\"target\":[\"https:\\\/\\\/www.iemj.org\\\/de\\\/les-enfants-de-lesperance-une-partition-de-graciane-finzi-sur-un-texte-du-rabbin-philippe-haddad\\\/\"]}]},{\"@type\":\"ImageObject\",\"inLanguage\":\"de\",\"@id\":\"https:\\\/\\\/www.iemj.org\\\/de\\\/les-enfants-de-lesperance-une-partition-de-graciane-finzi-sur-un-texte-du-rabbin-philippe-haddad\\\/#primaryimage\",\"url\":\"https:\\\/\\\/www.iemj.org\\\/wp-content\\\/uploads\\\/2024\\\/12\\\/Logo-Publi-part-G.-Finzi.jpg\",\"contentUrl\":\"https:\\\/\\\/www.iemj.org\\\/wp-content\\\/uploads\\\/2024\\\/12\\\/Logo-Publi-part-G.-Finzi.jpg\",\"width\":500,\"height\":500},{\"@type\":\"BreadcrumbList\",\"@id\":\"https:\\\/\\\/www.iemj.org\\\/de\\\/les-enfants-de-lesperance-une-partition-de-graciane-finzi-sur-un-texte-du-rabbin-philippe-haddad\\\/#breadcrumb\",\"itemListElement\":[{\"@type\":\"ListItem\",\"position\":1,\"name\":\"Accueil\",\"item\":\"https:\\\/\\\/www.iemj.org\\\/de\\\/\"},{\"@type\":\"ListItem\",\"position\":2,\"name\":\"Les enfants de l&#8217;esp\u00e9rance, eine Partitur von Graciane Finzi\"}]},{\"@type\":\"WebSite\",\"@id\":\"https:\\\/\\\/www.iemj.org\\\/de\\\/#website\",\"url\":\"https:\\\/\\\/www.iemj.org\\\/de\\\/\",\"name\":\"Institut Europ\u00e9en des Musiques Juives\",\"description\":\"Des traditions musicales \u00e0 la port\u00e9e de tous\",\"publisher\":{\"@id\":\"https:\\\/\\\/www.iemj.org\\\/de\\\/#organization\"},\"potentialAction\":[{\"@type\":\"SearchAction\",\"target\":{\"@type\":\"EntryPoint\",\"urlTemplate\":\"https:\\\/\\\/www.iemj.org\\\/de\\\/?s={search_term_string}\"},\"query-input\":{\"@type\":\"PropertyValueSpecification\",\"valueRequired\":true,\"valueName\":\"search_term_string\"}}],\"inLanguage\":\"de\"},{\"@type\":\"Organization\",\"@id\":\"https:\\\/\\\/www.iemj.org\\\/de\\\/#organization\",\"name\":\"Institut Europ\u00e9en des Musiques Juives\",\"url\":\"https:\\\/\\\/www.iemj.org\\\/de\\\/\",\"logo\":{\"@type\":\"ImageObject\",\"inLanguage\":\"de\",\"@id\":\"https:\\\/\\\/www.iemj.org\\\/de\\\/#\\\/schema\\\/logo\\\/image\\\/\",\"url\":\"https:\\\/\\\/www.iemj.org\\\/wp-content\\\/uploads\\\/2021\\\/09\\\/Logo-IEMJ-Paypal.jpg\",\"contentUrl\":\"https:\\\/\\\/www.iemj.org\\\/wp-content\\\/uploads\\\/2021\\\/09\\\/Logo-IEMJ-Paypal.jpg\",\"width\":150,\"height\":50,\"caption\":\"Institut Europ\u00e9en des Musiques Juives\"},\"image\":{\"@id\":\"https:\\\/\\\/www.iemj.org\\\/de\\\/#\\\/schema\\\/logo\\\/image\\\/\"},\"sameAs\":[\"https:\\\/\\\/www.facebook.com\\\/MusiquesJuives\\\/\",\"https:\\\/\\\/www.instagram.com\\\/musiquesjuives\\\/\",\"https:\\\/\\\/www.youtube.com\\\/user\\\/musiquesjuives\"]},{\"@type\":\"Person\",\"@id\":\"https:\\\/\\\/www.iemj.org\\\/de\\\/#\\\/schema\\\/person\\\/358e26c18aca017fcc4cc15437f7279c\",\"name\":\"Jacqueline ROTEN\",\"image\":{\"@type\":\"ImageObject\",\"inLanguage\":\"de\",\"@id\":\"https:\\\/\\\/secure.gravatar.com\\\/avatar\\\/5964256d6c6957de3a3505278957e0fb2a35119ac47ea41827a65301213c810b?s=96&d=mm&r=g\",\"url\":\"https:\\\/\\\/secure.gravatar.com\\\/avatar\\\/5964256d6c6957de3a3505278957e0fb2a35119ac47ea41827a65301213c810b?s=96&d=mm&r=g\",\"contentUrl\":\"https:\\\/\\\/secure.gravatar.com\\\/avatar\\\/5964256d6c6957de3a3505278957e0fb2a35119ac47ea41827a65301213c810b?s=96&d=mm&r=g\",\"caption\":\"Jacqueline ROTEN\"}}]}<\/script>\n<!-- \/ Yoast SEO plugin. -->","yoast_head_json":{"title":"Les enfants de l'esp\u00e9rance, eine Partitur von Graciane Finzi - Institut Europ\u00e9en des Musiques Juives","robots":{"index":"index","follow":"follow","max-snippet":"max-snippet:-1","max-image-preview":"max-image-preview:large","max-video-preview":"max-video-preview:-1"},"canonical":"https:\/\/www.iemj.org\/de\/les-enfants-de-lesperance-une-partition-de-graciane-finzi-sur-un-texte-du-rabbin-philippe-haddad\/","og_locale":"de_DE","og_type":"article","og_title":"Les enfants de l'esp\u00e9rance, eine Partitur von Graciane Finzi - Institut Europ\u00e9en des Musiques Juives","og_description":"\u2666\u2666\u2666\u2666\u2666\u2666","og_url":"https:\/\/www.iemj.org\/de\/les-enfants-de-lesperance-une-partition-de-graciane-finzi-sur-un-texte-du-rabbin-philippe-haddad\/","og_site_name":"Institut Europ\u00e9en des Musiques Juives","article_publisher":"https:\/\/www.facebook.com\/MusiquesJuives\/","article_published_time":"2024-12-05T15:17:32+00:00","article_modified_time":"2024-12-05T16:46:43+00:00","og_image":[{"width":500,"height":500,"url":"https:\/\/www.iemj.org\/wp-content\/uploads\/2024\/12\/Logo-Publi-part-G.-Finzi.jpg","type":"image\/jpeg"}],"author":"Jacqueline ROTEN","twitter_card":"summary_large_image","twitter_misc":{"Verfasst von":"Jacqueline ROTEN","Gesch\u00e4tzte Lesezeit":"2\u00a0Minuten"},"schema":{"@context":"https:\/\/schema.org","@graph":[{"@type":"Article","@id":"https:\/\/www.iemj.org\/de\/les-enfants-de-lesperance-une-partition-de-graciane-finzi-sur-un-texte-du-rabbin-philippe-haddad\/#article","isPartOf":{"@id":"https:\/\/www.iemj.org\/de\/les-enfants-de-lesperance-une-partition-de-graciane-finzi-sur-un-texte-du-rabbin-philippe-haddad\/"},"author":{"name":"Jacqueline ROTEN","@id":"https:\/\/www.iemj.org\/de\/#\/schema\/person\/358e26c18aca017fcc4cc15437f7279c"},"headline":"Les enfants de l&#8217;esp\u00e9rance, eine Partitur von Graciane Finzi","datePublished":"2024-12-05T15:17:32+00:00","dateModified":"2024-12-05T16:46:43+00:00","mainEntityOfPage":{"@id":"https:\/\/www.iemj.org\/de\/les-enfants-de-lesperance-une-partition-de-graciane-finzi-sur-un-texte-du-rabbin-philippe-haddad\/"},"wordCount":302,"publisher":{"@id":"https:\/\/www.iemj.org\/de\/#organization"},"image":{"@id":"https:\/\/www.iemj.org\/de\/les-enfants-de-lesperance-une-partition-de-graciane-finzi-sur-un-texte-du-rabbin-philippe-haddad\/#primaryimage"},"thumbnailUrl":"https:\/\/www.iemj.org\/wp-content\/uploads\/2024\/12\/Logo-Publi-part-G.-Finzi.jpg","articleSection":["Partituren IEMJ","Ver\u00f6ffentlichungen"],"inLanguage":"de"},{"@type":"WebPage","@id":"https:\/\/www.iemj.org\/de\/les-enfants-de-lesperance-une-partition-de-graciane-finzi-sur-un-texte-du-rabbin-philippe-haddad\/","url":"https:\/\/www.iemj.org\/de\/les-enfants-de-lesperance-une-partition-de-graciane-finzi-sur-un-texte-du-rabbin-philippe-haddad\/","name":"Les enfants de l'esp\u00e9rance, eine Partitur von Graciane Finzi - Institut Europ\u00e9en des Musiques Juives","isPartOf":{"@id":"https:\/\/www.iemj.org\/de\/#website"},"primaryImageOfPage":{"@id":"https:\/\/www.iemj.org\/de\/les-enfants-de-lesperance-une-partition-de-graciane-finzi-sur-un-texte-du-rabbin-philippe-haddad\/#primaryimage"},"image":{"@id":"https:\/\/www.iemj.org\/de\/les-enfants-de-lesperance-une-partition-de-graciane-finzi-sur-un-texte-du-rabbin-philippe-haddad\/#primaryimage"},"thumbnailUrl":"https:\/\/www.iemj.org\/wp-content\/uploads\/2024\/12\/Logo-Publi-part-G.-Finzi.jpg","datePublished":"2024-12-05T15:17:32+00:00","dateModified":"2024-12-05T16:46:43+00:00","breadcrumb":{"@id":"https:\/\/www.iemj.org\/de\/les-enfants-de-lesperance-une-partition-de-graciane-finzi-sur-un-texte-du-rabbin-philippe-haddad\/#breadcrumb"},"inLanguage":"de","potentialAction":[{"@type":"ReadAction","target":["https:\/\/www.iemj.org\/de\/les-enfants-de-lesperance-une-partition-de-graciane-finzi-sur-un-texte-du-rabbin-philippe-haddad\/"]}]},{"@type":"ImageObject","inLanguage":"de","@id":"https:\/\/www.iemj.org\/de\/les-enfants-de-lesperance-une-partition-de-graciane-finzi-sur-un-texte-du-rabbin-philippe-haddad\/#primaryimage","url":"https:\/\/www.iemj.org\/wp-content\/uploads\/2024\/12\/Logo-Publi-part-G.-Finzi.jpg","contentUrl":"https:\/\/www.iemj.org\/wp-content\/uploads\/2024\/12\/Logo-Publi-part-G.-Finzi.jpg","width":500,"height":500},{"@type":"BreadcrumbList","@id":"https:\/\/www.iemj.org\/de\/les-enfants-de-lesperance-une-partition-de-graciane-finzi-sur-un-texte-du-rabbin-philippe-haddad\/#breadcrumb","itemListElement":[{"@type":"ListItem","position":1,"name":"Accueil","item":"https:\/\/www.iemj.org\/de\/"},{"@type":"ListItem","position":2,"name":"Les enfants de l&#8217;esp\u00e9rance, eine Partitur von Graciane Finzi"}]},{"@type":"WebSite","@id":"https:\/\/www.iemj.org\/de\/#website","url":"https:\/\/www.iemj.org\/de\/","name":"Institut Europ\u00e9en des Musiques Juives","description":"Des traditions musicales \u00e0 la port\u00e9e de tous","publisher":{"@id":"https:\/\/www.iemj.org\/de\/#organization"},"potentialAction":[{"@type":"SearchAction","target":{"@type":"EntryPoint","urlTemplate":"https:\/\/www.iemj.org\/de\/?s={search_term_string}"},"query-input":{"@type":"PropertyValueSpecification","valueRequired":true,"valueName":"search_term_string"}}],"inLanguage":"de"},{"@type":"Organization","@id":"https:\/\/www.iemj.org\/de\/#organization","name":"Institut Europ\u00e9en des Musiques Juives","url":"https:\/\/www.iemj.org\/de\/","logo":{"@type":"ImageObject","inLanguage":"de","@id":"https:\/\/www.iemj.org\/de\/#\/schema\/logo\/image\/","url":"https:\/\/www.iemj.org\/wp-content\/uploads\/2021\/09\/Logo-IEMJ-Paypal.jpg","contentUrl":"https:\/\/www.iemj.org\/wp-content\/uploads\/2021\/09\/Logo-IEMJ-Paypal.jpg","width":150,"height":50,"caption":"Institut Europ\u00e9en des Musiques Juives"},"image":{"@id":"https:\/\/www.iemj.org\/de\/#\/schema\/logo\/image\/"},"sameAs":["https:\/\/www.facebook.com\/MusiquesJuives\/","https:\/\/www.instagram.com\/musiquesjuives\/","https:\/\/www.youtube.com\/user\/musiquesjuives"]},{"@type":"Person","@id":"https:\/\/www.iemj.org\/de\/#\/schema\/person\/358e26c18aca017fcc4cc15437f7279c","name":"Jacqueline ROTEN","image":{"@type":"ImageObject","inLanguage":"de","@id":"https:\/\/secure.gravatar.com\/avatar\/5964256d6c6957de3a3505278957e0fb2a35119ac47ea41827a65301213c810b?s=96&d=mm&r=g","url":"https:\/\/secure.gravatar.com\/avatar\/5964256d6c6957de3a3505278957e0fb2a35119ac47ea41827a65301213c810b?s=96&d=mm&r=g","contentUrl":"https:\/\/secure.gravatar.com\/avatar\/5964256d6c6957de3a3505278957e0fb2a35119ac47ea41827a65301213c810b?s=96&d=mm&r=g","caption":"Jacqueline ROTEN"}}]}},"_links":{"self":[{"href":"https:\/\/www.iemj.org\/de\/wp-json\/wp\/v2\/posts\/116131","targetHints":{"allow":["GET"]}}],"collection":[{"href":"https:\/\/www.iemj.org\/de\/wp-json\/wp\/v2\/posts"}],"about":[{"href":"https:\/\/www.iemj.org\/de\/wp-json\/wp\/v2\/types\/post"}],"author":[{"embeddable":true,"href":"https:\/\/www.iemj.org\/de\/wp-json\/wp\/v2\/users\/5"}],"replies":[{"embeddable":true,"href":"https:\/\/www.iemj.org\/de\/wp-json\/wp\/v2\/comments?post=116131"}],"version-history":[{"count":0,"href":"https:\/\/www.iemj.org\/de\/wp-json\/wp\/v2\/posts\/116131\/revisions"}],"wp:featuredmedia":[{"embeddable":true,"href":"https:\/\/www.iemj.org\/de\/wp-json\/wp\/v2\/media\/116018"}],"wp:attachment":[{"href":"https:\/\/www.iemj.org\/de\/wp-json\/wp\/v2\/media?parent=116131"}],"wp:term":[{"taxonomy":"category","embeddable":true,"href":"https:\/\/www.iemj.org\/de\/wp-json\/wp\/v2\/categories?post=116131"},{"taxonomy":"post_tag","embeddable":true,"href":"https:\/\/www.iemj.org\/de\/wp-json\/wp\/v2\/tags?post=116131"},{"taxonomy":"technique","embeddable":true,"href":"https:\/\/www.iemj.org\/de\/wp-json\/wp\/v2\/technique?post=116131"},{"taxonomy":"squelettes","embeddable":true,"href":"https:\/\/www.iemj.org\/de\/wp-json\/wp\/v2\/squelettes?post=116131"},{"taxonomy":"sujet","embeddable":true,"href":"https:\/\/www.iemj.org\/de\/wp-json\/wp\/v2\/sujet?post=116131"},{"taxonomy":"formation","embeddable":true,"href":"https:\/\/www.iemj.org\/de\/wp-json\/wp\/v2\/formation?post=116131"},{"taxonomy":"genre","embeddable":true,"href":"https:\/\/www.iemj.org\/de\/wp-json\/wp\/v2\/genre?post=116131"},{"taxonomy":"fonds","embeddable":true,"href":"https:\/\/www.iemj.org\/de\/wp-json\/wp\/v2\/fonds?post=116131"},{"taxonomy":"tradition","embeddable":true,"href":"https:\/\/www.iemj.org\/de\/wp-json\/wp\/v2\/tradition?post=116131"},{"taxonomy":"type-de-contenu","embeddable":true,"href":"https:\/\/www.iemj.org\/de\/wp-json\/wp\/v2\/type-de-contenu?post=116131"},{"taxonomy":"interprete-compositeur","embeddable":true,"href":"https:\/\/www.iemj.org\/de\/wp-json\/wp\/v2\/interprete-compositeur?post=116131"},{"taxonomy":"frise","embeddable":true,"href":"https:\/\/www.iemj.org\/de\/wp-json\/wp\/v2\/frise?post=116131"},{"taxonomy":"type-devenement","embeddable":true,"href":"https:\/\/www.iemj.org\/de\/wp-json\/wp\/v2\/type-devenement?post=116131"},{"taxonomy":"tableaux-liens-externes","embeddable":true,"href":"https:\/\/www.iemj.org\/de\/wp-json\/wp\/v2\/tableaux-liens-externes?post=116131"}],"curies":[{"name":"wp","href":"https:\/\/api.w.org\/{rel}","templated":true}]}}