{"id":116732,"date":"2025-01-13T17:01:58","date_gmt":"2025-01-13T16:01:58","guid":{"rendered":"https:\/\/www.iemj.org\/chirat-ha-baqqachot-selon-le-rite-marocain\/"},"modified":"2025-03-27T16:05:14","modified_gmt":"2025-03-27T15:05:14","slug":"chirat-ha-baqqachot-selon-le-rite-marocain","status":"publish","type":"post","link":"https:\/\/www.iemj.org\/de\/chirat-ha-baqqachot-selon-le-rite-marocain\/","title":{"rendered":"Chirat ha-Baqqaschot im marokkanischen Ritus"},"content":{"rendered":"<p>Der Gesang der <em>Baqqaschot<\/em> (oder <em>Bakaschot<\/em>), der im Winter an Samstagmorgen vor Sonnenaufgang praktiziert ist, stellt eine reiche musikalische und spirituelle Tradition dar. Als zentrales Erbe der liturgischen Poesie der marokkanischen Juden hat diese Kunst in den letzten Jahren eine bemerkenswerte Wiederbelebung erfahren.<\/p>\n<p>Am 19. August 2024 besuchte Ariel Danan, Paytan<span class=\"footnote_referrer\"><a role=\"button\" tabindex=\"0\" onclick=\"footnote_moveToReference_116732_1('footnote_plugin_reference_116732_1_1');\" onkeypress=\"footnote_moveToReference_116732_1('footnote_plugin_reference_116732_1_1');\" ><sup id=\"footnote_plugin_tooltip_116732_1_1\" class=\"footnote_plugin_tooltip_text\">[1]<\/sup><\/a><span id=\"footnote_plugin_tooltip_text_116732_1_1\" class=\"footnote_tooltip\">Dolmetscher f\u00fcr religi\u00f6se Gedichte (Piyyutim).<\/span><\/span><script type=\"text\/javascript\"> jQuery('#footnote_plugin_tooltip_116732_1_1').tooltip({ tip: '#footnote_plugin_tooltip_text_116732_1_1', tipClass: 'footnote_tooltip', effect: 'fade', predelay: 0, fadeInSpeed: 200, delay: 400, fadeOutSpeed: 200, position: 'top center', relative: true, offset: [-7, 0], });<\/script>\u00a0und Kantor, der bei den gr\u00f6\u00dften Meistern dieser Tradition ausgebildet wurde, die R\u00e4umlichkeiten des Europ\u00e4ischen Instituts f\u00fcr J\u00fcdische Musik, um die Geschichte dieser liturgischen Poesie nachzuzeichnen und musikalische Beispiele zu geben.<\/p>\n<p>In Zusammenarbeit mit Ephraim Kahn hat er die <em>Bakaschot<\/em> aufgenommen, die traditionell am Samstagmorgen, wenn die <em>Parascha Bo<\/em><span class=\"footnote_referrer\"><a role=\"button\" tabindex=\"0\" onclick=\"footnote_moveToReference_116732_1('footnote_plugin_reference_116732_1_2');\" onkeypress=\"footnote_moveToReference_116732_1('footnote_plugin_reference_116732_1_2');\" ><sup id=\"footnote_plugin_tooltip_116732_1_2\" class=\"footnote_plugin_tooltip_text\">[2]<\/sup><\/a><span id=\"footnote_plugin_tooltip_text_116732_1_2\" class=\"footnote_tooltip\">Die Lesung aus der Tora, dem Pentateuch, ist seit Esra dem Schriftgelehrten (5. Jh. v. Chr.) zum wichtigsten Teil des Synagogengottesdienstes geworden. Eine Perikope wird im w\u00f6chentlichen&nbsp;&#x2026; <span class=\"footnote_tooltip_continue\"  onclick=\"footnote_moveToReference_116732_1('footnote_plugin_reference_116732_1_2');\">Lire la suite<\/span><\/span><\/span><script type=\"text\/javascript\"> jQuery('#footnote_plugin_tooltip_116732_1_2').tooltip({ tip: '#footnote_plugin_tooltip_text_116732_1_2', tipClass: 'footnote_tooltip', effect: 'fade', predelay: 0, fadeInSpeed: 200, delay: 400, fadeOutSpeed: 200, position: 'top center', relative: true, offset: [-7, 0], });<\/script> gelesen wird, zur Nuba (andalusische Musikform) Hidjaz El Kbir gesungen werden.<\/p>\n<p>L\u00e9a Couderc und Ephraim Kahn haben die Auff\u00fchrung gefilmt und daraus das folgende Video zusammengestellt.<\/p>\n\n\n<figure class=\"wp-block-embed is-type-video is-provider-youtube wp-block-embed-youtube wp-embed-aspect-16-9 wp-has-aspect-ratio\"><div class=\"wp-block-embed__wrapper\">\n<iframe title=\"L&#039;art des Bakashot (Chirat ha-Baqqachot) selon le rite marocain\" width=\"640\" height=\"360\" src=\"https:\/\/www.youtube.com\/embed\/xfriN0K0iaA?feature=oembed\" frameborder=\"0\" allow=\"accelerometer; autoplay; clipboard-write; encrypted-media; gyroscope; picture-in-picture; web-share\" referrerpolicy=\"strict-origin-when-cross-origin\" allowfullscreen><\/iframe> \n<\/div><\/figure>\n\n\n<p><a href=\"http:\/\/www.rachelnet.net\/F\/?func=find-c&amp;ccl_term=WRD+%3D+Ariel+Danan+SAUF+WRD+%3D+Marciano+SAUF+WRD+%3D+Canet&amp;local_base=iemcg\" target=\"_blank\" rel=\"noopener\">Sehen Sie sich das vollst\u00e4ndige Interview mit Ariel Danan und die Audioaufnahme seiner Bakaschot in unserem Sammlungskatalog an. <\/a><\/p>\n<p><a href=\"https:\/\/www.iemj.org\/de\/les-baqqachot\/\" target=\"_blank\" rel=\"noopener\">Mehr \u00fcber die Bakaschot.<\/a><\/p>\n<p><a href=\"https:\/\/www.iemj.org\/de\/a-la-decouverte-des-baqqachot\/\" target=\"_blank\" rel=\"noopener\">H\u00f6ren Sie die Playlist Auf der Entdeckung der Bakaschot.<\/a><\/p><div class=\"speaker-mute footnotes_reference_container\"> <div class=\"footnote_container_prepare\"><p><span role=\"button\" tabindex=\"0\" class=\"footnote_reference_container_label pointer\" onclick=\"footnote_expand_collapse_reference_container_116732_1();\">&#x202F;<\/span><span role=\"button\" tabindex=\"0\" class=\"footnote_reference_container_collapse_button\" style=\"display: none;\" onclick=\"footnote_expand_collapse_reference_container_116732_1();\">[<a id=\"footnote_reference_container_collapse_button_116732_1\">+<\/a>]<\/span><\/p><\/div> <div id=\"footnote_references_container_116732_1\" style=\"\"><table class=\"footnotes_table footnote-reference-container\"><caption class=\"accessibility\">References<\/caption> <tbody> \r\n\r\n<tr class=\"footnotes_plugin_reference_row\"> <th scope=\"row\" class=\"footnote_plugin_index_combi pointer\"  onclick=\"footnote_moveToAnchor_116732_1('footnote_plugin_tooltip_116732_1_1');\"><a id=\"footnote_plugin_reference_116732_1_1\" class=\"footnote_backlink\">1<\/a><\/th> <td class=\"footnote_plugin_text\">Dolmetscher f\u00fcr religi\u00f6se Gedichte (Piyyutim).<\/td><\/tr>\r\n\r\n<tr class=\"footnotes_plugin_reference_row\"> <th scope=\"row\" class=\"footnote_plugin_index_combi pointer\"  onclick=\"footnote_moveToAnchor_116732_1('footnote_plugin_tooltip_116732_1_2');\"><a id=\"footnote_plugin_reference_116732_1_2\" class=\"footnote_backlink\">2<\/a><\/th> <td class=\"footnote_plugin_text\">Die Lesung aus der Tora, dem Pentateuch, ist seit Esra dem Schriftgelehrten (5. Jh. v. Chr.) zum wichtigsten Teil des Synagogengottesdienstes geworden. Eine Perikope wird im w\u00f6chentlichen Gottesdienst am Schabbatmorgen vorgetragen, wobei ein j\u00e4hrlicher Lesezyklus eingehalten wird, der den Text in 54 Teile (jeweils <em>Parascha<\/em> genannt) gliedert. <em>Bo<\/em> (Komm) ist die f\u00fcnfzehnte <em>Parascha<\/em> im j\u00e4hrlichen Lesezyklus der Tora und die dritte <em>Parascha<\/em> des <em>Sefer Schemot<\/em> (Buch Exodus).<\/td><\/tr>\r\n\r\n <\/tbody> <\/table> <\/div><\/div><script type=\"text\/javascript\"> function footnote_expand_reference_container_116732_1() { jQuery('#footnote_references_container_116732_1').show(); jQuery('#footnote_reference_container_collapse_button_116732_1').text('\u2212'); } function footnote_collapse_reference_container_116732_1() { jQuery('#footnote_references_container_116732_1').hide(); jQuery('#footnote_reference_container_collapse_button_116732_1').text('+'); } function footnote_expand_collapse_reference_container_116732_1() { if (jQuery('#footnote_references_container_116732_1').is(':hidden')) { footnote_expand_reference_container_116732_1(); } else { footnote_collapse_reference_container_116732_1(); } } function footnote_moveToReference_116732_1(p_str_TargetID) { footnote_expand_reference_container_116732_1(); var l_obj_Target = jQuery('#' + p_str_TargetID); if (l_obj_Target.length) { jQuery( 'html, body' ).delay( 0 ); jQuery('html, body').animate({ scrollTop: l_obj_Target.offset().top - window.innerHeight * 0.2 }, 380); } } function footnote_moveToAnchor_116732_1(p_str_TargetID) { footnote_expand_reference_container_116732_1(); var l_obj_Target = jQuery('#' + p_str_TargetID); if (l_obj_Target.length) { jQuery( 'html, body' ).delay( 0 ); jQuery('html, body').animate({ scrollTop: l_obj_Target.offset().top - window.innerHeight * 0.2 }, 380); } }<\/script>","protected":false},"excerpt":{"rendered":"<p>Der Gesang der Baqqaschot (oder Bakaschot), der im Winter an Samstagmorgen vor Sonnenaufgang praktiziert ist, stellt eine reiche musikalische und spirituelle Tradition dar. Als zentrales Erbe der liturgischen Poesie der<\/p>\n","protected":false},"author":1045,"featured_media":116728,"comment_status":"closed","ping_status":"closed","sticky":false,"template":"","format":"standard","meta":{"_acf_changed":false,"footnotes":""},"categories":[1533],"tags":[],"technique":[],"squelettes":[],"sujet":[2118],"formation":[],"genre":[1891],"fonds":[],"tradition":[],"type-de-contenu":[],"interprete-compositeur":[],"frise":[],"type-devenement":[],"tableaux-liens-externes":[],"class_list":["post-116732","post","type-post","status-publish","format-standard","has-post-thumbnail","hentry","category-fernsehsendungen-videos-de","sujet-religiose-poesie-piyyutim-de","genre-liturgie-de"],"acf":[],"yoast_head":"<!-- This site is optimized with the Yoast SEO plugin v27.3 - https:\/\/yoast.com\/product\/yoast-seo-wordpress\/ -->\n<title>Chirat ha-Baqqaschot im marokkanischen Ritus - Institut Europ\u00e9en des Musiques Juives<\/title>\n<meta name=\"robots\" content=\"index, follow, max-snippet:-1, max-image-preview:large, max-video-preview:-1\" \/>\n<link rel=\"canonical\" href=\"https:\/\/www.iemj.org\/de\/chirat-ha-baqqachot-selon-le-rite-marocain\/\" \/>\n<meta property=\"og:locale\" content=\"de_DE\" \/>\n<meta property=\"og:type\" content=\"article\" \/>\n<meta property=\"og:title\" content=\"Chirat ha-Baqqaschot im marokkanischen Ritus - Institut Europ\u00e9en des Musiques Juives\" \/>\n<meta property=\"og:description\" content=\"Der Gesang der Baqqaschot (oder Bakaschot), der im Winter an Samstagmorgen vor Sonnenaufgang praktiziert ist, stellt eine reiche musikalische und spirituelle Tradition dar. Als zentrales Erbe der liturgischen Poesie der\" \/>\n<meta property=\"og:url\" content=\"https:\/\/www.iemj.org\/de\/chirat-ha-baqqachot-selon-le-rite-marocain\/\" \/>\n<meta property=\"og:site_name\" content=\"Institut Europ\u00e9en des Musiques Juives\" \/>\n<meta property=\"article:publisher\" content=\"https:\/\/www.facebook.com\/MusiquesJuives\/\" \/>\n<meta property=\"article:published_time\" content=\"2025-01-13T16:01:58+00:00\" \/>\n<meta property=\"article:modified_time\" content=\"2025-03-27T15:05:14+00:00\" \/>\n<meta property=\"og:image\" content=\"https:\/\/www.iemj.org\/wp-content\/uploads\/2025\/01\/Logo-Video-1.jpg\" \/>\n\t<meta property=\"og:image:width\" content=\"500\" \/>\n\t<meta property=\"og:image:height\" content=\"500\" \/>\n\t<meta property=\"og:image:type\" content=\"image\/jpeg\" \/>\n<meta name=\"author\" content=\"Herv\u00e9 Roten\" \/>\n<meta name=\"twitter:card\" content=\"summary_large_image\" \/>\n<meta name=\"twitter:label1\" content=\"Verfasst von\" \/>\n\t<meta name=\"twitter:data1\" content=\"Herv\u00e9 Roten\" \/>\n\t<meta name=\"twitter:label2\" content=\"Gesch\u00e4tzte Lesezeit\" \/>\n\t<meta name=\"twitter:data2\" content=\"2\u00a0Minuten\" \/>\n<script type=\"application\/ld+json\" class=\"yoast-schema-graph\">{\"@context\":\"https:\\\/\\\/schema.org\",\"@graph\":[{\"@type\":\"Article\",\"@id\":\"https:\\\/\\\/www.iemj.org\\\/de\\\/chirat-ha-baqqachot-selon-le-rite-marocain\\\/#article\",\"isPartOf\":{\"@id\":\"https:\\\/\\\/www.iemj.org\\\/de\\\/chirat-ha-baqqachot-selon-le-rite-marocain\\\/\"},\"author\":{\"name\":\"Herv\u00e9 Roten\",\"@id\":\"https:\\\/\\\/www.iemj.org\\\/de\\\/#\\\/schema\\\/person\\\/906134402c29d5c76e7b726261dd4bbd\"},\"headline\":\"Chirat ha-Baqqaschot im marokkanischen Ritus\",\"datePublished\":\"2025-01-13T16:01:58+00:00\",\"dateModified\":\"2025-03-27T15:05:14+00:00\",\"mainEntityOfPage\":{\"@id\":\"https:\\\/\\\/www.iemj.org\\\/de\\\/chirat-ha-baqqachot-selon-le-rite-marocain\\\/\"},\"wordCount\":253,\"publisher\":{\"@id\":\"https:\\\/\\\/www.iemj.org\\\/de\\\/#organization\"},\"image\":{\"@id\":\"https:\\\/\\\/www.iemj.org\\\/de\\\/chirat-ha-baqqachot-selon-le-rite-marocain\\\/#primaryimage\"},\"thumbnailUrl\":\"https:\\\/\\\/www.iemj.org\\\/wp-content\\\/uploads\\\/2025\\\/01\\\/Logo-Video-1.jpg\",\"articleSection\":[\"Fernsehsendungen \\\/ Videos\"],\"inLanguage\":\"de\"},{\"@type\":\"WebPage\",\"@id\":\"https:\\\/\\\/www.iemj.org\\\/de\\\/chirat-ha-baqqachot-selon-le-rite-marocain\\\/\",\"url\":\"https:\\\/\\\/www.iemj.org\\\/de\\\/chirat-ha-baqqachot-selon-le-rite-marocain\\\/\",\"name\":\"Chirat ha-Baqqaschot im marokkanischen Ritus - Institut Europ\u00e9en des Musiques Juives\",\"isPartOf\":{\"@id\":\"https:\\\/\\\/www.iemj.org\\\/de\\\/#website\"},\"primaryImageOfPage\":{\"@id\":\"https:\\\/\\\/www.iemj.org\\\/de\\\/chirat-ha-baqqachot-selon-le-rite-marocain\\\/#primaryimage\"},\"image\":{\"@id\":\"https:\\\/\\\/www.iemj.org\\\/de\\\/chirat-ha-baqqachot-selon-le-rite-marocain\\\/#primaryimage\"},\"thumbnailUrl\":\"https:\\\/\\\/www.iemj.org\\\/wp-content\\\/uploads\\\/2025\\\/01\\\/Logo-Video-1.jpg\",\"datePublished\":\"2025-01-13T16:01:58+00:00\",\"dateModified\":\"2025-03-27T15:05:14+00:00\",\"breadcrumb\":{\"@id\":\"https:\\\/\\\/www.iemj.org\\\/de\\\/chirat-ha-baqqachot-selon-le-rite-marocain\\\/#breadcrumb\"},\"inLanguage\":\"de\",\"potentialAction\":[{\"@type\":\"ReadAction\",\"target\":[\"https:\\\/\\\/www.iemj.org\\\/de\\\/chirat-ha-baqqachot-selon-le-rite-marocain\\\/\"]}]},{\"@type\":\"ImageObject\",\"inLanguage\":\"de\",\"@id\":\"https:\\\/\\\/www.iemj.org\\\/de\\\/chirat-ha-baqqachot-selon-le-rite-marocain\\\/#primaryimage\",\"url\":\"https:\\\/\\\/www.iemj.org\\\/wp-content\\\/uploads\\\/2025\\\/01\\\/Logo-Video-1.jpg\",\"contentUrl\":\"https:\\\/\\\/www.iemj.org\\\/wp-content\\\/uploads\\\/2025\\\/01\\\/Logo-Video-1.jpg\",\"width\":500,\"height\":500},{\"@type\":\"BreadcrumbList\",\"@id\":\"https:\\\/\\\/www.iemj.org\\\/de\\\/chirat-ha-baqqachot-selon-le-rite-marocain\\\/#breadcrumb\",\"itemListElement\":[{\"@type\":\"ListItem\",\"position\":1,\"name\":\"Accueil\",\"item\":\"https:\\\/\\\/www.iemj.org\\\/de\\\/\"},{\"@type\":\"ListItem\",\"position\":2,\"name\":\"Chirat ha-Baqqaschot im marokkanischen Ritus\"}]},{\"@type\":\"WebSite\",\"@id\":\"https:\\\/\\\/www.iemj.org\\\/de\\\/#website\",\"url\":\"https:\\\/\\\/www.iemj.org\\\/de\\\/\",\"name\":\"Institut Europ\u00e9en des Musiques Juives\",\"description\":\"Des traditions musicales \u00e0 la port\u00e9e de tous\",\"publisher\":{\"@id\":\"https:\\\/\\\/www.iemj.org\\\/de\\\/#organization\"},\"potentialAction\":[{\"@type\":\"SearchAction\",\"target\":{\"@type\":\"EntryPoint\",\"urlTemplate\":\"https:\\\/\\\/www.iemj.org\\\/de\\\/?s={search_term_string}\"},\"query-input\":{\"@type\":\"PropertyValueSpecification\",\"valueRequired\":true,\"valueName\":\"search_term_string\"}}],\"inLanguage\":\"de\"},{\"@type\":\"Organization\",\"@id\":\"https:\\\/\\\/www.iemj.org\\\/de\\\/#organization\",\"name\":\"Institut Europ\u00e9en des Musiques Juives\",\"url\":\"https:\\\/\\\/www.iemj.org\\\/de\\\/\",\"logo\":{\"@type\":\"ImageObject\",\"inLanguage\":\"de\",\"@id\":\"https:\\\/\\\/www.iemj.org\\\/de\\\/#\\\/schema\\\/logo\\\/image\\\/\",\"url\":\"https:\\\/\\\/www.iemj.org\\\/wp-content\\\/uploads\\\/2021\\\/09\\\/Logo-IEMJ-Paypal.jpg\",\"contentUrl\":\"https:\\\/\\\/www.iemj.org\\\/wp-content\\\/uploads\\\/2021\\\/09\\\/Logo-IEMJ-Paypal.jpg\",\"width\":150,\"height\":50,\"caption\":\"Institut Europ\u00e9en des Musiques Juives\"},\"image\":{\"@id\":\"https:\\\/\\\/www.iemj.org\\\/de\\\/#\\\/schema\\\/logo\\\/image\\\/\"},\"sameAs\":[\"https:\\\/\\\/www.facebook.com\\\/MusiquesJuives\\\/\",\"https:\\\/\\\/www.instagram.com\\\/musiquesjuives\\\/\",\"https:\\\/\\\/www.youtube.com\\\/user\\\/musiquesjuives\"]},{\"@type\":\"Person\",\"@id\":\"https:\\\/\\\/www.iemj.org\\\/de\\\/#\\\/schema\\\/person\\\/906134402c29d5c76e7b726261dd4bbd\",\"name\":\"Herv\u00e9 Roten\",\"image\":{\"@type\":\"ImageObject\",\"inLanguage\":\"de\",\"@id\":\"https:\\\/\\\/secure.gravatar.com\\\/avatar\\\/f96ad2db538a26481f18384936b5cd0610c92d390c4dc382209216d455f685ff?s=96&d=mm&r=g\",\"url\":\"https:\\\/\\\/secure.gravatar.com\\\/avatar\\\/f96ad2db538a26481f18384936b5cd0610c92d390c4dc382209216d455f685ff?s=96&d=mm&r=g\",\"contentUrl\":\"https:\\\/\\\/secure.gravatar.com\\\/avatar\\\/f96ad2db538a26481f18384936b5cd0610c92d390c4dc382209216d455f685ff?s=96&d=mm&r=g\",\"caption\":\"Herv\u00e9 Roten\"}}]}<\/script>\n<!-- \/ Yoast SEO plugin. -->","yoast_head_json":{"title":"Chirat ha-Baqqaschot im marokkanischen Ritus - Institut Europ\u00e9en des Musiques Juives","robots":{"index":"index","follow":"follow","max-snippet":"max-snippet:-1","max-image-preview":"max-image-preview:large","max-video-preview":"max-video-preview:-1"},"canonical":"https:\/\/www.iemj.org\/de\/chirat-ha-baqqachot-selon-le-rite-marocain\/","og_locale":"de_DE","og_type":"article","og_title":"Chirat ha-Baqqaschot im marokkanischen Ritus - Institut Europ\u00e9en des Musiques Juives","og_description":"Der Gesang der Baqqaschot (oder Bakaschot), der im Winter an Samstagmorgen vor Sonnenaufgang praktiziert ist, stellt eine reiche musikalische und spirituelle Tradition dar. Als zentrales Erbe der liturgischen Poesie der","og_url":"https:\/\/www.iemj.org\/de\/chirat-ha-baqqachot-selon-le-rite-marocain\/","og_site_name":"Institut Europ\u00e9en des Musiques Juives","article_publisher":"https:\/\/www.facebook.com\/MusiquesJuives\/","article_published_time":"2025-01-13T16:01:58+00:00","article_modified_time":"2025-03-27T15:05:14+00:00","og_image":[{"width":500,"height":500,"url":"https:\/\/www.iemj.org\/wp-content\/uploads\/2025\/01\/Logo-Video-1.jpg","type":"image\/jpeg"}],"author":"Herv\u00e9 Roten","twitter_card":"summary_large_image","twitter_misc":{"Verfasst von":"Herv\u00e9 Roten","Gesch\u00e4tzte Lesezeit":"2\u00a0Minuten"},"schema":{"@context":"https:\/\/schema.org","@graph":[{"@type":"Article","@id":"https:\/\/www.iemj.org\/de\/chirat-ha-baqqachot-selon-le-rite-marocain\/#article","isPartOf":{"@id":"https:\/\/www.iemj.org\/de\/chirat-ha-baqqachot-selon-le-rite-marocain\/"},"author":{"name":"Herv\u00e9 Roten","@id":"https:\/\/www.iemj.org\/de\/#\/schema\/person\/906134402c29d5c76e7b726261dd4bbd"},"headline":"Chirat ha-Baqqaschot im marokkanischen Ritus","datePublished":"2025-01-13T16:01:58+00:00","dateModified":"2025-03-27T15:05:14+00:00","mainEntityOfPage":{"@id":"https:\/\/www.iemj.org\/de\/chirat-ha-baqqachot-selon-le-rite-marocain\/"},"wordCount":253,"publisher":{"@id":"https:\/\/www.iemj.org\/de\/#organization"},"image":{"@id":"https:\/\/www.iemj.org\/de\/chirat-ha-baqqachot-selon-le-rite-marocain\/#primaryimage"},"thumbnailUrl":"https:\/\/www.iemj.org\/wp-content\/uploads\/2025\/01\/Logo-Video-1.jpg","articleSection":["Fernsehsendungen \/ Videos"],"inLanguage":"de"},{"@type":"WebPage","@id":"https:\/\/www.iemj.org\/de\/chirat-ha-baqqachot-selon-le-rite-marocain\/","url":"https:\/\/www.iemj.org\/de\/chirat-ha-baqqachot-selon-le-rite-marocain\/","name":"Chirat ha-Baqqaschot im marokkanischen Ritus - Institut Europ\u00e9en des Musiques Juives","isPartOf":{"@id":"https:\/\/www.iemj.org\/de\/#website"},"primaryImageOfPage":{"@id":"https:\/\/www.iemj.org\/de\/chirat-ha-baqqachot-selon-le-rite-marocain\/#primaryimage"},"image":{"@id":"https:\/\/www.iemj.org\/de\/chirat-ha-baqqachot-selon-le-rite-marocain\/#primaryimage"},"thumbnailUrl":"https:\/\/www.iemj.org\/wp-content\/uploads\/2025\/01\/Logo-Video-1.jpg","datePublished":"2025-01-13T16:01:58+00:00","dateModified":"2025-03-27T15:05:14+00:00","breadcrumb":{"@id":"https:\/\/www.iemj.org\/de\/chirat-ha-baqqachot-selon-le-rite-marocain\/#breadcrumb"},"inLanguage":"de","potentialAction":[{"@type":"ReadAction","target":["https:\/\/www.iemj.org\/de\/chirat-ha-baqqachot-selon-le-rite-marocain\/"]}]},{"@type":"ImageObject","inLanguage":"de","@id":"https:\/\/www.iemj.org\/de\/chirat-ha-baqqachot-selon-le-rite-marocain\/#primaryimage","url":"https:\/\/www.iemj.org\/wp-content\/uploads\/2025\/01\/Logo-Video-1.jpg","contentUrl":"https:\/\/www.iemj.org\/wp-content\/uploads\/2025\/01\/Logo-Video-1.jpg","width":500,"height":500},{"@type":"BreadcrumbList","@id":"https:\/\/www.iemj.org\/de\/chirat-ha-baqqachot-selon-le-rite-marocain\/#breadcrumb","itemListElement":[{"@type":"ListItem","position":1,"name":"Accueil","item":"https:\/\/www.iemj.org\/de\/"},{"@type":"ListItem","position":2,"name":"Chirat ha-Baqqaschot im marokkanischen Ritus"}]},{"@type":"WebSite","@id":"https:\/\/www.iemj.org\/de\/#website","url":"https:\/\/www.iemj.org\/de\/","name":"Institut Europ\u00e9en des Musiques Juives","description":"Des traditions musicales \u00e0 la port\u00e9e de tous","publisher":{"@id":"https:\/\/www.iemj.org\/de\/#organization"},"potentialAction":[{"@type":"SearchAction","target":{"@type":"EntryPoint","urlTemplate":"https:\/\/www.iemj.org\/de\/?s={search_term_string}"},"query-input":{"@type":"PropertyValueSpecification","valueRequired":true,"valueName":"search_term_string"}}],"inLanguage":"de"},{"@type":"Organization","@id":"https:\/\/www.iemj.org\/de\/#organization","name":"Institut Europ\u00e9en des Musiques Juives","url":"https:\/\/www.iemj.org\/de\/","logo":{"@type":"ImageObject","inLanguage":"de","@id":"https:\/\/www.iemj.org\/de\/#\/schema\/logo\/image\/","url":"https:\/\/www.iemj.org\/wp-content\/uploads\/2021\/09\/Logo-IEMJ-Paypal.jpg","contentUrl":"https:\/\/www.iemj.org\/wp-content\/uploads\/2021\/09\/Logo-IEMJ-Paypal.jpg","width":150,"height":50,"caption":"Institut Europ\u00e9en des Musiques Juives"},"image":{"@id":"https:\/\/www.iemj.org\/de\/#\/schema\/logo\/image\/"},"sameAs":["https:\/\/www.facebook.com\/MusiquesJuives\/","https:\/\/www.instagram.com\/musiquesjuives\/","https:\/\/www.youtube.com\/user\/musiquesjuives"]},{"@type":"Person","@id":"https:\/\/www.iemj.org\/de\/#\/schema\/person\/906134402c29d5c76e7b726261dd4bbd","name":"Herv\u00e9 Roten","image":{"@type":"ImageObject","inLanguage":"de","@id":"https:\/\/secure.gravatar.com\/avatar\/f96ad2db538a26481f18384936b5cd0610c92d390c4dc382209216d455f685ff?s=96&d=mm&r=g","url":"https:\/\/secure.gravatar.com\/avatar\/f96ad2db538a26481f18384936b5cd0610c92d390c4dc382209216d455f685ff?s=96&d=mm&r=g","contentUrl":"https:\/\/secure.gravatar.com\/avatar\/f96ad2db538a26481f18384936b5cd0610c92d390c4dc382209216d455f685ff?s=96&d=mm&r=g","caption":"Herv\u00e9 Roten"}}]}},"_links":{"self":[{"href":"https:\/\/www.iemj.org\/de\/wp-json\/wp\/v2\/posts\/116732","targetHints":{"allow":["GET"]}}],"collection":[{"href":"https:\/\/www.iemj.org\/de\/wp-json\/wp\/v2\/posts"}],"about":[{"href":"https:\/\/www.iemj.org\/de\/wp-json\/wp\/v2\/types\/post"}],"author":[{"embeddable":true,"href":"https:\/\/www.iemj.org\/de\/wp-json\/wp\/v2\/users\/1045"}],"replies":[{"embeddable":true,"href":"https:\/\/www.iemj.org\/de\/wp-json\/wp\/v2\/comments?post=116732"}],"version-history":[{"count":0,"href":"https:\/\/www.iemj.org\/de\/wp-json\/wp\/v2\/posts\/116732\/revisions"}],"wp:featuredmedia":[{"embeddable":true,"href":"https:\/\/www.iemj.org\/de\/wp-json\/wp\/v2\/media\/116728"}],"wp:attachment":[{"href":"https:\/\/www.iemj.org\/de\/wp-json\/wp\/v2\/media?parent=116732"}],"wp:term":[{"taxonomy":"category","embeddable":true,"href":"https:\/\/www.iemj.org\/de\/wp-json\/wp\/v2\/categories?post=116732"},{"taxonomy":"post_tag","embeddable":true,"href":"https:\/\/www.iemj.org\/de\/wp-json\/wp\/v2\/tags?post=116732"},{"taxonomy":"technique","embeddable":true,"href":"https:\/\/www.iemj.org\/de\/wp-json\/wp\/v2\/technique?post=116732"},{"taxonomy":"squelettes","embeddable":true,"href":"https:\/\/www.iemj.org\/de\/wp-json\/wp\/v2\/squelettes?post=116732"},{"taxonomy":"sujet","embeddable":true,"href":"https:\/\/www.iemj.org\/de\/wp-json\/wp\/v2\/sujet?post=116732"},{"taxonomy":"formation","embeddable":true,"href":"https:\/\/www.iemj.org\/de\/wp-json\/wp\/v2\/formation?post=116732"},{"taxonomy":"genre","embeddable":true,"href":"https:\/\/www.iemj.org\/de\/wp-json\/wp\/v2\/genre?post=116732"},{"taxonomy":"fonds","embeddable":true,"href":"https:\/\/www.iemj.org\/de\/wp-json\/wp\/v2\/fonds?post=116732"},{"taxonomy":"tradition","embeddable":true,"href":"https:\/\/www.iemj.org\/de\/wp-json\/wp\/v2\/tradition?post=116732"},{"taxonomy":"type-de-contenu","embeddable":true,"href":"https:\/\/www.iemj.org\/de\/wp-json\/wp\/v2\/type-de-contenu?post=116732"},{"taxonomy":"interprete-compositeur","embeddable":true,"href":"https:\/\/www.iemj.org\/de\/wp-json\/wp\/v2\/interprete-compositeur?post=116732"},{"taxonomy":"frise","embeddable":true,"href":"https:\/\/www.iemj.org\/de\/wp-json\/wp\/v2\/frise?post=116732"},{"taxonomy":"type-devenement","embeddable":true,"href":"https:\/\/www.iemj.org\/de\/wp-json\/wp\/v2\/type-devenement?post=116732"},{"taxonomy":"tableaux-liens-externes","embeddable":true,"href":"https:\/\/www.iemj.org\/de\/wp-json\/wp\/v2\/tableaux-liens-externes?post=116732"}],"curies":[{"name":"wp","href":"https:\/\/api.w.org\/{rel}","templated":true}]}}