{"id":116899,"date":"2025-01-16T16:29:00","date_gmt":"2025-01-16T15:29:00","guid":{"rendered":"https:\/\/www.iemj.org\/les-baqqachot\/"},"modified":"2025-01-17T11:00:28","modified_gmt":"2025-01-17T10:00:28","slug":"les-baqqachot","status":"publish","type":"post","link":"https:\/\/www.iemj.org\/de\/les-baqqachot\/","title":{"rendered":"Die Baqqaschot"},"content":{"rendered":"<h3>\u00a0<\/h3>\n<p><!--more--><\/p>\n<h3><strong>Urspr\u00fcnge <\/strong><\/h3>\n<p>Seit biblischen Zeiten ist die Nacht eine besondere Zeit des Studiums und des Gebets. Wie schrieb der Psalmist (Psalm 119,62): \u201eUm Mitternacht stehe ich auf, dir zu danken f\u00fcr deine gerechten Gerichte\u201c?<\/p>\n<p>Mit dem Aufkommen der kabbalistischen Schule in Safed in Galil\u00e4a im 16. Jahrhundert erhielt das Nachtgebet eine neue Bedeutung: Es ging darum, mitten in der Nacht die Zerst\u00f6rung des Tempels und die Verbannung der g\u00f6ttlichen Gegenwart, der <em>Schechina<\/em>, zu betrauern.<\/p>\n<p><img fetchpriority=\"high\" decoding=\"async\" class=\"size-medium wp-image-116888 alignright\" src=\"https:\/\/www.iemj.org\/wp-content\/uploads\/2025\/01\/Shirat-ha-Baqqashot_Lior-Elmaleh_CD-belle-couv-300x273.jpg\" alt=\"\" width=\"300\" height=\"273\" srcset=\"https:\/\/www.iemj.org\/wp-content\/uploads\/2025\/01\/Shirat-ha-Baqqashot_Lior-Elmaleh_CD-belle-couv-300x273.jpg 300w, https:\/\/www.iemj.org\/wp-content\/uploads\/2025\/01\/Shirat-ha-Baqqashot_Lior-Elmaleh_CD-belle-couv.jpg 435w\" sizes=\"(max-width: 300px) 100vw, 300px\" \/><\/p>\n<p>Der Einfluss der Kabbala von Safed war so gro\u00df, dass sie nicht nur das Studium der j\u00fcdischen Mystik verbreitete, sondern auch viele ihrer Praktiken von j\u00fcdischen Gemeinden in aller Welt \u00fcbernommen wurden. So gibt es nur wenige Gemeinden, die den Schabbat nicht mit dem ber\u00fchmten <em>Lekha dodi<\/em> begr\u00fc\u00dfen, das von Salomon Elqabe\u1e63, einem herausragenden Mystiker aus Safed im 16.<\/p>\n<p>Dieser Einfluss war im Nahen Osten und im Maghreb besonders stark. In mehreren Gemeinden dieser Regionen hat sich die Praxis der <em>Chirat ha-Baqqaschot<\/em> stark entwickelt.<\/p>\n<h3><strong>Was ist <em>Chirat ha-Baqqaschot <\/em>?<\/strong><\/h3>\n<p>An jedem Samstagmorgen im Winter, noch vor Sonnenaufgang, versammeln sich die Juden in der Synagoge, um die <em>Baqqaschot<\/em> (oder <em>Bakashot<\/em>) zu singen, eine Reihe liturgischer Gedichte. Ariel Danan, ein Experte f\u00fcr marokkanische <em>Bakaschot<\/em>, erkl\u00e4rt in einem Interview f\u00fcr das IEMJ: \u201eDiese Ges\u00e4nge beginnen am ersten Schabbat nach Sukkot, also am Schabbat Berechit, an dem die Toralesung wieder aufgenommen wird, und setzen sich im marokkanischen Ritus jede Woche bis zum Schabbat vor Purim fort. Im nah\u00f6stlichen Ritus werden sie bis Pessach gesungen\u201c<span class=\"footnote_referrer\"><a role=\"button\" tabindex=\"0\" onclick=\"footnote_moveToReference_116899_1('footnote_plugin_reference_116899_1_1');\" onkeypress=\"footnote_moveToReference_116899_1('footnote_plugin_reference_116899_1_1');\" ><sup id=\"footnote_plugin_tooltip_116899_1_1\" class=\"footnote_plugin_tooltip_text\">[1]<\/sup><\/a><span id=\"footnote_plugin_tooltip_text_116899_1_1\" class=\"footnote_tooltip\">Interview mit Ariel Danan, aufgenommen am 19. August 2024. Ausz\u00fcge daraus finden sich im Video Chirat ha-Baqqashot im marokkanischen Ritus (Link am Ende der Seite).<\/span><\/span><script type=\"text\/javascript\"> jQuery('#footnote_plugin_tooltip_116899_1_1').tooltip({ tip: '#footnote_plugin_tooltip_text_116899_1_1', tipClass: 'footnote_tooltip', effect: 'fade', predelay: 0, fadeInSpeed: 200, delay: 400, fadeOutSpeed: 200, position: 'top center', relative: true, offset: [-7, 0], });<\/script><\/p>\n<p><img decoding=\"async\" class=\"wp-image-116877 alignleft\" src=\"https:\/\/www.iemj.org\/wp-content\/uploads\/2025\/01\/image2_rognee-300x155.jpg\" alt=\"\" width=\"424\" height=\"219\" srcset=\"https:\/\/www.iemj.org\/wp-content\/uploads\/2025\/01\/image2_rognee-300x155.jpg 300w, https:\/\/www.iemj.org\/wp-content\/uploads\/2025\/01\/image2_rognee.jpg 597w\" sizes=\"(max-width: 424px) 100vw, 424px\" \/>Die <em>Bakaschot<\/em> werden von einem erfahrenen Vors\u00e4nger geleitet, der oft der \u00e4lteste der anwesenden Vors\u00e4nger ist. In der nordafrikanischen Tradition werden diese Lieder haupts\u00e4chlich von Paytanim (S\u00e4nger-Poeten) vorgetragen. Im nah\u00f6stlichen Ritus spielt die Gemeinde eine aktivere Rolle und nimmt an einem Gro\u00dfteil des Gesangs teil.<span class=\"footnote_referrer\"><a role=\"button\" tabindex=\"0\" onclick=\"footnote_moveToReference_116899_1('footnote_plugin_reference_116899_1_2');\" onkeypress=\"footnote_moveToReference_116899_1('footnote_plugin_reference_116899_1_2');\" ><sup id=\"footnote_plugin_tooltip_116899_1_2\" class=\"footnote_plugin_tooltip_text\">[2]<\/sup><\/a><span id=\"footnote_plugin_tooltip_text_116899_1_2\" class=\"footnote_tooltip\">H\u00f6ren Sie die Playlist Auf der Entdeckung der Baqqashot (Link am Ende der Seite).<\/span><\/span><script type=\"text\/javascript\"> jQuery('#footnote_plugin_tooltip_116899_1_2').tooltip({ tip: '#footnote_plugin_tooltip_text_116899_1_2', tipClass: 'footnote_tooltip', effect: 'fade', predelay: 0, fadeInSpeed: 200, delay: 400, fadeOutSpeed: 200, position: 'top center', relative: true, offset: [-7, 0], });<\/script><\/p>\n<h3><strong>Unterschiede zwischen der nordafrikanischen und der nah\u00f6stlichen Tradition.<\/strong><\/h3>\n<p>Der erste Unterschied zwischen den beiden Traditionen liegt im Textrepertoire. Im nah\u00f6stlichen Ritus folgen die <em>Bakashot<\/em> jede Woche einem festen Text, der mit dem mystischen Gedicht <em>El Mistater<\/em> beginnt. Jede Strophe dieses Gedichts entspricht einem der zehn Sefirot, den Attributen oder Manifestationen des G\u00f6ttlichen. Ein weiterer Schl\u00fcsseltext dieser Tradition ist ein Gedicht aus dem 16. Jahrhundert, das mit <em>Ode la-El levav &#8218;hoker beron ya&#8217;had kokhve voker <\/em>(\u201eW\u00e4hrend die Morgensterne im Konzert singen, preise ich Gott, der die Herzen umf\u00e4ngt\u201c) beginnt.<\/p>\n<p><img decoding=\"async\" class=\"size-medium wp-image-116883 alignright\" src=\"https:\/\/www.iemj.org\/wp-content\/uploads\/2025\/01\/Haim-Look_Kassidot-300x297.jpg\" alt=\"\" width=\"300\" height=\"297\" srcset=\"https:\/\/www.iemj.org\/wp-content\/uploads\/2025\/01\/Haim-Look_Kassidot-300x297.jpg 300w, https:\/\/www.iemj.org\/wp-content\/uploads\/2025\/01\/Haim-Look_Kassidot-150x150.jpg 150w, https:\/\/www.iemj.org\/wp-content\/uploads\/2025\/01\/Haim-Look_Kassidot-100x100.jpg 100w, https:\/\/www.iemj.org\/wp-content\/uploads\/2025\/01\/Haim-Look_Kassidot.jpg 435w\" sizes=\"(max-width: 300px) 100vw, 300px\" \/><\/p>\n<p>Im marokkanischen Ritus bleibt die Struktur der <em>Bakashot<\/em> w\u00e4hrend des ganzen Jahres konstant, aber die Texte variieren von Woche zu Woche. Die Ges\u00e4nge beginnen immer mit zwei festen Gedichten, <em>Dodi Yarad<\/em> und <em>Yedid Nefesh<\/em>, und enden mit <em>Sha&#8217;har Avaqesh&#8217;ha<\/em> (\u201eAm fr\u00fchen Morgen suche ich dich\u201c). Zwischen diesen festen Elementen wechseln die liturgischen Gedichte w\u00f6chentlich nach einem bestimmten musikalischen Modus, der <em>Nuba<\/em> genannt wird.<\/p>\n<p>Ariel Danan erkl\u00e4rt: \u201eIn der marokkanischen Tradition ist jeder Schabbat mit einer Nuba verbunden, einem musikalischen Modus, der aus der andalusischen Musik stammt. Es gibt 11 aufgelistete Nubas; einige sind der j\u00fcdischen und der muslimischen Tradition der marokkanischen andalusischen Musik gemeinsam, andere wurden von den Juden beibehalten oder geschaffen. Die <em>Bakashot<\/em> werden an etwa zwanzig Shabbat gesungen. Einige Nuba werden an zwei oder drei Shabbat verwendet, aber die Melodien unterscheiden sich jedes Mal, sogar innerhalb eines musikalischen Modus. Diese Praxis erfordert ein enzyklop\u00e4disches Wissen, um das gesamte Repertoire zu beherrschen.<span class=\"footnote_referrer\"><a role=\"button\" tabindex=\"0\" onclick=\"footnote_moveToReference_116899_1('footnote_plugin_reference_116899_1_3');\" onkeypress=\"footnote_moveToReference_116899_1('footnote_plugin_reference_116899_1_3');\" ><sup id=\"footnote_plugin_tooltip_116899_1_3\" class=\"footnote_plugin_tooltip_text\">[3]<\/sup><\/a><span id=\"footnote_plugin_tooltip_text_116899_1_3\" class=\"footnote_tooltip\">Interview mit Ariel Danan vom 19. August 2024. Ausz\u00fcge daraus finden Sie im Video Chirat ha-Baqqashot im marokkanischen Ritus (Link am Ende der Seite).<\/span><\/span><script type=\"text\/javascript\"> jQuery('#footnote_plugin_tooltip_116899_1_3').tooltip({ tip: '#footnote_plugin_tooltip_text_116899_1_3', tipClass: 'footnote_tooltip', effect: 'fade', predelay: 0, fadeInSpeed: 200, delay: 400, fadeOutSpeed: 200, position: 'top center', relative: true, offset: [-7, 0], });<\/script><\/p>\n<p>Die gesungenen Texte sind hebr\u00e4ische liturgische Gedichte (Pijutim), die das Exil Israels, die Verbindung Israels mit Gott, aber auch &#8211; im marokkanischen Ritus &#8211; die <em>Parascha<\/em> der Woche zum Thema haben. Die letzte Kategorie von Gedichten wird <em>Qseda<\/em> genannt, ein Oberbegriff f\u00fcr Erz\u00e4hlgedichte. Es handelt sich um ein literarisches Genre, das von der arabischen Poesie inspiriert wurde, wo es den gleichen Namen tr\u00e4gt. Jede Woche erz\u00e4hlt die <em>Qseda<\/em> auf poetische Weise ein zentrales Thema der w\u00f6chentlichen <em>Parascha<\/em>.<\/p>\n<h3><strong>Die Baqqashot in der heutigen Zeit<\/strong><\/h3>\n<p>Heute wird diese Tradition vor allem in den Gemeinden des marokkanischen und syrischen Ritus gepflegt. In Israel hat sie in den letzten Jahren einen bemerkenswerten Aufschwung erlebt. In Frankreich finden <em>Bakashot<\/em>-Abende an bestimmten Samstagabenden im Winter statt, vor allem in der Region \u00cele-de-France. In Stra\u00dfburg tr\u00e4gt auch Rabbi Bendavid zur Weitergabe dieser Tradition bei.<\/p>\n<p><a href=\"https:\/\/www.iemj.org\/de\/a-la-decouverte-des-baqqachot\/\" target=\"_blank\" rel=\"noopener\">H\u00f6ren Sie die Playlist Auf der Entdeckung der Baqqashot<\/a><\/p>\n<p><a href=\"https:\/\/www.iemj.org\/de\/chirat-ha-baqqachot-selon-le-rite-marocain\/\" target=\"_blank\" rel=\"noopener\">Video Chirat ha-baqqachot im marokkanischen Ritus anschauen\u00a0<\/a><\/p>\n<p><a href=\"https:\/\/www.pizmonim.org\/section.php?maqam=Baqashot\" target=\"_blank\" rel=\"noopener\">H\u00f6ren Sie Dutzende weiterer Baqqashot nach nah\u00f6stlichem Ritus aus Aleppo (Syrien) auf der Website des Sephardic Pizmonim Project<\/a><\/p>\n\n\n<p><\/p>\n<div class=\"speaker-mute footnotes_reference_container\"> <div class=\"footnote_container_prepare\"><p><span role=\"button\" tabindex=\"0\" class=\"footnote_reference_container_label pointer\" onclick=\"footnote_expand_collapse_reference_container_116899_1();\">&#x202F;<\/span><span role=\"button\" tabindex=\"0\" class=\"footnote_reference_container_collapse_button\" style=\"display: none;\" onclick=\"footnote_expand_collapse_reference_container_116899_1();\">[<a id=\"footnote_reference_container_collapse_button_116899_1\">+<\/a>]<\/span><\/p><\/div> <div id=\"footnote_references_container_116899_1\" style=\"\"><table class=\"footnotes_table footnote-reference-container\"><caption class=\"accessibility\">References<\/caption> <tbody> \r\n\r\n<tr class=\"footnotes_plugin_reference_row\"> <th scope=\"row\" class=\"footnote_plugin_index_combi pointer\"  onclick=\"footnote_moveToAnchor_116899_1('footnote_plugin_tooltip_116899_1_1');\"><a id=\"footnote_plugin_reference_116899_1_1\" class=\"footnote_backlink\">1<\/a><\/th> <td class=\"footnote_plugin_text\">Interview mit Ariel Danan, aufgenommen am 19. August 2024. Ausz\u00fcge daraus finden sich im Video Chirat ha-Baqqashot im marokkanischen Ritus (Link am Ende der Seite).<\/td><\/tr>\r\n\r\n<tr class=\"footnotes_plugin_reference_row\"> <th scope=\"row\" class=\"footnote_plugin_index_combi pointer\"  onclick=\"footnote_moveToAnchor_116899_1('footnote_plugin_tooltip_116899_1_2');\"><a id=\"footnote_plugin_reference_116899_1_2\" class=\"footnote_backlink\">2<\/a><\/th> <td class=\"footnote_plugin_text\">H\u00f6ren Sie die Playlist Auf der Entdeckung der Baqqashot (Link am Ende der Seite).<\/td><\/tr>\r\n\r\n<tr class=\"footnotes_plugin_reference_row\"> <th scope=\"row\" class=\"footnote_plugin_index_combi pointer\"  onclick=\"footnote_moveToAnchor_116899_1('footnote_plugin_tooltip_116899_1_3');\"><a id=\"footnote_plugin_reference_116899_1_3\" class=\"footnote_backlink\">3<\/a><\/th> <td class=\"footnote_plugin_text\">Interview mit Ariel Danan vom 19. August 2024. Ausz\u00fcge daraus finden Sie im Video Chirat ha-Baqqashot im marokkanischen Ritus (Link am Ende der Seite).<\/td><\/tr>\r\n\r\n <\/tbody> <\/table> <\/div><\/div><script type=\"text\/javascript\"> function footnote_expand_reference_container_116899_1() { jQuery('#footnote_references_container_116899_1').show(); jQuery('#footnote_reference_container_collapse_button_116899_1').text('\u2212'); } function footnote_collapse_reference_container_116899_1() { jQuery('#footnote_references_container_116899_1').hide(); jQuery('#footnote_reference_container_collapse_button_116899_1').text('+'); } function footnote_expand_collapse_reference_container_116899_1() { if (jQuery('#footnote_references_container_116899_1').is(':hidden')) { footnote_expand_reference_container_116899_1(); } else { footnote_collapse_reference_container_116899_1(); } } function footnote_moveToReference_116899_1(p_str_TargetID) { footnote_expand_reference_container_116899_1(); var l_obj_Target = jQuery('#' + p_str_TargetID); if (l_obj_Target.length) { jQuery( 'html, body' ).delay( 0 ); jQuery('html, body').animate({ scrollTop: l_obj_Target.offset().top - window.innerHeight * 0.2 }, 380); } } function footnote_moveToAnchor_116899_1(p_str_TargetID) { footnote_expand_reference_container_116899_1(); var l_obj_Target = jQuery('#' + p_str_TargetID); if (l_obj_Target.length) { jQuery( 'html, body' ).delay( 0 ); jQuery('html, body').animate({ scrollTop: l_obj_Target.offset().top - window.innerHeight * 0.2 }, 380); } }<\/script>","protected":false},"excerpt":{"rendered":"<p>\u00a0<\/p>\n","protected":false},"author":5,"featured_media":116871,"comment_status":"closed","ping_status":"closed","sticky":false,"template":"","format":"standard","meta":{"_acf_changed":false,"footnotes":""},"categories":[1406],"tags":[],"technique":[],"squelettes":[],"sujet":[2118],"formation":[],"genre":[1891],"fonds":[],"tradition":[],"type-de-contenu":[],"interprete-compositeur":[],"frise":[],"type-devenement":[],"tableaux-liens-externes":[],"class_list":["post-116899","post","type-post","status-publish","format-standard","has-post-thumbnail","hentry","category-hintergrundartikel-de","sujet-religiose-poesie-piyyutim-de","genre-liturgie-de"],"acf":[],"yoast_head":"<!-- This site is optimized with the Yoast SEO plugin v27.3 - https:\/\/yoast.com\/product\/yoast-seo-wordpress\/ -->\n<title>Die Baqqaschot - Institut Europ\u00e9en des Musiques Juives<\/title>\n<meta name=\"robots\" content=\"index, follow, max-snippet:-1, max-image-preview:large, max-video-preview:-1\" \/>\n<link rel=\"canonical\" href=\"https:\/\/www.iemj.org\/de\/les-baqqachot\/\" \/>\n<meta property=\"og:locale\" content=\"de_DE\" \/>\n<meta property=\"og:type\" content=\"article\" \/>\n<meta property=\"og:title\" content=\"Die Baqqaschot - Institut Europ\u00e9en des Musiques Juives\" \/>\n<meta property=\"og:description\" content=\"\u00a0\" \/>\n<meta property=\"og:url\" content=\"https:\/\/www.iemj.org\/de\/les-baqqachot\/\" \/>\n<meta property=\"og:site_name\" content=\"Institut Europ\u00e9en des Musiques Juives\" \/>\n<meta property=\"article:publisher\" content=\"https:\/\/www.facebook.com\/MusiquesJuives\/\" \/>\n<meta property=\"article:published_time\" content=\"2025-01-16T15:29:00+00:00\" \/>\n<meta property=\"article:modified_time\" content=\"2025-01-17T10:00:28+00:00\" \/>\n<meta property=\"og:image\" content=\"https:\/\/www.iemj.org\/wp-content\/uploads\/2025\/01\/Les-baqqachot_article-fond.jpg\" \/>\n\t<meta property=\"og:image:width\" content=\"500\" \/>\n\t<meta property=\"og:image:height\" content=\"500\" \/>\n\t<meta property=\"og:image:type\" content=\"image\/jpeg\" \/>\n<meta name=\"author\" content=\"Jacqueline ROTEN\" \/>\n<meta name=\"twitter:card\" content=\"summary_large_image\" \/>\n<meta name=\"twitter:label1\" content=\"Verfasst von\" \/>\n\t<meta name=\"twitter:data1\" content=\"Jacqueline ROTEN\" \/>\n\t<meta name=\"twitter:label2\" content=\"Gesch\u00e4tzte Lesezeit\" \/>\n\t<meta name=\"twitter:data2\" content=\"5\u00a0Minuten\" \/>\n<script type=\"application\/ld+json\" class=\"yoast-schema-graph\">{\"@context\":\"https:\\\/\\\/schema.org\",\"@graph\":[{\"@type\":\"Article\",\"@id\":\"https:\\\/\\\/www.iemj.org\\\/de\\\/les-baqqachot\\\/#article\",\"isPartOf\":{\"@id\":\"https:\\\/\\\/www.iemj.org\\\/de\\\/les-baqqachot\\\/\"},\"author\":{\"name\":\"Jacqueline ROTEN\",\"@id\":\"https:\\\/\\\/www.iemj.org\\\/de\\\/#\\\/schema\\\/person\\\/358e26c18aca017fcc4cc15437f7279c\"},\"headline\":\"Die Baqqaschot\",\"datePublished\":\"2025-01-16T15:29:00+00:00\",\"dateModified\":\"2025-01-17T10:00:28+00:00\",\"mainEntityOfPage\":{\"@id\":\"https:\\\/\\\/www.iemj.org\\\/de\\\/les-baqqachot\\\/\"},\"wordCount\":805,\"publisher\":{\"@id\":\"https:\\\/\\\/www.iemj.org\\\/de\\\/#organization\"},\"image\":{\"@id\":\"https:\\\/\\\/www.iemj.org\\\/de\\\/les-baqqachot\\\/#primaryimage\"},\"thumbnailUrl\":\"https:\\\/\\\/www.iemj.org\\\/wp-content\\\/uploads\\\/2025\\\/01\\\/Les-baqqachot_article-fond.jpg\",\"articleSection\":[\"Hintergrundartikel\"],\"inLanguage\":\"de\"},{\"@type\":\"WebPage\",\"@id\":\"https:\\\/\\\/www.iemj.org\\\/de\\\/les-baqqachot\\\/\",\"url\":\"https:\\\/\\\/www.iemj.org\\\/de\\\/les-baqqachot\\\/\",\"name\":\"Die Baqqaschot - Institut Europ\u00e9en des Musiques Juives\",\"isPartOf\":{\"@id\":\"https:\\\/\\\/www.iemj.org\\\/de\\\/#website\"},\"primaryImageOfPage\":{\"@id\":\"https:\\\/\\\/www.iemj.org\\\/de\\\/les-baqqachot\\\/#primaryimage\"},\"image\":{\"@id\":\"https:\\\/\\\/www.iemj.org\\\/de\\\/les-baqqachot\\\/#primaryimage\"},\"thumbnailUrl\":\"https:\\\/\\\/www.iemj.org\\\/wp-content\\\/uploads\\\/2025\\\/01\\\/Les-baqqachot_article-fond.jpg\",\"datePublished\":\"2025-01-16T15:29:00+00:00\",\"dateModified\":\"2025-01-17T10:00:28+00:00\",\"breadcrumb\":{\"@id\":\"https:\\\/\\\/www.iemj.org\\\/de\\\/les-baqqachot\\\/#breadcrumb\"},\"inLanguage\":\"de\",\"potentialAction\":[{\"@type\":\"ReadAction\",\"target\":[\"https:\\\/\\\/www.iemj.org\\\/de\\\/les-baqqachot\\\/\"]}]},{\"@type\":\"ImageObject\",\"inLanguage\":\"de\",\"@id\":\"https:\\\/\\\/www.iemj.org\\\/de\\\/les-baqqachot\\\/#primaryimage\",\"url\":\"https:\\\/\\\/www.iemj.org\\\/wp-content\\\/uploads\\\/2025\\\/01\\\/Les-baqqachot_article-fond.jpg\",\"contentUrl\":\"https:\\\/\\\/www.iemj.org\\\/wp-content\\\/uploads\\\/2025\\\/01\\\/Les-baqqachot_article-fond.jpg\",\"width\":500,\"height\":500},{\"@type\":\"BreadcrumbList\",\"@id\":\"https:\\\/\\\/www.iemj.org\\\/de\\\/les-baqqachot\\\/#breadcrumb\",\"itemListElement\":[{\"@type\":\"ListItem\",\"position\":1,\"name\":\"Accueil\",\"item\":\"https:\\\/\\\/www.iemj.org\\\/de\\\/\"},{\"@type\":\"ListItem\",\"position\":2,\"name\":\"Die Baqqaschot\"}]},{\"@type\":\"WebSite\",\"@id\":\"https:\\\/\\\/www.iemj.org\\\/de\\\/#website\",\"url\":\"https:\\\/\\\/www.iemj.org\\\/de\\\/\",\"name\":\"Institut Europ\u00e9en des Musiques Juives\",\"description\":\"Des traditions musicales \u00e0 la port\u00e9e de tous\",\"publisher\":{\"@id\":\"https:\\\/\\\/www.iemj.org\\\/de\\\/#organization\"},\"potentialAction\":[{\"@type\":\"SearchAction\",\"target\":{\"@type\":\"EntryPoint\",\"urlTemplate\":\"https:\\\/\\\/www.iemj.org\\\/de\\\/?s={search_term_string}\"},\"query-input\":{\"@type\":\"PropertyValueSpecification\",\"valueRequired\":true,\"valueName\":\"search_term_string\"}}],\"inLanguage\":\"de\"},{\"@type\":\"Organization\",\"@id\":\"https:\\\/\\\/www.iemj.org\\\/de\\\/#organization\",\"name\":\"Institut Europ\u00e9en des Musiques Juives\",\"url\":\"https:\\\/\\\/www.iemj.org\\\/de\\\/\",\"logo\":{\"@type\":\"ImageObject\",\"inLanguage\":\"de\",\"@id\":\"https:\\\/\\\/www.iemj.org\\\/de\\\/#\\\/schema\\\/logo\\\/image\\\/\",\"url\":\"https:\\\/\\\/www.iemj.org\\\/wp-content\\\/uploads\\\/2021\\\/09\\\/Logo-IEMJ-Paypal.jpg\",\"contentUrl\":\"https:\\\/\\\/www.iemj.org\\\/wp-content\\\/uploads\\\/2021\\\/09\\\/Logo-IEMJ-Paypal.jpg\",\"width\":150,\"height\":50,\"caption\":\"Institut Europ\u00e9en des Musiques Juives\"},\"image\":{\"@id\":\"https:\\\/\\\/www.iemj.org\\\/de\\\/#\\\/schema\\\/logo\\\/image\\\/\"},\"sameAs\":[\"https:\\\/\\\/www.facebook.com\\\/MusiquesJuives\\\/\",\"https:\\\/\\\/www.instagram.com\\\/musiquesjuives\\\/\",\"https:\\\/\\\/www.youtube.com\\\/user\\\/musiquesjuives\"]},{\"@type\":\"Person\",\"@id\":\"https:\\\/\\\/www.iemj.org\\\/de\\\/#\\\/schema\\\/person\\\/358e26c18aca017fcc4cc15437f7279c\",\"name\":\"Jacqueline ROTEN\",\"image\":{\"@type\":\"ImageObject\",\"inLanguage\":\"de\",\"@id\":\"https:\\\/\\\/secure.gravatar.com\\\/avatar\\\/5964256d6c6957de3a3505278957e0fb2a35119ac47ea41827a65301213c810b?s=96&d=mm&r=g\",\"url\":\"https:\\\/\\\/secure.gravatar.com\\\/avatar\\\/5964256d6c6957de3a3505278957e0fb2a35119ac47ea41827a65301213c810b?s=96&d=mm&r=g\",\"contentUrl\":\"https:\\\/\\\/secure.gravatar.com\\\/avatar\\\/5964256d6c6957de3a3505278957e0fb2a35119ac47ea41827a65301213c810b?s=96&d=mm&r=g\",\"caption\":\"Jacqueline ROTEN\"}}]}<\/script>\n<!-- \/ Yoast SEO plugin. -->","yoast_head_json":{"title":"Die Baqqaschot - Institut Europ\u00e9en des Musiques Juives","robots":{"index":"index","follow":"follow","max-snippet":"max-snippet:-1","max-image-preview":"max-image-preview:large","max-video-preview":"max-video-preview:-1"},"canonical":"https:\/\/www.iemj.org\/de\/les-baqqachot\/","og_locale":"de_DE","og_type":"article","og_title":"Die Baqqaschot - Institut Europ\u00e9en des Musiques Juives","og_description":"\u00a0","og_url":"https:\/\/www.iemj.org\/de\/les-baqqachot\/","og_site_name":"Institut Europ\u00e9en des Musiques Juives","article_publisher":"https:\/\/www.facebook.com\/MusiquesJuives\/","article_published_time":"2025-01-16T15:29:00+00:00","article_modified_time":"2025-01-17T10:00:28+00:00","og_image":[{"width":500,"height":500,"url":"https:\/\/www.iemj.org\/wp-content\/uploads\/2025\/01\/Les-baqqachot_article-fond.jpg","type":"image\/jpeg"}],"author":"Jacqueline ROTEN","twitter_card":"summary_large_image","twitter_misc":{"Verfasst von":"Jacqueline ROTEN","Gesch\u00e4tzte Lesezeit":"5\u00a0Minuten"},"schema":{"@context":"https:\/\/schema.org","@graph":[{"@type":"Article","@id":"https:\/\/www.iemj.org\/de\/les-baqqachot\/#article","isPartOf":{"@id":"https:\/\/www.iemj.org\/de\/les-baqqachot\/"},"author":{"name":"Jacqueline ROTEN","@id":"https:\/\/www.iemj.org\/de\/#\/schema\/person\/358e26c18aca017fcc4cc15437f7279c"},"headline":"Die Baqqaschot","datePublished":"2025-01-16T15:29:00+00:00","dateModified":"2025-01-17T10:00:28+00:00","mainEntityOfPage":{"@id":"https:\/\/www.iemj.org\/de\/les-baqqachot\/"},"wordCount":805,"publisher":{"@id":"https:\/\/www.iemj.org\/de\/#organization"},"image":{"@id":"https:\/\/www.iemj.org\/de\/les-baqqachot\/#primaryimage"},"thumbnailUrl":"https:\/\/www.iemj.org\/wp-content\/uploads\/2025\/01\/Les-baqqachot_article-fond.jpg","articleSection":["Hintergrundartikel"],"inLanguage":"de"},{"@type":"WebPage","@id":"https:\/\/www.iemj.org\/de\/les-baqqachot\/","url":"https:\/\/www.iemj.org\/de\/les-baqqachot\/","name":"Die Baqqaschot - Institut Europ\u00e9en des Musiques Juives","isPartOf":{"@id":"https:\/\/www.iemj.org\/de\/#website"},"primaryImageOfPage":{"@id":"https:\/\/www.iemj.org\/de\/les-baqqachot\/#primaryimage"},"image":{"@id":"https:\/\/www.iemj.org\/de\/les-baqqachot\/#primaryimage"},"thumbnailUrl":"https:\/\/www.iemj.org\/wp-content\/uploads\/2025\/01\/Les-baqqachot_article-fond.jpg","datePublished":"2025-01-16T15:29:00+00:00","dateModified":"2025-01-17T10:00:28+00:00","breadcrumb":{"@id":"https:\/\/www.iemj.org\/de\/les-baqqachot\/#breadcrumb"},"inLanguage":"de","potentialAction":[{"@type":"ReadAction","target":["https:\/\/www.iemj.org\/de\/les-baqqachot\/"]}]},{"@type":"ImageObject","inLanguage":"de","@id":"https:\/\/www.iemj.org\/de\/les-baqqachot\/#primaryimage","url":"https:\/\/www.iemj.org\/wp-content\/uploads\/2025\/01\/Les-baqqachot_article-fond.jpg","contentUrl":"https:\/\/www.iemj.org\/wp-content\/uploads\/2025\/01\/Les-baqqachot_article-fond.jpg","width":500,"height":500},{"@type":"BreadcrumbList","@id":"https:\/\/www.iemj.org\/de\/les-baqqachot\/#breadcrumb","itemListElement":[{"@type":"ListItem","position":1,"name":"Accueil","item":"https:\/\/www.iemj.org\/de\/"},{"@type":"ListItem","position":2,"name":"Die Baqqaschot"}]},{"@type":"WebSite","@id":"https:\/\/www.iemj.org\/de\/#website","url":"https:\/\/www.iemj.org\/de\/","name":"Institut Europ\u00e9en des Musiques Juives","description":"Des traditions musicales \u00e0 la port\u00e9e de tous","publisher":{"@id":"https:\/\/www.iemj.org\/de\/#organization"},"potentialAction":[{"@type":"SearchAction","target":{"@type":"EntryPoint","urlTemplate":"https:\/\/www.iemj.org\/de\/?s={search_term_string}"},"query-input":{"@type":"PropertyValueSpecification","valueRequired":true,"valueName":"search_term_string"}}],"inLanguage":"de"},{"@type":"Organization","@id":"https:\/\/www.iemj.org\/de\/#organization","name":"Institut Europ\u00e9en des Musiques Juives","url":"https:\/\/www.iemj.org\/de\/","logo":{"@type":"ImageObject","inLanguage":"de","@id":"https:\/\/www.iemj.org\/de\/#\/schema\/logo\/image\/","url":"https:\/\/www.iemj.org\/wp-content\/uploads\/2021\/09\/Logo-IEMJ-Paypal.jpg","contentUrl":"https:\/\/www.iemj.org\/wp-content\/uploads\/2021\/09\/Logo-IEMJ-Paypal.jpg","width":150,"height":50,"caption":"Institut Europ\u00e9en des Musiques Juives"},"image":{"@id":"https:\/\/www.iemj.org\/de\/#\/schema\/logo\/image\/"},"sameAs":["https:\/\/www.facebook.com\/MusiquesJuives\/","https:\/\/www.instagram.com\/musiquesjuives\/","https:\/\/www.youtube.com\/user\/musiquesjuives"]},{"@type":"Person","@id":"https:\/\/www.iemj.org\/de\/#\/schema\/person\/358e26c18aca017fcc4cc15437f7279c","name":"Jacqueline ROTEN","image":{"@type":"ImageObject","inLanguage":"de","@id":"https:\/\/secure.gravatar.com\/avatar\/5964256d6c6957de3a3505278957e0fb2a35119ac47ea41827a65301213c810b?s=96&d=mm&r=g","url":"https:\/\/secure.gravatar.com\/avatar\/5964256d6c6957de3a3505278957e0fb2a35119ac47ea41827a65301213c810b?s=96&d=mm&r=g","contentUrl":"https:\/\/secure.gravatar.com\/avatar\/5964256d6c6957de3a3505278957e0fb2a35119ac47ea41827a65301213c810b?s=96&d=mm&r=g","caption":"Jacqueline ROTEN"}}]}},"_links":{"self":[{"href":"https:\/\/www.iemj.org\/de\/wp-json\/wp\/v2\/posts\/116899","targetHints":{"allow":["GET"]}}],"collection":[{"href":"https:\/\/www.iemj.org\/de\/wp-json\/wp\/v2\/posts"}],"about":[{"href":"https:\/\/www.iemj.org\/de\/wp-json\/wp\/v2\/types\/post"}],"author":[{"embeddable":true,"href":"https:\/\/www.iemj.org\/de\/wp-json\/wp\/v2\/users\/5"}],"replies":[{"embeddable":true,"href":"https:\/\/www.iemj.org\/de\/wp-json\/wp\/v2\/comments?post=116899"}],"version-history":[{"count":0,"href":"https:\/\/www.iemj.org\/de\/wp-json\/wp\/v2\/posts\/116899\/revisions"}],"wp:featuredmedia":[{"embeddable":true,"href":"https:\/\/www.iemj.org\/de\/wp-json\/wp\/v2\/media\/116871"}],"wp:attachment":[{"href":"https:\/\/www.iemj.org\/de\/wp-json\/wp\/v2\/media?parent=116899"}],"wp:term":[{"taxonomy":"category","embeddable":true,"href":"https:\/\/www.iemj.org\/de\/wp-json\/wp\/v2\/categories?post=116899"},{"taxonomy":"post_tag","embeddable":true,"href":"https:\/\/www.iemj.org\/de\/wp-json\/wp\/v2\/tags?post=116899"},{"taxonomy":"technique","embeddable":true,"href":"https:\/\/www.iemj.org\/de\/wp-json\/wp\/v2\/technique?post=116899"},{"taxonomy":"squelettes","embeddable":true,"href":"https:\/\/www.iemj.org\/de\/wp-json\/wp\/v2\/squelettes?post=116899"},{"taxonomy":"sujet","embeddable":true,"href":"https:\/\/www.iemj.org\/de\/wp-json\/wp\/v2\/sujet?post=116899"},{"taxonomy":"formation","embeddable":true,"href":"https:\/\/www.iemj.org\/de\/wp-json\/wp\/v2\/formation?post=116899"},{"taxonomy":"genre","embeddable":true,"href":"https:\/\/www.iemj.org\/de\/wp-json\/wp\/v2\/genre?post=116899"},{"taxonomy":"fonds","embeddable":true,"href":"https:\/\/www.iemj.org\/de\/wp-json\/wp\/v2\/fonds?post=116899"},{"taxonomy":"tradition","embeddable":true,"href":"https:\/\/www.iemj.org\/de\/wp-json\/wp\/v2\/tradition?post=116899"},{"taxonomy":"type-de-contenu","embeddable":true,"href":"https:\/\/www.iemj.org\/de\/wp-json\/wp\/v2\/type-de-contenu?post=116899"},{"taxonomy":"interprete-compositeur","embeddable":true,"href":"https:\/\/www.iemj.org\/de\/wp-json\/wp\/v2\/interprete-compositeur?post=116899"},{"taxonomy":"frise","embeddable":true,"href":"https:\/\/www.iemj.org\/de\/wp-json\/wp\/v2\/frise?post=116899"},{"taxonomy":"type-devenement","embeddable":true,"href":"https:\/\/www.iemj.org\/de\/wp-json\/wp\/v2\/type-devenement?post=116899"},{"taxonomy":"tableaux-liens-externes","embeddable":true,"href":"https:\/\/www.iemj.org\/de\/wp-json\/wp\/v2\/tableaux-liens-externes?post=116899"}],"curies":[{"name":"wp","href":"https:\/\/api.w.org\/{rel}","templated":true}]}}