{"id":117207,"date":"2025-01-23T14:38:43","date_gmt":"2025-01-23T13:38:43","guid":{"rendered":"https:\/\/www.iemj.org\/fonds-du-musee-dart-et-dhistoire-du-judaisme\/"},"modified":"2025-01-23T16:10:15","modified_gmt":"2025-01-23T15:10:15","slug":"fonds-du-musee-dart-et-dhistoire-du-judaisme","status":"publish","type":"post","link":"https:\/\/www.iemj.org\/de\/fonds-du-musee-dart-et-dhistoire-du-judaisme\/","title":{"rendered":"Fonds des Mus\u00e9e d\u2019Art et d\u2019Histoire du Juda\u00efsme (Paris)"},"content":{"rendered":"<p>Im April 2022 \u00fcbergab das <a href=\"https:\/\/www.mahj.org\/en\" target=\"_blank\" rel=\"noopener\">Mus\u00e9e d&#8217;Art et d&#8217;Histoire du Juda\u00efsme (MAHJ)<\/a> dem Institut Europ\u00e9en des Musiques Juives (IEMJ) eine Sammlung von 123 Schallplatten, die haupts\u00e4chlich aus 78er Schallplatten bestand, die in den Lagern des Museums aufbewahrt wurden.<\/p>\n<p>Bei dieser Gelegenheit wurde eine Partnerschaft zwischen den beiden Institutionen unterzeichnet, die gemeinsame Aktionen zur Aufwertung der Musiksammlungen sowie die Organisation von Konzerten, Kolloquien und anderen Veranstaltungen im MAHJ vorsieht<span class=\"footnote_referrer\"><a role=\"button\" tabindex=\"0\" onclick=\"footnote_moveToReference_117207_1('footnote_plugin_reference_117207_1_1');\" onkeypress=\"footnote_moveToReference_117207_1('footnote_plugin_reference_117207_1_1');\" ><sup id=\"footnote_plugin_tooltip_117207_1_1\" class=\"footnote_plugin_tooltip_text\">[1]<\/sup><\/a><span id=\"footnote_plugin_tooltip_text_117207_1_1\" class=\"footnote_tooltip\">Zum Beispiel das <a href=\"https:\/\/www.iemj.org\/de\/concert-de-melodies-hebraiques-pour-violoncelle-et-piano\/\" target=\"_blank\" rel=\"noopener\">Konzert Hebr\u00e4ische Melodien<\/a> (2022), das <a href=\"https:\/\/www.iemj.org\/de\/les-musiques-ashkenazes-en-france-au-concert-ou-a-la-synagogue\/\" target=\"_blank\" rel=\"noopener\">Kolloquium \u00fcber aschkenasische Musik in Frankreich<\/a> (2024) oder die Ausleihe von Dokumenten f\u00fcr die <a href=\"https:\/\/www.mahj.org\/en\/programme\/dybbuk-phantom-lost-world-31248\" target=\"_blank\" rel=\"noopener\">Ausstellung \u00fcber den Dibbuk<\/a> (2024).<\/span><\/span><script type=\"text\/javascript\"> jQuery('#footnote_plugin_tooltip_117207_1_1').tooltip({ tip: '#footnote_plugin_tooltip_text_117207_1_1', tipClass: 'footnote_tooltip', effect: 'fade', predelay: 0, fadeInSpeed: 200, delay: 400, fadeOutSpeed: 200, position: 'top center', relative: true, offset: [-7, 0], });<\/script>.<\/p>\n<p>Dank seiner Ausstattung und der Motivation seines Teams war das IEMJ in der Lage, die 123 CDs zu digitalisieren und \u00fcber den <a href=\"http:\/\/www.rachelnet.net\/F\/?func=find-c&amp;ccl_term=WHOL+%3D+MAHJ&amp;local_base=iemcg\" target=\"_blank\" rel=\"noopener\">Rachel-Katalog<\/a>, der auch von der Bibliothek des MAHJ verwendet wird, zug\u00e4nglich zu machen. Die CDs wurden anschlie\u00dfend verpackt und in einem Raum gelagert, der den bibliothekarischen Standards f\u00fcr die Lagerung in Bezug auf Temperatur und Luftfeuchtigkeit entspricht.<\/p>\n\n\n<figure class=\"wp-block-gallery has-nested-images columns-default is-cropped wp-block-gallery-1 is-layout-flex wp-block-gallery-is-layout-flex\">\n<figure class=\"wp-block-image size-large is-style-rounded\"><img fetchpriority=\"high\" decoding=\"async\" width=\"1024\" height=\"937\" data-id=\"117114\" src=\"https:\/\/www.iemj.org\/wp-content\/uploads\/2025\/01\/D78-25_557_COUV-1024x937.jpg\" alt=\"\" class=\"wp-image-117114\" srcset=\"https:\/\/www.iemj.org\/wp-content\/uploads\/2025\/01\/D78-25_557_COUV-1024x937.jpg 1024w, https:\/\/www.iemj.org\/wp-content\/uploads\/2025\/01\/D78-25_557_COUV-300x275.jpg 300w, https:\/\/www.iemj.org\/wp-content\/uploads\/2025\/01\/D78-25_557_COUV-768x703.jpg 768w, https:\/\/www.iemj.org\/wp-content\/uploads\/2025\/01\/D78-25_557_COUV-600x549.jpg 600w, https:\/\/www.iemj.org\/wp-content\/uploads\/2025\/01\/D78-25_557_COUV.jpg 1347w\" sizes=\"(max-width: 1024px) 100vw, 1024px\" \/><\/figure>\n\n\n\n<figure class=\"wp-block-image size-large is-style-rounded\"><img decoding=\"async\" width=\"1024\" height=\"1022\" data-id=\"117112\" src=\"https:\/\/www.iemj.org\/wp-content\/uploads\/2025\/01\/D78-25_582_COUV-1024x1022.jpg\" alt=\"\" class=\"wp-image-117112\" srcset=\"https:\/\/www.iemj.org\/wp-content\/uploads\/2025\/01\/D78-25_582_COUV-1024x1022.jpg 1024w, https:\/\/www.iemj.org\/wp-content\/uploads\/2025\/01\/D78-25_582_COUV-300x300.jpg 300w, https:\/\/www.iemj.org\/wp-content\/uploads\/2025\/01\/D78-25_582_COUV-150x150.jpg 150w, https:\/\/www.iemj.org\/wp-content\/uploads\/2025\/01\/D78-25_582_COUV-768x767.jpg 768w, https:\/\/www.iemj.org\/wp-content\/uploads\/2025\/01\/D78-25_582_COUV-600x599.jpg 600w, https:\/\/www.iemj.org\/wp-content\/uploads\/2025\/01\/D78-25_582_COUV-100x100.jpg 100w, https:\/\/www.iemj.org\/wp-content\/uploads\/2025\/01\/D78-25_582_COUV.jpg 1094w\" sizes=\"(max-width: 1024px) 100vw, 1024px\" \/><\/figure>\n\n\n\n<figure class=\"wp-block-image size-large is-style-rounded\"><img decoding=\"async\" width=\"1024\" height=\"1018\" data-id=\"117113\" src=\"https:\/\/www.iemj.org\/wp-content\/uploads\/2025\/01\/D78-25_604_COUV-1024x1018.jpg\" alt=\"\" class=\"wp-image-117113\" srcset=\"https:\/\/www.iemj.org\/wp-content\/uploads\/2025\/01\/D78-25_604_COUV-1024x1018.jpg 1024w, https:\/\/www.iemj.org\/wp-content\/uploads\/2025\/01\/D78-25_604_COUV-300x298.jpg 300w, https:\/\/www.iemj.org\/wp-content\/uploads\/2025\/01\/D78-25_604_COUV-150x150.jpg 150w, https:\/\/www.iemj.org\/wp-content\/uploads\/2025\/01\/D78-25_604_COUV-768x764.jpg 768w, https:\/\/www.iemj.org\/wp-content\/uploads\/2025\/01\/D78-25_604_COUV-600x597.jpg 600w, https:\/\/www.iemj.org\/wp-content\/uploads\/2025\/01\/D78-25_604_COUV-100x100.jpg 100w, https:\/\/www.iemj.org\/wp-content\/uploads\/2025\/01\/D78-25_604_COUV.jpg 1275w\" sizes=\"(max-width: 1024px) 100vw, 1024px\" \/><\/figure>\n\n\n\n<figure class=\"wp-block-image size-large is-style-rounded\"><img loading=\"lazy\" decoding=\"async\" width=\"1024\" height=\"960\" data-id=\"117117\" src=\"https:\/\/www.iemj.org\/wp-content\/uploads\/2025\/01\/D78-25_619_COUV-1024x960.jpg\" alt=\"\" class=\"wp-image-117117\" srcset=\"https:\/\/www.iemj.org\/wp-content\/uploads\/2025\/01\/D78-25_619_COUV-1024x960.jpg 1024w, https:\/\/www.iemj.org\/wp-content\/uploads\/2025\/01\/D78-25_619_COUV-300x281.jpg 300w, https:\/\/www.iemj.org\/wp-content\/uploads\/2025\/01\/D78-25_619_COUV-768x720.jpg 768w, https:\/\/www.iemj.org\/wp-content\/uploads\/2025\/01\/D78-25_619_COUV-600x562.jpg 600w, https:\/\/www.iemj.org\/wp-content\/uploads\/2025\/01\/D78-25_619_COUV.jpg 1341w\" sizes=\"(max-width: 1024px) 100vw, 1024px\" \/><\/figure>\n\n\n\n<figure class=\"wp-block-image size-large is-style-rounded\"><img loading=\"lazy\" decoding=\"async\" width=\"1024\" height=\"952\" data-id=\"117128\" src=\"https:\/\/www.iemj.org\/wp-content\/uploads\/2025\/01\/D78-30_159_COUV4-1024x952.jpg\" alt=\"\" class=\"wp-image-117128\" srcset=\"https:\/\/www.iemj.org\/wp-content\/uploads\/2025\/01\/D78-30_159_COUV4-1024x952.jpg 1024w, https:\/\/www.iemj.org\/wp-content\/uploads\/2025\/01\/D78-30_159_COUV4-300x279.jpg 300w, https:\/\/www.iemj.org\/wp-content\/uploads\/2025\/01\/D78-30_159_COUV4-768x714.jpg 768w, https:\/\/www.iemj.org\/wp-content\/uploads\/2025\/01\/D78-30_159_COUV4-1536x1428.jpg 1536w, https:\/\/www.iemj.org\/wp-content\/uploads\/2025\/01\/D78-30_159_COUV4-2048x1904.jpg 2048w, https:\/\/www.iemj.org\/wp-content\/uploads\/2025\/01\/D78-30_159_COUV4-600x558.jpg 600w\" sizes=\"(max-width: 1024px) 100vw, 1024px\" \/><\/figure>\n\n\n\n<figure class=\"wp-block-image size-large is-style-rounded\"><img loading=\"lazy\" decoding=\"async\" width=\"1024\" height=\"1017\" data-id=\"117111\" src=\"https:\/\/www.iemj.org\/wp-content\/uploads\/2025\/01\/D78-25_620_COUV-1024x1017.jpg\" alt=\"\" class=\"wp-image-117111\" srcset=\"https:\/\/www.iemj.org\/wp-content\/uploads\/2025\/01\/D78-25_620_COUV-1024x1017.jpg 1024w, https:\/\/www.iemj.org\/wp-content\/uploads\/2025\/01\/D78-25_620_COUV-300x298.jpg 300w, https:\/\/www.iemj.org\/wp-content\/uploads\/2025\/01\/D78-25_620_COUV-150x150.jpg 150w, https:\/\/www.iemj.org\/wp-content\/uploads\/2025\/01\/D78-25_620_COUV-768x763.jpg 768w, https:\/\/www.iemj.org\/wp-content\/uploads\/2025\/01\/D78-25_620_COUV-600x596.jpg 600w, https:\/\/www.iemj.org\/wp-content\/uploads\/2025\/01\/D78-25_620_COUV-100x100.jpg 100w, https:\/\/www.iemj.org\/wp-content\/uploads\/2025\/01\/D78-25_620_COUV.jpg 1345w\" sizes=\"(max-width: 1024px) 100vw, 1024px\" \/><\/figure>\n<\/figure>\n\n\n\n<div class=\"wp-block-columns is-layout-flex wp-container-core-columns-is-layout-9d6595d7 wp-block-columns-is-layout-flex\">\n<div class=\"wp-block-column is-layout-flow wp-block-column-is-layout-flow\">\n<p>78er Schallplatten sind aufgrund ihrer Seltenheit und Zerbrechlichkeit bei Sammlern sehr begehrt. Au\u00dferdem ist es \u00fcblich, dass einige der auf 78 rpm gebrannten St\u00fccke nie auf moderneren Medien wiederver\u00f6ffentlicht wurden.<\/p>\n<p>Zu den anvertrauten Schallplatten geh\u00f6ren so renommierte K\u00fcnstler wie Shoshana Damari, Aaron Lebedeff, <a href=\"https:\/\/www.iemj.org\/de\/fuld-leo-1912-1997\/\" target=\"_blank\" rel=\"noopener\">Leo Fuld<\/a>, Pesach Burstein, <a href=\"https:\/\/www.iemj.org\/de\/gorby-sarah-1900-1980\/\" target=\"_blank\" rel=\"noopener\">Sarah Gorby<\/a>, <a href=\"https:\/\/www.iemj.org\/de\/katz-mickey-1909-1985\/\" target=\"_blank\" rel=\"noopener\">Mickey Katz<\/a> (mit b\u00fcrgerlichem Namen Meyer Myron Katz), Jennie Goldstein und viele andere.<\/p>\n<\/div>\n\n\n\n<div class=\"wp-block-column is-layout-flow wp-block-column-is-layout-flow\">\n<figure class=\"wp-block-embed is-type-video is-provider-youtube wp-block-embed-youtube wp-embed-aspect-4-3 wp-has-aspect-ratio\"><div class=\"wp-block-embed__wrapper\">\n<iframe title=\"Jennie Goldstein - Der baby sitter\" width=\"640\" height=\"480\" src=\"https:\/\/www.youtube.com\/embed\/TTK2rluiMf4?feature=oembed\" frameborder=\"0\" allow=\"accelerometer; autoplay; clipboard-write; encrypted-media; gyroscope; picture-in-picture; web-share\" referrerpolicy=\"strict-origin-when-cross-origin\" allowfullscreen><\/iframe>\n<\/div><\/figure>\n<\/div>\n<\/div>\n\n\n<p>Der Bestand des MAHJ umfasst derzeit 234 Dokumente, haupts\u00e4chlich Audiodokumente, die in den Bibliotheken des <a href=\"http:\/\/www.rachelnet.net\/rachelnet\/index.htm\" target=\"_blank\" rel=\"noopener\">Rachel-Netzwerks<\/a> (Alliance isra\u00e9lite Universelle, Institut Europ\u00e9en des Musiques Juives, Maison de la Culture Yiddish, Mus\u00e9e d&#8217;Art et d&#8217;Histoire du Juda\u00efsme, S\u00e9minaire Isra\u00e9lite de France&#8230;) vollst\u00e4ndig oder teilweise durch Klicken auf den folgenden Link angeh\u00f6rt werden k\u00f6nnen.<\/p>\n<p><strong><a href=\"http:\/\/www.rachelnet.net\/F\/?func=find-c&amp;ccl_term=WHOL+%3D+MAHJ&amp;local_base=iemcg\" target=\"_blank\" rel=\"noopener\">Greifen Sie auf den Fonds des MAHJ zu.<\/a><\/strong><\/p>\n\n\n<div class=\"wp-block-columns are-vertically-aligned-center is-layout-flex wp-container-core-columns-is-layout-9d6595d7 wp-block-columns-is-layout-flex\">\n<div class=\"wp-block-column is-vertically-aligned-center is-layout-flow wp-block-column-is-layout-flow\"><div class=\"wp-block-image\">\n<figure class=\"aligncenter size-full is-resized\"><img loading=\"lazy\" decoding=\"async\" width=\"351\" height=\"219\" src=\"https:\/\/www.iemj.org\/wp-content\/uploads\/2024\/09\/Logo-MAHJ-1.jpeg\" alt=\"\" class=\"wp-image-113558\" style=\"width:277px;height:auto\" srcset=\"https:\/\/www.iemj.org\/wp-content\/uploads\/2024\/09\/Logo-MAHJ-1.jpeg 351w, https:\/\/www.iemj.org\/wp-content\/uploads\/2024\/09\/Logo-MAHJ-1-300x187.jpeg 300w\" sizes=\"(max-width: 351px) 100vw, 351px\" \/><\/figure>\n<\/div><\/div>\n\n\n\n<div class=\"wp-block-column is-vertically-aligned-center is-layout-flow wp-block-column-is-layout-flow\"><div class=\"wp-block-image\">\n<figure class=\"aligncenter size-full\"><img loading=\"lazy\" decoding=\"async\" width=\"532\" height=\"190\" src=\"https:\/\/www.iemj.org\/wp-content\/uploads\/2024\/05\/IEMJ_LOGO_CMJN_HORIZONTAL_sans-fond-Copie-1.png\" alt=\"\" class=\"wp-image-111979\" srcset=\"https:\/\/www.iemj.org\/wp-content\/uploads\/2024\/05\/IEMJ_LOGO_CMJN_HORIZONTAL_sans-fond-Copie-1.png 532w, https:\/\/www.iemj.org\/wp-content\/uploads\/2024\/05\/IEMJ_LOGO_CMJN_HORIZONTAL_sans-fond-Copie-1-300x107.png 300w\" sizes=\"(max-width: 532px) 100vw, 532px\" \/><\/figure>\n<\/div><\/div>\n<\/div>\n\n\n<h3><strong>In der folgenden Playlist k\u00f6nnen Sie sich 13 St\u00fccke aus dem Bestand des MAHJ anh\u00f6ren.<\/strong><\/h3>\n\n\n<figure class=\"wp-block-image alignwide size-large\"><img loading=\"lazy\" decoding=\"async\" width=\"1024\" height=\"133\" src=\"https:\/\/www.iemj.org\/wp-content\/uploads\/2024\/03\/AUDIO-PLAYER-1024x133.png\" alt=\"\" class=\"wp-image-110608\" srcset=\"https:\/\/www.iemj.org\/wp-content\/uploads\/2024\/03\/AUDIO-PLAYER-1024x133.png 1024w, https:\/\/www.iemj.org\/wp-content\/uploads\/2024\/03\/AUDIO-PLAYER-300x39.png 300w, https:\/\/www.iemj.org\/wp-content\/uploads\/2024\/03\/AUDIO-PLAYER-768x100.png 768w, https:\/\/www.iemj.org\/wp-content\/uploads\/2024\/03\/AUDIO-PLAYER-600x78.png 600w, https:\/\/www.iemj.org\/wp-content\/uploads\/2024\/03\/AUDIO-PLAYER.png 1210w\" sizes=\"(max-width: 1024px) 100vw, 1024px\" \/><\/figure>\n\n\n\n<p><\/p>\n<div class=\"speaker-mute footnotes_reference_container\"> <div class=\"footnote_container_prepare\"><p><span role=\"button\" tabindex=\"0\" class=\"footnote_reference_container_label pointer\" onclick=\"footnote_expand_collapse_reference_container_117207_1();\">&#x202F;<\/span><span role=\"button\" tabindex=\"0\" class=\"footnote_reference_container_collapse_button\" style=\"display: none;\" onclick=\"footnote_expand_collapse_reference_container_117207_1();\">[<a id=\"footnote_reference_container_collapse_button_117207_1\">+<\/a>]<\/span><\/p><\/div> <div id=\"footnote_references_container_117207_1\" style=\"\"><table class=\"footnotes_table footnote-reference-container\"><caption class=\"accessibility\">References<\/caption> <tbody> \r\n\r\n<tr class=\"footnotes_plugin_reference_row\"> <th scope=\"row\" class=\"footnote_plugin_index_combi pointer\"  onclick=\"footnote_moveToAnchor_117207_1('footnote_plugin_tooltip_117207_1_1');\"><a id=\"footnote_plugin_reference_117207_1_1\" class=\"footnote_backlink\">1<\/a><\/th> <td class=\"footnote_plugin_text\">Zum Beispiel das <a href=\"https:\/\/www.iemj.org\/de\/concert-de-melodies-hebraiques-pour-violoncelle-et-piano\/\" target=\"_blank\" rel=\"noopener\">Konzert Hebr\u00e4ische Melodien<\/a> (2022), das <a href=\"https:\/\/www.iemj.org\/de\/les-musiques-ashkenazes-en-france-au-concert-ou-a-la-synagogue\/\" target=\"_blank\" rel=\"noopener\">Kolloquium \u00fcber aschkenasische Musik in Frankreich<\/a> (2024) oder die Ausleihe von Dokumenten f\u00fcr die <a href=\"https:\/\/www.mahj.org\/en\/programme\/dybbuk-phantom-lost-world-31248\" target=\"_blank\" rel=\"noopener\">Ausstellung \u00fcber den Dibbuk<\/a> (2024).<\/td><\/tr>\r\n\r\n <\/tbody> <\/table> <\/div><\/div><script type=\"text\/javascript\"> function footnote_expand_reference_container_117207_1() { jQuery('#footnote_references_container_117207_1').show(); jQuery('#footnote_reference_container_collapse_button_117207_1').text('\u2212'); } function footnote_collapse_reference_container_117207_1() { jQuery('#footnote_references_container_117207_1').hide(); jQuery('#footnote_reference_container_collapse_button_117207_1').text('+'); } function footnote_expand_collapse_reference_container_117207_1() { if (jQuery('#footnote_references_container_117207_1').is(':hidden')) { footnote_expand_reference_container_117207_1(); } else { footnote_collapse_reference_container_117207_1(); } } function footnote_moveToReference_117207_1(p_str_TargetID) { footnote_expand_reference_container_117207_1(); var l_obj_Target = jQuery('#' + p_str_TargetID); if (l_obj_Target.length) { jQuery( 'html, body' ).delay( 0 ); jQuery('html, body').animate({ scrollTop: l_obj_Target.offset().top - window.innerHeight * 0.2 }, 380); } } function footnote_moveToAnchor_117207_1(p_str_TargetID) { footnote_expand_reference_container_117207_1(); var l_obj_Target = jQuery('#' + p_str_TargetID); if (l_obj_Target.length) { jQuery( 'html, body' ).delay( 0 ); jQuery('html, body').animate({ scrollTop: l_obj_Target.offset().top - window.innerHeight * 0.2 }, 380); } }<\/script>","protected":false},"excerpt":{"rendered":"<p>Im April 2022 \u00fcbergab das Mus\u00e9e d&#8217;Art et d&#8217;Histoire du Juda\u00efsme (MAHJ) dem Institut Europ\u00e9en des Musiques Juives (IEMJ) eine Sammlung von 123 Schallplatten, die haupts\u00e4chlich aus 78er Schallplatten bestand,<\/p>\n","protected":false},"author":5,"featured_media":117105,"comment_status":"closed","ping_status":"closed","sticky":false,"template":"","format":"standard","meta":{"_acf_changed":false,"footnotes":""},"categories":[1585],"tags":[],"technique":[],"squelettes":[],"sujet":[],"formation":[],"genre":[],"fonds":[],"tradition":[],"type-de-contenu":[],"interprete-compositeur":[],"frise":[],"type-devenement":[],"tableaux-liens-externes":[],"class_list":["post-117207","post","type-post","status-publish","format-standard","has-post-thumbnail","hentry","category-fonds-de"],"acf":[],"yoast_head":"<!-- This site is optimized with the Yoast SEO plugin v27.3 - https:\/\/yoast.com\/product\/yoast-seo-wordpress\/ -->\n<title>Fonds des Mus\u00e9e d\u2019Art et d\u2019Histoire du Juda\u00efsme (Paris) - Institut Europ\u00e9en des Musiques Juives<\/title>\n<meta name=\"robots\" content=\"index, follow, max-snippet:-1, max-image-preview:large, max-video-preview:-1\" \/>\n<link rel=\"canonical\" href=\"https:\/\/www.iemj.org\/de\/fonds-du-musee-dart-et-dhistoire-du-judaisme\/\" \/>\n<meta property=\"og:locale\" content=\"de_DE\" \/>\n<meta property=\"og:type\" content=\"article\" \/>\n<meta property=\"og:title\" content=\"Fonds des Mus\u00e9e d\u2019Art et d\u2019Histoire du Juda\u00efsme (Paris) - Institut Europ\u00e9en des Musiques Juives\" \/>\n<meta property=\"og:description\" content=\"Im April 2022 \u00fcbergab das Mus\u00e9e d&#8217;Art et d&#8217;Histoire du Juda\u00efsme (MAHJ) dem Institut Europ\u00e9en des Musiques Juives (IEMJ) eine Sammlung von 123 Schallplatten, die haupts\u00e4chlich aus 78er Schallplatten bestand,\" \/>\n<meta property=\"og:url\" content=\"https:\/\/www.iemj.org\/de\/fonds-du-musee-dart-et-dhistoire-du-judaisme\/\" \/>\n<meta property=\"og:site_name\" content=\"Institut Europ\u00e9en des Musiques Juives\" \/>\n<meta property=\"article:publisher\" content=\"https:\/\/www.facebook.com\/MusiquesJuives\/\" \/>\n<meta property=\"article:published_time\" content=\"2025-01-23T13:38:43+00:00\" \/>\n<meta property=\"article:modified_time\" content=\"2025-01-23T15:10:15+00:00\" \/>\n<meta property=\"og:image\" content=\"https:\/\/www.iemj.org\/wp-content\/uploads\/2025\/01\/Logo-Fonds-Mahj.jpg\" \/>\n\t<meta property=\"og:image:width\" content=\"500\" \/>\n\t<meta property=\"og:image:height\" content=\"500\" \/>\n\t<meta property=\"og:image:type\" content=\"image\/jpeg\" \/>\n<meta name=\"author\" content=\"Jacqueline ROTEN\" \/>\n<meta name=\"twitter:card\" content=\"summary_large_image\" \/>\n<meta name=\"twitter:label1\" content=\"Verfasst von\" \/>\n\t<meta name=\"twitter:data1\" content=\"Jacqueline ROTEN\" \/>\n\t<meta name=\"twitter:label2\" content=\"Gesch\u00e4tzte Lesezeit\" \/>\n\t<meta name=\"twitter:data2\" content=\"4\u00a0Minuten\" \/>\n<script type=\"application\/ld+json\" class=\"yoast-schema-graph\">{\"@context\":\"https:\\\/\\\/schema.org\",\"@graph\":[{\"@type\":\"Article\",\"@id\":\"https:\\\/\\\/www.iemj.org\\\/de\\\/fonds-du-musee-dart-et-dhistoire-du-judaisme\\\/#article\",\"isPartOf\":{\"@id\":\"https:\\\/\\\/www.iemj.org\\\/de\\\/fonds-du-musee-dart-et-dhistoire-du-judaisme\\\/\"},\"author\":{\"name\":\"Jacqueline ROTEN\",\"@id\":\"https:\\\/\\\/www.iemj.org\\\/de\\\/#\\\/schema\\\/person\\\/358e26c18aca017fcc4cc15437f7279c\"},\"headline\":\"Fonds des Mus\u00e9e d\u2019Art et d\u2019Histoire du Juda\u00efsme (Paris)\",\"datePublished\":\"2025-01-23T13:38:43+00:00\",\"dateModified\":\"2025-01-23T15:10:15+00:00\",\"mainEntityOfPage\":{\"@id\":\"https:\\\/\\\/www.iemj.org\\\/de\\\/fonds-du-musee-dart-et-dhistoire-du-judaisme\\\/\"},\"wordCount\":331,\"publisher\":{\"@id\":\"https:\\\/\\\/www.iemj.org\\\/de\\\/#organization\"},\"image\":{\"@id\":\"https:\\\/\\\/www.iemj.org\\\/de\\\/fonds-du-musee-dart-et-dhistoire-du-judaisme\\\/#primaryimage\"},\"thumbnailUrl\":\"https:\\\/\\\/www.iemj.org\\\/wp-content\\\/uploads\\\/2025\\\/01\\\/Logo-Fonds-Mahj.jpg\",\"articleSection\":[\"Fonds\"],\"inLanguage\":\"de\"},{\"@type\":\"WebPage\",\"@id\":\"https:\\\/\\\/www.iemj.org\\\/de\\\/fonds-du-musee-dart-et-dhistoire-du-judaisme\\\/\",\"url\":\"https:\\\/\\\/www.iemj.org\\\/de\\\/fonds-du-musee-dart-et-dhistoire-du-judaisme\\\/\",\"name\":\"Fonds des Mus\u00e9e d\u2019Art et d\u2019Histoire du Juda\u00efsme (Paris) - Institut Europ\u00e9en des Musiques Juives\",\"isPartOf\":{\"@id\":\"https:\\\/\\\/www.iemj.org\\\/de\\\/#website\"},\"primaryImageOfPage\":{\"@id\":\"https:\\\/\\\/www.iemj.org\\\/de\\\/fonds-du-musee-dart-et-dhistoire-du-judaisme\\\/#primaryimage\"},\"image\":{\"@id\":\"https:\\\/\\\/www.iemj.org\\\/de\\\/fonds-du-musee-dart-et-dhistoire-du-judaisme\\\/#primaryimage\"},\"thumbnailUrl\":\"https:\\\/\\\/www.iemj.org\\\/wp-content\\\/uploads\\\/2025\\\/01\\\/Logo-Fonds-Mahj.jpg\",\"datePublished\":\"2025-01-23T13:38:43+00:00\",\"dateModified\":\"2025-01-23T15:10:15+00:00\",\"breadcrumb\":{\"@id\":\"https:\\\/\\\/www.iemj.org\\\/de\\\/fonds-du-musee-dart-et-dhistoire-du-judaisme\\\/#breadcrumb\"},\"inLanguage\":\"de\",\"potentialAction\":[{\"@type\":\"ReadAction\",\"target\":[\"https:\\\/\\\/www.iemj.org\\\/de\\\/fonds-du-musee-dart-et-dhistoire-du-judaisme\\\/\"]}]},{\"@type\":\"ImageObject\",\"inLanguage\":\"de\",\"@id\":\"https:\\\/\\\/www.iemj.org\\\/de\\\/fonds-du-musee-dart-et-dhistoire-du-judaisme\\\/#primaryimage\",\"url\":\"https:\\\/\\\/www.iemj.org\\\/wp-content\\\/uploads\\\/2025\\\/01\\\/Logo-Fonds-Mahj.jpg\",\"contentUrl\":\"https:\\\/\\\/www.iemj.org\\\/wp-content\\\/uploads\\\/2025\\\/01\\\/Logo-Fonds-Mahj.jpg\",\"width\":500,\"height\":500},{\"@type\":\"BreadcrumbList\",\"@id\":\"https:\\\/\\\/www.iemj.org\\\/de\\\/fonds-du-musee-dart-et-dhistoire-du-judaisme\\\/#breadcrumb\",\"itemListElement\":[{\"@type\":\"ListItem\",\"position\":1,\"name\":\"Accueil\",\"item\":\"https:\\\/\\\/www.iemj.org\\\/de\\\/\"},{\"@type\":\"ListItem\",\"position\":2,\"name\":\"Fonds des Mus\u00e9e d\u2019Art et d\u2019Histoire du Juda\u00efsme (Paris)\"}]},{\"@type\":\"WebSite\",\"@id\":\"https:\\\/\\\/www.iemj.org\\\/de\\\/#website\",\"url\":\"https:\\\/\\\/www.iemj.org\\\/de\\\/\",\"name\":\"Institut Europ\u00e9en des Musiques Juives\",\"description\":\"Des traditions musicales \u00e0 la port\u00e9e de tous\",\"publisher\":{\"@id\":\"https:\\\/\\\/www.iemj.org\\\/de\\\/#organization\"},\"potentialAction\":[{\"@type\":\"SearchAction\",\"target\":{\"@type\":\"EntryPoint\",\"urlTemplate\":\"https:\\\/\\\/www.iemj.org\\\/de\\\/?s={search_term_string}\"},\"query-input\":{\"@type\":\"PropertyValueSpecification\",\"valueRequired\":true,\"valueName\":\"search_term_string\"}}],\"inLanguage\":\"de\"},{\"@type\":\"Organization\",\"@id\":\"https:\\\/\\\/www.iemj.org\\\/de\\\/#organization\",\"name\":\"Institut Europ\u00e9en des Musiques Juives\",\"url\":\"https:\\\/\\\/www.iemj.org\\\/de\\\/\",\"logo\":{\"@type\":\"ImageObject\",\"inLanguage\":\"de\",\"@id\":\"https:\\\/\\\/www.iemj.org\\\/de\\\/#\\\/schema\\\/logo\\\/image\\\/\",\"url\":\"https:\\\/\\\/www.iemj.org\\\/wp-content\\\/uploads\\\/2021\\\/09\\\/Logo-IEMJ-Paypal.jpg\",\"contentUrl\":\"https:\\\/\\\/www.iemj.org\\\/wp-content\\\/uploads\\\/2021\\\/09\\\/Logo-IEMJ-Paypal.jpg\",\"width\":150,\"height\":50,\"caption\":\"Institut Europ\u00e9en des Musiques Juives\"},\"image\":{\"@id\":\"https:\\\/\\\/www.iemj.org\\\/de\\\/#\\\/schema\\\/logo\\\/image\\\/\"},\"sameAs\":[\"https:\\\/\\\/www.facebook.com\\\/MusiquesJuives\\\/\",\"https:\\\/\\\/www.instagram.com\\\/musiquesjuives\\\/\",\"https:\\\/\\\/www.youtube.com\\\/user\\\/musiquesjuives\"]},{\"@type\":\"Person\",\"@id\":\"https:\\\/\\\/www.iemj.org\\\/de\\\/#\\\/schema\\\/person\\\/358e26c18aca017fcc4cc15437f7279c\",\"name\":\"Jacqueline ROTEN\",\"image\":{\"@type\":\"ImageObject\",\"inLanguage\":\"de\",\"@id\":\"https:\\\/\\\/secure.gravatar.com\\\/avatar\\\/5964256d6c6957de3a3505278957e0fb2a35119ac47ea41827a65301213c810b?s=96&d=mm&r=g\",\"url\":\"https:\\\/\\\/secure.gravatar.com\\\/avatar\\\/5964256d6c6957de3a3505278957e0fb2a35119ac47ea41827a65301213c810b?s=96&d=mm&r=g\",\"contentUrl\":\"https:\\\/\\\/secure.gravatar.com\\\/avatar\\\/5964256d6c6957de3a3505278957e0fb2a35119ac47ea41827a65301213c810b?s=96&d=mm&r=g\",\"caption\":\"Jacqueline ROTEN\"}}]}<\/script>\n<!-- \/ Yoast SEO plugin. -->","yoast_head_json":{"title":"Fonds des Mus\u00e9e d\u2019Art et d\u2019Histoire du Juda\u00efsme (Paris) - Institut Europ\u00e9en des Musiques Juives","robots":{"index":"index","follow":"follow","max-snippet":"max-snippet:-1","max-image-preview":"max-image-preview:large","max-video-preview":"max-video-preview:-1"},"canonical":"https:\/\/www.iemj.org\/de\/fonds-du-musee-dart-et-dhistoire-du-judaisme\/","og_locale":"de_DE","og_type":"article","og_title":"Fonds des Mus\u00e9e d\u2019Art et d\u2019Histoire du Juda\u00efsme (Paris) - Institut Europ\u00e9en des Musiques Juives","og_description":"Im April 2022 \u00fcbergab das Mus\u00e9e d&#8217;Art et d&#8217;Histoire du Juda\u00efsme (MAHJ) dem Institut Europ\u00e9en des Musiques Juives (IEMJ) eine Sammlung von 123 Schallplatten, die haupts\u00e4chlich aus 78er Schallplatten bestand,","og_url":"https:\/\/www.iemj.org\/de\/fonds-du-musee-dart-et-dhistoire-du-judaisme\/","og_site_name":"Institut Europ\u00e9en des Musiques Juives","article_publisher":"https:\/\/www.facebook.com\/MusiquesJuives\/","article_published_time":"2025-01-23T13:38:43+00:00","article_modified_time":"2025-01-23T15:10:15+00:00","og_image":[{"width":500,"height":500,"url":"https:\/\/www.iemj.org\/wp-content\/uploads\/2025\/01\/Logo-Fonds-Mahj.jpg","type":"image\/jpeg"}],"author":"Jacqueline ROTEN","twitter_card":"summary_large_image","twitter_misc":{"Verfasst von":"Jacqueline ROTEN","Gesch\u00e4tzte Lesezeit":"4\u00a0Minuten"},"schema":{"@context":"https:\/\/schema.org","@graph":[{"@type":"Article","@id":"https:\/\/www.iemj.org\/de\/fonds-du-musee-dart-et-dhistoire-du-judaisme\/#article","isPartOf":{"@id":"https:\/\/www.iemj.org\/de\/fonds-du-musee-dart-et-dhistoire-du-judaisme\/"},"author":{"name":"Jacqueline ROTEN","@id":"https:\/\/www.iemj.org\/de\/#\/schema\/person\/358e26c18aca017fcc4cc15437f7279c"},"headline":"Fonds des Mus\u00e9e d\u2019Art et d\u2019Histoire du Juda\u00efsme (Paris)","datePublished":"2025-01-23T13:38:43+00:00","dateModified":"2025-01-23T15:10:15+00:00","mainEntityOfPage":{"@id":"https:\/\/www.iemj.org\/de\/fonds-du-musee-dart-et-dhistoire-du-judaisme\/"},"wordCount":331,"publisher":{"@id":"https:\/\/www.iemj.org\/de\/#organization"},"image":{"@id":"https:\/\/www.iemj.org\/de\/fonds-du-musee-dart-et-dhistoire-du-judaisme\/#primaryimage"},"thumbnailUrl":"https:\/\/www.iemj.org\/wp-content\/uploads\/2025\/01\/Logo-Fonds-Mahj.jpg","articleSection":["Fonds"],"inLanguage":"de"},{"@type":"WebPage","@id":"https:\/\/www.iemj.org\/de\/fonds-du-musee-dart-et-dhistoire-du-judaisme\/","url":"https:\/\/www.iemj.org\/de\/fonds-du-musee-dart-et-dhistoire-du-judaisme\/","name":"Fonds des Mus\u00e9e d\u2019Art et d\u2019Histoire du Juda\u00efsme (Paris) - Institut Europ\u00e9en des Musiques Juives","isPartOf":{"@id":"https:\/\/www.iemj.org\/de\/#website"},"primaryImageOfPage":{"@id":"https:\/\/www.iemj.org\/de\/fonds-du-musee-dart-et-dhistoire-du-judaisme\/#primaryimage"},"image":{"@id":"https:\/\/www.iemj.org\/de\/fonds-du-musee-dart-et-dhistoire-du-judaisme\/#primaryimage"},"thumbnailUrl":"https:\/\/www.iemj.org\/wp-content\/uploads\/2025\/01\/Logo-Fonds-Mahj.jpg","datePublished":"2025-01-23T13:38:43+00:00","dateModified":"2025-01-23T15:10:15+00:00","breadcrumb":{"@id":"https:\/\/www.iemj.org\/de\/fonds-du-musee-dart-et-dhistoire-du-judaisme\/#breadcrumb"},"inLanguage":"de","potentialAction":[{"@type":"ReadAction","target":["https:\/\/www.iemj.org\/de\/fonds-du-musee-dart-et-dhistoire-du-judaisme\/"]}]},{"@type":"ImageObject","inLanguage":"de","@id":"https:\/\/www.iemj.org\/de\/fonds-du-musee-dart-et-dhistoire-du-judaisme\/#primaryimage","url":"https:\/\/www.iemj.org\/wp-content\/uploads\/2025\/01\/Logo-Fonds-Mahj.jpg","contentUrl":"https:\/\/www.iemj.org\/wp-content\/uploads\/2025\/01\/Logo-Fonds-Mahj.jpg","width":500,"height":500},{"@type":"BreadcrumbList","@id":"https:\/\/www.iemj.org\/de\/fonds-du-musee-dart-et-dhistoire-du-judaisme\/#breadcrumb","itemListElement":[{"@type":"ListItem","position":1,"name":"Accueil","item":"https:\/\/www.iemj.org\/de\/"},{"@type":"ListItem","position":2,"name":"Fonds des Mus\u00e9e d\u2019Art et d\u2019Histoire du Juda\u00efsme (Paris)"}]},{"@type":"WebSite","@id":"https:\/\/www.iemj.org\/de\/#website","url":"https:\/\/www.iemj.org\/de\/","name":"Institut Europ\u00e9en des Musiques Juives","description":"Des traditions musicales \u00e0 la port\u00e9e de tous","publisher":{"@id":"https:\/\/www.iemj.org\/de\/#organization"},"potentialAction":[{"@type":"SearchAction","target":{"@type":"EntryPoint","urlTemplate":"https:\/\/www.iemj.org\/de\/?s={search_term_string}"},"query-input":{"@type":"PropertyValueSpecification","valueRequired":true,"valueName":"search_term_string"}}],"inLanguage":"de"},{"@type":"Organization","@id":"https:\/\/www.iemj.org\/de\/#organization","name":"Institut Europ\u00e9en des Musiques Juives","url":"https:\/\/www.iemj.org\/de\/","logo":{"@type":"ImageObject","inLanguage":"de","@id":"https:\/\/www.iemj.org\/de\/#\/schema\/logo\/image\/","url":"https:\/\/www.iemj.org\/wp-content\/uploads\/2021\/09\/Logo-IEMJ-Paypal.jpg","contentUrl":"https:\/\/www.iemj.org\/wp-content\/uploads\/2021\/09\/Logo-IEMJ-Paypal.jpg","width":150,"height":50,"caption":"Institut Europ\u00e9en des Musiques Juives"},"image":{"@id":"https:\/\/www.iemj.org\/de\/#\/schema\/logo\/image\/"},"sameAs":["https:\/\/www.facebook.com\/MusiquesJuives\/","https:\/\/www.instagram.com\/musiquesjuives\/","https:\/\/www.youtube.com\/user\/musiquesjuives"]},{"@type":"Person","@id":"https:\/\/www.iemj.org\/de\/#\/schema\/person\/358e26c18aca017fcc4cc15437f7279c","name":"Jacqueline ROTEN","image":{"@type":"ImageObject","inLanguage":"de","@id":"https:\/\/secure.gravatar.com\/avatar\/5964256d6c6957de3a3505278957e0fb2a35119ac47ea41827a65301213c810b?s=96&d=mm&r=g","url":"https:\/\/secure.gravatar.com\/avatar\/5964256d6c6957de3a3505278957e0fb2a35119ac47ea41827a65301213c810b?s=96&d=mm&r=g","contentUrl":"https:\/\/secure.gravatar.com\/avatar\/5964256d6c6957de3a3505278957e0fb2a35119ac47ea41827a65301213c810b?s=96&d=mm&r=g","caption":"Jacqueline ROTEN"}}]}},"_links":{"self":[{"href":"https:\/\/www.iemj.org\/de\/wp-json\/wp\/v2\/posts\/117207","targetHints":{"allow":["GET"]}}],"collection":[{"href":"https:\/\/www.iemj.org\/de\/wp-json\/wp\/v2\/posts"}],"about":[{"href":"https:\/\/www.iemj.org\/de\/wp-json\/wp\/v2\/types\/post"}],"author":[{"embeddable":true,"href":"https:\/\/www.iemj.org\/de\/wp-json\/wp\/v2\/users\/5"}],"replies":[{"embeddable":true,"href":"https:\/\/www.iemj.org\/de\/wp-json\/wp\/v2\/comments?post=117207"}],"version-history":[{"count":0,"href":"https:\/\/www.iemj.org\/de\/wp-json\/wp\/v2\/posts\/117207\/revisions"}],"wp:featuredmedia":[{"embeddable":true,"href":"https:\/\/www.iemj.org\/de\/wp-json\/wp\/v2\/media\/117105"}],"wp:attachment":[{"href":"https:\/\/www.iemj.org\/de\/wp-json\/wp\/v2\/media?parent=117207"}],"wp:term":[{"taxonomy":"category","embeddable":true,"href":"https:\/\/www.iemj.org\/de\/wp-json\/wp\/v2\/categories?post=117207"},{"taxonomy":"post_tag","embeddable":true,"href":"https:\/\/www.iemj.org\/de\/wp-json\/wp\/v2\/tags?post=117207"},{"taxonomy":"technique","embeddable":true,"href":"https:\/\/www.iemj.org\/de\/wp-json\/wp\/v2\/technique?post=117207"},{"taxonomy":"squelettes","embeddable":true,"href":"https:\/\/www.iemj.org\/de\/wp-json\/wp\/v2\/squelettes?post=117207"},{"taxonomy":"sujet","embeddable":true,"href":"https:\/\/www.iemj.org\/de\/wp-json\/wp\/v2\/sujet?post=117207"},{"taxonomy":"formation","embeddable":true,"href":"https:\/\/www.iemj.org\/de\/wp-json\/wp\/v2\/formation?post=117207"},{"taxonomy":"genre","embeddable":true,"href":"https:\/\/www.iemj.org\/de\/wp-json\/wp\/v2\/genre?post=117207"},{"taxonomy":"fonds","embeddable":true,"href":"https:\/\/www.iemj.org\/de\/wp-json\/wp\/v2\/fonds?post=117207"},{"taxonomy":"tradition","embeddable":true,"href":"https:\/\/www.iemj.org\/de\/wp-json\/wp\/v2\/tradition?post=117207"},{"taxonomy":"type-de-contenu","embeddable":true,"href":"https:\/\/www.iemj.org\/de\/wp-json\/wp\/v2\/type-de-contenu?post=117207"},{"taxonomy":"interprete-compositeur","embeddable":true,"href":"https:\/\/www.iemj.org\/de\/wp-json\/wp\/v2\/interprete-compositeur?post=117207"},{"taxonomy":"frise","embeddable":true,"href":"https:\/\/www.iemj.org\/de\/wp-json\/wp\/v2\/frise?post=117207"},{"taxonomy":"type-devenement","embeddable":true,"href":"https:\/\/www.iemj.org\/de\/wp-json\/wp\/v2\/type-devenement?post=117207"},{"taxonomy":"tableaux-liens-externes","embeddable":true,"href":"https:\/\/www.iemj.org\/de\/wp-json\/wp\/v2\/tableaux-liens-externes?post=117207"}],"curies":[{"name":"wp","href":"https:\/\/api.w.org\/{rel}","templated":true}]}}