{"id":117313,"date":"2025-01-27T10:39:19","date_gmt":"2025-01-27T09:39:19","guid":{"rendered":"https:\/\/www.iemj.org\/fonds-de-lalliance-israelite-universelle-aiu\/"},"modified":"2025-01-30T15:09:45","modified_gmt":"2025-01-30T14:09:45","slug":"fonds-de-lalliance-israelite-universelle-aiu","status":"publish","type":"post","link":"https:\/\/www.iemj.org\/de\/fonds-de-lalliance-israelite-universelle-aiu\/","title":{"rendered":"Fonds der Alliance Isra\u00e9lite Universelle (AIU)"},"content":{"rendered":"<p>Mit 165.000 B\u00fcchern und 1.500.000 Archivdokumenten ist die <a href=\"https:\/\/www.aiu.org\/fr\/biblioth%C3%A8que\">Bibliothek der Alliance Isra\u00e9lite Universelle<\/a> eine der gr\u00f6\u00dften j\u00fcdischen Bibliotheken der Welt. Sie wurde 1860 parallel zur <a href=\"https:\/\/www.aiu.org\/fr\/appel-de-1860-creation-de-laiu\">Gr\u00fcndung der Alliance<\/a> von sechs jungen<span class=\"footnote_referrer\"><a role=\"button\" tabindex=\"0\" onclick=\"footnote_moveToReference_117313_1('footnote_plugin_reference_117313_1_1');\" onkeypress=\"footnote_moveToReference_117313_1('footnote_plugin_reference_117313_1_1');\" ><sup id=\"footnote_plugin_tooltip_117313_1_1\" class=\"footnote_plugin_tooltip_text\">[1]<\/sup><\/a><span id=\"footnote_plugin_tooltip_text_117313_1_1\" class=\"footnote_tooltip\">Aristide Astruc, Isidore Cahen, Jules Carvallo, Narcisse Leven, Eug\u00e8ne Manuel und Charles Netter.<\/span><\/span><script type=\"text\/javascript\"> jQuery('#footnote_plugin_tooltip_117313_1_1').tooltip({ tip: '#footnote_plugin_tooltip_text_117313_1_1', tipClass: 'footnote_tooltip', effect: 'fade', predelay: 0, fadeInSpeed: 200, delay: 400, fadeOutSpeed: 200, position: 'top center', relative: true, offset: [-7, 0], });<\/script>, vom Geist der Aufkl\u00e4rung gepr\u00e4gten franz\u00f6sischen Israeliten gegr\u00fcndet. Ihre Hauptaufgabe bestand darin, die verfolgten Juden zu verteidigen und ihre Emanzipation durch \u201eRegeneration\u201c und Modernisierung sowie durch die F\u00f6rderung der franz\u00f6sischen Sprache und Kultur zu unterst\u00fctzen.<\/p>\n<p>Ende der 1980er Jahre beherbergte die Alliance Isra\u00e9lite Universelle (AIU) in ihren R\u00e4umlichkeiten in der Rue La Bruy\u00e8re (75009 Paris) die <a href=\"https:\/\/www.iemj.org\/de\/association-yuval\/\">Yuval Association<\/a> zur Bewahrung j\u00fcdischer Musiktraditionen. Im Jahr 2006 war Yuval zusammen mit der <a href=\"https:\/\/www.fondationjudaisme.org\">Fondation du Juda\u00efsme Fran\u00e7ais<\/a> und der <a href=\"https:\/\/www.fondationjudaisme.org\/fr\/Dons\/Faire-un-don-en-ligne.html?fondation=36\">Fondation Henriette Halphen<\/a> Mitbegr\u00fcnder des Institut Europ\u00e9en des Musiques Juives, das bis heute in engem Kontakt mit der AIU steht.<\/p>\n<p><img fetchpriority=\"high\" decoding=\"async\" class=\"size-medium wp-image-117280 alignright\" src=\"https:\/\/www.iemj.org\/wp-content\/uploads\/2025\/01\/P_4836_VIG_Partition-Hymne-a-lAlliance-Alexandre-Brody-195x300.jpg\" alt=\"\" width=\"195\" height=\"300\" srcset=\"https:\/\/www.iemj.org\/wp-content\/uploads\/2025\/01\/P_4836_VIG_Partition-Hymne-a-lAlliance-Alexandre-Brody-195x300.jpg 195w, https:\/\/www.iemj.org\/wp-content\/uploads\/2025\/01\/P_4836_VIG_Partition-Hymne-a-lAlliance-Alexandre-Brody.jpg 260w\" sizes=\"(max-width: 195px) 100vw, 195px\" \/>Die AIU hat dem IEMJ wiederholt Musikbest\u00e4nde \u00fcbergeben. Am 20. Dezember 2023 \u00fcbergab der Direktor der AIU-Bibliothek, Jean-Claude Kuperminc, dem IEMJ eine Reihe von Dokumenten (Schallplatten mit 45 und 33 Umdrehungen, Partituren und verschiedene Archivalien), die den Bestand der AIU, der heute mehr als hundert Dokumente umfasst, erg\u00e4nzen.<\/p>\n<p>Darunter befinden sich drei seltene, gedruckte und handgeschriebene Partituren, die der Allianz gewidmet sind:<\/p>\n<ul>\n<li><em>L\u2019hymne \u00e0 l\u2019Alliance<\/em> von Alexander Brody, gewidmet Narcisse Leven, Pr\u00e4sident der AIU von 1898 bis 1915.<\/li>\n<li><em>Hommage \u00e0 l\u2019Alliance<\/em> von Herrn F. (?) Goldenberg nach einem Text von Judith Rousso.<\/li>\n<li><em>Salut \u00e0 l\u2019Alliance<\/em> (1912), ebenfalls Narcisse Leven gewidmet, Text und Musik vom \u201eSch\u00fcler <a href=\"https:\/\/www.iemj.org\/de\/hemsi-alberto-1898-1975\/\" target=\"_blank\" rel=\"noopener\">Alberto Hemsi<\/a>\u201c, damals etwa 16 Jahre alt.<\/li>\n<\/ul>\n<p><img decoding=\"async\" class=\"size-medium wp-image-117275 alignleft\" src=\"https:\/\/www.iemj.org\/wp-content\/uploads\/2025\/01\/L_1038_Catalogue-general-de-la-Discotheque-du-Centre-communautaire-de-la-rue-Poissonniere-228x300.jpg\" alt=\"\" width=\"228\" height=\"300\" srcset=\"https:\/\/www.iemj.org\/wp-content\/uploads\/2025\/01\/L_1038_Catalogue-general-de-la-Discotheque-du-Centre-communautaire-de-la-rue-Poissonniere-228x300.jpg 228w, https:\/\/www.iemj.org\/wp-content\/uploads\/2025\/01\/L_1038_Catalogue-general-de-la-Discotheque-du-Centre-communautaire-de-la-rue-Poissonniere-600x789.jpg 600w, https:\/\/www.iemj.org\/wp-content\/uploads\/2025\/01\/L_1038_Catalogue-general-de-la-Discotheque-du-Centre-communautaire-de-la-rue-Poissonniere.jpg 661w\" sizes=\"(max-width: 228px) 100vw, 228px\" \/>Bemerkenswert ist auch der Gesamtkatalog der Diskothek des <em>Service Technique pour l&#8217;Education<\/em> des Fonds Social Juif Unifi\u00e9, die sich damals in den R\u00e4umen des Gemeindezentrums in der Rue Poissonni\u00e8re in Paris befand. Dieser 1969 von Ch. Rosenthal erstellte Sammlungskatalog verzeichnet 425 Schallplatten mit klassischer, liturgischer und paraliturgischer Musik, Folklore, Diktion und Musik f\u00fcr Kinder und Jugendliche. Dieses Dokument ist um so wertvoller, als es ein genaues Bild der j\u00fcdischen Musiksammlungen Ende der 1960er Jahre vermittelt, von denen bis heute v\u00f6llig unbekannt ist, was aus ihnen geworden ist.<\/p>\n<p>Unter den Tondokumenten im Bestand der IAU befinden sich Schallplatten mit jiddischen Liedern (Myriam Fuks, Ana Vinocur, Espe, David Peled&#8230;), chassidischen und liturgischen Liedern (Lubavitcher Nigunim, Moshe Koussevitzky, Zawel Kwartin, Haim Harboun&#8230;) und israelischer Musik aus den 1950er bis 1970er Jahren.<\/p>\n\n\n<div class=\"wp-block-columns are-vertically-aligned-center is-layout-flex wp-container-core-columns-is-layout-9d6595d7 wp-block-columns-is-layout-flex\">\n<div class=\"wp-block-column is-vertically-aligned-center is-layout-flow wp-block-column-is-layout-flow\">\n<figure class=\"wp-block-image size-full\"><img decoding=\"async\" width=\"766\" height=\"800\" src=\"https:\/\/www.iemj.org\/wp-content\/uploads\/2025\/01\/D33-30_370_VIG_33-trs-The-Lord-is-one_Chorus-of-the-Israeli-Temple-of-Milan.jpg\" alt=\"\" class=\"wp-image-117260\" srcset=\"https:\/\/www.iemj.org\/wp-content\/uploads\/2025\/01\/D33-30_370_VIG_33-trs-The-Lord-is-one_Chorus-of-the-Israeli-Temple-of-Milan.jpg 766w, https:\/\/www.iemj.org\/wp-content\/uploads\/2025\/01\/D33-30_370_VIG_33-trs-The-Lord-is-one_Chorus-of-the-Israeli-Temple-of-Milan-287x300.jpg 287w, https:\/\/www.iemj.org\/wp-content\/uploads\/2025\/01\/D33-30_370_VIG_33-trs-The-Lord-is-one_Chorus-of-the-Israeli-Temple-of-Milan-600x627.jpg 600w\" sizes=\"(max-width: 766px) 100vw, 766px\" \/><\/figure>\n<\/div>\n\n\n\n<div class=\"wp-block-column is-vertically-aligned-center is-layout-flow wp-block-column-is-layout-flow\">\n<figure class=\"wp-block-image size-full\"><img loading=\"lazy\" decoding=\"async\" width=\"756\" height=\"800\" src=\"https:\/\/www.iemj.org\/wp-content\/uploads\/2025\/01\/D33-30_369_VIG_Songs-of-the-Ghetto-and-Jewish-Folklore.jpg\" alt=\"\" class=\"wp-image-117255\" srcset=\"https:\/\/www.iemj.org\/wp-content\/uploads\/2025\/01\/D33-30_369_VIG_Songs-of-the-Ghetto-and-Jewish-Folklore.jpg 756w, https:\/\/www.iemj.org\/wp-content\/uploads\/2025\/01\/D33-30_369_VIG_Songs-of-the-Ghetto-and-Jewish-Folklore-284x300.jpg 284w, https:\/\/www.iemj.org\/wp-content\/uploads\/2025\/01\/D33-30_369_VIG_Songs-of-the-Ghetto-and-Jewish-Folklore-600x635.jpg 600w\" sizes=\"(max-width: 756px) 100vw, 756px\" \/><\/figure>\n<\/div>\n<\/div>\n\n\n\n<div class=\"wp-block-columns are-vertically-aligned-center is-layout-flex wp-container-core-columns-is-layout-9d6595d7 wp-block-columns-is-layout-flex\">\n<div class=\"wp-block-column is-vertically-aligned-center is-layout-flow wp-block-column-is-layout-flow\">\n<figure class=\"wp-block-image size-full\"><img loading=\"lazy\" decoding=\"async\" width=\"764\" height=\"800\" src=\"https:\/\/www.iemj.org\/wp-content\/uploads\/2025\/01\/D33-30_1883_VIG_Sholosh-Rgalim_Zawel-Kwartin.jpg\" alt=\"\" class=\"wp-image-117265\" srcset=\"https:\/\/www.iemj.org\/wp-content\/uploads\/2025\/01\/D33-30_1883_VIG_Sholosh-Rgalim_Zawel-Kwartin.jpg 764w, https:\/\/www.iemj.org\/wp-content\/uploads\/2025\/01\/D33-30_1883_VIG_Sholosh-Rgalim_Zawel-Kwartin-287x300.jpg 287w, https:\/\/www.iemj.org\/wp-content\/uploads\/2025\/01\/D33-30_1883_VIG_Sholosh-Rgalim_Zawel-Kwartin-600x628.jpg 600w\" sizes=\"(max-width: 764px) 100vw, 764px\" \/><\/figure>\n<\/div>\n\n\n\n<div class=\"wp-block-column is-vertically-aligned-center is-layout-flow wp-block-column-is-layout-flow\">\n<figure class=\"wp-block-image size-full\"><img loading=\"lazy\" decoding=\"async\" width=\"600\" height=\"618\" src=\"https:\/\/www.iemj.org\/wp-content\/uploads\/2025\/01\/D45-17_483_VIG_Visages-dIsrael.jpg\" alt=\"\" class=\"wp-image-117270\" srcset=\"https:\/\/www.iemj.org\/wp-content\/uploads\/2025\/01\/D45-17_483_VIG_Visages-dIsrael.jpg 600w, https:\/\/www.iemj.org\/wp-content\/uploads\/2025\/01\/D45-17_483_VIG_Visages-dIsrael-291x300.jpg 291w\" sizes=\"(max-width: 600px) 100vw, 600px\" \/><\/figure>\n<\/div>\n<\/div>\n\n\n\n<div class=\"wp-block-columns is-layout-flex wp-container-core-columns-is-layout-9d6595d7 wp-block-columns-is-layout-flex\">\n<div class=\"wp-block-column is-layout-flow wp-block-column-is-layout-flow\">\n<p>Schlie\u00dflich sei auf einen interessanten Artikel von <a href=\"https:\/\/www.iemj.org\/de\/algazi-leon-1890-1971\/\">L\u00e9on Algazi<\/a> \u00fcber \u201eLa musique des Juifs de Russie\u201c hingewiesen, der in dem Werk Musique russe &#8211; 2 volumes (Collection &#8211; P.U.F. 1953) ver\u00f6ffentlicht wurde.<\/p>\n<p>Der vollst\u00e4ndig digitalisierte und katalogisierte Musikbestand der AIU ist heute in den Bibliotheken des <a href=\"http:\/\/www.rachelnet.net\/rachelnet\/index.htm\">Rachel-Netzwerks<\/a> (Alliance Isra\u00e9lite Universelle, Institut Europ\u00e9en des Musiques Juives, Maison de la Culture Yiddish, Mus\u00e9e d&#8217;Art et d&#8217;Histoire du Juda\u00efsme, S\u00e9minaire Isra\u00e9lite de France&#8230;) vollst\u00e4ndig und teilweise von jedem anderen Standort aus zug\u00e4nglich, indem man auf den folgenden Link klickt.<\/p>\n<p><strong><a href=\"http:\/\/www.rachelnet.net\/F\/?func=find-c&amp;ccl_term=WHOL+%3D+AIU&amp;local_base=iemcg\" target=\"_blank\" rel=\"noopener\">Greifen Sie auf den IAU-Fonds zu.<\/a><\/strong><\/p>\n<p><strong><a href=\"https:\/\/www.aiu.org\/fr\" target=\"_blank\" rel=\"noopener\">Mehr \u00fcber die Alliance Isra\u00e9lite Universelle.<\/a><\/strong><\/p>\n<\/div>\n\n\n\n<div class=\"wp-block-column is-layout-flow wp-block-column-is-layout-flow\">\n<figure class=\"wp-block-embed is-type-video is-provider-youtube wp-block-embed-youtube wp-embed-aspect-4-3 wp-has-aspect-ratio\"><div class=\"wp-block-embed__wrapper\">\n<iframe title=\"FONDS DE l&#039;ALLIANCE ISRAELITE UNIVERSELLE\" width=\"640\" height=\"480\" src=\"https:\/\/www.youtube.com\/embed\/KuzDRnJUKhk?feature=oembed\" frameborder=\"0\" allow=\"accelerometer; autoplay; clipboard-write; encrypted-media; gyroscope; picture-in-picture; web-share\" referrerpolicy=\"strict-origin-when-cross-origin\" allowfullscreen><\/iframe>\n<\/div><\/figure>\n<\/div>\n<\/div>\n\n\n\n<div class=\"wp-block-columns are-vertically-aligned-center is-layout-flex wp-container-core-columns-is-layout-9d6595d7 wp-block-columns-is-layout-flex\">\n<div class=\"wp-block-column is-vertically-aligned-center is-layout-flow wp-block-column-is-layout-flow\">\n<figure class=\"wp-block-image size-full\"><img loading=\"lazy\" decoding=\"async\" width=\"190\" height=\"180\" src=\"https:\/\/www.iemj.org\/wp-content\/uploads\/2025\/01\/telechargement-Logo-AIU.jpeg\" alt=\"\" class=\"wp-image-117285\"\/><\/figure>\n<\/div>\n\n\n\n<div class=\"wp-block-column is-vertically-aligned-center is-layout-flow wp-block-column-is-layout-flow\">\n<figure class=\"wp-block-image size-full\"><img loading=\"lazy\" decoding=\"async\" width=\"532\" height=\"190\" src=\"https:\/\/www.iemj.org\/wp-content\/uploads\/2024\/05\/IEMJ_LOGO_CMJN_HORIZONTAL_sans-fond-Copie-1.png\" alt=\"\" class=\"wp-image-111979\" srcset=\"https:\/\/www.iemj.org\/wp-content\/uploads\/2024\/05\/IEMJ_LOGO_CMJN_HORIZONTAL_sans-fond-Copie-1.png 532w, https:\/\/www.iemj.org\/wp-content\/uploads\/2024\/05\/IEMJ_LOGO_CMJN_HORIZONTAL_sans-fond-Copie-1-300x107.png 300w\" sizes=\"(max-width: 532px) 100vw, 532px\" \/><\/figure>\n<\/div>\n<\/div>\n\n\n\n<p><\/p>\n<div class=\"speaker-mute footnotes_reference_container\"> <div class=\"footnote_container_prepare\"><p><span role=\"button\" tabindex=\"0\" class=\"footnote_reference_container_label pointer\" onclick=\"footnote_expand_collapse_reference_container_117313_1();\">&#x202F;<\/span><span role=\"button\" tabindex=\"0\" class=\"footnote_reference_container_collapse_button\" style=\"display: none;\" onclick=\"footnote_expand_collapse_reference_container_117313_1();\">[<a id=\"footnote_reference_container_collapse_button_117313_1\">+<\/a>]<\/span><\/p><\/div> <div id=\"footnote_references_container_117313_1\" style=\"\"><table class=\"footnotes_table footnote-reference-container\"><caption class=\"accessibility\">References<\/caption> <tbody> \r\n\r\n<tr class=\"footnotes_plugin_reference_row\"> <th scope=\"row\" class=\"footnote_plugin_index_combi pointer\"  onclick=\"footnote_moveToAnchor_117313_1('footnote_plugin_tooltip_117313_1_1');\"><a id=\"footnote_plugin_reference_117313_1_1\" class=\"footnote_backlink\">1<\/a><\/th> <td class=\"footnote_plugin_text\">Aristide Astruc, Isidore Cahen, Jules Carvallo, Narcisse Leven, Eug\u00e8ne Manuel und Charles Netter.<\/td><\/tr>\r\n\r\n <\/tbody> <\/table> <\/div><\/div><script type=\"text\/javascript\"> function footnote_expand_reference_container_117313_1() { jQuery('#footnote_references_container_117313_1').show(); jQuery('#footnote_reference_container_collapse_button_117313_1').text('\u2212'); } function footnote_collapse_reference_container_117313_1() { jQuery('#footnote_references_container_117313_1').hide(); jQuery('#footnote_reference_container_collapse_button_117313_1').text('+'); } function footnote_expand_collapse_reference_container_117313_1() { if (jQuery('#footnote_references_container_117313_1').is(':hidden')) { footnote_expand_reference_container_117313_1(); } else { footnote_collapse_reference_container_117313_1(); } } function footnote_moveToReference_117313_1(p_str_TargetID) { footnote_expand_reference_container_117313_1(); var l_obj_Target = jQuery('#' + p_str_TargetID); if (l_obj_Target.length) { jQuery( 'html, body' ).delay( 0 ); jQuery('html, body').animate({ scrollTop: l_obj_Target.offset().top - window.innerHeight * 0.2 }, 380); } } function footnote_moveToAnchor_117313_1(p_str_TargetID) { footnote_expand_reference_container_117313_1(); var l_obj_Target = jQuery('#' + p_str_TargetID); if (l_obj_Target.length) { jQuery( 'html, body' ).delay( 0 ); jQuery('html, body').animate({ scrollTop: l_obj_Target.offset().top - window.innerHeight * 0.2 }, 380); } }<\/script>","protected":false},"excerpt":{"rendered":"<p>Mit 165.000 B\u00fcchern und 1.500.000 Archivdokumenten ist die Bibliothek der Alliance Isra\u00e9lite Universelle eine der gr\u00f6\u00dften j\u00fcdischen Bibliotheken der Welt. Sie wurde 1860 parallel zur Gr\u00fcndung der Alliance von sechs<\/p>\n","protected":false},"author":5,"featured_media":117292,"comment_status":"closed","ping_status":"closed","sticky":false,"template":"","format":"standard","meta":{"_acf_changed":false,"footnotes":""},"categories":[1558,1585],"tags":[],"technique":[],"squelettes":[],"sujet":[],"formation":[],"genre":[],"fonds":[],"tradition":[],"type-de-contenu":[],"interprete-compositeur":[],"frise":[],"type-devenement":[],"tableaux-liens-externes":[],"class_list":["post-117313","post","type-post","status-publish","format-standard","has-post-thumbnail","hentry","category-die-sammlungen-de","category-fonds-de"],"acf":[],"yoast_head":"<!-- This site is optimized with the Yoast SEO plugin v27.3 - https:\/\/yoast.com\/product\/yoast-seo-wordpress\/ -->\n<title>Fonds der Alliance Isra\u00e9lite Universelle (AIU) - Institut Europ\u00e9en des Musiques Juives<\/title>\n<meta name=\"robots\" content=\"index, follow, max-snippet:-1, max-image-preview:large, max-video-preview:-1\" \/>\n<link rel=\"canonical\" href=\"https:\/\/www.iemj.org\/de\/fonds-de-lalliance-israelite-universelle-aiu\/\" \/>\n<meta property=\"og:locale\" content=\"de_DE\" \/>\n<meta property=\"og:type\" content=\"article\" \/>\n<meta property=\"og:title\" content=\"Fonds der Alliance Isra\u00e9lite Universelle (AIU) - Institut Europ\u00e9en des Musiques Juives\" \/>\n<meta property=\"og:description\" content=\"Mit 165.000 B\u00fcchern und 1.500.000 Archivdokumenten ist die Bibliothek der Alliance Isra\u00e9lite Universelle eine der gr\u00f6\u00dften j\u00fcdischen Bibliotheken der Welt. Sie wurde 1860 parallel zur Gr\u00fcndung der Alliance von sechs\" \/>\n<meta property=\"og:url\" content=\"https:\/\/www.iemj.org\/de\/fonds-de-lalliance-israelite-universelle-aiu\/\" \/>\n<meta property=\"og:site_name\" content=\"Institut Europ\u00e9en des Musiques Juives\" \/>\n<meta property=\"article:publisher\" content=\"https:\/\/www.facebook.com\/MusiquesJuives\/\" \/>\n<meta property=\"article:published_time\" content=\"2025-01-27T09:39:19+00:00\" \/>\n<meta property=\"article:modified_time\" content=\"2025-01-30T14:09:45+00:00\" \/>\n<meta property=\"og:image\" content=\"https:\/\/www.iemj.org\/wp-content\/uploads\/2025\/01\/Logo-Fonds-AIU.jpg\" \/>\n\t<meta property=\"og:image:width\" content=\"500\" \/>\n\t<meta property=\"og:image:height\" content=\"500\" \/>\n\t<meta property=\"og:image:type\" content=\"image\/jpeg\" \/>\n<meta name=\"author\" content=\"Jacqueline ROTEN\" \/>\n<meta name=\"twitter:card\" content=\"summary_large_image\" \/>\n<meta name=\"twitter:label1\" content=\"Verfasst von\" \/>\n\t<meta name=\"twitter:data1\" content=\"Jacqueline ROTEN\" \/>\n\t<meta name=\"twitter:label2\" content=\"Gesch\u00e4tzte Lesezeit\" \/>\n\t<meta name=\"twitter:data2\" content=\"5\u00a0Minuten\" \/>\n<script type=\"application\/ld+json\" class=\"yoast-schema-graph\">{\"@context\":\"https:\\\/\\\/schema.org\",\"@graph\":[{\"@type\":\"Article\",\"@id\":\"https:\\\/\\\/www.iemj.org\\\/de\\\/fonds-de-lalliance-israelite-universelle-aiu\\\/#article\",\"isPartOf\":{\"@id\":\"https:\\\/\\\/www.iemj.org\\\/de\\\/fonds-de-lalliance-israelite-universelle-aiu\\\/\"},\"author\":{\"name\":\"Jacqueline ROTEN\",\"@id\":\"https:\\\/\\\/www.iemj.org\\\/de\\\/#\\\/schema\\\/person\\\/358e26c18aca017fcc4cc15437f7279c\"},\"headline\":\"Fonds der Alliance Isra\u00e9lite Universelle (AIU)\",\"datePublished\":\"2025-01-27T09:39:19+00:00\",\"dateModified\":\"2025-01-30T14:09:45+00:00\",\"mainEntityOfPage\":{\"@id\":\"https:\\\/\\\/www.iemj.org\\\/de\\\/fonds-de-lalliance-israelite-universelle-aiu\\\/\"},\"wordCount\":520,\"publisher\":{\"@id\":\"https:\\\/\\\/www.iemj.org\\\/de\\\/#organization\"},\"image\":{\"@id\":\"https:\\\/\\\/www.iemj.org\\\/de\\\/fonds-de-lalliance-israelite-universelle-aiu\\\/#primaryimage\"},\"thumbnailUrl\":\"https:\\\/\\\/www.iemj.org\\\/wp-content\\\/uploads\\\/2025\\\/01\\\/Logo-Fonds-AIU.jpg\",\"articleSection\":[\"Die Sammlungen\",\"Fonds\"],\"inLanguage\":\"de\"},{\"@type\":\"WebPage\",\"@id\":\"https:\\\/\\\/www.iemj.org\\\/de\\\/fonds-de-lalliance-israelite-universelle-aiu\\\/\",\"url\":\"https:\\\/\\\/www.iemj.org\\\/de\\\/fonds-de-lalliance-israelite-universelle-aiu\\\/\",\"name\":\"Fonds der Alliance Isra\u00e9lite Universelle (AIU) - Institut Europ\u00e9en des Musiques Juives\",\"isPartOf\":{\"@id\":\"https:\\\/\\\/www.iemj.org\\\/de\\\/#website\"},\"primaryImageOfPage\":{\"@id\":\"https:\\\/\\\/www.iemj.org\\\/de\\\/fonds-de-lalliance-israelite-universelle-aiu\\\/#primaryimage\"},\"image\":{\"@id\":\"https:\\\/\\\/www.iemj.org\\\/de\\\/fonds-de-lalliance-israelite-universelle-aiu\\\/#primaryimage\"},\"thumbnailUrl\":\"https:\\\/\\\/www.iemj.org\\\/wp-content\\\/uploads\\\/2025\\\/01\\\/Logo-Fonds-AIU.jpg\",\"datePublished\":\"2025-01-27T09:39:19+00:00\",\"dateModified\":\"2025-01-30T14:09:45+00:00\",\"breadcrumb\":{\"@id\":\"https:\\\/\\\/www.iemj.org\\\/de\\\/fonds-de-lalliance-israelite-universelle-aiu\\\/#breadcrumb\"},\"inLanguage\":\"de\",\"potentialAction\":[{\"@type\":\"ReadAction\",\"target\":[\"https:\\\/\\\/www.iemj.org\\\/de\\\/fonds-de-lalliance-israelite-universelle-aiu\\\/\"]}]},{\"@type\":\"ImageObject\",\"inLanguage\":\"de\",\"@id\":\"https:\\\/\\\/www.iemj.org\\\/de\\\/fonds-de-lalliance-israelite-universelle-aiu\\\/#primaryimage\",\"url\":\"https:\\\/\\\/www.iemj.org\\\/wp-content\\\/uploads\\\/2025\\\/01\\\/Logo-Fonds-AIU.jpg\",\"contentUrl\":\"https:\\\/\\\/www.iemj.org\\\/wp-content\\\/uploads\\\/2025\\\/01\\\/Logo-Fonds-AIU.jpg\",\"width\":500,\"height\":500},{\"@type\":\"BreadcrumbList\",\"@id\":\"https:\\\/\\\/www.iemj.org\\\/de\\\/fonds-de-lalliance-israelite-universelle-aiu\\\/#breadcrumb\",\"itemListElement\":[{\"@type\":\"ListItem\",\"position\":1,\"name\":\"Accueil\",\"item\":\"https:\\\/\\\/www.iemj.org\\\/de\\\/\"},{\"@type\":\"ListItem\",\"position\":2,\"name\":\"Fonds der Alliance Isra\u00e9lite Universelle (AIU)\"}]},{\"@type\":\"WebSite\",\"@id\":\"https:\\\/\\\/www.iemj.org\\\/de\\\/#website\",\"url\":\"https:\\\/\\\/www.iemj.org\\\/de\\\/\",\"name\":\"Institut Europ\u00e9en des Musiques Juives\",\"description\":\"Des traditions musicales \u00e0 la port\u00e9e de tous\",\"publisher\":{\"@id\":\"https:\\\/\\\/www.iemj.org\\\/de\\\/#organization\"},\"potentialAction\":[{\"@type\":\"SearchAction\",\"target\":{\"@type\":\"EntryPoint\",\"urlTemplate\":\"https:\\\/\\\/www.iemj.org\\\/de\\\/?s={search_term_string}\"},\"query-input\":{\"@type\":\"PropertyValueSpecification\",\"valueRequired\":true,\"valueName\":\"search_term_string\"}}],\"inLanguage\":\"de\"},{\"@type\":\"Organization\",\"@id\":\"https:\\\/\\\/www.iemj.org\\\/de\\\/#organization\",\"name\":\"Institut Europ\u00e9en des Musiques Juives\",\"url\":\"https:\\\/\\\/www.iemj.org\\\/de\\\/\",\"logo\":{\"@type\":\"ImageObject\",\"inLanguage\":\"de\",\"@id\":\"https:\\\/\\\/www.iemj.org\\\/de\\\/#\\\/schema\\\/logo\\\/image\\\/\",\"url\":\"https:\\\/\\\/www.iemj.org\\\/wp-content\\\/uploads\\\/2021\\\/09\\\/Logo-IEMJ-Paypal.jpg\",\"contentUrl\":\"https:\\\/\\\/www.iemj.org\\\/wp-content\\\/uploads\\\/2021\\\/09\\\/Logo-IEMJ-Paypal.jpg\",\"width\":150,\"height\":50,\"caption\":\"Institut Europ\u00e9en des Musiques Juives\"},\"image\":{\"@id\":\"https:\\\/\\\/www.iemj.org\\\/de\\\/#\\\/schema\\\/logo\\\/image\\\/\"},\"sameAs\":[\"https:\\\/\\\/www.facebook.com\\\/MusiquesJuives\\\/\",\"https:\\\/\\\/www.instagram.com\\\/musiquesjuives\\\/\",\"https:\\\/\\\/www.youtube.com\\\/user\\\/musiquesjuives\"]},{\"@type\":\"Person\",\"@id\":\"https:\\\/\\\/www.iemj.org\\\/de\\\/#\\\/schema\\\/person\\\/358e26c18aca017fcc4cc15437f7279c\",\"name\":\"Jacqueline ROTEN\",\"image\":{\"@type\":\"ImageObject\",\"inLanguage\":\"de\",\"@id\":\"https:\\\/\\\/secure.gravatar.com\\\/avatar\\\/5964256d6c6957de3a3505278957e0fb2a35119ac47ea41827a65301213c810b?s=96&d=mm&r=g\",\"url\":\"https:\\\/\\\/secure.gravatar.com\\\/avatar\\\/5964256d6c6957de3a3505278957e0fb2a35119ac47ea41827a65301213c810b?s=96&d=mm&r=g\",\"contentUrl\":\"https:\\\/\\\/secure.gravatar.com\\\/avatar\\\/5964256d6c6957de3a3505278957e0fb2a35119ac47ea41827a65301213c810b?s=96&d=mm&r=g\",\"caption\":\"Jacqueline ROTEN\"}}]}<\/script>\n<!-- \/ Yoast SEO plugin. -->","yoast_head_json":{"title":"Fonds der Alliance Isra\u00e9lite Universelle (AIU) - Institut Europ\u00e9en des Musiques Juives","robots":{"index":"index","follow":"follow","max-snippet":"max-snippet:-1","max-image-preview":"max-image-preview:large","max-video-preview":"max-video-preview:-1"},"canonical":"https:\/\/www.iemj.org\/de\/fonds-de-lalliance-israelite-universelle-aiu\/","og_locale":"de_DE","og_type":"article","og_title":"Fonds der Alliance Isra\u00e9lite Universelle (AIU) - Institut Europ\u00e9en des Musiques Juives","og_description":"Mit 165.000 B\u00fcchern und 1.500.000 Archivdokumenten ist die Bibliothek der Alliance Isra\u00e9lite Universelle eine der gr\u00f6\u00dften j\u00fcdischen Bibliotheken der Welt. Sie wurde 1860 parallel zur Gr\u00fcndung der Alliance von sechs","og_url":"https:\/\/www.iemj.org\/de\/fonds-de-lalliance-israelite-universelle-aiu\/","og_site_name":"Institut Europ\u00e9en des Musiques Juives","article_publisher":"https:\/\/www.facebook.com\/MusiquesJuives\/","article_published_time":"2025-01-27T09:39:19+00:00","article_modified_time":"2025-01-30T14:09:45+00:00","og_image":[{"width":500,"height":500,"url":"https:\/\/www.iemj.org\/wp-content\/uploads\/2025\/01\/Logo-Fonds-AIU.jpg","type":"image\/jpeg"}],"author":"Jacqueline ROTEN","twitter_card":"summary_large_image","twitter_misc":{"Verfasst von":"Jacqueline ROTEN","Gesch\u00e4tzte Lesezeit":"5\u00a0Minuten"},"schema":{"@context":"https:\/\/schema.org","@graph":[{"@type":"Article","@id":"https:\/\/www.iemj.org\/de\/fonds-de-lalliance-israelite-universelle-aiu\/#article","isPartOf":{"@id":"https:\/\/www.iemj.org\/de\/fonds-de-lalliance-israelite-universelle-aiu\/"},"author":{"name":"Jacqueline ROTEN","@id":"https:\/\/www.iemj.org\/de\/#\/schema\/person\/358e26c18aca017fcc4cc15437f7279c"},"headline":"Fonds der Alliance Isra\u00e9lite Universelle (AIU)","datePublished":"2025-01-27T09:39:19+00:00","dateModified":"2025-01-30T14:09:45+00:00","mainEntityOfPage":{"@id":"https:\/\/www.iemj.org\/de\/fonds-de-lalliance-israelite-universelle-aiu\/"},"wordCount":520,"publisher":{"@id":"https:\/\/www.iemj.org\/de\/#organization"},"image":{"@id":"https:\/\/www.iemj.org\/de\/fonds-de-lalliance-israelite-universelle-aiu\/#primaryimage"},"thumbnailUrl":"https:\/\/www.iemj.org\/wp-content\/uploads\/2025\/01\/Logo-Fonds-AIU.jpg","articleSection":["Die Sammlungen","Fonds"],"inLanguage":"de"},{"@type":"WebPage","@id":"https:\/\/www.iemj.org\/de\/fonds-de-lalliance-israelite-universelle-aiu\/","url":"https:\/\/www.iemj.org\/de\/fonds-de-lalliance-israelite-universelle-aiu\/","name":"Fonds der Alliance Isra\u00e9lite Universelle (AIU) - Institut Europ\u00e9en des Musiques Juives","isPartOf":{"@id":"https:\/\/www.iemj.org\/de\/#website"},"primaryImageOfPage":{"@id":"https:\/\/www.iemj.org\/de\/fonds-de-lalliance-israelite-universelle-aiu\/#primaryimage"},"image":{"@id":"https:\/\/www.iemj.org\/de\/fonds-de-lalliance-israelite-universelle-aiu\/#primaryimage"},"thumbnailUrl":"https:\/\/www.iemj.org\/wp-content\/uploads\/2025\/01\/Logo-Fonds-AIU.jpg","datePublished":"2025-01-27T09:39:19+00:00","dateModified":"2025-01-30T14:09:45+00:00","breadcrumb":{"@id":"https:\/\/www.iemj.org\/de\/fonds-de-lalliance-israelite-universelle-aiu\/#breadcrumb"},"inLanguage":"de","potentialAction":[{"@type":"ReadAction","target":["https:\/\/www.iemj.org\/de\/fonds-de-lalliance-israelite-universelle-aiu\/"]}]},{"@type":"ImageObject","inLanguage":"de","@id":"https:\/\/www.iemj.org\/de\/fonds-de-lalliance-israelite-universelle-aiu\/#primaryimage","url":"https:\/\/www.iemj.org\/wp-content\/uploads\/2025\/01\/Logo-Fonds-AIU.jpg","contentUrl":"https:\/\/www.iemj.org\/wp-content\/uploads\/2025\/01\/Logo-Fonds-AIU.jpg","width":500,"height":500},{"@type":"BreadcrumbList","@id":"https:\/\/www.iemj.org\/de\/fonds-de-lalliance-israelite-universelle-aiu\/#breadcrumb","itemListElement":[{"@type":"ListItem","position":1,"name":"Accueil","item":"https:\/\/www.iemj.org\/de\/"},{"@type":"ListItem","position":2,"name":"Fonds der Alliance Isra\u00e9lite Universelle (AIU)"}]},{"@type":"WebSite","@id":"https:\/\/www.iemj.org\/de\/#website","url":"https:\/\/www.iemj.org\/de\/","name":"Institut Europ\u00e9en des Musiques Juives","description":"Des traditions musicales \u00e0 la port\u00e9e de tous","publisher":{"@id":"https:\/\/www.iemj.org\/de\/#organization"},"potentialAction":[{"@type":"SearchAction","target":{"@type":"EntryPoint","urlTemplate":"https:\/\/www.iemj.org\/de\/?s={search_term_string}"},"query-input":{"@type":"PropertyValueSpecification","valueRequired":true,"valueName":"search_term_string"}}],"inLanguage":"de"},{"@type":"Organization","@id":"https:\/\/www.iemj.org\/de\/#organization","name":"Institut Europ\u00e9en des Musiques Juives","url":"https:\/\/www.iemj.org\/de\/","logo":{"@type":"ImageObject","inLanguage":"de","@id":"https:\/\/www.iemj.org\/de\/#\/schema\/logo\/image\/","url":"https:\/\/www.iemj.org\/wp-content\/uploads\/2021\/09\/Logo-IEMJ-Paypal.jpg","contentUrl":"https:\/\/www.iemj.org\/wp-content\/uploads\/2021\/09\/Logo-IEMJ-Paypal.jpg","width":150,"height":50,"caption":"Institut Europ\u00e9en des Musiques Juives"},"image":{"@id":"https:\/\/www.iemj.org\/de\/#\/schema\/logo\/image\/"},"sameAs":["https:\/\/www.facebook.com\/MusiquesJuives\/","https:\/\/www.instagram.com\/musiquesjuives\/","https:\/\/www.youtube.com\/user\/musiquesjuives"]},{"@type":"Person","@id":"https:\/\/www.iemj.org\/de\/#\/schema\/person\/358e26c18aca017fcc4cc15437f7279c","name":"Jacqueline ROTEN","image":{"@type":"ImageObject","inLanguage":"de","@id":"https:\/\/secure.gravatar.com\/avatar\/5964256d6c6957de3a3505278957e0fb2a35119ac47ea41827a65301213c810b?s=96&d=mm&r=g","url":"https:\/\/secure.gravatar.com\/avatar\/5964256d6c6957de3a3505278957e0fb2a35119ac47ea41827a65301213c810b?s=96&d=mm&r=g","contentUrl":"https:\/\/secure.gravatar.com\/avatar\/5964256d6c6957de3a3505278957e0fb2a35119ac47ea41827a65301213c810b?s=96&d=mm&r=g","caption":"Jacqueline ROTEN"}}]}},"_links":{"self":[{"href":"https:\/\/www.iemj.org\/de\/wp-json\/wp\/v2\/posts\/117313","targetHints":{"allow":["GET"]}}],"collection":[{"href":"https:\/\/www.iemj.org\/de\/wp-json\/wp\/v2\/posts"}],"about":[{"href":"https:\/\/www.iemj.org\/de\/wp-json\/wp\/v2\/types\/post"}],"author":[{"embeddable":true,"href":"https:\/\/www.iemj.org\/de\/wp-json\/wp\/v2\/users\/5"}],"replies":[{"embeddable":true,"href":"https:\/\/www.iemj.org\/de\/wp-json\/wp\/v2\/comments?post=117313"}],"version-history":[{"count":0,"href":"https:\/\/www.iemj.org\/de\/wp-json\/wp\/v2\/posts\/117313\/revisions"}],"wp:featuredmedia":[{"embeddable":true,"href":"https:\/\/www.iemj.org\/de\/wp-json\/wp\/v2\/media\/117292"}],"wp:attachment":[{"href":"https:\/\/www.iemj.org\/de\/wp-json\/wp\/v2\/media?parent=117313"}],"wp:term":[{"taxonomy":"category","embeddable":true,"href":"https:\/\/www.iemj.org\/de\/wp-json\/wp\/v2\/categories?post=117313"},{"taxonomy":"post_tag","embeddable":true,"href":"https:\/\/www.iemj.org\/de\/wp-json\/wp\/v2\/tags?post=117313"},{"taxonomy":"technique","embeddable":true,"href":"https:\/\/www.iemj.org\/de\/wp-json\/wp\/v2\/technique?post=117313"},{"taxonomy":"squelettes","embeddable":true,"href":"https:\/\/www.iemj.org\/de\/wp-json\/wp\/v2\/squelettes?post=117313"},{"taxonomy":"sujet","embeddable":true,"href":"https:\/\/www.iemj.org\/de\/wp-json\/wp\/v2\/sujet?post=117313"},{"taxonomy":"formation","embeddable":true,"href":"https:\/\/www.iemj.org\/de\/wp-json\/wp\/v2\/formation?post=117313"},{"taxonomy":"genre","embeddable":true,"href":"https:\/\/www.iemj.org\/de\/wp-json\/wp\/v2\/genre?post=117313"},{"taxonomy":"fonds","embeddable":true,"href":"https:\/\/www.iemj.org\/de\/wp-json\/wp\/v2\/fonds?post=117313"},{"taxonomy":"tradition","embeddable":true,"href":"https:\/\/www.iemj.org\/de\/wp-json\/wp\/v2\/tradition?post=117313"},{"taxonomy":"type-de-contenu","embeddable":true,"href":"https:\/\/www.iemj.org\/de\/wp-json\/wp\/v2\/type-de-contenu?post=117313"},{"taxonomy":"interprete-compositeur","embeddable":true,"href":"https:\/\/www.iemj.org\/de\/wp-json\/wp\/v2\/interprete-compositeur?post=117313"},{"taxonomy":"frise","embeddable":true,"href":"https:\/\/www.iemj.org\/de\/wp-json\/wp\/v2\/frise?post=117313"},{"taxonomy":"type-devenement","embeddable":true,"href":"https:\/\/www.iemj.org\/de\/wp-json\/wp\/v2\/type-devenement?post=117313"},{"taxonomy":"tableaux-liens-externes","embeddable":true,"href":"https:\/\/www.iemj.org\/de\/wp-json\/wp\/v2\/tableaux-liens-externes?post=117313"}],"curies":[{"name":"wp","href":"https:\/\/api.w.org\/{rel}","templated":true}]}}