{"id":117664,"date":"2025-02-05T15:37:20","date_gmt":"2025-02-05T14:37:20","guid":{"rendered":"https:\/\/www.iemj.org\/histoire-de-voix-hebraiques\/"},"modified":"2025-02-06T16:47:51","modified_gmt":"2025-02-06T15:47:51","slug":"histoires-de-voix-hebraiques","status":"publish","type":"post","link":"https:\/\/www.iemj.org\/de\/histoires-de-voix-hebraiques\/","title":{"rendered":"Histoires de voix h\u00e9bra\u00efques"},"content":{"rendered":"\n<h1 class=\"wp-block-heading\">Geschichten der hebr\u00e4ischen Stimmen<\/h1>\n\n\n\n<h2 class=\"wp-block-heading\">Gekreuzte musikalische Anamorphosen<span class=\"footnote_referrer\"><a role=\"button\" tabindex=\"0\" onclick=\"footnote_moveToReference_117664_1('footnote_plugin_reference_117664_1_1');\" onkeypress=\"footnote_moveToReference_117664_1('footnote_plugin_reference_117664_1_1');\" ><sup id=\"footnote_plugin_tooltip_117664_1_1\" class=\"footnote_plugin_tooltip_text\">[1]<\/sup><\/a><span id=\"footnote_plugin_tooltip_text_117664_1_1\" class=\"footnote_tooltip\">Das verzerrte Bild eines gekr\u00fcmmten Spiegels.<\/span><\/span><script type=\"text\/javascript\"> jQuery('#footnote_plugin_tooltip_117664_1_1').tooltip({ tip: '#footnote_plugin_tooltip_text_117664_1_1', tipClass: 'footnote_tooltip', effect: 'fade', predelay: 0, fadeInSpeed: 200, delay: 400, fadeOutSpeed: 200, position: 'top center', relative: true, offset: [-7, 0], });<\/script> <\/h2>\n\n\n\n<h2 class=\"wp-block-heading\">Von Hector Sabo<\/h2>\n\n\n\n<p><strong>\u00a9 2024, Musikverlag Sabo<\/strong><\/p>\n\n\n<p><a href=\"https:\/\/www.iemj.org\/de\/sabo-hector\/\" target=\"_blank\" rel=\"noopener\">Hector Sabo<\/a>, Komponist, Musiker und Chorleiter, hat einen gro\u00dfen Teil seiner Karriere der hebr\u00e4ischen Musik gewidmet.<\/p>\n<p>In diesem hundertseitigen Buch bietet der Autor einen synthetischeren und zug\u00e4nglicheren Zugang zu dem, was er teilweise in seinem ersten Buch, <a href=\"https:\/\/www.iemj.org\/de\/voix-hebraiques-un-voyage-dans-la-musique-juive-doccident-accompagne-danalyses-et-dexemples-musicaux\/\" target=\"_blank\" rel=\"noopener\"><em>Voix h\u00e9bra\u00efques &#8211; Voyage dans la musique juive d&#8217;Occident<\/em><\/a>, das 2020 erschienen ist, dargelegt hat.\u00a0 Jedes Kapitel ist kurz (durchschnittlich 3 bis 4 Seiten) und sachlich. So erinnert der 1. Prolog den Laien an die Geschichte der Hebr\u00e4er und ihrer Sprache. Der 2. Prolog ist den musikalischen Beziehungen zwischen Christentum und Judentum gewidmet. Am Ende dieses Prologs und zu Beginn der Einleitung definiert der Autor das Hauptthema seines Buches, das darin besteht, \u201eden Weg dieses spannenden musikalischen Dialogs (&#8230;) zwischen zwei Musiken, einer j\u00fcdischen und einer christlichen, nachzuzeichnen\u201c (S. 14). Das Buch versteht sich somit als \u201eein Einf\u00fchrungswerk in die hebr\u00e4ische Musik (&#8230;) in enger Verbindung mit der europ\u00e4ischen Musik\u201c (S. 17).<\/p>\n<p>Nachdem er den geographischen Rahmen seines Ansatzes auf die abendl\u00e4ndische Musik beschr\u00e4nkt hat, bietet Hector Sabo in 16 Kapiteln einen thematischen und chronologischen \u00dcberblick von der Musik des Jerusalemer Tempels bis zur zeitgen\u00f6ssischen Musik in Frankreich. Das 17. Kapitel bietet eine Auswahl hebr\u00e4ischer Psalmen, die seit dem Mittelalter vertont wurden. Die Schlussbetrachtung &#8211; neben der unvermeidlichen Zusammenfassung &#8211; erweitert den Blick auf Filmmusik oder Musicals mit j\u00fcdischer Thematik.<\/p>\n<p><img fetchpriority=\"high\" decoding=\"async\" class=\"size-medium wp-image-21016 alignright\" src=\"https:\/\/www.iemj.org\/wp-content\/uploads\/2018\/10\/arton3641-225x300.jpg\" alt=\"logo bio Hector Sabo\" width=\"225\" height=\"300\" \/><\/p>\n<p>Zusammenfassend l\u00e4sst sich sagen, dass dieses Buch, abgesehen von einem zweiseitigen Kapitel \u00fcber die israelische Musik in hebr\u00e4ischer Sprache, die j\u00fcdische Musik des Abendlandes in ihrer Beziehung zur umgebenden christlichen Gesellschaft darstellt. Auf dieser Reise durch Zeit und Raum wechseln sich historische und musikwissenschaftliche Fakten mit oft interessanten Reflexionen des Autors \u00fcber seine Praxis mit hebr\u00e4ischer Musik ab. Dennoch muss auf einige Ungenauigkeiten oder gar Fehler hingewiesen werden, wie z.B. auf S. 29, wo von \u201eMusikmanuskripten aus den j\u00fcdischen Gemeinden der Normandie\u201c die Rede ist, die f\u00fcr die Aufnahme der vom IEMJ produzierten CD <em>Juifs et trouv\u00e8res<\/em><span class=\"footnote_referrer\"><a role=\"button\" tabindex=\"0\" onclick=\"footnote_moveToReference_117664_1('footnote_plugin_reference_117664_1_2');\" onkeypress=\"footnote_moveToReference_117664_1('footnote_plugin_reference_117664_1_2');\" ><sup id=\"footnote_plugin_tooltip_117664_1_2\" class=\"footnote_plugin_tooltip_text\">[2]<\/sup><\/a><span id=\"footnote_plugin_tooltip_text_117664_1_2\" class=\"footnote_tooltip\">Die Musik auf der CD Juifs et trouv\u00e8res stammt aus hebr\u00e4ischen Manuskripten aus Nordfrankreich (Flandern, Picardie, Artois, Champagne&#8230;), die keine Notenschrift enthalten. In zwei dieser&nbsp;&#x2026; <span class=\"footnote_tooltip_continue\"  onclick=\"footnote_moveToReference_117664_1('footnote_plugin_reference_117664_1_2');\">Lire la suite<\/span><\/span><\/span><script type=\"text\/javascript\"> jQuery('#footnote_plugin_tooltip_117664_1_2').tooltip({ tip: '#footnote_plugin_tooltip_text_117664_1_2', tipClass: 'footnote_tooltip', effect: 'fade', predelay: 0, fadeInSpeed: 200, delay: 400, fadeOutSpeed: 200, position: 'top center', relative: true, offset: [-7, 0], });<\/script> Bemerkenswert ist auch, dass der Autor nur selten seine Quellen angibt. Wenn Hector Sabo auf S. 38 behauptet, Beethoven habe von Salomon Sulzer ein Notizbuch mit hebr\u00e4ischen Melodien erhalten, das ihn zur Verwendung des Kol nidr\u00e9-Themas in seinem Quartett Nr. 14 inspiriert habe, so ist diese Version in der Musikwissenschaft keineswegs unumstritten. In \u00e4hnlicher Weise behauptet der Autor in Bezug auf das Musical <em>West Side Story<\/em>, dass Leonard \u201eBernstein seine pers\u00f6nliche Version einer von Shakespeares Romeo und Julia inspirierten Geschichte musikalisch erz\u00e4hlen wollte, in der die Charaktere nicht, wie in der endg\u00fcltigen Fassung gew\u00fcnscht, Iren und Puerto Ricaner sind, sondern Juden und Araber&#8230;\u201c. (p. 80). Angesichts der <a href=\"https:\/\/www.radiofrance.fr\/francemusique\/podcasts\/serie-la-story-de-west-side-story\" target=\"_blank\" rel=\"noopener\">Sendungen von Laurent Vali\u00e8re, die 2021 auf France Musique ausgestrahlt werden<\/a> und des Artikels von Charlotte Landru-Chand\u00e8s,\u00a0<a href=\"https:\/\/www.radiofrance.fr\/francemusique\/west-side-story-tout-ce-que-vous-avez-toujours-voulu-savoir-sur-l-oeuvre-de-bernstein-9763749\" target=\"_blank\" rel=\"noopener\">\u201eWest Side Story: Alles, was Sie schon immer \u00fcber Bernsteins Werk wissen wollten\u201c<\/a>, w\u00e4re diese Behauptung zumindest zweifelhaft.<\/p>\n<p>Abgesehen davon ist das Buch sehr lesenswert und macht Lust, mehr \u00fcber j\u00fcdische Musik zu erfahren. Es bietet auch die M\u00f6glichkeit, Werke zu entdecken, die einem breiteren Publikum weniger bekannt sind, wie zum Beispiel die wunderbaren <em>Five Hebrew Love Songs<\/em> des amerikanischen Komponisten Eric Whitacre.<\/p>\n<ul>\n<li><a href=\"https:\/\/livres.bookelis.com\/histoire\/62238-histoire-de-voix-hebraiques.html\" target=\"_blank\" rel=\"noopener\">Das Buch bestellen.<\/a><\/li>\n<li><a href=\"https:\/\/www.iemj.org\/de\/sabo-hector\/\" target=\"_blank\" rel=\"noopener\">Mehr \u00fcber Hector Sabo.<\/a><\/li>\n<li><a href=\"https:\/\/www.iemj.org\/categorie\/ecouter-voir\/emissions-de-radio\/emissions-hector-sabo\/\" target=\"_blank\" rel=\"noopener\">Hector Sabos Radiosendungen Ledor vador anh\u00f6ren.<\/a><\/li>\n<li><a href=\"https:\/\/www.iemj.org\/de\/la-voix-dans-la-tradition-liturgique-ashkenaze-hector-sabo\/\" target=\"_blank\" rel=\"noopener\">Hector Sabos Vortrag Die Stimme in der aschkenasischen liturgischen Tradition anh\u00f6ren.<\/a><\/li>\n<li>Schauen Sie sich die CDs <a href=\"https:\/\/www.iemj.org\/de\/musiques-juives-et-hebraiques-sacrees-et-profanes-au-moyen-age-xix-et-xx-siecles\/\" target=\"_blank\" rel=\"noopener\">Musiques juives h\u00e9bra\u00efques et sacr\u00e9es et profanes au Moyen Age, XIX et XXe si\u00e8cles ((Hebr\u00e4ische j\u00fcdische Musik sowie geistliche und weltliche Musik im Mittelalter, Musiques juives h\u00e9bra\u00efques et sacr\u00e9es et profanes au Moyen Age, XIX et XXe si\u00e8cles (Hebr\u00e4ische j\u00fcdische Musik sowie geistliche und weltliche Musik im Mittelalter, 19. und 20. Jahrhundert)<\/a> und <a href=\"https:\/\/www.iemj.org\/de\/chants-et-emotions\/\" target=\"_blank\" rel=\"noopener\">Chants et Emotions (Lieder und Emotionen)<\/a> an.<\/li>\n<\/ul>\n\n\n<p><\/p>\n<div class=\"speaker-mute footnotes_reference_container\"> <div class=\"footnote_container_prepare\"><p><span role=\"button\" tabindex=\"0\" class=\"footnote_reference_container_label pointer\" onclick=\"footnote_expand_collapse_reference_container_117664_1();\">&#x202F;<\/span><span role=\"button\" tabindex=\"0\" class=\"footnote_reference_container_collapse_button\" style=\"display: none;\" onclick=\"footnote_expand_collapse_reference_container_117664_1();\">[<a id=\"footnote_reference_container_collapse_button_117664_1\">+<\/a>]<\/span><\/p><\/div> <div id=\"footnote_references_container_117664_1\" style=\"\"><table class=\"footnotes_table footnote-reference-container\"><caption class=\"accessibility\">References<\/caption> <tbody> \r\n\r\n<tr class=\"footnotes_plugin_reference_row\"> <th scope=\"row\" class=\"footnote_plugin_index_combi pointer\"  onclick=\"footnote_moveToAnchor_117664_1('footnote_plugin_tooltip_117664_1_1');\"><a id=\"footnote_plugin_reference_117664_1_1\" class=\"footnote_backlink\">1<\/a><\/th> <td class=\"footnote_plugin_text\">Das verzerrte Bild eines gekr\u00fcmmten Spiegels.<\/td><\/tr>\r\n\r\n<tr class=\"footnotes_plugin_reference_row\"> <th scope=\"row\" class=\"footnote_plugin_index_combi pointer\"  onclick=\"footnote_moveToAnchor_117664_1('footnote_plugin_tooltip_117664_1_2');\"><a id=\"footnote_plugin_reference_117664_1_2\" class=\"footnote_backlink\">2<\/a><\/th> <td class=\"footnote_plugin_text\">Die Musik auf der CD <em>Juifs et trouv\u00e8res<\/em> stammt aus hebr\u00e4ischen Manuskripten aus Nordfrankreich (Flandern, Picardie, Artois, Champagne&#8230;), die keine Notenschrift enthalten. In zwei dieser Manuskripte hat der Kopist am Rand des Textes den Titel eines Liedes der Trouv\u00e8res notiert, zu dem die religi\u00f6se Dichtung gesungen werden sollte.<\/td><\/tr>\r\n\r\n <\/tbody> <\/table> <\/div><\/div><script type=\"text\/javascript\"> function footnote_expand_reference_container_117664_1() { jQuery('#footnote_references_container_117664_1').show(); jQuery('#footnote_reference_container_collapse_button_117664_1').text('\u2212'); } function footnote_collapse_reference_container_117664_1() { jQuery('#footnote_references_container_117664_1').hide(); jQuery('#footnote_reference_container_collapse_button_117664_1').text('+'); } function footnote_expand_collapse_reference_container_117664_1() { if (jQuery('#footnote_references_container_117664_1').is(':hidden')) { footnote_expand_reference_container_117664_1(); } else { footnote_collapse_reference_container_117664_1(); } } function footnote_moveToReference_117664_1(p_str_TargetID) { footnote_expand_reference_container_117664_1(); var l_obj_Target = jQuery('#' + p_str_TargetID); if (l_obj_Target.length) { jQuery( 'html, body' ).delay( 0 ); jQuery('html, body').animate({ scrollTop: l_obj_Target.offset().top - window.innerHeight * 0.2 }, 380); } } function footnote_moveToAnchor_117664_1(p_str_TargetID) { footnote_expand_reference_container_117664_1(); var l_obj_Target = jQuery('#' + p_str_TargetID); if (l_obj_Target.length) { jQuery( 'html, body' ).delay( 0 ); jQuery('html, body').animate({ scrollTop: l_obj_Target.offset().top - window.innerHeight * 0.2 }, 380); } }<\/script>","protected":false},"excerpt":{"rendered":"<p>Geschichten der hebr\u00e4ischen Stimmen Gekreuzte musikalische Anamorphosen[1]Das verzerrte Bild eines gekr\u00fcmmten Spiegels. Von Hector Sabo \u00a9 2024, Musikverlag Sabo Hector Sabo, Komponist, Musiker und Chorleiter, hat einen gro\u00dfen Teil seiner<\/p>\n","protected":false},"author":5,"featured_media":117642,"comment_status":"closed","ping_status":"closed","sticky":false,"template":"","format":"standard","meta":{"_acf_changed":false,"footnotes":""},"categories":[1578,1561],"tags":[],"technique":[],"squelettes":[],"sujet":[],"formation":[],"genre":[],"fonds":[],"tradition":[],"type-de-contenu":[],"interprete-compositeur":[],"frise":[],"type-devenement":[],"tableaux-liens-externes":[],"class_list":["post-117664","post","type-post","status-publish","format-standard","has-post-thumbnail","hentry","category-bucher-artikel-de","category-letzte-neuerwerbungen-de"],"acf":[],"yoast_head":"<!-- This site is optimized with the Yoast SEO plugin v27.3 - https:\/\/yoast.com\/product\/yoast-seo-wordpress\/ -->\n<title>Histoires de voix h\u00e9bra\u00efques - Institut Europ\u00e9en des Musiques Juives<\/title>\n<meta name=\"robots\" content=\"index, follow, max-snippet:-1, max-image-preview:large, max-video-preview:-1\" \/>\n<link rel=\"canonical\" href=\"https:\/\/www.iemj.org\/de\/histoires-de-voix-hebraiques\/\" \/>\n<meta property=\"og:locale\" content=\"de_DE\" \/>\n<meta property=\"og:type\" content=\"article\" \/>\n<meta property=\"og:title\" content=\"Histoires de voix h\u00e9bra\u00efques - Institut Europ\u00e9en des Musiques Juives\" \/>\n<meta property=\"og:description\" content=\"Geschichten der hebr\u00e4ischen Stimmen Gekreuzte musikalische Anamorphosen[1]Das verzerrte Bild eines gekr\u00fcmmten Spiegels. Von Hector Sabo \u00a9 2024, Musikverlag Sabo Hector Sabo, Komponist, Musiker und Chorleiter, hat einen gro\u00dfen Teil seiner\" \/>\n<meta property=\"og:url\" content=\"https:\/\/www.iemj.org\/de\/histoires-de-voix-hebraiques\/\" \/>\n<meta property=\"og:site_name\" content=\"Institut Europ\u00e9en des Musiques Juives\" \/>\n<meta property=\"article:publisher\" content=\"https:\/\/www.facebook.com\/MusiquesJuives\/\" \/>\n<meta property=\"article:published_time\" content=\"2025-02-05T14:37:20+00:00\" \/>\n<meta property=\"article:modified_time\" content=\"2025-02-06T15:47:51+00:00\" \/>\n<meta property=\"og:image\" content=\"https:\/\/www.iemj.org\/wp-content\/uploads\/2025\/02\/COUV-Livre-Sabo.png\" \/>\n\t<meta property=\"og:image:width\" content=\"540\" \/>\n\t<meta property=\"og:image:height\" content=\"765\" \/>\n\t<meta property=\"og:image:type\" content=\"image\/png\" \/>\n<meta name=\"author\" content=\"Jacqueline ROTEN\" \/>\n<meta name=\"twitter:card\" content=\"summary_large_image\" \/>\n<meta name=\"twitter:label1\" content=\"Verfasst von\" \/>\n\t<meta name=\"twitter:data1\" content=\"Jacqueline ROTEN\" \/>\n\t<meta name=\"twitter:label2\" content=\"Gesch\u00e4tzte Lesezeit\" \/>\n\t<meta name=\"twitter:data2\" content=\"4\u00a0Minuten\" \/>\n<script type=\"application\/ld+json\" class=\"yoast-schema-graph\">{\"@context\":\"https:\\\/\\\/schema.org\",\"@graph\":[{\"@type\":\"Article\",\"@id\":\"https:\\\/\\\/www.iemj.org\\\/de\\\/histoires-de-voix-hebraiques\\\/#article\",\"isPartOf\":{\"@id\":\"https:\\\/\\\/www.iemj.org\\\/de\\\/histoires-de-voix-hebraiques\\\/\"},\"author\":{\"name\":\"Jacqueline ROTEN\",\"@id\":\"https:\\\/\\\/www.iemj.org\\\/de\\\/#\\\/schema\\\/person\\\/358e26c18aca017fcc4cc15437f7279c\"},\"headline\":\"Histoires de voix h\u00e9bra\u00efques\",\"datePublished\":\"2025-02-05T14:37:20+00:00\",\"dateModified\":\"2025-02-06T15:47:51+00:00\",\"mainEntityOfPage\":{\"@id\":\"https:\\\/\\\/www.iemj.org\\\/de\\\/histoires-de-voix-hebraiques\\\/\"},\"wordCount\":699,\"publisher\":{\"@id\":\"https:\\\/\\\/www.iemj.org\\\/de\\\/#organization\"},\"image\":{\"@id\":\"https:\\\/\\\/www.iemj.org\\\/de\\\/histoires-de-voix-hebraiques\\\/#primaryimage\"},\"thumbnailUrl\":\"https:\\\/\\\/www.iemj.org\\\/wp-content\\\/uploads\\\/2025\\\/02\\\/COUV-Livre-Sabo.png\",\"articleSection\":[\"B\u00fccher, Artikel\",\"Letzte Neuerwerbungen\"],\"inLanguage\":\"de\"},{\"@type\":\"WebPage\",\"@id\":\"https:\\\/\\\/www.iemj.org\\\/de\\\/histoires-de-voix-hebraiques\\\/\",\"url\":\"https:\\\/\\\/www.iemj.org\\\/de\\\/histoires-de-voix-hebraiques\\\/\",\"name\":\"Histoires de voix h\u00e9bra\u00efques - Institut Europ\u00e9en des Musiques Juives\",\"isPartOf\":{\"@id\":\"https:\\\/\\\/www.iemj.org\\\/de\\\/#website\"},\"primaryImageOfPage\":{\"@id\":\"https:\\\/\\\/www.iemj.org\\\/de\\\/histoires-de-voix-hebraiques\\\/#primaryimage\"},\"image\":{\"@id\":\"https:\\\/\\\/www.iemj.org\\\/de\\\/histoires-de-voix-hebraiques\\\/#primaryimage\"},\"thumbnailUrl\":\"https:\\\/\\\/www.iemj.org\\\/wp-content\\\/uploads\\\/2025\\\/02\\\/COUV-Livre-Sabo.png\",\"datePublished\":\"2025-02-05T14:37:20+00:00\",\"dateModified\":\"2025-02-06T15:47:51+00:00\",\"breadcrumb\":{\"@id\":\"https:\\\/\\\/www.iemj.org\\\/de\\\/histoires-de-voix-hebraiques\\\/#breadcrumb\"},\"inLanguage\":\"de\",\"potentialAction\":[{\"@type\":\"ReadAction\",\"target\":[\"https:\\\/\\\/www.iemj.org\\\/de\\\/histoires-de-voix-hebraiques\\\/\"]}]},{\"@type\":\"ImageObject\",\"inLanguage\":\"de\",\"@id\":\"https:\\\/\\\/www.iemj.org\\\/de\\\/histoires-de-voix-hebraiques\\\/#primaryimage\",\"url\":\"https:\\\/\\\/www.iemj.org\\\/wp-content\\\/uploads\\\/2025\\\/02\\\/COUV-Livre-Sabo.png\",\"contentUrl\":\"https:\\\/\\\/www.iemj.org\\\/wp-content\\\/uploads\\\/2025\\\/02\\\/COUV-Livre-Sabo.png\",\"width\":540,\"height\":765},{\"@type\":\"BreadcrumbList\",\"@id\":\"https:\\\/\\\/www.iemj.org\\\/de\\\/histoires-de-voix-hebraiques\\\/#breadcrumb\",\"itemListElement\":[{\"@type\":\"ListItem\",\"position\":1,\"name\":\"Accueil\",\"item\":\"https:\\\/\\\/www.iemj.org\\\/de\\\/\"},{\"@type\":\"ListItem\",\"position\":2,\"name\":\"Histoires de voix h\u00e9bra\u00efques\"}]},{\"@type\":\"WebSite\",\"@id\":\"https:\\\/\\\/www.iemj.org\\\/de\\\/#website\",\"url\":\"https:\\\/\\\/www.iemj.org\\\/de\\\/\",\"name\":\"Institut Europ\u00e9en des Musiques Juives\",\"description\":\"Des traditions musicales \u00e0 la port\u00e9e de tous\",\"publisher\":{\"@id\":\"https:\\\/\\\/www.iemj.org\\\/de\\\/#organization\"},\"potentialAction\":[{\"@type\":\"SearchAction\",\"target\":{\"@type\":\"EntryPoint\",\"urlTemplate\":\"https:\\\/\\\/www.iemj.org\\\/de\\\/?s={search_term_string}\"},\"query-input\":{\"@type\":\"PropertyValueSpecification\",\"valueRequired\":true,\"valueName\":\"search_term_string\"}}],\"inLanguage\":\"de\"},{\"@type\":\"Organization\",\"@id\":\"https:\\\/\\\/www.iemj.org\\\/de\\\/#organization\",\"name\":\"Institut Europ\u00e9en des Musiques Juives\",\"url\":\"https:\\\/\\\/www.iemj.org\\\/de\\\/\",\"logo\":{\"@type\":\"ImageObject\",\"inLanguage\":\"de\",\"@id\":\"https:\\\/\\\/www.iemj.org\\\/de\\\/#\\\/schema\\\/logo\\\/image\\\/\",\"url\":\"https:\\\/\\\/www.iemj.org\\\/wp-content\\\/uploads\\\/2021\\\/09\\\/Logo-IEMJ-Paypal.jpg\",\"contentUrl\":\"https:\\\/\\\/www.iemj.org\\\/wp-content\\\/uploads\\\/2021\\\/09\\\/Logo-IEMJ-Paypal.jpg\",\"width\":150,\"height\":50,\"caption\":\"Institut Europ\u00e9en des Musiques Juives\"},\"image\":{\"@id\":\"https:\\\/\\\/www.iemj.org\\\/de\\\/#\\\/schema\\\/logo\\\/image\\\/\"},\"sameAs\":[\"https:\\\/\\\/www.facebook.com\\\/MusiquesJuives\\\/\",\"https:\\\/\\\/www.instagram.com\\\/musiquesjuives\\\/\",\"https:\\\/\\\/www.youtube.com\\\/user\\\/musiquesjuives\"]},{\"@type\":\"Person\",\"@id\":\"https:\\\/\\\/www.iemj.org\\\/de\\\/#\\\/schema\\\/person\\\/358e26c18aca017fcc4cc15437f7279c\",\"name\":\"Jacqueline ROTEN\",\"image\":{\"@type\":\"ImageObject\",\"inLanguage\":\"de\",\"@id\":\"https:\\\/\\\/secure.gravatar.com\\\/avatar\\\/5964256d6c6957de3a3505278957e0fb2a35119ac47ea41827a65301213c810b?s=96&d=mm&r=g\",\"url\":\"https:\\\/\\\/secure.gravatar.com\\\/avatar\\\/5964256d6c6957de3a3505278957e0fb2a35119ac47ea41827a65301213c810b?s=96&d=mm&r=g\",\"contentUrl\":\"https:\\\/\\\/secure.gravatar.com\\\/avatar\\\/5964256d6c6957de3a3505278957e0fb2a35119ac47ea41827a65301213c810b?s=96&d=mm&r=g\",\"caption\":\"Jacqueline ROTEN\"}}]}<\/script>\n<!-- \/ Yoast SEO plugin. -->","yoast_head_json":{"title":"Histoires de voix h\u00e9bra\u00efques - Institut Europ\u00e9en des Musiques Juives","robots":{"index":"index","follow":"follow","max-snippet":"max-snippet:-1","max-image-preview":"max-image-preview:large","max-video-preview":"max-video-preview:-1"},"canonical":"https:\/\/www.iemj.org\/de\/histoires-de-voix-hebraiques\/","og_locale":"de_DE","og_type":"article","og_title":"Histoires de voix h\u00e9bra\u00efques - Institut Europ\u00e9en des Musiques Juives","og_description":"Geschichten der hebr\u00e4ischen Stimmen Gekreuzte musikalische Anamorphosen[1]Das verzerrte Bild eines gekr\u00fcmmten Spiegels. Von Hector Sabo \u00a9 2024, Musikverlag Sabo Hector Sabo, Komponist, Musiker und Chorleiter, hat einen gro\u00dfen Teil seiner","og_url":"https:\/\/www.iemj.org\/de\/histoires-de-voix-hebraiques\/","og_site_name":"Institut Europ\u00e9en des Musiques Juives","article_publisher":"https:\/\/www.facebook.com\/MusiquesJuives\/","article_published_time":"2025-02-05T14:37:20+00:00","article_modified_time":"2025-02-06T15:47:51+00:00","og_image":[{"width":540,"height":765,"url":"https:\/\/www.iemj.org\/wp-content\/uploads\/2025\/02\/COUV-Livre-Sabo.png","type":"image\/png"}],"author":"Jacqueline ROTEN","twitter_card":"summary_large_image","twitter_misc":{"Verfasst von":"Jacqueline ROTEN","Gesch\u00e4tzte Lesezeit":"4\u00a0Minuten"},"schema":{"@context":"https:\/\/schema.org","@graph":[{"@type":"Article","@id":"https:\/\/www.iemj.org\/de\/histoires-de-voix-hebraiques\/#article","isPartOf":{"@id":"https:\/\/www.iemj.org\/de\/histoires-de-voix-hebraiques\/"},"author":{"name":"Jacqueline ROTEN","@id":"https:\/\/www.iemj.org\/de\/#\/schema\/person\/358e26c18aca017fcc4cc15437f7279c"},"headline":"Histoires de voix h\u00e9bra\u00efques","datePublished":"2025-02-05T14:37:20+00:00","dateModified":"2025-02-06T15:47:51+00:00","mainEntityOfPage":{"@id":"https:\/\/www.iemj.org\/de\/histoires-de-voix-hebraiques\/"},"wordCount":699,"publisher":{"@id":"https:\/\/www.iemj.org\/de\/#organization"},"image":{"@id":"https:\/\/www.iemj.org\/de\/histoires-de-voix-hebraiques\/#primaryimage"},"thumbnailUrl":"https:\/\/www.iemj.org\/wp-content\/uploads\/2025\/02\/COUV-Livre-Sabo.png","articleSection":["B\u00fccher, Artikel","Letzte Neuerwerbungen"],"inLanguage":"de"},{"@type":"WebPage","@id":"https:\/\/www.iemj.org\/de\/histoires-de-voix-hebraiques\/","url":"https:\/\/www.iemj.org\/de\/histoires-de-voix-hebraiques\/","name":"Histoires de voix h\u00e9bra\u00efques - Institut Europ\u00e9en des Musiques Juives","isPartOf":{"@id":"https:\/\/www.iemj.org\/de\/#website"},"primaryImageOfPage":{"@id":"https:\/\/www.iemj.org\/de\/histoires-de-voix-hebraiques\/#primaryimage"},"image":{"@id":"https:\/\/www.iemj.org\/de\/histoires-de-voix-hebraiques\/#primaryimage"},"thumbnailUrl":"https:\/\/www.iemj.org\/wp-content\/uploads\/2025\/02\/COUV-Livre-Sabo.png","datePublished":"2025-02-05T14:37:20+00:00","dateModified":"2025-02-06T15:47:51+00:00","breadcrumb":{"@id":"https:\/\/www.iemj.org\/de\/histoires-de-voix-hebraiques\/#breadcrumb"},"inLanguage":"de","potentialAction":[{"@type":"ReadAction","target":["https:\/\/www.iemj.org\/de\/histoires-de-voix-hebraiques\/"]}]},{"@type":"ImageObject","inLanguage":"de","@id":"https:\/\/www.iemj.org\/de\/histoires-de-voix-hebraiques\/#primaryimage","url":"https:\/\/www.iemj.org\/wp-content\/uploads\/2025\/02\/COUV-Livre-Sabo.png","contentUrl":"https:\/\/www.iemj.org\/wp-content\/uploads\/2025\/02\/COUV-Livre-Sabo.png","width":540,"height":765},{"@type":"BreadcrumbList","@id":"https:\/\/www.iemj.org\/de\/histoires-de-voix-hebraiques\/#breadcrumb","itemListElement":[{"@type":"ListItem","position":1,"name":"Accueil","item":"https:\/\/www.iemj.org\/de\/"},{"@type":"ListItem","position":2,"name":"Histoires de voix h\u00e9bra\u00efques"}]},{"@type":"WebSite","@id":"https:\/\/www.iemj.org\/de\/#website","url":"https:\/\/www.iemj.org\/de\/","name":"Institut Europ\u00e9en des Musiques Juives","description":"Des traditions musicales \u00e0 la port\u00e9e de tous","publisher":{"@id":"https:\/\/www.iemj.org\/de\/#organization"},"potentialAction":[{"@type":"SearchAction","target":{"@type":"EntryPoint","urlTemplate":"https:\/\/www.iemj.org\/de\/?s={search_term_string}"},"query-input":{"@type":"PropertyValueSpecification","valueRequired":true,"valueName":"search_term_string"}}],"inLanguage":"de"},{"@type":"Organization","@id":"https:\/\/www.iemj.org\/de\/#organization","name":"Institut Europ\u00e9en des Musiques Juives","url":"https:\/\/www.iemj.org\/de\/","logo":{"@type":"ImageObject","inLanguage":"de","@id":"https:\/\/www.iemj.org\/de\/#\/schema\/logo\/image\/","url":"https:\/\/www.iemj.org\/wp-content\/uploads\/2021\/09\/Logo-IEMJ-Paypal.jpg","contentUrl":"https:\/\/www.iemj.org\/wp-content\/uploads\/2021\/09\/Logo-IEMJ-Paypal.jpg","width":150,"height":50,"caption":"Institut Europ\u00e9en des Musiques Juives"},"image":{"@id":"https:\/\/www.iemj.org\/de\/#\/schema\/logo\/image\/"},"sameAs":["https:\/\/www.facebook.com\/MusiquesJuives\/","https:\/\/www.instagram.com\/musiquesjuives\/","https:\/\/www.youtube.com\/user\/musiquesjuives"]},{"@type":"Person","@id":"https:\/\/www.iemj.org\/de\/#\/schema\/person\/358e26c18aca017fcc4cc15437f7279c","name":"Jacqueline ROTEN","image":{"@type":"ImageObject","inLanguage":"de","@id":"https:\/\/secure.gravatar.com\/avatar\/5964256d6c6957de3a3505278957e0fb2a35119ac47ea41827a65301213c810b?s=96&d=mm&r=g","url":"https:\/\/secure.gravatar.com\/avatar\/5964256d6c6957de3a3505278957e0fb2a35119ac47ea41827a65301213c810b?s=96&d=mm&r=g","contentUrl":"https:\/\/secure.gravatar.com\/avatar\/5964256d6c6957de3a3505278957e0fb2a35119ac47ea41827a65301213c810b?s=96&d=mm&r=g","caption":"Jacqueline ROTEN"}}]}},"_links":{"self":[{"href":"https:\/\/www.iemj.org\/de\/wp-json\/wp\/v2\/posts\/117664","targetHints":{"allow":["GET"]}}],"collection":[{"href":"https:\/\/www.iemj.org\/de\/wp-json\/wp\/v2\/posts"}],"about":[{"href":"https:\/\/www.iemj.org\/de\/wp-json\/wp\/v2\/types\/post"}],"author":[{"embeddable":true,"href":"https:\/\/www.iemj.org\/de\/wp-json\/wp\/v2\/users\/5"}],"replies":[{"embeddable":true,"href":"https:\/\/www.iemj.org\/de\/wp-json\/wp\/v2\/comments?post=117664"}],"version-history":[{"count":0,"href":"https:\/\/www.iemj.org\/de\/wp-json\/wp\/v2\/posts\/117664\/revisions"}],"wp:featuredmedia":[{"embeddable":true,"href":"https:\/\/www.iemj.org\/de\/wp-json\/wp\/v2\/media\/117642"}],"wp:attachment":[{"href":"https:\/\/www.iemj.org\/de\/wp-json\/wp\/v2\/media?parent=117664"}],"wp:term":[{"taxonomy":"category","embeddable":true,"href":"https:\/\/www.iemj.org\/de\/wp-json\/wp\/v2\/categories?post=117664"},{"taxonomy":"post_tag","embeddable":true,"href":"https:\/\/www.iemj.org\/de\/wp-json\/wp\/v2\/tags?post=117664"},{"taxonomy":"technique","embeddable":true,"href":"https:\/\/www.iemj.org\/de\/wp-json\/wp\/v2\/technique?post=117664"},{"taxonomy":"squelettes","embeddable":true,"href":"https:\/\/www.iemj.org\/de\/wp-json\/wp\/v2\/squelettes?post=117664"},{"taxonomy":"sujet","embeddable":true,"href":"https:\/\/www.iemj.org\/de\/wp-json\/wp\/v2\/sujet?post=117664"},{"taxonomy":"formation","embeddable":true,"href":"https:\/\/www.iemj.org\/de\/wp-json\/wp\/v2\/formation?post=117664"},{"taxonomy":"genre","embeddable":true,"href":"https:\/\/www.iemj.org\/de\/wp-json\/wp\/v2\/genre?post=117664"},{"taxonomy":"fonds","embeddable":true,"href":"https:\/\/www.iemj.org\/de\/wp-json\/wp\/v2\/fonds?post=117664"},{"taxonomy":"tradition","embeddable":true,"href":"https:\/\/www.iemj.org\/de\/wp-json\/wp\/v2\/tradition?post=117664"},{"taxonomy":"type-de-contenu","embeddable":true,"href":"https:\/\/www.iemj.org\/de\/wp-json\/wp\/v2\/type-de-contenu?post=117664"},{"taxonomy":"interprete-compositeur","embeddable":true,"href":"https:\/\/www.iemj.org\/de\/wp-json\/wp\/v2\/interprete-compositeur?post=117664"},{"taxonomy":"frise","embeddable":true,"href":"https:\/\/www.iemj.org\/de\/wp-json\/wp\/v2\/frise?post=117664"},{"taxonomy":"type-devenement","embeddable":true,"href":"https:\/\/www.iemj.org\/de\/wp-json\/wp\/v2\/type-devenement?post=117664"},{"taxonomy":"tableaux-liens-externes","embeddable":true,"href":"https:\/\/www.iemj.org\/de\/wp-json\/wp\/v2\/tableaux-liens-externes?post=117664"}],"curies":[{"name":"wp","href":"https:\/\/api.w.org\/{rel}","templated":true}]}}