{"id":118161,"date":"2025-02-27T17:57:14","date_gmt":"2025-02-27T16:57:14","guid":{"rendered":"https:\/\/www.iemj.org\/leopold-kleinman-kozlowski-1918-2019-le-dernier-musicien-klezmer-de-galicie-et-son-oeuvre\/"},"modified":"2025-03-04T16:49:31","modified_gmt":"2025-03-04T15:49:31","slug":"leopold-kleinman-kozlowski-1918-2019-le-dernier-musicien-klezmer-de-galicie-et-son-oeuvre","status":"publish","type":"post","link":"https:\/\/www.iemj.org\/de\/leopold-kleinman-kozlowski-1918-2019-le-dernier-musicien-klezmer-de-galicie-et-son-oeuvre\/","title":{"rendered":"Leopold Kleinman-Koz\u0142owski (1918-2019) &#8211; Der letzte Klezmer-Musiker aus Galizien"},"content":{"rendered":"<p><!--more--><\/p>\n<p>Am 13. Juni 2024 \u00fcbergab Marta Koz\u0142owska-Wo\u017aniak, die Tochter des letzten galizischen Klezmermusikers, den musikalischen Nachlass von Leopold Kleinman-Koz\u0142owski an das Institut f\u00fcr Musikwissenschaft der Jagiellonen-Universit\u00e4t (Krakau, Polen). Der Nachlass umfasst 621 Dokumente, darunter zahlreiche handschriftliche Partituren, Liedtexte sowie Ton- und Videoaufnahmen.<\/p>\n<p>Leopold Kleinman-Koz\u0142owski wurde am 26. November 1918 in Przemy\u015blany geboren, damals eine Stadt im Distrikt Lemberg der Zweiten Polnischen Republik, heute in der Ukraine gelegen. Sein Gro\u00dfvater, Pesach Brandwein, leitete in Przemy\u015blany das \u00f6rtliche Klezmer-Orchester kapelye. Er hatte 14 Kinder, von denen 12 in seinem Orchester spielten. Unter ihnen war <a href=\"https:\/\/www.iemj.org\/de\/brandwein-naftule-1889-1963\/\" target=\"_blank\" rel=\"noopener\">Naftule Brandwein<\/a>, ein Klarinettist, der in Amerika ber\u00fchmt wurde. Nachfolger von Peysach Brandwein als Leiter des Klezmer-Orchesters wurde jedoch Herman Kleinman, Leopolds Vater und Geiger. Er spielte mit Sale Sekler (zweite Geige), Dudziu Brandwein (Bass), Antschel Klarnetist (Klarinette), Shie Tsimbler (Hackbrett) und Hershele Dudlsack (Schlagzeug und Tanz). Von den Bandmitgliedern konnten nur Herman Kleinman und Sale Sekler, Hermans Schwager, Noten lesen, die anderen hatten keine musikalische Ausbildung. Alle Bandmitglieder \u00fcbten einen Beruf aus: Herman und Sale waren Friseure, Antschel und Shie Schneider. Nur \u201eDudzio\u201c Brandwein verdiente seinen Lebensunterhalt mit der Musik, indem er in Przemy\u015blany eine eigene Tanzschule betrieb. Die Bandproben, an denen der junge Leopold teilnahm, fanden im Haus von Herman Kleinman statt.<\/p>\n<figure id=\"attachment_118127\" aria-describedby=\"caption-attachment-118127\" style=\"width: 300px\" class=\"wp-caption alignright\"><img fetchpriority=\"high\" decoding=\"async\" class=\"wp-image-118127 size-medium\" src=\"https:\/\/www.iemj.org\/wp-content\/uploads\/2025\/02\/Image1-300x224.jpg\" alt=\"\" width=\"300\" height=\"224\" srcset=\"https:\/\/www.iemj.org\/wp-content\/uploads\/2025\/02\/Image1-300x224.jpg 300w, https:\/\/www.iemj.org\/wp-content\/uploads\/2025\/02\/Image1.jpg 396w\" sizes=\"(max-width: 300px) 100vw, 300px\" \/><figcaption id=\"caption-attachment-118127\" class=\"wp-caption-text\"><strong>Adolf, Leopold und Herman Kleinman (ca. 1930). Quelle: Yale Strom, The Book of Klezmer, A Cappella Books 2002.<\/strong><\/figcaption><\/figure>\n<p>Schon als Kind war Leopold vom Klang des Hackbretts fasziniert und nahm Unterricht bei Shie Tsimbler in dessen Schneiderei. Im Alter von sechs Jahren begann er mit dem eigentlichen Klavierunterricht. Seine erste Lehrerin war eine Ukrainerin aus Przemy\u015blany, Frau Hawronowa. Der Unterricht fand bei ihr zu Hause statt, was damals wahrscheinlich der einzige Ort war, an dem er Klavier \u00fcben konnte. Ein eigenes Instrument bekam er erst 1937, ein Jahr nach der R\u00fcckkehr seines Vaters, der aus wirtschaftlichen Gr\u00fcnden f\u00fcr drei Jahre nach Argentinien emigriert war. Seiner Autobiographie zufolge begann er auch 1937 mit dem Klavierunterricht bei Professor Tadeusz Majerski am Konservatorium der Polnischen Musikgesellschaft in Lemberg.<\/p>\n<p>Als Jugendlicher machte sich Leopold mit den verschiedenen Arten von Musik vertraut, die ihn umgaben, insbesondere mit der Musik einer Zigeunergemeinschaft, die sich vor\u00fcbergehend in seiner Heimatstadt niedergelassen hatte. Statt zur Schule zu gehen, machte er es sich zur Gewohnheit, ihr Lager zu besuchen. Sp\u00e4ter, nach einer kurzen Liebesaff\u00e4re mit einer ukrainischen Putzfrau, interessiert er sich f\u00fcr ukrainische Volkslieder. Er h\u00f6rt auch gerne Radio und die dort gespielten Volkslieder, die er manchmal im Sommer auf dem galizischen Land spielt. Au\u00dferdem spielt er mit seinen Freunden im Schulorchester. 1937 l\u00e4dt ihn sein Vater ein, mit seinem Klezmer-Orchester auf Hochzeiten zu spielen. Als Akkordeonist ersetzte er den Hackbrettspieler Shie Tsimbler, der in den Ruhestand ging. Er komponiert bereits einige Melodien und spielt mit seinem Vater und seinem Bruder ein patriotisches Repertoire bei offiziellen Feiern zu polnischen Nationalfeiertagen.<\/p>\n<p><img decoding=\"async\" class=\"alignleft wp-image-118177 size-medium\" src=\"https:\/\/www.iemj.org\/wp-content\/uploads\/2025\/02\/Image5-1-300x203.jpg\" alt=\"\" width=\"300\" height=\"203\" srcset=\"https:\/\/www.iemj.org\/wp-content\/uploads\/2025\/02\/Image5-1-300x203.jpg 300w, https:\/\/www.iemj.org\/wp-content\/uploads\/2025\/02\/Image5-1.jpg 499w\" sizes=\"(max-width: 300px) 100vw, 300px\" \/><\/p>\n<p>Durch diese verschiedenen musikalischen Aktivit\u00e4ten erwarb Leopold Koz\u0142owski eine umfassende Kenntnis der Musik in Galizien, einer Region mit einer multiethnischen, multireligi\u00f6sen und multikulturellen Gesellschaft. Ironischerweise und wenig \u00fcberraschend scheint das traditionelle Repertoire der Kapelye-Band seines Vaters das geringste Interesse des jungen Mannes geweckt zu haben, denn die galizischen Juden jener Zeit hatten keine Vorliebe f\u00fcr diese Musik. Koz\u0142owski erinnert sich: \u201eG\u00e4ste [von Hochzeiten] kamen zu Herman Kleinman und baten ihn, einen Tango oder ein bestimmtes Lied zu spielen, das von Radio Lemberg gesendet wurde! Das war eine echte Herausforderung f\u00fcr das Orchester! Die Musiker mussten alles wissen, und wenn nicht, summte der Gast einfach die Melodie, die Musiker passten die Tonart an und die Musik war bereit zum Tanzen\u201c (Cygan, S. 58). Auch nach Koz\u0142owski \u201etanzten M\u00e4nner und Frauen zu Beginn der Hochzeitsfeier getrennt, wie es die Tradition vorschrieb\u201c. Kurz darauf tanzten sie jedoch gemeinsam&#8220; (Cygan, S. 58).<\/p>\n<p>Das traditionelle Hochzeitsrepertoire am Vorabend des Zweiten Weltkriegs bestand aus jiddischen Volksliedtiteln des sp\u00e4ten 19. und fr\u00fchen 20. Jahrhunderts wie \u201eRozhinkes mit mandlen\u201c, \u201eVu bistu geven?\u201c oder \u201eDi mizinke oysgegebn\u201c, die in Theatern aufgef\u00fchrt und von bekannten Autoren wie Abraham Goldfaden, Zusman Segalovich und Mark Warshawski komponiert wurden. Die \u201etraditionellen\u201c Melodien, die Koz\u0142owski aufz\u00e4hlt, scheinen also eher zeitgen\u00f6ssisch zu sein.<\/p>\n<p><img decoding=\"async\" class=\"size-full wp-image-118132 alignright\" src=\"https:\/\/www.iemj.org\/wp-content\/uploads\/2025\/02\/Image2.jpg\" alt=\"\" width=\"278\" height=\"185\" \/>Wie Walter Zev Feldman in seinem Artikel \u00fcber die galizischen Klezmer der Vorkriegszeit schreibt, nahm ihre Popularit\u00e4t tats\u00e4chlich schon zu Beginn des 20. Die Zeit zwischen den beiden Weltkriegen war lediglich der Schwanengesang der Klezmergruppen. Sie wurden dann von modernen j\u00fcdischen Musikgesellschaften (Jakubczyk-\u015al\u0119czka 2020) sowie von bekannten Komponisten und Interpreten ersetzt, die in der damaligen polnischen Popul\u00e4rmusikszene zahlreich vertreten waren (Gli\u0144ski 2014; Zimek, Jankowski 2019). In diesem Zusammenhang erscheint Koz\u0142owski als einer der letzten nahen Zeugen des traditionellen j\u00fcdischen Musiklebens.<\/p>\n<h3>Klezmermusik zur Zeit Leopold Koz\u0142owskis<\/h3>\n<p>Leopolds Vater pflegte seinen Bandmitgliedern zu sagen: \u201eEin Klezmer-Musiker muss alles spielen k\u00f6nnen. Nicht wegen des Geldes, sondern aus Ehrgeiz. Und f\u00fcr die Menschen, die es brauchen\u201c (Cygan, S. 86). Als Leopold also beschlie\u00dft, Musiker zu werden, begr\u00fcndet er seine Entscheidung damit, dass er dies \u201ef\u00fcr dieses neue Publikum tue, das auch Musik brauche\u201c (Cygan, S. 86). Nach seinen eigenen Worten versuchte er auch, \u201eden Inhalt und die Form\u201c der traditionellen j\u00fcdischen Musik zu bewahren (Cygan, S. 152). Auch wenn er also nicht alle alten Klezmer-Melodien beibehielt, versuchte er doch, ihre soziale Funktion zu erhalten.<\/p>\n<p>Das \u201eneue Publikum\u201c, von dem in seiner Biografie die Rede ist, waren keine anderen als die Russen, die Przemy\u015blany am 19. September 1939, dem 19. Tag des Zweiten Weltkriegs und nur zwei Tage nach dem Angriff der UdSSR auf Polen von Osten her einnahmen. Als er f\u00fcr sie spielte, erweiterte er sein Repertoire um sowjetische Musik. 1941 wurde die Stadt von den Deutschen eingenommen. Leopolds Vater, sein j\u00fcngerer Bruder und er beschlossen, aus Przemy\u015blany zu fliehen. Da sie keine Hoffnung auf Besserung ihrer Lage sahen, beschlossen sie, zu Leopolds Mutter zur\u00fcckzukehren. Ungl\u00fccklicherweise befahlen die Nazis im November 1941 allen m\u00e4nnlichen Juden \u00fcber 16 Jahren, sich im Stadtzentrum zu versammeln. Es sollte das letzte Mal sein, dass er seinen Vater sah.<\/p>\n<figure id=\"attachment_118182\" aria-describedby=\"caption-attachment-118182\" style=\"width: 300px\" class=\"wp-caption alignleft\"><img loading=\"lazy\" decoding=\"async\" class=\"size-medium wp-image-118182\" src=\"https:\/\/www.iemj.org\/wp-content\/uploads\/2025\/02\/LKK_5_Kozlowski-avec-son-frere-a-Przemyslany-300x223.jpg\" alt=\"\" width=\"300\" height=\"223\" srcset=\"https:\/\/www.iemj.org\/wp-content\/uploads\/2025\/02\/LKK_5_Kozlowski-avec-son-frere-a-Przemyslany-300x223.jpg 300w, https:\/\/www.iemj.org\/wp-content\/uploads\/2025\/02\/LKK_5_Kozlowski-avec-son-frere-a-Przemyslany.jpg 600w\" sizes=\"(max-width: 300px) 100vw, 300px\" \/><figcaption id=\"caption-attachment-118182\" class=\"wp-caption-text\"><strong>Koz\u0142owski mit seinem Bruder in Przemy\u015blany<\/strong><\/figcaption><\/figure>\n<p>1943 wurde Koz\u0142owski gezwungen, im nationalsozialistischen Arbeitslager Jaktor\u00f3w Akkordeon zu spielen. Dies rettet seiner Familie das Leben, als die Nazis beschlie\u00dfen, das Ghetto von Przemy\u015blany aufzul\u00f6sen, denn Leopold kann ihre Verlegung in das Lager beantragen. Dort spielte er wieder Volksmusik f\u00fcr die feiernden Deutschen und deutsche Milit\u00e4rm\u00e4rsche f\u00fcr die Gefangenen, die au\u00dferhalb des Lagers zur Arbeit gingen oder von dort zur\u00fcckkehrten. Dasselbe tut er im n\u00e4chsten Arbeitslager in Kurowice, bis die Nazis im Juli 1943 beschlie\u00dfen, das Lager zu schlie\u00dfen. Zu diesem Zeitpunkt rettete Leopold seine Mutter, seinen Bruder und sich selbst mit Hilfe polnischer Partisanen. Er und Dolko schlossen sich ihnen in den nahegelegenen W\u00e4ldern an. Ihre Mutter versteckten sie in der Scheune eines ukrainischen Bauern, doch am n\u00e4chsten Tag fanden sie sie tot auf, ermordet von Nazi-Soldaten, die die Gegend durchk\u00e4mmten. 1944 wurde auch Dolko von der ukrainischen Aufstandsarmee get\u00f6tet, die in Ostgalizien ethnische S\u00e4uberungen durchf\u00fchrte.<\/p>\n<p>Nachdem er seine Angeh\u00f6rigen verloren hat, ist Leopold mit seinen Freunden aus der 1. Kompanie des 44. Infanterieregiments allein. Auch nach dem Krieg beschlie\u00dft er, Soldat zu bleiben. Um die Jahreswende 1945 und 1946 zog er nach Krakau, wo er 1947 eine Milit\u00e4rkapelle gr\u00fcndete. Er begann mit einem 12-k\u00f6pfigen Orchester und einem Chor, baute diese Ensembles jedoch zu einem vollst\u00e4ndigen Symphonieorchester, einem 50-k\u00f6pfigen Chor und 8 Balletttanzpaaren aus, die 1953 den polnischen Wettbewerb f\u00fcr Milit\u00e4rkapellen gewannen. 1956 schloss er die Musikakademie in Krakau mit einem Diplom ab und wurde offiziell professioneller Dirigent. Als Arrangeur und Komponist von Milit\u00e4rmusik und als Dirigent von Milit\u00e4rkapellen feierte er zahlreiche Erfolge. Im Jahr 1967 wurde er Leiter des Milit\u00e4rmusikfestivals in Ko\u0142obrzeg. Allerdings nur f\u00fcr kurze Zeit. Im M\u00e4rz 1968 erreichte die politische Krise in Polen ihren H\u00f6hepunkt und m\u00fcndete in eine antisemitische Kampagne. Die politische und soziale Schikanierung der polnischen Juden zwingt die meisten von ihnen zur Auswanderung. F\u00fcr Leopold bedeutet dies das Ende seiner milit\u00e4rischen Karriere.<\/p>\n<p><span style=\"font-size: revert; color: var(--bs-body-color); font-family: var(--bs-body-font-family); font-weight: var(--bs-body-font-weight); text-align: var(--bs-body-text-align); background-color: var(--bs-body-bg);\">Trotz aller Schwierigkeiten entschied er sich, in Polen zu bleiben. 1969 boten ihm seine Freunde eine Stelle als Berater des Gesangs- und Tanzensembles \u201eRzeszowiacy\u201c in Mielec an. Doch auch diesmal leistet er mehr, als von ihm erwartet wird. Er baute ein gro\u00dfes Orchester in Mielec und sp\u00e4ter in Krosno auf. In den 1970er Jahren begann seine Zusammenarbeit mit dem<img loading=\"lazy\" decoding=\"async\" class=\"size-medium wp-image-118137 alignright\" src=\"https:\/\/www.iemj.org\/wp-content\/uploads\/2025\/02\/Image3-300x212.jpg\" alt=\"\" width=\"300\" height=\"212\" srcset=\"https:\/\/www.iemj.org\/wp-content\/uploads\/2025\/02\/Image3-300x212.jpg 300w, https:\/\/www.iemj.org\/wp-content\/uploads\/2025\/02\/Image3.jpg 500w\" sizes=\"(max-width: 300px) 100vw, 300px\" \/> J\u00fcdischen Theater in Warschau, f\u00fcr das er ein <\/span><span style=\"font-size: revert; color: var(--bs-body-color); font-family: var(--bs-body-font-family); font-weight: var(--bs-body-font-weight); text-align: var(--bs-body-text-align); background-color: var(--bs-body-bg);\">Arrangement des Musicals \u201eFiddler on the Roof [Anatevka]\u201c und andere musikalische Arrangements f\u00fcr St\u00fccke, die dort aufgef\u00fchrt wurden. Au\u00dferdem arbeitet er f\u00fcr die Filmindustrie. Er koproduzierte die Musik f\u00fcr Filme \u00fcber j\u00fcdische Themen wie \u201eAusteria\u201c (1982) und \u201eSchindlers Liste\u201c (1993) sowie die Musik f\u00fcr einige Filme, die in Polen spielen. In dieser Zeit machte er sich auch einen Namen als Spezialist f\u00fcr Roma-Musik. Er leitet das Gesangs- und Tanzensemble \u201eRoma\u201c. Das Ensemble reist durch Westeuropa und Amerika und gibt zahlreiche Auff\u00fchrungen. Schlie\u00dflich werden amerikanische Liebhaber der Klezmer-Renaissance auf Koz\u0142owski aufmerksam und ermutigen ihn, sich auf sein heimatliches musikalisches Erbe zu konzentrieren. Als sich die politische Situation in Polen in den 1980er Jahren zu \u00e4ndern begann, konnte er endlich ohne St\u00f6rungen und Einschr\u00e4nkungen mit j\u00fcdischer Musik arbeiten.<\/span><\/p>\n<h3>Sein Repertoire<\/h3>\n<p>Leopold hat nie aufgeh\u00f6rt, Klezmer-Musiker zu sein, und ist immer den Bestrebungen seines Vaters gefolgt. Als typischer Klezmer-Musiker begleitet er mit seiner Musik gew\u00f6hnliche Menschen in ihrem Alltag und erz\u00e4hlt dabei die Geschichte der Juden. In den 1970er Jahren begann er, wie bereits erw\u00e4hnt, mit dem J\u00fcdischen Theater in Warschau zusammenzuarbeiten. Seine Bearbeitung von \u201eAnatevka\u201c wurde seit den 1980er Jahren auch im Musiktheater Gdynia, in der Operette Wroc\u0142aw, in der Operette Krakau, im Gro\u00dfen Theater Warschau, im Unterhaltungstheater Chorz\u00f3w sowie in Wroc\u0142aw in der Hala Stulecia (eine Produktion in Zusammenarbeit mit der Oper Wroc\u0142aw) inszeniert.<\/p>\n<p><img loading=\"lazy\" decoding=\"async\" class=\"size-medium wp-image-118142 alignleft\" src=\"https:\/\/www.iemj.org\/wp-content\/uploads\/2025\/02\/Image4-300x166.jpg\" alt=\"\" width=\"300\" height=\"166\" srcset=\"https:\/\/www.iemj.org\/wp-content\/uploads\/2025\/02\/Image4-300x166.jpg 300w, https:\/\/www.iemj.org\/wp-content\/uploads\/2025\/02\/Image4.jpg 542w\" sizes=\"(max-width: 300px) 100vw, 300px\" \/>Kurz nach 1989 markiert ein spontaner Auftritt im Hotel Alef in Kazimierz, dem j\u00fcdischen Vorkriegsviertel von Krakau, einen Wendepunkt in seinem Leben. 1994 begleitete er Jacek Cygan am Klavier bei einigen j\u00fcdischen Liedern, die dieser ins Polnische \u00fcbersetzt hatte. Dies war der Beginn ihrer Zusammenarbeit. Gemeinsam mit einigen polnischen S\u00e4ngern, Musikern und Schauspielern begannen sie, \u00f6ffentlich aufzutreten. Jedes Jahr geben sie ein Konzert beim Festival der j\u00fcdischen Kultur in Krakau. Au\u00dferdem nahmen sie zwei CDs mit alten und neuen jiddischen Liedern auf, die von Leopold Koz\u0142owski arrangiert oder komponiert und von seinem Freund Jacek Cygan ins Polnische \u00fcbersetzt oder geschrieben wurden (2002).<\/p>\n<p>In ihrem Repertoire befindet sich unter anderem Koz\u0142owskis Original-Lied \u201eGdy jedna \u0142za\u201c (\u201eWenn eine Tr\u00e4ne f\u00e4llt&#8230;\u201c), in dem er den traditionellen Klezmer-Rhythmus der Hora\/Zhok verwendete. Er brachte Lieder, die von polnisch-j\u00fcdischen Musikern der Vorkriegszeit wie Mordekhai Gebirtig oder Nakhum Sternheim geschrieben wurden, wieder in Mode und integrierte sie in die polnische B\u00fchnenmusik. Ihr Repertoire umfasst auch viele humorvolle Lieder, die das j\u00fcdische Leben auf einfache und zug\u00e4ngliche Weise darstellen. Eines davon ist das Lied \u201eBo on jest klezmer\u201c (\u201eDenn er ist ein Klezmer\u201c), in dem es um das Gest\u00e4ndnis eines jungen M\u00e4dchens geht, das sich in einen j\u00fcdischen Musiker verliebt hat. Leider interessierte er sich mehr f\u00fcr die Klarinette als f\u00fcr sie, was sie durch die Verwendung lustiger Lautmalereien in ihrem Lied auf die Schippe nimmt.<\/p>\n<p><img loading=\"lazy\" decoding=\"async\" class=\"size-medium wp-image-118198 alignright\" src=\"https:\/\/www.iemj.org\/wp-content\/uploads\/2025\/02\/Capture-Dona-Shalom-Secunda-300x228.jpg\" alt=\"\" width=\"300\" height=\"228\" srcset=\"https:\/\/www.iemj.org\/wp-content\/uploads\/2025\/02\/Capture-Dona-Shalom-Secunda-300x228.jpg 300w, https:\/\/www.iemj.org\/wp-content\/uploads\/2025\/02\/Capture-Dona-Shalom-Secunda.jpg 500w\" sizes=\"(max-width: 300px) 100vw, 300px\" \/>Es gibt \u00fcbrigens auch andere Lieder dieser Art, die in ihrem Bem\u00fchen, witzig zu sein, zu weit gehen und den urspr\u00fcnglichen Liedern ihre Tiefe und folkloristische Weisheit nehmen. So erz\u00e4hlt \u201eDona dona\u201c von Sholom Secunda die Geschichte eines j\u00fcdischen H\u00e4ndlers, der sein Kalb zum Markt bringt. Seine Reise wird zum Anlass, \u00fcber das Schicksal des Kalbes nachzudenken, das \u201eangebunden und geschlachtet wird, ohne dass man wei\u00df, warum\u201c. Urspr\u00fcnglich sollte das Lied die Freiheit preisen, doch in der \u00dcbersetzung von Jacek Cygan wird daraus eine humorvolle Anekdote, in der sich der H\u00e4ndler und sein Tier dar\u00fcber streiten, wer weniger Gl\u00fcck hat.<\/p>\n<p>Koz\u0142owskis Repertoire umfasst auch wichtige und originelle Lieder, von denen einige sogar symbolischen Charakter haben. So erz\u00e4hlt \u201eBallada o Szmuliku\u201c (\u201eBallade \u00fcber Schmulik\u201c) die Geschichte eines j\u00fcdischen Vorkriegsschusters aus dem Krakauer Stadtteil Kazimierz, der sich w\u00e4hrend der Nazi-Besatzung als blinder Bettler ausgab, vor der Katharinenkirche sa\u00df und auf seinem Akkordeon chassidische Melodien spielte. Das Lied endet mit den Worten: &#8222;Offenbar wollte der Herr, als er so viel B\u00f6ses sah, dass das j\u00fcdische Leben wenigstens einmal durch das Kreuz gerettet w\u00fcrde. Der ehemalige Krakauer Kardinal Franciszek Macharski soll beim H\u00f6ren dieses Liedes gesagt haben, es sei das \u00f6kumenischste Lied, das er je geh\u00f6rt habe (Cygan, 197).<\/p>\n<p>Eines der bewegendsten Lieder Koz\u0142owskis ist \u201eTak jak malowa\u0142 pan Chagall\u201c (\u201eWie Herr Chagall es gemalt hat\u201c). Der Text stammt von dem polnischen Dichter und S\u00e4nger Wojciech M\u0142ynarski, der sich von der Auff\u00fchrung \u201eBonjour Monsieur Chagall\u201c inspirieren lie\u00df, die er im J\u00fcdischen Theater in Warschau gesehen hatte (Urauff\u00fchrung 1979, mit Musik von Koz\u0142owski). Beeindruckt von dieser Auff\u00fchrung bat M\u0142ynarski Koz\u0142owski, die Musik zu seinen Texten zu komponieren. Koz\u0142owski erinnerte sich sp\u00e4ter, dass er diesen Auftrag als Hommage an das j\u00fcdische Volk verstand, das w\u00e4hrend der antisemitischen Kampagne von 1968 aus Polen vertrieben worden war.<\/p>\n<h3>Chronist, Vision\u00e4r, Vordenker<\/h3>\n<p>Das Werk Leopold Koz\u0142owskis war nie Gegenstand akademischer Analysen, weder musikwissenschaftlicher noch soziologischer Art. Die historischen, sozialen und \u00e4sthetischen Werte seiner Kompositionen wurden nie reflektiert. Koz\u0142owski selbst, die musikalische Ikone von Kazimierz in der Nachkriegszeit, wurde nie als soziale und kulturelle Referenz betrachtet und daher auch nie kritisch reflektiert.<\/p>\n<p>Es scheint an der Zeit, \u201eden Staub des Vergessens wegzublasen\u201c und sich zu fragen, was er uns als Chronist der j\u00fcngsten Geschichte der polnischen Juden sagen will. Was kann er uns als bitter gepr\u00fcfter Mensch und als sensibler und weitsichtiger K\u00fcnstler lehren? Was k\u00f6nnten wir entdecken, wenn wir ihn wie einen Leuchtturm durch die j\u00fcngste Geschichte der Beziehungen zwischen Juden und Polen f\u00fchren lie\u00dfen?<\/p>\n<p><strong>Bibliografie<\/strong><\/p>\n<ul>\n<li>Cygan Jacek, <em>Klezmer: Opowie\u015b\u0107 o \u017cyciu Leopolda Koz\u0142owskiego-Kleinmana<\/em>, Krak\u00f3w-Budapeszt 2009.<\/li>\n<li>Feldman Walter Zev, <em>Remembrance of Things Past: Klezmer Musicians of Galicia, 1870-1940<\/em>, [in:] \u2018Polin. Studies in Polish Jewry: Focusing on Jewish Popular Culture and Its Afterlife\u2019, ed. M. C. Steinlauf, A. Polonsky, 2003 vol. 16, p. 29-58.<\/li>\n<li><a href=\"https:\/\/culture.pl\/pl\/artykul\/polska-piosenka-pochodzenia-zydowskiego\" target=\"_blank\" rel=\"noopener\">Gli\u0144ski Miko\u0142aj, <em>Polska piosenka pochodzenia \u017cydowskiego<\/em>, 2014<\/a>.<\/li>\n<li>Jakubczyk-\u015al\u0119czka Sylwia, <em>Jewish Music Organizations in Interwar Galicia<\/em>, [in:] \u2018Polin. Studies in Polish Jewry: Jews and Music-Making in the Polish Lands\u2019, ed. F. Guesnet, B. Matis, A. Polonsky, 2020 vol. 32, p. 343-370.<\/li>\n<li>Jankowski Tomasz, Zimek Katarzyna, <em>Hebrew Tango in Interwar Poland<\/em>, Warsaw 2019.<\/li>\n<li><em>Ostatni klezmer. Leopold Koz\u0142owski i przyjaciele <\/em>[CD], WFDiF 2017.<\/li>\n<\/ul>\n<p><strong>Bericht von der Zeremonie an der Jagiellonen-Universit\u00e4t<\/strong><\/p>\n<ul>\n<li><a href=\"https:\/\/www.uj.edu.pl\/wiadomosci\/-\/journal_content\/56_INSTANCE_d82lKZvhit4m\/10172\/156300501\" target=\"_blank\" rel=\"noopener\"><em>Do Instytutu Muzykologii UJ trafi\u0142a Kolekcja Leopolda Koz\u0142owskiego<\/em>, the official website of the Jagiellonian University<\/a><\/li>\n<li><a href=\"https:\/\/krakow.tvp.pl\/78161435\/muzyczna-kolekcja-ostatniego-klezmera-galicji-przekazana-instytutowi-muzykologii-uj\" target=\"_blank\" rel=\"noopener\"><em>Muzyczna kolekcja ostatniego klezmera Galicji przekazana Instytutowi Muzykologii UJ<\/em>, the official website of Krak\u00f3w TV Channel<\/a><\/li>\n<li><a href=\"https:\/\/www.radiokrakow.pl\/aktualnosci\/krakow\/niezwykly-dar-marty-kozlowskiej-wozniak-corki-ostatniego-klezmera-galicji\" target=\"_blank\" rel=\"noopener\"><em>Niezwyk\u0142y dar Marty Koz\u0142owskiej-Wo\u017aniak, c\u00f3rki ostatniego \u201eklezmera Galicji\u201d<\/em>, the official website of Radio Krak\u00f3w<\/a><\/li>\n<li><a href=\"https:\/\/muzykologia.uj.edu.pl\/instytut\/wiadomosci\/-\/journal_content\/56_INSTANCE_SddTLPtJYs3J\/6464892\/156261114\" target=\"_blank\" rel=\"noopener\"><em>Uroczysto\u015b\u0107 przekazania Instytutowi Muzykologii UJ \u201eKolekcji Leopolda Koz\u0142owskiego\u201d \u2013 relacje<\/em>, the official website of the Musicology Institute at the Jagiellonian University<\/a><\/li>\n<\/ul>\n<p style=\"text-align: center;\">&#8212;&#8212;&#8212;&#8212;&#8212;&#8212;&#8212;&#8212;&#8212;&#8212;-<\/p>\n<p><em><a href=\"https:\/\/muzykologia.uj.edu.pl\/instytut\/pracownicy\/-\/journal_content\/56_INSTANCE_Pl4GTGO2JbJS\/6464892\/145407663\" target=\"_blank\" rel=\"noopener\">Sylwia Jakubczyk-\u015al\u0119czka<\/a> ist Musikwissenschaftlerin und Mitglied des Lehrk\u00f6rpers am Institut f\u00fcr Musikwissenschaft der Jagiellonen-Universit\u00e4t in Krakau, Polen. Ihr Forschungsschwerpunkt ist das Musikleben der galizischen Juden. Sie ist Autorin zahlreicher Artikel zu diesem Thema sowie einer Monographie \u00fcber den Krakauer Vorkriegskantor Eliezer Goldberg.<\/em><\/p>\n\n\n<div class=\"wp-block-columns are-vertically-aligned-center is-layout-flex wp-container-core-columns-is-layout-9d6595d7 wp-block-columns-is-layout-flex\">\n<div class=\"wp-block-column is-vertically-aligned-center is-layout-flow wp-block-column-is-layout-flow\">\n<figure class=\"wp-block-embed is-type-video is-provider-youtube wp-block-embed-youtube wp-embed-aspect-4-3 wp-has-aspect-ratio\"><div class=\"wp-block-embed__wrapper\">\n<iframe title=\"Ballada o Szmuliku (Live)\" width=\"640\" height=\"480\" src=\"https:\/\/www.youtube.com\/embed\/11VTJnJ3Q6E?feature=oembed\" frameborder=\"0\" allow=\"accelerometer; autoplay; clipboard-write; encrypted-media; gyroscope; picture-in-picture; web-share\" referrerpolicy=\"strict-origin-when-cross-origin\" allowfullscreen><\/iframe>\n<\/div><\/figure>\n<\/div>\n\n\n\n<div class=\"wp-block-column is-vertically-aligned-center is-layout-flow wp-block-column-is-layout-flow\">\n<figure class=\"wp-block-embed is-type-video is-provider-youtube wp-block-embed-youtube wp-embed-aspect-4-3 wp-has-aspect-ratio\"><div class=\"wp-block-embed__wrapper\">\n<iframe title=\"Gdy Jedna \u0141za\" width=\"640\" height=\"480\" src=\"https:\/\/www.youtube.com\/embed\/3l4n57XJ7dQ?feature=oembed\" frameborder=\"0\" allow=\"accelerometer; autoplay; clipboard-write; encrypted-media; gyroscope; picture-in-picture; web-share\" referrerpolicy=\"strict-origin-when-cross-origin\" allowfullscreen><\/iframe>\n<\/div><\/figure>\n<\/div>\n<\/div>\n\n\n\n<p><\/p>\n","protected":false},"excerpt":{"rendered":"","protected":false},"author":5,"featured_media":118123,"comment_status":"closed","ping_status":"closed","sticky":false,"template":"","format":"standard","meta":{"_acf_changed":false,"footnotes":""},"categories":[1406],"tags":[4031],"technique":[],"squelettes":[],"sujet":[],"formation":[],"genre":[1875],"fonds":[],"tradition":[],"type-de-contenu":[],"interprete-compositeur":[],"frise":[],"type-devenement":[],"tableaux-liens-externes":[],"class_list":["post-118161","post","type-post","status-publish","format-standard","has-post-thumbnail","hentry","category-hintergrundartikel-de","tag-polen","genre-klezmer-de"],"acf":[],"yoast_head":"<!-- This site is optimized with the Yoast SEO plugin v27.3 - https:\/\/yoast.com\/product\/yoast-seo-wordpress\/ -->\n<title>Leopold Kleinman-Koz\u0142owski (1918-2019) - Der letzte Klezmer-Musiker aus Galizien - Institut Europ\u00e9en des Musiques Juives<\/title>\n<meta name=\"robots\" content=\"index, follow, max-snippet:-1, max-image-preview:large, max-video-preview:-1\" \/>\n<link rel=\"canonical\" href=\"https:\/\/www.iemj.org\/de\/leopold-kleinman-kozlowski-1918-2019-le-dernier-musicien-klezmer-de-galicie-et-son-oeuvre\/\" \/>\n<meta property=\"og:locale\" content=\"de_DE\" \/>\n<meta property=\"og:type\" content=\"article\" \/>\n<meta property=\"og:title\" content=\"Leopold Kleinman-Koz\u0142owski (1918-2019) - Der letzte Klezmer-Musiker aus Galizien - Institut Europ\u00e9en des Musiques Juives\" \/>\n<meta property=\"og:url\" content=\"https:\/\/www.iemj.org\/de\/leopold-kleinman-kozlowski-1918-2019-le-dernier-musicien-klezmer-de-galicie-et-son-oeuvre\/\" \/>\n<meta property=\"og:site_name\" content=\"Institut Europ\u00e9en des Musiques Juives\" \/>\n<meta property=\"article:publisher\" content=\"https:\/\/www.facebook.com\/MusiquesJuives\/\" \/>\n<meta property=\"article:published_time\" content=\"2025-02-27T16:57:14+00:00\" \/>\n<meta property=\"article:modified_time\" content=\"2025-03-04T15:49:31+00:00\" \/>\n<meta property=\"og:image\" content=\"https:\/\/www.iemj.org\/wp-content\/uploads\/2025\/02\/Logo.jpg\" \/>\n\t<meta property=\"og:image:width\" content=\"500\" \/>\n\t<meta property=\"og:image:height\" content=\"500\" \/>\n\t<meta property=\"og:image:type\" content=\"image\/jpeg\" \/>\n<meta name=\"author\" content=\"Jacqueline ROTEN\" \/>\n<meta name=\"twitter:card\" content=\"summary_large_image\" \/>\n<meta name=\"twitter:label1\" content=\"Verfasst von\" \/>\n\t<meta name=\"twitter:data1\" content=\"Jacqueline ROTEN\" \/>\n\t<meta name=\"twitter:label2\" content=\"Gesch\u00e4tzte Lesezeit\" \/>\n\t<meta name=\"twitter:data2\" content=\"15\u00a0Minuten\" \/>\n<script type=\"application\/ld+json\" class=\"yoast-schema-graph\">{\"@context\":\"https:\\\/\\\/schema.org\",\"@graph\":[{\"@type\":\"Article\",\"@id\":\"https:\\\/\\\/www.iemj.org\\\/de\\\/leopold-kleinman-kozlowski-1918-2019-le-dernier-musicien-klezmer-de-galicie-et-son-oeuvre\\\/#article\",\"isPartOf\":{\"@id\":\"https:\\\/\\\/www.iemj.org\\\/de\\\/leopold-kleinman-kozlowski-1918-2019-le-dernier-musicien-klezmer-de-galicie-et-son-oeuvre\\\/\"},\"author\":{\"name\":\"Jacqueline ROTEN\",\"@id\":\"https:\\\/\\\/www.iemj.org\\\/de\\\/#\\\/schema\\\/person\\\/358e26c18aca017fcc4cc15437f7279c\"},\"headline\":\"Leopold Kleinman-Koz\u0142owski (1918-2019) &#8211; Der letzte Klezmer-Musiker aus Galizien\",\"datePublished\":\"2025-02-27T16:57:14+00:00\",\"dateModified\":\"2025-03-04T15:49:31+00:00\",\"mainEntityOfPage\":{\"@id\":\"https:\\\/\\\/www.iemj.org\\\/de\\\/leopold-kleinman-kozlowski-1918-2019-le-dernier-musicien-klezmer-de-galicie-et-son-oeuvre\\\/\"},\"wordCount\":2646,\"publisher\":{\"@id\":\"https:\\\/\\\/www.iemj.org\\\/de\\\/#organization\"},\"image\":{\"@id\":\"https:\\\/\\\/www.iemj.org\\\/de\\\/leopold-kleinman-kozlowski-1918-2019-le-dernier-musicien-klezmer-de-galicie-et-son-oeuvre\\\/#primaryimage\"},\"thumbnailUrl\":\"https:\\\/\\\/www.iemj.org\\\/wp-content\\\/uploads\\\/2025\\\/02\\\/Logo.jpg\",\"keywords\":[\"Polen\"],\"articleSection\":[\"Hintergrundartikel\"],\"inLanguage\":\"de\"},{\"@type\":\"WebPage\",\"@id\":\"https:\\\/\\\/www.iemj.org\\\/de\\\/leopold-kleinman-kozlowski-1918-2019-le-dernier-musicien-klezmer-de-galicie-et-son-oeuvre\\\/\",\"url\":\"https:\\\/\\\/www.iemj.org\\\/de\\\/leopold-kleinman-kozlowski-1918-2019-le-dernier-musicien-klezmer-de-galicie-et-son-oeuvre\\\/\",\"name\":\"Leopold Kleinman-Koz\u0142owski (1918-2019) - Der letzte Klezmer-Musiker aus Galizien - Institut Europ\u00e9en des Musiques Juives\",\"isPartOf\":{\"@id\":\"https:\\\/\\\/www.iemj.org\\\/de\\\/#website\"},\"primaryImageOfPage\":{\"@id\":\"https:\\\/\\\/www.iemj.org\\\/de\\\/leopold-kleinman-kozlowski-1918-2019-le-dernier-musicien-klezmer-de-galicie-et-son-oeuvre\\\/#primaryimage\"},\"image\":{\"@id\":\"https:\\\/\\\/www.iemj.org\\\/de\\\/leopold-kleinman-kozlowski-1918-2019-le-dernier-musicien-klezmer-de-galicie-et-son-oeuvre\\\/#primaryimage\"},\"thumbnailUrl\":\"https:\\\/\\\/www.iemj.org\\\/wp-content\\\/uploads\\\/2025\\\/02\\\/Logo.jpg\",\"datePublished\":\"2025-02-27T16:57:14+00:00\",\"dateModified\":\"2025-03-04T15:49:31+00:00\",\"breadcrumb\":{\"@id\":\"https:\\\/\\\/www.iemj.org\\\/de\\\/leopold-kleinman-kozlowski-1918-2019-le-dernier-musicien-klezmer-de-galicie-et-son-oeuvre\\\/#breadcrumb\"},\"inLanguage\":\"de\",\"potentialAction\":[{\"@type\":\"ReadAction\",\"target\":[\"https:\\\/\\\/www.iemj.org\\\/de\\\/leopold-kleinman-kozlowski-1918-2019-le-dernier-musicien-klezmer-de-galicie-et-son-oeuvre\\\/\"]}]},{\"@type\":\"ImageObject\",\"inLanguage\":\"de\",\"@id\":\"https:\\\/\\\/www.iemj.org\\\/de\\\/leopold-kleinman-kozlowski-1918-2019-le-dernier-musicien-klezmer-de-galicie-et-son-oeuvre\\\/#primaryimage\",\"url\":\"https:\\\/\\\/www.iemj.org\\\/wp-content\\\/uploads\\\/2025\\\/02\\\/Logo.jpg\",\"contentUrl\":\"https:\\\/\\\/www.iemj.org\\\/wp-content\\\/uploads\\\/2025\\\/02\\\/Logo.jpg\",\"width\":500,\"height\":500},{\"@type\":\"BreadcrumbList\",\"@id\":\"https:\\\/\\\/www.iemj.org\\\/de\\\/leopold-kleinman-kozlowski-1918-2019-le-dernier-musicien-klezmer-de-galicie-et-son-oeuvre\\\/#breadcrumb\",\"itemListElement\":[{\"@type\":\"ListItem\",\"position\":1,\"name\":\"Accueil\",\"item\":\"https:\\\/\\\/www.iemj.org\\\/de\\\/\"},{\"@type\":\"ListItem\",\"position\":2,\"name\":\"Leopold Kleinman-Koz\u0142owski (1918-2019) &#8211; Der letzte Klezmer-Musiker aus Galizien\"}]},{\"@type\":\"WebSite\",\"@id\":\"https:\\\/\\\/www.iemj.org\\\/de\\\/#website\",\"url\":\"https:\\\/\\\/www.iemj.org\\\/de\\\/\",\"name\":\"Institut Europ\u00e9en des Musiques Juives\",\"description\":\"Des traditions musicales \u00e0 la port\u00e9e de tous\",\"publisher\":{\"@id\":\"https:\\\/\\\/www.iemj.org\\\/de\\\/#organization\"},\"potentialAction\":[{\"@type\":\"SearchAction\",\"target\":{\"@type\":\"EntryPoint\",\"urlTemplate\":\"https:\\\/\\\/www.iemj.org\\\/de\\\/?s={search_term_string}\"},\"query-input\":{\"@type\":\"PropertyValueSpecification\",\"valueRequired\":true,\"valueName\":\"search_term_string\"}}],\"inLanguage\":\"de\"},{\"@type\":\"Organization\",\"@id\":\"https:\\\/\\\/www.iemj.org\\\/de\\\/#organization\",\"name\":\"Institut Europ\u00e9en des Musiques Juives\",\"url\":\"https:\\\/\\\/www.iemj.org\\\/de\\\/\",\"logo\":{\"@type\":\"ImageObject\",\"inLanguage\":\"de\",\"@id\":\"https:\\\/\\\/www.iemj.org\\\/de\\\/#\\\/schema\\\/logo\\\/image\\\/\",\"url\":\"https:\\\/\\\/www.iemj.org\\\/wp-content\\\/uploads\\\/2021\\\/09\\\/Logo-IEMJ-Paypal.jpg\",\"contentUrl\":\"https:\\\/\\\/www.iemj.org\\\/wp-content\\\/uploads\\\/2021\\\/09\\\/Logo-IEMJ-Paypal.jpg\",\"width\":150,\"height\":50,\"caption\":\"Institut Europ\u00e9en des Musiques Juives\"},\"image\":{\"@id\":\"https:\\\/\\\/www.iemj.org\\\/de\\\/#\\\/schema\\\/logo\\\/image\\\/\"},\"sameAs\":[\"https:\\\/\\\/www.facebook.com\\\/MusiquesJuives\\\/\",\"https:\\\/\\\/www.instagram.com\\\/musiquesjuives\\\/\",\"https:\\\/\\\/www.youtube.com\\\/user\\\/musiquesjuives\"]},{\"@type\":\"Person\",\"@id\":\"https:\\\/\\\/www.iemj.org\\\/de\\\/#\\\/schema\\\/person\\\/358e26c18aca017fcc4cc15437f7279c\",\"name\":\"Jacqueline ROTEN\",\"image\":{\"@type\":\"ImageObject\",\"inLanguage\":\"de\",\"@id\":\"https:\\\/\\\/secure.gravatar.com\\\/avatar\\\/5964256d6c6957de3a3505278957e0fb2a35119ac47ea41827a65301213c810b?s=96&d=mm&r=g\",\"url\":\"https:\\\/\\\/secure.gravatar.com\\\/avatar\\\/5964256d6c6957de3a3505278957e0fb2a35119ac47ea41827a65301213c810b?s=96&d=mm&r=g\",\"contentUrl\":\"https:\\\/\\\/secure.gravatar.com\\\/avatar\\\/5964256d6c6957de3a3505278957e0fb2a35119ac47ea41827a65301213c810b?s=96&d=mm&r=g\",\"caption\":\"Jacqueline ROTEN\"}}]}<\/script>\n<!-- \/ Yoast SEO plugin. -->","yoast_head_json":{"title":"Leopold Kleinman-Koz\u0142owski (1918-2019) - Der letzte Klezmer-Musiker aus Galizien - Institut Europ\u00e9en des Musiques Juives","robots":{"index":"index","follow":"follow","max-snippet":"max-snippet:-1","max-image-preview":"max-image-preview:large","max-video-preview":"max-video-preview:-1"},"canonical":"https:\/\/www.iemj.org\/de\/leopold-kleinman-kozlowski-1918-2019-le-dernier-musicien-klezmer-de-galicie-et-son-oeuvre\/","og_locale":"de_DE","og_type":"article","og_title":"Leopold Kleinman-Koz\u0142owski (1918-2019) - Der letzte Klezmer-Musiker aus Galizien - Institut Europ\u00e9en des Musiques Juives","og_url":"https:\/\/www.iemj.org\/de\/leopold-kleinman-kozlowski-1918-2019-le-dernier-musicien-klezmer-de-galicie-et-son-oeuvre\/","og_site_name":"Institut Europ\u00e9en des Musiques Juives","article_publisher":"https:\/\/www.facebook.com\/MusiquesJuives\/","article_published_time":"2025-02-27T16:57:14+00:00","article_modified_time":"2025-03-04T15:49:31+00:00","og_image":[{"width":500,"height":500,"url":"https:\/\/www.iemj.org\/wp-content\/uploads\/2025\/02\/Logo.jpg","type":"image\/jpeg"}],"author":"Jacqueline ROTEN","twitter_card":"summary_large_image","twitter_misc":{"Verfasst von":"Jacqueline ROTEN","Gesch\u00e4tzte Lesezeit":"15\u00a0Minuten"},"schema":{"@context":"https:\/\/schema.org","@graph":[{"@type":"Article","@id":"https:\/\/www.iemj.org\/de\/leopold-kleinman-kozlowski-1918-2019-le-dernier-musicien-klezmer-de-galicie-et-son-oeuvre\/#article","isPartOf":{"@id":"https:\/\/www.iemj.org\/de\/leopold-kleinman-kozlowski-1918-2019-le-dernier-musicien-klezmer-de-galicie-et-son-oeuvre\/"},"author":{"name":"Jacqueline ROTEN","@id":"https:\/\/www.iemj.org\/de\/#\/schema\/person\/358e26c18aca017fcc4cc15437f7279c"},"headline":"Leopold Kleinman-Koz\u0142owski (1918-2019) &#8211; Der letzte Klezmer-Musiker aus Galizien","datePublished":"2025-02-27T16:57:14+00:00","dateModified":"2025-03-04T15:49:31+00:00","mainEntityOfPage":{"@id":"https:\/\/www.iemj.org\/de\/leopold-kleinman-kozlowski-1918-2019-le-dernier-musicien-klezmer-de-galicie-et-son-oeuvre\/"},"wordCount":2646,"publisher":{"@id":"https:\/\/www.iemj.org\/de\/#organization"},"image":{"@id":"https:\/\/www.iemj.org\/de\/leopold-kleinman-kozlowski-1918-2019-le-dernier-musicien-klezmer-de-galicie-et-son-oeuvre\/#primaryimage"},"thumbnailUrl":"https:\/\/www.iemj.org\/wp-content\/uploads\/2025\/02\/Logo.jpg","keywords":["Polen"],"articleSection":["Hintergrundartikel"],"inLanguage":"de"},{"@type":"WebPage","@id":"https:\/\/www.iemj.org\/de\/leopold-kleinman-kozlowski-1918-2019-le-dernier-musicien-klezmer-de-galicie-et-son-oeuvre\/","url":"https:\/\/www.iemj.org\/de\/leopold-kleinman-kozlowski-1918-2019-le-dernier-musicien-klezmer-de-galicie-et-son-oeuvre\/","name":"Leopold Kleinman-Koz\u0142owski (1918-2019) - Der letzte Klezmer-Musiker aus Galizien - Institut Europ\u00e9en des Musiques Juives","isPartOf":{"@id":"https:\/\/www.iemj.org\/de\/#website"},"primaryImageOfPage":{"@id":"https:\/\/www.iemj.org\/de\/leopold-kleinman-kozlowski-1918-2019-le-dernier-musicien-klezmer-de-galicie-et-son-oeuvre\/#primaryimage"},"image":{"@id":"https:\/\/www.iemj.org\/de\/leopold-kleinman-kozlowski-1918-2019-le-dernier-musicien-klezmer-de-galicie-et-son-oeuvre\/#primaryimage"},"thumbnailUrl":"https:\/\/www.iemj.org\/wp-content\/uploads\/2025\/02\/Logo.jpg","datePublished":"2025-02-27T16:57:14+00:00","dateModified":"2025-03-04T15:49:31+00:00","breadcrumb":{"@id":"https:\/\/www.iemj.org\/de\/leopold-kleinman-kozlowski-1918-2019-le-dernier-musicien-klezmer-de-galicie-et-son-oeuvre\/#breadcrumb"},"inLanguage":"de","potentialAction":[{"@type":"ReadAction","target":["https:\/\/www.iemj.org\/de\/leopold-kleinman-kozlowski-1918-2019-le-dernier-musicien-klezmer-de-galicie-et-son-oeuvre\/"]}]},{"@type":"ImageObject","inLanguage":"de","@id":"https:\/\/www.iemj.org\/de\/leopold-kleinman-kozlowski-1918-2019-le-dernier-musicien-klezmer-de-galicie-et-son-oeuvre\/#primaryimage","url":"https:\/\/www.iemj.org\/wp-content\/uploads\/2025\/02\/Logo.jpg","contentUrl":"https:\/\/www.iemj.org\/wp-content\/uploads\/2025\/02\/Logo.jpg","width":500,"height":500},{"@type":"BreadcrumbList","@id":"https:\/\/www.iemj.org\/de\/leopold-kleinman-kozlowski-1918-2019-le-dernier-musicien-klezmer-de-galicie-et-son-oeuvre\/#breadcrumb","itemListElement":[{"@type":"ListItem","position":1,"name":"Accueil","item":"https:\/\/www.iemj.org\/de\/"},{"@type":"ListItem","position":2,"name":"Leopold Kleinman-Koz\u0142owski (1918-2019) &#8211; Der letzte Klezmer-Musiker aus Galizien"}]},{"@type":"WebSite","@id":"https:\/\/www.iemj.org\/de\/#website","url":"https:\/\/www.iemj.org\/de\/","name":"Institut Europ\u00e9en des Musiques Juives","description":"Des traditions musicales \u00e0 la port\u00e9e de tous","publisher":{"@id":"https:\/\/www.iemj.org\/de\/#organization"},"potentialAction":[{"@type":"SearchAction","target":{"@type":"EntryPoint","urlTemplate":"https:\/\/www.iemj.org\/de\/?s={search_term_string}"},"query-input":{"@type":"PropertyValueSpecification","valueRequired":true,"valueName":"search_term_string"}}],"inLanguage":"de"},{"@type":"Organization","@id":"https:\/\/www.iemj.org\/de\/#organization","name":"Institut Europ\u00e9en des Musiques Juives","url":"https:\/\/www.iemj.org\/de\/","logo":{"@type":"ImageObject","inLanguage":"de","@id":"https:\/\/www.iemj.org\/de\/#\/schema\/logo\/image\/","url":"https:\/\/www.iemj.org\/wp-content\/uploads\/2021\/09\/Logo-IEMJ-Paypal.jpg","contentUrl":"https:\/\/www.iemj.org\/wp-content\/uploads\/2021\/09\/Logo-IEMJ-Paypal.jpg","width":150,"height":50,"caption":"Institut Europ\u00e9en des Musiques Juives"},"image":{"@id":"https:\/\/www.iemj.org\/de\/#\/schema\/logo\/image\/"},"sameAs":["https:\/\/www.facebook.com\/MusiquesJuives\/","https:\/\/www.instagram.com\/musiquesjuives\/","https:\/\/www.youtube.com\/user\/musiquesjuives"]},{"@type":"Person","@id":"https:\/\/www.iemj.org\/de\/#\/schema\/person\/358e26c18aca017fcc4cc15437f7279c","name":"Jacqueline ROTEN","image":{"@type":"ImageObject","inLanguage":"de","@id":"https:\/\/secure.gravatar.com\/avatar\/5964256d6c6957de3a3505278957e0fb2a35119ac47ea41827a65301213c810b?s=96&d=mm&r=g","url":"https:\/\/secure.gravatar.com\/avatar\/5964256d6c6957de3a3505278957e0fb2a35119ac47ea41827a65301213c810b?s=96&d=mm&r=g","contentUrl":"https:\/\/secure.gravatar.com\/avatar\/5964256d6c6957de3a3505278957e0fb2a35119ac47ea41827a65301213c810b?s=96&d=mm&r=g","caption":"Jacqueline ROTEN"}}]}},"_links":{"self":[{"href":"https:\/\/www.iemj.org\/de\/wp-json\/wp\/v2\/posts\/118161","targetHints":{"allow":["GET"]}}],"collection":[{"href":"https:\/\/www.iemj.org\/de\/wp-json\/wp\/v2\/posts"}],"about":[{"href":"https:\/\/www.iemj.org\/de\/wp-json\/wp\/v2\/types\/post"}],"author":[{"embeddable":true,"href":"https:\/\/www.iemj.org\/de\/wp-json\/wp\/v2\/users\/5"}],"replies":[{"embeddable":true,"href":"https:\/\/www.iemj.org\/de\/wp-json\/wp\/v2\/comments?post=118161"}],"version-history":[{"count":0,"href":"https:\/\/www.iemj.org\/de\/wp-json\/wp\/v2\/posts\/118161\/revisions"}],"wp:featuredmedia":[{"embeddable":true,"href":"https:\/\/www.iemj.org\/de\/wp-json\/wp\/v2\/media\/118123"}],"wp:attachment":[{"href":"https:\/\/www.iemj.org\/de\/wp-json\/wp\/v2\/media?parent=118161"}],"wp:term":[{"taxonomy":"category","embeddable":true,"href":"https:\/\/www.iemj.org\/de\/wp-json\/wp\/v2\/categories?post=118161"},{"taxonomy":"post_tag","embeddable":true,"href":"https:\/\/www.iemj.org\/de\/wp-json\/wp\/v2\/tags?post=118161"},{"taxonomy":"technique","embeddable":true,"href":"https:\/\/www.iemj.org\/de\/wp-json\/wp\/v2\/technique?post=118161"},{"taxonomy":"squelettes","embeddable":true,"href":"https:\/\/www.iemj.org\/de\/wp-json\/wp\/v2\/squelettes?post=118161"},{"taxonomy":"sujet","embeddable":true,"href":"https:\/\/www.iemj.org\/de\/wp-json\/wp\/v2\/sujet?post=118161"},{"taxonomy":"formation","embeddable":true,"href":"https:\/\/www.iemj.org\/de\/wp-json\/wp\/v2\/formation?post=118161"},{"taxonomy":"genre","embeddable":true,"href":"https:\/\/www.iemj.org\/de\/wp-json\/wp\/v2\/genre?post=118161"},{"taxonomy":"fonds","embeddable":true,"href":"https:\/\/www.iemj.org\/de\/wp-json\/wp\/v2\/fonds?post=118161"},{"taxonomy":"tradition","embeddable":true,"href":"https:\/\/www.iemj.org\/de\/wp-json\/wp\/v2\/tradition?post=118161"},{"taxonomy":"type-de-contenu","embeddable":true,"href":"https:\/\/www.iemj.org\/de\/wp-json\/wp\/v2\/type-de-contenu?post=118161"},{"taxonomy":"interprete-compositeur","embeddable":true,"href":"https:\/\/www.iemj.org\/de\/wp-json\/wp\/v2\/interprete-compositeur?post=118161"},{"taxonomy":"frise","embeddable":true,"href":"https:\/\/www.iemj.org\/de\/wp-json\/wp\/v2\/frise?post=118161"},{"taxonomy":"type-devenement","embeddable":true,"href":"https:\/\/www.iemj.org\/de\/wp-json\/wp\/v2\/type-devenement?post=118161"},{"taxonomy":"tableaux-liens-externes","embeddable":true,"href":"https:\/\/www.iemj.org\/de\/wp-json\/wp\/v2\/tableaux-liens-externes?post=118161"}],"curies":[{"name":"wp","href":"https:\/\/api.w.org\/{rel}","templated":true}]}}