{"id":118786,"date":"2025-03-19T15:24:16","date_gmt":"2025-03-19T14:24:16","guid":{"rendered":"https:\/\/www.iemj.org\/arnold-schoenberg-un-musicien-juif-dans-le-monde\/"},"modified":"2025-03-24T11:29:30","modified_gmt":"2025-03-24T10:29:30","slug":"arnold-schoenberg-un-musicien-juif-dans-le-monde","status":"publish","type":"post","link":"https:\/\/www.iemj.org\/de\/arnold-schoenberg-un-musicien-juif-dans-le-monde\/","title":{"rendered":"Arnold Schoenberg, un musicien juif dans le monde"},"content":{"rendered":"<p><!--more--><\/p>\n<p><strong>In <em>Musiques, mondialisation et soci\u00e9t\u00e9s<\/em> \/ Unter der Leitung von Myriam Odile Blin und Pierre Albert Castanet, Presses universitaires de Rouen et du Havre, 2024, 250 S.<\/strong><\/p>\n<p><!--more--><\/p>\n<p>Dieses Buch untersucht die Verbindungen zwischen Musik, Globalisierung und Gesellschaften und behandelt dabei verschiedene Themen wie gelehrte und popul\u00e4re Musik, Politik, Religion und globale kulturelle Herausforderungen. Anhand verschiedener Artikel zeigt er auf, wie Musik im Zeitalter der Globalisierung ein wichtiges Medium der Kulturvermittlung bleibt und gleichzeitig die Herausforderungen und Hoffnungen unserer Zeit widerspiegelt.<\/p>\n<p>Unter den verschiedenen Beitr\u00e4gen zu diesem akademischen Werk ist ein Artikel von Myriam Odile Blin \u00fcber <a href=\"https:\/\/www.iemj.org\/de\/schonberg-arnold-1874-1951\/\" target=\"_blank\" rel=\"noopener\">Arnold Sch\u00f6nberg (1874-1951)<\/a> und seine Beziehung zum Judentum hervorzuheben. Arnold Sch\u00f6nberg, der Vater der Zw\u00f6lftonmusik, der als Jude ausgegrenzt wurde und 1933 ins Exil in die <img fetchpriority=\"high\" decoding=\"async\" class=\"size-medium wp-image-118770 alignright\" src=\"https:\/\/www.iemj.org\/wp-content\/uploads\/2025\/03\/entartete_musik_poster_01-209x300.jpg\" alt=\"\" width=\"209\" height=\"300\" srcset=\"https:\/\/www.iemj.org\/wp-content\/uploads\/2025\/03\/entartete_musik_poster_01-209x300.jpg 209w, https:\/\/www.iemj.org\/wp-content\/uploads\/2025\/03\/entartete_musik_poster_01.jpg 380w\" sizes=\"(max-width: 209px) 100vw, 209px\" \/>Vereinigten Staaten ging, war der Vater der Zw\u00f6lftonmusik <span class=\"footnote_referrer\"><a role=\"button\" tabindex=\"0\" onclick=\"footnote_moveToReference_118786_1('footnote_plugin_reference_118786_1_1');\" onkeypress=\"footnote_moveToReference_118786_1('footnote_plugin_reference_118786_1_1');\" ><sup id=\"footnote_plugin_tooltip_118786_1_1\" class=\"footnote_plugin_tooltip_text\">[1]<\/sup><\/a><span id=\"footnote_plugin_tooltip_text_118786_1_1\" class=\"footnote_tooltip\">musikalisches System, das auf der Verkettung von Intervallreihen mit den zw\u00f6lf T\u00f6nen der chromatischen Tonleiter beruht<\/span><\/span><script type=\"text\/javascript\"> jQuery('#footnote_plugin_tooltip_118786_1_1').tooltip({ tip: '#footnote_plugin_tooltip_text_118786_1_1', tipClass: 'footnote_tooltip', effect: 'fade', predelay: 0, fadeInSpeed: 200, delay: 400, fadeOutSpeed: 200, position: 'top center', relative: true, offset: [-7, 0], });<\/script>. In der ersten H\u00e4lfte des 20. Jahrhunderts schwankte Europa zwischen Kultur und Barbarei, zwischen Antisemitismus und Entarteter Musik<span class=\"footnote_referrer\"><a role=\"button\" tabindex=\"0\" onclick=\"footnote_moveToReference_118786_1('footnote_plugin_reference_118786_1_2');\" onkeypress=\"footnote_moveToReference_118786_1('footnote_plugin_reference_118786_1_2');\" ><sup id=\"footnote_plugin_tooltip_118786_1_2\" class=\"footnote_plugin_tooltip_text\">[2]<\/sup><\/a><span id=\"footnote_plugin_tooltip_text_118786_1_2\" class=\"footnote_tooltip\">Der NS-Begriff \u201eEntartete Musik\u201c bezeichnete ein breites musikalisches Repertoire von Werken und Komponisten, die im Dritten Reich verboten waren. Eines der Symbole bleibt die gleichnamige&nbsp;&#x2026; <span class=\"footnote_tooltip_continue\"  onclick=\"footnote_moveToReference_118786_1('footnote_plugin_reference_118786_1_2');\">Lire la suite<\/span><\/span><\/span><script type=\"text\/javascript\"> jQuery('#footnote_plugin_tooltip_118786_1_2').tooltip({ tip: '#footnote_plugin_tooltip_text_118786_1_2', tipClass: 'footnote_tooltip', effect: 'fade', predelay: 0, fadeInSpeed: 200, delay: 400, fadeOutSpeed: 200, position: 'top center', relative: true, offset: [-7, 0], });<\/script>, und die hebr\u00e4ische Inspiration der Musik Arnold Sch\u00f6nbergs brachte ihm Unstimmigkeiten mit Thomas Mann ein. [\u2026] W\u00e4hrend die einzigartig aufgekl\u00e4rte Studie nat\u00fcrlich auf Schl\u00fcsselwerke wie <em>Moses und Aron<\/em>, <em>Die Jakobsleiter <\/em>oder Ein <em>\u00dcberlebender aus Warschau<\/em> eingeht, konzentriert sie sich vor allem auf das <em>Kol Nidre<\/em>, die ber\u00fchmte Melodie zur Einleitung des Jom-Kippur-Festes (eine Melodie, die Sch\u00f6nberg 1938 arrangierte, die aber auch von vielen K\u00fcnstlern besucht wurde [&#8230;]). Abschlie\u00dfend stellt die Kunstsoziologin die Frage nach der Musik und unter anderem der j\u00fcdischen Musik als \u201eWeltbewusstsein\u201c.<span class=\"footnote_referrer\"><a role=\"button\" tabindex=\"0\" onclick=\"footnote_moveToReference_118786_1('footnote_plugin_reference_118786_1_3');\" onkeypress=\"footnote_moveToReference_118786_1('footnote_plugin_reference_118786_1_3');\" ><sup id=\"footnote_plugin_tooltip_118786_1_3\" class=\"footnote_plugin_tooltip_text\">[3]<\/sup><\/a><span id=\"footnote_plugin_tooltip_text_118786_1_3\" class=\"footnote_tooltip\">[Musiques, mondialisation et soci\u00e9t\u00e9s \/ Unter der Leitung von Myriam Odile Blin und Pierre Albert Castanet, Presses universitaires de Rouen et du Havre, 2024, S. 12.<\/span><\/span><script type=\"text\/javascript\"> jQuery('#footnote_plugin_tooltip_118786_1_3').tooltip({ tip: '#footnote_plugin_tooltip_text_118786_1_3', tipClass: 'footnote_tooltip', effect: 'fade', predelay: 0, fadeInSpeed: 200, delay: 400, fadeOutSpeed: 200, position: 'top center', relative: true, offset: [-7, 0], });<\/script><\/p>\n<p><img decoding=\"async\" class=\" wp-image-118776 alignleft\" src=\"https:\/\/www.iemj.org\/wp-content\/uploads\/2025\/03\/Arnold-Schoenberg_site-IEMJ-230x300.jpg\" alt=\"\" width=\"197\" height=\"257\" srcset=\"https:\/\/www.iemj.org\/wp-content\/uploads\/2025\/03\/Arnold-Schoenberg_site-IEMJ-230x300.jpg 230w, https:\/\/www.iemj.org\/wp-content\/uploads\/2025\/03\/Arnold-Schoenberg_site-IEMJ.jpg 350w\" sizes=\"(max-width: 197px) 100vw, 197px\" \/><\/p>\n<p>Myriam Odile Blin erinnert auch an die Schriften von Andr\u00e9 Neher, der der Ansicht war, dass Sch\u00f6nbergs Zw\u00f6lftontechnik von der j\u00fcdischen Mystik und der Kabbala inspiriert war, insbesondere durch die Symbolik der Zahlen 6 und 12, die in der hebr\u00e4ischen Literatur sehr pr\u00e4sent sind <span class=\"footnote_referrer\"><a role=\"button\" tabindex=\"0\" onclick=\"footnote_moveToReference_118786_1('footnote_plugin_reference_118786_1_4');\" onkeypress=\"footnote_moveToReference_118786_1('footnote_plugin_reference_118786_1_4');\" ><sup id=\"footnote_plugin_tooltip_118786_1_4\" class=\"footnote_plugin_tooltip_text\">[4]<\/sup><\/a><span id=\"footnote_plugin_tooltip_text_118786_1_4\" class=\"footnote_tooltip\">Vgl. Andr\u00e9 Neher, <em>Faust et le Maharal de Prague, le mythe et le r\u00e9el<\/em>, Paris, PUF, 1987<\/span><\/span><script type=\"text\/javascript\"> jQuery('#footnote_plugin_tooltip_118786_1_4').tooltip({ tip: '#footnote_plugin_tooltip_text_118786_1_4', tipClass: 'footnote_tooltip', effect: 'fade', predelay: 0, fadeInSpeed: 200, delay: 400, fadeOutSpeed: 200, position: 'top center', relative: true, offset: [-7, 0], });<\/script>. So betont M-O Blin: \u201eDie authentische Bedeutung von Sch\u00f6nbergs musikalischem Werk und seinen Schriften kann nur durch das Prisma einer lebendigen Spiritualit\u00e4t, die die Wege der j\u00fcdischen Mystik beschreitet, am n\u00e4chsten ber\u00fchrt werden. Dennoch kann das Verst\u00e4ndnis der Zw\u00f6lftontechnik neutral sein, ohne durch diese einzigartige Vermittlung der Spiritualit\u00e4t zu gehen: Sie ist dann ein rational definiertes Schreibmodell f\u00fcr die musikalische Komposition. [&#8230;] Arnold Sch\u00f6nberg war also untrennbar vision\u00e4r und konservativ einerseits, rational und mystisch andererseits&#8220;<span class=\"footnote_referrer\"><a role=\"button\" tabindex=\"0\" onclick=\"footnote_moveToReference_118786_1('footnote_plugin_reference_118786_1_5');\" onkeypress=\"footnote_moveToReference_118786_1('footnote_plugin_reference_118786_1_5');\" ><sup id=\"footnote_plugin_tooltip_118786_1_5\" class=\"footnote_plugin_tooltip_text\">[5]<\/sup><\/a><span id=\"footnote_plugin_tooltip_text_118786_1_5\" class=\"footnote_tooltip\"><em> Musiques, mondialisation et soci\u00e9t\u00e9s<\/em>, S. 50<\/span><\/span><script type=\"text\/javascript\"> jQuery('#footnote_plugin_tooltip_118786_1_5').tooltip({ tip: '#footnote_plugin_tooltip_text_118786_1_5', tipClass: 'footnote_tooltip', effect: 'fade', predelay: 0, fadeInSpeed: 200, delay: 400, fadeOutSpeed: 200, position: 'top center', relative: true, offset: [-7, 0], });<\/script>.<\/p>\n<p><a href=\"https:\/\/www.amazon.fr\/Musiques-mondialisation-societes-Blin-myriam-odile\/dp\/B0BGPCBFH2\" target=\"_blank\" rel=\"noopener\">Das Buch bestellen <\/a><\/p>\n<p><a href=\"https:\/\/webtv.univ-rouen.fr\/videos\/1-arnold-schoenberg-un-musicien-juif-dans-le-monde-par-myriam-odile-blin-decoupage\/\" target=\"_blank\" rel=\"noopener\">Sehen Sie den Vortrag von Myriam Odile Blin \u201eArnold Schoenberg, un musicien juif dans le monde\u201c<\/a>.<\/p>\n\n\n<div class=\"wp-block-buttons has-custom-font-size has-medium-font-size is-content-justification-center is-layout-flex wp-container-core-buttons-is-layout-16018d1d wp-block-buttons-is-layout-flex\">\n<div class=\"wp-block-button has-custom-width wp-block-button__width-75 has-custom-font-size\" style=\"font-size:15px\"><a class=\"wp-block-button__link has-white-color has-text-color has-background has-link-color wp-element-button\" href=\"https:\/\/www.iemj.org\/de\/darsteller-komponist\/arnold-schonberg-de\/\" style=\"border-radius:52px;background-color:#3c4b98\" target=\"_blank\" rel=\"noreferrer noopener\"><strong>Weitere Artikel zu Arnold Sch\u00f6nberg<\/strong><\/a><\/div>\n<\/div>\n\n\n\n<div style=\"height:20px\" aria-hidden=\"true\" class=\"wp-block-spacer\"><\/div>\n\n\n\n<div class=\"wp-block-buttons is-content-justification-center is-layout-flex wp-container-core-buttons-is-layout-16018d1d wp-block-buttons-is-layout-flex\">\n<div class=\"wp-block-button has-custom-width wp-block-button__width-75 has-custom-font-size is-style-fill\" style=\"font-size:15px\"><a class=\"wp-block-button__link has-white-color has-text-color has-background has-link-color wp-element-button\" href=\"http:\/\/www.rachelnet.net\/F\/5M7FAAL74I6NBRJQT2JKBHHIMCD9TNLNHBGNE9JVQ3I2EXIP1B-01364?func=find-c&amp;ccl_term=WRD+%3D+Arnold+ET+WRD+%3D+Schoenberg+OU+WRD+%3D+Sch%C3%B6nberg+SAUF+WRD+%3D+Schoenberg%2C+J.+SAUF+WRD+%3D+Schoenberg%2C+I.+SAUF+WRD+%3D+Shenhar%2C+Yitzhak+%281902-1957%29+SAUF+WRD+%3D+%D7%A9%D7%A0%D7%94%D7%A8%2C+%D7%99%D7%A6%D7%97%D7%A7&amp;local_base=iemcg\" style=\"border-radius:53px;background-color:#3c4b98\" target=\"_blank\" rel=\"noreferrer noopener\"><strong>Sehen Sie sich unser Archiv zu Arnold Sch\u00f6nberg<\/strong><\/a><\/div>\n<\/div>\n\n\n\n<p><\/p>\n<div class=\"speaker-mute footnotes_reference_container\"> <div class=\"footnote_container_prepare\"><p><span role=\"button\" tabindex=\"0\" class=\"footnote_reference_container_label pointer\" onclick=\"footnote_expand_collapse_reference_container_118786_1();\">&#x202F;<\/span><span role=\"button\" tabindex=\"0\" class=\"footnote_reference_container_collapse_button\" style=\"display: none;\" onclick=\"footnote_expand_collapse_reference_container_118786_1();\">[<a id=\"footnote_reference_container_collapse_button_118786_1\">+<\/a>]<\/span><\/p><\/div> <div id=\"footnote_references_container_118786_1\" style=\"\"><table class=\"footnotes_table footnote-reference-container\"><caption class=\"accessibility\">References<\/caption> <tbody> \r\n\r\n<tr class=\"footnotes_plugin_reference_row\"> <th scope=\"row\" class=\"footnote_plugin_index_combi pointer\"  onclick=\"footnote_moveToAnchor_118786_1('footnote_plugin_tooltip_118786_1_1');\"><a id=\"footnote_plugin_reference_118786_1_1\" class=\"footnote_backlink\">1<\/a><\/th> <td class=\"footnote_plugin_text\">musikalisches System, das auf der Verkettung von Intervallreihen mit den zw\u00f6lf T\u00f6nen der chromatischen Tonleiter beruht<\/td><\/tr>\r\n\r\n<tr class=\"footnotes_plugin_reference_row\"> <th scope=\"row\" class=\"footnote_plugin_index_combi pointer\"  onclick=\"footnote_moveToAnchor_118786_1('footnote_plugin_tooltip_118786_1_2');\"><a id=\"footnote_plugin_reference_118786_1_2\" class=\"footnote_backlink\">2<\/a><\/th> <td class=\"footnote_plugin_text\">Der NS-Begriff \u201eEntartete Musik\u201c bezeichnete ein breites musikalisches Repertoire von Werken und Komponisten, die im Dritten Reich verboten waren. Eines der Symbole bleibt die gleichnamige Ausstellung, die 1938 in D\u00fcsseldorf stattfand. Vgl. dazu das Buch von <a href=\"https:\/\/www.bne.fr\/page63.html\" target=\"_blank\" rel=\"noopener\">Elise Petit und Bruno Giner, Entartete Musik: musiques interdites sous le IIIe Reich<\/a><\/td><\/tr>\r\n\r\n<tr class=\"footnotes_plugin_reference_row\"> <th scope=\"row\" class=\"footnote_plugin_index_combi pointer\"  onclick=\"footnote_moveToAnchor_118786_1('footnote_plugin_tooltip_118786_1_3');\"><a id=\"footnote_plugin_reference_118786_1_3\" class=\"footnote_backlink\">3<\/a><\/th> <td class=\"footnote_plugin_text\">[Musiques, mondialisation et soci\u00e9t\u00e9s \/ Unter der Leitung von Myriam Odile Blin und Pierre Albert Castanet, Presses universitaires de Rouen et du Havre, 2024, S. 12.<\/td><\/tr>\r\n\r\n<tr class=\"footnotes_plugin_reference_row\"> <th scope=\"row\" class=\"footnote_plugin_index_combi pointer\"  onclick=\"footnote_moveToAnchor_118786_1('footnote_plugin_tooltip_118786_1_4');\"><a id=\"footnote_plugin_reference_118786_1_4\" class=\"footnote_backlink\">4<\/a><\/th> <td class=\"footnote_plugin_text\">Vgl. Andr\u00e9 Neher, <em>Faust et le Maharal de Prague, le mythe et le r\u00e9el<\/em>, Paris, PUF, 1987<\/td><\/tr>\r\n\r\n<tr class=\"footnotes_plugin_reference_row\"> <th scope=\"row\" class=\"footnote_plugin_index_combi pointer\"  onclick=\"footnote_moveToAnchor_118786_1('footnote_plugin_tooltip_118786_1_5');\"><a id=\"footnote_plugin_reference_118786_1_5\" class=\"footnote_backlink\">5<\/a><\/th> <td class=\"footnote_plugin_text\"><em> Musiques, mondialisation et soci\u00e9t\u00e9s<\/em>, S. 50<\/td><\/tr>\r\n\r\n <\/tbody> <\/table> <\/div><\/div><script type=\"text\/javascript\"> function footnote_expand_reference_container_118786_1() { jQuery('#footnote_references_container_118786_1').show(); jQuery('#footnote_reference_container_collapse_button_118786_1').text('\u2212'); } function footnote_collapse_reference_container_118786_1() { jQuery('#footnote_references_container_118786_1').hide(); jQuery('#footnote_reference_container_collapse_button_118786_1').text('+'); } function footnote_expand_collapse_reference_container_118786_1() { if (jQuery('#footnote_references_container_118786_1').is(':hidden')) { footnote_expand_reference_container_118786_1(); } else { footnote_collapse_reference_container_118786_1(); } } function footnote_moveToReference_118786_1(p_str_TargetID) { footnote_expand_reference_container_118786_1(); var l_obj_Target = jQuery('#' + p_str_TargetID); if (l_obj_Target.length) { jQuery( 'html, body' ).delay( 0 ); jQuery('html, body').animate({ scrollTop: l_obj_Target.offset().top - window.innerHeight * 0.2 }, 380); } } function footnote_moveToAnchor_118786_1(p_str_TargetID) { footnote_expand_reference_container_118786_1(); var l_obj_Target = jQuery('#' + p_str_TargetID); if (l_obj_Target.length) { jQuery( 'html, body' ).delay( 0 ); jQuery('html, body').animate({ scrollTop: l_obj_Target.offset().top - window.innerHeight * 0.2 }, 380); } }<\/script>","protected":false},"excerpt":{"rendered":"","protected":false},"author":5,"featured_media":118765,"comment_status":"closed","ping_status":"closed","sticky":false,"template":"","format":"standard","meta":{"_acf_changed":false,"footnotes":""},"categories":[1578,1561],"tags":[],"technique":[],"squelettes":[],"sujet":[],"formation":[],"genre":[],"fonds":[],"tradition":[],"type-de-contenu":[],"interprete-compositeur":[3088],"frise":[],"type-devenement":[],"tableaux-liens-externes":[],"class_list":["post-118786","post","type-post","status-publish","format-standard","has-post-thumbnail","hentry","category-bucher-artikel-de","category-letzte-neuerwerbungen-de","interprete-compositeur-arnold-schonberg-de"],"acf":[],"yoast_head":"<!-- This site is optimized with the Yoast SEO plugin v27.3 - https:\/\/yoast.com\/product\/yoast-seo-wordpress\/ -->\n<title>Arnold Schoenberg, un musicien juif dans le monde - Institut Europ\u00e9en des Musiques Juives<\/title>\n<meta name=\"robots\" content=\"index, follow, max-snippet:-1, max-image-preview:large, max-video-preview:-1\" \/>\n<link rel=\"canonical\" href=\"https:\/\/www.iemj.org\/de\/arnold-schoenberg-un-musicien-juif-dans-le-monde\/\" \/>\n<meta property=\"og:locale\" content=\"de_DE\" \/>\n<meta property=\"og:type\" content=\"article\" \/>\n<meta property=\"og:title\" content=\"Arnold Schoenberg, un musicien juif dans le monde - Institut Europ\u00e9en des Musiques Juives\" \/>\n<meta property=\"og:url\" content=\"https:\/\/www.iemj.org\/de\/arnold-schoenberg-un-musicien-juif-dans-le-monde\/\" \/>\n<meta property=\"og:site_name\" content=\"Institut Europ\u00e9en des Musiques Juives\" \/>\n<meta property=\"article:publisher\" content=\"https:\/\/www.facebook.com\/MusiquesJuives\/\" \/>\n<meta property=\"article:published_time\" content=\"2025-03-19T14:24:16+00:00\" \/>\n<meta property=\"article:modified_time\" content=\"2025-03-24T10:29:30+00:00\" \/>\n<meta property=\"og:image\" content=\"https:\/\/www.iemj.org\/wp-content\/uploads\/2025\/03\/L_1108_VIG.jpg\" \/>\n\t<meta property=\"og:image:width\" content=\"455\" \/>\n\t<meta property=\"og:image:height\" content=\"600\" \/>\n\t<meta property=\"og:image:type\" content=\"image\/jpeg\" \/>\n<meta name=\"author\" content=\"Jacqueline ROTEN\" \/>\n<meta name=\"twitter:card\" content=\"summary_large_image\" \/>\n<meta name=\"twitter:label1\" content=\"Verfasst von\" \/>\n\t<meta name=\"twitter:data1\" content=\"Jacqueline ROTEN\" \/>\n\t<meta name=\"twitter:label2\" content=\"Gesch\u00e4tzte Lesezeit\" \/>\n\t<meta name=\"twitter:data2\" content=\"4\u00a0Minuten\" \/>\n<script type=\"application\/ld+json\" class=\"yoast-schema-graph\">{\"@context\":\"https:\\\/\\\/schema.org\",\"@graph\":[{\"@type\":\"Article\",\"@id\":\"https:\\\/\\\/www.iemj.org\\\/de\\\/arnold-schoenberg-un-musicien-juif-dans-le-monde\\\/#article\",\"isPartOf\":{\"@id\":\"https:\\\/\\\/www.iemj.org\\\/de\\\/arnold-schoenberg-un-musicien-juif-dans-le-monde\\\/\"},\"author\":{\"name\":\"Jacqueline ROTEN\",\"@id\":\"https:\\\/\\\/www.iemj.org\\\/de\\\/#\\\/schema\\\/person\\\/358e26c18aca017fcc4cc15437f7279c\"},\"headline\":\"Arnold Schoenberg, un musicien juif dans le monde\",\"datePublished\":\"2025-03-19T14:24:16+00:00\",\"dateModified\":\"2025-03-24T10:29:30+00:00\",\"mainEntityOfPage\":{\"@id\":\"https:\\\/\\\/www.iemj.org\\\/de\\\/arnold-schoenberg-un-musicien-juif-dans-le-monde\\\/\"},\"wordCount\":534,\"publisher\":{\"@id\":\"https:\\\/\\\/www.iemj.org\\\/de\\\/#organization\"},\"image\":{\"@id\":\"https:\\\/\\\/www.iemj.org\\\/de\\\/arnold-schoenberg-un-musicien-juif-dans-le-monde\\\/#primaryimage\"},\"thumbnailUrl\":\"https:\\\/\\\/www.iemj.org\\\/wp-content\\\/uploads\\\/2025\\\/03\\\/L_1108_VIG.jpg\",\"articleSection\":[\"B\u00fccher, Artikel\",\"Letzte Neuerwerbungen\"],\"inLanguage\":\"de\"},{\"@type\":\"WebPage\",\"@id\":\"https:\\\/\\\/www.iemj.org\\\/de\\\/arnold-schoenberg-un-musicien-juif-dans-le-monde\\\/\",\"url\":\"https:\\\/\\\/www.iemj.org\\\/de\\\/arnold-schoenberg-un-musicien-juif-dans-le-monde\\\/\",\"name\":\"Arnold Schoenberg, un musicien juif dans le monde - Institut Europ\u00e9en des Musiques Juives\",\"isPartOf\":{\"@id\":\"https:\\\/\\\/www.iemj.org\\\/de\\\/#website\"},\"primaryImageOfPage\":{\"@id\":\"https:\\\/\\\/www.iemj.org\\\/de\\\/arnold-schoenberg-un-musicien-juif-dans-le-monde\\\/#primaryimage\"},\"image\":{\"@id\":\"https:\\\/\\\/www.iemj.org\\\/de\\\/arnold-schoenberg-un-musicien-juif-dans-le-monde\\\/#primaryimage\"},\"thumbnailUrl\":\"https:\\\/\\\/www.iemj.org\\\/wp-content\\\/uploads\\\/2025\\\/03\\\/L_1108_VIG.jpg\",\"datePublished\":\"2025-03-19T14:24:16+00:00\",\"dateModified\":\"2025-03-24T10:29:30+00:00\",\"breadcrumb\":{\"@id\":\"https:\\\/\\\/www.iemj.org\\\/de\\\/arnold-schoenberg-un-musicien-juif-dans-le-monde\\\/#breadcrumb\"},\"inLanguage\":\"de\",\"potentialAction\":[{\"@type\":\"ReadAction\",\"target\":[\"https:\\\/\\\/www.iemj.org\\\/de\\\/arnold-schoenberg-un-musicien-juif-dans-le-monde\\\/\"]}]},{\"@type\":\"ImageObject\",\"inLanguage\":\"de\",\"@id\":\"https:\\\/\\\/www.iemj.org\\\/de\\\/arnold-schoenberg-un-musicien-juif-dans-le-monde\\\/#primaryimage\",\"url\":\"https:\\\/\\\/www.iemj.org\\\/wp-content\\\/uploads\\\/2025\\\/03\\\/L_1108_VIG.jpg\",\"contentUrl\":\"https:\\\/\\\/www.iemj.org\\\/wp-content\\\/uploads\\\/2025\\\/03\\\/L_1108_VIG.jpg\",\"width\":455,\"height\":600},{\"@type\":\"BreadcrumbList\",\"@id\":\"https:\\\/\\\/www.iemj.org\\\/de\\\/arnold-schoenberg-un-musicien-juif-dans-le-monde\\\/#breadcrumb\",\"itemListElement\":[{\"@type\":\"ListItem\",\"position\":1,\"name\":\"Accueil\",\"item\":\"https:\\\/\\\/www.iemj.org\\\/de\\\/\"},{\"@type\":\"ListItem\",\"position\":2,\"name\":\"Arnold Schoenberg, un musicien juif dans le monde\"}]},{\"@type\":\"WebSite\",\"@id\":\"https:\\\/\\\/www.iemj.org\\\/de\\\/#website\",\"url\":\"https:\\\/\\\/www.iemj.org\\\/de\\\/\",\"name\":\"Institut Europ\u00e9en des Musiques Juives\",\"description\":\"Des traditions musicales \u00e0 la port\u00e9e de tous\",\"publisher\":{\"@id\":\"https:\\\/\\\/www.iemj.org\\\/de\\\/#organization\"},\"potentialAction\":[{\"@type\":\"SearchAction\",\"target\":{\"@type\":\"EntryPoint\",\"urlTemplate\":\"https:\\\/\\\/www.iemj.org\\\/de\\\/?s={search_term_string}\"},\"query-input\":{\"@type\":\"PropertyValueSpecification\",\"valueRequired\":true,\"valueName\":\"search_term_string\"}}],\"inLanguage\":\"de\"},{\"@type\":\"Organization\",\"@id\":\"https:\\\/\\\/www.iemj.org\\\/de\\\/#organization\",\"name\":\"Institut Europ\u00e9en des Musiques Juives\",\"url\":\"https:\\\/\\\/www.iemj.org\\\/de\\\/\",\"logo\":{\"@type\":\"ImageObject\",\"inLanguage\":\"de\",\"@id\":\"https:\\\/\\\/www.iemj.org\\\/de\\\/#\\\/schema\\\/logo\\\/image\\\/\",\"url\":\"https:\\\/\\\/www.iemj.org\\\/wp-content\\\/uploads\\\/2021\\\/09\\\/Logo-IEMJ-Paypal.jpg\",\"contentUrl\":\"https:\\\/\\\/www.iemj.org\\\/wp-content\\\/uploads\\\/2021\\\/09\\\/Logo-IEMJ-Paypal.jpg\",\"width\":150,\"height\":50,\"caption\":\"Institut Europ\u00e9en des Musiques Juives\"},\"image\":{\"@id\":\"https:\\\/\\\/www.iemj.org\\\/de\\\/#\\\/schema\\\/logo\\\/image\\\/\"},\"sameAs\":[\"https:\\\/\\\/www.facebook.com\\\/MusiquesJuives\\\/\",\"https:\\\/\\\/www.instagram.com\\\/musiquesjuives\\\/\",\"https:\\\/\\\/www.youtube.com\\\/user\\\/musiquesjuives\"]},{\"@type\":\"Person\",\"@id\":\"https:\\\/\\\/www.iemj.org\\\/de\\\/#\\\/schema\\\/person\\\/358e26c18aca017fcc4cc15437f7279c\",\"name\":\"Jacqueline ROTEN\",\"image\":{\"@type\":\"ImageObject\",\"inLanguage\":\"de\",\"@id\":\"https:\\\/\\\/secure.gravatar.com\\\/avatar\\\/5964256d6c6957de3a3505278957e0fb2a35119ac47ea41827a65301213c810b?s=96&d=mm&r=g\",\"url\":\"https:\\\/\\\/secure.gravatar.com\\\/avatar\\\/5964256d6c6957de3a3505278957e0fb2a35119ac47ea41827a65301213c810b?s=96&d=mm&r=g\",\"contentUrl\":\"https:\\\/\\\/secure.gravatar.com\\\/avatar\\\/5964256d6c6957de3a3505278957e0fb2a35119ac47ea41827a65301213c810b?s=96&d=mm&r=g\",\"caption\":\"Jacqueline ROTEN\"}}]}<\/script>\n<!-- \/ Yoast SEO plugin. -->","yoast_head_json":{"title":"Arnold Schoenberg, un musicien juif dans le monde - Institut Europ\u00e9en des Musiques Juives","robots":{"index":"index","follow":"follow","max-snippet":"max-snippet:-1","max-image-preview":"max-image-preview:large","max-video-preview":"max-video-preview:-1"},"canonical":"https:\/\/www.iemj.org\/de\/arnold-schoenberg-un-musicien-juif-dans-le-monde\/","og_locale":"de_DE","og_type":"article","og_title":"Arnold Schoenberg, un musicien juif dans le monde - Institut Europ\u00e9en des Musiques Juives","og_url":"https:\/\/www.iemj.org\/de\/arnold-schoenberg-un-musicien-juif-dans-le-monde\/","og_site_name":"Institut Europ\u00e9en des Musiques Juives","article_publisher":"https:\/\/www.facebook.com\/MusiquesJuives\/","article_published_time":"2025-03-19T14:24:16+00:00","article_modified_time":"2025-03-24T10:29:30+00:00","og_image":[{"width":455,"height":600,"url":"https:\/\/www.iemj.org\/wp-content\/uploads\/2025\/03\/L_1108_VIG.jpg","type":"image\/jpeg"}],"author":"Jacqueline ROTEN","twitter_card":"summary_large_image","twitter_misc":{"Verfasst von":"Jacqueline ROTEN","Gesch\u00e4tzte Lesezeit":"4\u00a0Minuten"},"schema":{"@context":"https:\/\/schema.org","@graph":[{"@type":"Article","@id":"https:\/\/www.iemj.org\/de\/arnold-schoenberg-un-musicien-juif-dans-le-monde\/#article","isPartOf":{"@id":"https:\/\/www.iemj.org\/de\/arnold-schoenberg-un-musicien-juif-dans-le-monde\/"},"author":{"name":"Jacqueline ROTEN","@id":"https:\/\/www.iemj.org\/de\/#\/schema\/person\/358e26c18aca017fcc4cc15437f7279c"},"headline":"Arnold Schoenberg, un musicien juif dans le monde","datePublished":"2025-03-19T14:24:16+00:00","dateModified":"2025-03-24T10:29:30+00:00","mainEntityOfPage":{"@id":"https:\/\/www.iemj.org\/de\/arnold-schoenberg-un-musicien-juif-dans-le-monde\/"},"wordCount":534,"publisher":{"@id":"https:\/\/www.iemj.org\/de\/#organization"},"image":{"@id":"https:\/\/www.iemj.org\/de\/arnold-schoenberg-un-musicien-juif-dans-le-monde\/#primaryimage"},"thumbnailUrl":"https:\/\/www.iemj.org\/wp-content\/uploads\/2025\/03\/L_1108_VIG.jpg","articleSection":["B\u00fccher, Artikel","Letzte Neuerwerbungen"],"inLanguage":"de"},{"@type":"WebPage","@id":"https:\/\/www.iemj.org\/de\/arnold-schoenberg-un-musicien-juif-dans-le-monde\/","url":"https:\/\/www.iemj.org\/de\/arnold-schoenberg-un-musicien-juif-dans-le-monde\/","name":"Arnold Schoenberg, un musicien juif dans le monde - Institut Europ\u00e9en des Musiques Juives","isPartOf":{"@id":"https:\/\/www.iemj.org\/de\/#website"},"primaryImageOfPage":{"@id":"https:\/\/www.iemj.org\/de\/arnold-schoenberg-un-musicien-juif-dans-le-monde\/#primaryimage"},"image":{"@id":"https:\/\/www.iemj.org\/de\/arnold-schoenberg-un-musicien-juif-dans-le-monde\/#primaryimage"},"thumbnailUrl":"https:\/\/www.iemj.org\/wp-content\/uploads\/2025\/03\/L_1108_VIG.jpg","datePublished":"2025-03-19T14:24:16+00:00","dateModified":"2025-03-24T10:29:30+00:00","breadcrumb":{"@id":"https:\/\/www.iemj.org\/de\/arnold-schoenberg-un-musicien-juif-dans-le-monde\/#breadcrumb"},"inLanguage":"de","potentialAction":[{"@type":"ReadAction","target":["https:\/\/www.iemj.org\/de\/arnold-schoenberg-un-musicien-juif-dans-le-monde\/"]}]},{"@type":"ImageObject","inLanguage":"de","@id":"https:\/\/www.iemj.org\/de\/arnold-schoenberg-un-musicien-juif-dans-le-monde\/#primaryimage","url":"https:\/\/www.iemj.org\/wp-content\/uploads\/2025\/03\/L_1108_VIG.jpg","contentUrl":"https:\/\/www.iemj.org\/wp-content\/uploads\/2025\/03\/L_1108_VIG.jpg","width":455,"height":600},{"@type":"BreadcrumbList","@id":"https:\/\/www.iemj.org\/de\/arnold-schoenberg-un-musicien-juif-dans-le-monde\/#breadcrumb","itemListElement":[{"@type":"ListItem","position":1,"name":"Accueil","item":"https:\/\/www.iemj.org\/de\/"},{"@type":"ListItem","position":2,"name":"Arnold Schoenberg, un musicien juif dans le monde"}]},{"@type":"WebSite","@id":"https:\/\/www.iemj.org\/de\/#website","url":"https:\/\/www.iemj.org\/de\/","name":"Institut Europ\u00e9en des Musiques Juives","description":"Des traditions musicales \u00e0 la port\u00e9e de tous","publisher":{"@id":"https:\/\/www.iemj.org\/de\/#organization"},"potentialAction":[{"@type":"SearchAction","target":{"@type":"EntryPoint","urlTemplate":"https:\/\/www.iemj.org\/de\/?s={search_term_string}"},"query-input":{"@type":"PropertyValueSpecification","valueRequired":true,"valueName":"search_term_string"}}],"inLanguage":"de"},{"@type":"Organization","@id":"https:\/\/www.iemj.org\/de\/#organization","name":"Institut Europ\u00e9en des Musiques Juives","url":"https:\/\/www.iemj.org\/de\/","logo":{"@type":"ImageObject","inLanguage":"de","@id":"https:\/\/www.iemj.org\/de\/#\/schema\/logo\/image\/","url":"https:\/\/www.iemj.org\/wp-content\/uploads\/2021\/09\/Logo-IEMJ-Paypal.jpg","contentUrl":"https:\/\/www.iemj.org\/wp-content\/uploads\/2021\/09\/Logo-IEMJ-Paypal.jpg","width":150,"height":50,"caption":"Institut Europ\u00e9en des Musiques Juives"},"image":{"@id":"https:\/\/www.iemj.org\/de\/#\/schema\/logo\/image\/"},"sameAs":["https:\/\/www.facebook.com\/MusiquesJuives\/","https:\/\/www.instagram.com\/musiquesjuives\/","https:\/\/www.youtube.com\/user\/musiquesjuives"]},{"@type":"Person","@id":"https:\/\/www.iemj.org\/de\/#\/schema\/person\/358e26c18aca017fcc4cc15437f7279c","name":"Jacqueline ROTEN","image":{"@type":"ImageObject","inLanguage":"de","@id":"https:\/\/secure.gravatar.com\/avatar\/5964256d6c6957de3a3505278957e0fb2a35119ac47ea41827a65301213c810b?s=96&d=mm&r=g","url":"https:\/\/secure.gravatar.com\/avatar\/5964256d6c6957de3a3505278957e0fb2a35119ac47ea41827a65301213c810b?s=96&d=mm&r=g","contentUrl":"https:\/\/secure.gravatar.com\/avatar\/5964256d6c6957de3a3505278957e0fb2a35119ac47ea41827a65301213c810b?s=96&d=mm&r=g","caption":"Jacqueline ROTEN"}}]}},"_links":{"self":[{"href":"https:\/\/www.iemj.org\/de\/wp-json\/wp\/v2\/posts\/118786","targetHints":{"allow":["GET"]}}],"collection":[{"href":"https:\/\/www.iemj.org\/de\/wp-json\/wp\/v2\/posts"}],"about":[{"href":"https:\/\/www.iemj.org\/de\/wp-json\/wp\/v2\/types\/post"}],"author":[{"embeddable":true,"href":"https:\/\/www.iemj.org\/de\/wp-json\/wp\/v2\/users\/5"}],"replies":[{"embeddable":true,"href":"https:\/\/www.iemj.org\/de\/wp-json\/wp\/v2\/comments?post=118786"}],"version-history":[{"count":0,"href":"https:\/\/www.iemj.org\/de\/wp-json\/wp\/v2\/posts\/118786\/revisions"}],"wp:featuredmedia":[{"embeddable":true,"href":"https:\/\/www.iemj.org\/de\/wp-json\/wp\/v2\/media\/118765"}],"wp:attachment":[{"href":"https:\/\/www.iemj.org\/de\/wp-json\/wp\/v2\/media?parent=118786"}],"wp:term":[{"taxonomy":"category","embeddable":true,"href":"https:\/\/www.iemj.org\/de\/wp-json\/wp\/v2\/categories?post=118786"},{"taxonomy":"post_tag","embeddable":true,"href":"https:\/\/www.iemj.org\/de\/wp-json\/wp\/v2\/tags?post=118786"},{"taxonomy":"technique","embeddable":true,"href":"https:\/\/www.iemj.org\/de\/wp-json\/wp\/v2\/technique?post=118786"},{"taxonomy":"squelettes","embeddable":true,"href":"https:\/\/www.iemj.org\/de\/wp-json\/wp\/v2\/squelettes?post=118786"},{"taxonomy":"sujet","embeddable":true,"href":"https:\/\/www.iemj.org\/de\/wp-json\/wp\/v2\/sujet?post=118786"},{"taxonomy":"formation","embeddable":true,"href":"https:\/\/www.iemj.org\/de\/wp-json\/wp\/v2\/formation?post=118786"},{"taxonomy":"genre","embeddable":true,"href":"https:\/\/www.iemj.org\/de\/wp-json\/wp\/v2\/genre?post=118786"},{"taxonomy":"fonds","embeddable":true,"href":"https:\/\/www.iemj.org\/de\/wp-json\/wp\/v2\/fonds?post=118786"},{"taxonomy":"tradition","embeddable":true,"href":"https:\/\/www.iemj.org\/de\/wp-json\/wp\/v2\/tradition?post=118786"},{"taxonomy":"type-de-contenu","embeddable":true,"href":"https:\/\/www.iemj.org\/de\/wp-json\/wp\/v2\/type-de-contenu?post=118786"},{"taxonomy":"interprete-compositeur","embeddable":true,"href":"https:\/\/www.iemj.org\/de\/wp-json\/wp\/v2\/interprete-compositeur?post=118786"},{"taxonomy":"frise","embeddable":true,"href":"https:\/\/www.iemj.org\/de\/wp-json\/wp\/v2\/frise?post=118786"},{"taxonomy":"type-devenement","embeddable":true,"href":"https:\/\/www.iemj.org\/de\/wp-json\/wp\/v2\/type-devenement?post=118786"},{"taxonomy":"tableaux-liens-externes","embeddable":true,"href":"https:\/\/www.iemj.org\/de\/wp-json\/wp\/v2\/tableaux-liens-externes?post=118786"}],"curies":[{"name":"wp","href":"https:\/\/api.w.org\/{rel}","templated":true}]}}