{"id":120862,"date":"2025-05-15T17:26:03","date_gmt":"2025-05-15T15:26:03","guid":{"rendered":"https:\/\/www.iemj.org\/la-chanson-yiddish-en-france\/"},"modified":"2025-05-24T14:51:03","modified_gmt":"2025-05-24T12:51:03","slug":"la-chanson-yiddish-en-france","status":"publish","type":"post","link":"https:\/\/www.iemj.org\/de\/la-chanson-yiddish-en-france\/","title":{"rendered":"Das jiddische Lied in Frankreich"},"content":{"rendered":"<h1><strong>Gefilmte Vortr\u00e4ge am 20. Oktober 2024 im Auditorium des Mus\u00e9e d\u2019Art et d\u2019histoire du Juda\u00efsme (MAHJ)<\/strong><\/h1>\n<h2><strong>Gehalten im Rahmen des Kolloquiums\u00a0<em><a href=\"https:\/\/www.iemj.org\/de\/les-musiques-ashkenazes-en-france-au-concert-ou-a-la-synagogue\/\" target=\"_blank\" rel=\"noopener\">Aschkenasische Musik in Frankreich, im Konzert oder in der Synagoge<\/a>,<\/em>\u00a0vom 20. &amp; 21. Oktober 2024<\/strong><\/h2>\n<p>Das jiddische Lied, das durch die amerikanische Welle nach Frankreich importiert wurde, tauchte in den 1920er Jahren auf und durchdrang sehr schnell das Theater, die Ch\u00f6re und die Liederabende.<\/p>\n<p>Der erste Vormittag des Kolloquiums ist dem Lied im jiddischen Theater gewidmet, der Wiederbelebung des jiddischen Liedes seit den 1970er Jahren, der Erinnerung an die gro\u00dfen jiddischen Ch\u00f6re von Paris und ihren Nachahmern, um schlie\u00dflich die aufstrebende Generation des jiddischen Liedes vorzustellen, die in allen Regionen Frankreichs und Navarras auftritt.<\/p>\n\n\n<div class=\"wp-block-columns is-layout-flex wp-container-core-columns-is-layout-9d6595d7 wp-block-columns-is-layout-flex\">\n<div class=\"wp-block-column is-layout-flow wp-block-column-is-layout-flow\">\n<figure class=\"wp-block-embed is-type-video is-provider-youtube wp-block-embed-youtube wp-embed-aspect-16-9 wp-has-aspect-ratio\"><div class=\"wp-block-embed__wrapper\">\n<iframe title=\"La chanson yiddish en France (Partie 1)\" width=\"640\" height=\"360\" src=\"https:\/\/www.youtube.com\/embed\/8XP3QKK9Miw?feature=oembed\" frameborder=\"0\" allow=\"accelerometer; autoplay; clipboard-write; encrypted-media; gyroscope; picture-in-picture; web-share\" referrerpolicy=\"strict-origin-when-cross-origin\" allowfullscreen><\/iframe>\n<\/div><figcaption class=\"wp-element-caption\"><strong>1 &#8211; Vom Theater zur Wiederbelebung des jiddischen Liedes in den siebziger Jahren und danach.<\/strong><br><em>&#8211; Zwischen B\u00fchne und Partitur: Die Musik des jiddischen Theaters der Zwischenkriegszeit in Paris (1919-1939)<\/em>, mit Mich\u00e8le Fornhoff-Levitt<br>&#8211; <em>Die Wiederbelebung des jiddischen Liedes ab den 1970er Jahren<\/em>, mit Laurent Grynszpan, Mich\u00e8le Tauber und Talila<\/figcaption><\/figure>\n<\/div>\n<\/div>\n\n\n\n<div class=\"wp-block-columns is-layout-flex wp-container-core-columns-is-layout-9d6595d7 wp-block-columns-is-layout-flex\">\n<div class=\"wp-block-column is-layout-flow wp-block-column-is-layout-flow\">\n<figure class=\"wp-block-embed is-type-video is-provider-youtube wp-block-embed-youtube wp-embed-aspect-16-9 wp-has-aspect-ratio\"><div class=\"wp-block-embed__wrapper\">\n<iframe title=\"La chanson yiddish en France (Partie 2)\" width=\"640\" height=\"360\" src=\"https:\/\/www.youtube.com\/embed\/2QwcPy6Dq2U?feature=oembed\" frameborder=\"0\" allow=\"accelerometer; autoplay; clipboard-write; encrypted-media; gyroscope; picture-in-picture; web-share\" referrerpolicy=\"strict-origin-when-cross-origin\" allowfullscreen><\/iframe>\n<\/div><figcaption class=\"wp-element-caption\"><strong>2 &#8211; Von den jiddischen Ch\u00f6ren gestern und heute zum jiddischen Lied im 21.<\/strong><br>&#8211; <em>Jiddische Ch\u00f6re in Frankreich<\/em>, mit Jean Golgevit und Jacinta<br>&#8211; <em>Das jiddische Lied in Frankreich im 21. Jahrhundert: die neue Generation<\/em>, mit Judith Marx und Elsa Signorile<\/figcaption><\/figure>\n<\/div>\n<\/div>\n\n\n\n<div class=\"wp-block-buttons is-content-justification-center is-layout-flex wp-container-core-buttons-is-layout-16018d1d wp-block-buttons-is-layout-flex\">\n<div class=\"wp-block-button\"><a class=\"wp-block-button__link has-white-color has-text-color has-background has-link-color wp-element-button\" href=\"https:\/\/www.iemj.org\/wp-content\/uploads\/2024\/10\/Colloque-Musiques-Ashkenazes-en-France_programme-salle_VDEF-1.pdf\" style=\"background-color:#3c4b98\" target=\"_blank\" rel=\"noreferrer noopener\"><strong>Programm des Kolloquiums herunterladen<\/strong><\/a><\/div>\n<\/div>\n\n\n\n<p><\/p>\n","protected":false},"excerpt":{"rendered":"<p>Gefilmte Vortr\u00e4ge am 20. Oktober 2024 im Auditorium des Mus\u00e9e d\u2019Art et d\u2019histoire du Juda\u00efsme (MAHJ) Gehalten im Rahmen des Kolloquiums\u00a0Aschkenasische Musik in Frankreich, im Konzert oder in der Synagoge,\u00a0vom<\/p>\n","protected":false},"author":5,"featured_media":120539,"comment_status":"closed","ping_status":"closed","sticky":false,"template":"","format":"standard","meta":{"_acf_changed":false,"footnotes":""},"categories":[1418],"tags":[],"technique":[],"squelettes":[],"sujet":[1822],"formation":[],"genre":[1864],"fonds":[],"tradition":[],"type-de-contenu":[],"interprete-compositeur":[],"frise":[],"type-devenement":[],"tableaux-liens-externes":[],"class_list":["post-120862","post","type-post","status-publish","format-standard","has-post-thumbnail","hentry","category-kurse-konferenzen-2-de","sujet-frankreich-de","genre-yiddish-de"],"acf":[],"yoast_head":"<!-- This site is optimized with the Yoast SEO plugin v27.3 - https:\/\/yoast.com\/product\/yoast-seo-wordpress\/ -->\n<title>Das jiddische Lied in Frankreich - Institut Europ\u00e9en des Musiques Juives<\/title>\n<meta name=\"robots\" content=\"index, follow, max-snippet:-1, max-image-preview:large, max-video-preview:-1\" \/>\n<link rel=\"canonical\" href=\"https:\/\/www.iemj.org\/de\/la-chanson-yiddish-en-france\/\" \/>\n<meta property=\"og:locale\" content=\"de_DE\" \/>\n<meta property=\"og:type\" content=\"article\" \/>\n<meta property=\"og:title\" content=\"Das jiddische Lied in Frankreich - Institut Europ\u00e9en des Musiques Juives\" \/>\n<meta property=\"og:description\" content=\"Gefilmte Vortr\u00e4ge am 20. Oktober 2024 im Auditorium des Mus\u00e9e d\u2019Art et d\u2019histoire du Juda\u00efsme (MAHJ) Gehalten im Rahmen des Kolloquiums\u00a0Aschkenasische Musik in Frankreich, im Konzert oder in der Synagoge,\u00a0vom\" \/>\n<meta property=\"og:url\" content=\"https:\/\/www.iemj.org\/de\/la-chanson-yiddish-en-france\/\" \/>\n<meta property=\"og:site_name\" content=\"Institut Europ\u00e9en des Musiques Juives\" \/>\n<meta property=\"article:publisher\" content=\"https:\/\/www.facebook.com\/MusiquesJuives\/\" \/>\n<meta property=\"article:published_time\" content=\"2025-05-15T15:26:03+00:00\" \/>\n<meta property=\"article:modified_time\" content=\"2025-05-24T12:51:03+00:00\" \/>\n<meta property=\"og:image\" content=\"https:\/\/www.iemj.org\/wp-content\/uploads\/2025\/05\/Logo-video-chanson-Yidd-en-Fce.jpg\" \/>\n\t<meta property=\"og:image:width\" content=\"500\" \/>\n\t<meta property=\"og:image:height\" content=\"500\" \/>\n\t<meta property=\"og:image:type\" content=\"image\/jpeg\" \/>\n<meta name=\"author\" content=\"Jacqueline ROTEN\" \/>\n<meta name=\"twitter:card\" content=\"summary_large_image\" \/>\n<meta name=\"twitter:label1\" content=\"Verfasst von\" \/>\n\t<meta name=\"twitter:data1\" content=\"Jacqueline ROTEN\" \/>\n\t<meta name=\"twitter:label2\" content=\"Gesch\u00e4tzte Lesezeit\" \/>\n\t<meta name=\"twitter:data2\" content=\"2\u00a0Minuten\" \/>\n<script type=\"application\/ld+json\" class=\"yoast-schema-graph\">{\"@context\":\"https:\\\/\\\/schema.org\",\"@graph\":[{\"@type\":\"Article\",\"@id\":\"https:\\\/\\\/www.iemj.org\\\/de\\\/la-chanson-yiddish-en-france\\\/#article\",\"isPartOf\":{\"@id\":\"https:\\\/\\\/www.iemj.org\\\/de\\\/la-chanson-yiddish-en-france\\\/\"},\"author\":{\"name\":\"Jacqueline ROTEN\",\"@id\":\"https:\\\/\\\/www.iemj.org\\\/de\\\/#\\\/schema\\\/person\\\/358e26c18aca017fcc4cc15437f7279c\"},\"headline\":\"Das jiddische Lied in Frankreich\",\"datePublished\":\"2025-05-15T15:26:03+00:00\",\"dateModified\":\"2025-05-24T12:51:03+00:00\",\"mainEntityOfPage\":{\"@id\":\"https:\\\/\\\/www.iemj.org\\\/de\\\/la-chanson-yiddish-en-france\\\/\"},\"wordCount\":232,\"publisher\":{\"@id\":\"https:\\\/\\\/www.iemj.org\\\/de\\\/#organization\"},\"image\":{\"@id\":\"https:\\\/\\\/www.iemj.org\\\/de\\\/la-chanson-yiddish-en-france\\\/#primaryimage\"},\"thumbnailUrl\":\"https:\\\/\\\/www.iemj.org\\\/wp-content\\\/uploads\\\/2025\\\/05\\\/Logo-video-chanson-Yidd-en-Fce.jpg\",\"articleSection\":[\"Kurse \\\/ Konferenzen\"],\"inLanguage\":\"de\"},{\"@type\":\"WebPage\",\"@id\":\"https:\\\/\\\/www.iemj.org\\\/de\\\/la-chanson-yiddish-en-france\\\/\",\"url\":\"https:\\\/\\\/www.iemj.org\\\/de\\\/la-chanson-yiddish-en-france\\\/\",\"name\":\"Das jiddische Lied in Frankreich - Institut Europ\u00e9en des Musiques Juives\",\"isPartOf\":{\"@id\":\"https:\\\/\\\/www.iemj.org\\\/de\\\/#website\"},\"primaryImageOfPage\":{\"@id\":\"https:\\\/\\\/www.iemj.org\\\/de\\\/la-chanson-yiddish-en-france\\\/#primaryimage\"},\"image\":{\"@id\":\"https:\\\/\\\/www.iemj.org\\\/de\\\/la-chanson-yiddish-en-france\\\/#primaryimage\"},\"thumbnailUrl\":\"https:\\\/\\\/www.iemj.org\\\/wp-content\\\/uploads\\\/2025\\\/05\\\/Logo-video-chanson-Yidd-en-Fce.jpg\",\"datePublished\":\"2025-05-15T15:26:03+00:00\",\"dateModified\":\"2025-05-24T12:51:03+00:00\",\"breadcrumb\":{\"@id\":\"https:\\\/\\\/www.iemj.org\\\/de\\\/la-chanson-yiddish-en-france\\\/#breadcrumb\"},\"inLanguage\":\"de\",\"potentialAction\":[{\"@type\":\"ReadAction\",\"target\":[\"https:\\\/\\\/www.iemj.org\\\/de\\\/la-chanson-yiddish-en-france\\\/\"]}]},{\"@type\":\"ImageObject\",\"inLanguage\":\"de\",\"@id\":\"https:\\\/\\\/www.iemj.org\\\/de\\\/la-chanson-yiddish-en-france\\\/#primaryimage\",\"url\":\"https:\\\/\\\/www.iemj.org\\\/wp-content\\\/uploads\\\/2025\\\/05\\\/Logo-video-chanson-Yidd-en-Fce.jpg\",\"contentUrl\":\"https:\\\/\\\/www.iemj.org\\\/wp-content\\\/uploads\\\/2025\\\/05\\\/Logo-video-chanson-Yidd-en-Fce.jpg\",\"width\":500,\"height\":500},{\"@type\":\"BreadcrumbList\",\"@id\":\"https:\\\/\\\/www.iemj.org\\\/de\\\/la-chanson-yiddish-en-france\\\/#breadcrumb\",\"itemListElement\":[{\"@type\":\"ListItem\",\"position\":1,\"name\":\"Accueil\",\"item\":\"https:\\\/\\\/www.iemj.org\\\/de\\\/\"},{\"@type\":\"ListItem\",\"position\":2,\"name\":\"Das jiddische Lied in Frankreich\"}]},{\"@type\":\"WebSite\",\"@id\":\"https:\\\/\\\/www.iemj.org\\\/de\\\/#website\",\"url\":\"https:\\\/\\\/www.iemj.org\\\/de\\\/\",\"name\":\"Institut Europ\u00e9en des Musiques Juives\",\"description\":\"Des traditions musicales \u00e0 la port\u00e9e de tous\",\"publisher\":{\"@id\":\"https:\\\/\\\/www.iemj.org\\\/de\\\/#organization\"},\"potentialAction\":[{\"@type\":\"SearchAction\",\"target\":{\"@type\":\"EntryPoint\",\"urlTemplate\":\"https:\\\/\\\/www.iemj.org\\\/de\\\/?s={search_term_string}\"},\"query-input\":{\"@type\":\"PropertyValueSpecification\",\"valueRequired\":true,\"valueName\":\"search_term_string\"}}],\"inLanguage\":\"de\"},{\"@type\":\"Organization\",\"@id\":\"https:\\\/\\\/www.iemj.org\\\/de\\\/#organization\",\"name\":\"Institut Europ\u00e9en des Musiques Juives\",\"url\":\"https:\\\/\\\/www.iemj.org\\\/de\\\/\",\"logo\":{\"@type\":\"ImageObject\",\"inLanguage\":\"de\",\"@id\":\"https:\\\/\\\/www.iemj.org\\\/de\\\/#\\\/schema\\\/logo\\\/image\\\/\",\"url\":\"https:\\\/\\\/www.iemj.org\\\/wp-content\\\/uploads\\\/2021\\\/09\\\/Logo-IEMJ-Paypal.jpg\",\"contentUrl\":\"https:\\\/\\\/www.iemj.org\\\/wp-content\\\/uploads\\\/2021\\\/09\\\/Logo-IEMJ-Paypal.jpg\",\"width\":150,\"height\":50,\"caption\":\"Institut Europ\u00e9en des Musiques Juives\"},\"image\":{\"@id\":\"https:\\\/\\\/www.iemj.org\\\/de\\\/#\\\/schema\\\/logo\\\/image\\\/\"},\"sameAs\":[\"https:\\\/\\\/www.facebook.com\\\/MusiquesJuives\\\/\",\"https:\\\/\\\/www.instagram.com\\\/musiquesjuives\\\/\",\"https:\\\/\\\/www.youtube.com\\\/user\\\/musiquesjuives\"]},{\"@type\":\"Person\",\"@id\":\"https:\\\/\\\/www.iemj.org\\\/de\\\/#\\\/schema\\\/person\\\/358e26c18aca017fcc4cc15437f7279c\",\"name\":\"Jacqueline ROTEN\",\"image\":{\"@type\":\"ImageObject\",\"inLanguage\":\"de\",\"@id\":\"https:\\\/\\\/secure.gravatar.com\\\/avatar\\\/5964256d6c6957de3a3505278957e0fb2a35119ac47ea41827a65301213c810b?s=96&d=mm&r=g\",\"url\":\"https:\\\/\\\/secure.gravatar.com\\\/avatar\\\/5964256d6c6957de3a3505278957e0fb2a35119ac47ea41827a65301213c810b?s=96&d=mm&r=g\",\"contentUrl\":\"https:\\\/\\\/secure.gravatar.com\\\/avatar\\\/5964256d6c6957de3a3505278957e0fb2a35119ac47ea41827a65301213c810b?s=96&d=mm&r=g\",\"caption\":\"Jacqueline ROTEN\"}}]}<\/script>\n<!-- \/ Yoast SEO plugin. -->","yoast_head_json":{"title":"Das jiddische Lied in Frankreich - Institut Europ\u00e9en des Musiques Juives","robots":{"index":"index","follow":"follow","max-snippet":"max-snippet:-1","max-image-preview":"max-image-preview:large","max-video-preview":"max-video-preview:-1"},"canonical":"https:\/\/www.iemj.org\/de\/la-chanson-yiddish-en-france\/","og_locale":"de_DE","og_type":"article","og_title":"Das jiddische Lied in Frankreich - Institut Europ\u00e9en des Musiques Juives","og_description":"Gefilmte Vortr\u00e4ge am 20. Oktober 2024 im Auditorium des Mus\u00e9e d\u2019Art et d\u2019histoire du Juda\u00efsme (MAHJ) Gehalten im Rahmen des Kolloquiums\u00a0Aschkenasische Musik in Frankreich, im Konzert oder in der Synagoge,\u00a0vom","og_url":"https:\/\/www.iemj.org\/de\/la-chanson-yiddish-en-france\/","og_site_name":"Institut Europ\u00e9en des Musiques Juives","article_publisher":"https:\/\/www.facebook.com\/MusiquesJuives\/","article_published_time":"2025-05-15T15:26:03+00:00","article_modified_time":"2025-05-24T12:51:03+00:00","og_image":[{"width":500,"height":500,"url":"https:\/\/www.iemj.org\/wp-content\/uploads\/2025\/05\/Logo-video-chanson-Yidd-en-Fce.jpg","type":"image\/jpeg"}],"author":"Jacqueline ROTEN","twitter_card":"summary_large_image","twitter_misc":{"Verfasst von":"Jacqueline ROTEN","Gesch\u00e4tzte Lesezeit":"2\u00a0Minuten"},"schema":{"@context":"https:\/\/schema.org","@graph":[{"@type":"Article","@id":"https:\/\/www.iemj.org\/de\/la-chanson-yiddish-en-france\/#article","isPartOf":{"@id":"https:\/\/www.iemj.org\/de\/la-chanson-yiddish-en-france\/"},"author":{"name":"Jacqueline ROTEN","@id":"https:\/\/www.iemj.org\/de\/#\/schema\/person\/358e26c18aca017fcc4cc15437f7279c"},"headline":"Das jiddische Lied in Frankreich","datePublished":"2025-05-15T15:26:03+00:00","dateModified":"2025-05-24T12:51:03+00:00","mainEntityOfPage":{"@id":"https:\/\/www.iemj.org\/de\/la-chanson-yiddish-en-france\/"},"wordCount":232,"publisher":{"@id":"https:\/\/www.iemj.org\/de\/#organization"},"image":{"@id":"https:\/\/www.iemj.org\/de\/la-chanson-yiddish-en-france\/#primaryimage"},"thumbnailUrl":"https:\/\/www.iemj.org\/wp-content\/uploads\/2025\/05\/Logo-video-chanson-Yidd-en-Fce.jpg","articleSection":["Kurse \/ Konferenzen"],"inLanguage":"de"},{"@type":"WebPage","@id":"https:\/\/www.iemj.org\/de\/la-chanson-yiddish-en-france\/","url":"https:\/\/www.iemj.org\/de\/la-chanson-yiddish-en-france\/","name":"Das jiddische Lied in Frankreich - Institut Europ\u00e9en des Musiques Juives","isPartOf":{"@id":"https:\/\/www.iemj.org\/de\/#website"},"primaryImageOfPage":{"@id":"https:\/\/www.iemj.org\/de\/la-chanson-yiddish-en-france\/#primaryimage"},"image":{"@id":"https:\/\/www.iemj.org\/de\/la-chanson-yiddish-en-france\/#primaryimage"},"thumbnailUrl":"https:\/\/www.iemj.org\/wp-content\/uploads\/2025\/05\/Logo-video-chanson-Yidd-en-Fce.jpg","datePublished":"2025-05-15T15:26:03+00:00","dateModified":"2025-05-24T12:51:03+00:00","breadcrumb":{"@id":"https:\/\/www.iemj.org\/de\/la-chanson-yiddish-en-france\/#breadcrumb"},"inLanguage":"de","potentialAction":[{"@type":"ReadAction","target":["https:\/\/www.iemj.org\/de\/la-chanson-yiddish-en-france\/"]}]},{"@type":"ImageObject","inLanguage":"de","@id":"https:\/\/www.iemj.org\/de\/la-chanson-yiddish-en-france\/#primaryimage","url":"https:\/\/www.iemj.org\/wp-content\/uploads\/2025\/05\/Logo-video-chanson-Yidd-en-Fce.jpg","contentUrl":"https:\/\/www.iemj.org\/wp-content\/uploads\/2025\/05\/Logo-video-chanson-Yidd-en-Fce.jpg","width":500,"height":500},{"@type":"BreadcrumbList","@id":"https:\/\/www.iemj.org\/de\/la-chanson-yiddish-en-france\/#breadcrumb","itemListElement":[{"@type":"ListItem","position":1,"name":"Accueil","item":"https:\/\/www.iemj.org\/de\/"},{"@type":"ListItem","position":2,"name":"Das jiddische Lied in Frankreich"}]},{"@type":"WebSite","@id":"https:\/\/www.iemj.org\/de\/#website","url":"https:\/\/www.iemj.org\/de\/","name":"Institut Europ\u00e9en des Musiques Juives","description":"Des traditions musicales \u00e0 la port\u00e9e de tous","publisher":{"@id":"https:\/\/www.iemj.org\/de\/#organization"},"potentialAction":[{"@type":"SearchAction","target":{"@type":"EntryPoint","urlTemplate":"https:\/\/www.iemj.org\/de\/?s={search_term_string}"},"query-input":{"@type":"PropertyValueSpecification","valueRequired":true,"valueName":"search_term_string"}}],"inLanguage":"de"},{"@type":"Organization","@id":"https:\/\/www.iemj.org\/de\/#organization","name":"Institut Europ\u00e9en des Musiques Juives","url":"https:\/\/www.iemj.org\/de\/","logo":{"@type":"ImageObject","inLanguage":"de","@id":"https:\/\/www.iemj.org\/de\/#\/schema\/logo\/image\/","url":"https:\/\/www.iemj.org\/wp-content\/uploads\/2021\/09\/Logo-IEMJ-Paypal.jpg","contentUrl":"https:\/\/www.iemj.org\/wp-content\/uploads\/2021\/09\/Logo-IEMJ-Paypal.jpg","width":150,"height":50,"caption":"Institut Europ\u00e9en des Musiques Juives"},"image":{"@id":"https:\/\/www.iemj.org\/de\/#\/schema\/logo\/image\/"},"sameAs":["https:\/\/www.facebook.com\/MusiquesJuives\/","https:\/\/www.instagram.com\/musiquesjuives\/","https:\/\/www.youtube.com\/user\/musiquesjuives"]},{"@type":"Person","@id":"https:\/\/www.iemj.org\/de\/#\/schema\/person\/358e26c18aca017fcc4cc15437f7279c","name":"Jacqueline ROTEN","image":{"@type":"ImageObject","inLanguage":"de","@id":"https:\/\/secure.gravatar.com\/avatar\/5964256d6c6957de3a3505278957e0fb2a35119ac47ea41827a65301213c810b?s=96&d=mm&r=g","url":"https:\/\/secure.gravatar.com\/avatar\/5964256d6c6957de3a3505278957e0fb2a35119ac47ea41827a65301213c810b?s=96&d=mm&r=g","contentUrl":"https:\/\/secure.gravatar.com\/avatar\/5964256d6c6957de3a3505278957e0fb2a35119ac47ea41827a65301213c810b?s=96&d=mm&r=g","caption":"Jacqueline ROTEN"}}]}},"_links":{"self":[{"href":"https:\/\/www.iemj.org\/de\/wp-json\/wp\/v2\/posts\/120862","targetHints":{"allow":["GET"]}}],"collection":[{"href":"https:\/\/www.iemj.org\/de\/wp-json\/wp\/v2\/posts"}],"about":[{"href":"https:\/\/www.iemj.org\/de\/wp-json\/wp\/v2\/types\/post"}],"author":[{"embeddable":true,"href":"https:\/\/www.iemj.org\/de\/wp-json\/wp\/v2\/users\/5"}],"replies":[{"embeddable":true,"href":"https:\/\/www.iemj.org\/de\/wp-json\/wp\/v2\/comments?post=120862"}],"version-history":[{"count":0,"href":"https:\/\/www.iemj.org\/de\/wp-json\/wp\/v2\/posts\/120862\/revisions"}],"wp:featuredmedia":[{"embeddable":true,"href":"https:\/\/www.iemj.org\/de\/wp-json\/wp\/v2\/media\/120539"}],"wp:attachment":[{"href":"https:\/\/www.iemj.org\/de\/wp-json\/wp\/v2\/media?parent=120862"}],"wp:term":[{"taxonomy":"category","embeddable":true,"href":"https:\/\/www.iemj.org\/de\/wp-json\/wp\/v2\/categories?post=120862"},{"taxonomy":"post_tag","embeddable":true,"href":"https:\/\/www.iemj.org\/de\/wp-json\/wp\/v2\/tags?post=120862"},{"taxonomy":"technique","embeddable":true,"href":"https:\/\/www.iemj.org\/de\/wp-json\/wp\/v2\/technique?post=120862"},{"taxonomy":"squelettes","embeddable":true,"href":"https:\/\/www.iemj.org\/de\/wp-json\/wp\/v2\/squelettes?post=120862"},{"taxonomy":"sujet","embeddable":true,"href":"https:\/\/www.iemj.org\/de\/wp-json\/wp\/v2\/sujet?post=120862"},{"taxonomy":"formation","embeddable":true,"href":"https:\/\/www.iemj.org\/de\/wp-json\/wp\/v2\/formation?post=120862"},{"taxonomy":"genre","embeddable":true,"href":"https:\/\/www.iemj.org\/de\/wp-json\/wp\/v2\/genre?post=120862"},{"taxonomy":"fonds","embeddable":true,"href":"https:\/\/www.iemj.org\/de\/wp-json\/wp\/v2\/fonds?post=120862"},{"taxonomy":"tradition","embeddable":true,"href":"https:\/\/www.iemj.org\/de\/wp-json\/wp\/v2\/tradition?post=120862"},{"taxonomy":"type-de-contenu","embeddable":true,"href":"https:\/\/www.iemj.org\/de\/wp-json\/wp\/v2\/type-de-contenu?post=120862"},{"taxonomy":"interprete-compositeur","embeddable":true,"href":"https:\/\/www.iemj.org\/de\/wp-json\/wp\/v2\/interprete-compositeur?post=120862"},{"taxonomy":"frise","embeddable":true,"href":"https:\/\/www.iemj.org\/de\/wp-json\/wp\/v2\/frise?post=120862"},{"taxonomy":"type-devenement","embeddable":true,"href":"https:\/\/www.iemj.org\/de\/wp-json\/wp\/v2\/type-devenement?post=120862"},{"taxonomy":"tableaux-liens-externes","embeddable":true,"href":"https:\/\/www.iemj.org\/de\/wp-json\/wp\/v2\/tableaux-liens-externes?post=120862"}],"curies":[{"name":"wp","href":"https:\/\/api.w.org\/{rel}","templated":true}]}}