{"id":120886,"date":"2025-05-18T13:06:44","date_gmt":"2025-05-18T11:06:44","guid":{"rendered":"https:\/\/www.iemj.org\/conferences-la-musique-klezmer-en-france\/"},"modified":"2025-05-24T14:59:35","modified_gmt":"2025-05-24T12:59:35","slug":"conferences-la-musique-klezmer-en-france","status":"publish","type":"post","link":"https:\/\/www.iemj.org\/de\/conferences-la-musique-klezmer-en-france\/","title":{"rendered":"Klezmermusik in Frankreich"},"content":{"rendered":"<h1><strong>Gefilmte Vortr\u00e4ge am 20. Oktober 2024 im Auditorium des Mus\u00e9e d&#8217;Art et d&#8217;histoire du Juda\u00efsme (MAHJ)<\/strong><\/h1>\n<h2>Gehalten im Rahmen des Kolloquiums\u00a0<em><a href=\"https:\/\/www.iemj.org\/de\/les-musiques-ashkenazes-en-france-au-concert-ou-a-la-synagogue\/\" target=\"_blank\" rel=\"noopener\">Aschkenasische Musik in Frankreich, im Konzert oder in der Synagoge<\/a>,<\/em>\u00a0vom 20. &amp; 21. Oktober 2024<\/h2>\n<p>Die Klezmermusik<span class=\"footnote_referrer\"><a role=\"button\" tabindex=\"0\" onclick=\"footnote_moveToReference_120886_1('footnote_plugin_reference_120886_1_1');\" onkeypress=\"footnote_moveToReference_120886_1('footnote_plugin_reference_120886_1_1');\" ><sup id=\"footnote_plugin_tooltip_120886_1_1\" class=\"footnote_plugin_tooltip_text\">[1]<\/sup><\/a><span id=\"footnote_plugin_tooltip_text_120886_1_1\" class=\"footnote_tooltip\">Der Begriff stammt vom hebr\u00e4ischen Wort <em>kli zemer<\/em> ab, das w\u00f6rtlich \u00fcbersetzt \u201eInstrumente des Gesangs\u201c bedeutet.<\/span><\/span><script type=\"text\/javascript\"> jQuery('#footnote_plugin_tooltip_120886_1_1').tooltip({ tip: '#footnote_plugin_tooltip_text_120886_1_1', tipClass: 'footnote_tooltip', effect: 'fade', predelay: 0, fadeInSpeed: 200, delay: 400, fadeOutSpeed: 200, position: 'top center', relative: true, offset: [-7, 0], });<\/script> war urspr\u00fcnglich eine Instrumentalmusik, die in den j\u00fcdischen Gemeinden Osteuropas bei Hochzeiten, offiziellen Anl\u00e4ssen und bestimmten religi\u00f6sen Feiertagen gespielt wurde, bei denen das Spielen von Instrumenten von den rabbinischen Autorit\u00e4ten toleriert wurde. Jahrhunderts ging diese Musik in Europa zur\u00fcck und wurde durch den Holocaust nahezu ausgel\u00f6scht. Sie \u00fcberlebte jedoch in den USA, wo sich viele j\u00fcdische Klezmermusiker, die vor Pogromen und Armut flohen, niederlie\u00dfen. In der Nachkriegszeit war die Klezmermusik aus der Mode gekommen, doch in den 1970er Jahren trugen einige leidenschaftliche Musiker zu ihrer Wiederbelebung bei<span class=\"footnote_referrer\"><a role=\"button\" tabindex=\"0\" onclick=\"footnote_moveToReference_120886_1('footnote_plugin_reference_120886_1_2');\" onkeypress=\"footnote_moveToReference_120886_1('footnote_plugin_reference_120886_1_2');\" ><sup id=\"footnote_plugin_tooltip_120886_1_2\" class=\"footnote_plugin_tooltip_text\">[2]<\/sup><\/a><span id=\"footnote_plugin_tooltip_text_120886_1_2\" class=\"footnote_tooltip\">Zu diesen Musikern geh\u00f6ren der wegweisende Klarinettist Giora Feidman, der Saxophonist Lev Liberman (The Klezmorim), Henry Sapoznik (Kapelye), Andy Statman (Andy Statman Klezmer Orchestra), Zev&nbsp;&#x2026; <span class=\"footnote_tooltip_continue\"  onclick=\"footnote_moveToReference_120886_1('footnote_plugin_reference_120886_1_2');\">Lire la suite<\/span><\/span><\/span><script type=\"text\/javascript\"> jQuery('#footnote_plugin_tooltip_120886_1_2').tooltip({ tip: '#footnote_plugin_tooltip_text_120886_1_2', tipClass: 'footnote_tooltip', effect: 'fade', predelay: 0, fadeInSpeed: 200, delay: 400, fadeOutSpeed: 200, position: 'top center', relative: true, offset: [-7, 0], });<\/script>. Von den USA aus erreichte diese \u201eneue Welle\u201c der Klezmermusik bald auch Europa und Israel. Im Jahr 1983 gr\u00fcndeten der Klarinettist Nano Peylet und der Pianist Denis Cuniot die erste franz\u00f6sische Klezmerband: das Duo Peylet-Cuniot. Seitdem hat sich diese Klezmer-Welle immer weiter ausgebreitet.<\/p>\n<p>Dieser zweite Teil des Kolloquiums \u00fcber \u201eAschkenasische Musik in Frankreich\u201c zeichnet die Entwicklung und Vermittlung der Klezmermusik in Frankreich von 1983 bis heute nach und gibt insbesondere einen \u00dcberblick \u00fcber die aktuelle Praxis.<\/p>\n\n\n<div class=\"wp-block-columns is-layout-flex wp-container-core-columns-is-layout-9d6595d7 wp-block-columns-is-layout-flex\">\n<div class=\"wp-block-column is-layout-flow wp-block-column-is-layout-flow\">\n<figure class=\"wp-block-embed is-type-video is-provider-youtube wp-block-embed-youtube wp-embed-aspect-16-9 wp-has-aspect-ratio\"><div class=\"wp-block-embed__wrapper\">\n<iframe title=\"La musique klezmer en France\" width=\"640\" height=\"360\" src=\"https:\/\/www.youtube.com\/embed\/KMJlSbFRBtY?feature=oembed\" frameborder=\"0\" allow=\"accelerometer; autoplay; clipboard-write; encrypted-media; gyroscope; picture-in-picture; web-share\" referrerpolicy=\"strict-origin-when-cross-origin\" allowfullscreen><\/iframe>\n<\/div><figcaption class=\"wp-element-caption\"><strong>Klezmermusik in Frankreich<\/strong>, mit Alice Mazen und L\u00e9a Platini<\/figcaption><\/figure>\n<\/div>\n<\/div>\n\n\n\n<div class=\"wp-block-columns is-layout-flex wp-container-core-columns-is-layout-9d6595d7 wp-block-columns-is-layout-flex\">\n<div class=\"wp-block-column is-layout-flow wp-block-column-is-layout-flow\">\n<figure class=\"wp-block-embed is-type-video is-provider-youtube wp-block-embed-youtube wp-embed-aspect-16-9 wp-has-aspect-ratio\"><div class=\"wp-block-embed__wrapper\">\n<iframe title=\"La musique klezmer et ses protagonistes, entre tradition et cr\u00e9ation\" width=\"640\" height=\"360\" src=\"https:\/\/www.youtube.com\/embed\/CaZPUf75hMY?feature=oembed\" frameborder=\"0\" allow=\"accelerometer; autoplay; clipboard-write; encrypted-media; gyroscope; picture-in-picture; web-share\" referrerpolicy=\"strict-origin-when-cross-origin\" allowfullscreen><\/iframe>\n<\/div><figcaption class=\"wp-element-caption\"><strong>Klezmermusik und ihre Akteure zwischen Tradition und Kreation<\/strong>, mit Samuel Maquin, Michel Schick, David el Shatran, Marthe Desrosi\u00e8res, Adrian Iordan, Charles Rappoport, Guillaume Dettmar, Henry Kisiel, Pierre Wekstein, Marine Goldwaser und David Konopnicki<\/figcaption><\/figure>\n<\/div>\n<\/div>\n\n\n\n<div class=\"wp-block-group\"><div class=\"wp-block-group__inner-container is-layout-constrained wp-block-group-is-layout-constrained\">\n<div class=\"wp-block-columns are-vertically-aligned-center is-layout-flex wp-container-core-columns-is-layout-9d6595d7 wp-block-columns-is-layout-flex\">\n<div class=\"wp-block-column is-layout-flow wp-block-column-is-layout-flow\" style=\"flex-basis:100%\">\n<figure class=\"wp-block-embed is-type-video is-provider-youtube wp-block-embed-youtube wp-embed-aspect-16-9 wp-has-aspect-ratio\"><div class=\"wp-block-embed__wrapper\">\n<iframe title=\"Moment musical : Chansons yiddish &amp; Musique klezmer\" width=\"640\" height=\"360\" src=\"https:\/\/www.youtube.com\/embed\/HN6FQbBzKiE?feature=oembed\" frameborder=\"0\" allow=\"accelerometer; autoplay; clipboard-write; encrypted-media; gyroscope; picture-in-picture; web-share\" referrerpolicy=\"strict-origin-when-cross-origin\" allowfullscreen><\/iframe>\n<\/div><figcaption class=\"wp-element-caption\"><strong>Musikalischer Moment<\/strong><br>&#8211; <strong><em>Jiddische Lieder<\/em><\/strong>, mit Jacinta (Gesang und Gitarre), Mich\u00e8le Tauber (Gesang) und Adrian Iordan (Akkordeon).<br>&#8211; <em><strong>Klezmer-Musik<\/strong><\/em>, Pletzl Bandit mit Charles Rappoport (Violine), Samuel Maquin (Klarinette), Adrian Iordan (Akkordeon) und Henry Kisiel (Kontrabass).<\/figcaption><\/figure>\n<\/div>\n<\/div>\n<\/div><\/div>\n\n\n\n<div class=\"wp-block-buttons is-content-justification-center is-layout-flex wp-container-core-buttons-is-layout-16018d1d wp-block-buttons-is-layout-flex\">\n<div class=\"wp-block-button\"><a class=\"wp-block-button__link has-white-color has-text-color has-background has-link-color wp-element-button\" href=\"https:\/\/www.iemj.org\/wp-content\/uploads\/2024\/10\/Colloque-Musiques-Ashkenazes-en-France_programme-salle_VDEF-1.pdf\" style=\"background-color:#3c4b98\" target=\"_blank\" rel=\"noreferrer noopener\"><strong>Programm des Kolloquiums herunterladen<\/strong><\/a><\/div>\n<\/div>\n\n\n\n<p><\/p>\n<div class=\"speaker-mute footnotes_reference_container\"> <div class=\"footnote_container_prepare\"><p><span role=\"button\" tabindex=\"0\" class=\"footnote_reference_container_label pointer\" onclick=\"footnote_expand_collapse_reference_container_120886_1();\">&#x202F;<\/span><span role=\"button\" tabindex=\"0\" class=\"footnote_reference_container_collapse_button\" style=\"display: none;\" onclick=\"footnote_expand_collapse_reference_container_120886_1();\">[<a id=\"footnote_reference_container_collapse_button_120886_1\">+<\/a>]<\/span><\/p><\/div> <div id=\"footnote_references_container_120886_1\" style=\"\"><table class=\"footnotes_table footnote-reference-container\"><caption class=\"accessibility\">References<\/caption> <tbody> \r\n\r\n<tr class=\"footnotes_plugin_reference_row\"> <th scope=\"row\" class=\"footnote_plugin_index_combi pointer\"  onclick=\"footnote_moveToAnchor_120886_1('footnote_plugin_tooltip_120886_1_1');\"><a id=\"footnote_plugin_reference_120886_1_1\" class=\"footnote_backlink\">1<\/a><\/th> <td class=\"footnote_plugin_text\">Der Begriff stammt vom hebr\u00e4ischen Wort <em>kli zemer<\/em> ab, das w\u00f6rtlich \u00fcbersetzt \u201eInstrumente des Gesangs\u201c bedeutet.<\/td><\/tr>\r\n\r\n<tr class=\"footnotes_plugin_reference_row\"> <th scope=\"row\" class=\"footnote_plugin_index_combi pointer\"  onclick=\"footnote_moveToAnchor_120886_1('footnote_plugin_tooltip_120886_1_2');\"><a id=\"footnote_plugin_reference_120886_1_2\" class=\"footnote_backlink\">2<\/a><\/th> <td class=\"footnote_plugin_text\">Zu diesen Musikern geh\u00f6ren der wegweisende Klarinettist Giora Feidman, der Saxophonist Lev Liberman (The Klezmorim), Henry Sapoznik (Kapelye), Andy Statman (Andy Statman Klezmer Orchestra), Zev Feldman, Michael Alpert, Alan Bern, Joel Rubin, Peter Sokolow oder auch Yale Strom.<\/td><\/tr>\r\n\r\n <\/tbody> <\/table> <\/div><\/div><script type=\"text\/javascript\"> function footnote_expand_reference_container_120886_1() { jQuery('#footnote_references_container_120886_1').show(); jQuery('#footnote_reference_container_collapse_button_120886_1').text('\u2212'); } function footnote_collapse_reference_container_120886_1() { jQuery('#footnote_references_container_120886_1').hide(); jQuery('#footnote_reference_container_collapse_button_120886_1').text('+'); } function footnote_expand_collapse_reference_container_120886_1() { if (jQuery('#footnote_references_container_120886_1').is(':hidden')) { footnote_expand_reference_container_120886_1(); } else { footnote_collapse_reference_container_120886_1(); } } function footnote_moveToReference_120886_1(p_str_TargetID) { footnote_expand_reference_container_120886_1(); var l_obj_Target = jQuery('#' + p_str_TargetID); if (l_obj_Target.length) { jQuery( 'html, body' ).delay( 0 ); jQuery('html, body').animate({ scrollTop: l_obj_Target.offset().top - window.innerHeight * 0.2 }, 380); } } function footnote_moveToAnchor_120886_1(p_str_TargetID) { footnote_expand_reference_container_120886_1(); var l_obj_Target = jQuery('#' + p_str_TargetID); if (l_obj_Target.length) { jQuery( 'html, body' ).delay( 0 ); jQuery('html, body').animate({ scrollTop: l_obj_Target.offset().top - window.innerHeight * 0.2 }, 380); } }<\/script>","protected":false},"excerpt":{"rendered":"<p>Gefilmte Vortr\u00e4ge am 20. Oktober 2024 im Auditorium des Mus\u00e9e d&#8217;Art et d&#8217;histoire du Juda\u00efsme (MAHJ) Gehalten im Rahmen des Kolloquiums\u00a0Aschkenasische Musik in Frankreich, im Konzert oder in der Synagoge,\u00a0vom<\/p>\n","protected":false},"author":5,"featured_media":120621,"comment_status":"closed","ping_status":"closed","sticky":false,"template":"","format":"standard","meta":{"_acf_changed":false,"footnotes":""},"categories":[1418],"tags":[],"technique":[],"squelettes":[],"sujet":[1822],"formation":[],"genre":[1875],"fonds":[],"tradition":[],"type-de-contenu":[],"interprete-compositeur":[],"frise":[],"type-devenement":[],"tableaux-liens-externes":[],"class_list":["post-120886","post","type-post","status-publish","format-standard","has-post-thumbnail","hentry","category-kurse-konferenzen-2-de","sujet-frankreich-de","genre-klezmer-de"],"acf":[],"yoast_head":"<!-- This site is optimized with the Yoast SEO plugin v27.3 - https:\/\/yoast.com\/product\/yoast-seo-wordpress\/ -->\n<title>Klezmermusik in Frankreich - Institut Europ\u00e9en des Musiques Juives<\/title>\n<meta name=\"robots\" content=\"index, follow, max-snippet:-1, max-image-preview:large, max-video-preview:-1\" \/>\n<link rel=\"canonical\" href=\"https:\/\/www.iemj.org\/de\/conferences-la-musique-klezmer-en-france\/\" \/>\n<meta property=\"og:locale\" content=\"de_DE\" \/>\n<meta property=\"og:type\" content=\"article\" \/>\n<meta property=\"og:title\" content=\"Klezmermusik in Frankreich - Institut Europ\u00e9en des Musiques Juives\" \/>\n<meta property=\"og:description\" content=\"Gefilmte Vortr\u00e4ge am 20. Oktober 2024 im Auditorium des Mus\u00e9e d&#8217;Art et d&#8217;histoire du Juda\u00efsme (MAHJ) Gehalten im Rahmen des Kolloquiums\u00a0Aschkenasische Musik in Frankreich, im Konzert oder in der Synagoge,\u00a0vom\" \/>\n<meta property=\"og:url\" content=\"https:\/\/www.iemj.org\/de\/conferences-la-musique-klezmer-en-france\/\" \/>\n<meta property=\"og:site_name\" content=\"Institut Europ\u00e9en des Musiques Juives\" \/>\n<meta property=\"article:publisher\" content=\"https:\/\/www.facebook.com\/MusiquesJuives\/\" \/>\n<meta property=\"article:published_time\" content=\"2025-05-18T11:06:44+00:00\" \/>\n<meta property=\"article:modified_time\" content=\"2025-05-24T12:59:35+00:00\" \/>\n<meta property=\"og:image\" content=\"https:\/\/www.iemj.org\/wp-content\/uploads\/2025\/05\/Lofo-Conferences-La-musique-klezmer-en-France.jpg\" \/>\n\t<meta property=\"og:image:width\" content=\"500\" \/>\n\t<meta property=\"og:image:height\" content=\"500\" \/>\n\t<meta property=\"og:image:type\" content=\"image\/jpeg\" \/>\n<meta name=\"author\" content=\"Jacqueline ROTEN\" \/>\n<meta name=\"twitter:card\" content=\"summary_large_image\" \/>\n<meta name=\"twitter:label1\" content=\"Verfasst von\" \/>\n\t<meta name=\"twitter:data1\" content=\"Jacqueline ROTEN\" \/>\n\t<meta name=\"twitter:label2\" content=\"Gesch\u00e4tzte Lesezeit\" \/>\n\t<meta name=\"twitter:data2\" content=\"2\u00a0Minuten\" \/>\n<script type=\"application\/ld+json\" class=\"yoast-schema-graph\">{\"@context\":\"https:\\\/\\\/schema.org\",\"@graph\":[{\"@type\":\"Article\",\"@id\":\"https:\\\/\\\/www.iemj.org\\\/de\\\/conferences-la-musique-klezmer-en-france\\\/#article\",\"isPartOf\":{\"@id\":\"https:\\\/\\\/www.iemj.org\\\/de\\\/conferences-la-musique-klezmer-en-france\\\/\"},\"author\":{\"name\":\"Jacqueline ROTEN\",\"@id\":\"https:\\\/\\\/www.iemj.org\\\/de\\\/#\\\/schema\\\/person\\\/358e26c18aca017fcc4cc15437f7279c\"},\"headline\":\"Klezmermusik in Frankreich\",\"datePublished\":\"2025-05-18T11:06:44+00:00\",\"dateModified\":\"2025-05-24T12:59:35+00:00\",\"mainEntityOfPage\":{\"@id\":\"https:\\\/\\\/www.iemj.org\\\/de\\\/conferences-la-musique-klezmer-en-france\\\/\"},\"wordCount\":372,\"publisher\":{\"@id\":\"https:\\\/\\\/www.iemj.org\\\/de\\\/#organization\"},\"image\":{\"@id\":\"https:\\\/\\\/www.iemj.org\\\/de\\\/conferences-la-musique-klezmer-en-france\\\/#primaryimage\"},\"thumbnailUrl\":\"https:\\\/\\\/www.iemj.org\\\/wp-content\\\/uploads\\\/2025\\\/05\\\/Lofo-Conferences-La-musique-klezmer-en-France.jpg\",\"articleSection\":[\"Kurse \\\/ Konferenzen\"],\"inLanguage\":\"de\"},{\"@type\":\"WebPage\",\"@id\":\"https:\\\/\\\/www.iemj.org\\\/de\\\/conferences-la-musique-klezmer-en-france\\\/\",\"url\":\"https:\\\/\\\/www.iemj.org\\\/de\\\/conferences-la-musique-klezmer-en-france\\\/\",\"name\":\"Klezmermusik in Frankreich - Institut Europ\u00e9en des Musiques Juives\",\"isPartOf\":{\"@id\":\"https:\\\/\\\/www.iemj.org\\\/de\\\/#website\"},\"primaryImageOfPage\":{\"@id\":\"https:\\\/\\\/www.iemj.org\\\/de\\\/conferences-la-musique-klezmer-en-france\\\/#primaryimage\"},\"image\":{\"@id\":\"https:\\\/\\\/www.iemj.org\\\/de\\\/conferences-la-musique-klezmer-en-france\\\/#primaryimage\"},\"thumbnailUrl\":\"https:\\\/\\\/www.iemj.org\\\/wp-content\\\/uploads\\\/2025\\\/05\\\/Lofo-Conferences-La-musique-klezmer-en-France.jpg\",\"datePublished\":\"2025-05-18T11:06:44+00:00\",\"dateModified\":\"2025-05-24T12:59:35+00:00\",\"breadcrumb\":{\"@id\":\"https:\\\/\\\/www.iemj.org\\\/de\\\/conferences-la-musique-klezmer-en-france\\\/#breadcrumb\"},\"inLanguage\":\"de\",\"potentialAction\":[{\"@type\":\"ReadAction\",\"target\":[\"https:\\\/\\\/www.iemj.org\\\/de\\\/conferences-la-musique-klezmer-en-france\\\/\"]}]},{\"@type\":\"ImageObject\",\"inLanguage\":\"de\",\"@id\":\"https:\\\/\\\/www.iemj.org\\\/de\\\/conferences-la-musique-klezmer-en-france\\\/#primaryimage\",\"url\":\"https:\\\/\\\/www.iemj.org\\\/wp-content\\\/uploads\\\/2025\\\/05\\\/Lofo-Conferences-La-musique-klezmer-en-France.jpg\",\"contentUrl\":\"https:\\\/\\\/www.iemj.org\\\/wp-content\\\/uploads\\\/2025\\\/05\\\/Lofo-Conferences-La-musique-klezmer-en-France.jpg\",\"width\":500,\"height\":500},{\"@type\":\"BreadcrumbList\",\"@id\":\"https:\\\/\\\/www.iemj.org\\\/de\\\/conferences-la-musique-klezmer-en-france\\\/#breadcrumb\",\"itemListElement\":[{\"@type\":\"ListItem\",\"position\":1,\"name\":\"Accueil\",\"item\":\"https:\\\/\\\/www.iemj.org\\\/de\\\/\"},{\"@type\":\"ListItem\",\"position\":2,\"name\":\"Klezmermusik in Frankreich\"}]},{\"@type\":\"WebSite\",\"@id\":\"https:\\\/\\\/www.iemj.org\\\/de\\\/#website\",\"url\":\"https:\\\/\\\/www.iemj.org\\\/de\\\/\",\"name\":\"Institut Europ\u00e9en des Musiques Juives\",\"description\":\"Des traditions musicales \u00e0 la port\u00e9e de tous\",\"publisher\":{\"@id\":\"https:\\\/\\\/www.iemj.org\\\/de\\\/#organization\"},\"potentialAction\":[{\"@type\":\"SearchAction\",\"target\":{\"@type\":\"EntryPoint\",\"urlTemplate\":\"https:\\\/\\\/www.iemj.org\\\/de\\\/?s={search_term_string}\"},\"query-input\":{\"@type\":\"PropertyValueSpecification\",\"valueRequired\":true,\"valueName\":\"search_term_string\"}}],\"inLanguage\":\"de\"},{\"@type\":\"Organization\",\"@id\":\"https:\\\/\\\/www.iemj.org\\\/de\\\/#organization\",\"name\":\"Institut Europ\u00e9en des Musiques Juives\",\"url\":\"https:\\\/\\\/www.iemj.org\\\/de\\\/\",\"logo\":{\"@type\":\"ImageObject\",\"inLanguage\":\"de\",\"@id\":\"https:\\\/\\\/www.iemj.org\\\/de\\\/#\\\/schema\\\/logo\\\/image\\\/\",\"url\":\"https:\\\/\\\/www.iemj.org\\\/wp-content\\\/uploads\\\/2021\\\/09\\\/Logo-IEMJ-Paypal.jpg\",\"contentUrl\":\"https:\\\/\\\/www.iemj.org\\\/wp-content\\\/uploads\\\/2021\\\/09\\\/Logo-IEMJ-Paypal.jpg\",\"width\":150,\"height\":50,\"caption\":\"Institut Europ\u00e9en des Musiques Juives\"},\"image\":{\"@id\":\"https:\\\/\\\/www.iemj.org\\\/de\\\/#\\\/schema\\\/logo\\\/image\\\/\"},\"sameAs\":[\"https:\\\/\\\/www.facebook.com\\\/MusiquesJuives\\\/\",\"https:\\\/\\\/www.instagram.com\\\/musiquesjuives\\\/\",\"https:\\\/\\\/www.youtube.com\\\/user\\\/musiquesjuives\"]},{\"@type\":\"Person\",\"@id\":\"https:\\\/\\\/www.iemj.org\\\/de\\\/#\\\/schema\\\/person\\\/358e26c18aca017fcc4cc15437f7279c\",\"name\":\"Jacqueline ROTEN\",\"image\":{\"@type\":\"ImageObject\",\"inLanguage\":\"de\",\"@id\":\"https:\\\/\\\/secure.gravatar.com\\\/avatar\\\/5964256d6c6957de3a3505278957e0fb2a35119ac47ea41827a65301213c810b?s=96&d=mm&r=g\",\"url\":\"https:\\\/\\\/secure.gravatar.com\\\/avatar\\\/5964256d6c6957de3a3505278957e0fb2a35119ac47ea41827a65301213c810b?s=96&d=mm&r=g\",\"contentUrl\":\"https:\\\/\\\/secure.gravatar.com\\\/avatar\\\/5964256d6c6957de3a3505278957e0fb2a35119ac47ea41827a65301213c810b?s=96&d=mm&r=g\",\"caption\":\"Jacqueline ROTEN\"}}]}<\/script>\n<!-- \/ Yoast SEO plugin. -->","yoast_head_json":{"title":"Klezmermusik in Frankreich - Institut Europ\u00e9en des Musiques Juives","robots":{"index":"index","follow":"follow","max-snippet":"max-snippet:-1","max-image-preview":"max-image-preview:large","max-video-preview":"max-video-preview:-1"},"canonical":"https:\/\/www.iemj.org\/de\/conferences-la-musique-klezmer-en-france\/","og_locale":"de_DE","og_type":"article","og_title":"Klezmermusik in Frankreich - Institut Europ\u00e9en des Musiques Juives","og_description":"Gefilmte Vortr\u00e4ge am 20. Oktober 2024 im Auditorium des Mus\u00e9e d&#8217;Art et d&#8217;histoire du Juda\u00efsme (MAHJ) Gehalten im Rahmen des Kolloquiums\u00a0Aschkenasische Musik in Frankreich, im Konzert oder in der Synagoge,\u00a0vom","og_url":"https:\/\/www.iemj.org\/de\/conferences-la-musique-klezmer-en-france\/","og_site_name":"Institut Europ\u00e9en des Musiques Juives","article_publisher":"https:\/\/www.facebook.com\/MusiquesJuives\/","article_published_time":"2025-05-18T11:06:44+00:00","article_modified_time":"2025-05-24T12:59:35+00:00","og_image":[{"width":500,"height":500,"url":"https:\/\/www.iemj.org\/wp-content\/uploads\/2025\/05\/Lofo-Conferences-La-musique-klezmer-en-France.jpg","type":"image\/jpeg"}],"author":"Jacqueline ROTEN","twitter_card":"summary_large_image","twitter_misc":{"Verfasst von":"Jacqueline ROTEN","Gesch\u00e4tzte Lesezeit":"2\u00a0Minuten"},"schema":{"@context":"https:\/\/schema.org","@graph":[{"@type":"Article","@id":"https:\/\/www.iemj.org\/de\/conferences-la-musique-klezmer-en-france\/#article","isPartOf":{"@id":"https:\/\/www.iemj.org\/de\/conferences-la-musique-klezmer-en-france\/"},"author":{"name":"Jacqueline ROTEN","@id":"https:\/\/www.iemj.org\/de\/#\/schema\/person\/358e26c18aca017fcc4cc15437f7279c"},"headline":"Klezmermusik in Frankreich","datePublished":"2025-05-18T11:06:44+00:00","dateModified":"2025-05-24T12:59:35+00:00","mainEntityOfPage":{"@id":"https:\/\/www.iemj.org\/de\/conferences-la-musique-klezmer-en-france\/"},"wordCount":372,"publisher":{"@id":"https:\/\/www.iemj.org\/de\/#organization"},"image":{"@id":"https:\/\/www.iemj.org\/de\/conferences-la-musique-klezmer-en-france\/#primaryimage"},"thumbnailUrl":"https:\/\/www.iemj.org\/wp-content\/uploads\/2025\/05\/Lofo-Conferences-La-musique-klezmer-en-France.jpg","articleSection":["Kurse \/ Konferenzen"],"inLanguage":"de"},{"@type":"WebPage","@id":"https:\/\/www.iemj.org\/de\/conferences-la-musique-klezmer-en-france\/","url":"https:\/\/www.iemj.org\/de\/conferences-la-musique-klezmer-en-france\/","name":"Klezmermusik in Frankreich - Institut Europ\u00e9en des Musiques Juives","isPartOf":{"@id":"https:\/\/www.iemj.org\/de\/#website"},"primaryImageOfPage":{"@id":"https:\/\/www.iemj.org\/de\/conferences-la-musique-klezmer-en-france\/#primaryimage"},"image":{"@id":"https:\/\/www.iemj.org\/de\/conferences-la-musique-klezmer-en-france\/#primaryimage"},"thumbnailUrl":"https:\/\/www.iemj.org\/wp-content\/uploads\/2025\/05\/Lofo-Conferences-La-musique-klezmer-en-France.jpg","datePublished":"2025-05-18T11:06:44+00:00","dateModified":"2025-05-24T12:59:35+00:00","breadcrumb":{"@id":"https:\/\/www.iemj.org\/de\/conferences-la-musique-klezmer-en-france\/#breadcrumb"},"inLanguage":"de","potentialAction":[{"@type":"ReadAction","target":["https:\/\/www.iemj.org\/de\/conferences-la-musique-klezmer-en-france\/"]}]},{"@type":"ImageObject","inLanguage":"de","@id":"https:\/\/www.iemj.org\/de\/conferences-la-musique-klezmer-en-france\/#primaryimage","url":"https:\/\/www.iemj.org\/wp-content\/uploads\/2025\/05\/Lofo-Conferences-La-musique-klezmer-en-France.jpg","contentUrl":"https:\/\/www.iemj.org\/wp-content\/uploads\/2025\/05\/Lofo-Conferences-La-musique-klezmer-en-France.jpg","width":500,"height":500},{"@type":"BreadcrumbList","@id":"https:\/\/www.iemj.org\/de\/conferences-la-musique-klezmer-en-france\/#breadcrumb","itemListElement":[{"@type":"ListItem","position":1,"name":"Accueil","item":"https:\/\/www.iemj.org\/de\/"},{"@type":"ListItem","position":2,"name":"Klezmermusik in Frankreich"}]},{"@type":"WebSite","@id":"https:\/\/www.iemj.org\/de\/#website","url":"https:\/\/www.iemj.org\/de\/","name":"Institut Europ\u00e9en des Musiques Juives","description":"Des traditions musicales \u00e0 la port\u00e9e de tous","publisher":{"@id":"https:\/\/www.iemj.org\/de\/#organization"},"potentialAction":[{"@type":"SearchAction","target":{"@type":"EntryPoint","urlTemplate":"https:\/\/www.iemj.org\/de\/?s={search_term_string}"},"query-input":{"@type":"PropertyValueSpecification","valueRequired":true,"valueName":"search_term_string"}}],"inLanguage":"de"},{"@type":"Organization","@id":"https:\/\/www.iemj.org\/de\/#organization","name":"Institut Europ\u00e9en des Musiques Juives","url":"https:\/\/www.iemj.org\/de\/","logo":{"@type":"ImageObject","inLanguage":"de","@id":"https:\/\/www.iemj.org\/de\/#\/schema\/logo\/image\/","url":"https:\/\/www.iemj.org\/wp-content\/uploads\/2021\/09\/Logo-IEMJ-Paypal.jpg","contentUrl":"https:\/\/www.iemj.org\/wp-content\/uploads\/2021\/09\/Logo-IEMJ-Paypal.jpg","width":150,"height":50,"caption":"Institut Europ\u00e9en des Musiques Juives"},"image":{"@id":"https:\/\/www.iemj.org\/de\/#\/schema\/logo\/image\/"},"sameAs":["https:\/\/www.facebook.com\/MusiquesJuives\/","https:\/\/www.instagram.com\/musiquesjuives\/","https:\/\/www.youtube.com\/user\/musiquesjuives"]},{"@type":"Person","@id":"https:\/\/www.iemj.org\/de\/#\/schema\/person\/358e26c18aca017fcc4cc15437f7279c","name":"Jacqueline ROTEN","image":{"@type":"ImageObject","inLanguage":"de","@id":"https:\/\/secure.gravatar.com\/avatar\/5964256d6c6957de3a3505278957e0fb2a35119ac47ea41827a65301213c810b?s=96&d=mm&r=g","url":"https:\/\/secure.gravatar.com\/avatar\/5964256d6c6957de3a3505278957e0fb2a35119ac47ea41827a65301213c810b?s=96&d=mm&r=g","contentUrl":"https:\/\/secure.gravatar.com\/avatar\/5964256d6c6957de3a3505278957e0fb2a35119ac47ea41827a65301213c810b?s=96&d=mm&r=g","caption":"Jacqueline ROTEN"}}]}},"_links":{"self":[{"href":"https:\/\/www.iemj.org\/de\/wp-json\/wp\/v2\/posts\/120886","targetHints":{"allow":["GET"]}}],"collection":[{"href":"https:\/\/www.iemj.org\/de\/wp-json\/wp\/v2\/posts"}],"about":[{"href":"https:\/\/www.iemj.org\/de\/wp-json\/wp\/v2\/types\/post"}],"author":[{"embeddable":true,"href":"https:\/\/www.iemj.org\/de\/wp-json\/wp\/v2\/users\/5"}],"replies":[{"embeddable":true,"href":"https:\/\/www.iemj.org\/de\/wp-json\/wp\/v2\/comments?post=120886"}],"version-history":[{"count":0,"href":"https:\/\/www.iemj.org\/de\/wp-json\/wp\/v2\/posts\/120886\/revisions"}],"wp:featuredmedia":[{"embeddable":true,"href":"https:\/\/www.iemj.org\/de\/wp-json\/wp\/v2\/media\/120621"}],"wp:attachment":[{"href":"https:\/\/www.iemj.org\/de\/wp-json\/wp\/v2\/media?parent=120886"}],"wp:term":[{"taxonomy":"category","embeddable":true,"href":"https:\/\/www.iemj.org\/de\/wp-json\/wp\/v2\/categories?post=120886"},{"taxonomy":"post_tag","embeddable":true,"href":"https:\/\/www.iemj.org\/de\/wp-json\/wp\/v2\/tags?post=120886"},{"taxonomy":"technique","embeddable":true,"href":"https:\/\/www.iemj.org\/de\/wp-json\/wp\/v2\/technique?post=120886"},{"taxonomy":"squelettes","embeddable":true,"href":"https:\/\/www.iemj.org\/de\/wp-json\/wp\/v2\/squelettes?post=120886"},{"taxonomy":"sujet","embeddable":true,"href":"https:\/\/www.iemj.org\/de\/wp-json\/wp\/v2\/sujet?post=120886"},{"taxonomy":"formation","embeddable":true,"href":"https:\/\/www.iemj.org\/de\/wp-json\/wp\/v2\/formation?post=120886"},{"taxonomy":"genre","embeddable":true,"href":"https:\/\/www.iemj.org\/de\/wp-json\/wp\/v2\/genre?post=120886"},{"taxonomy":"fonds","embeddable":true,"href":"https:\/\/www.iemj.org\/de\/wp-json\/wp\/v2\/fonds?post=120886"},{"taxonomy":"tradition","embeddable":true,"href":"https:\/\/www.iemj.org\/de\/wp-json\/wp\/v2\/tradition?post=120886"},{"taxonomy":"type-de-contenu","embeddable":true,"href":"https:\/\/www.iemj.org\/de\/wp-json\/wp\/v2\/type-de-contenu?post=120886"},{"taxonomy":"interprete-compositeur","embeddable":true,"href":"https:\/\/www.iemj.org\/de\/wp-json\/wp\/v2\/interprete-compositeur?post=120886"},{"taxonomy":"frise","embeddable":true,"href":"https:\/\/www.iemj.org\/de\/wp-json\/wp\/v2\/frise?post=120886"},{"taxonomy":"type-devenement","embeddable":true,"href":"https:\/\/www.iemj.org\/de\/wp-json\/wp\/v2\/type-devenement?post=120886"},{"taxonomy":"tableaux-liens-externes","embeddable":true,"href":"https:\/\/www.iemj.org\/de\/wp-json\/wp\/v2\/tableaux-liens-externes?post=120886"}],"curies":[{"name":"wp","href":"https:\/\/api.w.org\/{rel}","templated":true}]}}