{"id":121444,"date":"2025-05-28T17:27:21","date_gmt":"2025-05-28T15:27:21","guid":{"rendered":"https:\/\/www.iemj.org\/halphen-georges-1913-2003\/"},"modified":"2025-06-04T08:47:12","modified_gmt":"2025-06-04T06:47:12","slug":"halphen-georges-1913-2003","status":"publish","type":"post","link":"https:\/\/www.iemj.org\/de\/halphen-georges-1913-2003\/","title":{"rendered":"Halphen, Georges (1913-2003)"},"content":{"rendered":"\n<p>Georges Halphen, Sohn von <a href=\"https:\/\/www.iemj.org\/de\/halphen-fernand-1872-1917\/\" target=\"_blank\" rel=\"noopener\">Fernand Halphen (1872-1917)<\/a> und <a href=\"https:\/\/www.iemj.org\/de\/halphen-alice-1878-1963\/\" target=\"_blank\" rel=\"noopener\">Alice de Koenigswarter (1878-1963)<\/a>, war ein leidenschaftlicher Kunstsammler, der sich voll und ganz dem \u00f6ffentlichen Leben widmete.<\/p>\n\n\n\n<p>Georges Halphen wurde am 9. M\u00e4rz 1913 in Paris XV geboren und starb am 6. Mai 2003 im Alter von 90 Jahren. Er war Kommandeur der Ehrenlegion, Offizier des Palmes Acad\u00e9miques, Kommandeur des Ordre du M\u00e9rite Agricole, Kommandeur des Ordre des Arts et des Lettres, Jugend- und Sportmedaille, Goldmedaille der Departements und Gemeinden und Ehrenb\u00fcrgermeister von La Chapelle-en-Serval nach 35-j\u00e4hriger Amtszeit.<\/p>\n\n\n<div class=\"wp-block-image\">\n<figure class=\"alignleft is-resized\"><img fetchpriority=\"high\" decoding=\"async\" width=\"450\" height=\"337\" src=\"https:\/\/www.iemj.org\/wp-content\/uploads\/2025\/05\/1.Alice-Henriette-et-Georges.jpg\" alt=\"\" class=\"wp-image-121394\" style=\"width:376px;height:auto\" srcset=\"https:\/\/www.iemj.org\/wp-content\/uploads\/2025\/05\/1.Alice-Henriette-et-Georges.jpg 450w, https:\/\/www.iemj.org\/wp-content\/uploads\/2025\/05\/1.Alice-Henriette-et-Georges-300x225.jpg 300w\" sizes=\"(max-width: 450px) 100vw, 450px\" \/><figcaption class=\"wp-element-caption\"><strong>Alice, Henriette und Georges<\/strong><\/figcaption><\/figure>\n<\/div>\n\n\n<p>Er war erst vier Jahre alt, als sein Vater am 16. Mai 1917 an Diphtherie starb, die er sich an der Front zugezogen hatte. Er wuchs mit seiner Schwester <a href=\"https:\/\/www.iemj.org\/de\/schumann-henriette-nee-halphen-1911-2002\/\" target=\"_blank\" rel=\"noreferrer noopener\">Henriette Halphen (1911-2002)<\/a> und seiner Mutter zwischen dem Hotel in der Rue Dumont-d&#8217;Urville in Paris und La Chapelle-en-Serval (Oise) auf, wo sein Vater zwischen 1907 und 1911 von dem Architekten Guillaume Tronchet<span class=\"footnote_referrer\"><a role=\"button\" tabindex=\"0\" onclick=\"footnote_moveToReference_121444_1('footnote_plugin_reference_121444_1_1');\" onkeypress=\"footnote_moveToReference_121444_1('footnote_plugin_reference_121444_1_1');\" ><sup id=\"footnote_plugin_tooltip_121444_1_1\" class=\"footnote_plugin_tooltip_text\">[1]<\/sup><\/a><span id=\"footnote_plugin_tooltip_text_121444_1_1\" class=\"footnote_tooltip\">Dieses Schloss, in dem sich urspr\u00fcnglich ein Theatersaal befand, wurde sp\u00e4ter Anfang der 1990er Jahre verkauft und in \u201eChateau H\u00f4tel Mont Royal\u201c umbenannt. Heute befindet es sich im Besitz&nbsp;&#x2026; <span class=\"footnote_tooltip_continue\"  onclick=\"footnote_moveToReference_121444_1('footnote_plugin_reference_121444_1_1');\">Lire la suite<\/span><\/span><\/span><script type=\"text\/javascript\"> jQuery('#footnote_plugin_tooltip_121444_1_1').tooltip({ tip: '#footnote_plugin_tooltip_text_121444_1_1', tipClass: 'footnote_tooltip', effect: 'fade', predelay: 0, fadeInSpeed: 200, delay: 400, fadeOutSpeed: 200, position: 'top center', relative: true, offset: [-7, 0], });<\/script>ein pr\u00e4chtiges Schloss errichten lie\u00df.<\/p>\n\n\n\n<p>Georges Halphen heiratete am 25. Januar 1938 <a href=\"https:\/\/gw.geneanet.org\/bourelly?lang=en&amp;n=delamare+deboutteville&amp;p=janine+marie+isabelle\" target=\"_blank\" rel=\"noreferrer noopener\">Janine Delamare de Boutteville (1908-2005)<\/a>. 1941 lernte er Mich\u00e8le Bossoutrot (1918\u20131995), die Tochter des ber\u00fchmten Fliegers <a href=\"https:\/\/de.wikipedia.org\/wiki\/Lucien_Bossoutrot\" target=\"_blank\" rel=\"noreferrer noopener\">Lucien Bossoutrot (1890-1958)<\/a><span class=\"footnote_referrer\"><a role=\"button\" tabindex=\"0\" onclick=\"footnote_moveToReference_121444_1('footnote_plugin_reference_121444_1_2');\" onkeypress=\"footnote_moveToReference_121444_1('footnote_plugin_reference_121444_1_2');\" ><sup id=\"footnote_plugin_tooltip_121444_1_2\" class=\"footnote_plugin_tooltip_text\">[2]<\/sup><\/a><span id=\"footnote_plugin_tooltip_text_121444_1_2\" class=\"footnote_tooltip\">siehe auch seine Biografie unter <a href=\"https:\/\/www2.assemblee-nationale.fr\/sycomore\/bio\/(num_dept)\/998\"><span class=\"footnote_url_wrap\">https:\/\/www2.assemblee-nationale.fr\/sycomore\/bio\/(num_dept)\/998<\/span><\/a><\/span><\/span><script type=\"text\/javascript\"> jQuery('#footnote_plugin_tooltip_121444_1_2').tooltip({ tip: '#footnote_plugin_tooltip_text_121444_1_2', tipClass: 'footnote_tooltip', effect: 'fade', predelay: 0, fadeInSpeed: 200, delay: 400, fadeOutSpeed: 200, position: 'top center', relative: true, offset: [-7, 0], });<\/script>. Dieser geh\u00f6rte zu einem Widerstandsnetzwerk im Departement Lot und nahm Georges und seine Mutter Alice in Boussac in seinem Haus auf. Vom 1. Dezember 1942 bis zum 20. September 1944 nahm Georges an den Widerstandsoperationen des Buckmaster-Netzwerks&nbsp;(<a href=\"https:\/\/en.wikipedia.org\/wiki\/List_of_SOE_F_Section_networks_and_agents\" target=\"_blank\" rel=\"noreferrer noopener\">Hilaire-WHEELWRIGHT<\/a>) teil, das in ganz Frankreich Sabotageaktionen und Fallschirmabw\u00fcrfe von Menschen und Waffen organisierte. 1944 heiratete Georges in zweiter Ehe Mich\u00e8le Bossoutrot, mit der er zwei Kinder hatte: St\u00e9phane, geboren im Mai 1942, und Nathalie, geboren im November 1945. 1950 heiratete er in dritter Ehe <a href=\"https:\/\/family.rothschildarchive.org\/people\/160-monique-charlotte-therese-de-rothschild-1925-2018\" target=\"_blank\" rel=\"noreferrer noopener\">Monique de Rothschild (1925-2018)<\/a>, von der er sich sp\u00e4ter scheiden lie\u00df und wieder mit Janine Delamare de Boutteville zusammenlebte.<\/p>\n\n\n\n<div class=\"wp-block-columns are-vertically-aligned-center is-layout-flex wp-container-core-columns-is-layout-9d6595d7 wp-block-columns-is-layout-flex\">\n<div class=\"wp-block-column is-vertically-aligned-center is-layout-flow wp-block-column-is-layout-flow\"><div class=\"wp-block-image\">\n<figure class=\"aligncenter size-full\"><img decoding=\"async\" width=\"337\" height=\"450\" src=\"https:\/\/www.iemj.org\/wp-content\/uploads\/2025\/05\/2.Georges-et-Jeanine-au-Caire_1938_redim.jpg\" alt=\"\" class=\"wp-image-121403\" srcset=\"https:\/\/www.iemj.org\/wp-content\/uploads\/2025\/05\/2.Georges-et-Jeanine-au-Caire_1938_redim.jpg 337w, https:\/\/www.iemj.org\/wp-content\/uploads\/2025\/05\/2.Georges-et-Jeanine-au-Caire_1938_redim-225x300.jpg 225w\" sizes=\"(max-width: 337px) 100vw, 337px\" \/><figcaption class=\"wp-element-caption\"><strong>Georges und Jeanine in Kairo,1938<\/strong><\/figcaption><\/figure>\n<\/div><\/div>\n\n\n\n<div class=\"wp-block-column is-vertically-aligned-center is-layout-flow wp-block-column-is-layout-flow\"><div class=\"wp-block-image\">\n<figure class=\"aligncenter size-full\"><img decoding=\"async\" width=\"337\" height=\"450\" src=\"https:\/\/www.iemj.org\/wp-content\/uploads\/2025\/05\/3.Michele-Bossoutrot_redim.jpg\" alt=\"\" class=\"wp-image-121408\" srcset=\"https:\/\/www.iemj.org\/wp-content\/uploads\/2025\/05\/3.Michele-Bossoutrot_redim.jpg 337w, https:\/\/www.iemj.org\/wp-content\/uploads\/2025\/05\/3.Michele-Bossoutrot_redim-225x300.jpg 225w\" sizes=\"(max-width: 337px) 100vw, 337px\" \/><figcaption class=\"wp-element-caption\"><strong>Mich\u00e8le Bossoutrot<\/strong><\/figcaption><\/figure>\n<\/div><\/div>\n<\/div>\n\n\n<p>W\u00e4hrend der zwei Jahre, die er versteckt im Lot lebte, lernte Georges, wie man das Land bearbeitet, was dazu f\u00fchrte, dass er sich nach der Befreiung in La Chapelle-en-Serval in der von seinem Vater errichteten Jagdh\u00fctte niederlie\u00df. Als leidenschaftlicher Landwirt spezialisierte er sich dann mit dem INRA (Institut national de la recherche agronomique) auf den Anbau von Gras f\u00fcr die Pferde- und Rinderzucht<span class=\"footnote_referrer\"><a role=\"button\" tabindex=\"0\" onclick=\"footnote_moveToReference_121444_1('footnote_plugin_reference_121444_1_3');\" onkeypress=\"footnote_moveToReference_121444_1('footnote_plugin_reference_121444_1_3');\" ><sup id=\"footnote_plugin_tooltip_121444_1_3\" class=\"footnote_plugin_tooltip_text\">[3]<\/sup><\/a><span id=\"footnote_plugin_tooltip_text_121444_1_3\" class=\"footnote_tooltip\">In diesem Rahmen lernte er Ren\u00e9 Dumont, den Gr\u00fcnder der Umweltbewegung, kennen, der ebenfalls Landwirt war und links orientiert war<\/span><\/span><script type=\"text\/javascript\"> jQuery('#footnote_plugin_tooltip_121444_1_3').tooltip({ tip: '#footnote_plugin_tooltip_text_121444_1_3', tipClass: 'footnote_tooltip', effect: 'fade', predelay: 0, fadeInSpeed: 200, delay: 400, fadeOutSpeed: 200, position: 'top center', relative: true, offset: [-7, 0], });<\/script>. Au\u00dferdem z\u00fcchtete er Charolais-Rinder sowie Rennpferde im Gest\u00fct Haras de la Censi\u00e8re.<\/p>\n\n\n<div class=\"wp-block-columns are-vertically-aligned-center is-layout-flex wp-container-core-columns-is-layout-9d6595d7 wp-block-columns-is-layout-flex\">\n<div class=\"wp-block-column is-vertically-aligned-center is-layout-flow wp-block-column-is-layout-flow\"><div class=\"wp-block-image\">\n<figure class=\"aligncenter size-full\"><img loading=\"lazy\" decoding=\"async\" width=\"337\" height=\"450\" src=\"https:\/\/www.iemj.org\/wp-content\/uploads\/2025\/05\/4.Le-Chateau-de-La-Chapelle-en-Serval_redim.jpg\" alt=\"\" class=\"wp-image-121413\" srcset=\"https:\/\/www.iemj.org\/wp-content\/uploads\/2025\/05\/4.Le-Chateau-de-La-Chapelle-en-Serval_redim.jpg 337w, https:\/\/www.iemj.org\/wp-content\/uploads\/2025\/05\/4.Le-Chateau-de-La-Chapelle-en-Serval_redim-225x300.jpg 225w\" sizes=\"(max-width: 337px) 100vw, 337px\" \/><figcaption class=\"wp-element-caption\"><strong>Das Schloss von La Chapelle en Serval<\/strong><\/figcaption><\/figure>\n<\/div><\/div>\n\n\n\n<div class=\"wp-block-column is-vertically-aligned-center is-layout-flow wp-block-column-is-layout-flow\"><div class=\"wp-block-image\">\n<figure class=\"aligncenter size-full\"><img loading=\"lazy\" decoding=\"async\" width=\"337\" height=\"450\" src=\"https:\/\/www.iemj.org\/wp-content\/uploads\/2025\/05\/5.Georges-Halphen-dans-ses-champs_redim.jpg\" alt=\"\" class=\"wp-image-121418\" srcset=\"https:\/\/www.iemj.org\/wp-content\/uploads\/2025\/05\/5.Georges-Halphen-dans-ses-champs_redim.jpg 337w, https:\/\/www.iemj.org\/wp-content\/uploads\/2025\/05\/5.Georges-Halphen-dans-ses-champs_redim-225x300.jpg 225w\" sizes=\"(max-width: 337px) 100vw, 337px\" \/><figcaption class=\"wp-element-caption\"><strong>Georges Halphen in seinen Feldern<\/strong><\/figcaption><\/figure>\n<\/div><\/div>\n<\/div>\n\n\n<p>Georges Halphen, der seinem Dorf sehr verbunden war, war 35 Jahre lang B\u00fcrgermeister von La Chapelle-en-Serval. Er baute zahlreiche Infrastrukturen auf: eine Schulgruppe, ein Gymnasium, ein Stadion und Sozialwohnungen, f\u00fcr die er ein gro\u00dfes Grundst\u00fcck sowie ein kleines Geb\u00e4ude zur Einrichtung eines Postamts stiftete. Sp\u00e4ter lie\u00df er die Gemeinde ein sehr sch\u00f6nes Haus aus der Zeit Napoleons III. mit einem gro\u00dfen Park erwerben, das zum neuen Rathaus von La Chapelle-en-Serval wurde und es zu einem der sch\u00f6nsten Rath\u00e4user des Kantons machte. Au\u00dferdem leitete er die Stadtplanungskommission f\u00fcr das Raumordnungs- und St\u00e4dtebauleitbild des Lisieux-Tals.<\/p>\n<p><img loading=\"lazy\" decoding=\"async\" class=\"alignleft  wp-image-121423\" src=\"https:\/\/www.iemj.org\/wp-content\/uploads\/2025\/05\/6.Portrait-de-Fernand-Halphen-enfant-peint-par-Auguste-Renoir-1880-259x300.jpg\" alt=\"\" width=\"198\" height=\"229\" srcset=\"https:\/\/www.iemj.org\/wp-content\/uploads\/2025\/05\/6.Portrait-de-Fernand-Halphen-enfant-peint-par-Auguste-Renoir-1880-259x300.jpg 259w, https:\/\/www.iemj.org\/wp-content\/uploads\/2025\/05\/6.Portrait-de-Fernand-Halphen-enfant-peint-par-Auguste-Renoir-1880.jpg 350w\" sizes=\"(max-width: 198px) 100vw, 198px\" \/>Schon in jungen Jahren f\u00fchlte sich Georges von der Kunst und der Arch\u00e4ologie angezogen. Unter anderem reiste er 1938 nach Bali, dieser wunderbaren Insel, die zu dieser Zeit von Touristen kaum besucht wurde. Er unternahm zahlreiche Reisen nach Asien, insbesondere nach Kambodscha, und begeisterte sich f\u00fcr die Kunst der Region. So baute er im Laufe der Jahre eine bemerkenswerte Sammlung asiatischer Kunst (von China bis \u00c4gypten) mit kunstvollen Objekten auf, die er zahlreichen Museen schenkte, wie dem Guimet-Museum, dem Mus\u00e9e du quai Branly (auch \u201eMus\u00e9e des arts premiers\u201c genannt) oder dem Mus\u00e9e d&#8217;Orsay, das das von Renoir gemalte Portr\u00e4t seines Vaters <em>Fernand Halphen enfant<\/em>\u00a0erhielt.<\/p>\n<p>Fasziniert von den peruanischen Indianern und ihrer Zivilisation, sammelte Georges Halphen gegen Ende seines Lebens Federkleider und Totenkost\u00fcme, die die Toten in ihren Gr\u00e4bern umh\u00fcllten &#8211; ein Vorrecht der K\u00f6nige und der Elite des Inka-Reiches, die dem Glauben nach mystische Kr\u00e4fte besa\u00dfen. Da er von diesem Thema begeistert war, organisierte er im Juni 2003 eine Ausstellung im Maison de l&#8217;Am\u00e9rique Latine, an der er leider nicht mehr teilnehmen konnte, da er vorher, am 6. Mai 2023, verstarb.<\/p>\n\n\n<div class=\"wp-block-columns are-vertically-aligned-center is-layout-flex wp-container-core-columns-is-layout-9d6595d7 wp-block-columns-is-layout-flex\">\n<div class=\"wp-block-column is-vertically-aligned-center is-layout-flow wp-block-column-is-layout-flow\"><div class=\"wp-block-image\">\n<figure class=\"aligncenter size-full\"><img loading=\"lazy\" decoding=\"async\" width=\"458\" height=\"346\" src=\"https:\/\/www.iemj.org\/wp-content\/uploads\/2025\/05\/7.Capture-Tunique-de-plume-detail_coll-Georges-Halphen_Quai-Branly.jpg\" alt=\"\" class=\"wp-image-121428\" srcset=\"https:\/\/www.iemj.org\/wp-content\/uploads\/2025\/05\/7.Capture-Tunique-de-plume-detail_coll-Georges-Halphen_Quai-Branly.jpg 458w, https:\/\/www.iemj.org\/wp-content\/uploads\/2025\/05\/7.Capture-Tunique-de-plume-detail_coll-Georges-Halphen_Quai-Branly-300x227.jpg 300w\" sizes=\"(max-width: 458px) 100vw, 458px\" \/><\/figure>\n<\/div><\/div>\n\n\n\n<div class=\"wp-block-column is-vertically-aligned-center is-layout-flow wp-block-column-is-layout-flow\"><div class=\"wp-block-image\">\n<figure class=\"aligncenter size-full is-resized\"><img loading=\"lazy\" decoding=\"async\" width=\"357\" height=\"501\" src=\"https:\/\/www.iemj.org\/wp-content\/uploads\/2025\/05\/8.Capture-Tete-de-postiche_coll-Georges-Halphen_Quai-Branly.jpg\" alt=\"\" class=\"wp-image-121433\" style=\"width:254px;height:auto\" srcset=\"https:\/\/www.iemj.org\/wp-content\/uploads\/2025\/05\/8.Capture-Tete-de-postiche_coll-Georges-Halphen_Quai-Branly.jpg 357w, https:\/\/www.iemj.org\/wp-content\/uploads\/2025\/05\/8.Capture-Tete-de-postiche_coll-Georges-Halphen_Quai-Branly-214x300.jpg 214w\" sizes=\"(max-width: 357px) 100vw, 357px\" \/><\/figure>\n<\/div><\/div>\n<\/div>\n\n\n<p>Im November 2023 bot das ber\u00fchmte Auktionshaus Christie&#8217;s seine gesamten Sammlungen zum Verkauf an.<\/p>\n<p>Georges Halphen hinterl\u00e4sst das Bild eines leidenschaftlichen und charmanten Mannes mit gro\u00dfer moralischer Integrit\u00e4t. 1992 gr\u00fcndete er zusammen mit seiner Schwester Henriette Halphen-Schumann die Alice und Fernand Halphen-Stiftung unter der Schirmherrschaft der Fondation de France. Diese unterst\u00fctzte \u00fcber viele Jahre hinweg die Arbeit von <a href=\"https:\/\/www.iemj.org\/de\/association-yuval\/\" target=\"_blank\" rel=\"noopener\">Yuval, Franz\u00f6sische Organisation zur Erhaltung der j\u00fcdischen Musiktraditionen<\/a>.<\/p>\n<p><a href=\"https:\/\/www.berthomeau.com\/2016\/08\/exile-dans-les-bois-a-la-chapelle-en-serval-chez-georges-halphen-grand-amateur-de-textiles-precolombiens-exposes-au-musee-des-arts-p\" target=\"_blank\" rel=\"noopener\">Mehr \u00fcber Georges Halphen<\/a><\/p><div class=\"speaker-mute footnotes_reference_container\"> <div class=\"footnote_container_prepare\"><p><span role=\"button\" tabindex=\"0\" class=\"footnote_reference_container_label pointer\" onclick=\"footnote_expand_collapse_reference_container_121444_1();\">&#x202F;<\/span><span role=\"button\" tabindex=\"0\" class=\"footnote_reference_container_collapse_button\" style=\"display: none;\" onclick=\"footnote_expand_collapse_reference_container_121444_1();\">[<a id=\"footnote_reference_container_collapse_button_121444_1\">+<\/a>]<\/span><\/p><\/div> <div id=\"footnote_references_container_121444_1\" style=\"\"><table class=\"footnotes_table footnote-reference-container\"><caption class=\"accessibility\">References<\/caption> <tbody> \r\n\r\n<tr class=\"footnotes_plugin_reference_row\"> <th scope=\"row\" class=\"footnote_plugin_index_combi pointer\"  onclick=\"footnote_moveToAnchor_121444_1('footnote_plugin_tooltip_121444_1_1');\"><a id=\"footnote_plugin_reference_121444_1_1\" class=\"footnote_backlink\">1<\/a><\/th> <td class=\"footnote_plugin_text\">Dieses Schloss, in dem sich urspr\u00fcnglich ein Theatersaal befand, wurde sp\u00e4ter Anfang der 1990er Jahre verkauft und in \u201eChateau H\u00f4tel Mont Royal\u201c umbenannt. Heute befindet es sich im Besitz einer Luxushotelkette.<\/td><\/tr>\r\n\r\n<tr class=\"footnotes_plugin_reference_row\"> <th scope=\"row\" class=\"footnote_plugin_index_combi pointer\"  onclick=\"footnote_moveToAnchor_121444_1('footnote_plugin_tooltip_121444_1_2');\"><a id=\"footnote_plugin_reference_121444_1_2\" class=\"footnote_backlink\">2<\/a><\/th> <td class=\"footnote_plugin_text\">siehe auch seine Biografie unter <a href=\"https:\/\/www2.assemblee-nationale.fr\/sycomore\/bio\/(num_dept)\/998\"><span class=\"footnote_url_wrap\">https:\/\/www2.assemblee-nationale.fr\/sycomore\/bio\/(num_dept)\/998<\/span><\/a><\/td><\/tr>\r\n\r\n<tr class=\"footnotes_plugin_reference_row\"> <th scope=\"row\" class=\"footnote_plugin_index_combi pointer\"  onclick=\"footnote_moveToAnchor_121444_1('footnote_plugin_tooltip_121444_1_3');\"><a id=\"footnote_plugin_reference_121444_1_3\" class=\"footnote_backlink\">3<\/a><\/th> <td class=\"footnote_plugin_text\">In diesem Rahmen lernte er Ren\u00e9 Dumont, den Gr\u00fcnder der Umweltbewegung, kennen, der ebenfalls Landwirt war und links orientiert war<\/td><\/tr>\r\n\r\n <\/tbody> <\/table> <\/div><\/div><script type=\"text\/javascript\"> function footnote_expand_reference_container_121444_1() { jQuery('#footnote_references_container_121444_1').show(); jQuery('#footnote_reference_container_collapse_button_121444_1').text('\u2212'); } function footnote_collapse_reference_container_121444_1() { jQuery('#footnote_references_container_121444_1').hide(); jQuery('#footnote_reference_container_collapse_button_121444_1').text('+'); } function footnote_expand_collapse_reference_container_121444_1() { if (jQuery('#footnote_references_container_121444_1').is(':hidden')) { footnote_expand_reference_container_121444_1(); } else { footnote_collapse_reference_container_121444_1(); } } function footnote_moveToReference_121444_1(p_str_TargetID) { footnote_expand_reference_container_121444_1(); var l_obj_Target = jQuery('#' + p_str_TargetID); if (l_obj_Target.length) { jQuery( 'html, body' ).delay( 0 ); jQuery('html, body').animate({ scrollTop: l_obj_Target.offset().top - window.innerHeight * 0.2 }, 380); } } function footnote_moveToAnchor_121444_1(p_str_TargetID) { footnote_expand_reference_container_121444_1(); var l_obj_Target = jQuery('#' + p_str_TargetID); if (l_obj_Target.length) { jQuery( 'html, body' ).delay( 0 ); jQuery('html, body').animate({ scrollTop: l_obj_Target.offset().top - window.innerHeight * 0.2 }, 380); } }<\/script>","protected":false},"excerpt":{"rendered":"<p>Georges Halphen, Sohn von Fernand Halphen (1872-1917) und Alice de Koenigswarter (1878-1963), war ein leidenschaftlicher Kunstsammler, der sich voll und ganz dem \u00f6ffentlichen Leben widmete. Georges Halphen wurde am 9.<\/p>\n","protected":false},"author":5,"featured_media":121391,"comment_status":"closed","ping_status":"closed","sticky":false,"template":"","format":"standard","meta":{"_acf_changed":false,"footnotes":""},"categories":[1415],"tags":[],"technique":[],"squelettes":[],"sujet":[],"formation":[],"genre":[],"fonds":[],"tradition":[],"type-de-contenu":[],"interprete-compositeur":[],"frise":[],"type-devenement":[],"tableaux-liens-externes":[],"class_list":["post-121444","post","type-post","status-publish","format-standard","has-post-thumbnail","hentry","category-biografien-de"],"acf":[],"yoast_head":"<!-- This site is optimized with the Yoast SEO plugin v27.3 - https:\/\/yoast.com\/product\/yoast-seo-wordpress\/ -->\n<title>Halphen, Georges (1913-2003) - Institut Europ\u00e9en des Musiques Juives<\/title>\n<meta name=\"robots\" content=\"index, follow, max-snippet:-1, max-image-preview:large, max-video-preview:-1\" \/>\n<link rel=\"canonical\" href=\"https:\/\/www.iemj.org\/de\/halphen-georges-1913-2003\/\" \/>\n<meta property=\"og:locale\" content=\"de_DE\" \/>\n<meta property=\"og:type\" content=\"article\" \/>\n<meta property=\"og:title\" content=\"Halphen, Georges (1913-2003) - Institut Europ\u00e9en des Musiques Juives\" \/>\n<meta property=\"og:description\" content=\"Georges Halphen, Sohn von Fernand Halphen (1872-1917) und Alice de Koenigswarter (1878-1963), war ein leidenschaftlicher Kunstsammler, der sich voll und ganz dem \u00f6ffentlichen Leben widmete. Georges Halphen wurde am 9.\" \/>\n<meta property=\"og:url\" content=\"https:\/\/www.iemj.org\/de\/halphen-georges-1913-2003\/\" \/>\n<meta property=\"og:site_name\" content=\"Institut Europ\u00e9en des Musiques Juives\" \/>\n<meta property=\"article:publisher\" content=\"https:\/\/www.facebook.com\/MusiquesJuives\/\" \/>\n<meta property=\"article:published_time\" content=\"2025-05-28T15:27:21+00:00\" \/>\n<meta property=\"article:modified_time\" content=\"2025-06-04T06:47:12+00:00\" \/>\n<meta property=\"og:image\" content=\"https:\/\/www.iemj.org\/wp-content\/uploads\/2025\/05\/Logo-Bio-Georges-Halphen.jpg\" \/>\n\t<meta property=\"og:image:width\" content=\"181\" \/>\n\t<meta property=\"og:image:height\" content=\"218\" \/>\n\t<meta property=\"og:image:type\" content=\"image\/jpeg\" \/>\n<meta name=\"author\" content=\"Jacqueline ROTEN\" \/>\n<meta name=\"twitter:card\" content=\"summary_large_image\" \/>\n<meta name=\"twitter:label1\" content=\"Verfasst von\" \/>\n\t<meta name=\"twitter:data1\" content=\"Jacqueline ROTEN\" \/>\n\t<meta name=\"twitter:label2\" content=\"Gesch\u00e4tzte Lesezeit\" \/>\n\t<meta name=\"twitter:data2\" content=\"6\u00a0Minuten\" \/>\n<script type=\"application\/ld+json\" class=\"yoast-schema-graph\">{\"@context\":\"https:\\\/\\\/schema.org\",\"@graph\":[{\"@type\":\"Article\",\"@id\":\"https:\\\/\\\/www.iemj.org\\\/de\\\/halphen-georges-1913-2003\\\/#article\",\"isPartOf\":{\"@id\":\"https:\\\/\\\/www.iemj.org\\\/de\\\/halphen-georges-1913-2003\\\/\"},\"author\":{\"name\":\"Jacqueline ROTEN\",\"@id\":\"https:\\\/\\\/www.iemj.org\\\/de\\\/#\\\/schema\\\/person\\\/358e26c18aca017fcc4cc15437f7279c\"},\"headline\":\"Halphen, Georges (1913-2003)\",\"datePublished\":\"2025-05-28T15:27:21+00:00\",\"dateModified\":\"2025-06-04T06:47:12+00:00\",\"mainEntityOfPage\":{\"@id\":\"https:\\\/\\\/www.iemj.org\\\/de\\\/halphen-georges-1913-2003\\\/\"},\"wordCount\":827,\"publisher\":{\"@id\":\"https:\\\/\\\/www.iemj.org\\\/de\\\/#organization\"},\"image\":{\"@id\":\"https:\\\/\\\/www.iemj.org\\\/de\\\/halphen-georges-1913-2003\\\/#primaryimage\"},\"thumbnailUrl\":\"https:\\\/\\\/www.iemj.org\\\/wp-content\\\/uploads\\\/2025\\\/05\\\/Logo-Bio-Georges-Halphen.jpg\",\"articleSection\":[\"Biografien\"],\"inLanguage\":\"de\"},{\"@type\":\"WebPage\",\"@id\":\"https:\\\/\\\/www.iemj.org\\\/de\\\/halphen-georges-1913-2003\\\/\",\"url\":\"https:\\\/\\\/www.iemj.org\\\/de\\\/halphen-georges-1913-2003\\\/\",\"name\":\"Halphen, Georges (1913-2003) - Institut Europ\u00e9en des Musiques Juives\",\"isPartOf\":{\"@id\":\"https:\\\/\\\/www.iemj.org\\\/de\\\/#website\"},\"primaryImageOfPage\":{\"@id\":\"https:\\\/\\\/www.iemj.org\\\/de\\\/halphen-georges-1913-2003\\\/#primaryimage\"},\"image\":{\"@id\":\"https:\\\/\\\/www.iemj.org\\\/de\\\/halphen-georges-1913-2003\\\/#primaryimage\"},\"thumbnailUrl\":\"https:\\\/\\\/www.iemj.org\\\/wp-content\\\/uploads\\\/2025\\\/05\\\/Logo-Bio-Georges-Halphen.jpg\",\"datePublished\":\"2025-05-28T15:27:21+00:00\",\"dateModified\":\"2025-06-04T06:47:12+00:00\",\"breadcrumb\":{\"@id\":\"https:\\\/\\\/www.iemj.org\\\/de\\\/halphen-georges-1913-2003\\\/#breadcrumb\"},\"inLanguage\":\"de\",\"potentialAction\":[{\"@type\":\"ReadAction\",\"target\":[\"https:\\\/\\\/www.iemj.org\\\/de\\\/halphen-georges-1913-2003\\\/\"]}]},{\"@type\":\"ImageObject\",\"inLanguage\":\"de\",\"@id\":\"https:\\\/\\\/www.iemj.org\\\/de\\\/halphen-georges-1913-2003\\\/#primaryimage\",\"url\":\"https:\\\/\\\/www.iemj.org\\\/wp-content\\\/uploads\\\/2025\\\/05\\\/Logo-Bio-Georges-Halphen.jpg\",\"contentUrl\":\"https:\\\/\\\/www.iemj.org\\\/wp-content\\\/uploads\\\/2025\\\/05\\\/Logo-Bio-Georges-Halphen.jpg\",\"width\":181,\"height\":218},{\"@type\":\"BreadcrumbList\",\"@id\":\"https:\\\/\\\/www.iemj.org\\\/de\\\/halphen-georges-1913-2003\\\/#breadcrumb\",\"itemListElement\":[{\"@type\":\"ListItem\",\"position\":1,\"name\":\"Accueil\",\"item\":\"https:\\\/\\\/www.iemj.org\\\/de\\\/\"},{\"@type\":\"ListItem\",\"position\":2,\"name\":\"Halphen, Georges (1913-2003)\"}]},{\"@type\":\"WebSite\",\"@id\":\"https:\\\/\\\/www.iemj.org\\\/de\\\/#website\",\"url\":\"https:\\\/\\\/www.iemj.org\\\/de\\\/\",\"name\":\"Institut Europ\u00e9en des Musiques Juives\",\"description\":\"Des traditions musicales \u00e0 la port\u00e9e de tous\",\"publisher\":{\"@id\":\"https:\\\/\\\/www.iemj.org\\\/de\\\/#organization\"},\"potentialAction\":[{\"@type\":\"SearchAction\",\"target\":{\"@type\":\"EntryPoint\",\"urlTemplate\":\"https:\\\/\\\/www.iemj.org\\\/de\\\/?s={search_term_string}\"},\"query-input\":{\"@type\":\"PropertyValueSpecification\",\"valueRequired\":true,\"valueName\":\"search_term_string\"}}],\"inLanguage\":\"de\"},{\"@type\":\"Organization\",\"@id\":\"https:\\\/\\\/www.iemj.org\\\/de\\\/#organization\",\"name\":\"Institut Europ\u00e9en des Musiques Juives\",\"url\":\"https:\\\/\\\/www.iemj.org\\\/de\\\/\",\"logo\":{\"@type\":\"ImageObject\",\"inLanguage\":\"de\",\"@id\":\"https:\\\/\\\/www.iemj.org\\\/de\\\/#\\\/schema\\\/logo\\\/image\\\/\",\"url\":\"https:\\\/\\\/www.iemj.org\\\/wp-content\\\/uploads\\\/2021\\\/09\\\/Logo-IEMJ-Paypal.jpg\",\"contentUrl\":\"https:\\\/\\\/www.iemj.org\\\/wp-content\\\/uploads\\\/2021\\\/09\\\/Logo-IEMJ-Paypal.jpg\",\"width\":150,\"height\":50,\"caption\":\"Institut Europ\u00e9en des Musiques Juives\"},\"image\":{\"@id\":\"https:\\\/\\\/www.iemj.org\\\/de\\\/#\\\/schema\\\/logo\\\/image\\\/\"},\"sameAs\":[\"https:\\\/\\\/www.facebook.com\\\/MusiquesJuives\\\/\",\"https:\\\/\\\/www.instagram.com\\\/musiquesjuives\\\/\",\"https:\\\/\\\/www.youtube.com\\\/user\\\/musiquesjuives\"]},{\"@type\":\"Person\",\"@id\":\"https:\\\/\\\/www.iemj.org\\\/de\\\/#\\\/schema\\\/person\\\/358e26c18aca017fcc4cc15437f7279c\",\"name\":\"Jacqueline ROTEN\",\"image\":{\"@type\":\"ImageObject\",\"inLanguage\":\"de\",\"@id\":\"https:\\\/\\\/secure.gravatar.com\\\/avatar\\\/5964256d6c6957de3a3505278957e0fb2a35119ac47ea41827a65301213c810b?s=96&d=mm&r=g\",\"url\":\"https:\\\/\\\/secure.gravatar.com\\\/avatar\\\/5964256d6c6957de3a3505278957e0fb2a35119ac47ea41827a65301213c810b?s=96&d=mm&r=g\",\"contentUrl\":\"https:\\\/\\\/secure.gravatar.com\\\/avatar\\\/5964256d6c6957de3a3505278957e0fb2a35119ac47ea41827a65301213c810b?s=96&d=mm&r=g\",\"caption\":\"Jacqueline ROTEN\"}}]}<\/script>\n<!-- \/ Yoast SEO plugin. -->","yoast_head_json":{"title":"Halphen, Georges (1913-2003) - Institut Europ\u00e9en des Musiques Juives","robots":{"index":"index","follow":"follow","max-snippet":"max-snippet:-1","max-image-preview":"max-image-preview:large","max-video-preview":"max-video-preview:-1"},"canonical":"https:\/\/www.iemj.org\/de\/halphen-georges-1913-2003\/","og_locale":"de_DE","og_type":"article","og_title":"Halphen, Georges (1913-2003) - Institut Europ\u00e9en des Musiques Juives","og_description":"Georges Halphen, Sohn von Fernand Halphen (1872-1917) und Alice de Koenigswarter (1878-1963), war ein leidenschaftlicher Kunstsammler, der sich voll und ganz dem \u00f6ffentlichen Leben widmete. Georges Halphen wurde am 9.","og_url":"https:\/\/www.iemj.org\/de\/halphen-georges-1913-2003\/","og_site_name":"Institut Europ\u00e9en des Musiques Juives","article_publisher":"https:\/\/www.facebook.com\/MusiquesJuives\/","article_published_time":"2025-05-28T15:27:21+00:00","article_modified_time":"2025-06-04T06:47:12+00:00","og_image":[{"width":181,"height":218,"url":"https:\/\/www.iemj.org\/wp-content\/uploads\/2025\/05\/Logo-Bio-Georges-Halphen.jpg","type":"image\/jpeg"}],"author":"Jacqueline ROTEN","twitter_card":"summary_large_image","twitter_misc":{"Verfasst von":"Jacqueline ROTEN","Gesch\u00e4tzte Lesezeit":"6\u00a0Minuten"},"schema":{"@context":"https:\/\/schema.org","@graph":[{"@type":"Article","@id":"https:\/\/www.iemj.org\/de\/halphen-georges-1913-2003\/#article","isPartOf":{"@id":"https:\/\/www.iemj.org\/de\/halphen-georges-1913-2003\/"},"author":{"name":"Jacqueline ROTEN","@id":"https:\/\/www.iemj.org\/de\/#\/schema\/person\/358e26c18aca017fcc4cc15437f7279c"},"headline":"Halphen, Georges (1913-2003)","datePublished":"2025-05-28T15:27:21+00:00","dateModified":"2025-06-04T06:47:12+00:00","mainEntityOfPage":{"@id":"https:\/\/www.iemj.org\/de\/halphen-georges-1913-2003\/"},"wordCount":827,"publisher":{"@id":"https:\/\/www.iemj.org\/de\/#organization"},"image":{"@id":"https:\/\/www.iemj.org\/de\/halphen-georges-1913-2003\/#primaryimage"},"thumbnailUrl":"https:\/\/www.iemj.org\/wp-content\/uploads\/2025\/05\/Logo-Bio-Georges-Halphen.jpg","articleSection":["Biografien"],"inLanguage":"de"},{"@type":"WebPage","@id":"https:\/\/www.iemj.org\/de\/halphen-georges-1913-2003\/","url":"https:\/\/www.iemj.org\/de\/halphen-georges-1913-2003\/","name":"Halphen, Georges (1913-2003) - Institut Europ\u00e9en des Musiques Juives","isPartOf":{"@id":"https:\/\/www.iemj.org\/de\/#website"},"primaryImageOfPage":{"@id":"https:\/\/www.iemj.org\/de\/halphen-georges-1913-2003\/#primaryimage"},"image":{"@id":"https:\/\/www.iemj.org\/de\/halphen-georges-1913-2003\/#primaryimage"},"thumbnailUrl":"https:\/\/www.iemj.org\/wp-content\/uploads\/2025\/05\/Logo-Bio-Georges-Halphen.jpg","datePublished":"2025-05-28T15:27:21+00:00","dateModified":"2025-06-04T06:47:12+00:00","breadcrumb":{"@id":"https:\/\/www.iemj.org\/de\/halphen-georges-1913-2003\/#breadcrumb"},"inLanguage":"de","potentialAction":[{"@type":"ReadAction","target":["https:\/\/www.iemj.org\/de\/halphen-georges-1913-2003\/"]}]},{"@type":"ImageObject","inLanguage":"de","@id":"https:\/\/www.iemj.org\/de\/halphen-georges-1913-2003\/#primaryimage","url":"https:\/\/www.iemj.org\/wp-content\/uploads\/2025\/05\/Logo-Bio-Georges-Halphen.jpg","contentUrl":"https:\/\/www.iemj.org\/wp-content\/uploads\/2025\/05\/Logo-Bio-Georges-Halphen.jpg","width":181,"height":218},{"@type":"BreadcrumbList","@id":"https:\/\/www.iemj.org\/de\/halphen-georges-1913-2003\/#breadcrumb","itemListElement":[{"@type":"ListItem","position":1,"name":"Accueil","item":"https:\/\/www.iemj.org\/de\/"},{"@type":"ListItem","position":2,"name":"Halphen, Georges (1913-2003)"}]},{"@type":"WebSite","@id":"https:\/\/www.iemj.org\/de\/#website","url":"https:\/\/www.iemj.org\/de\/","name":"Institut Europ\u00e9en des Musiques Juives","description":"Des traditions musicales \u00e0 la port\u00e9e de tous","publisher":{"@id":"https:\/\/www.iemj.org\/de\/#organization"},"potentialAction":[{"@type":"SearchAction","target":{"@type":"EntryPoint","urlTemplate":"https:\/\/www.iemj.org\/de\/?s={search_term_string}"},"query-input":{"@type":"PropertyValueSpecification","valueRequired":true,"valueName":"search_term_string"}}],"inLanguage":"de"},{"@type":"Organization","@id":"https:\/\/www.iemj.org\/de\/#organization","name":"Institut Europ\u00e9en des Musiques Juives","url":"https:\/\/www.iemj.org\/de\/","logo":{"@type":"ImageObject","inLanguage":"de","@id":"https:\/\/www.iemj.org\/de\/#\/schema\/logo\/image\/","url":"https:\/\/www.iemj.org\/wp-content\/uploads\/2021\/09\/Logo-IEMJ-Paypal.jpg","contentUrl":"https:\/\/www.iemj.org\/wp-content\/uploads\/2021\/09\/Logo-IEMJ-Paypal.jpg","width":150,"height":50,"caption":"Institut Europ\u00e9en des Musiques Juives"},"image":{"@id":"https:\/\/www.iemj.org\/de\/#\/schema\/logo\/image\/"},"sameAs":["https:\/\/www.facebook.com\/MusiquesJuives\/","https:\/\/www.instagram.com\/musiquesjuives\/","https:\/\/www.youtube.com\/user\/musiquesjuives"]},{"@type":"Person","@id":"https:\/\/www.iemj.org\/de\/#\/schema\/person\/358e26c18aca017fcc4cc15437f7279c","name":"Jacqueline ROTEN","image":{"@type":"ImageObject","inLanguage":"de","@id":"https:\/\/secure.gravatar.com\/avatar\/5964256d6c6957de3a3505278957e0fb2a35119ac47ea41827a65301213c810b?s=96&d=mm&r=g","url":"https:\/\/secure.gravatar.com\/avatar\/5964256d6c6957de3a3505278957e0fb2a35119ac47ea41827a65301213c810b?s=96&d=mm&r=g","contentUrl":"https:\/\/secure.gravatar.com\/avatar\/5964256d6c6957de3a3505278957e0fb2a35119ac47ea41827a65301213c810b?s=96&d=mm&r=g","caption":"Jacqueline ROTEN"}}]}},"_links":{"self":[{"href":"https:\/\/www.iemj.org\/de\/wp-json\/wp\/v2\/posts\/121444","targetHints":{"allow":["GET"]}}],"collection":[{"href":"https:\/\/www.iemj.org\/de\/wp-json\/wp\/v2\/posts"}],"about":[{"href":"https:\/\/www.iemj.org\/de\/wp-json\/wp\/v2\/types\/post"}],"author":[{"embeddable":true,"href":"https:\/\/www.iemj.org\/de\/wp-json\/wp\/v2\/users\/5"}],"replies":[{"embeddable":true,"href":"https:\/\/www.iemj.org\/de\/wp-json\/wp\/v2\/comments?post=121444"}],"version-history":[{"count":0,"href":"https:\/\/www.iemj.org\/de\/wp-json\/wp\/v2\/posts\/121444\/revisions"}],"wp:featuredmedia":[{"embeddable":true,"href":"https:\/\/www.iemj.org\/de\/wp-json\/wp\/v2\/media\/121391"}],"wp:attachment":[{"href":"https:\/\/www.iemj.org\/de\/wp-json\/wp\/v2\/media?parent=121444"}],"wp:term":[{"taxonomy":"category","embeddable":true,"href":"https:\/\/www.iemj.org\/de\/wp-json\/wp\/v2\/categories?post=121444"},{"taxonomy":"post_tag","embeddable":true,"href":"https:\/\/www.iemj.org\/de\/wp-json\/wp\/v2\/tags?post=121444"},{"taxonomy":"technique","embeddable":true,"href":"https:\/\/www.iemj.org\/de\/wp-json\/wp\/v2\/technique?post=121444"},{"taxonomy":"squelettes","embeddable":true,"href":"https:\/\/www.iemj.org\/de\/wp-json\/wp\/v2\/squelettes?post=121444"},{"taxonomy":"sujet","embeddable":true,"href":"https:\/\/www.iemj.org\/de\/wp-json\/wp\/v2\/sujet?post=121444"},{"taxonomy":"formation","embeddable":true,"href":"https:\/\/www.iemj.org\/de\/wp-json\/wp\/v2\/formation?post=121444"},{"taxonomy":"genre","embeddable":true,"href":"https:\/\/www.iemj.org\/de\/wp-json\/wp\/v2\/genre?post=121444"},{"taxonomy":"fonds","embeddable":true,"href":"https:\/\/www.iemj.org\/de\/wp-json\/wp\/v2\/fonds?post=121444"},{"taxonomy":"tradition","embeddable":true,"href":"https:\/\/www.iemj.org\/de\/wp-json\/wp\/v2\/tradition?post=121444"},{"taxonomy":"type-de-contenu","embeddable":true,"href":"https:\/\/www.iemj.org\/de\/wp-json\/wp\/v2\/type-de-contenu?post=121444"},{"taxonomy":"interprete-compositeur","embeddable":true,"href":"https:\/\/www.iemj.org\/de\/wp-json\/wp\/v2\/interprete-compositeur?post=121444"},{"taxonomy":"frise","embeddable":true,"href":"https:\/\/www.iemj.org\/de\/wp-json\/wp\/v2\/frise?post=121444"},{"taxonomy":"type-devenement","embeddable":true,"href":"https:\/\/www.iemj.org\/de\/wp-json\/wp\/v2\/type-devenement?post=121444"},{"taxonomy":"tableaux-liens-externes","embeddable":true,"href":"https:\/\/www.iemj.org\/de\/wp-json\/wp\/v2\/tableaux-liens-externes?post=121444"}],"curies":[{"name":"wp","href":"https:\/\/api.w.org\/{rel}","templated":true}]}}