{"id":121642,"date":"2025-06-02T17:08:54","date_gmt":"2025-06-02T15:08:54","guid":{"rendered":"https:\/\/www.iemj.org\/dans-les-salons-de-musique-parisiens\/"},"modified":"2025-06-08T11:16:42","modified_gmt":"2025-06-08T09:16:42","slug":"dans-les-salons-de-musique-parisiens","status":"publish","type":"post","link":"https:\/\/www.iemj.org\/de\/dans-les-salons-de-musique-parisiens\/","title":{"rendered":"In den Pariser Musiksalons"},"content":{"rendered":"\n<h1 class=\"wp-block-heading\">J\u00fcdische M\u00e4zene, Musiker und Komponisten am Ende des 19. Jahrhunderts<\/h1>\n\n\n\n<p><\/p>\n\n\n<h3>Vor dem Konzert gibt Laure Schnapper, Musikwissenschaftlerin an der EHESS und Pr\u00e4sidentin des Institut Europ\u00e9en des Musiques Juives (Europ\u00e4isches Institut f\u00fcr J\u00fcdische Musik), eine historische und musikalische Einf\u00fchrung der Werke.<\/h3>\n<p><!--more--><\/p>\n<p><strong>Benjamin Alunni (Gesang), David Bismuth (Klavier) und Sarah Iancu (Cello)<\/strong><\/p>\n<p><!--more--><\/p>\n\n\n<p>An der Wende zum 20. Jahrhundert hing das Musikleben in Frankreich vor allem von der Unterst\u00fctzung einiger aufgekl\u00e4rter M\u00e4zene ab, die die Musik liebten und oft selbst Komponisten waren. Unter diesen M\u00e4zenen befinden sich viele Juden, die Musiksalons betreiben, in denen die gr\u00f6\u00dften Komponisten und K\u00fcnstler auftreten.<\/p>\n\n\n\n<p>Dieses Konzert l\u00e4sst uns einen Abend lang in die Atmosph\u00e4re dieser Musiksalons eintauchen, indem es insbesondere Werke von <a href=\"https:\/\/www.iemj.org\/de\/camondo-isaac-de-1850-1911\/\" target=\"_blank\" rel=\"noreferrer noopener\">Isaac de Camondo<\/a>, <a href=\"https:\/\/www.iemj.org\/de\/henry-deutsch-de-la-meurthe-1846-1919\/\">Henry Deutsch de la Meurthe<\/a>, <a href=\"https:\/\/www.iemj.org\/de\/hahn-reynaldo-1874-1947\/\" target=\"_blank\" rel=\"noreferrer noopener\">Reynaldo Hahn<\/a>, <a href=\"https:\/\/www.iemj.org\/de\/halphen-fernand-1872-1917\/\" target=\"_blank\" rel=\"noreferrer noopener\">Fernand Halphen<\/a> und <a href=\"https:\/\/www.iemj.org\/de\/cahen-danvers-albert-1846-1903\/\" target=\"_blank\" rel=\"noreferrer noopener\">Albert Cahen d\u2019Anvers<\/a> zu Geh\u00f6r bringt, die dort uraufgef\u00fchrt wurden. Zu dieser Zeit herrschten Melodien und Kammermusik vor und trugen zum goldenen Zeitalter der franz\u00f6sischen Musik bei, deren gr\u00f6\u00dfte Vertreter Gabriel Faur\u00e9, Claude Debussy und Maurice Ravel waren.<\/p>\n\n\n<div class=\"wp-block-image\">\n<figure class=\"aligncenter size-full\"><img fetchpriority=\"high\" decoding=\"async\" width=\"925\" height=\"236\" src=\"https:\/\/www.iemj.org\/wp-content\/uploads\/2025\/06\/Bandeau-Portraits-compositeurs.jpg\" alt=\"\" class=\"wp-image-121603\" srcset=\"https:\/\/www.iemj.org\/wp-content\/uploads\/2025\/06\/Bandeau-Portraits-compositeurs.jpg 925w, https:\/\/www.iemj.org\/wp-content\/uploads\/2025\/06\/Bandeau-Portraits-compositeurs-300x77.jpg 300w, https:\/\/www.iemj.org\/wp-content\/uploads\/2025\/06\/Bandeau-Portraits-compositeurs-768x196.jpg 768w, https:\/\/www.iemj.org\/wp-content\/uploads\/2025\/06\/Bandeau-Portraits-compositeurs-600x153.jpg 600w\" sizes=\"(max-width: 925px) 100vw, 925px\" \/><\/figure>\n<\/div>\n\n\n<hr class=\"wp-block-separator has-text-color has-gray-color has-alpha-channel-opacity has-gray-background-color has-background is-style-default\"\/>\n\n\n\n<p><strong>Laure Schnapper<\/strong><\/p>\n\n\n\n<p>Laure Schnapper hat zahlreiche Artikel \u00fcber die Geschichte des Musiklebens in Frankreich im 19. Jahrhundert verfasst und mehrere B\u00fccher \u00fcber j\u00fcdische Komponisten geschrieben, darunter&nbsp;<em>Henri Herz, magnat du piano. La vie musicale en France au 19e si\u00e8cle&nbsp;<\/em>(EHESS, 2011<em>,&nbsp;<\/em>Prix des Muses 2012)&nbsp;;&nbsp;<em>Du salon au front. Fernand Halphen (1872-1917), compositeur, m\u00e9c\u00e8ne et chef de musique militaire<\/em>&nbsp;(Hermann, 2017) sowie&nbsp;<em>Musique et musiciens de bal. Isaac Strauss au service de Napol\u00e9on III<\/em>&nbsp;(Hermann, 2023, Prix Eug\u00e8ne-Carri\u00e8re de l\u2019Acad\u00e9mie fran\u00e7aise). Derzeit bereitet sie ein Buch \u00fcber Isaac de Camondo vor.<\/p>\n\n\n\n<p><strong>Sarah Iancu<\/strong><\/p>\n\n\n\n<p>Sarah Iancu ist Preistr\u00e4gerin des Rostropowitsch-Wettbewerbs und erhielt den Premier Prix de Violoncelle \u00e0 l&#8217;unanimit\u00e9 am Conservatoire National Sup\u00e9rieur de Musique de Paris. Seit 2002 ist sie Solocellistin des Orchestre National du Capitole de Toulouse und Professorin f\u00fcr Violoncello am Institut Sup\u00e9rieur des Arts de Toulouse. Parallel dazu betreibt sie eine rege Kammermusikt\u00e4tigkeit, insbesondere im Duo mit dem Pianisten David Bismuth, mit dem sie die CDs \u201eM\u00e9lodies H\u00e9bra\u00efques, vol. 1 und 2\u201c, die bei Editions de l&#8217;Institut Europ\u00e9en des Musiques Juives erschienen sind.<\/p>\n\n\n\n<p><strong>David Bismuth<\/strong><\/p>\n\n\n\n<p>David Bismuth wurde von der Zeitschrift Pianiste zu einem der zehn vielversprechendsten franz\u00f6sischen Pianisten seiner Generation gek\u00fcrt. Im Alter von vierzehn Jahren wurde er in die Klasse von Gabriel Tacchino und Brigitte Engerer am Conservatoire National Sup\u00e9rieur de Paris aufgenommen. Sp\u00e4ter vervollkommnete er sein K\u00f6nnen bei Monique Deschauss\u00e9es, der Nachfolgerin von Alfred Cortot, sowie bei der renommierten Pianistin Maria Jo\u00e3o Pires. In den letzten Spielzeiten trat er mit dem Orchestre de Paris (Salle Pleyel), dem Orchestre National de France (Th\u00e9\u00e2tre du Ch\u00e2telet), dem Orchestre National du Capitole de Toulouse oder dem Orchestre de Nice auf. Dabei arbeitete er mit Dirigenten wie Andris Nelsons, Jaap van Zweden, Jean-Christophe Spinosi, Cornelius Meister, Michel Plasson oder Rinaldo Alessandrini zusammen.<\/p>\n\n\n\n<p><strong>Benjamin Alumni<\/strong><\/p>\n\n\n\n<p>Benjamin Alunni studierte Gesang am Conservatoire National Sup\u00e9rieur de Musique et Danse in Paris und trat anschlie\u00dfend der Norwegischen Musikakademie in Oslo bei. In seinen Anf\u00e4ngen war er sowohl Tenor als auch Fl\u00f6tist und lernte das Barockrepertoire bei Skip Semp\u00e9, Christophe Rousset und vor allem William Christie kennen, mit dem er unter anderem an der legend\u00e4ren Wiederauff\u00fchrung von Lullys \u201eAtys\u201c im Jahr 2011 teilnahm. Aber auch die franz\u00f6sische Melodik, das Lied und die zeitgen\u00f6ssische Musik geh\u00f6ren zu seinen Leidenschaften. Er wurde mit dem Prix des Amis du Festival d&#8217;Art Lyrique d&#8217;Aix en Provence ausgezeichnet und arbeitet mit zahlreichen Institutionen der internationalen Opernszene zusammen, darunter La Monnaie in Br\u00fcssel, die Oper von Tel Aviv und die Op\u00e9ra-Comique in Paris. Ende 2017 ver\u00f6ffentlichte er seine erste Solo-CD \u201eConfluence{s}\u201c, die franz\u00f6sische Melodien des 20. Jahrhunderts mit traditionellen Melodien aus der j\u00fcdischen Kultur verbindet (Klarthe Records).<\/p>\n\n\n\n<p>Sehen Sie sich Videos von fr\u00fcheren Konzerten von Sarah Iancu und David Bismuth an.<\/p>\n\n\n\n<ul class=\"wp-block-list\">\n<li><a href=\"https:\/\/www.iemj.org\/de\/concert-melodies-hebraiques\/\">https:\/\/www.iemj.org\/concert-melodies-hebraiques<\/a><\/li>\n<\/ul>\n\n\n\n<ul class=\"wp-block-list\">\n<li><a href=\"https:\/\/youtu.be\/iLMg5s3Zdwo\">https:\/\/youtu.be\/iLMg5s3Zdwo<\/a><\/li>\n<\/ul>\n\n\n\n<p>H\u00f6ren Sie au\u00dferdem Ausz\u00fcge aus der CD \u201eConfluence{s}\u201c, interpretiert von Benjamin Alunni.<\/p>\n\n\n\n<ul class=\"wp-block-list\">\n<li><a href=\"https:\/\/www.iemj.org\/de\/confluences-2\/\">https:\/\/www.iemj.org\/confluences<\/a><\/li>\n<\/ul>\n\n\n<div class=\"wp-block-image\">\n<figure class=\"aligncenter size-large is-resized\"><a href=\"https:\/\/www.festivaldesculturesjuives.org\/\" target=\"_blank\" rel=\" noreferrer noopener\"><img decoding=\"async\" width=\"1024\" height=\"341\" src=\"https:\/\/www.iemj.org\/wp-content\/uploads\/2025\/06\/FDCJ20-Banniere-site-internet-horizontal-1200-x-400-px-1024x341.jpg\" alt=\"\" class=\"wp-image-121612\" style=\"width:982px;height:auto\" srcset=\"https:\/\/www.iemj.org\/wp-content\/uploads\/2025\/06\/FDCJ20-Banniere-site-internet-horizontal-1200-x-400-px-1024x341.jpg 1024w, https:\/\/www.iemj.org\/wp-content\/uploads\/2025\/06\/FDCJ20-Banniere-site-internet-horizontal-1200-x-400-px-300x100.jpg 300w, https:\/\/www.iemj.org\/wp-content\/uploads\/2025\/06\/FDCJ20-Banniere-site-internet-horizontal-1200-x-400-px-768x256.jpg 768w, https:\/\/www.iemj.org\/wp-content\/uploads\/2025\/06\/FDCJ20-Banniere-site-internet-horizontal-1200-x-400-px-600x200.jpg 600w, https:\/\/www.iemj.org\/wp-content\/uploads\/2025\/06\/FDCJ20-Banniere-site-internet-horizontal-1200-x-400-px.jpg 1200w\" sizes=\"(max-width: 1024px) 100vw, 1024px\" \/><\/a><\/figure>\n<\/div>\n\n\n<div style=\"height:9px\" aria-hidden=\"true\" class=\"wp-block-spacer\"><\/div>\n\n\n\n<div class=\"wp-block-columns are-vertically-aligned-center is-layout-flex wp-container-core-columns-is-layout-9d6595d7 wp-block-columns-is-layout-flex\">\n<div class=\"wp-block-column is-vertically-aligned-center is-layout-flow wp-block-column-is-layout-flow\" style=\"flex-basis:45%\">\n<div class=\"wp-block-buttons has-white-background-color has-background is-content-justification-center is-layout-flex wp-container-core-buttons-is-layout-16018d1d wp-block-buttons-is-layout-flex\">\n<div class=\"wp-block-button has-custom-width wp-block-button__width-75 is-style-fill\"><a class=\"wp-block-button__link has-white-color has-text-color has-background has-link-color wp-element-button\" href=\"https:\/\/www.festivaldesculturesjuives.org\/billetterie\/\" style=\"background-color:#3c4b98\" target=\"_blank\" rel=\"noreferrer noopener\"><strong>Je r\u00e9serve<\/strong><\/a><\/div>\n<\/div>\n<\/div>\n\n\n\n<div class=\"wp-block-column is-vertically-aligned-center is-layout-flow wp-block-column-is-layout-flow\">\n<h3 class=\"wp-block-heading has-text-color has-link-color wp-elements-756f4a01bc8c40a30961ce8798fe11b9\" style=\"color:#3c4b98\"><strong>DATUM<\/strong><\/h3>\n\n\n\n<p>25\/06\/2025 20:00<\/p>\n\n\n\n<h3 class=\"wp-block-heading has-text-color has-link-color wp-elements-294eec9ad0412432f855f93cf58a1d99\" style=\"color:#3c4b98\"><strong>TARIF<\/strong><\/h3>\n\n\n\n<p>Kategorie 1 : 18,00 \u20ac<\/p>\n\n\n\n<h3 class=\"wp-block-heading has-text-color has-link-color wp-elements-359e62bfe11dc4974a8d42dbe7fe2619\" style=\"color:#3c4b98\"><strong>ORT<\/strong><\/h3>\n\n\n\n<p><strong>Archives nationales \/ H\u00f4tel de Soubise<\/strong><br>60, rue des Francs Bourgeois<br>75003 Paris<\/p>\n<\/div>\n<\/div>\n\n\n\n<hr class=\"wp-block-separator has-text-color has-gray-color has-alpha-channel-opacity has-gray-background-color has-background is-style-default\"\/>\n\n\n\n<h2 class=\"wp-block-heading has-text-align-center\"><strong>Partner \/ Organisator(en)<\/strong><\/h2>\n\n\n\n<hr class=\"wp-block-separator has-text-color has-gray-color has-alpha-channel-opacity has-gray-background-color has-background is-style-default\"\/>\n\n\n\n<div class=\"wp-block-columns are-vertically-aligned-center is-layout-flex wp-container-core-columns-is-layout-9d6595d7 wp-block-columns-is-layout-flex\">\n<div class=\"wp-block-column is-vertically-aligned-center is-layout-flow wp-block-column-is-layout-flow\"><div class=\"wp-block-image\">\n<figure class=\"aligncenter size-full is-resized\"><a href=\"https:\/\/www.iemj.org\/de\/\" target=\"_blank\" rel=\" noreferrer noopener\"><img decoding=\"async\" width=\"532\" height=\"190\" src=\"https:\/\/www.iemj.org\/wp-content\/uploads\/2024\/05\/IEMJ_LOGO_CMJN_HORIZONTAL_sans-fond-Copie-1.png\" alt=\"\" class=\"wp-image-111979\" style=\"width:370px;height:auto\" srcset=\"https:\/\/www.iemj.org\/wp-content\/uploads\/2024\/05\/IEMJ_LOGO_CMJN_HORIZONTAL_sans-fond-Copie-1.png 532w, https:\/\/www.iemj.org\/wp-content\/uploads\/2024\/05\/IEMJ_LOGO_CMJN_HORIZONTAL_sans-fond-Copie-1-300x107.png 300w\" sizes=\"(max-width: 532px) 100vw, 532px\" \/><\/a><\/figure>\n<\/div><\/div>\n\n\n\n<div class=\"wp-block-column is-vertically-aligned-center is-layout-flow wp-block-column-is-layout-flow\"><div class=\"wp-block-image\">\n<figure class=\"aligncenter size-full is-resized\"><a href=\"https:\/\/www.fsju.org\/\" target=\"_blank\" rel=\" noreferrer noopener\"><img loading=\"lazy\" decoding=\"async\" width=\"500\" height=\"190\" src=\"https:\/\/www.iemj.org\/wp-content\/uploads\/2024\/05\/LOGO-FSJU-sans-bl-1-1.jpg\" alt=\"\" class=\"wp-image-111984\" style=\"width:350px;height:auto\" srcset=\"https:\/\/www.iemj.org\/wp-content\/uploads\/2024\/05\/LOGO-FSJU-sans-bl-1-1.jpg 500w, https:\/\/www.iemj.org\/wp-content\/uploads\/2024\/05\/LOGO-FSJU-sans-bl-1-1-300x114.jpg 300w\" sizes=\"(max-width: 500px) 100vw, 500px\" \/><\/a><\/figure>\n<\/div><\/div>\n\n\n\n<div class=\"wp-block-column is-vertically-aligned-center is-layout-flow wp-block-column-is-layout-flow\"><div class=\"wp-block-image\">\n<figure class=\"aligncenter size-full is-resized\"><a href=\"https:\/\/www.archives-nationales.culture.gouv.fr\/\" target=\"_blank\" rel=\" noreferrer noopener\"><img loading=\"lazy\" decoding=\"async\" width=\"420\" height=\"144\" src=\"https:\/\/www.iemj.org\/wp-content\/uploads\/2022\/05\/logo-Archives-nationales.jpg\" alt=\"\" class=\"wp-image-84354\" style=\"width:373px;height:auto\" srcset=\"https:\/\/www.iemj.org\/wp-content\/uploads\/2022\/05\/logo-Archives-nationales.jpg 420w, https:\/\/www.iemj.org\/wp-content\/uploads\/2022\/05\/logo-Archives-nationales-300x103.jpg 300w\" sizes=\"(max-width: 420px) 100vw, 420px\" \/><\/a><\/figure>\n<\/div><\/div>\n<\/div>\n\n\n\n<hr class=\"wp-block-separator has-text-color has-gray-color has-alpha-channel-opacity has-gray-background-color has-background is-style-default\"\/>\n\n\n\n<p><\/p>\n","protected":false},"excerpt":{"rendered":"<p>J\u00fcdische M\u00e4zene, Musiker und Komponisten am Ende des 19. Jahrhunderts Vor dem Konzert gibt Laure Schnapper, Musikwissenschaftlerin an der EHESS und Pr\u00e4sidentin des Institut Europ\u00e9en des Musiques Juives (Europ\u00e4isches Institut<\/p>\n","protected":false},"author":5,"featured_media":121633,"comment_status":"closed","ping_status":"closed","sticky":false,"template":"","format":"standard","meta":{"_acf_changed":false,"footnotes":""},"categories":[1315,1378,816,1370],"tags":[],"technique":[],"squelettes":[],"sujet":[],"formation":[],"genre":[1900],"fonds":[],"tradition":[],"type-de-contenu":[],"interprete-compositeur":[3165],"frise":[],"type-devenement":[],"tableaux-liens-externes":[],"class_list":["post-121642","post","type-post","status-publish","format-standard","has-post-thumbnail","hentry","category-concerts-manifestations","category-konzerte-veranstaltungen-de","category-manifestations","category-veranstaltungen-de","genre-klassische-musik-de","interprete-compositeur-fernand-halphen-de"],"acf":[],"yoast_head":"<!-- This site is optimized with the Yoast SEO plugin v27.3 - https:\/\/yoast.com\/product\/yoast-seo-wordpress\/ -->\n<title>In den Pariser Musiksalons - Institut Europ\u00e9en des Musiques Juives<\/title>\n<meta name=\"robots\" content=\"index, follow, max-snippet:-1, max-image-preview:large, max-video-preview:-1\" \/>\n<link rel=\"canonical\" href=\"https:\/\/www.iemj.org\/de\/dans-les-salons-de-musique-parisiens\/\" \/>\n<meta property=\"og:locale\" content=\"de_DE\" \/>\n<meta property=\"og:type\" content=\"article\" \/>\n<meta property=\"og:title\" content=\"In den Pariser Musiksalons - Institut Europ\u00e9en des Musiques Juives\" \/>\n<meta property=\"og:description\" content=\"J\u00fcdische M\u00e4zene, Musiker und Komponisten am Ende des 19. Jahrhunderts Vor dem Konzert gibt Laure Schnapper, Musikwissenschaftlerin an der EHESS und Pr\u00e4sidentin des Institut Europ\u00e9en des Musiques Juives (Europ\u00e4isches Institut\" \/>\n<meta property=\"og:url\" content=\"https:\/\/www.iemj.org\/de\/dans-les-salons-de-musique-parisiens\/\" \/>\n<meta property=\"og:site_name\" content=\"Institut Europ\u00e9en des Musiques Juives\" \/>\n<meta property=\"article:publisher\" content=\"https:\/\/www.facebook.com\/MusiquesJuives\/\" \/>\n<meta property=\"article:published_time\" content=\"2025-06-02T15:08:54+00:00\" \/>\n<meta property=\"article:modified_time\" content=\"2025-06-08T09:16:42+00:00\" \/>\n<meta property=\"og:image\" content=\"https:\/\/www.iemj.org\/wp-content\/uploads\/2025\/06\/Logobis-Manifestation_Salons-de-musique-parisiens.jpg\" \/>\n\t<meta property=\"og:image:width\" content=\"500\" \/>\n\t<meta property=\"og:image:height\" content=\"500\" \/>\n\t<meta property=\"og:image:type\" content=\"image\/jpeg\" \/>\n<meta name=\"author\" content=\"Jacqueline ROTEN\" \/>\n<meta name=\"twitter:card\" content=\"summary_large_image\" \/>\n<meta name=\"twitter:label1\" content=\"Verfasst von\" \/>\n\t<meta name=\"twitter:data1\" content=\"Jacqueline ROTEN\" \/>\n\t<meta name=\"twitter:label2\" content=\"Gesch\u00e4tzte Lesezeit\" \/>\n\t<meta name=\"twitter:data2\" content=\"5\u00a0Minuten\" \/>\n<script type=\"application\/ld+json\" class=\"yoast-schema-graph\">{\"@context\":\"https:\\\/\\\/schema.org\",\"@graph\":[{\"@type\":\"Article\",\"@id\":\"https:\\\/\\\/www.iemj.org\\\/de\\\/dans-les-salons-de-musique-parisiens\\\/#article\",\"isPartOf\":{\"@id\":\"https:\\\/\\\/www.iemj.org\\\/de\\\/dans-les-salons-de-musique-parisiens\\\/\"},\"author\":{\"name\":\"Jacqueline ROTEN\",\"@id\":\"https:\\\/\\\/www.iemj.org\\\/de\\\/#\\\/schema\\\/person\\\/358e26c18aca017fcc4cc15437f7279c\"},\"headline\":\"In den Pariser Musiksalons\",\"datePublished\":\"2025-06-02T15:08:54+00:00\",\"dateModified\":\"2025-06-08T09:16:42+00:00\",\"mainEntityOfPage\":{\"@id\":\"https:\\\/\\\/www.iemj.org\\\/de\\\/dans-les-salons-de-musique-parisiens\\\/\"},\"wordCount\":739,\"publisher\":{\"@id\":\"https:\\\/\\\/www.iemj.org\\\/de\\\/#organization\"},\"image\":{\"@id\":\"https:\\\/\\\/www.iemj.org\\\/de\\\/dans-les-salons-de-musique-parisiens\\\/#primaryimage\"},\"thumbnailUrl\":\"https:\\\/\\\/www.iemj.org\\\/wp-content\\\/uploads\\\/2025\\\/06\\\/Logobis-Manifestation_Salons-de-musique-parisiens.jpg\",\"articleSection\":[\"Concerts\",\"Konzerte\",\"Manifestations\",\"Veranstaltungen\"],\"inLanguage\":\"de\"},{\"@type\":\"WebPage\",\"@id\":\"https:\\\/\\\/www.iemj.org\\\/de\\\/dans-les-salons-de-musique-parisiens\\\/\",\"url\":\"https:\\\/\\\/www.iemj.org\\\/de\\\/dans-les-salons-de-musique-parisiens\\\/\",\"name\":\"In den Pariser Musiksalons - Institut Europ\u00e9en des Musiques Juives\",\"isPartOf\":{\"@id\":\"https:\\\/\\\/www.iemj.org\\\/de\\\/#website\"},\"primaryImageOfPage\":{\"@id\":\"https:\\\/\\\/www.iemj.org\\\/de\\\/dans-les-salons-de-musique-parisiens\\\/#primaryimage\"},\"image\":{\"@id\":\"https:\\\/\\\/www.iemj.org\\\/de\\\/dans-les-salons-de-musique-parisiens\\\/#primaryimage\"},\"thumbnailUrl\":\"https:\\\/\\\/www.iemj.org\\\/wp-content\\\/uploads\\\/2025\\\/06\\\/Logobis-Manifestation_Salons-de-musique-parisiens.jpg\",\"datePublished\":\"2025-06-02T15:08:54+00:00\",\"dateModified\":\"2025-06-08T09:16:42+00:00\",\"breadcrumb\":{\"@id\":\"https:\\\/\\\/www.iemj.org\\\/de\\\/dans-les-salons-de-musique-parisiens\\\/#breadcrumb\"},\"inLanguage\":\"de\",\"potentialAction\":[{\"@type\":\"ReadAction\",\"target\":[\"https:\\\/\\\/www.iemj.org\\\/de\\\/dans-les-salons-de-musique-parisiens\\\/\"]}]},{\"@type\":\"ImageObject\",\"inLanguage\":\"de\",\"@id\":\"https:\\\/\\\/www.iemj.org\\\/de\\\/dans-les-salons-de-musique-parisiens\\\/#primaryimage\",\"url\":\"https:\\\/\\\/www.iemj.org\\\/wp-content\\\/uploads\\\/2025\\\/06\\\/Logobis-Manifestation_Salons-de-musique-parisiens.jpg\",\"contentUrl\":\"https:\\\/\\\/www.iemj.org\\\/wp-content\\\/uploads\\\/2025\\\/06\\\/Logobis-Manifestation_Salons-de-musique-parisiens.jpg\",\"width\":500,\"height\":500},{\"@type\":\"BreadcrumbList\",\"@id\":\"https:\\\/\\\/www.iemj.org\\\/de\\\/dans-les-salons-de-musique-parisiens\\\/#breadcrumb\",\"itemListElement\":[{\"@type\":\"ListItem\",\"position\":1,\"name\":\"Accueil\",\"item\":\"https:\\\/\\\/www.iemj.org\\\/de\\\/\"},{\"@type\":\"ListItem\",\"position\":2,\"name\":\"In den Pariser Musiksalons\"}]},{\"@type\":\"WebSite\",\"@id\":\"https:\\\/\\\/www.iemj.org\\\/de\\\/#website\",\"url\":\"https:\\\/\\\/www.iemj.org\\\/de\\\/\",\"name\":\"Institut Europ\u00e9en des Musiques Juives\",\"description\":\"Des traditions musicales \u00e0 la port\u00e9e de tous\",\"publisher\":{\"@id\":\"https:\\\/\\\/www.iemj.org\\\/de\\\/#organization\"},\"potentialAction\":[{\"@type\":\"SearchAction\",\"target\":{\"@type\":\"EntryPoint\",\"urlTemplate\":\"https:\\\/\\\/www.iemj.org\\\/de\\\/?s={search_term_string}\"},\"query-input\":{\"@type\":\"PropertyValueSpecification\",\"valueRequired\":true,\"valueName\":\"search_term_string\"}}],\"inLanguage\":\"de\"},{\"@type\":\"Organization\",\"@id\":\"https:\\\/\\\/www.iemj.org\\\/de\\\/#organization\",\"name\":\"Institut Europ\u00e9en des Musiques Juives\",\"url\":\"https:\\\/\\\/www.iemj.org\\\/de\\\/\",\"logo\":{\"@type\":\"ImageObject\",\"inLanguage\":\"de\",\"@id\":\"https:\\\/\\\/www.iemj.org\\\/de\\\/#\\\/schema\\\/logo\\\/image\\\/\",\"url\":\"https:\\\/\\\/www.iemj.org\\\/wp-content\\\/uploads\\\/2021\\\/09\\\/Logo-IEMJ-Paypal.jpg\",\"contentUrl\":\"https:\\\/\\\/www.iemj.org\\\/wp-content\\\/uploads\\\/2021\\\/09\\\/Logo-IEMJ-Paypal.jpg\",\"width\":150,\"height\":50,\"caption\":\"Institut Europ\u00e9en des Musiques Juives\"},\"image\":{\"@id\":\"https:\\\/\\\/www.iemj.org\\\/de\\\/#\\\/schema\\\/logo\\\/image\\\/\"},\"sameAs\":[\"https:\\\/\\\/www.facebook.com\\\/MusiquesJuives\\\/\",\"https:\\\/\\\/www.instagram.com\\\/musiquesjuives\\\/\",\"https:\\\/\\\/www.youtube.com\\\/user\\\/musiquesjuives\"]},{\"@type\":\"Person\",\"@id\":\"https:\\\/\\\/www.iemj.org\\\/de\\\/#\\\/schema\\\/person\\\/358e26c18aca017fcc4cc15437f7279c\",\"name\":\"Jacqueline ROTEN\",\"image\":{\"@type\":\"ImageObject\",\"inLanguage\":\"de\",\"@id\":\"https:\\\/\\\/secure.gravatar.com\\\/avatar\\\/5964256d6c6957de3a3505278957e0fb2a35119ac47ea41827a65301213c810b?s=96&d=mm&r=g\",\"url\":\"https:\\\/\\\/secure.gravatar.com\\\/avatar\\\/5964256d6c6957de3a3505278957e0fb2a35119ac47ea41827a65301213c810b?s=96&d=mm&r=g\",\"contentUrl\":\"https:\\\/\\\/secure.gravatar.com\\\/avatar\\\/5964256d6c6957de3a3505278957e0fb2a35119ac47ea41827a65301213c810b?s=96&d=mm&r=g\",\"caption\":\"Jacqueline ROTEN\"}}]}<\/script>\n<!-- \/ Yoast SEO plugin. -->","yoast_head_json":{"title":"In den Pariser Musiksalons - Institut Europ\u00e9en des Musiques Juives","robots":{"index":"index","follow":"follow","max-snippet":"max-snippet:-1","max-image-preview":"max-image-preview:large","max-video-preview":"max-video-preview:-1"},"canonical":"https:\/\/www.iemj.org\/de\/dans-les-salons-de-musique-parisiens\/","og_locale":"de_DE","og_type":"article","og_title":"In den Pariser Musiksalons - Institut Europ\u00e9en des Musiques Juives","og_description":"J\u00fcdische M\u00e4zene, Musiker und Komponisten am Ende des 19. Jahrhunderts Vor dem Konzert gibt Laure Schnapper, Musikwissenschaftlerin an der EHESS und Pr\u00e4sidentin des Institut Europ\u00e9en des Musiques Juives (Europ\u00e4isches Institut","og_url":"https:\/\/www.iemj.org\/de\/dans-les-salons-de-musique-parisiens\/","og_site_name":"Institut Europ\u00e9en des Musiques Juives","article_publisher":"https:\/\/www.facebook.com\/MusiquesJuives\/","article_published_time":"2025-06-02T15:08:54+00:00","article_modified_time":"2025-06-08T09:16:42+00:00","og_image":[{"width":500,"height":500,"url":"https:\/\/www.iemj.org\/wp-content\/uploads\/2025\/06\/Logobis-Manifestation_Salons-de-musique-parisiens.jpg","type":"image\/jpeg"}],"author":"Jacqueline ROTEN","twitter_card":"summary_large_image","twitter_misc":{"Verfasst von":"Jacqueline ROTEN","Gesch\u00e4tzte Lesezeit":"5\u00a0Minuten"},"schema":{"@context":"https:\/\/schema.org","@graph":[{"@type":"Article","@id":"https:\/\/www.iemj.org\/de\/dans-les-salons-de-musique-parisiens\/#article","isPartOf":{"@id":"https:\/\/www.iemj.org\/de\/dans-les-salons-de-musique-parisiens\/"},"author":{"name":"Jacqueline ROTEN","@id":"https:\/\/www.iemj.org\/de\/#\/schema\/person\/358e26c18aca017fcc4cc15437f7279c"},"headline":"In den Pariser Musiksalons","datePublished":"2025-06-02T15:08:54+00:00","dateModified":"2025-06-08T09:16:42+00:00","mainEntityOfPage":{"@id":"https:\/\/www.iemj.org\/de\/dans-les-salons-de-musique-parisiens\/"},"wordCount":739,"publisher":{"@id":"https:\/\/www.iemj.org\/de\/#organization"},"image":{"@id":"https:\/\/www.iemj.org\/de\/dans-les-salons-de-musique-parisiens\/#primaryimage"},"thumbnailUrl":"https:\/\/www.iemj.org\/wp-content\/uploads\/2025\/06\/Logobis-Manifestation_Salons-de-musique-parisiens.jpg","articleSection":["Concerts","Konzerte","Manifestations","Veranstaltungen"],"inLanguage":"de"},{"@type":"WebPage","@id":"https:\/\/www.iemj.org\/de\/dans-les-salons-de-musique-parisiens\/","url":"https:\/\/www.iemj.org\/de\/dans-les-salons-de-musique-parisiens\/","name":"In den Pariser Musiksalons - Institut Europ\u00e9en des Musiques Juives","isPartOf":{"@id":"https:\/\/www.iemj.org\/de\/#website"},"primaryImageOfPage":{"@id":"https:\/\/www.iemj.org\/de\/dans-les-salons-de-musique-parisiens\/#primaryimage"},"image":{"@id":"https:\/\/www.iemj.org\/de\/dans-les-salons-de-musique-parisiens\/#primaryimage"},"thumbnailUrl":"https:\/\/www.iemj.org\/wp-content\/uploads\/2025\/06\/Logobis-Manifestation_Salons-de-musique-parisiens.jpg","datePublished":"2025-06-02T15:08:54+00:00","dateModified":"2025-06-08T09:16:42+00:00","breadcrumb":{"@id":"https:\/\/www.iemj.org\/de\/dans-les-salons-de-musique-parisiens\/#breadcrumb"},"inLanguage":"de","potentialAction":[{"@type":"ReadAction","target":["https:\/\/www.iemj.org\/de\/dans-les-salons-de-musique-parisiens\/"]}]},{"@type":"ImageObject","inLanguage":"de","@id":"https:\/\/www.iemj.org\/de\/dans-les-salons-de-musique-parisiens\/#primaryimage","url":"https:\/\/www.iemj.org\/wp-content\/uploads\/2025\/06\/Logobis-Manifestation_Salons-de-musique-parisiens.jpg","contentUrl":"https:\/\/www.iemj.org\/wp-content\/uploads\/2025\/06\/Logobis-Manifestation_Salons-de-musique-parisiens.jpg","width":500,"height":500},{"@type":"BreadcrumbList","@id":"https:\/\/www.iemj.org\/de\/dans-les-salons-de-musique-parisiens\/#breadcrumb","itemListElement":[{"@type":"ListItem","position":1,"name":"Accueil","item":"https:\/\/www.iemj.org\/de\/"},{"@type":"ListItem","position":2,"name":"In den Pariser Musiksalons"}]},{"@type":"WebSite","@id":"https:\/\/www.iemj.org\/de\/#website","url":"https:\/\/www.iemj.org\/de\/","name":"Institut Europ\u00e9en des Musiques Juives","description":"Des traditions musicales \u00e0 la port\u00e9e de tous","publisher":{"@id":"https:\/\/www.iemj.org\/de\/#organization"},"potentialAction":[{"@type":"SearchAction","target":{"@type":"EntryPoint","urlTemplate":"https:\/\/www.iemj.org\/de\/?s={search_term_string}"},"query-input":{"@type":"PropertyValueSpecification","valueRequired":true,"valueName":"search_term_string"}}],"inLanguage":"de"},{"@type":"Organization","@id":"https:\/\/www.iemj.org\/de\/#organization","name":"Institut Europ\u00e9en des Musiques Juives","url":"https:\/\/www.iemj.org\/de\/","logo":{"@type":"ImageObject","inLanguage":"de","@id":"https:\/\/www.iemj.org\/de\/#\/schema\/logo\/image\/","url":"https:\/\/www.iemj.org\/wp-content\/uploads\/2021\/09\/Logo-IEMJ-Paypal.jpg","contentUrl":"https:\/\/www.iemj.org\/wp-content\/uploads\/2021\/09\/Logo-IEMJ-Paypal.jpg","width":150,"height":50,"caption":"Institut Europ\u00e9en des Musiques Juives"},"image":{"@id":"https:\/\/www.iemj.org\/de\/#\/schema\/logo\/image\/"},"sameAs":["https:\/\/www.facebook.com\/MusiquesJuives\/","https:\/\/www.instagram.com\/musiquesjuives\/","https:\/\/www.youtube.com\/user\/musiquesjuives"]},{"@type":"Person","@id":"https:\/\/www.iemj.org\/de\/#\/schema\/person\/358e26c18aca017fcc4cc15437f7279c","name":"Jacqueline ROTEN","image":{"@type":"ImageObject","inLanguage":"de","@id":"https:\/\/secure.gravatar.com\/avatar\/5964256d6c6957de3a3505278957e0fb2a35119ac47ea41827a65301213c810b?s=96&d=mm&r=g","url":"https:\/\/secure.gravatar.com\/avatar\/5964256d6c6957de3a3505278957e0fb2a35119ac47ea41827a65301213c810b?s=96&d=mm&r=g","contentUrl":"https:\/\/secure.gravatar.com\/avatar\/5964256d6c6957de3a3505278957e0fb2a35119ac47ea41827a65301213c810b?s=96&d=mm&r=g","caption":"Jacqueline ROTEN"}}]}},"_links":{"self":[{"href":"https:\/\/www.iemj.org\/de\/wp-json\/wp\/v2\/posts\/121642","targetHints":{"allow":["GET"]}}],"collection":[{"href":"https:\/\/www.iemj.org\/de\/wp-json\/wp\/v2\/posts"}],"about":[{"href":"https:\/\/www.iemj.org\/de\/wp-json\/wp\/v2\/types\/post"}],"author":[{"embeddable":true,"href":"https:\/\/www.iemj.org\/de\/wp-json\/wp\/v2\/users\/5"}],"replies":[{"embeddable":true,"href":"https:\/\/www.iemj.org\/de\/wp-json\/wp\/v2\/comments?post=121642"}],"version-history":[{"count":0,"href":"https:\/\/www.iemj.org\/de\/wp-json\/wp\/v2\/posts\/121642\/revisions"}],"wp:featuredmedia":[{"embeddable":true,"href":"https:\/\/www.iemj.org\/de\/wp-json\/wp\/v2\/media\/121633"}],"wp:attachment":[{"href":"https:\/\/www.iemj.org\/de\/wp-json\/wp\/v2\/media?parent=121642"}],"wp:term":[{"taxonomy":"category","embeddable":true,"href":"https:\/\/www.iemj.org\/de\/wp-json\/wp\/v2\/categories?post=121642"},{"taxonomy":"post_tag","embeddable":true,"href":"https:\/\/www.iemj.org\/de\/wp-json\/wp\/v2\/tags?post=121642"},{"taxonomy":"technique","embeddable":true,"href":"https:\/\/www.iemj.org\/de\/wp-json\/wp\/v2\/technique?post=121642"},{"taxonomy":"squelettes","embeddable":true,"href":"https:\/\/www.iemj.org\/de\/wp-json\/wp\/v2\/squelettes?post=121642"},{"taxonomy":"sujet","embeddable":true,"href":"https:\/\/www.iemj.org\/de\/wp-json\/wp\/v2\/sujet?post=121642"},{"taxonomy":"formation","embeddable":true,"href":"https:\/\/www.iemj.org\/de\/wp-json\/wp\/v2\/formation?post=121642"},{"taxonomy":"genre","embeddable":true,"href":"https:\/\/www.iemj.org\/de\/wp-json\/wp\/v2\/genre?post=121642"},{"taxonomy":"fonds","embeddable":true,"href":"https:\/\/www.iemj.org\/de\/wp-json\/wp\/v2\/fonds?post=121642"},{"taxonomy":"tradition","embeddable":true,"href":"https:\/\/www.iemj.org\/de\/wp-json\/wp\/v2\/tradition?post=121642"},{"taxonomy":"type-de-contenu","embeddable":true,"href":"https:\/\/www.iemj.org\/de\/wp-json\/wp\/v2\/type-de-contenu?post=121642"},{"taxonomy":"interprete-compositeur","embeddable":true,"href":"https:\/\/www.iemj.org\/de\/wp-json\/wp\/v2\/interprete-compositeur?post=121642"},{"taxonomy":"frise","embeddable":true,"href":"https:\/\/www.iemj.org\/de\/wp-json\/wp\/v2\/frise?post=121642"},{"taxonomy":"type-devenement","embeddable":true,"href":"https:\/\/www.iemj.org\/de\/wp-json\/wp\/v2\/type-devenement?post=121642"},{"taxonomy":"tableaux-liens-externes","embeddable":true,"href":"https:\/\/www.iemj.org\/de\/wp-json\/wp\/v2\/tableaux-liens-externes?post=121642"}],"curies":[{"name":"wp","href":"https:\/\/api.w.org\/{rel}","templated":true}]}}