{"id":121648,"date":"2025-06-02T14:33:10","date_gmt":"2025-06-02T12:33:10","guid":{"rendered":"https:\/\/www.iemj.org\/camondo-isaac-de-1850-1911\/"},"modified":"2025-06-03T19:02:57","modified_gmt":"2025-06-03T17:02:57","slug":"camondo-isaac-de-1850-1911","status":"publish","type":"post","link":"https:\/\/www.iemj.org\/de\/camondo-isaac-de-1850-1911\/","title":{"rendered":"Camondo, Isaac de (1850-1911)"},"content":{"rendered":"\n<!--more-->\n\n\n\n<p>Isaac de Camondo stammte aus einer illustren italienischen Bankiersfamilie, die sich in Konstantinopel niedergelassen hatte. Gemeinsam mit seinem Cousin Moses erbte er die Familienbank und bet\u00e4tigte sich gleichzeitig als Kunstsammler, M\u00e4zen und Komponist. Er zog 1867 mit seiner ganzen Familie nach Paris; sein Vater Abraham lie\u00df sich ein Hotel in der Rue de Monceau 61 bauen, neben dem seines Bruders Nissim, das sich an der Stelle des heutigen Camondo-Museums befand.<\/p>\n\n\n\n<p>Als leidenschaftlicher Kunst- und Musikliebhaber nahm Isaac Klavierunterricht bei Henri Ravina (1818-1906) und Kompositionsunterricht bei Gaston Salvayre (1847-1907), der 1872 den Gro\u00dfen Preis von Rom erhalten hatte und mit dem ihn bis zu seinem Tod eine Freundschaft verband.<\/p>\n\n\n\n<div class=\"wp-block-columns is-layout-flex wp-container-core-columns-is-layout-9d6595d7 wp-block-columns-is-layout-flex\">\n<div class=\"wp-block-column is-layout-flow wp-block-column-is-layout-flow\" style=\"flex-basis:65%\">\n<p>Seit seinem 30. Lebensjahr sammelte Camondo Kunstgegenst\u00e4nde, deren sp\u00e4tere Verm\u00e4chtnisse verschiedene Abteilungen des Louvre bereicherten; seine impressionistischen Gem\u00e4lde bilden insbesondere den Hauptbestand des Mus\u00e9e d&#8217;Orsay, von Manets <em>Fifre<\/em> \u00fcber die T\u00e4nzerinnen von Degas bis hin zu den Gem\u00e4lden im Monet-Saal.<\/p>\n\n\n\n<p>Zwischen 1870 und 1889 ver\u00f6ffentlichte Camondo etwa f\u00fcnfzehn Klavierst\u00fccke, haupts\u00e4chlich Polkas und Walzer, sowie zwei Melodien, <em>La chanson du berger<\/em> und <em>Laisseras-tu mignonne<\/em>, auf Texte seines Freundes Paul Choudens. Als gl\u00fchender Wagnerianer &#8211; er reiste gleich nach der Er\u00f6ffnung des Theaters 1876 nach Bayreuth und kehrte 1882 mit L\u00e9o Delibes (1836-1891) und Gaston Salvayre zur\u00fcck, um der Premiere von Parsifal beizuwohnen &#8211; suchte er jedoch einen neuen Weg und schwieg von 1889 bis 1903.<\/p>\n<\/div>\n\n\n\n<div class=\"wp-block-column is-layout-flow wp-block-column-is-layout-flow\">\n<figure class=\"wp-block-image size-full\"><img fetchpriority=\"high\" decoding=\"async\" width=\"508\" height=\"376\" src=\"https:\/\/www.iemj.org\/wp-content\/uploads\/2025\/06\/Image1-Le-piano-Erard-de-Camondo-dans-la-salle-des-Degas-a-son-domicile-82-avenue-des-Champs-Elysees.jpg\" alt=\"\" class=\"wp-image-121545\" srcset=\"https:\/\/www.iemj.org\/wp-content\/uploads\/2025\/06\/Image1-Le-piano-Erard-de-Camondo-dans-la-salle-des-Degas-a-son-domicile-82-avenue-des-Champs-Elysees.jpg 508w, https:\/\/www.iemj.org\/wp-content\/uploads\/2025\/06\/Image1-Le-piano-Erard-de-Camondo-dans-la-salle-des-Degas-a-son-domicile-82-avenue-des-Champs-Elysees-300x222.jpg 300w\" sizes=\"(max-width: 508px) 100vw, 508px\" \/><figcaption class=\"wp-element-caption\"><strong>Das Erard-Klavier von Camondo im Degas-Zimmer in seinem Haus, 82 Avenue des Champs-Elys\u00e9es<\/strong><\/figcaption><\/figure>\n<\/div>\n<\/div>\n\n\n\n<p>W\u00e4hrend dieser 14 Jahre publizierte er nicht, sondern widmete sich dem M\u00e4zenatentum: Ab 1898 wurde er zum Hauptkommanditisten (f\u00fcr etwa 10% des Kapitals) der Op\u00e9ra-Comique, die sein Freund Albert Carr\u00e9 leitete, sowie ab 1901 der Oper. Vor allem aber erm\u00f6glichte er Gabriel Astruc (1864-1938), dem Sohn des Rabbiners Aristide Astruc, 1904 die Gr\u00fcndung der \u201eSoci\u00e9t\u00e9 musicale\u201c &#8211; ein Verlagshaus und eine Konzertagentur -, an der er finanziell beteiligt war. 1908 wurde er Aktion\u00e4r der Soci\u00e9t\u00e9 du Th\u00e9\u00e2tre des Champs-\u00c9lys\u00e9es, doch sein Tod verhinderte, dass er 1913 an der Einweihung des Theaters teilnehmen konnte.<\/p>\n\n\n\n<div class=\"wp-block-columns is-layout-flex wp-container-core-columns-is-layout-9d6595d7 wp-block-columns-is-layout-flex\">\n<div class=\"wp-block-column is-layout-flow wp-block-column-is-layout-flow\" style=\"flex-basis:25%\">\n<figure class=\"wp-block-image size-full\"><img decoding=\"async\" width=\"332\" height=\"500\" src=\"https:\/\/www.iemj.org\/wp-content\/uploads\/2025\/06\/Le_Clown_-_Opera_by_Isaac_de_Camondo_Redim.jpg\" alt=\"\" class=\"wp-image-121556\" srcset=\"https:\/\/www.iemj.org\/wp-content\/uploads\/2025\/06\/Le_Clown_-_Opera_by_Isaac_de_Camondo_Redim.jpg 332w, https:\/\/www.iemj.org\/wp-content\/uploads\/2025\/06\/Le_Clown_-_Opera_by_Isaac_de_Camondo_Redim-199x300.jpg 199w\" sizes=\"(max-width: 332px) 100vw, 332px\" \/><\/figure>\n<\/div>\n\n\n\n<div class=\"wp-block-column is-layout-flow wp-block-column-is-layout-flow\">\n<p>Die Urauff\u00fchrung von Debussys <em>Pelleas et M\u00e9lisande<\/em> 1902 an der Op\u00e9ra-Comique mag ihn dazu veranlasst haben, wieder zu komponieren; er arbeitete nun aktiv daran, eine ausgesprochen moderne, ja experimentelle harmonische Sprache zu verwenden. Es entstanden fast 80 Werke, die von Astruc herausgegeben wurden, die meisten davon f\u00fcr Streichquartett oder Orchester. Er stellte sie in einem Konzert vor, das er am 10. M\u00e4rz 1904 in der Salle Pleyel veranstaltete, mit Lazare-L\u00e9vy am Klavier und Camille Chevillard, dem Leiter der Lamoureux-Konzerte, am Taktstock. Im April 1906 f\u00fchrte er dann im Nouveau-th\u00e9\u00e2tre die \u201emusikalische Novelle\u201c <em>Le Clown<\/em> auf, nach einem Libretto von Victor Capoul &#8211; dessen rezitativischer Stil dem von <em>Pelleas<\/em> nicht un\u00e4hnlich ist. Das Werk wurde im Juni 1908 an der Op\u00e9ra-Comique sowie zwischen 1909 und 1912 in Marseille, Vichy, Antwerpen und K\u00f6ln wiederaufgenommen.<\/p>\n<\/div>\n<\/div>\n\n\n\n<p>Die Wiederaufnahme des Komponierens hielt ihn jedoch nicht davon ab, seine M\u00e4zenatent\u00e4tigkeit fortzusetzen: So gr\u00fcndete er 1904 die \u201eSoci\u00e9t\u00e9 des artistes et amis de l&#8217;Op\u00e9ra\u201d, um die \u201eAssociation philanthropique de secours mutuel des artistes de l&#8217;Op\u00e9ra\u201d finanziell zu unterst\u00fctzen, da diese ihren Mitgliedern keine angemessene Rente mehr gew\u00e4hrleisten konnte.<\/p>\n\n\n\n<div class=\"wp-block-columns is-layout-flex wp-container-core-columns-is-layout-9d6595d7 wp-block-columns-is-layout-flex\">\n<div class=\"wp-block-column is-layout-flow wp-block-column-is-layout-flow\" style=\"flex-basis:72%\">\n<p>Au\u00dferdem nahm er aktiv am Musikleben teil: Nachdem er 1909 der \u201eSoci\u00e9t\u00e9 fran\u00e7aise des amis de la musique\u201d beigetreten war, deren Ziel es war, den Geschmack und das Studium der Musik zu verbreiten und armen K\u00fcnstlern die Auff\u00fchrung ihrer Musik zu erm\u00f6glichen, half er der Gr\u00e4fin Greffulhe, der Vorsitzenden der \u201eSoci\u00e9t\u00e9 des grandes auditions musicales de France\u201d, 1910 bei der Schirmherrschaft der Saison des russischen Balletts und unterst\u00fctzte die \u201eSoci\u00e9t\u00e9 musicale ind\u00e9pendante (SMI)\u201d. Camondo teilte sein Leben mit Lucie Berthet, einer Sopranistin an der Oper, und war stets bereit, Musikern zu helfen, darunter Wanda Landowska, die 1900 nach Paris gekommen war, und der junge Lazare-L\u00e9vy. Er starb 1911 pl\u00f6tzlich in seiner Wohnung, als seine Oper <em>Le clown<\/em> f\u00fcr das folgende Jahr in K\u00f6ln geplant war.<\/p>\n<\/div>\n\n\n\n<div class=\"wp-block-column is-layout-flow wp-block-column-is-layout-flow\" style=\"flex-basis:40%\">\n<figure class=\"wp-block-image size-full\"><img decoding=\"async\" width=\"462\" height=\"346\" src=\"https:\/\/www.iemj.org\/wp-content\/uploads\/2025\/06\/Image2-De-g.-a-d._G.-Salvayre-Camondo-et-les-pianistes-Lazare-Levy-1882-1964-et-Ernest-Schelling-1876-1939-dans-la-salle-des-Degas-vers-1904.jpg\" alt=\"\" class=\"wp-image-121564\" srcset=\"https:\/\/www.iemj.org\/wp-content\/uploads\/2025\/06\/Image2-De-g.-a-d._G.-Salvayre-Camondo-et-les-pianistes-Lazare-Levy-1882-1964-et-Ernest-Schelling-1876-1939-dans-la-salle-des-Degas-vers-1904.jpg 462w, https:\/\/www.iemj.org\/wp-content\/uploads\/2025\/06\/Image2-De-g.-a-d._G.-Salvayre-Camondo-et-les-pianistes-Lazare-Levy-1882-1964-et-Ernest-Schelling-1876-1939-dans-la-salle-des-Degas-vers-1904-300x225.jpg 300w\" sizes=\"(max-width: 462px) 100vw, 462px\" \/><figcaption class=\"wp-element-caption\"><strong>v.l.n.r.: G. Salvayre, Camondo und die Pianisten Lazare-L\u00e9vy (1882-1964) und Ernest Schelling (1876-1939) im Degas-Saal um 1904<\/strong><\/figcaption><\/figure>\n<\/div>\n<\/div>\n\n\n\n<p><\/p>\n","protected":false},"excerpt":{"rendered":"","protected":false},"author":5,"featured_media":121542,"comment_status":"closed","ping_status":"closed","sticky":false,"template":"","format":"standard","meta":{"_acf_changed":false,"footnotes":""},"categories":[1415],"tags":[],"technique":[],"squelettes":[],"sujet":[],"formation":[],"genre":[1900],"fonds":[],"tradition":[],"type-de-contenu":[],"interprete-compositeur":[],"frise":[],"type-devenement":[],"tableaux-liens-externes":[],"class_list":["post-121648","post","type-post","status-publish","format-standard","has-post-thumbnail","hentry","category-biografien-de","genre-klassische-musik-de"],"acf":[],"yoast_head":"<!-- This site is optimized with the Yoast SEO plugin v27.3 - https:\/\/yoast.com\/product\/yoast-seo-wordpress\/ -->\n<title>Camondo, Isaac de (1850-1911) - Institut Europ\u00e9en des Musiques Juives<\/title>\n<meta name=\"robots\" content=\"index, follow, max-snippet:-1, max-image-preview:large, max-video-preview:-1\" \/>\n<link rel=\"canonical\" href=\"https:\/\/www.iemj.org\/de\/camondo-isaac-de-1850-1911\/\" \/>\n<meta property=\"og:locale\" content=\"de_DE\" \/>\n<meta property=\"og:type\" content=\"article\" \/>\n<meta property=\"og:title\" content=\"Camondo, Isaac de (1850-1911) - Institut Europ\u00e9en des Musiques Juives\" \/>\n<meta property=\"og:url\" content=\"https:\/\/www.iemj.org\/de\/camondo-isaac-de-1850-1911\/\" \/>\n<meta property=\"og:site_name\" content=\"Institut Europ\u00e9en des Musiques Juives\" \/>\n<meta property=\"article:publisher\" content=\"https:\/\/www.facebook.com\/MusiquesJuives\/\" \/>\n<meta property=\"article:published_time\" content=\"2025-06-02T12:33:10+00:00\" \/>\n<meta property=\"article:modified_time\" content=\"2025-06-03T17:02:57+00:00\" \/>\n<meta property=\"og:image\" content=\"https:\/\/www.iemj.org\/wp-content\/uploads\/2025\/06\/Logo-Bio-Isaac-de-Camondo.jpg\" \/>\n\t<meta property=\"og:image:width\" content=\"195\" \/>\n\t<meta property=\"og:image:height\" content=\"218\" \/>\n\t<meta property=\"og:image:type\" content=\"image\/jpeg\" \/>\n<meta name=\"author\" content=\"Jacqueline ROTEN\" \/>\n<meta name=\"twitter:card\" content=\"summary_large_image\" \/>\n<meta name=\"twitter:label1\" content=\"Verfasst von\" \/>\n\t<meta name=\"twitter:data1\" content=\"Jacqueline ROTEN\" \/>\n\t<meta name=\"twitter:label2\" content=\"Gesch\u00e4tzte Lesezeit\" \/>\n\t<meta name=\"twitter:data2\" content=\"5\u00a0Minuten\" \/>\n<script type=\"application\/ld+json\" class=\"yoast-schema-graph\">{\"@context\":\"https:\\\/\\\/schema.org\",\"@graph\":[{\"@type\":\"Article\",\"@id\":\"https:\\\/\\\/www.iemj.org\\\/de\\\/camondo-isaac-de-1850-1911\\\/#article\",\"isPartOf\":{\"@id\":\"https:\\\/\\\/www.iemj.org\\\/de\\\/camondo-isaac-de-1850-1911\\\/\"},\"author\":{\"name\":\"Jacqueline ROTEN\",\"@id\":\"https:\\\/\\\/www.iemj.org\\\/de\\\/#\\\/schema\\\/person\\\/358e26c18aca017fcc4cc15437f7279c\"},\"headline\":\"Camondo, Isaac de (1850-1911)\",\"datePublished\":\"2025-06-02T12:33:10+00:00\",\"dateModified\":\"2025-06-03T17:02:57+00:00\",\"mainEntityOfPage\":{\"@id\":\"https:\\\/\\\/www.iemj.org\\\/de\\\/camondo-isaac-de-1850-1911\\\/\"},\"wordCount\":695,\"publisher\":{\"@id\":\"https:\\\/\\\/www.iemj.org\\\/de\\\/#organization\"},\"image\":{\"@id\":\"https:\\\/\\\/www.iemj.org\\\/de\\\/camondo-isaac-de-1850-1911\\\/#primaryimage\"},\"thumbnailUrl\":\"https:\\\/\\\/www.iemj.org\\\/wp-content\\\/uploads\\\/2025\\\/06\\\/Logo-Bio-Isaac-de-Camondo.jpg\",\"articleSection\":[\"Biografien\"],\"inLanguage\":\"de\"},{\"@type\":\"WebPage\",\"@id\":\"https:\\\/\\\/www.iemj.org\\\/de\\\/camondo-isaac-de-1850-1911\\\/\",\"url\":\"https:\\\/\\\/www.iemj.org\\\/de\\\/camondo-isaac-de-1850-1911\\\/\",\"name\":\"Camondo, Isaac de (1850-1911) - Institut Europ\u00e9en des Musiques Juives\",\"isPartOf\":{\"@id\":\"https:\\\/\\\/www.iemj.org\\\/de\\\/#website\"},\"primaryImageOfPage\":{\"@id\":\"https:\\\/\\\/www.iemj.org\\\/de\\\/camondo-isaac-de-1850-1911\\\/#primaryimage\"},\"image\":{\"@id\":\"https:\\\/\\\/www.iemj.org\\\/de\\\/camondo-isaac-de-1850-1911\\\/#primaryimage\"},\"thumbnailUrl\":\"https:\\\/\\\/www.iemj.org\\\/wp-content\\\/uploads\\\/2025\\\/06\\\/Logo-Bio-Isaac-de-Camondo.jpg\",\"datePublished\":\"2025-06-02T12:33:10+00:00\",\"dateModified\":\"2025-06-03T17:02:57+00:00\",\"breadcrumb\":{\"@id\":\"https:\\\/\\\/www.iemj.org\\\/de\\\/camondo-isaac-de-1850-1911\\\/#breadcrumb\"},\"inLanguage\":\"de\",\"potentialAction\":[{\"@type\":\"ReadAction\",\"target\":[\"https:\\\/\\\/www.iemj.org\\\/de\\\/camondo-isaac-de-1850-1911\\\/\"]}]},{\"@type\":\"ImageObject\",\"inLanguage\":\"de\",\"@id\":\"https:\\\/\\\/www.iemj.org\\\/de\\\/camondo-isaac-de-1850-1911\\\/#primaryimage\",\"url\":\"https:\\\/\\\/www.iemj.org\\\/wp-content\\\/uploads\\\/2025\\\/06\\\/Logo-Bio-Isaac-de-Camondo.jpg\",\"contentUrl\":\"https:\\\/\\\/www.iemj.org\\\/wp-content\\\/uploads\\\/2025\\\/06\\\/Logo-Bio-Isaac-de-Camondo.jpg\",\"width\":195,\"height\":218},{\"@type\":\"BreadcrumbList\",\"@id\":\"https:\\\/\\\/www.iemj.org\\\/de\\\/camondo-isaac-de-1850-1911\\\/#breadcrumb\",\"itemListElement\":[{\"@type\":\"ListItem\",\"position\":1,\"name\":\"Accueil\",\"item\":\"https:\\\/\\\/www.iemj.org\\\/de\\\/\"},{\"@type\":\"ListItem\",\"position\":2,\"name\":\"Camondo, Isaac de (1850-1911)\"}]},{\"@type\":\"WebSite\",\"@id\":\"https:\\\/\\\/www.iemj.org\\\/de\\\/#website\",\"url\":\"https:\\\/\\\/www.iemj.org\\\/de\\\/\",\"name\":\"Institut Europ\u00e9en des Musiques Juives\",\"description\":\"Des traditions musicales \u00e0 la port\u00e9e de tous\",\"publisher\":{\"@id\":\"https:\\\/\\\/www.iemj.org\\\/de\\\/#organization\"},\"potentialAction\":[{\"@type\":\"SearchAction\",\"target\":{\"@type\":\"EntryPoint\",\"urlTemplate\":\"https:\\\/\\\/www.iemj.org\\\/de\\\/?s={search_term_string}\"},\"query-input\":{\"@type\":\"PropertyValueSpecification\",\"valueRequired\":true,\"valueName\":\"search_term_string\"}}],\"inLanguage\":\"de\"},{\"@type\":\"Organization\",\"@id\":\"https:\\\/\\\/www.iemj.org\\\/de\\\/#organization\",\"name\":\"Institut Europ\u00e9en des Musiques Juives\",\"url\":\"https:\\\/\\\/www.iemj.org\\\/de\\\/\",\"logo\":{\"@type\":\"ImageObject\",\"inLanguage\":\"de\",\"@id\":\"https:\\\/\\\/www.iemj.org\\\/de\\\/#\\\/schema\\\/logo\\\/image\\\/\",\"url\":\"https:\\\/\\\/www.iemj.org\\\/wp-content\\\/uploads\\\/2021\\\/09\\\/Logo-IEMJ-Paypal.jpg\",\"contentUrl\":\"https:\\\/\\\/www.iemj.org\\\/wp-content\\\/uploads\\\/2021\\\/09\\\/Logo-IEMJ-Paypal.jpg\",\"width\":150,\"height\":50,\"caption\":\"Institut Europ\u00e9en des Musiques Juives\"},\"image\":{\"@id\":\"https:\\\/\\\/www.iemj.org\\\/de\\\/#\\\/schema\\\/logo\\\/image\\\/\"},\"sameAs\":[\"https:\\\/\\\/www.facebook.com\\\/MusiquesJuives\\\/\",\"https:\\\/\\\/www.instagram.com\\\/musiquesjuives\\\/\",\"https:\\\/\\\/www.youtube.com\\\/user\\\/musiquesjuives\"]},{\"@type\":\"Person\",\"@id\":\"https:\\\/\\\/www.iemj.org\\\/de\\\/#\\\/schema\\\/person\\\/358e26c18aca017fcc4cc15437f7279c\",\"name\":\"Jacqueline ROTEN\",\"image\":{\"@type\":\"ImageObject\",\"inLanguage\":\"de\",\"@id\":\"https:\\\/\\\/secure.gravatar.com\\\/avatar\\\/5964256d6c6957de3a3505278957e0fb2a35119ac47ea41827a65301213c810b?s=96&d=mm&r=g\",\"url\":\"https:\\\/\\\/secure.gravatar.com\\\/avatar\\\/5964256d6c6957de3a3505278957e0fb2a35119ac47ea41827a65301213c810b?s=96&d=mm&r=g\",\"contentUrl\":\"https:\\\/\\\/secure.gravatar.com\\\/avatar\\\/5964256d6c6957de3a3505278957e0fb2a35119ac47ea41827a65301213c810b?s=96&d=mm&r=g\",\"caption\":\"Jacqueline ROTEN\"}}]}<\/script>\n<!-- \/ Yoast SEO plugin. -->","yoast_head_json":{"title":"Camondo, Isaac de (1850-1911) - Institut Europ\u00e9en des Musiques Juives","robots":{"index":"index","follow":"follow","max-snippet":"max-snippet:-1","max-image-preview":"max-image-preview:large","max-video-preview":"max-video-preview:-1"},"canonical":"https:\/\/www.iemj.org\/de\/camondo-isaac-de-1850-1911\/","og_locale":"de_DE","og_type":"article","og_title":"Camondo, Isaac de (1850-1911) - Institut Europ\u00e9en des Musiques Juives","og_url":"https:\/\/www.iemj.org\/de\/camondo-isaac-de-1850-1911\/","og_site_name":"Institut Europ\u00e9en des Musiques Juives","article_publisher":"https:\/\/www.facebook.com\/MusiquesJuives\/","article_published_time":"2025-06-02T12:33:10+00:00","article_modified_time":"2025-06-03T17:02:57+00:00","og_image":[{"width":195,"height":218,"url":"https:\/\/www.iemj.org\/wp-content\/uploads\/2025\/06\/Logo-Bio-Isaac-de-Camondo.jpg","type":"image\/jpeg"}],"author":"Jacqueline ROTEN","twitter_card":"summary_large_image","twitter_misc":{"Verfasst von":"Jacqueline ROTEN","Gesch\u00e4tzte Lesezeit":"5\u00a0Minuten"},"schema":{"@context":"https:\/\/schema.org","@graph":[{"@type":"Article","@id":"https:\/\/www.iemj.org\/de\/camondo-isaac-de-1850-1911\/#article","isPartOf":{"@id":"https:\/\/www.iemj.org\/de\/camondo-isaac-de-1850-1911\/"},"author":{"name":"Jacqueline ROTEN","@id":"https:\/\/www.iemj.org\/de\/#\/schema\/person\/358e26c18aca017fcc4cc15437f7279c"},"headline":"Camondo, Isaac de (1850-1911)","datePublished":"2025-06-02T12:33:10+00:00","dateModified":"2025-06-03T17:02:57+00:00","mainEntityOfPage":{"@id":"https:\/\/www.iemj.org\/de\/camondo-isaac-de-1850-1911\/"},"wordCount":695,"publisher":{"@id":"https:\/\/www.iemj.org\/de\/#organization"},"image":{"@id":"https:\/\/www.iemj.org\/de\/camondo-isaac-de-1850-1911\/#primaryimage"},"thumbnailUrl":"https:\/\/www.iemj.org\/wp-content\/uploads\/2025\/06\/Logo-Bio-Isaac-de-Camondo.jpg","articleSection":["Biografien"],"inLanguage":"de"},{"@type":"WebPage","@id":"https:\/\/www.iemj.org\/de\/camondo-isaac-de-1850-1911\/","url":"https:\/\/www.iemj.org\/de\/camondo-isaac-de-1850-1911\/","name":"Camondo, Isaac de (1850-1911) - Institut Europ\u00e9en des Musiques Juives","isPartOf":{"@id":"https:\/\/www.iemj.org\/de\/#website"},"primaryImageOfPage":{"@id":"https:\/\/www.iemj.org\/de\/camondo-isaac-de-1850-1911\/#primaryimage"},"image":{"@id":"https:\/\/www.iemj.org\/de\/camondo-isaac-de-1850-1911\/#primaryimage"},"thumbnailUrl":"https:\/\/www.iemj.org\/wp-content\/uploads\/2025\/06\/Logo-Bio-Isaac-de-Camondo.jpg","datePublished":"2025-06-02T12:33:10+00:00","dateModified":"2025-06-03T17:02:57+00:00","breadcrumb":{"@id":"https:\/\/www.iemj.org\/de\/camondo-isaac-de-1850-1911\/#breadcrumb"},"inLanguage":"de","potentialAction":[{"@type":"ReadAction","target":["https:\/\/www.iemj.org\/de\/camondo-isaac-de-1850-1911\/"]}]},{"@type":"ImageObject","inLanguage":"de","@id":"https:\/\/www.iemj.org\/de\/camondo-isaac-de-1850-1911\/#primaryimage","url":"https:\/\/www.iemj.org\/wp-content\/uploads\/2025\/06\/Logo-Bio-Isaac-de-Camondo.jpg","contentUrl":"https:\/\/www.iemj.org\/wp-content\/uploads\/2025\/06\/Logo-Bio-Isaac-de-Camondo.jpg","width":195,"height":218},{"@type":"BreadcrumbList","@id":"https:\/\/www.iemj.org\/de\/camondo-isaac-de-1850-1911\/#breadcrumb","itemListElement":[{"@type":"ListItem","position":1,"name":"Accueil","item":"https:\/\/www.iemj.org\/de\/"},{"@type":"ListItem","position":2,"name":"Camondo, Isaac de (1850-1911)"}]},{"@type":"WebSite","@id":"https:\/\/www.iemj.org\/de\/#website","url":"https:\/\/www.iemj.org\/de\/","name":"Institut Europ\u00e9en des Musiques Juives","description":"Des traditions musicales \u00e0 la port\u00e9e de tous","publisher":{"@id":"https:\/\/www.iemj.org\/de\/#organization"},"potentialAction":[{"@type":"SearchAction","target":{"@type":"EntryPoint","urlTemplate":"https:\/\/www.iemj.org\/de\/?s={search_term_string}"},"query-input":{"@type":"PropertyValueSpecification","valueRequired":true,"valueName":"search_term_string"}}],"inLanguage":"de"},{"@type":"Organization","@id":"https:\/\/www.iemj.org\/de\/#organization","name":"Institut Europ\u00e9en des Musiques Juives","url":"https:\/\/www.iemj.org\/de\/","logo":{"@type":"ImageObject","inLanguage":"de","@id":"https:\/\/www.iemj.org\/de\/#\/schema\/logo\/image\/","url":"https:\/\/www.iemj.org\/wp-content\/uploads\/2021\/09\/Logo-IEMJ-Paypal.jpg","contentUrl":"https:\/\/www.iemj.org\/wp-content\/uploads\/2021\/09\/Logo-IEMJ-Paypal.jpg","width":150,"height":50,"caption":"Institut Europ\u00e9en des Musiques Juives"},"image":{"@id":"https:\/\/www.iemj.org\/de\/#\/schema\/logo\/image\/"},"sameAs":["https:\/\/www.facebook.com\/MusiquesJuives\/","https:\/\/www.instagram.com\/musiquesjuives\/","https:\/\/www.youtube.com\/user\/musiquesjuives"]},{"@type":"Person","@id":"https:\/\/www.iemj.org\/de\/#\/schema\/person\/358e26c18aca017fcc4cc15437f7279c","name":"Jacqueline ROTEN","image":{"@type":"ImageObject","inLanguage":"de","@id":"https:\/\/secure.gravatar.com\/avatar\/5964256d6c6957de3a3505278957e0fb2a35119ac47ea41827a65301213c810b?s=96&d=mm&r=g","url":"https:\/\/secure.gravatar.com\/avatar\/5964256d6c6957de3a3505278957e0fb2a35119ac47ea41827a65301213c810b?s=96&d=mm&r=g","contentUrl":"https:\/\/secure.gravatar.com\/avatar\/5964256d6c6957de3a3505278957e0fb2a35119ac47ea41827a65301213c810b?s=96&d=mm&r=g","caption":"Jacqueline ROTEN"}}]}},"_links":{"self":[{"href":"https:\/\/www.iemj.org\/de\/wp-json\/wp\/v2\/posts\/121648","targetHints":{"allow":["GET"]}}],"collection":[{"href":"https:\/\/www.iemj.org\/de\/wp-json\/wp\/v2\/posts"}],"about":[{"href":"https:\/\/www.iemj.org\/de\/wp-json\/wp\/v2\/types\/post"}],"author":[{"embeddable":true,"href":"https:\/\/www.iemj.org\/de\/wp-json\/wp\/v2\/users\/5"}],"replies":[{"embeddable":true,"href":"https:\/\/www.iemj.org\/de\/wp-json\/wp\/v2\/comments?post=121648"}],"version-history":[{"count":0,"href":"https:\/\/www.iemj.org\/de\/wp-json\/wp\/v2\/posts\/121648\/revisions"}],"wp:featuredmedia":[{"embeddable":true,"href":"https:\/\/www.iemj.org\/de\/wp-json\/wp\/v2\/media\/121542"}],"wp:attachment":[{"href":"https:\/\/www.iemj.org\/de\/wp-json\/wp\/v2\/media?parent=121648"}],"wp:term":[{"taxonomy":"category","embeddable":true,"href":"https:\/\/www.iemj.org\/de\/wp-json\/wp\/v2\/categories?post=121648"},{"taxonomy":"post_tag","embeddable":true,"href":"https:\/\/www.iemj.org\/de\/wp-json\/wp\/v2\/tags?post=121648"},{"taxonomy":"technique","embeddable":true,"href":"https:\/\/www.iemj.org\/de\/wp-json\/wp\/v2\/technique?post=121648"},{"taxonomy":"squelettes","embeddable":true,"href":"https:\/\/www.iemj.org\/de\/wp-json\/wp\/v2\/squelettes?post=121648"},{"taxonomy":"sujet","embeddable":true,"href":"https:\/\/www.iemj.org\/de\/wp-json\/wp\/v2\/sujet?post=121648"},{"taxonomy":"formation","embeddable":true,"href":"https:\/\/www.iemj.org\/de\/wp-json\/wp\/v2\/formation?post=121648"},{"taxonomy":"genre","embeddable":true,"href":"https:\/\/www.iemj.org\/de\/wp-json\/wp\/v2\/genre?post=121648"},{"taxonomy":"fonds","embeddable":true,"href":"https:\/\/www.iemj.org\/de\/wp-json\/wp\/v2\/fonds?post=121648"},{"taxonomy":"tradition","embeddable":true,"href":"https:\/\/www.iemj.org\/de\/wp-json\/wp\/v2\/tradition?post=121648"},{"taxonomy":"type-de-contenu","embeddable":true,"href":"https:\/\/www.iemj.org\/de\/wp-json\/wp\/v2\/type-de-contenu?post=121648"},{"taxonomy":"interprete-compositeur","embeddable":true,"href":"https:\/\/www.iemj.org\/de\/wp-json\/wp\/v2\/interprete-compositeur?post=121648"},{"taxonomy":"frise","embeddable":true,"href":"https:\/\/www.iemj.org\/de\/wp-json\/wp\/v2\/frise?post=121648"},{"taxonomy":"type-devenement","embeddable":true,"href":"https:\/\/www.iemj.org\/de\/wp-json\/wp\/v2\/type-devenement?post=121648"},{"taxonomy":"tableaux-liens-externes","embeddable":true,"href":"https:\/\/www.iemj.org\/de\/wp-json\/wp\/v2\/tableaux-liens-externes?post=121648"}],"curies":[{"name":"wp","href":"https:\/\/api.w.org\/{rel}","templated":true}]}}