{"id":126610,"date":"2025-10-09T14:21:41","date_gmt":"2025-10-09T12:21:41","guid":{"rendered":"https:\/\/www.iemj.org\/music-of-david-eisenstadt\/"},"modified":"2025-10-09T15:54:04","modified_gmt":"2025-10-09T13:54:04","slug":"music-of-david-eisenstadt","status":"publish","type":"post","link":"https:\/\/www.iemj.org\/de\/music-of-david-eisenstadt\/","title":{"rendered":"Music of David Eisenstadt"},"content":{"rendered":"\n<p>Der Dirigent, P\u00e4dagoge und Komponist Dawid Ajzensztadt (David Eisenstadt) wurde 1890 in Nasielsk (Polen) geboren. Er wurde 1942 in Treblinka ermordet, nachdem die Nazis das Warschauer Ghetto liquidiert hatten. Diese im Jahr 1924 erschienene Langspielplatte w\u00fcrdigt ihn, indem sie einen Teil seiner Werke zum ersten Mal wieder zum Leben erweckt.<\/p>\n\n\n\n<h2 class=\"wp-block-heading\"><strong>David Eisenstadt<\/strong><\/h2>\n\n\n\n<p>David Eisenstadt war zun\u00e4chst in Berlin, dann in Gomel, Riga und Rostow am Don als Chorleiter t\u00e4tig, bevor er 1921 die Leitung des Chores der Gro\u00dfen Synagoge in der T\u0142omackie-Stra\u00dfe in Warschau \u00fcbernahm. In dieser monumentalen Synagoge mit fast 2.000 Pl\u00e4tzen leitete er rund 20 Jahre lang einen Chor, der aus etwa 80 Jungen im Alter von 9 bis 13 Jahren sowie etwa 20 M\u00e4nnern bestand.<\/p>\n\n\n\n<p>Neben den Gottesdiensten gab dieser schnell bekannt gewordene Chor Konzerte mit weltlicher Musik und nahm f\u00fcr den polnischen Rundfunk auf. In der Gro\u00dfen Synagoge wurde der Chor urspr\u00fcnglich von einem Harmonium begleitet, obwohl in vielen Quellen auch der Klang einer Orgel erw\u00e4hnt wird.<\/p>\n\n\n\n<figure class=\"wp-block-image size-full\"><img fetchpriority=\"high\" decoding=\"async\" width=\"750\" height=\"431\" src=\"https:\/\/www.iemj.org\/wp-content\/uploads\/2025\/10\/Exterieur-de-la-Grande-synagogue-de-la-rue-Tlomackie-Varsovie_redim.jpg\" alt=\"\" class=\"wp-image-126543\" srcset=\"https:\/\/www.iemj.org\/wp-content\/uploads\/2025\/10\/Exterieur-de-la-Grande-synagogue-de-la-rue-Tlomackie-Varsovie_redim.jpg 750w, https:\/\/www.iemj.org\/wp-content\/uploads\/2025\/10\/Exterieur-de-la-Grande-synagogue-de-la-rue-Tlomackie-Varsovie_redim-300x172.jpg 300w, https:\/\/www.iemj.org\/wp-content\/uploads\/2025\/10\/Exterieur-de-la-Grande-synagogue-de-la-rue-Tlomackie-Varsovie_redim-600x345.jpg 600w\" sizes=\"(max-width: 750px) 100vw, 750px\" \/><\/figure>\n\n\n\n<p>1935 trat der Chor bei der Weltpremiere der Oper \u201eDybuk\u201d des Komponisten Lodovico Rocchi nach einem Text von Shalom Anski auf. Diese von Musikkritikern hochgelobte Produktion festigte David Eisenstadts Position als F\u00f6rderer j\u00fcdischer Musik. Er war \u00fcbrigens einer der Gr\u00fcnder der J\u00fcdischen Musikgesellschaft und Mitautor des &#8222;Algemajner muzik-leksikon&#8220; \u2013 Hefte, die als j\u00fcdische Musik-Enzyklop\u00e4die gedacht waren. Allerdings erschienen nur die ersten drei Ausgaben \u2013 die Ver\u00f6ffentlichung weiterer wurde durch den Krieg unterbrochen. 1936 wurde Ajzensztadt Leiter der Kantorenschule des Warschauer Musikinstituts. Laut Leon B\u0142aszczyk leitete er auch die Ch\u00f6re der Gesellschaft zur F\u00f6rderung der J\u00fcdischen Bildung und Kultur &#8222;Szul-Kult&#8220; sowie der Kultur-Liga und zeitweise auch den Grossner-Chor der zionistischen Organisation Bund. Er komponierte die Musik zu dem Drama \u201eGolem\u201c von Halpern Leivick, das 1928 uraufgef\u00fchrt wurde.<\/p>\n\n\n\n<div class=\"wp-block-columns are-vertically-aligned-top is-layout-flex wp-container-core-columns-is-layout-9d6595d7 wp-block-columns-is-layout-flex\">\n<div class=\"wp-block-column is-layout-flow wp-block-column-is-layout-flow\" style=\"flex-basis:15%\">\n<figure class=\"wp-block-image size-full\"><img decoding=\"async\" width=\"155\" height=\"227\" src=\"https:\/\/www.iemj.org\/wp-content\/uploads\/2025\/10\/Eisenstadt-David.jpg\" alt=\"\" class=\"wp-image-126548\"\/><\/figure>\n<\/div>\n\n\n\n<div class=\"wp-block-column is-layout-flow wp-block-column-is-layout-flow\" style=\"flex-basis:85%\">\n<p>Eisenstadts bekannteste Aktivit\u00e4t im Bereich der Popularisierung j\u00fcdischer Musik waren die j\u00e4hrlichen Konzerte, zu denen die gesamte Warschauer Musikszene zusammenkam. Das Haus der Eisenstadts war von europ\u00e4ischer j\u00fcdischer Kultur und j\u00fcdischer nationaler Wiedergeburt durchdrungen. Dort erklangen sowohl Lieder von Schubert, Mendelssohn und Schumann als auch Werke von Zawel Kwartin und Josele Rosenblatt.<\/p>\n<\/div>\n<\/div>\n\n\n\n<p>Nach Beginn der deutschen Besatzung Warschaus soll Eisenstadt die Flucht in die Sowjetunion in Erw\u00e4gung gezogen haben, blieb jedoch auf Dr\u00e4ngen seiner Frau in der Hauptstadt. Im Ghetto lebte die Familie unter schwierigen Bedingungen, aber Eisenstadt setzte seine k\u00fcnstlerische T\u00e4tigkeit fort.\u00a0Im Femina-Theater an der Leszno-Stra\u00dfe gr\u00fcndete er ein Symphonieorchester, und w\u00e4hrend der dortigen Konzerte offenbarte sich das Talent seiner Tochter Miriam Eisenstadt, die als &#8222;Nachtigall des Ghettos&#8220; in die Geschichte einging. David Eisenstadt war auch Dirigent des Synagogenchors, als die deutschen Beh\u00f6rden im Mai 1941 die Erlaubnis zur Er\u00f6ffnung von drei Synagogen im Ghetto erteilten.\u200b<\/p>\n\n\n\n<p>Die letzten Momente der Familie Eisenstadt im August 1942 wurden von Jonas Turkow beschrieben: &#8222;Als deutsche Soldaten Miriam auf dem Umschlagplatz von ihren Eltern trennten und David Eisenstadt und seine Frau in einen anderen G\u00fcterwagen steckten, lief Miriam zur\u00fcck zu ihren Eltern. Sie wollte sich in den letzten Stunden ihres Lebens nicht von ihnen trennen. Miriam war bereits an der Wagent\u00fcr, als sie von einer deutschen Kugel getroffen wurde.&#8220; Der Transport vom Umschlagplatz ging nach Treblinka, wo David und seine Frau in der Gaskammer ermordet wurden.<\/p>\n\n\n\n<div class=\"wp-block-columns is-layout-flex wp-container-core-columns-is-layout-9d6595d7 wp-block-columns-is-layout-flex\">\n<div class=\"wp-block-column is-layout-flow wp-block-column-is-layout-flow\" style=\"flex-basis:60%\">\n<h2 class=\"wp-block-heading\"><strong>Seine Werke<\/strong><\/h2>\n\n\n\n<p>Obwohl allgemein angenommen wird, dass die Werke von David Eisenstadt nicht bis in unsere Zeit \u00fcberdauert haben, sind dennoch einige seiner Kompositionen erhalten geblieben, und es werden weiterhin neue entdeckt. Einige davon wurden von Israel Alter, einem Kantor aus Johannesburg, unter dem Titel &#8222;L\u2019Dovid Mizmor&#8220; gesammelt und ver\u00f6ffentlicht. Diese Werke umfassen: &#8222;Hajom haras olom&#8220;, &#8222;L\u2019choh dodi&#8220;, &#8222;Shom\u2019oh vatismah tsiyon&#8220;, &#8222;L\u2019eineinu oshku amoleinu&#8220; und &#8222;Sh\u2019chuloch achuloh&#8220;, vorgesehen f\u00fcr die Auff\u00fchrung durch einen Kantor mit Begleitung eines Tasteninstruments oder durch einen vierstimmigen Chor. Die Kantorenparts sind von gro\u00dfer Virtuosit\u00e4t, und die ebenso ausgefeilten Instrumental- und Chorparts zeugen von der Entwicklung der synagogalen Musiksprache in der ersten H\u00e4lfte des 20. Jahrhunderts.<\/p>\n<\/div>\n\n\n\n<div class=\"wp-block-column is-layout-flow wp-block-column-is-layout-flow\" style=\"flex-basis:40%\"><div class=\"wp-block-image\">\n<figure class=\"aligncenter size-full is-resized\"><img decoding=\"async\" width=\"449\" height=\"600\" src=\"https:\/\/www.iemj.org\/wp-content\/uploads\/2025\/10\/P_5605_020_Lekho-dodi_redim.jpg\" alt=\"\" class=\"wp-image-126557\" style=\"width:301px;height:auto\" srcset=\"https:\/\/www.iemj.org\/wp-content\/uploads\/2025\/10\/P_5605_020_Lekho-dodi_redim.jpg 449w, https:\/\/www.iemj.org\/wp-content\/uploads\/2025\/10\/P_5605_020_Lekho-dodi_redim-225x300.jpg 225w\" sizes=\"(max-width: 449px) 100vw, 449px\" \/><\/figure>\n<\/div><\/div>\n<\/div>\n\n\n\n<p>Es stellt sich jedoch heraus, dass dies nicht die einzigen Werke von David Eisenstadt sind, die wir heute h\u00f6ren k\u00f6nnen. 2011 wurde in Kapstadt das Manuskript seiner Kantate &#8222;Chad Gadya&#8220; (Ein Zicklein) entdeckt, basierend auf dem Text und der Melodie eines Kinderliedes, das w\u00e4hrend des Sederabends zu Pessach gesungen wird. Ajzensztadt sandte es an Froim Spektor, der 1928 nach Kapstadt auswanderte, um die Position des Oberkantors der New Hebrew Congregation zu \u00fcbernehmen. Die Kantate besteht aus vier Teilen: der erste ist ein Allegro scherzando, der zweite \u2013 basierend auf talmudischen Motiven \u2013 ein Andantino, der dritte Teil, Largo, stellt den Kampf des Todesengels mit dem Schochet dar, w\u00e4hrend der vierte den Sieg der Rechtschaffenheit \u00fcber das B\u00f6se beschreibt.\u200b<\/p>\n\n\n\n<p>Unter anderen Werken wird die Kantate &#8222;Iz awek cum krig der melech&#8220; (Und als der K\u00f6nig in den Krieg zog) nach dem Gedicht von Maria Konopnicka in der \u00dcbersetzung von Abraham Reisen genannt, Chorlieder (auch in jiddischer Sprache) sowie synagogale Werke f\u00fcr den Sabbat oder Feiertage. Bei deren Bearbeitung sch\u00f6pfte Eisenstadt sowohl aus traditionellen Volksstilen als auch aus allgemein bekannten oratorien- und kantatenartigen Stilen. Dar\u00fcber hinaus schrieb er sogar Orchesterwerke, wie beispielsweise die &#8222;Hebr\u00e4ische Suite&#8220;. Dieses Repertoire ist noch weitgehend unbekannt, und es ist sehr wahrscheinlich, dass weitere Kompositionen des gr\u00f6\u00dften j\u00fcdischen Komponisten Warschaus noch entdeckt werden m\u00fcssen.<\/p>\n\n\n\n<p>Diese LP \u201e<a href=\"https:\/\/wts.org.pl\/david-eisenstadt\/\" target=\"_blank\" rel=\"noreferrer noopener\">David Eisenstadt<\/a>\u201c, initiiert von der<a href=\"https:\/\/www.spotonart.com\/\" target=\"_blank\" rel=\"noreferrer noopener\"> Stiftung SPOT.ON ART<\/a>, wurde vom Ministerium f\u00fcr Kultur und nationales Erbe der Republik Polen unterst\u00fctzt. Das Ensemble Match Match mit Wojciech Parchem (Tenorsolo) und Jakub Stefek (Harmonium) wird von Lilianna Krych dirigiert.<\/p>\n\n\n\n<p>Abschlie\u00dfend sei noch erw\u00e4hnt, dass das IEMJ zwei Partituren von Eisenstadt aus seinen Sammlungen f\u00fcr die Produktion dieser CD zur Verf\u00fcgung gestellt hat.<\/p>\n\n\n\n<figure class=\"wp-block-image alignwide size-full\"><img loading=\"lazy\" decoding=\"async\" width=\"900\" height=\"163\" src=\"https:\/\/www.iemj.org\/wp-content\/uploads\/2025\/10\/Partenaires-disque_centre.jpg\" alt=\"\" class=\"wp-image-126563\" srcset=\"https:\/\/www.iemj.org\/wp-content\/uploads\/2025\/10\/Partenaires-disque_centre.jpg 900w, https:\/\/www.iemj.org\/wp-content\/uploads\/2025\/10\/Partenaires-disque_centre-300x54.jpg 300w, https:\/\/www.iemj.org\/wp-content\/uploads\/2025\/10\/Partenaires-disque_centre-768x139.jpg 768w, https:\/\/www.iemj.org\/wp-content\/uploads\/2025\/10\/Partenaires-disque_centre-600x109.jpg 600w\" sizes=\"(max-width: 900px) 100vw, 900px\" \/><\/figure>\n\n\n\n<p>Quellen:<\/p>\n\n\n\n<ul class=\"wp-block-list\">\n<li><a href=\"https:\/\/www.davideisenstadt.art\/eisenstadt\">https:\/\/www.davideisenstadt.art\/eisenstadt<\/a><\/li>\n<\/ul>\n\n\n\n<ul class=\"wp-block-list\">\n<li><a href=\"https:\/\/wts.org.pl\/david-eisenstadt\/\">https:\/\/wts.org.pl\/david-eisenstadt\/<\/a><\/li>\n<\/ul>\n\n\n\n<ul class=\"wp-block-list\">\n<li><a href=\"https:\/\/www.stefek.art\/aktualnosci\" target=\"_blank\" rel=\"noreferrer noopener\">https:\/\/www.stefek.art\/aktualnosci<\/a><\/li>\n<\/ul>\n\n\n\n<p><a href=\"https:\/\/www.davideisenstadt.art\/\" target=\"_blank\" rel=\"noreferrer noopener\"><a href=\"https:\/\/www.davideisenstadt.art\/\">Mehr \u00fcber David Eisenstadt erfahren<\/a><\/a><\/p>\n\n\n\n<p><a href=\"https:\/\/www.davideisenstadt.art\/album\" target=\"_blank\" rel=\"noreferrer noopener\">Die CD bestellen<\/a> oder <a href=\"https:\/\/www.youtube.com\/playlist?list=OLAK5uy_kSuFJ81kbHw41lNPwrbTrQzAhVNb8Sybc\" target=\"_blank\" rel=\"noreferrer noopener\">auf YouTube anh\u00f6re<\/a>n<\/p>\n\n\n\n<figure class=\"wp-block-embed is-type-video is-provider-youtube wp-block-embed-youtube wp-embed-aspect-16-9 wp-has-aspect-ratio\"><div class=\"wp-block-embed__wrapper\">\n<iframe title=\"Music of David Eisenstadt\" width=\"640\" height=\"360\" src=\"https:\/\/www.youtube.com\/embed\/51hm2IAcct8?feature=oembed\" frameborder=\"0\" allow=\"accelerometer; autoplay; clipboard-write; encrypted-media; gyroscope; picture-in-picture; web-share\" referrerpolicy=\"strict-origin-when-cross-origin\" allowfullscreen><\/iframe>\n<\/div><\/figure>\n\n\n\n<figure class=\"wp-block-image alignwide size-large\"><img loading=\"lazy\" decoding=\"async\" width=\"1024\" height=\"133\" src=\"https:\/\/www.iemj.org\/wp-content\/uploads\/2024\/03\/AUDIO-PLAYER-1024x133.png\" alt=\"\" class=\"wp-image-110608\" srcset=\"https:\/\/www.iemj.org\/wp-content\/uploads\/2024\/03\/AUDIO-PLAYER-1024x133.png 1024w, https:\/\/www.iemj.org\/wp-content\/uploads\/2024\/03\/AUDIO-PLAYER-300x39.png 300w, https:\/\/www.iemj.org\/wp-content\/uploads\/2024\/03\/AUDIO-PLAYER-768x100.png 768w, https:\/\/www.iemj.org\/wp-content\/uploads\/2024\/03\/AUDIO-PLAYER-600x78.png 600w, https:\/\/www.iemj.org\/wp-content\/uploads\/2024\/03\/AUDIO-PLAYER.png 1210w\" sizes=\"(max-width: 1024px) 100vw, 1024px\" \/><\/figure>\n\n\n\n<p class=\"has-text-align-center\"><strong>Anh\u00f6ren von Ausz\u00fcgen unten<\/strong><\/p>\n\n\n\n<p><\/p>\n","protected":false},"excerpt":{"rendered":"<p>Der Dirigent, P\u00e4dagoge und Komponist Dawid Ajzensztadt (David Eisenstadt) wurde 1890 in Nasielsk (Polen) geboren. Er wurde 1942 in Treblinka ermordet, nachdem die Nazis das Warschauer Ghetto liquidiert hatten. Diese<\/p>\n","protected":false},"author":5,"featured_media":126570,"comment_status":"closed","ping_status":"closed","sticky":false,"template":"","format":"standard","meta":{"_acf_changed":false,"footnotes":""},"categories":[1571,1561],"tags":[4031],"technique":[],"squelettes":[],"sujet":[],"formation":[],"genre":[],"fonds":[],"tradition":[],"type-de-contenu":[],"interprete-compositeur":[],"frise":[],"type-devenement":[],"tableaux-liens-externes":[],"class_list":["post-126610","post","type-post","status-publish","format-standard","has-post-thumbnail","hentry","category-cd-de","category-letzte-neuerwerbungen-de","tag-polen"],"acf":[],"yoast_head":"<!-- This site is optimized with the Yoast SEO plugin v27.3 - https:\/\/yoast.com\/product\/yoast-seo-wordpress\/ -->\n<title>Music of David Eisenstadt - Institut Europ\u00e9en des Musiques Juives<\/title>\n<meta name=\"robots\" content=\"index, follow, max-snippet:-1, max-image-preview:large, max-video-preview:-1\" \/>\n<link rel=\"canonical\" href=\"https:\/\/www.iemj.org\/de\/music-of-david-eisenstadt\/\" \/>\n<meta property=\"og:locale\" content=\"de_DE\" \/>\n<meta property=\"og:type\" content=\"article\" \/>\n<meta property=\"og:title\" content=\"Music of David Eisenstadt - Institut Europ\u00e9en des Musiques Juives\" \/>\n<meta property=\"og:description\" content=\"Der Dirigent, P\u00e4dagoge und Komponist Dawid Ajzensztadt (David Eisenstadt) wurde 1890 in Nasielsk (Polen) geboren. Er wurde 1942 in Treblinka ermordet, nachdem die Nazis das Warschauer Ghetto liquidiert hatten. Diese\" \/>\n<meta property=\"og:url\" content=\"https:\/\/www.iemj.org\/de\/music-of-david-eisenstadt\/\" \/>\n<meta property=\"og:site_name\" content=\"Institut Europ\u00e9en des Musiques Juives\" \/>\n<meta property=\"article:publisher\" content=\"https:\/\/www.facebook.com\/MusiquesJuives\/\" \/>\n<meta property=\"article:published_time\" content=\"2025-10-09T12:21:41+00:00\" \/>\n<meta property=\"article:modified_time\" content=\"2025-10-09T13:54:04+00:00\" \/>\n<meta property=\"og:image\" content=\"https:\/\/www.iemj.org\/wp-content\/uploads\/2025\/10\/Logo-Music-of-David-Eisenstadt-2024-Vinyl_ok.png\" \/>\n\t<meta property=\"og:image:width\" content=\"450\" \/>\n\t<meta property=\"og:image:height\" content=\"448\" \/>\n\t<meta property=\"og:image:type\" content=\"image\/png\" \/>\n<meta name=\"author\" content=\"Jacqueline ROTEN\" \/>\n<meta name=\"twitter:card\" content=\"summary_large_image\" \/>\n<meta name=\"twitter:label1\" content=\"Verfasst von\" \/>\n\t<meta name=\"twitter:data1\" content=\"Jacqueline ROTEN\" \/>\n\t<meta name=\"twitter:label2\" content=\"Gesch\u00e4tzte Lesezeit\" \/>\n\t<meta name=\"twitter:data2\" content=\"6\u00a0Minuten\" \/>\n<script type=\"application\/ld+json\" class=\"yoast-schema-graph\">{\"@context\":\"https:\\\/\\\/schema.org\",\"@graph\":[{\"@type\":\"Article\",\"@id\":\"https:\\\/\\\/www.iemj.org\\\/de\\\/music-of-david-eisenstadt\\\/#article\",\"isPartOf\":{\"@id\":\"https:\\\/\\\/www.iemj.org\\\/de\\\/music-of-david-eisenstadt\\\/\"},\"author\":{\"name\":\"Jacqueline ROTEN\",\"@id\":\"https:\\\/\\\/www.iemj.org\\\/de\\\/#\\\/schema\\\/person\\\/358e26c18aca017fcc4cc15437f7279c\"},\"headline\":\"Music of David Eisenstadt\",\"datePublished\":\"2025-10-09T12:21:41+00:00\",\"dateModified\":\"2025-10-09T13:54:04+00:00\",\"mainEntityOfPage\":{\"@id\":\"https:\\\/\\\/www.iemj.org\\\/de\\\/music-of-david-eisenstadt\\\/\"},\"wordCount\":1005,\"publisher\":{\"@id\":\"https:\\\/\\\/www.iemj.org\\\/de\\\/#organization\"},\"image\":{\"@id\":\"https:\\\/\\\/www.iemj.org\\\/de\\\/music-of-david-eisenstadt\\\/#primaryimage\"},\"thumbnailUrl\":\"https:\\\/\\\/www.iemj.org\\\/wp-content\\\/uploads\\\/2025\\\/10\\\/Logo-Music-of-David-Eisenstadt-2024-Vinyl_ok.png\",\"keywords\":[\"Polen\"],\"articleSection\":[\"CD\",\"Letzte Neuerwerbungen\"],\"inLanguage\":\"de\"},{\"@type\":\"WebPage\",\"@id\":\"https:\\\/\\\/www.iemj.org\\\/de\\\/music-of-david-eisenstadt\\\/\",\"url\":\"https:\\\/\\\/www.iemj.org\\\/de\\\/music-of-david-eisenstadt\\\/\",\"name\":\"Music of David Eisenstadt - Institut Europ\u00e9en des Musiques Juives\",\"isPartOf\":{\"@id\":\"https:\\\/\\\/www.iemj.org\\\/de\\\/#website\"},\"primaryImageOfPage\":{\"@id\":\"https:\\\/\\\/www.iemj.org\\\/de\\\/music-of-david-eisenstadt\\\/#primaryimage\"},\"image\":{\"@id\":\"https:\\\/\\\/www.iemj.org\\\/de\\\/music-of-david-eisenstadt\\\/#primaryimage\"},\"thumbnailUrl\":\"https:\\\/\\\/www.iemj.org\\\/wp-content\\\/uploads\\\/2025\\\/10\\\/Logo-Music-of-David-Eisenstadt-2024-Vinyl_ok.png\",\"datePublished\":\"2025-10-09T12:21:41+00:00\",\"dateModified\":\"2025-10-09T13:54:04+00:00\",\"breadcrumb\":{\"@id\":\"https:\\\/\\\/www.iemj.org\\\/de\\\/music-of-david-eisenstadt\\\/#breadcrumb\"},\"inLanguage\":\"de\",\"potentialAction\":[{\"@type\":\"ReadAction\",\"target\":[\"https:\\\/\\\/www.iemj.org\\\/de\\\/music-of-david-eisenstadt\\\/\"]}]},{\"@type\":\"ImageObject\",\"inLanguage\":\"de\",\"@id\":\"https:\\\/\\\/www.iemj.org\\\/de\\\/music-of-david-eisenstadt\\\/#primaryimage\",\"url\":\"https:\\\/\\\/www.iemj.org\\\/wp-content\\\/uploads\\\/2025\\\/10\\\/Logo-Music-of-David-Eisenstadt-2024-Vinyl_ok.png\",\"contentUrl\":\"https:\\\/\\\/www.iemj.org\\\/wp-content\\\/uploads\\\/2025\\\/10\\\/Logo-Music-of-David-Eisenstadt-2024-Vinyl_ok.png\",\"width\":450,\"height\":448},{\"@type\":\"BreadcrumbList\",\"@id\":\"https:\\\/\\\/www.iemj.org\\\/de\\\/music-of-david-eisenstadt\\\/#breadcrumb\",\"itemListElement\":[{\"@type\":\"ListItem\",\"position\":1,\"name\":\"Accueil\",\"item\":\"https:\\\/\\\/www.iemj.org\\\/de\\\/\"},{\"@type\":\"ListItem\",\"position\":2,\"name\":\"Music of David Eisenstadt\"}]},{\"@type\":\"WebSite\",\"@id\":\"https:\\\/\\\/www.iemj.org\\\/de\\\/#website\",\"url\":\"https:\\\/\\\/www.iemj.org\\\/de\\\/\",\"name\":\"Institut Europ\u00e9en des Musiques Juives\",\"description\":\"Des traditions musicales \u00e0 la port\u00e9e de tous\",\"publisher\":{\"@id\":\"https:\\\/\\\/www.iemj.org\\\/de\\\/#organization\"},\"potentialAction\":[{\"@type\":\"SearchAction\",\"target\":{\"@type\":\"EntryPoint\",\"urlTemplate\":\"https:\\\/\\\/www.iemj.org\\\/de\\\/?s={search_term_string}\"},\"query-input\":{\"@type\":\"PropertyValueSpecification\",\"valueRequired\":true,\"valueName\":\"search_term_string\"}}],\"inLanguage\":\"de\"},{\"@type\":\"Organization\",\"@id\":\"https:\\\/\\\/www.iemj.org\\\/de\\\/#organization\",\"name\":\"Institut Europ\u00e9en des Musiques Juives\",\"url\":\"https:\\\/\\\/www.iemj.org\\\/de\\\/\",\"logo\":{\"@type\":\"ImageObject\",\"inLanguage\":\"de\",\"@id\":\"https:\\\/\\\/www.iemj.org\\\/de\\\/#\\\/schema\\\/logo\\\/image\\\/\",\"url\":\"https:\\\/\\\/www.iemj.org\\\/wp-content\\\/uploads\\\/2021\\\/09\\\/Logo-IEMJ-Paypal.jpg\",\"contentUrl\":\"https:\\\/\\\/www.iemj.org\\\/wp-content\\\/uploads\\\/2021\\\/09\\\/Logo-IEMJ-Paypal.jpg\",\"width\":150,\"height\":50,\"caption\":\"Institut Europ\u00e9en des Musiques Juives\"},\"image\":{\"@id\":\"https:\\\/\\\/www.iemj.org\\\/de\\\/#\\\/schema\\\/logo\\\/image\\\/\"},\"sameAs\":[\"https:\\\/\\\/www.facebook.com\\\/MusiquesJuives\\\/\",\"https:\\\/\\\/www.instagram.com\\\/musiquesjuives\\\/\",\"https:\\\/\\\/www.youtube.com\\\/user\\\/musiquesjuives\"]},{\"@type\":\"Person\",\"@id\":\"https:\\\/\\\/www.iemj.org\\\/de\\\/#\\\/schema\\\/person\\\/358e26c18aca017fcc4cc15437f7279c\",\"name\":\"Jacqueline ROTEN\",\"image\":{\"@type\":\"ImageObject\",\"inLanguage\":\"de\",\"@id\":\"https:\\\/\\\/secure.gravatar.com\\\/avatar\\\/5964256d6c6957de3a3505278957e0fb2a35119ac47ea41827a65301213c810b?s=96&d=mm&r=g\",\"url\":\"https:\\\/\\\/secure.gravatar.com\\\/avatar\\\/5964256d6c6957de3a3505278957e0fb2a35119ac47ea41827a65301213c810b?s=96&d=mm&r=g\",\"contentUrl\":\"https:\\\/\\\/secure.gravatar.com\\\/avatar\\\/5964256d6c6957de3a3505278957e0fb2a35119ac47ea41827a65301213c810b?s=96&d=mm&r=g\",\"caption\":\"Jacqueline ROTEN\"}}]}<\/script>\n<!-- \/ Yoast SEO plugin. -->","yoast_head_json":{"title":"Music of David Eisenstadt - Institut Europ\u00e9en des Musiques Juives","robots":{"index":"index","follow":"follow","max-snippet":"max-snippet:-1","max-image-preview":"max-image-preview:large","max-video-preview":"max-video-preview:-1"},"canonical":"https:\/\/www.iemj.org\/de\/music-of-david-eisenstadt\/","og_locale":"de_DE","og_type":"article","og_title":"Music of David Eisenstadt - Institut Europ\u00e9en des Musiques Juives","og_description":"Der Dirigent, P\u00e4dagoge und Komponist Dawid Ajzensztadt (David Eisenstadt) wurde 1890 in Nasielsk (Polen) geboren. Er wurde 1942 in Treblinka ermordet, nachdem die Nazis das Warschauer Ghetto liquidiert hatten. Diese","og_url":"https:\/\/www.iemj.org\/de\/music-of-david-eisenstadt\/","og_site_name":"Institut Europ\u00e9en des Musiques Juives","article_publisher":"https:\/\/www.facebook.com\/MusiquesJuives\/","article_published_time":"2025-10-09T12:21:41+00:00","article_modified_time":"2025-10-09T13:54:04+00:00","og_image":[{"width":450,"height":448,"url":"https:\/\/www.iemj.org\/wp-content\/uploads\/2025\/10\/Logo-Music-of-David-Eisenstadt-2024-Vinyl_ok.png","type":"image\/png"}],"author":"Jacqueline ROTEN","twitter_card":"summary_large_image","twitter_misc":{"Verfasst von":"Jacqueline ROTEN","Gesch\u00e4tzte Lesezeit":"6\u00a0Minuten"},"schema":{"@context":"https:\/\/schema.org","@graph":[{"@type":"Article","@id":"https:\/\/www.iemj.org\/de\/music-of-david-eisenstadt\/#article","isPartOf":{"@id":"https:\/\/www.iemj.org\/de\/music-of-david-eisenstadt\/"},"author":{"name":"Jacqueline ROTEN","@id":"https:\/\/www.iemj.org\/de\/#\/schema\/person\/358e26c18aca017fcc4cc15437f7279c"},"headline":"Music of David Eisenstadt","datePublished":"2025-10-09T12:21:41+00:00","dateModified":"2025-10-09T13:54:04+00:00","mainEntityOfPage":{"@id":"https:\/\/www.iemj.org\/de\/music-of-david-eisenstadt\/"},"wordCount":1005,"publisher":{"@id":"https:\/\/www.iemj.org\/de\/#organization"},"image":{"@id":"https:\/\/www.iemj.org\/de\/music-of-david-eisenstadt\/#primaryimage"},"thumbnailUrl":"https:\/\/www.iemj.org\/wp-content\/uploads\/2025\/10\/Logo-Music-of-David-Eisenstadt-2024-Vinyl_ok.png","keywords":["Polen"],"articleSection":["CD","Letzte Neuerwerbungen"],"inLanguage":"de"},{"@type":"WebPage","@id":"https:\/\/www.iemj.org\/de\/music-of-david-eisenstadt\/","url":"https:\/\/www.iemj.org\/de\/music-of-david-eisenstadt\/","name":"Music of David Eisenstadt - Institut Europ\u00e9en des Musiques Juives","isPartOf":{"@id":"https:\/\/www.iemj.org\/de\/#website"},"primaryImageOfPage":{"@id":"https:\/\/www.iemj.org\/de\/music-of-david-eisenstadt\/#primaryimage"},"image":{"@id":"https:\/\/www.iemj.org\/de\/music-of-david-eisenstadt\/#primaryimage"},"thumbnailUrl":"https:\/\/www.iemj.org\/wp-content\/uploads\/2025\/10\/Logo-Music-of-David-Eisenstadt-2024-Vinyl_ok.png","datePublished":"2025-10-09T12:21:41+00:00","dateModified":"2025-10-09T13:54:04+00:00","breadcrumb":{"@id":"https:\/\/www.iemj.org\/de\/music-of-david-eisenstadt\/#breadcrumb"},"inLanguage":"de","potentialAction":[{"@type":"ReadAction","target":["https:\/\/www.iemj.org\/de\/music-of-david-eisenstadt\/"]}]},{"@type":"ImageObject","inLanguage":"de","@id":"https:\/\/www.iemj.org\/de\/music-of-david-eisenstadt\/#primaryimage","url":"https:\/\/www.iemj.org\/wp-content\/uploads\/2025\/10\/Logo-Music-of-David-Eisenstadt-2024-Vinyl_ok.png","contentUrl":"https:\/\/www.iemj.org\/wp-content\/uploads\/2025\/10\/Logo-Music-of-David-Eisenstadt-2024-Vinyl_ok.png","width":450,"height":448},{"@type":"BreadcrumbList","@id":"https:\/\/www.iemj.org\/de\/music-of-david-eisenstadt\/#breadcrumb","itemListElement":[{"@type":"ListItem","position":1,"name":"Accueil","item":"https:\/\/www.iemj.org\/de\/"},{"@type":"ListItem","position":2,"name":"Music of David Eisenstadt"}]},{"@type":"WebSite","@id":"https:\/\/www.iemj.org\/de\/#website","url":"https:\/\/www.iemj.org\/de\/","name":"Institut Europ\u00e9en des Musiques Juives","description":"Des traditions musicales \u00e0 la port\u00e9e de tous","publisher":{"@id":"https:\/\/www.iemj.org\/de\/#organization"},"potentialAction":[{"@type":"SearchAction","target":{"@type":"EntryPoint","urlTemplate":"https:\/\/www.iemj.org\/de\/?s={search_term_string}"},"query-input":{"@type":"PropertyValueSpecification","valueRequired":true,"valueName":"search_term_string"}}],"inLanguage":"de"},{"@type":"Organization","@id":"https:\/\/www.iemj.org\/de\/#organization","name":"Institut Europ\u00e9en des Musiques Juives","url":"https:\/\/www.iemj.org\/de\/","logo":{"@type":"ImageObject","inLanguage":"de","@id":"https:\/\/www.iemj.org\/de\/#\/schema\/logo\/image\/","url":"https:\/\/www.iemj.org\/wp-content\/uploads\/2021\/09\/Logo-IEMJ-Paypal.jpg","contentUrl":"https:\/\/www.iemj.org\/wp-content\/uploads\/2021\/09\/Logo-IEMJ-Paypal.jpg","width":150,"height":50,"caption":"Institut Europ\u00e9en des Musiques Juives"},"image":{"@id":"https:\/\/www.iemj.org\/de\/#\/schema\/logo\/image\/"},"sameAs":["https:\/\/www.facebook.com\/MusiquesJuives\/","https:\/\/www.instagram.com\/musiquesjuives\/","https:\/\/www.youtube.com\/user\/musiquesjuives"]},{"@type":"Person","@id":"https:\/\/www.iemj.org\/de\/#\/schema\/person\/358e26c18aca017fcc4cc15437f7279c","name":"Jacqueline ROTEN","image":{"@type":"ImageObject","inLanguage":"de","@id":"https:\/\/secure.gravatar.com\/avatar\/5964256d6c6957de3a3505278957e0fb2a35119ac47ea41827a65301213c810b?s=96&d=mm&r=g","url":"https:\/\/secure.gravatar.com\/avatar\/5964256d6c6957de3a3505278957e0fb2a35119ac47ea41827a65301213c810b?s=96&d=mm&r=g","contentUrl":"https:\/\/secure.gravatar.com\/avatar\/5964256d6c6957de3a3505278957e0fb2a35119ac47ea41827a65301213c810b?s=96&d=mm&r=g","caption":"Jacqueline ROTEN"}}]}},"_links":{"self":[{"href":"https:\/\/www.iemj.org\/de\/wp-json\/wp\/v2\/posts\/126610","targetHints":{"allow":["GET"]}}],"collection":[{"href":"https:\/\/www.iemj.org\/de\/wp-json\/wp\/v2\/posts"}],"about":[{"href":"https:\/\/www.iemj.org\/de\/wp-json\/wp\/v2\/types\/post"}],"author":[{"embeddable":true,"href":"https:\/\/www.iemj.org\/de\/wp-json\/wp\/v2\/users\/5"}],"replies":[{"embeddable":true,"href":"https:\/\/www.iemj.org\/de\/wp-json\/wp\/v2\/comments?post=126610"}],"version-history":[{"count":4,"href":"https:\/\/www.iemj.org\/de\/wp-json\/wp\/v2\/posts\/126610\/revisions"}],"predecessor-version":[{"id":126642,"href":"https:\/\/www.iemj.org\/de\/wp-json\/wp\/v2\/posts\/126610\/revisions\/126642"}],"wp:featuredmedia":[{"embeddable":true,"href":"https:\/\/www.iemj.org\/de\/wp-json\/wp\/v2\/media\/126570"}],"wp:attachment":[{"href":"https:\/\/www.iemj.org\/de\/wp-json\/wp\/v2\/media?parent=126610"}],"wp:term":[{"taxonomy":"category","embeddable":true,"href":"https:\/\/www.iemj.org\/de\/wp-json\/wp\/v2\/categories?post=126610"},{"taxonomy":"post_tag","embeddable":true,"href":"https:\/\/www.iemj.org\/de\/wp-json\/wp\/v2\/tags?post=126610"},{"taxonomy":"technique","embeddable":true,"href":"https:\/\/www.iemj.org\/de\/wp-json\/wp\/v2\/technique?post=126610"},{"taxonomy":"squelettes","embeddable":true,"href":"https:\/\/www.iemj.org\/de\/wp-json\/wp\/v2\/squelettes?post=126610"},{"taxonomy":"sujet","embeddable":true,"href":"https:\/\/www.iemj.org\/de\/wp-json\/wp\/v2\/sujet?post=126610"},{"taxonomy":"formation","embeddable":true,"href":"https:\/\/www.iemj.org\/de\/wp-json\/wp\/v2\/formation?post=126610"},{"taxonomy":"genre","embeddable":true,"href":"https:\/\/www.iemj.org\/de\/wp-json\/wp\/v2\/genre?post=126610"},{"taxonomy":"fonds","embeddable":true,"href":"https:\/\/www.iemj.org\/de\/wp-json\/wp\/v2\/fonds?post=126610"},{"taxonomy":"tradition","embeddable":true,"href":"https:\/\/www.iemj.org\/de\/wp-json\/wp\/v2\/tradition?post=126610"},{"taxonomy":"type-de-contenu","embeddable":true,"href":"https:\/\/www.iemj.org\/de\/wp-json\/wp\/v2\/type-de-contenu?post=126610"},{"taxonomy":"interprete-compositeur","embeddable":true,"href":"https:\/\/www.iemj.org\/de\/wp-json\/wp\/v2\/interprete-compositeur?post=126610"},{"taxonomy":"frise","embeddable":true,"href":"https:\/\/www.iemj.org\/de\/wp-json\/wp\/v2\/frise?post=126610"},{"taxonomy":"type-devenement","embeddable":true,"href":"https:\/\/www.iemj.org\/de\/wp-json\/wp\/v2\/type-devenement?post=126610"},{"taxonomy":"tableaux-liens-externes","embeddable":true,"href":"https:\/\/www.iemj.org\/de\/wp-json\/wp\/v2\/tableaux-liens-externes?post=126610"}],"curies":[{"name":"wp","href":"https:\/\/api.w.org\/{rel}","templated":true}]}}