{"id":126746,"date":"2025-10-13T15:47:40","date_gmt":"2025-10-13T13:47:40","guid":{"rendered":"https:\/\/www.iemj.org\/weiss-psalms-and-hymns-the-echo-of-the-temple\/"},"modified":"2025-10-13T17:49:38","modified_gmt":"2025-10-13T15:49:38","slug":"weiss-psalms-and-hymns-the-echo-of-the-temple","status":"publish","type":"post","link":"https:\/\/www.iemj.org\/de\/weiss-psalms-and-hymns-the-echo-of-the-temple\/","title":{"rendered":"Weiss \u2013 Psalms and Hymns &amp; The echo of the temple"},"content":{"rendered":"\n<p><a>CD \u201eWeiss \u2013 Psalm and Hymns\u201d, ver\u00f6ffentlicht am 3. November 2023 bei <\/a><a href=\"https:\/\/propermusic.com\/collections\/dux-recording-producers\" target=\"_blank\" rel=\"noreferrer noopener\"><strong>DUX Recording Producers<\/strong><\/a><\/p>\n\n\n\n<p>CD \u201eThe Echo of the Temple\u201d, ver\u00f6ffentlicht am 9. November 2023 bei <a href=\"https:\/\/opus-series.com\/index.php?lang=pl&amp;p=sklep&amp;f=&amp;c=&amp;t=&amp;st=&amp;o=&amp;pid=154&amp;page=0\" target=\"_blank\" rel=\"noreferrer noopener\"><strong>Opus Series &#8211; Requiem Records<\/strong><\/a><\/p>\n\n\n\n<p>Im M\u00e4rz 2025 \u00fcbergab der polnische Musikwissenschaftler und Organist <a href=\"https:\/\/www.stefek.art\/eng\" target=\"_blank\" rel=\"noreferrer noopener\"><strong>Jakub Stefek<\/strong><\/a> dem Europ\u00e4ischen Institut f\u00fcr J\u00fcdische Musik zwei CDs und eine Langspielplatte. Sie sind das Ergebnis seiner Forschungen \u00fcber die Synagogalmusik in Polen und ihre Komponisten von gestern und heute. Entdecken Sie die Werke von Jakub Weiss, Adam Por\u0119bski, Aleksandra Chmielewska, Anna Maria Huszcza, Dariusz Przybylski, Marcin Tadeusz \u0141ukaszewski und Ignacy Zalewski<\/p>\n\n\n\n<div style=\"height:15px\" aria-hidden=\"true\" class=\"wp-block-spacer\"><\/div>\n\n\n\n<p><img fetchpriority=\"high\" decoding=\"async\" class=\"alignright size-medium wp-image-126673\" src=\"https:\/\/www.iemj.org\/wp-content\/uploads\/2025\/10\/CD_2110_VIG-300x267.jpg\" alt=\"\" width=\"300\" height=\"267\" srcset=\"https:\/\/www.iemj.org\/wp-content\/uploads\/2025\/10\/CD_2110_VIG-300x267.jpg 300w, https:\/\/www.iemj.org\/wp-content\/uploads\/2025\/10\/CD_2110_VIG.jpg 500w\" sizes=\"(max-width: 300px) 100vw, 300px\" \/>Die CD <strong><em>Weiss \u2013 Psalms and Hymns<\/em><\/strong> pr\u00e4sentiert uns als Weltpremiere die Musik von Jacob Leopold Lejb Weiss (1825\u20131889), Kantor einer der Synagogen Warschaus im 19. Jahrhundert. Jacob Weiss wurde 1825 in Nitra (Ungarn) geboren und studierte Musik in Wien, insbesondere bei dem Komponisten und Kantor <a href=\"https:\/\/www.iemj.org\/de\/sulzer-salomon-1804-1890\/\" target=\"_blank\" rel=\"noopener\">Salomon Sulzer (1804-1890)<\/a>, einem der Initiatoren der Reform des liturgischen Gesangs in den Synagogen des Reformgottesdienstes. 1860 wurde Weiss Hauptkantor der deutschen Synagoge in der Danilowiczowska-Stra\u00dfe in Warschau. Dort leitete er einen Chor, mit dem er Psalmen und Hymnen zum t\u00e4glichen Gebet sang. Wahrscheinlich hatte Weiss w\u00e4hrend seiner T\u00e4tigkeit in dieser Synagoge Gelegenheit, sich mit der Musik des polnischen Komponisten <a href=\"https:\/\/fr.wikipedia.org\/wiki\/Stanis%C5%82aw_Moniuszko\" target=\"_blank\" rel=\"noopener\">Stanislaw Moniuszko<\/a> vertraut zu machen. Der Einfluss von Moniuszko auf die Kompositionssprache von Weiss ist bedeutend. Dar\u00fcber hinaus weist diese Musik Gemeinsamkeiten mit der reformierten Synagogalmusik auf, die mit den rabbinischen Religionsvorschriften brach und den Einsatz von Instrumenten, darunter auch der Orgel, zulie\u00df. 1873 \u00fcbernahm Weiss eine Stelle als Kantor in Vilnius, bevor er drei Jahre sp\u00e4ter nach Warschau zur\u00fcckkehrte. Im Jahr 1879 wurde er Gesangslehrer und setzte gleichzeitig seine T\u00e4tigkeit als Kantor und Komponist fort. Obwohl seine Musik viel gespielt wurde, verarmte er und starb am 21. August 1889. Seine Werke wurden bis zum Zweiten Weltkrieg weiterhin in Synagogen und Privath\u00e4usern gespielt, bevor sie in Vergessenheit gerieten. Bis heute sind die einzigen bekannten Kompositionen von Weiss in einer Sammlung mit dem Titel \u201eMusikalischen Synagogen-Bibliothek: Ozar Schire Jeschurun\u201d in zwei B\u00e4nden enthalten, die 1873 und 1881 ver\u00f6ffentlicht wurden.<\/p>\n<p>Neben den Werken von Weiss enth\u00e4lt diese CD vier Pr\u00e4ludien von Joseph Sulzer, dem j\u00fcngsten Sohn von Salomon Sulzer.<\/p>\n\n\n\n<div style=\"height:15px\" aria-hidden=\"true\" class=\"wp-block-spacer\"><\/div>\n\n\n\n<p><img decoding=\"async\" class=\"alignleft size-full wp-image-126678\" src=\"https:\/\/www.iemj.org\/wp-content\/uploads\/2025\/10\/Jakub-Stefek.jpeg\" alt=\"\" width=\"259\" height=\"194\" \/>In dieser CD wird die Orgel von <a href=\"Jakub%20Stefek\" target=\"_blank\" rel=\"noopener\">Jakub Stefek<\/a> gespielt, Organist u.a. in der Synagoge Pestalozzistrasse in Berlin und Autor einer Publikation \u00fcber j\u00fcdische Musik f\u00fcr Orgel. Die Solopartien des Kantors werden von Isidoro Abramowicz interpretiert, dem Musikdirektor der Synagoge Pestalozzistrasse in Berlin und einem der bedeutendsten Interpreten synagogaler Musik. Der Kammerchor der Akademie der Bildenden K\u00fcnste in Stettin wird von Barbara Halec geleitet<\/p>\n\n\n\n<div style=\"height:23px\" aria-hidden=\"true\" class=\"wp-block-spacer\"><\/div>\n\n\n\n<figure class=\"wp-block-embed is-type-video is-provider-youtube wp-block-embed-youtube wp-embed-aspect-4-3 wp-has-aspect-ratio\"><div class=\"wp-block-embed__wrapper\">\n<iframe title=\"Psalm 93: Gott Regiert\" width=\"640\" height=\"480\" src=\"https:\/\/www.youtube.com\/embed\/4BTaHiw1tdc?feature=oembed\" frameborder=\"0\" allow=\"accelerometer; autoplay; clipboard-write; encrypted-media; gyroscope; picture-in-picture; web-share\" referrerpolicy=\"strict-origin-when-cross-origin\" allowfullscreen><\/iframe>\n<\/div><\/figure>\n\n\n\n<div style=\"height:15px\" aria-hidden=\"true\" class=\"wp-block-spacer\"><\/div>\n\n\n\n<p><img decoding=\"async\" class=\"size-medium wp-image-126683 alignright\" src=\"https:\/\/www.iemj.org\/wp-content\/uploads\/2025\/10\/The-echo_Couv-300x296.jpg\" alt=\"\" width=\"300\" height=\"296\" srcset=\"https:\/\/www.iemj.org\/wp-content\/uploads\/2025\/10\/The-echo_Couv-300x296.jpg 300w, https:\/\/www.iemj.org\/wp-content\/uploads\/2025\/10\/The-echo_Couv-100x100.jpg 100w, https:\/\/www.iemj.org\/wp-content\/uploads\/2025\/10\/The-echo_Couv.jpg 500w\" sizes=\"(max-width: 300px) 100vw, 300px\" \/><\/p>\n<p>Die CD \u201e<strong>The Echo of the Temple<\/strong>\u201d ist das Ergebnis eines Auftrags von Jakub Stefek an sechs zeitgen\u00f6ssische Komponisten, Orgelst\u00fccke zu schreiben, die sich auf die synagogale Tradition beziehen: Adam Por\u0119bski, Aleksandra Chmielewska, Anna Maria Huszcza, Marcin Tadeusz \u0141ukaszewski, Dariusz Przybylski und Ignacy Zalewski.<\/p>\n<p>\u201eIm 19. Jahrhundert bestand die Idee der j\u00fcdischen Liturgiereform darin, dass Komponisten alte j\u00fcdische Melodien aufgriffen und sie mit einer zeitgen\u00f6ssischen Musiksprache verbanden. Als ich unter anderem w\u00e4hrend der Arbeit an meiner Doktorarbeit von dieser Geschichte erfuhr, dachte ich, dass das n\u00e4chste Kapitel dieser durch den Krieg unterbrochenen Geschichte darin bestehen w\u00fcrde, diesen Prozess heute, im 21. Jahrhundert, neu zu gestalten\u201c, erkl\u00e4rt Jakub Stefek. \u201eSo entstand dieses Projekt, in dessen Rahmen sechs polnische Komponisten der jungen Generation Werke schufen, die von dieser Idee inspiriert waren. Jeder ging das Thema auf seine eigene Weise an. Adam Por\u0119bski arbeitete mit Ges\u00e4ngen von Abraham Lichtenstein, einem Kantor aus Stettin aus dem 19. Jahrhundert: zun\u00e4chst in einer Fassung f\u00fcr Kantor, Chor und Orgel, dann f\u00fcr Orgel solo. Aleksandra Chmielewska und Dariusz Przybylski schufen beeindruckende Werke, die auf zwei von Louis Lewandowski notierten Melodien aus dem Kaddisch basieren. Anna Huszcza w\u00e4hlte die Melodie von Louis Lewandowski aus drei monumentalen B\u00e4nden und w\u00fcrdigte damit die Tradition der Orgel. Marcin \u0141ukaszewski kombinierte zwei der weltweit bekanntesten j\u00fcdischen Melodien, Kol Nidre und Hava Nagila, und schlug damit eine Br\u00fccke zwischen dem Heiligen und dem Profanen. Ignacy Zalewski hat in einem sehr pers\u00f6nlichen Werk den Schwerpunkt von der Melodie auf die Klangfarbe verlagert und sich damit in die Richtung orientiert, die die j\u00fcdische Orgelmusik kurz vor dem Zweiten Weltkrieg einzuschlagen begann. Der Titel \u201eEcho des Tempels\u201d hat mehrere Bedeutungen. Einerseits bezieht er sich auf die ersten Berichte \u00fcber die Instrumentierung des Tempels von Jerusalem. Andererseits erhielten die zahlreichen reformierten Synagogen, in denen die Orgel erklang, den Namen \u201eTempel\u201d. Au\u00dferdem wurde die Aufnahme im pr\u00e4chtigen Geb\u00e4ude der Stiftskirche von Stargard, der h\u00f6chsten gotischen Gew\u00f6lbekirche Polens, gemacht, sodass das Echo in die k\u00fcnstlerische Konzeption des Klangs integriert ist.<\/p>\n<p>Dieses Album verweist stark auf ein Erbe, dem wir Beachtung schenken sollten. Die j\u00fcdische Orgelmusik ist der Beweis daf\u00fcr, dass es m\u00f6glich ist, Tradition und Moderne gekonnt zu verbinden. Es gibt einen Mittelweg zwischen der Ablehnung alles Neuen und der Ablehnung alles Alten.\u201d<\/p>\n<p>Quelle: <a href=\"https:\/\/muzeum.szczecin.pl\/en\/news\/2136-the-echo-of-the-temple-premiere-of-jakub-stefek-s-music-record.html\" target=\"_blank\" rel=\"noopener\">https:\/\/muzeum.szczecin.pl\/en\/news\/2136-the-echo-of-the-temple-premiere-of-jakub-stefek-s-music-record.html<\/a><\/p>\n\n\n\n<figure class=\"wp-block-embed is-type-video is-provider-youtube wp-block-embed-youtube wp-embed-aspect-4-3 wp-has-aspect-ratio\"><div class=\"wp-block-embed__wrapper\">\n<iframe title=\"Mechalkel chajim bechesed (Shire Bet Haknesset)\" width=\"640\" height=\"480\" src=\"https:\/\/www.youtube.com\/embed\/BmpqjpAkKT8?feature=oembed\" frameborder=\"0\" allow=\"accelerometer; autoplay; clipboard-write; encrypted-media; gyroscope; picture-in-picture; web-share\" referrerpolicy=\"strict-origin-when-cross-origin\" allowfullscreen><\/iframe>\n<\/div><\/figure>\n\n\n\n<ul>\n<li><a href=\"https:\/\/propermusic.com\/products\/jakubstefekbarbarahalecisidoroabramowiczchamberchoiroftheacademyofartinszczecin-weisspsalmsandhymns?srsltid=AfmBOoqE6CCPhDk7sbywcIfnJpB0uyNlsipIXGHVGU4oL539_93-bV0W\">Weitere Informationen<\/a> oder <a href=\"https:\/\/www.amazon.com\/-\/zh_TW\/Barbara-Isidoro-Abramowicz-Chamber-Szczecin\/dp\/B0C2QT5ZKN\">Bestellung der CD \u201eWeiss \u2013 Psalms and Hymns\u201d.<\/a><\/li>\n<li><a href=\"https:\/\/muzeum.szczecin.pl\/en\/news\/2136-the-echo-of-the-temple-premiere-of-jakub-stefek-s-music-record.html\">Weitere Informationen<\/a> oder <a href=\"https:\/\/allegro.pl\/produkt\/the-echo-of-the-temple-jakub-stefek-cd-78069955-ac04-4bf6-bd24-69a8f85432ad?srsltid=AfmBOopall0jtyFOjUAP88rEtw0_5L-MfltZ9yg-ylS9z98TE53-JAGw&amp;offerId=16867936823\">Bestellung der CD \u201eThe Echo of the Temple\u201d.<\/a><\/li>\n<li><a href=\"https:\/\/www.iemj.org\/de\/music-of-david-eisenstadt\/\" target=\"_blank\" rel=\"noopener\">Rezension der LP Music of David Eisenstadt<\/a><\/li>\n<li><a href=\"https:\/\/www.iemj.org\/de\/lorgue-dans-la-tradition-juive\/\">Artikel lesen: \u201eDie Orgel in der j\u00fcdischen Tradition\u201d<\/a><\/li>\n<\/ul>\n\n\n\n<figure class=\"wp-block-image alignwide size-large\"><img loading=\"lazy\" decoding=\"async\" width=\"1024\" height=\"133\" src=\"https:\/\/www.iemj.org\/wp-content\/uploads\/2024\/03\/AUDIO-PLAYER-1024x133.png\" alt=\"\" class=\"wp-image-110608\" srcset=\"https:\/\/www.iemj.org\/wp-content\/uploads\/2024\/03\/AUDIO-PLAYER-1024x133.png 1024w, https:\/\/www.iemj.org\/wp-content\/uploads\/2024\/03\/AUDIO-PLAYER-300x39.png 300w, https:\/\/www.iemj.org\/wp-content\/uploads\/2024\/03\/AUDIO-PLAYER-768x100.png 768w, https:\/\/www.iemj.org\/wp-content\/uploads\/2024\/03\/AUDIO-PLAYER-600x78.png 600w, https:\/\/www.iemj.org\/wp-content\/uploads\/2024\/03\/AUDIO-PLAYER.png 1210w\" sizes=\"(max-width: 1024px) 100vw, 1024px\" \/><\/figure>\n\n\n\n<p class=\"has-text-align-center\"><strong>Anh\u00f6ren der folgenden Ausschnitte<\/strong><\/p>\n\n\n\n<p><\/p>\n","protected":false},"excerpt":{"rendered":"<p>CD \u201eWeiss \u2013 Psalm and Hymns\u201d, ver\u00f6ffentlicht am 3. November 2023 bei DUX Recording Producers CD \u201eThe Echo of the Temple\u201d, ver\u00f6ffentlicht am 9. November 2023 bei Opus Series &#8211;<\/p>\n","protected":false},"author":5,"featured_media":126650,"comment_status":"closed","ping_status":"closed","sticky":false,"template":"","format":"standard","meta":{"_acf_changed":false,"footnotes":""},"categories":[1571,1561],"tags":[4031],"technique":[],"squelettes":[],"sujet":[],"formation":[],"genre":[],"fonds":[],"tradition":[],"type-de-contenu":[],"interprete-compositeur":[],"frise":[],"type-devenement":[],"tableaux-liens-externes":[],"class_list":["post-126746","post","type-post","status-publish","format-standard","has-post-thumbnail","hentry","category-cd-de","category-letzte-neuerwerbungen-de","tag-polen"],"acf":[],"yoast_head":"<!-- This site is optimized with the Yoast SEO plugin v27.3 - https:\/\/yoast.com\/product\/yoast-seo-wordpress\/ -->\n<title>Weiss \u2013 Psalms and Hymns &amp; The echo of the temple - Institut Europ\u00e9en des Musiques Juives<\/title>\n<meta name=\"robots\" content=\"index, follow, max-snippet:-1, max-image-preview:large, max-video-preview:-1\" \/>\n<link rel=\"canonical\" href=\"https:\/\/www.iemj.org\/de\/weiss-psalms-and-hymns-the-echo-of-the-temple\/\" \/>\n<meta property=\"og:locale\" content=\"de_DE\" \/>\n<meta property=\"og:type\" content=\"article\" \/>\n<meta property=\"og:title\" content=\"Weiss \u2013 Psalms and Hymns &amp; The echo of the temple - Institut Europ\u00e9en des Musiques Juives\" \/>\n<meta property=\"og:description\" content=\"CD \u201eWeiss \u2013 Psalm and Hymns\u201d, ver\u00f6ffentlicht am 3. November 2023 bei DUX Recording Producers CD \u201eThe Echo of the Temple\u201d, ver\u00f6ffentlicht am 9. November 2023 bei Opus Series &#8211;\" \/>\n<meta property=\"og:url\" content=\"https:\/\/www.iemj.org\/de\/weiss-psalms-and-hymns-the-echo-of-the-temple\/\" \/>\n<meta property=\"og:site_name\" content=\"Institut Europ\u00e9en des Musiques Juives\" \/>\n<meta property=\"article:publisher\" content=\"https:\/\/www.facebook.com\/MusiquesJuives\/\" \/>\n<meta property=\"article:published_time\" content=\"2025-10-13T13:47:40+00:00\" \/>\n<meta property=\"article:modified_time\" content=\"2025-10-13T15:49:38+00:00\" \/>\n<meta property=\"og:image\" content=\"https:\/\/www.iemj.org\/wp-content\/uploads\/2025\/10\/Logo-article-2-CD-Psalms-The-echo.jpg\" \/>\n\t<meta property=\"og:image:width\" content=\"500\" \/>\n\t<meta property=\"og:image:height\" content=\"500\" \/>\n\t<meta property=\"og:image:type\" content=\"image\/jpeg\" \/>\n<meta name=\"author\" content=\"Jacqueline ROTEN\" \/>\n<meta name=\"twitter:card\" content=\"summary_large_image\" \/>\n<meta name=\"twitter:label1\" content=\"Verfasst von\" \/>\n\t<meta name=\"twitter:data1\" content=\"Jacqueline ROTEN\" \/>\n\t<meta name=\"twitter:label2\" content=\"Gesch\u00e4tzte Lesezeit\" \/>\n\t<meta name=\"twitter:data2\" content=\"6\u00a0Minuten\" \/>\n<script type=\"application\/ld+json\" class=\"yoast-schema-graph\">{\"@context\":\"https:\\\/\\\/schema.org\",\"@graph\":[{\"@type\":\"Article\",\"@id\":\"https:\\\/\\\/www.iemj.org\\\/de\\\/weiss-psalms-and-hymns-the-echo-of-the-temple\\\/#article\",\"isPartOf\":{\"@id\":\"https:\\\/\\\/www.iemj.org\\\/de\\\/weiss-psalms-and-hymns-the-echo-of-the-temple\\\/\"},\"author\":{\"name\":\"Jacqueline ROTEN\",\"@id\":\"https:\\\/\\\/www.iemj.org\\\/de\\\/#\\\/schema\\\/person\\\/358e26c18aca017fcc4cc15437f7279c\"},\"headline\":\"Weiss \u2013 Psalms and Hymns &amp; The echo of the temple\",\"datePublished\":\"2025-10-13T13:47:40+00:00\",\"dateModified\":\"2025-10-13T15:49:38+00:00\",\"mainEntityOfPage\":{\"@id\":\"https:\\\/\\\/www.iemj.org\\\/de\\\/weiss-psalms-and-hymns-the-echo-of-the-temple\\\/\"},\"wordCount\":905,\"publisher\":{\"@id\":\"https:\\\/\\\/www.iemj.org\\\/de\\\/#organization\"},\"image\":{\"@id\":\"https:\\\/\\\/www.iemj.org\\\/de\\\/weiss-psalms-and-hymns-the-echo-of-the-temple\\\/#primaryimage\"},\"thumbnailUrl\":\"https:\\\/\\\/www.iemj.org\\\/wp-content\\\/uploads\\\/2025\\\/10\\\/Logo-article-2-CD-Psalms-The-echo.jpg\",\"keywords\":[\"Polen\"],\"articleSection\":[\"CD\",\"Letzte Neuerwerbungen\"],\"inLanguage\":\"de\"},{\"@type\":\"WebPage\",\"@id\":\"https:\\\/\\\/www.iemj.org\\\/de\\\/weiss-psalms-and-hymns-the-echo-of-the-temple\\\/\",\"url\":\"https:\\\/\\\/www.iemj.org\\\/de\\\/weiss-psalms-and-hymns-the-echo-of-the-temple\\\/\",\"name\":\"Weiss \u2013 Psalms and Hymns &amp; The echo of the temple - Institut Europ\u00e9en des Musiques Juives\",\"isPartOf\":{\"@id\":\"https:\\\/\\\/www.iemj.org\\\/de\\\/#website\"},\"primaryImageOfPage\":{\"@id\":\"https:\\\/\\\/www.iemj.org\\\/de\\\/weiss-psalms-and-hymns-the-echo-of-the-temple\\\/#primaryimage\"},\"image\":{\"@id\":\"https:\\\/\\\/www.iemj.org\\\/de\\\/weiss-psalms-and-hymns-the-echo-of-the-temple\\\/#primaryimage\"},\"thumbnailUrl\":\"https:\\\/\\\/www.iemj.org\\\/wp-content\\\/uploads\\\/2025\\\/10\\\/Logo-article-2-CD-Psalms-The-echo.jpg\",\"datePublished\":\"2025-10-13T13:47:40+00:00\",\"dateModified\":\"2025-10-13T15:49:38+00:00\",\"breadcrumb\":{\"@id\":\"https:\\\/\\\/www.iemj.org\\\/de\\\/weiss-psalms-and-hymns-the-echo-of-the-temple\\\/#breadcrumb\"},\"inLanguage\":\"de\",\"potentialAction\":[{\"@type\":\"ReadAction\",\"target\":[\"https:\\\/\\\/www.iemj.org\\\/de\\\/weiss-psalms-and-hymns-the-echo-of-the-temple\\\/\"]}]},{\"@type\":\"ImageObject\",\"inLanguage\":\"de\",\"@id\":\"https:\\\/\\\/www.iemj.org\\\/de\\\/weiss-psalms-and-hymns-the-echo-of-the-temple\\\/#primaryimage\",\"url\":\"https:\\\/\\\/www.iemj.org\\\/wp-content\\\/uploads\\\/2025\\\/10\\\/Logo-article-2-CD-Psalms-The-echo.jpg\",\"contentUrl\":\"https:\\\/\\\/www.iemj.org\\\/wp-content\\\/uploads\\\/2025\\\/10\\\/Logo-article-2-CD-Psalms-The-echo.jpg\",\"width\":500,\"height\":500},{\"@type\":\"BreadcrumbList\",\"@id\":\"https:\\\/\\\/www.iemj.org\\\/de\\\/weiss-psalms-and-hymns-the-echo-of-the-temple\\\/#breadcrumb\",\"itemListElement\":[{\"@type\":\"ListItem\",\"position\":1,\"name\":\"Accueil\",\"item\":\"https:\\\/\\\/www.iemj.org\\\/de\\\/\"},{\"@type\":\"ListItem\",\"position\":2,\"name\":\"Weiss \u2013 Psalms and Hymns &amp; The echo of the temple\"}]},{\"@type\":\"WebSite\",\"@id\":\"https:\\\/\\\/www.iemj.org\\\/de\\\/#website\",\"url\":\"https:\\\/\\\/www.iemj.org\\\/de\\\/\",\"name\":\"Institut Europ\u00e9en des Musiques Juives\",\"description\":\"Des traditions musicales \u00e0 la port\u00e9e de tous\",\"publisher\":{\"@id\":\"https:\\\/\\\/www.iemj.org\\\/de\\\/#organization\"},\"potentialAction\":[{\"@type\":\"SearchAction\",\"target\":{\"@type\":\"EntryPoint\",\"urlTemplate\":\"https:\\\/\\\/www.iemj.org\\\/de\\\/?s={search_term_string}\"},\"query-input\":{\"@type\":\"PropertyValueSpecification\",\"valueRequired\":true,\"valueName\":\"search_term_string\"}}],\"inLanguage\":\"de\"},{\"@type\":\"Organization\",\"@id\":\"https:\\\/\\\/www.iemj.org\\\/de\\\/#organization\",\"name\":\"Institut Europ\u00e9en des Musiques Juives\",\"url\":\"https:\\\/\\\/www.iemj.org\\\/de\\\/\",\"logo\":{\"@type\":\"ImageObject\",\"inLanguage\":\"de\",\"@id\":\"https:\\\/\\\/www.iemj.org\\\/de\\\/#\\\/schema\\\/logo\\\/image\\\/\",\"url\":\"https:\\\/\\\/www.iemj.org\\\/wp-content\\\/uploads\\\/2021\\\/09\\\/Logo-IEMJ-Paypal.jpg\",\"contentUrl\":\"https:\\\/\\\/www.iemj.org\\\/wp-content\\\/uploads\\\/2021\\\/09\\\/Logo-IEMJ-Paypal.jpg\",\"width\":150,\"height\":50,\"caption\":\"Institut Europ\u00e9en des Musiques Juives\"},\"image\":{\"@id\":\"https:\\\/\\\/www.iemj.org\\\/de\\\/#\\\/schema\\\/logo\\\/image\\\/\"},\"sameAs\":[\"https:\\\/\\\/www.facebook.com\\\/MusiquesJuives\\\/\",\"https:\\\/\\\/www.instagram.com\\\/musiquesjuives\\\/\",\"https:\\\/\\\/www.youtube.com\\\/user\\\/musiquesjuives\"]},{\"@type\":\"Person\",\"@id\":\"https:\\\/\\\/www.iemj.org\\\/de\\\/#\\\/schema\\\/person\\\/358e26c18aca017fcc4cc15437f7279c\",\"name\":\"Jacqueline ROTEN\",\"image\":{\"@type\":\"ImageObject\",\"inLanguage\":\"de\",\"@id\":\"https:\\\/\\\/secure.gravatar.com\\\/avatar\\\/5964256d6c6957de3a3505278957e0fb2a35119ac47ea41827a65301213c810b?s=96&d=mm&r=g\",\"url\":\"https:\\\/\\\/secure.gravatar.com\\\/avatar\\\/5964256d6c6957de3a3505278957e0fb2a35119ac47ea41827a65301213c810b?s=96&d=mm&r=g\",\"contentUrl\":\"https:\\\/\\\/secure.gravatar.com\\\/avatar\\\/5964256d6c6957de3a3505278957e0fb2a35119ac47ea41827a65301213c810b?s=96&d=mm&r=g\",\"caption\":\"Jacqueline ROTEN\"}}]}<\/script>\n<!-- \/ Yoast SEO plugin. -->","yoast_head_json":{"title":"Weiss \u2013 Psalms and Hymns &amp; The echo of the temple - Institut Europ\u00e9en des Musiques Juives","robots":{"index":"index","follow":"follow","max-snippet":"max-snippet:-1","max-image-preview":"max-image-preview:large","max-video-preview":"max-video-preview:-1"},"canonical":"https:\/\/www.iemj.org\/de\/weiss-psalms-and-hymns-the-echo-of-the-temple\/","og_locale":"de_DE","og_type":"article","og_title":"Weiss \u2013 Psalms and Hymns &amp; The echo of the temple - Institut Europ\u00e9en des Musiques Juives","og_description":"CD \u201eWeiss \u2013 Psalm and Hymns\u201d, ver\u00f6ffentlicht am 3. November 2023 bei DUX Recording Producers CD \u201eThe Echo of the Temple\u201d, ver\u00f6ffentlicht am 9. November 2023 bei Opus Series &#8211;","og_url":"https:\/\/www.iemj.org\/de\/weiss-psalms-and-hymns-the-echo-of-the-temple\/","og_site_name":"Institut Europ\u00e9en des Musiques Juives","article_publisher":"https:\/\/www.facebook.com\/MusiquesJuives\/","article_published_time":"2025-10-13T13:47:40+00:00","article_modified_time":"2025-10-13T15:49:38+00:00","og_image":[{"width":500,"height":500,"url":"https:\/\/www.iemj.org\/wp-content\/uploads\/2025\/10\/Logo-article-2-CD-Psalms-The-echo.jpg","type":"image\/jpeg"}],"author":"Jacqueline ROTEN","twitter_card":"summary_large_image","twitter_misc":{"Verfasst von":"Jacqueline ROTEN","Gesch\u00e4tzte Lesezeit":"6\u00a0Minuten"},"schema":{"@context":"https:\/\/schema.org","@graph":[{"@type":"Article","@id":"https:\/\/www.iemj.org\/de\/weiss-psalms-and-hymns-the-echo-of-the-temple\/#article","isPartOf":{"@id":"https:\/\/www.iemj.org\/de\/weiss-psalms-and-hymns-the-echo-of-the-temple\/"},"author":{"name":"Jacqueline ROTEN","@id":"https:\/\/www.iemj.org\/de\/#\/schema\/person\/358e26c18aca017fcc4cc15437f7279c"},"headline":"Weiss \u2013 Psalms and Hymns &amp; The echo of the temple","datePublished":"2025-10-13T13:47:40+00:00","dateModified":"2025-10-13T15:49:38+00:00","mainEntityOfPage":{"@id":"https:\/\/www.iemj.org\/de\/weiss-psalms-and-hymns-the-echo-of-the-temple\/"},"wordCount":905,"publisher":{"@id":"https:\/\/www.iemj.org\/de\/#organization"},"image":{"@id":"https:\/\/www.iemj.org\/de\/weiss-psalms-and-hymns-the-echo-of-the-temple\/#primaryimage"},"thumbnailUrl":"https:\/\/www.iemj.org\/wp-content\/uploads\/2025\/10\/Logo-article-2-CD-Psalms-The-echo.jpg","keywords":["Polen"],"articleSection":["CD","Letzte Neuerwerbungen"],"inLanguage":"de"},{"@type":"WebPage","@id":"https:\/\/www.iemj.org\/de\/weiss-psalms-and-hymns-the-echo-of-the-temple\/","url":"https:\/\/www.iemj.org\/de\/weiss-psalms-and-hymns-the-echo-of-the-temple\/","name":"Weiss \u2013 Psalms and Hymns &amp; The echo of the temple - Institut Europ\u00e9en des Musiques Juives","isPartOf":{"@id":"https:\/\/www.iemj.org\/de\/#website"},"primaryImageOfPage":{"@id":"https:\/\/www.iemj.org\/de\/weiss-psalms-and-hymns-the-echo-of-the-temple\/#primaryimage"},"image":{"@id":"https:\/\/www.iemj.org\/de\/weiss-psalms-and-hymns-the-echo-of-the-temple\/#primaryimage"},"thumbnailUrl":"https:\/\/www.iemj.org\/wp-content\/uploads\/2025\/10\/Logo-article-2-CD-Psalms-The-echo.jpg","datePublished":"2025-10-13T13:47:40+00:00","dateModified":"2025-10-13T15:49:38+00:00","breadcrumb":{"@id":"https:\/\/www.iemj.org\/de\/weiss-psalms-and-hymns-the-echo-of-the-temple\/#breadcrumb"},"inLanguage":"de","potentialAction":[{"@type":"ReadAction","target":["https:\/\/www.iemj.org\/de\/weiss-psalms-and-hymns-the-echo-of-the-temple\/"]}]},{"@type":"ImageObject","inLanguage":"de","@id":"https:\/\/www.iemj.org\/de\/weiss-psalms-and-hymns-the-echo-of-the-temple\/#primaryimage","url":"https:\/\/www.iemj.org\/wp-content\/uploads\/2025\/10\/Logo-article-2-CD-Psalms-The-echo.jpg","contentUrl":"https:\/\/www.iemj.org\/wp-content\/uploads\/2025\/10\/Logo-article-2-CD-Psalms-The-echo.jpg","width":500,"height":500},{"@type":"BreadcrumbList","@id":"https:\/\/www.iemj.org\/de\/weiss-psalms-and-hymns-the-echo-of-the-temple\/#breadcrumb","itemListElement":[{"@type":"ListItem","position":1,"name":"Accueil","item":"https:\/\/www.iemj.org\/de\/"},{"@type":"ListItem","position":2,"name":"Weiss \u2013 Psalms and Hymns &amp; The echo of the temple"}]},{"@type":"WebSite","@id":"https:\/\/www.iemj.org\/de\/#website","url":"https:\/\/www.iemj.org\/de\/","name":"Institut Europ\u00e9en des Musiques Juives","description":"Des traditions musicales \u00e0 la port\u00e9e de tous","publisher":{"@id":"https:\/\/www.iemj.org\/de\/#organization"},"potentialAction":[{"@type":"SearchAction","target":{"@type":"EntryPoint","urlTemplate":"https:\/\/www.iemj.org\/de\/?s={search_term_string}"},"query-input":{"@type":"PropertyValueSpecification","valueRequired":true,"valueName":"search_term_string"}}],"inLanguage":"de"},{"@type":"Organization","@id":"https:\/\/www.iemj.org\/de\/#organization","name":"Institut Europ\u00e9en des Musiques Juives","url":"https:\/\/www.iemj.org\/de\/","logo":{"@type":"ImageObject","inLanguage":"de","@id":"https:\/\/www.iemj.org\/de\/#\/schema\/logo\/image\/","url":"https:\/\/www.iemj.org\/wp-content\/uploads\/2021\/09\/Logo-IEMJ-Paypal.jpg","contentUrl":"https:\/\/www.iemj.org\/wp-content\/uploads\/2021\/09\/Logo-IEMJ-Paypal.jpg","width":150,"height":50,"caption":"Institut Europ\u00e9en des Musiques Juives"},"image":{"@id":"https:\/\/www.iemj.org\/de\/#\/schema\/logo\/image\/"},"sameAs":["https:\/\/www.facebook.com\/MusiquesJuives\/","https:\/\/www.instagram.com\/musiquesjuives\/","https:\/\/www.youtube.com\/user\/musiquesjuives"]},{"@type":"Person","@id":"https:\/\/www.iemj.org\/de\/#\/schema\/person\/358e26c18aca017fcc4cc15437f7279c","name":"Jacqueline ROTEN","image":{"@type":"ImageObject","inLanguage":"de","@id":"https:\/\/secure.gravatar.com\/avatar\/5964256d6c6957de3a3505278957e0fb2a35119ac47ea41827a65301213c810b?s=96&d=mm&r=g","url":"https:\/\/secure.gravatar.com\/avatar\/5964256d6c6957de3a3505278957e0fb2a35119ac47ea41827a65301213c810b?s=96&d=mm&r=g","contentUrl":"https:\/\/secure.gravatar.com\/avatar\/5964256d6c6957de3a3505278957e0fb2a35119ac47ea41827a65301213c810b?s=96&d=mm&r=g","caption":"Jacqueline ROTEN"}}]}},"_links":{"self":[{"href":"https:\/\/www.iemj.org\/de\/wp-json\/wp\/v2\/posts\/126746","targetHints":{"allow":["GET"]}}],"collection":[{"href":"https:\/\/www.iemj.org\/de\/wp-json\/wp\/v2\/posts"}],"about":[{"href":"https:\/\/www.iemj.org\/de\/wp-json\/wp\/v2\/types\/post"}],"author":[{"embeddable":true,"href":"https:\/\/www.iemj.org\/de\/wp-json\/wp\/v2\/users\/5"}],"replies":[{"embeddable":true,"href":"https:\/\/www.iemj.org\/de\/wp-json\/wp\/v2\/comments?post=126746"}],"version-history":[{"count":1,"href":"https:\/\/www.iemj.org\/de\/wp-json\/wp\/v2\/posts\/126746\/revisions"}],"predecessor-version":[{"id":126752,"href":"https:\/\/www.iemj.org\/de\/wp-json\/wp\/v2\/posts\/126746\/revisions\/126752"}],"wp:featuredmedia":[{"embeddable":true,"href":"https:\/\/www.iemj.org\/de\/wp-json\/wp\/v2\/media\/126650"}],"wp:attachment":[{"href":"https:\/\/www.iemj.org\/de\/wp-json\/wp\/v2\/media?parent=126746"}],"wp:term":[{"taxonomy":"category","embeddable":true,"href":"https:\/\/www.iemj.org\/de\/wp-json\/wp\/v2\/categories?post=126746"},{"taxonomy":"post_tag","embeddable":true,"href":"https:\/\/www.iemj.org\/de\/wp-json\/wp\/v2\/tags?post=126746"},{"taxonomy":"technique","embeddable":true,"href":"https:\/\/www.iemj.org\/de\/wp-json\/wp\/v2\/technique?post=126746"},{"taxonomy":"squelettes","embeddable":true,"href":"https:\/\/www.iemj.org\/de\/wp-json\/wp\/v2\/squelettes?post=126746"},{"taxonomy":"sujet","embeddable":true,"href":"https:\/\/www.iemj.org\/de\/wp-json\/wp\/v2\/sujet?post=126746"},{"taxonomy":"formation","embeddable":true,"href":"https:\/\/www.iemj.org\/de\/wp-json\/wp\/v2\/formation?post=126746"},{"taxonomy":"genre","embeddable":true,"href":"https:\/\/www.iemj.org\/de\/wp-json\/wp\/v2\/genre?post=126746"},{"taxonomy":"fonds","embeddable":true,"href":"https:\/\/www.iemj.org\/de\/wp-json\/wp\/v2\/fonds?post=126746"},{"taxonomy":"tradition","embeddable":true,"href":"https:\/\/www.iemj.org\/de\/wp-json\/wp\/v2\/tradition?post=126746"},{"taxonomy":"type-de-contenu","embeddable":true,"href":"https:\/\/www.iemj.org\/de\/wp-json\/wp\/v2\/type-de-contenu?post=126746"},{"taxonomy":"interprete-compositeur","embeddable":true,"href":"https:\/\/www.iemj.org\/de\/wp-json\/wp\/v2\/interprete-compositeur?post=126746"},{"taxonomy":"frise","embeddable":true,"href":"https:\/\/www.iemj.org\/de\/wp-json\/wp\/v2\/frise?post=126746"},{"taxonomy":"type-devenement","embeddable":true,"href":"https:\/\/www.iemj.org\/de\/wp-json\/wp\/v2\/type-devenement?post=126746"},{"taxonomy":"tableaux-liens-externes","embeddable":true,"href":"https:\/\/www.iemj.org\/de\/wp-json\/wp\/v2\/tableaux-liens-externes?post=126746"}],"curies":[{"name":"wp","href":"https:\/\/api.w.org\/{rel}","templated":true}]}}