{"id":126858,"date":"2025-10-15T12:41:52","date_gmt":"2025-10-15T10:41:52","guid":{"rendered":"https:\/\/www.iemj.org\/bible-poems-jewish-prayer\/"},"modified":"2025-10-15T15:21:51","modified_gmt":"2025-10-15T13:21:51","slug":"bible-poems-jewish-prayer","status":"publish","type":"post","link":"https:\/\/www.iemj.org\/de\/bible-poems-jewish-prayer\/","title":{"rendered":"Bible poems &amp; Jewish prayer"},"content":{"rendered":"\n<p>Die CDs \u201eBible poems\u201d und \u201eJewish prayer\u201d, die 2021 bzw. 2012 bei <a href=\"https:\/\/www.ambiente-audio.de\/main\/seite1.php?language=de&amp;filename=welcome.php&amp;layout=willkommmen\" target=\"_blank\" rel=\"noreferrer noopener\">Ambiente Audio<\/a> erschienen sind, bieten uns die Gelegenheit, die musikalischen Werke von etwa f\u00fcnfzehn Komponisten des 19. und 20. Jahrhunderts zu entdecken oder wiederzuentdecken, die von der j\u00fcdischen Liturgie oder der Bibel inspiriert sind. Einige dieser St\u00fccke wurden f\u00fcr Bratsche und Orgel arrangiert.<\/p>\n\n\n\n<p>In der j\u00fcdischen Tradition ist das Repertoire f\u00fcr Orgel und Soloinstrument in der Regel ziemlich begrenzt. Der erste Gebrauch der Orgel wird an der Wende vom 16. zum 17. Jahrhundert erw\u00e4hnt, insbesondere in Prag. Aber erst in der Zeit der j\u00fcdischen Aufkl\u00e4rung (Haskala) im 18. und 19. Jahrhundert etablierte sich dieses christliche Instrument par excellence in den reformierten Synagogen Deutschlands (1810 in Seesen), Frankreichs (1851) und Osteuropas. Heute wird die Orgel in den meisten Synagogen nicht mehr verwendet.<\/p>\n\n\n\n<p>In diesem Bewusstsein lassen der Bratschist Semjon Kalinowsky und der Organist Tosten Laux auf ihren CDs \u201eBible poems\u201d und \u201eJewish prayer\u201d einige St\u00fccke dieses Orgelrepertoires (Werke von <a href=\"https:\/\/www.iemj.org\/de\/lewandowski-louis-lazarus-1821-1894\/\" target=\"_blank\" rel=\"noreferrer noopener\">Louis Lewandowski<\/a>, Joseph Sulzer, Friedrich Gernsheim, Alain Jehan, <a href=\"https:\/\/www.iemj.org\/de\/halphen-fernand-1872-1917\/\" target=\"_blank\" rel=\"noreferrer noopener\">Fernand Halphen<\/a>\u2026) sowie Bearbeitungen bekannter Werke wie Kol Nidre von Max Bruch, Kaddish von Maurice Ravel oder Pri\u00e8re (Gebet) von <a href=\"https:\/\/www.iemj.org\/de\/bloch-ernest-1880-1959\/\" target=\"_blank\" rel=\"noreferrer noopener\">Ernest Bloch<\/a>. Diese beiden CDs lassen auch weniger bekannte Komponisten wie Albert Kellermann, Joachim Stutschewsky, Jaromir Weinberger und Siegfried W\u00fcrzburger entdecken. Torsten Laux interpretiert darauf auch zwei seiner eigenen Kompositionen: Meditation und Schalom.<\/p>\n\n\n\n<div class=\"wp-block-columns are-vertically-aligned-center is-layout-flex wp-container-core-columns-is-layout-9d6595d7 wp-block-columns-is-layout-flex\">\n<div class=\"wp-block-column is-vertically-aligned-center is-layout-flow wp-block-column-is-layout-flow\"><div class=\"wp-block-image\">\n<figure class=\"aligncenter size-large is-resized\"><img decoding=\"async\" src=\"https:\/\/www.iemj.org\/wp-content\/uploads\/2025\/10\/Bible-Poems_COUV.jpg\" alt=\"\" style=\"aspect-ratio:1;object-fit:cover;width:470px;height:auto\"\/><\/figure>\n<\/div><\/div>\n\n\n\n<div class=\"wp-block-column is-vertically-aligned-center is-layout-flow wp-block-column-is-layout-flow\"><div class=\"wp-block-image\">\n<figure class=\"aligncenter size-large is-resized\"><img decoding=\"async\" src=\"https:\/\/www.iemj.org\/wp-content\/uploads\/2025\/10\/Jewish-prayer_COUV.jpg\" alt=\"\" style=\"aspect-ratio:1;object-fit:cover;width:454px;height:auto\"\/><\/figure>\n<\/div><\/div>\n<\/div>\n\n\n\n<p>Wie die <a href=\"https:\/\/www.iemj.org\/wp-content\/uploads\/2025\/10\/Musica-sacra-2023-4-S.-276.pdf\" target=\"_blank\" rel=\"noreferrer noopener\">Revue <em>Musica Sacra (2023 \u2013 4)<\/em><\/a> feststellt, \u201e Diese CD ist christlich-j\u00fcdischer Dialog par excellence! Der aus der Ukraine stammende, in L\u00fcbeck lebende Bratschist Semjon Kalinowsky engagiert sich bereits seit vielen Jahren f\u00fcr die Wiederentdeckung der Werke j\u00fcdischer Komponisten (u. a. ist er Herausgeber des 2021 erschienenen Bands <a href=\"https:\/\/www.strube.de\/produkt\/prayer-of-remembrance\/\" target=\"_blank\" rel=\"noreferrer noopener\"><em>Prayer of Remembrance<\/em><\/a> mit Orgelwerken j\u00fcdischer Meister, Strube VS 3607). Bible Poems ist seine inzwischen dritte CD mit Einspielungen von Werken f\u00fcr Viola und Orgel. Al Aufnahmeort ist die historische Ibach-Orgel in der St.-Antonius-Kirche Fleckenberg (Sauerland) gew\u00e4hlt, die 1865 f\u00fcr die Aachener Synagoge gebaut worden war und sp\u00e4ter an ihren heutigen Standort kam. Sie ist die gr\u00f6\u00dfte erhaltene Ibach- Orgel und zugleich eine von nur zwei erhaltenen historischen (ehemaligen) Synagogen- Orgeln in Deutschland. Ihre Disposition ist noch sehr klassisch gehalten und zeigt erst behutsame Ans\u00e4tze \u203aromantischer\u2039 Klang\u00e4sthetik. Umso erstaunlicher, was Torsten Laux aus diesem Instrument herausholt. In einer symphonischen Herangehensweise wird er zu einem Klangmagier, der mit seinem Spiel von den ersten T\u00f6nen an zu fesseln wei\u00df. Kalinowskys Bratschenspiel steht dem in nichts nach: Mit herb-melancholischem Klang bringt er die Saiten zum Singen, sodass sich im Zusammenspiel zwischen beiden Musikern bezaubernde Klanggem\u00e4lde entwickeln.\u201c<\/p>\n\n\n\n<ul class=\"wp-block-list\">\n<li><a href=\"https:\/\/www.ambiente-audio.de\/main\/seite1.php?language=en&amp;filename=production.php&amp;bestnr=3057&amp;layout=katalog\" target=\"_blank\" rel=\"noreferrer noopener\">Weitere Informationen und Bestellung der CD \u201eBible Poems\u201c<\/a><\/li>\n\n\n\n<li><a href=\"https:\/\/www.ambiente-audio.de\/main\/seite1.php?language=en&amp;filename=production.php&amp;bestnr=3014&amp;layout=katalog\" target=\"_blank\" rel=\"noreferrer noopener\">Weitere Informationen und Bestellung der CD \u201e Jewish prayer\u201c<\/a><\/li>\n\n\n\n<li><a href=\"https:\/\/www.iemj.org\/de\/lorgue-dans-la-tradition-juive\/\" target=\"_blank\" rel=\"noreferrer noopener\"><a href=\"https:\/\/www.iemj.org\/de\/lorgue-dans-la-tradition-juive\/\">Artikel lesen: \u201eDie Orgel in der j\u00fcdischen Tradition\u201d<\/a><\/a><\/li>\n<\/ul>\n\n\n\n<figure class=\"wp-block-image alignwide size-large\"><img fetchpriority=\"high\" decoding=\"async\" width=\"1024\" height=\"133\" src=\"https:\/\/www.iemj.org\/wp-content\/uploads\/2024\/03\/AUDIO-PLAYER-1024x133.png\" alt=\"\" class=\"wp-image-110608\" srcset=\"https:\/\/www.iemj.org\/wp-content\/uploads\/2024\/03\/AUDIO-PLAYER-1024x133.png 1024w, https:\/\/www.iemj.org\/wp-content\/uploads\/2024\/03\/AUDIO-PLAYER-300x39.png 300w, https:\/\/www.iemj.org\/wp-content\/uploads\/2024\/03\/AUDIO-PLAYER-768x100.png 768w, https:\/\/www.iemj.org\/wp-content\/uploads\/2024\/03\/AUDIO-PLAYER-600x78.png 600w, https:\/\/www.iemj.org\/wp-content\/uploads\/2024\/03\/AUDIO-PLAYER.png 1210w\" sizes=\"(max-width: 1024px) 100vw, 1024px\" \/><\/figure>\n\n\n\n<p class=\"has-text-align-center\"><strong>Anh\u00f6ren der folgenden Ausschnitte<\/strong><\/p>\n\n\n\n<p><\/p>\n","protected":false},"excerpt":{"rendered":"<p>Die CDs \u201eBible poems\u201d und \u201eJewish prayer\u201d, die 2021 bzw. 2012 bei Ambiente Audio erschienen sind, bieten uns die Gelegenheit, die musikalischen Werke von etwa f\u00fcnfzehn Komponisten des 19. und<\/p>\n","protected":false},"author":5,"featured_media":126790,"comment_status":"closed","ping_status":"closed","sticky":false,"template":"","format":"standard","meta":{"_acf_changed":false,"footnotes":""},"categories":[1571,1561],"tags":[],"technique":[],"squelettes":[],"sujet":[],"formation":[],"genre":[],"fonds":[],"tradition":[],"type-de-contenu":[],"interprete-compositeur":[],"frise":[],"type-devenement":[],"tableaux-liens-externes":[],"class_list":["post-126858","post","type-post","status-publish","format-standard","has-post-thumbnail","hentry","category-cd-de","category-letzte-neuerwerbungen-de"],"acf":[],"yoast_head":"<!-- This site is optimized with the Yoast SEO plugin v27.3 - https:\/\/yoast.com\/product\/yoast-seo-wordpress\/ -->\n<title>Bible poems &amp; Jewish prayer - Institut Europ\u00e9en des Musiques Juives<\/title>\n<meta name=\"robots\" content=\"index, follow, max-snippet:-1, max-image-preview:large, max-video-preview:-1\" \/>\n<link rel=\"canonical\" href=\"https:\/\/www.iemj.org\/de\/bible-poems-jewish-prayer\/\" \/>\n<meta property=\"og:locale\" content=\"de_DE\" \/>\n<meta property=\"og:type\" content=\"article\" \/>\n<meta property=\"og:title\" content=\"Bible poems &amp; Jewish prayer - Institut Europ\u00e9en des Musiques Juives\" \/>\n<meta property=\"og:description\" content=\"Die CDs \u201eBible poems\u201d und \u201eJewish prayer\u201d, die 2021 bzw. 2012 bei Ambiente Audio erschienen sind, bieten uns die Gelegenheit, die musikalischen Werke von etwa f\u00fcnfzehn Komponisten des 19. und\" \/>\n<meta property=\"og:url\" content=\"https:\/\/www.iemj.org\/de\/bible-poems-jewish-prayer\/\" \/>\n<meta property=\"og:site_name\" content=\"Institut Europ\u00e9en des Musiques Juives\" \/>\n<meta property=\"article:publisher\" content=\"https:\/\/www.facebook.com\/MusiquesJuives\/\" \/>\n<meta property=\"article:published_time\" content=\"2025-10-15T10:41:52+00:00\" \/>\n<meta property=\"article:modified_time\" content=\"2025-10-15T13:21:51+00:00\" \/>\n<meta property=\"og:image\" content=\"https:\/\/www.iemj.org\/wp-content\/uploads\/2025\/10\/Logo-CD_Bible-poems-Jewish-prayer.jpg\" \/>\n\t<meta property=\"og:image:width\" content=\"500\" \/>\n\t<meta property=\"og:image:height\" content=\"500\" \/>\n\t<meta property=\"og:image:type\" content=\"image\/jpeg\" \/>\n<meta name=\"author\" content=\"Jacqueline ROTEN\" \/>\n<meta name=\"twitter:card\" content=\"summary_large_image\" \/>\n<meta name=\"twitter:label1\" content=\"Verfasst von\" \/>\n\t<meta name=\"twitter:data1\" content=\"Jacqueline ROTEN\" \/>\n\t<meta name=\"twitter:label2\" content=\"Gesch\u00e4tzte Lesezeit\" \/>\n\t<meta name=\"twitter:data2\" content=\"4\u00a0Minuten\" \/>\n<script type=\"application\/ld+json\" class=\"yoast-schema-graph\">{\"@context\":\"https:\\\/\\\/schema.org\",\"@graph\":[{\"@type\":\"Article\",\"@id\":\"https:\\\/\\\/www.iemj.org\\\/de\\\/bible-poems-jewish-prayer\\\/#article\",\"isPartOf\":{\"@id\":\"https:\\\/\\\/www.iemj.org\\\/de\\\/bible-poems-jewish-prayer\\\/\"},\"author\":{\"name\":\"Jacqueline ROTEN\",\"@id\":\"https:\\\/\\\/www.iemj.org\\\/de\\\/#\\\/schema\\\/person\\\/358e26c18aca017fcc4cc15437f7279c\"},\"headline\":\"Bible poems &amp; Jewish prayer\",\"datePublished\":\"2025-10-15T10:41:52+00:00\",\"dateModified\":\"2025-10-15T13:21:51+00:00\",\"mainEntityOfPage\":{\"@id\":\"https:\\\/\\\/www.iemj.org\\\/de\\\/bible-poems-jewish-prayer\\\/\"},\"wordCount\":459,\"publisher\":{\"@id\":\"https:\\\/\\\/www.iemj.org\\\/de\\\/#organization\"},\"image\":{\"@id\":\"https:\\\/\\\/www.iemj.org\\\/de\\\/bible-poems-jewish-prayer\\\/#primaryimage\"},\"thumbnailUrl\":\"https:\\\/\\\/www.iemj.org\\\/wp-content\\\/uploads\\\/2025\\\/10\\\/Logo-CD_Bible-poems-Jewish-prayer.jpg\",\"articleSection\":[\"CD\",\"Letzte Neuerwerbungen\"],\"inLanguage\":\"de\"},{\"@type\":\"WebPage\",\"@id\":\"https:\\\/\\\/www.iemj.org\\\/de\\\/bible-poems-jewish-prayer\\\/\",\"url\":\"https:\\\/\\\/www.iemj.org\\\/de\\\/bible-poems-jewish-prayer\\\/\",\"name\":\"Bible poems &amp; Jewish prayer - Institut Europ\u00e9en des Musiques Juives\",\"isPartOf\":{\"@id\":\"https:\\\/\\\/www.iemj.org\\\/de\\\/#website\"},\"primaryImageOfPage\":{\"@id\":\"https:\\\/\\\/www.iemj.org\\\/de\\\/bible-poems-jewish-prayer\\\/#primaryimage\"},\"image\":{\"@id\":\"https:\\\/\\\/www.iemj.org\\\/de\\\/bible-poems-jewish-prayer\\\/#primaryimage\"},\"thumbnailUrl\":\"https:\\\/\\\/www.iemj.org\\\/wp-content\\\/uploads\\\/2025\\\/10\\\/Logo-CD_Bible-poems-Jewish-prayer.jpg\",\"datePublished\":\"2025-10-15T10:41:52+00:00\",\"dateModified\":\"2025-10-15T13:21:51+00:00\",\"breadcrumb\":{\"@id\":\"https:\\\/\\\/www.iemj.org\\\/de\\\/bible-poems-jewish-prayer\\\/#breadcrumb\"},\"inLanguage\":\"de\",\"potentialAction\":[{\"@type\":\"ReadAction\",\"target\":[\"https:\\\/\\\/www.iemj.org\\\/de\\\/bible-poems-jewish-prayer\\\/\"]}]},{\"@type\":\"ImageObject\",\"inLanguage\":\"de\",\"@id\":\"https:\\\/\\\/www.iemj.org\\\/de\\\/bible-poems-jewish-prayer\\\/#primaryimage\",\"url\":\"https:\\\/\\\/www.iemj.org\\\/wp-content\\\/uploads\\\/2025\\\/10\\\/Logo-CD_Bible-poems-Jewish-prayer.jpg\",\"contentUrl\":\"https:\\\/\\\/www.iemj.org\\\/wp-content\\\/uploads\\\/2025\\\/10\\\/Logo-CD_Bible-poems-Jewish-prayer.jpg\",\"width\":500,\"height\":500},{\"@type\":\"BreadcrumbList\",\"@id\":\"https:\\\/\\\/www.iemj.org\\\/de\\\/bible-poems-jewish-prayer\\\/#breadcrumb\",\"itemListElement\":[{\"@type\":\"ListItem\",\"position\":1,\"name\":\"Accueil\",\"item\":\"https:\\\/\\\/www.iemj.org\\\/de\\\/\"},{\"@type\":\"ListItem\",\"position\":2,\"name\":\"Bible poems &amp; Jewish prayer\"}]},{\"@type\":\"WebSite\",\"@id\":\"https:\\\/\\\/www.iemj.org\\\/de\\\/#website\",\"url\":\"https:\\\/\\\/www.iemj.org\\\/de\\\/\",\"name\":\"Institut Europ\u00e9en des Musiques Juives\",\"description\":\"Des traditions musicales \u00e0 la port\u00e9e de tous\",\"publisher\":{\"@id\":\"https:\\\/\\\/www.iemj.org\\\/de\\\/#organization\"},\"potentialAction\":[{\"@type\":\"SearchAction\",\"target\":{\"@type\":\"EntryPoint\",\"urlTemplate\":\"https:\\\/\\\/www.iemj.org\\\/de\\\/?s={search_term_string}\"},\"query-input\":{\"@type\":\"PropertyValueSpecification\",\"valueRequired\":true,\"valueName\":\"search_term_string\"}}],\"inLanguage\":\"de\"},{\"@type\":\"Organization\",\"@id\":\"https:\\\/\\\/www.iemj.org\\\/de\\\/#organization\",\"name\":\"Institut Europ\u00e9en des Musiques Juives\",\"url\":\"https:\\\/\\\/www.iemj.org\\\/de\\\/\",\"logo\":{\"@type\":\"ImageObject\",\"inLanguage\":\"de\",\"@id\":\"https:\\\/\\\/www.iemj.org\\\/de\\\/#\\\/schema\\\/logo\\\/image\\\/\",\"url\":\"https:\\\/\\\/www.iemj.org\\\/wp-content\\\/uploads\\\/2021\\\/09\\\/Logo-IEMJ-Paypal.jpg\",\"contentUrl\":\"https:\\\/\\\/www.iemj.org\\\/wp-content\\\/uploads\\\/2021\\\/09\\\/Logo-IEMJ-Paypal.jpg\",\"width\":150,\"height\":50,\"caption\":\"Institut Europ\u00e9en des Musiques Juives\"},\"image\":{\"@id\":\"https:\\\/\\\/www.iemj.org\\\/de\\\/#\\\/schema\\\/logo\\\/image\\\/\"},\"sameAs\":[\"https:\\\/\\\/www.facebook.com\\\/MusiquesJuives\\\/\",\"https:\\\/\\\/www.instagram.com\\\/musiquesjuives\\\/\",\"https:\\\/\\\/www.youtube.com\\\/user\\\/musiquesjuives\"]},{\"@type\":\"Person\",\"@id\":\"https:\\\/\\\/www.iemj.org\\\/de\\\/#\\\/schema\\\/person\\\/358e26c18aca017fcc4cc15437f7279c\",\"name\":\"Jacqueline ROTEN\",\"image\":{\"@type\":\"ImageObject\",\"inLanguage\":\"de\",\"@id\":\"https:\\\/\\\/secure.gravatar.com\\\/avatar\\\/5964256d6c6957de3a3505278957e0fb2a35119ac47ea41827a65301213c810b?s=96&d=mm&r=g\",\"url\":\"https:\\\/\\\/secure.gravatar.com\\\/avatar\\\/5964256d6c6957de3a3505278957e0fb2a35119ac47ea41827a65301213c810b?s=96&d=mm&r=g\",\"contentUrl\":\"https:\\\/\\\/secure.gravatar.com\\\/avatar\\\/5964256d6c6957de3a3505278957e0fb2a35119ac47ea41827a65301213c810b?s=96&d=mm&r=g\",\"caption\":\"Jacqueline ROTEN\"}}]}<\/script>\n<!-- \/ Yoast SEO plugin. -->","yoast_head_json":{"title":"Bible poems &amp; Jewish prayer - Institut Europ\u00e9en des Musiques Juives","robots":{"index":"index","follow":"follow","max-snippet":"max-snippet:-1","max-image-preview":"max-image-preview:large","max-video-preview":"max-video-preview:-1"},"canonical":"https:\/\/www.iemj.org\/de\/bible-poems-jewish-prayer\/","og_locale":"de_DE","og_type":"article","og_title":"Bible poems &amp; Jewish prayer - Institut Europ\u00e9en des Musiques Juives","og_description":"Die CDs \u201eBible poems\u201d und \u201eJewish prayer\u201d, die 2021 bzw. 2012 bei Ambiente Audio erschienen sind, bieten uns die Gelegenheit, die musikalischen Werke von etwa f\u00fcnfzehn Komponisten des 19. und","og_url":"https:\/\/www.iemj.org\/de\/bible-poems-jewish-prayer\/","og_site_name":"Institut Europ\u00e9en des Musiques Juives","article_publisher":"https:\/\/www.facebook.com\/MusiquesJuives\/","article_published_time":"2025-10-15T10:41:52+00:00","article_modified_time":"2025-10-15T13:21:51+00:00","og_image":[{"width":500,"height":500,"url":"https:\/\/www.iemj.org\/wp-content\/uploads\/2025\/10\/Logo-CD_Bible-poems-Jewish-prayer.jpg","type":"image\/jpeg"}],"author":"Jacqueline ROTEN","twitter_card":"summary_large_image","twitter_misc":{"Verfasst von":"Jacqueline ROTEN","Gesch\u00e4tzte Lesezeit":"4\u00a0Minuten"},"schema":{"@context":"https:\/\/schema.org","@graph":[{"@type":"Article","@id":"https:\/\/www.iemj.org\/de\/bible-poems-jewish-prayer\/#article","isPartOf":{"@id":"https:\/\/www.iemj.org\/de\/bible-poems-jewish-prayer\/"},"author":{"name":"Jacqueline ROTEN","@id":"https:\/\/www.iemj.org\/de\/#\/schema\/person\/358e26c18aca017fcc4cc15437f7279c"},"headline":"Bible poems &amp; Jewish prayer","datePublished":"2025-10-15T10:41:52+00:00","dateModified":"2025-10-15T13:21:51+00:00","mainEntityOfPage":{"@id":"https:\/\/www.iemj.org\/de\/bible-poems-jewish-prayer\/"},"wordCount":459,"publisher":{"@id":"https:\/\/www.iemj.org\/de\/#organization"},"image":{"@id":"https:\/\/www.iemj.org\/de\/bible-poems-jewish-prayer\/#primaryimage"},"thumbnailUrl":"https:\/\/www.iemj.org\/wp-content\/uploads\/2025\/10\/Logo-CD_Bible-poems-Jewish-prayer.jpg","articleSection":["CD","Letzte Neuerwerbungen"],"inLanguage":"de"},{"@type":"WebPage","@id":"https:\/\/www.iemj.org\/de\/bible-poems-jewish-prayer\/","url":"https:\/\/www.iemj.org\/de\/bible-poems-jewish-prayer\/","name":"Bible poems &amp; Jewish prayer - Institut Europ\u00e9en des Musiques Juives","isPartOf":{"@id":"https:\/\/www.iemj.org\/de\/#website"},"primaryImageOfPage":{"@id":"https:\/\/www.iemj.org\/de\/bible-poems-jewish-prayer\/#primaryimage"},"image":{"@id":"https:\/\/www.iemj.org\/de\/bible-poems-jewish-prayer\/#primaryimage"},"thumbnailUrl":"https:\/\/www.iemj.org\/wp-content\/uploads\/2025\/10\/Logo-CD_Bible-poems-Jewish-prayer.jpg","datePublished":"2025-10-15T10:41:52+00:00","dateModified":"2025-10-15T13:21:51+00:00","breadcrumb":{"@id":"https:\/\/www.iemj.org\/de\/bible-poems-jewish-prayer\/#breadcrumb"},"inLanguage":"de","potentialAction":[{"@type":"ReadAction","target":["https:\/\/www.iemj.org\/de\/bible-poems-jewish-prayer\/"]}]},{"@type":"ImageObject","inLanguage":"de","@id":"https:\/\/www.iemj.org\/de\/bible-poems-jewish-prayer\/#primaryimage","url":"https:\/\/www.iemj.org\/wp-content\/uploads\/2025\/10\/Logo-CD_Bible-poems-Jewish-prayer.jpg","contentUrl":"https:\/\/www.iemj.org\/wp-content\/uploads\/2025\/10\/Logo-CD_Bible-poems-Jewish-prayer.jpg","width":500,"height":500},{"@type":"BreadcrumbList","@id":"https:\/\/www.iemj.org\/de\/bible-poems-jewish-prayer\/#breadcrumb","itemListElement":[{"@type":"ListItem","position":1,"name":"Accueil","item":"https:\/\/www.iemj.org\/de\/"},{"@type":"ListItem","position":2,"name":"Bible poems &amp; Jewish prayer"}]},{"@type":"WebSite","@id":"https:\/\/www.iemj.org\/de\/#website","url":"https:\/\/www.iemj.org\/de\/","name":"Institut Europ\u00e9en des Musiques Juives","description":"Des traditions musicales \u00e0 la port\u00e9e de tous","publisher":{"@id":"https:\/\/www.iemj.org\/de\/#organization"},"potentialAction":[{"@type":"SearchAction","target":{"@type":"EntryPoint","urlTemplate":"https:\/\/www.iemj.org\/de\/?s={search_term_string}"},"query-input":{"@type":"PropertyValueSpecification","valueRequired":true,"valueName":"search_term_string"}}],"inLanguage":"de"},{"@type":"Organization","@id":"https:\/\/www.iemj.org\/de\/#organization","name":"Institut Europ\u00e9en des Musiques Juives","url":"https:\/\/www.iemj.org\/de\/","logo":{"@type":"ImageObject","inLanguage":"de","@id":"https:\/\/www.iemj.org\/de\/#\/schema\/logo\/image\/","url":"https:\/\/www.iemj.org\/wp-content\/uploads\/2021\/09\/Logo-IEMJ-Paypal.jpg","contentUrl":"https:\/\/www.iemj.org\/wp-content\/uploads\/2021\/09\/Logo-IEMJ-Paypal.jpg","width":150,"height":50,"caption":"Institut Europ\u00e9en des Musiques Juives"},"image":{"@id":"https:\/\/www.iemj.org\/de\/#\/schema\/logo\/image\/"},"sameAs":["https:\/\/www.facebook.com\/MusiquesJuives\/","https:\/\/www.instagram.com\/musiquesjuives\/","https:\/\/www.youtube.com\/user\/musiquesjuives"]},{"@type":"Person","@id":"https:\/\/www.iemj.org\/de\/#\/schema\/person\/358e26c18aca017fcc4cc15437f7279c","name":"Jacqueline ROTEN","image":{"@type":"ImageObject","inLanguage":"de","@id":"https:\/\/secure.gravatar.com\/avatar\/5964256d6c6957de3a3505278957e0fb2a35119ac47ea41827a65301213c810b?s=96&d=mm&r=g","url":"https:\/\/secure.gravatar.com\/avatar\/5964256d6c6957de3a3505278957e0fb2a35119ac47ea41827a65301213c810b?s=96&d=mm&r=g","contentUrl":"https:\/\/secure.gravatar.com\/avatar\/5964256d6c6957de3a3505278957e0fb2a35119ac47ea41827a65301213c810b?s=96&d=mm&r=g","caption":"Jacqueline ROTEN"}}]}},"_links":{"self":[{"href":"https:\/\/www.iemj.org\/de\/wp-json\/wp\/v2\/posts\/126858","targetHints":{"allow":["GET"]}}],"collection":[{"href":"https:\/\/www.iemj.org\/de\/wp-json\/wp\/v2\/posts"}],"about":[{"href":"https:\/\/www.iemj.org\/de\/wp-json\/wp\/v2\/types\/post"}],"author":[{"embeddable":true,"href":"https:\/\/www.iemj.org\/de\/wp-json\/wp\/v2\/users\/5"}],"replies":[{"embeddable":true,"href":"https:\/\/www.iemj.org\/de\/wp-json\/wp\/v2\/comments?post=126858"}],"version-history":[{"count":4,"href":"https:\/\/www.iemj.org\/de\/wp-json\/wp\/v2\/posts\/126858\/revisions"}],"predecessor-version":[{"id":126884,"href":"https:\/\/www.iemj.org\/de\/wp-json\/wp\/v2\/posts\/126858\/revisions\/126884"}],"wp:featuredmedia":[{"embeddable":true,"href":"https:\/\/www.iemj.org\/de\/wp-json\/wp\/v2\/media\/126790"}],"wp:attachment":[{"href":"https:\/\/www.iemj.org\/de\/wp-json\/wp\/v2\/media?parent=126858"}],"wp:term":[{"taxonomy":"category","embeddable":true,"href":"https:\/\/www.iemj.org\/de\/wp-json\/wp\/v2\/categories?post=126858"},{"taxonomy":"post_tag","embeddable":true,"href":"https:\/\/www.iemj.org\/de\/wp-json\/wp\/v2\/tags?post=126858"},{"taxonomy":"technique","embeddable":true,"href":"https:\/\/www.iemj.org\/de\/wp-json\/wp\/v2\/technique?post=126858"},{"taxonomy":"squelettes","embeddable":true,"href":"https:\/\/www.iemj.org\/de\/wp-json\/wp\/v2\/squelettes?post=126858"},{"taxonomy":"sujet","embeddable":true,"href":"https:\/\/www.iemj.org\/de\/wp-json\/wp\/v2\/sujet?post=126858"},{"taxonomy":"formation","embeddable":true,"href":"https:\/\/www.iemj.org\/de\/wp-json\/wp\/v2\/formation?post=126858"},{"taxonomy":"genre","embeddable":true,"href":"https:\/\/www.iemj.org\/de\/wp-json\/wp\/v2\/genre?post=126858"},{"taxonomy":"fonds","embeddable":true,"href":"https:\/\/www.iemj.org\/de\/wp-json\/wp\/v2\/fonds?post=126858"},{"taxonomy":"tradition","embeddable":true,"href":"https:\/\/www.iemj.org\/de\/wp-json\/wp\/v2\/tradition?post=126858"},{"taxonomy":"type-de-contenu","embeddable":true,"href":"https:\/\/www.iemj.org\/de\/wp-json\/wp\/v2\/type-de-contenu?post=126858"},{"taxonomy":"interprete-compositeur","embeddable":true,"href":"https:\/\/www.iemj.org\/de\/wp-json\/wp\/v2\/interprete-compositeur?post=126858"},{"taxonomy":"frise","embeddable":true,"href":"https:\/\/www.iemj.org\/de\/wp-json\/wp\/v2\/frise?post=126858"},{"taxonomy":"type-devenement","embeddable":true,"href":"https:\/\/www.iemj.org\/de\/wp-json\/wp\/v2\/type-devenement?post=126858"},{"taxonomy":"tableaux-liens-externes","embeddable":true,"href":"https:\/\/www.iemj.org\/de\/wp-json\/wp\/v2\/tableaux-liens-externes?post=126858"}],"curies":[{"name":"wp","href":"https:\/\/api.w.org\/{rel}","templated":true}]}}