{"id":128201,"date":"2025-11-19T17:29:41","date_gmt":"2025-11-19T16:29:41","guid":{"rendered":"https:\/\/www.iemj.org\/liturgie-juive-ashkenaze-andre-stora\/"},"modified":"2025-11-20T13:12:16","modified_gmt":"2025-11-20T12:12:16","slug":"liturgie-juive-ashkenaze-andre-stora","status":"publish","type":"post","link":"https:\/\/www.iemj.org\/de\/liturgie-juive-ashkenaze-andre-stora\/","title":{"rendered":"J\u00fcdische Liturgie der Aschkenasim &#8211; Andr\u00e9 Stora"},"content":{"rendered":"\n<h2 class=\"wp-block-heading\">Festges\u00e4nge, Lesung der Tora<\/h2>\n\n\n\n<p>Andr\u00e9 Stora hat sein Leben der Liturgie, dem Gesang und der Weitergabe gewidmet.<\/p>\n\n\n\n<p>Nachdem er zun\u00e4chst als Kantor in der Synagoge von Saint-Etienne und anschlie\u00dfend in der Synagoge de la Victoire in Paris t\u00e4tig war, verbrachte Andr\u00e9 Stora den gr\u00f6\u00dften Teil seiner Karriere in der Synagoge von Nancy, wo er einen Jugendchor gr\u00fcndete, insbesondere die Theatergruppe Eclaireurs Isra\u00e9lites de France ins Leben rief und die Leitung des Talmud Torah \u00fcbernahm.<\/p>\n\n\n\n<p>Die Website (auf Franz\u00f6sisch) <em>Liturgie Juive ashk\u00e9naze<\/em> von Andr\u00e9 Stora, die einen gro\u00dfen Reichtum an aschkenasischer Liturgie bietet, erm\u00f6glicht insbesondere das Herunterladen von Partituren von Samuel David, Louis Lewandowski, Joseph Sulzer oder Samuel Naumbourg f\u00fcr verschiedene Gottesdienste und Feiertage.<\/p>\n\n\n\n<div class=\"wp-block-buttons is-layout-flex wp-block-buttons-is-layout-flex\">\n<div class=\"wp-block-button\"><a class=\"wp-block-button__link has-white-color has-text-color has-background has-link-color wp-element-button\" href=\"https:\/\/andrestora.com\/\" style=\"background-color:#3c4b98\" target=\"_blank\" rel=\"noreferrer noopener\"><strong>Besuchen Sie die Website von Andr\u00e9 Stora \u2013 Liturgie Juive Ashk\u00e9naze<\/strong><\/a><\/div>\n<\/div>\n\n\n\n<p><\/p>\n","protected":false},"excerpt":{"rendered":"<p>Festges\u00e4nge, Lesung der Tora Andr\u00e9 Stora hat sein Leben der Liturgie, dem Gesang und der Weitergabe gewidmet. Nachdem er zun\u00e4chst als Kantor in der Synagoge von Saint-Etienne und anschlie\u00dfend in<\/p>\n","protected":false},"author":5,"featured_media":128189,"comment_status":"closed","ping_status":"closed","sticky":false,"template":"","format":"standard","meta":{"_acf_changed":false,"footnotes":""},"categories":[1422,2052],"tags":[],"technique":[],"squelettes":[],"sujet":[2099],"formation":[],"genre":[],"fonds":[],"tradition":[],"type-de-contenu":[],"interprete-compositeur":[],"frise":[],"type-devenement":[],"tableaux-liens-externes":[],"class_list":["post-128201","post","type-post","status-publish","format-standard","has-post-thumbnail","hentry","category-externe-links-de","category-online-ressourcen-de","sujet-elsass-lothringen-de"],"acf":[],"yoast_head":"<!-- This site is optimized with the Yoast SEO plugin v27.3 - https:\/\/yoast.com\/product\/yoast-seo-wordpress\/ -->\n<title>J\u00fcdische Liturgie der Aschkenasim - Andr\u00e9 Stora - Institut Europ\u00e9en des Musiques Juives<\/title>\n<meta name=\"robots\" content=\"index, follow, max-snippet:-1, max-image-preview:large, max-video-preview:-1\" \/>\n<link rel=\"canonical\" href=\"https:\/\/www.iemj.org\/de\/liturgie-juive-ashkenaze-andre-stora\/\" \/>\n<meta property=\"og:locale\" content=\"de_DE\" \/>\n<meta property=\"og:type\" content=\"article\" \/>\n<meta property=\"og:title\" content=\"J\u00fcdische Liturgie der Aschkenasim - Andr\u00e9 Stora - Institut Europ\u00e9en des Musiques Juives\" \/>\n<meta property=\"og:description\" content=\"Festges\u00e4nge, Lesung der Tora Andr\u00e9 Stora hat sein Leben der Liturgie, dem Gesang und der Weitergabe gewidmet. Nachdem er zun\u00e4chst als Kantor in der Synagoge von Saint-Etienne und anschlie\u00dfend in\" \/>\n<meta property=\"og:url\" content=\"https:\/\/www.iemj.org\/de\/liturgie-juive-ashkenaze-andre-stora\/\" \/>\n<meta property=\"og:site_name\" content=\"Institut Europ\u00e9en des Musiques Juives\" \/>\n<meta property=\"article:publisher\" content=\"https:\/\/www.facebook.com\/MusiquesJuives\/\" \/>\n<meta property=\"article:published_time\" content=\"2025-11-19T16:29:41+00:00\" \/>\n<meta property=\"article:modified_time\" content=\"2025-11-20T12:12:16+00:00\" \/>\n<meta property=\"og:image\" content=\"https:\/\/www.iemj.org\/wp-content\/uploads\/2025\/11\/Logo-Lien-externe-Liturgie-Juive-ashkenaze_Andre-Stora.jpg\" \/>\n\t<meta property=\"og:image:width\" content=\"859\" \/>\n\t<meta property=\"og:image:height\" content=\"241\" \/>\n\t<meta property=\"og:image:type\" content=\"image\/jpeg\" \/>\n<meta name=\"author\" content=\"Jacqueline ROTEN\" \/>\n<meta name=\"twitter:card\" content=\"summary_large_image\" \/>\n<meta name=\"twitter:label1\" content=\"Verfasst von\" \/>\n\t<meta name=\"twitter:data1\" content=\"Jacqueline ROTEN\" \/>\n\t<meta name=\"twitter:label2\" content=\"Gesch\u00e4tzte Lesezeit\" \/>\n\t<meta name=\"twitter:data2\" content=\"1\u00a0Minute\" \/>\n<script type=\"application\/ld+json\" class=\"yoast-schema-graph\">{\"@context\":\"https:\\\/\\\/schema.org\",\"@graph\":[{\"@type\":\"Article\",\"@id\":\"https:\\\/\\\/www.iemj.org\\\/de\\\/liturgie-juive-ashkenaze-andre-stora\\\/#article\",\"isPartOf\":{\"@id\":\"https:\\\/\\\/www.iemj.org\\\/de\\\/liturgie-juive-ashkenaze-andre-stora\\\/\"},\"author\":{\"name\":\"Jacqueline ROTEN\",\"@id\":\"https:\\\/\\\/www.iemj.org\\\/de\\\/#\\\/schema\\\/person\\\/358e26c18aca017fcc4cc15437f7279c\"},\"headline\":\"J\u00fcdische Liturgie der Aschkenasim &#8211; Andr\u00e9 Stora\",\"datePublished\":\"2025-11-19T16:29:41+00:00\",\"dateModified\":\"2025-11-20T12:12:16+00:00\",\"mainEntityOfPage\":{\"@id\":\"https:\\\/\\\/www.iemj.org\\\/de\\\/liturgie-juive-ashkenaze-andre-stora\\\/\"},\"wordCount\":144,\"publisher\":{\"@id\":\"https:\\\/\\\/www.iemj.org\\\/de\\\/#organization\"},\"image\":{\"@id\":\"https:\\\/\\\/www.iemj.org\\\/de\\\/liturgie-juive-ashkenaze-andre-stora\\\/#primaryimage\"},\"thumbnailUrl\":\"https:\\\/\\\/www.iemj.org\\\/wp-content\\\/uploads\\\/2025\\\/11\\\/Logo-Lien-externe-Liturgie-Juive-ashkenaze_Andre-Stora.jpg\",\"articleSection\":[\"Externe Links\",\"Online-Ressourcen\"],\"inLanguage\":\"de\"},{\"@type\":\"WebPage\",\"@id\":\"https:\\\/\\\/www.iemj.org\\\/de\\\/liturgie-juive-ashkenaze-andre-stora\\\/\",\"url\":\"https:\\\/\\\/www.iemj.org\\\/de\\\/liturgie-juive-ashkenaze-andre-stora\\\/\",\"name\":\"J\u00fcdische Liturgie der Aschkenasim - Andr\u00e9 Stora - Institut Europ\u00e9en des Musiques Juives\",\"isPartOf\":{\"@id\":\"https:\\\/\\\/www.iemj.org\\\/de\\\/#website\"},\"primaryImageOfPage\":{\"@id\":\"https:\\\/\\\/www.iemj.org\\\/de\\\/liturgie-juive-ashkenaze-andre-stora\\\/#primaryimage\"},\"image\":{\"@id\":\"https:\\\/\\\/www.iemj.org\\\/de\\\/liturgie-juive-ashkenaze-andre-stora\\\/#primaryimage\"},\"thumbnailUrl\":\"https:\\\/\\\/www.iemj.org\\\/wp-content\\\/uploads\\\/2025\\\/11\\\/Logo-Lien-externe-Liturgie-Juive-ashkenaze_Andre-Stora.jpg\",\"datePublished\":\"2025-11-19T16:29:41+00:00\",\"dateModified\":\"2025-11-20T12:12:16+00:00\",\"breadcrumb\":{\"@id\":\"https:\\\/\\\/www.iemj.org\\\/de\\\/liturgie-juive-ashkenaze-andre-stora\\\/#breadcrumb\"},\"inLanguage\":\"de\",\"potentialAction\":[{\"@type\":\"ReadAction\",\"target\":[\"https:\\\/\\\/www.iemj.org\\\/de\\\/liturgie-juive-ashkenaze-andre-stora\\\/\"]}]},{\"@type\":\"ImageObject\",\"inLanguage\":\"de\",\"@id\":\"https:\\\/\\\/www.iemj.org\\\/de\\\/liturgie-juive-ashkenaze-andre-stora\\\/#primaryimage\",\"url\":\"https:\\\/\\\/www.iemj.org\\\/wp-content\\\/uploads\\\/2025\\\/11\\\/Logo-Lien-externe-Liturgie-Juive-ashkenaze_Andre-Stora.jpg\",\"contentUrl\":\"https:\\\/\\\/www.iemj.org\\\/wp-content\\\/uploads\\\/2025\\\/11\\\/Logo-Lien-externe-Liturgie-Juive-ashkenaze_Andre-Stora.jpg\",\"width\":859,\"height\":241},{\"@type\":\"BreadcrumbList\",\"@id\":\"https:\\\/\\\/www.iemj.org\\\/de\\\/liturgie-juive-ashkenaze-andre-stora\\\/#breadcrumb\",\"itemListElement\":[{\"@type\":\"ListItem\",\"position\":1,\"name\":\"Accueil\",\"item\":\"https:\\\/\\\/www.iemj.org\\\/de\\\/\"},{\"@type\":\"ListItem\",\"position\":2,\"name\":\"J\u00fcdische Liturgie der Aschkenasim &#8211; Andr\u00e9 Stora\"}]},{\"@type\":\"WebSite\",\"@id\":\"https:\\\/\\\/www.iemj.org\\\/de\\\/#website\",\"url\":\"https:\\\/\\\/www.iemj.org\\\/de\\\/\",\"name\":\"Institut Europ\u00e9en des Musiques Juives\",\"description\":\"Des traditions musicales \u00e0 la port\u00e9e de tous\",\"publisher\":{\"@id\":\"https:\\\/\\\/www.iemj.org\\\/de\\\/#organization\"},\"potentialAction\":[{\"@type\":\"SearchAction\",\"target\":{\"@type\":\"EntryPoint\",\"urlTemplate\":\"https:\\\/\\\/www.iemj.org\\\/de\\\/?s={search_term_string}\"},\"query-input\":{\"@type\":\"PropertyValueSpecification\",\"valueRequired\":true,\"valueName\":\"search_term_string\"}}],\"inLanguage\":\"de\"},{\"@type\":\"Organization\",\"@id\":\"https:\\\/\\\/www.iemj.org\\\/de\\\/#organization\",\"name\":\"Institut Europ\u00e9en des Musiques Juives\",\"url\":\"https:\\\/\\\/www.iemj.org\\\/de\\\/\",\"logo\":{\"@type\":\"ImageObject\",\"inLanguage\":\"de\",\"@id\":\"https:\\\/\\\/www.iemj.org\\\/de\\\/#\\\/schema\\\/logo\\\/image\\\/\",\"url\":\"https:\\\/\\\/www.iemj.org\\\/wp-content\\\/uploads\\\/2021\\\/09\\\/Logo-IEMJ-Paypal.jpg\",\"contentUrl\":\"https:\\\/\\\/www.iemj.org\\\/wp-content\\\/uploads\\\/2021\\\/09\\\/Logo-IEMJ-Paypal.jpg\",\"width\":150,\"height\":50,\"caption\":\"Institut Europ\u00e9en des Musiques Juives\"},\"image\":{\"@id\":\"https:\\\/\\\/www.iemj.org\\\/de\\\/#\\\/schema\\\/logo\\\/image\\\/\"},\"sameAs\":[\"https:\\\/\\\/www.facebook.com\\\/MusiquesJuives\\\/\",\"https:\\\/\\\/www.instagram.com\\\/musiquesjuives\\\/\",\"https:\\\/\\\/www.youtube.com\\\/user\\\/musiquesjuives\"]},{\"@type\":\"Person\",\"@id\":\"https:\\\/\\\/www.iemj.org\\\/de\\\/#\\\/schema\\\/person\\\/358e26c18aca017fcc4cc15437f7279c\",\"name\":\"Jacqueline ROTEN\",\"image\":{\"@type\":\"ImageObject\",\"inLanguage\":\"de\",\"@id\":\"https:\\\/\\\/secure.gravatar.com\\\/avatar\\\/5964256d6c6957de3a3505278957e0fb2a35119ac47ea41827a65301213c810b?s=96&d=mm&r=g\",\"url\":\"https:\\\/\\\/secure.gravatar.com\\\/avatar\\\/5964256d6c6957de3a3505278957e0fb2a35119ac47ea41827a65301213c810b?s=96&d=mm&r=g\",\"contentUrl\":\"https:\\\/\\\/secure.gravatar.com\\\/avatar\\\/5964256d6c6957de3a3505278957e0fb2a35119ac47ea41827a65301213c810b?s=96&d=mm&r=g\",\"caption\":\"Jacqueline ROTEN\"}}]}<\/script>\n<!-- \/ Yoast SEO plugin. -->","yoast_head_json":{"title":"J\u00fcdische Liturgie der Aschkenasim - Andr\u00e9 Stora - Institut Europ\u00e9en des Musiques Juives","robots":{"index":"index","follow":"follow","max-snippet":"max-snippet:-1","max-image-preview":"max-image-preview:large","max-video-preview":"max-video-preview:-1"},"canonical":"https:\/\/www.iemj.org\/de\/liturgie-juive-ashkenaze-andre-stora\/","og_locale":"de_DE","og_type":"article","og_title":"J\u00fcdische Liturgie der Aschkenasim - Andr\u00e9 Stora - Institut Europ\u00e9en des Musiques Juives","og_description":"Festges\u00e4nge, Lesung der Tora Andr\u00e9 Stora hat sein Leben der Liturgie, dem Gesang und der Weitergabe gewidmet. Nachdem er zun\u00e4chst als Kantor in der Synagoge von Saint-Etienne und anschlie\u00dfend in","og_url":"https:\/\/www.iemj.org\/de\/liturgie-juive-ashkenaze-andre-stora\/","og_site_name":"Institut Europ\u00e9en des Musiques Juives","article_publisher":"https:\/\/www.facebook.com\/MusiquesJuives\/","article_published_time":"2025-11-19T16:29:41+00:00","article_modified_time":"2025-11-20T12:12:16+00:00","og_image":[{"width":859,"height":241,"url":"https:\/\/www.iemj.org\/wp-content\/uploads\/2025\/11\/Logo-Lien-externe-Liturgie-Juive-ashkenaze_Andre-Stora.jpg","type":"image\/jpeg"}],"author":"Jacqueline ROTEN","twitter_card":"summary_large_image","twitter_misc":{"Verfasst von":"Jacqueline ROTEN","Gesch\u00e4tzte Lesezeit":"1\u00a0Minute"},"schema":{"@context":"https:\/\/schema.org","@graph":[{"@type":"Article","@id":"https:\/\/www.iemj.org\/de\/liturgie-juive-ashkenaze-andre-stora\/#article","isPartOf":{"@id":"https:\/\/www.iemj.org\/de\/liturgie-juive-ashkenaze-andre-stora\/"},"author":{"name":"Jacqueline ROTEN","@id":"https:\/\/www.iemj.org\/de\/#\/schema\/person\/358e26c18aca017fcc4cc15437f7279c"},"headline":"J\u00fcdische Liturgie der Aschkenasim &#8211; Andr\u00e9 Stora","datePublished":"2025-11-19T16:29:41+00:00","dateModified":"2025-11-20T12:12:16+00:00","mainEntityOfPage":{"@id":"https:\/\/www.iemj.org\/de\/liturgie-juive-ashkenaze-andre-stora\/"},"wordCount":144,"publisher":{"@id":"https:\/\/www.iemj.org\/de\/#organization"},"image":{"@id":"https:\/\/www.iemj.org\/de\/liturgie-juive-ashkenaze-andre-stora\/#primaryimage"},"thumbnailUrl":"https:\/\/www.iemj.org\/wp-content\/uploads\/2025\/11\/Logo-Lien-externe-Liturgie-Juive-ashkenaze_Andre-Stora.jpg","articleSection":["Externe Links","Online-Ressourcen"],"inLanguage":"de"},{"@type":"WebPage","@id":"https:\/\/www.iemj.org\/de\/liturgie-juive-ashkenaze-andre-stora\/","url":"https:\/\/www.iemj.org\/de\/liturgie-juive-ashkenaze-andre-stora\/","name":"J\u00fcdische Liturgie der Aschkenasim - Andr\u00e9 Stora - Institut Europ\u00e9en des Musiques Juives","isPartOf":{"@id":"https:\/\/www.iemj.org\/de\/#website"},"primaryImageOfPage":{"@id":"https:\/\/www.iemj.org\/de\/liturgie-juive-ashkenaze-andre-stora\/#primaryimage"},"image":{"@id":"https:\/\/www.iemj.org\/de\/liturgie-juive-ashkenaze-andre-stora\/#primaryimage"},"thumbnailUrl":"https:\/\/www.iemj.org\/wp-content\/uploads\/2025\/11\/Logo-Lien-externe-Liturgie-Juive-ashkenaze_Andre-Stora.jpg","datePublished":"2025-11-19T16:29:41+00:00","dateModified":"2025-11-20T12:12:16+00:00","breadcrumb":{"@id":"https:\/\/www.iemj.org\/de\/liturgie-juive-ashkenaze-andre-stora\/#breadcrumb"},"inLanguage":"de","potentialAction":[{"@type":"ReadAction","target":["https:\/\/www.iemj.org\/de\/liturgie-juive-ashkenaze-andre-stora\/"]}]},{"@type":"ImageObject","inLanguage":"de","@id":"https:\/\/www.iemj.org\/de\/liturgie-juive-ashkenaze-andre-stora\/#primaryimage","url":"https:\/\/www.iemj.org\/wp-content\/uploads\/2025\/11\/Logo-Lien-externe-Liturgie-Juive-ashkenaze_Andre-Stora.jpg","contentUrl":"https:\/\/www.iemj.org\/wp-content\/uploads\/2025\/11\/Logo-Lien-externe-Liturgie-Juive-ashkenaze_Andre-Stora.jpg","width":859,"height":241},{"@type":"BreadcrumbList","@id":"https:\/\/www.iemj.org\/de\/liturgie-juive-ashkenaze-andre-stora\/#breadcrumb","itemListElement":[{"@type":"ListItem","position":1,"name":"Accueil","item":"https:\/\/www.iemj.org\/de\/"},{"@type":"ListItem","position":2,"name":"J\u00fcdische Liturgie der Aschkenasim &#8211; Andr\u00e9 Stora"}]},{"@type":"WebSite","@id":"https:\/\/www.iemj.org\/de\/#website","url":"https:\/\/www.iemj.org\/de\/","name":"Institut Europ\u00e9en des Musiques Juives","description":"Des traditions musicales \u00e0 la port\u00e9e de tous","publisher":{"@id":"https:\/\/www.iemj.org\/de\/#organization"},"potentialAction":[{"@type":"SearchAction","target":{"@type":"EntryPoint","urlTemplate":"https:\/\/www.iemj.org\/de\/?s={search_term_string}"},"query-input":{"@type":"PropertyValueSpecification","valueRequired":true,"valueName":"search_term_string"}}],"inLanguage":"de"},{"@type":"Organization","@id":"https:\/\/www.iemj.org\/de\/#organization","name":"Institut Europ\u00e9en des Musiques Juives","url":"https:\/\/www.iemj.org\/de\/","logo":{"@type":"ImageObject","inLanguage":"de","@id":"https:\/\/www.iemj.org\/de\/#\/schema\/logo\/image\/","url":"https:\/\/www.iemj.org\/wp-content\/uploads\/2021\/09\/Logo-IEMJ-Paypal.jpg","contentUrl":"https:\/\/www.iemj.org\/wp-content\/uploads\/2021\/09\/Logo-IEMJ-Paypal.jpg","width":150,"height":50,"caption":"Institut Europ\u00e9en des Musiques Juives"},"image":{"@id":"https:\/\/www.iemj.org\/de\/#\/schema\/logo\/image\/"},"sameAs":["https:\/\/www.facebook.com\/MusiquesJuives\/","https:\/\/www.instagram.com\/musiquesjuives\/","https:\/\/www.youtube.com\/user\/musiquesjuives"]},{"@type":"Person","@id":"https:\/\/www.iemj.org\/de\/#\/schema\/person\/358e26c18aca017fcc4cc15437f7279c","name":"Jacqueline ROTEN","image":{"@type":"ImageObject","inLanguage":"de","@id":"https:\/\/secure.gravatar.com\/avatar\/5964256d6c6957de3a3505278957e0fb2a35119ac47ea41827a65301213c810b?s=96&d=mm&r=g","url":"https:\/\/secure.gravatar.com\/avatar\/5964256d6c6957de3a3505278957e0fb2a35119ac47ea41827a65301213c810b?s=96&d=mm&r=g","contentUrl":"https:\/\/secure.gravatar.com\/avatar\/5964256d6c6957de3a3505278957e0fb2a35119ac47ea41827a65301213c810b?s=96&d=mm&r=g","caption":"Jacqueline ROTEN"}}]}},"_links":{"self":[{"href":"https:\/\/www.iemj.org\/de\/wp-json\/wp\/v2\/posts\/128201","targetHints":{"allow":["GET"]}}],"collection":[{"href":"https:\/\/www.iemj.org\/de\/wp-json\/wp\/v2\/posts"}],"about":[{"href":"https:\/\/www.iemj.org\/de\/wp-json\/wp\/v2\/types\/post"}],"author":[{"embeddable":true,"href":"https:\/\/www.iemj.org\/de\/wp-json\/wp\/v2\/users\/5"}],"replies":[{"embeddable":true,"href":"https:\/\/www.iemj.org\/de\/wp-json\/wp\/v2\/comments?post=128201"}],"version-history":[{"count":2,"href":"https:\/\/www.iemj.org\/de\/wp-json\/wp\/v2\/posts\/128201\/revisions"}],"predecessor-version":[{"id":128213,"href":"https:\/\/www.iemj.org\/de\/wp-json\/wp\/v2\/posts\/128201\/revisions\/128213"}],"wp:featuredmedia":[{"embeddable":true,"href":"https:\/\/www.iemj.org\/de\/wp-json\/wp\/v2\/media\/128189"}],"wp:attachment":[{"href":"https:\/\/www.iemj.org\/de\/wp-json\/wp\/v2\/media?parent=128201"}],"wp:term":[{"taxonomy":"category","embeddable":true,"href":"https:\/\/www.iemj.org\/de\/wp-json\/wp\/v2\/categories?post=128201"},{"taxonomy":"post_tag","embeddable":true,"href":"https:\/\/www.iemj.org\/de\/wp-json\/wp\/v2\/tags?post=128201"},{"taxonomy":"technique","embeddable":true,"href":"https:\/\/www.iemj.org\/de\/wp-json\/wp\/v2\/technique?post=128201"},{"taxonomy":"squelettes","embeddable":true,"href":"https:\/\/www.iemj.org\/de\/wp-json\/wp\/v2\/squelettes?post=128201"},{"taxonomy":"sujet","embeddable":true,"href":"https:\/\/www.iemj.org\/de\/wp-json\/wp\/v2\/sujet?post=128201"},{"taxonomy":"formation","embeddable":true,"href":"https:\/\/www.iemj.org\/de\/wp-json\/wp\/v2\/formation?post=128201"},{"taxonomy":"genre","embeddable":true,"href":"https:\/\/www.iemj.org\/de\/wp-json\/wp\/v2\/genre?post=128201"},{"taxonomy":"fonds","embeddable":true,"href":"https:\/\/www.iemj.org\/de\/wp-json\/wp\/v2\/fonds?post=128201"},{"taxonomy":"tradition","embeddable":true,"href":"https:\/\/www.iemj.org\/de\/wp-json\/wp\/v2\/tradition?post=128201"},{"taxonomy":"type-de-contenu","embeddable":true,"href":"https:\/\/www.iemj.org\/de\/wp-json\/wp\/v2\/type-de-contenu?post=128201"},{"taxonomy":"interprete-compositeur","embeddable":true,"href":"https:\/\/www.iemj.org\/de\/wp-json\/wp\/v2\/interprete-compositeur?post=128201"},{"taxonomy":"frise","embeddable":true,"href":"https:\/\/www.iemj.org\/de\/wp-json\/wp\/v2\/frise?post=128201"},{"taxonomy":"type-devenement","embeddable":true,"href":"https:\/\/www.iemj.org\/de\/wp-json\/wp\/v2\/type-devenement?post=128201"},{"taxonomy":"tableaux-liens-externes","embeddable":true,"href":"https:\/\/www.iemj.org\/de\/wp-json\/wp\/v2\/tableaux-liens-externes?post=128201"}],"curies":[{"name":"wp","href":"https:\/\/api.w.org\/{rel}","templated":true}]}}