{"id":128229,"date":"2017-11-09T16:45:42","date_gmt":"2017-11-09T15:45:42","guid":{"rendered":"https:\/\/www.iemj.org\/lufteater-theatre-en-lair\/"},"modified":"2025-11-21T15:31:29","modified_gmt":"2025-11-21T14:31:29","slug":"lufteater-theatre-en-lair","status":"publish","type":"post","link":"https:\/\/www.iemj.org\/de\/lufteater-theatre-en-lair\/","title":{"rendered":"Lufteater &#8211; CHORALE LOMIR ZINGEN"},"content":{"rendered":"<p><span style=\"font-size: revert;\">Das LufTeater beherbergt nun den Chor Lomir Zingen und veranstaltet Konzerte und Musikauff\u00fchrungen.<br \/>\n<\/span><\/p>\n<p><span style=\"font-size: revert;\">Nach einer Karriere als S\u00e4ngerin in verschiedenen Sprachen, darunter vor allem Jiddisch, wollte Astrid Ruff ihre Erfahrungen weitergeben und gr\u00fcndete 2012 den Chor \u201eLomir Zingen\u201d (Lasst uns singen!).<br \/>\n<\/span><\/p>\n<p><span style=\"font-size: revert;\">Das Ziel dieses Chores ist es, die jiddische Kultur in ihrem Reichtum und ihrer Vielfalt durch Lieder bekannt zu machen.<\/span><\/p>\n<p><img fetchpriority=\"high\" decoding=\"async\" class=\"aligncenter size-full wp-image-128220\" src=\"https:\/\/www.iemj.org\/wp-content\/uploads\/2017\/11\/Image-Chorale.jpg\" alt=\"\" width=\"595\" height=\"233\" srcset=\"https:\/\/www.iemj.org\/wp-content\/uploads\/2017\/11\/Image-Chorale.jpg 595w, https:\/\/www.iemj.org\/wp-content\/uploads\/2017\/11\/Image-Chorale-300x117.jpg 300w\" sizes=\"(max-width: 595px) 100vw, 595px\" \/><\/p>\n<p>Der Chor bietet zwei Arten von Darbietungen an:<\/p>\n<p><strong>1\/ Das Konzert<\/strong><\/p>\n<p>Die Konzerte sind nicht statisch, bei denen jeder hinter seiner Partitur sitzt, sondern dynamisch, mit abwechselnden Einf\u00fchrungstexten (auf Franz\u00f6sisch) und Liedern auf Jiddisch. Die S\u00e4nger werden von einem Akkordeonisten begleitet. Das Konzert umfasst Lieder aus verschiedenen Epochen, verschiedenen Stilen und mit unterschiedlicher Stimmung. Sie erm\u00f6glichen es dem Publikum, den Rhythmus mitzugehen, mitzusingen und unsere Freude am Singen zu teilen.<\/p>\n<p><strong>2\/ Die Shows<\/strong><\/p>\n<p>Seit 2012 hat Astrid Ruff mit dem Chor Lomir Zingen zahlreiche thematische Shows inszeniert: der Bund, der Chassidismus, die j\u00fcdische Hochzeit, die Auswanderung der Juden nach Amerika.<br \/>\nDie Lieder auf Jiddisch werden durch lange, theatralische und personalisierte Texte eingeleitet und vorgestellt. Jedes Mal gibt es Kost\u00fcme, Requisiten und ein B\u00fchnenbild.<br \/>\nDie letzte inszenierte Auff\u00fchrung hei\u00dft \u201eYidn in Amerike\u201d und handelt von der schwierigen Integration der Juden in Amerika.<\/p>\n<p>Diese beiden Formen (Konzert, Auff\u00fchrung) sind derzeit auf Tournee und verf\u00fcgbar.<\/p>\n<p>Chor Lomir Zingen<\/p>\n<p>Leitung: Astrid Ruff<\/p>\n<p>Akkordeon und Arrangements: Fabrice Kieffer<\/p>\n<p><a href=\"http:\/\/lufteater.free.fr\/\" target=\"_blank\" rel=\"noopener\">Besuchen Sie die Website des LufTeater<\/a><\/p>\n<p><a href=\"https:\/\/www.facebook.com\/lomirzingenStrasbourg?locale=fr_FR\" target=\"_blank\" rel=\"noopener\">Facebook-Seite des Chors<\/a><\/p>\n","protected":false},"excerpt":{"rendered":"<p>Das LufTeater beherbergt nun den Chor Lomir Zingen und veranstaltet Konzerte und Musikauff\u00fchrungen. Nach einer Karriere als S\u00e4ngerin in verschiedenen Sprachen, darunter vor allem Jiddisch, wollte Astrid Ruff ihre Erfahrungen<\/p>\n","protected":false},"author":1048,"featured_media":128230,"comment_status":"closed","ping_status":"closed","sticky":false,"template":"","format":"standard","meta":{"_acf_changed":false,"footnotes":""},"categories":[1521,1422],"tags":[],"technique":[],"squelettes":[],"sujet":[],"formation":[],"genre":[],"fonds":[],"tradition":[],"type-de-contenu":[],"interprete-compositeur":[],"frise":[],"type-devenement":[],"tableaux-liens-externes":[],"class_list":["post-128229","post","type-post","status-publish","format-standard","has-post-thumbnail","hentry","category-amateur-praktiken-de","category-externe-links-de"],"acf":[],"yoast_head":"<!-- This site is optimized with the Yoast SEO plugin v27.3 - https:\/\/yoast.com\/product\/yoast-seo-wordpress\/ -->\n<title>Lufteater - CHORALE LOMIR ZINGEN - Institut Europ\u00e9en des Musiques Juives<\/title>\n<meta name=\"robots\" content=\"index, follow, max-snippet:-1, max-image-preview:large, max-video-preview:-1\" \/>\n<link rel=\"canonical\" href=\"https:\/\/www.iemj.org\/de\/lufteater-theatre-en-lair\/\" \/>\n<meta property=\"og:locale\" content=\"de_DE\" \/>\n<meta property=\"og:type\" content=\"article\" \/>\n<meta property=\"og:title\" content=\"Lufteater - CHORALE LOMIR ZINGEN - Institut Europ\u00e9en des Musiques Juives\" \/>\n<meta property=\"og:description\" content=\"Das LufTeater beherbergt nun den Chor Lomir Zingen und veranstaltet Konzerte und Musikauff\u00fchrungen. Nach einer Karriere als S\u00e4ngerin in verschiedenen Sprachen, darunter vor allem Jiddisch, wollte Astrid Ruff ihre Erfahrungen\" \/>\n<meta property=\"og:url\" content=\"https:\/\/www.iemj.org\/de\/lufteater-theatre-en-lair\/\" \/>\n<meta property=\"og:site_name\" content=\"Institut Europ\u00e9en des Musiques Juives\" \/>\n<meta property=\"article:publisher\" content=\"https:\/\/www.facebook.com\/MusiquesJuives\/\" \/>\n<meta property=\"article:published_time\" content=\"2017-11-09T15:45:42+00:00\" \/>\n<meta property=\"article:modified_time\" content=\"2025-11-21T14:31:29+00:00\" \/>\n<meta property=\"og:image\" content=\"https:\/\/www.iemj.org\/wp-content\/uploads\/2017\/11\/arton2679.jpg\" \/>\n\t<meta property=\"og:image:width\" content=\"300\" \/>\n\t<meta property=\"og:image:height\" content=\"305\" \/>\n\t<meta property=\"og:image:type\" content=\"image\/jpeg\" \/>\n<meta name=\"author\" content=\"Jean-Gabriel Davis\" \/>\n<meta name=\"twitter:card\" content=\"summary_large_image\" \/>\n<meta name=\"twitter:label1\" content=\"Verfasst von\" \/>\n\t<meta name=\"twitter:data1\" content=\"Jean-Gabriel Davis\" \/>\n\t<meta name=\"twitter:label2\" content=\"Gesch\u00e4tzte Lesezeit\" \/>\n\t<meta name=\"twitter:data2\" content=\"2\u00a0Minuten\" \/>\n<script type=\"application\/ld+json\" class=\"yoast-schema-graph\">{\"@context\":\"https:\\\/\\\/schema.org\",\"@graph\":[{\"@type\":\"Article\",\"@id\":\"https:\\\/\\\/www.iemj.org\\\/de\\\/lufteater-theatre-en-lair\\\/#article\",\"isPartOf\":{\"@id\":\"https:\\\/\\\/www.iemj.org\\\/de\\\/lufteater-theatre-en-lair\\\/\"},\"author\":{\"name\":\"Jean-Gabriel Davis\",\"@id\":\"https:\\\/\\\/www.iemj.org\\\/de\\\/#\\\/schema\\\/person\\\/c9bc1c386a3749579a2d675e72a18666\"},\"headline\":\"Lufteater &#8211; CHORALE LOMIR ZINGEN\",\"datePublished\":\"2017-11-09T15:45:42+00:00\",\"dateModified\":\"2025-11-21T14:31:29+00:00\",\"mainEntityOfPage\":{\"@id\":\"https:\\\/\\\/www.iemj.org\\\/de\\\/lufteater-theatre-en-lair\\\/\"},\"wordCount\":248,\"publisher\":{\"@id\":\"https:\\\/\\\/www.iemj.org\\\/de\\\/#organization\"},\"image\":{\"@id\":\"https:\\\/\\\/www.iemj.org\\\/de\\\/lufteater-theatre-en-lair\\\/#primaryimage\"},\"thumbnailUrl\":\"https:\\\/\\\/www.iemj.org\\\/wp-content\\\/uploads\\\/2017\\\/11\\\/arton2679.jpg\",\"articleSection\":[\"Amateur-Praktiken\",\"Externe Links\"],\"inLanguage\":\"de\"},{\"@type\":\"WebPage\",\"@id\":\"https:\\\/\\\/www.iemj.org\\\/de\\\/lufteater-theatre-en-lair\\\/\",\"url\":\"https:\\\/\\\/www.iemj.org\\\/de\\\/lufteater-theatre-en-lair\\\/\",\"name\":\"Lufteater - CHORALE LOMIR ZINGEN - Institut Europ\u00e9en des Musiques Juives\",\"isPartOf\":{\"@id\":\"https:\\\/\\\/www.iemj.org\\\/de\\\/#website\"},\"primaryImageOfPage\":{\"@id\":\"https:\\\/\\\/www.iemj.org\\\/de\\\/lufteater-theatre-en-lair\\\/#primaryimage\"},\"image\":{\"@id\":\"https:\\\/\\\/www.iemj.org\\\/de\\\/lufteater-theatre-en-lair\\\/#primaryimage\"},\"thumbnailUrl\":\"https:\\\/\\\/www.iemj.org\\\/wp-content\\\/uploads\\\/2017\\\/11\\\/arton2679.jpg\",\"datePublished\":\"2017-11-09T15:45:42+00:00\",\"dateModified\":\"2025-11-21T14:31:29+00:00\",\"breadcrumb\":{\"@id\":\"https:\\\/\\\/www.iemj.org\\\/de\\\/lufteater-theatre-en-lair\\\/#breadcrumb\"},\"inLanguage\":\"de\",\"potentialAction\":[{\"@type\":\"ReadAction\",\"target\":[\"https:\\\/\\\/www.iemj.org\\\/de\\\/lufteater-theatre-en-lair\\\/\"]}]},{\"@type\":\"ImageObject\",\"inLanguage\":\"de\",\"@id\":\"https:\\\/\\\/www.iemj.org\\\/de\\\/lufteater-theatre-en-lair\\\/#primaryimage\",\"url\":\"https:\\\/\\\/www.iemj.org\\\/wp-content\\\/uploads\\\/2017\\\/11\\\/arton2679.jpg\",\"contentUrl\":\"https:\\\/\\\/www.iemj.org\\\/wp-content\\\/uploads\\\/2017\\\/11\\\/arton2679.jpg\",\"width\":300,\"height\":305},{\"@type\":\"BreadcrumbList\",\"@id\":\"https:\\\/\\\/www.iemj.org\\\/de\\\/lufteater-theatre-en-lair\\\/#breadcrumb\",\"itemListElement\":[{\"@type\":\"ListItem\",\"position\":1,\"name\":\"Accueil\",\"item\":\"https:\\\/\\\/www.iemj.org\\\/de\\\/\"},{\"@type\":\"ListItem\",\"position\":2,\"name\":\"Lufteater &#8211; CHORALE LOMIR ZINGEN\"}]},{\"@type\":\"WebSite\",\"@id\":\"https:\\\/\\\/www.iemj.org\\\/de\\\/#website\",\"url\":\"https:\\\/\\\/www.iemj.org\\\/de\\\/\",\"name\":\"Institut Europ\u00e9en des Musiques Juives\",\"description\":\"Des traditions musicales \u00e0 la port\u00e9e de tous\",\"publisher\":{\"@id\":\"https:\\\/\\\/www.iemj.org\\\/de\\\/#organization\"},\"potentialAction\":[{\"@type\":\"SearchAction\",\"target\":{\"@type\":\"EntryPoint\",\"urlTemplate\":\"https:\\\/\\\/www.iemj.org\\\/de\\\/?s={search_term_string}\"},\"query-input\":{\"@type\":\"PropertyValueSpecification\",\"valueRequired\":true,\"valueName\":\"search_term_string\"}}],\"inLanguage\":\"de\"},{\"@type\":\"Organization\",\"@id\":\"https:\\\/\\\/www.iemj.org\\\/de\\\/#organization\",\"name\":\"Institut Europ\u00e9en des Musiques Juives\",\"url\":\"https:\\\/\\\/www.iemj.org\\\/de\\\/\",\"logo\":{\"@type\":\"ImageObject\",\"inLanguage\":\"de\",\"@id\":\"https:\\\/\\\/www.iemj.org\\\/de\\\/#\\\/schema\\\/logo\\\/image\\\/\",\"url\":\"https:\\\/\\\/www.iemj.org\\\/wp-content\\\/uploads\\\/2021\\\/09\\\/Logo-IEMJ-Paypal.jpg\",\"contentUrl\":\"https:\\\/\\\/www.iemj.org\\\/wp-content\\\/uploads\\\/2021\\\/09\\\/Logo-IEMJ-Paypal.jpg\",\"width\":150,\"height\":50,\"caption\":\"Institut Europ\u00e9en des Musiques Juives\"},\"image\":{\"@id\":\"https:\\\/\\\/www.iemj.org\\\/de\\\/#\\\/schema\\\/logo\\\/image\\\/\"},\"sameAs\":[\"https:\\\/\\\/www.facebook.com\\\/MusiquesJuives\\\/\",\"https:\\\/\\\/www.instagram.com\\\/musiquesjuives\\\/\",\"https:\\\/\\\/www.youtube.com\\\/user\\\/musiquesjuives\"]},{\"@type\":\"Person\",\"@id\":\"https:\\\/\\\/www.iemj.org\\\/de\\\/#\\\/schema\\\/person\\\/c9bc1c386a3749579a2d675e72a18666\",\"name\":\"Jean-Gabriel Davis\",\"image\":{\"@type\":\"ImageObject\",\"inLanguage\":\"de\",\"@id\":\"https:\\\/\\\/secure.gravatar.com\\\/avatar\\\/2b90d67bdf392c9b3a21fab87c0fa7edaf1fb3a058172a1ffd61033fcec7aec1?s=96&d=mm&r=g\",\"url\":\"https:\\\/\\\/secure.gravatar.com\\\/avatar\\\/2b90d67bdf392c9b3a21fab87c0fa7edaf1fb3a058172a1ffd61033fcec7aec1?s=96&d=mm&r=g\",\"contentUrl\":\"https:\\\/\\\/secure.gravatar.com\\\/avatar\\\/2b90d67bdf392c9b3a21fab87c0fa7edaf1fb3a058172a1ffd61033fcec7aec1?s=96&d=mm&r=g\",\"caption\":\"Jean-Gabriel Davis\"}}]}<\/script>\n<!-- \/ Yoast SEO plugin. -->","yoast_head_json":{"title":"Lufteater - CHORALE LOMIR ZINGEN - Institut Europ\u00e9en des Musiques Juives","robots":{"index":"index","follow":"follow","max-snippet":"max-snippet:-1","max-image-preview":"max-image-preview:large","max-video-preview":"max-video-preview:-1"},"canonical":"https:\/\/www.iemj.org\/de\/lufteater-theatre-en-lair\/","og_locale":"de_DE","og_type":"article","og_title":"Lufteater - CHORALE LOMIR ZINGEN - Institut Europ\u00e9en des Musiques Juives","og_description":"Das LufTeater beherbergt nun den Chor Lomir Zingen und veranstaltet Konzerte und Musikauff\u00fchrungen. Nach einer Karriere als S\u00e4ngerin in verschiedenen Sprachen, darunter vor allem Jiddisch, wollte Astrid Ruff ihre Erfahrungen","og_url":"https:\/\/www.iemj.org\/de\/lufteater-theatre-en-lair\/","og_site_name":"Institut Europ\u00e9en des Musiques Juives","article_publisher":"https:\/\/www.facebook.com\/MusiquesJuives\/","article_published_time":"2017-11-09T15:45:42+00:00","article_modified_time":"2025-11-21T14:31:29+00:00","og_image":[{"width":300,"height":305,"url":"https:\/\/www.iemj.org\/wp-content\/uploads\/2017\/11\/arton2679.jpg","type":"image\/jpeg"}],"author":"Jean-Gabriel Davis","twitter_card":"summary_large_image","twitter_misc":{"Verfasst von":"Jean-Gabriel Davis","Gesch\u00e4tzte Lesezeit":"2\u00a0Minuten"},"schema":{"@context":"https:\/\/schema.org","@graph":[{"@type":"Article","@id":"https:\/\/www.iemj.org\/de\/lufteater-theatre-en-lair\/#article","isPartOf":{"@id":"https:\/\/www.iemj.org\/de\/lufteater-theatre-en-lair\/"},"author":{"name":"Jean-Gabriel Davis","@id":"https:\/\/www.iemj.org\/de\/#\/schema\/person\/c9bc1c386a3749579a2d675e72a18666"},"headline":"Lufteater &#8211; CHORALE LOMIR ZINGEN","datePublished":"2017-11-09T15:45:42+00:00","dateModified":"2025-11-21T14:31:29+00:00","mainEntityOfPage":{"@id":"https:\/\/www.iemj.org\/de\/lufteater-theatre-en-lair\/"},"wordCount":248,"publisher":{"@id":"https:\/\/www.iemj.org\/de\/#organization"},"image":{"@id":"https:\/\/www.iemj.org\/de\/lufteater-theatre-en-lair\/#primaryimage"},"thumbnailUrl":"https:\/\/www.iemj.org\/wp-content\/uploads\/2017\/11\/arton2679.jpg","articleSection":["Amateur-Praktiken","Externe Links"],"inLanguage":"de"},{"@type":"WebPage","@id":"https:\/\/www.iemj.org\/de\/lufteater-theatre-en-lair\/","url":"https:\/\/www.iemj.org\/de\/lufteater-theatre-en-lair\/","name":"Lufteater - CHORALE LOMIR ZINGEN - Institut Europ\u00e9en des Musiques Juives","isPartOf":{"@id":"https:\/\/www.iemj.org\/de\/#website"},"primaryImageOfPage":{"@id":"https:\/\/www.iemj.org\/de\/lufteater-theatre-en-lair\/#primaryimage"},"image":{"@id":"https:\/\/www.iemj.org\/de\/lufteater-theatre-en-lair\/#primaryimage"},"thumbnailUrl":"https:\/\/www.iemj.org\/wp-content\/uploads\/2017\/11\/arton2679.jpg","datePublished":"2017-11-09T15:45:42+00:00","dateModified":"2025-11-21T14:31:29+00:00","breadcrumb":{"@id":"https:\/\/www.iemj.org\/de\/lufteater-theatre-en-lair\/#breadcrumb"},"inLanguage":"de","potentialAction":[{"@type":"ReadAction","target":["https:\/\/www.iemj.org\/de\/lufteater-theatre-en-lair\/"]}]},{"@type":"ImageObject","inLanguage":"de","@id":"https:\/\/www.iemj.org\/de\/lufteater-theatre-en-lair\/#primaryimage","url":"https:\/\/www.iemj.org\/wp-content\/uploads\/2017\/11\/arton2679.jpg","contentUrl":"https:\/\/www.iemj.org\/wp-content\/uploads\/2017\/11\/arton2679.jpg","width":300,"height":305},{"@type":"BreadcrumbList","@id":"https:\/\/www.iemj.org\/de\/lufteater-theatre-en-lair\/#breadcrumb","itemListElement":[{"@type":"ListItem","position":1,"name":"Accueil","item":"https:\/\/www.iemj.org\/de\/"},{"@type":"ListItem","position":2,"name":"Lufteater &#8211; CHORALE LOMIR ZINGEN"}]},{"@type":"WebSite","@id":"https:\/\/www.iemj.org\/de\/#website","url":"https:\/\/www.iemj.org\/de\/","name":"Institut Europ\u00e9en des Musiques Juives","description":"Des traditions musicales \u00e0 la port\u00e9e de tous","publisher":{"@id":"https:\/\/www.iemj.org\/de\/#organization"},"potentialAction":[{"@type":"SearchAction","target":{"@type":"EntryPoint","urlTemplate":"https:\/\/www.iemj.org\/de\/?s={search_term_string}"},"query-input":{"@type":"PropertyValueSpecification","valueRequired":true,"valueName":"search_term_string"}}],"inLanguage":"de"},{"@type":"Organization","@id":"https:\/\/www.iemj.org\/de\/#organization","name":"Institut Europ\u00e9en des Musiques Juives","url":"https:\/\/www.iemj.org\/de\/","logo":{"@type":"ImageObject","inLanguage":"de","@id":"https:\/\/www.iemj.org\/de\/#\/schema\/logo\/image\/","url":"https:\/\/www.iemj.org\/wp-content\/uploads\/2021\/09\/Logo-IEMJ-Paypal.jpg","contentUrl":"https:\/\/www.iemj.org\/wp-content\/uploads\/2021\/09\/Logo-IEMJ-Paypal.jpg","width":150,"height":50,"caption":"Institut Europ\u00e9en des Musiques Juives"},"image":{"@id":"https:\/\/www.iemj.org\/de\/#\/schema\/logo\/image\/"},"sameAs":["https:\/\/www.facebook.com\/MusiquesJuives\/","https:\/\/www.instagram.com\/musiquesjuives\/","https:\/\/www.youtube.com\/user\/musiquesjuives"]},{"@type":"Person","@id":"https:\/\/www.iemj.org\/de\/#\/schema\/person\/c9bc1c386a3749579a2d675e72a18666","name":"Jean-Gabriel Davis","image":{"@type":"ImageObject","inLanguage":"de","@id":"https:\/\/secure.gravatar.com\/avatar\/2b90d67bdf392c9b3a21fab87c0fa7edaf1fb3a058172a1ffd61033fcec7aec1?s=96&d=mm&r=g","url":"https:\/\/secure.gravatar.com\/avatar\/2b90d67bdf392c9b3a21fab87c0fa7edaf1fb3a058172a1ffd61033fcec7aec1?s=96&d=mm&r=g","contentUrl":"https:\/\/secure.gravatar.com\/avatar\/2b90d67bdf392c9b3a21fab87c0fa7edaf1fb3a058172a1ffd61033fcec7aec1?s=96&d=mm&r=g","caption":"Jean-Gabriel Davis"}}]}},"_links":{"self":[{"href":"https:\/\/www.iemj.org\/de\/wp-json\/wp\/v2\/posts\/128229","targetHints":{"allow":["GET"]}}],"collection":[{"href":"https:\/\/www.iemj.org\/de\/wp-json\/wp\/v2\/posts"}],"about":[{"href":"https:\/\/www.iemj.org\/de\/wp-json\/wp\/v2\/types\/post"}],"author":[{"embeddable":true,"href":"https:\/\/www.iemj.org\/de\/wp-json\/wp\/v2\/users\/1048"}],"replies":[{"embeddable":true,"href":"https:\/\/www.iemj.org\/de\/wp-json\/wp\/v2\/comments?post=128229"}],"version-history":[{"count":2,"href":"https:\/\/www.iemj.org\/de\/wp-json\/wp\/v2\/posts\/128229\/revisions"}],"predecessor-version":[{"id":128240,"href":"https:\/\/www.iemj.org\/de\/wp-json\/wp\/v2\/posts\/128229\/revisions\/128240"}],"wp:featuredmedia":[{"embeddable":true,"href":"https:\/\/www.iemj.org\/de\/wp-json\/wp\/v2\/media\/128230"}],"wp:attachment":[{"href":"https:\/\/www.iemj.org\/de\/wp-json\/wp\/v2\/media?parent=128229"}],"wp:term":[{"taxonomy":"category","embeddable":true,"href":"https:\/\/www.iemj.org\/de\/wp-json\/wp\/v2\/categories?post=128229"},{"taxonomy":"post_tag","embeddable":true,"href":"https:\/\/www.iemj.org\/de\/wp-json\/wp\/v2\/tags?post=128229"},{"taxonomy":"technique","embeddable":true,"href":"https:\/\/www.iemj.org\/de\/wp-json\/wp\/v2\/technique?post=128229"},{"taxonomy":"squelettes","embeddable":true,"href":"https:\/\/www.iemj.org\/de\/wp-json\/wp\/v2\/squelettes?post=128229"},{"taxonomy":"sujet","embeddable":true,"href":"https:\/\/www.iemj.org\/de\/wp-json\/wp\/v2\/sujet?post=128229"},{"taxonomy":"formation","embeddable":true,"href":"https:\/\/www.iemj.org\/de\/wp-json\/wp\/v2\/formation?post=128229"},{"taxonomy":"genre","embeddable":true,"href":"https:\/\/www.iemj.org\/de\/wp-json\/wp\/v2\/genre?post=128229"},{"taxonomy":"fonds","embeddable":true,"href":"https:\/\/www.iemj.org\/de\/wp-json\/wp\/v2\/fonds?post=128229"},{"taxonomy":"tradition","embeddable":true,"href":"https:\/\/www.iemj.org\/de\/wp-json\/wp\/v2\/tradition?post=128229"},{"taxonomy":"type-de-contenu","embeddable":true,"href":"https:\/\/www.iemj.org\/de\/wp-json\/wp\/v2\/type-de-contenu?post=128229"},{"taxonomy":"interprete-compositeur","embeddable":true,"href":"https:\/\/www.iemj.org\/de\/wp-json\/wp\/v2\/interprete-compositeur?post=128229"},{"taxonomy":"frise","embeddable":true,"href":"https:\/\/www.iemj.org\/de\/wp-json\/wp\/v2\/frise?post=128229"},{"taxonomy":"type-devenement","embeddable":true,"href":"https:\/\/www.iemj.org\/de\/wp-json\/wp\/v2\/type-devenement?post=128229"},{"taxonomy":"tableaux-liens-externes","embeddable":true,"href":"https:\/\/www.iemj.org\/de\/wp-json\/wp\/v2\/tableaux-liens-externes?post=128229"}],"curies":[{"name":"wp","href":"https:\/\/api.w.org\/{rel}","templated":true}]}}