{"id":128792,"date":"2026-01-07T18:40:53","date_gmt":"2026-01-07T17:40:53","guid":{"rendered":"https:\/\/www.iemj.org\/du-closel-amaury-1956-2024\/"},"modified":"2026-01-08T16:31:21","modified_gmt":"2026-01-08T15:31:21","slug":"du-closel-amaury-1956-2024","status":"publish","type":"post","link":"https:\/\/www.iemj.org\/de\/du-closel-amaury-1956-2024\/","title":{"rendered":"du Closel, Amaury (1956-2024)"},"content":{"rendered":"\n<h3 class=\"wp-block-heading\">Der Dirigent und Komponist Amaury du Closel gr\u00fcndete unter anderem das Forum Voix Etouff\u00e9es und setzte sich unerm\u00fcdlich f\u00fcr die Wiederbelebung der Musik von K\u00fcnstlern ein, die vom Nazi-Regime und anderen totalit\u00e4ren Regimes verfolgt wurden<\/h3>\n\n\n\n<!--more-->\n\n\n\n<p>Amaury du Closel, im Herzen Wiener, wurde am 6. Februar 1956 in Saint-Cloud geboren.<\/p>\n\n\n\n<p>Er studierte Komposition bei Max Deutsch, Dirigieren am K\u00f6niglichen Konservatorium in Mons bei Alexandre Myrat und besuchte Meisterkurse in Wien bei Karl Oesterreicher und Sir Charles Mackerras. In der Saison 1984\/85 war er stellvertretender Dirigent des Orchestre symphonique et lyrique de Nancy. 1985 gewann er den 2. Internationalen Dirigentenwettbewerb \u201eMasterplayers\u201d in Lugano.<\/p>\n\n\n\n<p>Der Dirigent Amaury du Closel hat mehr als 80 Ensembles in Europa und Asien geleitet. Allein in der Saison 2022-23 trat er im Concertgebouw in Amsterdam und in der Berliner Philharmonie mit den Berliner Symphonikern auf, tourte durch zahlreiche europ\u00e4ische L\u00e4nder (Italien, Deutschland, \u00d6sterreich, Litauen) und nahm an mehreren Festivals teil, darunter <em>Les Folles Journ\u00e9es de Nantes<\/em> und das <em>Festival de la Chaise-Dieu<\/em>.<\/p>\n\n\n\n<p>2018 gr\u00fcndete er das franz\u00f6sische Orchester <em>Les M\u00e9tamorphoses<\/em>, mit dem er fast 120 Auff\u00fchrungen gab, darunter neue Produktionen wie <em>La Traviata<\/em> von Giuseppe Verdi oder <em>Die Hochzeit des Figaro<\/em> von Mozart, in Zusammenarbeit mit der Operngesellschaft <em>Op\u00e9ra Nomade<\/em>, deren musikalischer Leiter er seit 2000 ist.<\/p>\n\n\n<div class=\"wp-block-image\">\n<figure class=\"aligncenter size-full\"><img fetchpriority=\"high\" decoding=\"async\" width=\"850\" height=\"352\" src=\"https:\/\/www.iemj.org\/wp-content\/uploads\/2026\/01\/Orchestre-les-metamorphoses_redim.jpg\" alt=\"\" class=\"wp-image-128688\" srcset=\"https:\/\/www.iemj.org\/wp-content\/uploads\/2026\/01\/Orchestre-les-metamorphoses_redim.jpg 850w, https:\/\/www.iemj.org\/wp-content\/uploads\/2026\/01\/Orchestre-les-metamorphoses_redim-300x124.jpg 300w, https:\/\/www.iemj.org\/wp-content\/uploads\/2026\/01\/Orchestre-les-metamorphoses_redim-768x318.jpg 768w, https:\/\/www.iemj.org\/wp-content\/uploads\/2026\/01\/Orchestre-les-metamorphoses_redim-600x248.jpg 600w\" sizes=\"(max-width: 850px) 100vw, 850px\" \/><figcaption class=\"wp-element-caption\"><strong>Orchester<\/strong> <strong>Les M\u00e9tamorphoses<\/strong><\/figcaption><\/figure>\n<\/div>\n\n\n<p>Neben seiner Karriere als Dirigent ist Amaury du Closel auch als Komponist t\u00e4tig: Sein Werkverzeichnis umfasst rund drei\u00dfig Opusse, darunter Orchesterwerke, verschiedene Kammermusikst\u00fccke und Melodien. Eines seiner Werke, <em>Nahem<\/em>, das 2008 vom Klangforum Wien uraufgef\u00fchrt wurde, ist eine Hommage an die Opfer des Holocaust, deren Andenken er im Bereich der Musik unerm\u00fcdlich zu bewahren sucht.<\/p>\n\n\n\n<p>Er komponierte auch die Musik f\u00fcr die Stummfilme <em>La Dixi\u00e8me Symphonie<\/em> von Abel Gance und <em>Michel Strogoff<\/em> von V. Tourjansky. Sein letztes St\u00fcck, <em>Stolpersteine<\/em>, komponiert im Jahr 2021, erscheint 2023 auf CD (Music &amp; Politics, KMI).<\/p>\n\n\n\n<p>Schlie\u00dflich ver\u00f6ffentlichte er als Musikwissenschaftler ver\u00f6ffentlichte er 2005 <em>Les Voix \u00e9touff\u00e9es du Troisi\u00e8me Reich<\/em> (Die erstickten Stimmen des Dritten Reiches) im Verlag Actes Sud, das vom Syndicat de la critique musicale (Verband der Musikkritiker) als bester Essay ausgezeichnet wurde und f\u00fcr das er 2005 mit dem <em>Goldenen Ehrenzeichen<\/em> der Bundesrepublik \u00d6sterreich und 2021 mit dem <em>Verdienstkreuz am Bande<\/em> der Bundesrepublik Deutschland ausgezeichnet wurde. Dieses Engagement schlug sich im selben Jahr in der Gr\u00fcndung des <strong><a href=\"https:\/\/www.iemj.org\/de\/forum-voix-etouffees\/\" target=\"_blank\" rel=\"noreferrer noopener\">Forum Voix Etouff\u00e9es<\/a><\/strong> nieder, einer Einrichtung, die sich f\u00fcr die Erinnerung an Komponisten und Musiker einsetzt, die im 20. Jahrhundert Opfer des europ\u00e4ischen Totalitarismus, allen voran der nationalsozialistischen Barbarei, wurden.<\/p>\n\n\n\n<p>Das Forum Voix Etouff\u00e9es wurde 2009 von der Europ\u00e4ischen Kommission f\u00fcr seine hervorragende Erinnerungsarbeit mit dem Golden Star Award ausgezeichnet und ist bis heute eines der wichtigsten Projekte des CERV-Programms (Programm der Europ\u00e4ischen Kommission \u201eB\u00fcrger, Gleichheit, Rechte und Werte\u201d), dessen einer Schwerpunkt der Kampf gegen Diskriminierung ist.<\/p>\n\n\n\n<p>Es sei darauf hingewiesen, dass das Engagement von Amaury du Closel f\u00fcr die Wiederentdeckung dieser Komponisten insbesondere in einem Konzert in Auschwitz im April 2009 zum Ausdruck kam, das Anlass f\u00fcr den Dokumentarfilm \u201e\u00c9l\u00e9gies d\u2019Auschwitz\u201d (Elegien von Auschwitz) des Regisseurs Fr\u00e9d\u00e9ric Cristea war.<\/p>\n\n\n\n<p>Amaury du Closel verstarb am 7. Oktober 2024 in Le Puy-en-Velay.<\/p>\n\n\n\n<p>Quellen:<\/p>\n\n\n\n<ul class=\"wp-block-list\">\n<li><a href=\"https:\/\/www.iemj.org\/de\/forum-voix-etouffees\/\" target=\"_blank\" rel=\"noreferrer noopener\">Forum Voix Etouff\u00e9es<\/a><\/li>\n\n\n\n<li><a href=\"https:\/\/www.radiofrance.fr\/francemusique\/mort-d-amaury-du-closel-passeur-des-compositeurs-persecutes-et-oublies-9239910\" target=\"_blank\" rel=\"noreferrer noopener\">https:\/\/www.radiofrance.fr\/francemusique\/mort-d-amaury-du-closel-passeur-des-compositeurs-persecutes-et-oublies-9239910<\/a><\/li>\n\n\n\n<li><a href=\"https:\/\/symetrie.com\/fr\/auteurs\/amaury.du_closel\" target=\"_blank\" rel=\"noreferrer noopener\">https:\/\/symetrie.com\/fr\/auteurs\/amaury.du_closel<\/a><\/li>\n<\/ul>\n\n\n\n<div class=\"wp-block-buttons is-content-justification-center is-layout-flex wp-container-core-buttons-is-layout-16018d1d wp-block-buttons-is-layout-flex\">\n<div class=\"wp-block-button\"><a class=\"wp-block-button__link has-white-color has-text-color has-background has-link-color has-text-align-center wp-element-button\" href=\"http:\/\/www.rachelnet.net\/F\/?func=find-c&amp;ccl_term=WRD+%3D+du+closel&amp;local_base=iemcg\" style=\"background-color:#3c4b98\" target=\"_blank\" rel=\"noreferrer noopener\"><strong>Alle Inhalte zu Amaury du Closel in unserem Katalog anzeigen<\/strong><\/a><\/div>\n<\/div>\n\n\n\n<div class=\"wp-block-buttons is-layout-flex wp-block-buttons-is-layout-flex\"><\/div>\n\n\n\n<p><\/p>\n","protected":false},"excerpt":{"rendered":"<p>Der Dirigent und Komponist Amaury du Closel gr\u00fcndete unter anderem das Forum Voix Etouff\u00e9es und setzte sich unerm\u00fcdlich f\u00fcr die Wiederbelebung der Musik von K\u00fcnstlern ein, die vom Nazi-Regime und<\/p>\n","protected":false},"author":5,"featured_media":128685,"comment_status":"closed","ping_status":"closed","sticky":false,"template":"","format":"standard","meta":{"_acf_changed":false,"footnotes":""},"categories":[1415],"tags":[],"technique":[],"squelettes":[],"sujet":[],"formation":[],"genre":[],"fonds":[],"tradition":[],"type-de-contenu":[],"interprete-compositeur":[],"frise":[],"type-devenement":[],"tableaux-liens-externes":[],"class_list":["post-128792","post","type-post","status-publish","format-standard","has-post-thumbnail","hentry","category-biografien-de"],"acf":[],"yoast_head":"<!-- This site is optimized with the Yoast SEO plugin v27.3 - https:\/\/yoast.com\/product\/yoast-seo-wordpress\/ -->\n<title>du Closel, Amaury (1956-2024) - Institut Europ\u00e9en des Musiques Juives<\/title>\n<meta name=\"robots\" content=\"index, follow, max-snippet:-1, max-image-preview:large, max-video-preview:-1\" \/>\n<link rel=\"canonical\" href=\"https:\/\/www.iemj.org\/de\/du-closel-amaury-1956-2024\/\" \/>\n<meta property=\"og:locale\" content=\"de_DE\" \/>\n<meta property=\"og:type\" content=\"article\" \/>\n<meta property=\"og:title\" content=\"du Closel, Amaury (1956-2024) - Institut Europ\u00e9en des Musiques Juives\" \/>\n<meta property=\"og:description\" content=\"Der Dirigent und Komponist Amaury du Closel gr\u00fcndete unter anderem das Forum Voix Etouff\u00e9es und setzte sich unerm\u00fcdlich f\u00fcr die Wiederbelebung der Musik von K\u00fcnstlern ein, die vom Nazi-Regime und\" \/>\n<meta property=\"og:url\" content=\"https:\/\/www.iemj.org\/de\/du-closel-amaury-1956-2024\/\" \/>\n<meta property=\"og:site_name\" content=\"Institut Europ\u00e9en des Musiques Juives\" \/>\n<meta property=\"article:publisher\" content=\"https:\/\/www.facebook.com\/MusiquesJuives\/\" \/>\n<meta property=\"article:published_time\" content=\"2026-01-07T17:40:53+00:00\" \/>\n<meta property=\"article:modified_time\" content=\"2026-01-08T15:31:21+00:00\" \/>\n<meta property=\"og:image\" content=\"https:\/\/www.iemj.org\/wp-content\/uploads\/2026\/01\/Logo-Bio-Amaury-du-Closel.jpg\" \/>\n\t<meta property=\"og:image:width\" content=\"162\" \/>\n\t<meta property=\"og:image:height\" content=\"218\" \/>\n\t<meta property=\"og:image:type\" content=\"image\/jpeg\" \/>\n<meta name=\"author\" content=\"Jacqueline ROTEN\" \/>\n<meta name=\"twitter:card\" content=\"summary_large_image\" \/>\n<meta name=\"twitter:label1\" content=\"Verfasst von\" \/>\n\t<meta name=\"twitter:data1\" content=\"Jacqueline ROTEN\" \/>\n\t<meta name=\"twitter:label2\" content=\"Gesch\u00e4tzte Lesezeit\" \/>\n\t<meta name=\"twitter:data2\" content=\"4\u00a0Minuten\" \/>\n<script type=\"application\/ld+json\" class=\"yoast-schema-graph\">{\"@context\":\"https:\\\/\\\/schema.org\",\"@graph\":[{\"@type\":\"Article\",\"@id\":\"https:\\\/\\\/www.iemj.org\\\/de\\\/du-closel-amaury-1956-2024\\\/#article\",\"isPartOf\":{\"@id\":\"https:\\\/\\\/www.iemj.org\\\/de\\\/du-closel-amaury-1956-2024\\\/\"},\"author\":{\"name\":\"Jacqueline ROTEN\",\"@id\":\"https:\\\/\\\/www.iemj.org\\\/de\\\/#\\\/schema\\\/person\\\/358e26c18aca017fcc4cc15437f7279c\"},\"headline\":\"du Closel, Amaury (1956-2024)\",\"datePublished\":\"2026-01-07T17:40:53+00:00\",\"dateModified\":\"2026-01-08T15:31:21+00:00\",\"mainEntityOfPage\":{\"@id\":\"https:\\\/\\\/www.iemj.org\\\/de\\\/du-closel-amaury-1956-2024\\\/\"},\"wordCount\":566,\"publisher\":{\"@id\":\"https:\\\/\\\/www.iemj.org\\\/de\\\/#organization\"},\"image\":{\"@id\":\"https:\\\/\\\/www.iemj.org\\\/de\\\/du-closel-amaury-1956-2024\\\/#primaryimage\"},\"thumbnailUrl\":\"https:\\\/\\\/www.iemj.org\\\/wp-content\\\/uploads\\\/2026\\\/01\\\/Logo-Bio-Amaury-du-Closel.jpg\",\"articleSection\":[\"Biografien\"],\"inLanguage\":\"de\"},{\"@type\":\"WebPage\",\"@id\":\"https:\\\/\\\/www.iemj.org\\\/de\\\/du-closel-amaury-1956-2024\\\/\",\"url\":\"https:\\\/\\\/www.iemj.org\\\/de\\\/du-closel-amaury-1956-2024\\\/\",\"name\":\"du Closel, Amaury (1956-2024) - Institut Europ\u00e9en des Musiques Juives\",\"isPartOf\":{\"@id\":\"https:\\\/\\\/www.iemj.org\\\/de\\\/#website\"},\"primaryImageOfPage\":{\"@id\":\"https:\\\/\\\/www.iemj.org\\\/de\\\/du-closel-amaury-1956-2024\\\/#primaryimage\"},\"image\":{\"@id\":\"https:\\\/\\\/www.iemj.org\\\/de\\\/du-closel-amaury-1956-2024\\\/#primaryimage\"},\"thumbnailUrl\":\"https:\\\/\\\/www.iemj.org\\\/wp-content\\\/uploads\\\/2026\\\/01\\\/Logo-Bio-Amaury-du-Closel.jpg\",\"datePublished\":\"2026-01-07T17:40:53+00:00\",\"dateModified\":\"2026-01-08T15:31:21+00:00\",\"breadcrumb\":{\"@id\":\"https:\\\/\\\/www.iemj.org\\\/de\\\/du-closel-amaury-1956-2024\\\/#breadcrumb\"},\"inLanguage\":\"de\",\"potentialAction\":[{\"@type\":\"ReadAction\",\"target\":[\"https:\\\/\\\/www.iemj.org\\\/de\\\/du-closel-amaury-1956-2024\\\/\"]}]},{\"@type\":\"ImageObject\",\"inLanguage\":\"de\",\"@id\":\"https:\\\/\\\/www.iemj.org\\\/de\\\/du-closel-amaury-1956-2024\\\/#primaryimage\",\"url\":\"https:\\\/\\\/www.iemj.org\\\/wp-content\\\/uploads\\\/2026\\\/01\\\/Logo-Bio-Amaury-du-Closel.jpg\",\"contentUrl\":\"https:\\\/\\\/www.iemj.org\\\/wp-content\\\/uploads\\\/2026\\\/01\\\/Logo-Bio-Amaury-du-Closel.jpg\",\"width\":162,\"height\":218},{\"@type\":\"BreadcrumbList\",\"@id\":\"https:\\\/\\\/www.iemj.org\\\/de\\\/du-closel-amaury-1956-2024\\\/#breadcrumb\",\"itemListElement\":[{\"@type\":\"ListItem\",\"position\":1,\"name\":\"Accueil\",\"item\":\"https:\\\/\\\/www.iemj.org\\\/de\\\/\"},{\"@type\":\"ListItem\",\"position\":2,\"name\":\"du Closel, Amaury (1956-2024)\"}]},{\"@type\":\"WebSite\",\"@id\":\"https:\\\/\\\/www.iemj.org\\\/de\\\/#website\",\"url\":\"https:\\\/\\\/www.iemj.org\\\/de\\\/\",\"name\":\"Institut Europ\u00e9en des Musiques Juives\",\"description\":\"Des traditions musicales \u00e0 la port\u00e9e de tous\",\"publisher\":{\"@id\":\"https:\\\/\\\/www.iemj.org\\\/de\\\/#organization\"},\"potentialAction\":[{\"@type\":\"SearchAction\",\"target\":{\"@type\":\"EntryPoint\",\"urlTemplate\":\"https:\\\/\\\/www.iemj.org\\\/de\\\/?s={search_term_string}\"},\"query-input\":{\"@type\":\"PropertyValueSpecification\",\"valueRequired\":true,\"valueName\":\"search_term_string\"}}],\"inLanguage\":\"de\"},{\"@type\":\"Organization\",\"@id\":\"https:\\\/\\\/www.iemj.org\\\/de\\\/#organization\",\"name\":\"Institut Europ\u00e9en des Musiques Juives\",\"url\":\"https:\\\/\\\/www.iemj.org\\\/de\\\/\",\"logo\":{\"@type\":\"ImageObject\",\"inLanguage\":\"de\",\"@id\":\"https:\\\/\\\/www.iemj.org\\\/de\\\/#\\\/schema\\\/logo\\\/image\\\/\",\"url\":\"https:\\\/\\\/www.iemj.org\\\/wp-content\\\/uploads\\\/2021\\\/09\\\/Logo-IEMJ-Paypal.jpg\",\"contentUrl\":\"https:\\\/\\\/www.iemj.org\\\/wp-content\\\/uploads\\\/2021\\\/09\\\/Logo-IEMJ-Paypal.jpg\",\"width\":150,\"height\":50,\"caption\":\"Institut Europ\u00e9en des Musiques Juives\"},\"image\":{\"@id\":\"https:\\\/\\\/www.iemj.org\\\/de\\\/#\\\/schema\\\/logo\\\/image\\\/\"},\"sameAs\":[\"https:\\\/\\\/www.facebook.com\\\/MusiquesJuives\\\/\",\"https:\\\/\\\/www.instagram.com\\\/musiquesjuives\\\/\",\"https:\\\/\\\/www.youtube.com\\\/user\\\/musiquesjuives\"]},{\"@type\":\"Person\",\"@id\":\"https:\\\/\\\/www.iemj.org\\\/de\\\/#\\\/schema\\\/person\\\/358e26c18aca017fcc4cc15437f7279c\",\"name\":\"Jacqueline ROTEN\",\"image\":{\"@type\":\"ImageObject\",\"inLanguage\":\"de\",\"@id\":\"https:\\\/\\\/secure.gravatar.com\\\/avatar\\\/5964256d6c6957de3a3505278957e0fb2a35119ac47ea41827a65301213c810b?s=96&d=mm&r=g\",\"url\":\"https:\\\/\\\/secure.gravatar.com\\\/avatar\\\/5964256d6c6957de3a3505278957e0fb2a35119ac47ea41827a65301213c810b?s=96&d=mm&r=g\",\"contentUrl\":\"https:\\\/\\\/secure.gravatar.com\\\/avatar\\\/5964256d6c6957de3a3505278957e0fb2a35119ac47ea41827a65301213c810b?s=96&d=mm&r=g\",\"caption\":\"Jacqueline ROTEN\"}}]}<\/script>\n<!-- \/ Yoast SEO plugin. -->","yoast_head_json":{"title":"du Closel, Amaury (1956-2024) - Institut Europ\u00e9en des Musiques Juives","robots":{"index":"index","follow":"follow","max-snippet":"max-snippet:-1","max-image-preview":"max-image-preview:large","max-video-preview":"max-video-preview:-1"},"canonical":"https:\/\/www.iemj.org\/de\/du-closel-amaury-1956-2024\/","og_locale":"de_DE","og_type":"article","og_title":"du Closel, Amaury (1956-2024) - Institut Europ\u00e9en des Musiques Juives","og_description":"Der Dirigent und Komponist Amaury du Closel gr\u00fcndete unter anderem das Forum Voix Etouff\u00e9es und setzte sich unerm\u00fcdlich f\u00fcr die Wiederbelebung der Musik von K\u00fcnstlern ein, die vom Nazi-Regime und","og_url":"https:\/\/www.iemj.org\/de\/du-closel-amaury-1956-2024\/","og_site_name":"Institut Europ\u00e9en des Musiques Juives","article_publisher":"https:\/\/www.facebook.com\/MusiquesJuives\/","article_published_time":"2026-01-07T17:40:53+00:00","article_modified_time":"2026-01-08T15:31:21+00:00","og_image":[{"width":162,"height":218,"url":"https:\/\/www.iemj.org\/wp-content\/uploads\/2026\/01\/Logo-Bio-Amaury-du-Closel.jpg","type":"image\/jpeg"}],"author":"Jacqueline ROTEN","twitter_card":"summary_large_image","twitter_misc":{"Verfasst von":"Jacqueline ROTEN","Gesch\u00e4tzte Lesezeit":"4\u00a0Minuten"},"schema":{"@context":"https:\/\/schema.org","@graph":[{"@type":"Article","@id":"https:\/\/www.iemj.org\/de\/du-closel-amaury-1956-2024\/#article","isPartOf":{"@id":"https:\/\/www.iemj.org\/de\/du-closel-amaury-1956-2024\/"},"author":{"name":"Jacqueline ROTEN","@id":"https:\/\/www.iemj.org\/de\/#\/schema\/person\/358e26c18aca017fcc4cc15437f7279c"},"headline":"du Closel, Amaury (1956-2024)","datePublished":"2026-01-07T17:40:53+00:00","dateModified":"2026-01-08T15:31:21+00:00","mainEntityOfPage":{"@id":"https:\/\/www.iemj.org\/de\/du-closel-amaury-1956-2024\/"},"wordCount":566,"publisher":{"@id":"https:\/\/www.iemj.org\/de\/#organization"},"image":{"@id":"https:\/\/www.iemj.org\/de\/du-closel-amaury-1956-2024\/#primaryimage"},"thumbnailUrl":"https:\/\/www.iemj.org\/wp-content\/uploads\/2026\/01\/Logo-Bio-Amaury-du-Closel.jpg","articleSection":["Biografien"],"inLanguage":"de"},{"@type":"WebPage","@id":"https:\/\/www.iemj.org\/de\/du-closel-amaury-1956-2024\/","url":"https:\/\/www.iemj.org\/de\/du-closel-amaury-1956-2024\/","name":"du Closel, Amaury (1956-2024) - Institut Europ\u00e9en des Musiques Juives","isPartOf":{"@id":"https:\/\/www.iemj.org\/de\/#website"},"primaryImageOfPage":{"@id":"https:\/\/www.iemj.org\/de\/du-closel-amaury-1956-2024\/#primaryimage"},"image":{"@id":"https:\/\/www.iemj.org\/de\/du-closel-amaury-1956-2024\/#primaryimage"},"thumbnailUrl":"https:\/\/www.iemj.org\/wp-content\/uploads\/2026\/01\/Logo-Bio-Amaury-du-Closel.jpg","datePublished":"2026-01-07T17:40:53+00:00","dateModified":"2026-01-08T15:31:21+00:00","breadcrumb":{"@id":"https:\/\/www.iemj.org\/de\/du-closel-amaury-1956-2024\/#breadcrumb"},"inLanguage":"de","potentialAction":[{"@type":"ReadAction","target":["https:\/\/www.iemj.org\/de\/du-closel-amaury-1956-2024\/"]}]},{"@type":"ImageObject","inLanguage":"de","@id":"https:\/\/www.iemj.org\/de\/du-closel-amaury-1956-2024\/#primaryimage","url":"https:\/\/www.iemj.org\/wp-content\/uploads\/2026\/01\/Logo-Bio-Amaury-du-Closel.jpg","contentUrl":"https:\/\/www.iemj.org\/wp-content\/uploads\/2026\/01\/Logo-Bio-Amaury-du-Closel.jpg","width":162,"height":218},{"@type":"BreadcrumbList","@id":"https:\/\/www.iemj.org\/de\/du-closel-amaury-1956-2024\/#breadcrumb","itemListElement":[{"@type":"ListItem","position":1,"name":"Accueil","item":"https:\/\/www.iemj.org\/de\/"},{"@type":"ListItem","position":2,"name":"du Closel, Amaury (1956-2024)"}]},{"@type":"WebSite","@id":"https:\/\/www.iemj.org\/de\/#website","url":"https:\/\/www.iemj.org\/de\/","name":"Institut Europ\u00e9en des Musiques Juives","description":"Des traditions musicales \u00e0 la port\u00e9e de tous","publisher":{"@id":"https:\/\/www.iemj.org\/de\/#organization"},"potentialAction":[{"@type":"SearchAction","target":{"@type":"EntryPoint","urlTemplate":"https:\/\/www.iemj.org\/de\/?s={search_term_string}"},"query-input":{"@type":"PropertyValueSpecification","valueRequired":true,"valueName":"search_term_string"}}],"inLanguage":"de"},{"@type":"Organization","@id":"https:\/\/www.iemj.org\/de\/#organization","name":"Institut Europ\u00e9en des Musiques Juives","url":"https:\/\/www.iemj.org\/de\/","logo":{"@type":"ImageObject","inLanguage":"de","@id":"https:\/\/www.iemj.org\/de\/#\/schema\/logo\/image\/","url":"https:\/\/www.iemj.org\/wp-content\/uploads\/2021\/09\/Logo-IEMJ-Paypal.jpg","contentUrl":"https:\/\/www.iemj.org\/wp-content\/uploads\/2021\/09\/Logo-IEMJ-Paypal.jpg","width":150,"height":50,"caption":"Institut Europ\u00e9en des Musiques Juives"},"image":{"@id":"https:\/\/www.iemj.org\/de\/#\/schema\/logo\/image\/"},"sameAs":["https:\/\/www.facebook.com\/MusiquesJuives\/","https:\/\/www.instagram.com\/musiquesjuives\/","https:\/\/www.youtube.com\/user\/musiquesjuives"]},{"@type":"Person","@id":"https:\/\/www.iemj.org\/de\/#\/schema\/person\/358e26c18aca017fcc4cc15437f7279c","name":"Jacqueline ROTEN","image":{"@type":"ImageObject","inLanguage":"de","@id":"https:\/\/secure.gravatar.com\/avatar\/5964256d6c6957de3a3505278957e0fb2a35119ac47ea41827a65301213c810b?s=96&d=mm&r=g","url":"https:\/\/secure.gravatar.com\/avatar\/5964256d6c6957de3a3505278957e0fb2a35119ac47ea41827a65301213c810b?s=96&d=mm&r=g","contentUrl":"https:\/\/secure.gravatar.com\/avatar\/5964256d6c6957de3a3505278957e0fb2a35119ac47ea41827a65301213c810b?s=96&d=mm&r=g","caption":"Jacqueline ROTEN"}}]}},"_links":{"self":[{"href":"https:\/\/www.iemj.org\/de\/wp-json\/wp\/v2\/posts\/128792","targetHints":{"allow":["GET"]}}],"collection":[{"href":"https:\/\/www.iemj.org\/de\/wp-json\/wp\/v2\/posts"}],"about":[{"href":"https:\/\/www.iemj.org\/de\/wp-json\/wp\/v2\/types\/post"}],"author":[{"embeddable":true,"href":"https:\/\/www.iemj.org\/de\/wp-json\/wp\/v2\/users\/5"}],"replies":[{"embeddable":true,"href":"https:\/\/www.iemj.org\/de\/wp-json\/wp\/v2\/comments?post=128792"}],"version-history":[{"count":1,"href":"https:\/\/www.iemj.org\/de\/wp-json\/wp\/v2\/posts\/128792\/revisions"}],"predecessor-version":[{"id":128798,"href":"https:\/\/www.iemj.org\/de\/wp-json\/wp\/v2\/posts\/128792\/revisions\/128798"}],"wp:featuredmedia":[{"embeddable":true,"href":"https:\/\/www.iemj.org\/de\/wp-json\/wp\/v2\/media\/128685"}],"wp:attachment":[{"href":"https:\/\/www.iemj.org\/de\/wp-json\/wp\/v2\/media?parent=128792"}],"wp:term":[{"taxonomy":"category","embeddable":true,"href":"https:\/\/www.iemj.org\/de\/wp-json\/wp\/v2\/categories?post=128792"},{"taxonomy":"post_tag","embeddable":true,"href":"https:\/\/www.iemj.org\/de\/wp-json\/wp\/v2\/tags?post=128792"},{"taxonomy":"technique","embeddable":true,"href":"https:\/\/www.iemj.org\/de\/wp-json\/wp\/v2\/technique?post=128792"},{"taxonomy":"squelettes","embeddable":true,"href":"https:\/\/www.iemj.org\/de\/wp-json\/wp\/v2\/squelettes?post=128792"},{"taxonomy":"sujet","embeddable":true,"href":"https:\/\/www.iemj.org\/de\/wp-json\/wp\/v2\/sujet?post=128792"},{"taxonomy":"formation","embeddable":true,"href":"https:\/\/www.iemj.org\/de\/wp-json\/wp\/v2\/formation?post=128792"},{"taxonomy":"genre","embeddable":true,"href":"https:\/\/www.iemj.org\/de\/wp-json\/wp\/v2\/genre?post=128792"},{"taxonomy":"fonds","embeddable":true,"href":"https:\/\/www.iemj.org\/de\/wp-json\/wp\/v2\/fonds?post=128792"},{"taxonomy":"tradition","embeddable":true,"href":"https:\/\/www.iemj.org\/de\/wp-json\/wp\/v2\/tradition?post=128792"},{"taxonomy":"type-de-contenu","embeddable":true,"href":"https:\/\/www.iemj.org\/de\/wp-json\/wp\/v2\/type-de-contenu?post=128792"},{"taxonomy":"interprete-compositeur","embeddable":true,"href":"https:\/\/www.iemj.org\/de\/wp-json\/wp\/v2\/interprete-compositeur?post=128792"},{"taxonomy":"frise","embeddable":true,"href":"https:\/\/www.iemj.org\/de\/wp-json\/wp\/v2\/frise?post=128792"},{"taxonomy":"type-devenement","embeddable":true,"href":"https:\/\/www.iemj.org\/de\/wp-json\/wp\/v2\/type-devenement?post=128792"},{"taxonomy":"tableaux-liens-externes","embeddable":true,"href":"https:\/\/www.iemj.org\/de\/wp-json\/wp\/v2\/tableaux-liens-externes?post=128792"}],"curies":[{"name":"wp","href":"https:\/\/api.w.org\/{rel}","templated":true}]}}