{"id":128979,"date":"2026-01-11T12:39:18","date_gmt":"2026-01-11T11:39:18","guid":{"rendered":"https:\/\/www.iemj.org\/arnold-schonberg-henriette-bosmans-joseph-kosma\/"},"modified":"2026-01-20T09:55:40","modified_gmt":"2026-01-20T08:55:40","slug":"arnold-schonberg-henriette-bosmans-joseph-kosma","status":"publish","type":"post","link":"https:\/\/www.iemj.org\/de\/arnold-schonberg-henriette-bosmans-joseph-kosma\/","title":{"rendered":"Arnold Sch\u00f6nberg, Henri\u00ebtte Bosmans, Joseph Kosma"},"content":{"rendered":"\n<!--more-->\n\n\n\n<p>Editions Hortus, Band 1: Nov. 2024, Band 2: Juni 2025, Band 3: Dez. 2025<\/p>\n\n\n\n<p>Unter der k\u00fcnstlerischen Leitung von <a href=\"https:\/\/thomastacquet.fr\/\" target=\"_blank\" rel=\"noreferrer noopener\">Thomas Tacquet<\/a> und Dimitri Malignan, <a href=\"https:\/\/voixetouffees.net\/vemv-collection\/\" target=\"_blank\" rel=\"noreferrer noopener\">\u201eVoix Etouff\u00e9es \u2013 Missing Voices\u201d<\/a><strong> <\/strong>eine Sammlung, die Komponisten gewidmet ist, die Opfer des Totalitarismus wurden, insbesondere denen, die vom Nationalsozialismus verfolgt wurden, seien sie nun bekannt oder unbekannt, zum Schweigen oder zum Exil verurteilt, ermordet oder in der Deportation ums Leben gekommen.<\/p>\n\n\n\n<p>Der Verlag Hortus plant in Zusammenarbeit mit dem Forum \u201eVoix \u00c9touff\u00e9es\u201d und dem Projekt \u201eMissing Voices\u201d die Ver\u00f6ffentlichung von acht CDs zwischen 2024 und 2026, die den Werken von Arnold Sch\u00f6nberg, Henri\u00ebtte Bosmans, Joseph Kosma, Dan Belinfante, Erich Itor Kahn und anderen gewidmet sein werden.<\/p>\n\n\n\n<p>Ende 2025 \u00fcbergab Thomas Tacquet dem Europ\u00e4ischen Institut f\u00fcr J\u00fcdische Musik die ersten drei B\u00e4nde dieser Sammlung.<\/p>\n\n\n\n<div style=\"height:15px\" aria-hidden=\"true\" class=\"wp-block-spacer\"><\/div>\n\n\n\n<hr class=\"wp-block-separator has-text-color has-alpha-channel-opacity has-background is-style-wide\" style=\"background-color:#000000;color:#000000\"\/>\n\n\n\n<div class=\"wp-block-columns are-vertically-aligned-center is-layout-flex wp-container-core-columns-is-layout-9d6595d7 wp-block-columns-is-layout-flex\">\n<div class=\"wp-block-column is-vertically-aligned-center is-layout-flow wp-block-column-is-layout-flow\" style=\"flex-basis:100%\">\n<h2 class=\"wp-block-heading\"><strong><em>Arnold Sch\u00f6nberg, l&#8217;arrangeur arrang\u00e9<\/em><\/strong><\/h2>\n\n\n<div class=\"wp-block-image\">\n<figure class=\"alignright is-resized\"><img fetchpriority=\"high\" decoding=\"async\" width=\"300\" height=\"269\" src=\"https:\/\/www.iemj.org\/wp-content\/uploads\/2026\/01\/COUV-CD-SCH_JR-300x269.jpg\" alt=\"\" class=\"wp-image-128816\" style=\"width:340px\" srcset=\"https:\/\/www.iemj.org\/wp-content\/uploads\/2026\/01\/COUV-CD-SCH_JR-300x269.jpg 300w, https:\/\/www.iemj.org\/wp-content\/uploads\/2026\/01\/COUV-CD-SCH_JR.jpg 500w\" sizes=\"(max-width: 300px) 100vw, 300px\" \/><\/figure>\n<\/div>\n\n\n<p>Diese letzte Aufnahme von <a href=\"https:\/\/www.iemj.org\/de\/du-closel-amaury-1956-2024\/\" target=\"_blank\" rel=\"noopener\">Amaury du Closel<\/a> (1956 &#8211; 2024), Gr\u00fcnder des \u201eForum Voix Etouff\u00e9es\u201d im Jahr 2005, pr\u00e4sentiert drei bedeutende Werke von Arnold Sch\u00f6nberg: \u201eErste Kammersymphonie\u201d op. 9 ; \u201eDas Buch der h\u00e4ngenden G\u00e4rten\u201d op. 15 ; \u201eF\u00fcnf Orchesterst\u00fccke\u201d op. 16.<\/p>\n\n\n\n<p><a href=\"https:\/\/www.iemj.org\/de\/schonberg-arnold-1874-1951\/\" target=\"_blank\" rel=\"noopener\">Arnold Sch\u00f6nberg<\/a> (1874\u20131951), auch Schoenberg genannt, war ein deutscher Komponist, der die Musik der ersten H\u00e4lfte des 20. Jahrhunderts revolutionierte. Als ber\u00fchmter Theoretiker, Maler und Autor von Werken und Arrangements war er eine au\u00dfergew\u00f6hnliche Pers\u00f6nlichkeit. Wie viele assimilierte Juden konvertierte er im Jahr 1898 zum Protestantismus und litt in den 1920er Jahren unter dem zunehmenden Antisemitismus. Nach der Machtergreifung Adolf Hitlers in Deutschland und der Verabschiedung des \u201eGesetzes zur Wiederherstellung des deutschen Staatsdienstes\u201d am 7. April 1933 musste Sch\u00f6nberg seine T\u00e4tigkeiten aufgeben, darunter auch seinen Kompositionsunterricht an der Preu\u00dfischen Akademie der K\u00fcnste.<\/p>\n\n\n\n<p>Er wurde vom NS-Regime als \u201eentartet\u201d eingestuft und musste Deutschland verlassen. Er verbrachte einige Monate in Frankreich, wo er am 30. Juli 1933 in der Synagoge in der Rue Copernic in Paris wieder zum Judentum konvertierte, bevor er endg\u00fcltig in die USA ins Exil ging. Dort unterrichtete er bis zu seiner Pensionierung im Jahr 1944 Komposition in New York, Boston und an der Universit\u00e4t von Los Angeles.<\/p>\n\n\n\n<p>Von den Nationalsozialisten als \u201eder entartete Musiker schlechthin\u201c betrachtet, war Sch\u00f6nberg eines der ber\u00fchmtesten Opfer ihrer antisemitischen Politik.<\/p>\n\n\n\n<ul class=\"wp-block-list\">\n<li><a href=\"https:\/\/www.iemj.org\/de\/darsteller-komponist\/arnold-schonberg-de\/\" target=\"_blank\" rel=\"noopener\"><\/a><a href=\"https:\/\/www.iemj.org\/de\/darsteller-komponist\/arnold-schonberg-de\/\">Weitere Artikel auf unserer Website zu Sch\u00f6nberg lesen<\/a><\/li>\n\n\n\n<li><a href=\"http:\/\/www.rachelnet.net\/F\/?func=find-c&amp;ccl_term=WRD+%3D+Schoenberg+OU+WRD+%3D+Sch%C3%B6nberg&amp;local_base=iemcg\" target=\"_blank\" rel=\"noreferrer noopener\"><\/a><a href=\"http:\/\/www.rachelnet.net\/F\/?func=find-c&amp;ccl_term=WRD+%3D+Schoenberg+OU+WRD+%3D+Sch%C3%B6nberg&amp;local_base=iemcg\">Unser Archiv zu Sch\u00f6nberg ansehen<\/a><\/li>\n<\/ul>\n\n\n<div class=\"wp-block-image\">\n<figure class=\"aligncenter size-full is-resized\"><img decoding=\"async\" width=\"639\" height=\"639\" src=\"https:\/\/www.iemj.org\/wp-content\/uploads\/2026\/01\/Liste-oeuvres-Schoenberg_Site.jpg\" alt=\"\" class=\"wp-image-129017\" style=\"width:500px\" srcset=\"https:\/\/www.iemj.org\/wp-content\/uploads\/2026\/01\/Liste-oeuvres-Schoenberg_Site.jpg 639w, https:\/\/www.iemj.org\/wp-content\/uploads\/2026\/01\/Liste-oeuvres-Schoenberg_Site-300x300.jpg 300w, https:\/\/www.iemj.org\/wp-content\/uploads\/2026\/01\/Liste-oeuvres-Schoenberg_Site-150x150.jpg 150w, https:\/\/www.iemj.org\/wp-content\/uploads\/2026\/01\/Liste-oeuvres-Schoenberg_Site-600x600.jpg 600w, https:\/\/www.iemj.org\/wp-content\/uploads\/2026\/01\/Liste-oeuvres-Schoenberg_Site-100x100.jpg 100w\" sizes=\"(max-width: 639px) 100vw, 639px\" \/><\/figure>\n<\/div><\/div>\n<\/div>\n\n\n\n<div style=\"height:20px\" aria-hidden=\"true\" class=\"wp-block-spacer\"><\/div>\n\n\n\n<hr class=\"wp-block-separator has-text-color has-alpha-channel-opacity has-background is-style-wide\" style=\"background-color:#010101;color:#010101\"\/>\n\n\n\n<div class=\"wp-block-columns are-vertically-aligned-center is-layout-flex wp-container-core-columns-is-layout-9d6595d7 wp-block-columns-is-layout-flex\">\n<div class=\"wp-block-column is-vertically-aligned-center is-layout-flow wp-block-column-is-layout-flow\" style=\"flex-basis:100%\">\n<h2 class=\"wp-block-heading\"><strong><em>Henri\u00ebtte Bosmans, le diable dans la nuit<\/em><\/strong><\/h2>\n\n\n<div class=\"wp-block-image\">\n<figure class=\"alignright is-resized\"><img decoding=\"async\" width=\"300\" height=\"269\" src=\"https:\/\/www.iemj.org\/wp-content\/uploads\/2026\/01\/COUV-CD-BOSMANS_JR-300x269.jpg\" alt=\"\" class=\"wp-image-128834\" style=\"width:340px\" srcset=\"https:\/\/www.iemj.org\/wp-content\/uploads\/2026\/01\/COUV-CD-BOSMANS_JR-300x269.jpg 300w, https:\/\/www.iemj.org\/wp-content\/uploads\/2026\/01\/COUV-CD-BOSMANS_JR.jpg 500w\" sizes=\"(max-width: 300px) 100vw, 300px\" \/><\/figure>\n<\/div>\n\n\n<p><a href=\"https:\/\/de.wikipedia.org\/wiki\/Henri%C3%ABtte_Bosmans\">Henri\u00ebtte Bosmans<\/a> war eine in der Zwischenkriegszeit renommierte Komponistin und Konzertpianistin, die nach ihrem Tod zu Unrecht in Vergessenheit geriet. Ihre Karriere wurde durch die Besetzung der Niederlande durch die Nationalsozialisten und die antisemitischen Verfolgungen, denen sie ausgesetzt war, ernsthaft unterbrochen. Die CD \u201eLe Diable dans la nuit\u201d r\u00fcckt ihre Instrumental- und Vokalmusik wieder in den Vordergrund.<\/p>\n\n\n\n<p>Ein Werk voller Farben und Kontraste, das viel zu lange vernachl\u00e4ssigt wurde und nun von Elizaveta Agrafenina (Sopran), Sarah Bayens (Violine) sowie Dimitri Malignan (Klavier und Leitung) wundersch\u00f6n interpretiert wird.<\/p>\n\n\n<div class=\"wp-block-image\">\n<figure class=\"aligncenter size-full is-resized\"><img loading=\"lazy\" decoding=\"async\" width=\"622\" height=\"645\" src=\"https:\/\/www.iemj.org\/wp-content\/uploads\/2026\/01\/Liste-oeuvres-Bosmans_Site.jpg\" alt=\"\" class=\"wp-image-129027\" style=\"width:500px\" srcset=\"https:\/\/www.iemj.org\/wp-content\/uploads\/2026\/01\/Liste-oeuvres-Bosmans_Site.jpg 622w, https:\/\/www.iemj.org\/wp-content\/uploads\/2026\/01\/Liste-oeuvres-Bosmans_Site-289x300.jpg 289w, https:\/\/www.iemj.org\/wp-content\/uploads\/2026\/01\/Liste-oeuvres-Bosmans_Site-600x622.jpg 600w\" sizes=\"(max-width: 622px) 100vw, 622px\" \/><\/figure>\n<\/div><\/div>\n<\/div>\n\n\n\n<div style=\"height:20px\" aria-hidden=\"true\" class=\"wp-block-spacer\"><\/div>\n\n\n\n<hr class=\"wp-block-separator has-text-color has-alpha-channel-opacity has-background is-style-wide\" style=\"background-color:#080808;color:#080808\"\/>\n\n\n\n<h2 class=\"wp-block-heading\"><strong><em>Joseph Kosma, \u00e0 la belle \u00e9toile<\/em><\/strong><\/h2>\n\n\n<div class=\"wp-block-image\">\n<figure class=\"alignright is-resized\"><img loading=\"lazy\" decoding=\"async\" width=\"300\" height=\"269\" src=\"https:\/\/www.iemj.org\/wp-content\/uploads\/2026\/01\/COUV-CD-KOSMA_JR-300x269.jpg\" alt=\"\" class=\"wp-image-128845\" style=\"width:340px\" srcset=\"https:\/\/www.iemj.org\/wp-content\/uploads\/2026\/01\/COUV-CD-KOSMA_JR-300x269.jpg 300w, https:\/\/www.iemj.org\/wp-content\/uploads\/2026\/01\/COUV-CD-KOSMA_JR.jpg 500w\" sizes=\"(max-width: 300px) 100vw, 300px\" \/><\/figure>\n<\/div>\n\n\n<p>Der ungarisch-j\u00fcdische Komponist <a href=\"https:\/\/www.iemj.org\/de\/kosma-joseph-1905-1969\/https:\/\/www.iemj.org\/de\/kosma-joseph-1905-1969\/\" target=\"_blank\" rel=\"noreferrer noopener\">Joseph Kosma (1905-1969)<\/a>&nbsp;musste wie Brecht, Weil und Eisler 1933 aus Berlin fliehen. Mit seinem St\u00fcck \u201e\u00c0 la Belle \u00e9toile\u201d (1935) feierte er sein Deb\u00fct in Paris, wo er Pr\u00e9vert traf, sich politisch engagierte und Filmmusiken sowie Lieder komponierte. Das vorliegende Album hat sich zum Ziel gesetzt, bisher unbekannte \u2013 oder sogar unver\u00f6ffentlichte \u2013 Werke f\u00fcr Chor, Klavier und Gesang zu pr\u00e4sentieren, die im Laufe seiner Begegnungen, insbesondere mit den Widerstandsk\u00e4mpfern Madeleine Riffaud und Henri Bassis, und in Treue zu einem revolution\u00e4ren Ideal entstanden sind (wie \u201eSi nous mourrons\u201d, das auf einem Brief von Ethel Rosenberg an ihre beiden S\u00f6hne basiert).<\/p>\n\n\n\n<p>Diese CD wird durch die inspirierte Interpretation der Sopranistin Catherine Trottmann, der Mezzosopranistin Anne-Lise Polchlopek, des Geigers David Moreau und des Chors Fiat cantus unter der Leitung und Klavierbegleitung von Thomas Tacquet wunderbar erg\u00e4nzt.<\/p>\n\n\n\n<p><a href=\"http:\/\/www.rachelnet.net\/F\/?func=find-c&amp;ccl_term=WRD+%3D+Kosma+SAUF+WRD+%3D+Vladimir&amp;local_base=iemcg\" target=\"_blank\" rel=\"noopener\">Unser Archiv zu Joseph Kosma ansehen<\/a><\/p>\n\n\n\n<div class=\"wp-block-columns are-vertically-aligned-center is-layout-flex wp-container-core-columns-is-layout-9d6595d7 wp-block-columns-is-layout-flex\">\n<div class=\"wp-block-column is-vertically-aligned-center is-layout-flow wp-block-column-is-layout-flow\">\n<figure class=\"wp-block-image size-full\"><img loading=\"lazy\" decoding=\"async\" width=\"631\" height=\"356\" src=\"https:\/\/www.iemj.org\/wp-content\/uploads\/2026\/01\/Liste-oeuvres-Kosma1_Site.jpg\" alt=\"\" class=\"wp-image-129041\" srcset=\"https:\/\/www.iemj.org\/wp-content\/uploads\/2026\/01\/Liste-oeuvres-Kosma1_Site.jpg 631w, https:\/\/www.iemj.org\/wp-content\/uploads\/2026\/01\/Liste-oeuvres-Kosma1_Site-300x169.jpg 300w, https:\/\/www.iemj.org\/wp-content\/uploads\/2026\/01\/Liste-oeuvres-Kosma1_Site-600x339.jpg 600w\" sizes=\"(max-width: 631px) 100vw, 631px\" \/><\/figure>\n<\/div>\n\n\n\n<div class=\"wp-block-column is-vertically-aligned-center is-layout-flow wp-block-column-is-layout-flow\">\n<figure class=\"wp-block-image size-full\"><img loading=\"lazy\" decoding=\"async\" width=\"616\" height=\"639\" src=\"https:\/\/www.iemj.org\/wp-content\/uploads\/2026\/01\/Liste-oeuvres-Kosma2_Site.jpg\" alt=\"\" class=\"wp-image-129046\" srcset=\"https:\/\/www.iemj.org\/wp-content\/uploads\/2026\/01\/Liste-oeuvres-Kosma2_Site.jpg 616w, https:\/\/www.iemj.org\/wp-content\/uploads\/2026\/01\/Liste-oeuvres-Kosma2_Site-289x300.jpg 289w, https:\/\/www.iemj.org\/wp-content\/uploads\/2026\/01\/Liste-oeuvres-Kosma2_Site-600x622.jpg 600w\" sizes=\"(max-width: 616px) 100vw, 616px\" \/><\/figure>\n<\/div>\n<\/div>\n\n\n\n<div style=\"height:10px\" aria-hidden=\"true\" class=\"wp-block-spacer\"><\/div>\n\n\n\n<hr class=\"wp-block-separator has-text-color has-alpha-channel-opacity has-background is-style-wide\" style=\"background-color:#000000;color:#000000\"\/>\n\n\n\n<div style=\"height:18px\" aria-hidden=\"true\" class=\"wp-block-spacer\"><\/div>\n\n\n\n<p class=\"has-text-align-center\"><a href=\"https:\/\/voixetouffees.net\/en\/vemv-collection\/\" target=\"_blank\" rel=\"noreferrer noopener\"><strong>Mehr \u00fcber die Sammlung \u201eVoix Etouff\u00e9es \u2013 Missing Voices\u201d erfahren<\/strong><\/a><\/p>\n\n\n\n<p class=\"has-text-align-center\"><a href=\"https:\/\/www.editionshortus.com\/catalogue.php?langue=en\" target=\"_blank\" rel=\"noreferrer noopener\"><strong>Die CDs bestellen<\/strong><\/a><\/p>\n\n\n\n<p><\/p>\n","protected":false},"excerpt":{"rendered":"","protected":false},"author":5,"featured_media":128813,"comment_status":"closed","ping_status":"closed","sticky":false,"template":"","format":"standard","meta":{"_acf_changed":false,"footnotes":""},"categories":[1571,1561],"tags":[],"technique":[],"squelettes":[],"sujet":[1801],"formation":[],"genre":[1877,1900],"fonds":[],"tradition":[],"type-de-contenu":[],"interprete-compositeur":[3088],"frise":[],"type-devenement":[],"tableaux-liens-externes":[],"class_list":["post-128979","post","type-post","status-publish","format-standard","has-post-thumbnail","hentry","category-cd-de","category-letzte-neuerwerbungen-de","sujet-shoah-de-2","genre-franzosisch-lied-de","genre-klassische-musik-de","interprete-compositeur-arnold-schonberg-de"],"acf":[],"yoast_head":"<!-- This site is optimized with the Yoast SEO plugin v27.3 - https:\/\/yoast.com\/product\/yoast-seo-wordpress\/ -->\n<title>Arnold Sch\u00f6nberg, Henri\u00ebtte Bosmans, Joseph Kosma - Institut Europ\u00e9en des Musiques Juives<\/title>\n<meta name=\"robots\" content=\"index, follow, max-snippet:-1, max-image-preview:large, max-video-preview:-1\" \/>\n<link rel=\"canonical\" href=\"https:\/\/www.iemj.org\/de\/arnold-schonberg-henriette-bosmans-joseph-kosma\/\" \/>\n<meta property=\"og:locale\" content=\"de_DE\" \/>\n<meta property=\"og:type\" content=\"article\" \/>\n<meta property=\"og:title\" content=\"Arnold Sch\u00f6nberg, Henri\u00ebtte Bosmans, Joseph Kosma - Institut Europ\u00e9en des Musiques Juives\" \/>\n<meta property=\"og:url\" content=\"https:\/\/www.iemj.org\/de\/arnold-schonberg-henriette-bosmans-joseph-kosma\/\" \/>\n<meta property=\"og:site_name\" content=\"Institut Europ\u00e9en des Musiques Juives\" \/>\n<meta property=\"article:publisher\" content=\"https:\/\/www.facebook.com\/MusiquesJuives\/\" \/>\n<meta property=\"article:published_time\" content=\"2026-01-11T11:39:18+00:00\" \/>\n<meta property=\"article:modified_time\" content=\"2026-01-20T08:55:40+00:00\" \/>\n<meta property=\"og:image\" content=\"https:\/\/www.iemj.org\/wp-content\/uploads\/2026\/01\/Logo-3-CD-Voix-etouffees.jpg\" \/>\n\t<meta property=\"og:image:width\" content=\"500\" \/>\n\t<meta property=\"og:image:height\" content=\"500\" \/>\n\t<meta property=\"og:image:type\" content=\"image\/jpeg\" \/>\n<meta name=\"author\" content=\"Jacqueline ROTEN\" \/>\n<meta name=\"twitter:card\" content=\"summary_large_image\" \/>\n<meta name=\"twitter:label1\" content=\"Verfasst von\" \/>\n\t<meta name=\"twitter:data1\" content=\"Jacqueline ROTEN\" \/>\n\t<meta name=\"twitter:label2\" content=\"Gesch\u00e4tzte Lesezeit\" \/>\n\t<meta name=\"twitter:data2\" content=\"5\u00a0Minuten\" \/>\n<script type=\"application\/ld+json\" class=\"yoast-schema-graph\">{\"@context\":\"https:\\\/\\\/schema.org\",\"@graph\":[{\"@type\":\"Article\",\"@id\":\"https:\\\/\\\/www.iemj.org\\\/de\\\/arnold-schonberg-henriette-bosmans-joseph-kosma\\\/#article\",\"isPartOf\":{\"@id\":\"https:\\\/\\\/www.iemj.org\\\/de\\\/arnold-schonberg-henriette-bosmans-joseph-kosma\\\/\"},\"author\":{\"name\":\"Jacqueline ROTEN\",\"@id\":\"https:\\\/\\\/www.iemj.org\\\/de\\\/#\\\/schema\\\/person\\\/358e26c18aca017fcc4cc15437f7279c\"},\"headline\":\"Arnold Sch\u00f6nberg, Henri\u00ebtte Bosmans, Joseph Kosma\",\"datePublished\":\"2026-01-11T11:39:18+00:00\",\"dateModified\":\"2026-01-20T08:55:40+00:00\",\"mainEntityOfPage\":{\"@id\":\"https:\\\/\\\/www.iemj.org\\\/de\\\/arnold-schonberg-henriette-bosmans-joseph-kosma\\\/\"},\"wordCount\":651,\"publisher\":{\"@id\":\"https:\\\/\\\/www.iemj.org\\\/de\\\/#organization\"},\"image\":{\"@id\":\"https:\\\/\\\/www.iemj.org\\\/de\\\/arnold-schonberg-henriette-bosmans-joseph-kosma\\\/#primaryimage\"},\"thumbnailUrl\":\"https:\\\/\\\/www.iemj.org\\\/wp-content\\\/uploads\\\/2026\\\/01\\\/Logo-3-CD-Voix-etouffees.jpg\",\"articleSection\":[\"CD\",\"Letzte Neuerwerbungen\"],\"inLanguage\":\"de\"},{\"@type\":\"WebPage\",\"@id\":\"https:\\\/\\\/www.iemj.org\\\/de\\\/arnold-schonberg-henriette-bosmans-joseph-kosma\\\/\",\"url\":\"https:\\\/\\\/www.iemj.org\\\/de\\\/arnold-schonberg-henriette-bosmans-joseph-kosma\\\/\",\"name\":\"Arnold Sch\u00f6nberg, Henri\u00ebtte Bosmans, Joseph Kosma - Institut Europ\u00e9en des Musiques Juives\",\"isPartOf\":{\"@id\":\"https:\\\/\\\/www.iemj.org\\\/de\\\/#website\"},\"primaryImageOfPage\":{\"@id\":\"https:\\\/\\\/www.iemj.org\\\/de\\\/arnold-schonberg-henriette-bosmans-joseph-kosma\\\/#primaryimage\"},\"image\":{\"@id\":\"https:\\\/\\\/www.iemj.org\\\/de\\\/arnold-schonberg-henriette-bosmans-joseph-kosma\\\/#primaryimage\"},\"thumbnailUrl\":\"https:\\\/\\\/www.iemj.org\\\/wp-content\\\/uploads\\\/2026\\\/01\\\/Logo-3-CD-Voix-etouffees.jpg\",\"datePublished\":\"2026-01-11T11:39:18+00:00\",\"dateModified\":\"2026-01-20T08:55:40+00:00\",\"breadcrumb\":{\"@id\":\"https:\\\/\\\/www.iemj.org\\\/de\\\/arnold-schonberg-henriette-bosmans-joseph-kosma\\\/#breadcrumb\"},\"inLanguage\":\"de\",\"potentialAction\":[{\"@type\":\"ReadAction\",\"target\":[\"https:\\\/\\\/www.iemj.org\\\/de\\\/arnold-schonberg-henriette-bosmans-joseph-kosma\\\/\"]}]},{\"@type\":\"ImageObject\",\"inLanguage\":\"de\",\"@id\":\"https:\\\/\\\/www.iemj.org\\\/de\\\/arnold-schonberg-henriette-bosmans-joseph-kosma\\\/#primaryimage\",\"url\":\"https:\\\/\\\/www.iemj.org\\\/wp-content\\\/uploads\\\/2026\\\/01\\\/Logo-3-CD-Voix-etouffees.jpg\",\"contentUrl\":\"https:\\\/\\\/www.iemj.org\\\/wp-content\\\/uploads\\\/2026\\\/01\\\/Logo-3-CD-Voix-etouffees.jpg\",\"width\":500,\"height\":500},{\"@type\":\"BreadcrumbList\",\"@id\":\"https:\\\/\\\/www.iemj.org\\\/de\\\/arnold-schonberg-henriette-bosmans-joseph-kosma\\\/#breadcrumb\",\"itemListElement\":[{\"@type\":\"ListItem\",\"position\":1,\"name\":\"Accueil\",\"item\":\"https:\\\/\\\/www.iemj.org\\\/de\\\/\"},{\"@type\":\"ListItem\",\"position\":2,\"name\":\"Arnold Sch\u00f6nberg, Henri\u00ebtte Bosmans, Joseph Kosma\"}]},{\"@type\":\"WebSite\",\"@id\":\"https:\\\/\\\/www.iemj.org\\\/de\\\/#website\",\"url\":\"https:\\\/\\\/www.iemj.org\\\/de\\\/\",\"name\":\"Institut Europ\u00e9en des Musiques Juives\",\"description\":\"Des traditions musicales \u00e0 la port\u00e9e de tous\",\"publisher\":{\"@id\":\"https:\\\/\\\/www.iemj.org\\\/de\\\/#organization\"},\"potentialAction\":[{\"@type\":\"SearchAction\",\"target\":{\"@type\":\"EntryPoint\",\"urlTemplate\":\"https:\\\/\\\/www.iemj.org\\\/de\\\/?s={search_term_string}\"},\"query-input\":{\"@type\":\"PropertyValueSpecification\",\"valueRequired\":true,\"valueName\":\"search_term_string\"}}],\"inLanguage\":\"de\"},{\"@type\":\"Organization\",\"@id\":\"https:\\\/\\\/www.iemj.org\\\/de\\\/#organization\",\"name\":\"Institut Europ\u00e9en des Musiques Juives\",\"url\":\"https:\\\/\\\/www.iemj.org\\\/de\\\/\",\"logo\":{\"@type\":\"ImageObject\",\"inLanguage\":\"de\",\"@id\":\"https:\\\/\\\/www.iemj.org\\\/de\\\/#\\\/schema\\\/logo\\\/image\\\/\",\"url\":\"https:\\\/\\\/www.iemj.org\\\/wp-content\\\/uploads\\\/2021\\\/09\\\/Logo-IEMJ-Paypal.jpg\",\"contentUrl\":\"https:\\\/\\\/www.iemj.org\\\/wp-content\\\/uploads\\\/2021\\\/09\\\/Logo-IEMJ-Paypal.jpg\",\"width\":150,\"height\":50,\"caption\":\"Institut Europ\u00e9en des Musiques Juives\"},\"image\":{\"@id\":\"https:\\\/\\\/www.iemj.org\\\/de\\\/#\\\/schema\\\/logo\\\/image\\\/\"},\"sameAs\":[\"https:\\\/\\\/www.facebook.com\\\/MusiquesJuives\\\/\",\"https:\\\/\\\/www.instagram.com\\\/musiquesjuives\\\/\",\"https:\\\/\\\/www.youtube.com\\\/user\\\/musiquesjuives\"]},{\"@type\":\"Person\",\"@id\":\"https:\\\/\\\/www.iemj.org\\\/de\\\/#\\\/schema\\\/person\\\/358e26c18aca017fcc4cc15437f7279c\",\"name\":\"Jacqueline ROTEN\",\"image\":{\"@type\":\"ImageObject\",\"inLanguage\":\"de\",\"@id\":\"https:\\\/\\\/secure.gravatar.com\\\/avatar\\\/5964256d6c6957de3a3505278957e0fb2a35119ac47ea41827a65301213c810b?s=96&d=mm&r=g\",\"url\":\"https:\\\/\\\/secure.gravatar.com\\\/avatar\\\/5964256d6c6957de3a3505278957e0fb2a35119ac47ea41827a65301213c810b?s=96&d=mm&r=g\",\"contentUrl\":\"https:\\\/\\\/secure.gravatar.com\\\/avatar\\\/5964256d6c6957de3a3505278957e0fb2a35119ac47ea41827a65301213c810b?s=96&d=mm&r=g\",\"caption\":\"Jacqueline ROTEN\"}}]}<\/script>\n<!-- \/ Yoast SEO plugin. -->","yoast_head_json":{"title":"Arnold Sch\u00f6nberg, Henri\u00ebtte Bosmans, Joseph Kosma - Institut Europ\u00e9en des Musiques Juives","robots":{"index":"index","follow":"follow","max-snippet":"max-snippet:-1","max-image-preview":"max-image-preview:large","max-video-preview":"max-video-preview:-1"},"canonical":"https:\/\/www.iemj.org\/de\/arnold-schonberg-henriette-bosmans-joseph-kosma\/","og_locale":"de_DE","og_type":"article","og_title":"Arnold Sch\u00f6nberg, Henri\u00ebtte Bosmans, Joseph Kosma - Institut Europ\u00e9en des Musiques Juives","og_url":"https:\/\/www.iemj.org\/de\/arnold-schonberg-henriette-bosmans-joseph-kosma\/","og_site_name":"Institut Europ\u00e9en des Musiques Juives","article_publisher":"https:\/\/www.facebook.com\/MusiquesJuives\/","article_published_time":"2026-01-11T11:39:18+00:00","article_modified_time":"2026-01-20T08:55:40+00:00","og_image":[{"width":500,"height":500,"url":"https:\/\/www.iemj.org\/wp-content\/uploads\/2026\/01\/Logo-3-CD-Voix-etouffees.jpg","type":"image\/jpeg"}],"author":"Jacqueline ROTEN","twitter_card":"summary_large_image","twitter_misc":{"Verfasst von":"Jacqueline ROTEN","Gesch\u00e4tzte Lesezeit":"5\u00a0Minuten"},"schema":{"@context":"https:\/\/schema.org","@graph":[{"@type":"Article","@id":"https:\/\/www.iemj.org\/de\/arnold-schonberg-henriette-bosmans-joseph-kosma\/#article","isPartOf":{"@id":"https:\/\/www.iemj.org\/de\/arnold-schonberg-henriette-bosmans-joseph-kosma\/"},"author":{"name":"Jacqueline ROTEN","@id":"https:\/\/www.iemj.org\/de\/#\/schema\/person\/358e26c18aca017fcc4cc15437f7279c"},"headline":"Arnold Sch\u00f6nberg, Henri\u00ebtte Bosmans, Joseph Kosma","datePublished":"2026-01-11T11:39:18+00:00","dateModified":"2026-01-20T08:55:40+00:00","mainEntityOfPage":{"@id":"https:\/\/www.iemj.org\/de\/arnold-schonberg-henriette-bosmans-joseph-kosma\/"},"wordCount":651,"publisher":{"@id":"https:\/\/www.iemj.org\/de\/#organization"},"image":{"@id":"https:\/\/www.iemj.org\/de\/arnold-schonberg-henriette-bosmans-joseph-kosma\/#primaryimage"},"thumbnailUrl":"https:\/\/www.iemj.org\/wp-content\/uploads\/2026\/01\/Logo-3-CD-Voix-etouffees.jpg","articleSection":["CD","Letzte Neuerwerbungen"],"inLanguage":"de"},{"@type":"WebPage","@id":"https:\/\/www.iemj.org\/de\/arnold-schonberg-henriette-bosmans-joseph-kosma\/","url":"https:\/\/www.iemj.org\/de\/arnold-schonberg-henriette-bosmans-joseph-kosma\/","name":"Arnold Sch\u00f6nberg, Henri\u00ebtte Bosmans, Joseph Kosma - Institut Europ\u00e9en des Musiques Juives","isPartOf":{"@id":"https:\/\/www.iemj.org\/de\/#website"},"primaryImageOfPage":{"@id":"https:\/\/www.iemj.org\/de\/arnold-schonberg-henriette-bosmans-joseph-kosma\/#primaryimage"},"image":{"@id":"https:\/\/www.iemj.org\/de\/arnold-schonberg-henriette-bosmans-joseph-kosma\/#primaryimage"},"thumbnailUrl":"https:\/\/www.iemj.org\/wp-content\/uploads\/2026\/01\/Logo-3-CD-Voix-etouffees.jpg","datePublished":"2026-01-11T11:39:18+00:00","dateModified":"2026-01-20T08:55:40+00:00","breadcrumb":{"@id":"https:\/\/www.iemj.org\/de\/arnold-schonberg-henriette-bosmans-joseph-kosma\/#breadcrumb"},"inLanguage":"de","potentialAction":[{"@type":"ReadAction","target":["https:\/\/www.iemj.org\/de\/arnold-schonberg-henriette-bosmans-joseph-kosma\/"]}]},{"@type":"ImageObject","inLanguage":"de","@id":"https:\/\/www.iemj.org\/de\/arnold-schonberg-henriette-bosmans-joseph-kosma\/#primaryimage","url":"https:\/\/www.iemj.org\/wp-content\/uploads\/2026\/01\/Logo-3-CD-Voix-etouffees.jpg","contentUrl":"https:\/\/www.iemj.org\/wp-content\/uploads\/2026\/01\/Logo-3-CD-Voix-etouffees.jpg","width":500,"height":500},{"@type":"BreadcrumbList","@id":"https:\/\/www.iemj.org\/de\/arnold-schonberg-henriette-bosmans-joseph-kosma\/#breadcrumb","itemListElement":[{"@type":"ListItem","position":1,"name":"Accueil","item":"https:\/\/www.iemj.org\/de\/"},{"@type":"ListItem","position":2,"name":"Arnold Sch\u00f6nberg, Henri\u00ebtte Bosmans, Joseph Kosma"}]},{"@type":"WebSite","@id":"https:\/\/www.iemj.org\/de\/#website","url":"https:\/\/www.iemj.org\/de\/","name":"Institut Europ\u00e9en des Musiques Juives","description":"Des traditions musicales \u00e0 la port\u00e9e de tous","publisher":{"@id":"https:\/\/www.iemj.org\/de\/#organization"},"potentialAction":[{"@type":"SearchAction","target":{"@type":"EntryPoint","urlTemplate":"https:\/\/www.iemj.org\/de\/?s={search_term_string}"},"query-input":{"@type":"PropertyValueSpecification","valueRequired":true,"valueName":"search_term_string"}}],"inLanguage":"de"},{"@type":"Organization","@id":"https:\/\/www.iemj.org\/de\/#organization","name":"Institut Europ\u00e9en des Musiques Juives","url":"https:\/\/www.iemj.org\/de\/","logo":{"@type":"ImageObject","inLanguage":"de","@id":"https:\/\/www.iemj.org\/de\/#\/schema\/logo\/image\/","url":"https:\/\/www.iemj.org\/wp-content\/uploads\/2021\/09\/Logo-IEMJ-Paypal.jpg","contentUrl":"https:\/\/www.iemj.org\/wp-content\/uploads\/2021\/09\/Logo-IEMJ-Paypal.jpg","width":150,"height":50,"caption":"Institut Europ\u00e9en des Musiques Juives"},"image":{"@id":"https:\/\/www.iemj.org\/de\/#\/schema\/logo\/image\/"},"sameAs":["https:\/\/www.facebook.com\/MusiquesJuives\/","https:\/\/www.instagram.com\/musiquesjuives\/","https:\/\/www.youtube.com\/user\/musiquesjuives"]},{"@type":"Person","@id":"https:\/\/www.iemj.org\/de\/#\/schema\/person\/358e26c18aca017fcc4cc15437f7279c","name":"Jacqueline ROTEN","image":{"@type":"ImageObject","inLanguage":"de","@id":"https:\/\/secure.gravatar.com\/avatar\/5964256d6c6957de3a3505278957e0fb2a35119ac47ea41827a65301213c810b?s=96&d=mm&r=g","url":"https:\/\/secure.gravatar.com\/avatar\/5964256d6c6957de3a3505278957e0fb2a35119ac47ea41827a65301213c810b?s=96&d=mm&r=g","contentUrl":"https:\/\/secure.gravatar.com\/avatar\/5964256d6c6957de3a3505278957e0fb2a35119ac47ea41827a65301213c810b?s=96&d=mm&r=g","caption":"Jacqueline ROTEN"}}]}},"_links":{"self":[{"href":"https:\/\/www.iemj.org\/de\/wp-json\/wp\/v2\/posts\/128979","targetHints":{"allow":["GET"]}}],"collection":[{"href":"https:\/\/www.iemj.org\/de\/wp-json\/wp\/v2\/posts"}],"about":[{"href":"https:\/\/www.iemj.org\/de\/wp-json\/wp\/v2\/types\/post"}],"author":[{"embeddable":true,"href":"https:\/\/www.iemj.org\/de\/wp-json\/wp\/v2\/users\/5"}],"replies":[{"embeddable":true,"href":"https:\/\/www.iemj.org\/de\/wp-json\/wp\/v2\/comments?post=128979"}],"version-history":[{"count":5,"href":"https:\/\/www.iemj.org\/de\/wp-json\/wp\/v2\/posts\/128979\/revisions"}],"predecessor-version":[{"id":129620,"href":"https:\/\/www.iemj.org\/de\/wp-json\/wp\/v2\/posts\/128979\/revisions\/129620"}],"wp:featuredmedia":[{"embeddable":true,"href":"https:\/\/www.iemj.org\/de\/wp-json\/wp\/v2\/media\/128813"}],"wp:attachment":[{"href":"https:\/\/www.iemj.org\/de\/wp-json\/wp\/v2\/media?parent=128979"}],"wp:term":[{"taxonomy":"category","embeddable":true,"href":"https:\/\/www.iemj.org\/de\/wp-json\/wp\/v2\/categories?post=128979"},{"taxonomy":"post_tag","embeddable":true,"href":"https:\/\/www.iemj.org\/de\/wp-json\/wp\/v2\/tags?post=128979"},{"taxonomy":"technique","embeddable":true,"href":"https:\/\/www.iemj.org\/de\/wp-json\/wp\/v2\/technique?post=128979"},{"taxonomy":"squelettes","embeddable":true,"href":"https:\/\/www.iemj.org\/de\/wp-json\/wp\/v2\/squelettes?post=128979"},{"taxonomy":"sujet","embeddable":true,"href":"https:\/\/www.iemj.org\/de\/wp-json\/wp\/v2\/sujet?post=128979"},{"taxonomy":"formation","embeddable":true,"href":"https:\/\/www.iemj.org\/de\/wp-json\/wp\/v2\/formation?post=128979"},{"taxonomy":"genre","embeddable":true,"href":"https:\/\/www.iemj.org\/de\/wp-json\/wp\/v2\/genre?post=128979"},{"taxonomy":"fonds","embeddable":true,"href":"https:\/\/www.iemj.org\/de\/wp-json\/wp\/v2\/fonds?post=128979"},{"taxonomy":"tradition","embeddable":true,"href":"https:\/\/www.iemj.org\/de\/wp-json\/wp\/v2\/tradition?post=128979"},{"taxonomy":"type-de-contenu","embeddable":true,"href":"https:\/\/www.iemj.org\/de\/wp-json\/wp\/v2\/type-de-contenu?post=128979"},{"taxonomy":"interprete-compositeur","embeddable":true,"href":"https:\/\/www.iemj.org\/de\/wp-json\/wp\/v2\/interprete-compositeur?post=128979"},{"taxonomy":"frise","embeddable":true,"href":"https:\/\/www.iemj.org\/de\/wp-json\/wp\/v2\/frise?post=128979"},{"taxonomy":"type-devenement","embeddable":true,"href":"https:\/\/www.iemj.org\/de\/wp-json\/wp\/v2\/type-devenement?post=128979"},{"taxonomy":"tableaux-liens-externes","embeddable":true,"href":"https:\/\/www.iemj.org\/de\/wp-json\/wp\/v2\/tableaux-liens-externes?post=128979"}],"curies":[{"name":"wp","href":"https:\/\/api.w.org\/{rel}","templated":true}]}}