{"id":129341,"date":"2026-01-15T16:11:23","date_gmt":"2026-01-15T15:11:23","guid":{"rendered":"https:\/\/www.iemj.org\/oskar-c-posa-1873-1951-lieder-sonate-pour-violon-et-piano-quatuor-a-cordes\/"},"modified":"2026-01-15T18:16:50","modified_gmt":"2026-01-15T17:16:50","slug":"oskar-c-posa-1873-1951-lieder-sonate-pour-violon-et-piano-quatuor-a-cordes","status":"publish","type":"post","link":"https:\/\/www.iemj.org\/de\/oskar-c-posa-1873-1951-lieder-sonate-pour-violon-et-piano-quatuor-a-cordes\/","title":{"rendered":"OSKAR C. POSA (1873-1951) &#8211; Lieder, Sonate f\u00fcr Violine und Klavier, Streichquartett"},"content":{"rendered":"\n<!--more-->\n\n\n\n<p>Olivier Lalane begann seine Recherchen im Jahr 2020 w\u00e4hrend des Lockdowns. Als er zuf\u00e4llig auf das Plakat eines Konzerts aus dem Jahr 1905 im Wiener Musikverein stie\u00df, entdeckte er den ihm unbekannten Namen Oskar C. Posa, der zwischen zwei weitaus bekannteren Komponisten stand: Arnold Sch\u00f6nberg und Alexander von Zemlinsky. Neugierig geworden, suchte er vergeblich im Internet und in Musiklexika nach dem Namen Posa. Seine Neugierde wurde zu einer Obsession. So begann er eine vierj\u00e4hrige Recherche, die ihn zu Partituren, Manuskripten und Spuren dieses in Vergessenheit geratenen Komponisten f\u00fchrte.<\/p>\n\n\n\n<p>Aber wer war Oskar Posa? Seine v\u00f6llige Vergessenheit ist eines der gr\u00f6\u00dften R\u00e4tsel der Musikgeschichte. Der zu Beginn des 20. Jahrhunderts ber\u00fchmte \u00f6sterreichische Komponist der Sp\u00e4tromantik war mit den gro\u00dfen Komponisten seiner Zeit befreundet und schrieb unter anderem 80 Lieder<span class=\"footnote_referrer\"><a role=\"button\" tabindex=\"0\" onclick=\"footnote_moveToReference_129341_1('footnote_plugin_reference_129341_1_1');\" onkeypress=\"footnote_moveToReference_129341_1('footnote_plugin_reference_129341_1_1');\" ><sup id=\"footnote_plugin_tooltip_129341_1_1\" class=\"footnote_plugin_tooltip_text\">[1]<\/sup><\/a><span id=\"footnote_plugin_tooltip_text_129341_1_1\" class=\"footnote_tooltip\">Lieder sind Gedichte, die vertont wurden.<\/span><\/span><script type=\"text\/javascript\"> jQuery('#footnote_plugin_tooltip_129341_1_1').tooltip({ tip: '#footnote_plugin_tooltip_text_129341_1_1', tipClass: 'footnote_tooltip', effect: 'fade', predelay: 0, fadeInSpeed: 200, delay: 400, fadeOutSpeed: 200, position: 'top center', relative: true, offset: [-7, 0], });<\/script>, die in ganz Europa und den Vereinigten Staaten gesungen wurden. Diese St\u00fccke bestechen durch ihre harmonische Sinnlichkeit, die sie von Brahms und Wagner geerbt haben, und durch die einzigartige Rolle, die sie dem Klavier einr\u00e4umen, das dem Gesang ebenb\u00fcrtig ist.<\/p>\n\n\n\n<p><strong>Oskar Posa, die tragisch banale Geschichte eines Komponisten, der Opfer von Antisemitismus wurde<\/strong><\/p>\n\n\n\n<p>Oskar Carl Posamentir wurde am 16. Januar 1873 in Wien in eine j\u00fcdische Familie hineingeboren. Er gab seinen Familiennamen, der sich vom Beruf des Posamentiers \u2013 eines Handwebers, der Pompons, B\u00e4nder, Borten, Schn\u00fcre oder Vorhangfransen herstellt \u2013 ableitete, ab und signierte seine Werke fortan mit Oskar C. Posa. Zu Beginn seiner Karriere trat er unter diesem Namen auf, bis er ihn 1911 offiziell im Standesamt eintragen lie\u00df. Als virtuoser Pianist nahm er Privatunterricht in Klavier und Komposition bei Otto Bach, Ignaz Br\u00fcll und vor allem bei Robert Fuchs, der eine ganze Generation postromantischer Komponisten in Harmonielehre und Kontrapunkt unterrichtete, darunter Richard Strauss, Gustav Mahler, Hugo Wolf, Alexander von Zemlinsky, Franz Schreker, Jean Sibelius, Max Steiner und Erich Korngold.<\/p>\n\n\n<div class=\"wp-block-image\">\n<figure class=\"alignright size-full is-resized\"><img fetchpriority=\"high\" decoding=\"async\" width=\"317\" height=\"422\" src=\"https:\/\/www.iemj.org\/wp-content\/uploads\/2026\/01\/Oskar-C.-Posa-circa-1911.jpg\" alt=\"\" class=\"wp-image-129302\" style=\"width:159px;height:auto\" srcset=\"https:\/\/www.iemj.org\/wp-content\/uploads\/2026\/01\/Oskar-C.-Posa-circa-1911.jpg 317w, https:\/\/www.iemj.org\/wp-content\/uploads\/2026\/01\/Oskar-C.-Posa-circa-1911-225x300.jpg 225w\" sizes=\"(max-width: 317px) 100vw, 317px\" \/><figcaption class=\"wp-element-caption\"><strong>Oskar C. Posa &#8211; circa 1911<\/strong><\/figcaption><\/figure>\n<\/div>\n\n\n<p>Wie Mahler konvertierte auch Posa im Jahr 1897 zum Katholizismus, um eine Karriere als Musiker verfolgen zu k\u00f6nnen. Das Wiener Publikum entdeckte seine Musik im Februar 1898 bei einem Konzert des Baritons Eduard G\u00e4rtner und des Geigers Fritz Kreisler, bei dem der Komponist am Klavier begleitete. Vier seiner Lieder wurden dabei uraufgef\u00fchrt: \u201eHeimweh\u201c, \u201eHeimkehr\u201c, \u201eScheiden und Meiden\u201c sowie \u201eIrmelin Rose\u201c.<\/p>\n\n\n\n<p>Das folgende Jahr sollte sich als entscheidend erweisen. Der Pianist und Komponist Julius R\u00f6ntgen, dem Posa seine Partituren geschickt hatte, war von seiner Musik so begeistert, dass er ihm am 18. Juni 1899 schrieb: \u201eIch z\u00e4hle Ihre Lieder zu den besten, die je geschrieben wurden, und ich bin sicher, dass dieses Urteil allgemein best\u00e4tigt werden wird, sobald sie bekannt sind. \u201c<span class=\"footnote_referrer\"><a role=\"button\" tabindex=\"0\" onclick=\"footnote_moveToReference_129341_1('footnote_plugin_reference_129341_1_2');\" onkeypress=\"footnote_moveToReference_129341_1('footnote_plugin_reference_129341_1_2');\" ><sup id=\"footnote_plugin_tooltip_129341_1_2\" class=\"footnote_plugin_tooltip_text\">[2]<\/sup><\/a><span id=\"footnote_plugin_tooltip_text_129341_1_2\" class=\"footnote_tooltip\">Diese Referenz sowie ein Gro\u00dfteil dieses Artikels stammen aus dem bemerkenswerten Booklet von Olivier Lalane, das diesem Doppelalbum beiliegt.<\/span><\/span><script type=\"text\/javascript\"> jQuery('#footnote_plugin_tooltip_129341_1_2').tooltip({ tip: '#footnote_plugin_tooltip_text_129341_1_2', tipClass: 'footnote_tooltip', effect: 'fade', predelay: 0, fadeInSpeed: 200, delay: 400, fadeOutSpeed: 200, position: 'top center', relative: true, offset: [-7, 0], });<\/script><\/p>\n\n\n\n<p>Das Jahr 1900 begann also unter den besten Vorzeichen: Im Januar pr\u00e4sentierten R\u00f6ntgen und der S\u00e4nger Messchaert mehrere Lieder von Posa in Amsterdam und anschlie\u00dfend in Wien. Der Erfolg stellte sich sofort ein. Der traditionsreiche Brahms-Verlag Simrock beschlie\u00dft daraufhin, zwei Liederb\u00e4nde von Posa zu ver\u00f6ffentlichen. In der zweiten H\u00e4lfte des Jahres 1900 k\u00fcndigt Posa seine Stelle als Beisitzer am Bezirksgericht Wien, um sich ganz der Musik zu widmen.<\/p>\n\n\n\n<p>Im Jahr 1901, als seine \u201eSonate f\u00fcr Violine und Klavier\u201c, ein geniales Werk von \u00fcbermenschlicher Schwierigkeit, aufgef\u00fchrt werden sollte, sagten die vorgesehenen Interpreten in letzter Minute ab, und die \u00f6ffentliche Urauff\u00fchrung dieses Werks wurde zu einem Albtraum. Der Komponist verfiel daraufhin in eine tiefe Depression.<\/p>\n\n\n\n<p>Anfang 1904 beschlossen Arnold Sch\u00f6nberg, Alexander Zemlinsky und Ferdinand Pospischil, den Vereinigung Schaffender Tonk\u00fcnstler in Wien zu gr\u00fcnden. Aufgabe des Vereins war es, moderne Musikwerke durch Konzerte zu f\u00f6rdern. Gustav Mahler war Ehrenpr\u00e4sident. Zu den namhaften Mitgliedern z\u00e4hlten Max Reger, Hans Pfitzner, Max von Schillings, Karl Weigl, Siegmund von Hausegger, R\u00f6ntgen und Jean Sibelius. Der Verein lud Komponisten ein, neue Werke einzureichen, die dann in Konzerten aufgef\u00fchrt werden sollten. Bis Ende September 1904 hatten 127 Komponisten fast 900 Werke eingereicht. Die erste Saison versprach ambitioniert zu werden. Sechs Konzerte standen auf dem Programm. Beim ersten Konzert am 23. November 1904 standen die \u201eDionysische Fantasie\u201d von Siegmund von Hausegger unter der Leitung von Zemlinsky, drei Orchesterlieder von Hermann Bischoff unter der Leitung des Komponisten sowie nach der Pause die Wiener Erstauff\u00fchrung der \u201eSinfonia Domestica\u201d von Richard Strauss unter der Leitung von Mahler auf dem Programm.<\/p>\n\n\n\n<div class=\"wp-block-columns are-vertically-aligned-center is-layout-flex wp-container-core-columns-is-layout-9d6595d7 wp-block-columns-is-layout-flex\">\n<div class=\"wp-block-column is-vertically-aligned-center is-layout-flow wp-block-column-is-layout-flow\" style=\"flex-basis:38%\">\n<figure class=\"wp-block-image size-full\"><img decoding=\"async\" width=\"585\" height=\"800\" src=\"https:\/\/www.iemj.org\/wp-content\/uploads\/2026\/01\/Concert-Zemlinsky-Posa-Schoenberg-25-jan.-1905-in-Vienna_Redim.jpg\" alt=\"\" class=\"wp-image-129283\" srcset=\"https:\/\/www.iemj.org\/wp-content\/uploads\/2026\/01\/Concert-Zemlinsky-Posa-Schoenberg-25-jan.-1905-in-Vienna_Redim.jpg 585w, https:\/\/www.iemj.org\/wp-content\/uploads\/2026\/01\/Concert-Zemlinsky-Posa-Schoenberg-25-jan.-1905-in-Vienna_Redim-219x300.jpg 219w\" sizes=\"(max-width: 585px) 100vw, 585px\" \/><\/figure>\n<\/div>\n\n\n\n<div class=\"wp-block-column is-vertically-aligned-center is-layout-flow wp-block-column-is-layout-flow\" style=\"flex-basis:62%\">\n<figure class=\"wp-block-image size-full\"><img decoding=\"async\" width=\"741\" height=\"626\" src=\"https:\/\/www.iemj.org\/wp-content\/uploads\/2026\/01\/Concert-Zemlinsky-Posa-Schoenberg-25-jan.-1905-in-Vienna_Capture-avec-legende.jpg\" alt=\"\" class=\"wp-image-129293\" srcset=\"https:\/\/www.iemj.org\/wp-content\/uploads\/2026\/01\/Concert-Zemlinsky-Posa-Schoenberg-25-jan.-1905-in-Vienna_Capture-avec-legende.jpg 741w, https:\/\/www.iemj.org\/wp-content\/uploads\/2026\/01\/Concert-Zemlinsky-Posa-Schoenberg-25-jan.-1905-in-Vienna_Capture-avec-legende-300x253.jpg 300w, https:\/\/www.iemj.org\/wp-content\/uploads\/2026\/01\/Concert-Zemlinsky-Posa-Schoenberg-25-jan.-1905-in-Vienna_Capture-avec-legende-600x507.jpg 600w\" sizes=\"(max-width: 741px) 100vw, 741px\" \/><\/figure>\n<\/div>\n<\/div>\n\n\n\n<p>Das Programm des zweiten Konzerts am 25. Juni 1905 umfasste drei Weltpremieren unter der Leitung ihrer Komponisten: \u201ePelleas und Melisande\u201d von Sch\u00f6nberg, \u201eDie kleine Meerjungfrau\u201d von Zemlinsky sowie die f\u00fcnf \u201eSoldatenlieder\u201d von Posa. W\u00e4hrend die Werke von Zemlinsky und Posa relativ gut aufgenommen w\u00fcrden, verwirrt Sch\u00f6nbergs komplexes und mit fast einer Stunde Spielzeit langes Werk einen Teil des Publikums. Doch im konservativen Wien des fr\u00fchen 20. Jahrhunderts entgeht keiner der drei Komponisten der zahlreichen Kritik, die nach dem Konzert in den Musikkritiken erscheint. Die \u201eSoldatenlieder\u201d von Posa leiden unter der Kontroverse und werden teilweise sogar verschwiegen.<\/p>\n\n\n\n<p>Das f\u00fcr M\u00e4rz geplante dritte Sinfoniekonzert des Vereins musste mangels finanzieller Mittel abgesagt werden. Es wurde durch einen Liederabend ersetzt. Die gerade erst gegr\u00fcndete Vereinigung brach unter der Last ihrer Ambitionen zusammen. Trotz Spenden, Einnahmen und Mitgliedschaften wird im Herbst 1905, nach nur einer Saison mit elf Konzerten, die unvermeidliche Aufl\u00f6sung beschlossen. F\u00fcr Posa ist die Mission jedoch erf\u00fcllt. Ein finanzielles Defizit bedeutet schlie\u00dflich keinen ideologischen Misserfolg. Und auch wenn sicherlich nicht alle Konzerte Meisterwerke waren, so gelang es dem Verein doch, Namen bekannt zu machen, die der breiten \u00d6ffentlichkeit in Wien noch unbekannt waren.<\/p>\n\n\n\n<p>Um seinen Lebensunterhalt zu verdienen, wurde Posa Dirigent oder Chorleiter an verschiedenen deutschen und \u00f6sterreichischen Institutionen. Au\u00dferdem gab er Privatunterricht und begleitete S\u00e4ngerinnen bei Konzerten. Parallel dazu komponierte er weiterhin Lieder, die immer erfolgreicher wurden, und 1911 fand er in Leipzig einen neuen Verleger, Julius Heinrich Zimmermann.<\/p>\n\n\n\n<div class=\"wp-block-columns are-vertically-aligned-top is-layout-flex wp-container-core-columns-is-layout-9d6595d7 wp-block-columns-is-layout-flex\">\n<div class=\"wp-block-column is-vertically-aligned-top is-layout-flow wp-block-column-is-layout-flow\"><div class=\"wp-block-image\">\n<figure class=\"aligncenter size-full\"><img loading=\"lazy\" decoding=\"async\" width=\"323\" height=\"468\" src=\"https:\/\/www.iemj.org\/wp-content\/uploads\/2026\/01\/Programme-Creation-de-la-Symphonie-n\u00b0-5-de-Mahler-a-la-Stephaniensaal-de-Graz.jpg\" alt=\"\" class=\"wp-image-129320\" srcset=\"https:\/\/www.iemj.org\/wp-content\/uploads\/2026\/01\/Programme-Creation-de-la-Symphonie-n\u00b0-5-de-Mahler-a-la-Stephaniensaal-de-Graz.jpg 323w, https:\/\/www.iemj.org\/wp-content\/uploads\/2026\/01\/Programme-Creation-de-la-Symphonie-n\u00b0-5-de-Mahler-a-la-Stephaniensaal-de-Graz-207x300.jpg 207w\" sizes=\"(max-width: 323px) 100vw, 323px\" \/><figcaption class=\"wp-element-caption\"><strong>Programm zur Urauff\u00fchrung von Mahlers 5. Sinfonie im Grazer Stephaniensaal \u2013 1912<\/strong><\/figcaption><\/figure>\n<\/div><\/div>\n\n\n\n<div class=\"wp-block-column is-vertically-aligned-top is-layout-flow wp-block-column-is-layout-flow\"><div class=\"wp-block-image\">\n<figure class=\"aligncenter size-full\"><img loading=\"lazy\" decoding=\"async\" width=\"312\" height=\"455\" src=\"https:\/\/www.iemj.org\/wp-content\/uploads\/2026\/01\/Affiche-Concert-symphonique-a-la-Stephaniensaal-de-Graz-Direction-musicale-Oskar-C.-Posa-1916.jpg\" alt=\"\" class=\"wp-image-129325\" srcset=\"https:\/\/www.iemj.org\/wp-content\/uploads\/2026\/01\/Affiche-Concert-symphonique-a-la-Stephaniensaal-de-Graz-Direction-musicale-Oskar-C.-Posa-1916.jpg 312w, https:\/\/www.iemj.org\/wp-content\/uploads\/2026\/01\/Affiche-Concert-symphonique-a-la-Stephaniensaal-de-Graz-Direction-musicale-Oskar-C.-Posa-1916-206x300.jpg 206w\" sizes=\"(max-width: 312px) 100vw, 312px\" \/><figcaption class=\"wp-element-caption\"><strong>Plakat f\u00fcr das Sinfoniekonzert im Grazer Stephaniensaal \u2013 Musikalische Leitung: Oskar C. Posa \u2013 1916<\/strong><\/figcaption><\/figure>\n<\/div><\/div>\n<\/div>\n\n\n\n<p>Im selben Jahr wurde Posa Dirigent der zweitgr\u00f6\u00dften Oper \u00d6sterreichs in Graz, wo er bis 1933 regelm\u00e4\u00dfig auftrat. Von 1933 bis 1938 unterrichtete er als Gesangsleiter am renommierten Wiener Konservatorium. Am 11. M\u00e4rz 1938 annektierten Hitlers Truppen \u00d6sterreich. Vier Tage sp\u00e4ter, am 15. M\u00e4rz, wurde Alfred Orel zum Interimsdirektor des Wiener Konservatoriums ernannt. Als Bruckner-Musikwissenschaftler und \u00fcberzeugter Nationalist hatte er die Aufgabe, die Institution mit den Prinzipien des Reichs in Einklang zu bringen, d. h., j\u00fcdische oder als politisch unerw\u00fcnscht geltende Professoren zu entlassen. Am 7. April wurde Posa von seinen Lehrverpflichtungen suspendiert. Seine endg\u00fcltige Entlassung erfolgte am 1. Juni 1938. Von diesem Tag an wurde seine Musik nie wieder gespielt. Der Komponist bleibt in Wien, ohne Arbeit, ohne Einkommen und ohne die Mittel, das Land zu verlassen. Er zieht sich mit seinen Schwestern Charlotte und Helene in sein Haus zur\u00fcck. Seine dritte Schwester Elsa wird bald darauf zusammen mit ihrem Mann Ernst Khuner in das Konzentrationslager Theresienstadt deportiert, aus dem sie jedoch \u00fcberleben werden.<\/p>\n\n\n<div class=\"wp-block-image\">\n<figure class=\"aligncenter size-full\"><img loading=\"lazy\" decoding=\"async\" width=\"551\" height=\"394\" src=\"https:\/\/www.iemj.org\/wp-content\/uploads\/2026\/01\/Carte-postale-Opernhaus-Graz.jpg\" alt=\"\" class=\"wp-image-129330\" srcset=\"https:\/\/www.iemj.org\/wp-content\/uploads\/2026\/01\/Carte-postale-Opernhaus-Graz.jpg 551w, https:\/\/www.iemj.org\/wp-content\/uploads\/2026\/01\/Carte-postale-Opernhaus-Graz-300x215.jpg 300w\" sizes=\"(max-width: 551px) 100vw, 551px\" \/><figcaption class=\"wp-element-caption\"><strong>Postkarte, Opernhaus Graz, 1919<\/strong><\/figcaption><\/figure>\n<\/div>\n\n\n<p>Ab 1939 beauftragt das NS-Regime den Musikwissenschaftler Herbert Gerigk mit der Erstellung eines \u201eLexikons der Juden in der Musik\u201d, dessen Ziel es ist, diese aus dem Musikleben auszuschlie\u00dfen. Entgegen allen Erwartungen erscheint Posa in der ersten Ausgabe von 1940 nicht. Am 11. Januar 1941 wird ein Brief, unterzeichnet von einem gewissen Bury, Mitglied des Zentralb\u00fcros f\u00fcr ideologische Ausbildung der NSDAP, an den Herausgeber des Lexikons geschickt. Der Brief weist auf mehrere Auslassungen hin, die dringend korrigiert werden m\u00fcssen, darunter insbesondere Posa. Einige Monate sp\u00e4ter wird sein Name tats\u00e4chlich in die zweite Auflage aufgenommen. Diese offizielle Aufnahme in die Liste unerw\u00fcnschter Pers\u00f6nlichkeiten besiegelt endg\u00fcltig seinen Ausschluss aus dem Musikleben.<\/p>\n\n\n\n<p>Nach der Befreiung wurde der damals 72-j\u00e4hrige Posa nicht wieder an das Wiener Konservatorium aufgenommen. Ersch\u00f6pft und mittellos begann er 1947 erneut zu komponieren. Aus dieser Zeit stammen seine letzten drei Werke, die nie ver\u00f6ffentlicht wurden: die beiden Lieder f\u00fcr Bariton und kleines Orchester \u201eEdward\u201d und \u201eEin Lied Chastelards\u201d sowie das \u201eStreichquartett\u201d op. 18 und sein einziges gro\u00dfes symphonisches Werk f\u00fcr Orchester, das bis heute verschollene \u201ePraeludium und Fuga fantastica\u201d op. 19. Doch Posa konnte sich nicht einmal mehr den Beitrag f\u00fcr die AKM, die \u00f6sterreichische Urheberrechtsgesellschaft, leisten. Dadurch wurde ihm jede M\u00f6glichkeit genommen, Tantiemen zu erhalten oder den Hilfsfonds in Anspruch zu nehmen. Er starb am 15. M\u00e4rz 1951 in allgemeiner Gleichg\u00fcltigkeit.<\/p>\n\n\n\n<p>Zwischen seinem Tod und seiner Beerdigung erinnerte sich Wien pl\u00f6tzlich an die Ber\u00fchmtheit von Oskar Posa. In Anerkennung seines Beitrags zum Musikleben der Stadt erhielt er ein Ehrenbegr\u00e4bnis auf dem Zentralfriedhof, dem Hauptfriedhof von Wien, wo Beethoven, Schubert, Brahms, Wolf, Zemlinsky und Sch\u00f6nberg begraben liegen. Seine Partituren und Manuskripte wurden in die Best\u00e4nde der Wiener Bibliothek im Rathaus aufgenommen.<\/p>\n\n\n\n<p>Quellen: Olivier Lalane, Booklet zur CD \u201eOskar C. Posa (1873\u20131951) \u2013 Lieder, Sonate f\u00fcr Violine und Klavier, Streichquartett\u201c<\/p>\n\n\n\n<p><strong>Die Interpreten<\/strong><\/p>\n\n\n\n<p>Juliette Journaux, Pianistin; Edwin Fardini, Bariton; Eva Zavaro, Geigerin; Quatuor M\u00e9tamorphoses; Simon Dechambre, Cellist<\/p>\n\n\n<div class=\"wp-block-image\">\n<figure class=\"aligncenter size-full\"><img loading=\"lazy\" decoding=\"async\" width=\"756\" height=\"198\" src=\"https:\/\/www.iemj.org\/wp-content\/uploads\/2026\/01\/image.jpg\" alt=\"\" class=\"wp-image-129273\" srcset=\"https:\/\/www.iemj.org\/wp-content\/uploads\/2026\/01\/image.jpg 756w, https:\/\/www.iemj.org\/wp-content\/uploads\/2026\/01\/image-300x79.jpg 300w, https:\/\/www.iemj.org\/wp-content\/uploads\/2026\/01\/image-600x157.jpg 600w\" sizes=\"(max-width: 756px) 100vw, 756px\" \/><\/figure>\n<\/div>\n\n\n<p><strong>Kurzinfo zum Label Voil\u00e0 Records<\/strong><\/p>\n\n\n<div class=\"wp-block-image\">\n<figure class=\"alignleft size-large is-resized\"><img decoding=\"async\" src=\"https:\/\/www.iemj.org\/lalane-olivier-oskar-posa_redim\/\" alt=\"\" style=\"aspect-ratio:0.7343941248470012;object-fit:cover;width:159px\"\/><\/figure>\n<\/div>\n\n\n<p><a href=\"https:\/\/voila-records.com\/\" target=\"_blank\" rel=\"noreferrer noopener\">Voil\u00e0 Records<\/a> wurde 2025 von <strong>Olivier Lalane<\/strong> gegr\u00fcndet und widmet sich der Wiederentdeckung in Vergessenheit geratener Komponisten. Jedes Projekt ist wie eine echte Recherche angelegt: Durchforsten von Bibliotheksarchiven, Lesen, Genealogie, Suche nach Partituren, Durchsuchen alter Zeitungen. Das Ziel? Unver\u00f6ffentlichte musikalische Sch\u00e4tze aus dem Schatten zu holen und sie heute mit derselben Sorgfalt und noch mehr Aufmerksamkeit wie die gro\u00dfen Klassiker zu pr\u00e4sentieren.<\/p>\n\n\n\n<p><a href=\"https:\/\/le-philtre.com\/olivier-lalane\/#:~:text=Il%20fonde%20en%202020%20l,philtre%20avec%20Marc%20de%20Pierrefeu.&amp;text=depuis%20la%20rentr%C3%A9e%202020%2C%20et,un%20compositeur%20autrichien%20post%2Dromantique.\">Mehr \u00fcber Olivier Lalane erfahren<\/a><\/p>\n\n\n\n<p><a href=\"https:\/\/voila.lnk.to\/posa\">Das Doppelalbum Oskar C. Posa (1873-1951) \u2013 Lieder, Sonate f\u00fcr Violine und Klavier, Streichquartett bestellen<\/a><\/p>\n\n\n\n<div style=\"height:12px\" aria-hidden=\"true\" class=\"wp-block-spacer\"><\/div>\n\n\n\n<figure class=\"wp-block-embed is-type-video is-provider-youtube wp-block-embed-youtube wp-embed-aspect-4-3 wp-has-aspect-ratio\"><div class=\"wp-block-embed__wrapper\">\n<iframe title=\"Violin Sonata, Op. 7: I. Allegro Moderato, Ma Molto Appassionato\" width=\"640\" height=\"480\" src=\"https:\/\/www.youtube.com\/embed\/Dldzi774ojE?feature=oembed\" frameborder=\"0\" allow=\"accelerometer; autoplay; clipboard-write; encrypted-media; gyroscope; picture-in-picture; web-share\" referrerpolicy=\"strict-origin-when-cross-origin\" allowfullscreen><\/iframe>\n<\/div><\/figure>\n\n\n\n<figure class=\"wp-block-image alignwide size-large\"><img loading=\"lazy\" decoding=\"async\" width=\"1024\" height=\"133\" src=\"https:\/\/www.iemj.org\/wp-content\/uploads\/2024\/03\/AUDIO-PLAYER-1024x133.png\" alt=\"\" class=\"wp-image-110608\" srcset=\"https:\/\/www.iemj.org\/wp-content\/uploads\/2024\/03\/AUDIO-PLAYER-1024x133.png 1024w, https:\/\/www.iemj.org\/wp-content\/uploads\/2024\/03\/AUDIO-PLAYER-300x39.png 300w, https:\/\/www.iemj.org\/wp-content\/uploads\/2024\/03\/AUDIO-PLAYER-768x100.png 768w, https:\/\/www.iemj.org\/wp-content\/uploads\/2024\/03\/AUDIO-PLAYER-600x78.png 600w, https:\/\/www.iemj.org\/wp-content\/uploads\/2024\/03\/AUDIO-PLAYER.png 1210w\" sizes=\"(max-width: 1024px) 100vw, 1024px\" \/><\/figure>\n<div class=\"speaker-mute footnotes_reference_container\"> <div class=\"footnote_container_prepare\"><p><span role=\"button\" tabindex=\"0\" class=\"footnote_reference_container_label pointer\" onclick=\"footnote_expand_collapse_reference_container_129341_1();\">&#x202F;<\/span><span role=\"button\" tabindex=\"0\" class=\"footnote_reference_container_collapse_button\" style=\"display: none;\" onclick=\"footnote_expand_collapse_reference_container_129341_1();\">[<a id=\"footnote_reference_container_collapse_button_129341_1\">+<\/a>]<\/span><\/p><\/div> <div id=\"footnote_references_container_129341_1\" style=\"\"><table class=\"footnotes_table footnote-reference-container\"><caption class=\"accessibility\">References<\/caption> <tbody> \r\n\r\n<tr class=\"footnotes_plugin_reference_row\"> <th scope=\"row\" class=\"footnote_plugin_index_combi pointer\"  onclick=\"footnote_moveToAnchor_129341_1('footnote_plugin_tooltip_129341_1_1');\"><a id=\"footnote_plugin_reference_129341_1_1\" class=\"footnote_backlink\">1<\/a><\/th> <td class=\"footnote_plugin_text\">Lieder sind Gedichte, die vertont wurden.<\/td><\/tr>\r\n\r\n<tr class=\"footnotes_plugin_reference_row\"> <th scope=\"row\" class=\"footnote_plugin_index_combi pointer\"  onclick=\"footnote_moveToAnchor_129341_1('footnote_plugin_tooltip_129341_1_2');\"><a id=\"footnote_plugin_reference_129341_1_2\" class=\"footnote_backlink\">2<\/a><\/th> <td class=\"footnote_plugin_text\">Diese Referenz sowie ein Gro\u00dfteil dieses Artikels stammen aus dem bemerkenswerten Booklet von Olivier Lalane, das diesem Doppelalbum beiliegt.<\/td><\/tr>\r\n\r\n <\/tbody> <\/table> <\/div><\/div><script type=\"text\/javascript\"> function footnote_expand_reference_container_129341_1() { jQuery('#footnote_references_container_129341_1').show(); jQuery('#footnote_reference_container_collapse_button_129341_1').text('\u2212'); } function footnote_collapse_reference_container_129341_1() { jQuery('#footnote_references_container_129341_1').hide(); jQuery('#footnote_reference_container_collapse_button_129341_1').text('+'); } function footnote_expand_collapse_reference_container_129341_1() { if (jQuery('#footnote_references_container_129341_1').is(':hidden')) { footnote_expand_reference_container_129341_1(); } else { footnote_collapse_reference_container_129341_1(); } } function footnote_moveToReference_129341_1(p_str_TargetID) { footnote_expand_reference_container_129341_1(); var l_obj_Target = jQuery('#' + p_str_TargetID); if (l_obj_Target.length) { jQuery( 'html, body' ).delay( 0 ); jQuery('html, body').animate({ scrollTop: l_obj_Target.offset().top - window.innerHeight * 0.2 }, 380); } } function footnote_moveToAnchor_129341_1(p_str_TargetID) { footnote_expand_reference_container_129341_1(); var l_obj_Target = jQuery('#' + p_str_TargetID); if (l_obj_Target.length) { jQuery( 'html, body' ).delay( 0 ); jQuery('html, body').animate({ scrollTop: l_obj_Target.offset().top - window.innerHeight * 0.2 }, 380); } }<\/script>","protected":false},"excerpt":{"rendered":"","protected":false},"author":5,"featured_media":129316,"comment_status":"closed","ping_status":"closed","sticky":false,"template":"","format":"standard","meta":{"_acf_changed":false,"footnotes":""},"categories":[1571,1561],"tags":[],"technique":[],"squelettes":[],"sujet":[1801],"formation":[],"genre":[1900],"fonds":[],"tradition":[],"type-de-contenu":[],"interprete-compositeur":[],"frise":[],"type-devenement":[],"tableaux-liens-externes":[],"class_list":["post-129341","post","type-post","status-publish","format-standard","has-post-thumbnail","hentry","category-cd-de","category-letzte-neuerwerbungen-de","sujet-shoah-de-2","genre-klassische-musik-de"],"acf":[],"yoast_head":"<!-- This site is optimized with the Yoast SEO plugin v27.3 - https:\/\/yoast.com\/product\/yoast-seo-wordpress\/ -->\n<title>OSKAR C. POSA (1873-1951) - Lieder, Sonate f\u00fcr Violine und Klavier, Streichquartett - Institut Europ\u00e9en des Musiques Juives<\/title>\n<meta name=\"robots\" content=\"index, follow, max-snippet:-1, max-image-preview:large, max-video-preview:-1\" \/>\n<link rel=\"canonical\" href=\"https:\/\/www.iemj.org\/de\/oskar-c-posa-1873-1951-lieder-sonate-pour-violon-et-piano-quatuor-a-cordes\/\" \/>\n<meta property=\"og:locale\" content=\"de_DE\" \/>\n<meta property=\"og:type\" content=\"article\" \/>\n<meta property=\"og:title\" content=\"OSKAR C. POSA (1873-1951) - Lieder, Sonate f\u00fcr Violine und Klavier, Streichquartett - Institut Europ\u00e9en des Musiques Juives\" \/>\n<meta property=\"og:url\" content=\"https:\/\/www.iemj.org\/de\/oskar-c-posa-1873-1951-lieder-sonate-pour-violon-et-piano-quatuor-a-cordes\/\" \/>\n<meta property=\"og:site_name\" content=\"Institut Europ\u00e9en des Musiques Juives\" \/>\n<meta property=\"article:publisher\" content=\"https:\/\/www.facebook.com\/MusiquesJuives\/\" \/>\n<meta property=\"article:published_time\" content=\"2026-01-15T15:11:23+00:00\" \/>\n<meta property=\"article:modified_time\" content=\"2026-01-15T17:16:50+00:00\" \/>\n<meta property=\"og:image\" content=\"https:\/\/www.iemj.org\/wp-content\/uploads\/2026\/01\/COUV-CD-Posa.jpg\" \/>\n\t<meta property=\"og:image:width\" content=\"500\" \/>\n\t<meta property=\"og:image:height\" content=\"500\" \/>\n\t<meta property=\"og:image:type\" content=\"image\/jpeg\" \/>\n<meta name=\"author\" content=\"Jacqueline ROTEN\" \/>\n<meta name=\"twitter:card\" content=\"summary_large_image\" \/>\n<meta name=\"twitter:label1\" content=\"Verfasst von\" \/>\n\t<meta name=\"twitter:data1\" content=\"Jacqueline ROTEN\" \/>\n\t<meta name=\"twitter:label2\" content=\"Gesch\u00e4tzte Lesezeit\" \/>\n\t<meta name=\"twitter:data2\" content=\"10\u00a0Minuten\" \/>\n<script type=\"application\/ld+json\" class=\"yoast-schema-graph\">{\"@context\":\"https:\\\/\\\/schema.org\",\"@graph\":[{\"@type\":\"Article\",\"@id\":\"https:\\\/\\\/www.iemj.org\\\/de\\\/oskar-c-posa-1873-1951-lieder-sonate-pour-violon-et-piano-quatuor-a-cordes\\\/#article\",\"isPartOf\":{\"@id\":\"https:\\\/\\\/www.iemj.org\\\/de\\\/oskar-c-posa-1873-1951-lieder-sonate-pour-violon-et-piano-quatuor-a-cordes\\\/\"},\"author\":{\"name\":\"Jacqueline ROTEN\",\"@id\":\"https:\\\/\\\/www.iemj.org\\\/de\\\/#\\\/schema\\\/person\\\/358e26c18aca017fcc4cc15437f7279c\"},\"headline\":\"OSKAR C. POSA (1873-1951) &#8211; Lieder, Sonate f\u00fcr Violine und Klavier, Streichquartett\",\"datePublished\":\"2026-01-15T15:11:23+00:00\",\"dateModified\":\"2026-01-15T17:16:50+00:00\",\"mainEntityOfPage\":{\"@id\":\"https:\\\/\\\/www.iemj.org\\\/de\\\/oskar-c-posa-1873-1951-lieder-sonate-pour-violon-et-piano-quatuor-a-cordes\\\/\"},\"wordCount\":1607,\"publisher\":{\"@id\":\"https:\\\/\\\/www.iemj.org\\\/de\\\/#organization\"},\"image\":{\"@id\":\"https:\\\/\\\/www.iemj.org\\\/de\\\/oskar-c-posa-1873-1951-lieder-sonate-pour-violon-et-piano-quatuor-a-cordes\\\/#primaryimage\"},\"thumbnailUrl\":\"https:\\\/\\\/www.iemj.org\\\/wp-content\\\/uploads\\\/2026\\\/01\\\/COUV-CD-Posa.jpg\",\"articleSection\":[\"CD\",\"Letzte Neuerwerbungen\"],\"inLanguage\":\"de\"},{\"@type\":\"WebPage\",\"@id\":\"https:\\\/\\\/www.iemj.org\\\/de\\\/oskar-c-posa-1873-1951-lieder-sonate-pour-violon-et-piano-quatuor-a-cordes\\\/\",\"url\":\"https:\\\/\\\/www.iemj.org\\\/de\\\/oskar-c-posa-1873-1951-lieder-sonate-pour-violon-et-piano-quatuor-a-cordes\\\/\",\"name\":\"OSKAR C. POSA (1873-1951) - Lieder, Sonate f\u00fcr Violine und Klavier, Streichquartett - Institut Europ\u00e9en des Musiques Juives\",\"isPartOf\":{\"@id\":\"https:\\\/\\\/www.iemj.org\\\/de\\\/#website\"},\"primaryImageOfPage\":{\"@id\":\"https:\\\/\\\/www.iemj.org\\\/de\\\/oskar-c-posa-1873-1951-lieder-sonate-pour-violon-et-piano-quatuor-a-cordes\\\/#primaryimage\"},\"image\":{\"@id\":\"https:\\\/\\\/www.iemj.org\\\/de\\\/oskar-c-posa-1873-1951-lieder-sonate-pour-violon-et-piano-quatuor-a-cordes\\\/#primaryimage\"},\"thumbnailUrl\":\"https:\\\/\\\/www.iemj.org\\\/wp-content\\\/uploads\\\/2026\\\/01\\\/COUV-CD-Posa.jpg\",\"datePublished\":\"2026-01-15T15:11:23+00:00\",\"dateModified\":\"2026-01-15T17:16:50+00:00\",\"breadcrumb\":{\"@id\":\"https:\\\/\\\/www.iemj.org\\\/de\\\/oskar-c-posa-1873-1951-lieder-sonate-pour-violon-et-piano-quatuor-a-cordes\\\/#breadcrumb\"},\"inLanguage\":\"de\",\"potentialAction\":[{\"@type\":\"ReadAction\",\"target\":[\"https:\\\/\\\/www.iemj.org\\\/de\\\/oskar-c-posa-1873-1951-lieder-sonate-pour-violon-et-piano-quatuor-a-cordes\\\/\"]}]},{\"@type\":\"ImageObject\",\"inLanguage\":\"de\",\"@id\":\"https:\\\/\\\/www.iemj.org\\\/de\\\/oskar-c-posa-1873-1951-lieder-sonate-pour-violon-et-piano-quatuor-a-cordes\\\/#primaryimage\",\"url\":\"https:\\\/\\\/www.iemj.org\\\/wp-content\\\/uploads\\\/2026\\\/01\\\/COUV-CD-Posa.jpg\",\"contentUrl\":\"https:\\\/\\\/www.iemj.org\\\/wp-content\\\/uploads\\\/2026\\\/01\\\/COUV-CD-Posa.jpg\",\"width\":500,\"height\":500},{\"@type\":\"BreadcrumbList\",\"@id\":\"https:\\\/\\\/www.iemj.org\\\/de\\\/oskar-c-posa-1873-1951-lieder-sonate-pour-violon-et-piano-quatuor-a-cordes\\\/#breadcrumb\",\"itemListElement\":[{\"@type\":\"ListItem\",\"position\":1,\"name\":\"Accueil\",\"item\":\"https:\\\/\\\/www.iemj.org\\\/de\\\/\"},{\"@type\":\"ListItem\",\"position\":2,\"name\":\"OSKAR C. POSA (1873-1951) &#8211; Lieder, Sonate f\u00fcr Violine und Klavier, Streichquartett\"}]},{\"@type\":\"WebSite\",\"@id\":\"https:\\\/\\\/www.iemj.org\\\/de\\\/#website\",\"url\":\"https:\\\/\\\/www.iemj.org\\\/de\\\/\",\"name\":\"Institut Europ\u00e9en des Musiques Juives\",\"description\":\"Des traditions musicales \u00e0 la port\u00e9e de tous\",\"publisher\":{\"@id\":\"https:\\\/\\\/www.iemj.org\\\/de\\\/#organization\"},\"potentialAction\":[{\"@type\":\"SearchAction\",\"target\":{\"@type\":\"EntryPoint\",\"urlTemplate\":\"https:\\\/\\\/www.iemj.org\\\/de\\\/?s={search_term_string}\"},\"query-input\":{\"@type\":\"PropertyValueSpecification\",\"valueRequired\":true,\"valueName\":\"search_term_string\"}}],\"inLanguage\":\"de\"},{\"@type\":\"Organization\",\"@id\":\"https:\\\/\\\/www.iemj.org\\\/de\\\/#organization\",\"name\":\"Institut Europ\u00e9en des Musiques Juives\",\"url\":\"https:\\\/\\\/www.iemj.org\\\/de\\\/\",\"logo\":{\"@type\":\"ImageObject\",\"inLanguage\":\"de\",\"@id\":\"https:\\\/\\\/www.iemj.org\\\/de\\\/#\\\/schema\\\/logo\\\/image\\\/\",\"url\":\"https:\\\/\\\/www.iemj.org\\\/wp-content\\\/uploads\\\/2021\\\/09\\\/Logo-IEMJ-Paypal.jpg\",\"contentUrl\":\"https:\\\/\\\/www.iemj.org\\\/wp-content\\\/uploads\\\/2021\\\/09\\\/Logo-IEMJ-Paypal.jpg\",\"width\":150,\"height\":50,\"caption\":\"Institut Europ\u00e9en des Musiques Juives\"},\"image\":{\"@id\":\"https:\\\/\\\/www.iemj.org\\\/de\\\/#\\\/schema\\\/logo\\\/image\\\/\"},\"sameAs\":[\"https:\\\/\\\/www.facebook.com\\\/MusiquesJuives\\\/\",\"https:\\\/\\\/www.instagram.com\\\/musiquesjuives\\\/\",\"https:\\\/\\\/www.youtube.com\\\/user\\\/musiquesjuives\"]},{\"@type\":\"Person\",\"@id\":\"https:\\\/\\\/www.iemj.org\\\/de\\\/#\\\/schema\\\/person\\\/358e26c18aca017fcc4cc15437f7279c\",\"name\":\"Jacqueline ROTEN\",\"image\":{\"@type\":\"ImageObject\",\"inLanguage\":\"de\",\"@id\":\"https:\\\/\\\/secure.gravatar.com\\\/avatar\\\/5964256d6c6957de3a3505278957e0fb2a35119ac47ea41827a65301213c810b?s=96&d=mm&r=g\",\"url\":\"https:\\\/\\\/secure.gravatar.com\\\/avatar\\\/5964256d6c6957de3a3505278957e0fb2a35119ac47ea41827a65301213c810b?s=96&d=mm&r=g\",\"contentUrl\":\"https:\\\/\\\/secure.gravatar.com\\\/avatar\\\/5964256d6c6957de3a3505278957e0fb2a35119ac47ea41827a65301213c810b?s=96&d=mm&r=g\",\"caption\":\"Jacqueline ROTEN\"}}]}<\/script>\n<!-- \/ Yoast SEO plugin. -->","yoast_head_json":{"title":"OSKAR C. POSA (1873-1951) - Lieder, Sonate f\u00fcr Violine und Klavier, Streichquartett - Institut Europ\u00e9en des Musiques Juives","robots":{"index":"index","follow":"follow","max-snippet":"max-snippet:-1","max-image-preview":"max-image-preview:large","max-video-preview":"max-video-preview:-1"},"canonical":"https:\/\/www.iemj.org\/de\/oskar-c-posa-1873-1951-lieder-sonate-pour-violon-et-piano-quatuor-a-cordes\/","og_locale":"de_DE","og_type":"article","og_title":"OSKAR C. POSA (1873-1951) - Lieder, Sonate f\u00fcr Violine und Klavier, Streichquartett - Institut Europ\u00e9en des Musiques Juives","og_url":"https:\/\/www.iemj.org\/de\/oskar-c-posa-1873-1951-lieder-sonate-pour-violon-et-piano-quatuor-a-cordes\/","og_site_name":"Institut Europ\u00e9en des Musiques Juives","article_publisher":"https:\/\/www.facebook.com\/MusiquesJuives\/","article_published_time":"2026-01-15T15:11:23+00:00","article_modified_time":"2026-01-15T17:16:50+00:00","og_image":[{"width":500,"height":500,"url":"https:\/\/www.iemj.org\/wp-content\/uploads\/2026\/01\/COUV-CD-Posa.jpg","type":"image\/jpeg"}],"author":"Jacqueline ROTEN","twitter_card":"summary_large_image","twitter_misc":{"Verfasst von":"Jacqueline ROTEN","Gesch\u00e4tzte Lesezeit":"10\u00a0Minuten"},"schema":{"@context":"https:\/\/schema.org","@graph":[{"@type":"Article","@id":"https:\/\/www.iemj.org\/de\/oskar-c-posa-1873-1951-lieder-sonate-pour-violon-et-piano-quatuor-a-cordes\/#article","isPartOf":{"@id":"https:\/\/www.iemj.org\/de\/oskar-c-posa-1873-1951-lieder-sonate-pour-violon-et-piano-quatuor-a-cordes\/"},"author":{"name":"Jacqueline ROTEN","@id":"https:\/\/www.iemj.org\/de\/#\/schema\/person\/358e26c18aca017fcc4cc15437f7279c"},"headline":"OSKAR C. POSA (1873-1951) &#8211; Lieder, Sonate f\u00fcr Violine und Klavier, Streichquartett","datePublished":"2026-01-15T15:11:23+00:00","dateModified":"2026-01-15T17:16:50+00:00","mainEntityOfPage":{"@id":"https:\/\/www.iemj.org\/de\/oskar-c-posa-1873-1951-lieder-sonate-pour-violon-et-piano-quatuor-a-cordes\/"},"wordCount":1607,"publisher":{"@id":"https:\/\/www.iemj.org\/de\/#organization"},"image":{"@id":"https:\/\/www.iemj.org\/de\/oskar-c-posa-1873-1951-lieder-sonate-pour-violon-et-piano-quatuor-a-cordes\/#primaryimage"},"thumbnailUrl":"https:\/\/www.iemj.org\/wp-content\/uploads\/2026\/01\/COUV-CD-Posa.jpg","articleSection":["CD","Letzte Neuerwerbungen"],"inLanguage":"de"},{"@type":"WebPage","@id":"https:\/\/www.iemj.org\/de\/oskar-c-posa-1873-1951-lieder-sonate-pour-violon-et-piano-quatuor-a-cordes\/","url":"https:\/\/www.iemj.org\/de\/oskar-c-posa-1873-1951-lieder-sonate-pour-violon-et-piano-quatuor-a-cordes\/","name":"OSKAR C. POSA (1873-1951) - Lieder, Sonate f\u00fcr Violine und Klavier, Streichquartett - Institut Europ\u00e9en des Musiques Juives","isPartOf":{"@id":"https:\/\/www.iemj.org\/de\/#website"},"primaryImageOfPage":{"@id":"https:\/\/www.iemj.org\/de\/oskar-c-posa-1873-1951-lieder-sonate-pour-violon-et-piano-quatuor-a-cordes\/#primaryimage"},"image":{"@id":"https:\/\/www.iemj.org\/de\/oskar-c-posa-1873-1951-lieder-sonate-pour-violon-et-piano-quatuor-a-cordes\/#primaryimage"},"thumbnailUrl":"https:\/\/www.iemj.org\/wp-content\/uploads\/2026\/01\/COUV-CD-Posa.jpg","datePublished":"2026-01-15T15:11:23+00:00","dateModified":"2026-01-15T17:16:50+00:00","breadcrumb":{"@id":"https:\/\/www.iemj.org\/de\/oskar-c-posa-1873-1951-lieder-sonate-pour-violon-et-piano-quatuor-a-cordes\/#breadcrumb"},"inLanguage":"de","potentialAction":[{"@type":"ReadAction","target":["https:\/\/www.iemj.org\/de\/oskar-c-posa-1873-1951-lieder-sonate-pour-violon-et-piano-quatuor-a-cordes\/"]}]},{"@type":"ImageObject","inLanguage":"de","@id":"https:\/\/www.iemj.org\/de\/oskar-c-posa-1873-1951-lieder-sonate-pour-violon-et-piano-quatuor-a-cordes\/#primaryimage","url":"https:\/\/www.iemj.org\/wp-content\/uploads\/2026\/01\/COUV-CD-Posa.jpg","contentUrl":"https:\/\/www.iemj.org\/wp-content\/uploads\/2026\/01\/COUV-CD-Posa.jpg","width":500,"height":500},{"@type":"BreadcrumbList","@id":"https:\/\/www.iemj.org\/de\/oskar-c-posa-1873-1951-lieder-sonate-pour-violon-et-piano-quatuor-a-cordes\/#breadcrumb","itemListElement":[{"@type":"ListItem","position":1,"name":"Accueil","item":"https:\/\/www.iemj.org\/de\/"},{"@type":"ListItem","position":2,"name":"OSKAR C. POSA (1873-1951) &#8211; Lieder, Sonate f\u00fcr Violine und Klavier, Streichquartett"}]},{"@type":"WebSite","@id":"https:\/\/www.iemj.org\/de\/#website","url":"https:\/\/www.iemj.org\/de\/","name":"Institut Europ\u00e9en des Musiques Juives","description":"Des traditions musicales \u00e0 la port\u00e9e de tous","publisher":{"@id":"https:\/\/www.iemj.org\/de\/#organization"},"potentialAction":[{"@type":"SearchAction","target":{"@type":"EntryPoint","urlTemplate":"https:\/\/www.iemj.org\/de\/?s={search_term_string}"},"query-input":{"@type":"PropertyValueSpecification","valueRequired":true,"valueName":"search_term_string"}}],"inLanguage":"de"},{"@type":"Organization","@id":"https:\/\/www.iemj.org\/de\/#organization","name":"Institut Europ\u00e9en des Musiques Juives","url":"https:\/\/www.iemj.org\/de\/","logo":{"@type":"ImageObject","inLanguage":"de","@id":"https:\/\/www.iemj.org\/de\/#\/schema\/logo\/image\/","url":"https:\/\/www.iemj.org\/wp-content\/uploads\/2021\/09\/Logo-IEMJ-Paypal.jpg","contentUrl":"https:\/\/www.iemj.org\/wp-content\/uploads\/2021\/09\/Logo-IEMJ-Paypal.jpg","width":150,"height":50,"caption":"Institut Europ\u00e9en des Musiques Juives"},"image":{"@id":"https:\/\/www.iemj.org\/de\/#\/schema\/logo\/image\/"},"sameAs":["https:\/\/www.facebook.com\/MusiquesJuives\/","https:\/\/www.instagram.com\/musiquesjuives\/","https:\/\/www.youtube.com\/user\/musiquesjuives"]},{"@type":"Person","@id":"https:\/\/www.iemj.org\/de\/#\/schema\/person\/358e26c18aca017fcc4cc15437f7279c","name":"Jacqueline ROTEN","image":{"@type":"ImageObject","inLanguage":"de","@id":"https:\/\/secure.gravatar.com\/avatar\/5964256d6c6957de3a3505278957e0fb2a35119ac47ea41827a65301213c810b?s=96&d=mm&r=g","url":"https:\/\/secure.gravatar.com\/avatar\/5964256d6c6957de3a3505278957e0fb2a35119ac47ea41827a65301213c810b?s=96&d=mm&r=g","contentUrl":"https:\/\/secure.gravatar.com\/avatar\/5964256d6c6957de3a3505278957e0fb2a35119ac47ea41827a65301213c810b?s=96&d=mm&r=g","caption":"Jacqueline ROTEN"}}]}},"_links":{"self":[{"href":"https:\/\/www.iemj.org\/de\/wp-json\/wp\/v2\/posts\/129341","targetHints":{"allow":["GET"]}}],"collection":[{"href":"https:\/\/www.iemj.org\/de\/wp-json\/wp\/v2\/posts"}],"about":[{"href":"https:\/\/www.iemj.org\/de\/wp-json\/wp\/v2\/types\/post"}],"author":[{"embeddable":true,"href":"https:\/\/www.iemj.org\/de\/wp-json\/wp\/v2\/users\/5"}],"replies":[{"embeddable":true,"href":"https:\/\/www.iemj.org\/de\/wp-json\/wp\/v2\/comments?post=129341"}],"version-history":[{"count":4,"href":"https:\/\/www.iemj.org\/de\/wp-json\/wp\/v2\/posts\/129341\/revisions"}],"predecessor-version":[{"id":129426,"href":"https:\/\/www.iemj.org\/de\/wp-json\/wp\/v2\/posts\/129341\/revisions\/129426"}],"wp:featuredmedia":[{"embeddable":true,"href":"https:\/\/www.iemj.org\/de\/wp-json\/wp\/v2\/media\/129316"}],"wp:attachment":[{"href":"https:\/\/www.iemj.org\/de\/wp-json\/wp\/v2\/media?parent=129341"}],"wp:term":[{"taxonomy":"category","embeddable":true,"href":"https:\/\/www.iemj.org\/de\/wp-json\/wp\/v2\/categories?post=129341"},{"taxonomy":"post_tag","embeddable":true,"href":"https:\/\/www.iemj.org\/de\/wp-json\/wp\/v2\/tags?post=129341"},{"taxonomy":"technique","embeddable":true,"href":"https:\/\/www.iemj.org\/de\/wp-json\/wp\/v2\/technique?post=129341"},{"taxonomy":"squelettes","embeddable":true,"href":"https:\/\/www.iemj.org\/de\/wp-json\/wp\/v2\/squelettes?post=129341"},{"taxonomy":"sujet","embeddable":true,"href":"https:\/\/www.iemj.org\/de\/wp-json\/wp\/v2\/sujet?post=129341"},{"taxonomy":"formation","embeddable":true,"href":"https:\/\/www.iemj.org\/de\/wp-json\/wp\/v2\/formation?post=129341"},{"taxonomy":"genre","embeddable":true,"href":"https:\/\/www.iemj.org\/de\/wp-json\/wp\/v2\/genre?post=129341"},{"taxonomy":"fonds","embeddable":true,"href":"https:\/\/www.iemj.org\/de\/wp-json\/wp\/v2\/fonds?post=129341"},{"taxonomy":"tradition","embeddable":true,"href":"https:\/\/www.iemj.org\/de\/wp-json\/wp\/v2\/tradition?post=129341"},{"taxonomy":"type-de-contenu","embeddable":true,"href":"https:\/\/www.iemj.org\/de\/wp-json\/wp\/v2\/type-de-contenu?post=129341"},{"taxonomy":"interprete-compositeur","embeddable":true,"href":"https:\/\/www.iemj.org\/de\/wp-json\/wp\/v2\/interprete-compositeur?post=129341"},{"taxonomy":"frise","embeddable":true,"href":"https:\/\/www.iemj.org\/de\/wp-json\/wp\/v2\/frise?post=129341"},{"taxonomy":"type-devenement","embeddable":true,"href":"https:\/\/www.iemj.org\/de\/wp-json\/wp\/v2\/type-devenement?post=129341"},{"taxonomy":"tableaux-liens-externes","embeddable":true,"href":"https:\/\/www.iemj.org\/de\/wp-json\/wp\/v2\/tableaux-liens-externes?post=129341"}],"curies":[{"name":"wp","href":"https:\/\/api.w.org\/{rel}","templated":true}]}}