{"id":129966,"date":"2026-01-29T16:09:46","date_gmt":"2026-01-29T15:09:46","guid":{"rendered":"https:\/\/www.iemj.org\/fonds-maurice-elfassi\/"},"modified":"2026-02-13T18:51:51","modified_gmt":"2026-02-13T17:51:51","slug":"fonds-maurice-elfassi","status":"publish","type":"post","link":"https:\/\/www.iemj.org\/de\/fonds-maurice-elfassi\/","title":{"rendered":"MAURICE ELFASSI-FONDS"},"content":{"rendered":"\n<p>Maurice Elfassi stammt aus Meknes in Marokko und ist seit seiner Kindheit von orientalischer Musik gepr\u00e4gt. Er stammt aus einer Familie von Amateurs\u00e4ngern und wohnt im Stadtteil Mellah, der von zahlreichen S\u00e4ngern wie Slimane El Maghribi, David Nidam oder auch Scheich Mouizo oder Mwijo (geb. Moshe Attias) frequentiert wird. Der junge Maurice wird seit seinem vierten Lebensjahr von den Kl\u00e4ngen eines der gr\u00f6\u00dften Orchester Marokkos begleitet, das damals in dem Laden neben seinem Zimmer probte.<\/p>\n\n\n\n<p>Im Alter von etwa acht Jahren nahm Maurice Elfassi seinen ersten Lautenunterricht. Er gestand, dass er seine gl\u00fccklichsten Momente \u201ein den Monaten Juli und August erlebte, an den Nachmittagen, wenn es sehr hei\u00df war und dieses Orchester in meinem Haus und meinem Wohnzimmer Platz nahm, um sich auf dem Boden auszubreiten und die K\u00fchle der Fliesen zu genie\u00dfen\u201c <span class=\"footnote_referrer\"><a role=\"button\" tabindex=\"0\" onclick=\"footnote_moveToReference_129966_1('footnote_plugin_reference_129966_1_1');\" onkeypress=\"footnote_moveToReference_129966_1('footnote_plugin_reference_129966_1_1');\" ><sup id=\"footnote_plugin_tooltip_129966_1_1\" class=\"footnote_plugin_tooltip_text\">[1]<\/sup><\/a><span id=\"footnote_plugin_tooltip_text_129966_1_1\" class=\"footnote_tooltip\">Sandrine Szwarc, \u201eMaurice Elfassi, \u201aOrientale, je t\u2019adore\u2018\u201c, Actualit\u00e9s juives Nr. 525 vom 10. Juli 1997.<\/span><\/span><script type=\"text\/javascript\"> jQuery('#footnote_plugin_tooltip_129966_1_1').tooltip({ tip: '#footnote_plugin_tooltip_text_129966_1_1', tipClass: 'footnote_tooltip', effect: 'fade', predelay: 0, fadeInSpeed: 200, delay: 400, fadeOutSpeed: 200, position: 'top center', relative: true, offset: [-7, 0], });<\/script><\/p>\n\n\n\n<p>Nach einem Studium der Buchhaltung, das ihn nicht begeisterte, kehrte Maurice Elfassi schnell zu seiner Leidenschaft zur\u00fcck: orientalische und andalusische Musik. Er wurde Abendmoderator (insbesondere bei Henna-Feiern) und sp\u00e4ter Radiomoderator <span class=\"footnote_referrer\"><a role=\"button\" tabindex=\"0\" onclick=\"footnote_moveToReference_129966_1('footnote_plugin_reference_129966_1_2');\" onkeypress=\"footnote_moveToReference_129966_1('footnote_plugin_reference_129966_1_2');\" ><sup id=\"footnote_plugin_tooltip_129966_1_2\" class=\"footnote_plugin_tooltip_text\">[2]<\/sup><\/a><span id=\"footnote_plugin_tooltip_text_129966_1_2\" class=\"footnote_tooltip\">1995 wurde er in Barcelona sogar zum \u201eMicro d&#8217;Or\u201d gew\u00e4hlt<\/span><\/span><script type=\"text\/javascript\"> jQuery('#footnote_plugin_tooltip_129966_1_2').tooltip({ tip: '#footnote_plugin_tooltip_text_129966_1_2', tipClass: 'footnote_tooltip', effect: 'fade', predelay: 0, fadeInSpeed: 200, delay: 400, fadeOutSpeed: 200, position: 'top center', relative: true, offset: [-7, 0], });<\/script>, bekannt vor allem f\u00fcr seine Sendung Le Festival Oriental, die er fast 29 Jahre lang jeden Montagnachmittag auf Radio J moderierte. So interviewt er zahlreiche orientalische Musiker und S\u00e4nger wie Samir Shukry, Enrico Macias, Haim Moshe, Zahava Ben, Sarit Hadad, Esther Dallale, Blond-Blond, Cheikh Moiso, Rika Zarai, Samy Elmaghribi oder Jo Amar und sammelt ihre Platten.<\/p>\n\n\n\n<p>Maurice Elfassi war ein treues Mitglied des Centre Communautaire Edmond Fleg in Paris und fungierte viele Jahre lang gemeinsam mit Mosh\u00e9 Cohen als Chasan bei den Gottesdiensten zu Jom Kippur.<\/p>\n\n\n\n<p>Maurice Elfassi verstarb am 28. Mai 2018 im Alter von 77 Jahren und wurde in Ashdod in Israel beigesetzt.<\/p>\n\n\n\n<p>Am 25. Juni 2020 \u00fcbergab Rachel Elfassi dem Europ\u00e4ischen Institut f\u00fcr J\u00fcdische Musik das gesamte Archiv ihres verstorbenen Mannes. Dieser beeindruckende Bestand an orientalischer Musik, bestehend aus 1.143 Audiodokumenten (78er-Schallplatten, Vinylplatten, Kassetten, CDs usw.), Videos, Fotos und verschiedenen Archiven, erforderte fast vier Jahre Arbeit f\u00fcr die Inventarisierung, Digitalisierung und Katalogisierung, sodass er heute online im Katalog der Sammlungen des IEMJ zug\u00e4nglich ist.<\/p>\n\n\n\n<div class=\"wp-block-buttons is-content-justification-center is-layout-flex wp-container-core-buttons-is-layout-16018d1d wp-block-buttons-is-layout-flex\">\n<div class=\"wp-block-button has-custom-width wp-block-button__width-75\"><a class=\"wp-block-button__link has-white-color has-text-color has-background has-link-color wp-element-button\" href=\"http:\/\/www.rachelnet.net\/F\/?func=find-c&amp;ccl_term=WHOL+%3D+Maurice+Elfassi&amp;local_base=iemcg\" style=\"background-color:#334b98\" target=\"_blank\" rel=\"noreferrer noopener\"><strong>Den Bestand Maurice Elfassi einsehen<\/strong><\/a><\/div>\n\n\n\n<div class=\"wp-block-button has-custom-width wp-block-button__width-75\"><a class=\"wp-block-button__link has-white-color has-text-color has-background has-link-color wp-element-button\" href=\"https:\/\/mrj-france.fr\/resultat1.html?q=Maurice+Elfassi&amp;next=&amp;nbr_doc_aff=20&amp;num_lig=7\" style=\"background-color:#334b98\" target=\"_blank\" rel=\"noreferrer noopener\"><strong>Sendungen von Maurice Elfassi auf MRJ anh\u00f6ren<\/strong><\/a><\/div>\n<\/div>\n\n\n\n<div style=\"height:12px\" aria-hidden=\"true\" class=\"wp-block-spacer\"><\/div>\n\n\n<div class=\"wp-block-image\">\n<figure class=\"aligncenter size-full is-resized\"><img fetchpriority=\"high\" decoding=\"async\" width=\"1210\" height=\"157\" src=\"https:\/\/www.iemj.org\/wp-content\/uploads\/2024\/03\/AUDIO-PLAYER.png\" alt=\"\" class=\"wp-image-110608\" style=\"width:593px\" srcset=\"https:\/\/www.iemj.org\/wp-content\/uploads\/2024\/03\/AUDIO-PLAYER.png 1210w, https:\/\/www.iemj.org\/wp-content\/uploads\/2024\/03\/AUDIO-PLAYER-300x39.png 300w, https:\/\/www.iemj.org\/wp-content\/uploads\/2024\/03\/AUDIO-PLAYER-1024x133.png 1024w, https:\/\/www.iemj.org\/wp-content\/uploads\/2024\/03\/AUDIO-PLAYER-768x100.png 768w, https:\/\/www.iemj.org\/wp-content\/uploads\/2024\/03\/AUDIO-PLAYER-600x78.png 600w\" sizes=\"(max-width: 1210px) 100vw, 1210px\" \/><figcaption class=\"wp-element-caption\"><strong><mark><code>H\u00f6ren Sie sich die folgende Playlist an<\/code><\/mark><\/strong><\/figcaption><\/figure>\n<\/div>\n\n\n<figure class=\"wp-block-gallery has-nested-images columns-4 is-cropped wp-block-gallery-1 is-layout-flex wp-block-gallery-is-layout-flex\">\n<figure class=\"wp-block-image size-full\"><img decoding=\"async\" width=\"487\" height=\"500\" data-id=\"129872\" src=\"https:\/\/www.iemj.org\/wp-content\/uploads\/2026\/01\/K7-CHIKH-Zouzou.jpg\" alt=\"\" class=\"wp-image-129872\" srcset=\"https:\/\/www.iemj.org\/wp-content\/uploads\/2026\/01\/K7-CHIKH-Zouzou.jpg 487w, https:\/\/www.iemj.org\/wp-content\/uploads\/2026\/01\/K7-CHIKH-Zouzou-292x300.jpg 292w\" sizes=\"(max-width: 487px) 100vw, 487px\" \/><figcaption class=\"wp-element-caption\">Cassette audio CHIKH Zouzou<\/figcaption><\/figure>\n\n\n\n<figure class=\"wp-block-image size-full\"><img decoding=\"async\" width=\"422\" height=\"500\" data-id=\"129877\" src=\"https:\/\/www.iemj.org\/wp-content\/uploads\/2026\/01\/K7-audio-David-Abargil.jpg\" alt=\"\" class=\"wp-image-129877\" srcset=\"https:\/\/www.iemj.org\/wp-content\/uploads\/2026\/01\/K7-audio-David-Abargil.jpg 422w, https:\/\/www.iemj.org\/wp-content\/uploads\/2026\/01\/K7-audio-David-Abargil-253x300.jpg 253w\" sizes=\"(max-width: 422px) 100vw, 422px\" \/><figcaption class=\"wp-element-caption\">Cassette audio David Abargil<\/figcaption><\/figure>\n\n\n\n<figure class=\"wp-block-image size-full\"><img loading=\"lazy\" decoding=\"async\" width=\"577\" height=\"500\" data-id=\"129887\" src=\"https:\/\/www.iemj.org\/wp-content\/uploads\/2026\/01\/CD-Orchestre-andalou-dIsrael.jpg\" alt=\"\" class=\"wp-image-129887\" srcset=\"https:\/\/www.iemj.org\/wp-content\/uploads\/2026\/01\/CD-Orchestre-andalou-dIsrael.jpg 577w, https:\/\/www.iemj.org\/wp-content\/uploads\/2026\/01\/CD-Orchestre-andalou-dIsrael-300x260.jpg 300w\" sizes=\"(max-width: 577px) 100vw, 577px\" \/><figcaption class=\"wp-element-caption\">CD Orchestre andalou d&#8217;Israel<\/figcaption><\/figure>\n\n\n\n<figure class=\"wp-block-image size-full\"><img loading=\"lazy\" decoding=\"async\" width=\"500\" height=\"314\" data-id=\"129882\" src=\"https:\/\/www.iemj.org\/wp-content\/uploads\/2026\/01\/carte-de-visite.jpg\" alt=\"\" class=\"wp-image-129882\" srcset=\"https:\/\/www.iemj.org\/wp-content\/uploads\/2026\/01\/carte-de-visite.jpg 500w, https:\/\/www.iemj.org\/wp-content\/uploads\/2026\/01\/carte-de-visite-300x188.jpg 300w\" sizes=\"(max-width: 500px) 100vw, 500px\" \/><figcaption class=\"wp-element-caption\">Carte de visite<\/figcaption><\/figure>\n\n\n\n<figure class=\"wp-block-image size-full\"><img loading=\"lazy\" decoding=\"async\" width=\"507\" height=\"500\" data-id=\"129867\" src=\"https:\/\/www.iemj.org\/wp-content\/uploads\/2026\/01\/Maurice-Elfassi-avec-Enrico-Macias.jpg\" alt=\"\" class=\"wp-image-129867\" srcset=\"https:\/\/www.iemj.org\/wp-content\/uploads\/2026\/01\/Maurice-Elfassi-avec-Enrico-Macias.jpg 507w, https:\/\/www.iemj.org\/wp-content\/uploads\/2026\/01\/Maurice-Elfassi-avec-Enrico-Macias-300x296.jpg 300w, https:\/\/www.iemj.org\/wp-content\/uploads\/2026\/01\/Maurice-Elfassi-avec-Enrico-Macias-100x100.jpg 100w\" sizes=\"(max-width: 507px) 100vw, 507px\" \/><figcaption class=\"wp-element-caption\">Maurice Elfassi avec Enrico Macias<\/figcaption><\/figure>\n\n\n\n<figure class=\"wp-block-image size-full\"><img loading=\"lazy\" decoding=\"async\" width=\"386\" height=\"500\" data-id=\"129862\" src=\"https:\/\/www.iemj.org\/wp-content\/uploads\/2026\/01\/Deux-cartes-de-visite-au-nom-de-Maurice-Elfassi.jpg\" alt=\"\" class=\"wp-image-129862\" srcset=\"https:\/\/www.iemj.org\/wp-content\/uploads\/2026\/01\/Deux-cartes-de-visite-au-nom-de-Maurice-Elfassi.jpg 386w, https:\/\/www.iemj.org\/wp-content\/uploads\/2026\/01\/Deux-cartes-de-visite-au-nom-de-Maurice-Elfassi-232x300.jpg 232w\" sizes=\"(max-width: 386px) 100vw, 386px\" \/><figcaption class=\"wp-element-caption\">2 cartes de visite<\/figcaption><\/figure>\n\n\n\n<figure class=\"wp-block-image size-full\"><img loading=\"lazy\" decoding=\"async\" width=\"501\" height=\"500\" data-id=\"129855\" src=\"https:\/\/www.iemj.org\/wp-content\/uploads\/2026\/01\/K7_686_COUV.jpg\" alt=\"\" class=\"wp-image-129855\" srcset=\"https:\/\/www.iemj.org\/wp-content\/uploads\/2026\/01\/K7_686_COUV.jpg 501w, https:\/\/www.iemj.org\/wp-content\/uploads\/2026\/01\/K7_686_COUV-300x300.jpg 300w, https:\/\/www.iemj.org\/wp-content\/uploads\/2026\/01\/K7_686_COUV-150x150.jpg 150w, https:\/\/www.iemj.org\/wp-content\/uploads\/2026\/01\/K7_686_COUV-100x100.jpg 100w\" sizes=\"(max-width: 501px) 100vw, 501px\" \/><figcaption class=\"wp-element-caption\">Cassette audio Jo Amar  New Oriental Melodies<\/figcaption><\/figure>\n\n\n\n<figure class=\"wp-block-image size-full\"><img loading=\"lazy\" decoding=\"async\" width=\"474\" height=\"500\" data-id=\"129850\" src=\"https:\/\/www.iemj.org\/wp-content\/uploads\/2026\/01\/K7-Piyoutim-en-hommage-au-venere-saint-Baba-Sale-.jpg\" alt=\"\" class=\"wp-image-129850\" srcset=\"https:\/\/www.iemj.org\/wp-content\/uploads\/2026\/01\/K7-Piyoutim-en-hommage-au-venere-saint-Baba-Sale-.jpg 474w, https:\/\/www.iemj.org\/wp-content\/uploads\/2026\/01\/K7-Piyoutim-en-hommage-au-venere-saint-Baba-Sale--284x300.jpg 284w\" sizes=\"(max-width: 474px) 100vw, 474px\" \/><figcaption class=\"wp-element-caption\">Cassette audio Piyoutim en hommage au v\u00e9n\u00e9r\u00e9 saint Baba Sal\u00e9 <\/figcaption><\/figure>\n\n\n\n<figure class=\"wp-block-image size-full\"><img loading=\"lazy\" decoding=\"async\" width=\"585\" height=\"500\" data-id=\"129845\" src=\"https:\/\/www.iemj.org\/wp-content\/uploads\/2026\/01\/CD-Musique-arabo-andalouse.jpg\" alt=\"\" class=\"wp-image-129845\" srcset=\"https:\/\/www.iemj.org\/wp-content\/uploads\/2026\/01\/CD-Musique-arabo-andalouse.jpg 585w, https:\/\/www.iemj.org\/wp-content\/uploads\/2026\/01\/CD-Musique-arabo-andalouse-300x256.jpg 300w\" sizes=\"(max-width: 585px) 100vw, 585px\" \/><figcaption class=\"wp-element-caption\">CD Musique arabo-andalouse<\/figcaption><\/figure>\n\n\n\n<figure class=\"wp-block-image size-full\"><img loading=\"lazy\" decoding=\"async\" width=\"488\" height=\"500\" data-id=\"129840\" src=\"https:\/\/www.iemj.org\/wp-content\/uploads\/2026\/01\/45T-Joe-Amar.jpg\" alt=\"\" class=\"wp-image-129840\" srcset=\"https:\/\/www.iemj.org\/wp-content\/uploads\/2026\/01\/45T-Joe-Amar.jpg 488w, https:\/\/www.iemj.org\/wp-content\/uploads\/2026\/01\/45T-Joe-Amar-293x300.jpg 293w\" sizes=\"(max-width: 488px) 100vw, 488px\" \/><figcaption class=\"wp-element-caption\">45T Joe Amar<\/figcaption><\/figure>\n\n\n\n<figure class=\"wp-block-image size-full\"><img loading=\"lazy\" decoding=\"async\" width=\"484\" height=\"500\" data-id=\"129835\" src=\"https:\/\/www.iemj.org\/wp-content\/uploads\/2026\/01\/33T-Yardena-Arazi.jpg\" alt=\"\" class=\"wp-image-129835\" srcset=\"https:\/\/www.iemj.org\/wp-content\/uploads\/2026\/01\/33T-Yardena-Arazi.jpg 484w, https:\/\/www.iemj.org\/wp-content\/uploads\/2026\/01\/33T-Yardena-Arazi-290x300.jpg 290w\" sizes=\"(max-width: 484px) 100vw, 484px\" \/><figcaption class=\"wp-element-caption\">33T Yardena Arazi<\/figcaption><\/figure>\n\n\n\n<figure class=\"wp-block-image size-full\"><img loading=\"lazy\" decoding=\"async\" width=\"479\" height=\"500\" data-id=\"129830\" src=\"https:\/\/www.iemj.org\/wp-content\/uploads\/2026\/01\/33T-David-Abikzer.jpg\" alt=\"\" class=\"wp-image-129830\" srcset=\"https:\/\/www.iemj.org\/wp-content\/uploads\/2026\/01\/33T-David-Abikzer.jpg 479w, https:\/\/www.iemj.org\/wp-content\/uploads\/2026\/01\/33T-David-Abikzer-287x300.jpg 287w\" sizes=\"(max-width: 479px) 100vw, 479px\" \/><figcaption class=\"wp-element-caption\">33T David Abikzer<\/figcaption><\/figure>\n<\/figure>\n\n\n\n<div style=\"height:12px\" aria-hidden=\"true\" class=\"wp-block-spacer\"><\/div>\n\n\n\n<figure class=\"wp-block-embed is-type-video is-provider-youtube wp-block-embed-youtube wp-embed-aspect-16-9 wp-has-aspect-ratio\"><div class=\"wp-block-embed__wrapper\">\n<iframe title=\"Hommage de Maurice Azoulay a Maurice Elfassi sur Radio J\" width=\"640\" height=\"360\" src=\"https:\/\/www.youtube.com\/embed\/-Jr2VaRy1e8?feature=oembed\" frameborder=\"0\" allow=\"accelerometer; autoplay; clipboard-write; encrypted-media; gyroscope; picture-in-picture; web-share\" referrerpolicy=\"strict-origin-when-cross-origin\" allowfullscreen><\/iframe>\n<\/div><\/figure>\n\n\n\n<figure class=\"wp-block-image alignwide size-large\"><img loading=\"lazy\" decoding=\"async\" width=\"1024\" height=\"133\" src=\"https:\/\/www.iemj.org\/wp-content\/uploads\/2024\/03\/AUDIO-PLAYER-1024x133.png\" alt=\"\" class=\"wp-image-110608\" srcset=\"https:\/\/www.iemj.org\/wp-content\/uploads\/2024\/03\/AUDIO-PLAYER-1024x133.png 1024w, https:\/\/www.iemj.org\/wp-content\/uploads\/2024\/03\/AUDIO-PLAYER-300x39.png 300w, https:\/\/www.iemj.org\/wp-content\/uploads\/2024\/03\/AUDIO-PLAYER-768x100.png 768w, https:\/\/www.iemj.org\/wp-content\/uploads\/2024\/03\/AUDIO-PLAYER-600x78.png 600w, https:\/\/www.iemj.org\/wp-content\/uploads\/2024\/03\/AUDIO-PLAYER.png 1210w\" sizes=\"(max-width: 1024px) 100vw, 1024px\" \/><\/figure>\n<div class=\"speaker-mute footnotes_reference_container\"> <div class=\"footnote_container_prepare\"><p><span role=\"button\" tabindex=\"0\" class=\"footnote_reference_container_label pointer\" onclick=\"footnote_expand_collapse_reference_container_129966_1();\">&#x202F;<\/span><span role=\"button\" tabindex=\"0\" class=\"footnote_reference_container_collapse_button\" style=\"display: none;\" onclick=\"footnote_expand_collapse_reference_container_129966_1();\">[<a id=\"footnote_reference_container_collapse_button_129966_1\">+<\/a>]<\/span><\/p><\/div> <div id=\"footnote_references_container_129966_1\" style=\"\"><table class=\"footnotes_table footnote-reference-container\"><caption class=\"accessibility\">References<\/caption> <tbody> \r\n\r\n<tr class=\"footnotes_plugin_reference_row\"> <th scope=\"row\" class=\"footnote_plugin_index_combi pointer\"  onclick=\"footnote_moveToAnchor_129966_1('footnote_plugin_tooltip_129966_1_1');\"><a id=\"footnote_plugin_reference_129966_1_1\" class=\"footnote_backlink\">1<\/a><\/th> <td class=\"footnote_plugin_text\">Sandrine Szwarc, \u201eMaurice Elfassi, \u201aOrientale, je t\u2019adore\u2018\u201c, Actualit\u00e9s juives Nr. 525 vom 10. Juli 1997.<\/td><\/tr>\r\n\r\n<tr class=\"footnotes_plugin_reference_row\"> <th scope=\"row\" class=\"footnote_plugin_index_combi pointer\"  onclick=\"footnote_moveToAnchor_129966_1('footnote_plugin_tooltip_129966_1_2');\"><a id=\"footnote_plugin_reference_129966_1_2\" class=\"footnote_backlink\">2<\/a><\/th> <td class=\"footnote_plugin_text\">1995 wurde er in Barcelona sogar zum \u201eMicro d&#8217;Or\u201d gew\u00e4hlt<\/td><\/tr>\r\n\r\n <\/tbody> <\/table> <\/div><\/div><script type=\"text\/javascript\"> function footnote_expand_reference_container_129966_1() { jQuery('#footnote_references_container_129966_1').show(); jQuery('#footnote_reference_container_collapse_button_129966_1').text('\u2212'); } function footnote_collapse_reference_container_129966_1() { jQuery('#footnote_references_container_129966_1').hide(); jQuery('#footnote_reference_container_collapse_button_129966_1').text('+'); } function footnote_expand_collapse_reference_container_129966_1() { if (jQuery('#footnote_references_container_129966_1').is(':hidden')) { footnote_expand_reference_container_129966_1(); } else { footnote_collapse_reference_container_129966_1(); } } function footnote_moveToReference_129966_1(p_str_TargetID) { footnote_expand_reference_container_129966_1(); var l_obj_Target = jQuery('#' + p_str_TargetID); if (l_obj_Target.length) { jQuery( 'html, body' ).delay( 0 ); jQuery('html, body').animate({ scrollTop: l_obj_Target.offset().top - window.innerHeight * 0.2 }, 380); } } function footnote_moveToAnchor_129966_1(p_str_TargetID) { footnote_expand_reference_container_129966_1(); var l_obj_Target = jQuery('#' + p_str_TargetID); if (l_obj_Target.length) { jQuery( 'html, body' ).delay( 0 ); jQuery('html, body').animate({ scrollTop: l_obj_Target.offset().top - window.innerHeight * 0.2 }, 380); } }<\/script>","protected":false},"excerpt":{"rendered":"<p>Maurice Elfassi stammt aus Meknes in Marokko und ist seit seiner Kindheit von orientalischer Musik gepr\u00e4gt. Er stammt aus einer Familie von Amateurs\u00e4ngern und wohnt im Stadtteil Mellah, der von<\/p>\n","protected":false},"author":5,"featured_media":129896,"comment_status":"closed","ping_status":"closed","sticky":false,"template":"","format":"standard","meta":{"_acf_changed":false,"footnotes":""},"categories":[1585],"tags":[],"technique":[],"squelettes":[],"sujet":[],"formation":[],"genre":[1914],"fonds":[],"tradition":[],"type-de-contenu":[],"interprete-compositeur":[],"frise":[],"type-devenement":[],"tableaux-liens-externes":[],"class_list":["post-129966","post","type-post","status-publish","format-standard","has-post-thumbnail","hentry","category-fonds-de","genre-oriental-de"],"acf":[],"yoast_head":"<!-- This site is optimized with the Yoast SEO plugin v27.3 - https:\/\/yoast.com\/product\/yoast-seo-wordpress\/ -->\n<title>MAURICE ELFASSI-FONDS - Institut Europ\u00e9en des Musiques Juives<\/title>\n<meta name=\"robots\" content=\"index, follow, max-snippet:-1, max-image-preview:large, max-video-preview:-1\" \/>\n<link rel=\"canonical\" href=\"https:\/\/www.iemj.org\/de\/fonds-maurice-elfassi\/\" \/>\n<meta property=\"og:locale\" content=\"de_DE\" \/>\n<meta property=\"og:type\" content=\"article\" \/>\n<meta property=\"og:title\" content=\"MAURICE ELFASSI-FONDS - Institut Europ\u00e9en des Musiques Juives\" \/>\n<meta property=\"og:description\" content=\"Maurice Elfassi stammt aus Meknes in Marokko und ist seit seiner Kindheit von orientalischer Musik gepr\u00e4gt. Er stammt aus einer Familie von Amateurs\u00e4ngern und wohnt im Stadtteil Mellah, der von\" \/>\n<meta property=\"og:url\" content=\"https:\/\/www.iemj.org\/de\/fonds-maurice-elfassi\/\" \/>\n<meta property=\"og:site_name\" content=\"Institut Europ\u00e9en des Musiques Juives\" \/>\n<meta property=\"article:publisher\" content=\"https:\/\/www.facebook.com\/MusiquesJuives\/\" \/>\n<meta property=\"article:published_time\" content=\"2026-01-29T15:09:46+00:00\" \/>\n<meta property=\"article:modified_time\" content=\"2026-02-13T17:51:51+00:00\" \/>\n<meta property=\"og:image\" content=\"https:\/\/www.iemj.org\/wp-content\/uploads\/2026\/01\/LOGO-Fonds-Elfassy.jpg\" \/>\n\t<meta property=\"og:image:width\" content=\"500\" \/>\n\t<meta property=\"og:image:height\" content=\"500\" \/>\n\t<meta property=\"og:image:type\" content=\"image\/jpeg\" \/>\n<meta name=\"author\" content=\"Jacqueline ROTEN\" \/>\n<meta name=\"twitter:card\" content=\"summary_large_image\" \/>\n<meta name=\"twitter:label1\" content=\"Verfasst von\" \/>\n\t<meta name=\"twitter:data1\" content=\"Jacqueline ROTEN\" \/>\n\t<meta name=\"twitter:label2\" content=\"Gesch\u00e4tzte Lesezeit\" \/>\n\t<meta name=\"twitter:data2\" content=\"6\u00a0Minuten\" \/>\n<script type=\"application\/ld+json\" class=\"yoast-schema-graph\">{\"@context\":\"https:\\\/\\\/schema.org\",\"@graph\":[{\"@type\":\"Article\",\"@id\":\"https:\\\/\\\/www.iemj.org\\\/de\\\/fonds-maurice-elfassi\\\/#article\",\"isPartOf\":{\"@id\":\"https:\\\/\\\/www.iemj.org\\\/de\\\/fonds-maurice-elfassi\\\/\"},\"author\":{\"name\":\"Jacqueline ROTEN\",\"@id\":\"https:\\\/\\\/www.iemj.org\\\/de\\\/#\\\/schema\\\/person\\\/358e26c18aca017fcc4cc15437f7279c\"},\"headline\":\"MAURICE ELFASSI-FONDS\",\"datePublished\":\"2026-01-29T15:09:46+00:00\",\"dateModified\":\"2026-02-13T17:51:51+00:00\",\"mainEntityOfPage\":{\"@id\":\"https:\\\/\\\/www.iemj.org\\\/de\\\/fonds-maurice-elfassi\\\/\"},\"wordCount\":441,\"publisher\":{\"@id\":\"https:\\\/\\\/www.iemj.org\\\/de\\\/#organization\"},\"image\":{\"@id\":\"https:\\\/\\\/www.iemj.org\\\/de\\\/fonds-maurice-elfassi\\\/#primaryimage\"},\"thumbnailUrl\":\"https:\\\/\\\/www.iemj.org\\\/wp-content\\\/uploads\\\/2026\\\/01\\\/LOGO-Fonds-Elfassy.jpg\",\"articleSection\":[\"Fonds\"],\"inLanguage\":\"de\"},{\"@type\":\"WebPage\",\"@id\":\"https:\\\/\\\/www.iemj.org\\\/de\\\/fonds-maurice-elfassi\\\/\",\"url\":\"https:\\\/\\\/www.iemj.org\\\/de\\\/fonds-maurice-elfassi\\\/\",\"name\":\"MAURICE ELFASSI-FONDS - Institut Europ\u00e9en des Musiques Juives\",\"isPartOf\":{\"@id\":\"https:\\\/\\\/www.iemj.org\\\/de\\\/#website\"},\"primaryImageOfPage\":{\"@id\":\"https:\\\/\\\/www.iemj.org\\\/de\\\/fonds-maurice-elfassi\\\/#primaryimage\"},\"image\":{\"@id\":\"https:\\\/\\\/www.iemj.org\\\/de\\\/fonds-maurice-elfassi\\\/#primaryimage\"},\"thumbnailUrl\":\"https:\\\/\\\/www.iemj.org\\\/wp-content\\\/uploads\\\/2026\\\/01\\\/LOGO-Fonds-Elfassy.jpg\",\"datePublished\":\"2026-01-29T15:09:46+00:00\",\"dateModified\":\"2026-02-13T17:51:51+00:00\",\"breadcrumb\":{\"@id\":\"https:\\\/\\\/www.iemj.org\\\/de\\\/fonds-maurice-elfassi\\\/#breadcrumb\"},\"inLanguage\":\"de\",\"potentialAction\":[{\"@type\":\"ReadAction\",\"target\":[\"https:\\\/\\\/www.iemj.org\\\/de\\\/fonds-maurice-elfassi\\\/\"]}]},{\"@type\":\"ImageObject\",\"inLanguage\":\"de\",\"@id\":\"https:\\\/\\\/www.iemj.org\\\/de\\\/fonds-maurice-elfassi\\\/#primaryimage\",\"url\":\"https:\\\/\\\/www.iemj.org\\\/wp-content\\\/uploads\\\/2026\\\/01\\\/LOGO-Fonds-Elfassy.jpg\",\"contentUrl\":\"https:\\\/\\\/www.iemj.org\\\/wp-content\\\/uploads\\\/2026\\\/01\\\/LOGO-Fonds-Elfassy.jpg\",\"width\":500,\"height\":500},{\"@type\":\"BreadcrumbList\",\"@id\":\"https:\\\/\\\/www.iemj.org\\\/de\\\/fonds-maurice-elfassi\\\/#breadcrumb\",\"itemListElement\":[{\"@type\":\"ListItem\",\"position\":1,\"name\":\"Accueil\",\"item\":\"https:\\\/\\\/www.iemj.org\\\/de\\\/\"},{\"@type\":\"ListItem\",\"position\":2,\"name\":\"MAURICE ELFASSI-FONDS\"}]},{\"@type\":\"WebSite\",\"@id\":\"https:\\\/\\\/www.iemj.org\\\/de\\\/#website\",\"url\":\"https:\\\/\\\/www.iemj.org\\\/de\\\/\",\"name\":\"Institut Europ\u00e9en des Musiques Juives\",\"description\":\"Des traditions musicales \u00e0 la port\u00e9e de tous\",\"publisher\":{\"@id\":\"https:\\\/\\\/www.iemj.org\\\/de\\\/#organization\"},\"potentialAction\":[{\"@type\":\"SearchAction\",\"target\":{\"@type\":\"EntryPoint\",\"urlTemplate\":\"https:\\\/\\\/www.iemj.org\\\/de\\\/?s={search_term_string}\"},\"query-input\":{\"@type\":\"PropertyValueSpecification\",\"valueRequired\":true,\"valueName\":\"search_term_string\"}}],\"inLanguage\":\"de\"},{\"@type\":\"Organization\",\"@id\":\"https:\\\/\\\/www.iemj.org\\\/de\\\/#organization\",\"name\":\"Institut Europ\u00e9en des Musiques Juives\",\"url\":\"https:\\\/\\\/www.iemj.org\\\/de\\\/\",\"logo\":{\"@type\":\"ImageObject\",\"inLanguage\":\"de\",\"@id\":\"https:\\\/\\\/www.iemj.org\\\/de\\\/#\\\/schema\\\/logo\\\/image\\\/\",\"url\":\"https:\\\/\\\/www.iemj.org\\\/wp-content\\\/uploads\\\/2021\\\/09\\\/Logo-IEMJ-Paypal.jpg\",\"contentUrl\":\"https:\\\/\\\/www.iemj.org\\\/wp-content\\\/uploads\\\/2021\\\/09\\\/Logo-IEMJ-Paypal.jpg\",\"width\":150,\"height\":50,\"caption\":\"Institut Europ\u00e9en des Musiques Juives\"},\"image\":{\"@id\":\"https:\\\/\\\/www.iemj.org\\\/de\\\/#\\\/schema\\\/logo\\\/image\\\/\"},\"sameAs\":[\"https:\\\/\\\/www.facebook.com\\\/MusiquesJuives\\\/\",\"https:\\\/\\\/www.instagram.com\\\/musiquesjuives\\\/\",\"https:\\\/\\\/www.youtube.com\\\/user\\\/musiquesjuives\"]},{\"@type\":\"Person\",\"@id\":\"https:\\\/\\\/www.iemj.org\\\/de\\\/#\\\/schema\\\/person\\\/358e26c18aca017fcc4cc15437f7279c\",\"name\":\"Jacqueline ROTEN\",\"image\":{\"@type\":\"ImageObject\",\"inLanguage\":\"de\",\"@id\":\"https:\\\/\\\/secure.gravatar.com\\\/avatar\\\/5964256d6c6957de3a3505278957e0fb2a35119ac47ea41827a65301213c810b?s=96&d=mm&r=g\",\"url\":\"https:\\\/\\\/secure.gravatar.com\\\/avatar\\\/5964256d6c6957de3a3505278957e0fb2a35119ac47ea41827a65301213c810b?s=96&d=mm&r=g\",\"contentUrl\":\"https:\\\/\\\/secure.gravatar.com\\\/avatar\\\/5964256d6c6957de3a3505278957e0fb2a35119ac47ea41827a65301213c810b?s=96&d=mm&r=g\",\"caption\":\"Jacqueline ROTEN\"}}]}<\/script>\n<!-- \/ Yoast SEO plugin. -->","yoast_head_json":{"title":"MAURICE ELFASSI-FONDS - Institut Europ\u00e9en des Musiques Juives","robots":{"index":"index","follow":"follow","max-snippet":"max-snippet:-1","max-image-preview":"max-image-preview:large","max-video-preview":"max-video-preview:-1"},"canonical":"https:\/\/www.iemj.org\/de\/fonds-maurice-elfassi\/","og_locale":"de_DE","og_type":"article","og_title":"MAURICE ELFASSI-FONDS - Institut Europ\u00e9en des Musiques Juives","og_description":"Maurice Elfassi stammt aus Meknes in Marokko und ist seit seiner Kindheit von orientalischer Musik gepr\u00e4gt. Er stammt aus einer Familie von Amateurs\u00e4ngern und wohnt im Stadtteil Mellah, der von","og_url":"https:\/\/www.iemj.org\/de\/fonds-maurice-elfassi\/","og_site_name":"Institut Europ\u00e9en des Musiques Juives","article_publisher":"https:\/\/www.facebook.com\/MusiquesJuives\/","article_published_time":"2026-01-29T15:09:46+00:00","article_modified_time":"2026-02-13T17:51:51+00:00","og_image":[{"width":500,"height":500,"url":"https:\/\/www.iemj.org\/wp-content\/uploads\/2026\/01\/LOGO-Fonds-Elfassy.jpg","type":"image\/jpeg"}],"author":"Jacqueline ROTEN","twitter_card":"summary_large_image","twitter_misc":{"Verfasst von":"Jacqueline ROTEN","Gesch\u00e4tzte Lesezeit":"6\u00a0Minuten"},"schema":{"@context":"https:\/\/schema.org","@graph":[{"@type":"Article","@id":"https:\/\/www.iemj.org\/de\/fonds-maurice-elfassi\/#article","isPartOf":{"@id":"https:\/\/www.iemj.org\/de\/fonds-maurice-elfassi\/"},"author":{"name":"Jacqueline ROTEN","@id":"https:\/\/www.iemj.org\/de\/#\/schema\/person\/358e26c18aca017fcc4cc15437f7279c"},"headline":"MAURICE ELFASSI-FONDS","datePublished":"2026-01-29T15:09:46+00:00","dateModified":"2026-02-13T17:51:51+00:00","mainEntityOfPage":{"@id":"https:\/\/www.iemj.org\/de\/fonds-maurice-elfassi\/"},"wordCount":441,"publisher":{"@id":"https:\/\/www.iemj.org\/de\/#organization"},"image":{"@id":"https:\/\/www.iemj.org\/de\/fonds-maurice-elfassi\/#primaryimage"},"thumbnailUrl":"https:\/\/www.iemj.org\/wp-content\/uploads\/2026\/01\/LOGO-Fonds-Elfassy.jpg","articleSection":["Fonds"],"inLanguage":"de"},{"@type":"WebPage","@id":"https:\/\/www.iemj.org\/de\/fonds-maurice-elfassi\/","url":"https:\/\/www.iemj.org\/de\/fonds-maurice-elfassi\/","name":"MAURICE ELFASSI-FONDS - Institut Europ\u00e9en des Musiques Juives","isPartOf":{"@id":"https:\/\/www.iemj.org\/de\/#website"},"primaryImageOfPage":{"@id":"https:\/\/www.iemj.org\/de\/fonds-maurice-elfassi\/#primaryimage"},"image":{"@id":"https:\/\/www.iemj.org\/de\/fonds-maurice-elfassi\/#primaryimage"},"thumbnailUrl":"https:\/\/www.iemj.org\/wp-content\/uploads\/2026\/01\/LOGO-Fonds-Elfassy.jpg","datePublished":"2026-01-29T15:09:46+00:00","dateModified":"2026-02-13T17:51:51+00:00","breadcrumb":{"@id":"https:\/\/www.iemj.org\/de\/fonds-maurice-elfassi\/#breadcrumb"},"inLanguage":"de","potentialAction":[{"@type":"ReadAction","target":["https:\/\/www.iemj.org\/de\/fonds-maurice-elfassi\/"]}]},{"@type":"ImageObject","inLanguage":"de","@id":"https:\/\/www.iemj.org\/de\/fonds-maurice-elfassi\/#primaryimage","url":"https:\/\/www.iemj.org\/wp-content\/uploads\/2026\/01\/LOGO-Fonds-Elfassy.jpg","contentUrl":"https:\/\/www.iemj.org\/wp-content\/uploads\/2026\/01\/LOGO-Fonds-Elfassy.jpg","width":500,"height":500},{"@type":"BreadcrumbList","@id":"https:\/\/www.iemj.org\/de\/fonds-maurice-elfassi\/#breadcrumb","itemListElement":[{"@type":"ListItem","position":1,"name":"Accueil","item":"https:\/\/www.iemj.org\/de\/"},{"@type":"ListItem","position":2,"name":"MAURICE ELFASSI-FONDS"}]},{"@type":"WebSite","@id":"https:\/\/www.iemj.org\/de\/#website","url":"https:\/\/www.iemj.org\/de\/","name":"Institut Europ\u00e9en des Musiques Juives","description":"Des traditions musicales \u00e0 la port\u00e9e de tous","publisher":{"@id":"https:\/\/www.iemj.org\/de\/#organization"},"potentialAction":[{"@type":"SearchAction","target":{"@type":"EntryPoint","urlTemplate":"https:\/\/www.iemj.org\/de\/?s={search_term_string}"},"query-input":{"@type":"PropertyValueSpecification","valueRequired":true,"valueName":"search_term_string"}}],"inLanguage":"de"},{"@type":"Organization","@id":"https:\/\/www.iemj.org\/de\/#organization","name":"Institut Europ\u00e9en des Musiques Juives","url":"https:\/\/www.iemj.org\/de\/","logo":{"@type":"ImageObject","inLanguage":"de","@id":"https:\/\/www.iemj.org\/de\/#\/schema\/logo\/image\/","url":"https:\/\/www.iemj.org\/wp-content\/uploads\/2021\/09\/Logo-IEMJ-Paypal.jpg","contentUrl":"https:\/\/www.iemj.org\/wp-content\/uploads\/2021\/09\/Logo-IEMJ-Paypal.jpg","width":150,"height":50,"caption":"Institut Europ\u00e9en des Musiques Juives"},"image":{"@id":"https:\/\/www.iemj.org\/de\/#\/schema\/logo\/image\/"},"sameAs":["https:\/\/www.facebook.com\/MusiquesJuives\/","https:\/\/www.instagram.com\/musiquesjuives\/","https:\/\/www.youtube.com\/user\/musiquesjuives"]},{"@type":"Person","@id":"https:\/\/www.iemj.org\/de\/#\/schema\/person\/358e26c18aca017fcc4cc15437f7279c","name":"Jacqueline ROTEN","image":{"@type":"ImageObject","inLanguage":"de","@id":"https:\/\/secure.gravatar.com\/avatar\/5964256d6c6957de3a3505278957e0fb2a35119ac47ea41827a65301213c810b?s=96&d=mm&r=g","url":"https:\/\/secure.gravatar.com\/avatar\/5964256d6c6957de3a3505278957e0fb2a35119ac47ea41827a65301213c810b?s=96&d=mm&r=g","contentUrl":"https:\/\/secure.gravatar.com\/avatar\/5964256d6c6957de3a3505278957e0fb2a35119ac47ea41827a65301213c810b?s=96&d=mm&r=g","caption":"Jacqueline ROTEN"}}]}},"_links":{"self":[{"href":"https:\/\/www.iemj.org\/de\/wp-json\/wp\/v2\/posts\/129966","targetHints":{"allow":["GET"]}}],"collection":[{"href":"https:\/\/www.iemj.org\/de\/wp-json\/wp\/v2\/posts"}],"about":[{"href":"https:\/\/www.iemj.org\/de\/wp-json\/wp\/v2\/types\/post"}],"author":[{"embeddable":true,"href":"https:\/\/www.iemj.org\/de\/wp-json\/wp\/v2\/users\/5"}],"replies":[{"embeddable":true,"href":"https:\/\/www.iemj.org\/de\/wp-json\/wp\/v2\/comments?post=129966"}],"version-history":[{"count":5,"href":"https:\/\/www.iemj.org\/de\/wp-json\/wp\/v2\/posts\/129966\/revisions"}],"predecessor-version":[{"id":130133,"href":"https:\/\/www.iemj.org\/de\/wp-json\/wp\/v2\/posts\/129966\/revisions\/130133"}],"wp:featuredmedia":[{"embeddable":true,"href":"https:\/\/www.iemj.org\/de\/wp-json\/wp\/v2\/media\/129896"}],"wp:attachment":[{"href":"https:\/\/www.iemj.org\/de\/wp-json\/wp\/v2\/media?parent=129966"}],"wp:term":[{"taxonomy":"category","embeddable":true,"href":"https:\/\/www.iemj.org\/de\/wp-json\/wp\/v2\/categories?post=129966"},{"taxonomy":"post_tag","embeddable":true,"href":"https:\/\/www.iemj.org\/de\/wp-json\/wp\/v2\/tags?post=129966"},{"taxonomy":"technique","embeddable":true,"href":"https:\/\/www.iemj.org\/de\/wp-json\/wp\/v2\/technique?post=129966"},{"taxonomy":"squelettes","embeddable":true,"href":"https:\/\/www.iemj.org\/de\/wp-json\/wp\/v2\/squelettes?post=129966"},{"taxonomy":"sujet","embeddable":true,"href":"https:\/\/www.iemj.org\/de\/wp-json\/wp\/v2\/sujet?post=129966"},{"taxonomy":"formation","embeddable":true,"href":"https:\/\/www.iemj.org\/de\/wp-json\/wp\/v2\/formation?post=129966"},{"taxonomy":"genre","embeddable":true,"href":"https:\/\/www.iemj.org\/de\/wp-json\/wp\/v2\/genre?post=129966"},{"taxonomy":"fonds","embeddable":true,"href":"https:\/\/www.iemj.org\/de\/wp-json\/wp\/v2\/fonds?post=129966"},{"taxonomy":"tradition","embeddable":true,"href":"https:\/\/www.iemj.org\/de\/wp-json\/wp\/v2\/tradition?post=129966"},{"taxonomy":"type-de-contenu","embeddable":true,"href":"https:\/\/www.iemj.org\/de\/wp-json\/wp\/v2\/type-de-contenu?post=129966"},{"taxonomy":"interprete-compositeur","embeddable":true,"href":"https:\/\/www.iemj.org\/de\/wp-json\/wp\/v2\/interprete-compositeur?post=129966"},{"taxonomy":"frise","embeddable":true,"href":"https:\/\/www.iemj.org\/de\/wp-json\/wp\/v2\/frise?post=129966"},{"taxonomy":"type-devenement","embeddable":true,"href":"https:\/\/www.iemj.org\/de\/wp-json\/wp\/v2\/type-devenement?post=129966"},{"taxonomy":"tableaux-liens-externes","embeddable":true,"href":"https:\/\/www.iemj.org\/de\/wp-json\/wp\/v2\/tableaux-liens-externes?post=129966"}],"curies":[{"name":"wp","href":"https:\/\/api.w.org\/{rel}","templated":true}]}}