{"id":41817,"date":"2020-02-26T11:04:35","date_gmt":"2020-02-26T10:04:35","guid":{"rendered":"https:\/\/www.iemj.org\/fonds-leon-algazi\/"},"modified":"2022-01-12T15:16:05","modified_gmt":"2022-01-12T14:16:05","slug":"fonds-leon-algazi","status":"publish","type":"post","link":"https:\/\/www.iemj.org\/de\/fonds-leon-algazi\/","title":{"rendered":"L\u00e9on Algazi Fonds"},"content":{"rendered":"<p><strong>Der L\u00e9on Algazi Fonds wurde in den 90er Jahren in der Association Yuval und dann schlie\u00dflich von 2007 bis 2020 im IEMJ aufbewahrt. Er besteht aus rund 600 Dokumenten (Partitionen, Audioaufnahmen, Filmen, B\u00fcchern, Fotos und verschiedenen Archiven), die gr\u00f6\u00dftenteils aus der Familie Algazi, sowie den Archiven der Gro\u00dfen Synagoge stammen.<\/strong><\/p>\n<p>\u00a0<\/p>\n<p><!--more--><\/p>\n<p><strong><a href=\"https:\/\/www.iemj.org\/de\/algazi-leon-1890-1971\/\" target=\"_blank\" rel=\"noopener\">L\u00e9on Algazi<\/a><\/strong> wurde am 6. Februar 1890 in Epuresti (Rum\u00e4nien) geboren und bewies bereits fr\u00fch eine Begabung f\u00fcr die Musik. Nach einem kurzen Aufenthalt 1905 in Jerusalem, begann er 1908 sein Theologiestudium im S\u00e9minaire isr\u00e9alite de France, wo er 1922 sein Rabbiner-Diplom erhielt. Gleichzeitig verfolgte er seine musikalische Ausbildung unter Meistern wie Arnold Sch\u00f6nberg und Hans Eisler in Wien und unter Andr\u00e9 G\u00e9dalge, Raoul Laparra und Charles Koechlin in Paris. Er war fasziniert von der Folklore (er stand in Kontakt mit seinem Landsmann, dem rum\u00e4nischen Musikethnologe Constantin Br\u0103iloiu und verkehrte mit dem Begr\u00fcnder der j\u00fcdische Musikforschung Abraham Zvi Idelsohn) und ver\u00f6ffentlichte 1925 Trois <em>chansons populaires<\/em><em>\u00a0juives<\/em> <img fetchpriority=\"high\" decoding=\"async\" class=\" alignright  wp-image-27180\" src=\"https:\/\/www.iemj.org\/wp-content\/uploads\/2020\/02\/1._i_179_leon_algazi_a_la_fenetre_du_journal_luptatorul_bucarest_1920_recadree_lumiere_300px_larg.jpg\" alt=\"1._i_179_leon_algazi_a_la_fenetre_du_journal_luptatorul_bucarest_1920_recadree_lumiere_300px_larg.jpg\" width=\"301\" height=\"200\" align=\"right\" \/><span style=\"font-size: inherit;\">mit franz\u00f6sischen Texten von Edmond Fleg (Max Eschig und Cie, Paris). 1929 rief er die w\u00f6chentliche Radiosendung <\/span><em style=\"font-size: inherit;\">La voix d\u2019Isra<\/em><em style=\"font-size: inherit;\">\u00ebl<\/em><span style=\"font-size: inherit;\"> ins Leben. 1930 war er neben Vladimir Dyck, Mitbegr\u00fcnder der <\/span><em style=\"font-size: inherit;\">Mizmor<\/em><span style=\"font-size: inherit;\">, einer dem Verlaghaus Sabart zugeh\u00f6rige Sammlung hebr\u00e4ischer Musik. 1936 oder 1937 wurde er Chorleiter des Chors der Gro\u00dfen Synagoge. Zudem unterrichtete er von 1936 bis 1940 hebr\u00e4ischen Gesang an der Schola Cantorum.<\/span><\/p>\n<p>L\u00e9on Algazi war nicht nur Gewerkschaftsvorsitzender f\u00fcr Dirigenten der religi\u00f6sen Musik, Lehrer und Direktor der \u00c9cole isra\u00e9lite de p\u00e9dagogie und der Liturgie des Seminaire isra\u00e9lite de France, sowie Musikdirektor der Temples consistoriaux, sondern auch Mitbegr\u00fcnder des 1957 gegr\u00fcndeten Colloque des Intellectuels juifs de France.<\/p>\n<p><img decoding=\"async\" class=\" alignleft  wp-image-27182\" src=\"https:\/\/www.iemj.org\/wp-content\/uploads\/2020\/02\/2._i_137_leon_algazi_1933_300px_vertic.jpg\" alt=\"2._i_137_leon_algazi_1933_300px_vertic.jpg\" width=\"237\" height=\"352\" align=\"left\" \/><\/p>\n<p>Die 600 Archive des Algazi Fonds geben Einblicke in das Leben und Werk eines Mannes, der ungerechter Weise in Vergessenheit geriet. \u00a0Es befinden sich darunter 255 Dokumente aus der Familie, darunter mehr als 70 seltene Ausgaben aus seiner Bibliothek (Gerson-Levy, <em>Orgue et pioutim<\/em>, 1859; Br\u0103iloiu Constantin,\u00a0<em>Esquisse d\u2019une m\u00e9thode de folklore musical<\/em>, welches der Autor L\u00e9on Algazi 1935 widmete; Ausubel Nathan, <em>A Tresury of Jewish Folklore<\/em>, 1948\u2026), 50 gedruckte und handschriftliche Partitionen, 24 Kassetten und Magnetb\u00e4nder (Lieder aus Israel, anl\u00e4sslich des 10. Staatsjubil\u00e4ums Israels, j\u00fcdisches Musikkonzert, Lieder auf Hebr\u00e4isch und Jud\u00e4ospranisch, Gesang in der Gro\u00dfen Synagoge, Radiosendungen der Radiosendung <em>La voix d\u2019Isra<\/em><em>\u00ebl<\/em>\u2026), 4 auf DVD gebrannte Familienfilme (Format acht oder super acht), 57 Fotografien und 73 verschiedene Archive, welche etwa Briefe oder Konzertprogramme umfassen.<\/p>\n<p>Der Fonds der Gro\u00dfen Synagoge umfasst ebenfalls rund 200 Dokumente, gr\u00f6\u00dftenteils von L\u00e9on Algazi geschriebene oder arrangierte Partitionen.<\/p>\n<p>\u00a0<\/p>\n<p><img decoding=\"async\" class=\"  alignleft wp-image-27184\" src=\"https:\/\/www.iemj.org\/wp-content\/uploads\/2020\/02\/3._l_336_music_of_the_ghetto_and_the_bible_de_saminsky_dedicace_a_algazi_450px_vertic.jpg\" alt=\"3._l_336_music_of_the_ghetto_and_the_bible_de_saminsky_dedicace_a_algazi_450px_vertic.jpg\" width=\"209\" height=\"310\" align=\"left\" srcset=\"https:\/\/www.iemj.org\/wp-content\/uploads\/2020\/02\/3._l_336_music_of_the_ghetto_and_the_bible_de_saminsky_dedicace_a_algazi_450px_vertic.jpg 304w, https:\/\/www.iemj.org\/wp-content\/uploads\/2020\/02\/3._l_336_music_of_the_ghetto_and_the_bible_de_saminsky_dedicace_a_algazi_450px_vertic-203x300.jpg 203w\" sizes=\"(max-width: 209px) 100vw, 209px\" \/> <img loading=\"lazy\" decoding=\"async\" class=\"alignleft wp-image-27186\" src=\"https:\/\/www.iemj.org\/wp-content\/uploads\/2020\/02\/4._p_1527_partition_de_algazi_chants_juifs_du_film_david_golder_vdef_450px_veric.jpg\" alt=\"4._p_1527_partition_de_algazi_chants_juifs_du_film_david_golder_vdef_450px_veric.jpg\" width=\"186\" height=\"310\" align=\"right\" srcset=\"https:\/\/www.iemj.org\/wp-content\/uploads\/2020\/02\/4._p_1527_partition_de_algazi_chants_juifs_du_film_david_golder_vdef_450px_veric.jpg 270w, https:\/\/www.iemj.org\/wp-content\/uploads\/2020\/02\/4._p_1527_partition_de_algazi_chants_juifs_du_film_david_golder_vdef_450px_veric-180x300.jpg 180w\" sizes=\"(max-width: 186px) 100vw, 186px\" \/><\/p>\n<p>\u00a0<\/p>\n<p><a href=\"http:\/\/www.rachelnet.net\/F\/?func=find-c&amp;ccl_term=WHOL+%3D+LEON+ALGAZI&amp;local_base=iemcg\">Greifen Sie auf den Algazi Familien-Fonds zu<\/a><\/p>\n<p><a href=\"http:\/\/www.rachelnet.net\/F\/?func=find-c&amp;ccl_term=WRD+%3D+leon+algazi&amp;local_base=iemcg\" target=\"_blank\" rel=\"noopener\">Greifen Sie auf die L\u00e9on Algazi Archive zu<\/a><\/p>\n<p><a href=\"https:\/\/www.iemj.org\/de\/algazi-leon-1890-1971\/\" target=\"_blank\" rel=\"noopener\">Lesen Sie die Biographie L\u00e9on Algazis<\/a><\/p>\n<p><a href=\"https:\/\/www.iemj.org\/de\/leon-algazi-1890-1971\/\" target=\"_blank\" rel=\"noopener\">H\u00f6ren Sie die Playlist: L\u00e9on Algazis Musik<\/a><\/p>\n<p>\u00a0<\/p>\n\n\n<p><\/p>\n\n\n\n<figure class=\"wp-block-video\"><video controls src=\"https:\/\/www.iemj.org\/wp-content\/uploads\/2020\/02\/2_chants_de_pourim_par_la_chorale_mizmor_dirigee_par_leon_algazi.mp4\"><\/video><figcaption><strong>Schauen Sie sich die Aufnahme des Mizmor Chors unter Leitung L\u00e9on Algazis an<\/strong><\/figcaption><\/figure>\n\n\n\n<p><\/p>\n","protected":false},"excerpt":{"rendered":"<p>Der L\u00e9on Algazi Fonds wurde in den 90er Jahren in der Association Yuval und dann schlie\u00dflich von 2007 bis 2020 im IEMJ aufbewahrt. Er besteht aus rund 600 Dokumenten (Partitionen,<\/p>\n","protected":false},"author":1048,"featured_media":41818,"comment_status":"closed","ping_status":"closed","sticky":false,"template":"","format":"standard","meta":{"_acf_changed":false,"footnotes":""},"categories":[1585],"tags":[],"technique":[],"squelettes":[],"sujet":[],"formation":[],"genre":[],"fonds":[],"tradition":[],"type-de-contenu":[],"interprete-compositeur":[3251],"frise":[],"type-devenement":[],"tableaux-liens-externes":[],"class_list":["post-41817","post","type-post","status-publish","format-standard","has-post-thumbnail","hentry","category-fonds-de","interprete-compositeur-leon-algazi-de"],"acf":[],"yoast_head":"<!-- This site is optimized with the Yoast SEO plugin v27.3 - https:\/\/yoast.com\/product\/yoast-seo-wordpress\/ -->\n<title>L\u00e9on Algazi Fonds - Institut Europ\u00e9en des Musiques Juives<\/title>\n<meta name=\"robots\" content=\"index, follow, max-snippet:-1, max-image-preview:large, max-video-preview:-1\" \/>\n<link rel=\"canonical\" href=\"https:\/\/www.iemj.org\/de\/fonds-leon-algazi\/\" \/>\n<meta property=\"og:locale\" content=\"de_DE\" \/>\n<meta property=\"og:type\" content=\"article\" \/>\n<meta property=\"og:title\" content=\"L\u00e9on Algazi Fonds - Institut Europ\u00e9en des Musiques Juives\" \/>\n<meta property=\"og:description\" content=\"Der L\u00e9on Algazi Fonds wurde in den 90er Jahren in der Association Yuval und dann schlie\u00dflich von 2007 bis 2020 im IEMJ aufbewahrt. Er besteht aus rund 600 Dokumenten (Partitionen,\" \/>\n<meta property=\"og:url\" content=\"https:\/\/www.iemj.org\/de\/fonds-leon-algazi\/\" \/>\n<meta property=\"og:site_name\" content=\"Institut Europ\u00e9en des Musiques Juives\" \/>\n<meta property=\"article:publisher\" content=\"https:\/\/www.facebook.com\/MusiquesJuives\/\" \/>\n<meta property=\"article:published_time\" content=\"2020-02-26T10:04:35+00:00\" \/>\n<meta property=\"article:modified_time\" content=\"2022-01-12T14:16:05+00:00\" \/>\n<meta property=\"og:image\" content=\"https:\/\/www.iemj.org\/wp-content\/uploads\/2020\/02\/arton4557-e1618410455801.jpg\" \/>\n\t<meta property=\"og:image:width\" content=\"350\" \/>\n\t<meta property=\"og:image:height\" content=\"361\" \/>\n\t<meta property=\"og:image:type\" content=\"image\/jpeg\" \/>\n<meta name=\"author\" content=\"Jean-Gabriel Davis\" \/>\n<meta name=\"twitter:card\" content=\"summary_large_image\" \/>\n<meta name=\"twitter:label1\" content=\"Verfasst von\" \/>\n\t<meta name=\"twitter:data1\" content=\"Jean-Gabriel Davis\" \/>\n\t<meta name=\"twitter:label2\" content=\"Gesch\u00e4tzte Lesezeit\" \/>\n\t<meta name=\"twitter:data2\" content=\"3\u00a0Minuten\" \/>\n<script type=\"application\/ld+json\" class=\"yoast-schema-graph\">{\"@context\":\"https:\\\/\\\/schema.org\",\"@graph\":[{\"@type\":\"Article\",\"@id\":\"https:\\\/\\\/www.iemj.org\\\/de\\\/fonds-leon-algazi\\\/#article\",\"isPartOf\":{\"@id\":\"https:\\\/\\\/www.iemj.org\\\/de\\\/fonds-leon-algazi\\\/\"},\"author\":{\"name\":\"Jean-Gabriel Davis\",\"@id\":\"https:\\\/\\\/www.iemj.org\\\/de\\\/#\\\/schema\\\/person\\\/c9bc1c386a3749579a2d675e72a18666\"},\"headline\":\"L\u00e9on Algazi Fonds\",\"datePublished\":\"2020-02-26T10:04:35+00:00\",\"dateModified\":\"2022-01-12T14:16:05+00:00\",\"mainEntityOfPage\":{\"@id\":\"https:\\\/\\\/www.iemj.org\\\/de\\\/fonds-leon-algazi\\\/\"},\"wordCount\":477,\"publisher\":{\"@id\":\"https:\\\/\\\/www.iemj.org\\\/de\\\/#organization\"},\"image\":{\"@id\":\"https:\\\/\\\/www.iemj.org\\\/de\\\/fonds-leon-algazi\\\/#primaryimage\"},\"thumbnailUrl\":\"https:\\\/\\\/www.iemj.org\\\/wp-content\\\/uploads\\\/2020\\\/02\\\/arton4557-e1618410455801.jpg\",\"articleSection\":[\"Fonds\"],\"inLanguage\":\"de\"},{\"@type\":\"WebPage\",\"@id\":\"https:\\\/\\\/www.iemj.org\\\/de\\\/fonds-leon-algazi\\\/\",\"url\":\"https:\\\/\\\/www.iemj.org\\\/de\\\/fonds-leon-algazi\\\/\",\"name\":\"L\u00e9on Algazi Fonds - Institut Europ\u00e9en des Musiques Juives\",\"isPartOf\":{\"@id\":\"https:\\\/\\\/www.iemj.org\\\/de\\\/#website\"},\"primaryImageOfPage\":{\"@id\":\"https:\\\/\\\/www.iemj.org\\\/de\\\/fonds-leon-algazi\\\/#primaryimage\"},\"image\":{\"@id\":\"https:\\\/\\\/www.iemj.org\\\/de\\\/fonds-leon-algazi\\\/#primaryimage\"},\"thumbnailUrl\":\"https:\\\/\\\/www.iemj.org\\\/wp-content\\\/uploads\\\/2020\\\/02\\\/arton4557-e1618410455801.jpg\",\"datePublished\":\"2020-02-26T10:04:35+00:00\",\"dateModified\":\"2022-01-12T14:16:05+00:00\",\"breadcrumb\":{\"@id\":\"https:\\\/\\\/www.iemj.org\\\/de\\\/fonds-leon-algazi\\\/#breadcrumb\"},\"inLanguage\":\"de\",\"potentialAction\":[{\"@type\":\"ReadAction\",\"target\":[\"https:\\\/\\\/www.iemj.org\\\/de\\\/fonds-leon-algazi\\\/\"]}]},{\"@type\":\"ImageObject\",\"inLanguage\":\"de\",\"@id\":\"https:\\\/\\\/www.iemj.org\\\/de\\\/fonds-leon-algazi\\\/#primaryimage\",\"url\":\"https:\\\/\\\/www.iemj.org\\\/wp-content\\\/uploads\\\/2020\\\/02\\\/arton4557-e1618410455801.jpg\",\"contentUrl\":\"https:\\\/\\\/www.iemj.org\\\/wp-content\\\/uploads\\\/2020\\\/02\\\/arton4557-e1618410455801.jpg\",\"width\":350,\"height\":361},{\"@type\":\"BreadcrumbList\",\"@id\":\"https:\\\/\\\/www.iemj.org\\\/de\\\/fonds-leon-algazi\\\/#breadcrumb\",\"itemListElement\":[{\"@type\":\"ListItem\",\"position\":1,\"name\":\"Accueil\",\"item\":\"https:\\\/\\\/www.iemj.org\\\/de\\\/\"},{\"@type\":\"ListItem\",\"position\":2,\"name\":\"L\u00e9on Algazi Fonds\"}]},{\"@type\":\"WebSite\",\"@id\":\"https:\\\/\\\/www.iemj.org\\\/de\\\/#website\",\"url\":\"https:\\\/\\\/www.iemj.org\\\/de\\\/\",\"name\":\"Institut Europ\u00e9en des Musiques Juives\",\"description\":\"Des traditions musicales \u00e0 la port\u00e9e de tous\",\"publisher\":{\"@id\":\"https:\\\/\\\/www.iemj.org\\\/de\\\/#organization\"},\"potentialAction\":[{\"@type\":\"SearchAction\",\"target\":{\"@type\":\"EntryPoint\",\"urlTemplate\":\"https:\\\/\\\/www.iemj.org\\\/de\\\/?s={search_term_string}\"},\"query-input\":{\"@type\":\"PropertyValueSpecification\",\"valueRequired\":true,\"valueName\":\"search_term_string\"}}],\"inLanguage\":\"de\"},{\"@type\":\"Organization\",\"@id\":\"https:\\\/\\\/www.iemj.org\\\/de\\\/#organization\",\"name\":\"Institut Europ\u00e9en des Musiques Juives\",\"url\":\"https:\\\/\\\/www.iemj.org\\\/de\\\/\",\"logo\":{\"@type\":\"ImageObject\",\"inLanguage\":\"de\",\"@id\":\"https:\\\/\\\/www.iemj.org\\\/de\\\/#\\\/schema\\\/logo\\\/image\\\/\",\"url\":\"https:\\\/\\\/www.iemj.org\\\/wp-content\\\/uploads\\\/2021\\\/09\\\/Logo-IEMJ-Paypal.jpg\",\"contentUrl\":\"https:\\\/\\\/www.iemj.org\\\/wp-content\\\/uploads\\\/2021\\\/09\\\/Logo-IEMJ-Paypal.jpg\",\"width\":150,\"height\":50,\"caption\":\"Institut Europ\u00e9en des Musiques Juives\"},\"image\":{\"@id\":\"https:\\\/\\\/www.iemj.org\\\/de\\\/#\\\/schema\\\/logo\\\/image\\\/\"},\"sameAs\":[\"https:\\\/\\\/www.facebook.com\\\/MusiquesJuives\\\/\",\"https:\\\/\\\/www.instagram.com\\\/musiquesjuives\\\/\",\"https:\\\/\\\/www.youtube.com\\\/user\\\/musiquesjuives\"]},{\"@type\":\"Person\",\"@id\":\"https:\\\/\\\/www.iemj.org\\\/de\\\/#\\\/schema\\\/person\\\/c9bc1c386a3749579a2d675e72a18666\",\"name\":\"Jean-Gabriel Davis\",\"image\":{\"@type\":\"ImageObject\",\"inLanguage\":\"de\",\"@id\":\"https:\\\/\\\/secure.gravatar.com\\\/avatar\\\/2b90d67bdf392c9b3a21fab87c0fa7edaf1fb3a058172a1ffd61033fcec7aec1?s=96&d=mm&r=g\",\"url\":\"https:\\\/\\\/secure.gravatar.com\\\/avatar\\\/2b90d67bdf392c9b3a21fab87c0fa7edaf1fb3a058172a1ffd61033fcec7aec1?s=96&d=mm&r=g\",\"contentUrl\":\"https:\\\/\\\/secure.gravatar.com\\\/avatar\\\/2b90d67bdf392c9b3a21fab87c0fa7edaf1fb3a058172a1ffd61033fcec7aec1?s=96&d=mm&r=g\",\"caption\":\"Jean-Gabriel Davis\"}}]}<\/script>\n<!-- \/ Yoast SEO plugin. -->","yoast_head_json":{"title":"L\u00e9on Algazi Fonds - Institut Europ\u00e9en des Musiques Juives","robots":{"index":"index","follow":"follow","max-snippet":"max-snippet:-1","max-image-preview":"max-image-preview:large","max-video-preview":"max-video-preview:-1"},"canonical":"https:\/\/www.iemj.org\/de\/fonds-leon-algazi\/","og_locale":"de_DE","og_type":"article","og_title":"L\u00e9on Algazi Fonds - Institut Europ\u00e9en des Musiques Juives","og_description":"Der L\u00e9on Algazi Fonds wurde in den 90er Jahren in der Association Yuval und dann schlie\u00dflich von 2007 bis 2020 im IEMJ aufbewahrt. Er besteht aus rund 600 Dokumenten (Partitionen,","og_url":"https:\/\/www.iemj.org\/de\/fonds-leon-algazi\/","og_site_name":"Institut Europ\u00e9en des Musiques Juives","article_publisher":"https:\/\/www.facebook.com\/MusiquesJuives\/","article_published_time":"2020-02-26T10:04:35+00:00","article_modified_time":"2022-01-12T14:16:05+00:00","og_image":[{"width":350,"height":361,"url":"https:\/\/www.iemj.org\/wp-content\/uploads\/2020\/02\/arton4557-e1618410455801.jpg","type":"image\/jpeg"}],"author":"Jean-Gabriel Davis","twitter_card":"summary_large_image","twitter_misc":{"Verfasst von":"Jean-Gabriel Davis","Gesch\u00e4tzte Lesezeit":"3\u00a0Minuten"},"schema":{"@context":"https:\/\/schema.org","@graph":[{"@type":"Article","@id":"https:\/\/www.iemj.org\/de\/fonds-leon-algazi\/#article","isPartOf":{"@id":"https:\/\/www.iemj.org\/de\/fonds-leon-algazi\/"},"author":{"name":"Jean-Gabriel Davis","@id":"https:\/\/www.iemj.org\/de\/#\/schema\/person\/c9bc1c386a3749579a2d675e72a18666"},"headline":"L\u00e9on Algazi Fonds","datePublished":"2020-02-26T10:04:35+00:00","dateModified":"2022-01-12T14:16:05+00:00","mainEntityOfPage":{"@id":"https:\/\/www.iemj.org\/de\/fonds-leon-algazi\/"},"wordCount":477,"publisher":{"@id":"https:\/\/www.iemj.org\/de\/#organization"},"image":{"@id":"https:\/\/www.iemj.org\/de\/fonds-leon-algazi\/#primaryimage"},"thumbnailUrl":"https:\/\/www.iemj.org\/wp-content\/uploads\/2020\/02\/arton4557-e1618410455801.jpg","articleSection":["Fonds"],"inLanguage":"de"},{"@type":"WebPage","@id":"https:\/\/www.iemj.org\/de\/fonds-leon-algazi\/","url":"https:\/\/www.iemj.org\/de\/fonds-leon-algazi\/","name":"L\u00e9on Algazi Fonds - Institut Europ\u00e9en des Musiques Juives","isPartOf":{"@id":"https:\/\/www.iemj.org\/de\/#website"},"primaryImageOfPage":{"@id":"https:\/\/www.iemj.org\/de\/fonds-leon-algazi\/#primaryimage"},"image":{"@id":"https:\/\/www.iemj.org\/de\/fonds-leon-algazi\/#primaryimage"},"thumbnailUrl":"https:\/\/www.iemj.org\/wp-content\/uploads\/2020\/02\/arton4557-e1618410455801.jpg","datePublished":"2020-02-26T10:04:35+00:00","dateModified":"2022-01-12T14:16:05+00:00","breadcrumb":{"@id":"https:\/\/www.iemj.org\/de\/fonds-leon-algazi\/#breadcrumb"},"inLanguage":"de","potentialAction":[{"@type":"ReadAction","target":["https:\/\/www.iemj.org\/de\/fonds-leon-algazi\/"]}]},{"@type":"ImageObject","inLanguage":"de","@id":"https:\/\/www.iemj.org\/de\/fonds-leon-algazi\/#primaryimage","url":"https:\/\/www.iemj.org\/wp-content\/uploads\/2020\/02\/arton4557-e1618410455801.jpg","contentUrl":"https:\/\/www.iemj.org\/wp-content\/uploads\/2020\/02\/arton4557-e1618410455801.jpg","width":350,"height":361},{"@type":"BreadcrumbList","@id":"https:\/\/www.iemj.org\/de\/fonds-leon-algazi\/#breadcrumb","itemListElement":[{"@type":"ListItem","position":1,"name":"Accueil","item":"https:\/\/www.iemj.org\/de\/"},{"@type":"ListItem","position":2,"name":"L\u00e9on Algazi Fonds"}]},{"@type":"WebSite","@id":"https:\/\/www.iemj.org\/de\/#website","url":"https:\/\/www.iemj.org\/de\/","name":"Institut Europ\u00e9en des Musiques Juives","description":"Des traditions musicales \u00e0 la port\u00e9e de tous","publisher":{"@id":"https:\/\/www.iemj.org\/de\/#organization"},"potentialAction":[{"@type":"SearchAction","target":{"@type":"EntryPoint","urlTemplate":"https:\/\/www.iemj.org\/de\/?s={search_term_string}"},"query-input":{"@type":"PropertyValueSpecification","valueRequired":true,"valueName":"search_term_string"}}],"inLanguage":"de"},{"@type":"Organization","@id":"https:\/\/www.iemj.org\/de\/#organization","name":"Institut Europ\u00e9en des Musiques Juives","url":"https:\/\/www.iemj.org\/de\/","logo":{"@type":"ImageObject","inLanguage":"de","@id":"https:\/\/www.iemj.org\/de\/#\/schema\/logo\/image\/","url":"https:\/\/www.iemj.org\/wp-content\/uploads\/2021\/09\/Logo-IEMJ-Paypal.jpg","contentUrl":"https:\/\/www.iemj.org\/wp-content\/uploads\/2021\/09\/Logo-IEMJ-Paypal.jpg","width":150,"height":50,"caption":"Institut Europ\u00e9en des Musiques Juives"},"image":{"@id":"https:\/\/www.iemj.org\/de\/#\/schema\/logo\/image\/"},"sameAs":["https:\/\/www.facebook.com\/MusiquesJuives\/","https:\/\/www.instagram.com\/musiquesjuives\/","https:\/\/www.youtube.com\/user\/musiquesjuives"]},{"@type":"Person","@id":"https:\/\/www.iemj.org\/de\/#\/schema\/person\/c9bc1c386a3749579a2d675e72a18666","name":"Jean-Gabriel Davis","image":{"@type":"ImageObject","inLanguage":"de","@id":"https:\/\/secure.gravatar.com\/avatar\/2b90d67bdf392c9b3a21fab87c0fa7edaf1fb3a058172a1ffd61033fcec7aec1?s=96&d=mm&r=g","url":"https:\/\/secure.gravatar.com\/avatar\/2b90d67bdf392c9b3a21fab87c0fa7edaf1fb3a058172a1ffd61033fcec7aec1?s=96&d=mm&r=g","contentUrl":"https:\/\/secure.gravatar.com\/avatar\/2b90d67bdf392c9b3a21fab87c0fa7edaf1fb3a058172a1ffd61033fcec7aec1?s=96&d=mm&r=g","caption":"Jean-Gabriel Davis"}}]}},"_links":{"self":[{"href":"https:\/\/www.iemj.org\/de\/wp-json\/wp\/v2\/posts\/41817","targetHints":{"allow":["GET"]}}],"collection":[{"href":"https:\/\/www.iemj.org\/de\/wp-json\/wp\/v2\/posts"}],"about":[{"href":"https:\/\/www.iemj.org\/de\/wp-json\/wp\/v2\/types\/post"}],"author":[{"embeddable":true,"href":"https:\/\/www.iemj.org\/de\/wp-json\/wp\/v2\/users\/1048"}],"replies":[{"embeddable":true,"href":"https:\/\/www.iemj.org\/de\/wp-json\/wp\/v2\/comments?post=41817"}],"version-history":[{"count":0,"href":"https:\/\/www.iemj.org\/de\/wp-json\/wp\/v2\/posts\/41817\/revisions"}],"wp:featuredmedia":[{"embeddable":true,"href":"https:\/\/www.iemj.org\/de\/wp-json\/wp\/v2\/media\/41818"}],"wp:attachment":[{"href":"https:\/\/www.iemj.org\/de\/wp-json\/wp\/v2\/media?parent=41817"}],"wp:term":[{"taxonomy":"category","embeddable":true,"href":"https:\/\/www.iemj.org\/de\/wp-json\/wp\/v2\/categories?post=41817"},{"taxonomy":"post_tag","embeddable":true,"href":"https:\/\/www.iemj.org\/de\/wp-json\/wp\/v2\/tags?post=41817"},{"taxonomy":"technique","embeddable":true,"href":"https:\/\/www.iemj.org\/de\/wp-json\/wp\/v2\/technique?post=41817"},{"taxonomy":"squelettes","embeddable":true,"href":"https:\/\/www.iemj.org\/de\/wp-json\/wp\/v2\/squelettes?post=41817"},{"taxonomy":"sujet","embeddable":true,"href":"https:\/\/www.iemj.org\/de\/wp-json\/wp\/v2\/sujet?post=41817"},{"taxonomy":"formation","embeddable":true,"href":"https:\/\/www.iemj.org\/de\/wp-json\/wp\/v2\/formation?post=41817"},{"taxonomy":"genre","embeddable":true,"href":"https:\/\/www.iemj.org\/de\/wp-json\/wp\/v2\/genre?post=41817"},{"taxonomy":"fonds","embeddable":true,"href":"https:\/\/www.iemj.org\/de\/wp-json\/wp\/v2\/fonds?post=41817"},{"taxonomy":"tradition","embeddable":true,"href":"https:\/\/www.iemj.org\/de\/wp-json\/wp\/v2\/tradition?post=41817"},{"taxonomy":"type-de-contenu","embeddable":true,"href":"https:\/\/www.iemj.org\/de\/wp-json\/wp\/v2\/type-de-contenu?post=41817"},{"taxonomy":"interprete-compositeur","embeddable":true,"href":"https:\/\/www.iemj.org\/de\/wp-json\/wp\/v2\/interprete-compositeur?post=41817"},{"taxonomy":"frise","embeddable":true,"href":"https:\/\/www.iemj.org\/de\/wp-json\/wp\/v2\/frise?post=41817"},{"taxonomy":"type-devenement","embeddable":true,"href":"https:\/\/www.iemj.org\/de\/wp-json\/wp\/v2\/type-devenement?post=41817"},{"taxonomy":"tableaux-liens-externes","embeddable":true,"href":"https:\/\/www.iemj.org\/de\/wp-json\/wp\/v2\/tableaux-liens-externes?post=41817"}],"curies":[{"name":"wp","href":"https:\/\/api.w.org\/{rel}","templated":true}]}}