{"id":41836,"date":"2021-02-17T12:46:16","date_gmt":"2021-02-17T11:46:16","guid":{"rendered":"https:\/\/www.iemj.org\/les-chants-de-shabbat-dans-le-rite-ethiopien\/"},"modified":"2024-02-15T17:11:34","modified_gmt":"2024-02-15T16:11:34","slug":"les-chants-de-shabbat-dans-le-rite-ethiopien","status":"publish","type":"post","link":"https:\/\/www.iemj.org\/de\/les-chants-de-shabbat-dans-le-rite-ethiopien\/","title":{"rendered":"Die Sabbatlieder im \u00e4thiopischen Ritus"},"content":{"rendered":"\n<p><strong>Eine Auswahl \u00e4thiopischer Schabbatgebete, gesungen von einem Solopriester und einem Priesterchor, haupts\u00e4chlich in der Ge&#8217;ez-Sprache &#8211; ein heiliges Idiom, das nur Eingeweihten bekannt ist<\/strong><\/p>\n\n\n\n<!--more-->\n\n\n<p>Der Sabbat ist ein Ruhetag und eine Institution des j\u00fcdischen Lebens. Die Lieder, welche diesen besonderen Tag untermalen, spielen dabei eine wichtige Rolle. Sei es in er Synagoge mit den f\u00fcnf Gottesdiensten von <em>Kabbalat Schabbat<\/em> bis <em>Motsei Schabbat <\/em>oder zu Hause mit Ritualen, wie dem Anz\u00fcnden der Kerzen, dem <em>Kiddusch<\/em> (Segen des Weins) am Freitagabend, dem <a href=\"https:\/\/de.wikipedia.org\/wiki\/Birkat_Hamason\" target=\"_blank\" rel=\"noopener\"><em>Birkat Hamason<\/em><\/a> (Tischgebet, das nach dem Essen gesprochen wird) oder auch der <a href=\"https:\/\/de.wikipedia.org\/wiki\/Hawdala\" target=\"_blank\" rel=\"noopener\"><em>Hawdala<\/em><\/a> (letzer <em>Kiddusch<\/em>, welcher den Sabbat abschlie\u00dft). Es ist au\u00dferdem auch \u00fcblich, w\u00e4hrend der vier Sabbat-Mahlzeiten zahlreiche religi\u00f6se Gedichte, die <em>Zemirot <\/em>(bei den chassidischen Juden auch Tish Nigunim) genannt werden, zu singen.<\/p>\n<p>Der Sabbat erm\u00f6glicht es so seine innere Stimme durch seine \u00e4u\u00dfere Stimme zu finden.<\/p>\n<p>Auf der folgenden Playlist ist eine Auswahl an Sabbatgebeten zu h\u00f6ren, welche haupts\u00e4chlich in der Ge\u2019ez-Sprache gesungen werden \u2013 eine heilige Sprache, die nur von Eingeweihten beherrscht wird. In der \u00e4thiopischen Liturgie werden die liturgischen Ges\u00e4nge von einen Priester, einem wahren Solisten, angef\u00fchrt, auf welchen der Chor der anderen Priester antwortet. Der Solist \u2013 traditionell die h\u00f6chste religi\u00f6se Autorit\u00e4t in der Gemeinschaft \u2013 intoniert das Gebet; die anderen antworten durch die Vereinigung ihrer Stimmen.<\/p>\n<p>Der Gro\u00dfteil der Aufnahmen auf dieser Playlist wurden in Israel von <a href=\"https:\/\/www.iemj.org\/en\/onlinecontent\/biographies\/arom-simha-1930.html?lang=en\">Simha Arom<\/a>, Olivier Tourny, Frank Alvarez-Pereyre und Shoshana Ben-Dor zwischen 1984 und 1991, w\u00e4hrend der verschiedenen Migrationen der Beta Israel, der \u00e4thiopischen Juden, die f\u00e4lschlicherweise Falasha genannt werden (ein abwertendes Wort, das so viel wie \u201ewurzellos\u201c oder \u201eexiliert\u201c bedeutet). Der traditionelle \u00e4thiopische Ritus ist aufgrund seiner Anpassung, welche durch den Kontakt mit der israelischen Gesellschaft in Gang gesetzt wurde, vom Aussterben bedroht.<\/p>\n<ul>\n<li><a href=\"https:\/\/www.iemj.org\/de\/les-chants-de-shabbat\/\" target=\"_blank\" rel=\"noopener\">Lesen Sie den Artikel \u00fcber die Sabbat-Lieder<\/a><\/li>\n<li><a href=\"https:\/\/www.iemj.org\/de\/la-musique-des-juifs-dethiopie-les-beta-israel\/\" target=\"_blank\" rel=\"noopener\">Lesen Sie den Artikel \u00fcber Die Musik der Juden \u00c4thiopiens<\/a><\/li>\n<li><a href=\"https:\/\/www.iemj.org\/de\/les-traditions-musicales-des-juifs-dethiopie\/\" target=\"_blank\" rel=\"noopener\">H\u00f6ren Sie die Playlist Les traditions musicales des juifs d\u2019Ethiopie<\/a><\/li>\n<li><a href=\"https:\/\/www.iemj.org\/de\/?s=ethiopie\" target=\"_blank\" rel=\"noopener\">Lesen Sie andere Artikel \u00fcber dasselbe Thema<\/a><\/li>\n<\/ul>\n\n\n<figure class=\"wp-block-image size-large\"><img fetchpriority=\"high\" decoding=\"async\" width=\"1024\" height=\"146\" src=\"https:\/\/www.iemj.org\/wp-content\/uploads\/2023\/01\/Bandeau-Playlist_DE2-1024x146.jpg\" alt=\"\" class=\"wp-image-93110\" srcset=\"https:\/\/www.iemj.org\/wp-content\/uploads\/2023\/01\/Bandeau-Playlist_DE2-1024x146.jpg 1024w, https:\/\/www.iemj.org\/wp-content\/uploads\/2023\/01\/Bandeau-Playlist_DE2-300x43.jpg 300w, https:\/\/www.iemj.org\/wp-content\/uploads\/2023\/01\/Bandeau-Playlist_DE2-768x110.jpg 768w, https:\/\/www.iemj.org\/wp-content\/uploads\/2023\/01\/Bandeau-Playlist_DE2-1536x220.jpg 1536w, https:\/\/www.iemj.org\/wp-content\/uploads\/2023\/01\/Bandeau-Playlist_DE2-600x86.jpg 600w, https:\/\/www.iemj.org\/wp-content\/uploads\/2023\/01\/Bandeau-Playlist_DE2.jpg 1608w\" sizes=\"(max-width: 1024px) 100vw, 1024px\" \/><\/figure>\n\n\n\n<div class=\"wp-block-file\"><a id=\"wp-block-file--media-6d1e00db-0275-46ad-96c1-093a33be38dc\" href=\"https:\/\/www.iemj.org\/wp-content\/uploads\/2021\/02\/01_kabalat_shabbat_les_juifs_d_ethiopie_ocora_extrait_.mp3\">Kabalat Shabbat &#8211; Les Juifs d Ethiopie, Ocora (Extrait)<\/a><\/div>\n\n\n\n<div class=\"wp-block-file\"><a id=\"wp-block-file--media-2bfa5ee8-8e6b-4a04-9ada-61fabca92298\" href=\"https:\/\/www.iemj.org\/wp-content\/uploads\/2021\/02\/02_baroukh_adona_recorded_by_simha_arom_.mp3\">Baroukh Adona\u00ef (recorded by Simha Arom)<\/a><\/div>\n\n\n\n<div class=\"wp-block-file\"><a id=\"wp-block-file--media-8c9271a1-d827-418c-86fc-2793ee88d515\" href=\"https:\/\/www.iemj.org\/wp-content\/uploads\/2021\/02\/03_bila_wotsegiv_fin_du_repas_de_shabbat__liturgies_juives_d_ethiopie_in_dit.mp3\">Bila \u2019Wotsegiv (Fin du repas de Shabbat) &#8211; Liturgies juives d&#8217;Ethiopie, In\u00e9dit<\/a><\/div>\n\n\n\n<div class=\"wp-block-file\"><a id=\"wp-block-file--media-a2bb00d1-1234-4ea8-98d8-ef45bd85d0b6\" href=\"https:\/\/www.iemj.org\/wp-content\/uploads\/2021\/02\/04_bihateetu_office_du_samedi_matin__liturgies_juives_d_ethiopie_in_dit.mp3\">Bihateetu (office du samedi matin) &#8211; Liturgies juives d&#8217;Ethiopie, In\u00e9dit<\/a><\/div>\n\n\n\n<div class=\"wp-block-file\"><a id=\"wp-block-file--media-3150dae3-6d3e-4258-9325-0cd964a5ea2d\" href=\"https:\/\/www.iemj.org\/wp-content\/uploads\/2021\/02\/05_ytbarek_egziabaher_nagru_l_pri_re_du_vendredi_soir__the_liturgy_of_beta_israel.mp3\">Ytbarek \u2019Egzi\u2019Abaher nagru L (pri\u00e8re du vendredi soir) &#8211; The liturgy of Beta Israel<\/a><\/div>\n\n\n\n<div class=\"wp-block-file\"><a id=\"wp-block-file--media-829959d2-7311-469e-b226-22b0eafe4a91\" href=\"https:\/\/www.iemj.org\/wp-content\/uploads\/2021\/02\/06_kalhu_kelomu_malaekta_samay_samedi_matin__the_liturgy_of_beta_israel_extrait_.mp3\">Kalhu K&#8217;Elomu Mala\u2019Ekta Samay (samedi matin) &#8211; The liturgy of Beta Israel (Extrait)<\/a><\/div>\n\n\n\n<div class=\"wp-block-file\"><a id=\"wp-block-file--media-61ecb73e-558e-47eb-88e8-b15ebd5616a9\" href=\"https:\/\/www.iemj.org\/wp-content\/uploads\/2021\/02\/07_elohe_amlaka_avraham_samedi_matin__the_liturgy_of_beta_israel.mp3\">\u2019Elohe \u2019Amlaka \u2019Avraham (samedi matin) &#8211; The liturgy of Beta Israel<\/a><\/div>\n","protected":false},"excerpt":{"rendered":"<p>Eine Auswahl \u00e4thiopischer Schabbatgebete, gesungen von einem Solopriester und einem Priesterchor, haupts\u00e4chlich in der Ge&#8217;ez-Sprache &#8211; ein heiliges Idiom, das nur Eingeweihten bekannt ist<\/p>\n","protected":false},"author":1045,"featured_media":41837,"comment_status":"closed","ping_status":"closed","sticky":false,"template":"","format":"standard","meta":{"_acf_changed":false,"footnotes":""},"categories":[1534],"tags":[2082],"technique":[],"squelettes":[],"sujet":[1856],"formation":[],"genre":[1891],"fonds":[],"tradition":[],"type-de-contenu":[],"interprete-compositeur":[],"frise":[],"type-devenement":[],"tableaux-liens-externes":[],"class_list":["post-41836","post","type-post","status-publish","format-standard","has-post-thumbnail","hentry","category-playlists-de","tag-athiopien-de","sujet-sabbat-de","genre-liturgie-de"],"acf":[],"yoast_head":"<!-- This site is optimized with the Yoast SEO plugin v27.3 - https:\/\/yoast.com\/product\/yoast-seo-wordpress\/ -->\n<title>Die Sabbatlieder im \u00e4thiopischen Ritus - Institut Europ\u00e9en des Musiques Juives<\/title>\n<meta name=\"robots\" content=\"index, follow, max-snippet:-1, max-image-preview:large, max-video-preview:-1\" \/>\n<link rel=\"canonical\" href=\"https:\/\/www.iemj.org\/de\/les-chants-de-shabbat-dans-le-rite-ethiopien\/\" \/>\n<meta property=\"og:locale\" content=\"de_DE\" \/>\n<meta property=\"og:type\" content=\"article\" \/>\n<meta property=\"og:title\" content=\"Die Sabbatlieder im \u00e4thiopischen Ritus - Institut Europ\u00e9en des Musiques Juives\" \/>\n<meta property=\"og:description\" content=\"Eine Auswahl \u00e4thiopischer Schabbatgebete, gesungen von einem Solopriester und einem Priesterchor, haupts\u00e4chlich in der Ge&#8217;ez-Sprache &#8211; ein heiliges Idiom, das nur Eingeweihten bekannt ist\" \/>\n<meta property=\"og:url\" content=\"https:\/\/www.iemj.org\/de\/les-chants-de-shabbat-dans-le-rite-ethiopien\/\" \/>\n<meta property=\"og:site_name\" content=\"Institut Europ\u00e9en des Musiques Juives\" \/>\n<meta property=\"article:publisher\" content=\"https:\/\/www.facebook.com\/MusiquesJuives\/\" \/>\n<meta property=\"article:published_time\" content=\"2021-02-17T11:46:16+00:00\" \/>\n<meta property=\"article:modified_time\" content=\"2024-02-15T16:11:34+00:00\" \/>\n<meta property=\"og:image\" content=\"https:\/\/www.iemj.org\/wp-content\/uploads\/2021\/02\/arton5030-e1618484153750.jpg\" \/>\n\t<meta property=\"og:image:width\" content=\"350\" \/>\n\t<meta property=\"og:image:height\" content=\"350\" \/>\n\t<meta property=\"og:image:type\" content=\"image\/jpeg\" \/>\n<meta name=\"author\" content=\"Herv\u00e9 Roten\" \/>\n<meta name=\"twitter:card\" content=\"summary_large_image\" \/>\n<meta name=\"twitter:label1\" content=\"Verfasst von\" \/>\n\t<meta name=\"twitter:data1\" content=\"Herv\u00e9 Roten\" \/>\n\t<meta name=\"twitter:label2\" content=\"Gesch\u00e4tzte Lesezeit\" \/>\n\t<meta name=\"twitter:data2\" content=\"3\u00a0Minuten\" \/>\n<script type=\"application\/ld+json\" class=\"yoast-schema-graph\">{\"@context\":\"https:\\\/\\\/schema.org\",\"@graph\":[{\"@type\":\"Article\",\"@id\":\"https:\\\/\\\/www.iemj.org\\\/de\\\/les-chants-de-shabbat-dans-le-rite-ethiopien\\\/#article\",\"isPartOf\":{\"@id\":\"https:\\\/\\\/www.iemj.org\\\/de\\\/les-chants-de-shabbat-dans-le-rite-ethiopien\\\/\"},\"author\":{\"name\":\"Herv\u00e9 Roten\",\"@id\":\"https:\\\/\\\/www.iemj.org\\\/de\\\/#\\\/schema\\\/person\\\/906134402c29d5c76e7b726261dd4bbd\"},\"headline\":\"Die Sabbatlieder im \u00e4thiopischen Ritus\",\"datePublished\":\"2021-02-17T11:46:16+00:00\",\"dateModified\":\"2024-02-15T16:11:34+00:00\",\"mainEntityOfPage\":{\"@id\":\"https:\\\/\\\/www.iemj.org\\\/de\\\/les-chants-de-shabbat-dans-le-rite-ethiopien\\\/\"},\"wordCount\":426,\"publisher\":{\"@id\":\"https:\\\/\\\/www.iemj.org\\\/de\\\/#organization\"},\"image\":{\"@id\":\"https:\\\/\\\/www.iemj.org\\\/de\\\/les-chants-de-shabbat-dans-le-rite-ethiopien\\\/#primaryimage\"},\"thumbnailUrl\":\"https:\\\/\\\/www.iemj.org\\\/wp-content\\\/uploads\\\/2021\\\/02\\\/arton5030-e1618484153750.jpg\",\"keywords\":[\"\u00c4thiopien\"],\"articleSection\":[\"Playlists\"],\"inLanguage\":\"de\"},{\"@type\":\"WebPage\",\"@id\":\"https:\\\/\\\/www.iemj.org\\\/de\\\/les-chants-de-shabbat-dans-le-rite-ethiopien\\\/\",\"url\":\"https:\\\/\\\/www.iemj.org\\\/de\\\/les-chants-de-shabbat-dans-le-rite-ethiopien\\\/\",\"name\":\"Die Sabbatlieder im \u00e4thiopischen Ritus - Institut Europ\u00e9en des Musiques Juives\",\"isPartOf\":{\"@id\":\"https:\\\/\\\/www.iemj.org\\\/de\\\/#website\"},\"primaryImageOfPage\":{\"@id\":\"https:\\\/\\\/www.iemj.org\\\/de\\\/les-chants-de-shabbat-dans-le-rite-ethiopien\\\/#primaryimage\"},\"image\":{\"@id\":\"https:\\\/\\\/www.iemj.org\\\/de\\\/les-chants-de-shabbat-dans-le-rite-ethiopien\\\/#primaryimage\"},\"thumbnailUrl\":\"https:\\\/\\\/www.iemj.org\\\/wp-content\\\/uploads\\\/2021\\\/02\\\/arton5030-e1618484153750.jpg\",\"datePublished\":\"2021-02-17T11:46:16+00:00\",\"dateModified\":\"2024-02-15T16:11:34+00:00\",\"breadcrumb\":{\"@id\":\"https:\\\/\\\/www.iemj.org\\\/de\\\/les-chants-de-shabbat-dans-le-rite-ethiopien\\\/#breadcrumb\"},\"inLanguage\":\"de\",\"potentialAction\":[{\"@type\":\"ReadAction\",\"target\":[\"https:\\\/\\\/www.iemj.org\\\/de\\\/les-chants-de-shabbat-dans-le-rite-ethiopien\\\/\"]}]},{\"@type\":\"ImageObject\",\"inLanguage\":\"de\",\"@id\":\"https:\\\/\\\/www.iemj.org\\\/de\\\/les-chants-de-shabbat-dans-le-rite-ethiopien\\\/#primaryimage\",\"url\":\"https:\\\/\\\/www.iemj.org\\\/wp-content\\\/uploads\\\/2021\\\/02\\\/arton5030-e1618484153750.jpg\",\"contentUrl\":\"https:\\\/\\\/www.iemj.org\\\/wp-content\\\/uploads\\\/2021\\\/02\\\/arton5030-e1618484153750.jpg\",\"width\":350,\"height\":350},{\"@type\":\"BreadcrumbList\",\"@id\":\"https:\\\/\\\/www.iemj.org\\\/de\\\/les-chants-de-shabbat-dans-le-rite-ethiopien\\\/#breadcrumb\",\"itemListElement\":[{\"@type\":\"ListItem\",\"position\":1,\"name\":\"Accueil\",\"item\":\"https:\\\/\\\/www.iemj.org\\\/de\\\/\"},{\"@type\":\"ListItem\",\"position\":2,\"name\":\"Die Sabbatlieder im \u00e4thiopischen Ritus\"}]},{\"@type\":\"WebSite\",\"@id\":\"https:\\\/\\\/www.iemj.org\\\/de\\\/#website\",\"url\":\"https:\\\/\\\/www.iemj.org\\\/de\\\/\",\"name\":\"Institut Europ\u00e9en des Musiques Juives\",\"description\":\"Des traditions musicales \u00e0 la port\u00e9e de tous\",\"publisher\":{\"@id\":\"https:\\\/\\\/www.iemj.org\\\/de\\\/#organization\"},\"potentialAction\":[{\"@type\":\"SearchAction\",\"target\":{\"@type\":\"EntryPoint\",\"urlTemplate\":\"https:\\\/\\\/www.iemj.org\\\/de\\\/?s={search_term_string}\"},\"query-input\":{\"@type\":\"PropertyValueSpecification\",\"valueRequired\":true,\"valueName\":\"search_term_string\"}}],\"inLanguage\":\"de\"},{\"@type\":\"Organization\",\"@id\":\"https:\\\/\\\/www.iemj.org\\\/de\\\/#organization\",\"name\":\"Institut Europ\u00e9en des Musiques Juives\",\"url\":\"https:\\\/\\\/www.iemj.org\\\/de\\\/\",\"logo\":{\"@type\":\"ImageObject\",\"inLanguage\":\"de\",\"@id\":\"https:\\\/\\\/www.iemj.org\\\/de\\\/#\\\/schema\\\/logo\\\/image\\\/\",\"url\":\"https:\\\/\\\/www.iemj.org\\\/wp-content\\\/uploads\\\/2021\\\/09\\\/Logo-IEMJ-Paypal.jpg\",\"contentUrl\":\"https:\\\/\\\/www.iemj.org\\\/wp-content\\\/uploads\\\/2021\\\/09\\\/Logo-IEMJ-Paypal.jpg\",\"width\":150,\"height\":50,\"caption\":\"Institut Europ\u00e9en des Musiques Juives\"},\"image\":{\"@id\":\"https:\\\/\\\/www.iemj.org\\\/de\\\/#\\\/schema\\\/logo\\\/image\\\/\"},\"sameAs\":[\"https:\\\/\\\/www.facebook.com\\\/MusiquesJuives\\\/\",\"https:\\\/\\\/www.instagram.com\\\/musiquesjuives\\\/\",\"https:\\\/\\\/www.youtube.com\\\/user\\\/musiquesjuives\"]},{\"@type\":\"Person\",\"@id\":\"https:\\\/\\\/www.iemj.org\\\/de\\\/#\\\/schema\\\/person\\\/906134402c29d5c76e7b726261dd4bbd\",\"name\":\"Herv\u00e9 Roten\",\"image\":{\"@type\":\"ImageObject\",\"inLanguage\":\"de\",\"@id\":\"https:\\\/\\\/secure.gravatar.com\\\/avatar\\\/f96ad2db538a26481f18384936b5cd0610c92d390c4dc382209216d455f685ff?s=96&d=mm&r=g\",\"url\":\"https:\\\/\\\/secure.gravatar.com\\\/avatar\\\/f96ad2db538a26481f18384936b5cd0610c92d390c4dc382209216d455f685ff?s=96&d=mm&r=g\",\"contentUrl\":\"https:\\\/\\\/secure.gravatar.com\\\/avatar\\\/f96ad2db538a26481f18384936b5cd0610c92d390c4dc382209216d455f685ff?s=96&d=mm&r=g\",\"caption\":\"Herv\u00e9 Roten\"}}]}<\/script>\n<!-- \/ Yoast SEO plugin. -->","yoast_head_json":{"title":"Die Sabbatlieder im \u00e4thiopischen Ritus - Institut Europ\u00e9en des Musiques Juives","robots":{"index":"index","follow":"follow","max-snippet":"max-snippet:-1","max-image-preview":"max-image-preview:large","max-video-preview":"max-video-preview:-1"},"canonical":"https:\/\/www.iemj.org\/de\/les-chants-de-shabbat-dans-le-rite-ethiopien\/","og_locale":"de_DE","og_type":"article","og_title":"Die Sabbatlieder im \u00e4thiopischen Ritus - Institut Europ\u00e9en des Musiques Juives","og_description":"Eine Auswahl \u00e4thiopischer Schabbatgebete, gesungen von einem Solopriester und einem Priesterchor, haupts\u00e4chlich in der Ge&#8217;ez-Sprache &#8211; ein heiliges Idiom, das nur Eingeweihten bekannt ist","og_url":"https:\/\/www.iemj.org\/de\/les-chants-de-shabbat-dans-le-rite-ethiopien\/","og_site_name":"Institut Europ\u00e9en des Musiques Juives","article_publisher":"https:\/\/www.facebook.com\/MusiquesJuives\/","article_published_time":"2021-02-17T11:46:16+00:00","article_modified_time":"2024-02-15T16:11:34+00:00","og_image":[{"width":350,"height":350,"url":"https:\/\/www.iemj.org\/wp-content\/uploads\/2021\/02\/arton5030-e1618484153750.jpg","type":"image\/jpeg"}],"author":"Herv\u00e9 Roten","twitter_card":"summary_large_image","twitter_misc":{"Verfasst von":"Herv\u00e9 Roten","Gesch\u00e4tzte Lesezeit":"3\u00a0Minuten"},"schema":{"@context":"https:\/\/schema.org","@graph":[{"@type":"Article","@id":"https:\/\/www.iemj.org\/de\/les-chants-de-shabbat-dans-le-rite-ethiopien\/#article","isPartOf":{"@id":"https:\/\/www.iemj.org\/de\/les-chants-de-shabbat-dans-le-rite-ethiopien\/"},"author":{"name":"Herv\u00e9 Roten","@id":"https:\/\/www.iemj.org\/de\/#\/schema\/person\/906134402c29d5c76e7b726261dd4bbd"},"headline":"Die Sabbatlieder im \u00e4thiopischen Ritus","datePublished":"2021-02-17T11:46:16+00:00","dateModified":"2024-02-15T16:11:34+00:00","mainEntityOfPage":{"@id":"https:\/\/www.iemj.org\/de\/les-chants-de-shabbat-dans-le-rite-ethiopien\/"},"wordCount":426,"publisher":{"@id":"https:\/\/www.iemj.org\/de\/#organization"},"image":{"@id":"https:\/\/www.iemj.org\/de\/les-chants-de-shabbat-dans-le-rite-ethiopien\/#primaryimage"},"thumbnailUrl":"https:\/\/www.iemj.org\/wp-content\/uploads\/2021\/02\/arton5030-e1618484153750.jpg","keywords":["\u00c4thiopien"],"articleSection":["Playlists"],"inLanguage":"de"},{"@type":"WebPage","@id":"https:\/\/www.iemj.org\/de\/les-chants-de-shabbat-dans-le-rite-ethiopien\/","url":"https:\/\/www.iemj.org\/de\/les-chants-de-shabbat-dans-le-rite-ethiopien\/","name":"Die Sabbatlieder im \u00e4thiopischen Ritus - Institut Europ\u00e9en des Musiques Juives","isPartOf":{"@id":"https:\/\/www.iemj.org\/de\/#website"},"primaryImageOfPage":{"@id":"https:\/\/www.iemj.org\/de\/les-chants-de-shabbat-dans-le-rite-ethiopien\/#primaryimage"},"image":{"@id":"https:\/\/www.iemj.org\/de\/les-chants-de-shabbat-dans-le-rite-ethiopien\/#primaryimage"},"thumbnailUrl":"https:\/\/www.iemj.org\/wp-content\/uploads\/2021\/02\/arton5030-e1618484153750.jpg","datePublished":"2021-02-17T11:46:16+00:00","dateModified":"2024-02-15T16:11:34+00:00","breadcrumb":{"@id":"https:\/\/www.iemj.org\/de\/les-chants-de-shabbat-dans-le-rite-ethiopien\/#breadcrumb"},"inLanguage":"de","potentialAction":[{"@type":"ReadAction","target":["https:\/\/www.iemj.org\/de\/les-chants-de-shabbat-dans-le-rite-ethiopien\/"]}]},{"@type":"ImageObject","inLanguage":"de","@id":"https:\/\/www.iemj.org\/de\/les-chants-de-shabbat-dans-le-rite-ethiopien\/#primaryimage","url":"https:\/\/www.iemj.org\/wp-content\/uploads\/2021\/02\/arton5030-e1618484153750.jpg","contentUrl":"https:\/\/www.iemj.org\/wp-content\/uploads\/2021\/02\/arton5030-e1618484153750.jpg","width":350,"height":350},{"@type":"BreadcrumbList","@id":"https:\/\/www.iemj.org\/de\/les-chants-de-shabbat-dans-le-rite-ethiopien\/#breadcrumb","itemListElement":[{"@type":"ListItem","position":1,"name":"Accueil","item":"https:\/\/www.iemj.org\/de\/"},{"@type":"ListItem","position":2,"name":"Die Sabbatlieder im \u00e4thiopischen Ritus"}]},{"@type":"WebSite","@id":"https:\/\/www.iemj.org\/de\/#website","url":"https:\/\/www.iemj.org\/de\/","name":"Institut Europ\u00e9en des Musiques Juives","description":"Des traditions musicales \u00e0 la port\u00e9e de tous","publisher":{"@id":"https:\/\/www.iemj.org\/de\/#organization"},"potentialAction":[{"@type":"SearchAction","target":{"@type":"EntryPoint","urlTemplate":"https:\/\/www.iemj.org\/de\/?s={search_term_string}"},"query-input":{"@type":"PropertyValueSpecification","valueRequired":true,"valueName":"search_term_string"}}],"inLanguage":"de"},{"@type":"Organization","@id":"https:\/\/www.iemj.org\/de\/#organization","name":"Institut Europ\u00e9en des Musiques Juives","url":"https:\/\/www.iemj.org\/de\/","logo":{"@type":"ImageObject","inLanguage":"de","@id":"https:\/\/www.iemj.org\/de\/#\/schema\/logo\/image\/","url":"https:\/\/www.iemj.org\/wp-content\/uploads\/2021\/09\/Logo-IEMJ-Paypal.jpg","contentUrl":"https:\/\/www.iemj.org\/wp-content\/uploads\/2021\/09\/Logo-IEMJ-Paypal.jpg","width":150,"height":50,"caption":"Institut Europ\u00e9en des Musiques Juives"},"image":{"@id":"https:\/\/www.iemj.org\/de\/#\/schema\/logo\/image\/"},"sameAs":["https:\/\/www.facebook.com\/MusiquesJuives\/","https:\/\/www.instagram.com\/musiquesjuives\/","https:\/\/www.youtube.com\/user\/musiquesjuives"]},{"@type":"Person","@id":"https:\/\/www.iemj.org\/de\/#\/schema\/person\/906134402c29d5c76e7b726261dd4bbd","name":"Herv\u00e9 Roten","image":{"@type":"ImageObject","inLanguage":"de","@id":"https:\/\/secure.gravatar.com\/avatar\/f96ad2db538a26481f18384936b5cd0610c92d390c4dc382209216d455f685ff?s=96&d=mm&r=g","url":"https:\/\/secure.gravatar.com\/avatar\/f96ad2db538a26481f18384936b5cd0610c92d390c4dc382209216d455f685ff?s=96&d=mm&r=g","contentUrl":"https:\/\/secure.gravatar.com\/avatar\/f96ad2db538a26481f18384936b5cd0610c92d390c4dc382209216d455f685ff?s=96&d=mm&r=g","caption":"Herv\u00e9 Roten"}}]}},"_links":{"self":[{"href":"https:\/\/www.iemj.org\/de\/wp-json\/wp\/v2\/posts\/41836","targetHints":{"allow":["GET"]}}],"collection":[{"href":"https:\/\/www.iemj.org\/de\/wp-json\/wp\/v2\/posts"}],"about":[{"href":"https:\/\/www.iemj.org\/de\/wp-json\/wp\/v2\/types\/post"}],"author":[{"embeddable":true,"href":"https:\/\/www.iemj.org\/de\/wp-json\/wp\/v2\/users\/1045"}],"replies":[{"embeddable":true,"href":"https:\/\/www.iemj.org\/de\/wp-json\/wp\/v2\/comments?post=41836"}],"version-history":[{"count":0,"href":"https:\/\/www.iemj.org\/de\/wp-json\/wp\/v2\/posts\/41836\/revisions"}],"wp:featuredmedia":[{"embeddable":true,"href":"https:\/\/www.iemj.org\/de\/wp-json\/wp\/v2\/media\/41837"}],"wp:attachment":[{"href":"https:\/\/www.iemj.org\/de\/wp-json\/wp\/v2\/media?parent=41836"}],"wp:term":[{"taxonomy":"category","embeddable":true,"href":"https:\/\/www.iemj.org\/de\/wp-json\/wp\/v2\/categories?post=41836"},{"taxonomy":"post_tag","embeddable":true,"href":"https:\/\/www.iemj.org\/de\/wp-json\/wp\/v2\/tags?post=41836"},{"taxonomy":"technique","embeddable":true,"href":"https:\/\/www.iemj.org\/de\/wp-json\/wp\/v2\/technique?post=41836"},{"taxonomy":"squelettes","embeddable":true,"href":"https:\/\/www.iemj.org\/de\/wp-json\/wp\/v2\/squelettes?post=41836"},{"taxonomy":"sujet","embeddable":true,"href":"https:\/\/www.iemj.org\/de\/wp-json\/wp\/v2\/sujet?post=41836"},{"taxonomy":"formation","embeddable":true,"href":"https:\/\/www.iemj.org\/de\/wp-json\/wp\/v2\/formation?post=41836"},{"taxonomy":"genre","embeddable":true,"href":"https:\/\/www.iemj.org\/de\/wp-json\/wp\/v2\/genre?post=41836"},{"taxonomy":"fonds","embeddable":true,"href":"https:\/\/www.iemj.org\/de\/wp-json\/wp\/v2\/fonds?post=41836"},{"taxonomy":"tradition","embeddable":true,"href":"https:\/\/www.iemj.org\/de\/wp-json\/wp\/v2\/tradition?post=41836"},{"taxonomy":"type-de-contenu","embeddable":true,"href":"https:\/\/www.iemj.org\/de\/wp-json\/wp\/v2\/type-de-contenu?post=41836"},{"taxonomy":"interprete-compositeur","embeddable":true,"href":"https:\/\/www.iemj.org\/de\/wp-json\/wp\/v2\/interprete-compositeur?post=41836"},{"taxonomy":"frise","embeddable":true,"href":"https:\/\/www.iemj.org\/de\/wp-json\/wp\/v2\/frise?post=41836"},{"taxonomy":"type-devenement","embeddable":true,"href":"https:\/\/www.iemj.org\/de\/wp-json\/wp\/v2\/type-devenement?post=41836"},{"taxonomy":"tableaux-liens-externes","embeddable":true,"href":"https:\/\/www.iemj.org\/de\/wp-json\/wp\/v2\/tableaux-liens-externes?post=41836"}],"curies":[{"name":"wp","href":"https:\/\/api.w.org\/{rel}","templated":true}]}}