{"id":41929,"date":"2020-02-12T12:49:57","date_gmt":"2020-02-12T11:49:57","guid":{"rendered":"https:\/\/www.iemj.org\/fonds-paul-fenton\/"},"modified":"2021-06-03T10:07:24","modified_gmt":"2021-06-03T08:07:24","slug":"fonds-paul-fenton","status":"publish","type":"post","link":"https:\/\/www.iemj.org\/de\/fonds-paul-fenton\/","title":{"rendered":"Paul-Fenton-Fonds"},"content":{"rendered":"<p><strong>Der im Januar 2019 hinterlegte Fenton (Shahak)-Fonds enth\u00e4lt fast 250 Dokumente: seltene B\u00fccher, alte Partituren, Liederb\u00fccher, Presseausschnitte, Audiokassetten, 78er-Schallplatten, Vinyl-Schallplatten und CDs.<\/strong><\/p>\n<p><!--more--><\/p>\n<p>Als Professor an der Fakult\u00e4t f\u00fcr Arabistik und Hebr\u00e4isch an der Universit\u00e4t Paris-Sorbonne, Forscher am Forschungsinstitut f\u00fcr Religionswissenschaften (Paris IV) und Mitglied des wissenschaftlichen Ausschusses der Gesellschaft f\u00fcr J\u00fcdische Studien hat <a href=\"https:\/\/fr.wikipedia.org\/wiki\/Paul_Fenton\">Paul Fenton<\/a> im Rahmen der Vereinigung zur F\u00f6rderung der kantorialen Kunst (APAC) regelm\u00e4\u00dfig Konzerte j\u00fcdischer liturgischer Musik organisiert. Als leidenschaftlicher Sammler hat er im Laufe seiner langen Karriere eine erstklassige Dokumentation j\u00fcdischer Musik, insbesondere in der aschkenasischen Welt, zusammengetragen.<\/p>\n<figure id=\"attachment_26751\" aria-describedby=\"caption-attachment-26751\" style=\"width: 156px\" class=\"wp-caption alignright\"><img decoding=\"async\" class=\"wp-image-26751\" src=\"https:\/\/www.iemj.org\/wp-content\/uploads\/2020\/02\/paul_fenton_site_redim_160.jpg\" alt=\"paul_fenton_site_redim_160.jpg\" width=\"156\" height=\"157\" align=\"right\" srcset=\"https:\/\/www.iemj.org\/wp-content\/uploads\/2020\/02\/paul_fenton_site_redim_160.jpg 160w, https:\/\/www.iemj.org\/wp-content\/uploads\/2020\/02\/paul_fenton_site_redim_160-150x150.jpg 150w, https:\/\/www.iemj.org\/wp-content\/uploads\/2020\/02\/paul_fenton_site_redim_160-100x100.jpg 100w\" sizes=\"(max-width: 156px) 100vw, 156px\" \/><figcaption id=\"caption-attachment-26751\" class=\"wp-caption-text\">Paul Fenton<\/figcaption><\/figure>\n<p>Seine vollst\u00e4ndig digitalisierte, katalogisierte und zug\u00e4ngliche Sammlung \u00fcber <a href=\"http:\/\/www.rachelnet.net\/F\/?func=find-c&amp;ccl_term=WHOL+%3D+Fenton&amp;local_base=iemcg\">Rachel<\/a> enth\u00e4lt einige seltene Dokumente wie Partituren jiddischer Lieder (einzeln erh\u00e4ltlich), die in London (R. Mazin &amp; Co.Ltd.) und New York (Jos. P. Katz, Hebrew Publishing Company), sowie liturgische Sammlungen f\u00fcr Orgel und Chor vom Ende des 19. Jahrhunderts oder eine Partitur von &#8222;M\u00e9lodies tunisiennes: hispano-arabes &#8211; arabo-berb\u00e8res &#8211; juive &#8211; n\u00e8gre (1937)&#8220;, gesammelt von Baron Rodolphe d&#8217;Erlanger.<\/p>\n<p><img fetchpriority=\"high\" decoding=\"async\" class=\"wp-image-26753 alignleft\" src=\"https:\/\/www.iemj.org\/wp-content\/uploads\/2020\/02\/a_1854_a_rubinstein_300px_vertic.jpg\" alt=\"a_1854_a_rubinstein_300px_vertic.jpg\" width=\"217\" height=\"279\" align=\"left\" \/><\/p>\n<p>Erw\u00e4hnenswert sind auch zwei umfangreiche B\u00fccher (336 und 384 Seiten) der Jewish Ministers Cantors&#8216; Association of America, die 1937 und 1947 anl\u00e4sslich des 40- und 50-j\u00e4hrigen Bestehens der Vereinigung ver\u00f6ffentlicht wurden und Dutzende von Artikeln und Biographien von Kantoren in englischer und jiddischer Sprache mit Fotos enthalten.<\/p>\n<p>In dieser abwechslungsreichen und \u00e4usserst reichen Sammlung sind schliesslich mehrere Presseausschnitte und Grafiken aus dem Ende des 19. Jahrhunderts zu finden, die insbesondere K\u00fcnstler j\u00fcdischer Musik repr\u00e4sentieren (Salomon Sulzer, Giacomo Meyerbeer, Arthur Rubinstein&#8230;).<\/p>\n<h2 style=\"text-align: center;\"><strong><a href=\"http:\/\/www.rachelnet.net\/F\/?func=find-c&amp;ccl_term=WHOL+%3D+Fenton&amp;local_base=iemcg\" target=\"_blank\" rel=\"noopener\">Greifen Sie auf die Paul Fenton Archive zu<\/a><\/strong><\/h2>\n<p><center><img decoding=\"async\" class=\"  alignleft wp-image-26755\" src=\"https:\/\/www.iemj.org\/wp-content\/uploads\/2020\/02\/p_5232_couv_recueil_brun_redim_425px_vertic.jpg\" alt=\"p_5232_couv_recueil_brun_redim_425px_vertic.jpg\" width=\"219\" height=\"310\" align=\"left\" srcset=\"https:\/\/www.iemj.org\/wp-content\/uploads\/2020\/02\/p_5232_couv_recueil_brun_redim_425px_vertic.jpg 300w, https:\/\/www.iemj.org\/wp-content\/uploads\/2020\/02\/p_5232_couv_recueil_brun_redim_425px_vertic-212x300.jpg 212w\" sizes=\"(max-width: 219px) 100vw, 219px\" \/> <img loading=\"lazy\" decoding=\"async\" class=\"wp-image-26757  alignright\" src=\"https:\/\/www.iemj.org\/wp-content\/uploads\/2020\/02\/p_5275_001_partition_chantshe_redim_425_vertic.jpg\" alt=\"p_5275_001_partition_chantshe_redim_425_vertic.jpg\" width=\"236\" height=\"310\" align=\"right\" srcset=\"https:\/\/www.iemj.org\/wp-content\/uploads\/2020\/02\/p_5275_001_partition_chantshe_redim_425_vertic.jpg 324w, https:\/\/www.iemj.org\/wp-content\/uploads\/2020\/02\/p_5275_001_partition_chantshe_redim_425_vertic-229x300.jpg 229w\" sizes=\"(max-width: 236px) 100vw, 236px\" \/><\/center><\/p>\n","protected":false},"excerpt":{"rendered":"<p>Der im Januar 2019 hinterlegte Fenton (Shahak)-Fonds enth\u00e4lt fast 250 Dokumente: seltene B\u00fccher, alte Partituren, Liederb\u00fccher, Presseausschnitte, Audiokassetten, 78er-Schallplatten, Vinyl-Schallplatten und CDs.<\/p>\n","protected":false},"author":1048,"featured_media":41930,"comment_status":"closed","ping_status":"closed","sticky":false,"template":"","format":"standard","meta":{"_acf_changed":false,"footnotes":""},"categories":[1585],"tags":[],"technique":[],"squelettes":[],"sujet":[],"formation":[],"genre":[],"fonds":[],"tradition":[],"type-de-contenu":[],"interprete-compositeur":[],"frise":[],"type-devenement":[],"tableaux-liens-externes":[],"class_list":["post-41929","post","type-post","status-publish","format-standard","has-post-thumbnail","hentry","category-fonds-de"],"acf":[],"yoast_head":"<!-- This site is optimized with the Yoast SEO plugin v27.3 - https:\/\/yoast.com\/product\/yoast-seo-wordpress\/ -->\n<title>Paul-Fenton-Fonds - Institut Europ\u00e9en des Musiques Juives<\/title>\n<meta name=\"robots\" content=\"index, follow, max-snippet:-1, max-image-preview:large, max-video-preview:-1\" \/>\n<link rel=\"canonical\" href=\"https:\/\/www.iemj.org\/de\/fonds-paul-fenton\/\" \/>\n<meta property=\"og:locale\" content=\"de_DE\" \/>\n<meta property=\"og:type\" content=\"article\" \/>\n<meta property=\"og:title\" content=\"Paul-Fenton-Fonds - Institut Europ\u00e9en des Musiques Juives\" \/>\n<meta property=\"og:description\" content=\"Der im Januar 2019 hinterlegte Fenton (Shahak)-Fonds enth\u00e4lt fast 250 Dokumente: seltene B\u00fccher, alte Partituren, Liederb\u00fccher, Presseausschnitte, Audiokassetten, 78er-Schallplatten, Vinyl-Schallplatten und CDs.\" \/>\n<meta property=\"og:url\" content=\"https:\/\/www.iemj.org\/de\/fonds-paul-fenton\/\" \/>\n<meta property=\"og:site_name\" content=\"Institut Europ\u00e9en des Musiques Juives\" \/>\n<meta property=\"article:publisher\" content=\"https:\/\/www.facebook.com\/MusiquesJuives\/\" \/>\n<meta property=\"article:published_time\" content=\"2020-02-12T11:49:57+00:00\" \/>\n<meta property=\"article:modified_time\" content=\"2021-06-03T08:07:24+00:00\" \/>\n<meta property=\"og:image\" content=\"https:\/\/www.iemj.org\/wp-content\/uploads\/2020\/02\/arton4492-e1617288430916.jpg\" \/>\n\t<meta property=\"og:image:width\" content=\"229\" \/>\n\t<meta property=\"og:image:height\" content=\"300\" \/>\n\t<meta property=\"og:image:type\" content=\"image\/jpeg\" \/>\n<meta name=\"author\" content=\"Jean-Gabriel Davis\" \/>\n<meta name=\"twitter:card\" content=\"summary_large_image\" \/>\n<meta name=\"twitter:label1\" content=\"Verfasst von\" \/>\n\t<meta name=\"twitter:data1\" content=\"Jean-Gabriel Davis\" \/>\n\t<meta name=\"twitter:label2\" content=\"Gesch\u00e4tzte Lesezeit\" \/>\n\t<meta name=\"twitter:data2\" content=\"1\u00a0Minute\" \/>\n<script type=\"application\/ld+json\" class=\"yoast-schema-graph\">{\"@context\":\"https:\\\/\\\/schema.org\",\"@graph\":[{\"@type\":\"Article\",\"@id\":\"https:\\\/\\\/www.iemj.org\\\/de\\\/fonds-paul-fenton\\\/#article\",\"isPartOf\":{\"@id\":\"https:\\\/\\\/www.iemj.org\\\/de\\\/fonds-paul-fenton\\\/\"},\"author\":{\"name\":\"Jean-Gabriel Davis\",\"@id\":\"https:\\\/\\\/www.iemj.org\\\/de\\\/#\\\/schema\\\/person\\\/c9bc1c386a3749579a2d675e72a18666\"},\"headline\":\"Paul-Fenton-Fonds\",\"datePublished\":\"2020-02-12T11:49:57+00:00\",\"dateModified\":\"2021-06-03T08:07:24+00:00\",\"mainEntityOfPage\":{\"@id\":\"https:\\\/\\\/www.iemj.org\\\/de\\\/fonds-paul-fenton\\\/\"},\"wordCount\":280,\"publisher\":{\"@id\":\"https:\\\/\\\/www.iemj.org\\\/de\\\/#organization\"},\"image\":{\"@id\":\"https:\\\/\\\/www.iemj.org\\\/de\\\/fonds-paul-fenton\\\/#primaryimage\"},\"thumbnailUrl\":\"https:\\\/\\\/www.iemj.org\\\/wp-content\\\/uploads\\\/2020\\\/02\\\/arton4492-e1617288430916.jpg\",\"articleSection\":[\"Fonds\"],\"inLanguage\":\"de\"},{\"@type\":\"WebPage\",\"@id\":\"https:\\\/\\\/www.iemj.org\\\/de\\\/fonds-paul-fenton\\\/\",\"url\":\"https:\\\/\\\/www.iemj.org\\\/de\\\/fonds-paul-fenton\\\/\",\"name\":\"Paul-Fenton-Fonds - Institut Europ\u00e9en des Musiques Juives\",\"isPartOf\":{\"@id\":\"https:\\\/\\\/www.iemj.org\\\/de\\\/#website\"},\"primaryImageOfPage\":{\"@id\":\"https:\\\/\\\/www.iemj.org\\\/de\\\/fonds-paul-fenton\\\/#primaryimage\"},\"image\":{\"@id\":\"https:\\\/\\\/www.iemj.org\\\/de\\\/fonds-paul-fenton\\\/#primaryimage\"},\"thumbnailUrl\":\"https:\\\/\\\/www.iemj.org\\\/wp-content\\\/uploads\\\/2020\\\/02\\\/arton4492-e1617288430916.jpg\",\"datePublished\":\"2020-02-12T11:49:57+00:00\",\"dateModified\":\"2021-06-03T08:07:24+00:00\",\"breadcrumb\":{\"@id\":\"https:\\\/\\\/www.iemj.org\\\/de\\\/fonds-paul-fenton\\\/#breadcrumb\"},\"inLanguage\":\"de\",\"potentialAction\":[{\"@type\":\"ReadAction\",\"target\":[\"https:\\\/\\\/www.iemj.org\\\/de\\\/fonds-paul-fenton\\\/\"]}]},{\"@type\":\"ImageObject\",\"inLanguage\":\"de\",\"@id\":\"https:\\\/\\\/www.iemj.org\\\/de\\\/fonds-paul-fenton\\\/#primaryimage\",\"url\":\"https:\\\/\\\/www.iemj.org\\\/wp-content\\\/uploads\\\/2020\\\/02\\\/arton4492-e1617288430916.jpg\",\"contentUrl\":\"https:\\\/\\\/www.iemj.org\\\/wp-content\\\/uploads\\\/2020\\\/02\\\/arton4492-e1617288430916.jpg\",\"width\":229,\"height\":300},{\"@type\":\"BreadcrumbList\",\"@id\":\"https:\\\/\\\/www.iemj.org\\\/de\\\/fonds-paul-fenton\\\/#breadcrumb\",\"itemListElement\":[{\"@type\":\"ListItem\",\"position\":1,\"name\":\"Accueil\",\"item\":\"https:\\\/\\\/www.iemj.org\\\/de\\\/\"},{\"@type\":\"ListItem\",\"position\":2,\"name\":\"Paul-Fenton-Fonds\"}]},{\"@type\":\"WebSite\",\"@id\":\"https:\\\/\\\/www.iemj.org\\\/de\\\/#website\",\"url\":\"https:\\\/\\\/www.iemj.org\\\/de\\\/\",\"name\":\"Institut Europ\u00e9en des Musiques Juives\",\"description\":\"Des traditions musicales \u00e0 la port\u00e9e de tous\",\"publisher\":{\"@id\":\"https:\\\/\\\/www.iemj.org\\\/de\\\/#organization\"},\"potentialAction\":[{\"@type\":\"SearchAction\",\"target\":{\"@type\":\"EntryPoint\",\"urlTemplate\":\"https:\\\/\\\/www.iemj.org\\\/de\\\/?s={search_term_string}\"},\"query-input\":{\"@type\":\"PropertyValueSpecification\",\"valueRequired\":true,\"valueName\":\"search_term_string\"}}],\"inLanguage\":\"de\"},{\"@type\":\"Organization\",\"@id\":\"https:\\\/\\\/www.iemj.org\\\/de\\\/#organization\",\"name\":\"Institut Europ\u00e9en des Musiques Juives\",\"url\":\"https:\\\/\\\/www.iemj.org\\\/de\\\/\",\"logo\":{\"@type\":\"ImageObject\",\"inLanguage\":\"de\",\"@id\":\"https:\\\/\\\/www.iemj.org\\\/de\\\/#\\\/schema\\\/logo\\\/image\\\/\",\"url\":\"https:\\\/\\\/www.iemj.org\\\/wp-content\\\/uploads\\\/2021\\\/09\\\/Logo-IEMJ-Paypal.jpg\",\"contentUrl\":\"https:\\\/\\\/www.iemj.org\\\/wp-content\\\/uploads\\\/2021\\\/09\\\/Logo-IEMJ-Paypal.jpg\",\"width\":150,\"height\":50,\"caption\":\"Institut Europ\u00e9en des Musiques Juives\"},\"image\":{\"@id\":\"https:\\\/\\\/www.iemj.org\\\/de\\\/#\\\/schema\\\/logo\\\/image\\\/\"},\"sameAs\":[\"https:\\\/\\\/www.facebook.com\\\/MusiquesJuives\\\/\",\"https:\\\/\\\/www.instagram.com\\\/musiquesjuives\\\/\",\"https:\\\/\\\/www.youtube.com\\\/user\\\/musiquesjuives\"]},{\"@type\":\"Person\",\"@id\":\"https:\\\/\\\/www.iemj.org\\\/de\\\/#\\\/schema\\\/person\\\/c9bc1c386a3749579a2d675e72a18666\",\"name\":\"Jean-Gabriel Davis\",\"image\":{\"@type\":\"ImageObject\",\"inLanguage\":\"de\",\"@id\":\"https:\\\/\\\/secure.gravatar.com\\\/avatar\\\/2b90d67bdf392c9b3a21fab87c0fa7edaf1fb3a058172a1ffd61033fcec7aec1?s=96&d=mm&r=g\",\"url\":\"https:\\\/\\\/secure.gravatar.com\\\/avatar\\\/2b90d67bdf392c9b3a21fab87c0fa7edaf1fb3a058172a1ffd61033fcec7aec1?s=96&d=mm&r=g\",\"contentUrl\":\"https:\\\/\\\/secure.gravatar.com\\\/avatar\\\/2b90d67bdf392c9b3a21fab87c0fa7edaf1fb3a058172a1ffd61033fcec7aec1?s=96&d=mm&r=g\",\"caption\":\"Jean-Gabriel Davis\"}}]}<\/script>\n<!-- \/ Yoast SEO plugin. -->","yoast_head_json":{"title":"Paul-Fenton-Fonds - Institut Europ\u00e9en des Musiques Juives","robots":{"index":"index","follow":"follow","max-snippet":"max-snippet:-1","max-image-preview":"max-image-preview:large","max-video-preview":"max-video-preview:-1"},"canonical":"https:\/\/www.iemj.org\/de\/fonds-paul-fenton\/","og_locale":"de_DE","og_type":"article","og_title":"Paul-Fenton-Fonds - Institut Europ\u00e9en des Musiques Juives","og_description":"Der im Januar 2019 hinterlegte Fenton (Shahak)-Fonds enth\u00e4lt fast 250 Dokumente: seltene B\u00fccher, alte Partituren, Liederb\u00fccher, Presseausschnitte, Audiokassetten, 78er-Schallplatten, Vinyl-Schallplatten und CDs.","og_url":"https:\/\/www.iemj.org\/de\/fonds-paul-fenton\/","og_site_name":"Institut Europ\u00e9en des Musiques Juives","article_publisher":"https:\/\/www.facebook.com\/MusiquesJuives\/","article_published_time":"2020-02-12T11:49:57+00:00","article_modified_time":"2021-06-03T08:07:24+00:00","og_image":[{"width":229,"height":300,"url":"https:\/\/www.iemj.org\/wp-content\/uploads\/2020\/02\/arton4492-e1617288430916.jpg","type":"image\/jpeg"}],"author":"Jean-Gabriel Davis","twitter_card":"summary_large_image","twitter_misc":{"Verfasst von":"Jean-Gabriel Davis","Gesch\u00e4tzte Lesezeit":"1\u00a0Minute"},"schema":{"@context":"https:\/\/schema.org","@graph":[{"@type":"Article","@id":"https:\/\/www.iemj.org\/de\/fonds-paul-fenton\/#article","isPartOf":{"@id":"https:\/\/www.iemj.org\/de\/fonds-paul-fenton\/"},"author":{"name":"Jean-Gabriel Davis","@id":"https:\/\/www.iemj.org\/de\/#\/schema\/person\/c9bc1c386a3749579a2d675e72a18666"},"headline":"Paul-Fenton-Fonds","datePublished":"2020-02-12T11:49:57+00:00","dateModified":"2021-06-03T08:07:24+00:00","mainEntityOfPage":{"@id":"https:\/\/www.iemj.org\/de\/fonds-paul-fenton\/"},"wordCount":280,"publisher":{"@id":"https:\/\/www.iemj.org\/de\/#organization"},"image":{"@id":"https:\/\/www.iemj.org\/de\/fonds-paul-fenton\/#primaryimage"},"thumbnailUrl":"https:\/\/www.iemj.org\/wp-content\/uploads\/2020\/02\/arton4492-e1617288430916.jpg","articleSection":["Fonds"],"inLanguage":"de"},{"@type":"WebPage","@id":"https:\/\/www.iemj.org\/de\/fonds-paul-fenton\/","url":"https:\/\/www.iemj.org\/de\/fonds-paul-fenton\/","name":"Paul-Fenton-Fonds - Institut Europ\u00e9en des Musiques Juives","isPartOf":{"@id":"https:\/\/www.iemj.org\/de\/#website"},"primaryImageOfPage":{"@id":"https:\/\/www.iemj.org\/de\/fonds-paul-fenton\/#primaryimage"},"image":{"@id":"https:\/\/www.iemj.org\/de\/fonds-paul-fenton\/#primaryimage"},"thumbnailUrl":"https:\/\/www.iemj.org\/wp-content\/uploads\/2020\/02\/arton4492-e1617288430916.jpg","datePublished":"2020-02-12T11:49:57+00:00","dateModified":"2021-06-03T08:07:24+00:00","breadcrumb":{"@id":"https:\/\/www.iemj.org\/de\/fonds-paul-fenton\/#breadcrumb"},"inLanguage":"de","potentialAction":[{"@type":"ReadAction","target":["https:\/\/www.iemj.org\/de\/fonds-paul-fenton\/"]}]},{"@type":"ImageObject","inLanguage":"de","@id":"https:\/\/www.iemj.org\/de\/fonds-paul-fenton\/#primaryimage","url":"https:\/\/www.iemj.org\/wp-content\/uploads\/2020\/02\/arton4492-e1617288430916.jpg","contentUrl":"https:\/\/www.iemj.org\/wp-content\/uploads\/2020\/02\/arton4492-e1617288430916.jpg","width":229,"height":300},{"@type":"BreadcrumbList","@id":"https:\/\/www.iemj.org\/de\/fonds-paul-fenton\/#breadcrumb","itemListElement":[{"@type":"ListItem","position":1,"name":"Accueil","item":"https:\/\/www.iemj.org\/de\/"},{"@type":"ListItem","position":2,"name":"Paul-Fenton-Fonds"}]},{"@type":"WebSite","@id":"https:\/\/www.iemj.org\/de\/#website","url":"https:\/\/www.iemj.org\/de\/","name":"Institut Europ\u00e9en des Musiques Juives","description":"Des traditions musicales \u00e0 la port\u00e9e de tous","publisher":{"@id":"https:\/\/www.iemj.org\/de\/#organization"},"potentialAction":[{"@type":"SearchAction","target":{"@type":"EntryPoint","urlTemplate":"https:\/\/www.iemj.org\/de\/?s={search_term_string}"},"query-input":{"@type":"PropertyValueSpecification","valueRequired":true,"valueName":"search_term_string"}}],"inLanguage":"de"},{"@type":"Organization","@id":"https:\/\/www.iemj.org\/de\/#organization","name":"Institut Europ\u00e9en des Musiques Juives","url":"https:\/\/www.iemj.org\/de\/","logo":{"@type":"ImageObject","inLanguage":"de","@id":"https:\/\/www.iemj.org\/de\/#\/schema\/logo\/image\/","url":"https:\/\/www.iemj.org\/wp-content\/uploads\/2021\/09\/Logo-IEMJ-Paypal.jpg","contentUrl":"https:\/\/www.iemj.org\/wp-content\/uploads\/2021\/09\/Logo-IEMJ-Paypal.jpg","width":150,"height":50,"caption":"Institut Europ\u00e9en des Musiques Juives"},"image":{"@id":"https:\/\/www.iemj.org\/de\/#\/schema\/logo\/image\/"},"sameAs":["https:\/\/www.facebook.com\/MusiquesJuives\/","https:\/\/www.instagram.com\/musiquesjuives\/","https:\/\/www.youtube.com\/user\/musiquesjuives"]},{"@type":"Person","@id":"https:\/\/www.iemj.org\/de\/#\/schema\/person\/c9bc1c386a3749579a2d675e72a18666","name":"Jean-Gabriel Davis","image":{"@type":"ImageObject","inLanguage":"de","@id":"https:\/\/secure.gravatar.com\/avatar\/2b90d67bdf392c9b3a21fab87c0fa7edaf1fb3a058172a1ffd61033fcec7aec1?s=96&d=mm&r=g","url":"https:\/\/secure.gravatar.com\/avatar\/2b90d67bdf392c9b3a21fab87c0fa7edaf1fb3a058172a1ffd61033fcec7aec1?s=96&d=mm&r=g","contentUrl":"https:\/\/secure.gravatar.com\/avatar\/2b90d67bdf392c9b3a21fab87c0fa7edaf1fb3a058172a1ffd61033fcec7aec1?s=96&d=mm&r=g","caption":"Jean-Gabriel Davis"}}]}},"_links":{"self":[{"href":"https:\/\/www.iemj.org\/de\/wp-json\/wp\/v2\/posts\/41929","targetHints":{"allow":["GET"]}}],"collection":[{"href":"https:\/\/www.iemj.org\/de\/wp-json\/wp\/v2\/posts"}],"about":[{"href":"https:\/\/www.iemj.org\/de\/wp-json\/wp\/v2\/types\/post"}],"author":[{"embeddable":true,"href":"https:\/\/www.iemj.org\/de\/wp-json\/wp\/v2\/users\/1048"}],"replies":[{"embeddable":true,"href":"https:\/\/www.iemj.org\/de\/wp-json\/wp\/v2\/comments?post=41929"}],"version-history":[{"count":0,"href":"https:\/\/www.iemj.org\/de\/wp-json\/wp\/v2\/posts\/41929\/revisions"}],"wp:featuredmedia":[{"embeddable":true,"href":"https:\/\/www.iemj.org\/de\/wp-json\/wp\/v2\/media\/41930"}],"wp:attachment":[{"href":"https:\/\/www.iemj.org\/de\/wp-json\/wp\/v2\/media?parent=41929"}],"wp:term":[{"taxonomy":"category","embeddable":true,"href":"https:\/\/www.iemj.org\/de\/wp-json\/wp\/v2\/categories?post=41929"},{"taxonomy":"post_tag","embeddable":true,"href":"https:\/\/www.iemj.org\/de\/wp-json\/wp\/v2\/tags?post=41929"},{"taxonomy":"technique","embeddable":true,"href":"https:\/\/www.iemj.org\/de\/wp-json\/wp\/v2\/technique?post=41929"},{"taxonomy":"squelettes","embeddable":true,"href":"https:\/\/www.iemj.org\/de\/wp-json\/wp\/v2\/squelettes?post=41929"},{"taxonomy":"sujet","embeddable":true,"href":"https:\/\/www.iemj.org\/de\/wp-json\/wp\/v2\/sujet?post=41929"},{"taxonomy":"formation","embeddable":true,"href":"https:\/\/www.iemj.org\/de\/wp-json\/wp\/v2\/formation?post=41929"},{"taxonomy":"genre","embeddable":true,"href":"https:\/\/www.iemj.org\/de\/wp-json\/wp\/v2\/genre?post=41929"},{"taxonomy":"fonds","embeddable":true,"href":"https:\/\/www.iemj.org\/de\/wp-json\/wp\/v2\/fonds?post=41929"},{"taxonomy":"tradition","embeddable":true,"href":"https:\/\/www.iemj.org\/de\/wp-json\/wp\/v2\/tradition?post=41929"},{"taxonomy":"type-de-contenu","embeddable":true,"href":"https:\/\/www.iemj.org\/de\/wp-json\/wp\/v2\/type-de-contenu?post=41929"},{"taxonomy":"interprete-compositeur","embeddable":true,"href":"https:\/\/www.iemj.org\/de\/wp-json\/wp\/v2\/interprete-compositeur?post=41929"},{"taxonomy":"frise","embeddable":true,"href":"https:\/\/www.iemj.org\/de\/wp-json\/wp\/v2\/frise?post=41929"},{"taxonomy":"type-devenement","embeddable":true,"href":"https:\/\/www.iemj.org\/de\/wp-json\/wp\/v2\/type-devenement?post=41929"},{"taxonomy":"tableaux-liens-externes","embeddable":true,"href":"https:\/\/www.iemj.org\/de\/wp-json\/wp\/v2\/tableaux-liens-externes?post=41929"}],"curies":[{"name":"wp","href":"https:\/\/api.w.org\/{rel}","templated":true}]}}