{"id":42391,"date":"2018-10-03T16:16:21","date_gmt":"2018-10-03T14:16:21","guid":{"rendered":"https:\/\/www.iemj.org\/fonds-halphen\/"},"modified":"2021-06-15T18:42:02","modified_gmt":"2021-06-15T16:42:02","slug":"fonds-halphen","status":"publish","type":"post","link":"https:\/\/www.iemj.org\/de\/fonds-halphen\/","title":{"rendered":"Halphen-Fonds"},"content":{"rendered":"<p><span style=\"font-size: inherit;\">Der 1872 geborene und 1917 f\u00fcr Frankreich gestorbene <\/span><a style=\"font-size: inherit;\" href=\"https:\/\/www.iemj.org\/halphen-fernand-1872-1917\/\">Fernand Halphen<\/a><span style=\"font-size: inherit;\">, ein Sch\u00fcler von Gabriel Faur\u00e9 und Jules Massenet, gewann 1896 den zweiten Preis von Rom und komponierte w\u00e4hrend seines kurzen Lebens gut hundert Werke. <\/span><\/p>\n<figure style=\"width: 182px\" class=\"wp-caption alignright\"><img decoding=\"async\" class=\"\" src=\"https:\/\/www.iemj.org\/wp-content\/uploads\/2018\/10\/i_25_vig_alice_halphen.jpg\" alt=\"i_25_vig_alice_halphen.jpg\" width=\"182\" height=\"271\" align=\"right\" data-description=\"&quot;&lt;strong\" \/><figcaption class=\"wp-caption-text\">Alice Halphen<\/figcaption><\/figure>\n<p><span style=\"font-size: inherit;\">Seine Frau, <\/span><a style=\"font-size: inherit;\" href=\"https:\/\/www.iemj.org\/halphen-alice-1878-1963\/\">Alice Halphen<\/a><span style=\"font-size: inherit;\">, <\/span>geborene Koenigswarter (1878-1963), war eine aufgekl\u00e4rte Kunstliebhaberin, die mehrere Jahrzehnte lang in ihrem Stadtpalais in der Rue Dumont-d&#8217;Urville einen Musiksalon betrieb, der von vielen K\u00fcnstlern besucht wurde, denen sie oft half: unter anderem Daniel-Lesur, Ania Dorfman, Enesco, Faur\u00e9, Gedalge, Monique Haas, Honegger, Jolivet, Mihailovitz, Milhaud, Messiaen und Poulenc. In ihrer Jugend von der Dreyfus-Aff\u00e4re gepr\u00e4gt, interessierte sich Alice Halphen zeitlebens auch f\u00fcr die Frage des Judentums und spielte eine gro\u00dfe Rolle in der j\u00fcdischen Gemeinde in Frankreich.<\/p>\n<p><img fetchpriority=\"high\" decoding=\"async\" class=\" alignleft size-full wp-image-21062\" src=\"https:\/\/www.iemj.org\/wp-content\/uploads\/2018\/10\/hagoseida_p_426_002.jpg\" alt=\"hagoseida_p_426_002.jpg\" width=\"216\" height=\"300\" align=\"left\" \/>Das Europ\u00e4ische Institut f\u00fcr J\u00fcdische Musik beherbergt in seinen Sammlungen mehr als 1.000 Dokumente von unsch\u00e4tzbarem patrimonialem Wert, die Alice und Fernand Halphen geh\u00f6rten: Korrespondenz mit den gr\u00f6\u00dften Musikern der Zeit (Faur\u00e9, Massenet, Hahn, B\u00fcsser, Cortot, Koechlin, Risler&#8230;), Musikmanuskripte, darunter einige Autographe, gedruckte Partituren, Fotografien, Presseausschnitte&#8230;<\/p>\n<p>Ein Teil dieser Sammlung &#8211; insbesondere die Partituren &#8211; wurde 2005 von den Urenkeln von Alice und Fernand Halphen, Frau Isabelle Friedman, Frau Odile Haye und Frau Nathalie Bardon, gestiftet. In der Folge trugen die <a href=\"https:\/\/www.fondationjudaisme.org\/\">Fondation du Juda\u00efsme Fran\u00e7ais<\/a>, die Vereinigung <a href=\"https:\/\/www.iemj.org\/association-yuval\/\">Yuval<\/a>\u00a0und das Europ\u00e4ische Institut f\u00fcr J\u00fcdische Musik dazu bei, die Bedeutung dieses Fonds durch den Erwerb zahlreicher anderer Dokumente &#8211; insbesondere Korrespondenz &#8211; auf Auktionen (2006, 2009, 2011, 2013 und 2016) zu st\u00e4rken.<\/p>\n<figure style=\"width: 200px\" class=\"wp-caption alignright\"><img decoding=\"async\" src=\"https:\/\/www.iemj.org\/wp-content\/uploads\/2018\/10\/i_320_vig_photo_chateau_la_chapelle_en_s.jpg\" alt=\"i_320_vig_photo_chateau_la_chapelle_en_s.jpg\" width=\"200\" height=\"134\" align=\"right\" data-description=\"&quot;&lt;strong\" \/><figcaption class=\"wp-caption-text\">Schloss von La Chapelle-en-Serval<\/figcaption><\/figure>\n<p>Zu erw\u00e4hnen ist, dass die Nazis w\u00e4hrend des Zweiten Weltkriegs\u00a0 die Musikbibliothek von Fernand Halphen in Besitz nahmen und das Familienschloss La Chapelle-en-Serval mehrmals gepl\u00fcndert wurde. Nach dem Krieg hat Alice Halphen leider nur einen Teil der geraubten Gegenst\u00e4nde zur\u00fcckerhalten.<\/p>\n<p>\u00a0<\/p>\n<p><a href=\"https:\/\/www.iemj.org\/fernand-halphen\/\"><img loading=\"lazy\" decoding=\"async\" class=\" alignleft size-full wp-image-21066\" src=\"https:\/\/www.iemj.org\/wp-content\/uploads\/2018\/10\/cp_pmjf_5.jpg\" alt=\"cp_pmjf_5.jpg\" width=\"198\" height=\"170\" align=\"left\" \/><\/a>Seit der Ver\u00f6ffentlichung des Doppelalbums <a href=\"https:\/\/www.iemj.org\/fernand-halphen\/\">Fernand Halphen. M\u00e9lodies, pi\u00e8ces pour piano et musique de chambre<\/a> (2006) und der CD <a href=\"https:\/\/www.iemj.org\/musique-francaise-avant-et-apres-la-grande-guerre\/\">Musique fran\u00e7aise avant et apr\u00e8s la Grande Guerre<\/a> (2017)&#8220;, auf der ihre 1. Sinfonie neu geschaffen wurde, hat das Publikum das Werk von Fernand Halphen wiederentdeckt, einem Komponisten, dessen klassischer Musik es nicht an Charme mangelt. Die Hundertjahrfeier des Ersten Weltkriegs war auch eine Gelegenheit, Dokumente auszustellen, die Fernand Halphen geh\u00f6rten, der 1917 f\u00fcr Frankreich starb, und seine Werke in der ganzen Welt spielen zu lassen.<\/p>\n<p>Seit 2015 ver\u00f6ffentlicht Editions de l&#8217;IEMJ die <a href=\"https:\/\/boutique.iemj.org\/fr\/recherche?controller=search&amp;orderby=position&amp;orderway=desc&amp;search_query=halphen&amp;submit_search=\">Partituren von Fernand Halphen<\/a>. Es handelt sich um ein langfristiges Projekt, da Halphen der Autor eines Katalogs mit 166 Werken ist, darunter 76 Melodien f\u00fcr Gesang und Klavier.<\/p>\n<p><a href=\"https:\/\/www.iemj.org\/du-salon-au-front-fernand-halphen-1872-1917-compositeur-mecene-et-chef-de-musique-militaire\/\"><img loading=\"lazy\" decoding=\"async\" class=\" alignright  wp-image-21068\" src=\"https:\/\/www.iemj.org\/wp-content\/uploads\/2018\/10\/vignette_livre_du_salon.jpg\" alt=\"vignette_livre_du_salon.jpg\" width=\"168\" height=\"256\" align=\"right\" \/><\/a>Schlie\u00dflich wurde im April 2017 anl\u00e4sslich des hundertsten Todestages des Komponisten ein Sammelband ver\u00f6ffentlicht: <a href=\"https:\/\/www.iemj.org\/du-salon-au-front-fernand-halphen-1872-1917-compositeur-mecene-et-chef-de-musique-militaire\/\">Du salon au front : Fernand Halphen (1872-1917), compositeur, m\u00e9c\u00e8ne et chef de musique militaire<\/a>, herausgegeben von Laure Schnapper, in Zusammenarbeit mit Pierre-Andr\u00e9 Meyer &#8211; Vorwort von Herv\u00e9 Roten, verlegt von den \u00c9ditions Hermann.<\/p>\n<p>Diese Archive k\u00f6nnen jetzt im Katalog unserer Sammlungen konsultiert werden (<strong><a href=\" http:\/\/www.rachelnet.net\/F\/?func=find-c&amp;ccl_term=WHOC%3Dhalphen&amp;local_base=iemcg&amp;x=19&amp;y=16\">Zugang zur Sammlung des Halphen-Archivs<\/a><\/strong>) oder nach Vereinbarung beim Europ\u00e4ischen Institut f\u00fcr j\u00fcdische Musik (<a href=\"mailto:contact@iemj.org\">contact@iemj.org<\/a>)<\/p>\n\n\n<p><\/p>\n","protected":false},"excerpt":{"rendered":"<p>Der 1872 geborene und 1917 f\u00fcr Frankreich gestorbene Fernand Halphen, ein Sch\u00fcler von Gabriel Faur\u00e9 und Jules Massenet, gewann 1896 den zweiten Preis von Rom und komponierte w\u00e4hrend seines kurzen<\/p>\n","protected":false},"author":1045,"featured_media":42392,"comment_status":"closed","ping_status":"closed","sticky":false,"template":"","format":"standard","meta":{"_acf_changed":false,"footnotes":""},"categories":[1585],"tags":[],"technique":[],"squelettes":[],"sujet":[],"formation":[],"genre":[],"fonds":[],"tradition":[],"type-de-contenu":[],"interprete-compositeur":[3165],"frise":[],"type-devenement":[],"tableaux-liens-externes":[],"class_list":["post-42391","post","type-post","status-publish","format-standard","has-post-thumbnail","hentry","category-fonds-de","interprete-compositeur-fernand-halphen-de"],"acf":[],"yoast_head":"<!-- This site is optimized with the Yoast SEO plugin v27.3 - https:\/\/yoast.com\/product\/yoast-seo-wordpress\/ -->\n<title>Halphen-Fonds - Institut Europ\u00e9en des Musiques Juives<\/title>\n<meta name=\"robots\" content=\"index, follow, max-snippet:-1, max-image-preview:large, max-video-preview:-1\" \/>\n<link rel=\"canonical\" href=\"https:\/\/www.iemj.org\/de\/fonds-halphen\/\" \/>\n<meta property=\"og:locale\" content=\"de_DE\" \/>\n<meta property=\"og:type\" content=\"article\" \/>\n<meta property=\"og:title\" content=\"Halphen-Fonds - Institut Europ\u00e9en des Musiques Juives\" \/>\n<meta property=\"og:description\" content=\"Der 1872 geborene und 1917 f\u00fcr Frankreich gestorbene Fernand Halphen, ein Sch\u00fcler von Gabriel Faur\u00e9 und Jules Massenet, gewann 1896 den zweiten Preis von Rom und komponierte w\u00e4hrend seines kurzen\" \/>\n<meta property=\"og:url\" content=\"https:\/\/www.iemj.org\/de\/fonds-halphen\/\" \/>\n<meta property=\"og:site_name\" content=\"Institut Europ\u00e9en des Musiques Juives\" \/>\n<meta property=\"article:publisher\" content=\"https:\/\/www.facebook.com\/MusiquesJuives\/\" \/>\n<meta property=\"article:published_time\" content=\"2018-10-03T14:16:21+00:00\" \/>\n<meta property=\"article:modified_time\" content=\"2021-06-15T16:42:02+00:00\" \/>\n<meta property=\"og:image\" content=\"https:\/\/www.iemj.org\/wp-content\/uploads\/2018\/10\/arton3647-e1618415357261.jpg\" \/>\n\t<meta property=\"og:image:width\" content=\"350\" \/>\n\t<meta property=\"og:image:height\" content=\"326\" \/>\n\t<meta property=\"og:image:type\" content=\"image\/jpeg\" \/>\n<meta name=\"author\" content=\"Herv\u00e9 Roten\" \/>\n<meta name=\"twitter:card\" content=\"summary_large_image\" \/>\n<meta name=\"twitter:label1\" content=\"Verfasst von\" \/>\n\t<meta name=\"twitter:data1\" content=\"Herv\u00e9 Roten\" \/>\n\t<meta name=\"twitter:label2\" content=\"Gesch\u00e4tzte Lesezeit\" \/>\n\t<meta name=\"twitter:data2\" content=\"4\u00a0Minuten\" \/>\n<script type=\"application\/ld+json\" class=\"yoast-schema-graph\">{\"@context\":\"https:\\\/\\\/schema.org\",\"@graph\":[{\"@type\":\"Article\",\"@id\":\"https:\\\/\\\/www.iemj.org\\\/de\\\/fonds-halphen\\\/#article\",\"isPartOf\":{\"@id\":\"https:\\\/\\\/www.iemj.org\\\/de\\\/fonds-halphen\\\/\"},\"author\":{\"name\":\"Herv\u00e9 Roten\",\"@id\":\"https:\\\/\\\/www.iemj.org\\\/de\\\/#\\\/schema\\\/person\\\/906134402c29d5c76e7b726261dd4bbd\"},\"headline\":\"Halphen-Fonds\",\"datePublished\":\"2018-10-03T14:16:21+00:00\",\"dateModified\":\"2021-06-15T16:42:02+00:00\",\"mainEntityOfPage\":{\"@id\":\"https:\\\/\\\/www.iemj.org\\\/de\\\/fonds-halphen\\\/\"},\"wordCount\":519,\"publisher\":{\"@id\":\"https:\\\/\\\/www.iemj.org\\\/de\\\/#organization\"},\"image\":{\"@id\":\"https:\\\/\\\/www.iemj.org\\\/de\\\/fonds-halphen\\\/#primaryimage\"},\"thumbnailUrl\":\"https:\\\/\\\/www.iemj.org\\\/wp-content\\\/uploads\\\/2018\\\/10\\\/arton3647-e1618415357261.jpg\",\"articleSection\":[\"Fonds\"],\"inLanguage\":\"de\"},{\"@type\":\"WebPage\",\"@id\":\"https:\\\/\\\/www.iemj.org\\\/de\\\/fonds-halphen\\\/\",\"url\":\"https:\\\/\\\/www.iemj.org\\\/de\\\/fonds-halphen\\\/\",\"name\":\"Halphen-Fonds - Institut Europ\u00e9en des Musiques Juives\",\"isPartOf\":{\"@id\":\"https:\\\/\\\/www.iemj.org\\\/de\\\/#website\"},\"primaryImageOfPage\":{\"@id\":\"https:\\\/\\\/www.iemj.org\\\/de\\\/fonds-halphen\\\/#primaryimage\"},\"image\":{\"@id\":\"https:\\\/\\\/www.iemj.org\\\/de\\\/fonds-halphen\\\/#primaryimage\"},\"thumbnailUrl\":\"https:\\\/\\\/www.iemj.org\\\/wp-content\\\/uploads\\\/2018\\\/10\\\/arton3647-e1618415357261.jpg\",\"datePublished\":\"2018-10-03T14:16:21+00:00\",\"dateModified\":\"2021-06-15T16:42:02+00:00\",\"breadcrumb\":{\"@id\":\"https:\\\/\\\/www.iemj.org\\\/de\\\/fonds-halphen\\\/#breadcrumb\"},\"inLanguage\":\"de\",\"potentialAction\":[{\"@type\":\"ReadAction\",\"target\":[\"https:\\\/\\\/www.iemj.org\\\/de\\\/fonds-halphen\\\/\"]}]},{\"@type\":\"ImageObject\",\"inLanguage\":\"de\",\"@id\":\"https:\\\/\\\/www.iemj.org\\\/de\\\/fonds-halphen\\\/#primaryimage\",\"url\":\"https:\\\/\\\/www.iemj.org\\\/wp-content\\\/uploads\\\/2018\\\/10\\\/arton3647-e1618415357261.jpg\",\"contentUrl\":\"https:\\\/\\\/www.iemj.org\\\/wp-content\\\/uploads\\\/2018\\\/10\\\/arton3647-e1618415357261.jpg\",\"width\":350,\"height\":326},{\"@type\":\"BreadcrumbList\",\"@id\":\"https:\\\/\\\/www.iemj.org\\\/de\\\/fonds-halphen\\\/#breadcrumb\",\"itemListElement\":[{\"@type\":\"ListItem\",\"position\":1,\"name\":\"Accueil\",\"item\":\"https:\\\/\\\/www.iemj.org\\\/de\\\/\"},{\"@type\":\"ListItem\",\"position\":2,\"name\":\"Halphen-Fonds\"}]},{\"@type\":\"WebSite\",\"@id\":\"https:\\\/\\\/www.iemj.org\\\/de\\\/#website\",\"url\":\"https:\\\/\\\/www.iemj.org\\\/de\\\/\",\"name\":\"Institut Europ\u00e9en des Musiques Juives\",\"description\":\"Des traditions musicales \u00e0 la port\u00e9e de tous\",\"publisher\":{\"@id\":\"https:\\\/\\\/www.iemj.org\\\/de\\\/#organization\"},\"potentialAction\":[{\"@type\":\"SearchAction\",\"target\":{\"@type\":\"EntryPoint\",\"urlTemplate\":\"https:\\\/\\\/www.iemj.org\\\/de\\\/?s={search_term_string}\"},\"query-input\":{\"@type\":\"PropertyValueSpecification\",\"valueRequired\":true,\"valueName\":\"search_term_string\"}}],\"inLanguage\":\"de\"},{\"@type\":\"Organization\",\"@id\":\"https:\\\/\\\/www.iemj.org\\\/de\\\/#organization\",\"name\":\"Institut Europ\u00e9en des Musiques Juives\",\"url\":\"https:\\\/\\\/www.iemj.org\\\/de\\\/\",\"logo\":{\"@type\":\"ImageObject\",\"inLanguage\":\"de\",\"@id\":\"https:\\\/\\\/www.iemj.org\\\/de\\\/#\\\/schema\\\/logo\\\/image\\\/\",\"url\":\"https:\\\/\\\/www.iemj.org\\\/wp-content\\\/uploads\\\/2021\\\/09\\\/Logo-IEMJ-Paypal.jpg\",\"contentUrl\":\"https:\\\/\\\/www.iemj.org\\\/wp-content\\\/uploads\\\/2021\\\/09\\\/Logo-IEMJ-Paypal.jpg\",\"width\":150,\"height\":50,\"caption\":\"Institut Europ\u00e9en des Musiques Juives\"},\"image\":{\"@id\":\"https:\\\/\\\/www.iemj.org\\\/de\\\/#\\\/schema\\\/logo\\\/image\\\/\"},\"sameAs\":[\"https:\\\/\\\/www.facebook.com\\\/MusiquesJuives\\\/\",\"https:\\\/\\\/www.instagram.com\\\/musiquesjuives\\\/\",\"https:\\\/\\\/www.youtube.com\\\/user\\\/musiquesjuives\"]},{\"@type\":\"Person\",\"@id\":\"https:\\\/\\\/www.iemj.org\\\/de\\\/#\\\/schema\\\/person\\\/906134402c29d5c76e7b726261dd4bbd\",\"name\":\"Herv\u00e9 Roten\",\"image\":{\"@type\":\"ImageObject\",\"inLanguage\":\"de\",\"@id\":\"https:\\\/\\\/secure.gravatar.com\\\/avatar\\\/f96ad2db538a26481f18384936b5cd0610c92d390c4dc382209216d455f685ff?s=96&d=mm&r=g\",\"url\":\"https:\\\/\\\/secure.gravatar.com\\\/avatar\\\/f96ad2db538a26481f18384936b5cd0610c92d390c4dc382209216d455f685ff?s=96&d=mm&r=g\",\"contentUrl\":\"https:\\\/\\\/secure.gravatar.com\\\/avatar\\\/f96ad2db538a26481f18384936b5cd0610c92d390c4dc382209216d455f685ff?s=96&d=mm&r=g\",\"caption\":\"Herv\u00e9 Roten\"}}]}<\/script>\n<!-- \/ Yoast SEO plugin. -->","yoast_head_json":{"title":"Halphen-Fonds - Institut Europ\u00e9en des Musiques Juives","robots":{"index":"index","follow":"follow","max-snippet":"max-snippet:-1","max-image-preview":"max-image-preview:large","max-video-preview":"max-video-preview:-1"},"canonical":"https:\/\/www.iemj.org\/de\/fonds-halphen\/","og_locale":"de_DE","og_type":"article","og_title":"Halphen-Fonds - Institut Europ\u00e9en des Musiques Juives","og_description":"Der 1872 geborene und 1917 f\u00fcr Frankreich gestorbene Fernand Halphen, ein Sch\u00fcler von Gabriel Faur\u00e9 und Jules Massenet, gewann 1896 den zweiten Preis von Rom und komponierte w\u00e4hrend seines kurzen","og_url":"https:\/\/www.iemj.org\/de\/fonds-halphen\/","og_site_name":"Institut Europ\u00e9en des Musiques Juives","article_publisher":"https:\/\/www.facebook.com\/MusiquesJuives\/","article_published_time":"2018-10-03T14:16:21+00:00","article_modified_time":"2021-06-15T16:42:02+00:00","og_image":[{"width":350,"height":326,"url":"https:\/\/www.iemj.org\/wp-content\/uploads\/2018\/10\/arton3647-e1618415357261.jpg","type":"image\/jpeg"}],"author":"Herv\u00e9 Roten","twitter_card":"summary_large_image","twitter_misc":{"Verfasst von":"Herv\u00e9 Roten","Gesch\u00e4tzte Lesezeit":"4\u00a0Minuten"},"schema":{"@context":"https:\/\/schema.org","@graph":[{"@type":"Article","@id":"https:\/\/www.iemj.org\/de\/fonds-halphen\/#article","isPartOf":{"@id":"https:\/\/www.iemj.org\/de\/fonds-halphen\/"},"author":{"name":"Herv\u00e9 Roten","@id":"https:\/\/www.iemj.org\/de\/#\/schema\/person\/906134402c29d5c76e7b726261dd4bbd"},"headline":"Halphen-Fonds","datePublished":"2018-10-03T14:16:21+00:00","dateModified":"2021-06-15T16:42:02+00:00","mainEntityOfPage":{"@id":"https:\/\/www.iemj.org\/de\/fonds-halphen\/"},"wordCount":519,"publisher":{"@id":"https:\/\/www.iemj.org\/de\/#organization"},"image":{"@id":"https:\/\/www.iemj.org\/de\/fonds-halphen\/#primaryimage"},"thumbnailUrl":"https:\/\/www.iemj.org\/wp-content\/uploads\/2018\/10\/arton3647-e1618415357261.jpg","articleSection":["Fonds"],"inLanguage":"de"},{"@type":"WebPage","@id":"https:\/\/www.iemj.org\/de\/fonds-halphen\/","url":"https:\/\/www.iemj.org\/de\/fonds-halphen\/","name":"Halphen-Fonds - Institut Europ\u00e9en des Musiques Juives","isPartOf":{"@id":"https:\/\/www.iemj.org\/de\/#website"},"primaryImageOfPage":{"@id":"https:\/\/www.iemj.org\/de\/fonds-halphen\/#primaryimage"},"image":{"@id":"https:\/\/www.iemj.org\/de\/fonds-halphen\/#primaryimage"},"thumbnailUrl":"https:\/\/www.iemj.org\/wp-content\/uploads\/2018\/10\/arton3647-e1618415357261.jpg","datePublished":"2018-10-03T14:16:21+00:00","dateModified":"2021-06-15T16:42:02+00:00","breadcrumb":{"@id":"https:\/\/www.iemj.org\/de\/fonds-halphen\/#breadcrumb"},"inLanguage":"de","potentialAction":[{"@type":"ReadAction","target":["https:\/\/www.iemj.org\/de\/fonds-halphen\/"]}]},{"@type":"ImageObject","inLanguage":"de","@id":"https:\/\/www.iemj.org\/de\/fonds-halphen\/#primaryimage","url":"https:\/\/www.iemj.org\/wp-content\/uploads\/2018\/10\/arton3647-e1618415357261.jpg","contentUrl":"https:\/\/www.iemj.org\/wp-content\/uploads\/2018\/10\/arton3647-e1618415357261.jpg","width":350,"height":326},{"@type":"BreadcrumbList","@id":"https:\/\/www.iemj.org\/de\/fonds-halphen\/#breadcrumb","itemListElement":[{"@type":"ListItem","position":1,"name":"Accueil","item":"https:\/\/www.iemj.org\/de\/"},{"@type":"ListItem","position":2,"name":"Halphen-Fonds"}]},{"@type":"WebSite","@id":"https:\/\/www.iemj.org\/de\/#website","url":"https:\/\/www.iemj.org\/de\/","name":"Institut Europ\u00e9en des Musiques Juives","description":"Des traditions musicales \u00e0 la port\u00e9e de tous","publisher":{"@id":"https:\/\/www.iemj.org\/de\/#organization"},"potentialAction":[{"@type":"SearchAction","target":{"@type":"EntryPoint","urlTemplate":"https:\/\/www.iemj.org\/de\/?s={search_term_string}"},"query-input":{"@type":"PropertyValueSpecification","valueRequired":true,"valueName":"search_term_string"}}],"inLanguage":"de"},{"@type":"Organization","@id":"https:\/\/www.iemj.org\/de\/#organization","name":"Institut Europ\u00e9en des Musiques Juives","url":"https:\/\/www.iemj.org\/de\/","logo":{"@type":"ImageObject","inLanguage":"de","@id":"https:\/\/www.iemj.org\/de\/#\/schema\/logo\/image\/","url":"https:\/\/www.iemj.org\/wp-content\/uploads\/2021\/09\/Logo-IEMJ-Paypal.jpg","contentUrl":"https:\/\/www.iemj.org\/wp-content\/uploads\/2021\/09\/Logo-IEMJ-Paypal.jpg","width":150,"height":50,"caption":"Institut Europ\u00e9en des Musiques Juives"},"image":{"@id":"https:\/\/www.iemj.org\/de\/#\/schema\/logo\/image\/"},"sameAs":["https:\/\/www.facebook.com\/MusiquesJuives\/","https:\/\/www.instagram.com\/musiquesjuives\/","https:\/\/www.youtube.com\/user\/musiquesjuives"]},{"@type":"Person","@id":"https:\/\/www.iemj.org\/de\/#\/schema\/person\/906134402c29d5c76e7b726261dd4bbd","name":"Herv\u00e9 Roten","image":{"@type":"ImageObject","inLanguage":"de","@id":"https:\/\/secure.gravatar.com\/avatar\/f96ad2db538a26481f18384936b5cd0610c92d390c4dc382209216d455f685ff?s=96&d=mm&r=g","url":"https:\/\/secure.gravatar.com\/avatar\/f96ad2db538a26481f18384936b5cd0610c92d390c4dc382209216d455f685ff?s=96&d=mm&r=g","contentUrl":"https:\/\/secure.gravatar.com\/avatar\/f96ad2db538a26481f18384936b5cd0610c92d390c4dc382209216d455f685ff?s=96&d=mm&r=g","caption":"Herv\u00e9 Roten"}}]}},"_links":{"self":[{"href":"https:\/\/www.iemj.org\/de\/wp-json\/wp\/v2\/posts\/42391","targetHints":{"allow":["GET"]}}],"collection":[{"href":"https:\/\/www.iemj.org\/de\/wp-json\/wp\/v2\/posts"}],"about":[{"href":"https:\/\/www.iemj.org\/de\/wp-json\/wp\/v2\/types\/post"}],"author":[{"embeddable":true,"href":"https:\/\/www.iemj.org\/de\/wp-json\/wp\/v2\/users\/1045"}],"replies":[{"embeddable":true,"href":"https:\/\/www.iemj.org\/de\/wp-json\/wp\/v2\/comments?post=42391"}],"version-history":[{"count":0,"href":"https:\/\/www.iemj.org\/de\/wp-json\/wp\/v2\/posts\/42391\/revisions"}],"wp:featuredmedia":[{"embeddable":true,"href":"https:\/\/www.iemj.org\/de\/wp-json\/wp\/v2\/media\/42392"}],"wp:attachment":[{"href":"https:\/\/www.iemj.org\/de\/wp-json\/wp\/v2\/media?parent=42391"}],"wp:term":[{"taxonomy":"category","embeddable":true,"href":"https:\/\/www.iemj.org\/de\/wp-json\/wp\/v2\/categories?post=42391"},{"taxonomy":"post_tag","embeddable":true,"href":"https:\/\/www.iemj.org\/de\/wp-json\/wp\/v2\/tags?post=42391"},{"taxonomy":"technique","embeddable":true,"href":"https:\/\/www.iemj.org\/de\/wp-json\/wp\/v2\/technique?post=42391"},{"taxonomy":"squelettes","embeddable":true,"href":"https:\/\/www.iemj.org\/de\/wp-json\/wp\/v2\/squelettes?post=42391"},{"taxonomy":"sujet","embeddable":true,"href":"https:\/\/www.iemj.org\/de\/wp-json\/wp\/v2\/sujet?post=42391"},{"taxonomy":"formation","embeddable":true,"href":"https:\/\/www.iemj.org\/de\/wp-json\/wp\/v2\/formation?post=42391"},{"taxonomy":"genre","embeddable":true,"href":"https:\/\/www.iemj.org\/de\/wp-json\/wp\/v2\/genre?post=42391"},{"taxonomy":"fonds","embeddable":true,"href":"https:\/\/www.iemj.org\/de\/wp-json\/wp\/v2\/fonds?post=42391"},{"taxonomy":"tradition","embeddable":true,"href":"https:\/\/www.iemj.org\/de\/wp-json\/wp\/v2\/tradition?post=42391"},{"taxonomy":"type-de-contenu","embeddable":true,"href":"https:\/\/www.iemj.org\/de\/wp-json\/wp\/v2\/type-de-contenu?post=42391"},{"taxonomy":"interprete-compositeur","embeddable":true,"href":"https:\/\/www.iemj.org\/de\/wp-json\/wp\/v2\/interprete-compositeur?post=42391"},{"taxonomy":"frise","embeddable":true,"href":"https:\/\/www.iemj.org\/de\/wp-json\/wp\/v2\/frise?post=42391"},{"taxonomy":"type-devenement","embeddable":true,"href":"https:\/\/www.iemj.org\/de\/wp-json\/wp\/v2\/type-devenement?post=42391"},{"taxonomy":"tableaux-liens-externes","embeddable":true,"href":"https:\/\/www.iemj.org\/de\/wp-json\/wp\/v2\/tableaux-liens-externes?post=42391"}],"curies":[{"name":"wp","href":"https:\/\/api.w.org\/{rel}","templated":true}]}}