{"id":42553,"date":"2018-05-23T17:32:13","date_gmt":"2018-05-23T15:32:13","guid":{"rendered":"https:\/\/www.iemj.org\/fonds-ulif-copernic\/"},"modified":"2024-08-28T17:23:01","modified_gmt":"2024-08-28T15:23:01","slug":"fonds-ulif-copernic","status":"publish","type":"post","link":"https:\/\/www.iemj.org\/de\/fonds-ulif-copernic\/","title":{"rendered":"Fonds der Copernic-Synagoge"},"content":{"rendered":"<p><a href=\"https:\/\/judaismeenmouvement.org\/lieux\/copernic\/\" target=\"_blank\" rel=\"noopener\"><strong>Die Copernic-Synagoge<\/strong><\/a> misst der Musik eine ganz besondere Stellung und Aufmerksamkeit bei. Jeder in der Synagoge stattfindender Gottesdienst wartet mit qualitativ hochwertige liturgische Musik, mitsamt Orgelbegleitung, einem professionellem gemischten Chor, sowie einem Chasan, auf. Dar\u00fcber hinaus organisiert die Synagoge auch eine Saison prestigetr\u00e4chtiger Konzerte.<\/p>\n<p>Seit 10 Jahren pr\u00e4sentiert die Copernic-Synagogue unter der Verantwortung ihres Vizepr\u00e4sidenten <strong>Bruno Fraitag<\/strong>, der \u00d6ffentlichkeit jedes Jahr, eine Saison voller hochkar\u00e4tiger Konzerte: \u201eMusique \u00e0 Copernic\u201c. Die Konzerte stehen alle direkt, wie auch indirekt mit dem Judaismus in Verbindung, weil es sich um liturgische Musik handelt, die gespielten Komponisten oder die Interpreten selbst j\u00fcdisch sind oder weil sich die Werke von der Thora, bzw. dem Alten Testament inspiriert sind.<\/p>\n<p>Nahezu alle Konzerte wurden gefilmt und auf DVD gebrannt, von denen Bruno Freitag, dem IEMJ, umsichtiger Weise, je ein Exemplar \u00fcbermittelte.<\/p>\n<p>Bei den vorgestellten Programmen handelt es sich nicht nur um liturgische Musik, sondern auch um Kammermusik und Jazz. Einbezogen hat die Copernic-Synagogue\u00a0<strong>eine gro\u00dfe Vielzahl von K\u00fcnstlern<\/strong> und <strong>Interpreten<\/strong> (den Chasan Arman Benhamou, die Organistin Nicole Wiener und den professionellen Chor, welcher zu den liturgischen Gottesdiensten der Copernic beitr\u00e4gt, sowie die beiden Amateur-Ch\u00f6re\u00a0 der Gemeinschaft (\u201eEnsemble Choral Copernic\u201c und \u201eVoci Copernic\u201c), die Pianisten Jean-Fr\u00e9d\u00e9ric Neuburger, Pascal Amoyel, Jean-Fran\u00e7ois Zygel, David Greilsammer, Laurent Cabasso, Edna Stern, Laure Favre-Kahn, David Kadouch Adam Laloum und Jonathan B\u00e9nichou, die Violoncellistin Emmanuelle Bertrand, den Klarinettisten Philippe Berrod, sowie erste Solisten des Orchestre National de France, des Orchestre de Paris und des Orchestre de l\u2019Op\u00e9ra de Paris, unter den Jazzern: Das Quintett Omer Avital, das Trio Shai Maestro, den Saxophonisten Eli Degibri, die Pianisten Yaron Herman und Yonathan Avishay, den Klarinettisten Yom, den Gitarrist Yotam Siberstein und viele mehr).<\/p>\n<p>Zahlreichen<strong> Komponisten<\/strong> wurde die Ehre erwiesen: H\u00e4ndel, Alkan, Verdi, Rossi, Rossini oder auch Graciane Finzi, Serge Kaufmann, Ita\u00ef Daniel, Jean-Fran\u00e7ois Zygel, Nicolas Bacri, John Zorn, Fran\u00e7ois Me\u00efmoun, Beno\u00eet Menut, Charles Bornstein, Alexandre Tansman, von denen eine Reihe von Werken in der Copernic-Synagoge uraufgef\u00fchrt wurden.<\/p>\n<p>Diese Archive sind ab sofort im Katalog unserer Sammlungen (<a href=\"http:\/\/www.rachelnet.net\/F\/?func=find-c&amp;ccl_term=WHOC%3DULIF+Copernic+&amp;local_base=iemcg&amp;x=20&amp;y=18\" target=\"_blank\" rel=\"noopener\"><strong>auf den Archiv-Fonds der Copernic-Synagoge zugreifen<\/strong><\/a>) oder auf Terminanfrage am Institut Europ\u00e9en des musiques Juives (<a href=\"mailto:contact@iemj.org\">contact@iemj.org<\/a>) einsehbar.<\/p>\n<p>\u00a0<\/p>\n<h2><strong>Schauen Sie sich im Folgenden zwei Konzertausschnitte an<\/strong><\/h2>\n<p>\u00a0<\/p>\n<p><a href=\"https:\/\/www.iemj.org\/concert-l-ame-slave-a-copernic\/\"><img fetchpriority=\"high\" decoding=\"async\" class=\"alignleft wp-image-19756 size-full\" src=\"https:\/\/www.iemj.org\/wp-content\/uploads\/2018\/05\/concert_l_ame_slave_a_copernic500px_60.jpg\" alt=\"concert_l_ame_slave_a_copernic500px_60.jpg\" width=\"300\" height=\"221\" align=\"left\" \/><\/a><\/p>\n<p><a href=\"https:\/\/www.iemj.org\/concert-autour-de-rossi-et-rossini\/\"><img decoding=\"async\" class=\" alignright size-full wp-image-19758\" src=\"https:\/\/www.iemj.org\/wp-content\/uploads\/2018\/05\/concert_rossi_rossini_500px_60.jpg\" alt=\"concert_rossi_rossini_500px_60.jpg\" width=\"300\" height=\"221\" align=\"right\" \/><\/a><\/p>\n\n\n<p><\/p>\n","protected":false},"excerpt":{"rendered":"<p>Die Copernic-Synagoge misst der Musik eine ganz besondere Stellung und Aufmerksamkeit bei. Jeder in der Synagoge stattfindender Gottesdienst wartet mit qualitativ hochwertige liturgische Musik, mitsamt Orgelbegleitung, einem professionellem gemischten Chor,<\/p>\n","protected":false},"author":5,"featured_media":113141,"comment_status":"closed","ping_status":"open","sticky":false,"template":"","format":"standard","meta":{"_acf_changed":false,"footnotes":""},"categories":[1585],"tags":[],"technique":[],"squelettes":[],"sujet":[],"formation":[],"genre":[],"fonds":[1925],"tradition":[],"type-de-contenu":[],"interprete-compositeur":[],"frise":[],"type-devenement":[],"tableaux-liens-externes":[],"class_list":["post-42553","post","type-post","status-publish","format-standard","has-post-thumbnail","hentry","category-fonds-de","fonds-copernic-fonds-de"],"acf":[],"yoast_head":"<!-- This site is optimized with the Yoast SEO plugin v27.3 - https:\/\/yoast.com\/product\/yoast-seo-wordpress\/ -->\n<title>Fonds der Copernic-Synagoge - Institut Europ\u00e9en des Musiques Juives<\/title>\n<meta name=\"robots\" content=\"index, follow, max-snippet:-1, max-image-preview:large, max-video-preview:-1\" \/>\n<link rel=\"canonical\" href=\"https:\/\/www.iemj.org\/de\/fonds-ulif-copernic\/\" \/>\n<meta property=\"og:locale\" content=\"de_DE\" \/>\n<meta property=\"og:type\" content=\"article\" \/>\n<meta property=\"og:title\" content=\"Fonds der Copernic-Synagoge - Institut Europ\u00e9en des Musiques Juives\" \/>\n<meta property=\"og:description\" content=\"Die Copernic-Synagoge misst der Musik eine ganz besondere Stellung und Aufmerksamkeit bei. Jeder in der Synagoge stattfindender Gottesdienst wartet mit qualitativ hochwertige liturgische Musik, mitsamt Orgelbegleitung, einem professionellem gemischten Chor,\" \/>\n<meta property=\"og:url\" content=\"https:\/\/www.iemj.org\/de\/fonds-ulif-copernic\/\" \/>\n<meta property=\"og:site_name\" content=\"Institut Europ\u00e9en des Musiques Juives\" \/>\n<meta property=\"article:publisher\" content=\"https:\/\/www.facebook.com\/MusiquesJuives\/\" \/>\n<meta property=\"article:published_time\" content=\"2018-05-23T15:32:13+00:00\" \/>\n<meta property=\"article:modified_time\" content=\"2024-08-28T15:23:01+00:00\" \/>\n<meta property=\"og:image\" content=\"https:\/\/www.iemj.org\/wp-content\/uploads\/2018\/05\/logo-3.jpg\" \/>\n\t<meta property=\"og:image:width\" content=\"500\" \/>\n\t<meta property=\"og:image:height\" content=\"500\" \/>\n\t<meta property=\"og:image:type\" content=\"image\/jpeg\" \/>\n<meta name=\"author\" content=\"Jacqueline ROTEN\" \/>\n<meta name=\"twitter:card\" content=\"summary_large_image\" \/>\n<meta name=\"twitter:label1\" content=\"Verfasst von\" \/>\n\t<meta name=\"twitter:data1\" content=\"Jacqueline ROTEN\" \/>\n\t<meta name=\"twitter:label2\" content=\"Gesch\u00e4tzte Lesezeit\" \/>\n\t<meta name=\"twitter:data2\" content=\"3\u00a0Minuten\" \/>\n<script type=\"application\/ld+json\" class=\"yoast-schema-graph\">{\"@context\":\"https:\\\/\\\/schema.org\",\"@graph\":[{\"@type\":\"Article\",\"@id\":\"https:\\\/\\\/www.iemj.org\\\/de\\\/fonds-ulif-copernic\\\/#article\",\"isPartOf\":{\"@id\":\"https:\\\/\\\/www.iemj.org\\\/de\\\/fonds-ulif-copernic\\\/\"},\"author\":{\"name\":\"Jacqueline ROTEN\",\"@id\":\"https:\\\/\\\/www.iemj.org\\\/de\\\/#\\\/schema\\\/person\\\/358e26c18aca017fcc4cc15437f7279c\"},\"headline\":\"Fonds der Copernic-Synagoge\",\"datePublished\":\"2018-05-23T15:32:13+00:00\",\"dateModified\":\"2024-08-28T15:23:01+00:00\",\"mainEntityOfPage\":{\"@id\":\"https:\\\/\\\/www.iemj.org\\\/de\\\/fonds-ulif-copernic\\\/\"},\"wordCount\":380,\"publisher\":{\"@id\":\"https:\\\/\\\/www.iemj.org\\\/de\\\/#organization\"},\"image\":{\"@id\":\"https:\\\/\\\/www.iemj.org\\\/de\\\/fonds-ulif-copernic\\\/#primaryimage\"},\"thumbnailUrl\":\"https:\\\/\\\/www.iemj.org\\\/wp-content\\\/uploads\\\/2018\\\/05\\\/logo-3.jpg\",\"articleSection\":[\"Fonds\"],\"inLanguage\":\"de\"},{\"@type\":\"WebPage\",\"@id\":\"https:\\\/\\\/www.iemj.org\\\/de\\\/fonds-ulif-copernic\\\/\",\"url\":\"https:\\\/\\\/www.iemj.org\\\/de\\\/fonds-ulif-copernic\\\/\",\"name\":\"Fonds der Copernic-Synagoge - Institut Europ\u00e9en des Musiques Juives\",\"isPartOf\":{\"@id\":\"https:\\\/\\\/www.iemj.org\\\/de\\\/#website\"},\"primaryImageOfPage\":{\"@id\":\"https:\\\/\\\/www.iemj.org\\\/de\\\/fonds-ulif-copernic\\\/#primaryimage\"},\"image\":{\"@id\":\"https:\\\/\\\/www.iemj.org\\\/de\\\/fonds-ulif-copernic\\\/#primaryimage\"},\"thumbnailUrl\":\"https:\\\/\\\/www.iemj.org\\\/wp-content\\\/uploads\\\/2018\\\/05\\\/logo-3.jpg\",\"datePublished\":\"2018-05-23T15:32:13+00:00\",\"dateModified\":\"2024-08-28T15:23:01+00:00\",\"breadcrumb\":{\"@id\":\"https:\\\/\\\/www.iemj.org\\\/de\\\/fonds-ulif-copernic\\\/#breadcrumb\"},\"inLanguage\":\"de\",\"potentialAction\":[{\"@type\":\"ReadAction\",\"target\":[\"https:\\\/\\\/www.iemj.org\\\/de\\\/fonds-ulif-copernic\\\/\"]}]},{\"@type\":\"ImageObject\",\"inLanguage\":\"de\",\"@id\":\"https:\\\/\\\/www.iemj.org\\\/de\\\/fonds-ulif-copernic\\\/#primaryimage\",\"url\":\"https:\\\/\\\/www.iemj.org\\\/wp-content\\\/uploads\\\/2018\\\/05\\\/logo-3.jpg\",\"contentUrl\":\"https:\\\/\\\/www.iemj.org\\\/wp-content\\\/uploads\\\/2018\\\/05\\\/logo-3.jpg\",\"width\":500,\"height\":500},{\"@type\":\"BreadcrumbList\",\"@id\":\"https:\\\/\\\/www.iemj.org\\\/de\\\/fonds-ulif-copernic\\\/#breadcrumb\",\"itemListElement\":[{\"@type\":\"ListItem\",\"position\":1,\"name\":\"Accueil\",\"item\":\"https:\\\/\\\/www.iemj.org\\\/de\\\/\"},{\"@type\":\"ListItem\",\"position\":2,\"name\":\"Fonds der Copernic-Synagoge\"}]},{\"@type\":\"WebSite\",\"@id\":\"https:\\\/\\\/www.iemj.org\\\/de\\\/#website\",\"url\":\"https:\\\/\\\/www.iemj.org\\\/de\\\/\",\"name\":\"Institut Europ\u00e9en des Musiques Juives\",\"description\":\"Des traditions musicales \u00e0 la port\u00e9e de tous\",\"publisher\":{\"@id\":\"https:\\\/\\\/www.iemj.org\\\/de\\\/#organization\"},\"potentialAction\":[{\"@type\":\"SearchAction\",\"target\":{\"@type\":\"EntryPoint\",\"urlTemplate\":\"https:\\\/\\\/www.iemj.org\\\/de\\\/?s={search_term_string}\"},\"query-input\":{\"@type\":\"PropertyValueSpecification\",\"valueRequired\":true,\"valueName\":\"search_term_string\"}}],\"inLanguage\":\"de\"},{\"@type\":\"Organization\",\"@id\":\"https:\\\/\\\/www.iemj.org\\\/de\\\/#organization\",\"name\":\"Institut Europ\u00e9en des Musiques Juives\",\"url\":\"https:\\\/\\\/www.iemj.org\\\/de\\\/\",\"logo\":{\"@type\":\"ImageObject\",\"inLanguage\":\"de\",\"@id\":\"https:\\\/\\\/www.iemj.org\\\/de\\\/#\\\/schema\\\/logo\\\/image\\\/\",\"url\":\"https:\\\/\\\/www.iemj.org\\\/wp-content\\\/uploads\\\/2021\\\/09\\\/Logo-IEMJ-Paypal.jpg\",\"contentUrl\":\"https:\\\/\\\/www.iemj.org\\\/wp-content\\\/uploads\\\/2021\\\/09\\\/Logo-IEMJ-Paypal.jpg\",\"width\":150,\"height\":50,\"caption\":\"Institut Europ\u00e9en des Musiques Juives\"},\"image\":{\"@id\":\"https:\\\/\\\/www.iemj.org\\\/de\\\/#\\\/schema\\\/logo\\\/image\\\/\"},\"sameAs\":[\"https:\\\/\\\/www.facebook.com\\\/MusiquesJuives\\\/\",\"https:\\\/\\\/www.instagram.com\\\/musiquesjuives\\\/\",\"https:\\\/\\\/www.youtube.com\\\/user\\\/musiquesjuives\"]},{\"@type\":\"Person\",\"@id\":\"https:\\\/\\\/www.iemj.org\\\/de\\\/#\\\/schema\\\/person\\\/358e26c18aca017fcc4cc15437f7279c\",\"name\":\"Jacqueline ROTEN\",\"image\":{\"@type\":\"ImageObject\",\"inLanguage\":\"de\",\"@id\":\"https:\\\/\\\/secure.gravatar.com\\\/avatar\\\/5964256d6c6957de3a3505278957e0fb2a35119ac47ea41827a65301213c810b?s=96&d=mm&r=g\",\"url\":\"https:\\\/\\\/secure.gravatar.com\\\/avatar\\\/5964256d6c6957de3a3505278957e0fb2a35119ac47ea41827a65301213c810b?s=96&d=mm&r=g\",\"contentUrl\":\"https:\\\/\\\/secure.gravatar.com\\\/avatar\\\/5964256d6c6957de3a3505278957e0fb2a35119ac47ea41827a65301213c810b?s=96&d=mm&r=g\",\"caption\":\"Jacqueline ROTEN\"}}]}<\/script>\n<!-- \/ Yoast SEO plugin. -->","yoast_head_json":{"title":"Fonds der Copernic-Synagoge - Institut Europ\u00e9en des Musiques Juives","robots":{"index":"index","follow":"follow","max-snippet":"max-snippet:-1","max-image-preview":"max-image-preview:large","max-video-preview":"max-video-preview:-1"},"canonical":"https:\/\/www.iemj.org\/de\/fonds-ulif-copernic\/","og_locale":"de_DE","og_type":"article","og_title":"Fonds der Copernic-Synagoge - Institut Europ\u00e9en des Musiques Juives","og_description":"Die Copernic-Synagoge misst der Musik eine ganz besondere Stellung und Aufmerksamkeit bei. Jeder in der Synagoge stattfindender Gottesdienst wartet mit qualitativ hochwertige liturgische Musik, mitsamt Orgelbegleitung, einem professionellem gemischten Chor,","og_url":"https:\/\/www.iemj.org\/de\/fonds-ulif-copernic\/","og_site_name":"Institut Europ\u00e9en des Musiques Juives","article_publisher":"https:\/\/www.facebook.com\/MusiquesJuives\/","article_published_time":"2018-05-23T15:32:13+00:00","article_modified_time":"2024-08-28T15:23:01+00:00","og_image":[{"width":500,"height":500,"url":"https:\/\/www.iemj.org\/wp-content\/uploads\/2018\/05\/logo-3.jpg","type":"image\/jpeg"}],"author":"Jacqueline ROTEN","twitter_card":"summary_large_image","twitter_misc":{"Verfasst von":"Jacqueline ROTEN","Gesch\u00e4tzte Lesezeit":"3\u00a0Minuten"},"schema":{"@context":"https:\/\/schema.org","@graph":[{"@type":"Article","@id":"https:\/\/www.iemj.org\/de\/fonds-ulif-copernic\/#article","isPartOf":{"@id":"https:\/\/www.iemj.org\/de\/fonds-ulif-copernic\/"},"author":{"name":"Jacqueline ROTEN","@id":"https:\/\/www.iemj.org\/de\/#\/schema\/person\/358e26c18aca017fcc4cc15437f7279c"},"headline":"Fonds der Copernic-Synagoge","datePublished":"2018-05-23T15:32:13+00:00","dateModified":"2024-08-28T15:23:01+00:00","mainEntityOfPage":{"@id":"https:\/\/www.iemj.org\/de\/fonds-ulif-copernic\/"},"wordCount":380,"publisher":{"@id":"https:\/\/www.iemj.org\/de\/#organization"},"image":{"@id":"https:\/\/www.iemj.org\/de\/fonds-ulif-copernic\/#primaryimage"},"thumbnailUrl":"https:\/\/www.iemj.org\/wp-content\/uploads\/2018\/05\/logo-3.jpg","articleSection":["Fonds"],"inLanguage":"de"},{"@type":"WebPage","@id":"https:\/\/www.iemj.org\/de\/fonds-ulif-copernic\/","url":"https:\/\/www.iemj.org\/de\/fonds-ulif-copernic\/","name":"Fonds der Copernic-Synagoge - Institut Europ\u00e9en des Musiques Juives","isPartOf":{"@id":"https:\/\/www.iemj.org\/de\/#website"},"primaryImageOfPage":{"@id":"https:\/\/www.iemj.org\/de\/fonds-ulif-copernic\/#primaryimage"},"image":{"@id":"https:\/\/www.iemj.org\/de\/fonds-ulif-copernic\/#primaryimage"},"thumbnailUrl":"https:\/\/www.iemj.org\/wp-content\/uploads\/2018\/05\/logo-3.jpg","datePublished":"2018-05-23T15:32:13+00:00","dateModified":"2024-08-28T15:23:01+00:00","breadcrumb":{"@id":"https:\/\/www.iemj.org\/de\/fonds-ulif-copernic\/#breadcrumb"},"inLanguage":"de","potentialAction":[{"@type":"ReadAction","target":["https:\/\/www.iemj.org\/de\/fonds-ulif-copernic\/"]}]},{"@type":"ImageObject","inLanguage":"de","@id":"https:\/\/www.iemj.org\/de\/fonds-ulif-copernic\/#primaryimage","url":"https:\/\/www.iemj.org\/wp-content\/uploads\/2018\/05\/logo-3.jpg","contentUrl":"https:\/\/www.iemj.org\/wp-content\/uploads\/2018\/05\/logo-3.jpg","width":500,"height":500},{"@type":"BreadcrumbList","@id":"https:\/\/www.iemj.org\/de\/fonds-ulif-copernic\/#breadcrumb","itemListElement":[{"@type":"ListItem","position":1,"name":"Accueil","item":"https:\/\/www.iemj.org\/de\/"},{"@type":"ListItem","position":2,"name":"Fonds der Copernic-Synagoge"}]},{"@type":"WebSite","@id":"https:\/\/www.iemj.org\/de\/#website","url":"https:\/\/www.iemj.org\/de\/","name":"Institut Europ\u00e9en des Musiques Juives","description":"Des traditions musicales \u00e0 la port\u00e9e de tous","publisher":{"@id":"https:\/\/www.iemj.org\/de\/#organization"},"potentialAction":[{"@type":"SearchAction","target":{"@type":"EntryPoint","urlTemplate":"https:\/\/www.iemj.org\/de\/?s={search_term_string}"},"query-input":{"@type":"PropertyValueSpecification","valueRequired":true,"valueName":"search_term_string"}}],"inLanguage":"de"},{"@type":"Organization","@id":"https:\/\/www.iemj.org\/de\/#organization","name":"Institut Europ\u00e9en des Musiques Juives","url":"https:\/\/www.iemj.org\/de\/","logo":{"@type":"ImageObject","inLanguage":"de","@id":"https:\/\/www.iemj.org\/de\/#\/schema\/logo\/image\/","url":"https:\/\/www.iemj.org\/wp-content\/uploads\/2021\/09\/Logo-IEMJ-Paypal.jpg","contentUrl":"https:\/\/www.iemj.org\/wp-content\/uploads\/2021\/09\/Logo-IEMJ-Paypal.jpg","width":150,"height":50,"caption":"Institut Europ\u00e9en des Musiques Juives"},"image":{"@id":"https:\/\/www.iemj.org\/de\/#\/schema\/logo\/image\/"},"sameAs":["https:\/\/www.facebook.com\/MusiquesJuives\/","https:\/\/www.instagram.com\/musiquesjuives\/","https:\/\/www.youtube.com\/user\/musiquesjuives"]},{"@type":"Person","@id":"https:\/\/www.iemj.org\/de\/#\/schema\/person\/358e26c18aca017fcc4cc15437f7279c","name":"Jacqueline ROTEN","image":{"@type":"ImageObject","inLanguage":"de","@id":"https:\/\/secure.gravatar.com\/avatar\/5964256d6c6957de3a3505278957e0fb2a35119ac47ea41827a65301213c810b?s=96&d=mm&r=g","url":"https:\/\/secure.gravatar.com\/avatar\/5964256d6c6957de3a3505278957e0fb2a35119ac47ea41827a65301213c810b?s=96&d=mm&r=g","contentUrl":"https:\/\/secure.gravatar.com\/avatar\/5964256d6c6957de3a3505278957e0fb2a35119ac47ea41827a65301213c810b?s=96&d=mm&r=g","caption":"Jacqueline ROTEN"}}]}},"_links":{"self":[{"href":"https:\/\/www.iemj.org\/de\/wp-json\/wp\/v2\/posts\/42553","targetHints":{"allow":["GET"]}}],"collection":[{"href":"https:\/\/www.iemj.org\/de\/wp-json\/wp\/v2\/posts"}],"about":[{"href":"https:\/\/www.iemj.org\/de\/wp-json\/wp\/v2\/types\/post"}],"author":[{"embeddable":true,"href":"https:\/\/www.iemj.org\/de\/wp-json\/wp\/v2\/users\/5"}],"replies":[{"embeddable":true,"href":"https:\/\/www.iemj.org\/de\/wp-json\/wp\/v2\/comments?post=42553"}],"version-history":[{"count":0,"href":"https:\/\/www.iemj.org\/de\/wp-json\/wp\/v2\/posts\/42553\/revisions"}],"wp:featuredmedia":[{"embeddable":true,"href":"https:\/\/www.iemj.org\/de\/wp-json\/wp\/v2\/media\/113141"}],"wp:attachment":[{"href":"https:\/\/www.iemj.org\/de\/wp-json\/wp\/v2\/media?parent=42553"}],"wp:term":[{"taxonomy":"category","embeddable":true,"href":"https:\/\/www.iemj.org\/de\/wp-json\/wp\/v2\/categories?post=42553"},{"taxonomy":"post_tag","embeddable":true,"href":"https:\/\/www.iemj.org\/de\/wp-json\/wp\/v2\/tags?post=42553"},{"taxonomy":"technique","embeddable":true,"href":"https:\/\/www.iemj.org\/de\/wp-json\/wp\/v2\/technique?post=42553"},{"taxonomy":"squelettes","embeddable":true,"href":"https:\/\/www.iemj.org\/de\/wp-json\/wp\/v2\/squelettes?post=42553"},{"taxonomy":"sujet","embeddable":true,"href":"https:\/\/www.iemj.org\/de\/wp-json\/wp\/v2\/sujet?post=42553"},{"taxonomy":"formation","embeddable":true,"href":"https:\/\/www.iemj.org\/de\/wp-json\/wp\/v2\/formation?post=42553"},{"taxonomy":"genre","embeddable":true,"href":"https:\/\/www.iemj.org\/de\/wp-json\/wp\/v2\/genre?post=42553"},{"taxonomy":"fonds","embeddable":true,"href":"https:\/\/www.iemj.org\/de\/wp-json\/wp\/v2\/fonds?post=42553"},{"taxonomy":"tradition","embeddable":true,"href":"https:\/\/www.iemj.org\/de\/wp-json\/wp\/v2\/tradition?post=42553"},{"taxonomy":"type-de-contenu","embeddable":true,"href":"https:\/\/www.iemj.org\/de\/wp-json\/wp\/v2\/type-de-contenu?post=42553"},{"taxonomy":"interprete-compositeur","embeddable":true,"href":"https:\/\/www.iemj.org\/de\/wp-json\/wp\/v2\/interprete-compositeur?post=42553"},{"taxonomy":"frise","embeddable":true,"href":"https:\/\/www.iemj.org\/de\/wp-json\/wp\/v2\/frise?post=42553"},{"taxonomy":"type-devenement","embeddable":true,"href":"https:\/\/www.iemj.org\/de\/wp-json\/wp\/v2\/type-devenement?post=42553"},{"taxonomy":"tableaux-liens-externes","embeddable":true,"href":"https:\/\/www.iemj.org\/de\/wp-json\/wp\/v2\/tableaux-liens-externes?post=42553"}],"curies":[{"name":"wp","href":"https:\/\/api.w.org\/{rel}","templated":true}]}}