{"id":42734,"date":"2020-09-23T12:38:33","date_gmt":"2020-09-23T10:38:33","guid":{"rendered":"https:\/\/www.iemj.org\/les-selihot-dans-le-rite-algerien\/"},"modified":"2024-02-16T17:04:34","modified_gmt":"2024-02-16T16:04:34","slug":"les-selihot-dans-le-rite-algerien","status":"publish","type":"post","link":"https:\/\/www.iemj.org\/de\/les-selihot-dans-le-rite-algerien\/","title":{"rendered":"Die Slichot im algerischen Ritus"},"content":{"rendered":"<p><strong>Eine Auswahl von<\/strong> <strong><em>Slichot <\/em>gespielt von Israel Dadoun, Abraham Dahan, Philippe Darmon, Amir Eliahou, Georges E. Haik, Haim Harboun und Andr\u00e9 Ta\u00efeb<\/strong><\/p>\n<p><!--more--><\/p>\n<p>Die <em>Slichot <\/em>sind Gebete der Bu\u00dfe und Reue, mit denen der Gl\u00e4ubige bei Gott, f\u00fcr die begangenen S\u00fcnden, um Vergebung bittet. Dieser Brauch basiert auf den <a href=\"https:\/\/en.wikipedia.org\/wiki\/Thirteen_Attributes_of_Mercy\" target=\"_blank\" rel=\"noopener\">13 g\u00f6ttlichen Attributen der Barmherzigkeit<\/a>, die der \u00dcberlieferung nach, Moses von Gott \u00fcbergeben wurden (Exodus, 34, 6-7). Urspr\u00fcnglich wurden die <em>Slichot<\/em> w\u00e4hrend der Jom-Kippur- und Fastengottesdienste gelesen. Dann weitete sich der Brauch auf die 10 Tage (<em>Jamim Noraim<\/em>), zwischen Rosch ha-Schana und Kippur aus. Die aschkenasische und die chassidische Gemeinschaft sprechen die <em>Slichot <\/em>an dem Samstag, welcher dem Fest Rosch ha-Schana (um mindestens vier Tage) vorausgeht. Die sephardischen Gemeinschaften wiederum, lesen sie ab dem 1. Elul, vierzig Tage lang bei Sonnenaufgang und vor dem Morgengebet.<\/p>\n<p>Auf der folgenden Playlist ist eine Auswahl an <em>Slichot, <\/em>aus verschiedenen algerischen Riten, zu h\u00f6ren. Die algerischen, oranischen und konstantinischen Traditionen haben ihre Wurzeln im spanischen Judentum. Im 16., sowie im 17. Jahrhundert und besonders zwischen dem 14. und 16. Jahrhundert vermischten sich Juden der iberischen Halbinsel mit der lokalen j\u00fcdischen Bev\u00f6lkerung und beeinflussten so ihre Traditionen. Im 18. Jahrhundert lie\u00dfen sich italienische sephardische Juden aus Livorno in Algerien nieder und dienten Europa und dem Osmanischen Reich als Zwischenh\u00e4ndler. Im 19. Jahrhundert kam es dann zur Ankunft von Juden aus T\u00e9touan (Marokko). Schlie\u00dflich wurde Algerien 1830 durch Frankreich kolonisiert, woraufhin das franz\u00f6sische Modell des Konsistoriums und die Alliance isra\u00e9lite universelle, die Einf\u00fchrung portugiesischer sephardischer, wenn nicht gar aschkenasischer Melodien, in den Gottesdiensten der wichtigsten algerischen Metropolen, beg\u00fcnstigten. Die gro\u00dfe Synagoge von Oran war sogar mit einer gro\u00dfen, 18 Register und 900 Pfeifen umfassenden Orgel ausgestattet!<\/p>\n<ul>\n<li><a href=\"https:\/\/www.iemj.org\/de\/les-selihot-%d7%a1%d7%9c%d7%99%d7%97%d7%95%d7%aa\/\" target=\"_blank\" rel=\"noopener\">Lesen Sie den Beitrag \u00fcber die Slichot<\/a><\/li>\n<li><a href=\"https:\/\/www.iemj.org\/de\/chants-des-juifs-dalgerie-1\/\" target=\"_blank\" rel=\"noopener\">H\u00f6ren Sie die Playlist \u2013 Gesang algerischer Juden 1<\/a><\/li>\n<li><a href=\"https:\/\/www.iemj.org\/de\/chants-des-juifs-dalgerie-2\/\" target=\"_blank\" rel=\"noopener\">H\u00f6ren Sie die Playlist \u2013 Gesang algerischer Juden 2<\/a><\/li>\n<\/ul>\n\n\n<figure class=\"wp-block-image size-large\"><img fetchpriority=\"high\" decoding=\"async\" width=\"1024\" height=\"146\" src=\"https:\/\/www.iemj.org\/wp-content\/uploads\/2023\/01\/Bandeau-Playlist_DE2-1024x146.jpg\" alt=\"\" class=\"wp-image-93110\" srcset=\"https:\/\/www.iemj.org\/wp-content\/uploads\/2023\/01\/Bandeau-Playlist_DE2-1024x146.jpg 1024w, https:\/\/www.iemj.org\/wp-content\/uploads\/2023\/01\/Bandeau-Playlist_DE2-300x43.jpg 300w, https:\/\/www.iemj.org\/wp-content\/uploads\/2023\/01\/Bandeau-Playlist_DE2-768x110.jpg 768w, https:\/\/www.iemj.org\/wp-content\/uploads\/2023\/01\/Bandeau-Playlist_DE2-1536x220.jpg 1536w, https:\/\/www.iemj.org\/wp-content\/uploads\/2023\/01\/Bandeau-Playlist_DE2-600x86.jpg 600w, https:\/\/www.iemj.org\/wp-content\/uploads\/2023\/01\/Bandeau-Playlist_DE2.jpg 1608w\" sizes=\"(max-width: 1024px) 100vw, 1024px\" \/><\/figure>\n\n\n\n<div class=\"wp-block-file\"><a id=\"wp-block-file--media-8faea979-f928-4367-b62d-de8c5c95e047\" href=\"https:\/\/www.iemj.org\/wp-content\/uploads\/2020\/09\/01_ben_adam__grand_rabbin_georges_e._haik.mp3\">Ben Adam &#8211; Grand Rabbin Georges E Haik<\/a><\/div>\n\n\n\n<div class=\"wp-block-file\"><a id=\"wp-block-file--media-b9a6e06e-777f-40a8-9abd-eb54965136d9\" href=\"https:\/\/www.iemj.org\/wp-content\/uploads\/2020\/09\/02_hamelekh_adonay_hazan_andr_ta_eb_rite_constantinois_.mp3\">Hamelekh Adonay &#8211; Hazan Andr\u00e9 Ta\u00efeb (rite constantinois)<\/a><\/div>\n\n\n\n<div class=\"wp-block-file\"><a id=\"wp-block-file--media-372fc24b-2cee-49d5-bbab-3de53c98b64d\" href=\"https:\/\/www.iemj.org\/wp-content\/uploads\/2020\/09\/03_rakhamana_rabbin_abraham_dahan.mp3\">Rakhamana &#8211; Rabbin Abraham Dahan<\/a><\/div>\n\n\n\n<div class=\"wp-block-file\"><a id=\"wp-block-file--media-d53dba8b-cb5b-4878-9673-e6257fa240db\" href=\"https:\/\/www.iemj.org\/wp-content\/uploads\/2020\/09\/04_et_chaare_ratson_philippe_darmon_rite_alg_rois_.mp3\">Et Chaare Ratson &#8211; Philippe Darmon (rite alg\u00e9rois)<\/a><\/div>\n\n\n\n<div class=\"wp-block-file\"><a id=\"wp-block-file--media-c0c44c89-71bf-4566-a9a3-1f790eaeba4a\" href=\"https:\/\/www.iemj.org\/wp-content\/uploads\/2020\/09\/05_selihot_diverses_rite_algerois_.mp3\">Selihot diverses (rite alg\u00e9rois)<\/a><\/div>\n\n\n\n<div class=\"wp-block-file\"><a id=\"wp-block-file--media-e6d52384-fb18-4769-8fe0-332fcb65d143\" href=\"https:\/\/www.iemj.org\/wp-content\/uploads\/2020\/09\/06_selihot_diverses_rite_constantinois_.mp3\">Selihot diverses (rite constantinois)<\/a><\/div>\n\n\n\n<div class=\"wp-block-file\"><a id=\"wp-block-file--media-1d8ddbff-86f0-428e-bbaf-1739d044efdc\" href=\"https:\/\/www.iemj.org\/wp-content\/uploads\/2020\/09\/07_elekha_hadoshem_amir_eliahou_rite_constantinois_.mp3\">Elekha Hadoshem Amir Eliahou (rite constantinois)<\/a><\/div>\n\n\n\n<div class=\"wp-block-file\"><a id=\"wp-block-file--media-c863b20b-7c9d-4c51-b7cf-2a9b13536081\" href=\"https:\/\/www.iemj.org\/wp-content\/uploads\/2020\/09\/08_instrumental_oranais_sur_l_air_des_selihot_israel_dadoun.mp3\">Instrumental oranais sur l&#8217;air des selihot &#8211; Israel Dadoun<\/a><\/div>\n\n\n\n<div class=\"wp-block-file\"><a id=\"wp-block-file--media-46458622-8de2-418f-9afd-3bebe5efaedb\" href=\"https:\/\/www.iemj.org\/wp-content\/uploads\/2020\/09\/09_elekha_hadoshem_harboun_haim_rite_oranais_.mp3\">Elekha Hadoshem &#8211; Harboun Haim (rite oranais)<\/a><\/div>\n","protected":false},"excerpt":{"rendered":"<p>Eine Auswahl von Slichot gespielt von Israel Dadoun, Abraham Dahan, Philippe Darmon, Amir Eliahou, Georges E. Haik, Haim Harboun und Andr\u00e9 Ta\u00efeb<\/p>\n","protected":false},"author":1045,"featured_media":42735,"comment_status":"closed","ping_status":"closed","sticky":false,"template":"","format":"standard","meta":{"_acf_changed":false,"footnotes":""},"categories":[1534],"tags":[],"technique":[],"squelettes":[],"sujet":[],"formation":[],"genre":[1891],"fonds":[],"tradition":[1986],"type-de-contenu":[],"interprete-compositeur":[],"frise":[],"type-devenement":[],"tableaux-liens-externes":[],"class_list":["post-42734","post","type-post","status-publish","format-standard","has-post-thumbnail","hentry","category-playlists-de","genre-liturgie-de","tradition-algerischer-ritus-de"],"acf":[],"yoast_head":"<!-- This site is optimized with the Yoast SEO plugin v27.3 - https:\/\/yoast.com\/product\/yoast-seo-wordpress\/ -->\n<title>Die Slichot im algerischen Ritus - Institut Europ\u00e9en des Musiques Juives<\/title>\n<meta name=\"robots\" content=\"index, follow, max-snippet:-1, max-image-preview:large, max-video-preview:-1\" \/>\n<link rel=\"canonical\" href=\"https:\/\/www.iemj.org\/de\/les-selihot-dans-le-rite-algerien\/\" \/>\n<meta property=\"og:locale\" content=\"de_DE\" \/>\n<meta property=\"og:type\" content=\"article\" \/>\n<meta property=\"og:title\" content=\"Die Slichot im algerischen Ritus - Institut Europ\u00e9en des Musiques Juives\" \/>\n<meta property=\"og:description\" content=\"Eine Auswahl von Slichot gespielt von Israel Dadoun, Abraham Dahan, Philippe Darmon, Amir Eliahou, Georges E. Haik, Haim Harboun und Andr\u00e9 Ta\u00efeb\" \/>\n<meta property=\"og:url\" content=\"https:\/\/www.iemj.org\/de\/les-selihot-dans-le-rite-algerien\/\" \/>\n<meta property=\"og:site_name\" content=\"Institut Europ\u00e9en des Musiques Juives\" \/>\n<meta property=\"article:publisher\" content=\"https:\/\/www.facebook.com\/MusiquesJuives\/\" \/>\n<meta property=\"article:published_time\" content=\"2020-09-23T10:38:33+00:00\" \/>\n<meta property=\"article:modified_time\" content=\"2024-02-16T16:04:34+00:00\" \/>\n<meta property=\"og:image\" content=\"https:\/\/www.iemj.org\/wp-content\/uploads\/2020\/09\/arton4840.jpg\" \/>\n\t<meta property=\"og:image:width\" content=\"336\" \/>\n\t<meta property=\"og:image:height\" content=\"336\" \/>\n\t<meta property=\"og:image:type\" content=\"image\/jpeg\" \/>\n<meta name=\"author\" content=\"Herv\u00e9 Roten\" \/>\n<meta name=\"twitter:card\" content=\"summary_large_image\" \/>\n<meta name=\"twitter:label1\" content=\"Verfasst von\" \/>\n\t<meta name=\"twitter:data1\" content=\"Herv\u00e9 Roten\" \/>\n\t<meta name=\"twitter:label2\" content=\"Gesch\u00e4tzte Lesezeit\" \/>\n\t<meta name=\"twitter:data2\" content=\"3\u00a0Minuten\" \/>\n<script type=\"application\/ld+json\" class=\"yoast-schema-graph\">{\"@context\":\"https:\\\/\\\/schema.org\",\"@graph\":[{\"@type\":\"Article\",\"@id\":\"https:\\\/\\\/www.iemj.org\\\/de\\\/les-selihot-dans-le-rite-algerien\\\/#article\",\"isPartOf\":{\"@id\":\"https:\\\/\\\/www.iemj.org\\\/de\\\/les-selihot-dans-le-rite-algerien\\\/\"},\"author\":{\"name\":\"Herv\u00e9 Roten\",\"@id\":\"https:\\\/\\\/www.iemj.org\\\/de\\\/#\\\/schema\\\/person\\\/906134402c29d5c76e7b726261dd4bbd\"},\"headline\":\"Die Slichot im algerischen Ritus\",\"datePublished\":\"2020-09-23T10:38:33+00:00\",\"dateModified\":\"2024-02-16T16:04:34+00:00\",\"mainEntityOfPage\":{\"@id\":\"https:\\\/\\\/www.iemj.org\\\/de\\\/les-selihot-dans-le-rite-algerien\\\/\"},\"wordCount\":377,\"publisher\":{\"@id\":\"https:\\\/\\\/www.iemj.org\\\/de\\\/#organization\"},\"image\":{\"@id\":\"https:\\\/\\\/www.iemj.org\\\/de\\\/les-selihot-dans-le-rite-algerien\\\/#primaryimage\"},\"thumbnailUrl\":\"https:\\\/\\\/www.iemj.org\\\/wp-content\\\/uploads\\\/2020\\\/09\\\/arton4840.jpg\",\"articleSection\":[\"Playlists\"],\"inLanguage\":\"de\"},{\"@type\":\"WebPage\",\"@id\":\"https:\\\/\\\/www.iemj.org\\\/de\\\/les-selihot-dans-le-rite-algerien\\\/\",\"url\":\"https:\\\/\\\/www.iemj.org\\\/de\\\/les-selihot-dans-le-rite-algerien\\\/\",\"name\":\"Die Slichot im algerischen Ritus - Institut Europ\u00e9en des Musiques Juives\",\"isPartOf\":{\"@id\":\"https:\\\/\\\/www.iemj.org\\\/de\\\/#website\"},\"primaryImageOfPage\":{\"@id\":\"https:\\\/\\\/www.iemj.org\\\/de\\\/les-selihot-dans-le-rite-algerien\\\/#primaryimage\"},\"image\":{\"@id\":\"https:\\\/\\\/www.iemj.org\\\/de\\\/les-selihot-dans-le-rite-algerien\\\/#primaryimage\"},\"thumbnailUrl\":\"https:\\\/\\\/www.iemj.org\\\/wp-content\\\/uploads\\\/2020\\\/09\\\/arton4840.jpg\",\"datePublished\":\"2020-09-23T10:38:33+00:00\",\"dateModified\":\"2024-02-16T16:04:34+00:00\",\"breadcrumb\":{\"@id\":\"https:\\\/\\\/www.iemj.org\\\/de\\\/les-selihot-dans-le-rite-algerien\\\/#breadcrumb\"},\"inLanguage\":\"de\",\"potentialAction\":[{\"@type\":\"ReadAction\",\"target\":[\"https:\\\/\\\/www.iemj.org\\\/de\\\/les-selihot-dans-le-rite-algerien\\\/\"]}]},{\"@type\":\"ImageObject\",\"inLanguage\":\"de\",\"@id\":\"https:\\\/\\\/www.iemj.org\\\/de\\\/les-selihot-dans-le-rite-algerien\\\/#primaryimage\",\"url\":\"https:\\\/\\\/www.iemj.org\\\/wp-content\\\/uploads\\\/2020\\\/09\\\/arton4840.jpg\",\"contentUrl\":\"https:\\\/\\\/www.iemj.org\\\/wp-content\\\/uploads\\\/2020\\\/09\\\/arton4840.jpg\",\"width\":336,\"height\":336},{\"@type\":\"BreadcrumbList\",\"@id\":\"https:\\\/\\\/www.iemj.org\\\/de\\\/les-selihot-dans-le-rite-algerien\\\/#breadcrumb\",\"itemListElement\":[{\"@type\":\"ListItem\",\"position\":1,\"name\":\"Accueil\",\"item\":\"https:\\\/\\\/www.iemj.org\\\/de\\\/\"},{\"@type\":\"ListItem\",\"position\":2,\"name\":\"Die Slichot im algerischen Ritus\"}]},{\"@type\":\"WebSite\",\"@id\":\"https:\\\/\\\/www.iemj.org\\\/de\\\/#website\",\"url\":\"https:\\\/\\\/www.iemj.org\\\/de\\\/\",\"name\":\"Institut Europ\u00e9en des Musiques Juives\",\"description\":\"Des traditions musicales \u00e0 la port\u00e9e de tous\",\"publisher\":{\"@id\":\"https:\\\/\\\/www.iemj.org\\\/de\\\/#organization\"},\"potentialAction\":[{\"@type\":\"SearchAction\",\"target\":{\"@type\":\"EntryPoint\",\"urlTemplate\":\"https:\\\/\\\/www.iemj.org\\\/de\\\/?s={search_term_string}\"},\"query-input\":{\"@type\":\"PropertyValueSpecification\",\"valueRequired\":true,\"valueName\":\"search_term_string\"}}],\"inLanguage\":\"de\"},{\"@type\":\"Organization\",\"@id\":\"https:\\\/\\\/www.iemj.org\\\/de\\\/#organization\",\"name\":\"Institut Europ\u00e9en des Musiques Juives\",\"url\":\"https:\\\/\\\/www.iemj.org\\\/de\\\/\",\"logo\":{\"@type\":\"ImageObject\",\"inLanguage\":\"de\",\"@id\":\"https:\\\/\\\/www.iemj.org\\\/de\\\/#\\\/schema\\\/logo\\\/image\\\/\",\"url\":\"https:\\\/\\\/www.iemj.org\\\/wp-content\\\/uploads\\\/2021\\\/09\\\/Logo-IEMJ-Paypal.jpg\",\"contentUrl\":\"https:\\\/\\\/www.iemj.org\\\/wp-content\\\/uploads\\\/2021\\\/09\\\/Logo-IEMJ-Paypal.jpg\",\"width\":150,\"height\":50,\"caption\":\"Institut Europ\u00e9en des Musiques Juives\"},\"image\":{\"@id\":\"https:\\\/\\\/www.iemj.org\\\/de\\\/#\\\/schema\\\/logo\\\/image\\\/\"},\"sameAs\":[\"https:\\\/\\\/www.facebook.com\\\/MusiquesJuives\\\/\",\"https:\\\/\\\/www.instagram.com\\\/musiquesjuives\\\/\",\"https:\\\/\\\/www.youtube.com\\\/user\\\/musiquesjuives\"]},{\"@type\":\"Person\",\"@id\":\"https:\\\/\\\/www.iemj.org\\\/de\\\/#\\\/schema\\\/person\\\/906134402c29d5c76e7b726261dd4bbd\",\"name\":\"Herv\u00e9 Roten\",\"image\":{\"@type\":\"ImageObject\",\"inLanguage\":\"de\",\"@id\":\"https:\\\/\\\/secure.gravatar.com\\\/avatar\\\/f96ad2db538a26481f18384936b5cd0610c92d390c4dc382209216d455f685ff?s=96&d=mm&r=g\",\"url\":\"https:\\\/\\\/secure.gravatar.com\\\/avatar\\\/f96ad2db538a26481f18384936b5cd0610c92d390c4dc382209216d455f685ff?s=96&d=mm&r=g\",\"contentUrl\":\"https:\\\/\\\/secure.gravatar.com\\\/avatar\\\/f96ad2db538a26481f18384936b5cd0610c92d390c4dc382209216d455f685ff?s=96&d=mm&r=g\",\"caption\":\"Herv\u00e9 Roten\"}}]}<\/script>\n<!-- \/ Yoast SEO plugin. -->","yoast_head_json":{"title":"Die Slichot im algerischen Ritus - Institut Europ\u00e9en des Musiques Juives","robots":{"index":"index","follow":"follow","max-snippet":"max-snippet:-1","max-image-preview":"max-image-preview:large","max-video-preview":"max-video-preview:-1"},"canonical":"https:\/\/www.iemj.org\/de\/les-selihot-dans-le-rite-algerien\/","og_locale":"de_DE","og_type":"article","og_title":"Die Slichot im algerischen Ritus - Institut Europ\u00e9en des Musiques Juives","og_description":"Eine Auswahl von Slichot gespielt von Israel Dadoun, Abraham Dahan, Philippe Darmon, Amir Eliahou, Georges E. Haik, Haim Harboun und Andr\u00e9 Ta\u00efeb","og_url":"https:\/\/www.iemj.org\/de\/les-selihot-dans-le-rite-algerien\/","og_site_name":"Institut Europ\u00e9en des Musiques Juives","article_publisher":"https:\/\/www.facebook.com\/MusiquesJuives\/","article_published_time":"2020-09-23T10:38:33+00:00","article_modified_time":"2024-02-16T16:04:34+00:00","og_image":[{"width":336,"height":336,"url":"https:\/\/www.iemj.org\/wp-content\/uploads\/2020\/09\/arton4840.jpg","type":"image\/jpeg"}],"author":"Herv\u00e9 Roten","twitter_card":"summary_large_image","twitter_misc":{"Verfasst von":"Herv\u00e9 Roten","Gesch\u00e4tzte Lesezeit":"3\u00a0Minuten"},"schema":{"@context":"https:\/\/schema.org","@graph":[{"@type":"Article","@id":"https:\/\/www.iemj.org\/de\/les-selihot-dans-le-rite-algerien\/#article","isPartOf":{"@id":"https:\/\/www.iemj.org\/de\/les-selihot-dans-le-rite-algerien\/"},"author":{"name":"Herv\u00e9 Roten","@id":"https:\/\/www.iemj.org\/de\/#\/schema\/person\/906134402c29d5c76e7b726261dd4bbd"},"headline":"Die Slichot im algerischen Ritus","datePublished":"2020-09-23T10:38:33+00:00","dateModified":"2024-02-16T16:04:34+00:00","mainEntityOfPage":{"@id":"https:\/\/www.iemj.org\/de\/les-selihot-dans-le-rite-algerien\/"},"wordCount":377,"publisher":{"@id":"https:\/\/www.iemj.org\/de\/#organization"},"image":{"@id":"https:\/\/www.iemj.org\/de\/les-selihot-dans-le-rite-algerien\/#primaryimage"},"thumbnailUrl":"https:\/\/www.iemj.org\/wp-content\/uploads\/2020\/09\/arton4840.jpg","articleSection":["Playlists"],"inLanguage":"de"},{"@type":"WebPage","@id":"https:\/\/www.iemj.org\/de\/les-selihot-dans-le-rite-algerien\/","url":"https:\/\/www.iemj.org\/de\/les-selihot-dans-le-rite-algerien\/","name":"Die Slichot im algerischen Ritus - Institut Europ\u00e9en des Musiques Juives","isPartOf":{"@id":"https:\/\/www.iemj.org\/de\/#website"},"primaryImageOfPage":{"@id":"https:\/\/www.iemj.org\/de\/les-selihot-dans-le-rite-algerien\/#primaryimage"},"image":{"@id":"https:\/\/www.iemj.org\/de\/les-selihot-dans-le-rite-algerien\/#primaryimage"},"thumbnailUrl":"https:\/\/www.iemj.org\/wp-content\/uploads\/2020\/09\/arton4840.jpg","datePublished":"2020-09-23T10:38:33+00:00","dateModified":"2024-02-16T16:04:34+00:00","breadcrumb":{"@id":"https:\/\/www.iemj.org\/de\/les-selihot-dans-le-rite-algerien\/#breadcrumb"},"inLanguage":"de","potentialAction":[{"@type":"ReadAction","target":["https:\/\/www.iemj.org\/de\/les-selihot-dans-le-rite-algerien\/"]}]},{"@type":"ImageObject","inLanguage":"de","@id":"https:\/\/www.iemj.org\/de\/les-selihot-dans-le-rite-algerien\/#primaryimage","url":"https:\/\/www.iemj.org\/wp-content\/uploads\/2020\/09\/arton4840.jpg","contentUrl":"https:\/\/www.iemj.org\/wp-content\/uploads\/2020\/09\/arton4840.jpg","width":336,"height":336},{"@type":"BreadcrumbList","@id":"https:\/\/www.iemj.org\/de\/les-selihot-dans-le-rite-algerien\/#breadcrumb","itemListElement":[{"@type":"ListItem","position":1,"name":"Accueil","item":"https:\/\/www.iemj.org\/de\/"},{"@type":"ListItem","position":2,"name":"Die Slichot im algerischen Ritus"}]},{"@type":"WebSite","@id":"https:\/\/www.iemj.org\/de\/#website","url":"https:\/\/www.iemj.org\/de\/","name":"Institut Europ\u00e9en des Musiques Juives","description":"Des traditions musicales \u00e0 la port\u00e9e de tous","publisher":{"@id":"https:\/\/www.iemj.org\/de\/#organization"},"potentialAction":[{"@type":"SearchAction","target":{"@type":"EntryPoint","urlTemplate":"https:\/\/www.iemj.org\/de\/?s={search_term_string}"},"query-input":{"@type":"PropertyValueSpecification","valueRequired":true,"valueName":"search_term_string"}}],"inLanguage":"de"},{"@type":"Organization","@id":"https:\/\/www.iemj.org\/de\/#organization","name":"Institut Europ\u00e9en des Musiques Juives","url":"https:\/\/www.iemj.org\/de\/","logo":{"@type":"ImageObject","inLanguage":"de","@id":"https:\/\/www.iemj.org\/de\/#\/schema\/logo\/image\/","url":"https:\/\/www.iemj.org\/wp-content\/uploads\/2021\/09\/Logo-IEMJ-Paypal.jpg","contentUrl":"https:\/\/www.iemj.org\/wp-content\/uploads\/2021\/09\/Logo-IEMJ-Paypal.jpg","width":150,"height":50,"caption":"Institut Europ\u00e9en des Musiques Juives"},"image":{"@id":"https:\/\/www.iemj.org\/de\/#\/schema\/logo\/image\/"},"sameAs":["https:\/\/www.facebook.com\/MusiquesJuives\/","https:\/\/www.instagram.com\/musiquesjuives\/","https:\/\/www.youtube.com\/user\/musiquesjuives"]},{"@type":"Person","@id":"https:\/\/www.iemj.org\/de\/#\/schema\/person\/906134402c29d5c76e7b726261dd4bbd","name":"Herv\u00e9 Roten","image":{"@type":"ImageObject","inLanguage":"de","@id":"https:\/\/secure.gravatar.com\/avatar\/f96ad2db538a26481f18384936b5cd0610c92d390c4dc382209216d455f685ff?s=96&d=mm&r=g","url":"https:\/\/secure.gravatar.com\/avatar\/f96ad2db538a26481f18384936b5cd0610c92d390c4dc382209216d455f685ff?s=96&d=mm&r=g","contentUrl":"https:\/\/secure.gravatar.com\/avatar\/f96ad2db538a26481f18384936b5cd0610c92d390c4dc382209216d455f685ff?s=96&d=mm&r=g","caption":"Herv\u00e9 Roten"}}]}},"_links":{"self":[{"href":"https:\/\/www.iemj.org\/de\/wp-json\/wp\/v2\/posts\/42734","targetHints":{"allow":["GET"]}}],"collection":[{"href":"https:\/\/www.iemj.org\/de\/wp-json\/wp\/v2\/posts"}],"about":[{"href":"https:\/\/www.iemj.org\/de\/wp-json\/wp\/v2\/types\/post"}],"author":[{"embeddable":true,"href":"https:\/\/www.iemj.org\/de\/wp-json\/wp\/v2\/users\/1045"}],"replies":[{"embeddable":true,"href":"https:\/\/www.iemj.org\/de\/wp-json\/wp\/v2\/comments?post=42734"}],"version-history":[{"count":0,"href":"https:\/\/www.iemj.org\/de\/wp-json\/wp\/v2\/posts\/42734\/revisions"}],"wp:featuredmedia":[{"embeddable":true,"href":"https:\/\/www.iemj.org\/de\/wp-json\/wp\/v2\/media\/42735"}],"wp:attachment":[{"href":"https:\/\/www.iemj.org\/de\/wp-json\/wp\/v2\/media?parent=42734"}],"wp:term":[{"taxonomy":"category","embeddable":true,"href":"https:\/\/www.iemj.org\/de\/wp-json\/wp\/v2\/categories?post=42734"},{"taxonomy":"post_tag","embeddable":true,"href":"https:\/\/www.iemj.org\/de\/wp-json\/wp\/v2\/tags?post=42734"},{"taxonomy":"technique","embeddable":true,"href":"https:\/\/www.iemj.org\/de\/wp-json\/wp\/v2\/technique?post=42734"},{"taxonomy":"squelettes","embeddable":true,"href":"https:\/\/www.iemj.org\/de\/wp-json\/wp\/v2\/squelettes?post=42734"},{"taxonomy":"sujet","embeddable":true,"href":"https:\/\/www.iemj.org\/de\/wp-json\/wp\/v2\/sujet?post=42734"},{"taxonomy":"formation","embeddable":true,"href":"https:\/\/www.iemj.org\/de\/wp-json\/wp\/v2\/formation?post=42734"},{"taxonomy":"genre","embeddable":true,"href":"https:\/\/www.iemj.org\/de\/wp-json\/wp\/v2\/genre?post=42734"},{"taxonomy":"fonds","embeddable":true,"href":"https:\/\/www.iemj.org\/de\/wp-json\/wp\/v2\/fonds?post=42734"},{"taxonomy":"tradition","embeddable":true,"href":"https:\/\/www.iemj.org\/de\/wp-json\/wp\/v2\/tradition?post=42734"},{"taxonomy":"type-de-contenu","embeddable":true,"href":"https:\/\/www.iemj.org\/de\/wp-json\/wp\/v2\/type-de-contenu?post=42734"},{"taxonomy":"interprete-compositeur","embeddable":true,"href":"https:\/\/www.iemj.org\/de\/wp-json\/wp\/v2\/interprete-compositeur?post=42734"},{"taxonomy":"frise","embeddable":true,"href":"https:\/\/www.iemj.org\/de\/wp-json\/wp\/v2\/frise?post=42734"},{"taxonomy":"type-devenement","embeddable":true,"href":"https:\/\/www.iemj.org\/de\/wp-json\/wp\/v2\/type-devenement?post=42734"},{"taxonomy":"tableaux-liens-externes","embeddable":true,"href":"https:\/\/www.iemj.org\/de\/wp-json\/wp\/v2\/tableaux-liens-externes?post=42734"}],"curies":[{"name":"wp","href":"https:\/\/api.w.org\/{rel}","templated":true}]}}