{"id":42762,"date":"2020-09-17T12:11:46","date_gmt":"2020-09-17T10:11:46","guid":{"rendered":"https:\/\/www.iemj.org\/les-selihot-dans-les-rites-italiens\/"},"modified":"2024-02-16T17:12:02","modified_gmt":"2024-02-16T16:12:02","slug":"les-selihot-dans-les-rites-italiens","status":"publish","type":"post","link":"https:\/\/www.iemj.org\/de\/les-selihot-dans-les-rites-italiens\/","title":{"rendered":"Die Slichot im italienischen Ritus"},"content":{"rendered":"<p><strong>Eine Auswahl von <em>Slichot<\/em>, dargeboten von Alberto Funaro, Bruno Polacco, Aldo Perez, Fernando Belgrado und den S\u00e4ngern und Gl\u00e4ubigen des Maggiore- und Spagnolo-Tempels in Rom<\/strong><\/p>\n<p><!--more--><\/p>\n<p>Die <em>Slichot <\/em>sind Gebete der Bu\u00dfe und Reue, mit denen der Gl\u00e4ubige bei Gott, f\u00fcr die begangenen S\u00fcnden, um Vergebung bittet. Dieser Brauch basiert auf den <a href=\"https:\/\/en.wikipedia.org\/wiki\/Thirteen_Attributes_of_Mercy\" target=\"_blank\" rel=\"noopener\">13 g\u00f6ttlichen Attributen der Barmherzigkeit<\/a>, die der \u00dcberlieferung nach, Moses von Gott \u00fcbergeben wurden (Exodus, 34, 6-7).<\/p>\n<p>Urspr\u00fcnglich wurden die <em>Slichot<\/em> w\u00e4hrend der Jom-Kippur- und Fastengottesdienste gelesen. Dann weitete sich der Brauch auf die 10 Tage (<em>Jamim Noraim<\/em>), zwischen Rosch ha-Schana und Kippur aus. Die aschkenasische und die chassidische Gemeinschaft sprechen die <em>Slichot <\/em>an dem Samstag, welcher dem Fest Rosch ha-Schana (um mindestens vier Tage) vorausgeht. Die sephardischen Gemeinschaften wiederum, lesen sie ab dem 1. Elul, vierzig Tage lang bei Sonnenaufgang und vor dem Morgengebet.<\/p>\n<p>Auf der folgenden Playlist ist eine Auswahl an <em>Slichot <\/em>zu h\u00f6ren, welche in verschiedenen italienischen Riten vorgetragen werden. In Italien ist Europas \u00e4lteste j\u00fcdische Gemeinde ans\u00e4ssig. Die Ansiedlung von Juden auf der Halbinsel geht auf den Makkab\u00e4eraufstand (175 \u2013 140 v. Chr.) zur\u00fcck. Bedeutend wurde ihre Pr\u00e4senz 63 v. Chr. im R\u00f6mischen Reich und besonders in Rom. Dort hielten sie ihren, weder aus der aschkenasischen noch aus der sephardischen Welt stammenden Ritus (der <em>italki<\/em> genannt wird), aufrecht. Im 11. Jahrhundert lie\u00dfen sich romaniote und aschkenasische Juden in Venedig und Padua nieder. Zur selben Zeit bl\u00fchten die j\u00fcdischen Gemeinden S\u00fcditaliens, bis ins 13. Jahrhundert unter dem byzantinischen Reich, auf. Nach der endg\u00fcltigen Vertreibung der Juden aus Frankreich im Jahre 1394, siedelten sie sich in den piemontesischen St\u00e4dten Asti, Fossano und Moncalvo an. Dort hielten sie ihren, nach den Anfangsbuchstaben dieser St\u00e4dten <em>minhag apam<\/em> oder auch <em>afam<\/em> benannten Ritus, aufrecht. Im selben Zeitraum lie\u00dfen sich provenzalische Juden, auf dem in aragonischem Besitz stehenden Sardinien, nieder.\u00a0 Ab Ende des 14. Jahrhunderts wurde Italien \u2013insbesondere Livorno und Venedig \u2013 zum Zufluchtsort f\u00fcr viele spanische Juden, welche vor den Zwangskonvertierungen fl\u00fcchteten.<\/p>\n<p>Mit der sephardischen Einwanderung nahm die italienische j\u00fcdische Gemeinschaft ihre endg\u00fcltige und einzigartige Zusammensetzung an. Sie besteht aus drei verschiedenen und ihre einzigarten Eigenschaften bewahrenden Gemeinschaften. Da w\u00e4ren zun\u00e4chst die Italiener oder <em>Italki <\/em>genannten Juden, welche sich bereits unter dem R\u00f6mischen Reich ansiedelten. Dann gibt es die aschkenasischen Juden aus Deutschland und Frankreich und schlie\u00dflich noch die sephardischen Juden mit spanischem Ursprung, zu denen auch romaniote Juden aus dem Balkan gez\u00e4hlt werden. Aufgrund der Errichtung von Ghettos lebten sie in n\u00e4chster N\u00e4he zueinander und bauten auch ihre Synagogen in unmittelbarer Nachbarschaft. Die Gemeinschaft umfasst heute 50 000 Personen.<\/p>\n<p>Nach dem Zweiten Weltkrieg lie\u00dfen sich viele Juden aus Libyen, dem Iran und, in geringerem Ma\u00dfe aus Osteuropa, in Rom, Mailand und Ivorno nieder, wo sie ihre Riten weiter praktizierten.<\/p>\n<ul>\n<li><a href=\"https:\/\/www.iemj.org\/de\/les-selihot-%d7%a1%d7%9c%d7%99%d7%97%d7%95%d7%aa\/\" target=\"_blank\" rel=\"noopener\">Lesen Sie den Beitrag \u00fcber die Slichot<\/a><\/li>\n<\/ul>\n\n\n<figure class=\"wp-block-image size-large\"><img fetchpriority=\"high\" decoding=\"async\" width=\"1024\" height=\"146\" src=\"https:\/\/www.iemj.org\/wp-content\/uploads\/2023\/01\/Bandeau-Playlist_DE2-1024x146.jpg\" alt=\"\" class=\"wp-image-93110\" srcset=\"https:\/\/www.iemj.org\/wp-content\/uploads\/2023\/01\/Bandeau-Playlist_DE2-1024x146.jpg 1024w, https:\/\/www.iemj.org\/wp-content\/uploads\/2023\/01\/Bandeau-Playlist_DE2-300x43.jpg 300w, https:\/\/www.iemj.org\/wp-content\/uploads\/2023\/01\/Bandeau-Playlist_DE2-768x110.jpg 768w, https:\/\/www.iemj.org\/wp-content\/uploads\/2023\/01\/Bandeau-Playlist_DE2-1536x220.jpg 1536w, https:\/\/www.iemj.org\/wp-content\/uploads\/2023\/01\/Bandeau-Playlist_DE2-600x86.jpg 600w, https:\/\/www.iemj.org\/wp-content\/uploads\/2023\/01\/Bandeau-Playlist_DE2.jpg 1608w\" sizes=\"(max-width: 1024px) 100vw, 1024px\" \/><\/figure>\n\n\n\n<div class=\"wp-block-file\"><a id=\"wp-block-file--media-dd71057b-4cec-49aa-98f4-18da0b16833a\" href=\"https:\/\/www.iemj.org\/wp-content\/uploads\/2020\/09\/1_el_melech_yochev__alberto_funaro_d33-30_2479_17.mp3\">El melech yochev &#8211; Alberto Funaro<\/a><\/div>\n\n\n\n<div class=\"wp-block-file\"><a id=\"wp-block-file--media-37bcd4e1-06b2-453d-8d9a-ee888b7d5e57\" href=\"https:\/\/www.iemj.org\/wp-content\/uploads\/2020\/09\/2_rahum_vehanun_tempio_maggiore_di_roma_rite_italki_.mp3\">Rahum vehanun &#8211; Tempio Maggiore di Roma (Rite italki)<\/a><\/div>\n\n\n\n<div class=\"wp-block-file\"><a id=\"wp-block-file--media-f8b42b7d-e554-471f-b23f-3de0d62783bc\" href=\"https:\/\/www.iemj.org\/wp-content\/uploads\/2020\/09\/3_anenu_tempio_spagnolo_di_roma.mp3\">Anenu &#8211; Tempio Spagnolo di Roma<\/a><\/div>\n\n\n\n<div class=\"wp-block-file\"><a id=\"wp-block-file--media-4a062f04-86dd-49a0-bb30-807f48e1fca0\" href=\"https:\/\/www.iemj.org\/wp-content\/uploads\/2020\/09\/4_atanu_bruno_polacco_rite_ashkenaze_italien__cd_1177_49.mp3\">Atanu &#8211; Bruno Polacco (Rite ashkenaze italien)<\/a><\/div>\n\n\n\n<div class=\"wp-block-file\"><a id=\"wp-block-file--media-c2f1f771-bbca-4fa9-92bf-99872c2defba\" href=\"https:\/\/www.iemj.org\/wp-content\/uploads\/2020\/09\/5_sheviyah_anyah_aldo_perez_turin_.mp3\">Sheviyah anyah &#8211; Aldo Perez (Turin)<\/a><\/div>\n\n\n\n<div class=\"wp-block-file\"><a id=\"wp-block-file--media-5fe68338-3662-4dbf-b9bb-702bf255ced2\" href=\"https:\/\/www.iemj.org\/wp-content\/uploads\/2020\/09\/6_atanu_alberto_funaro_d33-30_2479_29.mp3\">Atanu &#8211; Alberto Funaro<\/a><\/div>\n\n\n\n<div class=\"wp-block-file\"><a id=\"wp-block-file--media-1dc348ae-1e0d-453d-a0ab-ed10f404a93e\" href=\"https:\/\/www.iemj.org\/wp-content\/uploads\/2020\/09\/7_atanu_fernando_belgrado_florence__cd_1137_02.mp3\">Atanu &#8211; Fernando Belgrado (Florence)<\/a><\/div>\n","protected":false},"excerpt":{"rendered":"<p>Eine Auswahl von Slichot, dargeboten von Alberto Funaro, Bruno Polacco, Aldo Perez, Fernando Belgrado und den S\u00e4ngern und Gl\u00e4ubigen des Maggiore- und Spagnolo-Tempels in Rom<\/p>\n","protected":false},"author":1045,"featured_media":42763,"comment_status":"closed","ping_status":"closed","sticky":false,"template":"","format":"standard","meta":{"_acf_changed":false,"footnotes":""},"categories":[1534],"tags":[2090],"technique":[],"squelettes":[],"sujet":[],"formation":[],"genre":[1891],"fonds":[],"tradition":[1978],"type-de-contenu":[],"interprete-compositeur":[],"frise":[],"type-devenement":[],"tableaux-liens-externes":[],"class_list":["post-42762","post","type-post","status-publish","format-standard","has-post-thumbnail","hentry","category-playlists-de","tag-italien-de","genre-liturgie-de","tradition-italienischer-ritus-de"],"acf":[],"yoast_head":"<!-- This site is optimized with the Yoast SEO plugin v27.3 - https:\/\/yoast.com\/product\/yoast-seo-wordpress\/ -->\n<title>Die Slichot im italienischen Ritus - Institut Europ\u00e9en des Musiques Juives<\/title>\n<meta name=\"robots\" content=\"index, follow, max-snippet:-1, max-image-preview:large, max-video-preview:-1\" \/>\n<link rel=\"canonical\" href=\"https:\/\/www.iemj.org\/de\/les-selihot-dans-les-rites-italiens\/\" \/>\n<meta property=\"og:locale\" content=\"de_DE\" \/>\n<meta property=\"og:type\" content=\"article\" \/>\n<meta property=\"og:title\" content=\"Die Slichot im italienischen Ritus - Institut Europ\u00e9en des Musiques Juives\" \/>\n<meta property=\"og:description\" content=\"Eine Auswahl von Slichot, dargeboten von Alberto Funaro, Bruno Polacco, Aldo Perez, Fernando Belgrado und den S\u00e4ngern und Gl\u00e4ubigen des Maggiore- und Spagnolo-Tempels in Rom\" \/>\n<meta property=\"og:url\" content=\"https:\/\/www.iemj.org\/de\/les-selihot-dans-les-rites-italiens\/\" \/>\n<meta property=\"og:site_name\" content=\"Institut Europ\u00e9en des Musiques Juives\" \/>\n<meta property=\"article:publisher\" content=\"https:\/\/www.facebook.com\/MusiquesJuives\/\" \/>\n<meta property=\"article:published_time\" content=\"2020-09-17T10:11:46+00:00\" \/>\n<meta property=\"article:modified_time\" content=\"2024-02-16T16:12:02+00:00\" \/>\n<meta property=\"og:image\" content=\"https:\/\/www.iemj.org\/wp-content\/uploads\/2020\/09\/arton4835.jpg\" \/>\n\t<meta property=\"og:image:width\" content=\"336\" \/>\n\t<meta property=\"og:image:height\" content=\"336\" \/>\n\t<meta property=\"og:image:type\" content=\"image\/jpeg\" \/>\n<meta name=\"author\" content=\"Herv\u00e9 Roten\" \/>\n<meta name=\"twitter:card\" content=\"summary_large_image\" \/>\n<meta name=\"twitter:label1\" content=\"Verfasst von\" \/>\n\t<meta name=\"twitter:data1\" content=\"Herv\u00e9 Roten\" \/>\n\t<meta name=\"twitter:label2\" content=\"Gesch\u00e4tzte Lesezeit\" \/>\n\t<meta name=\"twitter:data2\" content=\"3\u00a0Minuten\" \/>\n<script type=\"application\/ld+json\" class=\"yoast-schema-graph\">{\"@context\":\"https:\\\/\\\/schema.org\",\"@graph\":[{\"@type\":\"Article\",\"@id\":\"https:\\\/\\\/www.iemj.org\\\/de\\\/les-selihot-dans-les-rites-italiens\\\/#article\",\"isPartOf\":{\"@id\":\"https:\\\/\\\/www.iemj.org\\\/de\\\/les-selihot-dans-les-rites-italiens\\\/\"},\"author\":{\"name\":\"Herv\u00e9 Roten\",\"@id\":\"https:\\\/\\\/www.iemj.org\\\/de\\\/#\\\/schema\\\/person\\\/906134402c29d5c76e7b726261dd4bbd\"},\"headline\":\"Die Slichot im italienischen Ritus\",\"datePublished\":\"2020-09-17T10:11:46+00:00\",\"dateModified\":\"2024-02-16T16:12:02+00:00\",\"mainEntityOfPage\":{\"@id\":\"https:\\\/\\\/www.iemj.org\\\/de\\\/les-selihot-dans-les-rites-italiens\\\/\"},\"wordCount\":527,\"publisher\":{\"@id\":\"https:\\\/\\\/www.iemj.org\\\/de\\\/#organization\"},\"image\":{\"@id\":\"https:\\\/\\\/www.iemj.org\\\/de\\\/les-selihot-dans-les-rites-italiens\\\/#primaryimage\"},\"thumbnailUrl\":\"https:\\\/\\\/www.iemj.org\\\/wp-content\\\/uploads\\\/2020\\\/09\\\/arton4835.jpg\",\"keywords\":[\"Italien\"],\"articleSection\":[\"Playlists\"],\"inLanguage\":\"de\"},{\"@type\":\"WebPage\",\"@id\":\"https:\\\/\\\/www.iemj.org\\\/de\\\/les-selihot-dans-les-rites-italiens\\\/\",\"url\":\"https:\\\/\\\/www.iemj.org\\\/de\\\/les-selihot-dans-les-rites-italiens\\\/\",\"name\":\"Die Slichot im italienischen Ritus - Institut Europ\u00e9en des Musiques Juives\",\"isPartOf\":{\"@id\":\"https:\\\/\\\/www.iemj.org\\\/de\\\/#website\"},\"primaryImageOfPage\":{\"@id\":\"https:\\\/\\\/www.iemj.org\\\/de\\\/les-selihot-dans-les-rites-italiens\\\/#primaryimage\"},\"image\":{\"@id\":\"https:\\\/\\\/www.iemj.org\\\/de\\\/les-selihot-dans-les-rites-italiens\\\/#primaryimage\"},\"thumbnailUrl\":\"https:\\\/\\\/www.iemj.org\\\/wp-content\\\/uploads\\\/2020\\\/09\\\/arton4835.jpg\",\"datePublished\":\"2020-09-17T10:11:46+00:00\",\"dateModified\":\"2024-02-16T16:12:02+00:00\",\"breadcrumb\":{\"@id\":\"https:\\\/\\\/www.iemj.org\\\/de\\\/les-selihot-dans-les-rites-italiens\\\/#breadcrumb\"},\"inLanguage\":\"de\",\"potentialAction\":[{\"@type\":\"ReadAction\",\"target\":[\"https:\\\/\\\/www.iemj.org\\\/de\\\/les-selihot-dans-les-rites-italiens\\\/\"]}]},{\"@type\":\"ImageObject\",\"inLanguage\":\"de\",\"@id\":\"https:\\\/\\\/www.iemj.org\\\/de\\\/les-selihot-dans-les-rites-italiens\\\/#primaryimage\",\"url\":\"https:\\\/\\\/www.iemj.org\\\/wp-content\\\/uploads\\\/2020\\\/09\\\/arton4835.jpg\",\"contentUrl\":\"https:\\\/\\\/www.iemj.org\\\/wp-content\\\/uploads\\\/2020\\\/09\\\/arton4835.jpg\",\"width\":336,\"height\":336},{\"@type\":\"BreadcrumbList\",\"@id\":\"https:\\\/\\\/www.iemj.org\\\/de\\\/les-selihot-dans-les-rites-italiens\\\/#breadcrumb\",\"itemListElement\":[{\"@type\":\"ListItem\",\"position\":1,\"name\":\"Accueil\",\"item\":\"https:\\\/\\\/www.iemj.org\\\/de\\\/\"},{\"@type\":\"ListItem\",\"position\":2,\"name\":\"Die Slichot im italienischen Ritus\"}]},{\"@type\":\"WebSite\",\"@id\":\"https:\\\/\\\/www.iemj.org\\\/de\\\/#website\",\"url\":\"https:\\\/\\\/www.iemj.org\\\/de\\\/\",\"name\":\"Institut Europ\u00e9en des Musiques Juives\",\"description\":\"Des traditions musicales \u00e0 la port\u00e9e de tous\",\"publisher\":{\"@id\":\"https:\\\/\\\/www.iemj.org\\\/de\\\/#organization\"},\"potentialAction\":[{\"@type\":\"SearchAction\",\"target\":{\"@type\":\"EntryPoint\",\"urlTemplate\":\"https:\\\/\\\/www.iemj.org\\\/de\\\/?s={search_term_string}\"},\"query-input\":{\"@type\":\"PropertyValueSpecification\",\"valueRequired\":true,\"valueName\":\"search_term_string\"}}],\"inLanguage\":\"de\"},{\"@type\":\"Organization\",\"@id\":\"https:\\\/\\\/www.iemj.org\\\/de\\\/#organization\",\"name\":\"Institut Europ\u00e9en des Musiques Juives\",\"url\":\"https:\\\/\\\/www.iemj.org\\\/de\\\/\",\"logo\":{\"@type\":\"ImageObject\",\"inLanguage\":\"de\",\"@id\":\"https:\\\/\\\/www.iemj.org\\\/de\\\/#\\\/schema\\\/logo\\\/image\\\/\",\"url\":\"https:\\\/\\\/www.iemj.org\\\/wp-content\\\/uploads\\\/2021\\\/09\\\/Logo-IEMJ-Paypal.jpg\",\"contentUrl\":\"https:\\\/\\\/www.iemj.org\\\/wp-content\\\/uploads\\\/2021\\\/09\\\/Logo-IEMJ-Paypal.jpg\",\"width\":150,\"height\":50,\"caption\":\"Institut Europ\u00e9en des Musiques Juives\"},\"image\":{\"@id\":\"https:\\\/\\\/www.iemj.org\\\/de\\\/#\\\/schema\\\/logo\\\/image\\\/\"},\"sameAs\":[\"https:\\\/\\\/www.facebook.com\\\/MusiquesJuives\\\/\",\"https:\\\/\\\/www.instagram.com\\\/musiquesjuives\\\/\",\"https:\\\/\\\/www.youtube.com\\\/user\\\/musiquesjuives\"]},{\"@type\":\"Person\",\"@id\":\"https:\\\/\\\/www.iemj.org\\\/de\\\/#\\\/schema\\\/person\\\/906134402c29d5c76e7b726261dd4bbd\",\"name\":\"Herv\u00e9 Roten\",\"image\":{\"@type\":\"ImageObject\",\"inLanguage\":\"de\",\"@id\":\"https:\\\/\\\/secure.gravatar.com\\\/avatar\\\/f96ad2db538a26481f18384936b5cd0610c92d390c4dc382209216d455f685ff?s=96&d=mm&r=g\",\"url\":\"https:\\\/\\\/secure.gravatar.com\\\/avatar\\\/f96ad2db538a26481f18384936b5cd0610c92d390c4dc382209216d455f685ff?s=96&d=mm&r=g\",\"contentUrl\":\"https:\\\/\\\/secure.gravatar.com\\\/avatar\\\/f96ad2db538a26481f18384936b5cd0610c92d390c4dc382209216d455f685ff?s=96&d=mm&r=g\",\"caption\":\"Herv\u00e9 Roten\"}}]}<\/script>\n<!-- \/ Yoast SEO plugin. -->","yoast_head_json":{"title":"Die Slichot im italienischen Ritus - Institut Europ\u00e9en des Musiques Juives","robots":{"index":"index","follow":"follow","max-snippet":"max-snippet:-1","max-image-preview":"max-image-preview:large","max-video-preview":"max-video-preview:-1"},"canonical":"https:\/\/www.iemj.org\/de\/les-selihot-dans-les-rites-italiens\/","og_locale":"de_DE","og_type":"article","og_title":"Die Slichot im italienischen Ritus - Institut Europ\u00e9en des Musiques Juives","og_description":"Eine Auswahl von Slichot, dargeboten von Alberto Funaro, Bruno Polacco, Aldo Perez, Fernando Belgrado und den S\u00e4ngern und Gl\u00e4ubigen des Maggiore- und Spagnolo-Tempels in Rom","og_url":"https:\/\/www.iemj.org\/de\/les-selihot-dans-les-rites-italiens\/","og_site_name":"Institut Europ\u00e9en des Musiques Juives","article_publisher":"https:\/\/www.facebook.com\/MusiquesJuives\/","article_published_time":"2020-09-17T10:11:46+00:00","article_modified_time":"2024-02-16T16:12:02+00:00","og_image":[{"width":336,"height":336,"url":"https:\/\/www.iemj.org\/wp-content\/uploads\/2020\/09\/arton4835.jpg","type":"image\/jpeg"}],"author":"Herv\u00e9 Roten","twitter_card":"summary_large_image","twitter_misc":{"Verfasst von":"Herv\u00e9 Roten","Gesch\u00e4tzte Lesezeit":"3\u00a0Minuten"},"schema":{"@context":"https:\/\/schema.org","@graph":[{"@type":"Article","@id":"https:\/\/www.iemj.org\/de\/les-selihot-dans-les-rites-italiens\/#article","isPartOf":{"@id":"https:\/\/www.iemj.org\/de\/les-selihot-dans-les-rites-italiens\/"},"author":{"name":"Herv\u00e9 Roten","@id":"https:\/\/www.iemj.org\/de\/#\/schema\/person\/906134402c29d5c76e7b726261dd4bbd"},"headline":"Die Slichot im italienischen Ritus","datePublished":"2020-09-17T10:11:46+00:00","dateModified":"2024-02-16T16:12:02+00:00","mainEntityOfPage":{"@id":"https:\/\/www.iemj.org\/de\/les-selihot-dans-les-rites-italiens\/"},"wordCount":527,"publisher":{"@id":"https:\/\/www.iemj.org\/de\/#organization"},"image":{"@id":"https:\/\/www.iemj.org\/de\/les-selihot-dans-les-rites-italiens\/#primaryimage"},"thumbnailUrl":"https:\/\/www.iemj.org\/wp-content\/uploads\/2020\/09\/arton4835.jpg","keywords":["Italien"],"articleSection":["Playlists"],"inLanguage":"de"},{"@type":"WebPage","@id":"https:\/\/www.iemj.org\/de\/les-selihot-dans-les-rites-italiens\/","url":"https:\/\/www.iemj.org\/de\/les-selihot-dans-les-rites-italiens\/","name":"Die Slichot im italienischen Ritus - Institut Europ\u00e9en des Musiques Juives","isPartOf":{"@id":"https:\/\/www.iemj.org\/de\/#website"},"primaryImageOfPage":{"@id":"https:\/\/www.iemj.org\/de\/les-selihot-dans-les-rites-italiens\/#primaryimage"},"image":{"@id":"https:\/\/www.iemj.org\/de\/les-selihot-dans-les-rites-italiens\/#primaryimage"},"thumbnailUrl":"https:\/\/www.iemj.org\/wp-content\/uploads\/2020\/09\/arton4835.jpg","datePublished":"2020-09-17T10:11:46+00:00","dateModified":"2024-02-16T16:12:02+00:00","breadcrumb":{"@id":"https:\/\/www.iemj.org\/de\/les-selihot-dans-les-rites-italiens\/#breadcrumb"},"inLanguage":"de","potentialAction":[{"@type":"ReadAction","target":["https:\/\/www.iemj.org\/de\/les-selihot-dans-les-rites-italiens\/"]}]},{"@type":"ImageObject","inLanguage":"de","@id":"https:\/\/www.iemj.org\/de\/les-selihot-dans-les-rites-italiens\/#primaryimage","url":"https:\/\/www.iemj.org\/wp-content\/uploads\/2020\/09\/arton4835.jpg","contentUrl":"https:\/\/www.iemj.org\/wp-content\/uploads\/2020\/09\/arton4835.jpg","width":336,"height":336},{"@type":"BreadcrumbList","@id":"https:\/\/www.iemj.org\/de\/les-selihot-dans-les-rites-italiens\/#breadcrumb","itemListElement":[{"@type":"ListItem","position":1,"name":"Accueil","item":"https:\/\/www.iemj.org\/de\/"},{"@type":"ListItem","position":2,"name":"Die Slichot im italienischen Ritus"}]},{"@type":"WebSite","@id":"https:\/\/www.iemj.org\/de\/#website","url":"https:\/\/www.iemj.org\/de\/","name":"Institut Europ\u00e9en des Musiques Juives","description":"Des traditions musicales \u00e0 la port\u00e9e de tous","publisher":{"@id":"https:\/\/www.iemj.org\/de\/#organization"},"potentialAction":[{"@type":"SearchAction","target":{"@type":"EntryPoint","urlTemplate":"https:\/\/www.iemj.org\/de\/?s={search_term_string}"},"query-input":{"@type":"PropertyValueSpecification","valueRequired":true,"valueName":"search_term_string"}}],"inLanguage":"de"},{"@type":"Organization","@id":"https:\/\/www.iemj.org\/de\/#organization","name":"Institut Europ\u00e9en des Musiques Juives","url":"https:\/\/www.iemj.org\/de\/","logo":{"@type":"ImageObject","inLanguage":"de","@id":"https:\/\/www.iemj.org\/de\/#\/schema\/logo\/image\/","url":"https:\/\/www.iemj.org\/wp-content\/uploads\/2021\/09\/Logo-IEMJ-Paypal.jpg","contentUrl":"https:\/\/www.iemj.org\/wp-content\/uploads\/2021\/09\/Logo-IEMJ-Paypal.jpg","width":150,"height":50,"caption":"Institut Europ\u00e9en des Musiques Juives"},"image":{"@id":"https:\/\/www.iemj.org\/de\/#\/schema\/logo\/image\/"},"sameAs":["https:\/\/www.facebook.com\/MusiquesJuives\/","https:\/\/www.instagram.com\/musiquesjuives\/","https:\/\/www.youtube.com\/user\/musiquesjuives"]},{"@type":"Person","@id":"https:\/\/www.iemj.org\/de\/#\/schema\/person\/906134402c29d5c76e7b726261dd4bbd","name":"Herv\u00e9 Roten","image":{"@type":"ImageObject","inLanguage":"de","@id":"https:\/\/secure.gravatar.com\/avatar\/f96ad2db538a26481f18384936b5cd0610c92d390c4dc382209216d455f685ff?s=96&d=mm&r=g","url":"https:\/\/secure.gravatar.com\/avatar\/f96ad2db538a26481f18384936b5cd0610c92d390c4dc382209216d455f685ff?s=96&d=mm&r=g","contentUrl":"https:\/\/secure.gravatar.com\/avatar\/f96ad2db538a26481f18384936b5cd0610c92d390c4dc382209216d455f685ff?s=96&d=mm&r=g","caption":"Herv\u00e9 Roten"}}]}},"_links":{"self":[{"href":"https:\/\/www.iemj.org\/de\/wp-json\/wp\/v2\/posts\/42762","targetHints":{"allow":["GET"]}}],"collection":[{"href":"https:\/\/www.iemj.org\/de\/wp-json\/wp\/v2\/posts"}],"about":[{"href":"https:\/\/www.iemj.org\/de\/wp-json\/wp\/v2\/types\/post"}],"author":[{"embeddable":true,"href":"https:\/\/www.iemj.org\/de\/wp-json\/wp\/v2\/users\/1045"}],"replies":[{"embeddable":true,"href":"https:\/\/www.iemj.org\/de\/wp-json\/wp\/v2\/comments?post=42762"}],"version-history":[{"count":0,"href":"https:\/\/www.iemj.org\/de\/wp-json\/wp\/v2\/posts\/42762\/revisions"}],"wp:featuredmedia":[{"embeddable":true,"href":"https:\/\/www.iemj.org\/de\/wp-json\/wp\/v2\/media\/42763"}],"wp:attachment":[{"href":"https:\/\/www.iemj.org\/de\/wp-json\/wp\/v2\/media?parent=42762"}],"wp:term":[{"taxonomy":"category","embeddable":true,"href":"https:\/\/www.iemj.org\/de\/wp-json\/wp\/v2\/categories?post=42762"},{"taxonomy":"post_tag","embeddable":true,"href":"https:\/\/www.iemj.org\/de\/wp-json\/wp\/v2\/tags?post=42762"},{"taxonomy":"technique","embeddable":true,"href":"https:\/\/www.iemj.org\/de\/wp-json\/wp\/v2\/technique?post=42762"},{"taxonomy":"squelettes","embeddable":true,"href":"https:\/\/www.iemj.org\/de\/wp-json\/wp\/v2\/squelettes?post=42762"},{"taxonomy":"sujet","embeddable":true,"href":"https:\/\/www.iemj.org\/de\/wp-json\/wp\/v2\/sujet?post=42762"},{"taxonomy":"formation","embeddable":true,"href":"https:\/\/www.iemj.org\/de\/wp-json\/wp\/v2\/formation?post=42762"},{"taxonomy":"genre","embeddable":true,"href":"https:\/\/www.iemj.org\/de\/wp-json\/wp\/v2\/genre?post=42762"},{"taxonomy":"fonds","embeddable":true,"href":"https:\/\/www.iemj.org\/de\/wp-json\/wp\/v2\/fonds?post=42762"},{"taxonomy":"tradition","embeddable":true,"href":"https:\/\/www.iemj.org\/de\/wp-json\/wp\/v2\/tradition?post=42762"},{"taxonomy":"type-de-contenu","embeddable":true,"href":"https:\/\/www.iemj.org\/de\/wp-json\/wp\/v2\/type-de-contenu?post=42762"},{"taxonomy":"interprete-compositeur","embeddable":true,"href":"https:\/\/www.iemj.org\/de\/wp-json\/wp\/v2\/interprete-compositeur?post=42762"},{"taxonomy":"frise","embeddable":true,"href":"https:\/\/www.iemj.org\/de\/wp-json\/wp\/v2\/frise?post=42762"},{"taxonomy":"type-devenement","embeddable":true,"href":"https:\/\/www.iemj.org\/de\/wp-json\/wp\/v2\/type-devenement?post=42762"},{"taxonomy":"tableaux-liens-externes","embeddable":true,"href":"https:\/\/www.iemj.org\/de\/wp-json\/wp\/v2\/tableaux-liens-externes?post=42762"}],"curies":[{"name":"wp","href":"https:\/\/api.w.org\/{rel}","templated":true}]}}