{"id":42830,"date":"2020-09-17T12:07:10","date_gmt":"2020-09-17T10:07:10","guid":{"rendered":"https:\/\/www.iemj.org\/les-selihot-dans-le-rite-ashkenaze-de-lest\/"},"modified":"2024-02-16T17:24:56","modified_gmt":"2024-02-16T16:24:56","slug":"les-selihot-dans-le-rite-ashkenaze-de-lest","status":"publish","type":"post","link":"https:\/\/www.iemj.org\/de\/les-selihot-dans-le-rite-ashkenaze-de-lest\/","title":{"rendered":"Die Slichot im aschkenasischen Ritus Osteuropas"},"content":{"rendered":"<p><strong>Eine Auswahl von Slichot gespielt von Benzion Miller, Kwartin Zawel, Moshe Stern, Moshe Koussevitzky, Binyamin Unger und Avi Toledano<\/strong><\/p>\n<p><!--more--><\/p>\n<p>Die <em>Slichot <\/em>sind Gebete der Bu\u00dfe und Reue, mit denen der Gl\u00e4ubige bei Gott, f\u00fcr die begangenen S\u00fcnden, um Vergebung bittet. Dieser Brauch basiert auf den <a href=\"https:\/\/en.wikipedia.org\/wiki\/Thirteen_Attributes_of_Mercy\" target=\"_blank\" rel=\"noopener\">13 g\u00f6ttlichen Attributen der Barmherzigkeit<\/a>, die der \u00dcberlieferung nach, Moses von Gott \u00fcbergeben wurden (Exodus, 34, 6-7).<\/p>\n<p>Urspr\u00fcnglich wurden die <em>Slichot<\/em> w\u00e4hrend der Jom-Kippur- und Fastengottesdienste gelesen. Dann weitete sich der Brauch auf die 10 Tage (<em>Jamim Noraim<\/em>), zwischen Rosch ha-Schana und Kippur aus. Die aschkenasische und die chassidische Gemeinschaft sprechen die <em>Slichot <\/em>an dem Samstag, welcher dem Fest Rosch ha-Schana (um mindestens vier Tage) vorausgeht. Die sephardischen Gemeinschaften wiederum, lesen sie ab dem 1. Elul, vierzig Tage lang bei Sonnenaufgang und vor dem Morgengebet.<\/p>\n<p>Auf der folgenden Playlist ist eine Auswahl an <em>Slichot<\/em> aus verschiendenen osteurop\u00e4ischen Riten, zu h\u00f6ren. Die Kunst des Hazzanout wird von den Stimmen legend\u00e4rer Kantoren wie Moshe Koussevitky, Kwartin Zawel, Benzion Miller oder Moshe Stern vorgetragen. Sie steht in ihrem chassidischen Geiste, der \u00fcberschw\u00e4nglichen, oder vielmehr moderneren, Darbietung der <em>Slichot <\/em>nahe.<\/p>\n<p><a href=\"https:\/\/www.iemj.org\/de\/les-selihot-%d7%a1%d7%9c%d7%99%d7%97%d7%95%d7%aa\/\" target=\"_blank\" rel=\"noopener\">Lesen Sie den Beitrag \u00fcber die Slichot<\/a><\/p>\n\n\n<figure class=\"wp-block-image size-large\"><img fetchpriority=\"high\" decoding=\"async\" width=\"1024\" height=\"146\" src=\"https:\/\/www.iemj.org\/wp-content\/uploads\/2023\/01\/Bandeau-Playlist_DE2-1024x146.jpg\" alt=\"\" class=\"wp-image-93110\" srcset=\"https:\/\/www.iemj.org\/wp-content\/uploads\/2023\/01\/Bandeau-Playlist_DE2-1024x146.jpg 1024w, https:\/\/www.iemj.org\/wp-content\/uploads\/2023\/01\/Bandeau-Playlist_DE2-300x43.jpg 300w, https:\/\/www.iemj.org\/wp-content\/uploads\/2023\/01\/Bandeau-Playlist_DE2-768x110.jpg 768w, https:\/\/www.iemj.org\/wp-content\/uploads\/2023\/01\/Bandeau-Playlist_DE2-1536x220.jpg 1536w, https:\/\/www.iemj.org\/wp-content\/uploads\/2023\/01\/Bandeau-Playlist_DE2-600x86.jpg 600w, https:\/\/www.iemj.org\/wp-content\/uploads\/2023\/01\/Bandeau-Playlist_DE2.jpg 1608w\" sizes=\"(max-width: 1024px) 100vw, 1024px\" \/><\/figure>\n\n\n\n<div class=\"wp-block-file\"><a id=\"wp-block-file--media-05d149c2-f4b6-4691-9546-f2d437f49cf0\" href=\"https:\/\/www.iemj.org\/wp-content\/uploads\/2020\/09\/1_yotzer_ata_-_el_melekh_-_benzion_miller.mp3\">Yotzer ata &#8211; El melekh &#8211; Benzion Miller<\/a><\/div>\n\n\n\n<div class=\"wp-block-file\"><a id=\"wp-block-file--media-e1d9cc47-8ce4-4059-ab67-c686c1752680\" href=\"https:\/\/www.iemj.org\/wp-content\/uploads\/2020\/09\/2_anenu_-_zavel_kwartin.mp3\">Anenu &#8211; Zavel Kwartin<\/a><\/div>\n\n\n\n<div class=\"wp-block-file\"><a id=\"wp-block-file--media-0164863f-8875-4e4a-aebc-989b5ee60720\" href=\"https:\/\/www.iemj.org\/wp-content\/uploads\/2020\/09\/3_rachmono_donei_laniyei_aneino_-_moshe_koussevitzky.mp3\">Rachmono d&#8217;onei l&#8217;aniyei aneino &#8211; Moshe Koussevitzky<\/a><\/div>\n\n\n\n<div class=\"wp-block-file\"><a id=\"wp-block-file--media-cc6e5074-d940-40a2-908b-ca6d59586896\" href=\"https:\/\/www.iemj.org\/wp-content\/uploads\/2020\/09\/4_shma_koleinu_-_moshe_stern_extrait_.mp3\">Sh&#8217;ma koleinu &#8211; Moshe Stern EXTRAIT <\/a><\/div>\n\n\n\n<div class=\"wp-block-file\"><a id=\"wp-block-file--media-147a284a-2bd5-434f-b8e0-125526f7317c\" href=\"https:\/\/www.iemj.org\/wp-content\/uploads\/2020\/09\/5_aneinu_-_moshe_koussevitzky_extrait_.mp3\">Aneinu &#8211; Moshe Koussevitzky (EXTRAIT)<\/a><\/div>\n\n\n\n<div class=\"wp-block-file\"><a id=\"wp-block-file--media-aeb87013-8cf7-4a9b-b1a4-7e3ef6aed21e\" href=\"https:\/\/www.iemj.org\/wp-content\/uploads\/2020\/09\/6_selah_lanou_mehol_lanou_extrait_.mp3\">Selah Lanou Mehol Lanou (EXTRAIT) <\/a><\/div>\n\n\n\n<div class=\"wp-block-file\"><a id=\"wp-block-file--media-f02d3aec-5572-4fd4-88f4-33ea34025b16\" href=\"https:\/\/www.iemj.org\/wp-content\/uploads\/2020\/09\/7_shomer_israel_-_binyamin_unger_extrait_.mp3\">Shomer Israel &#8211; Binyamin Unger (EXTRAIT)<\/a><\/div>\n\n\n\n<div class=\"wp-block-file\"><a id=\"wp-block-file--media-fc31893c-f91b-42ea-830a-3112f954ad98\" href=\"https:\/\/www.iemj.org\/wp-content\/uploads\/2020\/09\/8_shomer_israel_-_avi_toledano.mp3\">Shomer Israel &#8211; Avi Toledano<\/a><\/div>\n","protected":false},"excerpt":{"rendered":"<p>Eine Auswahl von Slichot gespielt von Benzion Miller, Kwartin Zawel, Moshe Stern, Moshe Koussevitzky, Binyamin Unger und Avi Toledano<\/p>\n","protected":false},"author":1045,"featured_media":42831,"comment_status":"closed","ping_status":"closed","sticky":false,"template":"","format":"standard","meta":{"_acf_changed":false,"footnotes":""},"categories":[1534],"tags":[],"technique":[],"squelettes":[],"sujet":[],"formation":[],"genre":[1891],"fonds":[],"tradition":[1983],"type-de-contenu":[],"interprete-compositeur":[],"frise":[],"type-devenement":[],"tableaux-liens-externes":[],"class_list":["post-42830","post","type-post","status-publish","format-standard","has-post-thumbnail","hentry","category-playlists-de","genre-liturgie-de","tradition-aschkenasischer-ritus-de"],"acf":[],"yoast_head":"<!-- This site is optimized with the Yoast SEO plugin v27.3 - https:\/\/yoast.com\/product\/yoast-seo-wordpress\/ -->\n<title>Die Slichot im aschkenasischen Ritus Osteuropas - Institut Europ\u00e9en des Musiques Juives<\/title>\n<meta name=\"robots\" content=\"index, follow, max-snippet:-1, max-image-preview:large, max-video-preview:-1\" \/>\n<link rel=\"canonical\" href=\"https:\/\/www.iemj.org\/de\/les-selihot-dans-le-rite-ashkenaze-de-lest\/\" \/>\n<meta property=\"og:locale\" content=\"de_DE\" \/>\n<meta property=\"og:type\" content=\"article\" \/>\n<meta property=\"og:title\" content=\"Die Slichot im aschkenasischen Ritus Osteuropas - Institut Europ\u00e9en des Musiques Juives\" \/>\n<meta property=\"og:description\" content=\"Eine Auswahl von Slichot gespielt von Benzion Miller, Kwartin Zawel, Moshe Stern, Moshe Koussevitzky, Binyamin Unger und Avi Toledano\" \/>\n<meta property=\"og:url\" content=\"https:\/\/www.iemj.org\/de\/les-selihot-dans-le-rite-ashkenaze-de-lest\/\" \/>\n<meta property=\"og:site_name\" content=\"Institut Europ\u00e9en des Musiques Juives\" \/>\n<meta property=\"article:publisher\" content=\"https:\/\/www.facebook.com\/MusiquesJuives\/\" \/>\n<meta property=\"article:published_time\" content=\"2020-09-17T10:07:10+00:00\" \/>\n<meta property=\"article:modified_time\" content=\"2024-02-16T16:24:56+00:00\" \/>\n<meta property=\"og:image\" content=\"https:\/\/www.iemj.org\/wp-content\/uploads\/2020\/09\/arton4836.jpg\" \/>\n\t<meta property=\"og:image:width\" content=\"336\" \/>\n\t<meta property=\"og:image:height\" content=\"336\" \/>\n\t<meta property=\"og:image:type\" content=\"image\/jpeg\" \/>\n<meta name=\"author\" content=\"Herv\u00e9 Roten\" \/>\n<meta name=\"twitter:card\" content=\"summary_large_image\" \/>\n<meta name=\"twitter:label1\" content=\"Verfasst von\" \/>\n\t<meta name=\"twitter:data1\" content=\"Herv\u00e9 Roten\" \/>\n\t<meta name=\"twitter:label2\" content=\"Gesch\u00e4tzte Lesezeit\" \/>\n\t<meta name=\"twitter:data2\" content=\"2\u00a0Minuten\" \/>\n<script type=\"application\/ld+json\" class=\"yoast-schema-graph\">{\"@context\":\"https:\\\/\\\/schema.org\",\"@graph\":[{\"@type\":\"Article\",\"@id\":\"https:\\\/\\\/www.iemj.org\\\/de\\\/les-selihot-dans-le-rite-ashkenaze-de-lest\\\/#article\",\"isPartOf\":{\"@id\":\"https:\\\/\\\/www.iemj.org\\\/de\\\/les-selihot-dans-le-rite-ashkenaze-de-lest\\\/\"},\"author\":{\"name\":\"Herv\u00e9 Roten\",\"@id\":\"https:\\\/\\\/www.iemj.org\\\/de\\\/#\\\/schema\\\/person\\\/906134402c29d5c76e7b726261dd4bbd\"},\"headline\":\"Die Slichot im aschkenasischen Ritus Osteuropas\",\"datePublished\":\"2020-09-17T10:07:10+00:00\",\"dateModified\":\"2024-02-16T16:24:56+00:00\",\"mainEntityOfPage\":{\"@id\":\"https:\\\/\\\/www.iemj.org\\\/de\\\/les-selihot-dans-le-rite-ashkenaze-de-lest\\\/\"},\"wordCount\":250,\"publisher\":{\"@id\":\"https:\\\/\\\/www.iemj.org\\\/de\\\/#organization\"},\"image\":{\"@id\":\"https:\\\/\\\/www.iemj.org\\\/de\\\/les-selihot-dans-le-rite-ashkenaze-de-lest\\\/#primaryimage\"},\"thumbnailUrl\":\"https:\\\/\\\/www.iemj.org\\\/wp-content\\\/uploads\\\/2020\\\/09\\\/arton4836.jpg\",\"articleSection\":[\"Playlists\"],\"inLanguage\":\"de\"},{\"@type\":\"WebPage\",\"@id\":\"https:\\\/\\\/www.iemj.org\\\/de\\\/les-selihot-dans-le-rite-ashkenaze-de-lest\\\/\",\"url\":\"https:\\\/\\\/www.iemj.org\\\/de\\\/les-selihot-dans-le-rite-ashkenaze-de-lest\\\/\",\"name\":\"Die Slichot im aschkenasischen Ritus Osteuropas - Institut Europ\u00e9en des Musiques Juives\",\"isPartOf\":{\"@id\":\"https:\\\/\\\/www.iemj.org\\\/de\\\/#website\"},\"primaryImageOfPage\":{\"@id\":\"https:\\\/\\\/www.iemj.org\\\/de\\\/les-selihot-dans-le-rite-ashkenaze-de-lest\\\/#primaryimage\"},\"image\":{\"@id\":\"https:\\\/\\\/www.iemj.org\\\/de\\\/les-selihot-dans-le-rite-ashkenaze-de-lest\\\/#primaryimage\"},\"thumbnailUrl\":\"https:\\\/\\\/www.iemj.org\\\/wp-content\\\/uploads\\\/2020\\\/09\\\/arton4836.jpg\",\"datePublished\":\"2020-09-17T10:07:10+00:00\",\"dateModified\":\"2024-02-16T16:24:56+00:00\",\"breadcrumb\":{\"@id\":\"https:\\\/\\\/www.iemj.org\\\/de\\\/les-selihot-dans-le-rite-ashkenaze-de-lest\\\/#breadcrumb\"},\"inLanguage\":\"de\",\"potentialAction\":[{\"@type\":\"ReadAction\",\"target\":[\"https:\\\/\\\/www.iemj.org\\\/de\\\/les-selihot-dans-le-rite-ashkenaze-de-lest\\\/\"]}]},{\"@type\":\"ImageObject\",\"inLanguage\":\"de\",\"@id\":\"https:\\\/\\\/www.iemj.org\\\/de\\\/les-selihot-dans-le-rite-ashkenaze-de-lest\\\/#primaryimage\",\"url\":\"https:\\\/\\\/www.iemj.org\\\/wp-content\\\/uploads\\\/2020\\\/09\\\/arton4836.jpg\",\"contentUrl\":\"https:\\\/\\\/www.iemj.org\\\/wp-content\\\/uploads\\\/2020\\\/09\\\/arton4836.jpg\",\"width\":336,\"height\":336},{\"@type\":\"BreadcrumbList\",\"@id\":\"https:\\\/\\\/www.iemj.org\\\/de\\\/les-selihot-dans-le-rite-ashkenaze-de-lest\\\/#breadcrumb\",\"itemListElement\":[{\"@type\":\"ListItem\",\"position\":1,\"name\":\"Accueil\",\"item\":\"https:\\\/\\\/www.iemj.org\\\/de\\\/\"},{\"@type\":\"ListItem\",\"position\":2,\"name\":\"Die Slichot im aschkenasischen Ritus Osteuropas\"}]},{\"@type\":\"WebSite\",\"@id\":\"https:\\\/\\\/www.iemj.org\\\/de\\\/#website\",\"url\":\"https:\\\/\\\/www.iemj.org\\\/de\\\/\",\"name\":\"Institut Europ\u00e9en des Musiques Juives\",\"description\":\"Des traditions musicales \u00e0 la port\u00e9e de tous\",\"publisher\":{\"@id\":\"https:\\\/\\\/www.iemj.org\\\/de\\\/#organization\"},\"potentialAction\":[{\"@type\":\"SearchAction\",\"target\":{\"@type\":\"EntryPoint\",\"urlTemplate\":\"https:\\\/\\\/www.iemj.org\\\/de\\\/?s={search_term_string}\"},\"query-input\":{\"@type\":\"PropertyValueSpecification\",\"valueRequired\":true,\"valueName\":\"search_term_string\"}}],\"inLanguage\":\"de\"},{\"@type\":\"Organization\",\"@id\":\"https:\\\/\\\/www.iemj.org\\\/de\\\/#organization\",\"name\":\"Institut Europ\u00e9en des Musiques Juives\",\"url\":\"https:\\\/\\\/www.iemj.org\\\/de\\\/\",\"logo\":{\"@type\":\"ImageObject\",\"inLanguage\":\"de\",\"@id\":\"https:\\\/\\\/www.iemj.org\\\/de\\\/#\\\/schema\\\/logo\\\/image\\\/\",\"url\":\"https:\\\/\\\/www.iemj.org\\\/wp-content\\\/uploads\\\/2021\\\/09\\\/Logo-IEMJ-Paypal.jpg\",\"contentUrl\":\"https:\\\/\\\/www.iemj.org\\\/wp-content\\\/uploads\\\/2021\\\/09\\\/Logo-IEMJ-Paypal.jpg\",\"width\":150,\"height\":50,\"caption\":\"Institut Europ\u00e9en des Musiques Juives\"},\"image\":{\"@id\":\"https:\\\/\\\/www.iemj.org\\\/de\\\/#\\\/schema\\\/logo\\\/image\\\/\"},\"sameAs\":[\"https:\\\/\\\/www.facebook.com\\\/MusiquesJuives\\\/\",\"https:\\\/\\\/www.instagram.com\\\/musiquesjuives\\\/\",\"https:\\\/\\\/www.youtube.com\\\/user\\\/musiquesjuives\"]},{\"@type\":\"Person\",\"@id\":\"https:\\\/\\\/www.iemj.org\\\/de\\\/#\\\/schema\\\/person\\\/906134402c29d5c76e7b726261dd4bbd\",\"name\":\"Herv\u00e9 Roten\",\"image\":{\"@type\":\"ImageObject\",\"inLanguage\":\"de\",\"@id\":\"https:\\\/\\\/secure.gravatar.com\\\/avatar\\\/f96ad2db538a26481f18384936b5cd0610c92d390c4dc382209216d455f685ff?s=96&d=mm&r=g\",\"url\":\"https:\\\/\\\/secure.gravatar.com\\\/avatar\\\/f96ad2db538a26481f18384936b5cd0610c92d390c4dc382209216d455f685ff?s=96&d=mm&r=g\",\"contentUrl\":\"https:\\\/\\\/secure.gravatar.com\\\/avatar\\\/f96ad2db538a26481f18384936b5cd0610c92d390c4dc382209216d455f685ff?s=96&d=mm&r=g\",\"caption\":\"Herv\u00e9 Roten\"}}]}<\/script>\n<!-- \/ Yoast SEO plugin. -->","yoast_head_json":{"title":"Die Slichot im aschkenasischen Ritus Osteuropas - Institut Europ\u00e9en des Musiques Juives","robots":{"index":"index","follow":"follow","max-snippet":"max-snippet:-1","max-image-preview":"max-image-preview:large","max-video-preview":"max-video-preview:-1"},"canonical":"https:\/\/www.iemj.org\/de\/les-selihot-dans-le-rite-ashkenaze-de-lest\/","og_locale":"de_DE","og_type":"article","og_title":"Die Slichot im aschkenasischen Ritus Osteuropas - Institut Europ\u00e9en des Musiques Juives","og_description":"Eine Auswahl von Slichot gespielt von Benzion Miller, Kwartin Zawel, Moshe Stern, Moshe Koussevitzky, Binyamin Unger und Avi Toledano","og_url":"https:\/\/www.iemj.org\/de\/les-selihot-dans-le-rite-ashkenaze-de-lest\/","og_site_name":"Institut Europ\u00e9en des Musiques Juives","article_publisher":"https:\/\/www.facebook.com\/MusiquesJuives\/","article_published_time":"2020-09-17T10:07:10+00:00","article_modified_time":"2024-02-16T16:24:56+00:00","og_image":[{"width":336,"height":336,"url":"https:\/\/www.iemj.org\/wp-content\/uploads\/2020\/09\/arton4836.jpg","type":"image\/jpeg"}],"author":"Herv\u00e9 Roten","twitter_card":"summary_large_image","twitter_misc":{"Verfasst von":"Herv\u00e9 Roten","Gesch\u00e4tzte Lesezeit":"2\u00a0Minuten"},"schema":{"@context":"https:\/\/schema.org","@graph":[{"@type":"Article","@id":"https:\/\/www.iemj.org\/de\/les-selihot-dans-le-rite-ashkenaze-de-lest\/#article","isPartOf":{"@id":"https:\/\/www.iemj.org\/de\/les-selihot-dans-le-rite-ashkenaze-de-lest\/"},"author":{"name":"Herv\u00e9 Roten","@id":"https:\/\/www.iemj.org\/de\/#\/schema\/person\/906134402c29d5c76e7b726261dd4bbd"},"headline":"Die Slichot im aschkenasischen Ritus Osteuropas","datePublished":"2020-09-17T10:07:10+00:00","dateModified":"2024-02-16T16:24:56+00:00","mainEntityOfPage":{"@id":"https:\/\/www.iemj.org\/de\/les-selihot-dans-le-rite-ashkenaze-de-lest\/"},"wordCount":250,"publisher":{"@id":"https:\/\/www.iemj.org\/de\/#organization"},"image":{"@id":"https:\/\/www.iemj.org\/de\/les-selihot-dans-le-rite-ashkenaze-de-lest\/#primaryimage"},"thumbnailUrl":"https:\/\/www.iemj.org\/wp-content\/uploads\/2020\/09\/arton4836.jpg","articleSection":["Playlists"],"inLanguage":"de"},{"@type":"WebPage","@id":"https:\/\/www.iemj.org\/de\/les-selihot-dans-le-rite-ashkenaze-de-lest\/","url":"https:\/\/www.iemj.org\/de\/les-selihot-dans-le-rite-ashkenaze-de-lest\/","name":"Die Slichot im aschkenasischen Ritus Osteuropas - Institut Europ\u00e9en des Musiques Juives","isPartOf":{"@id":"https:\/\/www.iemj.org\/de\/#website"},"primaryImageOfPage":{"@id":"https:\/\/www.iemj.org\/de\/les-selihot-dans-le-rite-ashkenaze-de-lest\/#primaryimage"},"image":{"@id":"https:\/\/www.iemj.org\/de\/les-selihot-dans-le-rite-ashkenaze-de-lest\/#primaryimage"},"thumbnailUrl":"https:\/\/www.iemj.org\/wp-content\/uploads\/2020\/09\/arton4836.jpg","datePublished":"2020-09-17T10:07:10+00:00","dateModified":"2024-02-16T16:24:56+00:00","breadcrumb":{"@id":"https:\/\/www.iemj.org\/de\/les-selihot-dans-le-rite-ashkenaze-de-lest\/#breadcrumb"},"inLanguage":"de","potentialAction":[{"@type":"ReadAction","target":["https:\/\/www.iemj.org\/de\/les-selihot-dans-le-rite-ashkenaze-de-lest\/"]}]},{"@type":"ImageObject","inLanguage":"de","@id":"https:\/\/www.iemj.org\/de\/les-selihot-dans-le-rite-ashkenaze-de-lest\/#primaryimage","url":"https:\/\/www.iemj.org\/wp-content\/uploads\/2020\/09\/arton4836.jpg","contentUrl":"https:\/\/www.iemj.org\/wp-content\/uploads\/2020\/09\/arton4836.jpg","width":336,"height":336},{"@type":"BreadcrumbList","@id":"https:\/\/www.iemj.org\/de\/les-selihot-dans-le-rite-ashkenaze-de-lest\/#breadcrumb","itemListElement":[{"@type":"ListItem","position":1,"name":"Accueil","item":"https:\/\/www.iemj.org\/de\/"},{"@type":"ListItem","position":2,"name":"Die Slichot im aschkenasischen Ritus Osteuropas"}]},{"@type":"WebSite","@id":"https:\/\/www.iemj.org\/de\/#website","url":"https:\/\/www.iemj.org\/de\/","name":"Institut Europ\u00e9en des Musiques Juives","description":"Des traditions musicales \u00e0 la port\u00e9e de tous","publisher":{"@id":"https:\/\/www.iemj.org\/de\/#organization"},"potentialAction":[{"@type":"SearchAction","target":{"@type":"EntryPoint","urlTemplate":"https:\/\/www.iemj.org\/de\/?s={search_term_string}"},"query-input":{"@type":"PropertyValueSpecification","valueRequired":true,"valueName":"search_term_string"}}],"inLanguage":"de"},{"@type":"Organization","@id":"https:\/\/www.iemj.org\/de\/#organization","name":"Institut Europ\u00e9en des Musiques Juives","url":"https:\/\/www.iemj.org\/de\/","logo":{"@type":"ImageObject","inLanguage":"de","@id":"https:\/\/www.iemj.org\/de\/#\/schema\/logo\/image\/","url":"https:\/\/www.iemj.org\/wp-content\/uploads\/2021\/09\/Logo-IEMJ-Paypal.jpg","contentUrl":"https:\/\/www.iemj.org\/wp-content\/uploads\/2021\/09\/Logo-IEMJ-Paypal.jpg","width":150,"height":50,"caption":"Institut Europ\u00e9en des Musiques Juives"},"image":{"@id":"https:\/\/www.iemj.org\/de\/#\/schema\/logo\/image\/"},"sameAs":["https:\/\/www.facebook.com\/MusiquesJuives\/","https:\/\/www.instagram.com\/musiquesjuives\/","https:\/\/www.youtube.com\/user\/musiquesjuives"]},{"@type":"Person","@id":"https:\/\/www.iemj.org\/de\/#\/schema\/person\/906134402c29d5c76e7b726261dd4bbd","name":"Herv\u00e9 Roten","image":{"@type":"ImageObject","inLanguage":"de","@id":"https:\/\/secure.gravatar.com\/avatar\/f96ad2db538a26481f18384936b5cd0610c92d390c4dc382209216d455f685ff?s=96&d=mm&r=g","url":"https:\/\/secure.gravatar.com\/avatar\/f96ad2db538a26481f18384936b5cd0610c92d390c4dc382209216d455f685ff?s=96&d=mm&r=g","contentUrl":"https:\/\/secure.gravatar.com\/avatar\/f96ad2db538a26481f18384936b5cd0610c92d390c4dc382209216d455f685ff?s=96&d=mm&r=g","caption":"Herv\u00e9 Roten"}}]}},"_links":{"self":[{"href":"https:\/\/www.iemj.org\/de\/wp-json\/wp\/v2\/posts\/42830","targetHints":{"allow":["GET"]}}],"collection":[{"href":"https:\/\/www.iemj.org\/de\/wp-json\/wp\/v2\/posts"}],"about":[{"href":"https:\/\/www.iemj.org\/de\/wp-json\/wp\/v2\/types\/post"}],"author":[{"embeddable":true,"href":"https:\/\/www.iemj.org\/de\/wp-json\/wp\/v2\/users\/1045"}],"replies":[{"embeddable":true,"href":"https:\/\/www.iemj.org\/de\/wp-json\/wp\/v2\/comments?post=42830"}],"version-history":[{"count":0,"href":"https:\/\/www.iemj.org\/de\/wp-json\/wp\/v2\/posts\/42830\/revisions"}],"wp:featuredmedia":[{"embeddable":true,"href":"https:\/\/www.iemj.org\/de\/wp-json\/wp\/v2\/media\/42831"}],"wp:attachment":[{"href":"https:\/\/www.iemj.org\/de\/wp-json\/wp\/v2\/media?parent=42830"}],"wp:term":[{"taxonomy":"category","embeddable":true,"href":"https:\/\/www.iemj.org\/de\/wp-json\/wp\/v2\/categories?post=42830"},{"taxonomy":"post_tag","embeddable":true,"href":"https:\/\/www.iemj.org\/de\/wp-json\/wp\/v2\/tags?post=42830"},{"taxonomy":"technique","embeddable":true,"href":"https:\/\/www.iemj.org\/de\/wp-json\/wp\/v2\/technique?post=42830"},{"taxonomy":"squelettes","embeddable":true,"href":"https:\/\/www.iemj.org\/de\/wp-json\/wp\/v2\/squelettes?post=42830"},{"taxonomy":"sujet","embeddable":true,"href":"https:\/\/www.iemj.org\/de\/wp-json\/wp\/v2\/sujet?post=42830"},{"taxonomy":"formation","embeddable":true,"href":"https:\/\/www.iemj.org\/de\/wp-json\/wp\/v2\/formation?post=42830"},{"taxonomy":"genre","embeddable":true,"href":"https:\/\/www.iemj.org\/de\/wp-json\/wp\/v2\/genre?post=42830"},{"taxonomy":"fonds","embeddable":true,"href":"https:\/\/www.iemj.org\/de\/wp-json\/wp\/v2\/fonds?post=42830"},{"taxonomy":"tradition","embeddable":true,"href":"https:\/\/www.iemj.org\/de\/wp-json\/wp\/v2\/tradition?post=42830"},{"taxonomy":"type-de-contenu","embeddable":true,"href":"https:\/\/www.iemj.org\/de\/wp-json\/wp\/v2\/type-de-contenu?post=42830"},{"taxonomy":"interprete-compositeur","embeddable":true,"href":"https:\/\/www.iemj.org\/de\/wp-json\/wp\/v2\/interprete-compositeur?post=42830"},{"taxonomy":"frise","embeddable":true,"href":"https:\/\/www.iemj.org\/de\/wp-json\/wp\/v2\/frise?post=42830"},{"taxonomy":"type-devenement","embeddable":true,"href":"https:\/\/www.iemj.org\/de\/wp-json\/wp\/v2\/type-devenement?post=42830"},{"taxonomy":"tableaux-liens-externes","embeddable":true,"href":"https:\/\/www.iemj.org\/de\/wp-json\/wp\/v2\/tableaux-liens-externes?post=42830"}],"curies":[{"name":"wp","href":"https:\/\/api.w.org\/{rel}","templated":true}]}}