{"id":42900,"date":"2020-09-09T15:01:22","date_gmt":"2020-09-09T13:01:22","guid":{"rendered":"https:\/\/www.iemj.org\/les-selihot-dans-le-rite-ashkenaze-de-louest\/"},"modified":"2025-04-17T11:52:02","modified_gmt":"2025-04-17T09:52:02","slug":"les-selihot-dans-le-rite-ashkenaze-de-louest","status":"publish","type":"post","link":"https:\/\/www.iemj.org\/de\/les-selihot-dans-le-rite-ashkenaze-de-louest\/","title":{"rendered":"Die Slichot im aschkenasischen Ritus Westeuropas"},"content":{"rendered":"<p><strong>Eine Auswahl von <em>Selihot<\/em> gespielt von Adolphe Attia, Joseph Borin, Michel Heymann, Emile Ka\u00e7mann und Max Warchawski<\/strong><\/p>\n<p><!--more-->Die <em>Slichot <\/em>sind Gebete der Bu\u00dfe und Reue, mit denen der Gl\u00e4ubige bei Gott, f\u00fcr die begangenen S\u00fcnden, um Vergebung bittet. Dieser Brauch basiert auf den <a href=\"https:\/\/en.wikipedia.org\/wiki\/Thirteen_Attributes_of_Mercy\" target=\"_blank\" rel=\"noopener\">13 g\u00f6ttlichen Attributen der Barmherzigkeit<\/a>, die der \u00dcberlieferung nach, Moses von Gott \u00fcbergeben wurden (Exodus, 34, 6-7).<\/p>\n<p>Urspr\u00fcnglich wurden die <em>Slichot<\/em> w\u00e4hrend der Jom-Kippur- und Fastengottesdienste gelesen. Dann weitete sich der Brauch auf die 10 Tage (<em>Jamim Noraim<\/em>), zwischen Rosch ha-Schana und Kippur aus. Die aschkenasische und die chassidische Gemeinschaft sprechen die <em>Slichot <\/em>an dem Samstag, welcher dem Fest Rosch ha-Schana (um mindestens vier Tage) vorausgeht. Die sephardischen Gemeinschaften wiederum, lesen sie ab dem 1. Elul, vierzig Tage lang bei Sonnenaufgang und vor dem Morgengebet.<\/p>\n<p>Auf der folgenden Playlist ist eine Auswahl an <em>Slichot <\/em>zu h\u00f6ren, welche haupts\u00e4chlich in den aschkenasischen Gemeinschaften Elsass-Lothringens (<a href=\"http:\/\/www.judaisme-alsalor.fr\/histoire\/rabbins\/hazanim\/borin.htm\" target=\"_blank\" rel=\"noopener\">Joseph Borin<\/a>,\u00a0<a href=\"https:\/\/www.iemj.org\/de\/heymann-michel-1952\/\" target=\"_blank\" rel=\"noopener\">Michel Heymann<\/a>, Max Warchawski) \u2013 und in der aschkenasischen Gemeinschaften aus Paris (<a href=\"https:\/\/www.iemj.org\/de\/attia-adolphe-1937\/\" target=\"_blank\" rel=\"noopener\">Adolphe Attia<\/a>,\u00a0<a href=\"https:\/\/fr.wikipedia.org\/wiki\/%C3%89mile_Ka%C3%A7mann\">Emile Ka\u00e7mann<\/a>) gesungen werden.\u00a0Enthalten sind sowohl Aufnahmen der Forschung, \u00dcbungen der Liturgie als auch Konzertaufnahmen. In der letztgenannten Kategorie werden die S\u00e4nger zudem instrumental begleitet, was in der Regel, bei religi\u00f6sen Zeremonien in der Synagoge, nicht der Fall ist.<\/p>\n<p><a href=\"https:\/\/www.iemj.org\/de\/les-selihot-%d7%a1%d7%9c%d7%99%d7%97%d7%95%d7%aa\/\" target=\"_blank\" rel=\"noopener\">Lesen Sie den Beitrag \u00fcber die Slichot<\/a><\/p>\n\n\n<figure class=\"wp-block-image size-large\"><img fetchpriority=\"high\" decoding=\"async\" width=\"1024\" height=\"146\" src=\"https:\/\/www.iemj.org\/wp-content\/uploads\/2023\/01\/Bandeau-Playlist_DE2-1024x146.jpg\" alt=\"\" class=\"wp-image-93110\" srcset=\"https:\/\/www.iemj.org\/wp-content\/uploads\/2023\/01\/Bandeau-Playlist_DE2-1024x146.jpg 1024w, https:\/\/www.iemj.org\/wp-content\/uploads\/2023\/01\/Bandeau-Playlist_DE2-300x43.jpg 300w, https:\/\/www.iemj.org\/wp-content\/uploads\/2023\/01\/Bandeau-Playlist_DE2-768x110.jpg 768w, https:\/\/www.iemj.org\/wp-content\/uploads\/2023\/01\/Bandeau-Playlist_DE2-1536x220.jpg 1536w, https:\/\/www.iemj.org\/wp-content\/uploads\/2023\/01\/Bandeau-Playlist_DE2-600x86.jpg 600w, https:\/\/www.iemj.org\/wp-content\/uploads\/2023\/01\/Bandeau-Playlist_DE2.jpg 1608w\" sizes=\"(max-width: 1024px) 100vw, 1024px\" \/><\/figure>\n\n\n\n<div class=\"wp-block-file\"><a id=\"wp-block-file--media-215cd50d-e1df-4ba4-8cba-d2c8c2cdfefa\" href=\"https:\/\/www.iemj.org\/wp-content\/uploads\/2020\/09\/02_anenou_max_warchawski_strasbourg_.mp3\">Anenou &#8211; Max Warchawski (Strasbourg)<\/a><\/div>\n\n\n\n<div class=\"wp-block-file\"><a id=\"wp-block-file--media-f5d6dc2c-43b5-487f-83ee-8f8d3e3cbff9\" href=\"https:\/\/www.iemj.org\/wp-content\/uploads\/2020\/09\/03_ben_adam_emile_kacmann_paris_.mp3\">Ben Adam &#8211; Emile Kacmann (Paris)<\/a><\/div>\n\n\n\n<div class=\"wp-block-file\"><a id=\"wp-block-file--media-5d7b437a-0e97-4902-9190-bbc3da43fed9\" href=\"https:\/\/www.iemj.org\/wp-content\/uploads\/2025\/04\/04_shomer_israel_metz__extrait.mp3\">Shomer Israel (Metz) (EXTRAIT)<\/a><\/div>\n\n\n\n<div class=\"wp-block-file\"><a id=\"wp-block-file--media-92f1f191-0ee7-405f-8f1f-6d8f64f44c5c\" href=\"https:\/\/www.iemj.org\/wp-content\/uploads\/2020\/09\/05_kel_melekh_yochev_al_kisse_rahamim_michel_heymann_strasbourg_.mp3\">Kel melekh yochev al kisse rahamimv &#8211; Michel Heymann (Strasbourg)<\/a><\/div>\n\n\n\n<div class=\"wp-block-file\"><a id=\"wp-block-file--media-e95b7888-772d-4542-ab04-de613f6b275b\" href=\"https:\/\/www.iemj.org\/wp-content\/uploads\/2020\/09\/06_selihot_shlishya-shnya-akeda-shofet_kol_haarets-adolphe_attia_paris_.mp3\">Selihot Shlishya &#8211; Shnya &#8211; Akeda &#8211; Shofet kol haarets &#8211; Adolphe Attia (Paris)<\/a><\/div>\n\n\n\n<div class=\"wp-block-file\"><a id=\"wp-block-file--media-eb37b02f-dc31-4173-bf12-0e4f7a9dd7cf\" href=\"https:\/\/www.iemj.org\/wp-content\/uploads\/2020\/09\/07_al_tachli_henou_joseph_borin_strasbourg_.mp3\">Al tachli&#8217;henou &#8211; Joseph Borin (Strasbourg)<\/a><\/div>\n","protected":false},"excerpt":{"rendered":"<p>Eine Auswahl von Selihot gespielt von Adolphe Attia, Joseph Borin, Michel Heymann, Emile Ka\u00e7mann und Max Warchawski<\/p>\n","protected":false},"author":1045,"featured_media":42901,"comment_status":"closed","ping_status":"closed","sticky":false,"template":"","format":"standard","meta":{"_acf_changed":false,"footnotes":""},"categories":[1534],"tags":[],"technique":[],"squelettes":[],"sujet":[2099,1760],"formation":[],"genre":[1891],"fonds":[],"tradition":[1983],"type-de-contenu":[],"interprete-compositeur":[],"frise":[],"type-devenement":[],"tableaux-liens-externes":[],"class_list":["post-42900","post","type-post","status-publish","format-standard","has-post-thumbnail","hentry","category-playlists-de","sujet-elsass-lothringen-de","sujet-yom-kippur-de","genre-liturgie-de","tradition-aschkenasischer-ritus-de"],"acf":[],"yoast_head":"<!-- This site is optimized with the Yoast SEO plugin v27.3 - https:\/\/yoast.com\/product\/yoast-seo-wordpress\/ -->\n<title>Die Slichot im aschkenasischen Ritus Westeuropas - Institut Europ\u00e9en des Musiques Juives<\/title>\n<meta name=\"robots\" content=\"index, follow, max-snippet:-1, max-image-preview:large, max-video-preview:-1\" \/>\n<link rel=\"canonical\" href=\"https:\/\/www.iemj.org\/de\/les-selihot-dans-le-rite-ashkenaze-de-louest\/\" \/>\n<meta property=\"og:locale\" content=\"de_DE\" \/>\n<meta property=\"og:type\" content=\"article\" \/>\n<meta property=\"og:title\" content=\"Die Slichot im aschkenasischen Ritus Westeuropas - Institut Europ\u00e9en des Musiques Juives\" \/>\n<meta property=\"og:description\" content=\"Eine Auswahl von Selihot gespielt von Adolphe Attia, Joseph Borin, Michel Heymann, Emile Ka\u00e7mann und Max Warchawski\" \/>\n<meta property=\"og:url\" content=\"https:\/\/www.iemj.org\/de\/les-selihot-dans-le-rite-ashkenaze-de-louest\/\" \/>\n<meta property=\"og:site_name\" content=\"Institut Europ\u00e9en des Musiques Juives\" \/>\n<meta property=\"article:publisher\" content=\"https:\/\/www.facebook.com\/MusiquesJuives\/\" \/>\n<meta property=\"article:published_time\" content=\"2020-09-09T13:01:22+00:00\" \/>\n<meta property=\"article:modified_time\" content=\"2025-04-17T09:52:02+00:00\" \/>\n<meta property=\"og:image\" content=\"https:\/\/www.iemj.org\/wp-content\/uploads\/2020\/09\/arton4825.jpg\" \/>\n\t<meta property=\"og:image:width\" content=\"336\" \/>\n\t<meta property=\"og:image:height\" content=\"336\" \/>\n\t<meta property=\"og:image:type\" content=\"image\/jpeg\" \/>\n<meta name=\"author\" content=\"Herv\u00e9 Roten\" \/>\n<meta name=\"twitter:card\" content=\"summary_large_image\" \/>\n<meta name=\"twitter:label1\" content=\"Verfasst von\" \/>\n\t<meta name=\"twitter:data1\" content=\"Herv\u00e9 Roten\" \/>\n\t<meta name=\"twitter:label2\" content=\"Gesch\u00e4tzte Lesezeit\" \/>\n\t<meta name=\"twitter:data2\" content=\"2\u00a0Minuten\" \/>\n<script type=\"application\/ld+json\" class=\"yoast-schema-graph\">{\"@context\":\"https:\\\/\\\/schema.org\",\"@graph\":[{\"@type\":\"Article\",\"@id\":\"https:\\\/\\\/www.iemj.org\\\/de\\\/les-selihot-dans-le-rite-ashkenaze-de-louest\\\/#article\",\"isPartOf\":{\"@id\":\"https:\\\/\\\/www.iemj.org\\\/de\\\/les-selihot-dans-le-rite-ashkenaze-de-louest\\\/\"},\"author\":{\"name\":\"Herv\u00e9 Roten\",\"@id\":\"https:\\\/\\\/www.iemj.org\\\/de\\\/#\\\/schema\\\/person\\\/906134402c29d5c76e7b726261dd4bbd\"},\"headline\":\"Die Slichot im aschkenasischen Ritus Westeuropas\",\"datePublished\":\"2020-09-09T13:01:22+00:00\",\"dateModified\":\"2025-04-17T09:52:02+00:00\",\"mainEntityOfPage\":{\"@id\":\"https:\\\/\\\/www.iemj.org\\\/de\\\/les-selihot-dans-le-rite-ashkenaze-de-louest\\\/\"},\"wordCount\":269,\"publisher\":{\"@id\":\"https:\\\/\\\/www.iemj.org\\\/de\\\/#organization\"},\"image\":{\"@id\":\"https:\\\/\\\/www.iemj.org\\\/de\\\/les-selihot-dans-le-rite-ashkenaze-de-louest\\\/#primaryimage\"},\"thumbnailUrl\":\"https:\\\/\\\/www.iemj.org\\\/wp-content\\\/uploads\\\/2020\\\/09\\\/arton4825.jpg\",\"articleSection\":[\"Playlists\"],\"inLanguage\":\"de\"},{\"@type\":\"WebPage\",\"@id\":\"https:\\\/\\\/www.iemj.org\\\/de\\\/les-selihot-dans-le-rite-ashkenaze-de-louest\\\/\",\"url\":\"https:\\\/\\\/www.iemj.org\\\/de\\\/les-selihot-dans-le-rite-ashkenaze-de-louest\\\/\",\"name\":\"Die Slichot im aschkenasischen Ritus Westeuropas - Institut Europ\u00e9en des Musiques Juives\",\"isPartOf\":{\"@id\":\"https:\\\/\\\/www.iemj.org\\\/de\\\/#website\"},\"primaryImageOfPage\":{\"@id\":\"https:\\\/\\\/www.iemj.org\\\/de\\\/les-selihot-dans-le-rite-ashkenaze-de-louest\\\/#primaryimage\"},\"image\":{\"@id\":\"https:\\\/\\\/www.iemj.org\\\/de\\\/les-selihot-dans-le-rite-ashkenaze-de-louest\\\/#primaryimage\"},\"thumbnailUrl\":\"https:\\\/\\\/www.iemj.org\\\/wp-content\\\/uploads\\\/2020\\\/09\\\/arton4825.jpg\",\"datePublished\":\"2020-09-09T13:01:22+00:00\",\"dateModified\":\"2025-04-17T09:52:02+00:00\",\"breadcrumb\":{\"@id\":\"https:\\\/\\\/www.iemj.org\\\/de\\\/les-selihot-dans-le-rite-ashkenaze-de-louest\\\/#breadcrumb\"},\"inLanguage\":\"de\",\"potentialAction\":[{\"@type\":\"ReadAction\",\"target\":[\"https:\\\/\\\/www.iemj.org\\\/de\\\/les-selihot-dans-le-rite-ashkenaze-de-louest\\\/\"]}]},{\"@type\":\"ImageObject\",\"inLanguage\":\"de\",\"@id\":\"https:\\\/\\\/www.iemj.org\\\/de\\\/les-selihot-dans-le-rite-ashkenaze-de-louest\\\/#primaryimage\",\"url\":\"https:\\\/\\\/www.iemj.org\\\/wp-content\\\/uploads\\\/2020\\\/09\\\/arton4825.jpg\",\"contentUrl\":\"https:\\\/\\\/www.iemj.org\\\/wp-content\\\/uploads\\\/2020\\\/09\\\/arton4825.jpg\",\"width\":336,\"height\":336},{\"@type\":\"BreadcrumbList\",\"@id\":\"https:\\\/\\\/www.iemj.org\\\/de\\\/les-selihot-dans-le-rite-ashkenaze-de-louest\\\/#breadcrumb\",\"itemListElement\":[{\"@type\":\"ListItem\",\"position\":1,\"name\":\"Accueil\",\"item\":\"https:\\\/\\\/www.iemj.org\\\/de\\\/\"},{\"@type\":\"ListItem\",\"position\":2,\"name\":\"Die Slichot im aschkenasischen Ritus Westeuropas\"}]},{\"@type\":\"WebSite\",\"@id\":\"https:\\\/\\\/www.iemj.org\\\/de\\\/#website\",\"url\":\"https:\\\/\\\/www.iemj.org\\\/de\\\/\",\"name\":\"Institut Europ\u00e9en des Musiques Juives\",\"description\":\"Des traditions musicales \u00e0 la port\u00e9e de tous\",\"publisher\":{\"@id\":\"https:\\\/\\\/www.iemj.org\\\/de\\\/#organization\"},\"potentialAction\":[{\"@type\":\"SearchAction\",\"target\":{\"@type\":\"EntryPoint\",\"urlTemplate\":\"https:\\\/\\\/www.iemj.org\\\/de\\\/?s={search_term_string}\"},\"query-input\":{\"@type\":\"PropertyValueSpecification\",\"valueRequired\":true,\"valueName\":\"search_term_string\"}}],\"inLanguage\":\"de\"},{\"@type\":\"Organization\",\"@id\":\"https:\\\/\\\/www.iemj.org\\\/de\\\/#organization\",\"name\":\"Institut Europ\u00e9en des Musiques Juives\",\"url\":\"https:\\\/\\\/www.iemj.org\\\/de\\\/\",\"logo\":{\"@type\":\"ImageObject\",\"inLanguage\":\"de\",\"@id\":\"https:\\\/\\\/www.iemj.org\\\/de\\\/#\\\/schema\\\/logo\\\/image\\\/\",\"url\":\"https:\\\/\\\/www.iemj.org\\\/wp-content\\\/uploads\\\/2021\\\/09\\\/Logo-IEMJ-Paypal.jpg\",\"contentUrl\":\"https:\\\/\\\/www.iemj.org\\\/wp-content\\\/uploads\\\/2021\\\/09\\\/Logo-IEMJ-Paypal.jpg\",\"width\":150,\"height\":50,\"caption\":\"Institut Europ\u00e9en des Musiques Juives\"},\"image\":{\"@id\":\"https:\\\/\\\/www.iemj.org\\\/de\\\/#\\\/schema\\\/logo\\\/image\\\/\"},\"sameAs\":[\"https:\\\/\\\/www.facebook.com\\\/MusiquesJuives\\\/\",\"https:\\\/\\\/www.instagram.com\\\/musiquesjuives\\\/\",\"https:\\\/\\\/www.youtube.com\\\/user\\\/musiquesjuives\"]},{\"@type\":\"Person\",\"@id\":\"https:\\\/\\\/www.iemj.org\\\/de\\\/#\\\/schema\\\/person\\\/906134402c29d5c76e7b726261dd4bbd\",\"name\":\"Herv\u00e9 Roten\",\"image\":{\"@type\":\"ImageObject\",\"inLanguage\":\"de\",\"@id\":\"https:\\\/\\\/secure.gravatar.com\\\/avatar\\\/f96ad2db538a26481f18384936b5cd0610c92d390c4dc382209216d455f685ff?s=96&d=mm&r=g\",\"url\":\"https:\\\/\\\/secure.gravatar.com\\\/avatar\\\/f96ad2db538a26481f18384936b5cd0610c92d390c4dc382209216d455f685ff?s=96&d=mm&r=g\",\"contentUrl\":\"https:\\\/\\\/secure.gravatar.com\\\/avatar\\\/f96ad2db538a26481f18384936b5cd0610c92d390c4dc382209216d455f685ff?s=96&d=mm&r=g\",\"caption\":\"Herv\u00e9 Roten\"}}]}<\/script>\n<!-- \/ Yoast SEO plugin. -->","yoast_head_json":{"title":"Die Slichot im aschkenasischen Ritus Westeuropas - Institut Europ\u00e9en des Musiques Juives","robots":{"index":"index","follow":"follow","max-snippet":"max-snippet:-1","max-image-preview":"max-image-preview:large","max-video-preview":"max-video-preview:-1"},"canonical":"https:\/\/www.iemj.org\/de\/les-selihot-dans-le-rite-ashkenaze-de-louest\/","og_locale":"de_DE","og_type":"article","og_title":"Die Slichot im aschkenasischen Ritus Westeuropas - Institut Europ\u00e9en des Musiques Juives","og_description":"Eine Auswahl von Selihot gespielt von Adolphe Attia, Joseph Borin, Michel Heymann, Emile Ka\u00e7mann und Max Warchawski","og_url":"https:\/\/www.iemj.org\/de\/les-selihot-dans-le-rite-ashkenaze-de-louest\/","og_site_name":"Institut Europ\u00e9en des Musiques Juives","article_publisher":"https:\/\/www.facebook.com\/MusiquesJuives\/","article_published_time":"2020-09-09T13:01:22+00:00","article_modified_time":"2025-04-17T09:52:02+00:00","og_image":[{"width":336,"height":336,"url":"https:\/\/www.iemj.org\/wp-content\/uploads\/2020\/09\/arton4825.jpg","type":"image\/jpeg"}],"author":"Herv\u00e9 Roten","twitter_card":"summary_large_image","twitter_misc":{"Verfasst von":"Herv\u00e9 Roten","Gesch\u00e4tzte Lesezeit":"2\u00a0Minuten"},"schema":{"@context":"https:\/\/schema.org","@graph":[{"@type":"Article","@id":"https:\/\/www.iemj.org\/de\/les-selihot-dans-le-rite-ashkenaze-de-louest\/#article","isPartOf":{"@id":"https:\/\/www.iemj.org\/de\/les-selihot-dans-le-rite-ashkenaze-de-louest\/"},"author":{"name":"Herv\u00e9 Roten","@id":"https:\/\/www.iemj.org\/de\/#\/schema\/person\/906134402c29d5c76e7b726261dd4bbd"},"headline":"Die Slichot im aschkenasischen Ritus Westeuropas","datePublished":"2020-09-09T13:01:22+00:00","dateModified":"2025-04-17T09:52:02+00:00","mainEntityOfPage":{"@id":"https:\/\/www.iemj.org\/de\/les-selihot-dans-le-rite-ashkenaze-de-louest\/"},"wordCount":269,"publisher":{"@id":"https:\/\/www.iemj.org\/de\/#organization"},"image":{"@id":"https:\/\/www.iemj.org\/de\/les-selihot-dans-le-rite-ashkenaze-de-louest\/#primaryimage"},"thumbnailUrl":"https:\/\/www.iemj.org\/wp-content\/uploads\/2020\/09\/arton4825.jpg","articleSection":["Playlists"],"inLanguage":"de"},{"@type":"WebPage","@id":"https:\/\/www.iemj.org\/de\/les-selihot-dans-le-rite-ashkenaze-de-louest\/","url":"https:\/\/www.iemj.org\/de\/les-selihot-dans-le-rite-ashkenaze-de-louest\/","name":"Die Slichot im aschkenasischen Ritus Westeuropas - Institut Europ\u00e9en des Musiques Juives","isPartOf":{"@id":"https:\/\/www.iemj.org\/de\/#website"},"primaryImageOfPage":{"@id":"https:\/\/www.iemj.org\/de\/les-selihot-dans-le-rite-ashkenaze-de-louest\/#primaryimage"},"image":{"@id":"https:\/\/www.iemj.org\/de\/les-selihot-dans-le-rite-ashkenaze-de-louest\/#primaryimage"},"thumbnailUrl":"https:\/\/www.iemj.org\/wp-content\/uploads\/2020\/09\/arton4825.jpg","datePublished":"2020-09-09T13:01:22+00:00","dateModified":"2025-04-17T09:52:02+00:00","breadcrumb":{"@id":"https:\/\/www.iemj.org\/de\/les-selihot-dans-le-rite-ashkenaze-de-louest\/#breadcrumb"},"inLanguage":"de","potentialAction":[{"@type":"ReadAction","target":["https:\/\/www.iemj.org\/de\/les-selihot-dans-le-rite-ashkenaze-de-louest\/"]}]},{"@type":"ImageObject","inLanguage":"de","@id":"https:\/\/www.iemj.org\/de\/les-selihot-dans-le-rite-ashkenaze-de-louest\/#primaryimage","url":"https:\/\/www.iemj.org\/wp-content\/uploads\/2020\/09\/arton4825.jpg","contentUrl":"https:\/\/www.iemj.org\/wp-content\/uploads\/2020\/09\/arton4825.jpg","width":336,"height":336},{"@type":"BreadcrumbList","@id":"https:\/\/www.iemj.org\/de\/les-selihot-dans-le-rite-ashkenaze-de-louest\/#breadcrumb","itemListElement":[{"@type":"ListItem","position":1,"name":"Accueil","item":"https:\/\/www.iemj.org\/de\/"},{"@type":"ListItem","position":2,"name":"Die Slichot im aschkenasischen Ritus Westeuropas"}]},{"@type":"WebSite","@id":"https:\/\/www.iemj.org\/de\/#website","url":"https:\/\/www.iemj.org\/de\/","name":"Institut Europ\u00e9en des Musiques Juives","description":"Des traditions musicales \u00e0 la port\u00e9e de tous","publisher":{"@id":"https:\/\/www.iemj.org\/de\/#organization"},"potentialAction":[{"@type":"SearchAction","target":{"@type":"EntryPoint","urlTemplate":"https:\/\/www.iemj.org\/de\/?s={search_term_string}"},"query-input":{"@type":"PropertyValueSpecification","valueRequired":true,"valueName":"search_term_string"}}],"inLanguage":"de"},{"@type":"Organization","@id":"https:\/\/www.iemj.org\/de\/#organization","name":"Institut Europ\u00e9en des Musiques Juives","url":"https:\/\/www.iemj.org\/de\/","logo":{"@type":"ImageObject","inLanguage":"de","@id":"https:\/\/www.iemj.org\/de\/#\/schema\/logo\/image\/","url":"https:\/\/www.iemj.org\/wp-content\/uploads\/2021\/09\/Logo-IEMJ-Paypal.jpg","contentUrl":"https:\/\/www.iemj.org\/wp-content\/uploads\/2021\/09\/Logo-IEMJ-Paypal.jpg","width":150,"height":50,"caption":"Institut Europ\u00e9en des Musiques Juives"},"image":{"@id":"https:\/\/www.iemj.org\/de\/#\/schema\/logo\/image\/"},"sameAs":["https:\/\/www.facebook.com\/MusiquesJuives\/","https:\/\/www.instagram.com\/musiquesjuives\/","https:\/\/www.youtube.com\/user\/musiquesjuives"]},{"@type":"Person","@id":"https:\/\/www.iemj.org\/de\/#\/schema\/person\/906134402c29d5c76e7b726261dd4bbd","name":"Herv\u00e9 Roten","image":{"@type":"ImageObject","inLanguage":"de","@id":"https:\/\/secure.gravatar.com\/avatar\/f96ad2db538a26481f18384936b5cd0610c92d390c4dc382209216d455f685ff?s=96&d=mm&r=g","url":"https:\/\/secure.gravatar.com\/avatar\/f96ad2db538a26481f18384936b5cd0610c92d390c4dc382209216d455f685ff?s=96&d=mm&r=g","contentUrl":"https:\/\/secure.gravatar.com\/avatar\/f96ad2db538a26481f18384936b5cd0610c92d390c4dc382209216d455f685ff?s=96&d=mm&r=g","caption":"Herv\u00e9 Roten"}}]}},"_links":{"self":[{"href":"https:\/\/www.iemj.org\/de\/wp-json\/wp\/v2\/posts\/42900","targetHints":{"allow":["GET"]}}],"collection":[{"href":"https:\/\/www.iemj.org\/de\/wp-json\/wp\/v2\/posts"}],"about":[{"href":"https:\/\/www.iemj.org\/de\/wp-json\/wp\/v2\/types\/post"}],"author":[{"embeddable":true,"href":"https:\/\/www.iemj.org\/de\/wp-json\/wp\/v2\/users\/1045"}],"replies":[{"embeddable":true,"href":"https:\/\/www.iemj.org\/de\/wp-json\/wp\/v2\/comments?post=42900"}],"version-history":[{"count":0,"href":"https:\/\/www.iemj.org\/de\/wp-json\/wp\/v2\/posts\/42900\/revisions"}],"wp:featuredmedia":[{"embeddable":true,"href":"https:\/\/www.iemj.org\/de\/wp-json\/wp\/v2\/media\/42901"}],"wp:attachment":[{"href":"https:\/\/www.iemj.org\/de\/wp-json\/wp\/v2\/media?parent=42900"}],"wp:term":[{"taxonomy":"category","embeddable":true,"href":"https:\/\/www.iemj.org\/de\/wp-json\/wp\/v2\/categories?post=42900"},{"taxonomy":"post_tag","embeddable":true,"href":"https:\/\/www.iemj.org\/de\/wp-json\/wp\/v2\/tags?post=42900"},{"taxonomy":"technique","embeddable":true,"href":"https:\/\/www.iemj.org\/de\/wp-json\/wp\/v2\/technique?post=42900"},{"taxonomy":"squelettes","embeddable":true,"href":"https:\/\/www.iemj.org\/de\/wp-json\/wp\/v2\/squelettes?post=42900"},{"taxonomy":"sujet","embeddable":true,"href":"https:\/\/www.iemj.org\/de\/wp-json\/wp\/v2\/sujet?post=42900"},{"taxonomy":"formation","embeddable":true,"href":"https:\/\/www.iemj.org\/de\/wp-json\/wp\/v2\/formation?post=42900"},{"taxonomy":"genre","embeddable":true,"href":"https:\/\/www.iemj.org\/de\/wp-json\/wp\/v2\/genre?post=42900"},{"taxonomy":"fonds","embeddable":true,"href":"https:\/\/www.iemj.org\/de\/wp-json\/wp\/v2\/fonds?post=42900"},{"taxonomy":"tradition","embeddable":true,"href":"https:\/\/www.iemj.org\/de\/wp-json\/wp\/v2\/tradition?post=42900"},{"taxonomy":"type-de-contenu","embeddable":true,"href":"https:\/\/www.iemj.org\/de\/wp-json\/wp\/v2\/type-de-contenu?post=42900"},{"taxonomy":"interprete-compositeur","embeddable":true,"href":"https:\/\/www.iemj.org\/de\/wp-json\/wp\/v2\/interprete-compositeur?post=42900"},{"taxonomy":"frise","embeddable":true,"href":"https:\/\/www.iemj.org\/de\/wp-json\/wp\/v2\/frise?post=42900"},{"taxonomy":"type-devenement","embeddable":true,"href":"https:\/\/www.iemj.org\/de\/wp-json\/wp\/v2\/type-devenement?post=42900"},{"taxonomy":"tableaux-liens-externes","embeddable":true,"href":"https:\/\/www.iemj.org\/de\/wp-json\/wp\/v2\/tableaux-liens-externes?post=42900"}],"curies":[{"name":"wp","href":"https:\/\/api.w.org\/{rel}","templated":true}]}}