{"id":42903,"date":"2020-06-24T14:32:59","date_gmt":"2020-06-24T12:32:59","guid":{"rendered":"https:\/\/www.iemj.org\/les-78-tours-du-label-odeon\/"},"modified":"2025-10-07T17:21:04","modified_gmt":"2025-10-07T15:21:04","slug":"les-78-tours-du-label-odeon","status":"publish","type":"post","link":"https:\/\/www.iemj.org\/de\/les-78-tours-du-label-odeon\/","title":{"rendered":"Die 78 rpm- Schellackplatten des Plattenlabels ODEON"},"content":{"rendered":"<p>Bereits 1909 nahm das Label Odeon mehrere Schallplatten mit j\u00fcdischer Musik auf: jiddische Lieder, Liturgie oder Gelehrtenmusik mit Komponisten wie Lazare Saminsky (1882-1959) und Joseph Achron (1886-1943), die beide der 1908 von Joel Engel in Sankt Petersburg gegr\u00fcndeten Gesellschaft f\u00fcr j\u00fcdische Volksmusik angeh\u00f6rten.<\/p>\n<p>Nach einem kurzen R\u00fcckblick auf die Geschichte des Odeon-Labels schlagen wir Ihnen vor, in der folgenden Playlist eine Auswahl von 9 St\u00fccken j\u00fcdischer Musik zu h\u00f6ren, die aus unserem Archiv stammen, und zwischen 1909 und 1934 aufgenommen wurden.<\/p>\n<p><!--more--><\/p>\n<p lang=\"en-US\">Odeon ist ein im Jahre 1903 in Berlin (Deutschland) von Max Straus und Heinrich Zuntz und mit der finanziellen Unterst\u00fctzung von Frederick M.\u00a0Prescott gegr\u00fcndetes Unternehmen zur Produktion von Grammophonen und Schallplatten. Der Name bezieht sich auf das Pariser Odeon-Theater, dessen Tempel das Logo des Plattenlabels schm\u00fcckt.<\/p>\n<p><img fetchpriority=\"high\" decoding=\"async\" class=\" aligncenter size-full wp-image-29067\" src=\"https:\/\/www.iemj.org\/wp-content\/uploads\/2020\/06\/doc_1_odeon_500px.jpg\" alt=\"doc_1_odeon_500px.jpg\" width=\"700\" height=\"230\" align=\"center\" srcset=\"https:\/\/www.iemj.org\/wp-content\/uploads\/2020\/06\/doc_1_odeon_500px.jpg 700w, https:\/\/www.iemj.org\/wp-content\/uploads\/2020\/06\/doc_1_odeon_500px-300x99.jpg 300w, https:\/\/www.iemj.org\/wp-content\/uploads\/2020\/06\/doc_1_odeon_500px-600x197.jpg 600w\" sizes=\"(max-width: 700px) 100vw, 700px\" \/><\/p>\n<p lang=\"en-US\">Das Label wird zu einer Filiale der Karl Lindstrom Gesellschaft, die auch Beka, Parlophone und Fonotipia besitzt. Im Jahre 1926 wird Lindstrom von der englischen Zweigstelle der Columbia Graphophone \u00fcbernommen.<\/p>\n<p lang=\"en-US\"><img decoding=\"async\" class=\" alignright size-full wp-image-29069\" src=\"https:\/\/www.iemj.org\/wp-content\/uploads\/2020\/06\/doc_2_odeon.jpg\" alt=\"doc_2_odeon.jpg\" width=\"225\" height=\"210\" align=\"right\" \/><\/p>\n<p lang=\"en-US\">Im Jahre 1931 fusioniert Columbia mit Electrola, HMV und anderen Labels und wird zu EMI.<\/p>\n<p><span lang=\"en-US\">Im Jahre 1936 \u00fcbernehmen die Nazis die Kontrolle \u00fcber Odeon, indem sie einen linientreuen Direktor und Verwalter einsetzen. Bei den letzen K\u00e4mpfen 1945 in Berlin wird die Odeon-Fabrik von der sowjetischen Armee gr\u00f6<\/span><span style=\"font-family: Times New Roman, serif;\">\u03b2<\/span><span lang=\"en-US\">tenteils zerst\u00f6rt.<\/span><\/p>\n<p><img decoding=\"async\" class=\" alignleft size-full wp-image-29071\" src=\"https:\/\/www.iemj.org\/wp-content\/uploads\/2020\/06\/doc_3_odeon.jpg\" alt=\"doc_3_odeon.jpg\" width=\"225\" height=\"225\" align=\"left\" srcset=\"https:\/\/www.iemj.org\/wp-content\/uploads\/2020\/06\/doc_3_odeon.jpg 225w, https:\/\/www.iemj.org\/wp-content\/uploads\/2020\/06\/doc_3_odeon-150x150.jpg 150w, https:\/\/www.iemj.org\/wp-content\/uploads\/2020\/06\/doc_3_odeon-100x100.jpg 100w\" sizes=\"(max-width: 225px) 100vw, 225px\" \/><\/p>\n<p><span lang=\"en-US\">Nach dem Zweiten Weltkrieg \u00fcberlebt das Plattenlabel Odeon als Filiale von Emi in zahlreichen nicht-anglophonen M\u00e4rkten wie Westdeutschland, Japan, Spanien, Skandinavien, Lateinamerika und Frankreich.<\/span><\/p>\n<p lang=\"en-US\">Der vor den 60er Jahren erstelle Katalog ist heute urheberrechtsfrei.<\/p>\n<figure id=\"attachment_84125\" aria-describedby=\"caption-attachment-84125\" style=\"width: 707px\" class=\"wp-caption aligncenter\"><img loading=\"lazy\" decoding=\"async\" class=\"wp-image-84125\" src=\"https:\/\/www.iemj.org\/wp-content\/uploads\/2020\/06\/I_200-300x198.jpg\" alt=\"\" width=\"707\" height=\"467\" srcset=\"https:\/\/www.iemj.org\/wp-content\/uploads\/2020\/06\/I_200-300x198.jpg 300w, https:\/\/www.iemj.org\/wp-content\/uploads\/2020\/06\/I_200-600x396.jpg 600w, https:\/\/www.iemj.org\/wp-content\/uploads\/2020\/06\/I_200.jpg 757w\" sizes=\"(max-width: 707px) 100vw, 707px\" \/><figcaption id=\"caption-attachment-84125\" class=\"wp-caption-text\"><strong>Foto des Orchestre Armand besser bekannt als Orchestre Schmilovitz<\/strong><\/figcaption><\/figure>\n<p><strong>Quelles<\/strong><em><strong>: <\/strong><a href=\"https:\/\/fr.wikipedia.org\/wiki\/Disques_Od%C3%A9on\">Wikipedia<\/a>, <a href=\"http:\/\/www.cvinyl.com\/labelguides\/odeon.php\">CVYNIL.COM<\/a><\/em><\/p>\n\n<div class=\"wp-block-image\">\n<figure class=\"aligncenter size-large\"><img loading=\"lazy\" decoding=\"async\" width=\"1024\" height=\"133\" src=\"https:\/\/www.iemj.org\/wp-content\/uploads\/2024\/03\/AUDIO-PLAYER-1024x133.png\" alt=\"\" class=\"wp-image-110606\" srcset=\"https:\/\/www.iemj.org\/wp-content\/uploads\/2024\/03\/AUDIO-PLAYER-1024x133.png 1024w, https:\/\/www.iemj.org\/wp-content\/uploads\/2024\/03\/AUDIO-PLAYER-300x39.png 300w, https:\/\/www.iemj.org\/wp-content\/uploads\/2024\/03\/AUDIO-PLAYER-768x100.png 768w, https:\/\/www.iemj.org\/wp-content\/uploads\/2024\/03\/AUDIO-PLAYER-600x78.png 600w, https:\/\/www.iemj.org\/wp-content\/uploads\/2024\/03\/AUDIO-PLAYER.png 1210w\" sizes=\"(max-width: 1024px) 100vw, 1024px\" \/><\/figure>\n<\/div>\n\n\n<div class=\"wp-block-file\"><a id=\"wp-block-file--media-a215f571-8206-48a4-a6ad-0f14d047ff21\" href=\"https:\/\/www.iemj.org\/wp-content\/uploads\/2020\/06\/1_hajom_teamzenu_1909_-_yossele_rosenblatt.mp3\">Hajom Teamzenu &#8211; Yossele Rosenblatt [Rec.1909]<\/a><\/div>\n\n\n\n<div class=\"wp-block-file\"><a id=\"wp-block-file--media-f2edea65-b841-42e3-9f1f-2cc8125eb62f\" href=\"https:\/\/www.iemj.org\/wp-content\/uploads\/2020\/06\/2_der_mesader_kedischen_1928_-_max_bruen.mp3\">Der mesader kedischen &#8211; Max Bruen (Rec.1928) <\/a><\/div>\n\n\n\n<div class=\"wp-block-file\"><a id=\"wp-block-file--media-75ac1617-2200-447d-9497-37327e3fc4d3\" href=\"https:\/\/www.iemj.org\/wp-content\/uploads\/2020\/06\/3_dus_butcherl_1928_-_max_bruen.mp3\">Dus butcherl &#8211; Max Bruen (Rec.1928)<\/a><\/div>\n\n\n\n<div class=\"wp-block-file\"><a id=\"wp-block-file--media-f7eee748-b3a9-4453-a5d1-0ab220d60a0a\" href=\"https:\/\/www.iemj.org\/wp-content\/uploads\/2020\/06\/6_adon_olom_1928_-_louis_lewandowski.mp3\">Louis Lewandowski &#8211; Adon Olom &#8211; Verstarkter Synagogen Chor (Rec. 1929)<\/a><\/div>\n\n\n\n<div class=\"wp-block-file\"><a id=\"wp-block-file--media-c50ccbd9-d122-4370-8a04-a4cf2f941f41\" href=\"https:\/\/www.iemj.org\/wp-content\/uploads\/2020\/06\/7_mah_towu_1928_-_louis_lewandowski.mp3\">Louis Lewandowski &#8211; Mah Towu &#8211; Verstarkter Synagogen Chor (Rec.1928)<\/a><\/div>\n\n\n\n<div class=\"wp-block-file\"><a id=\"wp-block-file--media-872b5054-f079-44e1-8afe-ea2dc4c9d2ec\" href=\"https:\/\/www.iemj.org\/wp-content\/uploads\/2020\/06\/8_kol_nidrei_1930_-_andre_levy.mp3\">Max Bruch &#8211; Kol nidrei &#8211; Andre\u0301 Levy (Rec.1930)<\/a><\/div>\n\n\n\n<div class=\"wp-block-file\"><a id=\"wp-block-file--media-8a91f4d6-3555-440d-be82-6f4ddc5f973c\" href=\"https:\/\/www.iemj.org\/wp-content\/uploads\/2020\/06\/9_be_ne_diction_1930_-_andre_levy.mp3\">L\u00e9on Algazi &#8211; Be\u0301ne\u0301diction &#8211; Andre\u0301 Levy (Rec.1930)<\/a><\/div>\n\n\n\n<div class=\"wp-block-file\"><a id=\"wp-block-file--media-ab3b5d7d-deab-4100-ae4d-3a8b62c6e643\" href=\"https:\/\/www.iemj.org\/wp-content\/uploads\/2020\/06\/10_danse_he_brai_que_1930_-_andre_levy.mp3\">Joseph Achron &#8211; Danse He\u0301brai\u0308que &#8211; Andre\u0301 Levy (Rec.1930) <\/a><\/div>\n\n\n\n<div class=\"wp-block-file\"><a id=\"wp-block-file--media-9f097475-a66b-434a-904a-255d639eaeb5\" href=\"https:\/\/www.iemj.org\/wp-content\/uploads\/2020\/06\/11_leiwi-izchok_s_dudele_1934_-_joseph_blumberg.mp3\">Lazare Saminsky &#8211; Leiwi-Izchok\u2019s Dudele &#8211; Joseph Blumberg (Rec.1934)<\/a><\/div>\n\n\n\n<p><\/p>\n","protected":false},"excerpt":{"rendered":"<p>Bereits 1909 nahm das Label Odeon mehrere Schallplatten mit j\u00fcdischer Musik auf: jiddische Lieder, Liturgie oder Gelehrtenmusik mit Komponisten wie Lazare Saminsky (1882-1959) und Joseph Achron (1886-1943), die beide der<\/p>\n","protected":false},"author":1052,"featured_media":42904,"comment_status":"closed","ping_status":"closed","sticky":false,"template":"","format":"standard","meta":{"_acf_changed":false,"footnotes":""},"categories":[1563],"tags":[],"technique":[],"squelettes":[],"sujet":[],"formation":[],"genre":[],"fonds":[],"tradition":[],"type-de-contenu":[],"interprete-compositeur":[],"frise":[],"type-devenement":[],"tableaux-liens-externes":[],"class_list":["post-42903","post","type-post","status-publish","format-standard","has-post-thumbnail","hentry","category-highlights-de"],"acf":[],"yoast_head":"<!-- This site is optimized with the Yoast SEO plugin v27.3 - https:\/\/yoast.com\/product\/yoast-seo-wordpress\/ -->\n<title>Die 78 rpm- Schellackplatten des Plattenlabels ODEON - Institut Europ\u00e9en des Musiques Juives<\/title>\n<meta name=\"robots\" content=\"index, follow, max-snippet:-1, max-image-preview:large, max-video-preview:-1\" \/>\n<link rel=\"canonical\" href=\"https:\/\/www.iemj.org\/de\/les-78-tours-du-label-odeon\/\" \/>\n<meta property=\"og:locale\" content=\"de_DE\" \/>\n<meta property=\"og:type\" content=\"article\" \/>\n<meta property=\"og:title\" content=\"Die 78 rpm- Schellackplatten des Plattenlabels ODEON - Institut Europ\u00e9en des Musiques Juives\" \/>\n<meta property=\"og:description\" content=\"Bereits 1909 nahm das Label Odeon mehrere Schallplatten mit j\u00fcdischer Musik auf: jiddische Lieder, Liturgie oder Gelehrtenmusik mit Komponisten wie Lazare Saminsky (1882-1959) und Joseph Achron (1886-1943), die beide der\" \/>\n<meta property=\"og:url\" content=\"https:\/\/www.iemj.org\/de\/les-78-tours-du-label-odeon\/\" \/>\n<meta property=\"og:site_name\" content=\"Institut Europ\u00e9en des Musiques Juives\" \/>\n<meta property=\"article:publisher\" content=\"https:\/\/www.facebook.com\/MusiquesJuives\/\" \/>\n<meta property=\"article:published_time\" content=\"2020-06-24T12:32:59+00:00\" \/>\n<meta property=\"article:modified_time\" content=\"2025-10-07T15:21:04+00:00\" \/>\n<meta property=\"og:image\" content=\"https:\/\/www.iemj.org\/wp-content\/uploads\/2020\/06\/arton4784-e1618563547395.jpg\" \/>\n\t<meta property=\"og:image:width\" content=\"350\" \/>\n\t<meta property=\"og:image:height\" content=\"350\" \/>\n\t<meta property=\"og:image:type\" content=\"image\/jpeg\" \/>\n<meta name=\"author\" content=\"Lea Couderc\" \/>\n<meta name=\"twitter:card\" content=\"summary_large_image\" \/>\n<meta name=\"twitter:label1\" content=\"Verfasst von\" \/>\n\t<meta name=\"twitter:data1\" content=\"Lea Couderc\" \/>\n\t<meta name=\"twitter:label2\" content=\"Gesch\u00e4tzte Lesezeit\" \/>\n\t<meta name=\"twitter:data2\" content=\"3\u00a0Minuten\" \/>\n<script type=\"application\/ld+json\" class=\"yoast-schema-graph\">{\"@context\":\"https:\\\/\\\/schema.org\",\"@graph\":[{\"@type\":\"Article\",\"@id\":\"https:\\\/\\\/www.iemj.org\\\/de\\\/les-78-tours-du-label-odeon\\\/#article\",\"isPartOf\":{\"@id\":\"https:\\\/\\\/www.iemj.org\\\/de\\\/les-78-tours-du-label-odeon\\\/\"},\"author\":{\"name\":\"Lea Couderc\",\"@id\":\"https:\\\/\\\/www.iemj.org\\\/de\\\/#\\\/schema\\\/person\\\/e2ad57f2c4be119c7ed8ab79036807a9\"},\"headline\":\"Die 78 rpm- Schellackplatten des Plattenlabels ODEON\",\"datePublished\":\"2020-06-24T12:32:59+00:00\",\"dateModified\":\"2025-10-07T15:21:04+00:00\",\"mainEntityOfPage\":{\"@id\":\"https:\\\/\\\/www.iemj.org\\\/de\\\/les-78-tours-du-label-odeon\\\/\"},\"wordCount\":353,\"publisher\":{\"@id\":\"https:\\\/\\\/www.iemj.org\\\/de\\\/#organization\"},\"image\":{\"@id\":\"https:\\\/\\\/www.iemj.org\\\/de\\\/les-78-tours-du-label-odeon\\\/#primaryimage\"},\"thumbnailUrl\":\"https:\\\/\\\/www.iemj.org\\\/wp-content\\\/uploads\\\/2020\\\/06\\\/arton4784-e1618563547395.jpg\",\"articleSection\":[\"Highlights\"],\"inLanguage\":\"de\"},{\"@type\":\"WebPage\",\"@id\":\"https:\\\/\\\/www.iemj.org\\\/de\\\/les-78-tours-du-label-odeon\\\/\",\"url\":\"https:\\\/\\\/www.iemj.org\\\/de\\\/les-78-tours-du-label-odeon\\\/\",\"name\":\"Die 78 rpm- Schellackplatten des Plattenlabels ODEON - Institut Europ\u00e9en des Musiques Juives\",\"isPartOf\":{\"@id\":\"https:\\\/\\\/www.iemj.org\\\/de\\\/#website\"},\"primaryImageOfPage\":{\"@id\":\"https:\\\/\\\/www.iemj.org\\\/de\\\/les-78-tours-du-label-odeon\\\/#primaryimage\"},\"image\":{\"@id\":\"https:\\\/\\\/www.iemj.org\\\/de\\\/les-78-tours-du-label-odeon\\\/#primaryimage\"},\"thumbnailUrl\":\"https:\\\/\\\/www.iemj.org\\\/wp-content\\\/uploads\\\/2020\\\/06\\\/arton4784-e1618563547395.jpg\",\"datePublished\":\"2020-06-24T12:32:59+00:00\",\"dateModified\":\"2025-10-07T15:21:04+00:00\",\"breadcrumb\":{\"@id\":\"https:\\\/\\\/www.iemj.org\\\/de\\\/les-78-tours-du-label-odeon\\\/#breadcrumb\"},\"inLanguage\":\"de\",\"potentialAction\":[{\"@type\":\"ReadAction\",\"target\":[\"https:\\\/\\\/www.iemj.org\\\/de\\\/les-78-tours-du-label-odeon\\\/\"]}]},{\"@type\":\"ImageObject\",\"inLanguage\":\"de\",\"@id\":\"https:\\\/\\\/www.iemj.org\\\/de\\\/les-78-tours-du-label-odeon\\\/#primaryimage\",\"url\":\"https:\\\/\\\/www.iemj.org\\\/wp-content\\\/uploads\\\/2020\\\/06\\\/arton4784-e1618563547395.jpg\",\"contentUrl\":\"https:\\\/\\\/www.iemj.org\\\/wp-content\\\/uploads\\\/2020\\\/06\\\/arton4784-e1618563547395.jpg\",\"width\":350,\"height\":350},{\"@type\":\"BreadcrumbList\",\"@id\":\"https:\\\/\\\/www.iemj.org\\\/de\\\/les-78-tours-du-label-odeon\\\/#breadcrumb\",\"itemListElement\":[{\"@type\":\"ListItem\",\"position\":1,\"name\":\"Accueil\",\"item\":\"https:\\\/\\\/www.iemj.org\\\/de\\\/\"},{\"@type\":\"ListItem\",\"position\":2,\"name\":\"Die 78 rpm- Schellackplatten des Plattenlabels ODEON\"}]},{\"@type\":\"WebSite\",\"@id\":\"https:\\\/\\\/www.iemj.org\\\/de\\\/#website\",\"url\":\"https:\\\/\\\/www.iemj.org\\\/de\\\/\",\"name\":\"Institut Europ\u00e9en des Musiques Juives\",\"description\":\"Des traditions musicales \u00e0 la port\u00e9e de tous\",\"publisher\":{\"@id\":\"https:\\\/\\\/www.iemj.org\\\/de\\\/#organization\"},\"potentialAction\":[{\"@type\":\"SearchAction\",\"target\":{\"@type\":\"EntryPoint\",\"urlTemplate\":\"https:\\\/\\\/www.iemj.org\\\/de\\\/?s={search_term_string}\"},\"query-input\":{\"@type\":\"PropertyValueSpecification\",\"valueRequired\":true,\"valueName\":\"search_term_string\"}}],\"inLanguage\":\"de\"},{\"@type\":\"Organization\",\"@id\":\"https:\\\/\\\/www.iemj.org\\\/de\\\/#organization\",\"name\":\"Institut Europ\u00e9en des Musiques Juives\",\"url\":\"https:\\\/\\\/www.iemj.org\\\/de\\\/\",\"logo\":{\"@type\":\"ImageObject\",\"inLanguage\":\"de\",\"@id\":\"https:\\\/\\\/www.iemj.org\\\/de\\\/#\\\/schema\\\/logo\\\/image\\\/\",\"url\":\"https:\\\/\\\/www.iemj.org\\\/wp-content\\\/uploads\\\/2021\\\/09\\\/Logo-IEMJ-Paypal.jpg\",\"contentUrl\":\"https:\\\/\\\/www.iemj.org\\\/wp-content\\\/uploads\\\/2021\\\/09\\\/Logo-IEMJ-Paypal.jpg\",\"width\":150,\"height\":50,\"caption\":\"Institut Europ\u00e9en des Musiques Juives\"},\"image\":{\"@id\":\"https:\\\/\\\/www.iemj.org\\\/de\\\/#\\\/schema\\\/logo\\\/image\\\/\"},\"sameAs\":[\"https:\\\/\\\/www.facebook.com\\\/MusiquesJuives\\\/\",\"https:\\\/\\\/www.instagram.com\\\/musiquesjuives\\\/\",\"https:\\\/\\\/www.youtube.com\\\/user\\\/musiquesjuives\"]},{\"@type\":\"Person\",\"@id\":\"https:\\\/\\\/www.iemj.org\\\/de\\\/#\\\/schema\\\/person\\\/e2ad57f2c4be119c7ed8ab79036807a9\",\"name\":\"Lea Couderc\",\"image\":{\"@type\":\"ImageObject\",\"inLanguage\":\"de\",\"@id\":\"https:\\\/\\\/secure.gravatar.com\\\/avatar\\\/46ee021475d60aeff17a7e490b79dea5a5684bb392ab7fd1494027411df8ba23?s=96&d=mm&r=g\",\"url\":\"https:\\\/\\\/secure.gravatar.com\\\/avatar\\\/46ee021475d60aeff17a7e490b79dea5a5684bb392ab7fd1494027411df8ba23?s=96&d=mm&r=g\",\"contentUrl\":\"https:\\\/\\\/secure.gravatar.com\\\/avatar\\\/46ee021475d60aeff17a7e490b79dea5a5684bb392ab7fd1494027411df8ba23?s=96&d=mm&r=g\",\"caption\":\"Lea Couderc\"}}]}<\/script>\n<!-- \/ Yoast SEO plugin. -->","yoast_head_json":{"title":"Die 78 rpm- Schellackplatten des Plattenlabels ODEON - Institut Europ\u00e9en des Musiques Juives","robots":{"index":"index","follow":"follow","max-snippet":"max-snippet:-1","max-image-preview":"max-image-preview:large","max-video-preview":"max-video-preview:-1"},"canonical":"https:\/\/www.iemj.org\/de\/les-78-tours-du-label-odeon\/","og_locale":"de_DE","og_type":"article","og_title":"Die 78 rpm- Schellackplatten des Plattenlabels ODEON - Institut Europ\u00e9en des Musiques Juives","og_description":"Bereits 1909 nahm das Label Odeon mehrere Schallplatten mit j\u00fcdischer Musik auf: jiddische Lieder, Liturgie oder Gelehrtenmusik mit Komponisten wie Lazare Saminsky (1882-1959) und Joseph Achron (1886-1943), die beide der","og_url":"https:\/\/www.iemj.org\/de\/les-78-tours-du-label-odeon\/","og_site_name":"Institut Europ\u00e9en des Musiques Juives","article_publisher":"https:\/\/www.facebook.com\/MusiquesJuives\/","article_published_time":"2020-06-24T12:32:59+00:00","article_modified_time":"2025-10-07T15:21:04+00:00","og_image":[{"width":350,"height":350,"url":"https:\/\/www.iemj.org\/wp-content\/uploads\/2020\/06\/arton4784-e1618563547395.jpg","type":"image\/jpeg"}],"author":"Lea Couderc","twitter_card":"summary_large_image","twitter_misc":{"Verfasst von":"Lea Couderc","Gesch\u00e4tzte Lesezeit":"3\u00a0Minuten"},"schema":{"@context":"https:\/\/schema.org","@graph":[{"@type":"Article","@id":"https:\/\/www.iemj.org\/de\/les-78-tours-du-label-odeon\/#article","isPartOf":{"@id":"https:\/\/www.iemj.org\/de\/les-78-tours-du-label-odeon\/"},"author":{"name":"Lea Couderc","@id":"https:\/\/www.iemj.org\/de\/#\/schema\/person\/e2ad57f2c4be119c7ed8ab79036807a9"},"headline":"Die 78 rpm- Schellackplatten des Plattenlabels ODEON","datePublished":"2020-06-24T12:32:59+00:00","dateModified":"2025-10-07T15:21:04+00:00","mainEntityOfPage":{"@id":"https:\/\/www.iemj.org\/de\/les-78-tours-du-label-odeon\/"},"wordCount":353,"publisher":{"@id":"https:\/\/www.iemj.org\/de\/#organization"},"image":{"@id":"https:\/\/www.iemj.org\/de\/les-78-tours-du-label-odeon\/#primaryimage"},"thumbnailUrl":"https:\/\/www.iemj.org\/wp-content\/uploads\/2020\/06\/arton4784-e1618563547395.jpg","articleSection":["Highlights"],"inLanguage":"de"},{"@type":"WebPage","@id":"https:\/\/www.iemj.org\/de\/les-78-tours-du-label-odeon\/","url":"https:\/\/www.iemj.org\/de\/les-78-tours-du-label-odeon\/","name":"Die 78 rpm- Schellackplatten des Plattenlabels ODEON - Institut Europ\u00e9en des Musiques Juives","isPartOf":{"@id":"https:\/\/www.iemj.org\/de\/#website"},"primaryImageOfPage":{"@id":"https:\/\/www.iemj.org\/de\/les-78-tours-du-label-odeon\/#primaryimage"},"image":{"@id":"https:\/\/www.iemj.org\/de\/les-78-tours-du-label-odeon\/#primaryimage"},"thumbnailUrl":"https:\/\/www.iemj.org\/wp-content\/uploads\/2020\/06\/arton4784-e1618563547395.jpg","datePublished":"2020-06-24T12:32:59+00:00","dateModified":"2025-10-07T15:21:04+00:00","breadcrumb":{"@id":"https:\/\/www.iemj.org\/de\/les-78-tours-du-label-odeon\/#breadcrumb"},"inLanguage":"de","potentialAction":[{"@type":"ReadAction","target":["https:\/\/www.iemj.org\/de\/les-78-tours-du-label-odeon\/"]}]},{"@type":"ImageObject","inLanguage":"de","@id":"https:\/\/www.iemj.org\/de\/les-78-tours-du-label-odeon\/#primaryimage","url":"https:\/\/www.iemj.org\/wp-content\/uploads\/2020\/06\/arton4784-e1618563547395.jpg","contentUrl":"https:\/\/www.iemj.org\/wp-content\/uploads\/2020\/06\/arton4784-e1618563547395.jpg","width":350,"height":350},{"@type":"BreadcrumbList","@id":"https:\/\/www.iemj.org\/de\/les-78-tours-du-label-odeon\/#breadcrumb","itemListElement":[{"@type":"ListItem","position":1,"name":"Accueil","item":"https:\/\/www.iemj.org\/de\/"},{"@type":"ListItem","position":2,"name":"Die 78 rpm- Schellackplatten des Plattenlabels ODEON"}]},{"@type":"WebSite","@id":"https:\/\/www.iemj.org\/de\/#website","url":"https:\/\/www.iemj.org\/de\/","name":"Institut Europ\u00e9en des Musiques Juives","description":"Des traditions musicales \u00e0 la port\u00e9e de tous","publisher":{"@id":"https:\/\/www.iemj.org\/de\/#organization"},"potentialAction":[{"@type":"SearchAction","target":{"@type":"EntryPoint","urlTemplate":"https:\/\/www.iemj.org\/de\/?s={search_term_string}"},"query-input":{"@type":"PropertyValueSpecification","valueRequired":true,"valueName":"search_term_string"}}],"inLanguage":"de"},{"@type":"Organization","@id":"https:\/\/www.iemj.org\/de\/#organization","name":"Institut Europ\u00e9en des Musiques Juives","url":"https:\/\/www.iemj.org\/de\/","logo":{"@type":"ImageObject","inLanguage":"de","@id":"https:\/\/www.iemj.org\/de\/#\/schema\/logo\/image\/","url":"https:\/\/www.iemj.org\/wp-content\/uploads\/2021\/09\/Logo-IEMJ-Paypal.jpg","contentUrl":"https:\/\/www.iemj.org\/wp-content\/uploads\/2021\/09\/Logo-IEMJ-Paypal.jpg","width":150,"height":50,"caption":"Institut Europ\u00e9en des Musiques Juives"},"image":{"@id":"https:\/\/www.iemj.org\/de\/#\/schema\/logo\/image\/"},"sameAs":["https:\/\/www.facebook.com\/MusiquesJuives\/","https:\/\/www.instagram.com\/musiquesjuives\/","https:\/\/www.youtube.com\/user\/musiquesjuives"]},{"@type":"Person","@id":"https:\/\/www.iemj.org\/de\/#\/schema\/person\/e2ad57f2c4be119c7ed8ab79036807a9","name":"Lea Couderc","image":{"@type":"ImageObject","inLanguage":"de","@id":"https:\/\/secure.gravatar.com\/avatar\/46ee021475d60aeff17a7e490b79dea5a5684bb392ab7fd1494027411df8ba23?s=96&d=mm&r=g","url":"https:\/\/secure.gravatar.com\/avatar\/46ee021475d60aeff17a7e490b79dea5a5684bb392ab7fd1494027411df8ba23?s=96&d=mm&r=g","contentUrl":"https:\/\/secure.gravatar.com\/avatar\/46ee021475d60aeff17a7e490b79dea5a5684bb392ab7fd1494027411df8ba23?s=96&d=mm&r=g","caption":"Lea Couderc"}}]}},"_links":{"self":[{"href":"https:\/\/www.iemj.org\/de\/wp-json\/wp\/v2\/posts\/42903","targetHints":{"allow":["GET"]}}],"collection":[{"href":"https:\/\/www.iemj.org\/de\/wp-json\/wp\/v2\/posts"}],"about":[{"href":"https:\/\/www.iemj.org\/de\/wp-json\/wp\/v2\/types\/post"}],"author":[{"embeddable":true,"href":"https:\/\/www.iemj.org\/de\/wp-json\/wp\/v2\/users\/1052"}],"replies":[{"embeddable":true,"href":"https:\/\/www.iemj.org\/de\/wp-json\/wp\/v2\/comments?post=42903"}],"version-history":[{"count":1,"href":"https:\/\/www.iemj.org\/de\/wp-json\/wp\/v2\/posts\/42903\/revisions"}],"predecessor-version":[{"id":126484,"href":"https:\/\/www.iemj.org\/de\/wp-json\/wp\/v2\/posts\/42903\/revisions\/126484"}],"wp:featuredmedia":[{"embeddable":true,"href":"https:\/\/www.iemj.org\/de\/wp-json\/wp\/v2\/media\/42904"}],"wp:attachment":[{"href":"https:\/\/www.iemj.org\/de\/wp-json\/wp\/v2\/media?parent=42903"}],"wp:term":[{"taxonomy":"category","embeddable":true,"href":"https:\/\/www.iemj.org\/de\/wp-json\/wp\/v2\/categories?post=42903"},{"taxonomy":"post_tag","embeddable":true,"href":"https:\/\/www.iemj.org\/de\/wp-json\/wp\/v2\/tags?post=42903"},{"taxonomy":"technique","embeddable":true,"href":"https:\/\/www.iemj.org\/de\/wp-json\/wp\/v2\/technique?post=42903"},{"taxonomy":"squelettes","embeddable":true,"href":"https:\/\/www.iemj.org\/de\/wp-json\/wp\/v2\/squelettes?post=42903"},{"taxonomy":"sujet","embeddable":true,"href":"https:\/\/www.iemj.org\/de\/wp-json\/wp\/v2\/sujet?post=42903"},{"taxonomy":"formation","embeddable":true,"href":"https:\/\/www.iemj.org\/de\/wp-json\/wp\/v2\/formation?post=42903"},{"taxonomy":"genre","embeddable":true,"href":"https:\/\/www.iemj.org\/de\/wp-json\/wp\/v2\/genre?post=42903"},{"taxonomy":"fonds","embeddable":true,"href":"https:\/\/www.iemj.org\/de\/wp-json\/wp\/v2\/fonds?post=42903"},{"taxonomy":"tradition","embeddable":true,"href":"https:\/\/www.iemj.org\/de\/wp-json\/wp\/v2\/tradition?post=42903"},{"taxonomy":"type-de-contenu","embeddable":true,"href":"https:\/\/www.iemj.org\/de\/wp-json\/wp\/v2\/type-de-contenu?post=42903"},{"taxonomy":"interprete-compositeur","embeddable":true,"href":"https:\/\/www.iemj.org\/de\/wp-json\/wp\/v2\/interprete-compositeur?post=42903"},{"taxonomy":"frise","embeddable":true,"href":"https:\/\/www.iemj.org\/de\/wp-json\/wp\/v2\/frise?post=42903"},{"taxonomy":"type-devenement","embeddable":true,"href":"https:\/\/www.iemj.org\/de\/wp-json\/wp\/v2\/type-devenement?post=42903"},{"taxonomy":"tableaux-liens-externes","embeddable":true,"href":"https:\/\/www.iemj.org\/de\/wp-json\/wp\/v2\/tableaux-liens-externes?post=42903"}],"curies":[{"name":"wp","href":"https:\/\/api.w.org\/{rel}","templated":true}]}}