{"id":43116,"date":"2020-10-27T13:26:42","date_gmt":"2020-10-27T12:26:42","guid":{"rendered":"https:\/\/www.iemj.org\/alberto-hemsi-coplas-sefardies-2\/"},"modified":"2025-02-25T15:59:09","modified_gmt":"2025-02-25T14:59:09","slug":"alberto-hemsi-coplas-sefardies-2","status":"publish","type":"post","link":"https:\/\/www.iemj.org\/de\/alberto-hemsi-coplas-sefardies-2\/","title":{"rendered":"Alberto Hemsi: Coplas Sefardies"},"content":{"rendered":"<p>Der Katalog der aufgenommenen Arbeiten von <a href=\"https:\/\/www.iemj.org\/hemsi-alberto-1898-1975\/\" target=\"_blank\" rel=\"noopener\">Alberto Hemsi (1896-1975)<\/a> wurde durch die Ver\u00f6ffentlichung der neuen, aus 3 CDs bestehenden Sammlung bereichert. Die Sammlung erschien am 30. September 2020 bei H\u00e4nsser Classic. Die Sopranistin <a href=\"https:\/\/www.medici.tv\/fr\/artists\/tehila-nini-goldstein\/\">Tehila Nini Goldstein<\/a> und der Pianist <a href=\"https:\/\/fr.wikipedia.org\/wiki\/Jascha_Nemtsov\">Jascha Nemtsov<\/a> tragen alle 60 jud\u00e4o-spanischen Lieder (Coplas Sefardies) vor, welche Hemsi zwischen 1932 und 1973, in 10 Sammlungen ver\u00f6ffentlichte. Die CD wurde zwischen 2017 und 2020 aufgenommen und soll umfassend sein (alle Strophen werden in ihrer Originaltonlage gesungen), sie enth\u00e4lt auch zwei andere Kompositionen Hemsis: <em>Hamicha chirim<\/em> (Five Hebrew Songs), op. 25, 1947 geschrieben,\u00a0<a href=\"https:\/\/www.iemj.org\/zefira-bracha-1910-1990\/\">Bracha Zefira<\/a>\u00a0gewidmet und 1948 in Florenz ver\u00f6ffentlicht, sowie <em>Yom g(u)ila yavo, yavo!<\/em> (Hebr\u00e4ische Skizze), op. 17, 1934 in Alexandria ver\u00f6ffentlicht.<\/p>\n<p>Bei den <em>Coplas Sefardies<\/em> handelt es sich um eine Sammlung jud\u00e4o-spanischer Lieder, f\u00fcr Gesang und Piano, komponiert von Alberto Hemsi auf Grundlage von 230 Poesien und Liedern, welche er zwischen 1923 und 1937 in den sephardischen Gemeinden des ehemaligen Osmanischen Reichs gesammelt hatte. Von diesem umfangreichen Korpus ausgehend, konzentrierte sich Hemsi auf 60 traditionelle Lieder, f\u00fcr die er \u201eKlavierstimmen komponierte, was sich als \u00fcberaus kompliziert erweis, da es weniger darum ging die besagten Lieder \u201azu begleiten\u2018 als sie vielmehr in kleinen symphonischen Gem\u00e4lden einzurahmen, um so deren Atmosph\u00e4re, Gem\u00fctszustand, Thema und Melodie zu vermitteln.\u201c Alberto Hemsis <em>Coplas Sefardies<\/em> bieten mit ihren iberischen und orientalischen Einfl\u00fcssen, einen neuen Blickwinkel auf die jud\u00e4o-spanische m\u00fcndliche Tradition, im Geiste der gelehrten westlichen Musik des fr\u00fchen 20. Jahrhunderts.<\/p>\n<p>Diese neue Aufnahme der <em>Coplas Sefardies<\/em> vervollst\u00e4ndigt die bereits lange Liste, der Alberto Hemsis Werk gewidmeten Ver\u00f6ffentlichungen, welche von K\u00fcnstlern wie Amparito P\u00e9ris de Pruli\u00e8re (in den 1960er Jahren?), Mira Zakai (1988), Pedro Aledo (2005) oder Assaf Levitin (2018-2019) dargeboten wurden.<\/p>\n<p><span style=\"font-size: inherit;\">\u00dcber mehr als dreieinhalb Stunden hinweg begleitet Jasha Neemtsov am Klavier mit Finesse und Virtuosit\u00e4t die kraftvolle und lyrische Stimme der Sopranistin Tehila Nini Goldstein, in einem Repertoire, welches die wichtigsten Genres der jud\u00e4o-spanischen Poesie miteinander vereint: <em>romances<\/em> (mittelalterliche Balladen), <em>cantigas<\/em> (Lieder des t\u00e4glichen Lebens) und coplas (hebr\u00e4ische religi\u00f6se Lieder, wie die <\/span><a style=\"font-size: inherit;\" href=\"https:\/\/www.iemj.org\/trois-chansons-de-pessah-adir-hou-ehad-mi-yodea-et-had-gadya\/\">2 Pessach-Lieder<\/a> <em>Un cabretico<\/em> und das Zahlenlied <em>Quen supiense y entendiense<\/em>)<em>. <\/em>Das 104seitige Begleitheft wurde von Jasha Nemtsov verfasst und ist \u00fcberaus beeindruckend. Neben der Biographie von Alberto Hemsi, sind ebenso die gesamten Liedtexte, sowie deren englische \u00dcbersetzung, enthalten.<\/p>\n<p>Eine Sammlung f\u00fcr das ganze Jahr\u2026<\/p>\n<p><a href=\"https:\/\/www.clicmusique.com\/alberto-hemsi-coplas-sefardies-goldstein-nemtsov-p-106495.html\">Bestellen Sie die CD<\/a><\/p>\n<p><a href=\"http:\/\/www.rachelnet.net\/F\/?func=find-c&amp;ccl_term=wacm%3Dhemsi+et+wti%3D%22Coplas+sefardies%22+sauf+wty%3D%28plage+ou+extrait+ou+partition%29&amp;local_base=iemcg\">Durchsuchen Sie alle aufgezeichneten Versionen der Coplas Sefardies von Alberto Hemsi in unserem Katalog<\/a><\/p>\n<p><img decoding=\"async\" class=\"alignnone  wp-image-110606\" src=\"https:\/\/www.iemj.org\/wp-content\/uploads\/2024\/03\/AUDIO-PLAYER-300x39.png\" alt=\"\" width=\"615\" height=\"80\" srcset=\"https:\/\/www.iemj.org\/wp-content\/uploads\/2024\/03\/AUDIO-PLAYER-300x39.png 300w, https:\/\/www.iemj.org\/wp-content\/uploads\/2024\/03\/AUDIO-PLAYER-1024x133.png 1024w, https:\/\/www.iemj.org\/wp-content\/uploads\/2024\/03\/AUDIO-PLAYER-768x100.png 768w, https:\/\/www.iemj.org\/wp-content\/uploads\/2024\/03\/AUDIO-PLAYER-600x78.png 600w, https:\/\/www.iemj.org\/wp-content\/uploads\/2024\/03\/AUDIO-PLAYER.png 1210w\" sizes=\"(max-width: 615px) 100vw, 615px\" \/><\/p>\n\n\n<h2 class=\"wp-block-heading\"><\/h2>\n\n\n\n<div class=\"wp-block-file\"><a href=\"https:\/\/www.iemj.org\/wp-content\/uploads\/2020\/10\/01_yo_tomi_una_muchacha_extrait__coplas_sefardies_vol_1.mp3\">Yo tomi una muchacha (extrait) &#8211; Coplas Sefardies vol. 1<\/a><\/div>\n\n\n\n<div class=\"wp-block-file\"><a href=\"https:\/\/www.iemj.org\/wp-content\/uploads\/2020\/10\/02_ansi_dize_la_nuestra_novia_extrait__coplas_sefardies_vol_1.mp3\">Ansi dize la nuestra novia (extrait) &#8211; Coplas Sefardies vol. 1<\/a><\/div>\n\n\n\n<div class=\"wp-block-file\"><a href=\"https:\/\/www.iemj.org\/wp-content\/uploads\/2020\/10\/03_el_rey_por_muncha_madriga_extrait__coplas_sefardies_vol_2.mp3\">El rey por muncha madriga (extrait) &#8211; Coplas Sefardies vol. 2<\/a><\/div>\n\n\n\n<div class=\"wp-block-file\"><a href=\"https:\/\/www.iemj.org\/wp-content\/uploads\/2020\/10\/04_aquel_conde_y_aquel_conde_extrait__coplas_sefardies_vol_3.mp3\">Aquel conde y aquel conde (extrait) &#8211; Coplas Sefardies vol. 3<\/a><\/div>\n\n\n\n<div class=\"wp-block-file\"><a href=\"https:\/\/www.iemj.org\/wp-content\/uploads\/2020\/10\/05_ya_salio_de_la_mar_la_galana_extrait__coplas_sefardies_vol_3.mp3\">Ya salio de la mar la galana (extrait) &#8211; Coplas Sefardies vol. 3<\/a><\/div>\n\n\n\n<div class=\"wp-block-file\"><a href=\"https:\/\/www.iemj.org\/wp-content\/uploads\/2020\/10\/06_triste_esta_la_infanta_extrait__coplas_sefardies_vol_4.mp3\">Triste esta la infanta (extrait) &#8211; Coplas Sefardies vol. 4<\/a><\/div>\n\n\n\n<div class=\"wp-block-file\"><a href=\"https:\/\/www.iemj.org\/wp-content\/uploads\/2020\/10\/07_tanto_fuites_i_venites_extrait__coplas_sefardies_vol_4.mp3\">Tanto fuites i venites (extrait) &#8211; Coplas Sefardies vol. 4<\/a><\/div>\n\n\n\n<div class=\"wp-block-file\"><a href=\"https:\/\/www.iemj.org\/wp-content\/uploads\/2020\/10\/08_avrid_mi_galanica_extrait__coplas_sefardies_vol_5.mp3\">Avrid mi galanica (extrait) &#8211; Coplas Sefardies vol. 5<\/a><\/div>\n\n\n\n<div class=\"wp-block-file\"><a href=\"https:\/\/www.iemj.org\/wp-content\/uploads\/2020\/10\/09_malana_tripa_de_madre_extrait__coplas_sefardies_vol_6.mp3\">Malana tripa de madre (extrait) &#8211; Coplas Sefardies vol. 6<\/a><\/div>\n\n\n\n<div class=\"wp-block-file\"><a href=\"https:\/\/www.iemj.org\/wp-content\/uploads\/2020\/10\/10_al_ruido_de_una_fuente_extrait__coplas_sefardies_vol_7.mp3\">Al ruido de una fuente (extrait) &#8211; Coplas Sefardies vol. 7<\/a><\/div>\n\n\n\n<div class=\"wp-block-file\"><a href=\"https:\/\/www.iemj.org\/wp-content\/uploads\/2020\/10\/11_dolores_tiene_la_reina_extrait__coplas_sefardies_vol_8.mp3\">Dolores tiene la reina (extrait) &#8211; Coplas Sefardies vol. 8<\/a><\/div>\n\n\n\n<div class=\"wp-block-file\"><a href=\"https:\/\/www.iemj.org\/wp-content\/uploads\/2020\/10\/12_un_cabretico_extrait__coplas_sefardies_vol_8.mp3\">Un cabretico (extrait) &#8211; Coplas Sefardies vol. 8<\/a><\/div>\n\n\n\n<div class=\"wp-block-file\"><a href=\"https:\/\/www.iemj.org\/wp-content\/uploads\/2020\/10\/13_torondon_extrait__coplas_sefardies_vol_9.mp3\">Torondon (extrait) &#8211; Coplas Sefardies vol. 9<\/a><\/div>\n\n\n\n<div class=\"wp-block-file\"><a href=\"https:\/\/www.iemj.org\/wp-content\/uploads\/2020\/10\/14_quen_supiense_y_entendiense_extrait__coplas_sefardies_vol_10.mp3\">Quen supiense y entendiense (extrait) &#8211; Coplas Sefardies vol. 10<\/a><\/div>\n\n\n\n<div class=\"wp-block-file\"><a href=\"https:\/\/www.iemj.org\/wp-content\/uploads\/2020\/10\/15_vedibarti_al_haneviim_extrait__hamicha_chirim.mp3\">Vedibarti al haneviim (extrait) &#8211; Hamicha chirim<\/a><\/div>\n\n\n\n<div class=\"wp-block-file\"><a href=\"https:\/\/www.iemj.org\/wp-content\/uploads\/2020\/10\/16_yom_gila_yavo_yavo_extrait_.mp3\">Yom gila yavo yavo (extrait)<\/a><\/div>\n\n\n\n<p><\/p>\n","protected":false},"excerpt":{"rendered":"<p>Der Katalog der aufgenommenen Arbeiten von Alberto Hemsi (1896-1975) wurde durch die Ver\u00f6ffentlichung der neuen, aus 3 CDs bestehenden Sammlung bereichert. Die Sammlung erschien am 30. September 2020 bei H\u00e4nsser<\/p>\n","protected":false},"author":1045,"featured_media":43117,"comment_status":"closed","ping_status":"closed","sticky":false,"template":"","format":"standard","meta":{"_acf_changed":false,"footnotes":""},"categories":[1571,1561],"tags":[],"technique":[],"squelettes":[],"sujet":[],"formation":[],"genre":[1888],"fonds":[],"tradition":[],"type-de-contenu":[],"interprete-compositeur":[3081],"frise":[],"type-devenement":[],"tableaux-liens-externes":[],"class_list":["post-43116","post","type-post","status-publish","format-standard","has-post-thumbnail","hentry","category-cd-de","category-letzte-neuerwerbungen-de","genre-judaisch-spanisch-de","interprete-compositeur-alberto-hemsi-de"],"acf":[],"yoast_head":"<!-- This site is optimized with the Yoast SEO plugin v27.3 - https:\/\/yoast.com\/product\/yoast-seo-wordpress\/ -->\n<title>Alberto Hemsi: Coplas Sefardies - Institut Europ\u00e9en des Musiques Juives<\/title>\n<meta name=\"robots\" content=\"index, follow, max-snippet:-1, max-image-preview:large, max-video-preview:-1\" \/>\n<link rel=\"canonical\" href=\"https:\/\/www.iemj.org\/de\/alberto-hemsi-coplas-sefardies-2\/\" \/>\n<meta property=\"og:locale\" content=\"de_DE\" \/>\n<meta property=\"og:type\" content=\"article\" \/>\n<meta property=\"og:title\" content=\"Alberto Hemsi: Coplas Sefardies - Institut Europ\u00e9en des Musiques Juives\" \/>\n<meta property=\"og:description\" content=\"Der Katalog der aufgenommenen Arbeiten von Alberto Hemsi (1896-1975) wurde durch die Ver\u00f6ffentlichung der neuen, aus 3 CDs bestehenden Sammlung bereichert. Die Sammlung erschien am 30. September 2020 bei H\u00e4nsser\" \/>\n<meta property=\"og:url\" content=\"https:\/\/www.iemj.org\/de\/alberto-hemsi-coplas-sefardies-2\/\" \/>\n<meta property=\"og:site_name\" content=\"Institut Europ\u00e9en des Musiques Juives\" \/>\n<meta property=\"article:publisher\" content=\"https:\/\/www.facebook.com\/MusiquesJuives\/\" \/>\n<meta property=\"article:published_time\" content=\"2020-10-27T12:26:42+00:00\" \/>\n<meta property=\"article:modified_time\" content=\"2025-02-25T14:59:09+00:00\" \/>\n<meta property=\"og:image\" content=\"https:\/\/www.iemj.org\/wp-content\/uploads\/2020\/10\/arton4883.jpg\" \/>\n\t<meta property=\"og:image:width\" content=\"340\" \/>\n\t<meta property=\"og:image:height\" content=\"340\" \/>\n\t<meta property=\"og:image:type\" content=\"image\/jpeg\" \/>\n<meta name=\"author\" content=\"Herv\u00e9 Roten\" \/>\n<meta name=\"twitter:card\" content=\"summary_large_image\" \/>\n<meta name=\"twitter:label1\" content=\"Verfasst von\" \/>\n\t<meta name=\"twitter:data1\" content=\"Herv\u00e9 Roten\" \/>\n\t<meta name=\"twitter:label2\" content=\"Gesch\u00e4tzte Lesezeit\" \/>\n\t<meta name=\"twitter:data2\" content=\"3\u00a0Minuten\" \/>\n<script type=\"application\/ld+json\" class=\"yoast-schema-graph\">{\"@context\":\"https:\\\/\\\/schema.org\",\"@graph\":[{\"@type\":\"Article\",\"@id\":\"https:\\\/\\\/www.iemj.org\\\/de\\\/alberto-hemsi-coplas-sefardies-2\\\/#article\",\"isPartOf\":{\"@id\":\"https:\\\/\\\/www.iemj.org\\\/de\\\/alberto-hemsi-coplas-sefardies-2\\\/\"},\"author\":{\"name\":\"Herv\u00e9 Roten\",\"@id\":\"https:\\\/\\\/www.iemj.org\\\/de\\\/#\\\/schema\\\/person\\\/906134402c29d5c76e7b726261dd4bbd\"},\"headline\":\"Alberto Hemsi: Coplas Sefardies\",\"datePublished\":\"2020-10-27T12:26:42+00:00\",\"dateModified\":\"2025-02-25T14:59:09+00:00\",\"mainEntityOfPage\":{\"@id\":\"https:\\\/\\\/www.iemj.org\\\/de\\\/alberto-hemsi-coplas-sefardies-2\\\/\"},\"wordCount\":546,\"publisher\":{\"@id\":\"https:\\\/\\\/www.iemj.org\\\/de\\\/#organization\"},\"image\":{\"@id\":\"https:\\\/\\\/www.iemj.org\\\/de\\\/alberto-hemsi-coplas-sefardies-2\\\/#primaryimage\"},\"thumbnailUrl\":\"https:\\\/\\\/www.iemj.org\\\/wp-content\\\/uploads\\\/2020\\\/10\\\/arton4883.jpg\",\"articleSection\":[\"CD\",\"Letzte Neuerwerbungen\"],\"inLanguage\":\"de\"},{\"@type\":\"WebPage\",\"@id\":\"https:\\\/\\\/www.iemj.org\\\/de\\\/alberto-hemsi-coplas-sefardies-2\\\/\",\"url\":\"https:\\\/\\\/www.iemj.org\\\/de\\\/alberto-hemsi-coplas-sefardies-2\\\/\",\"name\":\"Alberto Hemsi: Coplas Sefardies - Institut Europ\u00e9en des Musiques Juives\",\"isPartOf\":{\"@id\":\"https:\\\/\\\/www.iemj.org\\\/de\\\/#website\"},\"primaryImageOfPage\":{\"@id\":\"https:\\\/\\\/www.iemj.org\\\/de\\\/alberto-hemsi-coplas-sefardies-2\\\/#primaryimage\"},\"image\":{\"@id\":\"https:\\\/\\\/www.iemj.org\\\/de\\\/alberto-hemsi-coplas-sefardies-2\\\/#primaryimage\"},\"thumbnailUrl\":\"https:\\\/\\\/www.iemj.org\\\/wp-content\\\/uploads\\\/2020\\\/10\\\/arton4883.jpg\",\"datePublished\":\"2020-10-27T12:26:42+00:00\",\"dateModified\":\"2025-02-25T14:59:09+00:00\",\"breadcrumb\":{\"@id\":\"https:\\\/\\\/www.iemj.org\\\/de\\\/alberto-hemsi-coplas-sefardies-2\\\/#breadcrumb\"},\"inLanguage\":\"de\",\"potentialAction\":[{\"@type\":\"ReadAction\",\"target\":[\"https:\\\/\\\/www.iemj.org\\\/de\\\/alberto-hemsi-coplas-sefardies-2\\\/\"]}]},{\"@type\":\"ImageObject\",\"inLanguage\":\"de\",\"@id\":\"https:\\\/\\\/www.iemj.org\\\/de\\\/alberto-hemsi-coplas-sefardies-2\\\/#primaryimage\",\"url\":\"https:\\\/\\\/www.iemj.org\\\/wp-content\\\/uploads\\\/2020\\\/10\\\/arton4883.jpg\",\"contentUrl\":\"https:\\\/\\\/www.iemj.org\\\/wp-content\\\/uploads\\\/2020\\\/10\\\/arton4883.jpg\",\"width\":340,\"height\":340},{\"@type\":\"BreadcrumbList\",\"@id\":\"https:\\\/\\\/www.iemj.org\\\/de\\\/alberto-hemsi-coplas-sefardies-2\\\/#breadcrumb\",\"itemListElement\":[{\"@type\":\"ListItem\",\"position\":1,\"name\":\"Accueil\",\"item\":\"https:\\\/\\\/www.iemj.org\\\/de\\\/\"},{\"@type\":\"ListItem\",\"position\":2,\"name\":\"Alberto Hemsi: Coplas Sefardies\"}]},{\"@type\":\"WebSite\",\"@id\":\"https:\\\/\\\/www.iemj.org\\\/de\\\/#website\",\"url\":\"https:\\\/\\\/www.iemj.org\\\/de\\\/\",\"name\":\"Institut Europ\u00e9en des Musiques Juives\",\"description\":\"Des traditions musicales \u00e0 la port\u00e9e de tous\",\"publisher\":{\"@id\":\"https:\\\/\\\/www.iemj.org\\\/de\\\/#organization\"},\"potentialAction\":[{\"@type\":\"SearchAction\",\"target\":{\"@type\":\"EntryPoint\",\"urlTemplate\":\"https:\\\/\\\/www.iemj.org\\\/de\\\/?s={search_term_string}\"},\"query-input\":{\"@type\":\"PropertyValueSpecification\",\"valueRequired\":true,\"valueName\":\"search_term_string\"}}],\"inLanguage\":\"de\"},{\"@type\":\"Organization\",\"@id\":\"https:\\\/\\\/www.iemj.org\\\/de\\\/#organization\",\"name\":\"Institut Europ\u00e9en des Musiques Juives\",\"url\":\"https:\\\/\\\/www.iemj.org\\\/de\\\/\",\"logo\":{\"@type\":\"ImageObject\",\"inLanguage\":\"de\",\"@id\":\"https:\\\/\\\/www.iemj.org\\\/de\\\/#\\\/schema\\\/logo\\\/image\\\/\",\"url\":\"https:\\\/\\\/www.iemj.org\\\/wp-content\\\/uploads\\\/2021\\\/09\\\/Logo-IEMJ-Paypal.jpg\",\"contentUrl\":\"https:\\\/\\\/www.iemj.org\\\/wp-content\\\/uploads\\\/2021\\\/09\\\/Logo-IEMJ-Paypal.jpg\",\"width\":150,\"height\":50,\"caption\":\"Institut Europ\u00e9en des Musiques Juives\"},\"image\":{\"@id\":\"https:\\\/\\\/www.iemj.org\\\/de\\\/#\\\/schema\\\/logo\\\/image\\\/\"},\"sameAs\":[\"https:\\\/\\\/www.facebook.com\\\/MusiquesJuives\\\/\",\"https:\\\/\\\/www.instagram.com\\\/musiquesjuives\\\/\",\"https:\\\/\\\/www.youtube.com\\\/user\\\/musiquesjuives\"]},{\"@type\":\"Person\",\"@id\":\"https:\\\/\\\/www.iemj.org\\\/de\\\/#\\\/schema\\\/person\\\/906134402c29d5c76e7b726261dd4bbd\",\"name\":\"Herv\u00e9 Roten\",\"image\":{\"@type\":\"ImageObject\",\"inLanguage\":\"de\",\"@id\":\"https:\\\/\\\/secure.gravatar.com\\\/avatar\\\/f96ad2db538a26481f18384936b5cd0610c92d390c4dc382209216d455f685ff?s=96&d=mm&r=g\",\"url\":\"https:\\\/\\\/secure.gravatar.com\\\/avatar\\\/f96ad2db538a26481f18384936b5cd0610c92d390c4dc382209216d455f685ff?s=96&d=mm&r=g\",\"contentUrl\":\"https:\\\/\\\/secure.gravatar.com\\\/avatar\\\/f96ad2db538a26481f18384936b5cd0610c92d390c4dc382209216d455f685ff?s=96&d=mm&r=g\",\"caption\":\"Herv\u00e9 Roten\"}}]}<\/script>\n<!-- \/ Yoast SEO plugin. -->","yoast_head_json":{"title":"Alberto Hemsi: Coplas Sefardies - Institut Europ\u00e9en des Musiques Juives","robots":{"index":"index","follow":"follow","max-snippet":"max-snippet:-1","max-image-preview":"max-image-preview:large","max-video-preview":"max-video-preview:-1"},"canonical":"https:\/\/www.iemj.org\/de\/alberto-hemsi-coplas-sefardies-2\/","og_locale":"de_DE","og_type":"article","og_title":"Alberto Hemsi: Coplas Sefardies - Institut Europ\u00e9en des Musiques Juives","og_description":"Der Katalog der aufgenommenen Arbeiten von Alberto Hemsi (1896-1975) wurde durch die Ver\u00f6ffentlichung der neuen, aus 3 CDs bestehenden Sammlung bereichert. Die Sammlung erschien am 30. September 2020 bei H\u00e4nsser","og_url":"https:\/\/www.iemj.org\/de\/alberto-hemsi-coplas-sefardies-2\/","og_site_name":"Institut Europ\u00e9en des Musiques Juives","article_publisher":"https:\/\/www.facebook.com\/MusiquesJuives\/","article_published_time":"2020-10-27T12:26:42+00:00","article_modified_time":"2025-02-25T14:59:09+00:00","og_image":[{"width":340,"height":340,"url":"https:\/\/www.iemj.org\/wp-content\/uploads\/2020\/10\/arton4883.jpg","type":"image\/jpeg"}],"author":"Herv\u00e9 Roten","twitter_card":"summary_large_image","twitter_misc":{"Verfasst von":"Herv\u00e9 Roten","Gesch\u00e4tzte Lesezeit":"3\u00a0Minuten"},"schema":{"@context":"https:\/\/schema.org","@graph":[{"@type":"Article","@id":"https:\/\/www.iemj.org\/de\/alberto-hemsi-coplas-sefardies-2\/#article","isPartOf":{"@id":"https:\/\/www.iemj.org\/de\/alberto-hemsi-coplas-sefardies-2\/"},"author":{"name":"Herv\u00e9 Roten","@id":"https:\/\/www.iemj.org\/de\/#\/schema\/person\/906134402c29d5c76e7b726261dd4bbd"},"headline":"Alberto Hemsi: Coplas Sefardies","datePublished":"2020-10-27T12:26:42+00:00","dateModified":"2025-02-25T14:59:09+00:00","mainEntityOfPage":{"@id":"https:\/\/www.iemj.org\/de\/alberto-hemsi-coplas-sefardies-2\/"},"wordCount":546,"publisher":{"@id":"https:\/\/www.iemj.org\/de\/#organization"},"image":{"@id":"https:\/\/www.iemj.org\/de\/alberto-hemsi-coplas-sefardies-2\/#primaryimage"},"thumbnailUrl":"https:\/\/www.iemj.org\/wp-content\/uploads\/2020\/10\/arton4883.jpg","articleSection":["CD","Letzte Neuerwerbungen"],"inLanguage":"de"},{"@type":"WebPage","@id":"https:\/\/www.iemj.org\/de\/alberto-hemsi-coplas-sefardies-2\/","url":"https:\/\/www.iemj.org\/de\/alberto-hemsi-coplas-sefardies-2\/","name":"Alberto Hemsi: Coplas Sefardies - Institut Europ\u00e9en des Musiques Juives","isPartOf":{"@id":"https:\/\/www.iemj.org\/de\/#website"},"primaryImageOfPage":{"@id":"https:\/\/www.iemj.org\/de\/alberto-hemsi-coplas-sefardies-2\/#primaryimage"},"image":{"@id":"https:\/\/www.iemj.org\/de\/alberto-hemsi-coplas-sefardies-2\/#primaryimage"},"thumbnailUrl":"https:\/\/www.iemj.org\/wp-content\/uploads\/2020\/10\/arton4883.jpg","datePublished":"2020-10-27T12:26:42+00:00","dateModified":"2025-02-25T14:59:09+00:00","breadcrumb":{"@id":"https:\/\/www.iemj.org\/de\/alberto-hemsi-coplas-sefardies-2\/#breadcrumb"},"inLanguage":"de","potentialAction":[{"@type":"ReadAction","target":["https:\/\/www.iemj.org\/de\/alberto-hemsi-coplas-sefardies-2\/"]}]},{"@type":"ImageObject","inLanguage":"de","@id":"https:\/\/www.iemj.org\/de\/alberto-hemsi-coplas-sefardies-2\/#primaryimage","url":"https:\/\/www.iemj.org\/wp-content\/uploads\/2020\/10\/arton4883.jpg","contentUrl":"https:\/\/www.iemj.org\/wp-content\/uploads\/2020\/10\/arton4883.jpg","width":340,"height":340},{"@type":"BreadcrumbList","@id":"https:\/\/www.iemj.org\/de\/alberto-hemsi-coplas-sefardies-2\/#breadcrumb","itemListElement":[{"@type":"ListItem","position":1,"name":"Accueil","item":"https:\/\/www.iemj.org\/de\/"},{"@type":"ListItem","position":2,"name":"Alberto Hemsi: Coplas Sefardies"}]},{"@type":"WebSite","@id":"https:\/\/www.iemj.org\/de\/#website","url":"https:\/\/www.iemj.org\/de\/","name":"Institut Europ\u00e9en des Musiques Juives","description":"Des traditions musicales \u00e0 la port\u00e9e de tous","publisher":{"@id":"https:\/\/www.iemj.org\/de\/#organization"},"potentialAction":[{"@type":"SearchAction","target":{"@type":"EntryPoint","urlTemplate":"https:\/\/www.iemj.org\/de\/?s={search_term_string}"},"query-input":{"@type":"PropertyValueSpecification","valueRequired":true,"valueName":"search_term_string"}}],"inLanguage":"de"},{"@type":"Organization","@id":"https:\/\/www.iemj.org\/de\/#organization","name":"Institut Europ\u00e9en des Musiques Juives","url":"https:\/\/www.iemj.org\/de\/","logo":{"@type":"ImageObject","inLanguage":"de","@id":"https:\/\/www.iemj.org\/de\/#\/schema\/logo\/image\/","url":"https:\/\/www.iemj.org\/wp-content\/uploads\/2021\/09\/Logo-IEMJ-Paypal.jpg","contentUrl":"https:\/\/www.iemj.org\/wp-content\/uploads\/2021\/09\/Logo-IEMJ-Paypal.jpg","width":150,"height":50,"caption":"Institut Europ\u00e9en des Musiques Juives"},"image":{"@id":"https:\/\/www.iemj.org\/de\/#\/schema\/logo\/image\/"},"sameAs":["https:\/\/www.facebook.com\/MusiquesJuives\/","https:\/\/www.instagram.com\/musiquesjuives\/","https:\/\/www.youtube.com\/user\/musiquesjuives"]},{"@type":"Person","@id":"https:\/\/www.iemj.org\/de\/#\/schema\/person\/906134402c29d5c76e7b726261dd4bbd","name":"Herv\u00e9 Roten","image":{"@type":"ImageObject","inLanguage":"de","@id":"https:\/\/secure.gravatar.com\/avatar\/f96ad2db538a26481f18384936b5cd0610c92d390c4dc382209216d455f685ff?s=96&d=mm&r=g","url":"https:\/\/secure.gravatar.com\/avatar\/f96ad2db538a26481f18384936b5cd0610c92d390c4dc382209216d455f685ff?s=96&d=mm&r=g","contentUrl":"https:\/\/secure.gravatar.com\/avatar\/f96ad2db538a26481f18384936b5cd0610c92d390c4dc382209216d455f685ff?s=96&d=mm&r=g","caption":"Herv\u00e9 Roten"}}]}},"_links":{"self":[{"href":"https:\/\/www.iemj.org\/de\/wp-json\/wp\/v2\/posts\/43116","targetHints":{"allow":["GET"]}}],"collection":[{"href":"https:\/\/www.iemj.org\/de\/wp-json\/wp\/v2\/posts"}],"about":[{"href":"https:\/\/www.iemj.org\/de\/wp-json\/wp\/v2\/types\/post"}],"author":[{"embeddable":true,"href":"https:\/\/www.iemj.org\/de\/wp-json\/wp\/v2\/users\/1045"}],"replies":[{"embeddable":true,"href":"https:\/\/www.iemj.org\/de\/wp-json\/wp\/v2\/comments?post=43116"}],"version-history":[{"count":0,"href":"https:\/\/www.iemj.org\/de\/wp-json\/wp\/v2\/posts\/43116\/revisions"}],"wp:featuredmedia":[{"embeddable":true,"href":"https:\/\/www.iemj.org\/de\/wp-json\/wp\/v2\/media\/43117"}],"wp:attachment":[{"href":"https:\/\/www.iemj.org\/de\/wp-json\/wp\/v2\/media?parent=43116"}],"wp:term":[{"taxonomy":"category","embeddable":true,"href":"https:\/\/www.iemj.org\/de\/wp-json\/wp\/v2\/categories?post=43116"},{"taxonomy":"post_tag","embeddable":true,"href":"https:\/\/www.iemj.org\/de\/wp-json\/wp\/v2\/tags?post=43116"},{"taxonomy":"technique","embeddable":true,"href":"https:\/\/www.iemj.org\/de\/wp-json\/wp\/v2\/technique?post=43116"},{"taxonomy":"squelettes","embeddable":true,"href":"https:\/\/www.iemj.org\/de\/wp-json\/wp\/v2\/squelettes?post=43116"},{"taxonomy":"sujet","embeddable":true,"href":"https:\/\/www.iemj.org\/de\/wp-json\/wp\/v2\/sujet?post=43116"},{"taxonomy":"formation","embeddable":true,"href":"https:\/\/www.iemj.org\/de\/wp-json\/wp\/v2\/formation?post=43116"},{"taxonomy":"genre","embeddable":true,"href":"https:\/\/www.iemj.org\/de\/wp-json\/wp\/v2\/genre?post=43116"},{"taxonomy":"fonds","embeddable":true,"href":"https:\/\/www.iemj.org\/de\/wp-json\/wp\/v2\/fonds?post=43116"},{"taxonomy":"tradition","embeddable":true,"href":"https:\/\/www.iemj.org\/de\/wp-json\/wp\/v2\/tradition?post=43116"},{"taxonomy":"type-de-contenu","embeddable":true,"href":"https:\/\/www.iemj.org\/de\/wp-json\/wp\/v2\/type-de-contenu?post=43116"},{"taxonomy":"interprete-compositeur","embeddable":true,"href":"https:\/\/www.iemj.org\/de\/wp-json\/wp\/v2\/interprete-compositeur?post=43116"},{"taxonomy":"frise","embeddable":true,"href":"https:\/\/www.iemj.org\/de\/wp-json\/wp\/v2\/frise?post=43116"},{"taxonomy":"type-devenement","embeddable":true,"href":"https:\/\/www.iemj.org\/de\/wp-json\/wp\/v2\/type-devenement?post=43116"},{"taxonomy":"tableaux-liens-externes","embeddable":true,"href":"https:\/\/www.iemj.org\/de\/wp-json\/wp\/v2\/tableaux-liens-externes?post=43116"}],"curies":[{"name":"wp","href":"https:\/\/api.w.org\/{rel}","templated":true}]}}