{"id":45084,"date":"2014-10-07T15:05:39","date_gmt":"2014-10-07T13:05:39","guid":{"rendered":"https:\/\/www.iemj.org\/rossi-salomone-vers-1570-vers-1630\/"},"modified":"2021-06-02T16:40:52","modified_gmt":"2021-06-02T14:40:52","slug":"rossi-salomone-vers-1570-vers-1630","status":"publish","type":"post","link":"https:\/\/www.iemj.org\/de\/rossi-salomone-vers-1570-vers-1630\/","title":{"rendered":"Rossi, Salomone (um 1570-um 1630)"},"content":{"rendered":"<p>Salomone Rossi, oder Shlomo Mi-ha-Adoumim auf Hebr\u00e4isch, stammt aus einer alten j\u00fcdischen Familie in Mantua, wo er um 1570 geboren wurde. Er profitierte von der Toleranz, die die Herz\u00f6ge von Mantua den Juden gew\u00e4hrten, und wuchs in relativer Ruhe auf. Die etwa 2.300 Mitglieder z\u00e4hlende j\u00fcdische Gemeinde der Stadt umfasste neun Synagogen und vierundzwanzig Rabbiner. In diesem besonders g\u00fcnstigen Kontext begann der junge Rossi, sich mit der gelehrten Musik vertraut zu machen.<\/p>\n<p>Der in der Renaissance herrschende Geist der Offenheit ermutigte damals ein aufgekl\u00e4rtes Publikum von j\u00fcdischen Musikliebhabern, sich den musikalischen Praktiken ihrer Zeit zu \u00f6ffnen. Die Existenz von Musik- und Tanzschulen ist in Venedig bereits in der ersten H\u00e4lfte des 15. Jahrhunderts belegt. Am Ende desselben Jahrhunderts traten j\u00fcdische Komponisten und Musiker wie Giuseppe Ebreo und Guglielmo Ebreo hervor. Das Wort \u201eEbreo\u201c, das \u2013 wahrscheinlich auf Anordnung des Zensors \u2013 dem Namen des Komponisten hinzugef\u00fcgte wurde, erlaubte dabei, die j\u00fcdische Herkunft die beiden Musiker formal zu identifizieren. Die Bezeichnung wurde im \u00dcbrigen auf alle italienisch-j\u00fcdischen Komponisten dieser Zeit angewandt.<\/p>\n<p>Im Laufe des 16. Jahrhunderts und bis zum Beginn des 17. Jahrhunderts \u00f6ffnete der Gonzaga-Hof von Mantua vielen j\u00fcdischen Musikern seine Tore. Salomone Rossi, genannt \u201eel Ebreo del Mantova\u201c (der Jude von Mantua), taucht erstmals 1587 in den Registern des Hofes auf, zun\u00e4chst als Chors\u00e4nger, dann als Bratschist und schlie\u00dflich als Komponist. Seine ersten Kompositionen, ein Buch mit dreistimmigen Canzonetti (1589) und ein Buch mit f\u00fcnfstimmigen Madrigalen (1600), sind dem Herzog Vicenzo Gonzaga gewidmet. Dieser befreite ihn im Gegenzug 1606 davon, die typischen Kleiderabzeichen zu trage, die die Juden markierten. Trotz dieser relativen Integration hat Rossi seine Zugeh\u00f6rigkeit zum Judentum nie verleugnet.<\/p>\n<p>Mehr als vierzig Jahre lang stand Salomone Rossi in den Diensten der Herz\u00f6ge Vicenzo und Fernando Gonzaga. Von 1590 bis 1612 arbeitete er an der Seite von Claudio Monteverdi (1567-1643), dem genialen Sch\u00f6pfer des \u201eOrfeo\u201c. Seine Madrigale wurden jedoch nicht von Monteverdi beeinflusst. Im Jahr 1630 wurde Mantua von \u00f6sterreichischen Truppen belagert und gepl\u00fcndert. Dadurch waren die meisten Juden gezwungen, aus der Stadt zu fliehen. Die Spur von Rossi verliert sich an diesem Moment; angenommen werden kann, dass er bald darauf starb, vielleicht an der Pest.<\/p>\n<p>Zu seinen Lebzeiten erschienen seine Kompositionen im Rahmen von f\u00fcnfundzwanzig Publikationen. Sein Werk ist beeindruckend: fast dreihundert St\u00fccke, haupts\u00e4chlich Vokalwerke (Canzonetti, Duette, Trios und Madrigale auf Gedichte italienischer Autoren der Zeit), aber auch instrumentale St\u00fccke, mit denen er zur Entwicklung des geigerischen Stils und zur Ausarbeitung der Barocksonate beitrug.<\/p>\n<p>Rossis j\u00fcdische Werke wurden in einer zweib\u00e4ndigen Sammlung ver\u00f6ffentlicht, die 1622\/23 in Venedig unter dem Titel \u201eHashirim asher lish\u2019lomo\u201c (\u201eLieder Salomos\u201c) gedruckt wurde und 33 hebr\u00e4ische geistliche Lieder f\u00fcr drei- bis achtstimmigen Chor enth\u00e4lt. Der Titel dieser Sammlung hat oft zu Verwirrung gef\u00fchrt: Keiner der Texte stammt aus dem K\u00f6nig Salomon zugeschriebenen Hohelied. Die Sammlung besteht vielmehr aus etwa zwanzig Psalmen und zehn Hymnen oder Liedern, der \u201eSalomon\u201c im Titel bezieht sich also auf Salamone Rossi selbst.<\/p>\n<p>Die Bedeutung dieser Ch\u00f6re \u2013 abgesehen von ihrer unbestreitbaren Sch\u00f6nheit \u2013 liegt in der Tatsache, dass sie einen der allerersten Versuche darstellen, mehrstimmige Gelehrtenmusik in den synagogalen Gottesdienst einzuf\u00fchren. Sie zeugen ebenso von den reformistischen Ideen, die damals die italienischen Gemeinden bewegten. Diese Ideen wurden vor allem von einer bemerkenswerten Figur unterst\u00fctzt, Rabbi Leo von Modena (1571-1648).<\/p>\n<p>Dieser war ein wahrer \u201eTausendsassa\u201c (er behauptete, im Laufe seiner Karriere nicht weniger als sechsundzwanzig verschiedene Berufe ausge\u00fcbt zu haben!) und f\u00fchrte bereits 1605 in der Synagoge der Gemeinde von Ferrara anl\u00e4sslich bestimmter Schabbat- und Festtage Ch\u00f6re ein. Sein ganzes Leben lang verteidigte er die Idee der Notwendigkeit einer Erneuerung der synagogalen Musik, die er f\u00fcr veraltet hielt. So ist es nur nat\u00fcrlich, dass er der ersten Ausgabe der \u201eLieder Salomos\u201c 1622-23 ein Vorwort voranstellt, um so den Einzug der musikalischen Sprache seiner Zeitgenossen in die Synagoge zu fordern.<\/p>\n<p>Dieser reformatorische Trend sollte sich jedoch nicht in allen italienischen Synagogen durchsetzen; die \u201eLieder Salomos\u201c wurden dort wahrscheinlich nur wenige Male aufgef\u00fchrt. Dabei muss man wissen, dass die von Rossi verwendete musikalische Sprache die Traditionen der synagogalen Musik und ihrer Kantillationen v\u00f6llig au\u00dfer Acht l\u00e4sst. Rossi wandte die seit \u00fcber einem halben Jahrhundert in Venedig entwickelte melodische Sprache auf hebr\u00e4ische Texte an. Er blieb damit zumeist hinter den Neuerungen Monteverdis zur\u00fcck und erinnert eher an seine Zeitgenossen Lassus oder Viadana.<\/p>\n<p>Erst im 19. Jahrhundert und durch die musikwissenschaftliche Arbeit des Kantors <a href=\"https:\/\/www.iemj.org\/naumbourg-samuel-1817-1880\/\">Samuel Naumbourg<\/a> (1817-1880) in Zusammenarbeit mit dem damals f\u00fcnfundzwanzigj\u00e4hrigen Vincent d&#8217;Indy (1851-1931) erlangte das synagogale Werk von Salomone Rossi schlie\u00dflich Aufnahme in das Repertoire der franz\u00f6sischen und ausl\u00e4ndischen Synagogen.<\/p>\n<p><a href=\"http:\/\/www.rachelnet.net\/F\/?func=find-c&amp;ccl_term=WRD+%3D+Rossi+AND+WRD+%3D+Salomone&amp;local_base=iemcg\">Auf den Archivfonds von Salomone Rossi zugreifen<\/a><\/p>\n<p>\u00a0<\/p>\n\n\n<p><\/p>\n","protected":false},"excerpt":{"rendered":"<p>Salomone Rossi, oder Shlomo Mi-ha-Adoumim auf Hebr\u00e4isch, stammt aus einer alten j\u00fcdischen Familie in Mantua, wo er um 1570 geboren wurde. Er profitierte von der Toleranz, die die Herz\u00f6ge von<\/p>\n","protected":false},"author":1046,"featured_media":45086,"comment_status":"closed","ping_status":"open","sticky":false,"template":"","format":"standard","meta":{"_acf_changed":false,"footnotes":""},"categories":[1415],"tags":[2090],"technique":[],"squelettes":[],"sujet":[2111],"formation":[],"genre":[],"fonds":[],"tradition":[],"type-de-contenu":[],"interprete-compositeur":[3277],"frise":[],"type-devenement":[],"tableaux-liens-externes":[],"class_list":["post-45084","post","type-post","status-publish","format-standard","has-post-thumbnail","hentry","category-biografien-de","tag-italien-de","sujet-synagogenmusik-de","interprete-compositeur-salomone-rossi-de"],"acf":[],"yoast_head":"<!-- This site is optimized with the Yoast SEO plugin v27.3 - https:\/\/yoast.com\/product\/yoast-seo-wordpress\/ -->\n<title>Rossi, Salomone (um 1570-um 1630) - Institut Europ\u00e9en des Musiques Juives<\/title>\n<meta name=\"robots\" content=\"index, follow, max-snippet:-1, max-image-preview:large, max-video-preview:-1\" \/>\n<link rel=\"canonical\" href=\"https:\/\/www.iemj.org\/de\/rossi-salomone-vers-1570-vers-1630\/\" \/>\n<meta property=\"og:locale\" content=\"de_DE\" \/>\n<meta property=\"og:type\" content=\"article\" \/>\n<meta property=\"og:title\" content=\"Rossi, Salomone (um 1570-um 1630) - Institut Europ\u00e9en des Musiques Juives\" \/>\n<meta property=\"og:description\" content=\"Salomone Rossi, oder Shlomo Mi-ha-Adoumim auf Hebr\u00e4isch, stammt aus einer alten j\u00fcdischen Familie in Mantua, wo er um 1570 geboren wurde. Er profitierte von der Toleranz, die die Herz\u00f6ge von\" \/>\n<meta property=\"og:url\" content=\"https:\/\/www.iemj.org\/de\/rossi-salomone-vers-1570-vers-1630\/\" \/>\n<meta property=\"og:site_name\" content=\"Institut Europ\u00e9en des Musiques Juives\" \/>\n<meta property=\"article:publisher\" content=\"https:\/\/www.facebook.com\/MusiquesJuives\/\" \/>\n<meta property=\"article:published_time\" content=\"2014-10-07T13:05:39+00:00\" \/>\n<meta property=\"article:modified_time\" content=\"2021-06-02T14:40:52+00:00\" \/>\n<meta property=\"og:image\" content=\"https:\/\/www.iemj.org\/wp-content\/uploads\/2014\/10\/P_970_COUV-scaled-e1618414986330.jpg\" \/>\n\t<meta property=\"og:image:width\" content=\"168\" \/>\n\t<meta property=\"og:image:height\" content=\"218\" \/>\n\t<meta property=\"og:image:type\" content=\"image\/jpeg\" \/>\n<meta name=\"author\" content=\"Isabelle Jouve\" \/>\n<meta name=\"twitter:card\" content=\"summary_large_image\" \/>\n<meta name=\"twitter:label1\" content=\"Verfasst von\" \/>\n\t<meta name=\"twitter:data1\" content=\"Isabelle Jouve\" \/>\n\t<meta name=\"twitter:label2\" content=\"Gesch\u00e4tzte Lesezeit\" \/>\n\t<meta name=\"twitter:data2\" content=\"4\u00a0Minuten\" \/>\n<script type=\"application\/ld+json\" class=\"yoast-schema-graph\">{\"@context\":\"https:\\\/\\\/schema.org\",\"@graph\":[{\"@type\":\"Article\",\"@id\":\"https:\\\/\\\/www.iemj.org\\\/de\\\/rossi-salomone-vers-1570-vers-1630\\\/#article\",\"isPartOf\":{\"@id\":\"https:\\\/\\\/www.iemj.org\\\/de\\\/rossi-salomone-vers-1570-vers-1630\\\/\"},\"author\":{\"name\":\"Isabelle Jouve\",\"@id\":\"https:\\\/\\\/www.iemj.org\\\/de\\\/#\\\/schema\\\/person\\\/94283a7f5a8b28a85fdab0ae54777472\"},\"headline\":\"Rossi, Salomone (um 1570-um 1630)\",\"datePublished\":\"2014-10-07T13:05:39+00:00\",\"dateModified\":\"2021-06-02T14:40:52+00:00\",\"mainEntityOfPage\":{\"@id\":\"https:\\\/\\\/www.iemj.org\\\/de\\\/rossi-salomone-vers-1570-vers-1630\\\/\"},\"wordCount\":799,\"publisher\":{\"@id\":\"https:\\\/\\\/www.iemj.org\\\/de\\\/#organization\"},\"image\":{\"@id\":\"https:\\\/\\\/www.iemj.org\\\/de\\\/rossi-salomone-vers-1570-vers-1630\\\/#primaryimage\"},\"thumbnailUrl\":\"https:\\\/\\\/www.iemj.org\\\/wp-content\\\/uploads\\\/2014\\\/10\\\/P_970_COUV-scaled-e1618414986330.jpg\",\"keywords\":[\"Italien\"],\"articleSection\":[\"Biografien\"],\"inLanguage\":\"de\"},{\"@type\":\"WebPage\",\"@id\":\"https:\\\/\\\/www.iemj.org\\\/de\\\/rossi-salomone-vers-1570-vers-1630\\\/\",\"url\":\"https:\\\/\\\/www.iemj.org\\\/de\\\/rossi-salomone-vers-1570-vers-1630\\\/\",\"name\":\"Rossi, Salomone (um 1570-um 1630) - Institut Europ\u00e9en des Musiques Juives\",\"isPartOf\":{\"@id\":\"https:\\\/\\\/www.iemj.org\\\/de\\\/#website\"},\"primaryImageOfPage\":{\"@id\":\"https:\\\/\\\/www.iemj.org\\\/de\\\/rossi-salomone-vers-1570-vers-1630\\\/#primaryimage\"},\"image\":{\"@id\":\"https:\\\/\\\/www.iemj.org\\\/de\\\/rossi-salomone-vers-1570-vers-1630\\\/#primaryimage\"},\"thumbnailUrl\":\"https:\\\/\\\/www.iemj.org\\\/wp-content\\\/uploads\\\/2014\\\/10\\\/P_970_COUV-scaled-e1618414986330.jpg\",\"datePublished\":\"2014-10-07T13:05:39+00:00\",\"dateModified\":\"2021-06-02T14:40:52+00:00\",\"breadcrumb\":{\"@id\":\"https:\\\/\\\/www.iemj.org\\\/de\\\/rossi-salomone-vers-1570-vers-1630\\\/#breadcrumb\"},\"inLanguage\":\"de\",\"potentialAction\":[{\"@type\":\"ReadAction\",\"target\":[\"https:\\\/\\\/www.iemj.org\\\/de\\\/rossi-salomone-vers-1570-vers-1630\\\/\"]}]},{\"@type\":\"ImageObject\",\"inLanguage\":\"de\",\"@id\":\"https:\\\/\\\/www.iemj.org\\\/de\\\/rossi-salomone-vers-1570-vers-1630\\\/#primaryimage\",\"url\":\"https:\\\/\\\/www.iemj.org\\\/wp-content\\\/uploads\\\/2014\\\/10\\\/P_970_COUV-scaled-e1618414986330.jpg\",\"contentUrl\":\"https:\\\/\\\/www.iemj.org\\\/wp-content\\\/uploads\\\/2014\\\/10\\\/P_970_COUV-scaled-e1618414986330.jpg\",\"width\":168,\"height\":218},{\"@type\":\"BreadcrumbList\",\"@id\":\"https:\\\/\\\/www.iemj.org\\\/de\\\/rossi-salomone-vers-1570-vers-1630\\\/#breadcrumb\",\"itemListElement\":[{\"@type\":\"ListItem\",\"position\":1,\"name\":\"Accueil\",\"item\":\"https:\\\/\\\/www.iemj.org\\\/de\\\/\"},{\"@type\":\"ListItem\",\"position\":2,\"name\":\"Rossi, Salomone (um 1570-um 1630)\"}]},{\"@type\":\"WebSite\",\"@id\":\"https:\\\/\\\/www.iemj.org\\\/de\\\/#website\",\"url\":\"https:\\\/\\\/www.iemj.org\\\/de\\\/\",\"name\":\"Institut Europ\u00e9en des Musiques Juives\",\"description\":\"Des traditions musicales \u00e0 la port\u00e9e de tous\",\"publisher\":{\"@id\":\"https:\\\/\\\/www.iemj.org\\\/de\\\/#organization\"},\"potentialAction\":[{\"@type\":\"SearchAction\",\"target\":{\"@type\":\"EntryPoint\",\"urlTemplate\":\"https:\\\/\\\/www.iemj.org\\\/de\\\/?s={search_term_string}\"},\"query-input\":{\"@type\":\"PropertyValueSpecification\",\"valueRequired\":true,\"valueName\":\"search_term_string\"}}],\"inLanguage\":\"de\"},{\"@type\":\"Organization\",\"@id\":\"https:\\\/\\\/www.iemj.org\\\/de\\\/#organization\",\"name\":\"Institut Europ\u00e9en des Musiques Juives\",\"url\":\"https:\\\/\\\/www.iemj.org\\\/de\\\/\",\"logo\":{\"@type\":\"ImageObject\",\"inLanguage\":\"de\",\"@id\":\"https:\\\/\\\/www.iemj.org\\\/de\\\/#\\\/schema\\\/logo\\\/image\\\/\",\"url\":\"https:\\\/\\\/www.iemj.org\\\/wp-content\\\/uploads\\\/2021\\\/09\\\/Logo-IEMJ-Paypal.jpg\",\"contentUrl\":\"https:\\\/\\\/www.iemj.org\\\/wp-content\\\/uploads\\\/2021\\\/09\\\/Logo-IEMJ-Paypal.jpg\",\"width\":150,\"height\":50,\"caption\":\"Institut Europ\u00e9en des Musiques Juives\"},\"image\":{\"@id\":\"https:\\\/\\\/www.iemj.org\\\/de\\\/#\\\/schema\\\/logo\\\/image\\\/\"},\"sameAs\":[\"https:\\\/\\\/www.facebook.com\\\/MusiquesJuives\\\/\",\"https:\\\/\\\/www.instagram.com\\\/musiquesjuives\\\/\",\"https:\\\/\\\/www.youtube.com\\\/user\\\/musiquesjuives\"]},{\"@type\":\"Person\",\"@id\":\"https:\\\/\\\/www.iemj.org\\\/de\\\/#\\\/schema\\\/person\\\/94283a7f5a8b28a85fdab0ae54777472\",\"name\":\"Isabelle Jouve\",\"image\":{\"@type\":\"ImageObject\",\"inLanguage\":\"de\",\"@id\":\"https:\\\/\\\/secure.gravatar.com\\\/avatar\\\/bc547a31cb8a12b3ffc0f7fcf1f2dbd4fc06e95ad13a451095d8316a6d5a59a6?s=96&d=mm&r=g\",\"url\":\"https:\\\/\\\/secure.gravatar.com\\\/avatar\\\/bc547a31cb8a12b3ffc0f7fcf1f2dbd4fc06e95ad13a451095d8316a6d5a59a6?s=96&d=mm&r=g\",\"contentUrl\":\"https:\\\/\\\/secure.gravatar.com\\\/avatar\\\/bc547a31cb8a12b3ffc0f7fcf1f2dbd4fc06e95ad13a451095d8316a6d5a59a6?s=96&d=mm&r=g\",\"caption\":\"Isabelle Jouve\"}}]}<\/script>\n<!-- \/ Yoast SEO plugin. -->","yoast_head_json":{"title":"Rossi, Salomone (um 1570-um 1630) - Institut Europ\u00e9en des Musiques Juives","robots":{"index":"index","follow":"follow","max-snippet":"max-snippet:-1","max-image-preview":"max-image-preview:large","max-video-preview":"max-video-preview:-1"},"canonical":"https:\/\/www.iemj.org\/de\/rossi-salomone-vers-1570-vers-1630\/","og_locale":"de_DE","og_type":"article","og_title":"Rossi, Salomone (um 1570-um 1630) - Institut Europ\u00e9en des Musiques Juives","og_description":"Salomone Rossi, oder Shlomo Mi-ha-Adoumim auf Hebr\u00e4isch, stammt aus einer alten j\u00fcdischen Familie in Mantua, wo er um 1570 geboren wurde. Er profitierte von der Toleranz, die die Herz\u00f6ge von","og_url":"https:\/\/www.iemj.org\/de\/rossi-salomone-vers-1570-vers-1630\/","og_site_name":"Institut Europ\u00e9en des Musiques Juives","article_publisher":"https:\/\/www.facebook.com\/MusiquesJuives\/","article_published_time":"2014-10-07T13:05:39+00:00","article_modified_time":"2021-06-02T14:40:52+00:00","og_image":[{"width":168,"height":218,"url":"https:\/\/www.iemj.org\/wp-content\/uploads\/2014\/10\/P_970_COUV-scaled-e1618414986330.jpg","type":"image\/jpeg"}],"author":"Isabelle Jouve","twitter_card":"summary_large_image","twitter_misc":{"Verfasst von":"Isabelle Jouve","Gesch\u00e4tzte Lesezeit":"4\u00a0Minuten"},"schema":{"@context":"https:\/\/schema.org","@graph":[{"@type":"Article","@id":"https:\/\/www.iemj.org\/de\/rossi-salomone-vers-1570-vers-1630\/#article","isPartOf":{"@id":"https:\/\/www.iemj.org\/de\/rossi-salomone-vers-1570-vers-1630\/"},"author":{"name":"Isabelle Jouve","@id":"https:\/\/www.iemj.org\/de\/#\/schema\/person\/94283a7f5a8b28a85fdab0ae54777472"},"headline":"Rossi, Salomone (um 1570-um 1630)","datePublished":"2014-10-07T13:05:39+00:00","dateModified":"2021-06-02T14:40:52+00:00","mainEntityOfPage":{"@id":"https:\/\/www.iemj.org\/de\/rossi-salomone-vers-1570-vers-1630\/"},"wordCount":799,"publisher":{"@id":"https:\/\/www.iemj.org\/de\/#organization"},"image":{"@id":"https:\/\/www.iemj.org\/de\/rossi-salomone-vers-1570-vers-1630\/#primaryimage"},"thumbnailUrl":"https:\/\/www.iemj.org\/wp-content\/uploads\/2014\/10\/P_970_COUV-scaled-e1618414986330.jpg","keywords":["Italien"],"articleSection":["Biografien"],"inLanguage":"de"},{"@type":"WebPage","@id":"https:\/\/www.iemj.org\/de\/rossi-salomone-vers-1570-vers-1630\/","url":"https:\/\/www.iemj.org\/de\/rossi-salomone-vers-1570-vers-1630\/","name":"Rossi, Salomone (um 1570-um 1630) - Institut Europ\u00e9en des Musiques Juives","isPartOf":{"@id":"https:\/\/www.iemj.org\/de\/#website"},"primaryImageOfPage":{"@id":"https:\/\/www.iemj.org\/de\/rossi-salomone-vers-1570-vers-1630\/#primaryimage"},"image":{"@id":"https:\/\/www.iemj.org\/de\/rossi-salomone-vers-1570-vers-1630\/#primaryimage"},"thumbnailUrl":"https:\/\/www.iemj.org\/wp-content\/uploads\/2014\/10\/P_970_COUV-scaled-e1618414986330.jpg","datePublished":"2014-10-07T13:05:39+00:00","dateModified":"2021-06-02T14:40:52+00:00","breadcrumb":{"@id":"https:\/\/www.iemj.org\/de\/rossi-salomone-vers-1570-vers-1630\/#breadcrumb"},"inLanguage":"de","potentialAction":[{"@type":"ReadAction","target":["https:\/\/www.iemj.org\/de\/rossi-salomone-vers-1570-vers-1630\/"]}]},{"@type":"ImageObject","inLanguage":"de","@id":"https:\/\/www.iemj.org\/de\/rossi-salomone-vers-1570-vers-1630\/#primaryimage","url":"https:\/\/www.iemj.org\/wp-content\/uploads\/2014\/10\/P_970_COUV-scaled-e1618414986330.jpg","contentUrl":"https:\/\/www.iemj.org\/wp-content\/uploads\/2014\/10\/P_970_COUV-scaled-e1618414986330.jpg","width":168,"height":218},{"@type":"BreadcrumbList","@id":"https:\/\/www.iemj.org\/de\/rossi-salomone-vers-1570-vers-1630\/#breadcrumb","itemListElement":[{"@type":"ListItem","position":1,"name":"Accueil","item":"https:\/\/www.iemj.org\/de\/"},{"@type":"ListItem","position":2,"name":"Rossi, Salomone (um 1570-um 1630)"}]},{"@type":"WebSite","@id":"https:\/\/www.iemj.org\/de\/#website","url":"https:\/\/www.iemj.org\/de\/","name":"Institut Europ\u00e9en des Musiques Juives","description":"Des traditions musicales \u00e0 la port\u00e9e de tous","publisher":{"@id":"https:\/\/www.iemj.org\/de\/#organization"},"potentialAction":[{"@type":"SearchAction","target":{"@type":"EntryPoint","urlTemplate":"https:\/\/www.iemj.org\/de\/?s={search_term_string}"},"query-input":{"@type":"PropertyValueSpecification","valueRequired":true,"valueName":"search_term_string"}}],"inLanguage":"de"},{"@type":"Organization","@id":"https:\/\/www.iemj.org\/de\/#organization","name":"Institut Europ\u00e9en des Musiques Juives","url":"https:\/\/www.iemj.org\/de\/","logo":{"@type":"ImageObject","inLanguage":"de","@id":"https:\/\/www.iemj.org\/de\/#\/schema\/logo\/image\/","url":"https:\/\/www.iemj.org\/wp-content\/uploads\/2021\/09\/Logo-IEMJ-Paypal.jpg","contentUrl":"https:\/\/www.iemj.org\/wp-content\/uploads\/2021\/09\/Logo-IEMJ-Paypal.jpg","width":150,"height":50,"caption":"Institut Europ\u00e9en des Musiques Juives"},"image":{"@id":"https:\/\/www.iemj.org\/de\/#\/schema\/logo\/image\/"},"sameAs":["https:\/\/www.facebook.com\/MusiquesJuives\/","https:\/\/www.instagram.com\/musiquesjuives\/","https:\/\/www.youtube.com\/user\/musiquesjuives"]},{"@type":"Person","@id":"https:\/\/www.iemj.org\/de\/#\/schema\/person\/94283a7f5a8b28a85fdab0ae54777472","name":"Isabelle Jouve","image":{"@type":"ImageObject","inLanguage":"de","@id":"https:\/\/secure.gravatar.com\/avatar\/bc547a31cb8a12b3ffc0f7fcf1f2dbd4fc06e95ad13a451095d8316a6d5a59a6?s=96&d=mm&r=g","url":"https:\/\/secure.gravatar.com\/avatar\/bc547a31cb8a12b3ffc0f7fcf1f2dbd4fc06e95ad13a451095d8316a6d5a59a6?s=96&d=mm&r=g","contentUrl":"https:\/\/secure.gravatar.com\/avatar\/bc547a31cb8a12b3ffc0f7fcf1f2dbd4fc06e95ad13a451095d8316a6d5a59a6?s=96&d=mm&r=g","caption":"Isabelle Jouve"}}]}},"_links":{"self":[{"href":"https:\/\/www.iemj.org\/de\/wp-json\/wp\/v2\/posts\/45084","targetHints":{"allow":["GET"]}}],"collection":[{"href":"https:\/\/www.iemj.org\/de\/wp-json\/wp\/v2\/posts"}],"about":[{"href":"https:\/\/www.iemj.org\/de\/wp-json\/wp\/v2\/types\/post"}],"author":[{"embeddable":true,"href":"https:\/\/www.iemj.org\/de\/wp-json\/wp\/v2\/users\/1046"}],"replies":[{"embeddable":true,"href":"https:\/\/www.iemj.org\/de\/wp-json\/wp\/v2\/comments?post=45084"}],"version-history":[{"count":0,"href":"https:\/\/www.iemj.org\/de\/wp-json\/wp\/v2\/posts\/45084\/revisions"}],"wp:featuredmedia":[{"embeddable":true,"href":"https:\/\/www.iemj.org\/de\/wp-json\/wp\/v2\/media\/45086"}],"wp:attachment":[{"href":"https:\/\/www.iemj.org\/de\/wp-json\/wp\/v2\/media?parent=45084"}],"wp:term":[{"taxonomy":"category","embeddable":true,"href":"https:\/\/www.iemj.org\/de\/wp-json\/wp\/v2\/categories?post=45084"},{"taxonomy":"post_tag","embeddable":true,"href":"https:\/\/www.iemj.org\/de\/wp-json\/wp\/v2\/tags?post=45084"},{"taxonomy":"technique","embeddable":true,"href":"https:\/\/www.iemj.org\/de\/wp-json\/wp\/v2\/technique?post=45084"},{"taxonomy":"squelettes","embeddable":true,"href":"https:\/\/www.iemj.org\/de\/wp-json\/wp\/v2\/squelettes?post=45084"},{"taxonomy":"sujet","embeddable":true,"href":"https:\/\/www.iemj.org\/de\/wp-json\/wp\/v2\/sujet?post=45084"},{"taxonomy":"formation","embeddable":true,"href":"https:\/\/www.iemj.org\/de\/wp-json\/wp\/v2\/formation?post=45084"},{"taxonomy":"genre","embeddable":true,"href":"https:\/\/www.iemj.org\/de\/wp-json\/wp\/v2\/genre?post=45084"},{"taxonomy":"fonds","embeddable":true,"href":"https:\/\/www.iemj.org\/de\/wp-json\/wp\/v2\/fonds?post=45084"},{"taxonomy":"tradition","embeddable":true,"href":"https:\/\/www.iemj.org\/de\/wp-json\/wp\/v2\/tradition?post=45084"},{"taxonomy":"type-de-contenu","embeddable":true,"href":"https:\/\/www.iemj.org\/de\/wp-json\/wp\/v2\/type-de-contenu?post=45084"},{"taxonomy":"interprete-compositeur","embeddable":true,"href":"https:\/\/www.iemj.org\/de\/wp-json\/wp\/v2\/interprete-compositeur?post=45084"},{"taxonomy":"frise","embeddable":true,"href":"https:\/\/www.iemj.org\/de\/wp-json\/wp\/v2\/frise?post=45084"},{"taxonomy":"type-devenement","embeddable":true,"href":"https:\/\/www.iemj.org\/de\/wp-json\/wp\/v2\/type-devenement?post=45084"},{"taxonomy":"tableaux-liens-externes","embeddable":true,"href":"https:\/\/www.iemj.org\/de\/wp-json\/wp\/v2\/tableaux-liens-externes?post=45084"}],"curies":[{"name":"wp","href":"https:\/\/api.w.org\/{rel}","templated":true}]}}