{"id":45942,"date":"2020-01-23T15:13:07","date_gmt":"2020-01-23T14:13:07","guid":{"rendered":"https:\/\/www.iemj.org\/les-musiques-juives-un-objet-singulier-pluriel-2\/"},"modified":"2021-06-03T16:02:46","modified_gmt":"2021-06-03T14:02:46","slug":"les-musiques-juives-un-objet-singulier-pluriel-2","status":"publish","type":"post","link":"https:\/\/www.iemj.org\/de\/les-musiques-juives-un-objet-singulier-pluriel-2\/","title":{"rendered":"J\u00fcdische Musik \u2013 einzigartig und vielf\u00e4ltig"},"content":{"rendered":"<p>Vorlesung von Herv\u00e9 Roten (in englischer Sprache) \u00fcber die singul\u00e4re Pluralit\u00e4t der j\u00fcdischen Musik, gehalten am 6. November 2019 an die P\u00e4pstliche Universit\u00e4t Gregoriana in Rom (Italien), im Rahmen der Session <em>Art as\/in Dialogue: Jewish and Christian Music<\/em>.<\/p>\n<h3><strong>Vid\u00e9o unten<\/strong><\/h3>\n<p><!--more--><\/p>\n<p>\u00a0<\/p>\n<p><span lang=\"en-US\">Im Laufe des Universit\u00e4tsjahres 2019-2020 veranstaltete das <\/span><em><a href=\"https:\/\/www.unigre.it\/en\/ua\/centres\/cardinal-bea-for-judaic-studies\" target=\"_blank\" rel=\"noopener\"><strong>Cardinal Bea Zentrum<\/strong><\/a> <\/em><span lang=\"en-US\">(<\/span><span lang=\"en-US\"><i>Centro Cardinal Bea<\/i><\/span><span lang=\"en-US\">) drei Vorlesungen zum Thema \u00ab\u00a0Dialog der K\u00fcnste &#8211; Musik, Literatur und visuelle K\u00fcnste\u00a0\u00bb\u00a0.<\/span><\/p>\n<p><span lang=\"en-US\">In diesem Zusammenhang hielt <\/span><span lang=\"en-US\"><b>Herv\u00e9 Roten<\/b><\/span><span lang=\"en-US\">, Musikethnologe und Direktor des Europ\u00e4ischen Instituts f\u00fcr J\u00fcdische Musik, eine Vorlesung \u00fcber die einzigartige Vielfalt der j\u00fcdischen Musik. <\/span><\/p>\n<p><span lang=\"en-US\">Sein Kollege <strong>Philippe Charru<\/strong>, Musikwissenschaftler, Theologe, Leiter des Fachbereiches f\u00fcr \u00c4sthetik an der jesuitischen Privatuniversit\u00e4t Centre S\u00e8vres \u2013 Facult\u00e9s J\u00e9suites de Paris und amtierender Organist an der Kirche von St. Ignatius (<\/span><span lang=\"en-US\"><i>\u00e9glise Saint-Ignace<\/i><\/span><span lang=\"en-US\">), zog in <a href=\"https:\/\/youtu.be\/FwU9dM5YUNk\" target=\"_blank\" rel=\"noopener\">seiner Ansprache<\/a> einen Vergleich zwischen den beiden Werken <\/span><span lang=\"en-US\"><i>Incarnatus est <\/i><\/span><span lang=\"en-US\">von Bach und Mozart, um zu zeigen, wie das Komponieren der Musik selbst unterschiedliche religi\u00f6se Auffassungen des Christentums widerspiegelt.<\/span><\/p>\n<p>Moderator war <b>Claudio Procaccia<\/b>, Leiter des Bereiches f\u00fcr j\u00fcdische Kultur der j\u00fcdischen Gemeinde in Rom.<\/p>\n<p><a href=\"https:\/\/www.iemj.org\/les-musiques-juives-un-objet-singulier-pluriel\/\">Erfahren Sie mehr \u00fcber die Vorlesung<\/a><\/p>\n\n\n<figure class=\"wp-block-embed is-type-video is-provider-youtube wp-block-embed-youtube wp-embed-aspect-16-9 wp-has-aspect-ratio\"><div class=\"wp-block-embed__wrapper\">\n<iframe title=\"Jewish Music: When Singular is Plural (Herv\u00e9 Roten, PhD)\" width=\"640\" height=\"360\" src=\"https:\/\/www.youtube.com\/embed\/W6OkMxgUiA8?feature=oembed\" frameborder=\"0\" allow=\"accelerometer; autoplay; clipboard-write; encrypted-media; gyroscope; picture-in-picture; web-share\" referrerpolicy=\"strict-origin-when-cross-origin\" allowfullscreen><\/iframe>\n<\/div><figcaption><strong>Siehe die Vorlesung<\/strong><\/figcaption><\/figure>\n","protected":false},"excerpt":{"rendered":"<p>Vorlesung von Herv\u00e9 Roten (in englischer Sprache) \u00fcber die singul\u00e4re Pluralit\u00e4t der j\u00fcdischen Musik, gehalten am 6. November 2019 an die P\u00e4pstliche Universit\u00e4t Gregoriana in Rom (Italien), im Rahmen der<\/p>\n","protected":false},"author":5,"featured_media":45943,"comment_status":"closed","ping_status":"closed","sticky":false,"template":"","format":"standard","meta":{"_acf_changed":false,"footnotes":""},"categories":[1418],"tags":[],"technique":[],"squelettes":[],"sujet":[1751],"formation":[],"genre":[],"fonds":[],"tradition":[],"type-de-contenu":[],"interprete-compositeur":[],"frise":[],"type-devenement":[],"tableaux-liens-externes":[],"class_list":["post-45942","post","type-post","status-publish","format-standard","has-post-thumbnail","hentry","category-kurse-konferenzen-2-de","sujet-geschichte-der-juedischen-musik-de"],"acf":[],"yoast_head":"<!-- This site is optimized with the Yoast SEO plugin v27.3 - https:\/\/yoast.com\/product\/yoast-seo-wordpress\/ -->\n<title>J\u00fcdische Musik \u2013 einzigartig und vielf\u00e4ltig - Institut Europ\u00e9en des Musiques Juives<\/title>\n<meta name=\"robots\" content=\"index, follow, max-snippet:-1, max-image-preview:large, max-video-preview:-1\" \/>\n<link rel=\"canonical\" href=\"https:\/\/www.iemj.org\/de\/les-musiques-juives-un-objet-singulier-pluriel-2\/\" \/>\n<meta property=\"og:locale\" content=\"de_DE\" \/>\n<meta property=\"og:type\" content=\"article\" \/>\n<meta property=\"og:title\" content=\"J\u00fcdische Musik \u2013 einzigartig und vielf\u00e4ltig - Institut Europ\u00e9en des Musiques Juives\" \/>\n<meta property=\"og:description\" content=\"Vorlesung von Herv\u00e9 Roten (in englischer Sprache) \u00fcber die singul\u00e4re Pluralit\u00e4t der j\u00fcdischen Musik, gehalten am 6. November 2019 an die P\u00e4pstliche Universit\u00e4t Gregoriana in Rom (Italien), im Rahmen der\" \/>\n<meta property=\"og:url\" content=\"https:\/\/www.iemj.org\/de\/les-musiques-juives-un-objet-singulier-pluriel-2\/\" \/>\n<meta property=\"og:site_name\" content=\"Institut Europ\u00e9en des Musiques Juives\" \/>\n<meta property=\"article:publisher\" content=\"https:\/\/www.facebook.com\/MusiquesJuives\/\" \/>\n<meta property=\"article:published_time\" content=\"2020-01-23T14:13:07+00:00\" \/>\n<meta property=\"article:modified_time\" content=\"2021-06-03T14:02:46+00:00\" \/>\n<meta property=\"og:image\" content=\"https:\/\/www.iemj.org\/wp-content\/uploads\/2020\/01\/arton4502.jpg\" \/>\n\t<meta property=\"og:image:width\" content=\"843\" \/>\n\t<meta property=\"og:image:height\" content=\"485\" \/>\n\t<meta property=\"og:image:type\" content=\"image\/jpeg\" \/>\n<meta name=\"author\" content=\"Jacqueline ROTEN\" \/>\n<meta name=\"twitter:card\" content=\"summary_large_image\" \/>\n<meta name=\"twitter:label1\" content=\"Verfasst von\" \/>\n\t<meta name=\"twitter:data1\" content=\"Jacqueline ROTEN\" \/>\n\t<meta name=\"twitter:label2\" content=\"Gesch\u00e4tzte Lesezeit\" \/>\n\t<meta name=\"twitter:data2\" content=\"1\u00a0Minute\" \/>\n<script type=\"application\/ld+json\" class=\"yoast-schema-graph\">{\"@context\":\"https:\\\/\\\/schema.org\",\"@graph\":[{\"@type\":\"Article\",\"@id\":\"https:\\\/\\\/www.iemj.org\\\/de\\\/les-musiques-juives-un-objet-singulier-pluriel-2\\\/#article\",\"isPartOf\":{\"@id\":\"https:\\\/\\\/www.iemj.org\\\/de\\\/les-musiques-juives-un-objet-singulier-pluriel-2\\\/\"},\"author\":{\"name\":\"Jacqueline ROTEN\",\"@id\":\"https:\\\/\\\/www.iemj.org\\\/de\\\/#\\\/schema\\\/person\\\/358e26c18aca017fcc4cc15437f7279c\"},\"headline\":\"J\u00fcdische Musik \u2013 einzigartig und vielf\u00e4ltig\",\"datePublished\":\"2020-01-23T14:13:07+00:00\",\"dateModified\":\"2021-06-03T14:02:46+00:00\",\"mainEntityOfPage\":{\"@id\":\"https:\\\/\\\/www.iemj.org\\\/de\\\/les-musiques-juives-un-objet-singulier-pluriel-2\\\/\"},\"wordCount\":210,\"publisher\":{\"@id\":\"https:\\\/\\\/www.iemj.org\\\/de\\\/#organization\"},\"image\":{\"@id\":\"https:\\\/\\\/www.iemj.org\\\/de\\\/les-musiques-juives-un-objet-singulier-pluriel-2\\\/#primaryimage\"},\"thumbnailUrl\":\"https:\\\/\\\/www.iemj.org\\\/wp-content\\\/uploads\\\/2020\\\/01\\\/arton4502.jpg\",\"articleSection\":[\"Kurse \\\/ Konferenzen\"],\"inLanguage\":\"de\"},{\"@type\":\"WebPage\",\"@id\":\"https:\\\/\\\/www.iemj.org\\\/de\\\/les-musiques-juives-un-objet-singulier-pluriel-2\\\/\",\"url\":\"https:\\\/\\\/www.iemj.org\\\/de\\\/les-musiques-juives-un-objet-singulier-pluriel-2\\\/\",\"name\":\"J\u00fcdische Musik \u2013 einzigartig und vielf\u00e4ltig - Institut Europ\u00e9en des Musiques Juives\",\"isPartOf\":{\"@id\":\"https:\\\/\\\/www.iemj.org\\\/de\\\/#website\"},\"primaryImageOfPage\":{\"@id\":\"https:\\\/\\\/www.iemj.org\\\/de\\\/les-musiques-juives-un-objet-singulier-pluriel-2\\\/#primaryimage\"},\"image\":{\"@id\":\"https:\\\/\\\/www.iemj.org\\\/de\\\/les-musiques-juives-un-objet-singulier-pluriel-2\\\/#primaryimage\"},\"thumbnailUrl\":\"https:\\\/\\\/www.iemj.org\\\/wp-content\\\/uploads\\\/2020\\\/01\\\/arton4502.jpg\",\"datePublished\":\"2020-01-23T14:13:07+00:00\",\"dateModified\":\"2021-06-03T14:02:46+00:00\",\"breadcrumb\":{\"@id\":\"https:\\\/\\\/www.iemj.org\\\/de\\\/les-musiques-juives-un-objet-singulier-pluriel-2\\\/#breadcrumb\"},\"inLanguage\":\"de\",\"potentialAction\":[{\"@type\":\"ReadAction\",\"target\":[\"https:\\\/\\\/www.iemj.org\\\/de\\\/les-musiques-juives-un-objet-singulier-pluriel-2\\\/\"]}]},{\"@type\":\"ImageObject\",\"inLanguage\":\"de\",\"@id\":\"https:\\\/\\\/www.iemj.org\\\/de\\\/les-musiques-juives-un-objet-singulier-pluriel-2\\\/#primaryimage\",\"url\":\"https:\\\/\\\/www.iemj.org\\\/wp-content\\\/uploads\\\/2020\\\/01\\\/arton4502.jpg\",\"contentUrl\":\"https:\\\/\\\/www.iemj.org\\\/wp-content\\\/uploads\\\/2020\\\/01\\\/arton4502.jpg\",\"width\":843,\"height\":485},{\"@type\":\"BreadcrumbList\",\"@id\":\"https:\\\/\\\/www.iemj.org\\\/de\\\/les-musiques-juives-un-objet-singulier-pluriel-2\\\/#breadcrumb\",\"itemListElement\":[{\"@type\":\"ListItem\",\"position\":1,\"name\":\"Accueil\",\"item\":\"https:\\\/\\\/www.iemj.org\\\/de\\\/\"},{\"@type\":\"ListItem\",\"position\":2,\"name\":\"J\u00fcdische Musik \u2013 einzigartig und vielf\u00e4ltig\"}]},{\"@type\":\"WebSite\",\"@id\":\"https:\\\/\\\/www.iemj.org\\\/de\\\/#website\",\"url\":\"https:\\\/\\\/www.iemj.org\\\/de\\\/\",\"name\":\"Institut Europ\u00e9en des Musiques Juives\",\"description\":\"Des traditions musicales \u00e0 la port\u00e9e de tous\",\"publisher\":{\"@id\":\"https:\\\/\\\/www.iemj.org\\\/de\\\/#organization\"},\"potentialAction\":[{\"@type\":\"SearchAction\",\"target\":{\"@type\":\"EntryPoint\",\"urlTemplate\":\"https:\\\/\\\/www.iemj.org\\\/de\\\/?s={search_term_string}\"},\"query-input\":{\"@type\":\"PropertyValueSpecification\",\"valueRequired\":true,\"valueName\":\"search_term_string\"}}],\"inLanguage\":\"de\"},{\"@type\":\"Organization\",\"@id\":\"https:\\\/\\\/www.iemj.org\\\/de\\\/#organization\",\"name\":\"Institut Europ\u00e9en des Musiques Juives\",\"url\":\"https:\\\/\\\/www.iemj.org\\\/de\\\/\",\"logo\":{\"@type\":\"ImageObject\",\"inLanguage\":\"de\",\"@id\":\"https:\\\/\\\/www.iemj.org\\\/de\\\/#\\\/schema\\\/logo\\\/image\\\/\",\"url\":\"https:\\\/\\\/www.iemj.org\\\/wp-content\\\/uploads\\\/2021\\\/09\\\/Logo-IEMJ-Paypal.jpg\",\"contentUrl\":\"https:\\\/\\\/www.iemj.org\\\/wp-content\\\/uploads\\\/2021\\\/09\\\/Logo-IEMJ-Paypal.jpg\",\"width\":150,\"height\":50,\"caption\":\"Institut Europ\u00e9en des Musiques Juives\"},\"image\":{\"@id\":\"https:\\\/\\\/www.iemj.org\\\/de\\\/#\\\/schema\\\/logo\\\/image\\\/\"},\"sameAs\":[\"https:\\\/\\\/www.facebook.com\\\/MusiquesJuives\\\/\",\"https:\\\/\\\/www.instagram.com\\\/musiquesjuives\\\/\",\"https:\\\/\\\/www.youtube.com\\\/user\\\/musiquesjuives\"]},{\"@type\":\"Person\",\"@id\":\"https:\\\/\\\/www.iemj.org\\\/de\\\/#\\\/schema\\\/person\\\/358e26c18aca017fcc4cc15437f7279c\",\"name\":\"Jacqueline ROTEN\",\"image\":{\"@type\":\"ImageObject\",\"inLanguage\":\"de\",\"@id\":\"https:\\\/\\\/secure.gravatar.com\\\/avatar\\\/5964256d6c6957de3a3505278957e0fb2a35119ac47ea41827a65301213c810b?s=96&d=mm&r=g\",\"url\":\"https:\\\/\\\/secure.gravatar.com\\\/avatar\\\/5964256d6c6957de3a3505278957e0fb2a35119ac47ea41827a65301213c810b?s=96&d=mm&r=g\",\"contentUrl\":\"https:\\\/\\\/secure.gravatar.com\\\/avatar\\\/5964256d6c6957de3a3505278957e0fb2a35119ac47ea41827a65301213c810b?s=96&d=mm&r=g\",\"caption\":\"Jacqueline ROTEN\"}}]}<\/script>\n<!-- \/ Yoast SEO plugin. -->","yoast_head_json":{"title":"J\u00fcdische Musik \u2013 einzigartig und vielf\u00e4ltig - Institut Europ\u00e9en des Musiques Juives","robots":{"index":"index","follow":"follow","max-snippet":"max-snippet:-1","max-image-preview":"max-image-preview:large","max-video-preview":"max-video-preview:-1"},"canonical":"https:\/\/www.iemj.org\/de\/les-musiques-juives-un-objet-singulier-pluriel-2\/","og_locale":"de_DE","og_type":"article","og_title":"J\u00fcdische Musik \u2013 einzigartig und vielf\u00e4ltig - Institut Europ\u00e9en des Musiques Juives","og_description":"Vorlesung von Herv\u00e9 Roten (in englischer Sprache) \u00fcber die singul\u00e4re Pluralit\u00e4t der j\u00fcdischen Musik, gehalten am 6. November 2019 an die P\u00e4pstliche Universit\u00e4t Gregoriana in Rom (Italien), im Rahmen der","og_url":"https:\/\/www.iemj.org\/de\/les-musiques-juives-un-objet-singulier-pluriel-2\/","og_site_name":"Institut Europ\u00e9en des Musiques Juives","article_publisher":"https:\/\/www.facebook.com\/MusiquesJuives\/","article_published_time":"2020-01-23T14:13:07+00:00","article_modified_time":"2021-06-03T14:02:46+00:00","og_image":[{"width":843,"height":485,"url":"https:\/\/www.iemj.org\/wp-content\/uploads\/2020\/01\/arton4502.jpg","type":"image\/jpeg"}],"author":"Jacqueline ROTEN","twitter_card":"summary_large_image","twitter_misc":{"Verfasst von":"Jacqueline ROTEN","Gesch\u00e4tzte Lesezeit":"1\u00a0Minute"},"schema":{"@context":"https:\/\/schema.org","@graph":[{"@type":"Article","@id":"https:\/\/www.iemj.org\/de\/les-musiques-juives-un-objet-singulier-pluriel-2\/#article","isPartOf":{"@id":"https:\/\/www.iemj.org\/de\/les-musiques-juives-un-objet-singulier-pluriel-2\/"},"author":{"name":"Jacqueline ROTEN","@id":"https:\/\/www.iemj.org\/de\/#\/schema\/person\/358e26c18aca017fcc4cc15437f7279c"},"headline":"J\u00fcdische Musik \u2013 einzigartig und vielf\u00e4ltig","datePublished":"2020-01-23T14:13:07+00:00","dateModified":"2021-06-03T14:02:46+00:00","mainEntityOfPage":{"@id":"https:\/\/www.iemj.org\/de\/les-musiques-juives-un-objet-singulier-pluriel-2\/"},"wordCount":210,"publisher":{"@id":"https:\/\/www.iemj.org\/de\/#organization"},"image":{"@id":"https:\/\/www.iemj.org\/de\/les-musiques-juives-un-objet-singulier-pluriel-2\/#primaryimage"},"thumbnailUrl":"https:\/\/www.iemj.org\/wp-content\/uploads\/2020\/01\/arton4502.jpg","articleSection":["Kurse \/ Konferenzen"],"inLanguage":"de"},{"@type":"WebPage","@id":"https:\/\/www.iemj.org\/de\/les-musiques-juives-un-objet-singulier-pluriel-2\/","url":"https:\/\/www.iemj.org\/de\/les-musiques-juives-un-objet-singulier-pluriel-2\/","name":"J\u00fcdische Musik \u2013 einzigartig und vielf\u00e4ltig - Institut Europ\u00e9en des Musiques Juives","isPartOf":{"@id":"https:\/\/www.iemj.org\/de\/#website"},"primaryImageOfPage":{"@id":"https:\/\/www.iemj.org\/de\/les-musiques-juives-un-objet-singulier-pluriel-2\/#primaryimage"},"image":{"@id":"https:\/\/www.iemj.org\/de\/les-musiques-juives-un-objet-singulier-pluriel-2\/#primaryimage"},"thumbnailUrl":"https:\/\/www.iemj.org\/wp-content\/uploads\/2020\/01\/arton4502.jpg","datePublished":"2020-01-23T14:13:07+00:00","dateModified":"2021-06-03T14:02:46+00:00","breadcrumb":{"@id":"https:\/\/www.iemj.org\/de\/les-musiques-juives-un-objet-singulier-pluriel-2\/#breadcrumb"},"inLanguage":"de","potentialAction":[{"@type":"ReadAction","target":["https:\/\/www.iemj.org\/de\/les-musiques-juives-un-objet-singulier-pluriel-2\/"]}]},{"@type":"ImageObject","inLanguage":"de","@id":"https:\/\/www.iemj.org\/de\/les-musiques-juives-un-objet-singulier-pluriel-2\/#primaryimage","url":"https:\/\/www.iemj.org\/wp-content\/uploads\/2020\/01\/arton4502.jpg","contentUrl":"https:\/\/www.iemj.org\/wp-content\/uploads\/2020\/01\/arton4502.jpg","width":843,"height":485},{"@type":"BreadcrumbList","@id":"https:\/\/www.iemj.org\/de\/les-musiques-juives-un-objet-singulier-pluriel-2\/#breadcrumb","itemListElement":[{"@type":"ListItem","position":1,"name":"Accueil","item":"https:\/\/www.iemj.org\/de\/"},{"@type":"ListItem","position":2,"name":"J\u00fcdische Musik \u2013 einzigartig und vielf\u00e4ltig"}]},{"@type":"WebSite","@id":"https:\/\/www.iemj.org\/de\/#website","url":"https:\/\/www.iemj.org\/de\/","name":"Institut Europ\u00e9en des Musiques Juives","description":"Des traditions musicales \u00e0 la port\u00e9e de tous","publisher":{"@id":"https:\/\/www.iemj.org\/de\/#organization"},"potentialAction":[{"@type":"SearchAction","target":{"@type":"EntryPoint","urlTemplate":"https:\/\/www.iemj.org\/de\/?s={search_term_string}"},"query-input":{"@type":"PropertyValueSpecification","valueRequired":true,"valueName":"search_term_string"}}],"inLanguage":"de"},{"@type":"Organization","@id":"https:\/\/www.iemj.org\/de\/#organization","name":"Institut Europ\u00e9en des Musiques Juives","url":"https:\/\/www.iemj.org\/de\/","logo":{"@type":"ImageObject","inLanguage":"de","@id":"https:\/\/www.iemj.org\/de\/#\/schema\/logo\/image\/","url":"https:\/\/www.iemj.org\/wp-content\/uploads\/2021\/09\/Logo-IEMJ-Paypal.jpg","contentUrl":"https:\/\/www.iemj.org\/wp-content\/uploads\/2021\/09\/Logo-IEMJ-Paypal.jpg","width":150,"height":50,"caption":"Institut Europ\u00e9en des Musiques Juives"},"image":{"@id":"https:\/\/www.iemj.org\/de\/#\/schema\/logo\/image\/"},"sameAs":["https:\/\/www.facebook.com\/MusiquesJuives\/","https:\/\/www.instagram.com\/musiquesjuives\/","https:\/\/www.youtube.com\/user\/musiquesjuives"]},{"@type":"Person","@id":"https:\/\/www.iemj.org\/de\/#\/schema\/person\/358e26c18aca017fcc4cc15437f7279c","name":"Jacqueline ROTEN","image":{"@type":"ImageObject","inLanguage":"de","@id":"https:\/\/secure.gravatar.com\/avatar\/5964256d6c6957de3a3505278957e0fb2a35119ac47ea41827a65301213c810b?s=96&d=mm&r=g","url":"https:\/\/secure.gravatar.com\/avatar\/5964256d6c6957de3a3505278957e0fb2a35119ac47ea41827a65301213c810b?s=96&d=mm&r=g","contentUrl":"https:\/\/secure.gravatar.com\/avatar\/5964256d6c6957de3a3505278957e0fb2a35119ac47ea41827a65301213c810b?s=96&d=mm&r=g","caption":"Jacqueline ROTEN"}}]}},"_links":{"self":[{"href":"https:\/\/www.iemj.org\/de\/wp-json\/wp\/v2\/posts\/45942","targetHints":{"allow":["GET"]}}],"collection":[{"href":"https:\/\/www.iemj.org\/de\/wp-json\/wp\/v2\/posts"}],"about":[{"href":"https:\/\/www.iemj.org\/de\/wp-json\/wp\/v2\/types\/post"}],"author":[{"embeddable":true,"href":"https:\/\/www.iemj.org\/de\/wp-json\/wp\/v2\/users\/5"}],"replies":[{"embeddable":true,"href":"https:\/\/www.iemj.org\/de\/wp-json\/wp\/v2\/comments?post=45942"}],"version-history":[{"count":0,"href":"https:\/\/www.iemj.org\/de\/wp-json\/wp\/v2\/posts\/45942\/revisions"}],"wp:featuredmedia":[{"embeddable":true,"href":"https:\/\/www.iemj.org\/de\/wp-json\/wp\/v2\/media\/45943"}],"wp:attachment":[{"href":"https:\/\/www.iemj.org\/de\/wp-json\/wp\/v2\/media?parent=45942"}],"wp:term":[{"taxonomy":"category","embeddable":true,"href":"https:\/\/www.iemj.org\/de\/wp-json\/wp\/v2\/categories?post=45942"},{"taxonomy":"post_tag","embeddable":true,"href":"https:\/\/www.iemj.org\/de\/wp-json\/wp\/v2\/tags?post=45942"},{"taxonomy":"technique","embeddable":true,"href":"https:\/\/www.iemj.org\/de\/wp-json\/wp\/v2\/technique?post=45942"},{"taxonomy":"squelettes","embeddable":true,"href":"https:\/\/www.iemj.org\/de\/wp-json\/wp\/v2\/squelettes?post=45942"},{"taxonomy":"sujet","embeddable":true,"href":"https:\/\/www.iemj.org\/de\/wp-json\/wp\/v2\/sujet?post=45942"},{"taxonomy":"formation","embeddable":true,"href":"https:\/\/www.iemj.org\/de\/wp-json\/wp\/v2\/formation?post=45942"},{"taxonomy":"genre","embeddable":true,"href":"https:\/\/www.iemj.org\/de\/wp-json\/wp\/v2\/genre?post=45942"},{"taxonomy":"fonds","embeddable":true,"href":"https:\/\/www.iemj.org\/de\/wp-json\/wp\/v2\/fonds?post=45942"},{"taxonomy":"tradition","embeddable":true,"href":"https:\/\/www.iemj.org\/de\/wp-json\/wp\/v2\/tradition?post=45942"},{"taxonomy":"type-de-contenu","embeddable":true,"href":"https:\/\/www.iemj.org\/de\/wp-json\/wp\/v2\/type-de-contenu?post=45942"},{"taxonomy":"interprete-compositeur","embeddable":true,"href":"https:\/\/www.iemj.org\/de\/wp-json\/wp\/v2\/interprete-compositeur?post=45942"},{"taxonomy":"frise","embeddable":true,"href":"https:\/\/www.iemj.org\/de\/wp-json\/wp\/v2\/frise?post=45942"},{"taxonomy":"type-devenement","embeddable":true,"href":"https:\/\/www.iemj.org\/de\/wp-json\/wp\/v2\/type-devenement?post=45942"},{"taxonomy":"tableaux-liens-externes","embeddable":true,"href":"https:\/\/www.iemj.org\/de\/wp-json\/wp\/v2\/tableaux-liens-externes?post=45942"}],"curies":[{"name":"wp","href":"https:\/\/api.w.org\/{rel}","templated":true}]}}