{"id":46390,"date":"2020-01-29T10:46:33","date_gmt":"2020-01-29T09:46:33","guid":{"rendered":"https:\/\/www.iemj.org\/videos-du-concert-de-gala-de-linstitut-europeen-des-musiques-juives-edition-2019\/"},"modified":"2025-10-01T13:36:53","modified_gmt":"2025-10-01T11:36:53","slug":"videos-du-concert-de-gala-de-linstitut-europeen-des-musiques-juives-edition-2019","status":"publish","type":"post","link":"https:\/\/www.iemj.org\/de\/videos-du-concert-de-gala-de-linstitut-europeen-des-musiques-juives-edition-2019\/","title":{"rendered":"Jacques Offenbach und Freunde &#8211; Galakonzert des Europ\u00e4ischen Instituts f\u00fcr j\u00fcdische Musik \u2013 Ausgabe 2019"},"content":{"rendered":"<p>Schauen Sie sich <strong>Videoausschnitte <\/strong>der 5. Ausgabe des Galakonzerts an, welches vom Institut Europ\u00e9en des Musiques Juives veranstaltet wurde und am Sonntag, den 17. November 2019 im Pariser Cortot Saal stattfand. Mit Unterst\u00fctzung der Henriette Halphen Stiftung unter der Schirmherrschaft der Stiftung der Fondation du Juda\u00efsme Fran\u00e7ais.<\/p>\n<p>Auf dem Programm: <strong><em>Jacques Offenbach et ses proches &#8211; De la synagogue \u00e0 l\u2018op\u00e9ra<\/em><\/strong><em>,<\/em> dargeboten vom Ensemble La Truite Lyrique, welches von Hector Sabo geleitet wurde.<\/p>\n<p style=\"padding-left: 320px;\">Sopranistinnen: Rebecca-Joy Lohnes und Ga\u00eblle Fran\u00e7ois<br \/>Mezzo-Sopranistinnen: Magdalena Locovic und Florence Felz<br \/>Ten\u00f6re: Nicolas Kuhn und Alvaro Valles<br \/>Bariton: Laurent Koehler<\/p>\n<p>Nur wenige Musikliebhaber wissen, dass Jacques Offenbach (1819-1880) einen Teil seiner musikalischen Inspiration aus den Synagogenges\u00e4ngen sch\u00f6pfte, die er in seiner Kindheit von seinem Vater Isaac Offenbach (1779-1850) lernte. Dieser war Musiker, Kantor und Komponist von geistlicher Musik an der K\u00f6lner Synagoge. Seit seiner Ankunft in Paris im Jahr 1833 und \u00fcber seine gesamte Karriere hinweg arbeitete Jacques Offenbach mit anderen Komponisten zusammen, die wie er selbst auch, den Sprung vom Podest der Synagoge, auf die B\u00fchne der Op\u00e9ra-Comique im Prunk des Pariser 19. Jahrhunderts, geschafft hatten.<\/p>\n<p><a href=\"https:\/\/www.iemj.org\/IMG\/pdf\/programme_gala_iemj_2019_05-11-2019_v_def.pdf\">Laden Sie das Konzertprogramm der IEMJ Gala 2019 herunter<\/a><\/p>\n\n\n<figure class=\"wp-block-embed is-type-video is-provider-youtube wp-block-embed-youtube wp-embed-aspect-16-9 wp-has-aspect-ratio\"><div class=\"wp-block-embed__wrapper\">\n<iframe title=\"Gala IEMJ 2019 - De la synagogue \u00e0 l\u2019op\u00e9ra - Jacques Offenbach et ses proches\" width=\"640\" height=\"360\" src=\"https:\/\/www.youtube.com\/embed\/q3t-7qfbVng?feature=oembed\" frameborder=\"0\" allow=\"accelerometer; autoplay; clipboard-write; encrypted-media; gyroscope; picture-in-picture; web-share\" referrerpolicy=\"strict-origin-when-cross-origin\" allowfullscreen><\/iframe>\n<\/div><figcaption class=\"wp-element-caption\"><strong><strong>Folgende Ausz\u00fcge:<\/strong><\/strong><br><strong>00:00<\/strong> Ochamnou &#8211; Jacques Offenbach<br><strong>01:52<\/strong> Hal\u00e9lou advei Adonay (Ps. 113) &#8211; Isaac Offenbach<br><strong>03:46<\/strong> Cantate de mariage &#8211; Emile Jonas<br><strong>06:44<\/strong> Ouvnou&#8217;ho yomar &#8211; Giacomo Meyerbeer<br><strong>08:15<\/strong> Kedoucha &#8211; Jules Erlanger<br><strong>09:53<\/strong> Mimaamakim (Ps. 130) &#8222;De profundis en h\u00e9breu&#8220; &#8211; Fromental Hal\u00e9vy<br><strong>13:17<\/strong> Ki&#8217;hlot yeini (Pourim Lied) &#8211; Isaac Offenbach<br><strong>15:35<\/strong> BIS (arrangement : Hector Sabo)<\/figcaption><\/figure>\n\n\n\n<div class=\"wp-block-file\"><\/div>\n\n\n<div class=\"wp-block-image\">\n<figure class=\"aligncenter size-large\"><img fetchpriority=\"high\" decoding=\"async\" width=\"1024\" height=\"133\" src=\"https:\/\/www.iemj.org\/wp-content\/uploads\/2024\/03\/AUDIO-PLAYER-1024x133.png\" alt=\"\" class=\"wp-image-110606\" srcset=\"https:\/\/www.iemj.org\/wp-content\/uploads\/2024\/03\/AUDIO-PLAYER-1024x133.png 1024w, https:\/\/www.iemj.org\/wp-content\/uploads\/2024\/03\/AUDIO-PLAYER-300x39.png 300w, https:\/\/www.iemj.org\/wp-content\/uploads\/2024\/03\/AUDIO-PLAYER-768x100.png 768w, https:\/\/www.iemj.org\/wp-content\/uploads\/2024\/03\/AUDIO-PLAYER-600x78.png 600w, https:\/\/www.iemj.org\/wp-content\/uploads\/2024\/03\/AUDIO-PLAYER.png 1210w\" sizes=\"(max-width: 1024px) 100vw, 1024px\" \/><\/figure>\n<\/div>\n\n\n<div class=\"wp-block-file\"><a id=\"wp-block-file--media-a4391eea-15c1-4dd8-8e84-152fea94f768\" href=\"https:\/\/www.iemj.org\/wp-content\/uploads\/2020\/01\/1_ochamnou_-_jacques_offenbach.mp3\">1) Ochamnou &#8211; Jacques Offenbach<\/a><\/div>\n\n\n\n<div class=\"wp-block-file\"><a id=\"wp-block-file--media-2014843b-a0ee-4188-8120-ae278a66c19f\" href=\"https:\/\/www.iemj.org\/wp-content\/uploads\/2020\/01\/2_halelou_advei_adonay_ps._113_-_isaac_offenbach.mp3\">2) Hal\u00e9lou advei Adonay (Ps. 113) &#8211; Isaac Offenbach<\/a><\/div>\n\n\n\n<div class=\"wp-block-file\"><a id=\"wp-block-file--media-ee3f0b41-8246-45df-818c-ab266fcf6c4c\" href=\"https:\/\/www.iemj.org\/wp-content\/uploads\/2020\/01\/3_cantate_de_mariage_-_emile_jonas.mp3\">3) Cantate de mariage &#8211; Emile Jonas<\/a><\/div>\n\n\n\n<div class=\"wp-block-file\"><a id=\"wp-block-file--media-f5f6dc24-52b3-4ee5-97c4-1dd190447b8e\" href=\"https:\/\/www.iemj.org\/wp-content\/uploads\/2020\/01\/4_ouvnou_ho_yomar_-_giacomo_meyerbeer.mp3\">4) Ouvnou\u2019ho yomar &#8211; Giacomo Meyerbeer<\/a><\/div>\n\n\n\n<div class=\"wp-block-file\"><a id=\"wp-block-file--media-a2300d4e-108c-492e-b877-7340d52d998c\" href=\"https:\/\/www.iemj.org\/wp-content\/uploads\/2020\/01\/5_kedoucha_-_jules_erlanger.mp3\">5) Kedoucha &#8211; Jules Erlanger<\/a><\/div>\n\n\n\n<div class=\"wp-block-file\"><a id=\"wp-block-file--media-b5b8768b-ec27-465f-89cf-65e4a965d677\" href=\"https:\/\/www.iemj.org\/wp-content\/uploads\/2020\/01\/6_mimaamakim_ps._130_de_profundis_en_hebreu_-_fromntal_halevy.mp3\">6) Mimaamakim (Ps. 130) De profundis en h\u00e9breu &#8211; Fromntal Hal\u00e9vy<\/a><\/div>\n\n\n\n<div class=\"wp-block-file\"><a id=\"wp-block-file--media-d95a703a-647c-4119-b259-bc405cf8c48d\" href=\"https:\/\/www.iemj.org\/wp-content\/uploads\/2020\/01\/7_ki_hlot_yeini_pourim_lied_-_isaac_offenbach.mp3\">7) Ki\u2019hlot yeini (Pourim Lied) &#8211; Isaac Offenbach<\/a><\/div>\n\n\n\n<div class=\"wp-block-file\"><a id=\"wp-block-file--media-f65ba332-41c0-46c3-ba0a-6f1969e836df\" href=\"https:\/\/www.iemj.org\/wp-content\/uploads\/2020\/01\/8_bis_arrangement_hector_sabo_.mp3\">8) BIS (arrangement  Hector Sabo)<\/a><\/div>\n","protected":false},"excerpt":{"rendered":"<p>Schauen Sie sich Videoausschnitte der 5. Ausgabe des Galakonzerts an, welches vom Institut Europ\u00e9en des Musiques Juives veranstaltet wurde und am Sonntag, den 17. November 2019 im Pariser Cortot Saal<\/p>\n","protected":false},"author":1052,"featured_media":106061,"comment_status":"closed","ping_status":"closed","sticky":false,"template":"","format":"standard","meta":{"_acf_changed":false,"footnotes":""},"categories":[1516],"tags":[],"technique":[],"squelettes":[],"sujet":[],"formation":[],"genre":[1897],"fonds":[],"tradition":[],"type-de-contenu":[],"interprete-compositeur":[3202],"frise":[],"type-devenement":[],"tableaux-liens-externes":[],"class_list":["post-46390","post","type-post","status-publish","format-standard","has-post-thumbnail","hentry","category-konzerte-film-de","genre-chormusik-de","interprete-compositeur-jacques-offenbach-de-2"],"acf":[],"yoast_head":"<!-- This site is optimized with the Yoast SEO plugin v27.3 - https:\/\/yoast.com\/product\/yoast-seo-wordpress\/ -->\n<title>Jacques Offenbach und Freunde - Galakonzert des Europ\u00e4ischen Instituts f\u00fcr j\u00fcdische Musik \u2013 Ausgabe 2019 - Institut Europ\u00e9en des Musiques Juives<\/title>\n<meta name=\"robots\" content=\"index, follow, max-snippet:-1, max-image-preview:large, max-video-preview:-1\" \/>\n<link rel=\"canonical\" href=\"https:\/\/www.iemj.org\/de\/videos-du-concert-de-gala-de-linstitut-europeen-des-musiques-juives-edition-2019\/\" \/>\n<meta property=\"og:locale\" content=\"de_DE\" \/>\n<meta property=\"og:type\" content=\"article\" \/>\n<meta property=\"og:title\" content=\"Jacques Offenbach und Freunde - Galakonzert des Europ\u00e4ischen Instituts f\u00fcr j\u00fcdische Musik \u2013 Ausgabe 2019 - Institut Europ\u00e9en des Musiques Juives\" \/>\n<meta property=\"og:description\" content=\"Schauen Sie sich Videoausschnitte der 5. Ausgabe des Galakonzerts an, welches vom Institut Europ\u00e9en des Musiques Juives veranstaltet wurde und am Sonntag, den 17. November 2019 im Pariser Cortot Saal\" \/>\n<meta property=\"og:url\" content=\"https:\/\/www.iemj.org\/de\/videos-du-concert-de-gala-de-linstitut-europeen-des-musiques-juives-edition-2019\/\" \/>\n<meta property=\"og:site_name\" content=\"Institut Europ\u00e9en des Musiques Juives\" \/>\n<meta property=\"article:publisher\" content=\"https:\/\/www.facebook.com\/MusiquesJuives\/\" \/>\n<meta property=\"article:published_time\" content=\"2020-01-29T09:46:33+00:00\" \/>\n<meta property=\"article:modified_time\" content=\"2025-10-01T11:36:53+00:00\" \/>\n<meta property=\"og:image\" content=\"https:\/\/www.iemj.org\/wp-content\/uploads\/2020\/01\/Logo-Concert-Offenbach.jpg\" \/>\n\t<meta property=\"og:image:width\" content=\"500\" \/>\n\t<meta property=\"og:image:height\" content=\"500\" \/>\n\t<meta property=\"og:image:type\" content=\"image\/jpeg\" \/>\n<meta name=\"author\" content=\"Lea Couderc\" \/>\n<meta name=\"twitter:card\" content=\"summary_large_image\" \/>\n<meta name=\"twitter:label1\" content=\"Verfasst von\" \/>\n\t<meta name=\"twitter:data1\" content=\"Lea Couderc\" \/>\n\t<meta name=\"twitter:label2\" content=\"Gesch\u00e4tzte Lesezeit\" \/>\n\t<meta name=\"twitter:data2\" content=\"2\u00a0Minuten\" \/>\n<script type=\"application\/ld+json\" class=\"yoast-schema-graph\">{\"@context\":\"https:\\\/\\\/schema.org\",\"@graph\":[{\"@type\":\"Article\",\"@id\":\"https:\\\/\\\/www.iemj.org\\\/de\\\/videos-du-concert-de-gala-de-linstitut-europeen-des-musiques-juives-edition-2019\\\/#article\",\"isPartOf\":{\"@id\":\"https:\\\/\\\/www.iemj.org\\\/de\\\/videos-du-concert-de-gala-de-linstitut-europeen-des-musiques-juives-edition-2019\\\/\"},\"author\":{\"name\":\"Lea Couderc\",\"@id\":\"https:\\\/\\\/www.iemj.org\\\/de\\\/#\\\/schema\\\/person\\\/e2ad57f2c4be119c7ed8ab79036807a9\"},\"headline\":\"Jacques Offenbach und Freunde &#8211; Galakonzert des Europ\u00e4ischen Instituts f\u00fcr j\u00fcdische Musik \u2013 Ausgabe 2019\",\"datePublished\":\"2020-01-29T09:46:33+00:00\",\"dateModified\":\"2025-10-01T11:36:53+00:00\",\"mainEntityOfPage\":{\"@id\":\"https:\\\/\\\/www.iemj.org\\\/de\\\/videos-du-concert-de-gala-de-linstitut-europeen-des-musiques-juives-edition-2019\\\/\"},\"wordCount\":321,\"publisher\":{\"@id\":\"https:\\\/\\\/www.iemj.org\\\/de\\\/#organization\"},\"image\":{\"@id\":\"https:\\\/\\\/www.iemj.org\\\/de\\\/videos-du-concert-de-gala-de-linstitut-europeen-des-musiques-juives-edition-2019\\\/#primaryimage\"},\"thumbnailUrl\":\"https:\\\/\\\/www.iemj.org\\\/wp-content\\\/uploads\\\/2020\\\/01\\\/Logo-Concert-Offenbach.jpg\",\"articleSection\":[\"Konzerte\"],\"inLanguage\":\"de\"},{\"@type\":\"WebPage\",\"@id\":\"https:\\\/\\\/www.iemj.org\\\/de\\\/videos-du-concert-de-gala-de-linstitut-europeen-des-musiques-juives-edition-2019\\\/\",\"url\":\"https:\\\/\\\/www.iemj.org\\\/de\\\/videos-du-concert-de-gala-de-linstitut-europeen-des-musiques-juives-edition-2019\\\/\",\"name\":\"Jacques Offenbach und Freunde - Galakonzert des Europ\u00e4ischen Instituts f\u00fcr j\u00fcdische Musik \u2013 Ausgabe 2019 - Institut Europ\u00e9en des Musiques Juives\",\"isPartOf\":{\"@id\":\"https:\\\/\\\/www.iemj.org\\\/de\\\/#website\"},\"primaryImageOfPage\":{\"@id\":\"https:\\\/\\\/www.iemj.org\\\/de\\\/videos-du-concert-de-gala-de-linstitut-europeen-des-musiques-juives-edition-2019\\\/#primaryimage\"},\"image\":{\"@id\":\"https:\\\/\\\/www.iemj.org\\\/de\\\/videos-du-concert-de-gala-de-linstitut-europeen-des-musiques-juives-edition-2019\\\/#primaryimage\"},\"thumbnailUrl\":\"https:\\\/\\\/www.iemj.org\\\/wp-content\\\/uploads\\\/2020\\\/01\\\/Logo-Concert-Offenbach.jpg\",\"datePublished\":\"2020-01-29T09:46:33+00:00\",\"dateModified\":\"2025-10-01T11:36:53+00:00\",\"breadcrumb\":{\"@id\":\"https:\\\/\\\/www.iemj.org\\\/de\\\/videos-du-concert-de-gala-de-linstitut-europeen-des-musiques-juives-edition-2019\\\/#breadcrumb\"},\"inLanguage\":\"de\",\"potentialAction\":[{\"@type\":\"ReadAction\",\"target\":[\"https:\\\/\\\/www.iemj.org\\\/de\\\/videos-du-concert-de-gala-de-linstitut-europeen-des-musiques-juives-edition-2019\\\/\"]}]},{\"@type\":\"ImageObject\",\"inLanguage\":\"de\",\"@id\":\"https:\\\/\\\/www.iemj.org\\\/de\\\/videos-du-concert-de-gala-de-linstitut-europeen-des-musiques-juives-edition-2019\\\/#primaryimage\",\"url\":\"https:\\\/\\\/www.iemj.org\\\/wp-content\\\/uploads\\\/2020\\\/01\\\/Logo-Concert-Offenbach.jpg\",\"contentUrl\":\"https:\\\/\\\/www.iemj.org\\\/wp-content\\\/uploads\\\/2020\\\/01\\\/Logo-Concert-Offenbach.jpg\",\"width\":500,\"height\":500},{\"@type\":\"BreadcrumbList\",\"@id\":\"https:\\\/\\\/www.iemj.org\\\/de\\\/videos-du-concert-de-gala-de-linstitut-europeen-des-musiques-juives-edition-2019\\\/#breadcrumb\",\"itemListElement\":[{\"@type\":\"ListItem\",\"position\":1,\"name\":\"Accueil\",\"item\":\"https:\\\/\\\/www.iemj.org\\\/de\\\/\"},{\"@type\":\"ListItem\",\"position\":2,\"name\":\"Jacques Offenbach und Freunde &#8211; Galakonzert des Europ\u00e4ischen Instituts f\u00fcr j\u00fcdische Musik \u2013 Ausgabe 2019\"}]},{\"@type\":\"WebSite\",\"@id\":\"https:\\\/\\\/www.iemj.org\\\/de\\\/#website\",\"url\":\"https:\\\/\\\/www.iemj.org\\\/de\\\/\",\"name\":\"Institut Europ\u00e9en des Musiques Juives\",\"description\":\"Des traditions musicales \u00e0 la port\u00e9e de tous\",\"publisher\":{\"@id\":\"https:\\\/\\\/www.iemj.org\\\/de\\\/#organization\"},\"potentialAction\":[{\"@type\":\"SearchAction\",\"target\":{\"@type\":\"EntryPoint\",\"urlTemplate\":\"https:\\\/\\\/www.iemj.org\\\/de\\\/?s={search_term_string}\"},\"query-input\":{\"@type\":\"PropertyValueSpecification\",\"valueRequired\":true,\"valueName\":\"search_term_string\"}}],\"inLanguage\":\"de\"},{\"@type\":\"Organization\",\"@id\":\"https:\\\/\\\/www.iemj.org\\\/de\\\/#organization\",\"name\":\"Institut Europ\u00e9en des Musiques Juives\",\"url\":\"https:\\\/\\\/www.iemj.org\\\/de\\\/\",\"logo\":{\"@type\":\"ImageObject\",\"inLanguage\":\"de\",\"@id\":\"https:\\\/\\\/www.iemj.org\\\/de\\\/#\\\/schema\\\/logo\\\/image\\\/\",\"url\":\"https:\\\/\\\/www.iemj.org\\\/wp-content\\\/uploads\\\/2021\\\/09\\\/Logo-IEMJ-Paypal.jpg\",\"contentUrl\":\"https:\\\/\\\/www.iemj.org\\\/wp-content\\\/uploads\\\/2021\\\/09\\\/Logo-IEMJ-Paypal.jpg\",\"width\":150,\"height\":50,\"caption\":\"Institut Europ\u00e9en des Musiques Juives\"},\"image\":{\"@id\":\"https:\\\/\\\/www.iemj.org\\\/de\\\/#\\\/schema\\\/logo\\\/image\\\/\"},\"sameAs\":[\"https:\\\/\\\/www.facebook.com\\\/MusiquesJuives\\\/\",\"https:\\\/\\\/www.instagram.com\\\/musiquesjuives\\\/\",\"https:\\\/\\\/www.youtube.com\\\/user\\\/musiquesjuives\"]},{\"@type\":\"Person\",\"@id\":\"https:\\\/\\\/www.iemj.org\\\/de\\\/#\\\/schema\\\/person\\\/e2ad57f2c4be119c7ed8ab79036807a9\",\"name\":\"Lea Couderc\",\"image\":{\"@type\":\"ImageObject\",\"inLanguage\":\"de\",\"@id\":\"https:\\\/\\\/secure.gravatar.com\\\/avatar\\\/46ee021475d60aeff17a7e490b79dea5a5684bb392ab7fd1494027411df8ba23?s=96&d=mm&r=g\",\"url\":\"https:\\\/\\\/secure.gravatar.com\\\/avatar\\\/46ee021475d60aeff17a7e490b79dea5a5684bb392ab7fd1494027411df8ba23?s=96&d=mm&r=g\",\"contentUrl\":\"https:\\\/\\\/secure.gravatar.com\\\/avatar\\\/46ee021475d60aeff17a7e490b79dea5a5684bb392ab7fd1494027411df8ba23?s=96&d=mm&r=g\",\"caption\":\"Lea Couderc\"}}]}<\/script>\n<!-- \/ Yoast SEO plugin. -->","yoast_head_json":{"title":"Jacques Offenbach und Freunde - Galakonzert des Europ\u00e4ischen Instituts f\u00fcr j\u00fcdische Musik \u2013 Ausgabe 2019 - Institut Europ\u00e9en des Musiques Juives","robots":{"index":"index","follow":"follow","max-snippet":"max-snippet:-1","max-image-preview":"max-image-preview:large","max-video-preview":"max-video-preview:-1"},"canonical":"https:\/\/www.iemj.org\/de\/videos-du-concert-de-gala-de-linstitut-europeen-des-musiques-juives-edition-2019\/","og_locale":"de_DE","og_type":"article","og_title":"Jacques Offenbach und Freunde - Galakonzert des Europ\u00e4ischen Instituts f\u00fcr j\u00fcdische Musik \u2013 Ausgabe 2019 - Institut Europ\u00e9en des Musiques Juives","og_description":"Schauen Sie sich Videoausschnitte der 5. Ausgabe des Galakonzerts an, welches vom Institut Europ\u00e9en des Musiques Juives veranstaltet wurde und am Sonntag, den 17. November 2019 im Pariser Cortot Saal","og_url":"https:\/\/www.iemj.org\/de\/videos-du-concert-de-gala-de-linstitut-europeen-des-musiques-juives-edition-2019\/","og_site_name":"Institut Europ\u00e9en des Musiques Juives","article_publisher":"https:\/\/www.facebook.com\/MusiquesJuives\/","article_published_time":"2020-01-29T09:46:33+00:00","article_modified_time":"2025-10-01T11:36:53+00:00","og_image":[{"width":500,"height":500,"url":"https:\/\/www.iemj.org\/wp-content\/uploads\/2020\/01\/Logo-Concert-Offenbach.jpg","type":"image\/jpeg"}],"author":"Lea Couderc","twitter_card":"summary_large_image","twitter_misc":{"Verfasst von":"Lea Couderc","Gesch\u00e4tzte Lesezeit":"2\u00a0Minuten"},"schema":{"@context":"https:\/\/schema.org","@graph":[{"@type":"Article","@id":"https:\/\/www.iemj.org\/de\/videos-du-concert-de-gala-de-linstitut-europeen-des-musiques-juives-edition-2019\/#article","isPartOf":{"@id":"https:\/\/www.iemj.org\/de\/videos-du-concert-de-gala-de-linstitut-europeen-des-musiques-juives-edition-2019\/"},"author":{"name":"Lea Couderc","@id":"https:\/\/www.iemj.org\/de\/#\/schema\/person\/e2ad57f2c4be119c7ed8ab79036807a9"},"headline":"Jacques Offenbach und Freunde &#8211; Galakonzert des Europ\u00e4ischen Instituts f\u00fcr j\u00fcdische Musik \u2013 Ausgabe 2019","datePublished":"2020-01-29T09:46:33+00:00","dateModified":"2025-10-01T11:36:53+00:00","mainEntityOfPage":{"@id":"https:\/\/www.iemj.org\/de\/videos-du-concert-de-gala-de-linstitut-europeen-des-musiques-juives-edition-2019\/"},"wordCount":321,"publisher":{"@id":"https:\/\/www.iemj.org\/de\/#organization"},"image":{"@id":"https:\/\/www.iemj.org\/de\/videos-du-concert-de-gala-de-linstitut-europeen-des-musiques-juives-edition-2019\/#primaryimage"},"thumbnailUrl":"https:\/\/www.iemj.org\/wp-content\/uploads\/2020\/01\/Logo-Concert-Offenbach.jpg","articleSection":["Konzerte"],"inLanguage":"de"},{"@type":"WebPage","@id":"https:\/\/www.iemj.org\/de\/videos-du-concert-de-gala-de-linstitut-europeen-des-musiques-juives-edition-2019\/","url":"https:\/\/www.iemj.org\/de\/videos-du-concert-de-gala-de-linstitut-europeen-des-musiques-juives-edition-2019\/","name":"Jacques Offenbach und Freunde - Galakonzert des Europ\u00e4ischen Instituts f\u00fcr j\u00fcdische Musik \u2013 Ausgabe 2019 - Institut Europ\u00e9en des Musiques Juives","isPartOf":{"@id":"https:\/\/www.iemj.org\/de\/#website"},"primaryImageOfPage":{"@id":"https:\/\/www.iemj.org\/de\/videos-du-concert-de-gala-de-linstitut-europeen-des-musiques-juives-edition-2019\/#primaryimage"},"image":{"@id":"https:\/\/www.iemj.org\/de\/videos-du-concert-de-gala-de-linstitut-europeen-des-musiques-juives-edition-2019\/#primaryimage"},"thumbnailUrl":"https:\/\/www.iemj.org\/wp-content\/uploads\/2020\/01\/Logo-Concert-Offenbach.jpg","datePublished":"2020-01-29T09:46:33+00:00","dateModified":"2025-10-01T11:36:53+00:00","breadcrumb":{"@id":"https:\/\/www.iemj.org\/de\/videos-du-concert-de-gala-de-linstitut-europeen-des-musiques-juives-edition-2019\/#breadcrumb"},"inLanguage":"de","potentialAction":[{"@type":"ReadAction","target":["https:\/\/www.iemj.org\/de\/videos-du-concert-de-gala-de-linstitut-europeen-des-musiques-juives-edition-2019\/"]}]},{"@type":"ImageObject","inLanguage":"de","@id":"https:\/\/www.iemj.org\/de\/videos-du-concert-de-gala-de-linstitut-europeen-des-musiques-juives-edition-2019\/#primaryimage","url":"https:\/\/www.iemj.org\/wp-content\/uploads\/2020\/01\/Logo-Concert-Offenbach.jpg","contentUrl":"https:\/\/www.iemj.org\/wp-content\/uploads\/2020\/01\/Logo-Concert-Offenbach.jpg","width":500,"height":500},{"@type":"BreadcrumbList","@id":"https:\/\/www.iemj.org\/de\/videos-du-concert-de-gala-de-linstitut-europeen-des-musiques-juives-edition-2019\/#breadcrumb","itemListElement":[{"@type":"ListItem","position":1,"name":"Accueil","item":"https:\/\/www.iemj.org\/de\/"},{"@type":"ListItem","position":2,"name":"Jacques Offenbach und Freunde &#8211; Galakonzert des Europ\u00e4ischen Instituts f\u00fcr j\u00fcdische Musik \u2013 Ausgabe 2019"}]},{"@type":"WebSite","@id":"https:\/\/www.iemj.org\/de\/#website","url":"https:\/\/www.iemj.org\/de\/","name":"Institut Europ\u00e9en des Musiques Juives","description":"Des traditions musicales \u00e0 la port\u00e9e de tous","publisher":{"@id":"https:\/\/www.iemj.org\/de\/#organization"},"potentialAction":[{"@type":"SearchAction","target":{"@type":"EntryPoint","urlTemplate":"https:\/\/www.iemj.org\/de\/?s={search_term_string}"},"query-input":{"@type":"PropertyValueSpecification","valueRequired":true,"valueName":"search_term_string"}}],"inLanguage":"de"},{"@type":"Organization","@id":"https:\/\/www.iemj.org\/de\/#organization","name":"Institut Europ\u00e9en des Musiques Juives","url":"https:\/\/www.iemj.org\/de\/","logo":{"@type":"ImageObject","inLanguage":"de","@id":"https:\/\/www.iemj.org\/de\/#\/schema\/logo\/image\/","url":"https:\/\/www.iemj.org\/wp-content\/uploads\/2021\/09\/Logo-IEMJ-Paypal.jpg","contentUrl":"https:\/\/www.iemj.org\/wp-content\/uploads\/2021\/09\/Logo-IEMJ-Paypal.jpg","width":150,"height":50,"caption":"Institut Europ\u00e9en des Musiques Juives"},"image":{"@id":"https:\/\/www.iemj.org\/de\/#\/schema\/logo\/image\/"},"sameAs":["https:\/\/www.facebook.com\/MusiquesJuives\/","https:\/\/www.instagram.com\/musiquesjuives\/","https:\/\/www.youtube.com\/user\/musiquesjuives"]},{"@type":"Person","@id":"https:\/\/www.iemj.org\/de\/#\/schema\/person\/e2ad57f2c4be119c7ed8ab79036807a9","name":"Lea Couderc","image":{"@type":"ImageObject","inLanguage":"de","@id":"https:\/\/secure.gravatar.com\/avatar\/46ee021475d60aeff17a7e490b79dea5a5684bb392ab7fd1494027411df8ba23?s=96&d=mm&r=g","url":"https:\/\/secure.gravatar.com\/avatar\/46ee021475d60aeff17a7e490b79dea5a5684bb392ab7fd1494027411df8ba23?s=96&d=mm&r=g","contentUrl":"https:\/\/secure.gravatar.com\/avatar\/46ee021475d60aeff17a7e490b79dea5a5684bb392ab7fd1494027411df8ba23?s=96&d=mm&r=g","caption":"Lea Couderc"}}]}},"_links":{"self":[{"href":"https:\/\/www.iemj.org\/de\/wp-json\/wp\/v2\/posts\/46390","targetHints":{"allow":["GET"]}}],"collection":[{"href":"https:\/\/www.iemj.org\/de\/wp-json\/wp\/v2\/posts"}],"about":[{"href":"https:\/\/www.iemj.org\/de\/wp-json\/wp\/v2\/types\/post"}],"author":[{"embeddable":true,"href":"https:\/\/www.iemj.org\/de\/wp-json\/wp\/v2\/users\/1052"}],"replies":[{"embeddable":true,"href":"https:\/\/www.iemj.org\/de\/wp-json\/wp\/v2\/comments?post=46390"}],"version-history":[{"count":1,"href":"https:\/\/www.iemj.org\/de\/wp-json\/wp\/v2\/posts\/46390\/revisions"}],"predecessor-version":[{"id":126257,"href":"https:\/\/www.iemj.org\/de\/wp-json\/wp\/v2\/posts\/46390\/revisions\/126257"}],"wp:featuredmedia":[{"embeddable":true,"href":"https:\/\/www.iemj.org\/de\/wp-json\/wp\/v2\/media\/106061"}],"wp:attachment":[{"href":"https:\/\/www.iemj.org\/de\/wp-json\/wp\/v2\/media?parent=46390"}],"wp:term":[{"taxonomy":"category","embeddable":true,"href":"https:\/\/www.iemj.org\/de\/wp-json\/wp\/v2\/categories?post=46390"},{"taxonomy":"post_tag","embeddable":true,"href":"https:\/\/www.iemj.org\/de\/wp-json\/wp\/v2\/tags?post=46390"},{"taxonomy":"technique","embeddable":true,"href":"https:\/\/www.iemj.org\/de\/wp-json\/wp\/v2\/technique?post=46390"},{"taxonomy":"squelettes","embeddable":true,"href":"https:\/\/www.iemj.org\/de\/wp-json\/wp\/v2\/squelettes?post=46390"},{"taxonomy":"sujet","embeddable":true,"href":"https:\/\/www.iemj.org\/de\/wp-json\/wp\/v2\/sujet?post=46390"},{"taxonomy":"formation","embeddable":true,"href":"https:\/\/www.iemj.org\/de\/wp-json\/wp\/v2\/formation?post=46390"},{"taxonomy":"genre","embeddable":true,"href":"https:\/\/www.iemj.org\/de\/wp-json\/wp\/v2\/genre?post=46390"},{"taxonomy":"fonds","embeddable":true,"href":"https:\/\/www.iemj.org\/de\/wp-json\/wp\/v2\/fonds?post=46390"},{"taxonomy":"tradition","embeddable":true,"href":"https:\/\/www.iemj.org\/de\/wp-json\/wp\/v2\/tradition?post=46390"},{"taxonomy":"type-de-contenu","embeddable":true,"href":"https:\/\/www.iemj.org\/de\/wp-json\/wp\/v2\/type-de-contenu?post=46390"},{"taxonomy":"interprete-compositeur","embeddable":true,"href":"https:\/\/www.iemj.org\/de\/wp-json\/wp\/v2\/interprete-compositeur?post=46390"},{"taxonomy":"frise","embeddable":true,"href":"https:\/\/www.iemj.org\/de\/wp-json\/wp\/v2\/frise?post=46390"},{"taxonomy":"type-devenement","embeddable":true,"href":"https:\/\/www.iemj.org\/de\/wp-json\/wp\/v2\/type-devenement?post=46390"},{"taxonomy":"tableaux-liens-externes","embeddable":true,"href":"https:\/\/www.iemj.org\/de\/wp-json\/wp\/v2\/tableaux-liens-externes?post=46390"}],"curies":[{"name":"wp","href":"https:\/\/api.w.org\/{rel}","templated":true}]}}