{"id":46731,"date":"2019-10-02T15:34:50","date_gmt":"2019-10-02T13:34:50","guid":{"rendered":"https:\/\/www.iemj.org\/jacques-offenbach-et-ses-proches-de-la-synagogue-a-lopera\/"},"modified":"2025-08-27T11:39:59","modified_gmt":"2025-08-27T09:39:59","slug":"jacques-offenbach-et-ses-proches-de-la-synagogue-a-lopera","status":"publish","type":"post","link":"https:\/\/www.iemj.org\/de\/jacques-offenbach-et-ses-proches-de-la-synagogue-a-lopera\/","title":{"rendered":"Jacques Offenbach und dessen Angeh\u00f6rige \u2013 Von der Synagoge zur Oper"},"content":{"rendered":"\n<div class=\"wp-block-group\"><div class=\"wp-block-group__inner-container is-layout-flow wp-block-group-is-layout-flow\">\n<p><!--more--><\/p>\n<p>Nur wenige Musikliebhaber wissen, dass Jacques Offenbach (1819-1880), den Rossini \u00ab\u00a0den Mozart der Champs-Elys\u00e9es\u00a0\u00bb nannte, seine musikalische Inspiration teilweise aus den Synagogenges\u00e4ngen sch\u00f6pfte, die er als Kind bei seinem Vater Isaac Offenbach gelernt hatte, der Musiker, Komponist und Kantor der K\u00f6lner Synagoge in Deutschland war.<\/p>\n<p>Nach seiner Ankunft in Paris 1833 arbeitete Jacques Offenbach im Laufe seiner ganzen Karriere mit anderen Komponisten j\u00fcdischer Herkunft zusammen, die genauso wie er m\u00fchelos von der Kanzel der Synagoge zur Opernb\u00fchne und von leichter Musik zum Synagogengesang \u00fcbergingen, und dabei Genregrenzen im Pariser Pomp des 19. Jahrhunderts aufhoben.<\/p>\n<p>Diese CD wurde anl\u00e4sslich des 200. Geburtstages Jacques Offenbachs herausgegeben. Dank dieser CD k\u00f6nnen <b>bisher unver\u00f6ffentlichte hebr\u00e4ische Werke von Isaac und Jacques Offenbach, Giacomo Meyerbeer, Jules Erlanger, Emil Jonas und Fromental Hal\u00e9vy<\/b>, der den Psalm 130 <i>Mimaamakim<\/i> [<i>De profundis<\/i>] komponierte, entdeckt werden. Letzterer ist das Ergebnis eines 1820 erteilten Auftrags Ludwigs XVIII ans Seine-Konsistorium (<i>Consistoire de la Seine<\/i>) zur Erinnerung an den Tod des Herzogs von Berry.<\/p>\n<p>Es handelt sich um eine au\u00dfergew\u00f6hnliche Aufnahme, der ein prachtvolles 32 seitiges Heft beigelegt ist,<i> <\/i>und die vom Vokalensemble La Truite Lyrique und Les Polyphonies H\u00e9bra\u00efques von Stra\u00dfburg unter Hector Sabos Leitung interpretiert wird.<\/p>\n<p>Diese CD wurde mit der Unterst\u00fctzung der Stiftung f\u00fcr Franz\u00f6sisches Judentum <span style=\"font-size: inherit;\">(<\/span><a class=\"spip_out\" style=\"font-size: inherit;\" href=\"https:\/\/www.fondationjudaisme.org\/\" target=\"_blank\" rel=\"external noopener\">Fondation du Juda\u00efsme Fran\u00e7ais<\/a>)<span style=\"font-size: inherit;\">, <\/span>der Stiftung zur Erinnerung an die Shoah <span style=\"font-size: inherit;\">(<\/span><a class=\"spip_out\" style=\"font-size: inherit;\" href=\"http:\/\/www.fondationshoah.org\/\" target=\"_blank\" rel=\"external noopener\">Fondation pour la M\u00e9moire de la Shoah<\/a>)<span style=\"font-size: inherit;\">, der <\/span><a class=\"spip_out\" style=\"font-size: inherit;\" href=\"https:\/\/www.iemj.org\/fondation-henriette-halphen\/\" target=\"_blank\" rel=\"noopener\">Henriette Halphen<\/a><span style=\"font-size: inherit;\"> und Ir\u00e8ne und Jacques Darmon <\/span>Stiftung, und unter der Schirmherrschaft der FJF und der <a class=\"spip_out\" style=\"font-size: inherit;\" href=\"https:\/\/www.aiu.org\/fr\/alliance-israelite-universelle\" target=\"_blank\" rel=\"external noopener\">Alliance Isra\u00e9lite Universelle<\/a> hergestellt.<\/p>\n<h2><a href=\"https:\/\/www.iemj.org\/de\/produit\/jacques-offenbach-and-friends-from-the-synagogue-to-the-opera\/\" target=\"_blank\" rel=\"noopener\">Bestellen Sie die <b>CD<\/b> auf unserem Online-Shop<\/a><\/h2>\n<\/div><\/div>\n\n\n\n<div class=\"wp-block-group\"><div class=\"wp-block-group__inner-container is-layout-flow wp-block-group-is-layout-flow\">\n<figure class=\"wp-block-embed is-type-video is-provider-youtube wp-block-embed-youtube wp-embed-aspect-16-9 wp-has-aspect-ratio\"><div class=\"wp-block-embed__wrapper\">\n<iframe title=\"Offenbach et ses proches #14 INVITE DE LA MATINALE LISE GUTMANN\" width=\"640\" height=\"360\" src=\"https:\/\/www.youtube.com\/embed\/k2rgdBQ4yZE?feature=oembed\" frameborder=\"0\" allow=\"accelerometer; autoplay; clipboard-write; encrypted-media; gyroscope; picture-in-picture; web-share\" referrerpolicy=\"strict-origin-when-cross-origin\" allowfullscreen><\/iframe>\n<\/div><figcaption class=\"wp-element-caption\"><strong>Sehen Sie das Interview mit Herv\u00e9 Roten, Gast in der Matinale von Lise Gutmann auf Juda\u00efques FM am 29. Oktober 2019 anl\u00e4sslich der Ver\u00f6ffentlichung des IEMJ-Albums und der Gala \u00fcber &#8222;Jacques Offenbach und dessen angeh\u00f6rige&#8220;<\/strong><\/figcaption><\/figure>\n<\/div><\/div>\n\n\n<div class=\"wp-block-image\">\n<figure class=\"aligncenter size-large\"><img fetchpriority=\"high\" decoding=\"async\" width=\"1024\" height=\"133\" src=\"https:\/\/www.iemj.org\/wp-content\/uploads\/2024\/03\/AUDIO-PLAYER-1024x133.png\" alt=\"\" class=\"wp-image-110606\" srcset=\"https:\/\/www.iemj.org\/wp-content\/uploads\/2024\/03\/AUDIO-PLAYER-1024x133.png 1024w, https:\/\/www.iemj.org\/wp-content\/uploads\/2024\/03\/AUDIO-PLAYER-300x39.png 300w, https:\/\/www.iemj.org\/wp-content\/uploads\/2024\/03\/AUDIO-PLAYER-768x100.png 768w, https:\/\/www.iemj.org\/wp-content\/uploads\/2024\/03\/AUDIO-PLAYER-600x78.png 600w, https:\/\/www.iemj.org\/wp-content\/uploads\/2024\/03\/AUDIO-PLAYER.png 1210w\" sizes=\"(max-width: 1024px) 100vw, 1024px\" \/><\/figure>\n<\/div>","protected":false},"excerpt":{"rendered":"","protected":false},"author":5,"featured_media":46732,"comment_status":"closed","ping_status":"closed","sticky":false,"template":"","format":"standard","meta":{"_acf_changed":false,"footnotes":""},"categories":[1393,2199,1390],"tags":[],"technique":[],"squelettes":[],"sujet":[],"formation":[],"genre":[1900,1891],"fonds":[],"tradition":[],"type-de-contenu":[],"interprete-compositeur":[3202],"frise":[],"type-devenement":[],"tableaux-liens-externes":[],"class_list":["post-46731","post","type-post","status-publish","format-standard","has-post-thumbnail","hentry","category-cd-iemj-de","category-sammlung-klassik-de","category-veroffentlichungen-de","genre-klassische-musik-de","genre-liturgie-de","interprete-compositeur-jacques-offenbach-de-2"],"acf":[],"yoast_head":"<!-- This site is optimized with the Yoast SEO plugin v27.3 - https:\/\/yoast.com\/product\/yoast-seo-wordpress\/ -->\n<title>Jacques Offenbach und dessen Angeh\u00f6rige \u2013 Von der Synagoge zur Oper - Institut Europ\u00e9en des Musiques Juives<\/title>\n<meta name=\"robots\" content=\"index, follow, max-snippet:-1, max-image-preview:large, max-video-preview:-1\" \/>\n<link rel=\"canonical\" href=\"https:\/\/www.iemj.org\/de\/jacques-offenbach-et-ses-proches-de-la-synagogue-a-lopera\/\" \/>\n<meta property=\"og:locale\" content=\"de_DE\" \/>\n<meta property=\"og:type\" content=\"article\" \/>\n<meta property=\"og:title\" content=\"Jacques Offenbach und dessen Angeh\u00f6rige \u2013 Von der Synagoge zur Oper - Institut Europ\u00e9en des Musiques Juives\" \/>\n<meta property=\"og:url\" content=\"https:\/\/www.iemj.org\/de\/jacques-offenbach-et-ses-proches-de-la-synagogue-a-lopera\/\" \/>\n<meta property=\"og:site_name\" content=\"Institut Europ\u00e9en des Musiques Juives\" \/>\n<meta property=\"article:publisher\" content=\"https:\/\/www.facebook.com\/MusiquesJuives\/\" \/>\n<meta property=\"article:published_time\" content=\"2019-10-02T13:34:50+00:00\" \/>\n<meta property=\"article:modified_time\" content=\"2025-08-27T09:39:59+00:00\" \/>\n<meta property=\"og:image\" content=\"https:\/\/www.iemj.org\/wp-content\/uploads\/2019\/10\/arton4330.jpg\" \/>\n\t<meta property=\"og:image:width\" content=\"526\" \/>\n\t<meta property=\"og:image:height\" content=\"515\" \/>\n\t<meta property=\"og:image:type\" content=\"image\/jpeg\" \/>\n<meta name=\"author\" content=\"Jacqueline ROTEN\" \/>\n<meta name=\"twitter:card\" content=\"summary_large_image\" \/>\n<meta name=\"twitter:label1\" content=\"Verfasst von\" \/>\n\t<meta name=\"twitter:data1\" content=\"Jacqueline ROTEN\" \/>\n\t<meta name=\"twitter:label2\" content=\"Gesch\u00e4tzte Lesezeit\" \/>\n\t<meta name=\"twitter:data2\" content=\"2\u00a0Minuten\" \/>\n<script type=\"application\/ld+json\" class=\"yoast-schema-graph\">{\"@context\":\"https:\\\/\\\/schema.org\",\"@graph\":[{\"@type\":\"Article\",\"@id\":\"https:\\\/\\\/www.iemj.org\\\/de\\\/jacques-offenbach-et-ses-proches-de-la-synagogue-a-lopera\\\/#article\",\"isPartOf\":{\"@id\":\"https:\\\/\\\/www.iemj.org\\\/de\\\/jacques-offenbach-et-ses-proches-de-la-synagogue-a-lopera\\\/\"},\"author\":{\"name\":\"Jacqueline ROTEN\",\"@id\":\"https:\\\/\\\/www.iemj.org\\\/de\\\/#\\\/schema\\\/person\\\/358e26c18aca017fcc4cc15437f7279c\"},\"headline\":\"Jacques Offenbach und dessen Angeh\u00f6rige \u2013 Von der Synagoge zur Oper\",\"datePublished\":\"2019-10-02T13:34:50+00:00\",\"dateModified\":\"2025-08-27T09:39:59+00:00\",\"mainEntityOfPage\":{\"@id\":\"https:\\\/\\\/www.iemj.org\\\/de\\\/jacques-offenbach-et-ses-proches-de-la-synagogue-a-lopera\\\/\"},\"wordCount\":325,\"publisher\":{\"@id\":\"https:\\\/\\\/www.iemj.org\\\/de\\\/#organization\"},\"image\":{\"@id\":\"https:\\\/\\\/www.iemj.org\\\/de\\\/jacques-offenbach-et-ses-proches-de-la-synagogue-a-lopera\\\/#primaryimage\"},\"thumbnailUrl\":\"https:\\\/\\\/www.iemj.org\\\/wp-content\\\/uploads\\\/2019\\\/10\\\/arton4330.jpg\",\"articleSection\":[\"CD IEMJ\",\"Sammlung Klassik\",\"Ver\u00f6ffentlichungen\"],\"inLanguage\":\"de\"},{\"@type\":\"WebPage\",\"@id\":\"https:\\\/\\\/www.iemj.org\\\/de\\\/jacques-offenbach-et-ses-proches-de-la-synagogue-a-lopera\\\/\",\"url\":\"https:\\\/\\\/www.iemj.org\\\/de\\\/jacques-offenbach-et-ses-proches-de-la-synagogue-a-lopera\\\/\",\"name\":\"Jacques Offenbach und dessen Angeh\u00f6rige \u2013 Von der Synagoge zur Oper - Institut Europ\u00e9en des Musiques Juives\",\"isPartOf\":{\"@id\":\"https:\\\/\\\/www.iemj.org\\\/de\\\/#website\"},\"primaryImageOfPage\":{\"@id\":\"https:\\\/\\\/www.iemj.org\\\/de\\\/jacques-offenbach-et-ses-proches-de-la-synagogue-a-lopera\\\/#primaryimage\"},\"image\":{\"@id\":\"https:\\\/\\\/www.iemj.org\\\/de\\\/jacques-offenbach-et-ses-proches-de-la-synagogue-a-lopera\\\/#primaryimage\"},\"thumbnailUrl\":\"https:\\\/\\\/www.iemj.org\\\/wp-content\\\/uploads\\\/2019\\\/10\\\/arton4330.jpg\",\"datePublished\":\"2019-10-02T13:34:50+00:00\",\"dateModified\":\"2025-08-27T09:39:59+00:00\",\"breadcrumb\":{\"@id\":\"https:\\\/\\\/www.iemj.org\\\/de\\\/jacques-offenbach-et-ses-proches-de-la-synagogue-a-lopera\\\/#breadcrumb\"},\"inLanguage\":\"de\",\"potentialAction\":[{\"@type\":\"ReadAction\",\"target\":[\"https:\\\/\\\/www.iemj.org\\\/de\\\/jacques-offenbach-et-ses-proches-de-la-synagogue-a-lopera\\\/\"]}]},{\"@type\":\"ImageObject\",\"inLanguage\":\"de\",\"@id\":\"https:\\\/\\\/www.iemj.org\\\/de\\\/jacques-offenbach-et-ses-proches-de-la-synagogue-a-lopera\\\/#primaryimage\",\"url\":\"https:\\\/\\\/www.iemj.org\\\/wp-content\\\/uploads\\\/2019\\\/10\\\/arton4330.jpg\",\"contentUrl\":\"https:\\\/\\\/www.iemj.org\\\/wp-content\\\/uploads\\\/2019\\\/10\\\/arton4330.jpg\",\"width\":526,\"height\":515},{\"@type\":\"BreadcrumbList\",\"@id\":\"https:\\\/\\\/www.iemj.org\\\/de\\\/jacques-offenbach-et-ses-proches-de-la-synagogue-a-lopera\\\/#breadcrumb\",\"itemListElement\":[{\"@type\":\"ListItem\",\"position\":1,\"name\":\"Accueil\",\"item\":\"https:\\\/\\\/www.iemj.org\\\/de\\\/\"},{\"@type\":\"ListItem\",\"position\":2,\"name\":\"Jacques Offenbach und dessen Angeh\u00f6rige \u2013 Von der Synagoge zur Oper\"}]},{\"@type\":\"WebSite\",\"@id\":\"https:\\\/\\\/www.iemj.org\\\/de\\\/#website\",\"url\":\"https:\\\/\\\/www.iemj.org\\\/de\\\/\",\"name\":\"Institut Europ\u00e9en des Musiques Juives\",\"description\":\"Des traditions musicales \u00e0 la port\u00e9e de tous\",\"publisher\":{\"@id\":\"https:\\\/\\\/www.iemj.org\\\/de\\\/#organization\"},\"potentialAction\":[{\"@type\":\"SearchAction\",\"target\":{\"@type\":\"EntryPoint\",\"urlTemplate\":\"https:\\\/\\\/www.iemj.org\\\/de\\\/?s={search_term_string}\"},\"query-input\":{\"@type\":\"PropertyValueSpecification\",\"valueRequired\":true,\"valueName\":\"search_term_string\"}}],\"inLanguage\":\"de\"},{\"@type\":\"Organization\",\"@id\":\"https:\\\/\\\/www.iemj.org\\\/de\\\/#organization\",\"name\":\"Institut Europ\u00e9en des Musiques Juives\",\"url\":\"https:\\\/\\\/www.iemj.org\\\/de\\\/\",\"logo\":{\"@type\":\"ImageObject\",\"inLanguage\":\"de\",\"@id\":\"https:\\\/\\\/www.iemj.org\\\/de\\\/#\\\/schema\\\/logo\\\/image\\\/\",\"url\":\"https:\\\/\\\/www.iemj.org\\\/wp-content\\\/uploads\\\/2021\\\/09\\\/Logo-IEMJ-Paypal.jpg\",\"contentUrl\":\"https:\\\/\\\/www.iemj.org\\\/wp-content\\\/uploads\\\/2021\\\/09\\\/Logo-IEMJ-Paypal.jpg\",\"width\":150,\"height\":50,\"caption\":\"Institut Europ\u00e9en des Musiques Juives\"},\"image\":{\"@id\":\"https:\\\/\\\/www.iemj.org\\\/de\\\/#\\\/schema\\\/logo\\\/image\\\/\"},\"sameAs\":[\"https:\\\/\\\/www.facebook.com\\\/MusiquesJuives\\\/\",\"https:\\\/\\\/www.instagram.com\\\/musiquesjuives\\\/\",\"https:\\\/\\\/www.youtube.com\\\/user\\\/musiquesjuives\"]},{\"@type\":\"Person\",\"@id\":\"https:\\\/\\\/www.iemj.org\\\/de\\\/#\\\/schema\\\/person\\\/358e26c18aca017fcc4cc15437f7279c\",\"name\":\"Jacqueline ROTEN\",\"image\":{\"@type\":\"ImageObject\",\"inLanguage\":\"de\",\"@id\":\"https:\\\/\\\/secure.gravatar.com\\\/avatar\\\/5964256d6c6957de3a3505278957e0fb2a35119ac47ea41827a65301213c810b?s=96&d=mm&r=g\",\"url\":\"https:\\\/\\\/secure.gravatar.com\\\/avatar\\\/5964256d6c6957de3a3505278957e0fb2a35119ac47ea41827a65301213c810b?s=96&d=mm&r=g\",\"contentUrl\":\"https:\\\/\\\/secure.gravatar.com\\\/avatar\\\/5964256d6c6957de3a3505278957e0fb2a35119ac47ea41827a65301213c810b?s=96&d=mm&r=g\",\"caption\":\"Jacqueline ROTEN\"}}]}<\/script>\n<!-- \/ Yoast SEO plugin. -->","yoast_head_json":{"title":"Jacques Offenbach und dessen Angeh\u00f6rige \u2013 Von der Synagoge zur Oper - Institut Europ\u00e9en des Musiques Juives","robots":{"index":"index","follow":"follow","max-snippet":"max-snippet:-1","max-image-preview":"max-image-preview:large","max-video-preview":"max-video-preview:-1"},"canonical":"https:\/\/www.iemj.org\/de\/jacques-offenbach-et-ses-proches-de-la-synagogue-a-lopera\/","og_locale":"de_DE","og_type":"article","og_title":"Jacques Offenbach und dessen Angeh\u00f6rige \u2013 Von der Synagoge zur Oper - Institut Europ\u00e9en des Musiques Juives","og_url":"https:\/\/www.iemj.org\/de\/jacques-offenbach-et-ses-proches-de-la-synagogue-a-lopera\/","og_site_name":"Institut Europ\u00e9en des Musiques Juives","article_publisher":"https:\/\/www.facebook.com\/MusiquesJuives\/","article_published_time":"2019-10-02T13:34:50+00:00","article_modified_time":"2025-08-27T09:39:59+00:00","og_image":[{"width":526,"height":515,"url":"https:\/\/www.iemj.org\/wp-content\/uploads\/2019\/10\/arton4330.jpg","type":"image\/jpeg"}],"author":"Jacqueline ROTEN","twitter_card":"summary_large_image","twitter_misc":{"Verfasst von":"Jacqueline ROTEN","Gesch\u00e4tzte Lesezeit":"2\u00a0Minuten"},"schema":{"@context":"https:\/\/schema.org","@graph":[{"@type":"Article","@id":"https:\/\/www.iemj.org\/de\/jacques-offenbach-et-ses-proches-de-la-synagogue-a-lopera\/#article","isPartOf":{"@id":"https:\/\/www.iemj.org\/de\/jacques-offenbach-et-ses-proches-de-la-synagogue-a-lopera\/"},"author":{"name":"Jacqueline ROTEN","@id":"https:\/\/www.iemj.org\/de\/#\/schema\/person\/358e26c18aca017fcc4cc15437f7279c"},"headline":"Jacques Offenbach und dessen Angeh\u00f6rige \u2013 Von der Synagoge zur Oper","datePublished":"2019-10-02T13:34:50+00:00","dateModified":"2025-08-27T09:39:59+00:00","mainEntityOfPage":{"@id":"https:\/\/www.iemj.org\/de\/jacques-offenbach-et-ses-proches-de-la-synagogue-a-lopera\/"},"wordCount":325,"publisher":{"@id":"https:\/\/www.iemj.org\/de\/#organization"},"image":{"@id":"https:\/\/www.iemj.org\/de\/jacques-offenbach-et-ses-proches-de-la-synagogue-a-lopera\/#primaryimage"},"thumbnailUrl":"https:\/\/www.iemj.org\/wp-content\/uploads\/2019\/10\/arton4330.jpg","articleSection":["CD IEMJ","Sammlung Klassik","Ver\u00f6ffentlichungen"],"inLanguage":"de"},{"@type":"WebPage","@id":"https:\/\/www.iemj.org\/de\/jacques-offenbach-et-ses-proches-de-la-synagogue-a-lopera\/","url":"https:\/\/www.iemj.org\/de\/jacques-offenbach-et-ses-proches-de-la-synagogue-a-lopera\/","name":"Jacques Offenbach und dessen Angeh\u00f6rige \u2013 Von der Synagoge zur Oper - Institut Europ\u00e9en des Musiques Juives","isPartOf":{"@id":"https:\/\/www.iemj.org\/de\/#website"},"primaryImageOfPage":{"@id":"https:\/\/www.iemj.org\/de\/jacques-offenbach-et-ses-proches-de-la-synagogue-a-lopera\/#primaryimage"},"image":{"@id":"https:\/\/www.iemj.org\/de\/jacques-offenbach-et-ses-proches-de-la-synagogue-a-lopera\/#primaryimage"},"thumbnailUrl":"https:\/\/www.iemj.org\/wp-content\/uploads\/2019\/10\/arton4330.jpg","datePublished":"2019-10-02T13:34:50+00:00","dateModified":"2025-08-27T09:39:59+00:00","breadcrumb":{"@id":"https:\/\/www.iemj.org\/de\/jacques-offenbach-et-ses-proches-de-la-synagogue-a-lopera\/#breadcrumb"},"inLanguage":"de","potentialAction":[{"@type":"ReadAction","target":["https:\/\/www.iemj.org\/de\/jacques-offenbach-et-ses-proches-de-la-synagogue-a-lopera\/"]}]},{"@type":"ImageObject","inLanguage":"de","@id":"https:\/\/www.iemj.org\/de\/jacques-offenbach-et-ses-proches-de-la-synagogue-a-lopera\/#primaryimage","url":"https:\/\/www.iemj.org\/wp-content\/uploads\/2019\/10\/arton4330.jpg","contentUrl":"https:\/\/www.iemj.org\/wp-content\/uploads\/2019\/10\/arton4330.jpg","width":526,"height":515},{"@type":"BreadcrumbList","@id":"https:\/\/www.iemj.org\/de\/jacques-offenbach-et-ses-proches-de-la-synagogue-a-lopera\/#breadcrumb","itemListElement":[{"@type":"ListItem","position":1,"name":"Accueil","item":"https:\/\/www.iemj.org\/de\/"},{"@type":"ListItem","position":2,"name":"Jacques Offenbach und dessen Angeh\u00f6rige \u2013 Von der Synagoge zur Oper"}]},{"@type":"WebSite","@id":"https:\/\/www.iemj.org\/de\/#website","url":"https:\/\/www.iemj.org\/de\/","name":"Institut Europ\u00e9en des Musiques Juives","description":"Des traditions musicales \u00e0 la port\u00e9e de tous","publisher":{"@id":"https:\/\/www.iemj.org\/de\/#organization"},"potentialAction":[{"@type":"SearchAction","target":{"@type":"EntryPoint","urlTemplate":"https:\/\/www.iemj.org\/de\/?s={search_term_string}"},"query-input":{"@type":"PropertyValueSpecification","valueRequired":true,"valueName":"search_term_string"}}],"inLanguage":"de"},{"@type":"Organization","@id":"https:\/\/www.iemj.org\/de\/#organization","name":"Institut Europ\u00e9en des Musiques Juives","url":"https:\/\/www.iemj.org\/de\/","logo":{"@type":"ImageObject","inLanguage":"de","@id":"https:\/\/www.iemj.org\/de\/#\/schema\/logo\/image\/","url":"https:\/\/www.iemj.org\/wp-content\/uploads\/2021\/09\/Logo-IEMJ-Paypal.jpg","contentUrl":"https:\/\/www.iemj.org\/wp-content\/uploads\/2021\/09\/Logo-IEMJ-Paypal.jpg","width":150,"height":50,"caption":"Institut Europ\u00e9en des Musiques Juives"},"image":{"@id":"https:\/\/www.iemj.org\/de\/#\/schema\/logo\/image\/"},"sameAs":["https:\/\/www.facebook.com\/MusiquesJuives\/","https:\/\/www.instagram.com\/musiquesjuives\/","https:\/\/www.youtube.com\/user\/musiquesjuives"]},{"@type":"Person","@id":"https:\/\/www.iemj.org\/de\/#\/schema\/person\/358e26c18aca017fcc4cc15437f7279c","name":"Jacqueline ROTEN","image":{"@type":"ImageObject","inLanguage":"de","@id":"https:\/\/secure.gravatar.com\/avatar\/5964256d6c6957de3a3505278957e0fb2a35119ac47ea41827a65301213c810b?s=96&d=mm&r=g","url":"https:\/\/secure.gravatar.com\/avatar\/5964256d6c6957de3a3505278957e0fb2a35119ac47ea41827a65301213c810b?s=96&d=mm&r=g","contentUrl":"https:\/\/secure.gravatar.com\/avatar\/5964256d6c6957de3a3505278957e0fb2a35119ac47ea41827a65301213c810b?s=96&d=mm&r=g","caption":"Jacqueline ROTEN"}}]}},"_links":{"self":[{"href":"https:\/\/www.iemj.org\/de\/wp-json\/wp\/v2\/posts\/46731","targetHints":{"allow":["GET"]}}],"collection":[{"href":"https:\/\/www.iemj.org\/de\/wp-json\/wp\/v2\/posts"}],"about":[{"href":"https:\/\/www.iemj.org\/de\/wp-json\/wp\/v2\/types\/post"}],"author":[{"embeddable":true,"href":"https:\/\/www.iemj.org\/de\/wp-json\/wp\/v2\/users\/5"}],"replies":[{"embeddable":true,"href":"https:\/\/www.iemj.org\/de\/wp-json\/wp\/v2\/comments?post=46731"}],"version-history":[{"count":0,"href":"https:\/\/www.iemj.org\/de\/wp-json\/wp\/v2\/posts\/46731\/revisions"}],"wp:featuredmedia":[{"embeddable":true,"href":"https:\/\/www.iemj.org\/de\/wp-json\/wp\/v2\/media\/46732"}],"wp:attachment":[{"href":"https:\/\/www.iemj.org\/de\/wp-json\/wp\/v2\/media?parent=46731"}],"wp:term":[{"taxonomy":"category","embeddable":true,"href":"https:\/\/www.iemj.org\/de\/wp-json\/wp\/v2\/categories?post=46731"},{"taxonomy":"post_tag","embeddable":true,"href":"https:\/\/www.iemj.org\/de\/wp-json\/wp\/v2\/tags?post=46731"},{"taxonomy":"technique","embeddable":true,"href":"https:\/\/www.iemj.org\/de\/wp-json\/wp\/v2\/technique?post=46731"},{"taxonomy":"squelettes","embeddable":true,"href":"https:\/\/www.iemj.org\/de\/wp-json\/wp\/v2\/squelettes?post=46731"},{"taxonomy":"sujet","embeddable":true,"href":"https:\/\/www.iemj.org\/de\/wp-json\/wp\/v2\/sujet?post=46731"},{"taxonomy":"formation","embeddable":true,"href":"https:\/\/www.iemj.org\/de\/wp-json\/wp\/v2\/formation?post=46731"},{"taxonomy":"genre","embeddable":true,"href":"https:\/\/www.iemj.org\/de\/wp-json\/wp\/v2\/genre?post=46731"},{"taxonomy":"fonds","embeddable":true,"href":"https:\/\/www.iemj.org\/de\/wp-json\/wp\/v2\/fonds?post=46731"},{"taxonomy":"tradition","embeddable":true,"href":"https:\/\/www.iemj.org\/de\/wp-json\/wp\/v2\/tradition?post=46731"},{"taxonomy":"type-de-contenu","embeddable":true,"href":"https:\/\/www.iemj.org\/de\/wp-json\/wp\/v2\/type-de-contenu?post=46731"},{"taxonomy":"interprete-compositeur","embeddable":true,"href":"https:\/\/www.iemj.org\/de\/wp-json\/wp\/v2\/interprete-compositeur?post=46731"},{"taxonomy":"frise","embeddable":true,"href":"https:\/\/www.iemj.org\/de\/wp-json\/wp\/v2\/frise?post=46731"},{"taxonomy":"type-devenement","embeddable":true,"href":"https:\/\/www.iemj.org\/de\/wp-json\/wp\/v2\/type-devenement?post=46731"},{"taxonomy":"tableaux-liens-externes","embeddable":true,"href":"https:\/\/www.iemj.org\/de\/wp-json\/wp\/v2\/tableaux-liens-externes?post=46731"}],"curies":[{"name":"wp","href":"https:\/\/api.w.org\/{rel}","templated":true}]}}