{"id":46805,"date":"2019-06-11T09:57:55","date_gmt":"2019-06-11T07:57:55","guid":{"rendered":"https:\/\/www.iemj.org\/concert-de-gala-de-liemj-5e-edition-de-la-synagogue-a-lopera-jacques-offenbach-et-ses-proches\/"},"modified":"2021-06-06T13:36:30","modified_gmt":"2021-06-06T11:36:30","slug":"concert-de-gala-de-liemj-5e-edition-de-la-synagogue-a-lopera-jacques-offenbach-et-ses-proches","status":"publish","type":"post","link":"https:\/\/www.iemj.org\/de\/concert-de-gala-de-liemj-5e-edition-de-la-synagogue-a-lopera-jacques-offenbach-et-ses-proches\/","title":{"rendered":"GALAKONZERT DES EUROP\u00c4ISCHEN INSTITUTS F\u00dcR J\u00dcDISCHE MUSIK \u2013 5. AUSGABE &#8211; JACQUES OFFENBACH UND FREUNDE"},"content":{"rendered":"<p>\u00a0<\/p>\n<h2 style=\"text-align: center;\">SONNTAG, 17. NOVEMBER 2019, um 17:30<\/h2>\n<h2 style=\"text-align: center;\">Salle Cortot &#8211; 78 rue Cardinet, 75017 Paris<\/h2>\n<p>\u00a0<\/p>\n<h2>Von der Synagoge zur Oper: Jacques Offenbach und Freunde<\/h2>\n<center><\/center>\n<p>\u00a0<\/p>\n<h3 style=\"text-align: center;\">Hebr\u00e4ische Originalwerke von Isaac und Jacques Offenbach, Jacques Fromental Hal\u00e9vy, Giacomo Meyerbeer, Jules Erlanger und Emile Jonas<\/h3>\n<center>\n<p>\u00a0<\/p>\n<h3>Ensemble La Truite Lyrique unter der Leitung von Hector Sabo<\/h3>\n<p>\u00a0<\/p>\n<\/center>\n<p><!--more--><\/p>\n<p>Nur wenige Musikliebhaber wissen, da\u00df <a href=\"https:\/\/www.iemj.org\/offenbach-jacques-1819-1880\/\">Jacques Offenbach<\/a>, von Rossini &#8222;der Mozart der Champs Elys\u00e9es&#8220; genannt, einen Teil seiner musikalischen Inspiration aus dem Synagogengesang bezog, den er als Kind von seinem Vater Isaac Offenbach (1779-1850), Musiker, Kantor und Komponist religi\u00f6ser Musik in der K\u00f6lner Synagoge, in Deutschland lernte. Bei seiner Ankunft in Paris 1833 und w\u00e4hrend seiner gesamten Laufbahn arbeitete Jacques Offenbach (1819-1880) mit anderen Komponisten zusammen, die sich wie er von der sakralen Synagogenmusik zur lyrischen Kunst auf hohem Niveau entwickelten, die die Pariser Szene des 19. Jahrhunderts \u00fcberrollte.<\/p>\n<p>Anl\u00e4sslich des zweihundertsten Geburtstages von Jacques Offenbach pr\u00e4sentiert das 5. Galakonzert des Europ\u00e4ischen Instituts f\u00fcr J\u00fcdische Musik am 17. November 2019 um 17.30 Uhr in der Salle Cortot (Paris) ein originelles Programm mit dem Titel: &#8222;Von der Synagoge zur Oper: Jacques Offenbach und Freunde&#8220;. Man wird mehrere synagogale Chor\u00e4le von Jacques und Isaac Offenbach h\u00f6ren, sowie originale oder unbekannte hebr\u00e4ische Werke von mit ihm befreundeten Komponisten, wie <a href=\"https:\/\/www.iemj.org\/halevy-jacques-francois-fromental-elie-1799-1862\/\">Jacques Fromental Hal\u00e9vy<\/a> (Pariser Sch\u00f6pfung von De profundis \/ Mimaamakim, 1820 von Ludwig XVIII. zum Tod seines Neffen, des Herzogs von Berry, in Auftrag gegeben), Giacomo Meyerbeer, Jules Erlanger oder <a href=\"https:\/\/www.iemj.org\/jonas-emile-1827-1905\/\">\u00c9mile Jonas<\/a>.<\/p>\n<p>Vom Podium der Synagoge bis zur B\u00fchne der Oper oder Operette, von synagogalen Ges\u00e4ngen bis zu lyrischer und leichter Musik gibt es oft nur einen Tanzschritt&#8230;<\/p>\n<p>Konzert mit anschlie\u00dfendem Umtrunk mit den K\u00fcnstlern (nur f\u00fcr die silbernen und goldenen Tickets).<\/p>\n<p><strong>Geb\u00fchren:<\/strong> 15 \u20ac* &#8211; 25 \u20ac &#8211; 50 \u20ac** &#8211; 100 \u20ac** &#8211; 200 \u20ac**<br \/>* Geb\u00fchr f\u00fcr Mitglieder der EIJM mit ihrer aktualisierten Mitgliedschaft (begrenzte Anzahl von Eintrittskarten) &#8211; Erh\u00e4ltlich nur per Bankscheck, bestellt bei IEMJ, 29 rue Marcel Duchamp &#8211; 75013 Paris<br \/>** mit Quittung Cerfa auf dem Spendenteil, der dem Preis der Eintrittskarte minus 15 \u20ac entspricht<br \/>(Beispiel : f\u00fcr ein Ticket von 100 \u20ac wird eine Cerfa-Quittung von 85 \u20ac ausgestellt)<\/p>\n<p><span style=\"font-size: x-large;\">Kaufen Sie Ihre Eintrittskarten im <strong><a href=\"https:\/\/www.iemj.org\/en\/?post_type=product&amp;p=1411\">online Shop<\/a><\/strong><\/span><\/p>\n<p><strong>Praktische Informationen:<\/strong><br \/><strong>SALLE CORTOT<\/strong>, Ecole Normale de Musique de Paris, 78 rue Cardinet, 75017 Paris<br \/>T\u00e9l : (0)1 47 63 47 48<br \/><a href=\"salle.cortot@ecolenormalecortot.com\">salle.cortot@ecolenormalecortot.com<\/a><br \/><a href=\"http:\/\/www.sallecortot.com\/\">http:\/\/www.sallecortot.com\/<\/a><br \/><a href=\"http:\/\/www.sallecortot.com\/infos_pratiques.htm\">http:\/\/www.sallecortot.com\/infos_pratiques.htm<\/a><\/p>\n<p><strong>Zugang:<\/strong><br \/>Metro : Linie 3, Station Malesherbes | Linie 2, Station Monceau<br \/>Bus: Linien 31, 94 | Auto: Parkplatz Villiers, 14 avenue de Villiers | Taxi: Haltestelle bei 155 bd Malesherbes<br \/>V\u00e9lib&#8216; : 64 rue de Tocqueville oder 20 rue de Phalsbourg<\/p>\n<p><a href=\"https:\/\/www.iemj.org\/wp-content\/uploads\/2019\/06\/communique_de_presse_gala_iemj_2019.pdf\">Download das Programm des Vorabkonzerts herunter (auf Franz\u00f6sisch)<\/a><\/p>\n<p><a href=\"https:\/\/www.iemj.org\/wp-content\/uploads\/2019\/10\/flyer_gala_iemj_2019_pdf_v_light.pdf\">Download des flyer<\/a><\/p>\n<p><a href=\"https:\/\/www.iemj.org\/de\/spende-machen\/\" target=\"_blank\" rel=\"noopener\"><img decoding=\"async\" class=\"alignleft wp-image-14687 size-full\" src=\"https:\/\/www.iemj.org\/wp-content\/uploads\/2017\/07\/logo_faire_un_don-2.jpg\" alt=\"logo_faire_un_don-2.jpg\" width=\"132\" height=\"62\" align=\"left\" \/><\/a><a href=\"https:\/\/www.iemj.org\/de\/spende-machen\/\">Sie k\u00f6nnen das Europ\u00e4ische Institut f\u00fcr J\u00fcdische Musik auch mit einer Online-Spende unterst\u00fctzen<\/a> (Eine Cerfa-Quittung wird zugestellt)<\/p>\n<h2>\u00a0<\/h2>\n<h2><a href=\"https:\/\/www.iemj.org\/de\/videos-du-concert-de-gala-de-linstitut-europeen-des-musiques-juives-edition-2019\/\" target=\"_blank\" rel=\"noopener\"><strong>Videoausschnitte aus dem Konzert ansehen<\/strong><\/a><\/h2>\n\n\n<p><\/p>\n","protected":false},"excerpt":{"rendered":"<p>\u00a0 SONNTAG, 17. NOVEMBER 2019, um 17:30 Salle Cortot &#8211; 78 rue Cardinet, 75017 Paris \u00a0 Von der Synagoge zur Oper: Jacques Offenbach und Freunde \u00a0 Hebr\u00e4ische Originalwerke von Isaac<\/p>\n","protected":false},"author":5,"featured_media":46785,"comment_status":"closed","ping_status":"open","sticky":false,"template":"","format":"standard","meta":{"_acf_changed":false,"footnotes":""},"categories":[1378,1370],"tags":[2225],"technique":[],"squelettes":[],"sujet":[],"formation":[],"genre":[],"fonds":[],"tradition":[],"type-de-contenu":[],"interprete-compositeur":[],"frise":[],"type-devenement":[],"tableaux-liens-externes":[],"class_list":["post-46805","post","type-post","status-publish","format-standard","has-post-thumbnail","hentry","category-konzerte-veranstaltungen-de","category-veranstaltungen-de","tag-veranstaltungen-iemj-de"],"acf":[],"yoast_head":"<!-- This site is optimized with the Yoast SEO plugin v27.3 - https:\/\/yoast.com\/product\/yoast-seo-wordpress\/ -->\n<title>GALAKONZERT DES EUROP\u00c4ISCHEN INSTITUTS F\u00dcR J\u00dcDISCHE MUSIK \u2013 5. AUSGABE - JACQUES OFFENBACH UND FREUNDE - Institut Europ\u00e9en des Musiques Juives<\/title>\n<meta name=\"robots\" content=\"index, follow, max-snippet:-1, max-image-preview:large, max-video-preview:-1\" \/>\n<link rel=\"canonical\" href=\"https:\/\/www.iemj.org\/de\/concert-de-gala-de-liemj-5e-edition-de-la-synagogue-a-lopera-jacques-offenbach-et-ses-proches\/\" \/>\n<meta property=\"og:locale\" content=\"de_DE\" \/>\n<meta property=\"og:type\" content=\"article\" \/>\n<meta property=\"og:title\" content=\"GALAKONZERT DES EUROP\u00c4ISCHEN INSTITUTS F\u00dcR J\u00dcDISCHE MUSIK \u2013 5. AUSGABE - JACQUES OFFENBACH UND FREUNDE - Institut Europ\u00e9en des Musiques Juives\" \/>\n<meta property=\"og:description\" content=\"\u00a0 SONNTAG, 17. NOVEMBER 2019, um 17:30 Salle Cortot &#8211; 78 rue Cardinet, 75017 Paris \u00a0 Von der Synagoge zur Oper: Jacques Offenbach und Freunde \u00a0 Hebr\u00e4ische Originalwerke von Isaac\" \/>\n<meta property=\"og:url\" content=\"https:\/\/www.iemj.org\/de\/concert-de-gala-de-liemj-5e-edition-de-la-synagogue-a-lopera-jacques-offenbach-et-ses-proches\/\" \/>\n<meta property=\"og:site_name\" content=\"Institut Europ\u00e9en des Musiques Juives\" \/>\n<meta property=\"article:publisher\" content=\"https:\/\/www.facebook.com\/MusiquesJuives\/\" \/>\n<meta property=\"article:published_time\" content=\"2019-06-11T07:57:55+00:00\" \/>\n<meta property=\"article:modified_time\" content=\"2021-06-06T11:36:30+00:00\" \/>\n<meta property=\"og:image\" content=\"https:\/\/www.iemj.org\/wp-content\/uploads\/2019\/06\/arton4205-e1622973269763.jpg\" \/>\n\t<meta property=\"og:image:width\" content=\"350\" \/>\n\t<meta property=\"og:image:height\" content=\"493\" \/>\n\t<meta property=\"og:image:type\" content=\"image\/jpeg\" \/>\n<meta name=\"author\" content=\"Jacqueline ROTEN\" \/>\n<meta name=\"twitter:card\" content=\"summary_large_image\" \/>\n<meta name=\"twitter:label1\" content=\"Verfasst von\" \/>\n\t<meta name=\"twitter:data1\" content=\"Jacqueline ROTEN\" \/>\n\t<meta name=\"twitter:label2\" content=\"Gesch\u00e4tzte Lesezeit\" \/>\n\t<meta name=\"twitter:data2\" content=\"3\u00a0Minuten\" \/>\n<script type=\"application\/ld+json\" class=\"yoast-schema-graph\">{\"@context\":\"https:\\\/\\\/schema.org\",\"@graph\":[{\"@type\":\"Article\",\"@id\":\"https:\\\/\\\/www.iemj.org\\\/de\\\/concert-de-gala-de-liemj-5e-edition-de-la-synagogue-a-lopera-jacques-offenbach-et-ses-proches\\\/#article\",\"isPartOf\":{\"@id\":\"https:\\\/\\\/www.iemj.org\\\/de\\\/concert-de-gala-de-liemj-5e-edition-de-la-synagogue-a-lopera-jacques-offenbach-et-ses-proches\\\/\"},\"author\":{\"name\":\"Jacqueline ROTEN\",\"@id\":\"https:\\\/\\\/www.iemj.org\\\/de\\\/#\\\/schema\\\/person\\\/358e26c18aca017fcc4cc15437f7279c\"},\"headline\":\"GALAKONZERT DES EUROP\u00c4ISCHEN INSTITUTS F\u00dcR J\u00dcDISCHE MUSIK \u2013 5. AUSGABE &#8211; JACQUES OFFENBACH UND FREUNDE\",\"datePublished\":\"2019-06-11T07:57:55+00:00\",\"dateModified\":\"2021-06-06T11:36:30+00:00\",\"mainEntityOfPage\":{\"@id\":\"https:\\\/\\\/www.iemj.org\\\/de\\\/concert-de-gala-de-liemj-5e-edition-de-la-synagogue-a-lopera-jacques-offenbach-et-ses-proches\\\/\"},\"wordCount\":464,\"publisher\":{\"@id\":\"https:\\\/\\\/www.iemj.org\\\/de\\\/#organization\"},\"image\":{\"@id\":\"https:\\\/\\\/www.iemj.org\\\/de\\\/concert-de-gala-de-liemj-5e-edition-de-la-synagogue-a-lopera-jacques-offenbach-et-ses-proches\\\/#primaryimage\"},\"thumbnailUrl\":\"https:\\\/\\\/www.iemj.org\\\/wp-content\\\/uploads\\\/2019\\\/06\\\/arton4205-e1622973269763.jpg\",\"keywords\":[\"Veranstaltungen IEMJ\"],\"articleSection\":[\"Konzerte\",\"Veranstaltungen\"],\"inLanguage\":\"de\"},{\"@type\":\"WebPage\",\"@id\":\"https:\\\/\\\/www.iemj.org\\\/de\\\/concert-de-gala-de-liemj-5e-edition-de-la-synagogue-a-lopera-jacques-offenbach-et-ses-proches\\\/\",\"url\":\"https:\\\/\\\/www.iemj.org\\\/de\\\/concert-de-gala-de-liemj-5e-edition-de-la-synagogue-a-lopera-jacques-offenbach-et-ses-proches\\\/\",\"name\":\"GALAKONZERT DES EUROP\u00c4ISCHEN INSTITUTS F\u00dcR J\u00dcDISCHE MUSIK \u2013 5. AUSGABE - JACQUES OFFENBACH UND FREUNDE - Institut Europ\u00e9en des Musiques Juives\",\"isPartOf\":{\"@id\":\"https:\\\/\\\/www.iemj.org\\\/de\\\/#website\"},\"primaryImageOfPage\":{\"@id\":\"https:\\\/\\\/www.iemj.org\\\/de\\\/concert-de-gala-de-liemj-5e-edition-de-la-synagogue-a-lopera-jacques-offenbach-et-ses-proches\\\/#primaryimage\"},\"image\":{\"@id\":\"https:\\\/\\\/www.iemj.org\\\/de\\\/concert-de-gala-de-liemj-5e-edition-de-la-synagogue-a-lopera-jacques-offenbach-et-ses-proches\\\/#primaryimage\"},\"thumbnailUrl\":\"https:\\\/\\\/www.iemj.org\\\/wp-content\\\/uploads\\\/2019\\\/06\\\/arton4205-e1622973269763.jpg\",\"datePublished\":\"2019-06-11T07:57:55+00:00\",\"dateModified\":\"2021-06-06T11:36:30+00:00\",\"breadcrumb\":{\"@id\":\"https:\\\/\\\/www.iemj.org\\\/de\\\/concert-de-gala-de-liemj-5e-edition-de-la-synagogue-a-lopera-jacques-offenbach-et-ses-proches\\\/#breadcrumb\"},\"inLanguage\":\"de\",\"potentialAction\":[{\"@type\":\"ReadAction\",\"target\":[\"https:\\\/\\\/www.iemj.org\\\/de\\\/concert-de-gala-de-liemj-5e-edition-de-la-synagogue-a-lopera-jacques-offenbach-et-ses-proches\\\/\"]}]},{\"@type\":\"ImageObject\",\"inLanguage\":\"de\",\"@id\":\"https:\\\/\\\/www.iemj.org\\\/de\\\/concert-de-gala-de-liemj-5e-edition-de-la-synagogue-a-lopera-jacques-offenbach-et-ses-proches\\\/#primaryimage\",\"url\":\"https:\\\/\\\/www.iemj.org\\\/wp-content\\\/uploads\\\/2019\\\/06\\\/arton4205-e1622973269763.jpg\",\"contentUrl\":\"https:\\\/\\\/www.iemj.org\\\/wp-content\\\/uploads\\\/2019\\\/06\\\/arton4205-e1622973269763.jpg\",\"width\":350,\"height\":493,\"caption\":\"Affiche concert gala IEMJ 2019\"},{\"@type\":\"BreadcrumbList\",\"@id\":\"https:\\\/\\\/www.iemj.org\\\/de\\\/concert-de-gala-de-liemj-5e-edition-de-la-synagogue-a-lopera-jacques-offenbach-et-ses-proches\\\/#breadcrumb\",\"itemListElement\":[{\"@type\":\"ListItem\",\"position\":1,\"name\":\"Accueil\",\"item\":\"https:\\\/\\\/www.iemj.org\\\/de\\\/\"},{\"@type\":\"ListItem\",\"position\":2,\"name\":\"GALAKONZERT DES EUROP\u00c4ISCHEN INSTITUTS F\u00dcR J\u00dcDISCHE MUSIK \u2013 5. AUSGABE &#8211; JACQUES OFFENBACH UND FREUNDE\"}]},{\"@type\":\"WebSite\",\"@id\":\"https:\\\/\\\/www.iemj.org\\\/de\\\/#website\",\"url\":\"https:\\\/\\\/www.iemj.org\\\/de\\\/\",\"name\":\"Institut Europ\u00e9en des Musiques Juives\",\"description\":\"Des traditions musicales \u00e0 la port\u00e9e de tous\",\"publisher\":{\"@id\":\"https:\\\/\\\/www.iemj.org\\\/de\\\/#organization\"},\"potentialAction\":[{\"@type\":\"SearchAction\",\"target\":{\"@type\":\"EntryPoint\",\"urlTemplate\":\"https:\\\/\\\/www.iemj.org\\\/de\\\/?s={search_term_string}\"},\"query-input\":{\"@type\":\"PropertyValueSpecification\",\"valueRequired\":true,\"valueName\":\"search_term_string\"}}],\"inLanguage\":\"de\"},{\"@type\":\"Organization\",\"@id\":\"https:\\\/\\\/www.iemj.org\\\/de\\\/#organization\",\"name\":\"Institut Europ\u00e9en des Musiques Juives\",\"url\":\"https:\\\/\\\/www.iemj.org\\\/de\\\/\",\"logo\":{\"@type\":\"ImageObject\",\"inLanguage\":\"de\",\"@id\":\"https:\\\/\\\/www.iemj.org\\\/de\\\/#\\\/schema\\\/logo\\\/image\\\/\",\"url\":\"https:\\\/\\\/www.iemj.org\\\/wp-content\\\/uploads\\\/2021\\\/09\\\/Logo-IEMJ-Paypal.jpg\",\"contentUrl\":\"https:\\\/\\\/www.iemj.org\\\/wp-content\\\/uploads\\\/2021\\\/09\\\/Logo-IEMJ-Paypal.jpg\",\"width\":150,\"height\":50,\"caption\":\"Institut Europ\u00e9en des Musiques Juives\"},\"image\":{\"@id\":\"https:\\\/\\\/www.iemj.org\\\/de\\\/#\\\/schema\\\/logo\\\/image\\\/\"},\"sameAs\":[\"https:\\\/\\\/www.facebook.com\\\/MusiquesJuives\\\/\",\"https:\\\/\\\/www.instagram.com\\\/musiquesjuives\\\/\",\"https:\\\/\\\/www.youtube.com\\\/user\\\/musiquesjuives\"]},{\"@type\":\"Person\",\"@id\":\"https:\\\/\\\/www.iemj.org\\\/de\\\/#\\\/schema\\\/person\\\/358e26c18aca017fcc4cc15437f7279c\",\"name\":\"Jacqueline ROTEN\",\"image\":{\"@type\":\"ImageObject\",\"inLanguage\":\"de\",\"@id\":\"https:\\\/\\\/secure.gravatar.com\\\/avatar\\\/5964256d6c6957de3a3505278957e0fb2a35119ac47ea41827a65301213c810b?s=96&d=mm&r=g\",\"url\":\"https:\\\/\\\/secure.gravatar.com\\\/avatar\\\/5964256d6c6957de3a3505278957e0fb2a35119ac47ea41827a65301213c810b?s=96&d=mm&r=g\",\"contentUrl\":\"https:\\\/\\\/secure.gravatar.com\\\/avatar\\\/5964256d6c6957de3a3505278957e0fb2a35119ac47ea41827a65301213c810b?s=96&d=mm&r=g\",\"caption\":\"Jacqueline ROTEN\"}}]}<\/script>\n<!-- \/ Yoast SEO plugin. -->","yoast_head_json":{"title":"GALAKONZERT DES EUROP\u00c4ISCHEN INSTITUTS F\u00dcR J\u00dcDISCHE MUSIK \u2013 5. AUSGABE - JACQUES OFFENBACH UND FREUNDE - Institut Europ\u00e9en des Musiques Juives","robots":{"index":"index","follow":"follow","max-snippet":"max-snippet:-1","max-image-preview":"max-image-preview:large","max-video-preview":"max-video-preview:-1"},"canonical":"https:\/\/www.iemj.org\/de\/concert-de-gala-de-liemj-5e-edition-de-la-synagogue-a-lopera-jacques-offenbach-et-ses-proches\/","og_locale":"de_DE","og_type":"article","og_title":"GALAKONZERT DES EUROP\u00c4ISCHEN INSTITUTS F\u00dcR J\u00dcDISCHE MUSIK \u2013 5. AUSGABE - JACQUES OFFENBACH UND FREUNDE - Institut Europ\u00e9en des Musiques Juives","og_description":"\u00a0 SONNTAG, 17. NOVEMBER 2019, um 17:30 Salle Cortot &#8211; 78 rue Cardinet, 75017 Paris \u00a0 Von der Synagoge zur Oper: Jacques Offenbach und Freunde \u00a0 Hebr\u00e4ische Originalwerke von Isaac","og_url":"https:\/\/www.iemj.org\/de\/concert-de-gala-de-liemj-5e-edition-de-la-synagogue-a-lopera-jacques-offenbach-et-ses-proches\/","og_site_name":"Institut Europ\u00e9en des Musiques Juives","article_publisher":"https:\/\/www.facebook.com\/MusiquesJuives\/","article_published_time":"2019-06-11T07:57:55+00:00","article_modified_time":"2021-06-06T11:36:30+00:00","og_image":[{"width":350,"height":493,"url":"https:\/\/www.iemj.org\/wp-content\/uploads\/2019\/06\/arton4205-e1622973269763.jpg","type":"image\/jpeg"}],"author":"Jacqueline ROTEN","twitter_card":"summary_large_image","twitter_misc":{"Verfasst von":"Jacqueline ROTEN","Gesch\u00e4tzte Lesezeit":"3\u00a0Minuten"},"schema":{"@context":"https:\/\/schema.org","@graph":[{"@type":"Article","@id":"https:\/\/www.iemj.org\/de\/concert-de-gala-de-liemj-5e-edition-de-la-synagogue-a-lopera-jacques-offenbach-et-ses-proches\/#article","isPartOf":{"@id":"https:\/\/www.iemj.org\/de\/concert-de-gala-de-liemj-5e-edition-de-la-synagogue-a-lopera-jacques-offenbach-et-ses-proches\/"},"author":{"name":"Jacqueline ROTEN","@id":"https:\/\/www.iemj.org\/de\/#\/schema\/person\/358e26c18aca017fcc4cc15437f7279c"},"headline":"GALAKONZERT DES EUROP\u00c4ISCHEN INSTITUTS F\u00dcR J\u00dcDISCHE MUSIK \u2013 5. AUSGABE &#8211; JACQUES OFFENBACH UND FREUNDE","datePublished":"2019-06-11T07:57:55+00:00","dateModified":"2021-06-06T11:36:30+00:00","mainEntityOfPage":{"@id":"https:\/\/www.iemj.org\/de\/concert-de-gala-de-liemj-5e-edition-de-la-synagogue-a-lopera-jacques-offenbach-et-ses-proches\/"},"wordCount":464,"publisher":{"@id":"https:\/\/www.iemj.org\/de\/#organization"},"image":{"@id":"https:\/\/www.iemj.org\/de\/concert-de-gala-de-liemj-5e-edition-de-la-synagogue-a-lopera-jacques-offenbach-et-ses-proches\/#primaryimage"},"thumbnailUrl":"https:\/\/www.iemj.org\/wp-content\/uploads\/2019\/06\/arton4205-e1622973269763.jpg","keywords":["Veranstaltungen IEMJ"],"articleSection":["Konzerte","Veranstaltungen"],"inLanguage":"de"},{"@type":"WebPage","@id":"https:\/\/www.iemj.org\/de\/concert-de-gala-de-liemj-5e-edition-de-la-synagogue-a-lopera-jacques-offenbach-et-ses-proches\/","url":"https:\/\/www.iemj.org\/de\/concert-de-gala-de-liemj-5e-edition-de-la-synagogue-a-lopera-jacques-offenbach-et-ses-proches\/","name":"GALAKONZERT DES EUROP\u00c4ISCHEN INSTITUTS F\u00dcR J\u00dcDISCHE MUSIK \u2013 5. AUSGABE - JACQUES OFFENBACH UND FREUNDE - Institut Europ\u00e9en des Musiques Juives","isPartOf":{"@id":"https:\/\/www.iemj.org\/de\/#website"},"primaryImageOfPage":{"@id":"https:\/\/www.iemj.org\/de\/concert-de-gala-de-liemj-5e-edition-de-la-synagogue-a-lopera-jacques-offenbach-et-ses-proches\/#primaryimage"},"image":{"@id":"https:\/\/www.iemj.org\/de\/concert-de-gala-de-liemj-5e-edition-de-la-synagogue-a-lopera-jacques-offenbach-et-ses-proches\/#primaryimage"},"thumbnailUrl":"https:\/\/www.iemj.org\/wp-content\/uploads\/2019\/06\/arton4205-e1622973269763.jpg","datePublished":"2019-06-11T07:57:55+00:00","dateModified":"2021-06-06T11:36:30+00:00","breadcrumb":{"@id":"https:\/\/www.iemj.org\/de\/concert-de-gala-de-liemj-5e-edition-de-la-synagogue-a-lopera-jacques-offenbach-et-ses-proches\/#breadcrumb"},"inLanguage":"de","potentialAction":[{"@type":"ReadAction","target":["https:\/\/www.iemj.org\/de\/concert-de-gala-de-liemj-5e-edition-de-la-synagogue-a-lopera-jacques-offenbach-et-ses-proches\/"]}]},{"@type":"ImageObject","inLanguage":"de","@id":"https:\/\/www.iemj.org\/de\/concert-de-gala-de-liemj-5e-edition-de-la-synagogue-a-lopera-jacques-offenbach-et-ses-proches\/#primaryimage","url":"https:\/\/www.iemj.org\/wp-content\/uploads\/2019\/06\/arton4205-e1622973269763.jpg","contentUrl":"https:\/\/www.iemj.org\/wp-content\/uploads\/2019\/06\/arton4205-e1622973269763.jpg","width":350,"height":493,"caption":"Affiche concert gala IEMJ 2019"},{"@type":"BreadcrumbList","@id":"https:\/\/www.iemj.org\/de\/concert-de-gala-de-liemj-5e-edition-de-la-synagogue-a-lopera-jacques-offenbach-et-ses-proches\/#breadcrumb","itemListElement":[{"@type":"ListItem","position":1,"name":"Accueil","item":"https:\/\/www.iemj.org\/de\/"},{"@type":"ListItem","position":2,"name":"GALAKONZERT DES EUROP\u00c4ISCHEN INSTITUTS F\u00dcR J\u00dcDISCHE MUSIK \u2013 5. AUSGABE &#8211; JACQUES OFFENBACH UND FREUNDE"}]},{"@type":"WebSite","@id":"https:\/\/www.iemj.org\/de\/#website","url":"https:\/\/www.iemj.org\/de\/","name":"Institut Europ\u00e9en des Musiques Juives","description":"Des traditions musicales \u00e0 la port\u00e9e de tous","publisher":{"@id":"https:\/\/www.iemj.org\/de\/#organization"},"potentialAction":[{"@type":"SearchAction","target":{"@type":"EntryPoint","urlTemplate":"https:\/\/www.iemj.org\/de\/?s={search_term_string}"},"query-input":{"@type":"PropertyValueSpecification","valueRequired":true,"valueName":"search_term_string"}}],"inLanguage":"de"},{"@type":"Organization","@id":"https:\/\/www.iemj.org\/de\/#organization","name":"Institut Europ\u00e9en des Musiques Juives","url":"https:\/\/www.iemj.org\/de\/","logo":{"@type":"ImageObject","inLanguage":"de","@id":"https:\/\/www.iemj.org\/de\/#\/schema\/logo\/image\/","url":"https:\/\/www.iemj.org\/wp-content\/uploads\/2021\/09\/Logo-IEMJ-Paypal.jpg","contentUrl":"https:\/\/www.iemj.org\/wp-content\/uploads\/2021\/09\/Logo-IEMJ-Paypal.jpg","width":150,"height":50,"caption":"Institut Europ\u00e9en des Musiques Juives"},"image":{"@id":"https:\/\/www.iemj.org\/de\/#\/schema\/logo\/image\/"},"sameAs":["https:\/\/www.facebook.com\/MusiquesJuives\/","https:\/\/www.instagram.com\/musiquesjuives\/","https:\/\/www.youtube.com\/user\/musiquesjuives"]},{"@type":"Person","@id":"https:\/\/www.iemj.org\/de\/#\/schema\/person\/358e26c18aca017fcc4cc15437f7279c","name":"Jacqueline ROTEN","image":{"@type":"ImageObject","inLanguage":"de","@id":"https:\/\/secure.gravatar.com\/avatar\/5964256d6c6957de3a3505278957e0fb2a35119ac47ea41827a65301213c810b?s=96&d=mm&r=g","url":"https:\/\/secure.gravatar.com\/avatar\/5964256d6c6957de3a3505278957e0fb2a35119ac47ea41827a65301213c810b?s=96&d=mm&r=g","contentUrl":"https:\/\/secure.gravatar.com\/avatar\/5964256d6c6957de3a3505278957e0fb2a35119ac47ea41827a65301213c810b?s=96&d=mm&r=g","caption":"Jacqueline ROTEN"}}]}},"_links":{"self":[{"href":"https:\/\/www.iemj.org\/de\/wp-json\/wp\/v2\/posts\/46805","targetHints":{"allow":["GET"]}}],"collection":[{"href":"https:\/\/www.iemj.org\/de\/wp-json\/wp\/v2\/posts"}],"about":[{"href":"https:\/\/www.iemj.org\/de\/wp-json\/wp\/v2\/types\/post"}],"author":[{"embeddable":true,"href":"https:\/\/www.iemj.org\/de\/wp-json\/wp\/v2\/users\/5"}],"replies":[{"embeddable":true,"href":"https:\/\/www.iemj.org\/de\/wp-json\/wp\/v2\/comments?post=46805"}],"version-history":[{"count":0,"href":"https:\/\/www.iemj.org\/de\/wp-json\/wp\/v2\/posts\/46805\/revisions"}],"wp:featuredmedia":[{"embeddable":true,"href":"https:\/\/www.iemj.org\/de\/wp-json\/wp\/v2\/media\/46785"}],"wp:attachment":[{"href":"https:\/\/www.iemj.org\/de\/wp-json\/wp\/v2\/media?parent=46805"}],"wp:term":[{"taxonomy":"category","embeddable":true,"href":"https:\/\/www.iemj.org\/de\/wp-json\/wp\/v2\/categories?post=46805"},{"taxonomy":"post_tag","embeddable":true,"href":"https:\/\/www.iemj.org\/de\/wp-json\/wp\/v2\/tags?post=46805"},{"taxonomy":"technique","embeddable":true,"href":"https:\/\/www.iemj.org\/de\/wp-json\/wp\/v2\/technique?post=46805"},{"taxonomy":"squelettes","embeddable":true,"href":"https:\/\/www.iemj.org\/de\/wp-json\/wp\/v2\/squelettes?post=46805"},{"taxonomy":"sujet","embeddable":true,"href":"https:\/\/www.iemj.org\/de\/wp-json\/wp\/v2\/sujet?post=46805"},{"taxonomy":"formation","embeddable":true,"href":"https:\/\/www.iemj.org\/de\/wp-json\/wp\/v2\/formation?post=46805"},{"taxonomy":"genre","embeddable":true,"href":"https:\/\/www.iemj.org\/de\/wp-json\/wp\/v2\/genre?post=46805"},{"taxonomy":"fonds","embeddable":true,"href":"https:\/\/www.iemj.org\/de\/wp-json\/wp\/v2\/fonds?post=46805"},{"taxonomy":"tradition","embeddable":true,"href":"https:\/\/www.iemj.org\/de\/wp-json\/wp\/v2\/tradition?post=46805"},{"taxonomy":"type-de-contenu","embeddable":true,"href":"https:\/\/www.iemj.org\/de\/wp-json\/wp\/v2\/type-de-contenu?post=46805"},{"taxonomy":"interprete-compositeur","embeddable":true,"href":"https:\/\/www.iemj.org\/de\/wp-json\/wp\/v2\/interprete-compositeur?post=46805"},{"taxonomy":"frise","embeddable":true,"href":"https:\/\/www.iemj.org\/de\/wp-json\/wp\/v2\/frise?post=46805"},{"taxonomy":"type-devenement","embeddable":true,"href":"https:\/\/www.iemj.org\/de\/wp-json\/wp\/v2\/type-devenement?post=46805"},{"taxonomy":"tableaux-liens-externes","embeddable":true,"href":"https:\/\/www.iemj.org\/de\/wp-json\/wp\/v2\/tableaux-liens-externes?post=46805"}],"curies":[{"name":"wp","href":"https:\/\/api.w.org\/{rel}","templated":true}]}}