{"id":48748,"date":"2016-05-25T15:02:22","date_gmt":"2016-05-25T13:02:22","guid":{"rendered":"https:\/\/www.iemj.org\/devenir-mecene\/"},"modified":"2021-06-14T12:17:04","modified_gmt":"2021-06-14T10:17:04","slug":"devenir-mecene","status":"publish","type":"post","link":"https:\/\/www.iemj.org\/de\/devenir-mecene\/","title":{"rendered":"F\u00d6RDERER WERDEN"},"content":{"rendered":"<p>Das Institut Europ\u00e9en des Musiques Juives hat sich die Forschung, F\u00f6rderung und Verbreitung des j\u00fcdischen Kulturerbe zum Ziel gesetzt. Das IEMJ strebt deshalb die Entwicklung langfristiger Partnerschaften mit verschiedenen europ\u00e4ischen musikalischen Netzwerken an.<\/p>\n<p>Um die Ziele unseres Instituts zu verwirklichen, ben\u00f6tigen wir Ihre Unterst\u00fctzung.<\/p>\n<p>Mit einer Beteiligung von 50\u20ac werden Sie <strong>Spender<\/strong>.<\/p>\n<p>Als ein solcher profitieren Sie von einem freien Zugang zur multimedialen Bibliothek, einer viertelj\u00e4hrlich erscheinenden Newsletter, durch welchen Sie Rabatte auf verschiedene Aktivit\u00e4ten erhalten, die unser Institut und seine Partner organisieren.<\/p>\n<p>Mit einer Beteiligung von 1000\u20ac werden Sie <strong>Stifter<\/strong>.<\/p>\n<p>Durch diesen Status werden Sie vom Mitgliedsbeitrag entbunden. Es wird Ihnen erm\u00f6glicht an Generalversammlungen teilzunehmen und somit aktiv Einfluss auf das Institut zu nehmen. Dar\u00fcber hinaus erhalten Sie freien Zugang zur Mediathek und eine viertelj\u00e4hrlich erscheinenden Newsletter, durch welchen Sie Rabatte auf verschiedene Aktivit\u00e4ten erhalten, die unser Institut und seine Partner organisieren.<\/p>\n<p>Mit einer Beteiligung von 10 000\u20ac werden Sie <strong>Ehrenmitglied<\/strong>.<\/p>\n<p>Durch diesen Status werden Sie vom Mitgliedsbeitrag entbunden. Es wird Ihnen erm\u00f6glicht an Generalversammlungen teilzunehmen und somit aktiv Einfluss auf das Institut zu nehmen. Dar\u00fcber hinaus erhalten Sie freien Zugang zur Mediathek und eine viertelj\u00e4hrlich erscheinenden Newsletter, durch welchen Sie Rabatte auf verschiedene Aktivit\u00e4ten erhalten, die unser Institut und seine Partner organisieren. Dar\u00fcber hinaus erscheint Ihr Name in allen Ver\u00f6ffentlichungen des Instituts, von denen Sie ein kostenloses Exemplar erhalten.<\/p>\n<p><a href=\"https:\/\/www.iemj.org\/wp-content\/uploads\/2015\/10\/don_iemj_formulaire_anglais.pdf\">Spendenformular herunterladen<\/a><\/p>\n<p>Partner des Institut Europ\u00e9en des Musiques Juives zu sein bedeutet:<\/p>\n<ul>\n<li>Die j\u00fcdische Musik Frankreichs zu f\u00f6rdern<\/li>\n<li>Sich an der Organisation von hochkar\u00e4tigen kulturellen Veranstaltungen zu beteiligen<\/li>\n<li>Steuerliche Vorteile und andere Privilegien zu erhalten<\/li>\n<\/ul>\n<h3>Unterst\u00fctzung<\/h3>\n<p>Durch die F\u00f6rderung des Institut Europ\u00e9en des Musiques Juives wird es Ihnen erm\u00f6glicht, sich aktiv an der Entwicklung und F\u00f6rderung des j\u00fcdischen Musikerbes zu beteiligen und gleichzeitig auch ihr beruflichen Kernkompetenzen und Ihr Know-How am Institut Europ\u00e9en des Musiques Juive einzubringen (etwa durch Hilfe beim Vertrieb, IT, usw.).<\/p>\n<ul>\n<li>Internetseite<\/li>\n<li>Erneuerung der Einrichtung der Mediathek<\/li>\n<li>Erneuerung des IT-Bestandes der Mediathek<\/li>\n<li>Einrichtung einer Plattform f\u00fcr multimediale Inhalte und Dokumente<\/li>\n<\/ul>\n<h3>Sichtbarkeit<\/h3>\n\n\n<p>Die Unterst\u00fctzung durch verschiedene Unternehmen, ist entscheidend f\u00fcr den Erfolg und die Langlebigkeit von kulturellen Projekten. Als F\u00f6rderer des Instituts Europ\u00e9en des Musiques Juives erh\u00f6ht Ihr Unternehmen seine Sichtbarkeit, durch die Vertretung Ihres Logos und Ihrer Marke auf all unseren Kommunikationsmitteln (Produkte, kulturelle Aktivit\u00e4ten). <\/p>\n\n\n<h3><strong data-rich-text-format-boundary=\"true\">Privilegien<\/strong><\/h3>\n<p>Die F\u00f6rderer erhalten bevorzugten Zugang zu den kulturellen Veranstaltungen des Instituts.<\/p>\n<p>Bemerkung: Eine Vereinsspende unterscheidet sich von einer Mitgliedschaft. Unabh\u00e4ngig von einer Spende, ist es m\u00f6glich Vereinsmitglied zu werden und sich an der Organisation des Instituts und seiner Aktivit\u00e4ten zu beteiligen.<\/p>\n<h3>Ein Projekt unterst\u00fctzen<\/h3>\n<p>Nach dem Gesetz vom 1. Juli 1901 ist das Institut Europ\u00e9en des Musiques Juives ein \u00f6ffentlicher Verein, der ausschlie\u00dflich durch Spenden und F\u00f6rdergelder finanziert wird. Um seine Ziele zu verfolgen, muss sich das Institut modernisieren, seine Sammlungen erweitern und regelm\u00e4\u00dfig neue kulturelle Projekte anbieten. Um sein vielf\u00e4ltiges Angebot zu erhalten, braucht das Institut Ihre Hilfe bei:<\/p>\n<ul>\n<li>Kulturellen Projekten: Beteiligen Sie sich an der Organisierung unseres kulturellen Programms<\/li>\n<li>Errungenschaften: Beteiligen sie sich an der Erweiterung unserer Datenbanken, an der Bereicherung unserer Sammlungen, einem Zeugnis der Vielf\u00e4ltigkeit des j\u00fcdischen Musikerbes, welches von j\u00fcdischen K\u00fcnstlern und Gemeinschaften \u00fcber die Jahrhunderte hinweg in Frankreich und der Welt erschaffen wurde.<\/li>\n<li>Digitalisierung und Katalogisierung: Die Einordnung, Katalogisierung und Digitalisierung unserer Archive sind die Grundlage der Arbeit unserer Freiwilligen. Die Digitalisierung dient sowohl der Erhaltung als auch der Verbreitung des j\u00fcdischen Musikerbes. Das Institut Europ\u00e9en des Musiques Juives hat erreicht, dass dieses Erbe einem gro\u00dfen Publikum zug\u00e4nglich gemacht werden konnte.<\/li>\n<\/ul>\n<p><a href=\"https:\/\/www.iemj.org\/wp-content\/uploads\/2015\/10\/don_iemj_formulaire_anglais.pdf\">Spendenformular herunterladen<\/a><\/p>","protected":false},"excerpt":{"rendered":"<p>Das Institut Europ\u00e9en des Musiques Juives hat sich die Forschung, F\u00f6rderung und Verbreitung des j\u00fcdischen Kulturerbe zum Ziel gesetzt. Das IEMJ strebt deshalb die Entwicklung langfristiger Partnerschaften mit verschiedenen europ\u00e4ischen<\/p>\n","protected":false},"author":5,"featured_media":48749,"comment_status":"closed","ping_status":"open","sticky":false,"template":"","format":"standard","meta":{"_acf_changed":false,"footnotes":""},"categories":[1623],"tags":[],"technique":[],"squelettes":[],"sujet":[],"formation":[],"genre":[],"fonds":[],"tradition":[],"type-de-contenu":[],"interprete-compositeur":[],"frise":[],"type-devenement":[],"tableaux-liens-externes":[],"class_list":["post-48748","post","type-post","status-publish","format-standard","has-post-thumbnail","hentry","category-uns-unterstutzen-de"],"acf":[],"yoast_head":"<!-- This site is optimized with the Yoast SEO plugin v27.3 - https:\/\/yoast.com\/product\/yoast-seo-wordpress\/ -->\n<title>F\u00d6RDERER WERDEN - Institut Europ\u00e9en des Musiques Juives<\/title>\n<meta name=\"robots\" content=\"index, follow, max-snippet:-1, max-image-preview:large, max-video-preview:-1\" \/>\n<link rel=\"canonical\" href=\"https:\/\/www.iemj.org\/de\/devenir-mecene\/\" \/>\n<meta property=\"og:locale\" content=\"de_DE\" \/>\n<meta property=\"og:type\" content=\"article\" \/>\n<meta property=\"og:title\" content=\"F\u00d6RDERER WERDEN - Institut Europ\u00e9en des Musiques Juives\" \/>\n<meta property=\"og:description\" content=\"Das Institut Europ\u00e9en des Musiques Juives hat sich die Forschung, F\u00f6rderung und Verbreitung des j\u00fcdischen Kulturerbe zum Ziel gesetzt. Das IEMJ strebt deshalb die Entwicklung langfristiger Partnerschaften mit verschiedenen europ\u00e4ischen\" \/>\n<meta property=\"og:url\" content=\"https:\/\/www.iemj.org\/de\/devenir-mecene\/\" \/>\n<meta property=\"og:site_name\" content=\"Institut Europ\u00e9en des Musiques Juives\" \/>\n<meta property=\"article:publisher\" content=\"https:\/\/www.facebook.com\/MusiquesJuives\/\" \/>\n<meta property=\"article:published_time\" content=\"2016-05-25T13:02:22+00:00\" \/>\n<meta property=\"article:modified_time\" content=\"2021-06-14T10:17:04+00:00\" \/>\n<meta property=\"og:image\" content=\"https:\/\/www.iemj.org\/wp-content\/uploads\/2016\/05\/arton1731.jpg\" \/>\n\t<meta property=\"og:image:width\" content=\"220\" \/>\n\t<meta property=\"og:image:height\" content=\"146\" \/>\n\t<meta property=\"og:image:type\" content=\"image\/jpeg\" \/>\n<meta name=\"author\" content=\"Jacqueline ROTEN\" \/>\n<meta name=\"twitter:card\" content=\"summary_large_image\" \/>\n<meta name=\"twitter:label1\" content=\"Verfasst von\" \/>\n\t<meta name=\"twitter:data1\" content=\"Jacqueline ROTEN\" \/>\n\t<meta name=\"twitter:label2\" content=\"Gesch\u00e4tzte Lesezeit\" \/>\n\t<meta name=\"twitter:data2\" content=\"3\u00a0Minuten\" \/>\n<script type=\"application\/ld+json\" class=\"yoast-schema-graph\">{\"@context\":\"https:\\\/\\\/schema.org\",\"@graph\":[{\"@type\":\"Article\",\"@id\":\"https:\\\/\\\/www.iemj.org\\\/de\\\/devenir-mecene\\\/#article\",\"isPartOf\":{\"@id\":\"https:\\\/\\\/www.iemj.org\\\/de\\\/devenir-mecene\\\/\"},\"author\":{\"name\":\"Jacqueline ROTEN\",\"@id\":\"https:\\\/\\\/www.iemj.org\\\/de\\\/#\\\/schema\\\/person\\\/358e26c18aca017fcc4cc15437f7279c\"},\"headline\":\"F\u00d6RDERER WERDEN\",\"datePublished\":\"2016-05-25T13:02:22+00:00\",\"dateModified\":\"2021-06-14T10:17:04+00:00\",\"mainEntityOfPage\":{\"@id\":\"https:\\\/\\\/www.iemj.org\\\/de\\\/devenir-mecene\\\/\"},\"wordCount\":620,\"publisher\":{\"@id\":\"https:\\\/\\\/www.iemj.org\\\/de\\\/#organization\"},\"image\":{\"@id\":\"https:\\\/\\\/www.iemj.org\\\/de\\\/devenir-mecene\\\/#primaryimage\"},\"thumbnailUrl\":\"https:\\\/\\\/www.iemj.org\\\/wp-content\\\/uploads\\\/2016\\\/05\\\/arton1731.jpg\",\"articleSection\":[\"Uns unterst\u00fctzen\"],\"inLanguage\":\"de\"},{\"@type\":\"WebPage\",\"@id\":\"https:\\\/\\\/www.iemj.org\\\/de\\\/devenir-mecene\\\/\",\"url\":\"https:\\\/\\\/www.iemj.org\\\/de\\\/devenir-mecene\\\/\",\"name\":\"F\u00d6RDERER WERDEN - Institut Europ\u00e9en des Musiques Juives\",\"isPartOf\":{\"@id\":\"https:\\\/\\\/www.iemj.org\\\/de\\\/#website\"},\"primaryImageOfPage\":{\"@id\":\"https:\\\/\\\/www.iemj.org\\\/de\\\/devenir-mecene\\\/#primaryimage\"},\"image\":{\"@id\":\"https:\\\/\\\/www.iemj.org\\\/de\\\/devenir-mecene\\\/#primaryimage\"},\"thumbnailUrl\":\"https:\\\/\\\/www.iemj.org\\\/wp-content\\\/uploads\\\/2016\\\/05\\\/arton1731.jpg\",\"datePublished\":\"2016-05-25T13:02:22+00:00\",\"dateModified\":\"2021-06-14T10:17:04+00:00\",\"breadcrumb\":{\"@id\":\"https:\\\/\\\/www.iemj.org\\\/de\\\/devenir-mecene\\\/#breadcrumb\"},\"inLanguage\":\"de\",\"potentialAction\":[{\"@type\":\"ReadAction\",\"target\":[\"https:\\\/\\\/www.iemj.org\\\/de\\\/devenir-mecene\\\/\"]}]},{\"@type\":\"ImageObject\",\"inLanguage\":\"de\",\"@id\":\"https:\\\/\\\/www.iemj.org\\\/de\\\/devenir-mecene\\\/#primaryimage\",\"url\":\"https:\\\/\\\/www.iemj.org\\\/wp-content\\\/uploads\\\/2016\\\/05\\\/arton1731.jpg\",\"contentUrl\":\"https:\\\/\\\/www.iemj.org\\\/wp-content\\\/uploads\\\/2016\\\/05\\\/arton1731.jpg\",\"width\":220,\"height\":146},{\"@type\":\"BreadcrumbList\",\"@id\":\"https:\\\/\\\/www.iemj.org\\\/de\\\/devenir-mecene\\\/#breadcrumb\",\"itemListElement\":[{\"@type\":\"ListItem\",\"position\":1,\"name\":\"Accueil\",\"item\":\"https:\\\/\\\/www.iemj.org\\\/de\\\/\"},{\"@type\":\"ListItem\",\"position\":2,\"name\":\"F\u00d6RDERER WERDEN\"}]},{\"@type\":\"WebSite\",\"@id\":\"https:\\\/\\\/www.iemj.org\\\/de\\\/#website\",\"url\":\"https:\\\/\\\/www.iemj.org\\\/de\\\/\",\"name\":\"Institut Europ\u00e9en des Musiques Juives\",\"description\":\"Des traditions musicales \u00e0 la port\u00e9e de tous\",\"publisher\":{\"@id\":\"https:\\\/\\\/www.iemj.org\\\/de\\\/#organization\"},\"potentialAction\":[{\"@type\":\"SearchAction\",\"target\":{\"@type\":\"EntryPoint\",\"urlTemplate\":\"https:\\\/\\\/www.iemj.org\\\/de\\\/?s={search_term_string}\"},\"query-input\":{\"@type\":\"PropertyValueSpecification\",\"valueRequired\":true,\"valueName\":\"search_term_string\"}}],\"inLanguage\":\"de\"},{\"@type\":\"Organization\",\"@id\":\"https:\\\/\\\/www.iemj.org\\\/de\\\/#organization\",\"name\":\"Institut Europ\u00e9en des Musiques Juives\",\"url\":\"https:\\\/\\\/www.iemj.org\\\/de\\\/\",\"logo\":{\"@type\":\"ImageObject\",\"inLanguage\":\"de\",\"@id\":\"https:\\\/\\\/www.iemj.org\\\/de\\\/#\\\/schema\\\/logo\\\/image\\\/\",\"url\":\"https:\\\/\\\/www.iemj.org\\\/wp-content\\\/uploads\\\/2021\\\/09\\\/Logo-IEMJ-Paypal.jpg\",\"contentUrl\":\"https:\\\/\\\/www.iemj.org\\\/wp-content\\\/uploads\\\/2021\\\/09\\\/Logo-IEMJ-Paypal.jpg\",\"width\":150,\"height\":50,\"caption\":\"Institut Europ\u00e9en des Musiques Juives\"},\"image\":{\"@id\":\"https:\\\/\\\/www.iemj.org\\\/de\\\/#\\\/schema\\\/logo\\\/image\\\/\"},\"sameAs\":[\"https:\\\/\\\/www.facebook.com\\\/MusiquesJuives\\\/\",\"https:\\\/\\\/www.instagram.com\\\/musiquesjuives\\\/\",\"https:\\\/\\\/www.youtube.com\\\/user\\\/musiquesjuives\"]},{\"@type\":\"Person\",\"@id\":\"https:\\\/\\\/www.iemj.org\\\/de\\\/#\\\/schema\\\/person\\\/358e26c18aca017fcc4cc15437f7279c\",\"name\":\"Jacqueline ROTEN\",\"image\":{\"@type\":\"ImageObject\",\"inLanguage\":\"de\",\"@id\":\"https:\\\/\\\/secure.gravatar.com\\\/avatar\\\/5964256d6c6957de3a3505278957e0fb2a35119ac47ea41827a65301213c810b?s=96&d=mm&r=g\",\"url\":\"https:\\\/\\\/secure.gravatar.com\\\/avatar\\\/5964256d6c6957de3a3505278957e0fb2a35119ac47ea41827a65301213c810b?s=96&d=mm&r=g\",\"contentUrl\":\"https:\\\/\\\/secure.gravatar.com\\\/avatar\\\/5964256d6c6957de3a3505278957e0fb2a35119ac47ea41827a65301213c810b?s=96&d=mm&r=g\",\"caption\":\"Jacqueline ROTEN\"}}]}<\/script>\n<!-- \/ Yoast SEO plugin. -->","yoast_head_json":{"title":"F\u00d6RDERER WERDEN - Institut Europ\u00e9en des Musiques Juives","robots":{"index":"index","follow":"follow","max-snippet":"max-snippet:-1","max-image-preview":"max-image-preview:large","max-video-preview":"max-video-preview:-1"},"canonical":"https:\/\/www.iemj.org\/de\/devenir-mecene\/","og_locale":"de_DE","og_type":"article","og_title":"F\u00d6RDERER WERDEN - Institut Europ\u00e9en des Musiques Juives","og_description":"Das Institut Europ\u00e9en des Musiques Juives hat sich die Forschung, F\u00f6rderung und Verbreitung des j\u00fcdischen Kulturerbe zum Ziel gesetzt. Das IEMJ strebt deshalb die Entwicklung langfristiger Partnerschaften mit verschiedenen europ\u00e4ischen","og_url":"https:\/\/www.iemj.org\/de\/devenir-mecene\/","og_site_name":"Institut Europ\u00e9en des Musiques Juives","article_publisher":"https:\/\/www.facebook.com\/MusiquesJuives\/","article_published_time":"2016-05-25T13:02:22+00:00","article_modified_time":"2021-06-14T10:17:04+00:00","og_image":[{"width":220,"height":146,"url":"https:\/\/www.iemj.org\/wp-content\/uploads\/2016\/05\/arton1731.jpg","type":"image\/jpeg"}],"author":"Jacqueline ROTEN","twitter_card":"summary_large_image","twitter_misc":{"Verfasst von":"Jacqueline ROTEN","Gesch\u00e4tzte Lesezeit":"3\u00a0Minuten"},"schema":{"@context":"https:\/\/schema.org","@graph":[{"@type":"Article","@id":"https:\/\/www.iemj.org\/de\/devenir-mecene\/#article","isPartOf":{"@id":"https:\/\/www.iemj.org\/de\/devenir-mecene\/"},"author":{"name":"Jacqueline ROTEN","@id":"https:\/\/www.iemj.org\/de\/#\/schema\/person\/358e26c18aca017fcc4cc15437f7279c"},"headline":"F\u00d6RDERER WERDEN","datePublished":"2016-05-25T13:02:22+00:00","dateModified":"2021-06-14T10:17:04+00:00","mainEntityOfPage":{"@id":"https:\/\/www.iemj.org\/de\/devenir-mecene\/"},"wordCount":620,"publisher":{"@id":"https:\/\/www.iemj.org\/de\/#organization"},"image":{"@id":"https:\/\/www.iemj.org\/de\/devenir-mecene\/#primaryimage"},"thumbnailUrl":"https:\/\/www.iemj.org\/wp-content\/uploads\/2016\/05\/arton1731.jpg","articleSection":["Uns unterst\u00fctzen"],"inLanguage":"de"},{"@type":"WebPage","@id":"https:\/\/www.iemj.org\/de\/devenir-mecene\/","url":"https:\/\/www.iemj.org\/de\/devenir-mecene\/","name":"F\u00d6RDERER WERDEN - Institut Europ\u00e9en des Musiques Juives","isPartOf":{"@id":"https:\/\/www.iemj.org\/de\/#website"},"primaryImageOfPage":{"@id":"https:\/\/www.iemj.org\/de\/devenir-mecene\/#primaryimage"},"image":{"@id":"https:\/\/www.iemj.org\/de\/devenir-mecene\/#primaryimage"},"thumbnailUrl":"https:\/\/www.iemj.org\/wp-content\/uploads\/2016\/05\/arton1731.jpg","datePublished":"2016-05-25T13:02:22+00:00","dateModified":"2021-06-14T10:17:04+00:00","breadcrumb":{"@id":"https:\/\/www.iemj.org\/de\/devenir-mecene\/#breadcrumb"},"inLanguage":"de","potentialAction":[{"@type":"ReadAction","target":["https:\/\/www.iemj.org\/de\/devenir-mecene\/"]}]},{"@type":"ImageObject","inLanguage":"de","@id":"https:\/\/www.iemj.org\/de\/devenir-mecene\/#primaryimage","url":"https:\/\/www.iemj.org\/wp-content\/uploads\/2016\/05\/arton1731.jpg","contentUrl":"https:\/\/www.iemj.org\/wp-content\/uploads\/2016\/05\/arton1731.jpg","width":220,"height":146},{"@type":"BreadcrumbList","@id":"https:\/\/www.iemj.org\/de\/devenir-mecene\/#breadcrumb","itemListElement":[{"@type":"ListItem","position":1,"name":"Accueil","item":"https:\/\/www.iemj.org\/de\/"},{"@type":"ListItem","position":2,"name":"F\u00d6RDERER WERDEN"}]},{"@type":"WebSite","@id":"https:\/\/www.iemj.org\/de\/#website","url":"https:\/\/www.iemj.org\/de\/","name":"Institut Europ\u00e9en des Musiques Juives","description":"Des traditions musicales \u00e0 la port\u00e9e de tous","publisher":{"@id":"https:\/\/www.iemj.org\/de\/#organization"},"potentialAction":[{"@type":"SearchAction","target":{"@type":"EntryPoint","urlTemplate":"https:\/\/www.iemj.org\/de\/?s={search_term_string}"},"query-input":{"@type":"PropertyValueSpecification","valueRequired":true,"valueName":"search_term_string"}}],"inLanguage":"de"},{"@type":"Organization","@id":"https:\/\/www.iemj.org\/de\/#organization","name":"Institut Europ\u00e9en des Musiques Juives","url":"https:\/\/www.iemj.org\/de\/","logo":{"@type":"ImageObject","inLanguage":"de","@id":"https:\/\/www.iemj.org\/de\/#\/schema\/logo\/image\/","url":"https:\/\/www.iemj.org\/wp-content\/uploads\/2021\/09\/Logo-IEMJ-Paypal.jpg","contentUrl":"https:\/\/www.iemj.org\/wp-content\/uploads\/2021\/09\/Logo-IEMJ-Paypal.jpg","width":150,"height":50,"caption":"Institut Europ\u00e9en des Musiques Juives"},"image":{"@id":"https:\/\/www.iemj.org\/de\/#\/schema\/logo\/image\/"},"sameAs":["https:\/\/www.facebook.com\/MusiquesJuives\/","https:\/\/www.instagram.com\/musiquesjuives\/","https:\/\/www.youtube.com\/user\/musiquesjuives"]},{"@type":"Person","@id":"https:\/\/www.iemj.org\/de\/#\/schema\/person\/358e26c18aca017fcc4cc15437f7279c","name":"Jacqueline ROTEN","image":{"@type":"ImageObject","inLanguage":"de","@id":"https:\/\/secure.gravatar.com\/avatar\/5964256d6c6957de3a3505278957e0fb2a35119ac47ea41827a65301213c810b?s=96&d=mm&r=g","url":"https:\/\/secure.gravatar.com\/avatar\/5964256d6c6957de3a3505278957e0fb2a35119ac47ea41827a65301213c810b?s=96&d=mm&r=g","contentUrl":"https:\/\/secure.gravatar.com\/avatar\/5964256d6c6957de3a3505278957e0fb2a35119ac47ea41827a65301213c810b?s=96&d=mm&r=g","caption":"Jacqueline ROTEN"}}]}},"_links":{"self":[{"href":"https:\/\/www.iemj.org\/de\/wp-json\/wp\/v2\/posts\/48748","targetHints":{"allow":["GET"]}}],"collection":[{"href":"https:\/\/www.iemj.org\/de\/wp-json\/wp\/v2\/posts"}],"about":[{"href":"https:\/\/www.iemj.org\/de\/wp-json\/wp\/v2\/types\/post"}],"author":[{"embeddable":true,"href":"https:\/\/www.iemj.org\/de\/wp-json\/wp\/v2\/users\/5"}],"replies":[{"embeddable":true,"href":"https:\/\/www.iemj.org\/de\/wp-json\/wp\/v2\/comments?post=48748"}],"version-history":[{"count":0,"href":"https:\/\/www.iemj.org\/de\/wp-json\/wp\/v2\/posts\/48748\/revisions"}],"wp:featuredmedia":[{"embeddable":true,"href":"https:\/\/www.iemj.org\/de\/wp-json\/wp\/v2\/media\/48749"}],"wp:attachment":[{"href":"https:\/\/www.iemj.org\/de\/wp-json\/wp\/v2\/media?parent=48748"}],"wp:term":[{"taxonomy":"category","embeddable":true,"href":"https:\/\/www.iemj.org\/de\/wp-json\/wp\/v2\/categories?post=48748"},{"taxonomy":"post_tag","embeddable":true,"href":"https:\/\/www.iemj.org\/de\/wp-json\/wp\/v2\/tags?post=48748"},{"taxonomy":"technique","embeddable":true,"href":"https:\/\/www.iemj.org\/de\/wp-json\/wp\/v2\/technique?post=48748"},{"taxonomy":"squelettes","embeddable":true,"href":"https:\/\/www.iemj.org\/de\/wp-json\/wp\/v2\/squelettes?post=48748"},{"taxonomy":"sujet","embeddable":true,"href":"https:\/\/www.iemj.org\/de\/wp-json\/wp\/v2\/sujet?post=48748"},{"taxonomy":"formation","embeddable":true,"href":"https:\/\/www.iemj.org\/de\/wp-json\/wp\/v2\/formation?post=48748"},{"taxonomy":"genre","embeddable":true,"href":"https:\/\/www.iemj.org\/de\/wp-json\/wp\/v2\/genre?post=48748"},{"taxonomy":"fonds","embeddable":true,"href":"https:\/\/www.iemj.org\/de\/wp-json\/wp\/v2\/fonds?post=48748"},{"taxonomy":"tradition","embeddable":true,"href":"https:\/\/www.iemj.org\/de\/wp-json\/wp\/v2\/tradition?post=48748"},{"taxonomy":"type-de-contenu","embeddable":true,"href":"https:\/\/www.iemj.org\/de\/wp-json\/wp\/v2\/type-de-contenu?post=48748"},{"taxonomy":"interprete-compositeur","embeddable":true,"href":"https:\/\/www.iemj.org\/de\/wp-json\/wp\/v2\/interprete-compositeur?post=48748"},{"taxonomy":"frise","embeddable":true,"href":"https:\/\/www.iemj.org\/de\/wp-json\/wp\/v2\/frise?post=48748"},{"taxonomy":"type-devenement","embeddable":true,"href":"https:\/\/www.iemj.org\/de\/wp-json\/wp\/v2\/type-devenement?post=48748"},{"taxonomy":"tableaux-liens-externes","embeddable":true,"href":"https:\/\/www.iemj.org\/de\/wp-json\/wp\/v2\/tableaux-liens-externes?post=48748"}],"curies":[{"name":"wp","href":"https:\/\/api.w.org\/{rel}","templated":true}]}}