{"id":49256,"date":"2018-12-05T12:02:17","date_gmt":"2018-12-05T11:02:17","guid":{"rendered":"https:\/\/www.iemj.org\/polka-hanouka\/"},"modified":"2025-10-07T17:49:27","modified_gmt":"2025-10-07T15:49:27","slug":"polka-hanouka","status":"publish","type":"post","link":"https:\/\/www.iemj.org\/de\/polka-hanouka\/","title":{"rendered":"Polka Hanouka"},"content":{"rendered":"<p><strong>Von Laure Schnapper<\/strong><\/p>\n<p>Isaac Strauss, ein ber\u00fchmter Komponist w\u00e4hrend des Zweiten Kaiserreichs, wurde am 2. Juni 1806 in einer j\u00fcdischen Familie in Stra\u00dfburg geboren. Unter seinen Werken, die aus vielen T\u00e4nzen bestehen, ist eine erstaunliche Polka mit dem Titel <em>Hanukkah<\/em>.<\/p>\n<p><!--more--><br \/><img decoding=\"async\" class=\" alignright size-full wp-image-21946\" src=\"https:\/\/www.iemj.org\/wp-content\/uploads\/2018\/12\/rachel_dans_le_cid_role_de_chimene_reduit60.jpg\" alt=\"rachel_dans_le_cid_role_de_chimene_reduit60.jpg\" width=\"153\" height=\"240\" align=\"right\" \/><span style=\"font-size: inherit;\">Dieses &#8211;<\/span><em style=\"font-size: inherit;\">Hanouka <\/em><span style=\"font-size: inherit;\">betitelte- St\u00fcck wurde von <\/span><a style=\"font-size: inherit;\" href=\"https:\/\/www.iemj.org\/de\/strauss-isaac-1806-1888\/\">Isaac Strauss<\/a><span style=\"font-size: inherit;\"> um 1851 komponiert.\u00a0<\/span><br \/>Es ist Mademoiselle Rachel (1821-1858), einer grossen Schauspielerin des 19. Jh., die die klassische Trag\u00f6die gegen das romantische Drama wieder durchsetzte, gewidmet. Mademoiselle Rachel \u2013 mit b\u00fcrgerlichem Namen <a href=\"https:\/\/fr.wikipedia.org\/wiki\/Rachel_F%C3%A9lix\">\u00c9lisabeth-Rachel F\u00e9lix<\/a> &#8211; erfand einen neuen Schauspieler- und Frauentyp, an dem sich sp\u00e4ter Sarah Bernhardt (1844-1923) orientierte.<\/p>\n<p>Die in Paris herausgegebene 7-seitige Partitur ist f\u00fcr ein kleines Ensemble (Klavier, Blechblasinsrument, Geige und Kontrabass) bestimmt. Es handelt sich um eine Polka \u2013 eine lebhafte Tanzmusik im Zweivierteltakt, die im 19.Jh. sehr beliebt war- deren Haupttheme die Melodie des Hanouka-Gebets <a href=\"https:\/\/fr.wikipedia.org\/wiki\/Maoz_Tsour\">Maoz tsour<\/a> wiederaufnimmt.<\/p>\n<div style=\"text-align: center;\">\n<div style=\"margin: 8px 0px 4px;\"><a href=\"https:\/\/www.calameo.com\/books\/0046127492fe90d01914b\" target=\"_blank\" rel=\"noopener noreferrer\">Hanouka &#8211; Isaac Strauss<\/a><\/div>\n<p><iframe style=\"margin: 0 auto;\" src=\"\/\/v.calameo.com\/?bkcode=0046127492fe90d01914b&amp;mode=mini\" width=\"480\" height=\"300\" frameborder=\"0\" scrolling=\"no\" allowfullscreen=\"allowfullscreen\"><\/iframe><\/p>\n<div style=\"margin: 4px 0px 8px;\"><a href=\"http:\/\/www.calameo.com\/\" target=\"_blank\" rel=\"noopener noreferrer\">Lesen Sie weitere Ver\u00f6ffentlichungen \u00fcber Calam\u00e9o<\/a><\/div>\n<div>\u00a0<\/div>\n<\/div>\n\n\n<figure class=\"wp-block-embed is-type-video is-provider-youtube wp-block-embed-youtube wp-embed-aspect-16-9 wp-has-aspect-ratio\"><div class=\"wp-block-embed__wrapper\">\n<iframe title=\"Isaac Strauss : Hanouka, polka (extrait)\" width=\"640\" height=\"360\" src=\"https:\/\/www.youtube.com\/embed\/NrqDlEzOa-E?feature=oembed\" frameborder=\"0\" allow=\"accelerometer; autoplay; clipboard-write; encrypted-media; gyroscope; picture-in-picture; web-share\" referrerpolicy=\"strict-origin-when-cross-origin\" allowfullscreen><\/iframe>\n<\/div><figcaption class=\"wp-element-caption\"><strong>Sehen Sie sich einen Auszug aus der Hanouka-Polka von Isaac Strauss interpretiert vom Orchestre Eug\u00e9nie (Besetzung: Klavier, Geige, Cornet, Kontrabass)<\/strong><\/figcaption><\/figure>\n\n\n\n<p><a rel=\"noreferrer noopener\" href=\"https:\/\/www.iemj.org\/classique-vous-avez-dit-classique-isaac-strauss\/\" target=\"_blank\">H\u00f6ren Sie die Radiosendung von Laure Schnapper \u00fcber Isaac Strauss<\/a><\/p>\n\n\n\n<p><a href=\"https:\/\/www.iemj.org\/de\/strauss-isaac-1806-1888\/\">Lesen Sie Isaac Strauss&#8216; Biographie<\/a><\/p>\n\n\n\n<div class=\"wp-block-group\"><div class=\"wp-block-group__inner-container is-layout-flow wp-block-group-is-layout-flow\">\n<p><a href=\"http:\/\/www.akadem.org\/sommaire\/colloques\/isaac-strauss-musicien-et-collectionneur-sous-le-second-empire\/isaac-strauss-musicien-et-collectionneur-14-12-2018-106504_4820.php\">Sehen Sie sich das Video zum Isaac-Strauss-Studientag am 18. November 2018 im Museum f\u00fcr j\u00fcdische Kunst und Geschichte (Paris) an.<\/a><\/p>\n<\/div><\/div>\n\n\n<div class=\"wp-block-image\">\n<figure class=\"aligncenter size-large\"><img fetchpriority=\"high\" decoding=\"async\" width=\"1024\" height=\"133\" src=\"https:\/\/www.iemj.org\/wp-content\/uploads\/2024\/03\/AUDIO-PLAYER-1024x133.png\" alt=\"\" class=\"wp-image-110606\" srcset=\"https:\/\/www.iemj.org\/wp-content\/uploads\/2024\/03\/AUDIO-PLAYER-1024x133.png 1024w, https:\/\/www.iemj.org\/wp-content\/uploads\/2024\/03\/AUDIO-PLAYER-300x39.png 300w, https:\/\/www.iemj.org\/wp-content\/uploads\/2024\/03\/AUDIO-PLAYER-768x100.png 768w, https:\/\/www.iemj.org\/wp-content\/uploads\/2024\/03\/AUDIO-PLAYER-600x78.png 600w, https:\/\/www.iemj.org\/wp-content\/uploads\/2024\/03\/AUDIO-PLAYER.png 1210w\" sizes=\"(max-width: 1024px) 100vw, 1024px\" \/><\/figure>\n<\/div>\n\n\n<div class=\"wp-block-file\"><a id=\"wp-block-file--media-0f22be1b-4bda-4333-87b7-edc49c2ed632\" href=\"https:\/\/www.iemj.org\/wp-content\/uploads\/2018\/12\/hanouka_-_isaac_strauss_interprete_par_marc-antoine_pingeon.mp3\">Polka Hanouka &#8211; Isaac Strauss interpr\u00e9t\u00e9 par le pianiste Marc-Antoine Pingeon<\/a><\/div>\n","protected":false},"excerpt":{"rendered":"<p>Von Laure Schnapper Isaac Strauss, ein ber\u00fchmter Komponist w\u00e4hrend des Zweiten Kaiserreichs, wurde am 2. Juni 1806 in einer j\u00fcdischen Familie in Stra\u00dfburg geboren. Unter seinen Werken, die aus vielen<\/p>\n","protected":false},"author":1052,"featured_media":49257,"comment_status":"closed","ping_status":"closed","sticky":false,"template":"","format":"standard","meta":{"_acf_changed":false,"footnotes":""},"categories":[1563],"tags":[],"technique":[],"squelettes":[],"sujet":[1740],"formation":[],"genre":[1900],"fonds":[],"tradition":[],"type-de-contenu":[],"interprete-compositeur":[3172],"frise":[],"type-devenement":[],"tableaux-liens-externes":[],"class_list":["post-49256","post","type-post","status-publish","format-standard","has-post-thumbnail","hentry","category-highlights-de","sujet-chanukka-de","genre-klassische-musik-de","interprete-compositeur-isaac-strauss-de"],"acf":[],"yoast_head":"<!-- This site is optimized with the Yoast SEO plugin v27.3 - https:\/\/yoast.com\/product\/yoast-seo-wordpress\/ -->\n<title>Polka Hanouka - Institut Europ\u00e9en des Musiques Juives<\/title>\n<meta name=\"robots\" content=\"index, follow, max-snippet:-1, max-image-preview:large, max-video-preview:-1\" \/>\n<link rel=\"canonical\" href=\"https:\/\/www.iemj.org\/de\/polka-hanouka\/\" \/>\n<meta property=\"og:locale\" content=\"de_DE\" \/>\n<meta property=\"og:type\" content=\"article\" \/>\n<meta property=\"og:title\" content=\"Polka Hanouka - Institut Europ\u00e9en des Musiques Juives\" \/>\n<meta property=\"og:description\" content=\"Von Laure Schnapper Isaac Strauss, ein ber\u00fchmter Komponist w\u00e4hrend des Zweiten Kaiserreichs, wurde am 2. Juni 1806 in einer j\u00fcdischen Familie in Stra\u00dfburg geboren. Unter seinen Werken, die aus vielen\" \/>\n<meta property=\"og:url\" content=\"https:\/\/www.iemj.org\/de\/polka-hanouka\/\" \/>\n<meta property=\"og:site_name\" content=\"Institut Europ\u00e9en des Musiques Juives\" \/>\n<meta property=\"article:publisher\" content=\"https:\/\/www.facebook.com\/MusiquesJuives\/\" \/>\n<meta property=\"article:published_time\" content=\"2018-12-05T11:02:17+00:00\" \/>\n<meta property=\"article:modified_time\" content=\"2025-10-07T15:49:27+00:00\" \/>\n<meta property=\"og:image\" content=\"https:\/\/www.iemj.org\/wp-content\/uploads\/2018\/12\/arton3803-e1618593544217.jpg\" \/>\n\t<meta property=\"og:image:width\" content=\"350\" \/>\n\t<meta property=\"og:image:height\" content=\"277\" \/>\n\t<meta property=\"og:image:type\" content=\"image\/jpeg\" \/>\n<meta name=\"author\" content=\"Lea Couderc\" \/>\n<meta name=\"twitter:card\" content=\"summary_large_image\" \/>\n<meta name=\"twitter:label1\" content=\"Verfasst von\" \/>\n\t<meta name=\"twitter:data1\" content=\"Lea Couderc\" \/>\n\t<meta name=\"twitter:label2\" content=\"Gesch\u00e4tzte Lesezeit\" \/>\n\t<meta name=\"twitter:data2\" content=\"2\u00a0Minuten\" \/>\n<script type=\"application\/ld+json\" class=\"yoast-schema-graph\">{\"@context\":\"https:\\\/\\\/schema.org\",\"@graph\":[{\"@type\":\"Article\",\"@id\":\"https:\\\/\\\/www.iemj.org\\\/de\\\/polka-hanouka\\\/#article\",\"isPartOf\":{\"@id\":\"https:\\\/\\\/www.iemj.org\\\/de\\\/polka-hanouka\\\/\"},\"author\":{\"name\":\"Lea Couderc\",\"@id\":\"https:\\\/\\\/www.iemj.org\\\/de\\\/#\\\/schema\\\/person\\\/e2ad57f2c4be119c7ed8ab79036807a9\"},\"headline\":\"Polka Hanouka\",\"datePublished\":\"2018-12-05T11:02:17+00:00\",\"dateModified\":\"2025-10-07T15:49:27+00:00\",\"mainEntityOfPage\":{\"@id\":\"https:\\\/\\\/www.iemj.org\\\/de\\\/polka-hanouka\\\/\"},\"wordCount\":233,\"publisher\":{\"@id\":\"https:\\\/\\\/www.iemj.org\\\/de\\\/#organization\"},\"image\":{\"@id\":\"https:\\\/\\\/www.iemj.org\\\/de\\\/polka-hanouka\\\/#primaryimage\"},\"thumbnailUrl\":\"https:\\\/\\\/www.iemj.org\\\/wp-content\\\/uploads\\\/2018\\\/12\\\/arton3803-e1618593544217.jpg\",\"articleSection\":[\"Highlights\"],\"inLanguage\":\"de\"},{\"@type\":\"WebPage\",\"@id\":\"https:\\\/\\\/www.iemj.org\\\/de\\\/polka-hanouka\\\/\",\"url\":\"https:\\\/\\\/www.iemj.org\\\/de\\\/polka-hanouka\\\/\",\"name\":\"Polka Hanouka - Institut Europ\u00e9en des Musiques Juives\",\"isPartOf\":{\"@id\":\"https:\\\/\\\/www.iemj.org\\\/de\\\/#website\"},\"primaryImageOfPage\":{\"@id\":\"https:\\\/\\\/www.iemj.org\\\/de\\\/polka-hanouka\\\/#primaryimage\"},\"image\":{\"@id\":\"https:\\\/\\\/www.iemj.org\\\/de\\\/polka-hanouka\\\/#primaryimage\"},\"thumbnailUrl\":\"https:\\\/\\\/www.iemj.org\\\/wp-content\\\/uploads\\\/2018\\\/12\\\/arton3803-e1618593544217.jpg\",\"datePublished\":\"2018-12-05T11:02:17+00:00\",\"dateModified\":\"2025-10-07T15:49:27+00:00\",\"breadcrumb\":{\"@id\":\"https:\\\/\\\/www.iemj.org\\\/de\\\/polka-hanouka\\\/#breadcrumb\"},\"inLanguage\":\"de\",\"potentialAction\":[{\"@type\":\"ReadAction\",\"target\":[\"https:\\\/\\\/www.iemj.org\\\/de\\\/polka-hanouka\\\/\"]}]},{\"@type\":\"ImageObject\",\"inLanguage\":\"de\",\"@id\":\"https:\\\/\\\/www.iemj.org\\\/de\\\/polka-hanouka\\\/#primaryimage\",\"url\":\"https:\\\/\\\/www.iemj.org\\\/wp-content\\\/uploads\\\/2018\\\/12\\\/arton3803-e1618593544217.jpg\",\"contentUrl\":\"https:\\\/\\\/www.iemj.org\\\/wp-content\\\/uploads\\\/2018\\\/12\\\/arton3803-e1618593544217.jpg\",\"width\":350,\"height\":277},{\"@type\":\"BreadcrumbList\",\"@id\":\"https:\\\/\\\/www.iemj.org\\\/de\\\/polka-hanouka\\\/#breadcrumb\",\"itemListElement\":[{\"@type\":\"ListItem\",\"position\":1,\"name\":\"Accueil\",\"item\":\"https:\\\/\\\/www.iemj.org\\\/de\\\/\"},{\"@type\":\"ListItem\",\"position\":2,\"name\":\"Polka Hanouka\"}]},{\"@type\":\"WebSite\",\"@id\":\"https:\\\/\\\/www.iemj.org\\\/de\\\/#website\",\"url\":\"https:\\\/\\\/www.iemj.org\\\/de\\\/\",\"name\":\"Institut Europ\u00e9en des Musiques Juives\",\"description\":\"Des traditions musicales \u00e0 la port\u00e9e de tous\",\"publisher\":{\"@id\":\"https:\\\/\\\/www.iemj.org\\\/de\\\/#organization\"},\"potentialAction\":[{\"@type\":\"SearchAction\",\"target\":{\"@type\":\"EntryPoint\",\"urlTemplate\":\"https:\\\/\\\/www.iemj.org\\\/de\\\/?s={search_term_string}\"},\"query-input\":{\"@type\":\"PropertyValueSpecification\",\"valueRequired\":true,\"valueName\":\"search_term_string\"}}],\"inLanguage\":\"de\"},{\"@type\":\"Organization\",\"@id\":\"https:\\\/\\\/www.iemj.org\\\/de\\\/#organization\",\"name\":\"Institut Europ\u00e9en des Musiques Juives\",\"url\":\"https:\\\/\\\/www.iemj.org\\\/de\\\/\",\"logo\":{\"@type\":\"ImageObject\",\"inLanguage\":\"de\",\"@id\":\"https:\\\/\\\/www.iemj.org\\\/de\\\/#\\\/schema\\\/logo\\\/image\\\/\",\"url\":\"https:\\\/\\\/www.iemj.org\\\/wp-content\\\/uploads\\\/2021\\\/09\\\/Logo-IEMJ-Paypal.jpg\",\"contentUrl\":\"https:\\\/\\\/www.iemj.org\\\/wp-content\\\/uploads\\\/2021\\\/09\\\/Logo-IEMJ-Paypal.jpg\",\"width\":150,\"height\":50,\"caption\":\"Institut Europ\u00e9en des Musiques Juives\"},\"image\":{\"@id\":\"https:\\\/\\\/www.iemj.org\\\/de\\\/#\\\/schema\\\/logo\\\/image\\\/\"},\"sameAs\":[\"https:\\\/\\\/www.facebook.com\\\/MusiquesJuives\\\/\",\"https:\\\/\\\/www.instagram.com\\\/musiquesjuives\\\/\",\"https:\\\/\\\/www.youtube.com\\\/user\\\/musiquesjuives\"]},{\"@type\":\"Person\",\"@id\":\"https:\\\/\\\/www.iemj.org\\\/de\\\/#\\\/schema\\\/person\\\/e2ad57f2c4be119c7ed8ab79036807a9\",\"name\":\"Lea Couderc\",\"image\":{\"@type\":\"ImageObject\",\"inLanguage\":\"de\",\"@id\":\"https:\\\/\\\/secure.gravatar.com\\\/avatar\\\/46ee021475d60aeff17a7e490b79dea5a5684bb392ab7fd1494027411df8ba23?s=96&d=mm&r=g\",\"url\":\"https:\\\/\\\/secure.gravatar.com\\\/avatar\\\/46ee021475d60aeff17a7e490b79dea5a5684bb392ab7fd1494027411df8ba23?s=96&d=mm&r=g\",\"contentUrl\":\"https:\\\/\\\/secure.gravatar.com\\\/avatar\\\/46ee021475d60aeff17a7e490b79dea5a5684bb392ab7fd1494027411df8ba23?s=96&d=mm&r=g\",\"caption\":\"Lea Couderc\"}}]}<\/script>\n<!-- \/ Yoast SEO plugin. -->","yoast_head_json":{"title":"Polka Hanouka - Institut Europ\u00e9en des Musiques Juives","robots":{"index":"index","follow":"follow","max-snippet":"max-snippet:-1","max-image-preview":"max-image-preview:large","max-video-preview":"max-video-preview:-1"},"canonical":"https:\/\/www.iemj.org\/de\/polka-hanouka\/","og_locale":"de_DE","og_type":"article","og_title":"Polka Hanouka - Institut Europ\u00e9en des Musiques Juives","og_description":"Von Laure Schnapper Isaac Strauss, ein ber\u00fchmter Komponist w\u00e4hrend des Zweiten Kaiserreichs, wurde am 2. Juni 1806 in einer j\u00fcdischen Familie in Stra\u00dfburg geboren. Unter seinen Werken, die aus vielen","og_url":"https:\/\/www.iemj.org\/de\/polka-hanouka\/","og_site_name":"Institut Europ\u00e9en des Musiques Juives","article_publisher":"https:\/\/www.facebook.com\/MusiquesJuives\/","article_published_time":"2018-12-05T11:02:17+00:00","article_modified_time":"2025-10-07T15:49:27+00:00","og_image":[{"width":350,"height":277,"url":"https:\/\/www.iemj.org\/wp-content\/uploads\/2018\/12\/arton3803-e1618593544217.jpg","type":"image\/jpeg"}],"author":"Lea Couderc","twitter_card":"summary_large_image","twitter_misc":{"Verfasst von":"Lea Couderc","Gesch\u00e4tzte Lesezeit":"2\u00a0Minuten"},"schema":{"@context":"https:\/\/schema.org","@graph":[{"@type":"Article","@id":"https:\/\/www.iemj.org\/de\/polka-hanouka\/#article","isPartOf":{"@id":"https:\/\/www.iemj.org\/de\/polka-hanouka\/"},"author":{"name":"Lea Couderc","@id":"https:\/\/www.iemj.org\/de\/#\/schema\/person\/e2ad57f2c4be119c7ed8ab79036807a9"},"headline":"Polka Hanouka","datePublished":"2018-12-05T11:02:17+00:00","dateModified":"2025-10-07T15:49:27+00:00","mainEntityOfPage":{"@id":"https:\/\/www.iemj.org\/de\/polka-hanouka\/"},"wordCount":233,"publisher":{"@id":"https:\/\/www.iemj.org\/de\/#organization"},"image":{"@id":"https:\/\/www.iemj.org\/de\/polka-hanouka\/#primaryimage"},"thumbnailUrl":"https:\/\/www.iemj.org\/wp-content\/uploads\/2018\/12\/arton3803-e1618593544217.jpg","articleSection":["Highlights"],"inLanguage":"de"},{"@type":"WebPage","@id":"https:\/\/www.iemj.org\/de\/polka-hanouka\/","url":"https:\/\/www.iemj.org\/de\/polka-hanouka\/","name":"Polka Hanouka - Institut Europ\u00e9en des Musiques Juives","isPartOf":{"@id":"https:\/\/www.iemj.org\/de\/#website"},"primaryImageOfPage":{"@id":"https:\/\/www.iemj.org\/de\/polka-hanouka\/#primaryimage"},"image":{"@id":"https:\/\/www.iemj.org\/de\/polka-hanouka\/#primaryimage"},"thumbnailUrl":"https:\/\/www.iemj.org\/wp-content\/uploads\/2018\/12\/arton3803-e1618593544217.jpg","datePublished":"2018-12-05T11:02:17+00:00","dateModified":"2025-10-07T15:49:27+00:00","breadcrumb":{"@id":"https:\/\/www.iemj.org\/de\/polka-hanouka\/#breadcrumb"},"inLanguage":"de","potentialAction":[{"@type":"ReadAction","target":["https:\/\/www.iemj.org\/de\/polka-hanouka\/"]}]},{"@type":"ImageObject","inLanguage":"de","@id":"https:\/\/www.iemj.org\/de\/polka-hanouka\/#primaryimage","url":"https:\/\/www.iemj.org\/wp-content\/uploads\/2018\/12\/arton3803-e1618593544217.jpg","contentUrl":"https:\/\/www.iemj.org\/wp-content\/uploads\/2018\/12\/arton3803-e1618593544217.jpg","width":350,"height":277},{"@type":"BreadcrumbList","@id":"https:\/\/www.iemj.org\/de\/polka-hanouka\/#breadcrumb","itemListElement":[{"@type":"ListItem","position":1,"name":"Accueil","item":"https:\/\/www.iemj.org\/de\/"},{"@type":"ListItem","position":2,"name":"Polka Hanouka"}]},{"@type":"WebSite","@id":"https:\/\/www.iemj.org\/de\/#website","url":"https:\/\/www.iemj.org\/de\/","name":"Institut Europ\u00e9en des Musiques Juives","description":"Des traditions musicales \u00e0 la port\u00e9e de tous","publisher":{"@id":"https:\/\/www.iemj.org\/de\/#organization"},"potentialAction":[{"@type":"SearchAction","target":{"@type":"EntryPoint","urlTemplate":"https:\/\/www.iemj.org\/de\/?s={search_term_string}"},"query-input":{"@type":"PropertyValueSpecification","valueRequired":true,"valueName":"search_term_string"}}],"inLanguage":"de"},{"@type":"Organization","@id":"https:\/\/www.iemj.org\/de\/#organization","name":"Institut Europ\u00e9en des Musiques Juives","url":"https:\/\/www.iemj.org\/de\/","logo":{"@type":"ImageObject","inLanguage":"de","@id":"https:\/\/www.iemj.org\/de\/#\/schema\/logo\/image\/","url":"https:\/\/www.iemj.org\/wp-content\/uploads\/2021\/09\/Logo-IEMJ-Paypal.jpg","contentUrl":"https:\/\/www.iemj.org\/wp-content\/uploads\/2021\/09\/Logo-IEMJ-Paypal.jpg","width":150,"height":50,"caption":"Institut Europ\u00e9en des Musiques Juives"},"image":{"@id":"https:\/\/www.iemj.org\/de\/#\/schema\/logo\/image\/"},"sameAs":["https:\/\/www.facebook.com\/MusiquesJuives\/","https:\/\/www.instagram.com\/musiquesjuives\/","https:\/\/www.youtube.com\/user\/musiquesjuives"]},{"@type":"Person","@id":"https:\/\/www.iemj.org\/de\/#\/schema\/person\/e2ad57f2c4be119c7ed8ab79036807a9","name":"Lea Couderc","image":{"@type":"ImageObject","inLanguage":"de","@id":"https:\/\/secure.gravatar.com\/avatar\/46ee021475d60aeff17a7e490b79dea5a5684bb392ab7fd1494027411df8ba23?s=96&d=mm&r=g","url":"https:\/\/secure.gravatar.com\/avatar\/46ee021475d60aeff17a7e490b79dea5a5684bb392ab7fd1494027411df8ba23?s=96&d=mm&r=g","contentUrl":"https:\/\/secure.gravatar.com\/avatar\/46ee021475d60aeff17a7e490b79dea5a5684bb392ab7fd1494027411df8ba23?s=96&d=mm&r=g","caption":"Lea Couderc"}}]}},"_links":{"self":[{"href":"https:\/\/www.iemj.org\/de\/wp-json\/wp\/v2\/posts\/49256","targetHints":{"allow":["GET"]}}],"collection":[{"href":"https:\/\/www.iemj.org\/de\/wp-json\/wp\/v2\/posts"}],"about":[{"href":"https:\/\/www.iemj.org\/de\/wp-json\/wp\/v2\/types\/post"}],"author":[{"embeddable":true,"href":"https:\/\/www.iemj.org\/de\/wp-json\/wp\/v2\/users\/1052"}],"replies":[{"embeddable":true,"href":"https:\/\/www.iemj.org\/de\/wp-json\/wp\/v2\/comments?post=49256"}],"version-history":[{"count":2,"href":"https:\/\/www.iemj.org\/de\/wp-json\/wp\/v2\/posts\/49256\/revisions"}],"predecessor-version":[{"id":126499,"href":"https:\/\/www.iemj.org\/de\/wp-json\/wp\/v2\/posts\/49256\/revisions\/126499"}],"wp:featuredmedia":[{"embeddable":true,"href":"https:\/\/www.iemj.org\/de\/wp-json\/wp\/v2\/media\/49257"}],"wp:attachment":[{"href":"https:\/\/www.iemj.org\/de\/wp-json\/wp\/v2\/media?parent=49256"}],"wp:term":[{"taxonomy":"category","embeddable":true,"href":"https:\/\/www.iemj.org\/de\/wp-json\/wp\/v2\/categories?post=49256"},{"taxonomy":"post_tag","embeddable":true,"href":"https:\/\/www.iemj.org\/de\/wp-json\/wp\/v2\/tags?post=49256"},{"taxonomy":"technique","embeddable":true,"href":"https:\/\/www.iemj.org\/de\/wp-json\/wp\/v2\/technique?post=49256"},{"taxonomy":"squelettes","embeddable":true,"href":"https:\/\/www.iemj.org\/de\/wp-json\/wp\/v2\/squelettes?post=49256"},{"taxonomy":"sujet","embeddable":true,"href":"https:\/\/www.iemj.org\/de\/wp-json\/wp\/v2\/sujet?post=49256"},{"taxonomy":"formation","embeddable":true,"href":"https:\/\/www.iemj.org\/de\/wp-json\/wp\/v2\/formation?post=49256"},{"taxonomy":"genre","embeddable":true,"href":"https:\/\/www.iemj.org\/de\/wp-json\/wp\/v2\/genre?post=49256"},{"taxonomy":"fonds","embeddable":true,"href":"https:\/\/www.iemj.org\/de\/wp-json\/wp\/v2\/fonds?post=49256"},{"taxonomy":"tradition","embeddable":true,"href":"https:\/\/www.iemj.org\/de\/wp-json\/wp\/v2\/tradition?post=49256"},{"taxonomy":"type-de-contenu","embeddable":true,"href":"https:\/\/www.iemj.org\/de\/wp-json\/wp\/v2\/type-de-contenu?post=49256"},{"taxonomy":"interprete-compositeur","embeddable":true,"href":"https:\/\/www.iemj.org\/de\/wp-json\/wp\/v2\/interprete-compositeur?post=49256"},{"taxonomy":"frise","embeddable":true,"href":"https:\/\/www.iemj.org\/de\/wp-json\/wp\/v2\/frise?post=49256"},{"taxonomy":"type-devenement","embeddable":true,"href":"https:\/\/www.iemj.org\/de\/wp-json\/wp\/v2\/type-devenement?post=49256"},{"taxonomy":"tableaux-liens-externes","embeddable":true,"href":"https:\/\/www.iemj.org\/de\/wp-json\/wp\/v2\/tableaux-liens-externes?post=49256"}],"curies":[{"name":"wp","href":"https:\/\/api.w.org\/{rel}","templated":true}]}}