{"id":49342,"date":"2018-01-31T10:33:29","date_gmt":"2018-01-31T09:33:29","guid":{"rendered":"https:\/\/www.iemj.org\/la-phonocarte-hora-bilu\/"},"modified":"2023-12-19T15:37:04","modified_gmt":"2023-12-19T14:37:04","slug":"la-phonocarte-hora-bilu","status":"publish","type":"post","link":"https:\/\/www.iemj.org\/de\/la-phonocarte-hora-bilu\/","title":{"rendered":"Die Schallkarte (phonocarte) Hora Bilu"},"content":{"rendered":"<p>Auf den ersten Blick k\u00f6nnte man es f\u00fcr eine Postkarte halten, aber bei n\u00e4herem Hinsehen entdeckt man ein Loch, um das feine Rillen verlaufen\u00a0! <br \/>Es handelt sich tats\u00e4chlich um eine kleine Schallplatte mit 33 Umdrehungen, die auf Karton gedruckt wurde, und man nennt sie Schallkarte oder <em>phonocarte<\/em>. <br \/>Die Schallkarte ist nichts anderes als eine Postkarte, die wahrscheinlich in England Anfang des 20.Jh. erfunden wurde, und auf der der Absender eine kurze Sprachnachricht in die feinen integrierten Rillen pressen konnte. Diese Nachrichte konnte dann vom Empf\u00e4nger mit einem <em>Phonopostal<\/em> genannten Spezialger\u00e4t gelesen werden. <br \/>In den 60er Jahren tauchten diese vom Label Phonoscope und vom Verlag Belv\u00e9d\u00e8re herausgebrachten Schallkarten auch in Frankreich auf. Sie gerieten jedoch schnell in Vergessenheit, da sie nur einen beschr\u00e4nkten Nutzerkreis erreichen konnten<\/p>\n<p><img fetchpriority=\"high\" decoding=\"async\" class=\" aligncenter size-full wp-image-18059\" src=\"https:\/\/www.iemj.org\/wp-content\/uploads\/2018\/01\/doc_1_hora_bilu_500px.jpg\" alt=\"doc_1_hora_bilu_500px.jpg\" width=\"600\" height=\"334\" align=\"center\" srcset=\"https:\/\/www.iemj.org\/wp-content\/uploads\/2018\/01\/doc_1_hora_bilu_500px.jpg 600w, https:\/\/www.iemj.org\/wp-content\/uploads\/2018\/01\/doc_1_hora_bilu_500px-300x167.jpg 300w\" sizes=\"(max-width: 600px) 100vw, 600px\" \/><\/p>\n<p>Auf diesem Medium wurden popul\u00e4re Melodien wie : <em>A Paris<\/em> von Francis Lemarque, <em>Only You<\/em> von Buck Ram gepresst und auch einige Kinderlieder aus Walt Disney- Filmen sowie\u00a0 Kinderklassiker\u00a0 wie zum Beispiel <em>Au clair de la lune<\/em>.<br \/><br \/>Aus den Archiven des EIJM\u00a0 pr\u00e4sentieren wir Ihnen hier eine seltene 17cm Schallkarte herausgegeben von Shirli Ldt.records mit dem Lied\u00a0 <em>Hora Bilu <\/em>interpretiert von Shlishiyat Gesher Hayarkon und komponiert von\u00a0 Alexandre Argov.<\/p>\n<p><img decoding=\"async\" class=\"alignleft wp-image-18061\" src=\"https:\/\/www.iemj.org\/wp-content\/uploads\/2018\/01\/doc2_hora_bilu.jpg\" alt=\"doc2_hora_bilu.jpg\" width=\"217\" height=\"621\" align=\"left\" srcset=\"https:\/\/www.iemj.org\/wp-content\/uploads\/2018\/01\/doc2_hora_bilu.jpg 169w, https:\/\/www.iemj.org\/wp-content\/uploads\/2018\/01\/doc2_hora_bilu-105x300.jpg 105w\" sizes=\"(max-width: 217px) 100vw, 217px\" \/><\/p>\n<p>\u00a0<\/p>\n<p><em>Die M\u00f6wen schreien<\/em><\/p>\n<p><em>\u00fcberm blauen blauen Meer<br \/>macht euch bereit zur Segelfahrt.<\/em><\/p>\n<p><em>Wir tanzen mit den Wellen auf dem Meer<\/em><\/p>\n<p><em>la hora\u00a0 la hora du Bilu<\/em><\/p>\n<p><em>Bilu, wir segeln bis zum Horizont<\/em><\/p>\n<p><em>bis zum Ende des lieblichen\u00a0 Wellenlieds<\/em><\/p>\n<p><em>mit tausend t\u00f6nenden Fl\u00f6ten &#8211; Bilu<\/em><\/p>\n<p><em>untern dem blauen blauen Himmel<\/em><\/p>\n<p><em>auf den wei<\/em>\u03b2<em>ssen wei<\/em>\u03b2<em>en Decks<\/em><\/p>\n<p><em>lasst uns singen und lachen<\/em><\/p>\n<p><em>lasst uns segeln.<\/em><\/p>\n<p>\u00a0<\/p>\n<p>\u00a0<\/p>\n<h4>\u00a0<\/h4>\n<h3>H\u00f6ren Sie sich die Schallkarte Hora Bilu an<\/h3>\n\n\n<figure class=\"wp-block-embed is-type-video is-provider-youtube wp-block-embed-youtube wp-embed-aspect-4-3 wp-has-aspect-ratio\"><div class=\"wp-block-embed__wrapper\">\n<iframe title=\"La phonocarte Hora Bilu\" width=\"640\" height=\"480\" src=\"https:\/\/www.youtube.com\/embed\/Fapx0cMVpJE?feature=oembed\" frameborder=\"0\" allow=\"accelerometer; autoplay; clipboard-write; encrypted-media; gyroscope; picture-in-picture; web-share\" referrerpolicy=\"strict-origin-when-cross-origin\" allowfullscreen><\/iframe>\n<\/div><\/figure>\n\n\n\n<p><\/p>\n","protected":false},"excerpt":{"rendered":"<p>Auf den ersten Blick k\u00f6nnte man es f\u00fcr eine Postkarte halten, aber bei n\u00e4herem Hinsehen entdeckt man ein Loch, um das feine Rillen verlaufen\u00a0! Es handelt sich tats\u00e4chlich um eine<\/p>\n","protected":false},"author":1052,"featured_media":49343,"comment_status":"closed","ping_status":"open","sticky":false,"template":"","format":"standard","meta":{"_acf_changed":false,"footnotes":""},"categories":[1563],"tags":[],"technique":[],"squelettes":[],"sujet":[],"formation":[],"genre":[],"fonds":[],"tradition":[],"type-de-contenu":[],"interprete-compositeur":[],"frise":[],"type-devenement":[],"tableaux-liens-externes":[],"class_list":["post-49342","post","type-post","status-publish","format-standard","has-post-thumbnail","hentry","category-highlights-de"],"acf":[],"yoast_head":"<!-- This site is optimized with the Yoast SEO plugin v27.3 - https:\/\/yoast.com\/product\/yoast-seo-wordpress\/ -->\n<title>Die Schallkarte (phonocarte) Hora Bilu - Institut Europ\u00e9en des Musiques Juives<\/title>\n<meta name=\"robots\" content=\"index, follow, max-snippet:-1, max-image-preview:large, max-video-preview:-1\" \/>\n<link rel=\"canonical\" href=\"https:\/\/www.iemj.org\/de\/la-phonocarte-hora-bilu\/\" \/>\n<meta property=\"og:locale\" content=\"de_DE\" \/>\n<meta property=\"og:type\" content=\"article\" \/>\n<meta property=\"og:title\" content=\"Die Schallkarte (phonocarte) Hora Bilu - Institut Europ\u00e9en des Musiques Juives\" \/>\n<meta property=\"og:description\" content=\"Auf den ersten Blick k\u00f6nnte man es f\u00fcr eine Postkarte halten, aber bei n\u00e4herem Hinsehen entdeckt man ein Loch, um das feine Rillen verlaufen\u00a0! Es handelt sich tats\u00e4chlich um eine\" \/>\n<meta property=\"og:url\" content=\"https:\/\/www.iemj.org\/de\/la-phonocarte-hora-bilu\/\" \/>\n<meta property=\"og:site_name\" content=\"Institut Europ\u00e9en des Musiques Juives\" \/>\n<meta property=\"article:publisher\" content=\"https:\/\/www.facebook.com\/MusiquesJuives\/\" \/>\n<meta property=\"article:published_time\" content=\"2018-01-31T09:33:29+00:00\" \/>\n<meta property=\"article:modified_time\" content=\"2023-12-19T14:37:04+00:00\" \/>\n<meta property=\"og:image\" content=\"https:\/\/www.iemj.org\/wp-content\/uploads\/2018\/01\/arton3096-e1618738899231.jpg\" \/>\n\t<meta property=\"og:image:width\" content=\"350\" \/>\n\t<meta property=\"og:image:height\" content=\"349\" \/>\n\t<meta property=\"og:image:type\" content=\"image\/jpeg\" \/>\n<meta name=\"author\" content=\"Lea Couderc\" \/>\n<meta name=\"twitter:card\" content=\"summary_large_image\" \/>\n<meta name=\"twitter:label1\" content=\"Verfasst von\" \/>\n\t<meta name=\"twitter:data1\" content=\"Lea Couderc\" \/>\n\t<meta name=\"twitter:label2\" content=\"Gesch\u00e4tzte Lesezeit\" \/>\n\t<meta name=\"twitter:data2\" content=\"2\u00a0Minuten\" \/>\n<script type=\"application\/ld+json\" class=\"yoast-schema-graph\">{\"@context\":\"https:\\\/\\\/schema.org\",\"@graph\":[{\"@type\":\"Article\",\"@id\":\"https:\\\/\\\/www.iemj.org\\\/de\\\/la-phonocarte-hora-bilu\\\/#article\",\"isPartOf\":{\"@id\":\"https:\\\/\\\/www.iemj.org\\\/de\\\/la-phonocarte-hora-bilu\\\/\"},\"author\":{\"name\":\"Lea Couderc\",\"@id\":\"https:\\\/\\\/www.iemj.org\\\/de\\\/#\\\/schema\\\/person\\\/e2ad57f2c4be119c7ed8ab79036807a9\"},\"headline\":\"Die Schallkarte (phonocarte) Hora Bilu\",\"datePublished\":\"2018-01-31T09:33:29+00:00\",\"dateModified\":\"2023-12-19T14:37:04+00:00\",\"mainEntityOfPage\":{\"@id\":\"https:\\\/\\\/www.iemj.org\\\/de\\\/la-phonocarte-hora-bilu\\\/\"},\"wordCount\":289,\"publisher\":{\"@id\":\"https:\\\/\\\/www.iemj.org\\\/de\\\/#organization\"},\"image\":{\"@id\":\"https:\\\/\\\/www.iemj.org\\\/de\\\/la-phonocarte-hora-bilu\\\/#primaryimage\"},\"thumbnailUrl\":\"https:\\\/\\\/www.iemj.org\\\/wp-content\\\/uploads\\\/2018\\\/01\\\/arton3096-e1618738899231.jpg\",\"articleSection\":[\"Highlights\"],\"inLanguage\":\"de\"},{\"@type\":\"WebPage\",\"@id\":\"https:\\\/\\\/www.iemj.org\\\/de\\\/la-phonocarte-hora-bilu\\\/\",\"url\":\"https:\\\/\\\/www.iemj.org\\\/de\\\/la-phonocarte-hora-bilu\\\/\",\"name\":\"Die Schallkarte (phonocarte) Hora Bilu - Institut Europ\u00e9en des Musiques Juives\",\"isPartOf\":{\"@id\":\"https:\\\/\\\/www.iemj.org\\\/de\\\/#website\"},\"primaryImageOfPage\":{\"@id\":\"https:\\\/\\\/www.iemj.org\\\/de\\\/la-phonocarte-hora-bilu\\\/#primaryimage\"},\"image\":{\"@id\":\"https:\\\/\\\/www.iemj.org\\\/de\\\/la-phonocarte-hora-bilu\\\/#primaryimage\"},\"thumbnailUrl\":\"https:\\\/\\\/www.iemj.org\\\/wp-content\\\/uploads\\\/2018\\\/01\\\/arton3096-e1618738899231.jpg\",\"datePublished\":\"2018-01-31T09:33:29+00:00\",\"dateModified\":\"2023-12-19T14:37:04+00:00\",\"breadcrumb\":{\"@id\":\"https:\\\/\\\/www.iemj.org\\\/de\\\/la-phonocarte-hora-bilu\\\/#breadcrumb\"},\"inLanguage\":\"de\",\"potentialAction\":[{\"@type\":\"ReadAction\",\"target\":[\"https:\\\/\\\/www.iemj.org\\\/de\\\/la-phonocarte-hora-bilu\\\/\"]}]},{\"@type\":\"ImageObject\",\"inLanguage\":\"de\",\"@id\":\"https:\\\/\\\/www.iemj.org\\\/de\\\/la-phonocarte-hora-bilu\\\/#primaryimage\",\"url\":\"https:\\\/\\\/www.iemj.org\\\/wp-content\\\/uploads\\\/2018\\\/01\\\/arton3096-e1618738899231.jpg\",\"contentUrl\":\"https:\\\/\\\/www.iemj.org\\\/wp-content\\\/uploads\\\/2018\\\/01\\\/arton3096-e1618738899231.jpg\",\"width\":350,\"height\":349},{\"@type\":\"BreadcrumbList\",\"@id\":\"https:\\\/\\\/www.iemj.org\\\/de\\\/la-phonocarte-hora-bilu\\\/#breadcrumb\",\"itemListElement\":[{\"@type\":\"ListItem\",\"position\":1,\"name\":\"Accueil\",\"item\":\"https:\\\/\\\/www.iemj.org\\\/de\\\/\"},{\"@type\":\"ListItem\",\"position\":2,\"name\":\"Die Schallkarte (phonocarte) Hora Bilu\"}]},{\"@type\":\"WebSite\",\"@id\":\"https:\\\/\\\/www.iemj.org\\\/de\\\/#website\",\"url\":\"https:\\\/\\\/www.iemj.org\\\/de\\\/\",\"name\":\"Institut Europ\u00e9en des Musiques Juives\",\"description\":\"Des traditions musicales \u00e0 la port\u00e9e de tous\",\"publisher\":{\"@id\":\"https:\\\/\\\/www.iemj.org\\\/de\\\/#organization\"},\"potentialAction\":[{\"@type\":\"SearchAction\",\"target\":{\"@type\":\"EntryPoint\",\"urlTemplate\":\"https:\\\/\\\/www.iemj.org\\\/de\\\/?s={search_term_string}\"},\"query-input\":{\"@type\":\"PropertyValueSpecification\",\"valueRequired\":true,\"valueName\":\"search_term_string\"}}],\"inLanguage\":\"de\"},{\"@type\":\"Organization\",\"@id\":\"https:\\\/\\\/www.iemj.org\\\/de\\\/#organization\",\"name\":\"Institut Europ\u00e9en des Musiques Juives\",\"url\":\"https:\\\/\\\/www.iemj.org\\\/de\\\/\",\"logo\":{\"@type\":\"ImageObject\",\"inLanguage\":\"de\",\"@id\":\"https:\\\/\\\/www.iemj.org\\\/de\\\/#\\\/schema\\\/logo\\\/image\\\/\",\"url\":\"https:\\\/\\\/www.iemj.org\\\/wp-content\\\/uploads\\\/2021\\\/09\\\/Logo-IEMJ-Paypal.jpg\",\"contentUrl\":\"https:\\\/\\\/www.iemj.org\\\/wp-content\\\/uploads\\\/2021\\\/09\\\/Logo-IEMJ-Paypal.jpg\",\"width\":150,\"height\":50,\"caption\":\"Institut Europ\u00e9en des Musiques Juives\"},\"image\":{\"@id\":\"https:\\\/\\\/www.iemj.org\\\/de\\\/#\\\/schema\\\/logo\\\/image\\\/\"},\"sameAs\":[\"https:\\\/\\\/www.facebook.com\\\/MusiquesJuives\\\/\",\"https:\\\/\\\/www.instagram.com\\\/musiquesjuives\\\/\",\"https:\\\/\\\/www.youtube.com\\\/user\\\/musiquesjuives\"]},{\"@type\":\"Person\",\"@id\":\"https:\\\/\\\/www.iemj.org\\\/de\\\/#\\\/schema\\\/person\\\/e2ad57f2c4be119c7ed8ab79036807a9\",\"name\":\"Lea Couderc\",\"image\":{\"@type\":\"ImageObject\",\"inLanguage\":\"de\",\"@id\":\"https:\\\/\\\/secure.gravatar.com\\\/avatar\\\/46ee021475d60aeff17a7e490b79dea5a5684bb392ab7fd1494027411df8ba23?s=96&d=mm&r=g\",\"url\":\"https:\\\/\\\/secure.gravatar.com\\\/avatar\\\/46ee021475d60aeff17a7e490b79dea5a5684bb392ab7fd1494027411df8ba23?s=96&d=mm&r=g\",\"contentUrl\":\"https:\\\/\\\/secure.gravatar.com\\\/avatar\\\/46ee021475d60aeff17a7e490b79dea5a5684bb392ab7fd1494027411df8ba23?s=96&d=mm&r=g\",\"caption\":\"Lea Couderc\"}}]}<\/script>\n<!-- \/ Yoast SEO plugin. -->","yoast_head_json":{"title":"Die Schallkarte (phonocarte) Hora Bilu - Institut Europ\u00e9en des Musiques Juives","robots":{"index":"index","follow":"follow","max-snippet":"max-snippet:-1","max-image-preview":"max-image-preview:large","max-video-preview":"max-video-preview:-1"},"canonical":"https:\/\/www.iemj.org\/de\/la-phonocarte-hora-bilu\/","og_locale":"de_DE","og_type":"article","og_title":"Die Schallkarte (phonocarte) Hora Bilu - Institut Europ\u00e9en des Musiques Juives","og_description":"Auf den ersten Blick k\u00f6nnte man es f\u00fcr eine Postkarte halten, aber bei n\u00e4herem Hinsehen entdeckt man ein Loch, um das feine Rillen verlaufen\u00a0! Es handelt sich tats\u00e4chlich um eine","og_url":"https:\/\/www.iemj.org\/de\/la-phonocarte-hora-bilu\/","og_site_name":"Institut Europ\u00e9en des Musiques Juives","article_publisher":"https:\/\/www.facebook.com\/MusiquesJuives\/","article_published_time":"2018-01-31T09:33:29+00:00","article_modified_time":"2023-12-19T14:37:04+00:00","og_image":[{"width":350,"height":349,"url":"https:\/\/www.iemj.org\/wp-content\/uploads\/2018\/01\/arton3096-e1618738899231.jpg","type":"image\/jpeg"}],"author":"Lea Couderc","twitter_card":"summary_large_image","twitter_misc":{"Verfasst von":"Lea Couderc","Gesch\u00e4tzte Lesezeit":"2\u00a0Minuten"},"schema":{"@context":"https:\/\/schema.org","@graph":[{"@type":"Article","@id":"https:\/\/www.iemj.org\/de\/la-phonocarte-hora-bilu\/#article","isPartOf":{"@id":"https:\/\/www.iemj.org\/de\/la-phonocarte-hora-bilu\/"},"author":{"name":"Lea Couderc","@id":"https:\/\/www.iemj.org\/de\/#\/schema\/person\/e2ad57f2c4be119c7ed8ab79036807a9"},"headline":"Die Schallkarte (phonocarte) Hora Bilu","datePublished":"2018-01-31T09:33:29+00:00","dateModified":"2023-12-19T14:37:04+00:00","mainEntityOfPage":{"@id":"https:\/\/www.iemj.org\/de\/la-phonocarte-hora-bilu\/"},"wordCount":289,"publisher":{"@id":"https:\/\/www.iemj.org\/de\/#organization"},"image":{"@id":"https:\/\/www.iemj.org\/de\/la-phonocarte-hora-bilu\/#primaryimage"},"thumbnailUrl":"https:\/\/www.iemj.org\/wp-content\/uploads\/2018\/01\/arton3096-e1618738899231.jpg","articleSection":["Highlights"],"inLanguage":"de"},{"@type":"WebPage","@id":"https:\/\/www.iemj.org\/de\/la-phonocarte-hora-bilu\/","url":"https:\/\/www.iemj.org\/de\/la-phonocarte-hora-bilu\/","name":"Die Schallkarte (phonocarte) Hora Bilu - Institut Europ\u00e9en des Musiques Juives","isPartOf":{"@id":"https:\/\/www.iemj.org\/de\/#website"},"primaryImageOfPage":{"@id":"https:\/\/www.iemj.org\/de\/la-phonocarte-hora-bilu\/#primaryimage"},"image":{"@id":"https:\/\/www.iemj.org\/de\/la-phonocarte-hora-bilu\/#primaryimage"},"thumbnailUrl":"https:\/\/www.iemj.org\/wp-content\/uploads\/2018\/01\/arton3096-e1618738899231.jpg","datePublished":"2018-01-31T09:33:29+00:00","dateModified":"2023-12-19T14:37:04+00:00","breadcrumb":{"@id":"https:\/\/www.iemj.org\/de\/la-phonocarte-hora-bilu\/#breadcrumb"},"inLanguage":"de","potentialAction":[{"@type":"ReadAction","target":["https:\/\/www.iemj.org\/de\/la-phonocarte-hora-bilu\/"]}]},{"@type":"ImageObject","inLanguage":"de","@id":"https:\/\/www.iemj.org\/de\/la-phonocarte-hora-bilu\/#primaryimage","url":"https:\/\/www.iemj.org\/wp-content\/uploads\/2018\/01\/arton3096-e1618738899231.jpg","contentUrl":"https:\/\/www.iemj.org\/wp-content\/uploads\/2018\/01\/arton3096-e1618738899231.jpg","width":350,"height":349},{"@type":"BreadcrumbList","@id":"https:\/\/www.iemj.org\/de\/la-phonocarte-hora-bilu\/#breadcrumb","itemListElement":[{"@type":"ListItem","position":1,"name":"Accueil","item":"https:\/\/www.iemj.org\/de\/"},{"@type":"ListItem","position":2,"name":"Die Schallkarte (phonocarte) Hora Bilu"}]},{"@type":"WebSite","@id":"https:\/\/www.iemj.org\/de\/#website","url":"https:\/\/www.iemj.org\/de\/","name":"Institut Europ\u00e9en des Musiques Juives","description":"Des traditions musicales \u00e0 la port\u00e9e de tous","publisher":{"@id":"https:\/\/www.iemj.org\/de\/#organization"},"potentialAction":[{"@type":"SearchAction","target":{"@type":"EntryPoint","urlTemplate":"https:\/\/www.iemj.org\/de\/?s={search_term_string}"},"query-input":{"@type":"PropertyValueSpecification","valueRequired":true,"valueName":"search_term_string"}}],"inLanguage":"de"},{"@type":"Organization","@id":"https:\/\/www.iemj.org\/de\/#organization","name":"Institut Europ\u00e9en des Musiques Juives","url":"https:\/\/www.iemj.org\/de\/","logo":{"@type":"ImageObject","inLanguage":"de","@id":"https:\/\/www.iemj.org\/de\/#\/schema\/logo\/image\/","url":"https:\/\/www.iemj.org\/wp-content\/uploads\/2021\/09\/Logo-IEMJ-Paypal.jpg","contentUrl":"https:\/\/www.iemj.org\/wp-content\/uploads\/2021\/09\/Logo-IEMJ-Paypal.jpg","width":150,"height":50,"caption":"Institut Europ\u00e9en des Musiques Juives"},"image":{"@id":"https:\/\/www.iemj.org\/de\/#\/schema\/logo\/image\/"},"sameAs":["https:\/\/www.facebook.com\/MusiquesJuives\/","https:\/\/www.instagram.com\/musiquesjuives\/","https:\/\/www.youtube.com\/user\/musiquesjuives"]},{"@type":"Person","@id":"https:\/\/www.iemj.org\/de\/#\/schema\/person\/e2ad57f2c4be119c7ed8ab79036807a9","name":"Lea Couderc","image":{"@type":"ImageObject","inLanguage":"de","@id":"https:\/\/secure.gravatar.com\/avatar\/46ee021475d60aeff17a7e490b79dea5a5684bb392ab7fd1494027411df8ba23?s=96&d=mm&r=g","url":"https:\/\/secure.gravatar.com\/avatar\/46ee021475d60aeff17a7e490b79dea5a5684bb392ab7fd1494027411df8ba23?s=96&d=mm&r=g","contentUrl":"https:\/\/secure.gravatar.com\/avatar\/46ee021475d60aeff17a7e490b79dea5a5684bb392ab7fd1494027411df8ba23?s=96&d=mm&r=g","caption":"Lea Couderc"}}]}},"_links":{"self":[{"href":"https:\/\/www.iemj.org\/de\/wp-json\/wp\/v2\/posts\/49342","targetHints":{"allow":["GET"]}}],"collection":[{"href":"https:\/\/www.iemj.org\/de\/wp-json\/wp\/v2\/posts"}],"about":[{"href":"https:\/\/www.iemj.org\/de\/wp-json\/wp\/v2\/types\/post"}],"author":[{"embeddable":true,"href":"https:\/\/www.iemj.org\/de\/wp-json\/wp\/v2\/users\/1052"}],"replies":[{"embeddable":true,"href":"https:\/\/www.iemj.org\/de\/wp-json\/wp\/v2\/comments?post=49342"}],"version-history":[{"count":0,"href":"https:\/\/www.iemj.org\/de\/wp-json\/wp\/v2\/posts\/49342\/revisions"}],"wp:featuredmedia":[{"embeddable":true,"href":"https:\/\/www.iemj.org\/de\/wp-json\/wp\/v2\/media\/49343"}],"wp:attachment":[{"href":"https:\/\/www.iemj.org\/de\/wp-json\/wp\/v2\/media?parent=49342"}],"wp:term":[{"taxonomy":"category","embeddable":true,"href":"https:\/\/www.iemj.org\/de\/wp-json\/wp\/v2\/categories?post=49342"},{"taxonomy":"post_tag","embeddable":true,"href":"https:\/\/www.iemj.org\/de\/wp-json\/wp\/v2\/tags?post=49342"},{"taxonomy":"technique","embeddable":true,"href":"https:\/\/www.iemj.org\/de\/wp-json\/wp\/v2\/technique?post=49342"},{"taxonomy":"squelettes","embeddable":true,"href":"https:\/\/www.iemj.org\/de\/wp-json\/wp\/v2\/squelettes?post=49342"},{"taxonomy":"sujet","embeddable":true,"href":"https:\/\/www.iemj.org\/de\/wp-json\/wp\/v2\/sujet?post=49342"},{"taxonomy":"formation","embeddable":true,"href":"https:\/\/www.iemj.org\/de\/wp-json\/wp\/v2\/formation?post=49342"},{"taxonomy":"genre","embeddable":true,"href":"https:\/\/www.iemj.org\/de\/wp-json\/wp\/v2\/genre?post=49342"},{"taxonomy":"fonds","embeddable":true,"href":"https:\/\/www.iemj.org\/de\/wp-json\/wp\/v2\/fonds?post=49342"},{"taxonomy":"tradition","embeddable":true,"href":"https:\/\/www.iemj.org\/de\/wp-json\/wp\/v2\/tradition?post=49342"},{"taxonomy":"type-de-contenu","embeddable":true,"href":"https:\/\/www.iemj.org\/de\/wp-json\/wp\/v2\/type-de-contenu?post=49342"},{"taxonomy":"interprete-compositeur","embeddable":true,"href":"https:\/\/www.iemj.org\/de\/wp-json\/wp\/v2\/interprete-compositeur?post=49342"},{"taxonomy":"frise","embeddable":true,"href":"https:\/\/www.iemj.org\/de\/wp-json\/wp\/v2\/frise?post=49342"},{"taxonomy":"type-devenement","embeddable":true,"href":"https:\/\/www.iemj.org\/de\/wp-json\/wp\/v2\/type-devenement?post=49342"},{"taxonomy":"tableaux-liens-externes","embeddable":true,"href":"https:\/\/www.iemj.org\/de\/wp-json\/wp\/v2\/tableaux-liens-externes?post=49342"}],"curies":[{"name":"wp","href":"https:\/\/api.w.org\/{rel}","templated":true}]}}