{"id":49364,"date":"2017-10-04T14:18:47","date_gmt":"2017-10-04T12:18:47","guid":{"rendered":"https:\/\/www.iemj.org\/les-disques-78-tours-peints-de-ben-baruch\/"},"modified":"2025-10-08T09:45:04","modified_gmt":"2025-10-08T07:45:04","slug":"les-disques-78-tours-peints-de-ben-baruch","status":"publish","type":"post","link":"https:\/\/www.iemj.org\/de\/les-disques-78-tours-peints-de-ben-baruch\/","title":{"rendered":"Die bemalten 78 rpm Schellackpatten von Ben Baruch"},"content":{"rendered":"\n<p>In unserer Sammlung von 78 rmp Schellackplatten (im Septembre 2017 belief sich die Anzahl auf fast 500) befinden sich einige ganz besondere Exemplare wie wie zum Beispiel die <a href=\"https:\/\/en.wikipedia.org\/wiki\/Picture_disc\">bemalten Platten<\/a> von <a href=\"https:\/\/www.iemj.org\/en\/chalude-jacques-aka-ben-barukh-1914-1997\/\">Ben Baruch<\/a>. Die zwischen 1946 und 1950 aufgenommenen Platten wurden vom Plattenlabel Saturne herausgebracht.<\/p>\n\n\n\n<p>Um 1918 tauchten die ersten nicht mehr komplett schwarzen Platten auf. Ein kommerzieller Erfolg waren sie jedoch nicht, denn sie blieben einem wohlhabenden Sammlerpublikum vorenthalten.<\/p>\n\n\n\n<p>Bis in die Mitte der 50er Jahre gab das Plattenlabel Saturne ungef\u00e4hr 150 farbig gestaltete Platten heraus. Etwas z\u00f6gerlicher folgten anderer L\u00e4nder dem Beispiel von Saturne. So erschienen sporadisch einige bunt gestaltete Platten in Deutschland, Japan, <em>Gro\u00dfbrittanien<\/em>und Australien.<\/p>\n\n\n\n<p>Im Okober 1950 brachte das Label Saturne eine Serie von illustrierten Platten mit j\u00fcdischer Musik heraus. Insgesamt 18 Platten wurden mit den S\u00e4ngern Berland und Ben Baruch, darunter 11 mit dem letzteren, produziert.<\/p>\n\n\n\n<div class=\"wp-block-columns are-vertically-aligned-center is-layout-flex wp-container-core-columns-is-layout-9d6595d7 wp-block-columns-is-layout-flex\">\n<div class=\"wp-block-column is-vertically-aligned-center is-layout-flow wp-block-column-is-layout-flow\"><div class=\"wp-block-image\">\n<figure class=\"aligncenter size-large is-resized\"><img decoding=\"async\" src=\"https:\/\/www.iemj.org\/wp-content\/uploads\/2017\/10\/doc_ben_baruch3_500_200.jpg\" alt=\"\" style=\"width:460px;height:auto\"\/><\/figure>\n<\/div><\/div>\n\n\n\n<div class=\"wp-block-column is-vertically-aligned-center is-layout-flow wp-block-column-is-layout-flow\">\n<figure class=\"wp-block-embed is-type-video is-provider-youtube wp-block-embed-youtube wp-embed-aspect-4-3 wp-has-aspect-ratio\"><div class=\"wp-block-embed__wrapper\">\n<iframe title=\"Les disques peints de Ben Baruch\" width=\"640\" height=\"480\" src=\"https:\/\/www.youtube.com\/embed\/FAEDlL2pMqI?feature=oembed\" frameborder=\"0\" allow=\"accelerometer; autoplay; clipboard-write; encrypted-media; gyroscope; picture-in-picture; web-share\" referrerpolicy=\"strict-origin-when-cross-origin\" allowfullscreen><\/iframe>\n<\/div><\/figure>\n<\/div>\n<\/div>\n\n\n\n<p>Auf der einen Seite einer dieser Platten kann man das&nbsp; Kol Nidre&nbsp;h\u00f6ren, auf der anderen ein Kaddish. Beide St\u00fccke interpretiert von Jacques Zaludowski, alias Ben Baruch, und der Dirigent ist <a href=\"https:\/\/www.cfmj.fr\/fr\/contenuen-ligne\/biographies\/leon-algazi-1890-1971.html\">L\u00e9on Algazi (1890-1971)<\/a>, der ab 1961 Generalmusikdirektor der j\u00fcdischen Tempel in Paris wurde.<\/p>\n\n\n\n<figure class=\"wp-block-gallery has-nested-images columns-default is-cropped wp-block-gallery-1 is-layout-flex wp-block-gallery-is-layout-flex\">\n<figure class=\"wp-block-image size-large\"><img fetchpriority=\"high\" decoding=\"async\" width=\"1024\" height=\"995\" data-id=\"15480\" src=\"https:\/\/www.iemj.org\/wp-content\/uploads\/2017\/10\/d78-30_40_couv4-1024x995.jpg\" alt=\"d78-30_40_couv4.jpg\" class=\"wp-image-15480\" srcset=\"https:\/\/www.iemj.org\/wp-content\/uploads\/2017\/10\/d78-30_40_couv4-1024x995.jpg 1024w, https:\/\/www.iemj.org\/wp-content\/uploads\/2017\/10\/d78-30_40_couv4-300x292.jpg 300w, https:\/\/www.iemj.org\/wp-content\/uploads\/2017\/10\/d78-30_40_couv4-768x746.jpg 768w, https:\/\/www.iemj.org\/wp-content\/uploads\/2017\/10\/d78-30_40_couv4-1536x1493.jpg 1536w, https:\/\/www.iemj.org\/wp-content\/uploads\/2017\/10\/d78-30_40_couv4-2048x1990.jpg 2048w, https:\/\/www.iemj.org\/wp-content\/uploads\/2017\/10\/d78-30_40_couv4-600x583.jpg 600w\" sizes=\"(max-width: 1024px) 100vw, 1024px\" \/><\/figure>\n\n\n\n<figure class=\"wp-block-image size-large\"><img decoding=\"async\" width=\"1003\" height=\"1024\" data-id=\"15482\" src=\"https:\/\/www.iemj.org\/wp-content\/uploads\/2017\/10\/d78-30_40_couv-1003x1024.jpg\" alt=\"d78-30_40_couv.jpg\" class=\"wp-image-15482\" srcset=\"https:\/\/www.iemj.org\/wp-content\/uploads\/2017\/10\/d78-30_40_couv-1003x1024.jpg 1003w, https:\/\/www.iemj.org\/wp-content\/uploads\/2017\/10\/d78-30_40_couv-294x300.jpg 294w, https:\/\/www.iemj.org\/wp-content\/uploads\/2017\/10\/d78-30_40_couv-768x784.jpg 768w, https:\/\/www.iemj.org\/wp-content\/uploads\/2017\/10\/d78-30_40_couv-1504x1536.jpg 1504w, https:\/\/www.iemj.org\/wp-content\/uploads\/2017\/10\/d78-30_40_couv-2006x2048.jpg 2006w, https:\/\/www.iemj.org\/wp-content\/uploads\/2017\/10\/d78-30_40_couv-600x613.jpg 600w\" sizes=\"(max-width: 1003px) 100vw, 1003px\" \/><\/figure>\n<\/figure>\n\n\n\n<div class=\"wp-block-group\"><div class=\"wp-block-group__inner-container is-layout-flow wp-block-group-is-layout-flow\">\n<div class=\"wp-block-group\"><div class=\"wp-block-group__inner-container is-layout-flow wp-block-group-is-layout-flow\">\n<p><a href=\"http:\/\/www.rachelnet.net\/F\/?func=find-c&amp;ccl_term=WHOC%3Dchalude&amp;local_base=cfmcg&amp;x=4&amp;y=12\">Sie k\u00f6nnen die Archive von Ben Baruch in unserem online-Katalog RachelNet&nbsp;konsultieren.<\/a><\/p>\n\n\n\n<p><a href=\"https:\/\/www.iemj.org\/en\/chalude-jacques-aka-ben-barukh-1914-1997\/\">Konsultieren Sie bitte die Biografie von <\/a><a href=\"https:\/\/www.iemj.org\/fr\/contenuen-ligne\/biographies\/jacques-chalude-dit-ben-baruch-1914-1997.html\">&nbsp;Ben Baruch<\/a><\/p>\n\n\n\n<p><a href=\"https:\/\/www.iemj.org\/jacques-chalude-dit-ben-baruch-lartiste-aux-multiples-facettes\/\">H\u00f6ren Sie die Radiosendung <em>Musiques juives d&#8217;hier et d&#8217;aujourd&#8217;hui<\/em>, die Ben Baruch gewidmet ist, pr\u00e4sentiert von Herv\u00e9 Roten, mit dem Sohn von Ben Baruch, Joel Chalude, als Gast<\/a><\/p>\n<\/div><\/div>\n<\/div><\/div>\n\n\n\n<p><a href=\"https:\/\/www.iemj.org\/de\/produit\/casket-of-the-jewish-musics-in-paris-in-the-aftermath-of-ww-ii\/\">Erwerben Sie die Sammlung: \u00ab&nbsp;Musiques juives dans le Paris de l\u2019apr\u00e8s-guerre- Elesdisc 1948-1953, coll Archives, vol. 1 \u00e0 6<\/a><\/p>\n\n\n<div class=\"wp-block-image\">\n<figure class=\"aligncenter size-large\"><img decoding=\"async\" width=\"1024\" height=\"133\" src=\"https:\/\/www.iemj.org\/wp-content\/uploads\/2024\/03\/AUDIO-PLAYER-1024x133.png\" alt=\"\" class=\"wp-image-110606\" srcset=\"https:\/\/www.iemj.org\/wp-content\/uploads\/2024\/03\/AUDIO-PLAYER-1024x133.png 1024w, https:\/\/www.iemj.org\/wp-content\/uploads\/2024\/03\/AUDIO-PLAYER-300x39.png 300w, https:\/\/www.iemj.org\/wp-content\/uploads\/2024\/03\/AUDIO-PLAYER-768x100.png 768w, https:\/\/www.iemj.org\/wp-content\/uploads\/2024\/03\/AUDIO-PLAYER-600x78.png 600w, https:\/\/www.iemj.org\/wp-content\/uploads\/2024\/03\/AUDIO-PLAYER.png 1210w\" sizes=\"(max-width: 1024px) 100vw, 1024px\" \/><\/figure>\n<\/div>\n\n\n<div class=\"wp-block-file\"><a href=\"https:\/\/www.iemj.org\/wp-content\/uploads\/2017\/10\/cd_614a_11.mp3\">Kol Nidre, by Ben Baruch<\/a><\/div>\n\n\n\n<div class=\"wp-block-file\"><a href=\"https:\/\/www.iemj.org\/wp-content\/uploads\/2017\/10\/cd_614a_12.mp3\">Kaddish, by Ben Baruch<\/a><\/div>\n\n\n\n<div class=\"wp-block-file\"><a href=\"https:\/\/www.iemj.org\/wp-content\/uploads\/2017\/12\/d78-30_44_02.mp3\">Oyfn Pripetchik, par Ben Baruch<\/a><\/div>\n\n\n\n<div class=\"wp-block-file\"><a href=\"https:\/\/www.iemj.org\/wp-content\/uploads\/2018\/06\/d78-30_98_02.mp3\">Zochrenou Lachaim, par Ben Baruch<\/a><\/div>\n","protected":false},"excerpt":{"rendered":"<p>In unserer Sammlung von 78 rmp Schellackplatten (im Septembre 2017 belief sich die Anzahl auf fast 500) befinden sich einige ganz besondere Exemplare wie wie zum Beispiel die bemalten Platten<\/p>\n","protected":false},"author":1048,"featured_media":49365,"comment_status":"closed","ping_status":"closed","sticky":false,"template":"","format":"standard","meta":{"_acf_changed":false,"footnotes":""},"categories":[1563],"tags":[],"technique":[],"squelettes":[],"sujet":[],"formation":[],"genre":[],"fonds":[],"tradition":[],"type-de-contenu":[],"interprete-compositeur":[3101,3251],"frise":[],"type-devenement":[],"tableaux-liens-externes":[],"class_list":["post-49364","post","type-post","status-publish","format-standard","has-post-thumbnail","hentry","category-highlights-de","interprete-compositeur-ben-baruch-de","interprete-compositeur-leon-algazi-de"],"acf":[],"yoast_head":"<!-- This site is optimized with the Yoast SEO plugin v27.3 - https:\/\/yoast.com\/product\/yoast-seo-wordpress\/ -->\n<title>Die bemalten 78 rpm Schellackpatten von Ben Baruch - Institut Europ\u00e9en des Musiques Juives<\/title>\n<meta name=\"robots\" content=\"index, follow, max-snippet:-1, max-image-preview:large, max-video-preview:-1\" \/>\n<link rel=\"canonical\" href=\"https:\/\/www.iemj.org\/de\/les-disques-78-tours-peints-de-ben-baruch\/\" \/>\n<meta property=\"og:locale\" content=\"de_DE\" \/>\n<meta property=\"og:type\" content=\"article\" \/>\n<meta property=\"og:title\" content=\"Die bemalten 78 rpm Schellackpatten von Ben Baruch - Institut Europ\u00e9en des Musiques Juives\" \/>\n<meta property=\"og:description\" content=\"In unserer Sammlung von 78 rmp Schellackplatten (im Septembre 2017 belief sich die Anzahl auf fast 500) befinden sich einige ganz besondere Exemplare wie wie zum Beispiel die bemalten Platten\" \/>\n<meta property=\"og:url\" content=\"https:\/\/www.iemj.org\/de\/les-disques-78-tours-peints-de-ben-baruch\/\" \/>\n<meta property=\"og:site_name\" content=\"Institut Europ\u00e9en des Musiques Juives\" \/>\n<meta property=\"article:publisher\" content=\"https:\/\/www.facebook.com\/MusiquesJuives\/\" \/>\n<meta property=\"article:published_time\" content=\"2017-10-04T12:18:47+00:00\" \/>\n<meta property=\"article:modified_time\" content=\"2025-10-08T07:45:04+00:00\" \/>\n<meta property=\"og:image\" content=\"https:\/\/www.iemj.org\/wp-content\/uploads\/2017\/10\/arton2502-e1618753687741.jpg\" \/>\n\t<meta property=\"og:image:width\" content=\"350\" \/>\n\t<meta property=\"og:image:height\" content=\"340\" \/>\n\t<meta property=\"og:image:type\" content=\"image\/jpeg\" \/>\n<meta name=\"author\" content=\"Jean-Gabriel Davis\" \/>\n<meta name=\"twitter:card\" content=\"summary_large_image\" \/>\n<meta name=\"twitter:label1\" content=\"Verfasst von\" \/>\n\t<meta name=\"twitter:data1\" content=\"Jean-Gabriel Davis\" \/>\n\t<meta name=\"twitter:label2\" content=\"Gesch\u00e4tzte Lesezeit\" \/>\n\t<meta name=\"twitter:data2\" content=\"3\u00a0Minuten\" \/>\n<script type=\"application\/ld+json\" class=\"yoast-schema-graph\">{\"@context\":\"https:\\\/\\\/schema.org\",\"@graph\":[{\"@type\":\"Article\",\"@id\":\"https:\\\/\\\/www.iemj.org\\\/de\\\/les-disques-78-tours-peints-de-ben-baruch\\\/#article\",\"isPartOf\":{\"@id\":\"https:\\\/\\\/www.iemj.org\\\/de\\\/les-disques-78-tours-peints-de-ben-baruch\\\/\"},\"author\":{\"name\":\"Jean-Gabriel Davis\",\"@id\":\"https:\\\/\\\/www.iemj.org\\\/de\\\/#\\\/schema\\\/person\\\/c9bc1c386a3749579a2d675e72a18666\"},\"headline\":\"Die bemalten 78 rpm Schellackpatten von Ben Baruch\",\"datePublished\":\"2017-10-04T12:18:47+00:00\",\"dateModified\":\"2025-10-08T07:45:04+00:00\",\"mainEntityOfPage\":{\"@id\":\"https:\\\/\\\/www.iemj.org\\\/de\\\/les-disques-78-tours-peints-de-ben-baruch\\\/\"},\"wordCount\":292,\"publisher\":{\"@id\":\"https:\\\/\\\/www.iemj.org\\\/de\\\/#organization\"},\"image\":{\"@id\":\"https:\\\/\\\/www.iemj.org\\\/de\\\/les-disques-78-tours-peints-de-ben-baruch\\\/#primaryimage\"},\"thumbnailUrl\":\"https:\\\/\\\/www.iemj.org\\\/wp-content\\\/uploads\\\/2017\\\/10\\\/arton2502-e1618753687741.jpg\",\"articleSection\":[\"Highlights\"],\"inLanguage\":\"de\"},{\"@type\":\"WebPage\",\"@id\":\"https:\\\/\\\/www.iemj.org\\\/de\\\/les-disques-78-tours-peints-de-ben-baruch\\\/\",\"url\":\"https:\\\/\\\/www.iemj.org\\\/de\\\/les-disques-78-tours-peints-de-ben-baruch\\\/\",\"name\":\"Die bemalten 78 rpm Schellackpatten von Ben Baruch - Institut Europ\u00e9en des Musiques Juives\",\"isPartOf\":{\"@id\":\"https:\\\/\\\/www.iemj.org\\\/de\\\/#website\"},\"primaryImageOfPage\":{\"@id\":\"https:\\\/\\\/www.iemj.org\\\/de\\\/les-disques-78-tours-peints-de-ben-baruch\\\/#primaryimage\"},\"image\":{\"@id\":\"https:\\\/\\\/www.iemj.org\\\/de\\\/les-disques-78-tours-peints-de-ben-baruch\\\/#primaryimage\"},\"thumbnailUrl\":\"https:\\\/\\\/www.iemj.org\\\/wp-content\\\/uploads\\\/2017\\\/10\\\/arton2502-e1618753687741.jpg\",\"datePublished\":\"2017-10-04T12:18:47+00:00\",\"dateModified\":\"2025-10-08T07:45:04+00:00\",\"breadcrumb\":{\"@id\":\"https:\\\/\\\/www.iemj.org\\\/de\\\/les-disques-78-tours-peints-de-ben-baruch\\\/#breadcrumb\"},\"inLanguage\":\"de\",\"potentialAction\":[{\"@type\":\"ReadAction\",\"target\":[\"https:\\\/\\\/www.iemj.org\\\/de\\\/les-disques-78-tours-peints-de-ben-baruch\\\/\"]}]},{\"@type\":\"ImageObject\",\"inLanguage\":\"de\",\"@id\":\"https:\\\/\\\/www.iemj.org\\\/de\\\/les-disques-78-tours-peints-de-ben-baruch\\\/#primaryimage\",\"url\":\"https:\\\/\\\/www.iemj.org\\\/wp-content\\\/uploads\\\/2017\\\/10\\\/arton2502-e1618753687741.jpg\",\"contentUrl\":\"https:\\\/\\\/www.iemj.org\\\/wp-content\\\/uploads\\\/2017\\\/10\\\/arton2502-e1618753687741.jpg\",\"width\":350,\"height\":340},{\"@type\":\"BreadcrumbList\",\"@id\":\"https:\\\/\\\/www.iemj.org\\\/de\\\/les-disques-78-tours-peints-de-ben-baruch\\\/#breadcrumb\",\"itemListElement\":[{\"@type\":\"ListItem\",\"position\":1,\"name\":\"Accueil\",\"item\":\"https:\\\/\\\/www.iemj.org\\\/de\\\/\"},{\"@type\":\"ListItem\",\"position\":2,\"name\":\"Die bemalten 78 rpm Schellackpatten von Ben Baruch\"}]},{\"@type\":\"WebSite\",\"@id\":\"https:\\\/\\\/www.iemj.org\\\/de\\\/#website\",\"url\":\"https:\\\/\\\/www.iemj.org\\\/de\\\/\",\"name\":\"Institut Europ\u00e9en des Musiques Juives\",\"description\":\"Des traditions musicales \u00e0 la port\u00e9e de tous\",\"publisher\":{\"@id\":\"https:\\\/\\\/www.iemj.org\\\/de\\\/#organization\"},\"potentialAction\":[{\"@type\":\"SearchAction\",\"target\":{\"@type\":\"EntryPoint\",\"urlTemplate\":\"https:\\\/\\\/www.iemj.org\\\/de\\\/?s={search_term_string}\"},\"query-input\":{\"@type\":\"PropertyValueSpecification\",\"valueRequired\":true,\"valueName\":\"search_term_string\"}}],\"inLanguage\":\"de\"},{\"@type\":\"Organization\",\"@id\":\"https:\\\/\\\/www.iemj.org\\\/de\\\/#organization\",\"name\":\"Institut Europ\u00e9en des Musiques Juives\",\"url\":\"https:\\\/\\\/www.iemj.org\\\/de\\\/\",\"logo\":{\"@type\":\"ImageObject\",\"inLanguage\":\"de\",\"@id\":\"https:\\\/\\\/www.iemj.org\\\/de\\\/#\\\/schema\\\/logo\\\/image\\\/\",\"url\":\"https:\\\/\\\/www.iemj.org\\\/wp-content\\\/uploads\\\/2021\\\/09\\\/Logo-IEMJ-Paypal.jpg\",\"contentUrl\":\"https:\\\/\\\/www.iemj.org\\\/wp-content\\\/uploads\\\/2021\\\/09\\\/Logo-IEMJ-Paypal.jpg\",\"width\":150,\"height\":50,\"caption\":\"Institut Europ\u00e9en des Musiques Juives\"},\"image\":{\"@id\":\"https:\\\/\\\/www.iemj.org\\\/de\\\/#\\\/schema\\\/logo\\\/image\\\/\"},\"sameAs\":[\"https:\\\/\\\/www.facebook.com\\\/MusiquesJuives\\\/\",\"https:\\\/\\\/www.instagram.com\\\/musiquesjuives\\\/\",\"https:\\\/\\\/www.youtube.com\\\/user\\\/musiquesjuives\"]},{\"@type\":\"Person\",\"@id\":\"https:\\\/\\\/www.iemj.org\\\/de\\\/#\\\/schema\\\/person\\\/c9bc1c386a3749579a2d675e72a18666\",\"name\":\"Jean-Gabriel Davis\",\"image\":{\"@type\":\"ImageObject\",\"inLanguage\":\"de\",\"@id\":\"https:\\\/\\\/secure.gravatar.com\\\/avatar\\\/2b90d67bdf392c9b3a21fab87c0fa7edaf1fb3a058172a1ffd61033fcec7aec1?s=96&d=mm&r=g\",\"url\":\"https:\\\/\\\/secure.gravatar.com\\\/avatar\\\/2b90d67bdf392c9b3a21fab87c0fa7edaf1fb3a058172a1ffd61033fcec7aec1?s=96&d=mm&r=g\",\"contentUrl\":\"https:\\\/\\\/secure.gravatar.com\\\/avatar\\\/2b90d67bdf392c9b3a21fab87c0fa7edaf1fb3a058172a1ffd61033fcec7aec1?s=96&d=mm&r=g\",\"caption\":\"Jean-Gabriel Davis\"}}]}<\/script>\n<!-- \/ Yoast SEO plugin. -->","yoast_head_json":{"title":"Die bemalten 78 rpm Schellackpatten von Ben Baruch - Institut Europ\u00e9en des Musiques Juives","robots":{"index":"index","follow":"follow","max-snippet":"max-snippet:-1","max-image-preview":"max-image-preview:large","max-video-preview":"max-video-preview:-1"},"canonical":"https:\/\/www.iemj.org\/de\/les-disques-78-tours-peints-de-ben-baruch\/","og_locale":"de_DE","og_type":"article","og_title":"Die bemalten 78 rpm Schellackpatten von Ben Baruch - Institut Europ\u00e9en des Musiques Juives","og_description":"In unserer Sammlung von 78 rmp Schellackplatten (im Septembre 2017 belief sich die Anzahl auf fast 500) befinden sich einige ganz besondere Exemplare wie wie zum Beispiel die bemalten Platten","og_url":"https:\/\/www.iemj.org\/de\/les-disques-78-tours-peints-de-ben-baruch\/","og_site_name":"Institut Europ\u00e9en des Musiques Juives","article_publisher":"https:\/\/www.facebook.com\/MusiquesJuives\/","article_published_time":"2017-10-04T12:18:47+00:00","article_modified_time":"2025-10-08T07:45:04+00:00","og_image":[{"width":350,"height":340,"url":"https:\/\/www.iemj.org\/wp-content\/uploads\/2017\/10\/arton2502-e1618753687741.jpg","type":"image\/jpeg"}],"author":"Jean-Gabriel Davis","twitter_card":"summary_large_image","twitter_misc":{"Verfasst von":"Jean-Gabriel Davis","Gesch\u00e4tzte Lesezeit":"3\u00a0Minuten"},"schema":{"@context":"https:\/\/schema.org","@graph":[{"@type":"Article","@id":"https:\/\/www.iemj.org\/de\/les-disques-78-tours-peints-de-ben-baruch\/#article","isPartOf":{"@id":"https:\/\/www.iemj.org\/de\/les-disques-78-tours-peints-de-ben-baruch\/"},"author":{"name":"Jean-Gabriel Davis","@id":"https:\/\/www.iemj.org\/de\/#\/schema\/person\/c9bc1c386a3749579a2d675e72a18666"},"headline":"Die bemalten 78 rpm Schellackpatten von Ben Baruch","datePublished":"2017-10-04T12:18:47+00:00","dateModified":"2025-10-08T07:45:04+00:00","mainEntityOfPage":{"@id":"https:\/\/www.iemj.org\/de\/les-disques-78-tours-peints-de-ben-baruch\/"},"wordCount":292,"publisher":{"@id":"https:\/\/www.iemj.org\/de\/#organization"},"image":{"@id":"https:\/\/www.iemj.org\/de\/les-disques-78-tours-peints-de-ben-baruch\/#primaryimage"},"thumbnailUrl":"https:\/\/www.iemj.org\/wp-content\/uploads\/2017\/10\/arton2502-e1618753687741.jpg","articleSection":["Highlights"],"inLanguage":"de"},{"@type":"WebPage","@id":"https:\/\/www.iemj.org\/de\/les-disques-78-tours-peints-de-ben-baruch\/","url":"https:\/\/www.iemj.org\/de\/les-disques-78-tours-peints-de-ben-baruch\/","name":"Die bemalten 78 rpm Schellackpatten von Ben Baruch - Institut Europ\u00e9en des Musiques Juives","isPartOf":{"@id":"https:\/\/www.iemj.org\/de\/#website"},"primaryImageOfPage":{"@id":"https:\/\/www.iemj.org\/de\/les-disques-78-tours-peints-de-ben-baruch\/#primaryimage"},"image":{"@id":"https:\/\/www.iemj.org\/de\/les-disques-78-tours-peints-de-ben-baruch\/#primaryimage"},"thumbnailUrl":"https:\/\/www.iemj.org\/wp-content\/uploads\/2017\/10\/arton2502-e1618753687741.jpg","datePublished":"2017-10-04T12:18:47+00:00","dateModified":"2025-10-08T07:45:04+00:00","breadcrumb":{"@id":"https:\/\/www.iemj.org\/de\/les-disques-78-tours-peints-de-ben-baruch\/#breadcrumb"},"inLanguage":"de","potentialAction":[{"@type":"ReadAction","target":["https:\/\/www.iemj.org\/de\/les-disques-78-tours-peints-de-ben-baruch\/"]}]},{"@type":"ImageObject","inLanguage":"de","@id":"https:\/\/www.iemj.org\/de\/les-disques-78-tours-peints-de-ben-baruch\/#primaryimage","url":"https:\/\/www.iemj.org\/wp-content\/uploads\/2017\/10\/arton2502-e1618753687741.jpg","contentUrl":"https:\/\/www.iemj.org\/wp-content\/uploads\/2017\/10\/arton2502-e1618753687741.jpg","width":350,"height":340},{"@type":"BreadcrumbList","@id":"https:\/\/www.iemj.org\/de\/les-disques-78-tours-peints-de-ben-baruch\/#breadcrumb","itemListElement":[{"@type":"ListItem","position":1,"name":"Accueil","item":"https:\/\/www.iemj.org\/de\/"},{"@type":"ListItem","position":2,"name":"Die bemalten 78 rpm Schellackpatten von Ben Baruch"}]},{"@type":"WebSite","@id":"https:\/\/www.iemj.org\/de\/#website","url":"https:\/\/www.iemj.org\/de\/","name":"Institut Europ\u00e9en des Musiques Juives","description":"Des traditions musicales \u00e0 la port\u00e9e de tous","publisher":{"@id":"https:\/\/www.iemj.org\/de\/#organization"},"potentialAction":[{"@type":"SearchAction","target":{"@type":"EntryPoint","urlTemplate":"https:\/\/www.iemj.org\/de\/?s={search_term_string}"},"query-input":{"@type":"PropertyValueSpecification","valueRequired":true,"valueName":"search_term_string"}}],"inLanguage":"de"},{"@type":"Organization","@id":"https:\/\/www.iemj.org\/de\/#organization","name":"Institut Europ\u00e9en des Musiques Juives","url":"https:\/\/www.iemj.org\/de\/","logo":{"@type":"ImageObject","inLanguage":"de","@id":"https:\/\/www.iemj.org\/de\/#\/schema\/logo\/image\/","url":"https:\/\/www.iemj.org\/wp-content\/uploads\/2021\/09\/Logo-IEMJ-Paypal.jpg","contentUrl":"https:\/\/www.iemj.org\/wp-content\/uploads\/2021\/09\/Logo-IEMJ-Paypal.jpg","width":150,"height":50,"caption":"Institut Europ\u00e9en des Musiques Juives"},"image":{"@id":"https:\/\/www.iemj.org\/de\/#\/schema\/logo\/image\/"},"sameAs":["https:\/\/www.facebook.com\/MusiquesJuives\/","https:\/\/www.instagram.com\/musiquesjuives\/","https:\/\/www.youtube.com\/user\/musiquesjuives"]},{"@type":"Person","@id":"https:\/\/www.iemj.org\/de\/#\/schema\/person\/c9bc1c386a3749579a2d675e72a18666","name":"Jean-Gabriel Davis","image":{"@type":"ImageObject","inLanguage":"de","@id":"https:\/\/secure.gravatar.com\/avatar\/2b90d67bdf392c9b3a21fab87c0fa7edaf1fb3a058172a1ffd61033fcec7aec1?s=96&d=mm&r=g","url":"https:\/\/secure.gravatar.com\/avatar\/2b90d67bdf392c9b3a21fab87c0fa7edaf1fb3a058172a1ffd61033fcec7aec1?s=96&d=mm&r=g","contentUrl":"https:\/\/secure.gravatar.com\/avatar\/2b90d67bdf392c9b3a21fab87c0fa7edaf1fb3a058172a1ffd61033fcec7aec1?s=96&d=mm&r=g","caption":"Jean-Gabriel Davis"}}]}},"_links":{"self":[{"href":"https:\/\/www.iemj.org\/de\/wp-json\/wp\/v2\/posts\/49364","targetHints":{"allow":["GET"]}}],"collection":[{"href":"https:\/\/www.iemj.org\/de\/wp-json\/wp\/v2\/posts"}],"about":[{"href":"https:\/\/www.iemj.org\/de\/wp-json\/wp\/v2\/types\/post"}],"author":[{"embeddable":true,"href":"https:\/\/www.iemj.org\/de\/wp-json\/wp\/v2\/users\/1048"}],"replies":[{"embeddable":true,"href":"https:\/\/www.iemj.org\/de\/wp-json\/wp\/v2\/comments?post=49364"}],"version-history":[{"count":2,"href":"https:\/\/www.iemj.org\/de\/wp-json\/wp\/v2\/posts\/49364\/revisions"}],"predecessor-version":[{"id":126509,"href":"https:\/\/www.iemj.org\/de\/wp-json\/wp\/v2\/posts\/49364\/revisions\/126509"}],"wp:featuredmedia":[{"embeddable":true,"href":"https:\/\/www.iemj.org\/de\/wp-json\/wp\/v2\/media\/49365"}],"wp:attachment":[{"href":"https:\/\/www.iemj.org\/de\/wp-json\/wp\/v2\/media?parent=49364"}],"wp:term":[{"taxonomy":"category","embeddable":true,"href":"https:\/\/www.iemj.org\/de\/wp-json\/wp\/v2\/categories?post=49364"},{"taxonomy":"post_tag","embeddable":true,"href":"https:\/\/www.iemj.org\/de\/wp-json\/wp\/v2\/tags?post=49364"},{"taxonomy":"technique","embeddable":true,"href":"https:\/\/www.iemj.org\/de\/wp-json\/wp\/v2\/technique?post=49364"},{"taxonomy":"squelettes","embeddable":true,"href":"https:\/\/www.iemj.org\/de\/wp-json\/wp\/v2\/squelettes?post=49364"},{"taxonomy":"sujet","embeddable":true,"href":"https:\/\/www.iemj.org\/de\/wp-json\/wp\/v2\/sujet?post=49364"},{"taxonomy":"formation","embeddable":true,"href":"https:\/\/www.iemj.org\/de\/wp-json\/wp\/v2\/formation?post=49364"},{"taxonomy":"genre","embeddable":true,"href":"https:\/\/www.iemj.org\/de\/wp-json\/wp\/v2\/genre?post=49364"},{"taxonomy":"fonds","embeddable":true,"href":"https:\/\/www.iemj.org\/de\/wp-json\/wp\/v2\/fonds?post=49364"},{"taxonomy":"tradition","embeddable":true,"href":"https:\/\/www.iemj.org\/de\/wp-json\/wp\/v2\/tradition?post=49364"},{"taxonomy":"type-de-contenu","embeddable":true,"href":"https:\/\/www.iemj.org\/de\/wp-json\/wp\/v2\/type-de-contenu?post=49364"},{"taxonomy":"interprete-compositeur","embeddable":true,"href":"https:\/\/www.iemj.org\/de\/wp-json\/wp\/v2\/interprete-compositeur?post=49364"},{"taxonomy":"frise","embeddable":true,"href":"https:\/\/www.iemj.org\/de\/wp-json\/wp\/v2\/frise?post=49364"},{"taxonomy":"type-devenement","embeddable":true,"href":"https:\/\/www.iemj.org\/de\/wp-json\/wp\/v2\/type-devenement?post=49364"},{"taxonomy":"tableaux-liens-externes","embeddable":true,"href":"https:\/\/www.iemj.org\/de\/wp-json\/wp\/v2\/tableaux-liens-externes?post=49364"}],"curies":[{"name":"wp","href":"https:\/\/api.w.org\/{rel}","templated":true}]}}