{"id":49657,"date":"2018-11-27T14:33:35","date_gmt":"2018-11-27T13:33:35","guid":{"rendered":"https:\/\/www.iemj.org\/videos-du-concert-de-gala-de-linstitut-europeen-des-musiques-juives-edition-2018\/"},"modified":"2025-10-01T13:25:42","modified_gmt":"2025-10-01T11:25:42","slug":"videos-du-concert-de-gala-de-linstitut-europeen-des-musiques-juives-edition-2018","status":"publish","type":"post","link":"https:\/\/www.iemj.org\/de\/videos-du-concert-de-gala-de-linstitut-europeen-des-musiques-juives-edition-2018\/","title":{"rendered":"Galakonzert des Europ\u00e4ischen Instituts f\u00fcr j\u00fcdische Musik \u2013 Ausgabe 2018"},"content":{"rendered":"<p>Schauen Sie sich <strong>Videoausschnitte <\/strong>der 4. Ausgabe des Galakonzerts an, welches vom Institut Europ\u00e9en des Musiques Juives veranstaltet wurde und am Sonntag, den 11. November 2018 im Pariser Cortot Saal stattfand. Mit Unterst\u00fctzung der Henriette Halphen Stiftung, unter der Schirmherrschaft der Fondation du Juda\u00efsme Fran\u00e7ais.<\/p>\n<p class=\"post_excerpt\"><!--more--><\/p>\n<p>Auf dem Programm: <strong><em>L\u2019esprit de Grenade,<\/em><\/strong> dargeboten von Fran\u00e7ois Atlan und <strong><em>Choeurs Liturgiques et Chansons Yiddish<\/em><\/strong> dargeboten vom Ensemble Choral Chopernic, welches von Ita\u00ef Daniel dirigiert und am Klavier von Yun-Yang Lee begleitet wurde.<\/p>\n<p>In der ersten H\u00e4lfte lie\u00dfen der Gesang von <strong>Fran<\/strong><strong>\u00e7oise Atlan<\/strong>, <strong>Fouad Didi<\/strong> an der Oud und an der Violine, <strong>Nidhal Jaoua<\/strong> am Kanun und <strong>Pierre Rigpoulos<\/strong> an den Trommeln, ein poetisches und musikalisches Kn\u00fcpfwerk entstehen. Durch die ausgesprochen mediterranen Verm\u00e4hlungsges\u00e4nge, Wiegenlieder, sowie mystische und profane Liebeslieder wurden die arabische, die hebr\u00e4ische, die katalanische und die jud\u00e4o-spanische Kultur miteinander vermischt. Dieses andalusische Repertoire wurde von j\u00fcdisch-marokkanischen, algerischen und tunesischen Liedern aufgegriffen, darunter ein besonders sch\u00f6nes St\u00fcck von der ber\u00fchmten tunesischen K\u00fcnstlerin Habiba Msika.<\/p>\n<p>In der zweiten H\u00e4lfte des Konzerts, vereinte das von <strong>Ita<\/strong><strong>\u00ef Daniel<\/strong> dirigierte und am Klavier von <strong>Yun-Yang Lee<\/strong> begleitete <strong>Ensemble Choral Copernic<\/strong> jiddische Lieder mit liturgischen Einfl\u00fcssen des 19. und 20. Jahrhunderts. Dargeboten wurden die Werke des gro\u00dfen Repertoires der j\u00fcdischen, liturgischen oder profanen Musik, wodurch die gro\u00dfe musikalische Tradition, welcher sich die Liturgie der Copernic-Synagoge n\u00e4hrt, gepflegte wurde.<\/p>\n<p><a href=\"https:\/\/www.iemj.org\/wp-content\/uploads\/2018\/11\/programme_gala_2018-v02-11-2018_vdef_avec_couv_couv4.pdf\" target=\"_blank\" rel=\"noopener\">Laden Sie das Konzertprogramm der IEMJ Gala 2018 herunter<\/a><\/p>\n\n\n<figure class=\"wp-block-embed is-type-video is-provider-youtube wp-block-embed-youtube wp-embed-aspect-4-3 wp-has-aspect-ratio\"><div class=\"wp-block-embed__wrapper\">\n<iframe title=\"Gala IEMJ 2018 - L&#039;esprit de Grenade (1\u00e8re partie)\" width=\"640\" height=\"480\" src=\"https:\/\/www.youtube.com\/embed\/d0PpIyL6A7o?feature=oembed\" frameborder=\"0\" allow=\"accelerometer; autoplay; clipboard-write; encrypted-media; gyroscope; picture-in-picture; web-share\" referrerpolicy=\"strict-origin-when-cross-origin\" allowfullscreen><\/iframe>\n<\/div><figcaption class=\"wp-element-caption\"><strong>1. H\u00e4lfte: L\u2019ESPRIT DE GRENADE<\/strong><br>Deror Ykera &#8211; Shalom Alekhem &#8211; Bahada Habiti &#8211; Hamadvil &#8211; Avinou Malkenou<\/figcaption><\/figure>\n\n\n\n<figure class=\"wp-block-embed is-type-video is-provider-youtube wp-block-embed-youtube wp-embed-aspect-4-3 wp-has-aspect-ratio\"><div class=\"wp-block-embed__wrapper\">\n<iframe title=\"Gala IEMJ 2018 - Ch\u0153urs Liturgiques et Chansons Yiddish (2\u00e8me partie)\" width=\"640\" height=\"480\" src=\"https:\/\/www.youtube.com\/embed\/yCw3kacPcw8?feature=oembed\" frameborder=\"0\" allow=\"accelerometer; autoplay; clipboard-write; encrypted-media; gyroscope; picture-in-picture; web-share\" referrerpolicy=\"strict-origin-when-cross-origin\" allowfullscreen><\/iframe>\n<\/div><figcaption class=\"wp-element-caption\"><strong>2. H\u00e4lfte: L\u2018ENSEMBLE CHORAL COPERNIC<\/strong><br>Sim Shalom &#8211; Kiddoush l&#8217;Shabbat &#8211; Adon Olam &#8211; Unter Di Grininke Boimelech &#8211; Shir Eretz &#8211; Cantate Mahzor Hayim (Kedousha)<\/figcaption><\/figure>\n\n\n<div class=\"wp-block-image\">\n<figure class=\"aligncenter size-large\"><img fetchpriority=\"high\" decoding=\"async\" width=\"1024\" height=\"133\" src=\"https:\/\/www.iemj.org\/wp-content\/uploads\/2024\/03\/AUDIO-PLAYER-1024x133.png\" alt=\"\" class=\"wp-image-110606\" srcset=\"https:\/\/www.iemj.org\/wp-content\/uploads\/2024\/03\/AUDIO-PLAYER-1024x133.png 1024w, https:\/\/www.iemj.org\/wp-content\/uploads\/2024\/03\/AUDIO-PLAYER-300x39.png 300w, https:\/\/www.iemj.org\/wp-content\/uploads\/2024\/03\/AUDIO-PLAYER-768x100.png 768w, https:\/\/www.iemj.org\/wp-content\/uploads\/2024\/03\/AUDIO-PLAYER-600x78.png 600w, https:\/\/www.iemj.org\/wp-content\/uploads\/2024\/03\/AUDIO-PLAYER.png 1210w\" sizes=\"(max-width: 1024px) 100vw, 1024px\" \/><\/figure>\n<\/div>\n\n\n<div class=\"wp-block-file\"><a href=\"https:\/\/www.iemj.org\/wp-content\/uploads\/2018\/11\/deror_ykera.mp3\">Deror Ykera &#8211; Fran\u00e7oise Atlan<\/a><\/div>\n\n\n\n<div class=\"wp-block-file\"><a href=\"https:\/\/www.iemj.org\/wp-content\/uploads\/2018\/11\/shalom_alekhem.mp3\">Shalom Alekhem &#8211; Fran\u00e7oise Atlan<\/a><\/div>\n\n\n\n<div class=\"wp-block-file\"><a href=\"https:\/\/www.iemj.org\/wp-content\/uploads\/2018\/11\/bahada_habiti.mp3\">Bahada Habiti &#8211; Fran\u00e7oise Atlan<\/a><\/div>\n\n\n\n<div class=\"wp-block-file\"><a href=\"https:\/\/www.iemj.org\/wp-content\/uploads\/2018\/11\/hamadvil_.mp3\">Hamadvil &#8211; Fran\u00e7oise Atlan<\/a><\/div>\n\n\n\n<div class=\"wp-block-file\"><a href=\"https:\/\/www.iemj.org\/wp-content\/uploads\/2018\/11\/avinou_malkenou.mp3\">Avinou Malkenou &#8211; Fran\u00e7oise Atlan<\/a><\/div>\n\n\n\n<div class=\"wp-block-file\"><a href=\"https:\/\/www.iemj.org\/wp-content\/uploads\/2018\/11\/sim_shalom.mp3\">Sim Shalom &#8211; Ensemble Chorale Copernic<\/a><\/div>\n\n\n\n<div class=\"wp-block-file\"><a href=\"https:\/\/www.iemj.org\/wp-content\/uploads\/2018\/11\/kiddoush_l_shabbat.mp3\">Kiddoush l&#8217;Shabbat &#8211; Ensemble Chorale Copernic<\/a><\/div>\n\n\n\n<div class=\"wp-block-file\"><a href=\"https:\/\/www.iemj.org\/wp-content\/uploads\/2018\/11\/adon_olam.mp3\">Adon Olam &#8211; Ensemble Chorale Copernic<\/a><\/div>\n\n\n\n<div class=\"wp-block-file\"><a href=\"https:\/\/www.iemj.org\/wp-content\/uploads\/2018\/11\/unter_di_grininke_boimelech.mp3\">Unter Di Grininke Boimelech &#8211; Ensemble Chorale Copernic<\/a><\/div>\n\n\n\n<div class=\"wp-block-file\"><a href=\"https:\/\/www.iemj.org\/wp-content\/uploads\/2018\/11\/shir_eretz.mp3\">Shir Eretz &#8211; Ensemble Chorale Copernic<\/a><\/div>\n\n\n\n<div class=\"wp-block-file\"><a href=\"https:\/\/www.iemj.org\/wp-content\/uploads\/2018\/11\/cantate_mahzor_hayim_kedousha_-_ensemble_chorale_copernic.mp3\">Cantate Mahzor Hayim kedousha &#8211; Ensemble Chorale Copernic<\/a><\/div>\n","protected":false},"excerpt":{"rendered":"<p>Schauen Sie sich Videoausschnitte der 4. Ausgabe des Galakonzerts an, welches vom Institut Europ\u00e9en des Musiques Juives veranstaltet wurde und am Sonntag, den 11. November 2018 im Pariser Cortot Saal<\/p>\n","protected":false},"author":1052,"featured_media":49658,"comment_status":"closed","ping_status":"closed","sticky":false,"template":"","format":"standard","meta":{"_acf_changed":false,"footnotes":""},"categories":[1516],"tags":[],"technique":[],"squelettes":[],"sujet":[],"formation":[],"genre":[1897,1914],"fonds":[],"tradition":[],"type-de-contenu":[],"interprete-compositeur":[],"frise":[],"type-devenement":[],"tableaux-liens-externes":[],"class_list":["post-49657","post","type-post","status-publish","format-standard","has-post-thumbnail","hentry","category-konzerte-film-de","genre-chormusik-de","genre-oriental-de"],"acf":[],"yoast_head":"<!-- This site is optimized with the Yoast SEO plugin v27.3 - https:\/\/yoast.com\/product\/yoast-seo-wordpress\/ -->\n<title>Galakonzert des Europ\u00e4ischen Instituts f\u00fcr j\u00fcdische Musik \u2013 Ausgabe 2018 - Institut Europ\u00e9en des Musiques Juives<\/title>\n<meta name=\"robots\" content=\"index, follow, max-snippet:-1, max-image-preview:large, max-video-preview:-1\" \/>\n<link rel=\"canonical\" href=\"https:\/\/www.iemj.org\/de\/videos-du-concert-de-gala-de-linstitut-europeen-des-musiques-juives-edition-2018\/\" \/>\n<meta property=\"og:locale\" content=\"de_DE\" \/>\n<meta property=\"og:type\" content=\"article\" \/>\n<meta property=\"og:title\" content=\"Galakonzert des Europ\u00e4ischen Instituts f\u00fcr j\u00fcdische Musik \u2013 Ausgabe 2018 - Institut Europ\u00e9en des Musiques Juives\" \/>\n<meta property=\"og:description\" content=\"Schauen Sie sich Videoausschnitte der 4. Ausgabe des Galakonzerts an, welches vom Institut Europ\u00e9en des Musiques Juives veranstaltet wurde und am Sonntag, den 11. November 2018 im Pariser Cortot Saal\" \/>\n<meta property=\"og:url\" content=\"https:\/\/www.iemj.org\/de\/videos-du-concert-de-gala-de-linstitut-europeen-des-musiques-juives-edition-2018\/\" \/>\n<meta property=\"og:site_name\" content=\"Institut Europ\u00e9en des Musiques Juives\" \/>\n<meta property=\"article:publisher\" content=\"https:\/\/www.facebook.com\/MusiquesJuives\/\" \/>\n<meta property=\"article:published_time\" content=\"2018-11-27T13:33:35+00:00\" \/>\n<meta property=\"article:modified_time\" content=\"2025-10-01T11:25:42+00:00\" \/>\n<meta property=\"og:image\" content=\"https:\/\/www.iemj.org\/wp-content\/uploads\/2018\/11\/arton3785-e1618048566765.jpg\" \/>\n\t<meta property=\"og:image:width\" content=\"350\" \/>\n\t<meta property=\"og:image:height\" content=\"424\" \/>\n\t<meta property=\"og:image:type\" content=\"image\/jpeg\" \/>\n<meta name=\"author\" content=\"Lea Couderc\" \/>\n<meta name=\"twitter:card\" content=\"summary_large_image\" \/>\n<meta name=\"twitter:label1\" content=\"Verfasst von\" \/>\n\t<meta name=\"twitter:data1\" content=\"Lea Couderc\" \/>\n\t<meta name=\"twitter:label2\" content=\"Gesch\u00e4tzte Lesezeit\" \/>\n\t<meta name=\"twitter:data2\" content=\"3\u00a0Minuten\" \/>\n<script type=\"application\/ld+json\" class=\"yoast-schema-graph\">{\"@context\":\"https:\\\/\\\/schema.org\",\"@graph\":[{\"@type\":\"Article\",\"@id\":\"https:\\\/\\\/www.iemj.org\\\/de\\\/videos-du-concert-de-gala-de-linstitut-europeen-des-musiques-juives-edition-2018\\\/#article\",\"isPartOf\":{\"@id\":\"https:\\\/\\\/www.iemj.org\\\/de\\\/videos-du-concert-de-gala-de-linstitut-europeen-des-musiques-juives-edition-2018\\\/\"},\"author\":{\"name\":\"Lea Couderc\",\"@id\":\"https:\\\/\\\/www.iemj.org\\\/de\\\/#\\\/schema\\\/person\\\/e2ad57f2c4be119c7ed8ab79036807a9\"},\"headline\":\"Galakonzert des Europ\u00e4ischen Instituts f\u00fcr j\u00fcdische Musik \u2013 Ausgabe 2018\",\"datePublished\":\"2018-11-27T13:33:35+00:00\",\"dateModified\":\"2025-10-01T11:25:42+00:00\",\"mainEntityOfPage\":{\"@id\":\"https:\\\/\\\/www.iemj.org\\\/de\\\/videos-du-concert-de-gala-de-linstitut-europeen-des-musiques-juives-edition-2018\\\/\"},\"wordCount\":388,\"publisher\":{\"@id\":\"https:\\\/\\\/www.iemj.org\\\/de\\\/#organization\"},\"image\":{\"@id\":\"https:\\\/\\\/www.iemj.org\\\/de\\\/videos-du-concert-de-gala-de-linstitut-europeen-des-musiques-juives-edition-2018\\\/#primaryimage\"},\"thumbnailUrl\":\"https:\\\/\\\/www.iemj.org\\\/wp-content\\\/uploads\\\/2018\\\/11\\\/arton3785-e1618048566765.jpg\",\"articleSection\":[\"Konzerte\"],\"inLanguage\":\"de\"},{\"@type\":\"WebPage\",\"@id\":\"https:\\\/\\\/www.iemj.org\\\/de\\\/videos-du-concert-de-gala-de-linstitut-europeen-des-musiques-juives-edition-2018\\\/\",\"url\":\"https:\\\/\\\/www.iemj.org\\\/de\\\/videos-du-concert-de-gala-de-linstitut-europeen-des-musiques-juives-edition-2018\\\/\",\"name\":\"Galakonzert des Europ\u00e4ischen Instituts f\u00fcr j\u00fcdische Musik \u2013 Ausgabe 2018 - Institut Europ\u00e9en des Musiques Juives\",\"isPartOf\":{\"@id\":\"https:\\\/\\\/www.iemj.org\\\/de\\\/#website\"},\"primaryImageOfPage\":{\"@id\":\"https:\\\/\\\/www.iemj.org\\\/de\\\/videos-du-concert-de-gala-de-linstitut-europeen-des-musiques-juives-edition-2018\\\/#primaryimage\"},\"image\":{\"@id\":\"https:\\\/\\\/www.iemj.org\\\/de\\\/videos-du-concert-de-gala-de-linstitut-europeen-des-musiques-juives-edition-2018\\\/#primaryimage\"},\"thumbnailUrl\":\"https:\\\/\\\/www.iemj.org\\\/wp-content\\\/uploads\\\/2018\\\/11\\\/arton3785-e1618048566765.jpg\",\"datePublished\":\"2018-11-27T13:33:35+00:00\",\"dateModified\":\"2025-10-01T11:25:42+00:00\",\"breadcrumb\":{\"@id\":\"https:\\\/\\\/www.iemj.org\\\/de\\\/videos-du-concert-de-gala-de-linstitut-europeen-des-musiques-juives-edition-2018\\\/#breadcrumb\"},\"inLanguage\":\"de\",\"potentialAction\":[{\"@type\":\"ReadAction\",\"target\":[\"https:\\\/\\\/www.iemj.org\\\/de\\\/videos-du-concert-de-gala-de-linstitut-europeen-des-musiques-juives-edition-2018\\\/\"]}]},{\"@type\":\"ImageObject\",\"inLanguage\":\"de\",\"@id\":\"https:\\\/\\\/www.iemj.org\\\/de\\\/videos-du-concert-de-gala-de-linstitut-europeen-des-musiques-juives-edition-2018\\\/#primaryimage\",\"url\":\"https:\\\/\\\/www.iemj.org\\\/wp-content\\\/uploads\\\/2018\\\/11\\\/arton3785-e1618048566765.jpg\",\"contentUrl\":\"https:\\\/\\\/www.iemj.org\\\/wp-content\\\/uploads\\\/2018\\\/11\\\/arton3785-e1618048566765.jpg\",\"width\":350,\"height\":424},{\"@type\":\"BreadcrumbList\",\"@id\":\"https:\\\/\\\/www.iemj.org\\\/de\\\/videos-du-concert-de-gala-de-linstitut-europeen-des-musiques-juives-edition-2018\\\/#breadcrumb\",\"itemListElement\":[{\"@type\":\"ListItem\",\"position\":1,\"name\":\"Accueil\",\"item\":\"https:\\\/\\\/www.iemj.org\\\/de\\\/\"},{\"@type\":\"ListItem\",\"position\":2,\"name\":\"Galakonzert des Europ\u00e4ischen Instituts f\u00fcr j\u00fcdische Musik \u2013 Ausgabe 2018\"}]},{\"@type\":\"WebSite\",\"@id\":\"https:\\\/\\\/www.iemj.org\\\/de\\\/#website\",\"url\":\"https:\\\/\\\/www.iemj.org\\\/de\\\/\",\"name\":\"Institut Europ\u00e9en des Musiques Juives\",\"description\":\"Des traditions musicales \u00e0 la port\u00e9e de tous\",\"publisher\":{\"@id\":\"https:\\\/\\\/www.iemj.org\\\/de\\\/#organization\"},\"potentialAction\":[{\"@type\":\"SearchAction\",\"target\":{\"@type\":\"EntryPoint\",\"urlTemplate\":\"https:\\\/\\\/www.iemj.org\\\/de\\\/?s={search_term_string}\"},\"query-input\":{\"@type\":\"PropertyValueSpecification\",\"valueRequired\":true,\"valueName\":\"search_term_string\"}}],\"inLanguage\":\"de\"},{\"@type\":\"Organization\",\"@id\":\"https:\\\/\\\/www.iemj.org\\\/de\\\/#organization\",\"name\":\"Institut Europ\u00e9en des Musiques Juives\",\"url\":\"https:\\\/\\\/www.iemj.org\\\/de\\\/\",\"logo\":{\"@type\":\"ImageObject\",\"inLanguage\":\"de\",\"@id\":\"https:\\\/\\\/www.iemj.org\\\/de\\\/#\\\/schema\\\/logo\\\/image\\\/\",\"url\":\"https:\\\/\\\/www.iemj.org\\\/wp-content\\\/uploads\\\/2021\\\/09\\\/Logo-IEMJ-Paypal.jpg\",\"contentUrl\":\"https:\\\/\\\/www.iemj.org\\\/wp-content\\\/uploads\\\/2021\\\/09\\\/Logo-IEMJ-Paypal.jpg\",\"width\":150,\"height\":50,\"caption\":\"Institut Europ\u00e9en des Musiques Juives\"},\"image\":{\"@id\":\"https:\\\/\\\/www.iemj.org\\\/de\\\/#\\\/schema\\\/logo\\\/image\\\/\"},\"sameAs\":[\"https:\\\/\\\/www.facebook.com\\\/MusiquesJuives\\\/\",\"https:\\\/\\\/www.instagram.com\\\/musiquesjuives\\\/\",\"https:\\\/\\\/www.youtube.com\\\/user\\\/musiquesjuives\"]},{\"@type\":\"Person\",\"@id\":\"https:\\\/\\\/www.iemj.org\\\/de\\\/#\\\/schema\\\/person\\\/e2ad57f2c4be119c7ed8ab79036807a9\",\"name\":\"Lea Couderc\",\"image\":{\"@type\":\"ImageObject\",\"inLanguage\":\"de\",\"@id\":\"https:\\\/\\\/secure.gravatar.com\\\/avatar\\\/46ee021475d60aeff17a7e490b79dea5a5684bb392ab7fd1494027411df8ba23?s=96&d=mm&r=g\",\"url\":\"https:\\\/\\\/secure.gravatar.com\\\/avatar\\\/46ee021475d60aeff17a7e490b79dea5a5684bb392ab7fd1494027411df8ba23?s=96&d=mm&r=g\",\"contentUrl\":\"https:\\\/\\\/secure.gravatar.com\\\/avatar\\\/46ee021475d60aeff17a7e490b79dea5a5684bb392ab7fd1494027411df8ba23?s=96&d=mm&r=g\",\"caption\":\"Lea Couderc\"}}]}<\/script>\n<!-- \/ Yoast SEO plugin. -->","yoast_head_json":{"title":"Galakonzert des Europ\u00e4ischen Instituts f\u00fcr j\u00fcdische Musik \u2013 Ausgabe 2018 - Institut Europ\u00e9en des Musiques Juives","robots":{"index":"index","follow":"follow","max-snippet":"max-snippet:-1","max-image-preview":"max-image-preview:large","max-video-preview":"max-video-preview:-1"},"canonical":"https:\/\/www.iemj.org\/de\/videos-du-concert-de-gala-de-linstitut-europeen-des-musiques-juives-edition-2018\/","og_locale":"de_DE","og_type":"article","og_title":"Galakonzert des Europ\u00e4ischen Instituts f\u00fcr j\u00fcdische Musik \u2013 Ausgabe 2018 - Institut Europ\u00e9en des Musiques Juives","og_description":"Schauen Sie sich Videoausschnitte der 4. Ausgabe des Galakonzerts an, welches vom Institut Europ\u00e9en des Musiques Juives veranstaltet wurde und am Sonntag, den 11. November 2018 im Pariser Cortot Saal","og_url":"https:\/\/www.iemj.org\/de\/videos-du-concert-de-gala-de-linstitut-europeen-des-musiques-juives-edition-2018\/","og_site_name":"Institut Europ\u00e9en des Musiques Juives","article_publisher":"https:\/\/www.facebook.com\/MusiquesJuives\/","article_published_time":"2018-11-27T13:33:35+00:00","article_modified_time":"2025-10-01T11:25:42+00:00","og_image":[{"width":350,"height":424,"url":"https:\/\/www.iemj.org\/wp-content\/uploads\/2018\/11\/arton3785-e1618048566765.jpg","type":"image\/jpeg"}],"author":"Lea Couderc","twitter_card":"summary_large_image","twitter_misc":{"Verfasst von":"Lea Couderc","Gesch\u00e4tzte Lesezeit":"3\u00a0Minuten"},"schema":{"@context":"https:\/\/schema.org","@graph":[{"@type":"Article","@id":"https:\/\/www.iemj.org\/de\/videos-du-concert-de-gala-de-linstitut-europeen-des-musiques-juives-edition-2018\/#article","isPartOf":{"@id":"https:\/\/www.iemj.org\/de\/videos-du-concert-de-gala-de-linstitut-europeen-des-musiques-juives-edition-2018\/"},"author":{"name":"Lea Couderc","@id":"https:\/\/www.iemj.org\/de\/#\/schema\/person\/e2ad57f2c4be119c7ed8ab79036807a9"},"headline":"Galakonzert des Europ\u00e4ischen Instituts f\u00fcr j\u00fcdische Musik \u2013 Ausgabe 2018","datePublished":"2018-11-27T13:33:35+00:00","dateModified":"2025-10-01T11:25:42+00:00","mainEntityOfPage":{"@id":"https:\/\/www.iemj.org\/de\/videos-du-concert-de-gala-de-linstitut-europeen-des-musiques-juives-edition-2018\/"},"wordCount":388,"publisher":{"@id":"https:\/\/www.iemj.org\/de\/#organization"},"image":{"@id":"https:\/\/www.iemj.org\/de\/videos-du-concert-de-gala-de-linstitut-europeen-des-musiques-juives-edition-2018\/#primaryimage"},"thumbnailUrl":"https:\/\/www.iemj.org\/wp-content\/uploads\/2018\/11\/arton3785-e1618048566765.jpg","articleSection":["Konzerte"],"inLanguage":"de"},{"@type":"WebPage","@id":"https:\/\/www.iemj.org\/de\/videos-du-concert-de-gala-de-linstitut-europeen-des-musiques-juives-edition-2018\/","url":"https:\/\/www.iemj.org\/de\/videos-du-concert-de-gala-de-linstitut-europeen-des-musiques-juives-edition-2018\/","name":"Galakonzert des Europ\u00e4ischen Instituts f\u00fcr j\u00fcdische Musik \u2013 Ausgabe 2018 - Institut Europ\u00e9en des Musiques Juives","isPartOf":{"@id":"https:\/\/www.iemj.org\/de\/#website"},"primaryImageOfPage":{"@id":"https:\/\/www.iemj.org\/de\/videos-du-concert-de-gala-de-linstitut-europeen-des-musiques-juives-edition-2018\/#primaryimage"},"image":{"@id":"https:\/\/www.iemj.org\/de\/videos-du-concert-de-gala-de-linstitut-europeen-des-musiques-juives-edition-2018\/#primaryimage"},"thumbnailUrl":"https:\/\/www.iemj.org\/wp-content\/uploads\/2018\/11\/arton3785-e1618048566765.jpg","datePublished":"2018-11-27T13:33:35+00:00","dateModified":"2025-10-01T11:25:42+00:00","breadcrumb":{"@id":"https:\/\/www.iemj.org\/de\/videos-du-concert-de-gala-de-linstitut-europeen-des-musiques-juives-edition-2018\/#breadcrumb"},"inLanguage":"de","potentialAction":[{"@type":"ReadAction","target":["https:\/\/www.iemj.org\/de\/videos-du-concert-de-gala-de-linstitut-europeen-des-musiques-juives-edition-2018\/"]}]},{"@type":"ImageObject","inLanguage":"de","@id":"https:\/\/www.iemj.org\/de\/videos-du-concert-de-gala-de-linstitut-europeen-des-musiques-juives-edition-2018\/#primaryimage","url":"https:\/\/www.iemj.org\/wp-content\/uploads\/2018\/11\/arton3785-e1618048566765.jpg","contentUrl":"https:\/\/www.iemj.org\/wp-content\/uploads\/2018\/11\/arton3785-e1618048566765.jpg","width":350,"height":424},{"@type":"BreadcrumbList","@id":"https:\/\/www.iemj.org\/de\/videos-du-concert-de-gala-de-linstitut-europeen-des-musiques-juives-edition-2018\/#breadcrumb","itemListElement":[{"@type":"ListItem","position":1,"name":"Accueil","item":"https:\/\/www.iemj.org\/de\/"},{"@type":"ListItem","position":2,"name":"Galakonzert des Europ\u00e4ischen Instituts f\u00fcr j\u00fcdische Musik \u2013 Ausgabe 2018"}]},{"@type":"WebSite","@id":"https:\/\/www.iemj.org\/de\/#website","url":"https:\/\/www.iemj.org\/de\/","name":"Institut Europ\u00e9en des Musiques Juives","description":"Des traditions musicales \u00e0 la port\u00e9e de tous","publisher":{"@id":"https:\/\/www.iemj.org\/de\/#organization"},"potentialAction":[{"@type":"SearchAction","target":{"@type":"EntryPoint","urlTemplate":"https:\/\/www.iemj.org\/de\/?s={search_term_string}"},"query-input":{"@type":"PropertyValueSpecification","valueRequired":true,"valueName":"search_term_string"}}],"inLanguage":"de"},{"@type":"Organization","@id":"https:\/\/www.iemj.org\/de\/#organization","name":"Institut Europ\u00e9en des Musiques Juives","url":"https:\/\/www.iemj.org\/de\/","logo":{"@type":"ImageObject","inLanguage":"de","@id":"https:\/\/www.iemj.org\/de\/#\/schema\/logo\/image\/","url":"https:\/\/www.iemj.org\/wp-content\/uploads\/2021\/09\/Logo-IEMJ-Paypal.jpg","contentUrl":"https:\/\/www.iemj.org\/wp-content\/uploads\/2021\/09\/Logo-IEMJ-Paypal.jpg","width":150,"height":50,"caption":"Institut Europ\u00e9en des Musiques Juives"},"image":{"@id":"https:\/\/www.iemj.org\/de\/#\/schema\/logo\/image\/"},"sameAs":["https:\/\/www.facebook.com\/MusiquesJuives\/","https:\/\/www.instagram.com\/musiquesjuives\/","https:\/\/www.youtube.com\/user\/musiquesjuives"]},{"@type":"Person","@id":"https:\/\/www.iemj.org\/de\/#\/schema\/person\/e2ad57f2c4be119c7ed8ab79036807a9","name":"Lea Couderc","image":{"@type":"ImageObject","inLanguage":"de","@id":"https:\/\/secure.gravatar.com\/avatar\/46ee021475d60aeff17a7e490b79dea5a5684bb392ab7fd1494027411df8ba23?s=96&d=mm&r=g","url":"https:\/\/secure.gravatar.com\/avatar\/46ee021475d60aeff17a7e490b79dea5a5684bb392ab7fd1494027411df8ba23?s=96&d=mm&r=g","contentUrl":"https:\/\/secure.gravatar.com\/avatar\/46ee021475d60aeff17a7e490b79dea5a5684bb392ab7fd1494027411df8ba23?s=96&d=mm&r=g","caption":"Lea Couderc"}}]}},"_links":{"self":[{"href":"https:\/\/www.iemj.org\/de\/wp-json\/wp\/v2\/posts\/49657","targetHints":{"allow":["GET"]}}],"collection":[{"href":"https:\/\/www.iemj.org\/de\/wp-json\/wp\/v2\/posts"}],"about":[{"href":"https:\/\/www.iemj.org\/de\/wp-json\/wp\/v2\/types\/post"}],"author":[{"embeddable":true,"href":"https:\/\/www.iemj.org\/de\/wp-json\/wp\/v2\/users\/1052"}],"replies":[{"embeddable":true,"href":"https:\/\/www.iemj.org\/de\/wp-json\/wp\/v2\/comments?post=49657"}],"version-history":[{"count":1,"href":"https:\/\/www.iemj.org\/de\/wp-json\/wp\/v2\/posts\/49657\/revisions"}],"predecessor-version":[{"id":126252,"href":"https:\/\/www.iemj.org\/de\/wp-json\/wp\/v2\/posts\/49657\/revisions\/126252"}],"wp:featuredmedia":[{"embeddable":true,"href":"https:\/\/www.iemj.org\/de\/wp-json\/wp\/v2\/media\/49658"}],"wp:attachment":[{"href":"https:\/\/www.iemj.org\/de\/wp-json\/wp\/v2\/media?parent=49657"}],"wp:term":[{"taxonomy":"category","embeddable":true,"href":"https:\/\/www.iemj.org\/de\/wp-json\/wp\/v2\/categories?post=49657"},{"taxonomy":"post_tag","embeddable":true,"href":"https:\/\/www.iemj.org\/de\/wp-json\/wp\/v2\/tags?post=49657"},{"taxonomy":"technique","embeddable":true,"href":"https:\/\/www.iemj.org\/de\/wp-json\/wp\/v2\/technique?post=49657"},{"taxonomy":"squelettes","embeddable":true,"href":"https:\/\/www.iemj.org\/de\/wp-json\/wp\/v2\/squelettes?post=49657"},{"taxonomy":"sujet","embeddable":true,"href":"https:\/\/www.iemj.org\/de\/wp-json\/wp\/v2\/sujet?post=49657"},{"taxonomy":"formation","embeddable":true,"href":"https:\/\/www.iemj.org\/de\/wp-json\/wp\/v2\/formation?post=49657"},{"taxonomy":"genre","embeddable":true,"href":"https:\/\/www.iemj.org\/de\/wp-json\/wp\/v2\/genre?post=49657"},{"taxonomy":"fonds","embeddable":true,"href":"https:\/\/www.iemj.org\/de\/wp-json\/wp\/v2\/fonds?post=49657"},{"taxonomy":"tradition","embeddable":true,"href":"https:\/\/www.iemj.org\/de\/wp-json\/wp\/v2\/tradition?post=49657"},{"taxonomy":"type-de-contenu","embeddable":true,"href":"https:\/\/www.iemj.org\/de\/wp-json\/wp\/v2\/type-de-contenu?post=49657"},{"taxonomy":"interprete-compositeur","embeddable":true,"href":"https:\/\/www.iemj.org\/de\/wp-json\/wp\/v2\/interprete-compositeur?post=49657"},{"taxonomy":"frise","embeddable":true,"href":"https:\/\/www.iemj.org\/de\/wp-json\/wp\/v2\/frise?post=49657"},{"taxonomy":"type-devenement","embeddable":true,"href":"https:\/\/www.iemj.org\/de\/wp-json\/wp\/v2\/type-devenement?post=49657"},{"taxonomy":"tableaux-liens-externes","embeddable":true,"href":"https:\/\/www.iemj.org\/de\/wp-json\/wp\/v2\/tableaux-liens-externes?post=49657"}],"curies":[{"name":"wp","href":"https:\/\/api.w.org\/{rel}","templated":true}]}}