{"id":49997,"date":"2016-01-20T11:35:00","date_gmt":"2016-01-20T10:35:00","guid":{"rendered":"https:\/\/www.iemj.org\/videos-du-concert-de-gala-de-linstitut-europeen-des-musiques-juives-edition-2015\/"},"modified":"2025-10-01T12:51:29","modified_gmt":"2025-10-01T10:51:29","slug":"videos-du-concert-de-gala-de-linstitut-europeen-des-musiques-juives-edition-2015","status":"publish","type":"post","link":"https:\/\/www.iemj.org\/de\/videos-du-concert-de-gala-de-linstitut-europeen-des-musiques-juives-edition-2015\/","title":{"rendered":"Galakonzert des Europ\u00e4ischen Instituts f\u00fcr j\u00fcdische Musik \u2013 Ausgabe 2015"},"content":{"rendered":"<p>Schauen Sie\u00a0<strong>VideoAusschnitte<\/strong>\u00a0aus der erste Ausgabe des Galakonzerts des Europ\u00e4ischen Instituts f\u00fcr J\u00fcdische Musik, \u201cJ\u00fcdische Musik in all ihren Zust\u00e4nden\u201d, das am Sonntag, den 8. November 2015, um 17.30 Uhr, im Adyar Theater vor einem begeisterten Publikum von fast 350 Zuschauern, statt. Dieses Konzert wurde von der Henriette Halphen Stiftung unter der Schirmherrschaft der Fondation du Juda\u00efsme Fran\u00e7ais unterst\u00fctzt.<\/p>\n<p><!--more--><br \/>In der ersten Programmh\u00e4lfte des Konzerts boten Martin Bailly (Cello), Phillipe Cuper (Klarinette), Yun-Yang Lee (Klavier), Florin Szigeti (Violine) und Ralph Szigeti (Bratsche) St\u00fccke aus dem klassischen Repertoire dar. Gespielt wurden etwa das <em>Feuillet d\u2019albu<\/em>m f\u00fcr Klavier, die <em>Andante religioso<\/em> f\u00fcr Cello und Klavier und den ersten Satz der <em>Sonate pour piano et violon<\/em> von <a href=\"https:\/\/www.iemj.org\/de\/halphen-fernand-1872-1917\/\">Fernand Halphen<\/a>, die <em>2\u00e8me Suite Sefardie<\/em> f\u00fcr Klavier und Bratsche von\u00a0<a href=\"https:\/\/www.iemj.org\/de\/hemsi-alberto-1898-1975\/\">Alberto Hemsi<\/a> (franz\u00f6sische Erstauff\u00fchrung), die <em>Petite Suite Klezmer<\/em> f\u00fcr Klarinette und Klavier von\u00a0<a href=\"https:\/\/www.iemj.org\/de\/kaufmann-serge-1930\/\">Serge Kaufmann<\/a> (Weltpremiere) und das wundervolle <em>Nocturne Ville d\u2019Avrayen<\/em> f\u00fcr Klavier, Violine, Bratsche und Cello von\u00a0<a href=\"https:\/\/fr.wikipedia.org\/wiki\/Georges_Enesco\">Georges Enesco<\/a> (Urauff\u00fchrung in der Originalfassung).<\/p>\n<p>Die zweite Programmh\u00e4lfte war der j\u00fcdischen Volksmusik gewidmet. Die S\u00e4ngerin <a href=\"http:\/\/www.keren-esther.ch\/\">Keren Esther<\/a> und der Gitarrist Narciso Sa\u00fal lie\u00dfen uns ein Repertoire jud\u00e4o-spanischer und jud\u00e4o-marokkanischer Lieder entdecken. Dann folgte die Darbietung des <a href=\"http:\/\/yiddishmusic.wix.com\/yerushe#!about-us\/cjg9\">Ensemble Yerushe<\/a>, bestehend aus El\u00e9onore Biezunski (Gesang und Violine), Stephen Harrison (Kontrabass), Michel Schick (Klarinette) und Piotr Odrekhivskyy (Akkordeon), welches eine Reihe weniger bekannter jiddischer Lieder darbot, welche von bekannten Sammlern, wie Ruth Rubin (1906-2000), Mo\u00efshe Beregovski (1892-1961) und Zusman Kisselgof (1878-1939) vor dem Vergessen bewahrt wurde.<\/p>\n<p><a href=\"https:\/\/www.iemj.org\/de\/onlineshop\/\" target=\"_blank\" rel=\"noopener\">Bestellen Sie die Partituren oder die CDs der auf dem Konzert gespielten St\u00fccke<\/a><\/p>\n<p><a href=\"https:\/\/www.iemj.org\/wp-content\/uploads\/2016\/01\/programme_concert_gala_iemj_2015.pdf\" target=\"_blank\" rel=\"noopener\">Programm des IEMJ-Galakonzerts 2015<\/a><\/p>\n\n\n<figure class=\"wp-block-embed is-type-video is-provider-youtube wp-block-embed-youtube wp-embed-aspect-16-9 wp-has-aspect-ratio\"><div class=\"wp-block-embed__wrapper\">\n<iframe title=\"Martine Bailly, Philippe Cuper, Yun-Yang Lee, Florin Szigeti, Ralph Szigeti\" width=\"640\" height=\"360\" src=\"https:\/\/www.youtube.com\/embed\/FDJvFUVdJ3E?feature=oembed\" frameborder=\"0\" allow=\"accelerometer; autoplay; clipboard-write; encrypted-media; gyroscope; picture-in-picture; web-share\" referrerpolicy=\"strict-origin-when-cross-origin\" allowfullscreen><\/iframe>\n<\/div><figcaption class=\"wp-element-caption\"><strong>1. H\u00e4lfte:<\/strong><br>Werke des klassischen Repertoires<br>Mit:&nbsp;<strong>Martine Bailly (Cello), Philippe Cuper (Klarinette), Yun-Yang Lee (Klavier), Florin Szigeti (Violine) &amp; Ralph Szigeti (Viola).<\/strong><br><br><strong>Fernand Halphen<\/strong><br><a href=\"https:\/\/www.youtube.com\/watch?v=FDJvFUVdJ3E&amp;t=0s\" target=\"_blank\" rel=\"noreferrer noopener\">00:00<\/a>&nbsp;Feuillet d\u2019album, f\u00fcr Klavier<br><a href=\"https:\/\/www.youtube.com\/watch?v=FDJvFUVdJ3E&amp;t=265s\" target=\"_blank\" rel=\"noreferrer noopener\">04:25<\/a>&nbsp;Andante religioso f\u00fcr Violoncello und Klavier<br><a href=\"https:\/\/www.youtube.com\/watch?v=FDJvFUVdJ3E&amp;t=611s\" target=\"_blank\" rel=\"noreferrer noopener\">10:11<\/a>&nbsp;Sonate f\u00fcr Klavier und Violine &#8211; 1.<br><br><strong>Alberto Hemsi : 3 S\u00e4tze aus der 2. Suite sefardie (1956) f\u00fcr Klavier und Viola.<\/strong><br><a href=\"https:\/\/www.youtube.com\/watch?v=FDJvFUVdJ3E&amp;t=1200s\" target=\"_blank\" rel=\"noreferrer noopener\">20:00<\/a>&nbsp;Una rosica<br><a href=\"https:\/\/www.youtube.com\/watch?v=FDJvFUVdJ3E&amp;t=1342s\" target=\"_blank\" rel=\"noreferrer noopener\">22:22<\/a>&nbsp;Durme durme<br><a href=\"https:\/\/www.youtube.com\/watch?v=FDJvFUVdJ3E&amp;t=1561s\" target=\"_blank\" rel=\"noreferrer noopener\">26:01<\/a>&nbsp;El novio no quere<br><br><strong>Serge Kaufmann : Petite suite klezmer f\u00fcr Klarinette und Klavier (Welturauff\u00fchrung).<\/strong><br><a href=\"https:\/\/www.youtube.com\/watch?v=FDJvFUVdJ3E&amp;t=1824s\" target=\"_blank\" rel=\"noreferrer noopener\">30:24<\/a>&nbsp;Balade<br><a href=\"https:\/\/www.youtube.com\/watch?v=FDJvFUVdJ3E&amp;t=2000s\" target=\"_blank\" rel=\"noreferrer noopener\">33:20<\/a>&nbsp;M\u00e9ditation<br><a href=\"https:\/\/www.youtube.com\/watch?v=FDJvFUVdJ3E&amp;t=2190s\" target=\"_blank\" rel=\"noreferrer noopener\">36:30<\/a>&nbsp;F\u00eate<br><br><strong>Georges Enesco<\/strong><br><a href=\"https:\/\/www.youtube.com\/watch?v=FDJvFUVdJ3E&amp;t=2544s\" target=\"_blank\" rel=\"noreferrer noopener\">42:24<\/a>&nbsp;Nocturne ville d\u2019Avrayen f\u00fcr Klavier, Violine, Viola und Violoncello (Welturauff\u00fchrung)<br><\/figcaption><\/figure>\n\n\n\n<div style=\"height:10px\" aria-hidden=\"true\" class=\"wp-block-spacer\"><\/div>\n\n\n\n<figure class=\"wp-block-embed is-type-video is-provider-youtube wp-block-embed-youtube wp-embed-aspect-16-9 wp-has-aspect-ratio\"><div class=\"wp-block-embed__wrapper\">\n<iframe title=\"Keren Esther et Narciso Saul\" width=\"640\" height=\"360\" src=\"https:\/\/www.youtube.com\/embed\/3q3ABLgHFKY?feature=oembed\" frameborder=\"0\" allow=\"accelerometer; autoplay; clipboard-write; encrypted-media; gyroscope; picture-in-picture; web-share\" referrerpolicy=\"strict-origin-when-cross-origin\" allowfullscreen><\/iframe>\n<\/div><figcaption class=\"wp-element-caption\"><strong>2. H\u00e4lfte:<\/strong><br>Traditionelle j\u00fcdisch-spanische Lieder (Marokko, T\u00fcrkei\u2026)<br>Mit : <strong>Keren Esther (Gesang) &amp; Narciso Saul (Gitarre).<\/strong><br><br><a href=\"https:\/\/www.youtube.com\/watch?v=3q3ABLgHFKY&amp;t=0s\" target=\"_blank\" rel=\"noreferrer noopener\">00:00<\/a>&nbsp;A la bajada del tren<br><a href=\"https:\/\/www.youtube.com\/watch?v=3q3ABLgHFKY&amp;t=218s\" target=\"_blank\" rel=\"noreferrer noopener\">03:38<\/a>&nbsp;Yo m\u2019enamori<br><a href=\"https:\/\/www.youtube.com\/watch?v=3q3ABLgHFKY&amp;t=464s\" target=\"_blank\" rel=\"noreferrer noopener\">07:44<\/a>&nbsp;Morenika<br><a href=\"https:\/\/www.youtube.com\/watch?v=3q3ABLgHFKY&amp;t=680s\" target=\"_blank\" rel=\"noreferrer noopener\">11:20<\/a>&nbsp;Una tarde de verano<br><a href=\"https:\/\/www.youtube.com\/watch?v=3q3ABLgHFKY&amp;t=937s\" target=\"_blank\" rel=\"noreferrer noopener\">15:37<\/a>&nbsp;Esther mi bien<br><a href=\"https:\/\/www.youtube.com\/watch?v=3q3ABLgHFKY&amp;t=1228s\" target=\"_blank\" rel=\"noreferrer noopener\">20:28<\/a>&nbsp;Yo me levantaria un lunes<br><a href=\"https:\/\/www.youtube.com\/watch?v=3q3ABLgHFKY&amp;t=1452s\" target=\"_blank\" rel=\"noreferrer noopener\">24:12<\/a>&nbsp;Cuando el Rey Nimrod (BIS)<\/figcaption><\/figure>\n\n\n\n<div style=\"height:10px\" aria-hidden=\"true\" class=\"wp-block-spacer\"><\/div>\n\n\n\n<figure class=\"wp-block-embed is-type-video is-provider-youtube wp-block-embed-youtube wp-embed-aspect-16-9 wp-has-aspect-ratio\"><div class=\"wp-block-embed__wrapper\">\n<iframe title=\"Yerushe\" width=\"640\" height=\"360\" src=\"https:\/\/www.youtube.com\/embed\/piftfE8cfhI?feature=oembed\" frameborder=\"0\" allow=\"accelerometer; autoplay; clipboard-write; encrypted-media; gyroscope; picture-in-picture; web-share\" referrerpolicy=\"strict-origin-when-cross-origin\" allowfullscreen><\/iframe>\n<\/div><figcaption class=\"wp-element-caption\"><strong>3. H\u00e4lfte:<\/strong><br>Repertoire unbekannter jiddischer Lieder, die von gro\u00dfen Sammlern wie Ruth Rubin (1906-2000), Moishe Beregovski (1892-1961) und Zusman Kisselgof (1878-1939) vor dem Vergessen bewahrt wurden.<br>Mit: <strong>El\u00e9onore Biezunski (Gesang und Violine), Stephen Harrison (Kontrabass), Michel Schick (Klarinette) &amp; Piotr Odrekhivskyy (Akkordeon).<\/strong><br><br><a href=\"https:\/\/www.youtube.com\/watch?v=piftfE8cfhI&amp;t=0s\" target=\"_blank\" rel=\"noreferrer noopener\">00:00<\/a>&nbsp;A Volich<br><a href=\"https:\/\/www.youtube.com\/watch?v=piftfE8cfhI&amp;t=72s\" target=\"_blank\" rel=\"noreferrer noopener\">01:12<\/a>&nbsp;Ikh hob nisht keyn shande<br><a href=\"https:\/\/www.youtube.com\/watch?v=piftfE8cfhI&amp;t=310s\" target=\"_blank\" rel=\"noreferrer noopener\">05:10<\/a>&nbsp;Skotshne Vinnitsa<br><a href=\"https:\/\/www.youtube.com\/watch?v=piftfE8cfhI&amp;t=623s\" target=\"_blank\" rel=\"noreferrer noopener\">10:23<\/a>&nbsp;Yoyne Hanoyvi<br><a href=\"https:\/\/www.youtube.com\/watch?v=piftfE8cfhI&amp;t=847s\" target=\"_blank\" rel=\"noreferrer noopener\">14:07<\/a>&nbsp;Kh\u2019hob dir gezogt<br><a href=\"https:\/\/www.youtube.com\/watch?v=piftfE8cfhI&amp;t=1013s\" target=\"_blank\" rel=\"noreferrer noopener\">16:53<\/a>&nbsp;Redl n\u00b07<br><a href=\"https:\/\/www.youtube.com\/watch?v=piftfE8cfhI&amp;t=1086s\" target=\"_blank\" rel=\"noreferrer noopener\">18:06<\/a>&nbsp;Fun mayn mamelyu (Buenos Aires)<br><a href=\"https:\/\/www.youtube.com\/watch?v=piftfE8cfhI&amp;t=1376s\" target=\"_blank\" rel=\"noreferrer noopener\">22:56<\/a>&nbsp;Vos shloft ir ?<br><a href=\"https:\/\/www.youtube.com\/watch?v=piftfE8cfhI&amp;t=1740s\" target=\"_blank\" rel=\"noreferrer noopener\">29:00<\/a>&nbsp;Meydelekh un vaybelekh<\/figcaption><\/figure>\n\n\n\n<p><\/p>\n\n\n<div class=\"wp-block-image\">\n<figure class=\"aligncenter size-large\"><img fetchpriority=\"high\" decoding=\"async\" width=\"1024\" height=\"133\" src=\"https:\/\/www.iemj.org\/wp-content\/uploads\/2024\/03\/AUDIO-PLAYER-1024x133.png\" alt=\"\" class=\"wp-image-110606\" srcset=\"https:\/\/www.iemj.org\/wp-content\/uploads\/2024\/03\/AUDIO-PLAYER-1024x133.png 1024w, https:\/\/www.iemj.org\/wp-content\/uploads\/2024\/03\/AUDIO-PLAYER-300x39.png 300w, https:\/\/www.iemj.org\/wp-content\/uploads\/2024\/03\/AUDIO-PLAYER-768x100.png 768w, https:\/\/www.iemj.org\/wp-content\/uploads\/2024\/03\/AUDIO-PLAYER-600x78.png 600w, https:\/\/www.iemj.org\/wp-content\/uploads\/2024\/03\/AUDIO-PLAYER.png 1210w\" sizes=\"(max-width: 1024px) 100vw, 1024px\" \/><\/figure>\n<\/div>\n\n\n<div class=\"wp-block-file\"><a id=\"wp-block-file--media-01b2494c-5fb1-430c-848e-16f46afd29da\" href=\"https:\/\/www.iemj.org\/wp-content\/uploads\/2016\/01\/andante_religioso_-_fernand_halphen.mp3\">Andante religioso &#8211; Fernand HALPHEN<\/a><\/div>\n\n\n\n<div class=\"wp-block-file\"><a id=\"wp-block-file--media-5b16e49b-0b92-4e49-9644-dcb188bcd8df\" href=\"https:\/\/www.iemj.org\/wp-content\/uploads\/2016\/01\/petite_suite_klezmer_-_serge_kaufmann.mp3\">Petite suite Klezmer &#8211; Serge KAUFMANN<\/a><\/div>\n\n\n\n<div class=\"wp-block-file\"><a id=\"wp-block-file--media-fa5bf71d-3d78-44df-9525-191af98e5d51\" href=\"https:\/\/www.iemj.org\/wp-content\/uploads\/2016\/01\/seconda_suite_sefardie_-_alberto_hemsi.mp3\">Seconda suite Sefardie &#8211; Alberto HEMSI<\/a><\/div>\n\n\n\n<div class=\"wp-block-file\"><a id=\"wp-block-file--media-afd2c1fc-c200-4dc7-b7bf-f03a216cbd05\" href=\"https:\/\/www.iemj.org\/wp-content\/uploads\/2016\/01\/yo_m_enamori_-_keren_esther_narciso_saul.mp3\">Yo m&#8217;enamori &#8211; Keren ESTHER, Narciso SAUL<\/a><\/div>\n\n\n\n<div class=\"wp-block-file\"><a id=\"wp-block-file--media-a22a989a-dcd5-458c-977e-4b89b8017c5e\" href=\"https:\/\/www.iemj.org\/wp-content\/uploads\/2016\/01\/morenika_-_keren_esther_narciso_saul.mp3\">Morenika &#8211; Keren ESTHER, Narciso SAUL<\/a><\/div>\n\n\n\n<div class=\"wp-block-file\"><a id=\"wp-block-file--media-1eae110b-4def-4289-82c9-256ba2660680\" href=\"https:\/\/www.iemj.org\/wp-content\/uploads\/2016\/01\/una_tarde_de_verano_-_keren_esther_naciso_saul.mp3\">Una tarde de verano &#8211; Keren ESTHER, Naciso SAUL<\/a><\/div>\n\n\n\n<div class=\"wp-block-file\"><a id=\"wp-block-file--media-0cc6ee86-c78c-4527-a76c-f7f8f090ca95\" href=\"https:\/\/www.iemj.org\/wp-content\/uploads\/2016\/01\/ikh_hob_nisht_keyn_shande_-_yerushe.mp3\">Ikh hob nisht keyn shande &#8211; YERUSHE<\/a><\/div>\n\n\n\n<div class=\"wp-block-file\"><a id=\"wp-block-file--media-7ec84d1d-9118-4243-b44f-b85949114266\" href=\"https:\/\/www.iemj.org\/wp-content\/uploads\/2016\/01\/fun_mayn_mamelyu_-_yerushe.mp3\">Fun mayn mamelyu &#8211; YERUSHE<\/a><\/div>\n\n\n\n<p><\/p>\n","protected":false},"excerpt":{"rendered":"<p>Schauen Sie\u00a0VideoAusschnitte\u00a0aus der erste Ausgabe des Galakonzerts des Europ\u00e4ischen Instituts f\u00fcr J\u00fcdische Musik, \u201cJ\u00fcdische Musik in all ihren Zust\u00e4nden\u201d, das am Sonntag, den 8. November 2015, um 17.30 Uhr, im<\/p>\n","protected":false},"author":1045,"featured_media":49998,"comment_status":"closed","ping_status":"closed","sticky":false,"template":"","format":"standard","meta":{"_acf_changed":false,"footnotes":""},"categories":[1516],"tags":[],"technique":[],"squelettes":[],"sujet":[],"formation":[],"genre":[1888,1900,1864],"fonds":[],"tradition":[],"type-de-contenu":[],"interprete-compositeur":[3081,3165,3291],"frise":[],"type-devenement":[],"tableaux-liens-externes":[],"class_list":["post-49997","post","type-post","status-publish","format-standard","has-post-thumbnail","hentry","category-konzerte-film-de","genre-judaisch-spanisch-de","genre-klassische-musik-de","genre-yiddish-de","interprete-compositeur-alberto-hemsi-de","interprete-compositeur-fernand-halphen-de","interprete-compositeur-serge-kaufmann-de"],"acf":[],"yoast_head":"<!-- This site is optimized with the Yoast SEO plugin v27.3 - https:\/\/yoast.com\/product\/yoast-seo-wordpress\/ -->\n<title>Galakonzert des Europ\u00e4ischen Instituts f\u00fcr j\u00fcdische Musik \u2013 Ausgabe 2015 - Institut Europ\u00e9en des Musiques Juives<\/title>\n<meta name=\"robots\" content=\"index, follow, max-snippet:-1, max-image-preview:large, max-video-preview:-1\" \/>\n<link rel=\"canonical\" href=\"https:\/\/www.iemj.org\/de\/videos-du-concert-de-gala-de-linstitut-europeen-des-musiques-juives-edition-2015\/\" \/>\n<meta property=\"og:locale\" content=\"de_DE\" \/>\n<meta property=\"og:type\" content=\"article\" \/>\n<meta property=\"og:title\" content=\"Galakonzert des Europ\u00e4ischen Instituts f\u00fcr j\u00fcdische Musik \u2013 Ausgabe 2015 - Institut Europ\u00e9en des Musiques Juives\" \/>\n<meta property=\"og:description\" content=\"Schauen Sie\u00a0VideoAusschnitte\u00a0aus der erste Ausgabe des Galakonzerts des Europ\u00e4ischen Instituts f\u00fcr J\u00fcdische Musik, \u201cJ\u00fcdische Musik in all ihren Zust\u00e4nden\u201d, das am Sonntag, den 8. November 2015, um 17.30 Uhr, im\" \/>\n<meta property=\"og:url\" content=\"https:\/\/www.iemj.org\/de\/videos-du-concert-de-gala-de-linstitut-europeen-des-musiques-juives-edition-2015\/\" \/>\n<meta property=\"og:site_name\" content=\"Institut Europ\u00e9en des Musiques Juives\" \/>\n<meta property=\"article:publisher\" content=\"https:\/\/www.facebook.com\/MusiquesJuives\/\" \/>\n<meta property=\"article:published_time\" content=\"2016-01-20T10:35:00+00:00\" \/>\n<meta property=\"article:modified_time\" content=\"2025-10-01T10:51:29+00:00\" \/>\n<meta property=\"og:image\" content=\"https:\/\/www.iemj.org\/wp-content\/uploads\/2016\/01\/arton1440-e1618219602431.jpg\" \/>\n\t<meta property=\"og:image:width\" content=\"350\" \/>\n\t<meta property=\"og:image:height\" content=\"528\" \/>\n\t<meta property=\"og:image:type\" content=\"image\/jpeg\" \/>\n<meta name=\"author\" content=\"Herv\u00e9 Roten\" \/>\n<meta name=\"twitter:card\" content=\"summary_large_image\" \/>\n<meta name=\"twitter:label1\" content=\"Verfasst von\" \/>\n\t<meta name=\"twitter:data1\" content=\"Herv\u00e9 Roten\" \/>\n\t<meta name=\"twitter:label2\" content=\"Gesch\u00e4tzte Lesezeit\" \/>\n\t<meta name=\"twitter:data2\" content=\"4\u00a0Minuten\" \/>\n<script type=\"application\/ld+json\" class=\"yoast-schema-graph\">{\"@context\":\"https:\\\/\\\/schema.org\",\"@graph\":[{\"@type\":\"Article\",\"@id\":\"https:\\\/\\\/www.iemj.org\\\/de\\\/videos-du-concert-de-gala-de-linstitut-europeen-des-musiques-juives-edition-2015\\\/#article\",\"isPartOf\":{\"@id\":\"https:\\\/\\\/www.iemj.org\\\/de\\\/videos-du-concert-de-gala-de-linstitut-europeen-des-musiques-juives-edition-2015\\\/\"},\"author\":{\"name\":\"Herv\u00e9 Roten\",\"@id\":\"https:\\\/\\\/www.iemj.org\\\/de\\\/#\\\/schema\\\/person\\\/906134402c29d5c76e7b726261dd4bbd\"},\"headline\":\"Galakonzert des Europ\u00e4ischen Instituts f\u00fcr j\u00fcdische Musik \u2013 Ausgabe 2015\",\"datePublished\":\"2016-01-20T10:35:00+00:00\",\"dateModified\":\"2025-10-01T10:51:29+00:00\",\"mainEntityOfPage\":{\"@id\":\"https:\\\/\\\/www.iemj.org\\\/de\\\/videos-du-concert-de-gala-de-linstitut-europeen-des-musiques-juives-edition-2015\\\/\"},\"wordCount\":598,\"publisher\":{\"@id\":\"https:\\\/\\\/www.iemj.org\\\/de\\\/#organization\"},\"image\":{\"@id\":\"https:\\\/\\\/www.iemj.org\\\/de\\\/videos-du-concert-de-gala-de-linstitut-europeen-des-musiques-juives-edition-2015\\\/#primaryimage\"},\"thumbnailUrl\":\"https:\\\/\\\/www.iemj.org\\\/wp-content\\\/uploads\\\/2016\\\/01\\\/arton1440-e1618219602431.jpg\",\"articleSection\":[\"Konzerte\"],\"inLanguage\":\"de\"},{\"@type\":\"WebPage\",\"@id\":\"https:\\\/\\\/www.iemj.org\\\/de\\\/videos-du-concert-de-gala-de-linstitut-europeen-des-musiques-juives-edition-2015\\\/\",\"url\":\"https:\\\/\\\/www.iemj.org\\\/de\\\/videos-du-concert-de-gala-de-linstitut-europeen-des-musiques-juives-edition-2015\\\/\",\"name\":\"Galakonzert des Europ\u00e4ischen Instituts f\u00fcr j\u00fcdische Musik \u2013 Ausgabe 2015 - Institut Europ\u00e9en des Musiques Juives\",\"isPartOf\":{\"@id\":\"https:\\\/\\\/www.iemj.org\\\/de\\\/#website\"},\"primaryImageOfPage\":{\"@id\":\"https:\\\/\\\/www.iemj.org\\\/de\\\/videos-du-concert-de-gala-de-linstitut-europeen-des-musiques-juives-edition-2015\\\/#primaryimage\"},\"image\":{\"@id\":\"https:\\\/\\\/www.iemj.org\\\/de\\\/videos-du-concert-de-gala-de-linstitut-europeen-des-musiques-juives-edition-2015\\\/#primaryimage\"},\"thumbnailUrl\":\"https:\\\/\\\/www.iemj.org\\\/wp-content\\\/uploads\\\/2016\\\/01\\\/arton1440-e1618219602431.jpg\",\"datePublished\":\"2016-01-20T10:35:00+00:00\",\"dateModified\":\"2025-10-01T10:51:29+00:00\",\"breadcrumb\":{\"@id\":\"https:\\\/\\\/www.iemj.org\\\/de\\\/videos-du-concert-de-gala-de-linstitut-europeen-des-musiques-juives-edition-2015\\\/#breadcrumb\"},\"inLanguage\":\"de\",\"potentialAction\":[{\"@type\":\"ReadAction\",\"target\":[\"https:\\\/\\\/www.iemj.org\\\/de\\\/videos-du-concert-de-gala-de-linstitut-europeen-des-musiques-juives-edition-2015\\\/\"]}]},{\"@type\":\"ImageObject\",\"inLanguage\":\"de\",\"@id\":\"https:\\\/\\\/www.iemj.org\\\/de\\\/videos-du-concert-de-gala-de-linstitut-europeen-des-musiques-juives-edition-2015\\\/#primaryimage\",\"url\":\"https:\\\/\\\/www.iemj.org\\\/wp-content\\\/uploads\\\/2016\\\/01\\\/arton1440-e1618219602431.jpg\",\"contentUrl\":\"https:\\\/\\\/www.iemj.org\\\/wp-content\\\/uploads\\\/2016\\\/01\\\/arton1440-e1618219602431.jpg\",\"width\":350,\"height\":528},{\"@type\":\"BreadcrumbList\",\"@id\":\"https:\\\/\\\/www.iemj.org\\\/de\\\/videos-du-concert-de-gala-de-linstitut-europeen-des-musiques-juives-edition-2015\\\/#breadcrumb\",\"itemListElement\":[{\"@type\":\"ListItem\",\"position\":1,\"name\":\"Accueil\",\"item\":\"https:\\\/\\\/www.iemj.org\\\/de\\\/\"},{\"@type\":\"ListItem\",\"position\":2,\"name\":\"Galakonzert des Europ\u00e4ischen Instituts f\u00fcr j\u00fcdische Musik \u2013 Ausgabe 2015\"}]},{\"@type\":\"WebSite\",\"@id\":\"https:\\\/\\\/www.iemj.org\\\/de\\\/#website\",\"url\":\"https:\\\/\\\/www.iemj.org\\\/de\\\/\",\"name\":\"Institut Europ\u00e9en des Musiques Juives\",\"description\":\"Des traditions musicales \u00e0 la port\u00e9e de tous\",\"publisher\":{\"@id\":\"https:\\\/\\\/www.iemj.org\\\/de\\\/#organization\"},\"potentialAction\":[{\"@type\":\"SearchAction\",\"target\":{\"@type\":\"EntryPoint\",\"urlTemplate\":\"https:\\\/\\\/www.iemj.org\\\/de\\\/?s={search_term_string}\"},\"query-input\":{\"@type\":\"PropertyValueSpecification\",\"valueRequired\":true,\"valueName\":\"search_term_string\"}}],\"inLanguage\":\"de\"},{\"@type\":\"Organization\",\"@id\":\"https:\\\/\\\/www.iemj.org\\\/de\\\/#organization\",\"name\":\"Institut Europ\u00e9en des Musiques Juives\",\"url\":\"https:\\\/\\\/www.iemj.org\\\/de\\\/\",\"logo\":{\"@type\":\"ImageObject\",\"inLanguage\":\"de\",\"@id\":\"https:\\\/\\\/www.iemj.org\\\/de\\\/#\\\/schema\\\/logo\\\/image\\\/\",\"url\":\"https:\\\/\\\/www.iemj.org\\\/wp-content\\\/uploads\\\/2021\\\/09\\\/Logo-IEMJ-Paypal.jpg\",\"contentUrl\":\"https:\\\/\\\/www.iemj.org\\\/wp-content\\\/uploads\\\/2021\\\/09\\\/Logo-IEMJ-Paypal.jpg\",\"width\":150,\"height\":50,\"caption\":\"Institut Europ\u00e9en des Musiques Juives\"},\"image\":{\"@id\":\"https:\\\/\\\/www.iemj.org\\\/de\\\/#\\\/schema\\\/logo\\\/image\\\/\"},\"sameAs\":[\"https:\\\/\\\/www.facebook.com\\\/MusiquesJuives\\\/\",\"https:\\\/\\\/www.instagram.com\\\/musiquesjuives\\\/\",\"https:\\\/\\\/www.youtube.com\\\/user\\\/musiquesjuives\"]},{\"@type\":\"Person\",\"@id\":\"https:\\\/\\\/www.iemj.org\\\/de\\\/#\\\/schema\\\/person\\\/906134402c29d5c76e7b726261dd4bbd\",\"name\":\"Herv\u00e9 Roten\",\"image\":{\"@type\":\"ImageObject\",\"inLanguage\":\"de\",\"@id\":\"https:\\\/\\\/secure.gravatar.com\\\/avatar\\\/f96ad2db538a26481f18384936b5cd0610c92d390c4dc382209216d455f685ff?s=96&d=mm&r=g\",\"url\":\"https:\\\/\\\/secure.gravatar.com\\\/avatar\\\/f96ad2db538a26481f18384936b5cd0610c92d390c4dc382209216d455f685ff?s=96&d=mm&r=g\",\"contentUrl\":\"https:\\\/\\\/secure.gravatar.com\\\/avatar\\\/f96ad2db538a26481f18384936b5cd0610c92d390c4dc382209216d455f685ff?s=96&d=mm&r=g\",\"caption\":\"Herv\u00e9 Roten\"}}]}<\/script>\n<!-- \/ Yoast SEO plugin. -->","yoast_head_json":{"title":"Galakonzert des Europ\u00e4ischen Instituts f\u00fcr j\u00fcdische Musik \u2013 Ausgabe 2015 - Institut Europ\u00e9en des Musiques Juives","robots":{"index":"index","follow":"follow","max-snippet":"max-snippet:-1","max-image-preview":"max-image-preview:large","max-video-preview":"max-video-preview:-1"},"canonical":"https:\/\/www.iemj.org\/de\/videos-du-concert-de-gala-de-linstitut-europeen-des-musiques-juives-edition-2015\/","og_locale":"de_DE","og_type":"article","og_title":"Galakonzert des Europ\u00e4ischen Instituts f\u00fcr j\u00fcdische Musik \u2013 Ausgabe 2015 - Institut Europ\u00e9en des Musiques Juives","og_description":"Schauen Sie\u00a0VideoAusschnitte\u00a0aus der erste Ausgabe des Galakonzerts des Europ\u00e4ischen Instituts f\u00fcr J\u00fcdische Musik, \u201cJ\u00fcdische Musik in all ihren Zust\u00e4nden\u201d, das am Sonntag, den 8. November 2015, um 17.30 Uhr, im","og_url":"https:\/\/www.iemj.org\/de\/videos-du-concert-de-gala-de-linstitut-europeen-des-musiques-juives-edition-2015\/","og_site_name":"Institut Europ\u00e9en des Musiques Juives","article_publisher":"https:\/\/www.facebook.com\/MusiquesJuives\/","article_published_time":"2016-01-20T10:35:00+00:00","article_modified_time":"2025-10-01T10:51:29+00:00","og_image":[{"width":350,"height":528,"url":"https:\/\/www.iemj.org\/wp-content\/uploads\/2016\/01\/arton1440-e1618219602431.jpg","type":"image\/jpeg"}],"author":"Herv\u00e9 Roten","twitter_card":"summary_large_image","twitter_misc":{"Verfasst von":"Herv\u00e9 Roten","Gesch\u00e4tzte Lesezeit":"4\u00a0Minuten"},"schema":{"@context":"https:\/\/schema.org","@graph":[{"@type":"Article","@id":"https:\/\/www.iemj.org\/de\/videos-du-concert-de-gala-de-linstitut-europeen-des-musiques-juives-edition-2015\/#article","isPartOf":{"@id":"https:\/\/www.iemj.org\/de\/videos-du-concert-de-gala-de-linstitut-europeen-des-musiques-juives-edition-2015\/"},"author":{"name":"Herv\u00e9 Roten","@id":"https:\/\/www.iemj.org\/de\/#\/schema\/person\/906134402c29d5c76e7b726261dd4bbd"},"headline":"Galakonzert des Europ\u00e4ischen Instituts f\u00fcr j\u00fcdische Musik \u2013 Ausgabe 2015","datePublished":"2016-01-20T10:35:00+00:00","dateModified":"2025-10-01T10:51:29+00:00","mainEntityOfPage":{"@id":"https:\/\/www.iemj.org\/de\/videos-du-concert-de-gala-de-linstitut-europeen-des-musiques-juives-edition-2015\/"},"wordCount":598,"publisher":{"@id":"https:\/\/www.iemj.org\/de\/#organization"},"image":{"@id":"https:\/\/www.iemj.org\/de\/videos-du-concert-de-gala-de-linstitut-europeen-des-musiques-juives-edition-2015\/#primaryimage"},"thumbnailUrl":"https:\/\/www.iemj.org\/wp-content\/uploads\/2016\/01\/arton1440-e1618219602431.jpg","articleSection":["Konzerte"],"inLanguage":"de"},{"@type":"WebPage","@id":"https:\/\/www.iemj.org\/de\/videos-du-concert-de-gala-de-linstitut-europeen-des-musiques-juives-edition-2015\/","url":"https:\/\/www.iemj.org\/de\/videos-du-concert-de-gala-de-linstitut-europeen-des-musiques-juives-edition-2015\/","name":"Galakonzert des Europ\u00e4ischen Instituts f\u00fcr j\u00fcdische Musik \u2013 Ausgabe 2015 - Institut Europ\u00e9en des Musiques Juives","isPartOf":{"@id":"https:\/\/www.iemj.org\/de\/#website"},"primaryImageOfPage":{"@id":"https:\/\/www.iemj.org\/de\/videos-du-concert-de-gala-de-linstitut-europeen-des-musiques-juives-edition-2015\/#primaryimage"},"image":{"@id":"https:\/\/www.iemj.org\/de\/videos-du-concert-de-gala-de-linstitut-europeen-des-musiques-juives-edition-2015\/#primaryimage"},"thumbnailUrl":"https:\/\/www.iemj.org\/wp-content\/uploads\/2016\/01\/arton1440-e1618219602431.jpg","datePublished":"2016-01-20T10:35:00+00:00","dateModified":"2025-10-01T10:51:29+00:00","breadcrumb":{"@id":"https:\/\/www.iemj.org\/de\/videos-du-concert-de-gala-de-linstitut-europeen-des-musiques-juives-edition-2015\/#breadcrumb"},"inLanguage":"de","potentialAction":[{"@type":"ReadAction","target":["https:\/\/www.iemj.org\/de\/videos-du-concert-de-gala-de-linstitut-europeen-des-musiques-juives-edition-2015\/"]}]},{"@type":"ImageObject","inLanguage":"de","@id":"https:\/\/www.iemj.org\/de\/videos-du-concert-de-gala-de-linstitut-europeen-des-musiques-juives-edition-2015\/#primaryimage","url":"https:\/\/www.iemj.org\/wp-content\/uploads\/2016\/01\/arton1440-e1618219602431.jpg","contentUrl":"https:\/\/www.iemj.org\/wp-content\/uploads\/2016\/01\/arton1440-e1618219602431.jpg","width":350,"height":528},{"@type":"BreadcrumbList","@id":"https:\/\/www.iemj.org\/de\/videos-du-concert-de-gala-de-linstitut-europeen-des-musiques-juives-edition-2015\/#breadcrumb","itemListElement":[{"@type":"ListItem","position":1,"name":"Accueil","item":"https:\/\/www.iemj.org\/de\/"},{"@type":"ListItem","position":2,"name":"Galakonzert des Europ\u00e4ischen Instituts f\u00fcr j\u00fcdische Musik \u2013 Ausgabe 2015"}]},{"@type":"WebSite","@id":"https:\/\/www.iemj.org\/de\/#website","url":"https:\/\/www.iemj.org\/de\/","name":"Institut Europ\u00e9en des Musiques Juives","description":"Des traditions musicales \u00e0 la port\u00e9e de tous","publisher":{"@id":"https:\/\/www.iemj.org\/de\/#organization"},"potentialAction":[{"@type":"SearchAction","target":{"@type":"EntryPoint","urlTemplate":"https:\/\/www.iemj.org\/de\/?s={search_term_string}"},"query-input":{"@type":"PropertyValueSpecification","valueRequired":true,"valueName":"search_term_string"}}],"inLanguage":"de"},{"@type":"Organization","@id":"https:\/\/www.iemj.org\/de\/#organization","name":"Institut Europ\u00e9en des Musiques Juives","url":"https:\/\/www.iemj.org\/de\/","logo":{"@type":"ImageObject","inLanguage":"de","@id":"https:\/\/www.iemj.org\/de\/#\/schema\/logo\/image\/","url":"https:\/\/www.iemj.org\/wp-content\/uploads\/2021\/09\/Logo-IEMJ-Paypal.jpg","contentUrl":"https:\/\/www.iemj.org\/wp-content\/uploads\/2021\/09\/Logo-IEMJ-Paypal.jpg","width":150,"height":50,"caption":"Institut Europ\u00e9en des Musiques Juives"},"image":{"@id":"https:\/\/www.iemj.org\/de\/#\/schema\/logo\/image\/"},"sameAs":["https:\/\/www.facebook.com\/MusiquesJuives\/","https:\/\/www.instagram.com\/musiquesjuives\/","https:\/\/www.youtube.com\/user\/musiquesjuives"]},{"@type":"Person","@id":"https:\/\/www.iemj.org\/de\/#\/schema\/person\/906134402c29d5c76e7b726261dd4bbd","name":"Herv\u00e9 Roten","image":{"@type":"ImageObject","inLanguage":"de","@id":"https:\/\/secure.gravatar.com\/avatar\/f96ad2db538a26481f18384936b5cd0610c92d390c4dc382209216d455f685ff?s=96&d=mm&r=g","url":"https:\/\/secure.gravatar.com\/avatar\/f96ad2db538a26481f18384936b5cd0610c92d390c4dc382209216d455f685ff?s=96&d=mm&r=g","contentUrl":"https:\/\/secure.gravatar.com\/avatar\/f96ad2db538a26481f18384936b5cd0610c92d390c4dc382209216d455f685ff?s=96&d=mm&r=g","caption":"Herv\u00e9 Roten"}}]}},"_links":{"self":[{"href":"https:\/\/www.iemj.org\/de\/wp-json\/wp\/v2\/posts\/49997","targetHints":{"allow":["GET"]}}],"collection":[{"href":"https:\/\/www.iemj.org\/de\/wp-json\/wp\/v2\/posts"}],"about":[{"href":"https:\/\/www.iemj.org\/de\/wp-json\/wp\/v2\/types\/post"}],"author":[{"embeddable":true,"href":"https:\/\/www.iemj.org\/de\/wp-json\/wp\/v2\/users\/1045"}],"replies":[{"embeddable":true,"href":"https:\/\/www.iemj.org\/de\/wp-json\/wp\/v2\/comments?post=49997"}],"version-history":[{"count":2,"href":"https:\/\/www.iemj.org\/de\/wp-json\/wp\/v2\/posts\/49997\/revisions"}],"predecessor-version":[{"id":126227,"href":"https:\/\/www.iemj.org\/de\/wp-json\/wp\/v2\/posts\/49997\/revisions\/126227"}],"wp:featuredmedia":[{"embeddable":true,"href":"https:\/\/www.iemj.org\/de\/wp-json\/wp\/v2\/media\/49998"}],"wp:attachment":[{"href":"https:\/\/www.iemj.org\/de\/wp-json\/wp\/v2\/media?parent=49997"}],"wp:term":[{"taxonomy":"category","embeddable":true,"href":"https:\/\/www.iemj.org\/de\/wp-json\/wp\/v2\/categories?post=49997"},{"taxonomy":"post_tag","embeddable":true,"href":"https:\/\/www.iemj.org\/de\/wp-json\/wp\/v2\/tags?post=49997"},{"taxonomy":"technique","embeddable":true,"href":"https:\/\/www.iemj.org\/de\/wp-json\/wp\/v2\/technique?post=49997"},{"taxonomy":"squelettes","embeddable":true,"href":"https:\/\/www.iemj.org\/de\/wp-json\/wp\/v2\/squelettes?post=49997"},{"taxonomy":"sujet","embeddable":true,"href":"https:\/\/www.iemj.org\/de\/wp-json\/wp\/v2\/sujet?post=49997"},{"taxonomy":"formation","embeddable":true,"href":"https:\/\/www.iemj.org\/de\/wp-json\/wp\/v2\/formation?post=49997"},{"taxonomy":"genre","embeddable":true,"href":"https:\/\/www.iemj.org\/de\/wp-json\/wp\/v2\/genre?post=49997"},{"taxonomy":"fonds","embeddable":true,"href":"https:\/\/www.iemj.org\/de\/wp-json\/wp\/v2\/fonds?post=49997"},{"taxonomy":"tradition","embeddable":true,"href":"https:\/\/www.iemj.org\/de\/wp-json\/wp\/v2\/tradition?post=49997"},{"taxonomy":"type-de-contenu","embeddable":true,"href":"https:\/\/www.iemj.org\/de\/wp-json\/wp\/v2\/type-de-contenu?post=49997"},{"taxonomy":"interprete-compositeur","embeddable":true,"href":"https:\/\/www.iemj.org\/de\/wp-json\/wp\/v2\/interprete-compositeur?post=49997"},{"taxonomy":"frise","embeddable":true,"href":"https:\/\/www.iemj.org\/de\/wp-json\/wp\/v2\/frise?post=49997"},{"taxonomy":"type-devenement","embeddable":true,"href":"https:\/\/www.iemj.org\/de\/wp-json\/wp\/v2\/type-devenement?post=49997"},{"taxonomy":"tableaux-liens-externes","embeddable":true,"href":"https:\/\/www.iemj.org\/de\/wp-json\/wp\/v2\/tableaux-liens-externes?post=49997"}],"curies":[{"name":"wp","href":"https:\/\/api.w.org\/{rel}","templated":true}]}}