{"id":50088,"date":"2010-05-20T16:38:00","date_gmt":"2010-05-20T14:38:00","guid":{"rendered":"https:\/\/www.iemj.org\/concert-musiques-juives-baroques\/"},"modified":"2025-08-21T17:13:29","modified_gmt":"2025-08-21T15:13:29","slug":"concert-musiques-juives-baroques","status":"publish","type":"post","link":"https:\/\/www.iemj.org\/de\/concert-musiques-juives-baroques\/","title":{"rendered":"Konzert der j\u00fcdischen Barockmusik &#8211; Venedig, Mantua, Amsterdam (1623-1774)"},"content":{"rendered":"<p>Das Konzert ansehen: J\u00fcdische Barockmusik \u2013 Venedig, Mantua, Amsterdam (1623\u20131774), mit Werken von <a href=\"https:\/\/www.iemj.org\/de\/rossi-salomone-vers-1570-vers-1630\/\">Salomone Rossi<\/a> (ca 1570-ca 1630) und <a href=\"https:\/\/www.iemj.org\/en\/lidarti-cristiano-giuseppe-1730-after-1793\/\">Cristiano Giuseppe Lidarti<\/a> (1730-nach 1793), aufgef\u00fchrt vom Texto Ensemble unter der Leitung von David Klein, am 14. April 2010 in der Deutschen Evangelischen Kirche in Paris.<\/p>\n<p>Dieses Konzert, das von der Fondation Rothschild &#8211; Institut Alain de Rothschild, der Fondation du Juda\u00efsme Fran\u00e7ais und dem Institut Europ\u00e9en de Musique Juive unterst\u00fctzt wird, wurde von <a href=\"https:\/\/www.iemj.org\/de\/association-yuval\/\">Yuval<\/a>, einem franz\u00f6sischen Verein zur Erhaltung j\u00fcdischer Musiktraditionen, in Erinnerung an seinen k\u00fcrzlich verstorbenen Gr\u00fcnder <a href=\"https:\/\/www.iemj.org\/de\/adler-israel-1925-2009\/\">Israel Adler<\/a> (1925-2009) organisiert.<\/p>\n<p><a href=\"https:\/\/www.iemj.org\/de\/produit\/musiques-juives-baroques-venise-mantoue-amsterdam-1623-1774\/\" target=\"_blank\" rel=\"noopener\">Bestellen Sie die CD <em>J\u00fcdische Barockmusik<\/em><\/a><\/p>\n\n\n<div class=\"wp-block-columns is-layout-flex wp-container-core-columns-is-layout-9d6595d7 wp-block-columns-is-layout-flex\">\n<div class=\"wp-block-column is-layout-flow wp-block-column-is-layout-flow\">\n<figure class=\"wp-block-embed is-type-video is-provider-youtube wp-block-embed-youtube wp-embed-aspect-16-9 wp-has-aspect-ratio\"><div class=\"wp-block-embed__wrapper\">\n<iframe title=\"Concert Musiques Juives Baroques (1\u00e8re PARTIE)\" width=\"640\" height=\"360\" src=\"https:\/\/www.youtube.com\/embed\/c8T-b2FAWEU?feature=oembed\" frameborder=\"0\" allow=\"accelerometer; autoplay; clipboard-write; encrypted-media; gyroscope; picture-in-picture; web-share\" referrerpolicy=\"strict-origin-when-cross-origin\" allowfullscreen><\/iframe>\n<\/div><figcaption class=\"wp-element-caption\"><strong>Konzert J\u00fcdische Barockmusik (<strong>1. Teil<\/strong>)<\/strong><a href=\"https:\/\/www.youtube.com\/watch?v=c8T-b2FAWEU&amp;t=45s\"><br>00:45<\/a>\u00a0Salamone Rossi, <em>Qadish<\/em> (Mantua\/Venedig, 1623)<br><a href=\"https:\/\/www.youtube.com\/watch?v=c8T-b2FAWEU&amp;t=400s\">06:40<\/a>\u00a0Cristiano Lidarti, <em>Esther<\/em> : Rezitativ und Aman-Arie \u201eMishoresh \u2018Ad \u2018Anaf\u201c (Amsterdam, 1774)<br><a href=\"https:\/\/www.youtube.com\/watch?v=c8T-b2FAWEU&amp;t=965s\">16:05<\/a>\u00a0Anonym, <em>Kol Haneshama <\/em>(Amsterdam, 1. H\u00e4lfte des 18. Jahrhunderts)<br><a href=\"https:\/\/www.youtube.com\/watch?v=c8T-b2FAWEU&amp;t=1212s\">20:12<\/a>\u00a0Cristiano Lidarti, <em>Esther<\/em>: Rezitativ und Arie von Mordechai \u201eYarden, Yarden\u201c (Amsterdam, 1774)<br><a href=\"https:\/\/www.youtube.com\/watch?v=c8T-b2FAWEU&amp;t=1792s\">29:52<\/a>\u00a0Cristiano Lidarti, <em>Esther<\/em>: Chor \u201eBeit Yisrael\u201c (Amsterdam, 1774)<br><a href=\"https:\/\/www.youtube.com\/watch?v=c8T-b2FAWEU&amp;t=1984s\">33:04<\/a>\u00a0Cristiano Lidarti, <em>Kol Haneshama<\/em> (Amsterdam, 2. H\u00e4lfte des 18. Jahrhunderts)<\/figcaption><\/figure>\n<\/div>\n\n\n\n<div class=\"wp-block-column is-layout-flow wp-block-column-is-layout-flow\">\n<figure class=\"wp-block-embed is-type-video is-provider-youtube wp-block-embed-youtube wp-embed-aspect-16-9 wp-has-aspect-ratio\"><div class=\"wp-block-embed__wrapper\">\n<iframe title=\"Concert Musiques Juives Baroques (2\u00e8me PARTIE)\" width=\"640\" height=\"360\" src=\"https:\/\/www.youtube.com\/embed\/DJt64gby50U?feature=oembed\" frameborder=\"0\" allow=\"accelerometer; autoplay; clipboard-write; encrypted-media; gyroscope; picture-in-picture; web-share\" referrerpolicy=\"strict-origin-when-cross-origin\" allowfullscreen><\/iframe>\n<\/div><figcaption class=\"wp-element-caption\"><strong>Konzert J\u00fcdische Barockmusik (2. Teil)<\/strong><a href=\"https:\/\/www.youtube.com\/watch?v=DJt64gby50U&amp;t=5s\"><br>00:05<\/a>\u00a0Salamone Rossi, <em>Al Naharot Bavel<\/em> (Mantua\/Venedig, 1623)<br><a href=\"https:\/\/www.youtube.com\/watch?v=DJt64gby50U&amp;t=204s\">03:24<\/a>\u00a0Cristiano Lidarti, <em>Esther<\/em>: Rezitativ und Duo Esther\/Ahasveros \u201eMimawet Mi Nafshi Halats\u201c (Amsterdam, 1774)<br><a href=\"https:\/\/www.youtube.com\/watch?v=DJt64gby50U&amp;t=543s\">09:03<\/a>\u00a0Cristiano Lidarti, <em>Esther<\/em>: Rezitativ und Duo Esther\/Ahasveros \u201eSham Eten Lakh Et Kol D\u00f4day\u201c (Amsterdam, 1774)<br><a href=\"https:\/\/www.youtube.com\/watch?v=DJt64gby50U&amp;t=826s\">13:46<\/a>\u00a0Salomone Rossi, <em>Lemi Ehpotz<\/em> (Mantua\/Venedig, 1623)<br><a href=\"https:\/\/www.youtube.com\/watch?v=DJt64gby50U&amp;t=1126s\">18:46<\/a>\u00a0Abraham Caceres, <em>Le\u2019el Elim<\/em> (Amsterdam, 1738)<br><a href=\"https:\/\/www.youtube.com\/watch?v=DJt64gby50U&amp;t=1878s\">31:18<\/a>\u00a0Cristiano Lidarti, <em>Esther<\/em> : Esther-Arie \u201eZed Yahir\u201c (Amsterdam, 1774)<br><a href=\"https:\/\/www.youtube.com\/watch?v=DJt64gby50U&amp;t=2395s\">39:55<\/a>\u00a0Abraham Caceres, <em>Hishki Hizki<\/em> (Amsterdam, 1. H\u00e4lfte des 18. Jahrhunderts)<\/figcaption><\/figure>\n<\/div>\n<\/div>\n\n\n\n<p><\/p>\n","protected":false},"excerpt":{"rendered":"<p>Das Konzert ansehen: J\u00fcdische Barockmusik \u2013 Venedig, Mantua, Amsterdam (1623\u20131774), mit Werken von Salomone Rossi (ca 1570-ca 1630) und Cristiano Giuseppe Lidarti (1730-nach 1793), aufgef\u00fchrt vom Texto Ensemble unter der<\/p>\n","protected":false},"author":1052,"featured_media":50089,"comment_status":"closed","ping_status":"open","sticky":false,"template":"","format":"standard","meta":{"_acf_changed":false,"footnotes":""},"categories":[1516],"tags":[],"technique":[],"squelettes":[],"sujet":[],"formation":[],"genre":[1893],"fonds":[],"tradition":[],"type-de-contenu":[],"interprete-compositeur":[3277],"frise":[],"type-devenement":[],"tableaux-liens-externes":[],"class_list":["post-50088","post","type-post","status-publish","format-standard","has-post-thumbnail","hentry","category-konzerte-film-de","genre-barockmusik-de","interprete-compositeur-salomone-rossi-de"],"acf":[],"yoast_head":"<!-- This site is optimized with the Yoast SEO plugin v27.3 - https:\/\/yoast.com\/product\/yoast-seo-wordpress\/ -->\n<title>Konzert der j\u00fcdischen Barockmusik - Venedig, Mantua, Amsterdam (1623-1774) - Institut Europ\u00e9en des Musiques Juives<\/title>\n<meta name=\"robots\" content=\"index, follow, max-snippet:-1, max-image-preview:large, max-video-preview:-1\" \/>\n<link rel=\"canonical\" href=\"https:\/\/www.iemj.org\/de\/concert-musiques-juives-baroques\/\" \/>\n<meta property=\"og:locale\" content=\"de_DE\" \/>\n<meta property=\"og:type\" content=\"article\" \/>\n<meta property=\"og:title\" content=\"Konzert der j\u00fcdischen Barockmusik - Venedig, Mantua, Amsterdam (1623-1774) - Institut Europ\u00e9en des Musiques Juives\" \/>\n<meta property=\"og:description\" content=\"Das Konzert ansehen: J\u00fcdische Barockmusik \u2013 Venedig, Mantua, Amsterdam (1623\u20131774), mit Werken von Salomone Rossi (ca 1570-ca 1630) und Cristiano Giuseppe Lidarti (1730-nach 1793), aufgef\u00fchrt vom Texto Ensemble unter der\" \/>\n<meta property=\"og:url\" content=\"https:\/\/www.iemj.org\/de\/concert-musiques-juives-baroques\/\" \/>\n<meta property=\"og:site_name\" content=\"Institut Europ\u00e9en des Musiques Juives\" \/>\n<meta property=\"article:publisher\" content=\"https:\/\/www.facebook.com\/MusiquesJuives\/\" \/>\n<meta property=\"article:published_time\" content=\"2010-05-20T14:38:00+00:00\" \/>\n<meta property=\"article:modified_time\" content=\"2025-08-21T15:13:29+00:00\" \/>\n<meta property=\"og:image\" content=\"https:\/\/www.iemj.org\/wp-content\/uploads\/2018\/02\/arton3196-e1618076060610.jpg\" \/>\n\t<meta property=\"og:image:width\" content=\"350\" \/>\n\t<meta property=\"og:image:height\" content=\"191\" \/>\n\t<meta property=\"og:image:type\" content=\"image\/jpeg\" \/>\n<meta name=\"author\" content=\"Lea Couderc\" \/>\n<meta name=\"twitter:card\" content=\"summary_large_image\" \/>\n<meta name=\"twitter:label1\" content=\"Verfasst von\" \/>\n\t<meta name=\"twitter:data1\" content=\"Lea Couderc\" \/>\n\t<meta name=\"twitter:label2\" content=\"Gesch\u00e4tzte Lesezeit\" \/>\n\t<meta name=\"twitter:data2\" content=\"2\u00a0Minuten\" \/>\n<script type=\"application\/ld+json\" class=\"yoast-schema-graph\">{\"@context\":\"https:\\\/\\\/schema.org\",\"@graph\":[{\"@type\":\"Article\",\"@id\":\"https:\\\/\\\/www.iemj.org\\\/de\\\/concert-musiques-juives-baroques\\\/#article\",\"isPartOf\":{\"@id\":\"https:\\\/\\\/www.iemj.org\\\/de\\\/concert-musiques-juives-baroques\\\/\"},\"author\":{\"name\":\"Lea Couderc\",\"@id\":\"https:\\\/\\\/www.iemj.org\\\/de\\\/#\\\/schema\\\/person\\\/e2ad57f2c4be119c7ed8ab79036807a9\"},\"headline\":\"Konzert der j\u00fcdischen Barockmusik &#8211; Venedig, Mantua, Amsterdam (1623-1774)\",\"datePublished\":\"2010-05-20T14:38:00+00:00\",\"dateModified\":\"2025-08-21T15:13:29+00:00\",\"mainEntityOfPage\":{\"@id\":\"https:\\\/\\\/www.iemj.org\\\/de\\\/concert-musiques-juives-baroques\\\/\"},\"wordCount\":249,\"publisher\":{\"@id\":\"https:\\\/\\\/www.iemj.org\\\/de\\\/#organization\"},\"image\":{\"@id\":\"https:\\\/\\\/www.iemj.org\\\/de\\\/concert-musiques-juives-baroques\\\/#primaryimage\"},\"thumbnailUrl\":\"https:\\\/\\\/www.iemj.org\\\/wp-content\\\/uploads\\\/2018\\\/02\\\/arton3196-e1618076060610.jpg\",\"articleSection\":[\"Konzerte\"],\"inLanguage\":\"de\"},{\"@type\":\"WebPage\",\"@id\":\"https:\\\/\\\/www.iemj.org\\\/de\\\/concert-musiques-juives-baroques\\\/\",\"url\":\"https:\\\/\\\/www.iemj.org\\\/de\\\/concert-musiques-juives-baroques\\\/\",\"name\":\"Konzert der j\u00fcdischen Barockmusik - Venedig, Mantua, Amsterdam (1623-1774) - Institut Europ\u00e9en des Musiques Juives\",\"isPartOf\":{\"@id\":\"https:\\\/\\\/www.iemj.org\\\/de\\\/#website\"},\"primaryImageOfPage\":{\"@id\":\"https:\\\/\\\/www.iemj.org\\\/de\\\/concert-musiques-juives-baroques\\\/#primaryimage\"},\"image\":{\"@id\":\"https:\\\/\\\/www.iemj.org\\\/de\\\/concert-musiques-juives-baroques\\\/#primaryimage\"},\"thumbnailUrl\":\"https:\\\/\\\/www.iemj.org\\\/wp-content\\\/uploads\\\/2018\\\/02\\\/arton3196-e1618076060610.jpg\",\"datePublished\":\"2010-05-20T14:38:00+00:00\",\"dateModified\":\"2025-08-21T15:13:29+00:00\",\"breadcrumb\":{\"@id\":\"https:\\\/\\\/www.iemj.org\\\/de\\\/concert-musiques-juives-baroques\\\/#breadcrumb\"},\"inLanguage\":\"de\",\"potentialAction\":[{\"@type\":\"ReadAction\",\"target\":[\"https:\\\/\\\/www.iemj.org\\\/de\\\/concert-musiques-juives-baroques\\\/\"]}]},{\"@type\":\"ImageObject\",\"inLanguage\":\"de\",\"@id\":\"https:\\\/\\\/www.iemj.org\\\/de\\\/concert-musiques-juives-baroques\\\/#primaryimage\",\"url\":\"https:\\\/\\\/www.iemj.org\\\/wp-content\\\/uploads\\\/2018\\\/02\\\/arton3196-e1618076060610.jpg\",\"contentUrl\":\"https:\\\/\\\/www.iemj.org\\\/wp-content\\\/uploads\\\/2018\\\/02\\\/arton3196-e1618076060610.jpg\",\"width\":350,\"height\":191},{\"@type\":\"BreadcrumbList\",\"@id\":\"https:\\\/\\\/www.iemj.org\\\/de\\\/concert-musiques-juives-baroques\\\/#breadcrumb\",\"itemListElement\":[{\"@type\":\"ListItem\",\"position\":1,\"name\":\"Accueil\",\"item\":\"https:\\\/\\\/www.iemj.org\\\/de\\\/\"},{\"@type\":\"ListItem\",\"position\":2,\"name\":\"Konzert der j\u00fcdischen Barockmusik &#8211; Venedig, Mantua, Amsterdam (1623-1774)\"}]},{\"@type\":\"WebSite\",\"@id\":\"https:\\\/\\\/www.iemj.org\\\/de\\\/#website\",\"url\":\"https:\\\/\\\/www.iemj.org\\\/de\\\/\",\"name\":\"Institut Europ\u00e9en des Musiques Juives\",\"description\":\"Des traditions musicales \u00e0 la port\u00e9e de tous\",\"publisher\":{\"@id\":\"https:\\\/\\\/www.iemj.org\\\/de\\\/#organization\"},\"potentialAction\":[{\"@type\":\"SearchAction\",\"target\":{\"@type\":\"EntryPoint\",\"urlTemplate\":\"https:\\\/\\\/www.iemj.org\\\/de\\\/?s={search_term_string}\"},\"query-input\":{\"@type\":\"PropertyValueSpecification\",\"valueRequired\":true,\"valueName\":\"search_term_string\"}}],\"inLanguage\":\"de\"},{\"@type\":\"Organization\",\"@id\":\"https:\\\/\\\/www.iemj.org\\\/de\\\/#organization\",\"name\":\"Institut Europ\u00e9en des Musiques Juives\",\"url\":\"https:\\\/\\\/www.iemj.org\\\/de\\\/\",\"logo\":{\"@type\":\"ImageObject\",\"inLanguage\":\"de\",\"@id\":\"https:\\\/\\\/www.iemj.org\\\/de\\\/#\\\/schema\\\/logo\\\/image\\\/\",\"url\":\"https:\\\/\\\/www.iemj.org\\\/wp-content\\\/uploads\\\/2021\\\/09\\\/Logo-IEMJ-Paypal.jpg\",\"contentUrl\":\"https:\\\/\\\/www.iemj.org\\\/wp-content\\\/uploads\\\/2021\\\/09\\\/Logo-IEMJ-Paypal.jpg\",\"width\":150,\"height\":50,\"caption\":\"Institut Europ\u00e9en des Musiques Juives\"},\"image\":{\"@id\":\"https:\\\/\\\/www.iemj.org\\\/de\\\/#\\\/schema\\\/logo\\\/image\\\/\"},\"sameAs\":[\"https:\\\/\\\/www.facebook.com\\\/MusiquesJuives\\\/\",\"https:\\\/\\\/www.instagram.com\\\/musiquesjuives\\\/\",\"https:\\\/\\\/www.youtube.com\\\/user\\\/musiquesjuives\"]},{\"@type\":\"Person\",\"@id\":\"https:\\\/\\\/www.iemj.org\\\/de\\\/#\\\/schema\\\/person\\\/e2ad57f2c4be119c7ed8ab79036807a9\",\"name\":\"Lea Couderc\",\"image\":{\"@type\":\"ImageObject\",\"inLanguage\":\"de\",\"@id\":\"https:\\\/\\\/secure.gravatar.com\\\/avatar\\\/46ee021475d60aeff17a7e490b79dea5a5684bb392ab7fd1494027411df8ba23?s=96&d=mm&r=g\",\"url\":\"https:\\\/\\\/secure.gravatar.com\\\/avatar\\\/46ee021475d60aeff17a7e490b79dea5a5684bb392ab7fd1494027411df8ba23?s=96&d=mm&r=g\",\"contentUrl\":\"https:\\\/\\\/secure.gravatar.com\\\/avatar\\\/46ee021475d60aeff17a7e490b79dea5a5684bb392ab7fd1494027411df8ba23?s=96&d=mm&r=g\",\"caption\":\"Lea Couderc\"}}]}<\/script>\n<!-- \/ Yoast SEO plugin. -->","yoast_head_json":{"title":"Konzert der j\u00fcdischen Barockmusik - Venedig, Mantua, Amsterdam (1623-1774) - Institut Europ\u00e9en des Musiques Juives","robots":{"index":"index","follow":"follow","max-snippet":"max-snippet:-1","max-image-preview":"max-image-preview:large","max-video-preview":"max-video-preview:-1"},"canonical":"https:\/\/www.iemj.org\/de\/concert-musiques-juives-baroques\/","og_locale":"de_DE","og_type":"article","og_title":"Konzert der j\u00fcdischen Barockmusik - Venedig, Mantua, Amsterdam (1623-1774) - Institut Europ\u00e9en des Musiques Juives","og_description":"Das Konzert ansehen: J\u00fcdische Barockmusik \u2013 Venedig, Mantua, Amsterdam (1623\u20131774), mit Werken von Salomone Rossi (ca 1570-ca 1630) und Cristiano Giuseppe Lidarti (1730-nach 1793), aufgef\u00fchrt vom Texto Ensemble unter der","og_url":"https:\/\/www.iemj.org\/de\/concert-musiques-juives-baroques\/","og_site_name":"Institut Europ\u00e9en des Musiques Juives","article_publisher":"https:\/\/www.facebook.com\/MusiquesJuives\/","article_published_time":"2010-05-20T14:38:00+00:00","article_modified_time":"2025-08-21T15:13:29+00:00","og_image":[{"width":350,"height":191,"url":"https:\/\/www.iemj.org\/wp-content\/uploads\/2018\/02\/arton3196-e1618076060610.jpg","type":"image\/jpeg"}],"author":"Lea Couderc","twitter_card":"summary_large_image","twitter_misc":{"Verfasst von":"Lea Couderc","Gesch\u00e4tzte Lesezeit":"2\u00a0Minuten"},"schema":{"@context":"https:\/\/schema.org","@graph":[{"@type":"Article","@id":"https:\/\/www.iemj.org\/de\/concert-musiques-juives-baroques\/#article","isPartOf":{"@id":"https:\/\/www.iemj.org\/de\/concert-musiques-juives-baroques\/"},"author":{"name":"Lea Couderc","@id":"https:\/\/www.iemj.org\/de\/#\/schema\/person\/e2ad57f2c4be119c7ed8ab79036807a9"},"headline":"Konzert der j\u00fcdischen Barockmusik &#8211; Venedig, Mantua, Amsterdam (1623-1774)","datePublished":"2010-05-20T14:38:00+00:00","dateModified":"2025-08-21T15:13:29+00:00","mainEntityOfPage":{"@id":"https:\/\/www.iemj.org\/de\/concert-musiques-juives-baroques\/"},"wordCount":249,"publisher":{"@id":"https:\/\/www.iemj.org\/de\/#organization"},"image":{"@id":"https:\/\/www.iemj.org\/de\/concert-musiques-juives-baroques\/#primaryimage"},"thumbnailUrl":"https:\/\/www.iemj.org\/wp-content\/uploads\/2018\/02\/arton3196-e1618076060610.jpg","articleSection":["Konzerte"],"inLanguage":"de"},{"@type":"WebPage","@id":"https:\/\/www.iemj.org\/de\/concert-musiques-juives-baroques\/","url":"https:\/\/www.iemj.org\/de\/concert-musiques-juives-baroques\/","name":"Konzert der j\u00fcdischen Barockmusik - Venedig, Mantua, Amsterdam (1623-1774) - Institut Europ\u00e9en des Musiques Juives","isPartOf":{"@id":"https:\/\/www.iemj.org\/de\/#website"},"primaryImageOfPage":{"@id":"https:\/\/www.iemj.org\/de\/concert-musiques-juives-baroques\/#primaryimage"},"image":{"@id":"https:\/\/www.iemj.org\/de\/concert-musiques-juives-baroques\/#primaryimage"},"thumbnailUrl":"https:\/\/www.iemj.org\/wp-content\/uploads\/2018\/02\/arton3196-e1618076060610.jpg","datePublished":"2010-05-20T14:38:00+00:00","dateModified":"2025-08-21T15:13:29+00:00","breadcrumb":{"@id":"https:\/\/www.iemj.org\/de\/concert-musiques-juives-baroques\/#breadcrumb"},"inLanguage":"de","potentialAction":[{"@type":"ReadAction","target":["https:\/\/www.iemj.org\/de\/concert-musiques-juives-baroques\/"]}]},{"@type":"ImageObject","inLanguage":"de","@id":"https:\/\/www.iemj.org\/de\/concert-musiques-juives-baroques\/#primaryimage","url":"https:\/\/www.iemj.org\/wp-content\/uploads\/2018\/02\/arton3196-e1618076060610.jpg","contentUrl":"https:\/\/www.iemj.org\/wp-content\/uploads\/2018\/02\/arton3196-e1618076060610.jpg","width":350,"height":191},{"@type":"BreadcrumbList","@id":"https:\/\/www.iemj.org\/de\/concert-musiques-juives-baroques\/#breadcrumb","itemListElement":[{"@type":"ListItem","position":1,"name":"Accueil","item":"https:\/\/www.iemj.org\/de\/"},{"@type":"ListItem","position":2,"name":"Konzert der j\u00fcdischen Barockmusik &#8211; Venedig, Mantua, Amsterdam (1623-1774)"}]},{"@type":"WebSite","@id":"https:\/\/www.iemj.org\/de\/#website","url":"https:\/\/www.iemj.org\/de\/","name":"Institut Europ\u00e9en des Musiques Juives","description":"Des traditions musicales \u00e0 la port\u00e9e de tous","publisher":{"@id":"https:\/\/www.iemj.org\/de\/#organization"},"potentialAction":[{"@type":"SearchAction","target":{"@type":"EntryPoint","urlTemplate":"https:\/\/www.iemj.org\/de\/?s={search_term_string}"},"query-input":{"@type":"PropertyValueSpecification","valueRequired":true,"valueName":"search_term_string"}}],"inLanguage":"de"},{"@type":"Organization","@id":"https:\/\/www.iemj.org\/de\/#organization","name":"Institut Europ\u00e9en des Musiques Juives","url":"https:\/\/www.iemj.org\/de\/","logo":{"@type":"ImageObject","inLanguage":"de","@id":"https:\/\/www.iemj.org\/de\/#\/schema\/logo\/image\/","url":"https:\/\/www.iemj.org\/wp-content\/uploads\/2021\/09\/Logo-IEMJ-Paypal.jpg","contentUrl":"https:\/\/www.iemj.org\/wp-content\/uploads\/2021\/09\/Logo-IEMJ-Paypal.jpg","width":150,"height":50,"caption":"Institut Europ\u00e9en des Musiques Juives"},"image":{"@id":"https:\/\/www.iemj.org\/de\/#\/schema\/logo\/image\/"},"sameAs":["https:\/\/www.facebook.com\/MusiquesJuives\/","https:\/\/www.instagram.com\/musiquesjuives\/","https:\/\/www.youtube.com\/user\/musiquesjuives"]},{"@type":"Person","@id":"https:\/\/www.iemj.org\/de\/#\/schema\/person\/e2ad57f2c4be119c7ed8ab79036807a9","name":"Lea Couderc","image":{"@type":"ImageObject","inLanguage":"de","@id":"https:\/\/secure.gravatar.com\/avatar\/46ee021475d60aeff17a7e490b79dea5a5684bb392ab7fd1494027411df8ba23?s=96&d=mm&r=g","url":"https:\/\/secure.gravatar.com\/avatar\/46ee021475d60aeff17a7e490b79dea5a5684bb392ab7fd1494027411df8ba23?s=96&d=mm&r=g","contentUrl":"https:\/\/secure.gravatar.com\/avatar\/46ee021475d60aeff17a7e490b79dea5a5684bb392ab7fd1494027411df8ba23?s=96&d=mm&r=g","caption":"Lea Couderc"}}]}},"_links":{"self":[{"href":"https:\/\/www.iemj.org\/de\/wp-json\/wp\/v2\/posts\/50088","targetHints":{"allow":["GET"]}}],"collection":[{"href":"https:\/\/www.iemj.org\/de\/wp-json\/wp\/v2\/posts"}],"about":[{"href":"https:\/\/www.iemj.org\/de\/wp-json\/wp\/v2\/types\/post"}],"author":[{"embeddable":true,"href":"https:\/\/www.iemj.org\/de\/wp-json\/wp\/v2\/users\/1052"}],"replies":[{"embeddable":true,"href":"https:\/\/www.iemj.org\/de\/wp-json\/wp\/v2\/comments?post=50088"}],"version-history":[{"count":0,"href":"https:\/\/www.iemj.org\/de\/wp-json\/wp\/v2\/posts\/50088\/revisions"}],"wp:featuredmedia":[{"embeddable":true,"href":"https:\/\/www.iemj.org\/de\/wp-json\/wp\/v2\/media\/50089"}],"wp:attachment":[{"href":"https:\/\/www.iemj.org\/de\/wp-json\/wp\/v2\/media?parent=50088"}],"wp:term":[{"taxonomy":"category","embeddable":true,"href":"https:\/\/www.iemj.org\/de\/wp-json\/wp\/v2\/categories?post=50088"},{"taxonomy":"post_tag","embeddable":true,"href":"https:\/\/www.iemj.org\/de\/wp-json\/wp\/v2\/tags?post=50088"},{"taxonomy":"technique","embeddable":true,"href":"https:\/\/www.iemj.org\/de\/wp-json\/wp\/v2\/technique?post=50088"},{"taxonomy":"squelettes","embeddable":true,"href":"https:\/\/www.iemj.org\/de\/wp-json\/wp\/v2\/squelettes?post=50088"},{"taxonomy":"sujet","embeddable":true,"href":"https:\/\/www.iemj.org\/de\/wp-json\/wp\/v2\/sujet?post=50088"},{"taxonomy":"formation","embeddable":true,"href":"https:\/\/www.iemj.org\/de\/wp-json\/wp\/v2\/formation?post=50088"},{"taxonomy":"genre","embeddable":true,"href":"https:\/\/www.iemj.org\/de\/wp-json\/wp\/v2\/genre?post=50088"},{"taxonomy":"fonds","embeddable":true,"href":"https:\/\/www.iemj.org\/de\/wp-json\/wp\/v2\/fonds?post=50088"},{"taxonomy":"tradition","embeddable":true,"href":"https:\/\/www.iemj.org\/de\/wp-json\/wp\/v2\/tradition?post=50088"},{"taxonomy":"type-de-contenu","embeddable":true,"href":"https:\/\/www.iemj.org\/de\/wp-json\/wp\/v2\/type-de-contenu?post=50088"},{"taxonomy":"interprete-compositeur","embeddable":true,"href":"https:\/\/www.iemj.org\/de\/wp-json\/wp\/v2\/interprete-compositeur?post=50088"},{"taxonomy":"frise","embeddable":true,"href":"https:\/\/www.iemj.org\/de\/wp-json\/wp\/v2\/frise?post=50088"},{"taxonomy":"type-devenement","embeddable":true,"href":"https:\/\/www.iemj.org\/de\/wp-json\/wp\/v2\/type-devenement?post=50088"},{"taxonomy":"tableaux-liens-externes","embeddable":true,"href":"https:\/\/www.iemj.org\/de\/wp-json\/wp\/v2\/tableaux-liens-externes?post=50088"}],"curies":[{"name":"wp","href":"https:\/\/api.w.org\/{rel}","templated":true}]}}